{"id":8517,"date":"2025-10-16T10:39:33","date_gmt":"2025-10-16T08:39:33","guid":{"rendered":"https:\/\/www.strassenweb.de\/nachrichten\/auf-wiedersehen-millennial-grey-kris-jenner-greift-den-boomer-brown-trend-auf-den-designer-fuer-2026-bevorzugen\/"},"modified":"2025-10-16T10:39:38","modified_gmt":"2025-10-16T08:39:38","slug":"auf-wiedersehen-millennial-grey-kris-jenner-greift-den-boomer-brown-trend-auf-den-designer-fuer-2026-bevorzugen","status":"publish","type":"post","link":"https:\/\/www.strassenweb.de\/nachrichten\/auf-wiedersehen-millennial-grey-kris-jenner-greift-den-boomer-brown-trend-auf-den-designer-fuer-2026-bevorzugen\/","title":{"rendered":"Auf Wiedersehen \u201eMillennial Grey\u201c \u2013 Kris Jenner greift den \u201eBoomer Brown\u201c-Trend auf, den Designer f\u00fcr 2026 bevorzugen"},"content":{"rendered":"<p><\/p>\n<div id=\"article-body\" class=\"article__body \">\n<p id=\"0d22adfb-bc51-4b8b-9163-0905b5948290\">Kris Jenner ist f\u00fcr ihre Alterslosigkeit bekannt \u2013 nicht nur in ihrem Aussehen, sondern auch in ihrem Designansatz. Das Hidden Hills-Haus des Prominenten ist ein modernes Bauernhaus-Meisterwerk mit Elementen von organischem Luxus. Obwohl es zeitlos wirkt, integriert sie Spritzer aktueller Trends, um es interessant zu halten.<\/p>\n<div id=\"ad-unit-1\" class=\"ad-unit\"><\/div>\n<p>Ein atemberaubendes Beispiel haben wir im Hintergrund eines aktuellen Instagram-Posts von Kris gesehen, in dem ein dunkles h\u00f6lzernes B\u00fccherregal mit antiken B\u00fcchern zu sehen ist. Fr\u00fcher mag man das Design als zu traditionell bezeichnet haben, aber jetzt sagen Dekorateure, dass die wundersch\u00f6ne braune Farbe Grau ersetzt. Sie nennen es \u201eBoomer Brown\u201c.<\/p>\n<aside data-block-type=\"embed\" data-render-type=\"fte\" data-skip=\"dealsy\" data-widget-type=\"seasonal\" class=\"hawk-root\"><\/aside>\n<p id=\"0d22adfb-bc51-4b8b-9163-0905b5948290-2\" class=\"paywall\" aria-hidden=\"true\">Charlotte Ford, Innenarchitektin bei Ruggable, erkl\u00e4rt den Innendesign-Trend wie folgt: \u201eBoomerbraun ist ein Begriff, der die Wiedereinf\u00fchrung von Holz und traditionelleren Stilen im Zuhause beschreibt.\u201c \u201eDiese Wiedereinf\u00fchrung von Braun erfolgt zu einer Zeit, in der immer mehr Menschen nach Vintage- und Antiquit\u00e4tenst\u00fccken suchen, um ihr Zuhause zu dekorieren, anstatt neue, moderne M\u00f6bel in ged\u00e4mpften Graut\u00f6nen zu kaufen.\u201c<\/p>\n<div class=\"van_vid_carousel\">\n<div class=\"van_vid_carousel__padding\">\n<div class=\"van_vid_carousel__container\"><\/div>\n<\/div>\n<\/div>\n<div class=\"instagram-embed\" id=\"DPR4sljEohF\">\n<blockquote class=\"instagram-media\" data-instgrm-captioned data-instgrm-version=\"6\" style=\"width:99.375%; width:-webkit-calc(100% - 2px); width:calc(100% - 2px);\">\n<p>Ein von Kris Jenner (@krisjenner) geteilter Beitrag<\/p>\n<p>Ein Foto gepostet von am <\/p>\n<\/blockquote>\n<\/div>\n<p id=\"762efe00-5df5-4a79-af25-2752e0cab137\">Was ist also der beste Weg, um mit Braun zeitlos zu dekorieren, so wie Kris es getan hat? Experten sagen, dass es darauf ankommt, wie es arrangiert wird. \u201eBraunes Holz muss sorgf\u00e4ltig gestylt werden, um im Zuhause eine Wirkung zu erzielen \u2013 und das gelingt am besten mit Accessoires\u201c, r\u00e4t Charlotte.<\/p>\n<div id=\"ad-unit-2\" class=\"ad-unit\"><\/div>\n<p>Sie wiederholt die Lektion in Kris\u2018 Raum und erkl\u00e4rt: \u201eEine M\u00f6glichkeit, Ihre braunen Holzm\u00f6bel zu stylen, sind B\u00fccher.\u201c Ob farbenfrohe Couchtischb\u00fccher oder Holzregale mit Ihren Lieblingsklassikern \u2013 B\u00fccher bringen ein Gef\u00fchl Ihrer Pers\u00f6nlichkeit in Ihr Zuhause und eignen sich auch hervorragend, um das Vintage-Feeling zu vermitteln, das der Millennial-Brauntrend garantiert.\u201c<\/p>\n<h3 class=\"article-body__section\" id=\"section-shop-kris-s-look-at-home\"><span>Kaufen Sie Kris&#8216; Look at Home<\/span><\/h3>\n<p id=\"bfdf47a8-be06-49b1-9a72-a90d471e9e70\">Gl\u00fccklicherweise gibt es eine schier endlose Liste an Gegenst\u00e4nden, mit denen Sie Ihr Zuhause wundersch\u00f6n mit Braun dekorieren k\u00f6nnen. Wie in Kris\u2018 Wohnzimmer zu sehen ist, ist ein hohes, schmales B\u00fccherregal aus Holz (wie dieses von Wayfair) ein guter Ausgangspunkt. Hier sind einige unserer Redakteur-Tipps der besten braunen M\u00f6bel auf dem Markt.<\/p>\n<div class=\"product-container hero-product-container product-block-no-wrap\">\n<div class=\"product-block-row\"><\/div>\n<div class=\"product-block-row\"><\/div>\n<div class=\"product-block-row\"><\/div>\n<\/div>\n<p id=\"39cadd23-0843-4bb6-b009-c92f9bce412a\">Vielleicht sind Sie nicht der Buchtyp; Das hei\u00dft aber nicht, dass Sie Braunt\u00f6ne und dunkle H\u00f6lzer in Ihrem Zuhause nicht sch\u00f6n stylen k\u00f6nnen.<\/p>\n<div id=\"slice-container-newsletterForm-articleInbodyContent-7PAnedHxZa48V2EBmhjTji\" class=\"slice-container newsletter-inbodyContent-slice newsletterForm-articleInbodyContent-7PAnedHxZa48V2EBmhjTji slice-container-newsletterForm\"><\/div>\n<p>Charlotte schl\u00e4gt vor, mit Antiquit\u00e4ten und Vintage-St\u00fccken zu dekorieren. Sie erkl\u00e4rt: \u201eDie Gestaltung Ihres Zuhauses ist einzigartig f\u00fcr Sie. Wenn Sie also Akzente setzen, die Ihre Pers\u00f6nlichkeit widerspiegeln, holen Sie immer das Beste aus dem Trend heraus, dem Sie folgen. \u201eTraditionelle Teppiche eignen sich hervorragend, um Ihrem Raum ein Vintage-Feeling zu verleihen, und es gibt so viele auf dem Markt, die eine eklektische Mischung aus Alt und Neu darstellen.\u201c<\/p>\n<hr id=\"e1f9ac44-1c06-4ab6-90e1-4d3bc57147bb\">\n<p id=\"cb0baea3-0bf1-451b-8c9c-0754ede29a86\">W\u00e4rme, Textur und Sch\u00f6nheit werden immer in Mode sein, und satte Braunt\u00f6ne verk\u00f6rpern diese Attribute perfekt. Der \u00e4u\u00dferst vielseitige Look ist die perfekte M\u00f6glichkeit, Ihr Interieur in diesem Herbst zu beleben.<\/p>\n<div class=\"min-h-(270px) mb-4 viafoura-twig-component\" id=\"viafoura-engagement-starter-wrapper\" data-component-name=\"Elk:Embed:EngagementStarter\">\n<div class=\"viafoura\">\n<div>\n<vf-conversation-starter target=\"viafoura-comments\" title=\"What do you think of Kris's take on brown wood?\" description=\"Would you style 'boomer brown' in your home?\" minimum-comment-count=\"5\"><br \/>\n<\/vf-conversation-starter>\n<\/div>\n<\/div>\n<\/div>\n<div class=\"block\" id=\"articleTag\" data-component-name=\"PostArticleLinks\">\n<div class=\"border-b border-b-black border-solid py-2.5 text-black font-bold uppercase\">THEMEN<\/div>\n<nav class=\"py-2.5 flex gap-2.5 flex-wrap\" data-analytics-id=\"article-tag\">\n<p>Kris Jenner<\/p>\n<\/nav>\n<\/div>\n<\/div>\n<p><script async src=\"\/\/www.instagram.com\/embed.js\"><\/script><\/p>\n","protected":false},"excerpt":{"rendered":"<p>Kris Jenner ist f\u00fcr ihre Alterslosigkeit bekannt \u2013 nicht nur in ihrem Aussehen, sondern auch in ihrem Designansatz. Das Hidden Hills-Haus des Prominenten ist ein<\/p>\n","protected":false},"author":1,"featured_media":8518,"comment_status":"closed","ping_status":"","sticky":false,"template":"","format":"standard","meta":{"footnotes":""},"categories":[118],"tags":[46,10847,10845,10846,78,216,55,305,3300,2927,2926,10844,7845],"class_list":["post-8517","post","type-post","status-publish","format-standard","has-post-thumbnail","hentry","category-haus-garten","tag-auf","tag-bevorzugen","tag-boomer","tag-browntrend","tag-den","tag-designer","tag-fuer","tag-greift","tag-grey","tag-jenner","tag-kris","tag-millennial","tag-wiedersehen","generate-columns","tablet-grid-50","mobile-grid-100","grid-parent","grid-50"],"yoast_head":"<!-- This site is optimized with the Yoast SEO plugin v27.3 - https:\/\/yoast.com\/product\/yoast-seo-wordpress\/ -->\n<title>Auf Wiedersehen \u201eMillennial Grey\u201c \u2013 Kris Jenner greift den \u201eBoomer Brown\u201c-Trend auf, den Designer f\u00fcr 2026 bevorzugen - Nachrichten - Stra\u00dfenweb<\/title>\n<meta name=\"robots\" content=\"index, follow, max-snippet:-1, max-image-preview:large, max-video-preview:-1\" \/>\n<link rel=\"canonical\" href=\"https:\/\/www.strassenweb.de\/nachrichten\/auf-wiedersehen-millennial-grey-kris-jenner-greift-den-boomer-brown-trend-auf-den-designer-fuer-2026-bevorzugen\/\" \/>\n<meta property=\"og:locale\" content=\"de_DE\" \/>\n<meta property=\"og:type\" content=\"article\" \/>\n<meta property=\"og:title\" content=\"Auf Wiedersehen \u201eMillennial Grey\u201c \u2013 Kris Jenner greift den \u201eBoomer Brown\u201c-Trend auf, den Designer f\u00fcr 2026 bevorzugen - Nachrichten - Stra\u00dfenweb\" \/>\n<meta property=\"og:description\" content=\"Kris Jenner ist f\u00fcr ihre Alterslosigkeit bekannt \u2013 nicht nur in ihrem Aussehen, sondern auch in ihrem Designansatz. Das Hidden Hills-Haus des Prominenten ist ein\" \/>\n<meta property=\"og:url\" content=\"https:\/\/www.strassenweb.de\/nachrichten\/auf-wiedersehen-millennial-grey-kris-jenner-greift-den-boomer-brown-trend-auf-den-designer-fuer-2026-bevorzugen\/\" \/>\n<meta property=\"og:site_name\" content=\"Stra\u00dfenweb\" \/>\n<meta property=\"article:publisher\" content=\"https:\/\/www.facebook.com\/strassenweb\/\" \/>\n<meta property=\"article:published_time\" content=\"2025-10-16T08:39:33+00:00\" \/>\n<meta property=\"article:modified_time\" content=\"2025-10-16T08:39:38+00:00\" \/>\n<meta property=\"og:image\" content=\"https:\/\/www.strassenweb.de\/nachrichten\/wp-content\/uploads\/2025\/10\/Auf-Wiedersehen-\u201eMillennial-Grey-\u2013-Kris-Jenner-greift-den-\u201eBoomer.jpg\" \/>\n\t<meta property=\"og:image:width\" content=\"1600\" \/>\n\t<meta property=\"og:image:height\" content=\"900\" \/>\n\t<meta property=\"og:image:type\" content=\"image\/jpeg\" \/>\n<meta name=\"author\" content=\"Robert Hoffmann\" \/>\n<meta name=\"twitter:card\" content=\"summary_large_image\" \/>\n<meta name=\"twitter:label1\" content=\"Verfasst von\" \/>\n\t<meta name=\"twitter:data1\" content=\"Robert Hoffmann\" \/>\n\t<meta name=\"twitter:label2\" content=\"Gesch\u00e4tzte Lesezeit\" \/>\n\t<meta name=\"twitter:data2\" content=\"2\u00a0Minuten\" \/>\n<script type=\"application\/ld+json\" class=\"yoast-schema-graph\">{\"@context\":\"https:\\\/\\\/schema.org\",\"@graph\":[{\"@type\":\"Article\",\"@id\":\"https:\\\/\\\/www.strassenweb.de\\\/nachrichten\\\/auf-wiedersehen-millennial-grey-kris-jenner-greift-den-boomer-brown-trend-auf-den-designer-fuer-2026-bevorzugen\\\/#article\",\"isPartOf\":{\"@id\":\"https:\\\/\\\/www.strassenweb.de\\\/nachrichten\\\/auf-wiedersehen-millennial-grey-kris-jenner-greift-den-boomer-brown-trend-auf-den-designer-fuer-2026-bevorzugen\\\/\"},\"author\":{\"name\":\"Robert Hoffmann\",\"@id\":\"https:\\\/\\\/www.strassenweb.de\\\/nachrichten\\\/#\\\/schema\\\/person\\\/87c9c9067f1211da429a744dc5a5aa41\"},\"headline\":\"Auf Wiedersehen \u201eMillennial Grey\u201c \u2013 Kris Jenner greift den \u201eBoomer Brown\u201c-Trend auf, den Designer f\u00fcr 2026 bevorzugen\",\"datePublished\":\"2025-10-16T08:39:33+00:00\",\"dateModified\":\"2025-10-16T08:39:38+00:00\",\"mainEntityOfPage\":{\"@id\":\"https:\\\/\\\/www.strassenweb.de\\\/nachrichten\\\/auf-wiedersehen-millennial-grey-kris-jenner-greift-den-boomer-brown-trend-auf-den-designer-fuer-2026-bevorzugen\\\/\"},\"wordCount\":512,\"publisher\":{\"@id\":\"https:\\\/\\\/www.strassenweb.de\\\/nachrichten\\\/#organization\"},\"image\":{\"@id\":\"https:\\\/\\\/www.strassenweb.de\\\/nachrichten\\\/auf-wiedersehen-millennial-grey-kris-jenner-greift-den-boomer-brown-trend-auf-den-designer-fuer-2026-bevorzugen\\\/#primaryimage\"},\"thumbnailUrl\":\"https:\\\/\\\/www.strassenweb.de\\\/nachrichten\\\/wp-content\\\/uploads\\\/2025\\\/10\\\/Auf-Wiedersehen-\u201eMillennial-Grey-\u2013-Kris-Jenner-greift-den-\u201eBoomer.jpg\",\"keywords\":[\"auf\",\"bevorzugen\",\"Boomer\",\"BrownTrend\",\"den\",\"Designer\",\"f\u00fcr\",\"greift\",\"Grey\",\"Jenner\",\"Kris\",\"Millennial\",\"Wiedersehen\"],\"articleSection\":[\"Haus &amp; Garten\"],\"inLanguage\":\"de\"},{\"@type\":\"WebPage\",\"@id\":\"https:\\\/\\\/www.strassenweb.de\\\/nachrichten\\\/auf-wiedersehen-millennial-grey-kris-jenner-greift-den-boomer-brown-trend-auf-den-designer-fuer-2026-bevorzugen\\\/\",\"url\":\"https:\\\/\\\/www.strassenweb.de\\\/nachrichten\\\/auf-wiedersehen-millennial-grey-kris-jenner-greift-den-boomer-brown-trend-auf-den-designer-fuer-2026-bevorzugen\\\/\",\"name\":\"Auf Wiedersehen \u201eMillennial Grey\u201c \u2013 Kris Jenner greift den \u201eBoomer Brown\u201c-Trend auf, den Designer f\u00fcr 2026 bevorzugen - Nachrichten - Stra\u00dfenweb\",\"isPartOf\":{\"@id\":\"https:\\\/\\\/www.strassenweb.de\\\/nachrichten\\\/#website\"},\"primaryImageOfPage\":{\"@id\":\"https:\\\/\\\/www.strassenweb.de\\\/nachrichten\\\/auf-wiedersehen-millennial-grey-kris-jenner-greift-den-boomer-brown-trend-auf-den-designer-fuer-2026-bevorzugen\\\/#primaryimage\"},\"image\":{\"@id\":\"https:\\\/\\\/www.strassenweb.de\\\/nachrichten\\\/auf-wiedersehen-millennial-grey-kris-jenner-greift-den-boomer-brown-trend-auf-den-designer-fuer-2026-bevorzugen\\\/#primaryimage\"},\"thumbnailUrl\":\"https:\\\/\\\/www.strassenweb.de\\\/nachrichten\\\/wp-content\\\/uploads\\\/2025\\\/10\\\/Auf-Wiedersehen-\u201eMillennial-Grey-\u2013-Kris-Jenner-greift-den-\u201eBoomer.jpg\",\"datePublished\":\"2025-10-16T08:39:33+00:00\",\"dateModified\":\"2025-10-16T08:39:38+00:00\",\"breadcrumb\":{\"@id\":\"https:\\\/\\\/www.strassenweb.de\\\/nachrichten\\\/auf-wiedersehen-millennial-grey-kris-jenner-greift-den-boomer-brown-trend-auf-den-designer-fuer-2026-bevorzugen\\\/#breadcrumb\"},\"inLanguage\":\"de\",\"potentialAction\":[{\"@type\":\"ReadAction\",\"target\":[\"https:\\\/\\\/www.strassenweb.de\\\/nachrichten\\\/auf-wiedersehen-millennial-grey-kris-jenner-greift-den-boomer-brown-trend-auf-den-designer-fuer-2026-bevorzugen\\\/\"]}]},{\"@type\":\"ImageObject\",\"inLanguage\":\"de\",\"@id\":\"https:\\\/\\\/www.strassenweb.de\\\/nachrichten\\\/auf-wiedersehen-millennial-grey-kris-jenner-greift-den-boomer-brown-trend-auf-den-designer-fuer-2026-bevorzugen\\\/#primaryimage\",\"url\":\"https:\\\/\\\/www.strassenweb.de\\\/nachrichten\\\/wp-content\\\/uploads\\\/2025\\\/10\\\/Auf-Wiedersehen-\u201eMillennial-Grey-\u2013-Kris-Jenner-greift-den-\u201eBoomer.jpg\",\"contentUrl\":\"https:\\\/\\\/www.strassenweb.de\\\/nachrichten\\\/wp-content\\\/uploads\\\/2025\\\/10\\\/Auf-Wiedersehen-\u201eMillennial-Grey-\u2013-Kris-Jenner-greift-den-\u201eBoomer.jpg\",\"width\":1600,\"height\":900,\"caption\":\"Emma McIntyre\\\/Getty Images for MTV\"},{\"@type\":\"BreadcrumbList\",\"@id\":\"https:\\\/\\\/www.strassenweb.de\\\/nachrichten\\\/auf-wiedersehen-millennial-grey-kris-jenner-greift-den-boomer-brown-trend-auf-den-designer-fuer-2026-bevorzugen\\\/#breadcrumb\",\"itemListElement\":[{\"@type\":\"ListItem\",\"position\":1,\"name\":\"Home\",\"item\":\"https:\\\/\\\/www.strassenweb.de\\\/nachrichten\\\/\"},{\"@type\":\"ListItem\",\"position\":2,\"name\":\"Auf Wiedersehen \u201eMillennial Grey\u201c \u2013 Kris Jenner greift den \u201eBoomer Brown\u201c-Trend auf, den Designer f\u00fcr 2026 bevorzugen\"}]},{\"@type\":\"WebSite\",\"@id\":\"https:\\\/\\\/www.strassenweb.de\\\/nachrichten\\\/#website\",\"url\":\"https:\\\/\\\/www.strassenweb.de\\\/nachrichten\\\/\",\"name\":\"Stra\u00dfenweb\",\"description\":\"Stra\u00dfenverzeichnis f\u00fcr Deutschland\",\"publisher\":{\"@id\":\"https:\\\/\\\/www.strassenweb.de\\\/nachrichten\\\/#organization\"},\"potentialAction\":[{\"@type\":\"SearchAction\",\"target\":{\"@type\":\"EntryPoint\",\"urlTemplate\":\"https:\\\/\\\/www.strassenweb.de\\\/nachrichten\\\/?s={search_term_string}\"},\"query-input\":{\"@type\":\"PropertyValueSpecification\",\"valueRequired\":true,\"valueName\":\"search_term_string\"}}],\"inLanguage\":\"de\"},{\"@type\":\"Organization\",\"@id\":\"https:\\\/\\\/www.strassenweb.de\\\/nachrichten\\\/#organization\",\"name\":\"Stra\u00dfenweb\",\"url\":\"https:\\\/\\\/www.strassenweb.de\\\/nachrichten\\\/\",\"logo\":{\"@type\":\"ImageObject\",\"inLanguage\":\"de\",\"@id\":\"https:\\\/\\\/www.strassenweb.de\\\/nachrichten\\\/#\\\/schema\\\/logo\\\/image\\\/\",\"url\":\"https:\\\/\\\/www.strassenweb.de\\\/nachrichten\\\/wp-content\\\/uploads\\\/2024\\\/09\\\/cropped-favicon.png\",\"contentUrl\":\"https:\\\/\\\/www.strassenweb.de\\\/nachrichten\\\/wp-content\\\/uploads\\\/2024\\\/09\\\/cropped-favicon.png\",\"width\":512,\"height\":512,\"caption\":\"Stra\u00dfenweb\"},\"image\":{\"@id\":\"https:\\\/\\\/www.strassenweb.de\\\/nachrichten\\\/#\\\/schema\\\/logo\\\/image\\\/\"},\"sameAs\":[\"https:\\\/\\\/www.facebook.com\\\/strassenweb\\\/\"]},{\"@type\":\"Person\",\"@id\":\"https:\\\/\\\/www.strassenweb.de\\\/nachrichten\\\/#\\\/schema\\\/person\\\/87c9c9067f1211da429a744dc5a5aa41\",\"name\":\"Robert Hoffmann\",\"image\":{\"@type\":\"ImageObject\",\"inLanguage\":\"de\",\"@id\":\"https:\\\/\\\/www.strassenweb.de\\\/nachrichten\\\/wp-content\\\/uploads\\\/2024\\\/09\\\/strassenweb-150x150.jpg\",\"url\":\"https:\\\/\\\/www.strassenweb.de\\\/nachrichten\\\/wp-content\\\/uploads\\\/2024\\\/09\\\/strassenweb-150x150.jpg\",\"contentUrl\":\"https:\\\/\\\/www.strassenweb.de\\\/nachrichten\\\/wp-content\\\/uploads\\\/2024\\\/09\\\/strassenweb-150x150.jpg\",\"caption\":\"Robert Hoffmann\"},\"description\":\"Ich hei\u00dfe Robert Hoffmann und ich bin ein leidenschaftlicher Verfechter von \u00d6kologie und Biodiversit\u00e4t. Seit meiner Kindheit in den W\u00e4ldern Bayerns f\u00fchle ich mich mit der Natur verbunden und bin entschlossen, sie zu sch\u00fctzen. Heute widme ich mein Leben der Sensibilisierung anderer f\u00fcr die Bedeutung des Umweltschutzes f\u00fcr zuk\u00fcnftige Generationen.\",\"sameAs\":[\"https:\\\/\\\/www.strassenweb.de\\\/\"]}]}<\/script>\n<!-- \/ Yoast SEO plugin. -->","yoast_head_json":{"title":"Auf Wiedersehen \u201eMillennial Grey\u201c \u2013 Kris Jenner greift den \u201eBoomer Brown\u201c-Trend auf, den Designer f\u00fcr 2026 bevorzugen - Nachrichten - Stra\u00dfenweb","robots":{"index":"index","follow":"follow","max-snippet":"max-snippet:-1","max-image-preview":"max-image-preview:large","max-video-preview":"max-video-preview:-1"},"canonical":"https:\/\/www.strassenweb.de\/nachrichten\/auf-wiedersehen-millennial-grey-kris-jenner-greift-den-boomer-brown-trend-auf-den-designer-fuer-2026-bevorzugen\/","og_locale":"de_DE","og_type":"article","og_title":"Auf Wiedersehen \u201eMillennial Grey\u201c \u2013 Kris Jenner greift den \u201eBoomer Brown\u201c-Trend auf, den Designer f\u00fcr 2026 bevorzugen - Nachrichten - Stra\u00dfenweb","og_description":"Kris Jenner ist f\u00fcr ihre Alterslosigkeit bekannt \u2013 nicht nur in ihrem Aussehen, sondern auch in ihrem Designansatz. Das Hidden Hills-Haus des Prominenten ist ein","og_url":"https:\/\/www.strassenweb.de\/nachrichten\/auf-wiedersehen-millennial-grey-kris-jenner-greift-den-boomer-brown-trend-auf-den-designer-fuer-2026-bevorzugen\/","og_site_name":"Stra\u00dfenweb","article_publisher":"https:\/\/www.facebook.com\/strassenweb\/","article_published_time":"2025-10-16T08:39:33+00:00","article_modified_time":"2025-10-16T08:39:38+00:00","og_image":[{"width":1600,"height":900,"url":"https:\/\/www.strassenweb.de\/nachrichten\/wp-content\/uploads\/2025\/10\/Auf-Wiedersehen-\u201eMillennial-Grey-\u2013-Kris-Jenner-greift-den-\u201eBoomer.jpg","type":"image\/jpeg"}],"author":"Robert Hoffmann","twitter_card":"summary_large_image","twitter_misc":{"Verfasst von":"Robert Hoffmann","Gesch\u00e4tzte Lesezeit":"2\u00a0Minuten"},"schema":{"@context":"https:\/\/schema.org","@graph":[{"@type":"Article","@id":"https:\/\/www.strassenweb.de\/nachrichten\/auf-wiedersehen-millennial-grey-kris-jenner-greift-den-boomer-brown-trend-auf-den-designer-fuer-2026-bevorzugen\/#article","isPartOf":{"@id":"https:\/\/www.strassenweb.de\/nachrichten\/auf-wiedersehen-millennial-grey-kris-jenner-greift-den-boomer-brown-trend-auf-den-designer-fuer-2026-bevorzugen\/"},"author":{"name":"Robert Hoffmann","@id":"https:\/\/www.strassenweb.de\/nachrichten\/#\/schema\/person\/87c9c9067f1211da429a744dc5a5aa41"},"headline":"Auf Wiedersehen \u201eMillennial Grey\u201c \u2013 Kris Jenner greift den \u201eBoomer Brown\u201c-Trend auf, den Designer f\u00fcr 2026 bevorzugen","datePublished":"2025-10-16T08:39:33+00:00","dateModified":"2025-10-16T08:39:38+00:00","mainEntityOfPage":{"@id":"https:\/\/www.strassenweb.de\/nachrichten\/auf-wiedersehen-millennial-grey-kris-jenner-greift-den-boomer-brown-trend-auf-den-designer-fuer-2026-bevorzugen\/"},"wordCount":512,"publisher":{"@id":"https:\/\/www.strassenweb.de\/nachrichten\/#organization"},"image":{"@id":"https:\/\/www.strassenweb.de\/nachrichten\/auf-wiedersehen-millennial-grey-kris-jenner-greift-den-boomer-brown-trend-auf-den-designer-fuer-2026-bevorzugen\/#primaryimage"},"thumbnailUrl":"https:\/\/www.strassenweb.de\/nachrichten\/wp-content\/uploads\/2025\/10\/Auf-Wiedersehen-\u201eMillennial-Grey-\u2013-Kris-Jenner-greift-den-\u201eBoomer.jpg","keywords":["auf","bevorzugen","Boomer","BrownTrend","den","Designer","f\u00fcr","greift","Grey","Jenner","Kris","Millennial","Wiedersehen"],"articleSection":["Haus &amp; Garten"],"inLanguage":"de"},{"@type":"WebPage","@id":"https:\/\/www.strassenweb.de\/nachrichten\/auf-wiedersehen-millennial-grey-kris-jenner-greift-den-boomer-brown-trend-auf-den-designer-fuer-2026-bevorzugen\/","url":"https:\/\/www.strassenweb.de\/nachrichten\/auf-wiedersehen-millennial-grey-kris-jenner-greift-den-boomer-brown-trend-auf-den-designer-fuer-2026-bevorzugen\/","name":"Auf Wiedersehen \u201eMillennial Grey\u201c \u2013 Kris Jenner greift den \u201eBoomer Brown\u201c-Trend auf, den Designer f\u00fcr 2026 bevorzugen - Nachrichten - Stra\u00dfenweb","isPartOf":{"@id":"https:\/\/www.strassenweb.de\/nachrichten\/#website"},"primaryImageOfPage":{"@id":"https:\/\/www.strassenweb.de\/nachrichten\/auf-wiedersehen-millennial-grey-kris-jenner-greift-den-boomer-brown-trend-auf-den-designer-fuer-2026-bevorzugen\/#primaryimage"},"image":{"@id":"https:\/\/www.strassenweb.de\/nachrichten\/auf-wiedersehen-millennial-grey-kris-jenner-greift-den-boomer-brown-trend-auf-den-designer-fuer-2026-bevorzugen\/#primaryimage"},"thumbnailUrl":"https:\/\/www.strassenweb.de\/nachrichten\/wp-content\/uploads\/2025\/10\/Auf-Wiedersehen-\u201eMillennial-Grey-\u2013-Kris-Jenner-greift-den-\u201eBoomer.jpg","datePublished":"2025-10-16T08:39:33+00:00","dateModified":"2025-10-16T08:39:38+00:00","breadcrumb":{"@id":"https:\/\/www.strassenweb.de\/nachrichten\/auf-wiedersehen-millennial-grey-kris-jenner-greift-den-boomer-brown-trend-auf-den-designer-fuer-2026-bevorzugen\/#breadcrumb"},"inLanguage":"de","potentialAction":[{"@type":"ReadAction","target":["https:\/\/www.strassenweb.de\/nachrichten\/auf-wiedersehen-millennial-grey-kris-jenner-greift-den-boomer-brown-trend-auf-den-designer-fuer-2026-bevorzugen\/"]}]},{"@type":"ImageObject","inLanguage":"de","@id":"https:\/\/www.strassenweb.de\/nachrichten\/auf-wiedersehen-millennial-grey-kris-jenner-greift-den-boomer-brown-trend-auf-den-designer-fuer-2026-bevorzugen\/#primaryimage","url":"https:\/\/www.strassenweb.de\/nachrichten\/wp-content\/uploads\/2025\/10\/Auf-Wiedersehen-\u201eMillennial-Grey-\u2013-Kris-Jenner-greift-den-\u201eBoomer.jpg","contentUrl":"https:\/\/www.strassenweb.de\/nachrichten\/wp-content\/uploads\/2025\/10\/Auf-Wiedersehen-\u201eMillennial-Grey-\u2013-Kris-Jenner-greift-den-\u201eBoomer.jpg","width":1600,"height":900,"caption":"Emma McIntyre\/Getty Images for MTV"},{"@type":"BreadcrumbList","@id":"https:\/\/www.strassenweb.de\/nachrichten\/auf-wiedersehen-millennial-grey-kris-jenner-greift-den-boomer-brown-trend-auf-den-designer-fuer-2026-bevorzugen\/#breadcrumb","itemListElement":[{"@type":"ListItem","position":1,"name":"Home","item":"https:\/\/www.strassenweb.de\/nachrichten\/"},{"@type":"ListItem","position":2,"name":"Auf Wiedersehen \u201eMillennial Grey\u201c \u2013 Kris Jenner greift den \u201eBoomer Brown\u201c-Trend auf, den Designer f\u00fcr 2026 bevorzugen"}]},{"@type":"WebSite","@id":"https:\/\/www.strassenweb.de\/nachrichten\/#website","url":"https:\/\/www.strassenweb.de\/nachrichten\/","name":"Stra\u00dfenweb","description":"Stra\u00dfenverzeichnis f\u00fcr Deutschland","publisher":{"@id":"https:\/\/www.strassenweb.de\/nachrichten\/#organization"},"potentialAction":[{"@type":"SearchAction","target":{"@type":"EntryPoint","urlTemplate":"https:\/\/www.strassenweb.de\/nachrichten\/?s={search_term_string}"},"query-input":{"@type":"PropertyValueSpecification","valueRequired":true,"valueName":"search_term_string"}}],"inLanguage":"de"},{"@type":"Organization","@id":"https:\/\/www.strassenweb.de\/nachrichten\/#organization","name":"Stra\u00dfenweb","url":"https:\/\/www.strassenweb.de\/nachrichten\/","logo":{"@type":"ImageObject","inLanguage":"de","@id":"https:\/\/www.strassenweb.de\/nachrichten\/#\/schema\/logo\/image\/","url":"https:\/\/www.strassenweb.de\/nachrichten\/wp-content\/uploads\/2024\/09\/cropped-favicon.png","contentUrl":"https:\/\/www.strassenweb.de\/nachrichten\/wp-content\/uploads\/2024\/09\/cropped-favicon.png","width":512,"height":512,"caption":"Stra\u00dfenweb"},"image":{"@id":"https:\/\/www.strassenweb.de\/nachrichten\/#\/schema\/logo\/image\/"},"sameAs":["https:\/\/www.facebook.com\/strassenweb\/"]},{"@type":"Person","@id":"https:\/\/www.strassenweb.de\/nachrichten\/#\/schema\/person\/87c9c9067f1211da429a744dc5a5aa41","name":"Robert Hoffmann","image":{"@type":"ImageObject","inLanguage":"de","@id":"https:\/\/www.strassenweb.de\/nachrichten\/wp-content\/uploads\/2024\/09\/strassenweb-150x150.jpg","url":"https:\/\/www.strassenweb.de\/nachrichten\/wp-content\/uploads\/2024\/09\/strassenweb-150x150.jpg","contentUrl":"https:\/\/www.strassenweb.de\/nachrichten\/wp-content\/uploads\/2024\/09\/strassenweb-150x150.jpg","caption":"Robert Hoffmann"},"description":"Ich hei\u00dfe Robert Hoffmann und ich bin ein leidenschaftlicher Verfechter von \u00d6kologie und Biodiversit\u00e4t. Seit meiner Kindheit in den W\u00e4ldern Bayerns f\u00fchle ich mich mit der Natur verbunden und bin entschlossen, sie zu sch\u00fctzen. Heute widme ich mein Leben der Sensibilisierung anderer f\u00fcr die Bedeutung des Umweltschutzes f\u00fcr zuk\u00fcnftige Generationen.","sameAs":["https:\/\/www.strassenweb.de\/"]}]}},"_links":{"self":[{"href":"https:\/\/www.strassenweb.de\/nachrichten\/wp-json\/wp\/v2\/posts\/8517","targetHints":{"allow":["GET"]}}],"collection":[{"href":"https:\/\/www.strassenweb.de\/nachrichten\/wp-json\/wp\/v2\/posts"}],"about":[{"href":"https:\/\/www.strassenweb.de\/nachrichten\/wp-json\/wp\/v2\/types\/post"}],"author":[{"embeddable":true,"href":"https:\/\/www.strassenweb.de\/nachrichten\/wp-json\/wp\/v2\/users\/1"}],"replies":[{"embeddable":true,"href":"https:\/\/www.strassenweb.de\/nachrichten\/wp-json\/wp\/v2\/comments?post=8517"}],"version-history":[{"count":0,"href":"https:\/\/www.strassenweb.de\/nachrichten\/wp-json\/wp\/v2\/posts\/8517\/revisions"}],"wp:featuredmedia":[{"embeddable":true,"href":"https:\/\/www.strassenweb.de\/nachrichten\/wp-json\/wp\/v2\/media\/8518"}],"wp:attachment":[{"href":"https:\/\/www.strassenweb.de\/nachrichten\/wp-json\/wp\/v2\/media?parent=8517"}],"wp:term":[{"taxonomy":"category","embeddable":true,"href":"https:\/\/www.strassenweb.de\/nachrichten\/wp-json\/wp\/v2\/categories?post=8517"},{"taxonomy":"post_tag","embeddable":true,"href":"https:\/\/www.strassenweb.de\/nachrichten\/wp-json\/wp\/v2\/tags?post=8517"}],"curies":[{"name":"wp","href":"https:\/\/api.w.org\/{rel}","templated":true}]}}