{"id":8511,"date":"2025-10-16T04:39:57","date_gmt":"2025-10-16T02:39:57","guid":{"rendered":"https:\/\/www.strassenweb.de\/nachrichten\/ich-sehe-licht-als-greifbares-material-und-indem-ich-darauf-achte-kann-ich-jede-ecke-meines-zuhauses-gestalten-und-aufwerten\/"},"modified":"2025-10-16T04:40:00","modified_gmt":"2025-10-16T02:40:00","slug":"ich-sehe-licht-als-greifbares-material-und-indem-ich-darauf-achte-kann-ich-jede-ecke-meines-zuhauses-gestalten-und-aufwerten","status":"publish","type":"post","link":"https:\/\/www.strassenweb.de\/nachrichten\/ich-sehe-licht-als-greifbares-material-und-indem-ich-darauf-achte-kann-ich-jede-ecke-meines-zuhauses-gestalten-und-aufwerten\/","title":{"rendered":"Ich sehe Licht als greifbares Material, und indem ich darauf achte, kann ich jede Ecke meines Zuhauses gestalten und aufwerten"},"content":{"rendered":"<p><\/p>\n<div id=\"article-body\" class=\"article__body \">\n<div id=\"ad-unit-1\" class=\"ad-unit\"><\/div>\n<p>Ich habe k\u00fcrzlich ein Wochenende in Santa Fe, New Mexico, verbracht und das erste, was mir beim Verlassen des Flughafens auffiel, war die Intensit\u00e4t des Lichts. Die Wolken waren perfekt umrandet, fast wie aus Papier geschnittene Cartoon-Formationen, und die Klarheit des Sonnenlichts f\u00fchlte sich surreal an. Was sich noch realer anf\u00fchlte, war, wie ich mich dabei f\u00fchlte \u2013 ich war von einem leuchtenden Raum umgeben, der die Leichtigkeit selbst zu verk\u00f6rpern schien.<\/p>\n<aside data-block-type=\"embed\" data-render-type=\"fte\" data-skip=\"dealsy\" data-widget-type=\"seasonal\" class=\"hawk-root\"><\/aside>\n<p id=\"7f4f1c9f-ee1c-4abc-a0aa-8037584c66b9-2\">Wenn wir R\u00e4ume entwerfen, sind die meisten unserer Werkzeuge greifbar und taktil. Von der architektonischen H\u00fclle bis hin zu M\u00f6beln und Einrichtungsgegenst\u00e4nden ist alles etwas, das wir ber\u00fchren und f\u00fchlen k\u00f6nnen. Dennoch gibt es ein Element, das unsere Kompositionen stets tiefgreifend pr\u00e4gt \u2013 die Beleuchtung in all ihren sich st\u00e4ndig ver\u00e4ndernden Formen. Die Rhythmen von Tag und Nacht erzeugen eine Choreografie der Beleuchtung, vom sanften Schein des Sonnenaufgangs \u00fcber die Brillanz des Mittags bis hin zur sanften Stille der Abendd\u00e4mmerung, ein Zyklus, mit dem wir untrennbar verbunden sind.<\/p>\n<div class=\"van_vid_carousel\">\n<div class=\"van_vid_carousel__padding\">\n<div class=\"van_vid_carousel__container\"><\/div>\n<\/div>\n<\/div>\n<p id=\"6fc35ff9-68b8-4234-9985-70f5fb217605\">Unsere Beziehung zum nat\u00fcrlichen Licht ist fast metaphysisch \u2013 wir nutzen unsere Sinne, um es wahrzunehmen, zu verstehen und darauf zu reagieren. Im Laufe der Zeit haben wir auch Technologien zur Erzeugung k\u00fcnstlichen Lichts entwickelt, die es uns erm\u00f6glichen, die Beleuchtung zu manipulieren, zu modulieren und zu \u201eformen\u201c, um eine Stimmung zu schaffen, Formen zu definieren oder bestimmte Objekte und Momente hervorzuheben.<\/p>\n<div id=\"ad-unit-2\" class=\"ad-unit\"><\/div>\n<p>Eine durchdachte Fensterplatzierung kann die Art und Weise ver\u00e4ndern, wie Licht mit Ihrem Zuhause interagiert. Fenster k\u00f6nnen einen Ausblick einrahmen, die wandernden Sonnenstrahlen genau an der richtigen Stelle einfangen \u2013 vielleicht dort, wo Sie Ihren Morgenkaffee genie\u00dfen \u2013 oder Ihre Lieblings-Entspannungsecke in die Rosa- und Oranget\u00f6ne des Sonnenuntergangs tauchen. Da sich die Intensit\u00e4t und Farbe des Tageslichts im Laufe des Tages \u00e4ndert, kann die Platzierung von M\u00f6beln seinen Nutzen maximieren. Ein Schreibtisch k\u00f6nnte f\u00fcr gleichm\u00e4\u00dfiges, diffuses Licht nach Norden ausgerichtet sein, w\u00e4hrend ein Bett so positioniert werden kann, dass es die Morgensonne begr\u00fc\u00dft. Ein Essbereich k\u00f6nnte nach S\u00fcdwesten ausgerichtet sein, um die W\u00e4rme der Sonnenunterg\u00e4nge zu genie\u00dfen und so ein Wohnerlebnis im Einklang mit nat\u00fcrlichen Rhythmen zu schaffen.<\/p>\n<figure class=\"van-image-figure inline-layout \" data-bordeaux-image-check id=\"41b285ab-7cf8-4cdd-b304-da75035249f9\">\n<div class=\"image-full-width-wrapper\">\n<div class=\"image-widthsetter\" style=\"max-width:1667px;\"><\/div>\n<\/div>\n<\/figure>\n<p id=\"a48517e6-0fe1-407f-95d4-94ba6d5cbf87\">Licht ist in unserer Arbeit ein greifbares Material. Eine Stehlampe aus Noguchi-Papier kann W\u00e4rme in eine gem\u00fctliche Ecke an einem Fenster mit Aussicht bringen, w\u00e4hrend Laternen von Louis Poulsen Sie sicher \u00fcber einen Gartenweg f\u00fchren. Vintage-Murano-Wandleuchter spenden Umgebungslicht wie Schmuck und schm\u00fccken die W\u00e4nde Ihres Eingangsbereichs, und eine Lindsey Adelman-Porzellan-Pendelleuchte kann einen sanften Glanz \u00fcber einen Esstisch werfen und so einen funktionalen Moment in einen visuellen Genuss verwandeln.<\/p>\n<p>Vom Charakter her kann das Licht k\u00fchn und gebieterisch sein, wie eine Diva, die Aufmerksamkeit verlangt, oder subtil und zart, streifende Oberfl\u00e4chen, um eine ruhige, beruhigende Atmosph\u00e4re zu schaffen. Es kann als praktischer Partner, als skurriler Schn\u00f6rkel oder als verg\u00e4ngliche, fl\u00fcchtige Erfahrung dienen \u2013 alles pr\u00e4gt, wie wir einen Raum bewohnen und f\u00fchlen.<\/p>\n<div id=\"slice-container-newsletterForm-articleInbodyContent-UXECNpcmniTuV677DFxhum\" class=\"slice-container newsletter-inbodyContent-slice newsletterForm-articleInbodyContent-UXECNpcmniTuV677DFxhum slice-container-newsletterForm\"><\/div>\n<figure class=\"van-image-figure inline-layout \" data-bordeaux-image-check id=\"016eea69-3034-4f8d-9444-2340af5901d0\">\n<div class=\"image-full-width-wrapper\">\n<div class=\"image-widthsetter\" style=\"max-width:480px;\"><\/div>\n<\/div>\n<\/figure>\n<p id=\"e66fb15e-29e3-4914-b217-08c6d9e015fc\">Der H\u00f6hepunkt meiner Reise nach Santa Fe war eine Hochzeit auf einer Ranch. Nachdem wir uns auf einem kleinen Plateau getroffen hatten, wurden wir einen sanften H\u00fcgel hinauf zu einer \u00d6ffnung im Boden gef\u00fchrt. Wir wandten der fr\u00fchen Abendsonne den R\u00fccken zu und stiegen in einen dunklen, aus Stein gemei\u00dfelten Tunnel hinab, der in eine H\u00f6hle f\u00fchrte, die von Kerzenlicht aus einer kleineren Kammer \u2013 dem Hochzeitsaltar \u2013 sanft beleuchtet wurde. Weiter drinnen schaute ich nach oben und sah nat\u00fcrliche \u00d6ffnungen, die den Abendhimmel umrahmten. Das Erlebnis war geheimnisvoll, magisch und unvergesslich \u2013 eine Sequenz, die vollst\u00e4ndig vom Licht orchestriert wurde.<\/p>\n<\/div>\n","protected":false},"excerpt":{"rendered":"<p>Ich habe k\u00fcrzlich ein Wochenende in Santa Fe, New Mexico, verbracht und das erste, was mir beim Verlassen des Flughafens auffiel, war die Intensit\u00e4t des<\/p>\n","protected":false},"author":1,"featured_media":8512,"comment_status":"closed","ping_status":"","sticky":false,"template":"","format":"standard","meta":{"footnotes":""},"categories":[118],"tags":[10842,935,3974,2362,5820,323,10841,129,2665,2236,781,688,1890,1619,2514,37,1620],"class_list":["post-8511","post","type-post","status-publish","format-standard","has-post-thumbnail","hentry","category-haus-garten","tag-achte","tag-als","tag-aufwerten","tag-darauf","tag-ecke","tag-gestalten","tag-greifbares","tag-ich","tag-indem","tag-jede","tag-kann","tag-licht","tag-material","tag-meines","tag-sehe","tag-und","tag-zuhauses","generate-columns","tablet-grid-50","mobile-grid-100","grid-parent","grid-50"],"yoast_head":"<!-- This site is optimized with the Yoast SEO plugin v27.3 - https:\/\/yoast.com\/product\/yoast-seo-wordpress\/ -->\n<title>Ich sehe Licht als greifbares Material, und indem ich darauf achte, kann ich jede Ecke meines Zuhauses gestalten und aufwerten - Nachrichten - Stra\u00dfenweb<\/title>\n<meta name=\"robots\" content=\"index, follow, max-snippet:-1, max-image-preview:large, max-video-preview:-1\" \/>\n<link rel=\"canonical\" href=\"https:\/\/www.strassenweb.de\/nachrichten\/ich-sehe-licht-als-greifbares-material-und-indem-ich-darauf-achte-kann-ich-jede-ecke-meines-zuhauses-gestalten-und-aufwerten\/\" \/>\n<meta property=\"og:locale\" content=\"de_DE\" \/>\n<meta property=\"og:type\" content=\"article\" \/>\n<meta property=\"og:title\" content=\"Ich sehe Licht als greifbares Material, und indem ich darauf achte, kann ich jede Ecke meines Zuhauses gestalten und aufwerten - Nachrichten - Stra\u00dfenweb\" \/>\n<meta property=\"og:description\" content=\"Ich habe k\u00fcrzlich ein Wochenende in Santa Fe, New Mexico, verbracht und das erste, was mir beim Verlassen des Flughafens auffiel, war die Intensit\u00e4t des\" \/>\n<meta property=\"og:url\" content=\"https:\/\/www.strassenweb.de\/nachrichten\/ich-sehe-licht-als-greifbares-material-und-indem-ich-darauf-achte-kann-ich-jede-ecke-meines-zuhauses-gestalten-und-aufwerten\/\" \/>\n<meta property=\"og:site_name\" content=\"Stra\u00dfenweb\" \/>\n<meta property=\"article:publisher\" content=\"https:\/\/www.facebook.com\/strassenweb\/\" \/>\n<meta property=\"article:published_time\" content=\"2025-10-16T02:39:57+00:00\" \/>\n<meta property=\"article:modified_time\" content=\"2025-10-16T02:40:00+00:00\" \/>\n<meta property=\"og:image\" content=\"https:\/\/www.strassenweb.de\/nachrichten\/wp-content\/uploads\/2025\/10\/Ich-sehe-Licht-als-greifbares-Material-und-indem-ich-darauf.jpg\" \/>\n\t<meta property=\"og:image:width\" content=\"2560\" \/>\n\t<meta property=\"og:image:height\" content=\"1440\" \/>\n\t<meta property=\"og:image:type\" content=\"image\/jpeg\" \/>\n<meta name=\"author\" content=\"Robert Hoffmann\" \/>\n<meta name=\"twitter:card\" content=\"summary_large_image\" \/>\n<meta name=\"twitter:label1\" content=\"Verfasst von\" \/>\n\t<meta name=\"twitter:data1\" content=\"Robert Hoffmann\" \/>\n\t<meta name=\"twitter:label2\" content=\"Gesch\u00e4tzte Lesezeit\" \/>\n\t<meta name=\"twitter:data2\" content=\"3\u00a0Minuten\" \/>\n<script type=\"application\/ld+json\" class=\"yoast-schema-graph\">{\"@context\":\"https:\\\/\\\/schema.org\",\"@graph\":[{\"@type\":\"Article\",\"@id\":\"https:\\\/\\\/www.strassenweb.de\\\/nachrichten\\\/ich-sehe-licht-als-greifbares-material-und-indem-ich-darauf-achte-kann-ich-jede-ecke-meines-zuhauses-gestalten-und-aufwerten\\\/#article\",\"isPartOf\":{\"@id\":\"https:\\\/\\\/www.strassenweb.de\\\/nachrichten\\\/ich-sehe-licht-als-greifbares-material-und-indem-ich-darauf-achte-kann-ich-jede-ecke-meines-zuhauses-gestalten-und-aufwerten\\\/\"},\"author\":{\"name\":\"Robert Hoffmann\",\"@id\":\"https:\\\/\\\/www.strassenweb.de\\\/nachrichten\\\/#\\\/schema\\\/person\\\/87c9c9067f1211da429a744dc5a5aa41\"},\"headline\":\"Ich sehe Licht als greifbares Material, und indem ich darauf achte, kann ich jede Ecke meines Zuhauses gestalten und aufwerten\",\"datePublished\":\"2025-10-16T02:39:57+00:00\",\"dateModified\":\"2025-10-16T02:40:00+00:00\",\"mainEntityOfPage\":{\"@id\":\"https:\\\/\\\/www.strassenweb.de\\\/nachrichten\\\/ich-sehe-licht-als-greifbares-material-und-indem-ich-darauf-achte-kann-ich-jede-ecke-meines-zuhauses-gestalten-und-aufwerten\\\/\"},\"wordCount\":634,\"publisher\":{\"@id\":\"https:\\\/\\\/www.strassenweb.de\\\/nachrichten\\\/#organization\"},\"image\":{\"@id\":\"https:\\\/\\\/www.strassenweb.de\\\/nachrichten\\\/ich-sehe-licht-als-greifbares-material-und-indem-ich-darauf-achte-kann-ich-jede-ecke-meines-zuhauses-gestalten-und-aufwerten\\\/#primaryimage\"},\"thumbnailUrl\":\"https:\\\/\\\/www.strassenweb.de\\\/nachrichten\\\/wp-content\\\/uploads\\\/2025\\\/10\\\/Ich-sehe-Licht-als-greifbares-Material-und-indem-ich-darauf.jpg\",\"keywords\":[\"achte\",\"als\",\"aufwerten\",\"darauf\",\"Ecke\",\"gestalten\",\"greifbares\",\"ich\",\"indem\",\"jede\",\"kann\",\"Licht\",\"Material\",\"meines\",\"sehe\",\"und\",\"Zuhauses\"],\"articleSection\":[\"Haus &amp; Garten\"],\"inLanguage\":\"de\"},{\"@type\":\"WebPage\",\"@id\":\"https:\\\/\\\/www.strassenweb.de\\\/nachrichten\\\/ich-sehe-licht-als-greifbares-material-und-indem-ich-darauf-achte-kann-ich-jede-ecke-meines-zuhauses-gestalten-und-aufwerten\\\/\",\"url\":\"https:\\\/\\\/www.strassenweb.de\\\/nachrichten\\\/ich-sehe-licht-als-greifbares-material-und-indem-ich-darauf-achte-kann-ich-jede-ecke-meines-zuhauses-gestalten-und-aufwerten\\\/\",\"name\":\"Ich sehe Licht als greifbares Material, und indem ich darauf achte, kann ich jede Ecke meines Zuhauses gestalten und aufwerten - Nachrichten - Stra\u00dfenweb\",\"isPartOf\":{\"@id\":\"https:\\\/\\\/www.strassenweb.de\\\/nachrichten\\\/#website\"},\"primaryImageOfPage\":{\"@id\":\"https:\\\/\\\/www.strassenweb.de\\\/nachrichten\\\/ich-sehe-licht-als-greifbares-material-und-indem-ich-darauf-achte-kann-ich-jede-ecke-meines-zuhauses-gestalten-und-aufwerten\\\/#primaryimage\"},\"image\":{\"@id\":\"https:\\\/\\\/www.strassenweb.de\\\/nachrichten\\\/ich-sehe-licht-als-greifbares-material-und-indem-ich-darauf-achte-kann-ich-jede-ecke-meines-zuhauses-gestalten-und-aufwerten\\\/#primaryimage\"},\"thumbnailUrl\":\"https:\\\/\\\/www.strassenweb.de\\\/nachrichten\\\/wp-content\\\/uploads\\\/2025\\\/10\\\/Ich-sehe-Licht-als-greifbares-Material-und-indem-ich-darauf.jpg\",\"datePublished\":\"2025-10-16T02:39:57+00:00\",\"dateModified\":\"2025-10-16T02:40:00+00:00\",\"breadcrumb\":{\"@id\":\"https:\\\/\\\/www.strassenweb.de\\\/nachrichten\\\/ich-sehe-licht-als-greifbares-material-und-indem-ich-darauf-achte-kann-ich-jede-ecke-meines-zuhauses-gestalten-und-aufwerten\\\/#breadcrumb\"},\"inLanguage\":\"de\",\"potentialAction\":[{\"@type\":\"ReadAction\",\"target\":[\"https:\\\/\\\/www.strassenweb.de\\\/nachrichten\\\/ich-sehe-licht-als-greifbares-material-und-indem-ich-darauf-achte-kann-ich-jede-ecke-meines-zuhauses-gestalten-und-aufwerten\\\/\"]}]},{\"@type\":\"ImageObject\",\"inLanguage\":\"de\",\"@id\":\"https:\\\/\\\/www.strassenweb.de\\\/nachrichten\\\/ich-sehe-licht-als-greifbares-material-und-indem-ich-darauf-achte-kann-ich-jede-ecke-meines-zuhauses-gestalten-und-aufwerten\\\/#primaryimage\",\"url\":\"https:\\\/\\\/www.strassenweb.de\\\/nachrichten\\\/wp-content\\\/uploads\\\/2025\\\/10\\\/Ich-sehe-Licht-als-greifbares-Material-und-indem-ich-darauf.jpg\",\"contentUrl\":\"https:\\\/\\\/www.strassenweb.de\\\/nachrichten\\\/wp-content\\\/uploads\\\/2025\\\/10\\\/Ich-sehe-Licht-als-greifbares-Material-und-indem-ich-darauf.jpg\",\"width\":2560,\"height\":1440,\"caption\":\"Ich sehe Licht als greifbares Material, und indem ich darauf achte, kann ich jede Ecke meines Zuhauses gestalten und aufwerten\"},{\"@type\":\"BreadcrumbList\",\"@id\":\"https:\\\/\\\/www.strassenweb.de\\\/nachrichten\\\/ich-sehe-licht-als-greifbares-material-und-indem-ich-darauf-achte-kann-ich-jede-ecke-meines-zuhauses-gestalten-und-aufwerten\\\/#breadcrumb\",\"itemListElement\":[{\"@type\":\"ListItem\",\"position\":1,\"name\":\"Home\",\"item\":\"https:\\\/\\\/www.strassenweb.de\\\/nachrichten\\\/\"},{\"@type\":\"ListItem\",\"position\":2,\"name\":\"Ich sehe Licht als greifbares Material, und indem ich darauf achte, kann ich jede Ecke meines Zuhauses gestalten und aufwerten\"}]},{\"@type\":\"WebSite\",\"@id\":\"https:\\\/\\\/www.strassenweb.de\\\/nachrichten\\\/#website\",\"url\":\"https:\\\/\\\/www.strassenweb.de\\\/nachrichten\\\/\",\"name\":\"Stra\u00dfenweb\",\"description\":\"Stra\u00dfenverzeichnis f\u00fcr Deutschland\",\"publisher\":{\"@id\":\"https:\\\/\\\/www.strassenweb.de\\\/nachrichten\\\/#organization\"},\"potentialAction\":[{\"@type\":\"SearchAction\",\"target\":{\"@type\":\"EntryPoint\",\"urlTemplate\":\"https:\\\/\\\/www.strassenweb.de\\\/nachrichten\\\/?s={search_term_string}\"},\"query-input\":{\"@type\":\"PropertyValueSpecification\",\"valueRequired\":true,\"valueName\":\"search_term_string\"}}],\"inLanguage\":\"de\"},{\"@type\":\"Organization\",\"@id\":\"https:\\\/\\\/www.strassenweb.de\\\/nachrichten\\\/#organization\",\"name\":\"Stra\u00dfenweb\",\"url\":\"https:\\\/\\\/www.strassenweb.de\\\/nachrichten\\\/\",\"logo\":{\"@type\":\"ImageObject\",\"inLanguage\":\"de\",\"@id\":\"https:\\\/\\\/www.strassenweb.de\\\/nachrichten\\\/#\\\/schema\\\/logo\\\/image\\\/\",\"url\":\"https:\\\/\\\/www.strassenweb.de\\\/nachrichten\\\/wp-content\\\/uploads\\\/2024\\\/09\\\/cropped-favicon.png\",\"contentUrl\":\"https:\\\/\\\/www.strassenweb.de\\\/nachrichten\\\/wp-content\\\/uploads\\\/2024\\\/09\\\/cropped-favicon.png\",\"width\":512,\"height\":512,\"caption\":\"Stra\u00dfenweb\"},\"image\":{\"@id\":\"https:\\\/\\\/www.strassenweb.de\\\/nachrichten\\\/#\\\/schema\\\/logo\\\/image\\\/\"},\"sameAs\":[\"https:\\\/\\\/www.facebook.com\\\/strassenweb\\\/\"]},{\"@type\":\"Person\",\"@id\":\"https:\\\/\\\/www.strassenweb.de\\\/nachrichten\\\/#\\\/schema\\\/person\\\/87c9c9067f1211da429a744dc5a5aa41\",\"name\":\"Robert Hoffmann\",\"image\":{\"@type\":\"ImageObject\",\"inLanguage\":\"de\",\"@id\":\"https:\\\/\\\/www.strassenweb.de\\\/nachrichten\\\/wp-content\\\/uploads\\\/2024\\\/09\\\/strassenweb-150x150.jpg\",\"url\":\"https:\\\/\\\/www.strassenweb.de\\\/nachrichten\\\/wp-content\\\/uploads\\\/2024\\\/09\\\/strassenweb-150x150.jpg\",\"contentUrl\":\"https:\\\/\\\/www.strassenweb.de\\\/nachrichten\\\/wp-content\\\/uploads\\\/2024\\\/09\\\/strassenweb-150x150.jpg\",\"caption\":\"Robert Hoffmann\"},\"description\":\"Ich hei\u00dfe Robert Hoffmann und ich bin ein leidenschaftlicher Verfechter von \u00d6kologie und Biodiversit\u00e4t. Seit meiner Kindheit in den W\u00e4ldern Bayerns f\u00fchle ich mich mit der Natur verbunden und bin entschlossen, sie zu sch\u00fctzen. Heute widme ich mein Leben der Sensibilisierung anderer f\u00fcr die Bedeutung des Umweltschutzes f\u00fcr zuk\u00fcnftige Generationen.\",\"sameAs\":[\"https:\\\/\\\/www.strassenweb.de\\\/\"]}]}<\/script>\n<!-- \/ Yoast SEO plugin. -->","yoast_head_json":{"title":"Ich sehe Licht als greifbares Material, und indem ich darauf achte, kann ich jede Ecke meines Zuhauses gestalten und aufwerten - Nachrichten - Stra\u00dfenweb","robots":{"index":"index","follow":"follow","max-snippet":"max-snippet:-1","max-image-preview":"max-image-preview:large","max-video-preview":"max-video-preview:-1"},"canonical":"https:\/\/www.strassenweb.de\/nachrichten\/ich-sehe-licht-als-greifbares-material-und-indem-ich-darauf-achte-kann-ich-jede-ecke-meines-zuhauses-gestalten-und-aufwerten\/","og_locale":"de_DE","og_type":"article","og_title":"Ich sehe Licht als greifbares Material, und indem ich darauf achte, kann ich jede Ecke meines Zuhauses gestalten und aufwerten - Nachrichten - Stra\u00dfenweb","og_description":"Ich habe k\u00fcrzlich ein Wochenende in Santa Fe, New Mexico, verbracht und das erste, was mir beim Verlassen des Flughafens auffiel, war die Intensit\u00e4t des","og_url":"https:\/\/www.strassenweb.de\/nachrichten\/ich-sehe-licht-als-greifbares-material-und-indem-ich-darauf-achte-kann-ich-jede-ecke-meines-zuhauses-gestalten-und-aufwerten\/","og_site_name":"Stra\u00dfenweb","article_publisher":"https:\/\/www.facebook.com\/strassenweb\/","article_published_time":"2025-10-16T02:39:57+00:00","article_modified_time":"2025-10-16T02:40:00+00:00","og_image":[{"width":2560,"height":1440,"url":"https:\/\/www.strassenweb.de\/nachrichten\/wp-content\/uploads\/2025\/10\/Ich-sehe-Licht-als-greifbares-Material-und-indem-ich-darauf.jpg","type":"image\/jpeg"}],"author":"Robert Hoffmann","twitter_card":"summary_large_image","twitter_misc":{"Verfasst von":"Robert Hoffmann","Gesch\u00e4tzte Lesezeit":"3\u00a0Minuten"},"schema":{"@context":"https:\/\/schema.org","@graph":[{"@type":"Article","@id":"https:\/\/www.strassenweb.de\/nachrichten\/ich-sehe-licht-als-greifbares-material-und-indem-ich-darauf-achte-kann-ich-jede-ecke-meines-zuhauses-gestalten-und-aufwerten\/#article","isPartOf":{"@id":"https:\/\/www.strassenweb.de\/nachrichten\/ich-sehe-licht-als-greifbares-material-und-indem-ich-darauf-achte-kann-ich-jede-ecke-meines-zuhauses-gestalten-und-aufwerten\/"},"author":{"name":"Robert Hoffmann","@id":"https:\/\/www.strassenweb.de\/nachrichten\/#\/schema\/person\/87c9c9067f1211da429a744dc5a5aa41"},"headline":"Ich sehe Licht als greifbares Material, und indem ich darauf achte, kann ich jede Ecke meines Zuhauses gestalten und aufwerten","datePublished":"2025-10-16T02:39:57+00:00","dateModified":"2025-10-16T02:40:00+00:00","mainEntityOfPage":{"@id":"https:\/\/www.strassenweb.de\/nachrichten\/ich-sehe-licht-als-greifbares-material-und-indem-ich-darauf-achte-kann-ich-jede-ecke-meines-zuhauses-gestalten-und-aufwerten\/"},"wordCount":634,"publisher":{"@id":"https:\/\/www.strassenweb.de\/nachrichten\/#organization"},"image":{"@id":"https:\/\/www.strassenweb.de\/nachrichten\/ich-sehe-licht-als-greifbares-material-und-indem-ich-darauf-achte-kann-ich-jede-ecke-meines-zuhauses-gestalten-und-aufwerten\/#primaryimage"},"thumbnailUrl":"https:\/\/www.strassenweb.de\/nachrichten\/wp-content\/uploads\/2025\/10\/Ich-sehe-Licht-als-greifbares-Material-und-indem-ich-darauf.jpg","keywords":["achte","als","aufwerten","darauf","Ecke","gestalten","greifbares","ich","indem","jede","kann","Licht","Material","meines","sehe","und","Zuhauses"],"articleSection":["Haus &amp; Garten"],"inLanguage":"de"},{"@type":"WebPage","@id":"https:\/\/www.strassenweb.de\/nachrichten\/ich-sehe-licht-als-greifbares-material-und-indem-ich-darauf-achte-kann-ich-jede-ecke-meines-zuhauses-gestalten-und-aufwerten\/","url":"https:\/\/www.strassenweb.de\/nachrichten\/ich-sehe-licht-als-greifbares-material-und-indem-ich-darauf-achte-kann-ich-jede-ecke-meines-zuhauses-gestalten-und-aufwerten\/","name":"Ich sehe Licht als greifbares Material, und indem ich darauf achte, kann ich jede Ecke meines Zuhauses gestalten und aufwerten - Nachrichten - Stra\u00dfenweb","isPartOf":{"@id":"https:\/\/www.strassenweb.de\/nachrichten\/#website"},"primaryImageOfPage":{"@id":"https:\/\/www.strassenweb.de\/nachrichten\/ich-sehe-licht-als-greifbares-material-und-indem-ich-darauf-achte-kann-ich-jede-ecke-meines-zuhauses-gestalten-und-aufwerten\/#primaryimage"},"image":{"@id":"https:\/\/www.strassenweb.de\/nachrichten\/ich-sehe-licht-als-greifbares-material-und-indem-ich-darauf-achte-kann-ich-jede-ecke-meines-zuhauses-gestalten-und-aufwerten\/#primaryimage"},"thumbnailUrl":"https:\/\/www.strassenweb.de\/nachrichten\/wp-content\/uploads\/2025\/10\/Ich-sehe-Licht-als-greifbares-Material-und-indem-ich-darauf.jpg","datePublished":"2025-10-16T02:39:57+00:00","dateModified":"2025-10-16T02:40:00+00:00","breadcrumb":{"@id":"https:\/\/www.strassenweb.de\/nachrichten\/ich-sehe-licht-als-greifbares-material-und-indem-ich-darauf-achte-kann-ich-jede-ecke-meines-zuhauses-gestalten-und-aufwerten\/#breadcrumb"},"inLanguage":"de","potentialAction":[{"@type":"ReadAction","target":["https:\/\/www.strassenweb.de\/nachrichten\/ich-sehe-licht-als-greifbares-material-und-indem-ich-darauf-achte-kann-ich-jede-ecke-meines-zuhauses-gestalten-und-aufwerten\/"]}]},{"@type":"ImageObject","inLanguage":"de","@id":"https:\/\/www.strassenweb.de\/nachrichten\/ich-sehe-licht-als-greifbares-material-und-indem-ich-darauf-achte-kann-ich-jede-ecke-meines-zuhauses-gestalten-und-aufwerten\/#primaryimage","url":"https:\/\/www.strassenweb.de\/nachrichten\/wp-content\/uploads\/2025\/10\/Ich-sehe-Licht-als-greifbares-Material-und-indem-ich-darauf.jpg","contentUrl":"https:\/\/www.strassenweb.de\/nachrichten\/wp-content\/uploads\/2025\/10\/Ich-sehe-Licht-als-greifbares-Material-und-indem-ich-darauf.jpg","width":2560,"height":1440,"caption":"Ich sehe Licht als greifbares Material, und indem ich darauf achte, kann ich jede Ecke meines Zuhauses gestalten und aufwerten"},{"@type":"BreadcrumbList","@id":"https:\/\/www.strassenweb.de\/nachrichten\/ich-sehe-licht-als-greifbares-material-und-indem-ich-darauf-achte-kann-ich-jede-ecke-meines-zuhauses-gestalten-und-aufwerten\/#breadcrumb","itemListElement":[{"@type":"ListItem","position":1,"name":"Home","item":"https:\/\/www.strassenweb.de\/nachrichten\/"},{"@type":"ListItem","position":2,"name":"Ich sehe Licht als greifbares Material, und indem ich darauf achte, kann ich jede Ecke meines Zuhauses gestalten und aufwerten"}]},{"@type":"WebSite","@id":"https:\/\/www.strassenweb.de\/nachrichten\/#website","url":"https:\/\/www.strassenweb.de\/nachrichten\/","name":"Stra\u00dfenweb","description":"Stra\u00dfenverzeichnis f\u00fcr Deutschland","publisher":{"@id":"https:\/\/www.strassenweb.de\/nachrichten\/#organization"},"potentialAction":[{"@type":"SearchAction","target":{"@type":"EntryPoint","urlTemplate":"https:\/\/www.strassenweb.de\/nachrichten\/?s={search_term_string}"},"query-input":{"@type":"PropertyValueSpecification","valueRequired":true,"valueName":"search_term_string"}}],"inLanguage":"de"},{"@type":"Organization","@id":"https:\/\/www.strassenweb.de\/nachrichten\/#organization","name":"Stra\u00dfenweb","url":"https:\/\/www.strassenweb.de\/nachrichten\/","logo":{"@type":"ImageObject","inLanguage":"de","@id":"https:\/\/www.strassenweb.de\/nachrichten\/#\/schema\/logo\/image\/","url":"https:\/\/www.strassenweb.de\/nachrichten\/wp-content\/uploads\/2024\/09\/cropped-favicon.png","contentUrl":"https:\/\/www.strassenweb.de\/nachrichten\/wp-content\/uploads\/2024\/09\/cropped-favicon.png","width":512,"height":512,"caption":"Stra\u00dfenweb"},"image":{"@id":"https:\/\/www.strassenweb.de\/nachrichten\/#\/schema\/logo\/image\/"},"sameAs":["https:\/\/www.facebook.com\/strassenweb\/"]},{"@type":"Person","@id":"https:\/\/www.strassenweb.de\/nachrichten\/#\/schema\/person\/87c9c9067f1211da429a744dc5a5aa41","name":"Robert Hoffmann","image":{"@type":"ImageObject","inLanguage":"de","@id":"https:\/\/www.strassenweb.de\/nachrichten\/wp-content\/uploads\/2024\/09\/strassenweb-150x150.jpg","url":"https:\/\/www.strassenweb.de\/nachrichten\/wp-content\/uploads\/2024\/09\/strassenweb-150x150.jpg","contentUrl":"https:\/\/www.strassenweb.de\/nachrichten\/wp-content\/uploads\/2024\/09\/strassenweb-150x150.jpg","caption":"Robert Hoffmann"},"description":"Ich hei\u00dfe Robert Hoffmann und ich bin ein leidenschaftlicher Verfechter von \u00d6kologie und Biodiversit\u00e4t. Seit meiner Kindheit in den W\u00e4ldern Bayerns f\u00fchle ich mich mit der Natur verbunden und bin entschlossen, sie zu sch\u00fctzen. Heute widme ich mein Leben der Sensibilisierung anderer f\u00fcr die Bedeutung des Umweltschutzes f\u00fcr zuk\u00fcnftige Generationen.","sameAs":["https:\/\/www.strassenweb.de\/"]}]}},"_links":{"self":[{"href":"https:\/\/www.strassenweb.de\/nachrichten\/wp-json\/wp\/v2\/posts\/8511","targetHints":{"allow":["GET"]}}],"collection":[{"href":"https:\/\/www.strassenweb.de\/nachrichten\/wp-json\/wp\/v2\/posts"}],"about":[{"href":"https:\/\/www.strassenweb.de\/nachrichten\/wp-json\/wp\/v2\/types\/post"}],"author":[{"embeddable":true,"href":"https:\/\/www.strassenweb.de\/nachrichten\/wp-json\/wp\/v2\/users\/1"}],"replies":[{"embeddable":true,"href":"https:\/\/www.strassenweb.de\/nachrichten\/wp-json\/wp\/v2\/comments?post=8511"}],"version-history":[{"count":0,"href":"https:\/\/www.strassenweb.de\/nachrichten\/wp-json\/wp\/v2\/posts\/8511\/revisions"}],"wp:featuredmedia":[{"embeddable":true,"href":"https:\/\/www.strassenweb.de\/nachrichten\/wp-json\/wp\/v2\/media\/8512"}],"wp:attachment":[{"href":"https:\/\/www.strassenweb.de\/nachrichten\/wp-json\/wp\/v2\/media?parent=8511"}],"wp:term":[{"taxonomy":"category","embeddable":true,"href":"https:\/\/www.strassenweb.de\/nachrichten\/wp-json\/wp\/v2\/categories?post=8511"},{"taxonomy":"post_tag","embeddable":true,"href":"https:\/\/www.strassenweb.de\/nachrichten\/wp-json\/wp\/v2\/tags?post=8511"}],"curies":[{"name":"wp","href":"https:\/\/api.w.org\/{rel}","templated":true}]}}