{"id":851,"date":"2024-10-12T04:39:40","date_gmt":"2024-10-12T02:39:40","guid":{"rendered":"https:\/\/www.strassenweb.de\/nachrichten\/warum-plastikflaschen-jetzt-mit-angebrachten-verschluessen-versehen-sind\/"},"modified":"2024-10-12T04:39:41","modified_gmt":"2024-10-12T02:39:41","slug":"warum-plastikflaschen-jetzt-mit-angebrachten-verschluessen-versehen-sind","status":"publish","type":"post","link":"https:\/\/www.strassenweb.de\/nachrichten\/warum-plastikflaschen-jetzt-mit-angebrachten-verschluessen-versehen-sind\/","title":{"rendered":"Warum Plastikflaschen jetzt mit angebrachten Verschl\u00fcssen versehen sind"},"content":{"rendered":"<p>M\u00f6glicherweise haben Sie k\u00fcrzlich ein Getr\u00e4nk gekauft und etwas Merkw\u00fcrdiges bemerkt: Der einst abnehmbare Verschluss ist jetzt durch einen kleinen Plastikstreifen an der Flasche befestigt.<\/p>\n<p>Im Juli wurde eine EU-Richtlinie erlassen, die vorschreibt, dass alle Einwegflaschen mit festsitzenden Verschl\u00fcssen versehen sein m\u00fcssen. Dies ist eine von mehreren Ma\u00dfnahmen, die darauf abzielen, die Menge an Plastikm\u00fcll zu begrenzen \u2013 insbesondere die Verschl\u00fcsse von Einweg-Plastikflaschen, die viel eher in die Umwelt gelangen und eine enorme Gefahr f\u00fcr die Tierwelt darstellen.<\/p>\n<p>Die Hersteller haben die Haltevorrichtung auf Flaschen angebracht, die auf dem gesamten europ\u00e4ischen Markt verkauft werden, darunter auch im Vereinigten K\u00f6nigreich. Es ist an der Zeit, dass alle mitmachen. Meiner Meinung nach ist diese kleine Anpassung die erste wirksame Anti-Littering-Politik, die sich die zeitgen\u00f6ssische Politik ausgedacht hat.<\/p>\n<p>Das Design eines Produkts hat Einfluss darauf, wie schnell es zu M\u00fcll wird. Dies gilt insbesondere f\u00fcr Flaschenverschl\u00fcsse. Angebundene Verschl\u00fcsse lassen sich nicht leicht von Plastikflaschen entfernen \u2013 es ist schwierig, sie wegzuwerfen, selbst wenn jemand es wollte.<\/p>\n<p>Die Initiative orientiert sich an einer Verpackungs\u00e4nderung in den 1980er Jahren. Fr\u00fcher verf\u00fcgten Getr\u00e4nkedosen \u00fcber eine vollst\u00e4ndig abnehmbare Aufrei\u00dflasche. Da diese jedoch klein und nutzlos waren, wurden sie beim \u00d6ffnen oft weggeworfen. Durch die Konstruktion einer Lasche, die befestigt blieb, wurde verhindert, dass sich diese scharfen Gefahren in der Umgebung ansammeln und dort Verletzungen verursachen k\u00f6nnten.<\/p>\n<p>Mittlerweile geh\u00f6ren Plastikflaschendeckel zu den zehn am h\u00e4ufigsten in Fl\u00fcssen und im Meer gefundenen M\u00fcllartikeln. Im Vereinigten K\u00f6nigreich wurden bei Stranduntersuchungen im Jahr 2023 Flaschendeckel als dritth\u00e4ufigste Abfallart aufgef\u00fchrt, w\u00e4hrend an der niederl\u00e4ndischen Nordseek\u00fcste im Jahr 2016 bei Untersuchungen bis zu 128 Flaschenverschl\u00fcsse pro Strandkilometer erfasst wurden.<\/p>\n<p>Auch Flaschenverschl\u00fcsse geh\u00f6ren zu den am h\u00e4ufigsten von Meerestieren verzehrten Artikeln. Flaschenverschl\u00fcsse bestehen aus einer schwimmf\u00e4higeren Art von Kunststoff und reisen auch weiter \u00fcber die Ozeane als die Flaschen, mit denen sie verkauft werden.<\/p>\n<figure class=\"wp-block-image\"><\/figure>\n<p>Durch eine Leine entsteht ein einziges St\u00fcck Abfall, nicht zwei, das leichter aufzuheben ist und weniger wahrscheinlich verschluckt wird (schlie\u00dflich k\u00f6nnen die meisten V\u00f6gel nicht eine ganze Flasche fressen).<\/p>\n<h2 class=\"wp-block-heading\">Werden sich die Recyclingquoten verbessern?<\/h2>\n<p>Verschl\u00fcsse sind kleiner, in der Regel gef\u00e4rbt und bestehen aus einer anderen Art von Kunststoff als die Flasche, an der sie befestigt sind. Daher m\u00fcssen sie separat recycelt werden. Ob Sie Flaschenverschl\u00fcsse vor Ort recyceln k\u00f6nnen, h\u00e4ngt von Ihrem Anbieter ab, der sie m\u00f6glicherweise als Recycling-Schadstoff einstuft.<\/p>\n<p>Selbst wenn Kunststoffe recycelt werden, entsteht durch den Prozess ein Produkt von geringerer Qualit\u00e4t, das selbst nicht recycelt werden kann. Der Gro\u00dfteil der dem Recycling zugef\u00fchrten Abf\u00e4lle wird auf Deponien umgeleitet \u2013 Europa recycelt 12,4 %, die USA nur 4,5 %.<\/p>\n<p>Es wird mehr Zeit ben\u00f6tigt, um die Auswirkungen dieser Verschiebung zu bewerten, aber es besteht die M\u00f6glichkeit, dass festgebundene Flaschenverschl\u00fcsse dazu f\u00fchren k\u00f6nnten, dass mehr Kunststoffe auf der M\u00fclldeponie landen, da die Verschl\u00fcsse mechanisch entfernt werden m\u00fcssen. Allerdings erleichtert die Halteschnur m\u00f6glicherweise auch das Auffinden und Trennen von Verschl\u00fcssen von Flaschen.<\/p>\n<p>Es ist erw\u00e4hnenswert, dass Recycling nie eine realistische L\u00f6sung f\u00fcr die \u00dcberproduktion und Anh\u00e4ufung von Kunststoffen war. In einer Klage in Kalifornien wurde k\u00fcrzlich behauptet, dass Kunststoffhersteller die Recyclingf\u00e4higkeit ihrer Produkte \u00fcbertrieben h\u00e4tten, um den \u00f6ffentlichen Widerstand gegen die Plastikverschmutzung zu bes\u00e4nftigen.<\/p>\n<p>Die Gesetzgebung k\u00f6nnte einige der Probleme l\u00f6sen, die sich aus angebundenen Deckeln ergeben. Das Vereinigte K\u00f6nigreich strebt die Einrichtung eines nationalen Flaschenr\u00fcckgabesystems an und ben\u00f6tigt ohnehin neue Systeme f\u00fcr die Abwicklung des Recyclings gemischter Materialien (nicht nur Flaschen und Deckel, sondern unter anderem auch Kaffeetassen, Tetrapacks und Strohhalme). Andernorts k\u00f6nnte die Gesetzgebung bald ein Bu\u00dfgeld gegen Hersteller verh\u00e4ngen, die sich nicht mit den Umweltauswirkungen der von ihnen hergestellten Verpackungen befassen.<\/p>\n<p>Der Versuch, das Problem der M\u00fcllvermeidung dadurch zu l\u00f6sen, dass man die \u00d6ffentlichkeit auffordert, damit aufzuh\u00f6ren, funktioniert nicht. Angebundene Flaschenverschl\u00fcsse sind eine erfrischende Idee, die die Verantwortung denjenigen auferlegt, die Millionen von wegwerfbaren Gegenst\u00e4nden \u00fcberhaupt erst auspumpen.<\/p>\n<p>Fr\u00fcher musste man versuchen, keinen M\u00fcll wegzuwerfen. Jetzt m\u00fcssen Sie versuchen, M\u00fcll wegzuwerfen. Scheint das nicht einfacher zu sein?<\/p>\n<hr class=\"wp-block-separator has-alpha-channel-opacity\">\n<p>Randa Lindsey Kachef, Dozentin f\u00fcr Geographie, <em>King&#8217;s College London<\/em><\/p>\n<p>  wird von The Conversation unter einer Creative Commons-Lizenz erneut ver\u00f6ffentlicht. <\/p>\n","protected":false},"excerpt":{"rendered":"<p>M\u00f6glicherweise haben Sie k\u00fcrzlich ein Getr\u00e4nk gekauft und etwas Merkw\u00fcrdiges bemerkt: Der einst abnehmbare Verschluss ist jetzt durch einen kleinen Plastikstreifen an der Flasche befestigt.<\/p>\n","protected":false},"author":1,"featured_media":852,"comment_status":"closed","ping_status":"","sticky":false,"template":"","format":"standard","meta":{"footnotes":""},"categories":[101],"tags":[1685,1272,146,1684,58,1686,1687,744],"class_list":["post-851","post","type-post","status-publish","format-standard","has-post-thumbnail","hentry","category-oekologie","tag-angebrachten","tag-jetzt","tag-mit","tag-plastikflaschen","tag-sind","tag-verschluessen","tag-versehen","tag-warum","generate-columns","tablet-grid-50","mobile-grid-100","grid-parent","grid-50"],"yoast_head":"<!-- This site is optimized with the Yoast SEO plugin v27.3 - https:\/\/yoast.com\/product\/yoast-seo-wordpress\/ -->\n<title>Warum Plastikflaschen jetzt mit angebrachten Verschl\u00fcssen versehen sind - Nachrichten - Stra\u00dfenweb<\/title>\n<meta name=\"robots\" content=\"index, follow, max-snippet:-1, max-image-preview:large, max-video-preview:-1\" \/>\n<link rel=\"canonical\" href=\"https:\/\/www.strassenweb.de\/nachrichten\/warum-plastikflaschen-jetzt-mit-angebrachten-verschluessen-versehen-sind\/\" \/>\n<meta property=\"og:locale\" content=\"de_DE\" \/>\n<meta property=\"og:type\" content=\"article\" \/>\n<meta property=\"og:title\" content=\"Warum Plastikflaschen jetzt mit angebrachten Verschl\u00fcssen versehen sind - Nachrichten - Stra\u00dfenweb\" \/>\n<meta property=\"og:description\" content=\"M\u00f6glicherweise haben Sie k\u00fcrzlich ein Getr\u00e4nk gekauft und etwas Merkw\u00fcrdiges bemerkt: Der einst abnehmbare Verschluss ist jetzt durch einen kleinen Plastikstreifen an der Flasche befestigt.\" \/>\n<meta property=\"og:url\" content=\"https:\/\/www.strassenweb.de\/nachrichten\/warum-plastikflaschen-jetzt-mit-angebrachten-verschluessen-versehen-sind\/\" \/>\n<meta property=\"og:site_name\" content=\"Stra\u00dfenweb\" \/>\n<meta property=\"article:publisher\" content=\"https:\/\/www.facebook.com\/strassenweb\/\" \/>\n<meta property=\"article:published_time\" content=\"2024-10-12T02:39:40+00:00\" \/>\n<meta property=\"article:modified_time\" content=\"2024-10-12T02:39:41+00:00\" \/>\n<meta property=\"og:image\" content=\"https:\/\/www.strassenweb.de\/nachrichten\/wp-content\/uploads\/2024\/10\/Warum-Plastikflaschen-jetzt-mit-angebrachten-Verschluessen-versehen-sind.jpg\" \/>\n\t<meta property=\"og:image:width\" content=\"752\" \/>\n\t<meta property=\"og:image:height\" content=\"502\" \/>\n\t<meta property=\"og:image:type\" content=\"image\/jpeg\" \/>\n<meta name=\"author\" content=\"Robert Hoffmann\" \/>\n<meta name=\"twitter:card\" content=\"summary_large_image\" \/>\n<meta name=\"twitter:label1\" content=\"Verfasst von\" \/>\n\t<meta name=\"twitter:data1\" content=\"Robert Hoffmann\" \/>\n\t<meta name=\"twitter:label2\" content=\"Gesch\u00e4tzte Lesezeit\" \/>\n\t<meta name=\"twitter:data2\" content=\"4\u00a0Minuten\" \/>\n<script type=\"application\/ld+json\" class=\"yoast-schema-graph\">{\"@context\":\"https:\\\/\\\/schema.org\",\"@graph\":[{\"@type\":\"Article\",\"@id\":\"https:\\\/\\\/www.strassenweb.de\\\/nachrichten\\\/warum-plastikflaschen-jetzt-mit-angebrachten-verschluessen-versehen-sind\\\/#article\",\"isPartOf\":{\"@id\":\"https:\\\/\\\/www.strassenweb.de\\\/nachrichten\\\/warum-plastikflaschen-jetzt-mit-angebrachten-verschluessen-versehen-sind\\\/\"},\"author\":{\"name\":\"Robert Hoffmann\",\"@id\":\"https:\\\/\\\/www.strassenweb.de\\\/nachrichten\\\/#\\\/schema\\\/person\\\/87c9c9067f1211da429a744dc5a5aa41\"},\"headline\":\"Warum Plastikflaschen jetzt mit angebrachten Verschl\u00fcssen versehen sind\",\"datePublished\":\"2024-10-12T02:39:40+00:00\",\"dateModified\":\"2024-10-12T02:39:41+00:00\",\"mainEntityOfPage\":{\"@id\":\"https:\\\/\\\/www.strassenweb.de\\\/nachrichten\\\/warum-plastikflaschen-jetzt-mit-angebrachten-verschluessen-versehen-sind\\\/\"},\"wordCount\":753,\"publisher\":{\"@id\":\"https:\\\/\\\/www.strassenweb.de\\\/nachrichten\\\/#organization\"},\"image\":{\"@id\":\"https:\\\/\\\/www.strassenweb.de\\\/nachrichten\\\/warum-plastikflaschen-jetzt-mit-angebrachten-verschluessen-versehen-sind\\\/#primaryimage\"},\"thumbnailUrl\":\"https:\\\/\\\/www.strassenweb.de\\\/nachrichten\\\/wp-content\\\/uploads\\\/2024\\\/10\\\/Warum-Plastikflaschen-jetzt-mit-angebrachten-Verschluessen-versehen-sind.jpg\",\"keywords\":[\"angebrachten\",\"jetzt\",\"mit\",\"Plastikflaschen\",\"sind\",\"Verschl\u00fcssen\",\"versehen\",\"warum\"],\"articleSection\":[\"\u00d6kologie\"],\"inLanguage\":\"de\"},{\"@type\":\"WebPage\",\"@id\":\"https:\\\/\\\/www.strassenweb.de\\\/nachrichten\\\/warum-plastikflaschen-jetzt-mit-angebrachten-verschluessen-versehen-sind\\\/\",\"url\":\"https:\\\/\\\/www.strassenweb.de\\\/nachrichten\\\/warum-plastikflaschen-jetzt-mit-angebrachten-verschluessen-versehen-sind\\\/\",\"name\":\"Warum Plastikflaschen jetzt mit angebrachten Verschl\u00fcssen versehen sind - Nachrichten - Stra\u00dfenweb\",\"isPartOf\":{\"@id\":\"https:\\\/\\\/www.strassenweb.de\\\/nachrichten\\\/#website\"},\"primaryImageOfPage\":{\"@id\":\"https:\\\/\\\/www.strassenweb.de\\\/nachrichten\\\/warum-plastikflaschen-jetzt-mit-angebrachten-verschluessen-versehen-sind\\\/#primaryimage\"},\"image\":{\"@id\":\"https:\\\/\\\/www.strassenweb.de\\\/nachrichten\\\/warum-plastikflaschen-jetzt-mit-angebrachten-verschluessen-versehen-sind\\\/#primaryimage\"},\"thumbnailUrl\":\"https:\\\/\\\/www.strassenweb.de\\\/nachrichten\\\/wp-content\\\/uploads\\\/2024\\\/10\\\/Warum-Plastikflaschen-jetzt-mit-angebrachten-Verschluessen-versehen-sind.jpg\",\"datePublished\":\"2024-10-12T02:39:40+00:00\",\"dateModified\":\"2024-10-12T02:39:41+00:00\",\"breadcrumb\":{\"@id\":\"https:\\\/\\\/www.strassenweb.de\\\/nachrichten\\\/warum-plastikflaschen-jetzt-mit-angebrachten-verschluessen-versehen-sind\\\/#breadcrumb\"},\"inLanguage\":\"de\",\"potentialAction\":[{\"@type\":\"ReadAction\",\"target\":[\"https:\\\/\\\/www.strassenweb.de\\\/nachrichten\\\/warum-plastikflaschen-jetzt-mit-angebrachten-verschluessen-versehen-sind\\\/\"]}]},{\"@type\":\"ImageObject\",\"inLanguage\":\"de\",\"@id\":\"https:\\\/\\\/www.strassenweb.de\\\/nachrichten\\\/warum-plastikflaschen-jetzt-mit-angebrachten-verschluessen-versehen-sind\\\/#primaryimage\",\"url\":\"https:\\\/\\\/www.strassenweb.de\\\/nachrichten\\\/wp-content\\\/uploads\\\/2024\\\/10\\\/Warum-Plastikflaschen-jetzt-mit-angebrachten-Verschluessen-versehen-sind.jpg\",\"contentUrl\":\"https:\\\/\\\/www.strassenweb.de\\\/nachrichten\\\/wp-content\\\/uploads\\\/2024\\\/10\\\/Warum-Plastikflaschen-jetzt-mit-angebrachten-Verschluessen-versehen-sind.jpg\",\"width\":752,\"height\":502,\"caption\":\"Why plastic bottles now have their caps\u00a0attached\"},{\"@type\":\"BreadcrumbList\",\"@id\":\"https:\\\/\\\/www.strassenweb.de\\\/nachrichten\\\/warum-plastikflaschen-jetzt-mit-angebrachten-verschluessen-versehen-sind\\\/#breadcrumb\",\"itemListElement\":[{\"@type\":\"ListItem\",\"position\":1,\"name\":\"Home\",\"item\":\"https:\\\/\\\/www.strassenweb.de\\\/nachrichten\\\/\"},{\"@type\":\"ListItem\",\"position\":2,\"name\":\"Warum Plastikflaschen jetzt mit angebrachten Verschl\u00fcssen versehen sind\"}]},{\"@type\":\"WebSite\",\"@id\":\"https:\\\/\\\/www.strassenweb.de\\\/nachrichten\\\/#website\",\"url\":\"https:\\\/\\\/www.strassenweb.de\\\/nachrichten\\\/\",\"name\":\"Stra\u00dfenweb\",\"description\":\"Stra\u00dfenverzeichnis f\u00fcr Deutschland\",\"publisher\":{\"@id\":\"https:\\\/\\\/www.strassenweb.de\\\/nachrichten\\\/#organization\"},\"potentialAction\":[{\"@type\":\"SearchAction\",\"target\":{\"@type\":\"EntryPoint\",\"urlTemplate\":\"https:\\\/\\\/www.strassenweb.de\\\/nachrichten\\\/?s={search_term_string}\"},\"query-input\":{\"@type\":\"PropertyValueSpecification\",\"valueRequired\":true,\"valueName\":\"search_term_string\"}}],\"inLanguage\":\"de\"},{\"@type\":\"Organization\",\"@id\":\"https:\\\/\\\/www.strassenweb.de\\\/nachrichten\\\/#organization\",\"name\":\"Stra\u00dfenweb\",\"url\":\"https:\\\/\\\/www.strassenweb.de\\\/nachrichten\\\/\",\"logo\":{\"@type\":\"ImageObject\",\"inLanguage\":\"de\",\"@id\":\"https:\\\/\\\/www.strassenweb.de\\\/nachrichten\\\/#\\\/schema\\\/logo\\\/image\\\/\",\"url\":\"https:\\\/\\\/www.strassenweb.de\\\/nachrichten\\\/wp-content\\\/uploads\\\/2024\\\/09\\\/cropped-favicon.png\",\"contentUrl\":\"https:\\\/\\\/www.strassenweb.de\\\/nachrichten\\\/wp-content\\\/uploads\\\/2024\\\/09\\\/cropped-favicon.png\",\"width\":512,\"height\":512,\"caption\":\"Stra\u00dfenweb\"},\"image\":{\"@id\":\"https:\\\/\\\/www.strassenweb.de\\\/nachrichten\\\/#\\\/schema\\\/logo\\\/image\\\/\"},\"sameAs\":[\"https:\\\/\\\/www.facebook.com\\\/strassenweb\\\/\"]},{\"@type\":\"Person\",\"@id\":\"https:\\\/\\\/www.strassenweb.de\\\/nachrichten\\\/#\\\/schema\\\/person\\\/87c9c9067f1211da429a744dc5a5aa41\",\"name\":\"Robert Hoffmann\",\"image\":{\"@type\":\"ImageObject\",\"inLanguage\":\"de\",\"@id\":\"https:\\\/\\\/www.strassenweb.de\\\/nachrichten\\\/wp-content\\\/uploads\\\/2024\\\/09\\\/strassenweb-150x150.jpg\",\"url\":\"https:\\\/\\\/www.strassenweb.de\\\/nachrichten\\\/wp-content\\\/uploads\\\/2024\\\/09\\\/strassenweb-150x150.jpg\",\"contentUrl\":\"https:\\\/\\\/www.strassenweb.de\\\/nachrichten\\\/wp-content\\\/uploads\\\/2024\\\/09\\\/strassenweb-150x150.jpg\",\"caption\":\"Robert Hoffmann\"},\"description\":\"Ich hei\u00dfe Robert Hoffmann und ich bin ein leidenschaftlicher Verfechter von \u00d6kologie und Biodiversit\u00e4t. Seit meiner Kindheit in den W\u00e4ldern Bayerns f\u00fchle ich mich mit der Natur verbunden und bin entschlossen, sie zu sch\u00fctzen. Heute widme ich mein Leben der Sensibilisierung anderer f\u00fcr die Bedeutung des Umweltschutzes f\u00fcr zuk\u00fcnftige Generationen.\",\"sameAs\":[\"https:\\\/\\\/www.strassenweb.de\\\/\"]}]}<\/script>\n<!-- \/ Yoast SEO plugin. -->","yoast_head_json":{"title":"Warum Plastikflaschen jetzt mit angebrachten Verschl\u00fcssen versehen sind - Nachrichten - Stra\u00dfenweb","robots":{"index":"index","follow":"follow","max-snippet":"max-snippet:-1","max-image-preview":"max-image-preview:large","max-video-preview":"max-video-preview:-1"},"canonical":"https:\/\/www.strassenweb.de\/nachrichten\/warum-plastikflaschen-jetzt-mit-angebrachten-verschluessen-versehen-sind\/","og_locale":"de_DE","og_type":"article","og_title":"Warum Plastikflaschen jetzt mit angebrachten Verschl\u00fcssen versehen sind - Nachrichten - Stra\u00dfenweb","og_description":"M\u00f6glicherweise haben Sie k\u00fcrzlich ein Getr\u00e4nk gekauft und etwas Merkw\u00fcrdiges bemerkt: Der einst abnehmbare Verschluss ist jetzt durch einen kleinen Plastikstreifen an der Flasche befestigt.","og_url":"https:\/\/www.strassenweb.de\/nachrichten\/warum-plastikflaschen-jetzt-mit-angebrachten-verschluessen-versehen-sind\/","og_site_name":"Stra\u00dfenweb","article_publisher":"https:\/\/www.facebook.com\/strassenweb\/","article_published_time":"2024-10-12T02:39:40+00:00","article_modified_time":"2024-10-12T02:39:41+00:00","og_image":[{"width":752,"height":502,"url":"https:\/\/www.strassenweb.de\/nachrichten\/wp-content\/uploads\/2024\/10\/Warum-Plastikflaschen-jetzt-mit-angebrachten-Verschluessen-versehen-sind.jpg","type":"image\/jpeg"}],"author":"Robert Hoffmann","twitter_card":"summary_large_image","twitter_misc":{"Verfasst von":"Robert Hoffmann","Gesch\u00e4tzte Lesezeit":"4\u00a0Minuten"},"schema":{"@context":"https:\/\/schema.org","@graph":[{"@type":"Article","@id":"https:\/\/www.strassenweb.de\/nachrichten\/warum-plastikflaschen-jetzt-mit-angebrachten-verschluessen-versehen-sind\/#article","isPartOf":{"@id":"https:\/\/www.strassenweb.de\/nachrichten\/warum-plastikflaschen-jetzt-mit-angebrachten-verschluessen-versehen-sind\/"},"author":{"name":"Robert Hoffmann","@id":"https:\/\/www.strassenweb.de\/nachrichten\/#\/schema\/person\/87c9c9067f1211da429a744dc5a5aa41"},"headline":"Warum Plastikflaschen jetzt mit angebrachten Verschl\u00fcssen versehen sind","datePublished":"2024-10-12T02:39:40+00:00","dateModified":"2024-10-12T02:39:41+00:00","mainEntityOfPage":{"@id":"https:\/\/www.strassenweb.de\/nachrichten\/warum-plastikflaschen-jetzt-mit-angebrachten-verschluessen-versehen-sind\/"},"wordCount":753,"publisher":{"@id":"https:\/\/www.strassenweb.de\/nachrichten\/#organization"},"image":{"@id":"https:\/\/www.strassenweb.de\/nachrichten\/warum-plastikflaschen-jetzt-mit-angebrachten-verschluessen-versehen-sind\/#primaryimage"},"thumbnailUrl":"https:\/\/www.strassenweb.de\/nachrichten\/wp-content\/uploads\/2024\/10\/Warum-Plastikflaschen-jetzt-mit-angebrachten-Verschluessen-versehen-sind.jpg","keywords":["angebrachten","jetzt","mit","Plastikflaschen","sind","Verschl\u00fcssen","versehen","warum"],"articleSection":["\u00d6kologie"],"inLanguage":"de"},{"@type":"WebPage","@id":"https:\/\/www.strassenweb.de\/nachrichten\/warum-plastikflaschen-jetzt-mit-angebrachten-verschluessen-versehen-sind\/","url":"https:\/\/www.strassenweb.de\/nachrichten\/warum-plastikflaschen-jetzt-mit-angebrachten-verschluessen-versehen-sind\/","name":"Warum Plastikflaschen jetzt mit angebrachten Verschl\u00fcssen versehen sind - Nachrichten - Stra\u00dfenweb","isPartOf":{"@id":"https:\/\/www.strassenweb.de\/nachrichten\/#website"},"primaryImageOfPage":{"@id":"https:\/\/www.strassenweb.de\/nachrichten\/warum-plastikflaschen-jetzt-mit-angebrachten-verschluessen-versehen-sind\/#primaryimage"},"image":{"@id":"https:\/\/www.strassenweb.de\/nachrichten\/warum-plastikflaschen-jetzt-mit-angebrachten-verschluessen-versehen-sind\/#primaryimage"},"thumbnailUrl":"https:\/\/www.strassenweb.de\/nachrichten\/wp-content\/uploads\/2024\/10\/Warum-Plastikflaschen-jetzt-mit-angebrachten-Verschluessen-versehen-sind.jpg","datePublished":"2024-10-12T02:39:40+00:00","dateModified":"2024-10-12T02:39:41+00:00","breadcrumb":{"@id":"https:\/\/www.strassenweb.de\/nachrichten\/warum-plastikflaschen-jetzt-mit-angebrachten-verschluessen-versehen-sind\/#breadcrumb"},"inLanguage":"de","potentialAction":[{"@type":"ReadAction","target":["https:\/\/www.strassenweb.de\/nachrichten\/warum-plastikflaschen-jetzt-mit-angebrachten-verschluessen-versehen-sind\/"]}]},{"@type":"ImageObject","inLanguage":"de","@id":"https:\/\/www.strassenweb.de\/nachrichten\/warum-plastikflaschen-jetzt-mit-angebrachten-verschluessen-versehen-sind\/#primaryimage","url":"https:\/\/www.strassenweb.de\/nachrichten\/wp-content\/uploads\/2024\/10\/Warum-Plastikflaschen-jetzt-mit-angebrachten-Verschluessen-versehen-sind.jpg","contentUrl":"https:\/\/www.strassenweb.de\/nachrichten\/wp-content\/uploads\/2024\/10\/Warum-Plastikflaschen-jetzt-mit-angebrachten-Verschluessen-versehen-sind.jpg","width":752,"height":502,"caption":"Why plastic bottles now have their caps\u00a0attached"},{"@type":"BreadcrumbList","@id":"https:\/\/www.strassenweb.de\/nachrichten\/warum-plastikflaschen-jetzt-mit-angebrachten-verschluessen-versehen-sind\/#breadcrumb","itemListElement":[{"@type":"ListItem","position":1,"name":"Home","item":"https:\/\/www.strassenweb.de\/nachrichten\/"},{"@type":"ListItem","position":2,"name":"Warum Plastikflaschen jetzt mit angebrachten Verschl\u00fcssen versehen sind"}]},{"@type":"WebSite","@id":"https:\/\/www.strassenweb.de\/nachrichten\/#website","url":"https:\/\/www.strassenweb.de\/nachrichten\/","name":"Stra\u00dfenweb","description":"Stra\u00dfenverzeichnis f\u00fcr Deutschland","publisher":{"@id":"https:\/\/www.strassenweb.de\/nachrichten\/#organization"},"potentialAction":[{"@type":"SearchAction","target":{"@type":"EntryPoint","urlTemplate":"https:\/\/www.strassenweb.de\/nachrichten\/?s={search_term_string}"},"query-input":{"@type":"PropertyValueSpecification","valueRequired":true,"valueName":"search_term_string"}}],"inLanguage":"de"},{"@type":"Organization","@id":"https:\/\/www.strassenweb.de\/nachrichten\/#organization","name":"Stra\u00dfenweb","url":"https:\/\/www.strassenweb.de\/nachrichten\/","logo":{"@type":"ImageObject","inLanguage":"de","@id":"https:\/\/www.strassenweb.de\/nachrichten\/#\/schema\/logo\/image\/","url":"https:\/\/www.strassenweb.de\/nachrichten\/wp-content\/uploads\/2024\/09\/cropped-favicon.png","contentUrl":"https:\/\/www.strassenweb.de\/nachrichten\/wp-content\/uploads\/2024\/09\/cropped-favicon.png","width":512,"height":512,"caption":"Stra\u00dfenweb"},"image":{"@id":"https:\/\/www.strassenweb.de\/nachrichten\/#\/schema\/logo\/image\/"},"sameAs":["https:\/\/www.facebook.com\/strassenweb\/"]},{"@type":"Person","@id":"https:\/\/www.strassenweb.de\/nachrichten\/#\/schema\/person\/87c9c9067f1211da429a744dc5a5aa41","name":"Robert Hoffmann","image":{"@type":"ImageObject","inLanguage":"de","@id":"https:\/\/www.strassenweb.de\/nachrichten\/wp-content\/uploads\/2024\/09\/strassenweb-150x150.jpg","url":"https:\/\/www.strassenweb.de\/nachrichten\/wp-content\/uploads\/2024\/09\/strassenweb-150x150.jpg","contentUrl":"https:\/\/www.strassenweb.de\/nachrichten\/wp-content\/uploads\/2024\/09\/strassenweb-150x150.jpg","caption":"Robert Hoffmann"},"description":"Ich hei\u00dfe Robert Hoffmann und ich bin ein leidenschaftlicher Verfechter von \u00d6kologie und Biodiversit\u00e4t. Seit meiner Kindheit in den W\u00e4ldern Bayerns f\u00fchle ich mich mit der Natur verbunden und bin entschlossen, sie zu sch\u00fctzen. Heute widme ich mein Leben der Sensibilisierung anderer f\u00fcr die Bedeutung des Umweltschutzes f\u00fcr zuk\u00fcnftige Generationen.","sameAs":["https:\/\/www.strassenweb.de\/"]}]}},"_links":{"self":[{"href":"https:\/\/www.strassenweb.de\/nachrichten\/wp-json\/wp\/v2\/posts\/851","targetHints":{"allow":["GET"]}}],"collection":[{"href":"https:\/\/www.strassenweb.de\/nachrichten\/wp-json\/wp\/v2\/posts"}],"about":[{"href":"https:\/\/www.strassenweb.de\/nachrichten\/wp-json\/wp\/v2\/types\/post"}],"author":[{"embeddable":true,"href":"https:\/\/www.strassenweb.de\/nachrichten\/wp-json\/wp\/v2\/users\/1"}],"replies":[{"embeddable":true,"href":"https:\/\/www.strassenweb.de\/nachrichten\/wp-json\/wp\/v2\/comments?post=851"}],"version-history":[{"count":0,"href":"https:\/\/www.strassenweb.de\/nachrichten\/wp-json\/wp\/v2\/posts\/851\/revisions"}],"wp:featuredmedia":[{"embeddable":true,"href":"https:\/\/www.strassenweb.de\/nachrichten\/wp-json\/wp\/v2\/media\/852"}],"wp:attachment":[{"href":"https:\/\/www.strassenweb.de\/nachrichten\/wp-json\/wp\/v2\/media?parent=851"}],"wp:term":[{"taxonomy":"category","embeddable":true,"href":"https:\/\/www.strassenweb.de\/nachrichten\/wp-json\/wp\/v2\/categories?post=851"},{"taxonomy":"post_tag","embeddable":true,"href":"https:\/\/www.strassenweb.de\/nachrichten\/wp-json\/wp\/v2\/tags?post=851"}],"curies":[{"name":"wp","href":"https:\/\/api.w.org\/{rel}","templated":true}]}}