{"id":8493,"date":"2025-10-15T13:39:17","date_gmt":"2025-10-15T11:39:17","guid":{"rendered":"https:\/\/www.strassenweb.de\/nachrichten\/auf-meinem-weihnachtstisch-gibt-es-keinen-platz-fuer-langweiliges-dekor-und-die-weihnachtskollektion-von-anthropologie-hat-die-anforderungen-an-froehlich-kitschiges-und-farbenfrohes-geschirr-erfuellt\/"},"modified":"2025-10-15T13:39:18","modified_gmt":"2025-10-15T11:39:18","slug":"auf-meinem-weihnachtstisch-gibt-es-keinen-platz-fuer-langweiliges-dekor-und-die-weihnachtskollektion-von-anthropologie-hat-die-anforderungen-an-froehlich-kitschiges-und-farbenfrohes-geschirr-erfuellt","status":"publish","type":"post","link":"https:\/\/www.strassenweb.de\/nachrichten\/auf-meinem-weihnachtstisch-gibt-es-keinen-platz-fuer-langweiliges-dekor-und-die-weihnachtskollektion-von-anthropologie-hat-die-anforderungen-an-froehlich-kitschiges-und-farbenfrohes-geschirr-erfuellt\/","title":{"rendered":"Auf meinem Weihnachtstisch gibt es keinen Platz f\u00fcr langweiliges Dekor, und die Weihnachtskollektion von Anthropologie hat die Anforderungen an fr\u00f6hlich kitschiges und farbenfrohes Geschirr erf\u00fcllt"},"content":{"rendered":"<p><\/p>\n<div id=\"article-body\" class=\"article__body \">\n<p id=\"fbfc89d1-3f44-4c83-b758-571719ec4de3\">Ganz gleich, wie sorgf\u00e4ltig ich normalerweise eine Tischlandschaft arrangiere oder ein Farbschema plane, ich gehe an die Feiertage immer anders heran. Wenn es um weihnachtliche Deko-Ideen geht, verzichte ich mit gr\u00f6\u00dfter Freude auf jedes Qu\u00e4ntchen Zur\u00fcckhaltung und setze auf pr\u00e4chtigen, farbenfrohen Kitsch. Meine neueste Obsession? Die retro-inspirierte, \u00e4u\u00dferst charmante Urlaubsk\u00fcchen- und Esszimmerkollektion von Anthropologie.<\/p>\n<div id=\"ad-unit-1\" class=\"ad-unit\"><\/div>\n<p>Ich kann mir Weihnachten ohne skurrile Dekoration und unpassende Ornamente nicht vorstellen. Zu viel Regelm\u00e4\u00dfigkeit und pl\u00f6tzlich ger\u00e4t die fr\u00f6hliche Feststimmung ins Wanken. Als ich Anthropologies Weihnachtsdeko f\u00fcr 2025 entdeckte, wollte ich unbedingt mein Zuhause mit jedem verspielten St\u00fcck f\u00fcllen. Und jetzt, da ihre Weihnachtsessenkollektion offiziell eingetroffen ist, kann ich endlich die kitschige, fr\u00f6hliche Tischlandschaft kreieren, von der ich getr\u00e4umt habe.<\/p>\n<figure class=\"van-image-figure inline-layout \" data-bordeaux-image-check id=\"a6a483e2-35ac-4750-989b-b3a091431b1b\">\n<div class=\"image-full-width-wrapper\">\n<div class=\"image-widthsetter\" style=\"max-width:2000px;\"><\/div>\n<\/div><figcaption class=\"inline-layout \">\n<div class=\"caption-text\">\n<p>Im Bild: Die New York City Ballet Steingut-Dessertteller von Anthropologie<\/p>\n<\/div>\n<\/figcaption><\/figure>\n<p id=\"528cd44b-31df-4fd8-b5aa-dd816a3b34af\">Es gibt etwas an Anthropologie, das mich wirklich dazu bringt, das Regelwerk zu zerrei\u00dfen; Ich habe bereits damit begonnen, meine Anthropologie-Weihnachtsdekorationen f\u00fcr den Herbst zu verwenden, aber jetzt bin ich bereit, die Festlichkeiten noch einen Schritt weiter zu bringen. Sie k\u00f6nnen es mir nicht ver\u00fcbeln \u2013 was kann ich sonst noch tun, wenn ich ein perlenbesetztes, kariertes Tischset f\u00fcr die Feiertage oder einen Tortenst\u00e4nder aus Lebkuchensteinzeug entdecke?<\/p>\n<div class=\"van_vid_carousel\">\n<div class=\"van_vid_carousel__padding\">\n<div class=\"van_vid_carousel__container\"><\/div>\n<\/div>\n<\/div>\n<aside data-block-type=\"embed\" data-render-type=\"fte\" data-skip=\"dealsy\" data-widget-type=\"seasonal\" class=\"hawk-root\"><\/aside>\n<p id=\"528cd44b-31df-4fd8-b5aa-dd816a3b34af-1\">Wenn Sie wie ich von einem kitschigen Weihnachtsfest tr\u00e4umen, m\u00f6chten Sie einige dieser St\u00fccke auf Ihren Tisch legen. Es war schwierig, meine Favoriten auszuw\u00e4hlen, aber ich habe unten eine Auswahl zusammengestellt.<\/p>\n<div id=\"ad-unit-2\" class=\"ad-unit\"><\/div>\n<h2 id=\"shop-anthropologie-s-holiday-dining-collection-3\">Kaufen Sie die Holiday Dining-Kollektion von Anthropologie<\/h2>\n<div class=\"product-container hero-product-container product-block-no-wrap\">\n<div class=\"product-block-row\"><\/div>\n<div class=\"product-block-row\"><\/div>\n<div class=\"product-block-row\"><\/div>\n<div class=\"product-block-row\"><\/div>\n<div class=\"product-block-row\"><\/div>\n<div class=\"product-block-row\"><\/div>\n<div class=\"product-block-row\"><\/div>\n<div class=\"product-block-row\"><\/div>\n<div class=\"product-block-row\"><\/div>\n<\/div>\n<hr id=\"ed1acfa9-b60e-408b-b8b3-bf041a8b0722\">\n<p id=\"e57b62c8-602d-4a66-8bb1-31b1dc109cf7\">Auf der Suche nach mehr kitschiger Tischdekoration? Ich habe das Gef\u00fchl, dass Sie die IKEA-Geschirrkollektion von Gustaf Westman lieben werden. Erwarten Sie kr\u00e4ftige Farben, verspielte Silhouetten und jede Menge Statement-St\u00fccke, die Ihre G\u00e4ste garantiert begeistern werden.<\/p>\n<div id=\"slice-container-newsletterForm-articleInbodyContent-JzqTfgekhFKmvawZcjHnHm\" class=\"slice-container newsletter-inbodyContent-slice newsletterForm-articleInbodyContent-JzqTfgekhFKmvawZcjHnHm slice-container-newsletterForm\"><\/div>\n<div class=\"block\" id=\"articleTag\" data-component-name=\"PostArticleLinks\">\n<div class=\"border-b border-b-black border-solid py-2.5 text-black font-bold uppercase\">THEMEN<\/div>\n<nav class=\"py-2.5 flex gap-2.5 flex-wrap\" data-analytics-id=\"article-tag\">\n<p>Anthropologie<\/p>\n<\/nav>\n<\/div>\n<\/div>\n","protected":false},"excerpt":{"rendered":"<p>Ganz gleich, wie sorgf\u00e4ltig ich normalerweise eine Tischlandschaft arrangiere oder ein Farbschema plane, ich gehe an die Feiertage immer anders heran. Wenn es um weihnachtliche<\/p>\n","protected":false},"author":1,"featured_media":8494,"comment_status":"closed","ping_status":"","sticky":false,"template":"","format":"standard","meta":{"footnotes":""},"categories":[118],"tags":[10828,5039,46,4059,9,10832,10831,10829,55,5895,53,189,6548,10830,10827,1860,474,37,21,2509,10826],"class_list":["post-8493","post","type-post","status-publish","format-standard","has-post-thumbnail","hentry","category-haus-garten","tag-anforderungen","tag-anthropologie","tag-auf","tag-dekor","tag-die","tag-erfuellt","tag-farbenfrohes","tag-froehlich","tag-fuer","tag-geschirr","tag-gibt","tag-hat","tag-keinen","tag-kitschiges","tag-langweiliges","tag-meinem","tag-platz","tag-und","tag-von","tag-weihnachtskollektion","tag-weihnachtstisch","generate-columns","tablet-grid-50","mobile-grid-100","grid-parent","grid-50"],"yoast_head":"<!-- This site is optimized with the Yoast SEO plugin v27.3 - https:\/\/yoast.com\/product\/yoast-seo-wordpress\/ -->\n<title>Auf meinem Weihnachtstisch gibt es keinen Platz f\u00fcr langweiliges Dekor, und die Weihnachtskollektion von Anthropologie hat die Anforderungen an fr\u00f6hlich kitschiges und farbenfrohes Geschirr erf\u00fcllt - Nachrichten - Stra\u00dfenweb<\/title>\n<meta name=\"robots\" content=\"index, follow, max-snippet:-1, max-image-preview:large, max-video-preview:-1\" \/>\n<link rel=\"canonical\" href=\"https:\/\/www.strassenweb.de\/nachrichten\/auf-meinem-weihnachtstisch-gibt-es-keinen-platz-fuer-langweiliges-dekor-und-die-weihnachtskollektion-von-anthropologie-hat-die-anforderungen-an-froehlich-kitschiges-und-farbenfrohes-geschirr-erfuellt\/\" \/>\n<meta property=\"og:locale\" content=\"de_DE\" \/>\n<meta property=\"og:type\" content=\"article\" \/>\n<meta property=\"og:title\" content=\"Auf meinem Weihnachtstisch gibt es keinen Platz f\u00fcr langweiliges Dekor, und die Weihnachtskollektion von Anthropologie hat die Anforderungen an fr\u00f6hlich kitschiges und farbenfrohes Geschirr erf\u00fcllt - Nachrichten - Stra\u00dfenweb\" \/>\n<meta property=\"og:description\" content=\"Ganz gleich, wie sorgf\u00e4ltig ich normalerweise eine Tischlandschaft arrangiere oder ein Farbschema plane, ich gehe an die Feiertage immer anders heran. Wenn es um weihnachtliche\" \/>\n<meta property=\"og:url\" content=\"https:\/\/www.strassenweb.de\/nachrichten\/auf-meinem-weihnachtstisch-gibt-es-keinen-platz-fuer-langweiliges-dekor-und-die-weihnachtskollektion-von-anthropologie-hat-die-anforderungen-an-froehlich-kitschiges-und-farbenfrohes-geschirr-erfuellt\/\" \/>\n<meta property=\"og:site_name\" content=\"Stra\u00dfenweb\" \/>\n<meta property=\"article:publisher\" content=\"https:\/\/www.facebook.com\/strassenweb\/\" \/>\n<meta property=\"article:published_time\" content=\"2025-10-15T11:39:17+00:00\" \/>\n<meta property=\"article:modified_time\" content=\"2025-10-15T11:39:18+00:00\" \/>\n<meta property=\"og:image\" content=\"https:\/\/www.strassenweb.de\/nachrichten\/wp-content\/uploads\/2025\/10\/Auf-meinem-Weihnachtstisch-gibt-es-keinen-Platz-fuer-langweiliges-Dekor.jpg\" \/>\n\t<meta property=\"og:image:width\" content=\"1600\" \/>\n\t<meta property=\"og:image:height\" content=\"900\" \/>\n\t<meta property=\"og:image:type\" content=\"image\/jpeg\" \/>\n<meta name=\"author\" content=\"Robert Hoffmann\" \/>\n<meta name=\"twitter:card\" content=\"summary_large_image\" \/>\n<meta name=\"twitter:label1\" content=\"Verfasst von\" \/>\n\t<meta name=\"twitter:data1\" content=\"Robert Hoffmann\" \/>\n\t<meta name=\"twitter:label2\" content=\"Gesch\u00e4tzte Lesezeit\" \/>\n\t<meta name=\"twitter:data2\" content=\"1\u00a0Minute\" \/>\n<script type=\"application\/ld+json\" class=\"yoast-schema-graph\">{\"@context\":\"https:\\\/\\\/schema.org\",\"@graph\":[{\"@type\":\"Article\",\"@id\":\"https:\\\/\\\/www.strassenweb.de\\\/nachrichten\\\/auf-meinem-weihnachtstisch-gibt-es-keinen-platz-fuer-langweiliges-dekor-und-die-weihnachtskollektion-von-anthropologie-hat-die-anforderungen-an-froehlich-kitschiges-und-farbenfrohes-geschirr-erfuellt\\\/#article\",\"isPartOf\":{\"@id\":\"https:\\\/\\\/www.strassenweb.de\\\/nachrichten\\\/auf-meinem-weihnachtstisch-gibt-es-keinen-platz-fuer-langweiliges-dekor-und-die-weihnachtskollektion-von-anthropologie-hat-die-anforderungen-an-froehlich-kitschiges-und-farbenfrohes-geschirr-erfuellt\\\/\"},\"author\":{\"name\":\"Robert Hoffmann\",\"@id\":\"https:\\\/\\\/www.strassenweb.de\\\/nachrichten\\\/#\\\/schema\\\/person\\\/87c9c9067f1211da429a744dc5a5aa41\"},\"headline\":\"Auf meinem Weihnachtstisch gibt es keinen Platz f\u00fcr langweiliges Dekor, und die Weihnachtskollektion von Anthropologie hat die Anforderungen an fr\u00f6hlich kitschiges und farbenfrohes Geschirr erf\u00fcllt\",\"datePublished\":\"2025-10-15T11:39:17+00:00\",\"dateModified\":\"2025-10-15T11:39:18+00:00\",\"mainEntityOfPage\":{\"@id\":\"https:\\\/\\\/www.strassenweb.de\\\/nachrichten\\\/auf-meinem-weihnachtstisch-gibt-es-keinen-platz-fuer-langweiliges-dekor-und-die-weihnachtskollektion-von-anthropologie-hat-die-anforderungen-an-froehlich-kitschiges-und-farbenfrohes-geschirr-erfuellt\\\/\"},\"wordCount\":324,\"publisher\":{\"@id\":\"https:\\\/\\\/www.strassenweb.de\\\/nachrichten\\\/#organization\"},\"image\":{\"@id\":\"https:\\\/\\\/www.strassenweb.de\\\/nachrichten\\\/auf-meinem-weihnachtstisch-gibt-es-keinen-platz-fuer-langweiliges-dekor-und-die-weihnachtskollektion-von-anthropologie-hat-die-anforderungen-an-froehlich-kitschiges-und-farbenfrohes-geschirr-erfuellt\\\/#primaryimage\"},\"thumbnailUrl\":\"https:\\\/\\\/www.strassenweb.de\\\/nachrichten\\\/wp-content\\\/uploads\\\/2025\\\/10\\\/Auf-meinem-Weihnachtstisch-gibt-es-keinen-Platz-fuer-langweiliges-Dekor.jpg\",\"keywords\":[\"Anforderungen\",\"Anthropologie\",\"auf\",\"Dekor\",\"die\",\"erf\u00fcllt\",\"farbenfrohes\",\"fr\u00f6hlich\",\"f\u00fcr\",\"Geschirr\",\"gibt\",\"hat\",\"keinen\",\"kitschiges\",\"langweiliges\",\"meinem\",\"Platz\",\"und\",\"von\",\"Weihnachtskollektion\",\"Weihnachtstisch\"],\"articleSection\":[\"Haus &amp; Garten\"],\"inLanguage\":\"de\"},{\"@type\":\"WebPage\",\"@id\":\"https:\\\/\\\/www.strassenweb.de\\\/nachrichten\\\/auf-meinem-weihnachtstisch-gibt-es-keinen-platz-fuer-langweiliges-dekor-und-die-weihnachtskollektion-von-anthropologie-hat-die-anforderungen-an-froehlich-kitschiges-und-farbenfrohes-geschirr-erfuellt\\\/\",\"url\":\"https:\\\/\\\/www.strassenweb.de\\\/nachrichten\\\/auf-meinem-weihnachtstisch-gibt-es-keinen-platz-fuer-langweiliges-dekor-und-die-weihnachtskollektion-von-anthropologie-hat-die-anforderungen-an-froehlich-kitschiges-und-farbenfrohes-geschirr-erfuellt\\\/\",\"name\":\"Auf meinem Weihnachtstisch gibt es keinen Platz f\u00fcr langweiliges Dekor, und die Weihnachtskollektion von Anthropologie hat die Anforderungen an fr\u00f6hlich kitschiges und farbenfrohes Geschirr erf\u00fcllt - Nachrichten - Stra\u00dfenweb\",\"isPartOf\":{\"@id\":\"https:\\\/\\\/www.strassenweb.de\\\/nachrichten\\\/#website\"},\"primaryImageOfPage\":{\"@id\":\"https:\\\/\\\/www.strassenweb.de\\\/nachrichten\\\/auf-meinem-weihnachtstisch-gibt-es-keinen-platz-fuer-langweiliges-dekor-und-die-weihnachtskollektion-von-anthropologie-hat-die-anforderungen-an-froehlich-kitschiges-und-farbenfrohes-geschirr-erfuellt\\\/#primaryimage\"},\"image\":{\"@id\":\"https:\\\/\\\/www.strassenweb.de\\\/nachrichten\\\/auf-meinem-weihnachtstisch-gibt-es-keinen-platz-fuer-langweiliges-dekor-und-die-weihnachtskollektion-von-anthropologie-hat-die-anforderungen-an-froehlich-kitschiges-und-farbenfrohes-geschirr-erfuellt\\\/#primaryimage\"},\"thumbnailUrl\":\"https:\\\/\\\/www.strassenweb.de\\\/nachrichten\\\/wp-content\\\/uploads\\\/2025\\\/10\\\/Auf-meinem-Weihnachtstisch-gibt-es-keinen-Platz-fuer-langweiliges-Dekor.jpg\",\"datePublished\":\"2025-10-15T11:39:17+00:00\",\"dateModified\":\"2025-10-15T11:39:18+00:00\",\"breadcrumb\":{\"@id\":\"https:\\\/\\\/www.strassenweb.de\\\/nachrichten\\\/auf-meinem-weihnachtstisch-gibt-es-keinen-platz-fuer-langweiliges-dekor-und-die-weihnachtskollektion-von-anthropologie-hat-die-anforderungen-an-froehlich-kitschiges-und-farbenfrohes-geschirr-erfuellt\\\/#breadcrumb\"},\"inLanguage\":\"de\",\"potentialAction\":[{\"@type\":\"ReadAction\",\"target\":[\"https:\\\/\\\/www.strassenweb.de\\\/nachrichten\\\/auf-meinem-weihnachtstisch-gibt-es-keinen-platz-fuer-langweiliges-dekor-und-die-weihnachtskollektion-von-anthropologie-hat-die-anforderungen-an-froehlich-kitschiges-und-farbenfrohes-geschirr-erfuellt\\\/\"]}]},{\"@type\":\"ImageObject\",\"inLanguage\":\"de\",\"@id\":\"https:\\\/\\\/www.strassenweb.de\\\/nachrichten\\\/auf-meinem-weihnachtstisch-gibt-es-keinen-platz-fuer-langweiliges-dekor-und-die-weihnachtskollektion-von-anthropologie-hat-die-anforderungen-an-froehlich-kitschiges-und-farbenfrohes-geschirr-erfuellt\\\/#primaryimage\",\"url\":\"https:\\\/\\\/www.strassenweb.de\\\/nachrichten\\\/wp-content\\\/uploads\\\/2025\\\/10\\\/Auf-meinem-Weihnachtstisch-gibt-es-keinen-Platz-fuer-langweiliges-Dekor.jpg\",\"contentUrl\":\"https:\\\/\\\/www.strassenweb.de\\\/nachrichten\\\/wp-content\\\/uploads\\\/2025\\\/10\\\/Auf-meinem-Weihnachtstisch-gibt-es-keinen-Platz-fuer-langweiliges-Dekor.jpg\",\"width\":1600,\"height\":900,\"caption\":\"Sideboard with blue and pink iridescent glass coupes, a charcuterie board, and a Nutcracker-inspired cocktail shaker\"},{\"@type\":\"BreadcrumbList\",\"@id\":\"https:\\\/\\\/www.strassenweb.de\\\/nachrichten\\\/auf-meinem-weihnachtstisch-gibt-es-keinen-platz-fuer-langweiliges-dekor-und-die-weihnachtskollektion-von-anthropologie-hat-die-anforderungen-an-froehlich-kitschiges-und-farbenfrohes-geschirr-erfuellt\\\/#breadcrumb\",\"itemListElement\":[{\"@type\":\"ListItem\",\"position\":1,\"name\":\"Home\",\"item\":\"https:\\\/\\\/www.strassenweb.de\\\/nachrichten\\\/\"},{\"@type\":\"ListItem\",\"position\":2,\"name\":\"Auf meinem Weihnachtstisch gibt es keinen Platz f\u00fcr langweiliges Dekor, und die Weihnachtskollektion von Anthropologie hat die Anforderungen an fr\u00f6hlich kitschiges und farbenfrohes Geschirr erf\u00fcllt\"}]},{\"@type\":\"WebSite\",\"@id\":\"https:\\\/\\\/www.strassenweb.de\\\/nachrichten\\\/#website\",\"url\":\"https:\\\/\\\/www.strassenweb.de\\\/nachrichten\\\/\",\"name\":\"Stra\u00dfenweb\",\"description\":\"Stra\u00dfenverzeichnis f\u00fcr Deutschland\",\"publisher\":{\"@id\":\"https:\\\/\\\/www.strassenweb.de\\\/nachrichten\\\/#organization\"},\"potentialAction\":[{\"@type\":\"SearchAction\",\"target\":{\"@type\":\"EntryPoint\",\"urlTemplate\":\"https:\\\/\\\/www.strassenweb.de\\\/nachrichten\\\/?s={search_term_string}\"},\"query-input\":{\"@type\":\"PropertyValueSpecification\",\"valueRequired\":true,\"valueName\":\"search_term_string\"}}],\"inLanguage\":\"de\"},{\"@type\":\"Organization\",\"@id\":\"https:\\\/\\\/www.strassenweb.de\\\/nachrichten\\\/#organization\",\"name\":\"Stra\u00dfenweb\",\"url\":\"https:\\\/\\\/www.strassenweb.de\\\/nachrichten\\\/\",\"logo\":{\"@type\":\"ImageObject\",\"inLanguage\":\"de\",\"@id\":\"https:\\\/\\\/www.strassenweb.de\\\/nachrichten\\\/#\\\/schema\\\/logo\\\/image\\\/\",\"url\":\"https:\\\/\\\/www.strassenweb.de\\\/nachrichten\\\/wp-content\\\/uploads\\\/2024\\\/09\\\/cropped-favicon.png\",\"contentUrl\":\"https:\\\/\\\/www.strassenweb.de\\\/nachrichten\\\/wp-content\\\/uploads\\\/2024\\\/09\\\/cropped-favicon.png\",\"width\":512,\"height\":512,\"caption\":\"Stra\u00dfenweb\"},\"image\":{\"@id\":\"https:\\\/\\\/www.strassenweb.de\\\/nachrichten\\\/#\\\/schema\\\/logo\\\/image\\\/\"},\"sameAs\":[\"https:\\\/\\\/www.facebook.com\\\/strassenweb\\\/\"]},{\"@type\":\"Person\",\"@id\":\"https:\\\/\\\/www.strassenweb.de\\\/nachrichten\\\/#\\\/schema\\\/person\\\/87c9c9067f1211da429a744dc5a5aa41\",\"name\":\"Robert Hoffmann\",\"image\":{\"@type\":\"ImageObject\",\"inLanguage\":\"de\",\"@id\":\"https:\\\/\\\/www.strassenweb.de\\\/nachrichten\\\/wp-content\\\/uploads\\\/2024\\\/09\\\/strassenweb-150x150.jpg\",\"url\":\"https:\\\/\\\/www.strassenweb.de\\\/nachrichten\\\/wp-content\\\/uploads\\\/2024\\\/09\\\/strassenweb-150x150.jpg\",\"contentUrl\":\"https:\\\/\\\/www.strassenweb.de\\\/nachrichten\\\/wp-content\\\/uploads\\\/2024\\\/09\\\/strassenweb-150x150.jpg\",\"caption\":\"Robert Hoffmann\"},\"description\":\"Ich hei\u00dfe Robert Hoffmann und ich bin ein leidenschaftlicher Verfechter von \u00d6kologie und Biodiversit\u00e4t. Seit meiner Kindheit in den W\u00e4ldern Bayerns f\u00fchle ich mich mit der Natur verbunden und bin entschlossen, sie zu sch\u00fctzen. Heute widme ich mein Leben der Sensibilisierung anderer f\u00fcr die Bedeutung des Umweltschutzes f\u00fcr zuk\u00fcnftige Generationen.\",\"sameAs\":[\"https:\\\/\\\/www.strassenweb.de\\\/\"]}]}<\/script>\n<!-- \/ Yoast SEO plugin. -->","yoast_head_json":{"title":"Auf meinem Weihnachtstisch gibt es keinen Platz f\u00fcr langweiliges Dekor, und die Weihnachtskollektion von Anthropologie hat die Anforderungen an fr\u00f6hlich kitschiges und farbenfrohes Geschirr erf\u00fcllt - Nachrichten - Stra\u00dfenweb","robots":{"index":"index","follow":"follow","max-snippet":"max-snippet:-1","max-image-preview":"max-image-preview:large","max-video-preview":"max-video-preview:-1"},"canonical":"https:\/\/www.strassenweb.de\/nachrichten\/auf-meinem-weihnachtstisch-gibt-es-keinen-platz-fuer-langweiliges-dekor-und-die-weihnachtskollektion-von-anthropologie-hat-die-anforderungen-an-froehlich-kitschiges-und-farbenfrohes-geschirr-erfuellt\/","og_locale":"de_DE","og_type":"article","og_title":"Auf meinem Weihnachtstisch gibt es keinen Platz f\u00fcr langweiliges Dekor, und die Weihnachtskollektion von Anthropologie hat die Anforderungen an fr\u00f6hlich kitschiges und farbenfrohes Geschirr erf\u00fcllt - Nachrichten - Stra\u00dfenweb","og_description":"Ganz gleich, wie sorgf\u00e4ltig ich normalerweise eine Tischlandschaft arrangiere oder ein Farbschema plane, ich gehe an die Feiertage immer anders heran. Wenn es um weihnachtliche","og_url":"https:\/\/www.strassenweb.de\/nachrichten\/auf-meinem-weihnachtstisch-gibt-es-keinen-platz-fuer-langweiliges-dekor-und-die-weihnachtskollektion-von-anthropologie-hat-die-anforderungen-an-froehlich-kitschiges-und-farbenfrohes-geschirr-erfuellt\/","og_site_name":"Stra\u00dfenweb","article_publisher":"https:\/\/www.facebook.com\/strassenweb\/","article_published_time":"2025-10-15T11:39:17+00:00","article_modified_time":"2025-10-15T11:39:18+00:00","og_image":[{"width":1600,"height":900,"url":"https:\/\/www.strassenweb.de\/nachrichten\/wp-content\/uploads\/2025\/10\/Auf-meinem-Weihnachtstisch-gibt-es-keinen-Platz-fuer-langweiliges-Dekor.jpg","type":"image\/jpeg"}],"author":"Robert Hoffmann","twitter_card":"summary_large_image","twitter_misc":{"Verfasst von":"Robert Hoffmann","Gesch\u00e4tzte Lesezeit":"1\u00a0Minute"},"schema":{"@context":"https:\/\/schema.org","@graph":[{"@type":"Article","@id":"https:\/\/www.strassenweb.de\/nachrichten\/auf-meinem-weihnachtstisch-gibt-es-keinen-platz-fuer-langweiliges-dekor-und-die-weihnachtskollektion-von-anthropologie-hat-die-anforderungen-an-froehlich-kitschiges-und-farbenfrohes-geschirr-erfuellt\/#article","isPartOf":{"@id":"https:\/\/www.strassenweb.de\/nachrichten\/auf-meinem-weihnachtstisch-gibt-es-keinen-platz-fuer-langweiliges-dekor-und-die-weihnachtskollektion-von-anthropologie-hat-die-anforderungen-an-froehlich-kitschiges-und-farbenfrohes-geschirr-erfuellt\/"},"author":{"name":"Robert Hoffmann","@id":"https:\/\/www.strassenweb.de\/nachrichten\/#\/schema\/person\/87c9c9067f1211da429a744dc5a5aa41"},"headline":"Auf meinem Weihnachtstisch gibt es keinen Platz f\u00fcr langweiliges Dekor, und die Weihnachtskollektion von Anthropologie hat die Anforderungen an fr\u00f6hlich kitschiges und farbenfrohes Geschirr erf\u00fcllt","datePublished":"2025-10-15T11:39:17+00:00","dateModified":"2025-10-15T11:39:18+00:00","mainEntityOfPage":{"@id":"https:\/\/www.strassenweb.de\/nachrichten\/auf-meinem-weihnachtstisch-gibt-es-keinen-platz-fuer-langweiliges-dekor-und-die-weihnachtskollektion-von-anthropologie-hat-die-anforderungen-an-froehlich-kitschiges-und-farbenfrohes-geschirr-erfuellt\/"},"wordCount":324,"publisher":{"@id":"https:\/\/www.strassenweb.de\/nachrichten\/#organization"},"image":{"@id":"https:\/\/www.strassenweb.de\/nachrichten\/auf-meinem-weihnachtstisch-gibt-es-keinen-platz-fuer-langweiliges-dekor-und-die-weihnachtskollektion-von-anthropologie-hat-die-anforderungen-an-froehlich-kitschiges-und-farbenfrohes-geschirr-erfuellt\/#primaryimage"},"thumbnailUrl":"https:\/\/www.strassenweb.de\/nachrichten\/wp-content\/uploads\/2025\/10\/Auf-meinem-Weihnachtstisch-gibt-es-keinen-Platz-fuer-langweiliges-Dekor.jpg","keywords":["Anforderungen","Anthropologie","auf","Dekor","die","erf\u00fcllt","farbenfrohes","fr\u00f6hlich","f\u00fcr","Geschirr","gibt","hat","keinen","kitschiges","langweiliges","meinem","Platz","und","von","Weihnachtskollektion","Weihnachtstisch"],"articleSection":["Haus &amp; Garten"],"inLanguage":"de"},{"@type":"WebPage","@id":"https:\/\/www.strassenweb.de\/nachrichten\/auf-meinem-weihnachtstisch-gibt-es-keinen-platz-fuer-langweiliges-dekor-und-die-weihnachtskollektion-von-anthropologie-hat-die-anforderungen-an-froehlich-kitschiges-und-farbenfrohes-geschirr-erfuellt\/","url":"https:\/\/www.strassenweb.de\/nachrichten\/auf-meinem-weihnachtstisch-gibt-es-keinen-platz-fuer-langweiliges-dekor-und-die-weihnachtskollektion-von-anthropologie-hat-die-anforderungen-an-froehlich-kitschiges-und-farbenfrohes-geschirr-erfuellt\/","name":"Auf meinem Weihnachtstisch gibt es keinen Platz f\u00fcr langweiliges Dekor, und die Weihnachtskollektion von Anthropologie hat die Anforderungen an fr\u00f6hlich kitschiges und farbenfrohes Geschirr erf\u00fcllt - Nachrichten - Stra\u00dfenweb","isPartOf":{"@id":"https:\/\/www.strassenweb.de\/nachrichten\/#website"},"primaryImageOfPage":{"@id":"https:\/\/www.strassenweb.de\/nachrichten\/auf-meinem-weihnachtstisch-gibt-es-keinen-platz-fuer-langweiliges-dekor-und-die-weihnachtskollektion-von-anthropologie-hat-die-anforderungen-an-froehlich-kitschiges-und-farbenfrohes-geschirr-erfuellt\/#primaryimage"},"image":{"@id":"https:\/\/www.strassenweb.de\/nachrichten\/auf-meinem-weihnachtstisch-gibt-es-keinen-platz-fuer-langweiliges-dekor-und-die-weihnachtskollektion-von-anthropologie-hat-die-anforderungen-an-froehlich-kitschiges-und-farbenfrohes-geschirr-erfuellt\/#primaryimage"},"thumbnailUrl":"https:\/\/www.strassenweb.de\/nachrichten\/wp-content\/uploads\/2025\/10\/Auf-meinem-Weihnachtstisch-gibt-es-keinen-Platz-fuer-langweiliges-Dekor.jpg","datePublished":"2025-10-15T11:39:17+00:00","dateModified":"2025-10-15T11:39:18+00:00","breadcrumb":{"@id":"https:\/\/www.strassenweb.de\/nachrichten\/auf-meinem-weihnachtstisch-gibt-es-keinen-platz-fuer-langweiliges-dekor-und-die-weihnachtskollektion-von-anthropologie-hat-die-anforderungen-an-froehlich-kitschiges-und-farbenfrohes-geschirr-erfuellt\/#breadcrumb"},"inLanguage":"de","potentialAction":[{"@type":"ReadAction","target":["https:\/\/www.strassenweb.de\/nachrichten\/auf-meinem-weihnachtstisch-gibt-es-keinen-platz-fuer-langweiliges-dekor-und-die-weihnachtskollektion-von-anthropologie-hat-die-anforderungen-an-froehlich-kitschiges-und-farbenfrohes-geschirr-erfuellt\/"]}]},{"@type":"ImageObject","inLanguage":"de","@id":"https:\/\/www.strassenweb.de\/nachrichten\/auf-meinem-weihnachtstisch-gibt-es-keinen-platz-fuer-langweiliges-dekor-und-die-weihnachtskollektion-von-anthropologie-hat-die-anforderungen-an-froehlich-kitschiges-und-farbenfrohes-geschirr-erfuellt\/#primaryimage","url":"https:\/\/www.strassenweb.de\/nachrichten\/wp-content\/uploads\/2025\/10\/Auf-meinem-Weihnachtstisch-gibt-es-keinen-Platz-fuer-langweiliges-Dekor.jpg","contentUrl":"https:\/\/www.strassenweb.de\/nachrichten\/wp-content\/uploads\/2025\/10\/Auf-meinem-Weihnachtstisch-gibt-es-keinen-Platz-fuer-langweiliges-Dekor.jpg","width":1600,"height":900,"caption":"Sideboard with blue and pink iridescent glass coupes, a charcuterie board, and a Nutcracker-inspired cocktail shaker"},{"@type":"BreadcrumbList","@id":"https:\/\/www.strassenweb.de\/nachrichten\/auf-meinem-weihnachtstisch-gibt-es-keinen-platz-fuer-langweiliges-dekor-und-die-weihnachtskollektion-von-anthropologie-hat-die-anforderungen-an-froehlich-kitschiges-und-farbenfrohes-geschirr-erfuellt\/#breadcrumb","itemListElement":[{"@type":"ListItem","position":1,"name":"Home","item":"https:\/\/www.strassenweb.de\/nachrichten\/"},{"@type":"ListItem","position":2,"name":"Auf meinem Weihnachtstisch gibt es keinen Platz f\u00fcr langweiliges Dekor, und die Weihnachtskollektion von Anthropologie hat die Anforderungen an fr\u00f6hlich kitschiges und farbenfrohes Geschirr erf\u00fcllt"}]},{"@type":"WebSite","@id":"https:\/\/www.strassenweb.de\/nachrichten\/#website","url":"https:\/\/www.strassenweb.de\/nachrichten\/","name":"Stra\u00dfenweb","description":"Stra\u00dfenverzeichnis f\u00fcr Deutschland","publisher":{"@id":"https:\/\/www.strassenweb.de\/nachrichten\/#organization"},"potentialAction":[{"@type":"SearchAction","target":{"@type":"EntryPoint","urlTemplate":"https:\/\/www.strassenweb.de\/nachrichten\/?s={search_term_string}"},"query-input":{"@type":"PropertyValueSpecification","valueRequired":true,"valueName":"search_term_string"}}],"inLanguage":"de"},{"@type":"Organization","@id":"https:\/\/www.strassenweb.de\/nachrichten\/#organization","name":"Stra\u00dfenweb","url":"https:\/\/www.strassenweb.de\/nachrichten\/","logo":{"@type":"ImageObject","inLanguage":"de","@id":"https:\/\/www.strassenweb.de\/nachrichten\/#\/schema\/logo\/image\/","url":"https:\/\/www.strassenweb.de\/nachrichten\/wp-content\/uploads\/2024\/09\/cropped-favicon.png","contentUrl":"https:\/\/www.strassenweb.de\/nachrichten\/wp-content\/uploads\/2024\/09\/cropped-favicon.png","width":512,"height":512,"caption":"Stra\u00dfenweb"},"image":{"@id":"https:\/\/www.strassenweb.de\/nachrichten\/#\/schema\/logo\/image\/"},"sameAs":["https:\/\/www.facebook.com\/strassenweb\/"]},{"@type":"Person","@id":"https:\/\/www.strassenweb.de\/nachrichten\/#\/schema\/person\/87c9c9067f1211da429a744dc5a5aa41","name":"Robert Hoffmann","image":{"@type":"ImageObject","inLanguage":"de","@id":"https:\/\/www.strassenweb.de\/nachrichten\/wp-content\/uploads\/2024\/09\/strassenweb-150x150.jpg","url":"https:\/\/www.strassenweb.de\/nachrichten\/wp-content\/uploads\/2024\/09\/strassenweb-150x150.jpg","contentUrl":"https:\/\/www.strassenweb.de\/nachrichten\/wp-content\/uploads\/2024\/09\/strassenweb-150x150.jpg","caption":"Robert Hoffmann"},"description":"Ich hei\u00dfe Robert Hoffmann und ich bin ein leidenschaftlicher Verfechter von \u00d6kologie und Biodiversit\u00e4t. Seit meiner Kindheit in den W\u00e4ldern Bayerns f\u00fchle ich mich mit der Natur verbunden und bin entschlossen, sie zu sch\u00fctzen. Heute widme ich mein Leben der Sensibilisierung anderer f\u00fcr die Bedeutung des Umweltschutzes f\u00fcr zuk\u00fcnftige Generationen.","sameAs":["https:\/\/www.strassenweb.de\/"]}]}},"_links":{"self":[{"href":"https:\/\/www.strassenweb.de\/nachrichten\/wp-json\/wp\/v2\/posts\/8493","targetHints":{"allow":["GET"]}}],"collection":[{"href":"https:\/\/www.strassenweb.de\/nachrichten\/wp-json\/wp\/v2\/posts"}],"about":[{"href":"https:\/\/www.strassenweb.de\/nachrichten\/wp-json\/wp\/v2\/types\/post"}],"author":[{"embeddable":true,"href":"https:\/\/www.strassenweb.de\/nachrichten\/wp-json\/wp\/v2\/users\/1"}],"replies":[{"embeddable":true,"href":"https:\/\/www.strassenweb.de\/nachrichten\/wp-json\/wp\/v2\/comments?post=8493"}],"version-history":[{"count":0,"href":"https:\/\/www.strassenweb.de\/nachrichten\/wp-json\/wp\/v2\/posts\/8493\/revisions"}],"wp:featuredmedia":[{"embeddable":true,"href":"https:\/\/www.strassenweb.de\/nachrichten\/wp-json\/wp\/v2\/media\/8494"}],"wp:attachment":[{"href":"https:\/\/www.strassenweb.de\/nachrichten\/wp-json\/wp\/v2\/media?parent=8493"}],"wp:term":[{"taxonomy":"category","embeddable":true,"href":"https:\/\/www.strassenweb.de\/nachrichten\/wp-json\/wp\/v2\/categories?post=8493"},{"taxonomy":"post_tag","embeddable":true,"href":"https:\/\/www.strassenweb.de\/nachrichten\/wp-json\/wp\/v2\/tags?post=8493"}],"curies":[{"name":"wp","href":"https:\/\/api.w.org\/{rel}","templated":true}]}}