{"id":8475,"date":"2025-10-15T01:40:01","date_gmt":"2025-10-14T23:40:01","guid":{"rendered":"https:\/\/www.strassenweb.de\/nachrichten\/kendall-jenners-unerwartete-kuechenschrankfarbe-koennte-der-groesste-trend-des-jahres-2026-sein-sie-ist-erhebend-raffiniert-und-macht-spass\/"},"modified":"2025-10-15T01:40:02","modified_gmt":"2025-10-14T23:40:02","slug":"kendall-jenners-unerwartete-kuechenschrankfarbe-koennte-der-groesste-trend-des-jahres-2026-sein-sie-ist-erhebend-raffiniert-und-macht-spass","status":"publish","type":"post","link":"https:\/\/www.strassenweb.de\/nachrichten\/kendall-jenners-unerwartete-kuechenschrankfarbe-koennte-der-groesste-trend-des-jahres-2026-sein-sie-ist-erhebend-raffiniert-und-macht-spass\/","title":{"rendered":"Kendall Jenners unerwartete K\u00fcchenschrankfarbe k\u00f6nnte der gr\u00f6\u00dfte Trend des Jahres 2026 sein \u2013 sie ist erhebend, raffiniert und macht Spa\u00df"},"content":{"rendered":"<p><\/p>\n<div id=\"article-body\" class=\"article__body \">\n<p id=\"0f6ff2c8-c20b-4282-aca8-858b421ad95f\">F\u00fcr die Star- und Stilexpertin Kendall Jenner war es nie eine Option, bei der Farbe ihres Geh\u00e4uses auf Nummer sicher zu gehen. Ihr Designteam \u2013 das Mutter-Sohn-Duo Kathleen und Tommy Clements sowie der fantasievolle Waldo Fernandez \u2013 ging bewusst ein Risiko ein und entschied sich f\u00fcr eine K\u00fcchenschrankfarbe, die einen dekorativen Eindruck macht: Blaugr\u00fcn.<\/p>\n<div id=\"ad-unit-1\" class=\"ad-unit\"><\/div>\n<p>Dieser kr\u00e4ftige und dennoch ausgewogene Farbton wird voraussichtlich eine der Heldenfarben des Jahres 2026 sein und steht im Einklang mit dem anhaltenden Trend zu tiefen, pers\u00f6nlichkeitsorientierten, von der Natur inspirierten Farbt\u00f6nen.<\/p>\n<aside data-block-type=\"embed\" data-render-type=\"fte\" data-skip=\"dealsy\" data-widget-type=\"seasonal\" class=\"hawk-root\"><\/aside>\n<p id=\"0f6ff2c8-c20b-4282-aca8-858b421ad95f-2\" class=\"paywall\" aria-hidden=\"true\">Die Wahl einer herausragenden K\u00fcchenfarbe erfordert das Verst\u00e4ndnis subtiler Nuancen, aber als eines der wirkungsvollsten (und kostspieligsten) Merkmale kann sich ein lebendiger Farbton in Bezug auf den Charakter auszahlen. Blaugr\u00fcn ist ein faszinierender Widerspruch, der die Grenzen zwischen Blau und Gr\u00fcn und gleicherma\u00dfen zwischen Komfort und Raffinesse verwischt, wenn er auf eine Inneneinrichtung angewendet wird.<\/p>\n<div class=\"van_vid_carousel\">\n<div class=\"van_vid_carousel__padding\">\n<div class=\"van_vid_carousel__container\"><\/div>\n<\/div>\n<\/div>\n<div class=\"instagram-embed\" id=\"CO5PomZhaBw\">\n<blockquote class=\"instagram-media\" data-instgrm-captioned data-instgrm-version=\"6\" style=\"width:99.375%; width:-webkit-calc(100% - 2px); width:calc(100% - 2px);\">\n<p>Ein Beitrag geteilt von Shade Degges Photography (@shadedeggesphotography)<\/p>\n<p>Ein Foto gepostet von am <\/p>\n<\/blockquote>\n<\/div>\n<p id=\"206d0608-63ae-4ff7-afcd-496cbb29726c\">\u201eEine Dekoration mit Blaugr\u00fcn ist immer eine gute Wahl.\u201c \u201eTeal ist ein sehr ausgewogener, vielseitiger Farbton, der zur Schaffung eines subtilen oder dramatischen Raums verwendet werden kann, da er bei unterschiedlichen Lichtverh\u00e4ltnissen zwischen Blau und Gr\u00fcn wechselt\u201c, sagt Charlotte Cosby, Leiterin der Kreativabteilung bei Farrow &#038; Ball. \u201eSein gr\u00fcner Unterton verleiht einem Raum ein Gef\u00fchl der Ruhe.\u201c<\/p>\n<div id=\"ad-unit-2\" class=\"ad-unit\"><\/div>\n<p>Diese beruhigende, erhebende Wirkung hat ihre Wurzeln in der Natur. Tobias Lewis, Leiter der Marke Valspar, bemerkt: \u201eRaumfarbideen mit biophiler Natur, wie Blau und Gr\u00fcn, rufen eine stressabbauende und stimmungsaufhellende Atmosph\u00e4re hervor.\u201c Dadurch ist Blaugr\u00fcn \u2013 ein tiefer, cyangr\u00fcner Farbton \u2013 ideal f\u00fcr R\u00e4ume, in denen man sich entspannen kann.\u201c Die in den letzten Jahren immer wichtiger werdende Forderung nach Komfort und Entspannung hat zu einem gro\u00dfen Trend hin zu nat\u00fcrlichen, organischen Farbt\u00f6nen in Innenr\u00e4umen gef\u00fchrt und macht die K\u00fcche \u2013 ein historisch belebter, stressanf\u00e4lliger Raum \u2013 zur perfekten Leinwand f\u00fcr solch eine ruhige Farbe.<\/p>\n<p>Letztendlich wird dieser weder zu blaue noch zu gr\u00fcne Farbton wegen seiner umh\u00fcllenden W\u00e4rme und seiner F\u00e4higkeit, Charakter zu verleihen, gesch\u00e4tzt. \u201eTeal ist perfekt ausbalanciert; \u201eEs ist weder zu warm noch zu k\u00fchl, was bedeutet, dass es die ideale Farbe ist, um ein umh\u00fcllendes und intimes Gef\u00fchl zu erzeugen\u201c, fasst Ruth Mottershead, Kreativdirektorin von Little Greene, zusammen. Um einen gem\u00fctlichen, raffinierten Effekt zu erzielen, f\u00fcgt sie hinzu: \u201eVernachl\u00e4ssigen Sie bei einer blaugr\u00fcnen Farbe nicht die dunkleren Farbt\u00f6ne, denn wenn sie \u00fcberall verwendet werden, k\u00f6nnen dunklere blaugr\u00fcne Farben eine gem\u00fctliche, einh\u00fcllende Qualit\u00e4t ausstrahlen und den Charakter eines Raums hervorheben.\u201c<\/p>\n<p>Als kr\u00e4ftige Farbe, die Struktur definiert, wird tiefes Blaugr\u00fcn im Jahr 2026 voraussichtlich ein Schl\u00fcsselton f\u00fcr K\u00fccheninseln und Schr\u00e4nke sein. Aber wenn Sie mutig sind, warum probieren Sie es nicht an Ihren K\u00fcchenw\u00e4nden aus?<\/p>\n<div id=\"slice-container-newsletterForm-articleInbodyContent-p7mRBmRcLwpCzmPfjbbfhB\" class=\"slice-container newsletter-inbodyContent-slice newsletterForm-articleInbodyContent-p7mRBmRcLwpCzmPfjbbfhB slice-container-newsletterForm\"><\/div>\n<h3 class=\"article-body__section\" id=\"section-shop-the-look\"><span>Kaufen Sie den Look<\/span><\/h3>\n<p id=\"b86b964f-30e1-4d1c-bcc3-33c33ed59ec7\">Wenn das Neustreichen Ihrer K\u00fcchenm\u00f6bel nicht auf der Tagesordnung steht, sollten Sie stattdessen blaugr\u00fcne Akzente in Betracht ziehen. Sogar ein paar gut ausgew\u00e4hlte Accessoires k\u00f6nnen den Raum in diesen belebenden, lebensverbessernden Farbton h\u00fcllen.<\/p>\n<div class=\"product-container hero-product-container product-block-no-wrap\">\n<div class=\"product-block-row\"><\/div>\n<div class=\"product-block-row\"><\/div>\n<div class=\"product-block-row\"><\/div>\n<\/div>\n<div class=\"block\" id=\"articleTag\" data-component-name=\"PostArticleLinks\">\n<div class=\"border-b border-b-black border-solid py-2.5 text-black font-bold uppercase\">THEMEN<\/div>\n<nav class=\"py-2.5 flex gap-2.5 flex-wrap\" data-analytics-id=\"article-tag\">\n<p>Kendall Jenner<\/p>\n<\/nav>\n<\/div>\n<\/div>\n<p><script async src=\"\/\/www.instagram.com\/embed.js\"><\/script><\/p>\n","protected":false},"excerpt":{"rendered":"<p>F\u00fcr die Star- und Stilexpertin Kendall Jenner war es nie eine Option, bei der Farbe ihres Geh\u00e4uses auf Nummer sicher zu gehen. Ihr Designteam \u2013<\/p>\n","protected":false},"author":1,"featured_media":8476,"comment_status":"closed","ping_status":"","sticky":false,"template":"","format":"standard","meta":{"footnotes":""},"categories":[118],"tags":[81,281,10808,113,15,282,3145,4204,694,4050,939,3992,306,165,3358,504,37,532],"class_list":["post-8475","post","type-post","status-publish","format-standard","has-post-thumbnail","hentry","category-haus-garten","tag-der","tag-des","tag-erhebend","tag-groesste","tag-ist","tag-jahres","tag-jenners","tag-kendall","tag-koennte","tag-kuechenschrankfarbe","tag-macht","tag-raffiniert","tag-sein","tag-sie","tag-spass","tag-trend","tag-und","tag-unerwartete","generate-columns","tablet-grid-50","mobile-grid-100","grid-parent","grid-50"],"yoast_head":"<!-- This site is optimized with the Yoast SEO plugin v27.3 - https:\/\/yoast.com\/product\/yoast-seo-wordpress\/ -->\n<title>Kendall Jenners unerwartete K\u00fcchenschrankfarbe k\u00f6nnte der gr\u00f6\u00dfte Trend des Jahres 2026 sein \u2013 sie ist erhebend, raffiniert und macht Spa\u00df - Nachrichten - Stra\u00dfenweb<\/title>\n<meta name=\"robots\" content=\"index, follow, max-snippet:-1, max-image-preview:large, max-video-preview:-1\" \/>\n<link rel=\"canonical\" href=\"https:\/\/www.strassenweb.de\/nachrichten\/kendall-jenners-unerwartete-kuechenschrankfarbe-koennte-der-groesste-trend-des-jahres-2026-sein-sie-ist-erhebend-raffiniert-und-macht-spass\/\" \/>\n<meta property=\"og:locale\" content=\"de_DE\" \/>\n<meta property=\"og:type\" content=\"article\" \/>\n<meta property=\"og:title\" content=\"Kendall Jenners unerwartete K\u00fcchenschrankfarbe k\u00f6nnte der gr\u00f6\u00dfte Trend des Jahres 2026 sein \u2013 sie ist erhebend, raffiniert und macht Spa\u00df - Nachrichten - Stra\u00dfenweb\" \/>\n<meta property=\"og:description\" content=\"F\u00fcr die Star- und Stilexpertin Kendall Jenner war es nie eine Option, bei der Farbe ihres Geh\u00e4uses auf Nummer sicher zu gehen. Ihr Designteam \u2013\" \/>\n<meta property=\"og:url\" content=\"https:\/\/www.strassenweb.de\/nachrichten\/kendall-jenners-unerwartete-kuechenschrankfarbe-koennte-der-groesste-trend-des-jahres-2026-sein-sie-ist-erhebend-raffiniert-und-macht-spass\/\" \/>\n<meta property=\"og:site_name\" content=\"Stra\u00dfenweb\" \/>\n<meta property=\"article:publisher\" content=\"https:\/\/www.facebook.com\/strassenweb\/\" \/>\n<meta property=\"article:published_time\" content=\"2025-10-14T23:40:01+00:00\" \/>\n<meta property=\"article:modified_time\" content=\"2025-10-14T23:40:02+00:00\" \/>\n<meta property=\"og:image\" content=\"https:\/\/www.strassenweb.de\/nachrichten\/wp-content\/uploads\/2025\/10\/Kendall-Jenners-unerwartete-Kuechenschrankfarbe-koennte-der-groesste-Trend-des-Jahres.jpg\" \/>\n\t<meta property=\"og:image:width\" content=\"2560\" \/>\n\t<meta property=\"og:image:height\" content=\"1440\" \/>\n\t<meta property=\"og:image:type\" content=\"image\/jpeg\" \/>\n<meta name=\"author\" content=\"Robert Hoffmann\" \/>\n<meta name=\"twitter:card\" content=\"summary_large_image\" \/>\n<meta name=\"twitter:label1\" content=\"Verfasst von\" \/>\n\t<meta name=\"twitter:data1\" content=\"Robert Hoffmann\" \/>\n\t<meta name=\"twitter:label2\" content=\"Gesch\u00e4tzte Lesezeit\" \/>\n\t<meta name=\"twitter:data2\" content=\"3\u00a0Minuten\" \/>\n<script type=\"application\/ld+json\" class=\"yoast-schema-graph\">{\"@context\":\"https:\\\/\\\/schema.org\",\"@graph\":[{\"@type\":\"Article\",\"@id\":\"https:\\\/\\\/www.strassenweb.de\\\/nachrichten\\\/kendall-jenners-unerwartete-kuechenschrankfarbe-koennte-der-groesste-trend-des-jahres-2026-sein-sie-ist-erhebend-raffiniert-und-macht-spass\\\/#article\",\"isPartOf\":{\"@id\":\"https:\\\/\\\/www.strassenweb.de\\\/nachrichten\\\/kendall-jenners-unerwartete-kuechenschrankfarbe-koennte-der-groesste-trend-des-jahres-2026-sein-sie-ist-erhebend-raffiniert-und-macht-spass\\\/\"},\"author\":{\"name\":\"Robert Hoffmann\",\"@id\":\"https:\\\/\\\/www.strassenweb.de\\\/nachrichten\\\/#\\\/schema\\\/person\\\/87c9c9067f1211da429a744dc5a5aa41\"},\"headline\":\"Kendall Jenners unerwartete K\u00fcchenschrankfarbe k\u00f6nnte der gr\u00f6\u00dfte Trend des Jahres 2026 sein \u2013 sie ist erhebend, raffiniert und macht Spa\u00df\",\"datePublished\":\"2025-10-14T23:40:01+00:00\",\"dateModified\":\"2025-10-14T23:40:02+00:00\",\"mainEntityOfPage\":{\"@id\":\"https:\\\/\\\/www.strassenweb.de\\\/nachrichten\\\/kendall-jenners-unerwartete-kuechenschrankfarbe-koennte-der-groesste-trend-des-jahres-2026-sein-sie-ist-erhebend-raffiniert-und-macht-spass\\\/\"},\"wordCount\":553,\"publisher\":{\"@id\":\"https:\\\/\\\/www.strassenweb.de\\\/nachrichten\\\/#organization\"},\"image\":{\"@id\":\"https:\\\/\\\/www.strassenweb.de\\\/nachrichten\\\/kendall-jenners-unerwartete-kuechenschrankfarbe-koennte-der-groesste-trend-des-jahres-2026-sein-sie-ist-erhebend-raffiniert-und-macht-spass\\\/#primaryimage\"},\"thumbnailUrl\":\"https:\\\/\\\/www.strassenweb.de\\\/nachrichten\\\/wp-content\\\/uploads\\\/2025\\\/10\\\/Kendall-Jenners-unerwartete-Kuechenschrankfarbe-koennte-der-groesste-Trend-des-Jahres.jpg\",\"keywords\":[\"der\",\"des\",\"erhebend\",\"gr\u00f6\u00dfte\",\"ist\",\"Jahres\",\"Jenners\",\"Kendall\",\"k\u00f6nnte\",\"K\u00fcchenschrankfarbe\",\"macht\",\"raffiniert\",\"sein\",\"Sie\",\"Spa\u00df\",\"Trend\",\"und\",\"unerwartete\"],\"articleSection\":[\"Haus &amp; Garten\"],\"inLanguage\":\"de\"},{\"@type\":\"WebPage\",\"@id\":\"https:\\\/\\\/www.strassenweb.de\\\/nachrichten\\\/kendall-jenners-unerwartete-kuechenschrankfarbe-koennte-der-groesste-trend-des-jahres-2026-sein-sie-ist-erhebend-raffiniert-und-macht-spass\\\/\",\"url\":\"https:\\\/\\\/www.strassenweb.de\\\/nachrichten\\\/kendall-jenners-unerwartete-kuechenschrankfarbe-koennte-der-groesste-trend-des-jahres-2026-sein-sie-ist-erhebend-raffiniert-und-macht-spass\\\/\",\"name\":\"Kendall Jenners unerwartete K\u00fcchenschrankfarbe k\u00f6nnte der gr\u00f6\u00dfte Trend des Jahres 2026 sein \u2013 sie ist erhebend, raffiniert und macht Spa\u00df - Nachrichten - Stra\u00dfenweb\",\"isPartOf\":{\"@id\":\"https:\\\/\\\/www.strassenweb.de\\\/nachrichten\\\/#website\"},\"primaryImageOfPage\":{\"@id\":\"https:\\\/\\\/www.strassenweb.de\\\/nachrichten\\\/kendall-jenners-unerwartete-kuechenschrankfarbe-koennte-der-groesste-trend-des-jahres-2026-sein-sie-ist-erhebend-raffiniert-und-macht-spass\\\/#primaryimage\"},\"image\":{\"@id\":\"https:\\\/\\\/www.strassenweb.de\\\/nachrichten\\\/kendall-jenners-unerwartete-kuechenschrankfarbe-koennte-der-groesste-trend-des-jahres-2026-sein-sie-ist-erhebend-raffiniert-und-macht-spass\\\/#primaryimage\"},\"thumbnailUrl\":\"https:\\\/\\\/www.strassenweb.de\\\/nachrichten\\\/wp-content\\\/uploads\\\/2025\\\/10\\\/Kendall-Jenners-unerwartete-Kuechenschrankfarbe-koennte-der-groesste-Trend-des-Jahres.jpg\",\"datePublished\":\"2025-10-14T23:40:01+00:00\",\"dateModified\":\"2025-10-14T23:40:02+00:00\",\"breadcrumb\":{\"@id\":\"https:\\\/\\\/www.strassenweb.de\\\/nachrichten\\\/kendall-jenners-unerwartete-kuechenschrankfarbe-koennte-der-groesste-trend-des-jahres-2026-sein-sie-ist-erhebend-raffiniert-und-macht-spass\\\/#breadcrumb\"},\"inLanguage\":\"de\",\"potentialAction\":[{\"@type\":\"ReadAction\",\"target\":[\"https:\\\/\\\/www.strassenweb.de\\\/nachrichten\\\/kendall-jenners-unerwartete-kuechenschrankfarbe-koennte-der-groesste-trend-des-jahres-2026-sein-sie-ist-erhebend-raffiniert-und-macht-spass\\\/\"]}]},{\"@type\":\"ImageObject\",\"inLanguage\":\"de\",\"@id\":\"https:\\\/\\\/www.strassenweb.de\\\/nachrichten\\\/kendall-jenners-unerwartete-kuechenschrankfarbe-koennte-der-groesste-trend-des-jahres-2026-sein-sie-ist-erhebend-raffiniert-und-macht-spass\\\/#primaryimage\",\"url\":\"https:\\\/\\\/www.strassenweb.de\\\/nachrichten\\\/wp-content\\\/uploads\\\/2025\\\/10\\\/Kendall-Jenners-unerwartete-Kuechenschrankfarbe-koennte-der-groesste-Trend-des-Jahres.jpg\",\"contentUrl\":\"https:\\\/\\\/www.strassenweb.de\\\/nachrichten\\\/wp-content\\\/uploads\\\/2025\\\/10\\\/Kendall-Jenners-unerwartete-Kuechenschrankfarbe-koennte-der-groesste-Trend-des-Jahres.jpg\",\"width\":2560,\"height\":1440,\"caption\":\"Kendall Jenners unerwartete K\u00fcchenschrankfarbe k\u00f6nnte der gr\u00f6\u00dfte Trend des Jahres 2026 sein \u2013 sie ist erhebend, raffiniert und macht Spa\u00df\"},{\"@type\":\"BreadcrumbList\",\"@id\":\"https:\\\/\\\/www.strassenweb.de\\\/nachrichten\\\/kendall-jenners-unerwartete-kuechenschrankfarbe-koennte-der-groesste-trend-des-jahres-2026-sein-sie-ist-erhebend-raffiniert-und-macht-spass\\\/#breadcrumb\",\"itemListElement\":[{\"@type\":\"ListItem\",\"position\":1,\"name\":\"Home\",\"item\":\"https:\\\/\\\/www.strassenweb.de\\\/nachrichten\\\/\"},{\"@type\":\"ListItem\",\"position\":2,\"name\":\"Kendall Jenners unerwartete K\u00fcchenschrankfarbe k\u00f6nnte der gr\u00f6\u00dfte Trend des Jahres 2026 sein \u2013 sie ist erhebend, raffiniert und macht Spa\u00df\"}]},{\"@type\":\"WebSite\",\"@id\":\"https:\\\/\\\/www.strassenweb.de\\\/nachrichten\\\/#website\",\"url\":\"https:\\\/\\\/www.strassenweb.de\\\/nachrichten\\\/\",\"name\":\"Stra\u00dfenweb\",\"description\":\"Stra\u00dfenverzeichnis f\u00fcr Deutschland\",\"publisher\":{\"@id\":\"https:\\\/\\\/www.strassenweb.de\\\/nachrichten\\\/#organization\"},\"potentialAction\":[{\"@type\":\"SearchAction\",\"target\":{\"@type\":\"EntryPoint\",\"urlTemplate\":\"https:\\\/\\\/www.strassenweb.de\\\/nachrichten\\\/?s={search_term_string}\"},\"query-input\":{\"@type\":\"PropertyValueSpecification\",\"valueRequired\":true,\"valueName\":\"search_term_string\"}}],\"inLanguage\":\"de\"},{\"@type\":\"Organization\",\"@id\":\"https:\\\/\\\/www.strassenweb.de\\\/nachrichten\\\/#organization\",\"name\":\"Stra\u00dfenweb\",\"url\":\"https:\\\/\\\/www.strassenweb.de\\\/nachrichten\\\/\",\"logo\":{\"@type\":\"ImageObject\",\"inLanguage\":\"de\",\"@id\":\"https:\\\/\\\/www.strassenweb.de\\\/nachrichten\\\/#\\\/schema\\\/logo\\\/image\\\/\",\"url\":\"https:\\\/\\\/www.strassenweb.de\\\/nachrichten\\\/wp-content\\\/uploads\\\/2024\\\/09\\\/cropped-favicon.png\",\"contentUrl\":\"https:\\\/\\\/www.strassenweb.de\\\/nachrichten\\\/wp-content\\\/uploads\\\/2024\\\/09\\\/cropped-favicon.png\",\"width\":512,\"height\":512,\"caption\":\"Stra\u00dfenweb\"},\"image\":{\"@id\":\"https:\\\/\\\/www.strassenweb.de\\\/nachrichten\\\/#\\\/schema\\\/logo\\\/image\\\/\"},\"sameAs\":[\"https:\\\/\\\/www.facebook.com\\\/strassenweb\\\/\"]},{\"@type\":\"Person\",\"@id\":\"https:\\\/\\\/www.strassenweb.de\\\/nachrichten\\\/#\\\/schema\\\/person\\\/87c9c9067f1211da429a744dc5a5aa41\",\"name\":\"Robert Hoffmann\",\"image\":{\"@type\":\"ImageObject\",\"inLanguage\":\"de\",\"@id\":\"https:\\\/\\\/www.strassenweb.de\\\/nachrichten\\\/wp-content\\\/uploads\\\/2024\\\/09\\\/strassenweb-150x150.jpg\",\"url\":\"https:\\\/\\\/www.strassenweb.de\\\/nachrichten\\\/wp-content\\\/uploads\\\/2024\\\/09\\\/strassenweb-150x150.jpg\",\"contentUrl\":\"https:\\\/\\\/www.strassenweb.de\\\/nachrichten\\\/wp-content\\\/uploads\\\/2024\\\/09\\\/strassenweb-150x150.jpg\",\"caption\":\"Robert Hoffmann\"},\"description\":\"Ich hei\u00dfe Robert Hoffmann und ich bin ein leidenschaftlicher Verfechter von \u00d6kologie und Biodiversit\u00e4t. Seit meiner Kindheit in den W\u00e4ldern Bayerns f\u00fchle ich mich mit der Natur verbunden und bin entschlossen, sie zu sch\u00fctzen. Heute widme ich mein Leben der Sensibilisierung anderer f\u00fcr die Bedeutung des Umweltschutzes f\u00fcr zuk\u00fcnftige Generationen.\",\"sameAs\":[\"https:\\\/\\\/www.strassenweb.de\\\/\"]}]}<\/script>\n<!-- \/ Yoast SEO plugin. -->","yoast_head_json":{"title":"Kendall Jenners unerwartete K\u00fcchenschrankfarbe k\u00f6nnte der gr\u00f6\u00dfte Trend des Jahres 2026 sein \u2013 sie ist erhebend, raffiniert und macht Spa\u00df - Nachrichten - Stra\u00dfenweb","robots":{"index":"index","follow":"follow","max-snippet":"max-snippet:-1","max-image-preview":"max-image-preview:large","max-video-preview":"max-video-preview:-1"},"canonical":"https:\/\/www.strassenweb.de\/nachrichten\/kendall-jenners-unerwartete-kuechenschrankfarbe-koennte-der-groesste-trend-des-jahres-2026-sein-sie-ist-erhebend-raffiniert-und-macht-spass\/","og_locale":"de_DE","og_type":"article","og_title":"Kendall Jenners unerwartete K\u00fcchenschrankfarbe k\u00f6nnte der gr\u00f6\u00dfte Trend des Jahres 2026 sein \u2013 sie ist erhebend, raffiniert und macht Spa\u00df - Nachrichten - Stra\u00dfenweb","og_description":"F\u00fcr die Star- und Stilexpertin Kendall Jenner war es nie eine Option, bei der Farbe ihres Geh\u00e4uses auf Nummer sicher zu gehen. Ihr Designteam \u2013","og_url":"https:\/\/www.strassenweb.de\/nachrichten\/kendall-jenners-unerwartete-kuechenschrankfarbe-koennte-der-groesste-trend-des-jahres-2026-sein-sie-ist-erhebend-raffiniert-und-macht-spass\/","og_site_name":"Stra\u00dfenweb","article_publisher":"https:\/\/www.facebook.com\/strassenweb\/","article_published_time":"2025-10-14T23:40:01+00:00","article_modified_time":"2025-10-14T23:40:02+00:00","og_image":[{"width":2560,"height":1440,"url":"https:\/\/www.strassenweb.de\/nachrichten\/wp-content\/uploads\/2025\/10\/Kendall-Jenners-unerwartete-Kuechenschrankfarbe-koennte-der-groesste-Trend-des-Jahres.jpg","type":"image\/jpeg"}],"author":"Robert Hoffmann","twitter_card":"summary_large_image","twitter_misc":{"Verfasst von":"Robert Hoffmann","Gesch\u00e4tzte Lesezeit":"3\u00a0Minuten"},"schema":{"@context":"https:\/\/schema.org","@graph":[{"@type":"Article","@id":"https:\/\/www.strassenweb.de\/nachrichten\/kendall-jenners-unerwartete-kuechenschrankfarbe-koennte-der-groesste-trend-des-jahres-2026-sein-sie-ist-erhebend-raffiniert-und-macht-spass\/#article","isPartOf":{"@id":"https:\/\/www.strassenweb.de\/nachrichten\/kendall-jenners-unerwartete-kuechenschrankfarbe-koennte-der-groesste-trend-des-jahres-2026-sein-sie-ist-erhebend-raffiniert-und-macht-spass\/"},"author":{"name":"Robert Hoffmann","@id":"https:\/\/www.strassenweb.de\/nachrichten\/#\/schema\/person\/87c9c9067f1211da429a744dc5a5aa41"},"headline":"Kendall Jenners unerwartete K\u00fcchenschrankfarbe k\u00f6nnte der gr\u00f6\u00dfte Trend des Jahres 2026 sein \u2013 sie ist erhebend, raffiniert und macht Spa\u00df","datePublished":"2025-10-14T23:40:01+00:00","dateModified":"2025-10-14T23:40:02+00:00","mainEntityOfPage":{"@id":"https:\/\/www.strassenweb.de\/nachrichten\/kendall-jenners-unerwartete-kuechenschrankfarbe-koennte-der-groesste-trend-des-jahres-2026-sein-sie-ist-erhebend-raffiniert-und-macht-spass\/"},"wordCount":553,"publisher":{"@id":"https:\/\/www.strassenweb.de\/nachrichten\/#organization"},"image":{"@id":"https:\/\/www.strassenweb.de\/nachrichten\/kendall-jenners-unerwartete-kuechenschrankfarbe-koennte-der-groesste-trend-des-jahres-2026-sein-sie-ist-erhebend-raffiniert-und-macht-spass\/#primaryimage"},"thumbnailUrl":"https:\/\/www.strassenweb.de\/nachrichten\/wp-content\/uploads\/2025\/10\/Kendall-Jenners-unerwartete-Kuechenschrankfarbe-koennte-der-groesste-Trend-des-Jahres.jpg","keywords":["der","des","erhebend","gr\u00f6\u00dfte","ist","Jahres","Jenners","Kendall","k\u00f6nnte","K\u00fcchenschrankfarbe","macht","raffiniert","sein","Sie","Spa\u00df","Trend","und","unerwartete"],"articleSection":["Haus &amp; Garten"],"inLanguage":"de"},{"@type":"WebPage","@id":"https:\/\/www.strassenweb.de\/nachrichten\/kendall-jenners-unerwartete-kuechenschrankfarbe-koennte-der-groesste-trend-des-jahres-2026-sein-sie-ist-erhebend-raffiniert-und-macht-spass\/","url":"https:\/\/www.strassenweb.de\/nachrichten\/kendall-jenners-unerwartete-kuechenschrankfarbe-koennte-der-groesste-trend-des-jahres-2026-sein-sie-ist-erhebend-raffiniert-und-macht-spass\/","name":"Kendall Jenners unerwartete K\u00fcchenschrankfarbe k\u00f6nnte der gr\u00f6\u00dfte Trend des Jahres 2026 sein \u2013 sie ist erhebend, raffiniert und macht Spa\u00df - Nachrichten - Stra\u00dfenweb","isPartOf":{"@id":"https:\/\/www.strassenweb.de\/nachrichten\/#website"},"primaryImageOfPage":{"@id":"https:\/\/www.strassenweb.de\/nachrichten\/kendall-jenners-unerwartete-kuechenschrankfarbe-koennte-der-groesste-trend-des-jahres-2026-sein-sie-ist-erhebend-raffiniert-und-macht-spass\/#primaryimage"},"image":{"@id":"https:\/\/www.strassenweb.de\/nachrichten\/kendall-jenners-unerwartete-kuechenschrankfarbe-koennte-der-groesste-trend-des-jahres-2026-sein-sie-ist-erhebend-raffiniert-und-macht-spass\/#primaryimage"},"thumbnailUrl":"https:\/\/www.strassenweb.de\/nachrichten\/wp-content\/uploads\/2025\/10\/Kendall-Jenners-unerwartete-Kuechenschrankfarbe-koennte-der-groesste-Trend-des-Jahres.jpg","datePublished":"2025-10-14T23:40:01+00:00","dateModified":"2025-10-14T23:40:02+00:00","breadcrumb":{"@id":"https:\/\/www.strassenweb.de\/nachrichten\/kendall-jenners-unerwartete-kuechenschrankfarbe-koennte-der-groesste-trend-des-jahres-2026-sein-sie-ist-erhebend-raffiniert-und-macht-spass\/#breadcrumb"},"inLanguage":"de","potentialAction":[{"@type":"ReadAction","target":["https:\/\/www.strassenweb.de\/nachrichten\/kendall-jenners-unerwartete-kuechenschrankfarbe-koennte-der-groesste-trend-des-jahres-2026-sein-sie-ist-erhebend-raffiniert-und-macht-spass\/"]}]},{"@type":"ImageObject","inLanguage":"de","@id":"https:\/\/www.strassenweb.de\/nachrichten\/kendall-jenners-unerwartete-kuechenschrankfarbe-koennte-der-groesste-trend-des-jahres-2026-sein-sie-ist-erhebend-raffiniert-und-macht-spass\/#primaryimage","url":"https:\/\/www.strassenweb.de\/nachrichten\/wp-content\/uploads\/2025\/10\/Kendall-Jenners-unerwartete-Kuechenschrankfarbe-koennte-der-groesste-Trend-des-Jahres.jpg","contentUrl":"https:\/\/www.strassenweb.de\/nachrichten\/wp-content\/uploads\/2025\/10\/Kendall-Jenners-unerwartete-Kuechenschrankfarbe-koennte-der-groesste-Trend-des-Jahres.jpg","width":2560,"height":1440,"caption":"Kendall Jenners unerwartete K\u00fcchenschrankfarbe k\u00f6nnte der gr\u00f6\u00dfte Trend des Jahres 2026 sein \u2013 sie ist erhebend, raffiniert und macht Spa\u00df"},{"@type":"BreadcrumbList","@id":"https:\/\/www.strassenweb.de\/nachrichten\/kendall-jenners-unerwartete-kuechenschrankfarbe-koennte-der-groesste-trend-des-jahres-2026-sein-sie-ist-erhebend-raffiniert-und-macht-spass\/#breadcrumb","itemListElement":[{"@type":"ListItem","position":1,"name":"Home","item":"https:\/\/www.strassenweb.de\/nachrichten\/"},{"@type":"ListItem","position":2,"name":"Kendall Jenners unerwartete K\u00fcchenschrankfarbe k\u00f6nnte der gr\u00f6\u00dfte Trend des Jahres 2026 sein \u2013 sie ist erhebend, raffiniert und macht Spa\u00df"}]},{"@type":"WebSite","@id":"https:\/\/www.strassenweb.de\/nachrichten\/#website","url":"https:\/\/www.strassenweb.de\/nachrichten\/","name":"Stra\u00dfenweb","description":"Stra\u00dfenverzeichnis f\u00fcr Deutschland","publisher":{"@id":"https:\/\/www.strassenweb.de\/nachrichten\/#organization"},"potentialAction":[{"@type":"SearchAction","target":{"@type":"EntryPoint","urlTemplate":"https:\/\/www.strassenweb.de\/nachrichten\/?s={search_term_string}"},"query-input":{"@type":"PropertyValueSpecification","valueRequired":true,"valueName":"search_term_string"}}],"inLanguage":"de"},{"@type":"Organization","@id":"https:\/\/www.strassenweb.de\/nachrichten\/#organization","name":"Stra\u00dfenweb","url":"https:\/\/www.strassenweb.de\/nachrichten\/","logo":{"@type":"ImageObject","inLanguage":"de","@id":"https:\/\/www.strassenweb.de\/nachrichten\/#\/schema\/logo\/image\/","url":"https:\/\/www.strassenweb.de\/nachrichten\/wp-content\/uploads\/2024\/09\/cropped-favicon.png","contentUrl":"https:\/\/www.strassenweb.de\/nachrichten\/wp-content\/uploads\/2024\/09\/cropped-favicon.png","width":512,"height":512,"caption":"Stra\u00dfenweb"},"image":{"@id":"https:\/\/www.strassenweb.de\/nachrichten\/#\/schema\/logo\/image\/"},"sameAs":["https:\/\/www.facebook.com\/strassenweb\/"]},{"@type":"Person","@id":"https:\/\/www.strassenweb.de\/nachrichten\/#\/schema\/person\/87c9c9067f1211da429a744dc5a5aa41","name":"Robert Hoffmann","image":{"@type":"ImageObject","inLanguage":"de","@id":"https:\/\/www.strassenweb.de\/nachrichten\/wp-content\/uploads\/2024\/09\/strassenweb-150x150.jpg","url":"https:\/\/www.strassenweb.de\/nachrichten\/wp-content\/uploads\/2024\/09\/strassenweb-150x150.jpg","contentUrl":"https:\/\/www.strassenweb.de\/nachrichten\/wp-content\/uploads\/2024\/09\/strassenweb-150x150.jpg","caption":"Robert Hoffmann"},"description":"Ich hei\u00dfe Robert Hoffmann und ich bin ein leidenschaftlicher Verfechter von \u00d6kologie und Biodiversit\u00e4t. Seit meiner Kindheit in den W\u00e4ldern Bayerns f\u00fchle ich mich mit der Natur verbunden und bin entschlossen, sie zu sch\u00fctzen. Heute widme ich mein Leben der Sensibilisierung anderer f\u00fcr die Bedeutung des Umweltschutzes f\u00fcr zuk\u00fcnftige Generationen.","sameAs":["https:\/\/www.strassenweb.de\/"]}]}},"_links":{"self":[{"href":"https:\/\/www.strassenweb.de\/nachrichten\/wp-json\/wp\/v2\/posts\/8475","targetHints":{"allow":["GET"]}}],"collection":[{"href":"https:\/\/www.strassenweb.de\/nachrichten\/wp-json\/wp\/v2\/posts"}],"about":[{"href":"https:\/\/www.strassenweb.de\/nachrichten\/wp-json\/wp\/v2\/types\/post"}],"author":[{"embeddable":true,"href":"https:\/\/www.strassenweb.de\/nachrichten\/wp-json\/wp\/v2\/users\/1"}],"replies":[{"embeddable":true,"href":"https:\/\/www.strassenweb.de\/nachrichten\/wp-json\/wp\/v2\/comments?post=8475"}],"version-history":[{"count":0,"href":"https:\/\/www.strassenweb.de\/nachrichten\/wp-json\/wp\/v2\/posts\/8475\/revisions"}],"wp:featuredmedia":[{"embeddable":true,"href":"https:\/\/www.strassenweb.de\/nachrichten\/wp-json\/wp\/v2\/media\/8476"}],"wp:attachment":[{"href":"https:\/\/www.strassenweb.de\/nachrichten\/wp-json\/wp\/v2\/media?parent=8475"}],"wp:term":[{"taxonomy":"category","embeddable":true,"href":"https:\/\/www.strassenweb.de\/nachrichten\/wp-json\/wp\/v2\/categories?post=8475"},{"taxonomy":"post_tag","embeddable":true,"href":"https:\/\/www.strassenweb.de\/nachrichten\/wp-json\/wp\/v2\/tags?post=8475"}],"curies":[{"name":"wp","href":"https:\/\/api.w.org\/{rel}","templated":true}]}}