{"id":8469,"date":"2025-10-14T19:41:58","date_gmt":"2025-10-14T17:41:58","guid":{"rendered":"https:\/\/www.strassenweb.de\/nachrichten\/die-mini-geraete-von-smeg-sind-das-gemuetlichste-kuechen-upgrade-fuer-unter-200-us-dollar-im-herbst-ich-habe-zwei-ausprobiert-und-bin-begeistert\/"},"modified":"2025-10-14T19:41:59","modified_gmt":"2025-10-14T17:41:59","slug":"die-mini-geraete-von-smeg-sind-das-gemuetlichste-kuechen-upgrade-fuer-unter-200-us-dollar-im-herbst-ich-habe-zwei-ausprobiert-und-bin-begeistert","status":"publish","type":"post","link":"https:\/\/www.strassenweb.de\/nachrichten\/die-mini-geraete-von-smeg-sind-das-gemuetlichste-kuechen-upgrade-fuer-unter-200-us-dollar-im-herbst-ich-habe-zwei-ausprobiert-und-bin-begeistert\/","title":{"rendered":"Die Mini-Ger\u00e4te von SMEG sind das gem\u00fctlichste K\u00fcchen-Upgrade f\u00fcr unter 200 US-Dollar im Herbst \u2013 ich habe zwei ausprobiert und bin begeistert"},"content":{"rendered":"<p><\/p>\n<div id=\"article-body\" class=\"article__body \">\n<aside data-block-type=\"embed\" data-model-name=\"SMEG_s_Mini_Appliances_Are_Fall_s_Coziest_Kitchen_Upgrade_for_under_$200_I_Tried_Two_and_Im_Smitten\" data-name=\"TOP widget\" data-render-type=\"fte\" data-widget-type=\"review\" class=\"hawk-root\"><\/aside>\n<aside data-model-name=\"Smeg Whistling Kettle,SMEG Contemporary Kitchen Scale\" data-widget-title=\"Today's best Smeg Small Appliance Deals\" data-widget-type=\"multimodelreview\" data-render-type=\"editorial\" class=\"hawk-root\"><\/aside>\n<p id=\"52dfcade-35f2-4504-8978-ff8a724bd621\">In der Welt anspruchsvoller K\u00fcchenger\u00e4te ist SMEG ein dominanter Geschmacksgeber. Seine gl\u00e4nzend wei\u00dfen Espressomaschinen und preisgekr\u00f6nten besten K\u00fchlschr\u00e4nke sind ikonisch, aber es ist kein Geheimnis, dass sie viel Platz in der K\u00fcche und einen gro\u00dfen Geldbeutel erfordern.<\/p>\n<div id=\"ad-unit-1\" class=\"ad-unit\"><\/div>\n<p>Allerdings habe ich in den letzten zwei Jahren gesehen, wie die Marke mit einer Reihe kleiner, unterhaltsamer Ger\u00e4te (Milchaufsch\u00e4umer, Wassersprudler, Teekessel), die unter der 200-Dollar-Marke erh\u00e4ltlich sind, ihre T\u00fcren f\u00fcr ein breiteres Publikum ge\u00f6ffnet hat.<\/p>\n<aside data-block-type=\"embed\" data-render-type=\"fte\" data-skip=\"dealsy\" data-widget-type=\"seasonal\" class=\"hawk-root\"><\/aside>\n<p id=\"52dfcade-35f2-4504-8978-ff8a724bd621-2\" class=\"paywall\" aria-hidden=\"true\">Als jemand, der beruflich die besten K\u00fcchenger\u00e4te und Backutensilien wie die besten K\u00fcchenmaschinen testet, war ich neugierig: Lohnen sich diese kleinen SMEG-K\u00e4ufe? Da die Backsaison in vollem Gange war, beschloss ich, zwei ihrer kleinsten, mundgerechten Leckereien zu testen. Hier ist meine Rezension der SMEG-Waage f\u00fcr 159,95 $ und des SMEG-Teekessels f\u00fcr 179,95 $.<\/p>\n<div class=\"van_vid_carousel\">\n<div class=\"van_vid_carousel__padding\">\n<div class=\"van_vid_carousel__container\"><\/div>\n<\/div>\n<\/div>\n<h2 class=\"article-body__section\" id=\"section-the-smeg-scales-review\"><span>Die SMEG-Waagen-Rezension<\/span><\/h2>\n<p id=\"f3eb1040-7067-4cde-93f8-3ca3c803acfa\">Ich habe die SMEG-Waage drei Monate lang verwendet und dabei verschiedene Zutaten f\u00fcr meine Alltagsrezepte gewogen \u2013 von Feststoffen wie Butter und Backmehl \u00fcber Grundnahrungsmittel wie H\u00fclsenfr\u00fcchte bis hin zu Fl\u00fcssigkeiten wie Wasser und Milch f\u00fcr Teige.<\/p>\n<div id=\"ad-unit-2\" class=\"ad-unit\"><\/div>\n<h3 class=\"article-body__section\" id=\"section-product-specifications\"><span>Produktspezifikationen<\/span><\/h3>\n<figure class=\"van-image-figure inline-layout \" data-bordeaux-image-check id=\"eff9f9a2-5e71-423b-abf8-1c3fd51c957b\">\n<div class=\"image-full-width-wrapper\">\n<div class=\"image-widthsetter\" style=\"max-width:2400px;\"><\/div>\n<\/div>\n<\/figure>\n<div id=\"slice-container-table-svSkHxPHFwxbvVAQZWbkw4-D6iUMfDGhahQVXkO7SC2JlKa0FGpwrtL\" class=\"slice-container table-wrapper table-svSkHxPHFwxbvVAQZWbkw4-D6iUMfDGhahQVXkO7SC2JlKa0FGpwrtL slice-container-table\">\n<div class=\"table__instruction\">Wischen Sie, um horizontal zu scrollen<svg viewbox=\"0 0 23 30\" fill=\"none\" xmlns=\"http:\/\/www.w3.org\/2000\/svg\"><path d=\"M21.554 15.726a2.878 2.878 0 0 0-1.705-.374 2.881 2.881 0 0 0-1.388-3.068 2.877 2.877 0 0 0-1.992-.333 2.884 2.884 0 0 0-.1-.766 2.865 2.865 0 0 0-1.346-1.75c-.47-.27-.996-.4-1.527-.385l2.742-4.73a2.87 2.87 0 0 0 .323-.83h2.612V2.084h-2.661A2.861 2.861 0 0 0 15.18.385a2.903 2.903 0 0 0-3.952 1.055l-.373.644H2.983l1.003-1L2.99.09 1.28 1.793l-.999.995L2.99 5.484l.998-.994-1.003-.999h7.054L6.505 9.586c-.34.066-.905.186-1.523.366-1.405.41-2.321.895-2.8 1.483-.742.911-1.159 2.513-1.277 4.898l-.001.01c-.067 1.816.946 6.943.99 7.16a.688.688 0 0 0 1.35-.266c-.01-.051-1.023-5.177-.963-6.84.127-2.556.598-3.64.97-4.098.133-.163.602-.587 2.104-1.027l.206-.058-1.425 2.458a.685.685 0 0 0 .252.937c.33.19.75.077.94-.251L12.42 2.126a1.52 1.52 0 0 1 2.07-.552c.35.2.6.527.705.916.105.39.051.797-.15 1.145l-4.767 8.222a.685.685 0 0 0 .252.937c.33.19.75.077.94-.25l.794-1.368c.201-.348.529-.597.92-.702a1.508 1.508 0 0 1 1.854 1.066c.105.39.052.796-.15 1.144l-.377.652-.002.002-.898 1.55a.685.685 0 0 0 .252.938c.329.189.75.077.94-.251l.9-1.551c.201-.348.528-.597.92-.702a1.512 1.512 0 0 1 1.703 2.21l-1.223 2.11a.685.685 0 0 0 .252.938c.33.189.75.076.941-.252l.5-.862c.202-.348.529-.597.92-.702.392-.104.8-.051 1.15.15.723.416.972 1.34.554 2.06l-3.525 6.08c-.517.892-1.57 1.795-3.044 2.611-1.156.64-2.163.998-2.173 1.002a.685.685 0 0 0 .23 1.333.688.688 0 0 0 .229-.04c.18-.062 4.419-1.575 5.952-4.22l3.524-6.08a2.878 2.878 0 0 0-1.059-3.934Z\" fill=\"#333\"><\/path><\/svg><\/div>\n<div class=\"table__container\">\n<table tabindex=\"0\" class=\"table__wrapper table__wrapper--inbodyContent table__wrapper--sticky table__wrapper--divider\">\n<tbody>\n<caption class=\"table__caption table__caption--top table__caption--left\">Moderne K\u00fcchenwaagen von SMEG<\/caption>\n<\/tbody>\n<tbody class=\"table__body\">\n<tr class=\"table__body__row\">\n<td class=\"table_body__data\" colspan=\"1\" style=\"text-align:left\">\n<p><strong>Kapazit\u00e4t<\/strong><\/p>\n<\/td>\n<td class=\"table_body__data\" colspan=\"1\" style=\"text-align:left\">\n<p>Wiegt bis zu 11 Pfund mit 0,03 Unzen. (1g) Genauigkeit<\/p>\n<\/td>\n<td class=\"table_body__data\" colspan=\"1\" style=\"text-align:left\"><span class=\"sr-only\">Zeile 0 \u2013 Zelle 2 <\/span><\/td>\n<\/tr>\n<tr class=\"table__body__row\">\n<td class=\"table_body__data\" colspan=\"1\" style=\"text-align:left\">\n<p><strong>Akkulaufzeit<\/strong><\/p>\n<\/td>\n<td class=\"table_body__data\" colspan=\"1\" style=\"text-align:left\">\n<p>23 Stunden Akkulaufzeit<\/p>\n<\/td>\n<td class=\"table_body__data\" colspan=\"1\" style=\"text-align:left\"><span class=\"sr-only\">Zeile 1 \u2013 Zelle 2 <\/span><\/td>\n<\/tr>\n<tr class=\"table__body__row\">\n<td class=\"table_body__data\" colspan=\"1\" style=\"text-align:left\">\n<p><strong>Gr\u00f6\u00dfe<\/strong><\/p>\n<\/td>\n<td class=\"table_body__data\" colspan=\"1\" style=\"text-align:left\">\n<p>8 Zoll Durchmesser, 6 Zoll hoch<\/p>\n<\/td>\n<td class=\"table_body__data\" colspan=\"1\" style=\"text-align:left\"><span class=\"sr-only\">Zeile 2 \u2013 Zelle 2 <\/span><\/td>\n<\/tr>\n<tr class=\"table__body__row\">\n<td class=\"table_body__data\" colspan=\"1\" style=\"text-align:left\">\n<p><strong>Preispunkt<\/strong><\/p>\n<\/td>\n<td class=\"table_body__data\" colspan=\"1\" style=\"text-align:left\">\n<p>159,95 $ bei Crate &#038; Barrel, SMEG und Amazon<\/p>\n<\/td>\n<td class=\"table_body__data\" colspan=\"1\" style=\"text-align:left\"><span class=\"sr-only\">Zeile 3 \u2013 Zelle 2 <\/span><\/td>\n<\/tr>\n<\/tbody>\n<\/table>\n<\/div>\n<\/div>\n<h3 class=\"article-body__section\" id=\"section-design\"><span>Design<\/span><\/h3>\n<figure class=\"van-image-figure inline-layout \" data-bordeaux-image-check id=\"fd8f52a9-08c0-4623-983d-dc6c50a07782\">\n<div class=\"image-full-width-wrapper\">\n<div class=\"image-widthsetter\" style=\"max-width:2400px;\"><\/div>\n<\/div>\n<\/figure>\n<p id=\"543ddd1c-81ea-48e0-a4e4-a6a420548d10\">Die SMEG-Waagen sind bezaubernd. Getreu der Retro-Identit\u00e4t der Marke verf\u00fcgen sie \u00fcber eine sanft geschwungene Silhouette, eine Sch\u00fcssel aus poliertem Edelstahl und einen t\u00fcrkisblauen, schwarzen oder wei\u00dfen Sockel, der in einem italienischen Caf\u00e9 der 1950er-Jahre genau zu Hause aussehen w\u00fcrde.<\/p>\n<figure class=\"van-image-figure inline-layout \" data-bordeaux-image-check id=\"5dff0c51-3db8-4d44-945e-d318b3345191\">\n<div class=\"image-full-width-wrapper\">\n<div class=\"image-widthsetter\" style=\"max-width:2400px;\"><\/div>\n<\/div>\n<\/figure>\n<p id=\"56f6d5f4-7238-48d2-b779-3e081af1497f\">Wie Sie auf dem Foto oben sehen k\u00f6nnen, l\u00e4sst sich die Sch\u00fcssel leicht abnehmen, um sie zu reinigen oder Zutaten in Ihren besten Standmixer zu f\u00fcllen.<\/p>\n<p>Insgesamt sind die SMEG-Waagen \u00fcberraschend leicht; Ich habe sie problemlos auf meiner K\u00fccheninsel verschoben. Der Aufbau f\u00fchlt sich solide an, die Basis verf\u00fcgt \u00fcber eine gute Stabilit\u00e4t und die digitalen Bedienelemente sind \u00e4u\u00dferst benutzerfreundlich.<\/p>\n<div id=\"slice-container-newsletterForm-articleInbodyContent-svSkHxPHFwxbvVAQZWbkw4\" class=\"slice-container newsletter-inbodyContent-slice newsletterForm-articleInbodyContent-svSkHxPHFwxbvVAQZWbkw4 slice-container-newsletterForm\"><\/div>\n<h3 class=\"article-body__section\" id=\"section-performance\"><span>Leistung<\/span><\/h3>\n<figure class=\"van-image-figure inline-layout \" data-bordeaux-image-check id=\"7dff783b-f6ef-4762-952b-1e94a45ce5e2\">\n<div class=\"image-full-width-wrapper\">\n<div class=\"image-widthsetter\" style=\"max-width:2400px;\"><\/div>\n<\/div>\n<\/figure>\n<p id=\"b750511b-213d-4eae-89dd-ac675b216fdf\">Vor dem Test hatte ich ein wenig Bedenken, dass die SMEG-Waagen m\u00f6glicherweise nur Stil und keine Substanz haben. Aber sie erwiesen sich tats\u00e4chlich als eines der leisesten und kompetentesten Werkzeuge, die ich das ganze Jahr \u00fcber verwendet habe.<\/p>\n<p>Beim Abwiegen von Mehl, Zucker und sogar leichten Kr\u00e4utern war die Reaktion durchweg schnell und genau. Das Umschalten zwischen den Einheiten war intuitiv und die digitale Schnittstelle war hell und aus der Entfernung gut lesbar.<\/p>\n<p>Mir gefiel auch, dass ich Zutaten tats\u00e4chlich in der SMEG-Waagesch\u00fcssel mischen konnte, was f\u00fcr Pfannkuchen in kleinen Mengen oder schnelle Salatdressings sehr praktisch ist.<\/p>\n<p>Die SMEG-Waage ist zu meiner ersten Wahl beim Backen und bei der t\u00e4glichen Zubereitung geworden \u2013 ich messe sogar Quinoa vor dem Kochen oder N\u00fcsse f\u00fcr M\u00fcsli ab. Dank der kompakten Stellfl\u00e4che und der ansprechenden \u00c4sthetik stehen sie jetzt dauerhaft auf der Arbeitsplatte und ich werde wirklich nie wieder eine andere Waage verwenden.<\/p>\n<h3 class=\"article-body__section\" id=\"section-cleaning-maintenance\"><span>Reinigung &#038; Wartung<\/span><\/h3>\n<p id=\"997be1d3-63df-4dc3-95cd-07af05c889b0\">Der wiederaufladbare Akku der SMEG-Waage hielt wochenlang ohne Aufladen, was f\u00fcr Vielb\u00e4cker ideal ist \u2013 und die Stahlsch\u00fcssel lie\u00df sich nach Gebrauch problemlos aussp\u00fclen. Achten Sie nur darauf, die Sch\u00fcssel gr\u00fcndlich zu trocknen, bevor Sie sie wieder auf das Geh\u00e4use f\u00fcr die Waage stellen. Wenn Sie es feucht lassen, kann es zu Schimmelbildung kommen, und das m\u00f6chte niemand in der N\u00e4he seiner Backwaren haben!<\/p>\n<h2 class=\"article-body__section\" id=\"section-the-smeg-tea-kettle-review\"><span>Der SMEG-Teekessel im Test<\/span><\/h2>\n<p id=\"cf8d7def-0899-493c-80c7-9ffa925f0d3c\">Ich habe den SMEG Teekessel auf meinem Induktionskochfeld getestet, er ist aber auch mit Gas und Elektro kompatibel.<\/p>\n<h3 class=\"article-body__section\" id=\"section-product-specifications\"><span>Produktspezifikationen<\/span><\/h3>\n<figure class=\"van-image-figure inline-layout \" data-bordeaux-image-check id=\"003c03fe-2162-45d7-8a38-169f2dcb9f2f\">\n<div class=\"image-full-width-wrapper\">\n<div class=\"image-widthsetter\" style=\"max-width:2400px;\"><\/div>\n<\/div>\n<\/figure>\n<div id=\"slice-container-table-svSkHxPHFwxbvVAQZWbkw4-LTC8GjMMdgTxM2b7VTQu4JyrikIkkMTl\" class=\"slice-container table-wrapper table-svSkHxPHFwxbvVAQZWbkw4-LTC8GjMMdgTxM2b7VTQu4JyrikIkkMTl slice-container-table\">\n<div class=\"table__instruction\">Wischen Sie, um horizontal zu scrollen<svg viewbox=\"0 0 23 30\" fill=\"none\" xmlns=\"http:\/\/www.w3.org\/2000\/svg\"><path d=\"M21.554 15.726a2.878 2.878 0 0 0-1.705-.374 2.881 2.881 0 0 0-1.388-3.068 2.877 2.877 0 0 0-1.992-.333 2.884 2.884 0 0 0-.1-.766 2.865 2.865 0 0 0-1.346-1.75c-.47-.27-.996-.4-1.527-.385l2.742-4.73a2.87 2.87 0 0 0 .323-.83h2.612V2.084h-2.661A2.861 2.861 0 0 0 15.18.385a2.903 2.903 0 0 0-3.952 1.055l-.373.644H2.983l1.003-1L2.99.09 1.28 1.793l-.999.995L2.99 5.484l.998-.994-1.003-.999h7.054L6.505 9.586c-.34.066-.905.186-1.523.366-1.405.41-2.321.895-2.8 1.483-.742.911-1.159 2.513-1.277 4.898l-.001.01c-.067 1.816.946 6.943.99 7.16a.688.688 0 0 0 1.35-.266c-.01-.051-1.023-5.177-.963-6.84.127-2.556.598-3.64.97-4.098.133-.163.602-.587 2.104-1.027l.206-.058-1.425 2.458a.685.685 0 0 0 .252.937c.33.19.75.077.94-.251L12.42 2.126a1.52 1.52 0 0 1 2.07-.552c.35.2.6.527.705.916.105.39.051.797-.15 1.145l-4.767 8.222a.685.685 0 0 0 .252.937c.33.19.75.077.94-.25l.794-1.368c.201-.348.529-.597.92-.702a1.508 1.508 0 0 1 1.854 1.066c.105.39.052.796-.15 1.144l-.377.652-.002.002-.898 1.55a.685.685 0 0 0 .252.938c.329.189.75.077.94-.251l.9-1.551c.201-.348.528-.597.92-.702a1.512 1.512 0 0 1 1.703 2.21l-1.223 2.11a.685.685 0 0 0 .252.938c.33.189.75.076.941-.252l.5-.862c.202-.348.529-.597.92-.702.392-.104.8-.051 1.15.15.723.416.972 1.34.554 2.06l-3.525 6.08c-.517.892-1.57 1.795-3.044 2.611-1.156.64-2.163.998-2.173 1.002a.685.685 0 0 0 .23 1.333.688.688 0 0 0 .229-.04c.18-.062 4.419-1.575 5.952-4.22l3.524-6.08a2.878 2.878 0 0 0-1.059-3.934Z\" fill=\"#333\"><\/path><\/svg><\/div>\n<div class=\"table__container\">\n<table tabindex=\"0\" class=\"table__wrapper table__wrapper--inbodyContent table__wrapper--sticky table__wrapper--divider\">\n<tbody>\n<caption class=\"table__caption table__caption--top table__caption--left\">SMEG Pfeifender Teekessel f\u00fcr den Herd<\/caption>\n<\/tbody>\n<tbody class=\"table__body\">\n<tr class=\"table__body__row\">\n<td class=\"table_body__data\" colspan=\"1\" style=\"text-align:left\">\n<p><strong>Kapazit\u00e4t<\/strong><\/p>\n<\/td>\n<td class=\"table_body__data\" colspan=\"1\" style=\"text-align:left\">\n<p>2,4Q (10 Tassen)<\/p>\n<\/td>\n<td class=\"table_body__data\" colspan=\"1\" style=\"text-align:left\"><span class=\"sr-only\">Zeile 0 \u2013 Zelle 2 <\/span><\/td>\n<\/tr>\n<tr class=\"table__body__row\">\n<td class=\"table_body__data\" colspan=\"1\" style=\"text-align:left\">\n<p><strong>Gewicht<\/strong><\/p>\n<\/td>\n<td class=\"table_body__data\" colspan=\"1\" style=\"text-align:left\">\n<p>2,9 Pfund<\/p>\n<\/td>\n<td class=\"table_body__data\" colspan=\"1\" style=\"text-align:left\"><span class=\"sr-only\">Zeile 1 \u2013 Zelle 2 <\/span><\/td>\n<\/tr>\n<tr class=\"table__body__row\">\n<td class=\"table_body__data\" colspan=\"1\" style=\"text-align:left\">\n<p><strong>Materialien<\/strong><\/p>\n<\/td>\n<td class=\"table_body__data\" colspan=\"1\" style=\"text-align:left\">\n<p>Edelstahl<\/p>\n<\/td>\n<td class=\"table_body__data\" colspan=\"1\" style=\"text-align:left\"><span class=\"sr-only\">Zeile 2 \u2013 Zelle 2 <\/span><\/td>\n<\/tr>\n<tr class=\"table__body__row\">\n<td class=\"table_body__data\" colspan=\"1\" style=\"text-align:left\">\n<p><strong>Kompatibilit\u00e4t<\/strong><\/p>\n<\/td>\n<td class=\"table_body__data\" colspan=\"1\" style=\"text-align:left\">\n<p>Gas, Induktion, Elektro<\/p>\n<\/td>\n<td class=\"table_body__data\" colspan=\"1\" style=\"text-align:left\"><span class=\"sr-only\">Zeile 3 \u2013 Zelle 2 <\/span><\/td>\n<\/tr>\n<tr class=\"table__body__row\">\n<td class=\"table_body__data\" colspan=\"1\" style=\"text-align:left\">\n<p><strong>Preispunkt<\/strong><\/p>\n<\/td>\n<td class=\"table_body__data\" colspan=\"1\" style=\"text-align:left\">\n<p>179,95 $ bei Bloomingdale&#8217;s, SMEG und Amazon<\/p>\n<\/td>\n<td class=\"table_body__data\" colspan=\"1\" style=\"text-align:left\"><span class=\"sr-only\">Zeile 4 \u2013 Zelle 2 <\/span><\/td>\n<\/tr>\n<\/tbody>\n<\/table>\n<\/div>\n<\/div>\n<h3 class=\"article-body__section\" id=\"section-design\"><span>Design<\/span><\/h3>\n<figure class=\"van-image-figure inline-layout \" data-bordeaux-image-check id=\"9cb80ee8-a1d9-4969-be11-93fe1672c7ee\">\n<div class=\"image-full-width-wrapper\">\n<div class=\"image-widthsetter\" style=\"max-width:2400px;\"><\/div>\n<\/div>\n<\/figure>\n<p id=\"e2f67e80-65cc-463e-94a3-045f126a6768\">Der SMEG Teekessel ist so s\u00fc\u00df und retro. Die gew\u00f6lbte Form und der Auslauf wirken im Vintage-Stil und die Auswahl an Pastellfarben kann der K\u00fcche einen Hauch von Pers\u00f6nlichkeit verleihen. Ich habe mich f\u00fcr den Cremeton entschieden, der meiner sehr modernen, minimalistischen K\u00fcche sofort Charme verlieh.<\/p>\n<h3 class=\"article-body__section\" id=\"section-performance\"><span>Leistung<\/span><\/h3>\n<figure class=\"van-image-figure inline-layout \" data-bordeaux-image-check id=\"bad4d4f7-3120-40d9-a0e2-97400e147409\">\n<div class=\"image-full-width-wrapper\">\n<div class=\"image-widthsetter\" style=\"max-width:2400px;\"><\/div>\n<\/div>\n<\/figure>\n<p id=\"20f449e6-b890-49df-9180-d767763588bb\">Der SMEG-Wasserkocher ist gew\u00f6hnungsbed\u00fcrftig. Der Griff ist bequem, l\u00e4sst sich aber etwas schwer herausgie\u00dfen; Der Griff f\u00fchlt sich ziemlich warm an und der Ausgie\u00dfer kann manchmal etwas spritzig sein.<\/p>\n<p>In meinen Tests dauerte das schnelle Kochen auf meinem Induktionskochfeld etwa dreieinhalb Minuten. Das sanfte Pfeifen ist charmant und gem\u00fctlich und ich war angenehm \u00fcberrascht, wie lange es das Wasser anschlie\u00dfend hei\u00df h\u00e4lt.<\/p>\n<p>Verglichen mit dem Edelstahl-Wasserkocher von Aarke, den ich jeden Tag verwende \u2013 dem besten ungiftigen K\u00fcchenger\u00e4t, das ich besitze, mit seiner reibungslosen, pr\u00e4zisen Leistung, den sicheren Materialien und einem \u00e4hnlichen Preis \u2013 bin ich mir nicht sicher, ob der SMEG-Wasserkocher mithalten kann.<\/p>\n<p>Wenn Sie viel Geduld haben und auf Retro-\u00c4sthetik stehen, wird es Ihnen vielleicht gefallen, aber es ist nicht das Richtige f\u00fcr alle, die auf der Suche nach einer schnellen Tasse Tee oder Kaffee sind.<\/p>\n<h3 class=\"article-body__section\" id=\"section-the-verdict\"><span>Das Urteil<\/span><\/h3>\n<figure class=\"van-image-figure inline-layout \" data-bordeaux-image-check id=\"524664d5-76e5-4f73-bac8-9aa0e300f760\">\n<div class=\"image-full-width-wrapper\">\n<div class=\"image-widthsetter\" style=\"max-width:2400px;\"><\/div>\n<\/div>\n<\/figure>\n<p id=\"fa358e7e-fd05-48b1-93ac-4cd61ecd1cab\">Die Miniger\u00e4te von SMEG beweisen, dass Sie den unverwechselbaren italienischen Retro-Charme in einem kleineren, g\u00fcnstigeren Paket bekommen k\u00f6nnen. Das Testen beider Ger\u00e4te brachte sicherlich etwas Freude und einen Vintage-Stil in meine Routine.<\/p>\n<p>Die SMEG-Waage war f\u00fcr mich ein klarer Gewinner. Sie sind genau, einfach zu bedienen und wirklich sch\u00f6n anzusehen. Wenn Sie wie ich regelm\u00e4\u00dfig backen oder kochen, sind sie die Investition wert und werden schnell zu einem festen Bestandteil Ihrer Arbeitsplatte.<\/p>\n<p>Ich hatte das Gef\u00fchl, dass es beim SMEG-Teekessel mehr auf Stil als auf Geschwindigkeit oder Effizienz ankommt. Es ist sch\u00f6n f\u00fcr langsame, gem\u00fctliche Momente, aber nicht die beste Wahl, wenn Sie oft in Eile sind. Ich selbst w\u00fcrde es wahrscheinlich nicht kaufen.<\/p>\n<aside data-model-name=\"Smeg Whistling Kettle,SMEG Contemporary Kitchen Scale\" data-widget-title=\"Today's best Smeg Small Appliance Deals\" data-widget-type=\"multimodelreview\" data-render-type=\"editorial\" class=\"hawk-root\"><\/aside>\n<aside data-block-type=\"embed\" data-model-name=\"SMEG_s_Mini_Appliances_Are_Fall_s_Coziest_Kitchen_Upgrade_for_under_$200_I_Tried_Two_and_Im_Smitten\" data-name=\"BOT widget\" data-render-type=\"fte\" data-widget-type=\"review\" class=\"hawk-root\"><\/aside>\n<div class=\"block\" id=\"articleTag\" data-component-name=\"PostArticleLinks\">\n<div class=\"border-b border-b-black border-solid py-2.5 text-black font-bold uppercase\">THEMEN<\/div>\n<nav class=\"py-2.5 flex gap-2.5 flex-wrap\" data-analytics-id=\"article-tag\">\n<p>Smeg<\/p>\n<\/nav>\n<\/div>\n<\/div>\n","protected":false},"excerpt":{"rendered":"<p>In der Welt anspruchsvoller K\u00fcchenger\u00e4te ist SMEG ein dominanter Geschmacksgeber. Seine gl\u00e4nzend wei\u00dfen Espressomaschinen und preisgekr\u00f6nten besten K\u00fchlschr\u00e4nke sind ikonisch, aber es ist kein Geheimnis,<\/p>\n","protected":false},"author":1,"featured_media":8470,"comment_status":"closed","ping_status":"","sticky":false,"template":"","format":"standard","meta":{"footnotes":""},"categories":[118],"tags":[829,4318,1210,112,9,55,3978,823,203,129,10804,10803,58,10421,37,406,1038,21,559],"class_list":["post-8469","post","type-post","status-publish","format-standard","has-post-thumbnail","hentry","category-haus-garten","tag-ausprobiert","tag-begeistert","tag-bin","tag-das","tag-die","tag-fuer","tag-gemuetlichste","tag-habe","tag-herbst","tag-ich","tag-kuechenupgrade","tag-minigeraete","tag-sind","tag-smeg","tag-und","tag-unter","tag-usdollar","tag-von","tag-zwei","generate-columns","tablet-grid-50","mobile-grid-100","grid-parent","grid-50"],"yoast_head":"<!-- This site is optimized with the Yoast SEO plugin v27.3 - https:\/\/yoast.com\/product\/yoast-seo-wordpress\/ -->\n<title>Die Mini-Ger\u00e4te von SMEG sind das gem\u00fctlichste K\u00fcchen-Upgrade f\u00fcr unter 200 US-Dollar im Herbst \u2013 ich habe zwei ausprobiert und bin begeistert - Nachrichten - Stra\u00dfenweb<\/title>\n<meta name=\"robots\" content=\"index, follow, max-snippet:-1, max-image-preview:large, max-video-preview:-1\" \/>\n<link rel=\"canonical\" href=\"https:\/\/www.strassenweb.de\/nachrichten\/die-mini-geraete-von-smeg-sind-das-gemuetlichste-kuechen-upgrade-fuer-unter-200-us-dollar-im-herbst-ich-habe-zwei-ausprobiert-und-bin-begeistert\/\" \/>\n<meta property=\"og:locale\" content=\"de_DE\" \/>\n<meta property=\"og:type\" content=\"article\" \/>\n<meta property=\"og:title\" content=\"Die Mini-Ger\u00e4te von SMEG sind das gem\u00fctlichste K\u00fcchen-Upgrade f\u00fcr unter 200 US-Dollar im Herbst \u2013 ich habe zwei ausprobiert und bin begeistert - Nachrichten - Stra\u00dfenweb\" \/>\n<meta property=\"og:description\" content=\"In der Welt anspruchsvoller K\u00fcchenger\u00e4te ist SMEG ein dominanter Geschmacksgeber. Seine gl\u00e4nzend wei\u00dfen Espressomaschinen und preisgekr\u00f6nten besten K\u00fchlschr\u00e4nke sind ikonisch, aber es ist kein Geheimnis,\" \/>\n<meta property=\"og:url\" content=\"https:\/\/www.strassenweb.de\/nachrichten\/die-mini-geraete-von-smeg-sind-das-gemuetlichste-kuechen-upgrade-fuer-unter-200-us-dollar-im-herbst-ich-habe-zwei-ausprobiert-und-bin-begeistert\/\" \/>\n<meta property=\"og:site_name\" content=\"Stra\u00dfenweb\" \/>\n<meta property=\"article:publisher\" content=\"https:\/\/www.facebook.com\/strassenweb\/\" \/>\n<meta property=\"article:published_time\" content=\"2025-10-14T17:41:58+00:00\" \/>\n<meta property=\"article:modified_time\" content=\"2025-10-14T17:41:59+00:00\" \/>\n<meta property=\"og:image\" content=\"https:\/\/www.strassenweb.de\/nachrichten\/wp-content\/uploads\/2025\/10\/Die-Mini-Geraete-von-SMEG-sind-das-gemuetlichste-Kuechen-Upgrade-fuer-unter.jpg\" \/>\n\t<meta property=\"og:image:width\" content=\"1600\" \/>\n\t<meta property=\"og:image:height\" content=\"900\" \/>\n\t<meta property=\"og:image:type\" content=\"image\/jpeg\" \/>\n<meta name=\"author\" content=\"Robert Hoffmann\" \/>\n<meta name=\"twitter:card\" content=\"summary_large_image\" \/>\n<meta name=\"twitter:label1\" content=\"Verfasst von\" \/>\n\t<meta name=\"twitter:data1\" content=\"Robert Hoffmann\" \/>\n\t<meta name=\"twitter:label2\" content=\"Gesch\u00e4tzte Lesezeit\" \/>\n\t<meta name=\"twitter:data2\" content=\"5\u00a0Minuten\" \/>\n<script type=\"application\/ld+json\" class=\"yoast-schema-graph\">{\"@context\":\"https:\\\/\\\/schema.org\",\"@graph\":[{\"@type\":\"Article\",\"@id\":\"https:\\\/\\\/www.strassenweb.de\\\/nachrichten\\\/die-mini-geraete-von-smeg-sind-das-gemuetlichste-kuechen-upgrade-fuer-unter-200-us-dollar-im-herbst-ich-habe-zwei-ausprobiert-und-bin-begeistert\\\/#article\",\"isPartOf\":{\"@id\":\"https:\\\/\\\/www.strassenweb.de\\\/nachrichten\\\/die-mini-geraete-von-smeg-sind-das-gemuetlichste-kuechen-upgrade-fuer-unter-200-us-dollar-im-herbst-ich-habe-zwei-ausprobiert-und-bin-begeistert\\\/\"},\"author\":{\"name\":\"Robert Hoffmann\",\"@id\":\"https:\\\/\\\/www.strassenweb.de\\\/nachrichten\\\/#\\\/schema\\\/person\\\/87c9c9067f1211da429a744dc5a5aa41\"},\"headline\":\"Die Mini-Ger\u00e4te von SMEG sind das gem\u00fctlichste K\u00fcchen-Upgrade f\u00fcr unter 200 US-Dollar im Herbst \u2013 ich habe zwei ausprobiert und bin begeistert\",\"datePublished\":\"2025-10-14T17:41:58+00:00\",\"dateModified\":\"2025-10-14T17:41:59+00:00\",\"mainEntityOfPage\":{\"@id\":\"https:\\\/\\\/www.strassenweb.de\\\/nachrichten\\\/die-mini-geraete-von-smeg-sind-das-gemuetlichste-kuechen-upgrade-fuer-unter-200-us-dollar-im-herbst-ich-habe-zwei-ausprobiert-und-bin-begeistert\\\/\"},\"wordCount\":1006,\"publisher\":{\"@id\":\"https:\\\/\\\/www.strassenweb.de\\\/nachrichten\\\/#organization\"},\"image\":{\"@id\":\"https:\\\/\\\/www.strassenweb.de\\\/nachrichten\\\/die-mini-geraete-von-smeg-sind-das-gemuetlichste-kuechen-upgrade-fuer-unter-200-us-dollar-im-herbst-ich-habe-zwei-ausprobiert-und-bin-begeistert\\\/#primaryimage\"},\"thumbnailUrl\":\"https:\\\/\\\/www.strassenweb.de\\\/nachrichten\\\/wp-content\\\/uploads\\\/2025\\\/10\\\/Die-Mini-Geraete-von-SMEG-sind-das-gemuetlichste-Kuechen-Upgrade-fuer-unter.jpg\",\"keywords\":[\"ausprobiert\",\"begeistert\",\"bin\",\"das\",\"die\",\"f\u00fcr\",\"gem\u00fctlichste\",\"habe\",\"Herbst\",\"ich\",\"K\u00fcchenUpgrade\",\"MiniGer\u00e4te\",\"sind\",\"SMEG\",\"und\",\"unter\",\"USDollar\",\"von\",\"zwei\"],\"articleSection\":[\"Haus &amp; Garten\"],\"inLanguage\":\"de\"},{\"@type\":\"WebPage\",\"@id\":\"https:\\\/\\\/www.strassenweb.de\\\/nachrichten\\\/die-mini-geraete-von-smeg-sind-das-gemuetlichste-kuechen-upgrade-fuer-unter-200-us-dollar-im-herbst-ich-habe-zwei-ausprobiert-und-bin-begeistert\\\/\",\"url\":\"https:\\\/\\\/www.strassenweb.de\\\/nachrichten\\\/die-mini-geraete-von-smeg-sind-das-gemuetlichste-kuechen-upgrade-fuer-unter-200-us-dollar-im-herbst-ich-habe-zwei-ausprobiert-und-bin-begeistert\\\/\",\"name\":\"Die Mini-Ger\u00e4te von SMEG sind das gem\u00fctlichste K\u00fcchen-Upgrade f\u00fcr unter 200 US-Dollar im Herbst \u2013 ich habe zwei ausprobiert und bin begeistert - Nachrichten - Stra\u00dfenweb\",\"isPartOf\":{\"@id\":\"https:\\\/\\\/www.strassenweb.de\\\/nachrichten\\\/#website\"},\"primaryImageOfPage\":{\"@id\":\"https:\\\/\\\/www.strassenweb.de\\\/nachrichten\\\/die-mini-geraete-von-smeg-sind-das-gemuetlichste-kuechen-upgrade-fuer-unter-200-us-dollar-im-herbst-ich-habe-zwei-ausprobiert-und-bin-begeistert\\\/#primaryimage\"},\"image\":{\"@id\":\"https:\\\/\\\/www.strassenweb.de\\\/nachrichten\\\/die-mini-geraete-von-smeg-sind-das-gemuetlichste-kuechen-upgrade-fuer-unter-200-us-dollar-im-herbst-ich-habe-zwei-ausprobiert-und-bin-begeistert\\\/#primaryimage\"},\"thumbnailUrl\":\"https:\\\/\\\/www.strassenweb.de\\\/nachrichten\\\/wp-content\\\/uploads\\\/2025\\\/10\\\/Die-Mini-Geraete-von-SMEG-sind-das-gemuetlichste-Kuechen-Upgrade-fuer-unter.jpg\",\"datePublished\":\"2025-10-14T17:41:58+00:00\",\"dateModified\":\"2025-10-14T17:41:59+00:00\",\"breadcrumb\":{\"@id\":\"https:\\\/\\\/www.strassenweb.de\\\/nachrichten\\\/die-mini-geraete-von-smeg-sind-das-gemuetlichste-kuechen-upgrade-fuer-unter-200-us-dollar-im-herbst-ich-habe-zwei-ausprobiert-und-bin-begeistert\\\/#breadcrumb\"},\"inLanguage\":\"de\",\"potentialAction\":[{\"@type\":\"ReadAction\",\"target\":[\"https:\\\/\\\/www.strassenweb.de\\\/nachrichten\\\/die-mini-geraete-von-smeg-sind-das-gemuetlichste-kuechen-upgrade-fuer-unter-200-us-dollar-im-herbst-ich-habe-zwei-ausprobiert-und-bin-begeistert\\\/\"]}]},{\"@type\":\"ImageObject\",\"inLanguage\":\"de\",\"@id\":\"https:\\\/\\\/www.strassenweb.de\\\/nachrichten\\\/die-mini-geraete-von-smeg-sind-das-gemuetlichste-kuechen-upgrade-fuer-unter-200-us-dollar-im-herbst-ich-habe-zwei-ausprobiert-und-bin-begeistert\\\/#primaryimage\",\"url\":\"https:\\\/\\\/www.strassenweb.de\\\/nachrichten\\\/wp-content\\\/uploads\\\/2025\\\/10\\\/Die-Mini-Geraete-von-SMEG-sind-das-gemuetlichste-Kuechen-Upgrade-fuer-unter.jpg\",\"contentUrl\":\"https:\\\/\\\/www.strassenweb.de\\\/nachrichten\\\/wp-content\\\/uploads\\\/2025\\\/10\\\/Die-Mini-Geraete-von-SMEG-sind-das-gemuetlichste-Kuechen-Upgrade-fuer-unter.jpg\",\"width\":1600,\"height\":900,\"caption\":\"Smeg weighing scales in the test kitchen, surrounded by bowls of fruit\"},{\"@type\":\"BreadcrumbList\",\"@id\":\"https:\\\/\\\/www.strassenweb.de\\\/nachrichten\\\/die-mini-geraete-von-smeg-sind-das-gemuetlichste-kuechen-upgrade-fuer-unter-200-us-dollar-im-herbst-ich-habe-zwei-ausprobiert-und-bin-begeistert\\\/#breadcrumb\",\"itemListElement\":[{\"@type\":\"ListItem\",\"position\":1,\"name\":\"Home\",\"item\":\"https:\\\/\\\/www.strassenweb.de\\\/nachrichten\\\/\"},{\"@type\":\"ListItem\",\"position\":2,\"name\":\"Die Mini-Ger\u00e4te von SMEG sind das gem\u00fctlichste K\u00fcchen-Upgrade f\u00fcr unter 200 US-Dollar im Herbst \u2013 ich habe zwei ausprobiert und bin begeistert\"}]},{\"@type\":\"WebSite\",\"@id\":\"https:\\\/\\\/www.strassenweb.de\\\/nachrichten\\\/#website\",\"url\":\"https:\\\/\\\/www.strassenweb.de\\\/nachrichten\\\/\",\"name\":\"Stra\u00dfenweb\",\"description\":\"Stra\u00dfenverzeichnis f\u00fcr Deutschland\",\"publisher\":{\"@id\":\"https:\\\/\\\/www.strassenweb.de\\\/nachrichten\\\/#organization\"},\"potentialAction\":[{\"@type\":\"SearchAction\",\"target\":{\"@type\":\"EntryPoint\",\"urlTemplate\":\"https:\\\/\\\/www.strassenweb.de\\\/nachrichten\\\/?s={search_term_string}\"},\"query-input\":{\"@type\":\"PropertyValueSpecification\",\"valueRequired\":true,\"valueName\":\"search_term_string\"}}],\"inLanguage\":\"de\"},{\"@type\":\"Organization\",\"@id\":\"https:\\\/\\\/www.strassenweb.de\\\/nachrichten\\\/#organization\",\"name\":\"Stra\u00dfenweb\",\"url\":\"https:\\\/\\\/www.strassenweb.de\\\/nachrichten\\\/\",\"logo\":{\"@type\":\"ImageObject\",\"inLanguage\":\"de\",\"@id\":\"https:\\\/\\\/www.strassenweb.de\\\/nachrichten\\\/#\\\/schema\\\/logo\\\/image\\\/\",\"url\":\"https:\\\/\\\/www.strassenweb.de\\\/nachrichten\\\/wp-content\\\/uploads\\\/2024\\\/09\\\/cropped-favicon.png\",\"contentUrl\":\"https:\\\/\\\/www.strassenweb.de\\\/nachrichten\\\/wp-content\\\/uploads\\\/2024\\\/09\\\/cropped-favicon.png\",\"width\":512,\"height\":512,\"caption\":\"Stra\u00dfenweb\"},\"image\":{\"@id\":\"https:\\\/\\\/www.strassenweb.de\\\/nachrichten\\\/#\\\/schema\\\/logo\\\/image\\\/\"},\"sameAs\":[\"https:\\\/\\\/www.facebook.com\\\/strassenweb\\\/\"]},{\"@type\":\"Person\",\"@id\":\"https:\\\/\\\/www.strassenweb.de\\\/nachrichten\\\/#\\\/schema\\\/person\\\/87c9c9067f1211da429a744dc5a5aa41\",\"name\":\"Robert Hoffmann\",\"image\":{\"@type\":\"ImageObject\",\"inLanguage\":\"de\",\"@id\":\"https:\\\/\\\/www.strassenweb.de\\\/nachrichten\\\/wp-content\\\/uploads\\\/2024\\\/09\\\/strassenweb-150x150.jpg\",\"url\":\"https:\\\/\\\/www.strassenweb.de\\\/nachrichten\\\/wp-content\\\/uploads\\\/2024\\\/09\\\/strassenweb-150x150.jpg\",\"contentUrl\":\"https:\\\/\\\/www.strassenweb.de\\\/nachrichten\\\/wp-content\\\/uploads\\\/2024\\\/09\\\/strassenweb-150x150.jpg\",\"caption\":\"Robert Hoffmann\"},\"description\":\"Ich hei\u00dfe Robert Hoffmann und ich bin ein leidenschaftlicher Verfechter von \u00d6kologie und Biodiversit\u00e4t. Seit meiner Kindheit in den W\u00e4ldern Bayerns f\u00fchle ich mich mit der Natur verbunden und bin entschlossen, sie zu sch\u00fctzen. Heute widme ich mein Leben der Sensibilisierung anderer f\u00fcr die Bedeutung des Umweltschutzes f\u00fcr zuk\u00fcnftige Generationen.\",\"sameAs\":[\"https:\\\/\\\/www.strassenweb.de\\\/\"]}]}<\/script>\n<!-- \/ Yoast SEO plugin. -->","yoast_head_json":{"title":"Die Mini-Ger\u00e4te von SMEG sind das gem\u00fctlichste K\u00fcchen-Upgrade f\u00fcr unter 200 US-Dollar im Herbst \u2013 ich habe zwei ausprobiert und bin begeistert - Nachrichten - Stra\u00dfenweb","robots":{"index":"index","follow":"follow","max-snippet":"max-snippet:-1","max-image-preview":"max-image-preview:large","max-video-preview":"max-video-preview:-1"},"canonical":"https:\/\/www.strassenweb.de\/nachrichten\/die-mini-geraete-von-smeg-sind-das-gemuetlichste-kuechen-upgrade-fuer-unter-200-us-dollar-im-herbst-ich-habe-zwei-ausprobiert-und-bin-begeistert\/","og_locale":"de_DE","og_type":"article","og_title":"Die Mini-Ger\u00e4te von SMEG sind das gem\u00fctlichste K\u00fcchen-Upgrade f\u00fcr unter 200 US-Dollar im Herbst \u2013 ich habe zwei ausprobiert und bin begeistert - Nachrichten - Stra\u00dfenweb","og_description":"In der Welt anspruchsvoller K\u00fcchenger\u00e4te ist SMEG ein dominanter Geschmacksgeber. Seine gl\u00e4nzend wei\u00dfen Espressomaschinen und preisgekr\u00f6nten besten K\u00fchlschr\u00e4nke sind ikonisch, aber es ist kein Geheimnis,","og_url":"https:\/\/www.strassenweb.de\/nachrichten\/die-mini-geraete-von-smeg-sind-das-gemuetlichste-kuechen-upgrade-fuer-unter-200-us-dollar-im-herbst-ich-habe-zwei-ausprobiert-und-bin-begeistert\/","og_site_name":"Stra\u00dfenweb","article_publisher":"https:\/\/www.facebook.com\/strassenweb\/","article_published_time":"2025-10-14T17:41:58+00:00","article_modified_time":"2025-10-14T17:41:59+00:00","og_image":[{"width":1600,"height":900,"url":"https:\/\/www.strassenweb.de\/nachrichten\/wp-content\/uploads\/2025\/10\/Die-Mini-Geraete-von-SMEG-sind-das-gemuetlichste-Kuechen-Upgrade-fuer-unter.jpg","type":"image\/jpeg"}],"author":"Robert Hoffmann","twitter_card":"summary_large_image","twitter_misc":{"Verfasst von":"Robert Hoffmann","Gesch\u00e4tzte Lesezeit":"5\u00a0Minuten"},"schema":{"@context":"https:\/\/schema.org","@graph":[{"@type":"Article","@id":"https:\/\/www.strassenweb.de\/nachrichten\/die-mini-geraete-von-smeg-sind-das-gemuetlichste-kuechen-upgrade-fuer-unter-200-us-dollar-im-herbst-ich-habe-zwei-ausprobiert-und-bin-begeistert\/#article","isPartOf":{"@id":"https:\/\/www.strassenweb.de\/nachrichten\/die-mini-geraete-von-smeg-sind-das-gemuetlichste-kuechen-upgrade-fuer-unter-200-us-dollar-im-herbst-ich-habe-zwei-ausprobiert-und-bin-begeistert\/"},"author":{"name":"Robert Hoffmann","@id":"https:\/\/www.strassenweb.de\/nachrichten\/#\/schema\/person\/87c9c9067f1211da429a744dc5a5aa41"},"headline":"Die Mini-Ger\u00e4te von SMEG sind das gem\u00fctlichste K\u00fcchen-Upgrade f\u00fcr unter 200 US-Dollar im Herbst \u2013 ich habe zwei ausprobiert und bin begeistert","datePublished":"2025-10-14T17:41:58+00:00","dateModified":"2025-10-14T17:41:59+00:00","mainEntityOfPage":{"@id":"https:\/\/www.strassenweb.de\/nachrichten\/die-mini-geraete-von-smeg-sind-das-gemuetlichste-kuechen-upgrade-fuer-unter-200-us-dollar-im-herbst-ich-habe-zwei-ausprobiert-und-bin-begeistert\/"},"wordCount":1006,"publisher":{"@id":"https:\/\/www.strassenweb.de\/nachrichten\/#organization"},"image":{"@id":"https:\/\/www.strassenweb.de\/nachrichten\/die-mini-geraete-von-smeg-sind-das-gemuetlichste-kuechen-upgrade-fuer-unter-200-us-dollar-im-herbst-ich-habe-zwei-ausprobiert-und-bin-begeistert\/#primaryimage"},"thumbnailUrl":"https:\/\/www.strassenweb.de\/nachrichten\/wp-content\/uploads\/2025\/10\/Die-Mini-Geraete-von-SMEG-sind-das-gemuetlichste-Kuechen-Upgrade-fuer-unter.jpg","keywords":["ausprobiert","begeistert","bin","das","die","f\u00fcr","gem\u00fctlichste","habe","Herbst","ich","K\u00fcchenUpgrade","MiniGer\u00e4te","sind","SMEG","und","unter","USDollar","von","zwei"],"articleSection":["Haus &amp; Garten"],"inLanguage":"de"},{"@type":"WebPage","@id":"https:\/\/www.strassenweb.de\/nachrichten\/die-mini-geraete-von-smeg-sind-das-gemuetlichste-kuechen-upgrade-fuer-unter-200-us-dollar-im-herbst-ich-habe-zwei-ausprobiert-und-bin-begeistert\/","url":"https:\/\/www.strassenweb.de\/nachrichten\/die-mini-geraete-von-smeg-sind-das-gemuetlichste-kuechen-upgrade-fuer-unter-200-us-dollar-im-herbst-ich-habe-zwei-ausprobiert-und-bin-begeistert\/","name":"Die Mini-Ger\u00e4te von SMEG sind das gem\u00fctlichste K\u00fcchen-Upgrade f\u00fcr unter 200 US-Dollar im Herbst \u2013 ich habe zwei ausprobiert und bin begeistert - Nachrichten - Stra\u00dfenweb","isPartOf":{"@id":"https:\/\/www.strassenweb.de\/nachrichten\/#website"},"primaryImageOfPage":{"@id":"https:\/\/www.strassenweb.de\/nachrichten\/die-mini-geraete-von-smeg-sind-das-gemuetlichste-kuechen-upgrade-fuer-unter-200-us-dollar-im-herbst-ich-habe-zwei-ausprobiert-und-bin-begeistert\/#primaryimage"},"image":{"@id":"https:\/\/www.strassenweb.de\/nachrichten\/die-mini-geraete-von-smeg-sind-das-gemuetlichste-kuechen-upgrade-fuer-unter-200-us-dollar-im-herbst-ich-habe-zwei-ausprobiert-und-bin-begeistert\/#primaryimage"},"thumbnailUrl":"https:\/\/www.strassenweb.de\/nachrichten\/wp-content\/uploads\/2025\/10\/Die-Mini-Geraete-von-SMEG-sind-das-gemuetlichste-Kuechen-Upgrade-fuer-unter.jpg","datePublished":"2025-10-14T17:41:58+00:00","dateModified":"2025-10-14T17:41:59+00:00","breadcrumb":{"@id":"https:\/\/www.strassenweb.de\/nachrichten\/die-mini-geraete-von-smeg-sind-das-gemuetlichste-kuechen-upgrade-fuer-unter-200-us-dollar-im-herbst-ich-habe-zwei-ausprobiert-und-bin-begeistert\/#breadcrumb"},"inLanguage":"de","potentialAction":[{"@type":"ReadAction","target":["https:\/\/www.strassenweb.de\/nachrichten\/die-mini-geraete-von-smeg-sind-das-gemuetlichste-kuechen-upgrade-fuer-unter-200-us-dollar-im-herbst-ich-habe-zwei-ausprobiert-und-bin-begeistert\/"]}]},{"@type":"ImageObject","inLanguage":"de","@id":"https:\/\/www.strassenweb.de\/nachrichten\/die-mini-geraete-von-smeg-sind-das-gemuetlichste-kuechen-upgrade-fuer-unter-200-us-dollar-im-herbst-ich-habe-zwei-ausprobiert-und-bin-begeistert\/#primaryimage","url":"https:\/\/www.strassenweb.de\/nachrichten\/wp-content\/uploads\/2025\/10\/Die-Mini-Geraete-von-SMEG-sind-das-gemuetlichste-Kuechen-Upgrade-fuer-unter.jpg","contentUrl":"https:\/\/www.strassenweb.de\/nachrichten\/wp-content\/uploads\/2025\/10\/Die-Mini-Geraete-von-SMEG-sind-das-gemuetlichste-Kuechen-Upgrade-fuer-unter.jpg","width":1600,"height":900,"caption":"Smeg weighing scales in the test kitchen, surrounded by bowls of fruit"},{"@type":"BreadcrumbList","@id":"https:\/\/www.strassenweb.de\/nachrichten\/die-mini-geraete-von-smeg-sind-das-gemuetlichste-kuechen-upgrade-fuer-unter-200-us-dollar-im-herbst-ich-habe-zwei-ausprobiert-und-bin-begeistert\/#breadcrumb","itemListElement":[{"@type":"ListItem","position":1,"name":"Home","item":"https:\/\/www.strassenweb.de\/nachrichten\/"},{"@type":"ListItem","position":2,"name":"Die Mini-Ger\u00e4te von SMEG sind das gem\u00fctlichste K\u00fcchen-Upgrade f\u00fcr unter 200 US-Dollar im Herbst \u2013 ich habe zwei ausprobiert und bin begeistert"}]},{"@type":"WebSite","@id":"https:\/\/www.strassenweb.de\/nachrichten\/#website","url":"https:\/\/www.strassenweb.de\/nachrichten\/","name":"Stra\u00dfenweb","description":"Stra\u00dfenverzeichnis f\u00fcr Deutschland","publisher":{"@id":"https:\/\/www.strassenweb.de\/nachrichten\/#organization"},"potentialAction":[{"@type":"SearchAction","target":{"@type":"EntryPoint","urlTemplate":"https:\/\/www.strassenweb.de\/nachrichten\/?s={search_term_string}"},"query-input":{"@type":"PropertyValueSpecification","valueRequired":true,"valueName":"search_term_string"}}],"inLanguage":"de"},{"@type":"Organization","@id":"https:\/\/www.strassenweb.de\/nachrichten\/#organization","name":"Stra\u00dfenweb","url":"https:\/\/www.strassenweb.de\/nachrichten\/","logo":{"@type":"ImageObject","inLanguage":"de","@id":"https:\/\/www.strassenweb.de\/nachrichten\/#\/schema\/logo\/image\/","url":"https:\/\/www.strassenweb.de\/nachrichten\/wp-content\/uploads\/2024\/09\/cropped-favicon.png","contentUrl":"https:\/\/www.strassenweb.de\/nachrichten\/wp-content\/uploads\/2024\/09\/cropped-favicon.png","width":512,"height":512,"caption":"Stra\u00dfenweb"},"image":{"@id":"https:\/\/www.strassenweb.de\/nachrichten\/#\/schema\/logo\/image\/"},"sameAs":["https:\/\/www.facebook.com\/strassenweb\/"]},{"@type":"Person","@id":"https:\/\/www.strassenweb.de\/nachrichten\/#\/schema\/person\/87c9c9067f1211da429a744dc5a5aa41","name":"Robert Hoffmann","image":{"@type":"ImageObject","inLanguage":"de","@id":"https:\/\/www.strassenweb.de\/nachrichten\/wp-content\/uploads\/2024\/09\/strassenweb-150x150.jpg","url":"https:\/\/www.strassenweb.de\/nachrichten\/wp-content\/uploads\/2024\/09\/strassenweb-150x150.jpg","contentUrl":"https:\/\/www.strassenweb.de\/nachrichten\/wp-content\/uploads\/2024\/09\/strassenweb-150x150.jpg","caption":"Robert Hoffmann"},"description":"Ich hei\u00dfe Robert Hoffmann und ich bin ein leidenschaftlicher Verfechter von \u00d6kologie und Biodiversit\u00e4t. Seit meiner Kindheit in den W\u00e4ldern Bayerns f\u00fchle ich mich mit der Natur verbunden und bin entschlossen, sie zu sch\u00fctzen. Heute widme ich mein Leben der Sensibilisierung anderer f\u00fcr die Bedeutung des Umweltschutzes f\u00fcr zuk\u00fcnftige Generationen.","sameAs":["https:\/\/www.strassenweb.de\/"]}]}},"_links":{"self":[{"href":"https:\/\/www.strassenweb.de\/nachrichten\/wp-json\/wp\/v2\/posts\/8469","targetHints":{"allow":["GET"]}}],"collection":[{"href":"https:\/\/www.strassenweb.de\/nachrichten\/wp-json\/wp\/v2\/posts"}],"about":[{"href":"https:\/\/www.strassenweb.de\/nachrichten\/wp-json\/wp\/v2\/types\/post"}],"author":[{"embeddable":true,"href":"https:\/\/www.strassenweb.de\/nachrichten\/wp-json\/wp\/v2\/users\/1"}],"replies":[{"embeddable":true,"href":"https:\/\/www.strassenweb.de\/nachrichten\/wp-json\/wp\/v2\/comments?post=8469"}],"version-history":[{"count":0,"href":"https:\/\/www.strassenweb.de\/nachrichten\/wp-json\/wp\/v2\/posts\/8469\/revisions"}],"wp:featuredmedia":[{"embeddable":true,"href":"https:\/\/www.strassenweb.de\/nachrichten\/wp-json\/wp\/v2\/media\/8470"}],"wp:attachment":[{"href":"https:\/\/www.strassenweb.de\/nachrichten\/wp-json\/wp\/v2\/media?parent=8469"}],"wp:term":[{"taxonomy":"category","embeddable":true,"href":"https:\/\/www.strassenweb.de\/nachrichten\/wp-json\/wp\/v2\/categories?post=8469"},{"taxonomy":"post_tag","embeddable":true,"href":"https:\/\/www.strassenweb.de\/nachrichten\/wp-json\/wp\/v2\/tags?post=8469"}],"curies":[{"name":"wp","href":"https:\/\/api.w.org\/{rel}","templated":true}]}}