{"id":8451,"date":"2025-10-14T04:39:49","date_gmt":"2025-10-14T02:39:49","guid":{"rendered":"https:\/\/www.strassenweb.de\/nachrichten\/ich-habe-koeche-gefragt-wie-sie-kochgeschirr-fuer-die-feiertage-organisieren-das-sind-4-tricks-und-aufbewahrungsmoeglichkeiten-ohne-die-sie-nicht-leben-koennen\/"},"modified":"2025-10-14T04:39:49","modified_gmt":"2025-10-14T02:39:49","slug":"ich-habe-koeche-gefragt-wie-sie-kochgeschirr-fuer-die-feiertage-organisieren-das-sind-4-tricks-und-aufbewahrungsmoeglichkeiten-ohne-die-sie-nicht-leben-koennen","status":"publish","type":"post","link":"https:\/\/www.strassenweb.de\/nachrichten\/ich-habe-koeche-gefragt-wie-sie-kochgeschirr-fuer-die-feiertage-organisieren-das-sind-4-tricks-und-aufbewahrungsmoeglichkeiten-ohne-die-sie-nicht-leben-koennen\/","title":{"rendered":"Ich habe K\u00f6che gefragt, wie sie Kochgeschirr f\u00fcr die Feiertage organisieren \u2013 das sind 4 Tricks und Aufbewahrungsm\u00f6glichkeiten, ohne die sie nicht leben k\u00f6nnen"},"content":{"rendered":"<p><\/p>\n<div id=\"article-body\" class=\"article__body \">\n<p id=\"ee5ac895-553c-42ea-99a8-f43fafa374f8\">Wenn die Feiertage n\u00e4her r\u00fccken, wird die Nutzung und Navigation wichtiger Lagerr\u00e4ume in der K\u00fcche etwas chaotischer.<\/p>\n<div id=\"ad-unit-1\" class=\"ad-unit\"><\/div>\n<p>Deshalb habe ich professionelle K\u00f6che gefragt, wie sie es schaffen, ihr Kochgeschirr organisiert zu halten, wenn sie f\u00fcr eine gro\u00dfe Menschenmenge kochen.<\/p>\n<aside data-block-type=\"embed\" data-render-type=\"fte\" data-skip=\"dealsy\" data-widget-type=\"seasonal\" class=\"hawk-root\"><\/aside>\n<p id=\"ee5ac895-553c-42ea-99a8-f43fafa374f8-2\" class=\"paywall\" aria-hidden=\"true\">Dies sind die vier intelligenten Aufbewahrungssysteme f\u00fcr Kochgeschirr, die in Eile sinnvoll sind und dabei helfen, die K\u00fcche zu organisieren, wenn der Kochrausch im Urlaub beginnt.<\/p>\n<div class=\"van_vid_carousel\">\n<div class=\"van_vid_carousel__padding\">\n<div class=\"van_vid_carousel__container\"><\/div>\n<\/div>\n<\/div>\n<h2 id=\"how-chefs-organize-cookware-for-the-holidays-3\">Wie K\u00f6che Kochgeschirr f\u00fcr die Feiertage organisieren<\/h2>\n<h3 class=\"article-body__section\" id=\"section-1-tuck-summer-essentials-to-the-back\"><span>1. Stecken Sie Ihre Sommer-Essentials nach hinten<\/span><\/h3>\n<figure class=\"van-image-figure inline-layout \" data-bordeaux-image-check id=\"b7b5da5e-8cf6-4b26-a9a7-a50ddbf6ff61\">\n<div class=\"image-full-width-wrapper\">\n<div class=\"image-widthsetter\" style=\"max-width:2000px;\"><\/div>\n<\/div><figcaption class=\"inline-layout \">\n<div class=\"caption-text\">\n<p>Halten Sie weniger gebrauchte Ger\u00e4te aus dem Weg, um das Durchw\u00fchlen von Schr\u00e4nken zu vermeiden. <\/p>\n<\/div>\n<\/figcaption><\/figure>\n<p id=\"a683e726-48f8-43fe-80a3-83d4021be661\">Marissa Stevens, Gr\u00fcnderin und Rezeptentwicklerin bei <u>Kneifen und wirbeln<\/u>schl\u00e4gt einen saisonalen Ansatz f\u00fcr die Organisation von K\u00fcchenger\u00e4ten vor.<\/p>\n<div id=\"ad-unit-2\" class=\"ad-unit\"><\/div>\n<p>Sie erz\u00e4hlt: \u201eEtwa ein oder zwei Wochen vorher hole ich alles heraus und verstaue vor\u00fcbergehend die Dinge, von denen ich wei\u00df, dass ich sie nicht benutzen werde \u2013 Grillpfannen, Eismaschine, alles, was sommerlich ist.\u201c<\/p>\n<p>\u201eDas schafft Platz f\u00fcr die Werkzeuge, die ich am h\u00e4ufigsten verwende: Blechpfannen, Schmortopf, Bratpfannen, gro\u00dfe R\u00fchrsch\u00fcsseln.\u201c Wenn ich nach etwas graben muss, w\u00e4hrend in der K\u00fcche viel los ist, wei\u00df ich, dass ich es nicht richtig aufgestellt habe.\u201c<\/p>\n<p>Dieser Ansatz kann Ihnen auch dabei helfen, die visuelle Unordnung in der K\u00fcche zu reduzieren, damit das Kochen weniger \u00fcberw\u00e4ltigend wird. Erw\u00e4gen Sie, einige Ger\u00e4tekabel-Organizer von Walmart an der R\u00fcckseite der Ger\u00e4te anzubringen, um die Aufbewahrung in Regalen zu erleichtern, ohne dass die Gefahr besteht, dass die Kabel besch\u00e4digt werden.<\/p>\n<div id=\"slice-container-newsletterForm-articleInbodyContent-HXpxvMtM9TLeChEx4KrnpF\" class=\"slice-container newsletter-inbodyContent-slice newsletterForm-articleInbodyContent-HXpxvMtM9TLeChEx4KrnpF slice-container-newsletterForm\"><\/div>\n<div class=\"min-h-(270px) mb-4 viafoura-twig-component\" id=\"viafoura-engagement-starter-wrapper\" data-component-name=\"Elk:Embed:EngagementStarter\">\n<div class=\"viafoura\">\n<div>\n<vf-conversation-starter target=\"viafoura-comments\" title=\"Share your thoughts\" description=\"What\u2019s the hardest cookware item to store neatly in your kitchen? \" minimum-comment-count=\"5\"><br \/>\n<\/vf-conversation-starter>\n<\/div>\n<\/div>\n<\/div>\n<h3 class=\"article-body__section\" id=\"section-2-secure-lids\"><span>2. Sichern Sie die Deckel<\/span><\/h3>\n<figure class=\"van-image-figure inline-layout \" data-bordeaux-image-check id=\"cc1a5a0a-1ef9-43c1-a5fe-70c6cf6ebd95\">\n<div class=\"image-full-width-wrapper\">\n<div class=\"image-widthsetter\" style=\"max-width:2000px;\"><\/div>\n<\/div><figcaption class=\"inline-layout \">\n<div class=\"caption-text\">\n<p>Benutzen Sie die R\u00fcckseiten der Schrankt\u00fcren, um die Pfannendeckel so zu sichern, dass sie nicht im Weg sind. <\/p>\n<\/div>\n<\/figcaption><\/figure>\n<p id=\"b226bc87-097e-4181-a06c-c41b11aa4264\">Herbst und Winter sind die Jahreszeiten der Essensreste, aber die Organisation der daf\u00fcr ben\u00f6tigten Plastikbeh\u00e4lter kann schwierig sein.<\/p>\n<p>Um einen Tsunami an Unordnung zu vermeiden, hat Joanne Gallagher, Mitbegr\u00fcnderin und Rezeptentwicklerin von <u>Inspirierter Geschmack<\/u>Er sagt: \u201eIch \u00fcberpr\u00fcfe alle meine Deckel und Mehrwegbeh\u00e4lter noch einmal auf Reste.\u201c Die Feiertage bedeuten immer mehr Lebensmittelaufbewahrung, deshalb organisiere ich diese Schublade gerne im Voraus.<\/p>\n<p>\u201eIch bin schrecklich darin, Deckel und Beh\u00e4lter im Handumdrehen aufeinander abzustimmen, daher erspart mir die fr\u00fche Organisation die sp\u00e4tere Fummelei.\u201c Der erweiterbare Kochgeschirr-Organizer Joseph Joseph von Wayfair kann dabei helfen, diese Beh\u00e4lter nach dem Gebrauch ordentlich gestapelt zu halten.<\/p>\n<p>Alternativ greift Joanne auch auf die passenden Glasbeh\u00e4lter von Amazon zur\u00fcck, damit alles reibungslos zusammenpasst.<\/p>\n<p>Vergessen Sie auch bei der Organisation von T\u00f6pfen und Pfannen nicht die Deckel. Diese verstellbaren Topfdeckelhalter von Amazon werden an der Innenseite von Schrankt\u00fcren befestigt und erm\u00f6glichen so eine einfache Aufbewahrung, die keinen unn\u00f6tigen Platz beansprucht.<\/p>\n<h3 class=\"article-body__section\" id=\"section-3-give-small-tools-dividers\"><span>3. Geben Sie Trennw\u00e4nde f\u00fcr kleine Werkzeuge<\/span><\/h3>\n<figure class=\"van-image-figure inline-layout \" data-bordeaux-image-check id=\"aa20def7-3c1b-4c89-be35-b34aa468d559\">\n<div class=\"image-full-width-wrapper\">\n<div class=\"image-widthsetter\" style=\"max-width:2000px;\"><\/div>\n<\/div><figcaption class=\"inline-layout \">\n<div class=\"caption-text\">\n<p>Sorgen Sie daf\u00fcr, dass Kochutensilien in gro\u00dfen Schubladen nicht durcheinander geraten.<\/p>\n<\/div>\n<\/figcaption><\/figure>\n<p id=\"6fa52e28-d812-40c3-a81a-2182e2b9c9fc\">Wenn Sie mehr kochen und m\u00f6glicherweise neue Urlaubsrezepte ausprobieren, ist ein einfacher Zugang wichtiger denn je \u2013 insbesondere f\u00fcr kleinere Utensilien oder Spezialwerkzeuge.<\/p>\n<p>Marissa sagt: \u201eIch verwende Bambus-Schubladenunterteilungsschalen (erh\u00e4ltlich bei Walmart), damit jedes Werkzeug seinen Platz hat: Mikrohobel, Messbecher, Sparsch\u00e4ler, Thermometer.\u201c Zus\u00e4tzliche Handt\u00fccher, Pergament und Folie befinden sich in einer flachen Schublade neben dem Ofen. Es sieht schlicht aus, h\u00e4lt mich aber davon ab, mitten im Rezept herumzuschweifen.\u201c<\/p>\n<p>Joseph Joseph bietet bei Wayfair ein 10-teiliges, anpassbares Schubladen-Organizer-Set an, mit dem Sie Ihre K\u00fcchenaufbewahrung an Ihre Bed\u00fcrfnisse anpassen k\u00f6nnen.<\/p>\n<h3 class=\"article-body__section\" id=\"section-4-store-trays-by-shape\"><span>4. Lagern Sie die Tabletts nach ihrer Form <\/span><\/h3>\n<p id=\"d8d1570c-ca0b-4cc6-9ca9-5d70686a4700\">Nachdem die Vorratskammer im Herbst f\u00fcr die Backsaison neu eingerichtet wurde, besteht der n\u00e4chste Schritt darin, das Backgeschirr anzuordnen und aufzubewahren.<\/p>\n<p>Joanne erz\u00e4hlt: \u201eIm Laufe des Jahres neigen Backbleche und Pfannen dazu, willk\u00fcrlich gestapelt zu werden, daher nehme ich mir immer ein paar Minuten Zeit, um sie nach Gr\u00f6\u00dfe und Form zu ordnen, bevor der Backmarathon f\u00fcr die Feiertage beginnt.\u201c \u201eDas erspart mir viel Stress, wenn in der K\u00fcche mal viel los ist.\u201c<\/p>\n<p>Sie k\u00f6nnen auch unsere ultimative Herbst-R\u00e4umliste in Angriff nehmen, in der es darum geht, Duplikate zu erkennen und was mit ihnen zu tun ist.<\/p>\n<p>Marissa f\u00fcgt hinzu: \u201eIch kann mir mein K\u00fcchenleben ohne vertikale Trennw\u00e4nde f\u00fcr Bleche, Backbleche, Schneidebretter und K\u00fchlregale nicht vorstellen.\u201c Es ist zwar platzsparend, aber ich sehe auf einen Blick, was sauber und einsatzbereit ist.\u201c<\/p>\n<p>Ich liebe die Umbra Peggy Kitchen Organizer Trays, die bei Amazon erh\u00e4ltlich sind, da sie vollst\u00e4ndig anpassbar sind und sowohl in Schr\u00e4nken als auch in Schubladen funktionieren. Ich benutze meinen, um Pfannen und Tabletts ordentlich gestapelt zu halten, ohne zu zerkratzen und abzusplittern.<\/p>\n<h2 class=\"article-body__section\" id=\"section-what-to-shop\"><span>Was man einkaufen sollte<\/span><\/h2>\n<div class=\"product-container hero-product-container product-block-no-wrap\">\n<div class=\"product-block-row\"><\/div>\n<div class=\"product-block-row\"><\/div>\n<div class=\"product-block-row\"><\/div>\n<div class=\"product-block-row\"><\/div>\n<div class=\"product-block-row\"><\/div>\n<div class=\"product-block-row\"><\/div>\n<\/div>\n<h2 class=\"article-body__section\" id=\"section-meet-the-experts\"><span>Treffen Sie die Experten<\/span><\/h2>\n<hr id=\"8712595e-d5a2-453d-930b-370bbfb4a2b8\">\n<p id=\"4e82620f-76b4-476b-be7f-a943ad830ff2\">Nachdem Sie die kleineren Organisationsaufgaben erledigt haben, warum nicht \u00fcber einige l\u00e4ngerfristige K\u00fcchenfunktionen nachdenken, die Ihnen das Leben erleichtern?<\/p>\n<\/div>\n","protected":false},"excerpt":{"rendered":"<p>Wenn die Feiertage n\u00e4her r\u00fccken, wird die Nutzung und Navigation wichtiger Lagerr\u00e4ume in der K\u00fcche etwas chaotischer. Deshalb habe ich professionelle K\u00f6che gefragt, wie sie<\/p>\n","protected":false},"author":1,"featured_media":8452,"comment_status":"closed","ping_status":"","sticky":false,"template":"","format":"standard","meta":{"footnotes":""},"categories":[118],"tags":[10789,112,9,3163,55,3543,823,129,2347,3296,689,1071,61,65,1532,165,58,1129,37,26],"class_list":["post-8451","post","type-post","status-publish","format-standard","has-post-thumbnail","hentry","category-haus-garten","tag-aufbewahrungsmoeglichkeiten","tag-das","tag-die","tag-feiertage","tag-fuer","tag-gefragt","tag-habe","tag-ich","tag-koeche","tag-kochgeschirr","tag-koennen","tag-leben","tag-nicht","tag-ohne","tag-organisieren","tag-sie","tag-sind","tag-tricks","tag-und","tag-wie","generate-columns","tablet-grid-50","mobile-grid-100","grid-parent","grid-50"],"yoast_head":"<!-- This site is optimized with the Yoast SEO plugin v27.3 - https:\/\/yoast.com\/product\/yoast-seo-wordpress\/ -->\n<title>Ich habe K\u00f6che gefragt, wie sie Kochgeschirr f\u00fcr die Feiertage organisieren \u2013 das sind 4 Tricks und Aufbewahrungsm\u00f6glichkeiten, ohne die sie nicht leben k\u00f6nnen - Nachrichten - Stra\u00dfenweb<\/title>\n<meta name=\"robots\" content=\"index, follow, max-snippet:-1, max-image-preview:large, max-video-preview:-1\" \/>\n<link rel=\"canonical\" href=\"https:\/\/www.strassenweb.de\/nachrichten\/ich-habe-koeche-gefragt-wie-sie-kochgeschirr-fuer-die-feiertage-organisieren-das-sind-4-tricks-und-aufbewahrungsmoeglichkeiten-ohne-die-sie-nicht-leben-koennen\/\" \/>\n<meta property=\"og:locale\" content=\"de_DE\" \/>\n<meta property=\"og:type\" content=\"article\" \/>\n<meta property=\"og:title\" content=\"Ich habe K\u00f6che gefragt, wie sie Kochgeschirr f\u00fcr die Feiertage organisieren \u2013 das sind 4 Tricks und Aufbewahrungsm\u00f6glichkeiten, ohne die sie nicht leben k\u00f6nnen - Nachrichten - Stra\u00dfenweb\" \/>\n<meta property=\"og:description\" content=\"Wenn die Feiertage n\u00e4her r\u00fccken, wird die Nutzung und Navigation wichtiger Lagerr\u00e4ume in der K\u00fcche etwas chaotischer. Deshalb habe ich professionelle K\u00f6che gefragt, wie sie\" \/>\n<meta property=\"og:url\" content=\"https:\/\/www.strassenweb.de\/nachrichten\/ich-habe-koeche-gefragt-wie-sie-kochgeschirr-fuer-die-feiertage-organisieren-das-sind-4-tricks-und-aufbewahrungsmoeglichkeiten-ohne-die-sie-nicht-leben-koennen\/\" \/>\n<meta property=\"og:site_name\" content=\"Stra\u00dfenweb\" \/>\n<meta property=\"article:publisher\" content=\"https:\/\/www.facebook.com\/strassenweb\/\" \/>\n<meta property=\"article:published_time\" content=\"2025-10-14T02:39:49+00:00\" \/>\n<meta property=\"og:image\" content=\"https:\/\/www.strassenweb.de\/nachrichten\/wp-content\/uploads\/2025\/10\/Ich-habe-Koeche-gefragt-wie-sie-Kochgeschirr-fuer-die-Feiertage.jpg\" \/>\n\t<meta property=\"og:image:width\" content=\"1600\" \/>\n\t<meta property=\"og:image:height\" content=\"900\" \/>\n\t<meta property=\"og:image:type\" content=\"image\/jpeg\" \/>\n<meta name=\"author\" content=\"Robert Hoffmann\" \/>\n<meta name=\"twitter:card\" content=\"summary_large_image\" \/>\n<meta name=\"twitter:label1\" content=\"Verfasst von\" \/>\n\t<meta name=\"twitter:data1\" content=\"Robert Hoffmann\" \/>\n\t<meta name=\"twitter:label2\" content=\"Gesch\u00e4tzte Lesezeit\" \/>\n\t<meta name=\"twitter:data2\" content=\"4\u00a0Minuten\" \/>\n<script type=\"application\/ld+json\" class=\"yoast-schema-graph\">{\"@context\":\"https:\\\/\\\/schema.org\",\"@graph\":[{\"@type\":\"Article\",\"@id\":\"https:\\\/\\\/www.strassenweb.de\\\/nachrichten\\\/ich-habe-koeche-gefragt-wie-sie-kochgeschirr-fuer-die-feiertage-organisieren-das-sind-4-tricks-und-aufbewahrungsmoeglichkeiten-ohne-die-sie-nicht-leben-koennen\\\/#article\",\"isPartOf\":{\"@id\":\"https:\\\/\\\/www.strassenweb.de\\\/nachrichten\\\/ich-habe-koeche-gefragt-wie-sie-kochgeschirr-fuer-die-feiertage-organisieren-das-sind-4-tricks-und-aufbewahrungsmoeglichkeiten-ohne-die-sie-nicht-leben-koennen\\\/\"},\"author\":{\"name\":\"Robert Hoffmann\",\"@id\":\"https:\\\/\\\/www.strassenweb.de\\\/nachrichten\\\/#\\\/schema\\\/person\\\/87c9c9067f1211da429a744dc5a5aa41\"},\"headline\":\"Ich habe K\u00f6che gefragt, wie sie Kochgeschirr f\u00fcr die Feiertage organisieren \u2013 das sind 4 Tricks und Aufbewahrungsm\u00f6glichkeiten, ohne die sie nicht leben k\u00f6nnen\",\"datePublished\":\"2025-10-14T02:39:49+00:00\",\"mainEntityOfPage\":{\"@id\":\"https:\\\/\\\/www.strassenweb.de\\\/nachrichten\\\/ich-habe-koeche-gefragt-wie-sie-kochgeschirr-fuer-die-feiertage-organisieren-das-sind-4-tricks-und-aufbewahrungsmoeglichkeiten-ohne-die-sie-nicht-leben-koennen\\\/\"},\"wordCount\":828,\"publisher\":{\"@id\":\"https:\\\/\\\/www.strassenweb.de\\\/nachrichten\\\/#organization\"},\"image\":{\"@id\":\"https:\\\/\\\/www.strassenweb.de\\\/nachrichten\\\/ich-habe-koeche-gefragt-wie-sie-kochgeschirr-fuer-die-feiertage-organisieren-das-sind-4-tricks-und-aufbewahrungsmoeglichkeiten-ohne-die-sie-nicht-leben-koennen\\\/#primaryimage\"},\"thumbnailUrl\":\"https:\\\/\\\/www.strassenweb.de\\\/nachrichten\\\/wp-content\\\/uploads\\\/2025\\\/10\\\/Ich-habe-Koeche-gefragt-wie-sie-Kochgeschirr-fuer-die-Feiertage.jpg\",\"keywords\":[\"Aufbewahrungsm\u00f6glichkeiten\",\"das\",\"die\",\"Feiertage\",\"f\u00fcr\",\"gefragt\",\"habe\",\"ich\",\"K\u00f6che\",\"Kochgeschirr\",\"k\u00f6nnen\",\"leben\",\"nicht\",\"ohne\",\"organisieren\",\"Sie\",\"sind\",\"Tricks\",\"und\",\"Wie\"],\"articleSection\":[\"Haus &amp; Garten\"],\"inLanguage\":\"de\"},{\"@type\":\"WebPage\",\"@id\":\"https:\\\/\\\/www.strassenweb.de\\\/nachrichten\\\/ich-habe-koeche-gefragt-wie-sie-kochgeschirr-fuer-die-feiertage-organisieren-das-sind-4-tricks-und-aufbewahrungsmoeglichkeiten-ohne-die-sie-nicht-leben-koennen\\\/\",\"url\":\"https:\\\/\\\/www.strassenweb.de\\\/nachrichten\\\/ich-habe-koeche-gefragt-wie-sie-kochgeschirr-fuer-die-feiertage-organisieren-das-sind-4-tricks-und-aufbewahrungsmoeglichkeiten-ohne-die-sie-nicht-leben-koennen\\\/\",\"name\":\"Ich habe K\u00f6che gefragt, wie sie Kochgeschirr f\u00fcr die Feiertage organisieren \u2013 das sind 4 Tricks und Aufbewahrungsm\u00f6glichkeiten, ohne die sie nicht leben k\u00f6nnen - Nachrichten - Stra\u00dfenweb\",\"isPartOf\":{\"@id\":\"https:\\\/\\\/www.strassenweb.de\\\/nachrichten\\\/#website\"},\"primaryImageOfPage\":{\"@id\":\"https:\\\/\\\/www.strassenweb.de\\\/nachrichten\\\/ich-habe-koeche-gefragt-wie-sie-kochgeschirr-fuer-die-feiertage-organisieren-das-sind-4-tricks-und-aufbewahrungsmoeglichkeiten-ohne-die-sie-nicht-leben-koennen\\\/#primaryimage\"},\"image\":{\"@id\":\"https:\\\/\\\/www.strassenweb.de\\\/nachrichten\\\/ich-habe-koeche-gefragt-wie-sie-kochgeschirr-fuer-die-feiertage-organisieren-das-sind-4-tricks-und-aufbewahrungsmoeglichkeiten-ohne-die-sie-nicht-leben-koennen\\\/#primaryimage\"},\"thumbnailUrl\":\"https:\\\/\\\/www.strassenweb.de\\\/nachrichten\\\/wp-content\\\/uploads\\\/2025\\\/10\\\/Ich-habe-Koeche-gefragt-wie-sie-Kochgeschirr-fuer-die-Feiertage.jpg\",\"datePublished\":\"2025-10-14T02:39:49+00:00\",\"breadcrumb\":{\"@id\":\"https:\\\/\\\/www.strassenweb.de\\\/nachrichten\\\/ich-habe-koeche-gefragt-wie-sie-kochgeschirr-fuer-die-feiertage-organisieren-das-sind-4-tricks-und-aufbewahrungsmoeglichkeiten-ohne-die-sie-nicht-leben-koennen\\\/#breadcrumb\"},\"inLanguage\":\"de\",\"potentialAction\":[{\"@type\":\"ReadAction\",\"target\":[\"https:\\\/\\\/www.strassenweb.de\\\/nachrichten\\\/ich-habe-koeche-gefragt-wie-sie-kochgeschirr-fuer-die-feiertage-organisieren-das-sind-4-tricks-und-aufbewahrungsmoeglichkeiten-ohne-die-sie-nicht-leben-koennen\\\/\"]}]},{\"@type\":\"ImageObject\",\"inLanguage\":\"de\",\"@id\":\"https:\\\/\\\/www.strassenweb.de\\\/nachrichten\\\/ich-habe-koeche-gefragt-wie-sie-kochgeschirr-fuer-die-feiertage-organisieren-das-sind-4-tricks-und-aufbewahrungsmoeglichkeiten-ohne-die-sie-nicht-leben-koennen\\\/#primaryimage\",\"url\":\"https:\\\/\\\/www.strassenweb.de\\\/nachrichten\\\/wp-content\\\/uploads\\\/2025\\\/10\\\/Ich-habe-Koeche-gefragt-wie-sie-Kochgeschirr-fuer-die-Feiertage.jpg\",\"contentUrl\":\"https:\\\/\\\/www.strassenweb.de\\\/nachrichten\\\/wp-content\\\/uploads\\\/2025\\\/10\\\/Ich-habe-Koeche-gefragt-wie-sie-Kochgeschirr-fuer-die-Feiertage.jpg\",\"width\":1600,\"height\":900,\"caption\":\"A kitchen with rustic wooden cabinets, and red marble counters and backsplashes. A matching island with black and while tile surround.\"},{\"@type\":\"BreadcrumbList\",\"@id\":\"https:\\\/\\\/www.strassenweb.de\\\/nachrichten\\\/ich-habe-koeche-gefragt-wie-sie-kochgeschirr-fuer-die-feiertage-organisieren-das-sind-4-tricks-und-aufbewahrungsmoeglichkeiten-ohne-die-sie-nicht-leben-koennen\\\/#breadcrumb\",\"itemListElement\":[{\"@type\":\"ListItem\",\"position\":1,\"name\":\"Home\",\"item\":\"https:\\\/\\\/www.strassenweb.de\\\/nachrichten\\\/\"},{\"@type\":\"ListItem\",\"position\":2,\"name\":\"Ich habe K\u00f6che gefragt, wie sie Kochgeschirr f\u00fcr die Feiertage organisieren \u2013 das sind 4 Tricks und Aufbewahrungsm\u00f6glichkeiten, ohne die sie nicht leben k\u00f6nnen\"}]},{\"@type\":\"WebSite\",\"@id\":\"https:\\\/\\\/www.strassenweb.de\\\/nachrichten\\\/#website\",\"url\":\"https:\\\/\\\/www.strassenweb.de\\\/nachrichten\\\/\",\"name\":\"Stra\u00dfenweb\",\"description\":\"Stra\u00dfenverzeichnis f\u00fcr Deutschland\",\"publisher\":{\"@id\":\"https:\\\/\\\/www.strassenweb.de\\\/nachrichten\\\/#organization\"},\"potentialAction\":[{\"@type\":\"SearchAction\",\"target\":{\"@type\":\"EntryPoint\",\"urlTemplate\":\"https:\\\/\\\/www.strassenweb.de\\\/nachrichten\\\/?s={search_term_string}\"},\"query-input\":{\"@type\":\"PropertyValueSpecification\",\"valueRequired\":true,\"valueName\":\"search_term_string\"}}],\"inLanguage\":\"de\"},{\"@type\":\"Organization\",\"@id\":\"https:\\\/\\\/www.strassenweb.de\\\/nachrichten\\\/#organization\",\"name\":\"Stra\u00dfenweb\",\"url\":\"https:\\\/\\\/www.strassenweb.de\\\/nachrichten\\\/\",\"logo\":{\"@type\":\"ImageObject\",\"inLanguage\":\"de\",\"@id\":\"https:\\\/\\\/www.strassenweb.de\\\/nachrichten\\\/#\\\/schema\\\/logo\\\/image\\\/\",\"url\":\"https:\\\/\\\/www.strassenweb.de\\\/nachrichten\\\/wp-content\\\/uploads\\\/2024\\\/09\\\/cropped-favicon.png\",\"contentUrl\":\"https:\\\/\\\/www.strassenweb.de\\\/nachrichten\\\/wp-content\\\/uploads\\\/2024\\\/09\\\/cropped-favicon.png\",\"width\":512,\"height\":512,\"caption\":\"Stra\u00dfenweb\"},\"image\":{\"@id\":\"https:\\\/\\\/www.strassenweb.de\\\/nachrichten\\\/#\\\/schema\\\/logo\\\/image\\\/\"},\"sameAs\":[\"https:\\\/\\\/www.facebook.com\\\/strassenweb\\\/\"]},{\"@type\":\"Person\",\"@id\":\"https:\\\/\\\/www.strassenweb.de\\\/nachrichten\\\/#\\\/schema\\\/person\\\/87c9c9067f1211da429a744dc5a5aa41\",\"name\":\"Robert Hoffmann\",\"image\":{\"@type\":\"ImageObject\",\"inLanguage\":\"de\",\"@id\":\"https:\\\/\\\/www.strassenweb.de\\\/nachrichten\\\/wp-content\\\/uploads\\\/2024\\\/09\\\/strassenweb-150x150.jpg\",\"url\":\"https:\\\/\\\/www.strassenweb.de\\\/nachrichten\\\/wp-content\\\/uploads\\\/2024\\\/09\\\/strassenweb-150x150.jpg\",\"contentUrl\":\"https:\\\/\\\/www.strassenweb.de\\\/nachrichten\\\/wp-content\\\/uploads\\\/2024\\\/09\\\/strassenweb-150x150.jpg\",\"caption\":\"Robert Hoffmann\"},\"description\":\"Ich hei\u00dfe Robert Hoffmann und ich bin ein leidenschaftlicher Verfechter von \u00d6kologie und Biodiversit\u00e4t. Seit meiner Kindheit in den W\u00e4ldern Bayerns f\u00fchle ich mich mit der Natur verbunden und bin entschlossen, sie zu sch\u00fctzen. Heute widme ich mein Leben der Sensibilisierung anderer f\u00fcr die Bedeutung des Umweltschutzes f\u00fcr zuk\u00fcnftige Generationen.\",\"sameAs\":[\"https:\\\/\\\/www.strassenweb.de\\\/\"]}]}<\/script>\n<!-- \/ Yoast SEO plugin. -->","yoast_head_json":{"title":"Ich habe K\u00f6che gefragt, wie sie Kochgeschirr f\u00fcr die Feiertage organisieren \u2013 das sind 4 Tricks und Aufbewahrungsm\u00f6glichkeiten, ohne die sie nicht leben k\u00f6nnen - Nachrichten - Stra\u00dfenweb","robots":{"index":"index","follow":"follow","max-snippet":"max-snippet:-1","max-image-preview":"max-image-preview:large","max-video-preview":"max-video-preview:-1"},"canonical":"https:\/\/www.strassenweb.de\/nachrichten\/ich-habe-koeche-gefragt-wie-sie-kochgeschirr-fuer-die-feiertage-organisieren-das-sind-4-tricks-und-aufbewahrungsmoeglichkeiten-ohne-die-sie-nicht-leben-koennen\/","og_locale":"de_DE","og_type":"article","og_title":"Ich habe K\u00f6che gefragt, wie sie Kochgeschirr f\u00fcr die Feiertage organisieren \u2013 das sind 4 Tricks und Aufbewahrungsm\u00f6glichkeiten, ohne die sie nicht leben k\u00f6nnen - Nachrichten - Stra\u00dfenweb","og_description":"Wenn die Feiertage n\u00e4her r\u00fccken, wird die Nutzung und Navigation wichtiger Lagerr\u00e4ume in der K\u00fcche etwas chaotischer. Deshalb habe ich professionelle K\u00f6che gefragt, wie sie","og_url":"https:\/\/www.strassenweb.de\/nachrichten\/ich-habe-koeche-gefragt-wie-sie-kochgeschirr-fuer-die-feiertage-organisieren-das-sind-4-tricks-und-aufbewahrungsmoeglichkeiten-ohne-die-sie-nicht-leben-koennen\/","og_site_name":"Stra\u00dfenweb","article_publisher":"https:\/\/www.facebook.com\/strassenweb\/","article_published_time":"2025-10-14T02:39:49+00:00","og_image":[{"width":1600,"height":900,"url":"https:\/\/www.strassenweb.de\/nachrichten\/wp-content\/uploads\/2025\/10\/Ich-habe-Koeche-gefragt-wie-sie-Kochgeschirr-fuer-die-Feiertage.jpg","type":"image\/jpeg"}],"author":"Robert Hoffmann","twitter_card":"summary_large_image","twitter_misc":{"Verfasst von":"Robert Hoffmann","Gesch\u00e4tzte Lesezeit":"4\u00a0Minuten"},"schema":{"@context":"https:\/\/schema.org","@graph":[{"@type":"Article","@id":"https:\/\/www.strassenweb.de\/nachrichten\/ich-habe-koeche-gefragt-wie-sie-kochgeschirr-fuer-die-feiertage-organisieren-das-sind-4-tricks-und-aufbewahrungsmoeglichkeiten-ohne-die-sie-nicht-leben-koennen\/#article","isPartOf":{"@id":"https:\/\/www.strassenweb.de\/nachrichten\/ich-habe-koeche-gefragt-wie-sie-kochgeschirr-fuer-die-feiertage-organisieren-das-sind-4-tricks-und-aufbewahrungsmoeglichkeiten-ohne-die-sie-nicht-leben-koennen\/"},"author":{"name":"Robert Hoffmann","@id":"https:\/\/www.strassenweb.de\/nachrichten\/#\/schema\/person\/87c9c9067f1211da429a744dc5a5aa41"},"headline":"Ich habe K\u00f6che gefragt, wie sie Kochgeschirr f\u00fcr die Feiertage organisieren \u2013 das sind 4 Tricks und Aufbewahrungsm\u00f6glichkeiten, ohne die sie nicht leben k\u00f6nnen","datePublished":"2025-10-14T02:39:49+00:00","mainEntityOfPage":{"@id":"https:\/\/www.strassenweb.de\/nachrichten\/ich-habe-koeche-gefragt-wie-sie-kochgeschirr-fuer-die-feiertage-organisieren-das-sind-4-tricks-und-aufbewahrungsmoeglichkeiten-ohne-die-sie-nicht-leben-koennen\/"},"wordCount":828,"publisher":{"@id":"https:\/\/www.strassenweb.de\/nachrichten\/#organization"},"image":{"@id":"https:\/\/www.strassenweb.de\/nachrichten\/ich-habe-koeche-gefragt-wie-sie-kochgeschirr-fuer-die-feiertage-organisieren-das-sind-4-tricks-und-aufbewahrungsmoeglichkeiten-ohne-die-sie-nicht-leben-koennen\/#primaryimage"},"thumbnailUrl":"https:\/\/www.strassenweb.de\/nachrichten\/wp-content\/uploads\/2025\/10\/Ich-habe-Koeche-gefragt-wie-sie-Kochgeschirr-fuer-die-Feiertage.jpg","keywords":["Aufbewahrungsm\u00f6glichkeiten","das","die","Feiertage","f\u00fcr","gefragt","habe","ich","K\u00f6che","Kochgeschirr","k\u00f6nnen","leben","nicht","ohne","organisieren","Sie","sind","Tricks","und","Wie"],"articleSection":["Haus &amp; Garten"],"inLanguage":"de"},{"@type":"WebPage","@id":"https:\/\/www.strassenweb.de\/nachrichten\/ich-habe-koeche-gefragt-wie-sie-kochgeschirr-fuer-die-feiertage-organisieren-das-sind-4-tricks-und-aufbewahrungsmoeglichkeiten-ohne-die-sie-nicht-leben-koennen\/","url":"https:\/\/www.strassenweb.de\/nachrichten\/ich-habe-koeche-gefragt-wie-sie-kochgeschirr-fuer-die-feiertage-organisieren-das-sind-4-tricks-und-aufbewahrungsmoeglichkeiten-ohne-die-sie-nicht-leben-koennen\/","name":"Ich habe K\u00f6che gefragt, wie sie Kochgeschirr f\u00fcr die Feiertage organisieren \u2013 das sind 4 Tricks und Aufbewahrungsm\u00f6glichkeiten, ohne die sie nicht leben k\u00f6nnen - Nachrichten - Stra\u00dfenweb","isPartOf":{"@id":"https:\/\/www.strassenweb.de\/nachrichten\/#website"},"primaryImageOfPage":{"@id":"https:\/\/www.strassenweb.de\/nachrichten\/ich-habe-koeche-gefragt-wie-sie-kochgeschirr-fuer-die-feiertage-organisieren-das-sind-4-tricks-und-aufbewahrungsmoeglichkeiten-ohne-die-sie-nicht-leben-koennen\/#primaryimage"},"image":{"@id":"https:\/\/www.strassenweb.de\/nachrichten\/ich-habe-koeche-gefragt-wie-sie-kochgeschirr-fuer-die-feiertage-organisieren-das-sind-4-tricks-und-aufbewahrungsmoeglichkeiten-ohne-die-sie-nicht-leben-koennen\/#primaryimage"},"thumbnailUrl":"https:\/\/www.strassenweb.de\/nachrichten\/wp-content\/uploads\/2025\/10\/Ich-habe-Koeche-gefragt-wie-sie-Kochgeschirr-fuer-die-Feiertage.jpg","datePublished":"2025-10-14T02:39:49+00:00","breadcrumb":{"@id":"https:\/\/www.strassenweb.de\/nachrichten\/ich-habe-koeche-gefragt-wie-sie-kochgeschirr-fuer-die-feiertage-organisieren-das-sind-4-tricks-und-aufbewahrungsmoeglichkeiten-ohne-die-sie-nicht-leben-koennen\/#breadcrumb"},"inLanguage":"de","potentialAction":[{"@type":"ReadAction","target":["https:\/\/www.strassenweb.de\/nachrichten\/ich-habe-koeche-gefragt-wie-sie-kochgeschirr-fuer-die-feiertage-organisieren-das-sind-4-tricks-und-aufbewahrungsmoeglichkeiten-ohne-die-sie-nicht-leben-koennen\/"]}]},{"@type":"ImageObject","inLanguage":"de","@id":"https:\/\/www.strassenweb.de\/nachrichten\/ich-habe-koeche-gefragt-wie-sie-kochgeschirr-fuer-die-feiertage-organisieren-das-sind-4-tricks-und-aufbewahrungsmoeglichkeiten-ohne-die-sie-nicht-leben-koennen\/#primaryimage","url":"https:\/\/www.strassenweb.de\/nachrichten\/wp-content\/uploads\/2025\/10\/Ich-habe-Koeche-gefragt-wie-sie-Kochgeschirr-fuer-die-Feiertage.jpg","contentUrl":"https:\/\/www.strassenweb.de\/nachrichten\/wp-content\/uploads\/2025\/10\/Ich-habe-Koeche-gefragt-wie-sie-Kochgeschirr-fuer-die-Feiertage.jpg","width":1600,"height":900,"caption":"A kitchen with rustic wooden cabinets, and red marble counters and backsplashes. A matching island with black and while tile surround."},{"@type":"BreadcrumbList","@id":"https:\/\/www.strassenweb.de\/nachrichten\/ich-habe-koeche-gefragt-wie-sie-kochgeschirr-fuer-die-feiertage-organisieren-das-sind-4-tricks-und-aufbewahrungsmoeglichkeiten-ohne-die-sie-nicht-leben-koennen\/#breadcrumb","itemListElement":[{"@type":"ListItem","position":1,"name":"Home","item":"https:\/\/www.strassenweb.de\/nachrichten\/"},{"@type":"ListItem","position":2,"name":"Ich habe K\u00f6che gefragt, wie sie Kochgeschirr f\u00fcr die Feiertage organisieren \u2013 das sind 4 Tricks und Aufbewahrungsm\u00f6glichkeiten, ohne die sie nicht leben k\u00f6nnen"}]},{"@type":"WebSite","@id":"https:\/\/www.strassenweb.de\/nachrichten\/#website","url":"https:\/\/www.strassenweb.de\/nachrichten\/","name":"Stra\u00dfenweb","description":"Stra\u00dfenverzeichnis f\u00fcr Deutschland","publisher":{"@id":"https:\/\/www.strassenweb.de\/nachrichten\/#organization"},"potentialAction":[{"@type":"SearchAction","target":{"@type":"EntryPoint","urlTemplate":"https:\/\/www.strassenweb.de\/nachrichten\/?s={search_term_string}"},"query-input":{"@type":"PropertyValueSpecification","valueRequired":true,"valueName":"search_term_string"}}],"inLanguage":"de"},{"@type":"Organization","@id":"https:\/\/www.strassenweb.de\/nachrichten\/#organization","name":"Stra\u00dfenweb","url":"https:\/\/www.strassenweb.de\/nachrichten\/","logo":{"@type":"ImageObject","inLanguage":"de","@id":"https:\/\/www.strassenweb.de\/nachrichten\/#\/schema\/logo\/image\/","url":"https:\/\/www.strassenweb.de\/nachrichten\/wp-content\/uploads\/2024\/09\/cropped-favicon.png","contentUrl":"https:\/\/www.strassenweb.de\/nachrichten\/wp-content\/uploads\/2024\/09\/cropped-favicon.png","width":512,"height":512,"caption":"Stra\u00dfenweb"},"image":{"@id":"https:\/\/www.strassenweb.de\/nachrichten\/#\/schema\/logo\/image\/"},"sameAs":["https:\/\/www.facebook.com\/strassenweb\/"]},{"@type":"Person","@id":"https:\/\/www.strassenweb.de\/nachrichten\/#\/schema\/person\/87c9c9067f1211da429a744dc5a5aa41","name":"Robert Hoffmann","image":{"@type":"ImageObject","inLanguage":"de","@id":"https:\/\/www.strassenweb.de\/nachrichten\/wp-content\/uploads\/2024\/09\/strassenweb-150x150.jpg","url":"https:\/\/www.strassenweb.de\/nachrichten\/wp-content\/uploads\/2024\/09\/strassenweb-150x150.jpg","contentUrl":"https:\/\/www.strassenweb.de\/nachrichten\/wp-content\/uploads\/2024\/09\/strassenweb-150x150.jpg","caption":"Robert Hoffmann"},"description":"Ich hei\u00dfe Robert Hoffmann und ich bin ein leidenschaftlicher Verfechter von \u00d6kologie und Biodiversit\u00e4t. Seit meiner Kindheit in den W\u00e4ldern Bayerns f\u00fchle ich mich mit der Natur verbunden und bin entschlossen, sie zu sch\u00fctzen. Heute widme ich mein Leben der Sensibilisierung anderer f\u00fcr die Bedeutung des Umweltschutzes f\u00fcr zuk\u00fcnftige Generationen.","sameAs":["https:\/\/www.strassenweb.de\/"]}]}},"_links":{"self":[{"href":"https:\/\/www.strassenweb.de\/nachrichten\/wp-json\/wp\/v2\/posts\/8451","targetHints":{"allow":["GET"]}}],"collection":[{"href":"https:\/\/www.strassenweb.de\/nachrichten\/wp-json\/wp\/v2\/posts"}],"about":[{"href":"https:\/\/www.strassenweb.de\/nachrichten\/wp-json\/wp\/v2\/types\/post"}],"author":[{"embeddable":true,"href":"https:\/\/www.strassenweb.de\/nachrichten\/wp-json\/wp\/v2\/users\/1"}],"replies":[{"embeddable":true,"href":"https:\/\/www.strassenweb.de\/nachrichten\/wp-json\/wp\/v2\/comments?post=8451"}],"version-history":[{"count":0,"href":"https:\/\/www.strassenweb.de\/nachrichten\/wp-json\/wp\/v2\/posts\/8451\/revisions"}],"wp:featuredmedia":[{"embeddable":true,"href":"https:\/\/www.strassenweb.de\/nachrichten\/wp-json\/wp\/v2\/media\/8452"}],"wp:attachment":[{"href":"https:\/\/www.strassenweb.de\/nachrichten\/wp-json\/wp\/v2\/media?parent=8451"}],"wp:term":[{"taxonomy":"category","embeddable":true,"href":"https:\/\/www.strassenweb.de\/nachrichten\/wp-json\/wp\/v2\/categories?post=8451"},{"taxonomy":"post_tag","embeddable":true,"href":"https:\/\/www.strassenweb.de\/nachrichten\/wp-json\/wp\/v2\/tags?post=8451"}],"curies":[{"name":"wp","href":"https:\/\/api.w.org\/{rel}","templated":true}]}}