{"id":8445,"date":"2025-10-13T22:41:15","date_gmt":"2025-10-13T20:41:15","guid":{"rendered":"https:\/\/www.strassenweb.de\/nachrichten\/dieses-einfache-und-erschwingliche-kuechenaccessoire-veraendert-meine-kueche-aber-ich-habe-gerade-ein-upgrade-entdeckt-das-auch-die-aesthetik-meiner-kueche-aufwerten-wird\/"},"modified":"2025-10-13T22:41:16","modified_gmt":"2025-10-13T20:41:16","slug":"dieses-einfache-und-erschwingliche-kuechenaccessoire-veraendert-meine-kueche-aber-ich-habe-gerade-ein-upgrade-entdeckt-das-auch-die-aesthetik-meiner-kueche-aufwerten-wird","status":"publish","type":"post","link":"https:\/\/www.strassenweb.de\/nachrichten\/dieses-einfache-und-erschwingliche-kuechenaccessoire-veraendert-meine-kueche-aber-ich-habe-gerade-ein-upgrade-entdeckt-das-auch-die-aesthetik-meiner-kueche-aufwerten-wird\/","title":{"rendered":"Dieses einfache und erschwingliche K\u00fcchenaccessoire ver\u00e4ndert meine K\u00fcche \u2013 aber ich habe gerade ein Upgrade entdeckt, das auch die \u00c4sthetik meiner K\u00fcche aufwerten wird"},"content":{"rendered":"<p><\/p>\n<div id=\"article-body\" class=\"article__body \">\n<p id=\"8570efff-4e87-47eb-b421-6382ba86d3ec\">Als gelernte K\u00f6chin f\u00fchle ich mich immer wieder zu den kleinen Ritualen hingezogen, die das Kochen noch mehr Freude bereiten. Und w\u00e4hrend ich mir unser exklusives Video \u201eHow I Host with Clodagh McKenna\u201c ansah, wurde mein Adlerauge von ihrer wunderbaren Auswahl an Kochgeschirr und Werkzeugen angezogen. W\u00e4hrend sie einige k\u00f6stliche Herbstrezepte aus ihrem neuen Buch zauberte, entdeckte ich eine Microplane Master Series-Reibe mit Holzgriff und sie erinnerte mich daran, wie ein wundersch\u00f6n gefertigtes Werkzeug nicht nur den Geschmack Ihres Essens ver\u00e4ndern, sondern auch mit der \u00c4sthetik Ihrer K\u00fcche harmonieren kann.<\/p>\n<div id=\"ad-unit-1\" class=\"ad-unit\"><\/div>\n<p>Der Microplane erledigte das Reiben des Knoblauchs f\u00fcr Clodaghs ger\u00f6stete Blumenkohlsuppe schnell und sorgte f\u00fcr eine wunderbare Frische mit Orangenschale, um ihren Pastinakenkuchen abzurunden. Mit diesem kleinen, aber feinen Werkzeug f\u00fchlt sich jede Geschmacksschicht m\u00fchelos und dennoch gewollt an.<\/p>\n<div class=\"product-container horizontal-product-container\">\n<div class=\"product-block-row\"><\/div>\n<\/div>\n<aside data-block-type=\"embed\" data-render-type=\"fte\" data-skip=\"dealsy\" data-widget-type=\"seasonal\" class=\"hawk-root\"><\/aside>\n<p id=\"fee0ba8d-0d67-4a84-b457-8213a8294766-0\">Als ich in London eine Kochschule besuchte, habe ich gelernt, dass es auf die kleinen Dinge ankommt, die man tut <em>nach<\/em> Kochen \u2013 ein schnelles Abreiben der Zitrusschale oder ein gro\u00dfz\u00fcgiger Schuss natives Oliven\u00f6l extra \u2013 kann ein Gericht auf ein au\u00dfergew\u00f6hnliches Niveau bringen. Es ist erstaunlich, wie so kleine Ber\u00fchrungen den Geschmack, das Aroma und sogar das Aussehen auf dem Teller hervorheben. Genau deshalb liebe ich eine Microplane-Reibe.<\/p>\n<div class=\"van_vid_carousel\">\n<div class=\"van_vid_carousel__padding\">\n<div class=\"van_vid_carousel__container\"><\/div>\n<\/div>\n<\/div>\n<p>In meiner K\u00fcche h\u00e4ngt ein Microplane aus Stahl \u00fcber dem Herd, bereit zum Abreiben von Zitronenschale \u00fcber meiner Lieblingsfenchelbr\u00fche, zum Verfeinern einer cremigen Pasta mit Parmesan oder zum abschlie\u00dfenden Best\u00e4uben eines Tiramisu mit dunkler Schokolade.<\/p>\n<div id=\"ad-unit-2\" class=\"ad-unit\"><\/div>\n<figure class=\"van-image-figure inline-layout \" data-bordeaux-image-check id=\"34a93724-d912-4f89-a999-70eac24224e0\">\n<div class=\"image-full-width-wrapper\">\n<div class=\"image-widthsetter\" style=\"max-width:2000px;\"><\/div>\n<\/div><figcaption class=\"inline-layout \">\n<div class=\"caption-text\">\n<p>Clodaghs Microplane Master Series Reibe mit Holzgriff, neben ihrem Pastinakenkuchen mit Ahornglasur und nussigem Belag<\/p>\n<\/div>\n<\/figcaption><\/figure>\n<p id=\"428baa2b-e74f-4614-9822-512cb1dbbc1e\">Die Microplane Master Series Reibe mit Holzgriff greift einen der gr\u00f6\u00dften K\u00fcchenger\u00e4tetrends dieses Jahres auf. Vom Walnussholzmixer von KitchenAid bis zu den Hirnholz-Schneidebrettern von BoardSmith: Weiches Walnussholz und nat\u00fcrliche Details bilden ein f\u00fchlbares, erdendes Gegenmittel zur seelenlosen modernen Technik. Doch der Griff aus Walnussholz an Clodaghs Lieblingsreibe ist mehr als nur dekorativ \u2013 er bietet tats\u00e4chlich einen bequemen Griff f\u00fcr zus\u00e4tzliche Pr\u00e4zision.<\/p>\n<p>Obwohl ich sehr an meiner treuen Microplane-Reibe h\u00e4nge, bin ich jetzt versucht, auf diese Version umzusteigen und noch ein paar weitere als Weihnachtsgeschenke f\u00fcr meine Feinschmeckerfreunde zu kaufen.<\/p>\n<h2 class=\"article-body__section\" id=\"section-elegant-kitchen-tools-that-instantly-elevate-my-recipes\"><span>Elegante K\u00fcchenutensilien, die meine Rezepte sofort aufwerten<\/span><\/h2>\n<p id=\"1875264f-b099-46cd-8101-8c45628bfba0\">Ich rede vielleicht viel \u00fcber das beste ungiftige Kochgeschirr oder die leistungsst\u00e4rksten Hei\u00dfluftfritteusen, aber diese unbesungenen Helden erledigen einen Gro\u00dfteil der Schwerstarbeit in meiner K\u00fcche.<\/p>\n<div id=\"slice-container-newsletterForm-articleInbodyContent-YahA6WCKSoPqNMA5pwbwDN\" class=\"slice-container newsletter-inbodyContent-slice newsletterForm-articleInbodyContent-YahA6WCKSoPqNMA5pwbwDN slice-container-newsletterForm\"><\/div>\n<div class=\"product-container hero-product-container product-block-no-wrap\">\n<div class=\"product-block-row\"><\/div>\n<div class=\"product-block-row\"><\/div>\n<div class=\"product-block-row\"><\/div>\n<\/div>\n<hr id=\"80405d51-ba58-405a-bfd2-340dcf9c3cb3\">\n<p id=\"de879f54-b6b3-4d91-8f68-14d9af856c5b\">Clodaghs Tischdekorationsideen f\u00fcr den Herbst wirken sofort einladend. Ich liebe es, wie sie tiefe, erdige Holz- und Honigt\u00f6ne mit weicher, cremiger Bettw\u00e4sche und Keramik kombiniert.<\/p>\n<p>Sogar ihre K\u00fcchenger\u00e4te, wie der Microplane Master Series Zester mit Holzgriff, werden Teil der Geschichte und sorgen daf\u00fcr, dass sich ihre K\u00fcche, ihr Essbereich und jedes Rezept, das sie zubereitet, heimelig und liebevoll zubereitet anf\u00fchlen.<\/p>\n<\/div>\n","protected":false},"excerpt":{"rendered":"<p>Als gelernte K\u00f6chin f\u00fchle ich mich immer wieder zu den kleinen Ritualen hingezogen, die das Kochen noch mehr Freude bereiten. Und w\u00e4hrend ich mir unser<\/p>\n","protected":false},"author":1,"featured_media":8446,"comment_status":"closed","ping_status":"","sticky":false,"template":"","format":"standard","meta":{"footnotes":""},"categories":[118],"tags":[357,2884,436,3974,112,9,531,43,1224,501,2508,495,823,129,468,10787,1054,1666,37,6354,837,71],"class_list":["post-8445","post","type-post","status-publish","format-standard","has-post-thumbnail","hentry","category-haus-garten","tag-aber","tag-aesthetik","tag-auch","tag-aufwerten","tag-das","tag-die","tag-dieses","tag-ein","tag-einfache","tag-entdeckt","tag-erschwingliche","tag-gerade","tag-habe","tag-ich","tag-kueche","tag-kuechenaccessoire","tag-meine","tag-meiner","tag-und","tag-upgrade","tag-veraendert","tag-wird","generate-columns","tablet-grid-50","mobile-grid-100","grid-parent","grid-50"],"yoast_head":"<!-- This site is optimized with the Yoast SEO plugin v27.3 - https:\/\/yoast.com\/product\/yoast-seo-wordpress\/ -->\n<title>Dieses einfache und erschwingliche K\u00fcchenaccessoire ver\u00e4ndert meine K\u00fcche \u2013 aber ich habe gerade ein Upgrade entdeckt, das auch die \u00c4sthetik meiner K\u00fcche aufwerten wird - Nachrichten - Stra\u00dfenweb<\/title>\n<meta name=\"robots\" content=\"index, follow, max-snippet:-1, max-image-preview:large, max-video-preview:-1\" \/>\n<link rel=\"canonical\" href=\"https:\/\/www.strassenweb.de\/nachrichten\/dieses-einfache-und-erschwingliche-kuechenaccessoire-veraendert-meine-kueche-aber-ich-habe-gerade-ein-upgrade-entdeckt-das-auch-die-aesthetik-meiner-kueche-aufwerten-wird\/\" \/>\n<meta property=\"og:locale\" content=\"de_DE\" \/>\n<meta property=\"og:type\" content=\"article\" \/>\n<meta property=\"og:title\" content=\"Dieses einfache und erschwingliche K\u00fcchenaccessoire ver\u00e4ndert meine K\u00fcche \u2013 aber ich habe gerade ein Upgrade entdeckt, das auch die \u00c4sthetik meiner K\u00fcche aufwerten wird - Nachrichten - Stra\u00dfenweb\" \/>\n<meta property=\"og:description\" content=\"Als gelernte K\u00f6chin f\u00fchle ich mich immer wieder zu den kleinen Ritualen hingezogen, die das Kochen noch mehr Freude bereiten. Und w\u00e4hrend ich mir unser\" \/>\n<meta property=\"og:url\" content=\"https:\/\/www.strassenweb.de\/nachrichten\/dieses-einfache-und-erschwingliche-kuechenaccessoire-veraendert-meine-kueche-aber-ich-habe-gerade-ein-upgrade-entdeckt-das-auch-die-aesthetik-meiner-kueche-aufwerten-wird\/\" \/>\n<meta property=\"og:site_name\" content=\"Stra\u00dfenweb\" \/>\n<meta property=\"article:publisher\" content=\"https:\/\/www.facebook.com\/strassenweb\/\" \/>\n<meta property=\"article:published_time\" content=\"2025-10-13T20:41:15+00:00\" \/>\n<meta property=\"article:modified_time\" content=\"2025-10-13T20:41:16+00:00\" \/>\n<meta property=\"og:image\" content=\"https:\/\/www.strassenweb.de\/nachrichten\/wp-content\/uploads\/2025\/10\/Dieses-einfache-und-erschwingliche-Kuechenaccessoire-veraendert-meine-Kueche-\u2013-aber.jpg\" \/>\n\t<meta property=\"og:image:width\" content=\"1600\" \/>\n\t<meta property=\"og:image:height\" content=\"900\" \/>\n\t<meta property=\"og:image:type\" content=\"image\/jpeg\" \/>\n<meta name=\"author\" content=\"Robert Hoffmann\" \/>\n<meta name=\"twitter:card\" content=\"summary_large_image\" \/>\n<meta name=\"twitter:label1\" content=\"Verfasst von\" \/>\n\t<meta name=\"twitter:data1\" content=\"Robert Hoffmann\" \/>\n\t<meta name=\"twitter:label2\" content=\"Gesch\u00e4tzte Lesezeit\" \/>\n\t<meta name=\"twitter:data2\" content=\"2\u00a0Minuten\" \/>\n<script type=\"application\/ld+json\" class=\"yoast-schema-graph\">{\"@context\":\"https:\\\/\\\/schema.org\",\"@graph\":[{\"@type\":\"Article\",\"@id\":\"https:\\\/\\\/www.strassenweb.de\\\/nachrichten\\\/dieses-einfache-und-erschwingliche-kuechenaccessoire-veraendert-meine-kueche-aber-ich-habe-gerade-ein-upgrade-entdeckt-das-auch-die-aesthetik-meiner-kueche-aufwerten-wird\\\/#article\",\"isPartOf\":{\"@id\":\"https:\\\/\\\/www.strassenweb.de\\\/nachrichten\\\/dieses-einfache-und-erschwingliche-kuechenaccessoire-veraendert-meine-kueche-aber-ich-habe-gerade-ein-upgrade-entdeckt-das-auch-die-aesthetik-meiner-kueche-aufwerten-wird\\\/\"},\"author\":{\"name\":\"Robert Hoffmann\",\"@id\":\"https:\\\/\\\/www.strassenweb.de\\\/nachrichten\\\/#\\\/schema\\\/person\\\/87c9c9067f1211da429a744dc5a5aa41\"},\"headline\":\"Dieses einfache und erschwingliche K\u00fcchenaccessoire ver\u00e4ndert meine K\u00fcche \u2013 aber ich habe gerade ein Upgrade entdeckt, das auch die \u00c4sthetik meiner K\u00fcche aufwerten wird\",\"datePublished\":\"2025-10-13T20:41:15+00:00\",\"dateModified\":\"2025-10-13T20:41:16+00:00\",\"mainEntityOfPage\":{\"@id\":\"https:\\\/\\\/www.strassenweb.de\\\/nachrichten\\\/dieses-einfache-und-erschwingliche-kuechenaccessoire-veraendert-meine-kueche-aber-ich-habe-gerade-ein-upgrade-entdeckt-das-auch-die-aesthetik-meiner-kueche-aufwerten-wird\\\/\"},\"wordCount\":502,\"publisher\":{\"@id\":\"https:\\\/\\\/www.strassenweb.de\\\/nachrichten\\\/#organization\"},\"image\":{\"@id\":\"https:\\\/\\\/www.strassenweb.de\\\/nachrichten\\\/dieses-einfache-und-erschwingliche-kuechenaccessoire-veraendert-meine-kueche-aber-ich-habe-gerade-ein-upgrade-entdeckt-das-auch-die-aesthetik-meiner-kueche-aufwerten-wird\\\/#primaryimage\"},\"thumbnailUrl\":\"https:\\\/\\\/www.strassenweb.de\\\/nachrichten\\\/wp-content\\\/uploads\\\/2025\\\/10\\\/Dieses-einfache-und-erschwingliche-Kuechenaccessoire-veraendert-meine-Kueche-\u2013-aber.jpg\",\"keywords\":[\"aber\",\"\u00c4sthetik\",\"Auch\",\"aufwerten\",\"das\",\"die\",\"dieses\",\"ein\",\"einfache\",\"entdeckt\",\"erschwingliche\",\"gerade\",\"habe\",\"ich\",\"K\u00fcche\",\"K\u00fcchenaccessoire\",\"meine\",\"meiner\",\"und\",\"Upgrade\",\"ver\u00e4ndert\",\"wird\"],\"articleSection\":[\"Haus &amp; Garten\"],\"inLanguage\":\"de\"},{\"@type\":\"WebPage\",\"@id\":\"https:\\\/\\\/www.strassenweb.de\\\/nachrichten\\\/dieses-einfache-und-erschwingliche-kuechenaccessoire-veraendert-meine-kueche-aber-ich-habe-gerade-ein-upgrade-entdeckt-das-auch-die-aesthetik-meiner-kueche-aufwerten-wird\\\/\",\"url\":\"https:\\\/\\\/www.strassenweb.de\\\/nachrichten\\\/dieses-einfache-und-erschwingliche-kuechenaccessoire-veraendert-meine-kueche-aber-ich-habe-gerade-ein-upgrade-entdeckt-das-auch-die-aesthetik-meiner-kueche-aufwerten-wird\\\/\",\"name\":\"Dieses einfache und erschwingliche K\u00fcchenaccessoire ver\u00e4ndert meine K\u00fcche \u2013 aber ich habe gerade ein Upgrade entdeckt, das auch die \u00c4sthetik meiner K\u00fcche aufwerten wird - Nachrichten - Stra\u00dfenweb\",\"isPartOf\":{\"@id\":\"https:\\\/\\\/www.strassenweb.de\\\/nachrichten\\\/#website\"},\"primaryImageOfPage\":{\"@id\":\"https:\\\/\\\/www.strassenweb.de\\\/nachrichten\\\/dieses-einfache-und-erschwingliche-kuechenaccessoire-veraendert-meine-kueche-aber-ich-habe-gerade-ein-upgrade-entdeckt-das-auch-die-aesthetik-meiner-kueche-aufwerten-wird\\\/#primaryimage\"},\"image\":{\"@id\":\"https:\\\/\\\/www.strassenweb.de\\\/nachrichten\\\/dieses-einfache-und-erschwingliche-kuechenaccessoire-veraendert-meine-kueche-aber-ich-habe-gerade-ein-upgrade-entdeckt-das-auch-die-aesthetik-meiner-kueche-aufwerten-wird\\\/#primaryimage\"},\"thumbnailUrl\":\"https:\\\/\\\/www.strassenweb.de\\\/nachrichten\\\/wp-content\\\/uploads\\\/2025\\\/10\\\/Dieses-einfache-und-erschwingliche-Kuechenaccessoire-veraendert-meine-Kueche-\u2013-aber.jpg\",\"datePublished\":\"2025-10-13T20:41:15+00:00\",\"dateModified\":\"2025-10-13T20:41:16+00:00\",\"breadcrumb\":{\"@id\":\"https:\\\/\\\/www.strassenweb.de\\\/nachrichten\\\/dieses-einfache-und-erschwingliche-kuechenaccessoire-veraendert-meine-kueche-aber-ich-habe-gerade-ein-upgrade-entdeckt-das-auch-die-aesthetik-meiner-kueche-aufwerten-wird\\\/#breadcrumb\"},\"inLanguage\":\"de\",\"potentialAction\":[{\"@type\":\"ReadAction\",\"target\":[\"https:\\\/\\\/www.strassenweb.de\\\/nachrichten\\\/dieses-einfache-und-erschwingliche-kuechenaccessoire-veraendert-meine-kueche-aber-ich-habe-gerade-ein-upgrade-entdeckt-das-auch-die-aesthetik-meiner-kueche-aufwerten-wird\\\/\"]}]},{\"@type\":\"ImageObject\",\"inLanguage\":\"de\",\"@id\":\"https:\\\/\\\/www.strassenweb.de\\\/nachrichten\\\/dieses-einfache-und-erschwingliche-kuechenaccessoire-veraendert-meine-kueche-aber-ich-habe-gerade-ein-upgrade-entdeckt-das-auch-die-aesthetik-meiner-kueche-aufwerten-wird\\\/#primaryimage\",\"url\":\"https:\\\/\\\/www.strassenweb.de\\\/nachrichten\\\/wp-content\\\/uploads\\\/2025\\\/10\\\/Dieses-einfache-und-erschwingliche-Kuechenaccessoire-veraendert-meine-Kueche-\u2013-aber.jpg\",\"contentUrl\":\"https:\\\/\\\/www.strassenweb.de\\\/nachrichten\\\/wp-content\\\/uploads\\\/2025\\\/10\\\/Dieses-einfache-und-erschwingliche-Kuechenaccessoire-veraendert-meine-Kueche-\u2013-aber.jpg\",\"width\":1600,\"height\":900,\"caption\":\"Microplane Master Series Wood Handle Zester Grater on a natural wood board next to a sprinkle of rock salt\"},{\"@type\":\"BreadcrumbList\",\"@id\":\"https:\\\/\\\/www.strassenweb.de\\\/nachrichten\\\/dieses-einfache-und-erschwingliche-kuechenaccessoire-veraendert-meine-kueche-aber-ich-habe-gerade-ein-upgrade-entdeckt-das-auch-die-aesthetik-meiner-kueche-aufwerten-wird\\\/#breadcrumb\",\"itemListElement\":[{\"@type\":\"ListItem\",\"position\":1,\"name\":\"Home\",\"item\":\"https:\\\/\\\/www.strassenweb.de\\\/nachrichten\\\/\"},{\"@type\":\"ListItem\",\"position\":2,\"name\":\"Dieses einfache und erschwingliche K\u00fcchenaccessoire ver\u00e4ndert meine K\u00fcche \u2013 aber ich habe gerade ein Upgrade entdeckt, das auch die \u00c4sthetik meiner K\u00fcche aufwerten wird\"}]},{\"@type\":\"WebSite\",\"@id\":\"https:\\\/\\\/www.strassenweb.de\\\/nachrichten\\\/#website\",\"url\":\"https:\\\/\\\/www.strassenweb.de\\\/nachrichten\\\/\",\"name\":\"Stra\u00dfenweb\",\"description\":\"Stra\u00dfenverzeichnis f\u00fcr Deutschland\",\"publisher\":{\"@id\":\"https:\\\/\\\/www.strassenweb.de\\\/nachrichten\\\/#organization\"},\"potentialAction\":[{\"@type\":\"SearchAction\",\"target\":{\"@type\":\"EntryPoint\",\"urlTemplate\":\"https:\\\/\\\/www.strassenweb.de\\\/nachrichten\\\/?s={search_term_string}\"},\"query-input\":{\"@type\":\"PropertyValueSpecification\",\"valueRequired\":true,\"valueName\":\"search_term_string\"}}],\"inLanguage\":\"de\"},{\"@type\":\"Organization\",\"@id\":\"https:\\\/\\\/www.strassenweb.de\\\/nachrichten\\\/#organization\",\"name\":\"Stra\u00dfenweb\",\"url\":\"https:\\\/\\\/www.strassenweb.de\\\/nachrichten\\\/\",\"logo\":{\"@type\":\"ImageObject\",\"inLanguage\":\"de\",\"@id\":\"https:\\\/\\\/www.strassenweb.de\\\/nachrichten\\\/#\\\/schema\\\/logo\\\/image\\\/\",\"url\":\"https:\\\/\\\/www.strassenweb.de\\\/nachrichten\\\/wp-content\\\/uploads\\\/2024\\\/09\\\/cropped-favicon.png\",\"contentUrl\":\"https:\\\/\\\/www.strassenweb.de\\\/nachrichten\\\/wp-content\\\/uploads\\\/2024\\\/09\\\/cropped-favicon.png\",\"width\":512,\"height\":512,\"caption\":\"Stra\u00dfenweb\"},\"image\":{\"@id\":\"https:\\\/\\\/www.strassenweb.de\\\/nachrichten\\\/#\\\/schema\\\/logo\\\/image\\\/\"},\"sameAs\":[\"https:\\\/\\\/www.facebook.com\\\/strassenweb\\\/\"]},{\"@type\":\"Person\",\"@id\":\"https:\\\/\\\/www.strassenweb.de\\\/nachrichten\\\/#\\\/schema\\\/person\\\/87c9c9067f1211da429a744dc5a5aa41\",\"name\":\"Robert Hoffmann\",\"image\":{\"@type\":\"ImageObject\",\"inLanguage\":\"de\",\"@id\":\"https:\\\/\\\/www.strassenweb.de\\\/nachrichten\\\/wp-content\\\/uploads\\\/2024\\\/09\\\/strassenweb-150x150.jpg\",\"url\":\"https:\\\/\\\/www.strassenweb.de\\\/nachrichten\\\/wp-content\\\/uploads\\\/2024\\\/09\\\/strassenweb-150x150.jpg\",\"contentUrl\":\"https:\\\/\\\/www.strassenweb.de\\\/nachrichten\\\/wp-content\\\/uploads\\\/2024\\\/09\\\/strassenweb-150x150.jpg\",\"caption\":\"Robert Hoffmann\"},\"description\":\"Ich hei\u00dfe Robert Hoffmann und ich bin ein leidenschaftlicher Verfechter von \u00d6kologie und Biodiversit\u00e4t. Seit meiner Kindheit in den W\u00e4ldern Bayerns f\u00fchle ich mich mit der Natur verbunden und bin entschlossen, sie zu sch\u00fctzen. Heute widme ich mein Leben der Sensibilisierung anderer f\u00fcr die Bedeutung des Umweltschutzes f\u00fcr zuk\u00fcnftige Generationen.\",\"sameAs\":[\"https:\\\/\\\/www.strassenweb.de\\\/\"]}]}<\/script>\n<!-- \/ Yoast SEO plugin. -->","yoast_head_json":{"title":"Dieses einfache und erschwingliche K\u00fcchenaccessoire ver\u00e4ndert meine K\u00fcche \u2013 aber ich habe gerade ein Upgrade entdeckt, das auch die \u00c4sthetik meiner K\u00fcche aufwerten wird - Nachrichten - Stra\u00dfenweb","robots":{"index":"index","follow":"follow","max-snippet":"max-snippet:-1","max-image-preview":"max-image-preview:large","max-video-preview":"max-video-preview:-1"},"canonical":"https:\/\/www.strassenweb.de\/nachrichten\/dieses-einfache-und-erschwingliche-kuechenaccessoire-veraendert-meine-kueche-aber-ich-habe-gerade-ein-upgrade-entdeckt-das-auch-die-aesthetik-meiner-kueche-aufwerten-wird\/","og_locale":"de_DE","og_type":"article","og_title":"Dieses einfache und erschwingliche K\u00fcchenaccessoire ver\u00e4ndert meine K\u00fcche \u2013 aber ich habe gerade ein Upgrade entdeckt, das auch die \u00c4sthetik meiner K\u00fcche aufwerten wird - Nachrichten - Stra\u00dfenweb","og_description":"Als gelernte K\u00f6chin f\u00fchle ich mich immer wieder zu den kleinen Ritualen hingezogen, die das Kochen noch mehr Freude bereiten. Und w\u00e4hrend ich mir unser","og_url":"https:\/\/www.strassenweb.de\/nachrichten\/dieses-einfache-und-erschwingliche-kuechenaccessoire-veraendert-meine-kueche-aber-ich-habe-gerade-ein-upgrade-entdeckt-das-auch-die-aesthetik-meiner-kueche-aufwerten-wird\/","og_site_name":"Stra\u00dfenweb","article_publisher":"https:\/\/www.facebook.com\/strassenweb\/","article_published_time":"2025-10-13T20:41:15+00:00","article_modified_time":"2025-10-13T20:41:16+00:00","og_image":[{"width":1600,"height":900,"url":"https:\/\/www.strassenweb.de\/nachrichten\/wp-content\/uploads\/2025\/10\/Dieses-einfache-und-erschwingliche-Kuechenaccessoire-veraendert-meine-Kueche-\u2013-aber.jpg","type":"image\/jpeg"}],"author":"Robert Hoffmann","twitter_card":"summary_large_image","twitter_misc":{"Verfasst von":"Robert Hoffmann","Gesch\u00e4tzte Lesezeit":"2\u00a0Minuten"},"schema":{"@context":"https:\/\/schema.org","@graph":[{"@type":"Article","@id":"https:\/\/www.strassenweb.de\/nachrichten\/dieses-einfache-und-erschwingliche-kuechenaccessoire-veraendert-meine-kueche-aber-ich-habe-gerade-ein-upgrade-entdeckt-das-auch-die-aesthetik-meiner-kueche-aufwerten-wird\/#article","isPartOf":{"@id":"https:\/\/www.strassenweb.de\/nachrichten\/dieses-einfache-und-erschwingliche-kuechenaccessoire-veraendert-meine-kueche-aber-ich-habe-gerade-ein-upgrade-entdeckt-das-auch-die-aesthetik-meiner-kueche-aufwerten-wird\/"},"author":{"name":"Robert Hoffmann","@id":"https:\/\/www.strassenweb.de\/nachrichten\/#\/schema\/person\/87c9c9067f1211da429a744dc5a5aa41"},"headline":"Dieses einfache und erschwingliche K\u00fcchenaccessoire ver\u00e4ndert meine K\u00fcche \u2013 aber ich habe gerade ein Upgrade entdeckt, das auch die \u00c4sthetik meiner K\u00fcche aufwerten wird","datePublished":"2025-10-13T20:41:15+00:00","dateModified":"2025-10-13T20:41:16+00:00","mainEntityOfPage":{"@id":"https:\/\/www.strassenweb.de\/nachrichten\/dieses-einfache-und-erschwingliche-kuechenaccessoire-veraendert-meine-kueche-aber-ich-habe-gerade-ein-upgrade-entdeckt-das-auch-die-aesthetik-meiner-kueche-aufwerten-wird\/"},"wordCount":502,"publisher":{"@id":"https:\/\/www.strassenweb.de\/nachrichten\/#organization"},"image":{"@id":"https:\/\/www.strassenweb.de\/nachrichten\/dieses-einfache-und-erschwingliche-kuechenaccessoire-veraendert-meine-kueche-aber-ich-habe-gerade-ein-upgrade-entdeckt-das-auch-die-aesthetik-meiner-kueche-aufwerten-wird\/#primaryimage"},"thumbnailUrl":"https:\/\/www.strassenweb.de\/nachrichten\/wp-content\/uploads\/2025\/10\/Dieses-einfache-und-erschwingliche-Kuechenaccessoire-veraendert-meine-Kueche-\u2013-aber.jpg","keywords":["aber","\u00c4sthetik","Auch","aufwerten","das","die","dieses","ein","einfache","entdeckt","erschwingliche","gerade","habe","ich","K\u00fcche","K\u00fcchenaccessoire","meine","meiner","und","Upgrade","ver\u00e4ndert","wird"],"articleSection":["Haus &amp; Garten"],"inLanguage":"de"},{"@type":"WebPage","@id":"https:\/\/www.strassenweb.de\/nachrichten\/dieses-einfache-und-erschwingliche-kuechenaccessoire-veraendert-meine-kueche-aber-ich-habe-gerade-ein-upgrade-entdeckt-das-auch-die-aesthetik-meiner-kueche-aufwerten-wird\/","url":"https:\/\/www.strassenweb.de\/nachrichten\/dieses-einfache-und-erschwingliche-kuechenaccessoire-veraendert-meine-kueche-aber-ich-habe-gerade-ein-upgrade-entdeckt-das-auch-die-aesthetik-meiner-kueche-aufwerten-wird\/","name":"Dieses einfache und erschwingliche K\u00fcchenaccessoire ver\u00e4ndert meine K\u00fcche \u2013 aber ich habe gerade ein Upgrade entdeckt, das auch die \u00c4sthetik meiner K\u00fcche aufwerten wird - Nachrichten - Stra\u00dfenweb","isPartOf":{"@id":"https:\/\/www.strassenweb.de\/nachrichten\/#website"},"primaryImageOfPage":{"@id":"https:\/\/www.strassenweb.de\/nachrichten\/dieses-einfache-und-erschwingliche-kuechenaccessoire-veraendert-meine-kueche-aber-ich-habe-gerade-ein-upgrade-entdeckt-das-auch-die-aesthetik-meiner-kueche-aufwerten-wird\/#primaryimage"},"image":{"@id":"https:\/\/www.strassenweb.de\/nachrichten\/dieses-einfache-und-erschwingliche-kuechenaccessoire-veraendert-meine-kueche-aber-ich-habe-gerade-ein-upgrade-entdeckt-das-auch-die-aesthetik-meiner-kueche-aufwerten-wird\/#primaryimage"},"thumbnailUrl":"https:\/\/www.strassenweb.de\/nachrichten\/wp-content\/uploads\/2025\/10\/Dieses-einfache-und-erschwingliche-Kuechenaccessoire-veraendert-meine-Kueche-\u2013-aber.jpg","datePublished":"2025-10-13T20:41:15+00:00","dateModified":"2025-10-13T20:41:16+00:00","breadcrumb":{"@id":"https:\/\/www.strassenweb.de\/nachrichten\/dieses-einfache-und-erschwingliche-kuechenaccessoire-veraendert-meine-kueche-aber-ich-habe-gerade-ein-upgrade-entdeckt-das-auch-die-aesthetik-meiner-kueche-aufwerten-wird\/#breadcrumb"},"inLanguage":"de","potentialAction":[{"@type":"ReadAction","target":["https:\/\/www.strassenweb.de\/nachrichten\/dieses-einfache-und-erschwingliche-kuechenaccessoire-veraendert-meine-kueche-aber-ich-habe-gerade-ein-upgrade-entdeckt-das-auch-die-aesthetik-meiner-kueche-aufwerten-wird\/"]}]},{"@type":"ImageObject","inLanguage":"de","@id":"https:\/\/www.strassenweb.de\/nachrichten\/dieses-einfache-und-erschwingliche-kuechenaccessoire-veraendert-meine-kueche-aber-ich-habe-gerade-ein-upgrade-entdeckt-das-auch-die-aesthetik-meiner-kueche-aufwerten-wird\/#primaryimage","url":"https:\/\/www.strassenweb.de\/nachrichten\/wp-content\/uploads\/2025\/10\/Dieses-einfache-und-erschwingliche-Kuechenaccessoire-veraendert-meine-Kueche-\u2013-aber.jpg","contentUrl":"https:\/\/www.strassenweb.de\/nachrichten\/wp-content\/uploads\/2025\/10\/Dieses-einfache-und-erschwingliche-Kuechenaccessoire-veraendert-meine-Kueche-\u2013-aber.jpg","width":1600,"height":900,"caption":"Microplane Master Series Wood Handle Zester Grater on a natural wood board next to a sprinkle of rock salt"},{"@type":"BreadcrumbList","@id":"https:\/\/www.strassenweb.de\/nachrichten\/dieses-einfache-und-erschwingliche-kuechenaccessoire-veraendert-meine-kueche-aber-ich-habe-gerade-ein-upgrade-entdeckt-das-auch-die-aesthetik-meiner-kueche-aufwerten-wird\/#breadcrumb","itemListElement":[{"@type":"ListItem","position":1,"name":"Home","item":"https:\/\/www.strassenweb.de\/nachrichten\/"},{"@type":"ListItem","position":2,"name":"Dieses einfache und erschwingliche K\u00fcchenaccessoire ver\u00e4ndert meine K\u00fcche \u2013 aber ich habe gerade ein Upgrade entdeckt, das auch die \u00c4sthetik meiner K\u00fcche aufwerten wird"}]},{"@type":"WebSite","@id":"https:\/\/www.strassenweb.de\/nachrichten\/#website","url":"https:\/\/www.strassenweb.de\/nachrichten\/","name":"Stra\u00dfenweb","description":"Stra\u00dfenverzeichnis f\u00fcr Deutschland","publisher":{"@id":"https:\/\/www.strassenweb.de\/nachrichten\/#organization"},"potentialAction":[{"@type":"SearchAction","target":{"@type":"EntryPoint","urlTemplate":"https:\/\/www.strassenweb.de\/nachrichten\/?s={search_term_string}"},"query-input":{"@type":"PropertyValueSpecification","valueRequired":true,"valueName":"search_term_string"}}],"inLanguage":"de"},{"@type":"Organization","@id":"https:\/\/www.strassenweb.de\/nachrichten\/#organization","name":"Stra\u00dfenweb","url":"https:\/\/www.strassenweb.de\/nachrichten\/","logo":{"@type":"ImageObject","inLanguage":"de","@id":"https:\/\/www.strassenweb.de\/nachrichten\/#\/schema\/logo\/image\/","url":"https:\/\/www.strassenweb.de\/nachrichten\/wp-content\/uploads\/2024\/09\/cropped-favicon.png","contentUrl":"https:\/\/www.strassenweb.de\/nachrichten\/wp-content\/uploads\/2024\/09\/cropped-favicon.png","width":512,"height":512,"caption":"Stra\u00dfenweb"},"image":{"@id":"https:\/\/www.strassenweb.de\/nachrichten\/#\/schema\/logo\/image\/"},"sameAs":["https:\/\/www.facebook.com\/strassenweb\/"]},{"@type":"Person","@id":"https:\/\/www.strassenweb.de\/nachrichten\/#\/schema\/person\/87c9c9067f1211da429a744dc5a5aa41","name":"Robert Hoffmann","image":{"@type":"ImageObject","inLanguage":"de","@id":"https:\/\/www.strassenweb.de\/nachrichten\/wp-content\/uploads\/2024\/09\/strassenweb-150x150.jpg","url":"https:\/\/www.strassenweb.de\/nachrichten\/wp-content\/uploads\/2024\/09\/strassenweb-150x150.jpg","contentUrl":"https:\/\/www.strassenweb.de\/nachrichten\/wp-content\/uploads\/2024\/09\/strassenweb-150x150.jpg","caption":"Robert Hoffmann"},"description":"Ich hei\u00dfe Robert Hoffmann und ich bin ein leidenschaftlicher Verfechter von \u00d6kologie und Biodiversit\u00e4t. Seit meiner Kindheit in den W\u00e4ldern Bayerns f\u00fchle ich mich mit der Natur verbunden und bin entschlossen, sie zu sch\u00fctzen. Heute widme ich mein Leben der Sensibilisierung anderer f\u00fcr die Bedeutung des Umweltschutzes f\u00fcr zuk\u00fcnftige Generationen.","sameAs":["https:\/\/www.strassenweb.de\/"]}]}},"_links":{"self":[{"href":"https:\/\/www.strassenweb.de\/nachrichten\/wp-json\/wp\/v2\/posts\/8445","targetHints":{"allow":["GET"]}}],"collection":[{"href":"https:\/\/www.strassenweb.de\/nachrichten\/wp-json\/wp\/v2\/posts"}],"about":[{"href":"https:\/\/www.strassenweb.de\/nachrichten\/wp-json\/wp\/v2\/types\/post"}],"author":[{"embeddable":true,"href":"https:\/\/www.strassenweb.de\/nachrichten\/wp-json\/wp\/v2\/users\/1"}],"replies":[{"embeddable":true,"href":"https:\/\/www.strassenweb.de\/nachrichten\/wp-json\/wp\/v2\/comments?post=8445"}],"version-history":[{"count":0,"href":"https:\/\/www.strassenweb.de\/nachrichten\/wp-json\/wp\/v2\/posts\/8445\/revisions"}],"wp:featuredmedia":[{"embeddable":true,"href":"https:\/\/www.strassenweb.de\/nachrichten\/wp-json\/wp\/v2\/media\/8446"}],"wp:attachment":[{"href":"https:\/\/www.strassenweb.de\/nachrichten\/wp-json\/wp\/v2\/media?parent=8445"}],"wp:term":[{"taxonomy":"category","embeddable":true,"href":"https:\/\/www.strassenweb.de\/nachrichten\/wp-json\/wp\/v2\/categories?post=8445"},{"taxonomy":"post_tag","embeddable":true,"href":"https:\/\/www.strassenweb.de\/nachrichten\/wp-json\/wp\/v2\/tags?post=8445"}],"curies":[{"name":"wp","href":"https:\/\/api.w.org\/{rel}","templated":true}]}}