{"id":8439,"date":"2025-10-13T16:39:16","date_gmt":"2025-10-13T14:39:16","guid":{"rendered":"https:\/\/www.strassenweb.de\/nachrichten\/die-farmhouse-palette-von-martha-stewart-verraet-warum-dieses-zutiefst-unmoderne-grau-als-zeitlose-wahl-fuer-gemuetliche-innenraeume-zurueckkehrt\/"},"modified":"2025-10-13T16:39:18","modified_gmt":"2025-10-13T14:39:18","slug":"die-farmhouse-palette-von-martha-stewart-verraet-warum-dieses-zutiefst-unmoderne-grau-als-zeitlose-wahl-fuer-gemuetliche-innenraeume-zurueckkehrt","status":"publish","type":"post","link":"https:\/\/www.strassenweb.de\/nachrichten\/die-farmhouse-palette-von-martha-stewart-verraet-warum-dieses-zutiefst-unmoderne-grau-als-zeitlose-wahl-fuer-gemuetliche-innenraeume-zurueckkehrt\/","title":{"rendered":"Die Farmhouse-Palette von Martha Stewart verr\u00e4t, warum dieses \u201ezutiefst unmoderne\u201c Grau als zeitlose Wahl f\u00fcr gem\u00fctliche Innenr\u00e4ume zur\u00fcckkehrt"},"content":{"rendered":"<p><\/p>\n<div id=\"article-body\" class=\"article__body \">\n<p id=\"8607f2c8-9cbf-4fc9-9350-be0dcad19375\">Martha Stewarts Farm in Bedford, New York, ist mehr als nur ein Zuhause; Es ist eine st\u00e4ndige Quelle der Inspiration. Aus diesem einflussreichen Nachlass gibt die Gr\u00fcnderin des gleichnamigen Medienimperiums ihre typischen Lifestyle-Tipps weiter, oft in Form herzhafter Rezepte oder Ratschl\u00e4ge mit gr\u00fcnem Daumen.<\/p>\n<div id=\"ad-unit-1\" class=\"ad-unit\"><\/div>\n<p>W\u00e4hrend die Herbstluft klarer wird und die Gedanken sich gem\u00fctlichen Innenr\u00e4umen zuwenden, ist uns aufgefallen, dass Martha (vielleicht unbeabsichtigt) neue Farbtrends setzt, die ihren H\u00f6hepunkt in der \u00dcbernahme dessen finden, was wir Martha Stewarts Bauernhaus-Farbschema nennen k\u00f6nnten.<\/p>\n<aside data-block-type=\"embed\" data-render-type=\"fte\" data-skip=\"dealsy\" data-widget-type=\"seasonal\" class=\"hawk-root\"><\/aside>\n<div class=\"van_vid_carousel\">\n<div class=\"van_vid_carousel__padding\">\n<div class=\"van_vid_carousel__container\"><\/div>\n<\/div>\n<\/div>\n<div class=\"instagram-embed\" id=\"CsqihyYu_hw\">\n<blockquote class=\"instagram-media\" data-instgrm-captioned data-instgrm-version=\"6\" style=\"width:99.375%; width:-webkit-calc(100% - 2px); width:calc(100% - 2px);\">\n<p>Ein von Martha Stewart (@marthastewart48) geteilter Beitrag<\/p>\n<p>Ein Foto gepostet von am <\/p>\n<\/blockquote>\n<\/div>\n<h2 id=\"shop-the-gray-edit-3\">Kaufen Sie die graue Variante<\/h2>\n<div class=\"product-container hero-product-container product-block-no-wrap\">\n<div class=\"product-block-row\"><\/div>\n<div class=\"product-block-row\"><\/div>\n<div class=\"product-block-row\"><\/div>\n<\/div>\n<p id=\"c00af02a-3d61-4c19-8fc7-18e69cb62bb5\">Da sich die Jahreszeiten jedoch \u00e4ndern und wir eine bodenst\u00e4ndigere Farbpalette suchen, bevorzugen professionelle Designer Abwandlungen des klassischen k\u00fchlen Graus, vorwiegend ein kr\u00e4ftigeres Graugr\u00fcn.<\/p>\n<div id=\"ad-unit-2\" class=\"ad-unit\"><\/div>\n<p>\u201eEin Blick auf Martha Stewarts Farm l\u00e4sst darauf schlie\u00dfen, dass auch sie ein Fan dieser Farbkombination ist\u201c, bemerkt Lucy. Diese Vorliebe wurde k\u00fcrzlich von Kevin Sharkey, Marthas Executive Director of Design, aufgegriffen: \u201eKevin Sharkey hat uns gestern auf der Farm besucht. Wie es seine Gewohnheit ist, hat er einige bezaubernde und eindrucksvolle Fotos gemacht, von denen ich einige hier teilen kann. \u201eAlle Szenen auf dem Bauernhof\u201c, sagt sie.<\/p>\n<p>Die Schnappsch\u00fcsse zeigen, dass das gesamte Anwesen in einer Grau-Gr\u00fcn-Palette gehalten ist. Dies reicht von den k\u00fchl gestrichenen W\u00e4nden \u00fcber die dezenten gr\u00fcnen M\u00f6bel bis hin zu den unvermeidlichen Zimmerpflanzen, die in den Wohnr\u00e4umen und der weltber\u00fchmten K\u00fcche zu sehen sind. Jedes Foto zeigt Grau oder Gr\u00fcn \u2013 in der einen oder anderen Kombination \u2013 und in einigen F\u00e4llen, wie zum Beispiel beim 9. Foto, sind sie absichtlich gepaart.<\/p>\n<p>W\u00e4hrend das Experimentieren mit Grau mit Vorbehalten verbunden ist, zeigt uns Marthas Zuhause, dass diese Farbe in Kombination mit Gr\u00fcn immer noch wunderbar heimelig wirken kann, eine perfekte Stimmung f\u00fcr das kommende k\u00fchlere Wetter.<\/p>\n<div id=\"slice-container-newsletterForm-articleInbodyContent-g4RfA4PyGDZsi3CPwWTXN9\" class=\"slice-container newsletter-inbodyContent-slice newsletterForm-articleInbodyContent-g4RfA4PyGDZsi3CPwWTXN9 slice-container-newsletterForm\"><\/div>\n<p>Martha ist nicht die Einzige, die diese Farbkombination bewundert. Die in Connecticut ans\u00e4ssige Innenarchitektin Carlin Van Noppen erkl\u00e4rt: \u201eGrau und Gr\u00fcn sind beruhigende Farben, aber vor allem Gr\u00fcn signalisiert dem Gehirn, dass man sich an einem sicheren Ort befindet, und l\u00e4dt zu Gef\u00fchlen der Ruhe und des Friedens ein.\u201c<\/p>\n<p>Aus diesen therapeutischen Gr\u00fcnden nennt sie eine Grau- und Gr\u00fcnpalette eine \u201eausgezeichnete Wahl\u201c f\u00fcr R\u00e4ume, in denen Entspannung im Vordergrund steht, wie das Schlafzimmer, weist jedoch darauf hin, dass sie im ganzen Haus gro\u00dfartig aussieht, wie Martha demonstriert. \u00c4hnliche Farben finden Sie bei Background Home: Muster von Italian Plaster, Road to Todos Santos und Saged ergeben eine Kombination, die der von Martha \u00e4hnelt.<\/p>\n<figure class=\"van-image-figure inline-layout \" data-bordeaux-image-check id=\"802d9759-5943-4d16-8b0b-fb9c8bcec8ff\">\n<div class=\"image-full-width-wrapper\">\n<div class=\"image-widthsetter\" style=\"max-width:2000px;\"><\/div>\n<\/div>\n<\/figure>\n<p id=\"8c597910-59cb-486f-a54b-a72eac1e3874\">Aber warum passen diese Farben neben ihrer beruhigenden Wirkung so gut zusammen? Carlin sagt, dass ihre \u00e4hnlichen blauen Untert\u00f6ne eine nahtlose Kombination ergeben.<\/p>\n<p>\u201eBlau ist f\u00fcr die Herstellung von Gr\u00fcn erforderlich und wird auch in den meisten Graut\u00f6nen verwendet, wodurch die Farbt\u00f6ne eine gemeinsame Energie erhalten\u201c, erkl\u00e4rt sie. \u201eGr\u00fcn und Blau sprechen uns zusammen an, weil sie Farben nachahmen, die wir in der Natur sehen (denken Sie an Kiefern vor einem st\u00fcrmischen Himmel, hohes Gras in den Sandd\u00fcnen oder Moos auf einem Steinbett). \u201eDiese Kombination ist optisch ansprechend und beruhigend f\u00fcr unser Gehirn.\u201c<\/p>\n<p>Beim Dekorieren mit Gr\u00fcn und Grau kann man kaum etwas falsch machen. Entscheidend ist, dass beide irgendwo in Ihrem Zuhause vorhanden sind, egal ob Sie Grau- und Gr\u00fcnt\u00f6ne trennen oder sie im selben Raum kombinieren, was Martha in ihrem gesamten Anwesen getan hat.<\/p>\n<p>Wenn Sie die Farben miteinander kombinieren m\u00f6chten, empfiehlt Carlin, sich auf die Auswahl von Farbt\u00f6nen mit passenden Untert\u00f6nen zu konzentrieren. \u201eIch habe bereits erw\u00e4hnt, dass Gr\u00fcn und Grau k\u00fchle blaue Untert\u00f6ne haben, aber einige T\u00f6ne k\u00f6nnten eher braun oder gelb sein\u201c, kommentiert sie. \u201eAchten Sie darauf, dass diese T\u00f6ne zueinander passen.\u201c Da Grau normalerweise heller als Gr\u00fcn ist, empfehle ich, in Ihrem Design mit einer grauen Basis zu beginnen und gr\u00fcne Akzente hinzuzuf\u00fcgen.<\/p>\n<p>Dies ist eine unkomplizierte M\u00f6glichkeit, Marthas raffinierten, nat\u00fcrlichen Look im kommenden Herbst und Winter in Ihre R\u00e4ume zu bringen.<\/p>\n<div class=\"min-h-(270px) mb-4 viafoura-twig-component\" id=\"viafoura-engagement-starter-wrapper\" data-component-name=\"Elk:Embed:EngagementStarter\">\n<div class=\"viafoura\">\n<div>\n<vf-conversation-starter target=\"viafoura-comments\" title=\"Do you like Martha's gray decorating choices?\" minimum-comment-count=\"1\"><br \/>\n<\/vf-conversation-starter>\n<\/div>\n<\/div>\n<\/div>\n<hr id=\"da73536d-ff48-4167-876e-00cec31711a9\">\n<div class=\"block\" id=\"articleTag\" data-component-name=\"PostArticleLinks\">\n<div class=\"border-b border-b-black border-solid py-2.5 text-black font-bold uppercase\">THEMEN<\/div>\n<nav class=\"py-2.5 flex gap-2.5 flex-wrap\" data-analytics-id=\"article-tag\">\n<p>Martha Stewart<\/p>\n<\/nav>\n<\/div>\n<\/div>\n<p><script async src=\"\/\/www.instagram.com\/embed.js\"><\/script><\/p>\n","protected":false},"excerpt":{"rendered":"<p>Martha Stewarts Farm in Bedford, New York, ist mehr als nur ein Zuhause; Es ist eine st\u00e4ndige Quelle der Inspiration. Aus diesem einflussreichen Nachlass gibt<\/p>\n","protected":false},"author":1,"featured_media":8440,"comment_status":"closed","ping_status":"","sticky":false,"template":"","format":"standard","meta":{"footnotes":""},"categories":[118],"tags":[935,9,531,10782,55,959,2251,1908,2894,3131,10783,1115,21,202,744,3412,10784,6099],"class_list":["post-8439","post","type-post","status-publish","format-standard","has-post-thumbnail","hentry","category-haus-garten","tag-als","tag-die","tag-dieses","tag-farmhousepalette","tag-fuer","tag-gemuetliche","tag-grau","tag-innenraeume","tag-martha","tag-stewart","tag-unmoderne","tag-verraet","tag-von","tag-wahl","tag-warum","tag-zeitlose","tag-zurueckkehrt","tag-zutiefst","generate-columns","tablet-grid-50","mobile-grid-100","grid-parent","grid-50"],"yoast_head":"<!-- This site is optimized with the Yoast SEO plugin v27.3 - https:\/\/yoast.com\/product\/yoast-seo-wordpress\/ -->\n<title>Die Farmhouse-Palette von Martha Stewart verr\u00e4t, warum dieses \u201ezutiefst unmoderne\u201c Grau als zeitlose Wahl f\u00fcr gem\u00fctliche Innenr\u00e4ume zur\u00fcckkehrt - Nachrichten - Stra\u00dfenweb<\/title>\n<meta name=\"robots\" content=\"index, follow, max-snippet:-1, max-image-preview:large, max-video-preview:-1\" \/>\n<link rel=\"canonical\" href=\"https:\/\/www.strassenweb.de\/nachrichten\/die-farmhouse-palette-von-martha-stewart-verraet-warum-dieses-zutiefst-unmoderne-grau-als-zeitlose-wahl-fuer-gemuetliche-innenraeume-zurueckkehrt\/\" \/>\n<meta property=\"og:locale\" content=\"de_DE\" \/>\n<meta property=\"og:type\" content=\"article\" \/>\n<meta property=\"og:title\" content=\"Die Farmhouse-Palette von Martha Stewart verr\u00e4t, warum dieses \u201ezutiefst unmoderne\u201c Grau als zeitlose Wahl f\u00fcr gem\u00fctliche Innenr\u00e4ume zur\u00fcckkehrt - Nachrichten - Stra\u00dfenweb\" \/>\n<meta property=\"og:description\" content=\"Martha Stewarts Farm in Bedford, New York, ist mehr als nur ein Zuhause; Es ist eine st\u00e4ndige Quelle der Inspiration. Aus diesem einflussreichen Nachlass gibt\" \/>\n<meta property=\"og:url\" content=\"https:\/\/www.strassenweb.de\/nachrichten\/die-farmhouse-palette-von-martha-stewart-verraet-warum-dieses-zutiefst-unmoderne-grau-als-zeitlose-wahl-fuer-gemuetliche-innenraeume-zurueckkehrt\/\" \/>\n<meta property=\"og:site_name\" content=\"Stra\u00dfenweb\" \/>\n<meta property=\"article:publisher\" content=\"https:\/\/www.facebook.com\/strassenweb\/\" \/>\n<meta property=\"article:published_time\" content=\"2025-10-13T14:39:16+00:00\" \/>\n<meta property=\"article:modified_time\" content=\"2025-10-13T14:39:18+00:00\" \/>\n<meta property=\"og:image\" content=\"https:\/\/www.strassenweb.de\/nachrichten\/wp-content\/uploads\/2025\/10\/Die-Farmhouse-Palette-von-Martha-Stewart-verraet-warum-dieses-\u201ezutiefst-unmoderne.png\" \/>\n\t<meta property=\"og:image:width\" content=\"1600\" \/>\n\t<meta property=\"og:image:height\" content=\"900\" \/>\n\t<meta property=\"og:image:type\" content=\"image\/png\" \/>\n<meta name=\"author\" content=\"Robert Hoffmann\" \/>\n<meta name=\"twitter:card\" content=\"summary_large_image\" \/>\n<meta name=\"twitter:label1\" content=\"Verfasst von\" \/>\n\t<meta name=\"twitter:data1\" content=\"Robert Hoffmann\" \/>\n\t<meta name=\"twitter:label2\" content=\"Gesch\u00e4tzte Lesezeit\" \/>\n\t<meta name=\"twitter:data2\" content=\"4\u00a0Minuten\" \/>\n<script type=\"application\/ld+json\" class=\"yoast-schema-graph\">{\"@context\":\"https:\\\/\\\/schema.org\",\"@graph\":[{\"@type\":\"Article\",\"@id\":\"https:\\\/\\\/www.strassenweb.de\\\/nachrichten\\\/die-farmhouse-palette-von-martha-stewart-verraet-warum-dieses-zutiefst-unmoderne-grau-als-zeitlose-wahl-fuer-gemuetliche-innenraeume-zurueckkehrt\\\/#article\",\"isPartOf\":{\"@id\":\"https:\\\/\\\/www.strassenweb.de\\\/nachrichten\\\/die-farmhouse-palette-von-martha-stewart-verraet-warum-dieses-zutiefst-unmoderne-grau-als-zeitlose-wahl-fuer-gemuetliche-innenraeume-zurueckkehrt\\\/\"},\"author\":{\"name\":\"Robert Hoffmann\",\"@id\":\"https:\\\/\\\/www.strassenweb.de\\\/nachrichten\\\/#\\\/schema\\\/person\\\/87c9c9067f1211da429a744dc5a5aa41\"},\"headline\":\"Die Farmhouse-Palette von Martha Stewart verr\u00e4t, warum dieses \u201ezutiefst unmoderne\u201c Grau als zeitlose Wahl f\u00fcr gem\u00fctliche Innenr\u00e4ume zur\u00fcckkehrt\",\"datePublished\":\"2025-10-13T14:39:16+00:00\",\"dateModified\":\"2025-10-13T14:39:18+00:00\",\"mainEntityOfPage\":{\"@id\":\"https:\\\/\\\/www.strassenweb.de\\\/nachrichten\\\/die-farmhouse-palette-von-martha-stewart-verraet-warum-dieses-zutiefst-unmoderne-grau-als-zeitlose-wahl-fuer-gemuetliche-innenraeume-zurueckkehrt\\\/\"},\"wordCount\":727,\"publisher\":{\"@id\":\"https:\\\/\\\/www.strassenweb.de\\\/nachrichten\\\/#organization\"},\"image\":{\"@id\":\"https:\\\/\\\/www.strassenweb.de\\\/nachrichten\\\/die-farmhouse-palette-von-martha-stewart-verraet-warum-dieses-zutiefst-unmoderne-grau-als-zeitlose-wahl-fuer-gemuetliche-innenraeume-zurueckkehrt\\\/#primaryimage\"},\"thumbnailUrl\":\"https:\\\/\\\/www.strassenweb.de\\\/nachrichten\\\/wp-content\\\/uploads\\\/2025\\\/10\\\/Die-Farmhouse-Palette-von-Martha-Stewart-verraet-warum-dieses-\u201ezutiefst-unmoderne.png\",\"keywords\":[\"als\",\"die\",\"dieses\",\"FarmhousePalette\",\"f\u00fcr\",\"gem\u00fctliche\",\"Grau\",\"Innenr\u00e4ume\",\"Martha\",\"Stewart\",\"unmoderne\",\"verr\u00e4t\",\"von\",\"Wahl\",\"warum\",\"zeitlose\",\"zur\u00fcckkehrt\",\"zutiefst\"],\"articleSection\":[\"Haus &amp; Garten\"],\"inLanguage\":\"de\"},{\"@type\":\"WebPage\",\"@id\":\"https:\\\/\\\/www.strassenweb.de\\\/nachrichten\\\/die-farmhouse-palette-von-martha-stewart-verraet-warum-dieses-zutiefst-unmoderne-grau-als-zeitlose-wahl-fuer-gemuetliche-innenraeume-zurueckkehrt\\\/\",\"url\":\"https:\\\/\\\/www.strassenweb.de\\\/nachrichten\\\/die-farmhouse-palette-von-martha-stewart-verraet-warum-dieses-zutiefst-unmoderne-grau-als-zeitlose-wahl-fuer-gemuetliche-innenraeume-zurueckkehrt\\\/\",\"name\":\"Die Farmhouse-Palette von Martha Stewart verr\u00e4t, warum dieses \u201ezutiefst unmoderne\u201c Grau als zeitlose Wahl f\u00fcr gem\u00fctliche Innenr\u00e4ume zur\u00fcckkehrt - Nachrichten - Stra\u00dfenweb\",\"isPartOf\":{\"@id\":\"https:\\\/\\\/www.strassenweb.de\\\/nachrichten\\\/#website\"},\"primaryImageOfPage\":{\"@id\":\"https:\\\/\\\/www.strassenweb.de\\\/nachrichten\\\/die-farmhouse-palette-von-martha-stewart-verraet-warum-dieses-zutiefst-unmoderne-grau-als-zeitlose-wahl-fuer-gemuetliche-innenraeume-zurueckkehrt\\\/#primaryimage\"},\"image\":{\"@id\":\"https:\\\/\\\/www.strassenweb.de\\\/nachrichten\\\/die-farmhouse-palette-von-martha-stewart-verraet-warum-dieses-zutiefst-unmoderne-grau-als-zeitlose-wahl-fuer-gemuetliche-innenraeume-zurueckkehrt\\\/#primaryimage\"},\"thumbnailUrl\":\"https:\\\/\\\/www.strassenweb.de\\\/nachrichten\\\/wp-content\\\/uploads\\\/2025\\\/10\\\/Die-Farmhouse-Palette-von-Martha-Stewart-verraet-warum-dieses-\u201ezutiefst-unmoderne.png\",\"datePublished\":\"2025-10-13T14:39:16+00:00\",\"dateModified\":\"2025-10-13T14:39:18+00:00\",\"breadcrumb\":{\"@id\":\"https:\\\/\\\/www.strassenweb.de\\\/nachrichten\\\/die-farmhouse-palette-von-martha-stewart-verraet-warum-dieses-zutiefst-unmoderne-grau-als-zeitlose-wahl-fuer-gemuetliche-innenraeume-zurueckkehrt\\\/#breadcrumb\"},\"inLanguage\":\"de\",\"potentialAction\":[{\"@type\":\"ReadAction\",\"target\":[\"https:\\\/\\\/www.strassenweb.de\\\/nachrichten\\\/die-farmhouse-palette-von-martha-stewart-verraet-warum-dieses-zutiefst-unmoderne-grau-als-zeitlose-wahl-fuer-gemuetliche-innenraeume-zurueckkehrt\\\/\"]}]},{\"@type\":\"ImageObject\",\"inLanguage\":\"de\",\"@id\":\"https:\\\/\\\/www.strassenweb.de\\\/nachrichten\\\/die-farmhouse-palette-von-martha-stewart-verraet-warum-dieses-zutiefst-unmoderne-grau-als-zeitlose-wahl-fuer-gemuetliche-innenraeume-zurueckkehrt\\\/#primaryimage\",\"url\":\"https:\\\/\\\/www.strassenweb.de\\\/nachrichten\\\/wp-content\\\/uploads\\\/2025\\\/10\\\/Die-Farmhouse-Palette-von-Martha-Stewart-verraet-warum-dieses-\u201ezutiefst-unmoderne.png\",\"contentUrl\":\"https:\\\/\\\/www.strassenweb.de\\\/nachrichten\\\/wp-content\\\/uploads\\\/2025\\\/10\\\/Die-Farmhouse-Palette-von-Martha-Stewart-verraet-warum-dieses-\u201ezutiefst-unmoderne.png\",\"width\":1600,\"height\":900,\"caption\":\"Martha Stewart\"},{\"@type\":\"BreadcrumbList\",\"@id\":\"https:\\\/\\\/www.strassenweb.de\\\/nachrichten\\\/die-farmhouse-palette-von-martha-stewart-verraet-warum-dieses-zutiefst-unmoderne-grau-als-zeitlose-wahl-fuer-gemuetliche-innenraeume-zurueckkehrt\\\/#breadcrumb\",\"itemListElement\":[{\"@type\":\"ListItem\",\"position\":1,\"name\":\"Home\",\"item\":\"https:\\\/\\\/www.strassenweb.de\\\/nachrichten\\\/\"},{\"@type\":\"ListItem\",\"position\":2,\"name\":\"Die Farmhouse-Palette von Martha Stewart verr\u00e4t, warum dieses \u201ezutiefst unmoderne\u201c Grau als zeitlose Wahl f\u00fcr gem\u00fctliche Innenr\u00e4ume zur\u00fcckkehrt\"}]},{\"@type\":\"WebSite\",\"@id\":\"https:\\\/\\\/www.strassenweb.de\\\/nachrichten\\\/#website\",\"url\":\"https:\\\/\\\/www.strassenweb.de\\\/nachrichten\\\/\",\"name\":\"Stra\u00dfenweb\",\"description\":\"Stra\u00dfenverzeichnis f\u00fcr Deutschland\",\"publisher\":{\"@id\":\"https:\\\/\\\/www.strassenweb.de\\\/nachrichten\\\/#organization\"},\"potentialAction\":[{\"@type\":\"SearchAction\",\"target\":{\"@type\":\"EntryPoint\",\"urlTemplate\":\"https:\\\/\\\/www.strassenweb.de\\\/nachrichten\\\/?s={search_term_string}\"},\"query-input\":{\"@type\":\"PropertyValueSpecification\",\"valueRequired\":true,\"valueName\":\"search_term_string\"}}],\"inLanguage\":\"de\"},{\"@type\":\"Organization\",\"@id\":\"https:\\\/\\\/www.strassenweb.de\\\/nachrichten\\\/#organization\",\"name\":\"Stra\u00dfenweb\",\"url\":\"https:\\\/\\\/www.strassenweb.de\\\/nachrichten\\\/\",\"logo\":{\"@type\":\"ImageObject\",\"inLanguage\":\"de\",\"@id\":\"https:\\\/\\\/www.strassenweb.de\\\/nachrichten\\\/#\\\/schema\\\/logo\\\/image\\\/\",\"url\":\"https:\\\/\\\/www.strassenweb.de\\\/nachrichten\\\/wp-content\\\/uploads\\\/2024\\\/09\\\/cropped-favicon.png\",\"contentUrl\":\"https:\\\/\\\/www.strassenweb.de\\\/nachrichten\\\/wp-content\\\/uploads\\\/2024\\\/09\\\/cropped-favicon.png\",\"width\":512,\"height\":512,\"caption\":\"Stra\u00dfenweb\"},\"image\":{\"@id\":\"https:\\\/\\\/www.strassenweb.de\\\/nachrichten\\\/#\\\/schema\\\/logo\\\/image\\\/\"},\"sameAs\":[\"https:\\\/\\\/www.facebook.com\\\/strassenweb\\\/\"]},{\"@type\":\"Person\",\"@id\":\"https:\\\/\\\/www.strassenweb.de\\\/nachrichten\\\/#\\\/schema\\\/person\\\/87c9c9067f1211da429a744dc5a5aa41\",\"name\":\"Robert Hoffmann\",\"image\":{\"@type\":\"ImageObject\",\"inLanguage\":\"de\",\"@id\":\"https:\\\/\\\/www.strassenweb.de\\\/nachrichten\\\/wp-content\\\/uploads\\\/2024\\\/09\\\/strassenweb-150x150.jpg\",\"url\":\"https:\\\/\\\/www.strassenweb.de\\\/nachrichten\\\/wp-content\\\/uploads\\\/2024\\\/09\\\/strassenweb-150x150.jpg\",\"contentUrl\":\"https:\\\/\\\/www.strassenweb.de\\\/nachrichten\\\/wp-content\\\/uploads\\\/2024\\\/09\\\/strassenweb-150x150.jpg\",\"caption\":\"Robert Hoffmann\"},\"description\":\"Ich hei\u00dfe Robert Hoffmann und ich bin ein leidenschaftlicher Verfechter von \u00d6kologie und Biodiversit\u00e4t. Seit meiner Kindheit in den W\u00e4ldern Bayerns f\u00fchle ich mich mit der Natur verbunden und bin entschlossen, sie zu sch\u00fctzen. Heute widme ich mein Leben der Sensibilisierung anderer f\u00fcr die Bedeutung des Umweltschutzes f\u00fcr zuk\u00fcnftige Generationen.\",\"sameAs\":[\"https:\\\/\\\/www.strassenweb.de\\\/\"]}]}<\/script>\n<!-- \/ Yoast SEO plugin. -->","yoast_head_json":{"title":"Die Farmhouse-Palette von Martha Stewart verr\u00e4t, warum dieses \u201ezutiefst unmoderne\u201c Grau als zeitlose Wahl f\u00fcr gem\u00fctliche Innenr\u00e4ume zur\u00fcckkehrt - Nachrichten - Stra\u00dfenweb","robots":{"index":"index","follow":"follow","max-snippet":"max-snippet:-1","max-image-preview":"max-image-preview:large","max-video-preview":"max-video-preview:-1"},"canonical":"https:\/\/www.strassenweb.de\/nachrichten\/die-farmhouse-palette-von-martha-stewart-verraet-warum-dieses-zutiefst-unmoderne-grau-als-zeitlose-wahl-fuer-gemuetliche-innenraeume-zurueckkehrt\/","og_locale":"de_DE","og_type":"article","og_title":"Die Farmhouse-Palette von Martha Stewart verr\u00e4t, warum dieses \u201ezutiefst unmoderne\u201c Grau als zeitlose Wahl f\u00fcr gem\u00fctliche Innenr\u00e4ume zur\u00fcckkehrt - Nachrichten - Stra\u00dfenweb","og_description":"Martha Stewarts Farm in Bedford, New York, ist mehr als nur ein Zuhause; Es ist eine st\u00e4ndige Quelle der Inspiration. Aus diesem einflussreichen Nachlass gibt","og_url":"https:\/\/www.strassenweb.de\/nachrichten\/die-farmhouse-palette-von-martha-stewart-verraet-warum-dieses-zutiefst-unmoderne-grau-als-zeitlose-wahl-fuer-gemuetliche-innenraeume-zurueckkehrt\/","og_site_name":"Stra\u00dfenweb","article_publisher":"https:\/\/www.facebook.com\/strassenweb\/","article_published_time":"2025-10-13T14:39:16+00:00","article_modified_time":"2025-10-13T14:39:18+00:00","og_image":[{"width":1600,"height":900,"url":"https:\/\/www.strassenweb.de\/nachrichten\/wp-content\/uploads\/2025\/10\/Die-Farmhouse-Palette-von-Martha-Stewart-verraet-warum-dieses-\u201ezutiefst-unmoderne.png","type":"image\/png"}],"author":"Robert Hoffmann","twitter_card":"summary_large_image","twitter_misc":{"Verfasst von":"Robert Hoffmann","Gesch\u00e4tzte Lesezeit":"4\u00a0Minuten"},"schema":{"@context":"https:\/\/schema.org","@graph":[{"@type":"Article","@id":"https:\/\/www.strassenweb.de\/nachrichten\/die-farmhouse-palette-von-martha-stewart-verraet-warum-dieses-zutiefst-unmoderne-grau-als-zeitlose-wahl-fuer-gemuetliche-innenraeume-zurueckkehrt\/#article","isPartOf":{"@id":"https:\/\/www.strassenweb.de\/nachrichten\/die-farmhouse-palette-von-martha-stewart-verraet-warum-dieses-zutiefst-unmoderne-grau-als-zeitlose-wahl-fuer-gemuetliche-innenraeume-zurueckkehrt\/"},"author":{"name":"Robert Hoffmann","@id":"https:\/\/www.strassenweb.de\/nachrichten\/#\/schema\/person\/87c9c9067f1211da429a744dc5a5aa41"},"headline":"Die Farmhouse-Palette von Martha Stewart verr\u00e4t, warum dieses \u201ezutiefst unmoderne\u201c Grau als zeitlose Wahl f\u00fcr gem\u00fctliche Innenr\u00e4ume zur\u00fcckkehrt","datePublished":"2025-10-13T14:39:16+00:00","dateModified":"2025-10-13T14:39:18+00:00","mainEntityOfPage":{"@id":"https:\/\/www.strassenweb.de\/nachrichten\/die-farmhouse-palette-von-martha-stewart-verraet-warum-dieses-zutiefst-unmoderne-grau-als-zeitlose-wahl-fuer-gemuetliche-innenraeume-zurueckkehrt\/"},"wordCount":727,"publisher":{"@id":"https:\/\/www.strassenweb.de\/nachrichten\/#organization"},"image":{"@id":"https:\/\/www.strassenweb.de\/nachrichten\/die-farmhouse-palette-von-martha-stewart-verraet-warum-dieses-zutiefst-unmoderne-grau-als-zeitlose-wahl-fuer-gemuetliche-innenraeume-zurueckkehrt\/#primaryimage"},"thumbnailUrl":"https:\/\/www.strassenweb.de\/nachrichten\/wp-content\/uploads\/2025\/10\/Die-Farmhouse-Palette-von-Martha-Stewart-verraet-warum-dieses-\u201ezutiefst-unmoderne.png","keywords":["als","die","dieses","FarmhousePalette","f\u00fcr","gem\u00fctliche","Grau","Innenr\u00e4ume","Martha","Stewart","unmoderne","verr\u00e4t","von","Wahl","warum","zeitlose","zur\u00fcckkehrt","zutiefst"],"articleSection":["Haus &amp; Garten"],"inLanguage":"de"},{"@type":"WebPage","@id":"https:\/\/www.strassenweb.de\/nachrichten\/die-farmhouse-palette-von-martha-stewart-verraet-warum-dieses-zutiefst-unmoderne-grau-als-zeitlose-wahl-fuer-gemuetliche-innenraeume-zurueckkehrt\/","url":"https:\/\/www.strassenweb.de\/nachrichten\/die-farmhouse-palette-von-martha-stewart-verraet-warum-dieses-zutiefst-unmoderne-grau-als-zeitlose-wahl-fuer-gemuetliche-innenraeume-zurueckkehrt\/","name":"Die Farmhouse-Palette von Martha Stewart verr\u00e4t, warum dieses \u201ezutiefst unmoderne\u201c Grau als zeitlose Wahl f\u00fcr gem\u00fctliche Innenr\u00e4ume zur\u00fcckkehrt - Nachrichten - Stra\u00dfenweb","isPartOf":{"@id":"https:\/\/www.strassenweb.de\/nachrichten\/#website"},"primaryImageOfPage":{"@id":"https:\/\/www.strassenweb.de\/nachrichten\/die-farmhouse-palette-von-martha-stewart-verraet-warum-dieses-zutiefst-unmoderne-grau-als-zeitlose-wahl-fuer-gemuetliche-innenraeume-zurueckkehrt\/#primaryimage"},"image":{"@id":"https:\/\/www.strassenweb.de\/nachrichten\/die-farmhouse-palette-von-martha-stewart-verraet-warum-dieses-zutiefst-unmoderne-grau-als-zeitlose-wahl-fuer-gemuetliche-innenraeume-zurueckkehrt\/#primaryimage"},"thumbnailUrl":"https:\/\/www.strassenweb.de\/nachrichten\/wp-content\/uploads\/2025\/10\/Die-Farmhouse-Palette-von-Martha-Stewart-verraet-warum-dieses-\u201ezutiefst-unmoderne.png","datePublished":"2025-10-13T14:39:16+00:00","dateModified":"2025-10-13T14:39:18+00:00","breadcrumb":{"@id":"https:\/\/www.strassenweb.de\/nachrichten\/die-farmhouse-palette-von-martha-stewart-verraet-warum-dieses-zutiefst-unmoderne-grau-als-zeitlose-wahl-fuer-gemuetliche-innenraeume-zurueckkehrt\/#breadcrumb"},"inLanguage":"de","potentialAction":[{"@type":"ReadAction","target":["https:\/\/www.strassenweb.de\/nachrichten\/die-farmhouse-palette-von-martha-stewart-verraet-warum-dieses-zutiefst-unmoderne-grau-als-zeitlose-wahl-fuer-gemuetliche-innenraeume-zurueckkehrt\/"]}]},{"@type":"ImageObject","inLanguage":"de","@id":"https:\/\/www.strassenweb.de\/nachrichten\/die-farmhouse-palette-von-martha-stewart-verraet-warum-dieses-zutiefst-unmoderne-grau-als-zeitlose-wahl-fuer-gemuetliche-innenraeume-zurueckkehrt\/#primaryimage","url":"https:\/\/www.strassenweb.de\/nachrichten\/wp-content\/uploads\/2025\/10\/Die-Farmhouse-Palette-von-Martha-Stewart-verraet-warum-dieses-\u201ezutiefst-unmoderne.png","contentUrl":"https:\/\/www.strassenweb.de\/nachrichten\/wp-content\/uploads\/2025\/10\/Die-Farmhouse-Palette-von-Martha-Stewart-verraet-warum-dieses-\u201ezutiefst-unmoderne.png","width":1600,"height":900,"caption":"Martha Stewart"},{"@type":"BreadcrumbList","@id":"https:\/\/www.strassenweb.de\/nachrichten\/die-farmhouse-palette-von-martha-stewart-verraet-warum-dieses-zutiefst-unmoderne-grau-als-zeitlose-wahl-fuer-gemuetliche-innenraeume-zurueckkehrt\/#breadcrumb","itemListElement":[{"@type":"ListItem","position":1,"name":"Home","item":"https:\/\/www.strassenweb.de\/nachrichten\/"},{"@type":"ListItem","position":2,"name":"Die Farmhouse-Palette von Martha Stewart verr\u00e4t, warum dieses \u201ezutiefst unmoderne\u201c Grau als zeitlose Wahl f\u00fcr gem\u00fctliche Innenr\u00e4ume zur\u00fcckkehrt"}]},{"@type":"WebSite","@id":"https:\/\/www.strassenweb.de\/nachrichten\/#website","url":"https:\/\/www.strassenweb.de\/nachrichten\/","name":"Stra\u00dfenweb","description":"Stra\u00dfenverzeichnis f\u00fcr Deutschland","publisher":{"@id":"https:\/\/www.strassenweb.de\/nachrichten\/#organization"},"potentialAction":[{"@type":"SearchAction","target":{"@type":"EntryPoint","urlTemplate":"https:\/\/www.strassenweb.de\/nachrichten\/?s={search_term_string}"},"query-input":{"@type":"PropertyValueSpecification","valueRequired":true,"valueName":"search_term_string"}}],"inLanguage":"de"},{"@type":"Organization","@id":"https:\/\/www.strassenweb.de\/nachrichten\/#organization","name":"Stra\u00dfenweb","url":"https:\/\/www.strassenweb.de\/nachrichten\/","logo":{"@type":"ImageObject","inLanguage":"de","@id":"https:\/\/www.strassenweb.de\/nachrichten\/#\/schema\/logo\/image\/","url":"https:\/\/www.strassenweb.de\/nachrichten\/wp-content\/uploads\/2024\/09\/cropped-favicon.png","contentUrl":"https:\/\/www.strassenweb.de\/nachrichten\/wp-content\/uploads\/2024\/09\/cropped-favicon.png","width":512,"height":512,"caption":"Stra\u00dfenweb"},"image":{"@id":"https:\/\/www.strassenweb.de\/nachrichten\/#\/schema\/logo\/image\/"},"sameAs":["https:\/\/www.facebook.com\/strassenweb\/"]},{"@type":"Person","@id":"https:\/\/www.strassenweb.de\/nachrichten\/#\/schema\/person\/87c9c9067f1211da429a744dc5a5aa41","name":"Robert Hoffmann","image":{"@type":"ImageObject","inLanguage":"de","@id":"https:\/\/www.strassenweb.de\/nachrichten\/wp-content\/uploads\/2024\/09\/strassenweb-150x150.jpg","url":"https:\/\/www.strassenweb.de\/nachrichten\/wp-content\/uploads\/2024\/09\/strassenweb-150x150.jpg","contentUrl":"https:\/\/www.strassenweb.de\/nachrichten\/wp-content\/uploads\/2024\/09\/strassenweb-150x150.jpg","caption":"Robert Hoffmann"},"description":"Ich hei\u00dfe Robert Hoffmann und ich bin ein leidenschaftlicher Verfechter von \u00d6kologie und Biodiversit\u00e4t. Seit meiner Kindheit in den W\u00e4ldern Bayerns f\u00fchle ich mich mit der Natur verbunden und bin entschlossen, sie zu sch\u00fctzen. Heute widme ich mein Leben der Sensibilisierung anderer f\u00fcr die Bedeutung des Umweltschutzes f\u00fcr zuk\u00fcnftige Generationen.","sameAs":["https:\/\/www.strassenweb.de\/"]}]}},"_links":{"self":[{"href":"https:\/\/www.strassenweb.de\/nachrichten\/wp-json\/wp\/v2\/posts\/8439","targetHints":{"allow":["GET"]}}],"collection":[{"href":"https:\/\/www.strassenweb.de\/nachrichten\/wp-json\/wp\/v2\/posts"}],"about":[{"href":"https:\/\/www.strassenweb.de\/nachrichten\/wp-json\/wp\/v2\/types\/post"}],"author":[{"embeddable":true,"href":"https:\/\/www.strassenweb.de\/nachrichten\/wp-json\/wp\/v2\/users\/1"}],"replies":[{"embeddable":true,"href":"https:\/\/www.strassenweb.de\/nachrichten\/wp-json\/wp\/v2\/comments?post=8439"}],"version-history":[{"count":0,"href":"https:\/\/www.strassenweb.de\/nachrichten\/wp-json\/wp\/v2\/posts\/8439\/revisions"}],"wp:featuredmedia":[{"embeddable":true,"href":"https:\/\/www.strassenweb.de\/nachrichten\/wp-json\/wp\/v2\/media\/8440"}],"wp:attachment":[{"href":"https:\/\/www.strassenweb.de\/nachrichten\/wp-json\/wp\/v2\/media?parent=8439"}],"wp:term":[{"taxonomy":"category","embeddable":true,"href":"https:\/\/www.strassenweb.de\/nachrichten\/wp-json\/wp\/v2\/categories?post=8439"},{"taxonomy":"post_tag","embeddable":true,"href":"https:\/\/www.strassenweb.de\/nachrichten\/wp-json\/wp\/v2\/tags?post=8439"}],"curies":[{"name":"wp","href":"https:\/\/api.w.org\/{rel}","templated":true}]}}