{"id":8428,"date":"2025-10-13T04:40:21","date_gmt":"2025-10-13T02:40:21","guid":{"rendered":"https:\/\/www.strassenweb.de\/nachrichten\/wann-ist-es-zu-spaet-den-rasen-zu-vertikutieren-rasenexperten-enthuellen-die-verraeterischen-anzeichen-dafuer-dass-sie-das-fenster-verpasst-haben\/"},"modified":"2025-10-13T04:40:22","modified_gmt":"2025-10-13T02:40:22","slug":"wann-ist-es-zu-spaet-den-rasen-zu-vertikutieren-rasenexperten-enthuellen-die-verraeterischen-anzeichen-dafuer-dass-sie-das-fenster-verpasst-haben","status":"publish","type":"post","link":"https:\/\/www.strassenweb.de\/nachrichten\/wann-ist-es-zu-spaet-den-rasen-zu-vertikutieren-rasenexperten-enthuellen-die-verraeterischen-anzeichen-dafuer-dass-sie-das-fenster-verpasst-haben\/","title":{"rendered":"Wann ist es zu sp\u00e4t, den Rasen zu vertikutieren? Rasenexperten enth\u00fcllen die verr\u00e4terischen Anzeichen daf\u00fcr, dass Sie das Fenster verpasst haben"},"content":{"rendered":"<p><\/p>\n<div id=\"article-body\" class=\"article__body \">\n<p id=\"e8160151-b1d8-4f4d-81b8-b85de8ce7187\">Das Vertikutieren ist f\u00fcr einen gesunden Rasen unerl\u00e4sslich. Es entfernt \u00fcbersch\u00fcssigen Rasenfilz, um dem Gras zu helfen, Licht, Feuchtigkeit und N\u00e4hrstoffe zu erhalten. Wenn Sie jedoch den richtigen Zeitpunkt w\u00e4hlen, kann dies zu einer \u00fcberm\u00e4\u00dfigen Belastung des Rasens f\u00fchren. Wann ist es also zu sp\u00e4t, den Rasen zu vertikutieren?<\/p>\n<div id=\"ad-unit-1\" class=\"ad-unit\"><\/div>\n<p>Die \u00fcblichen Zeitpunkte f\u00fcr das Vertikutieren eines Rasens liegen bei Gr\u00e4sern der k\u00fchlen Jahreszeit im Fr\u00fchling oder Herbst und bei Gr\u00e4sern der warmen Jahreszeit im Sp\u00e4tfr\u00fchling bis Fr\u00fchsommer. Diese Fenster geben dem Rasen Zeit, sich zu erholen, anstatt ihn in hei\u00dfen Sommern und kalten Wintern zus\u00e4tzlich zu belasten.<\/p>\n<p>Was aber, wenn Sie im Herbst den absolut besten Zeitpunkt zum Vertikutieren Ihres Rasens verpasst haben? Ist es besser, die Aufgabe zu erledigen oder sie zu \u00fcberspringen? Um diese Frage zu beantworten, habe ich mit Rasenexperten gesprochen, um herauszufinden, wie sp\u00e4t man den Rasen abschneiden kann und welche Anzeichen daf\u00fcr vorliegen, dass die Gelegenheit f\u00fcr ein Jahr verstrichen ist.<\/p>\n<div class=\"van_vid_carousel\">\n<div class=\"van_vid_carousel__padding\">\n<div class=\"van_vid_carousel__container\"><\/div>\n<\/div>\n<\/div>\n<figure class=\"van-image-figure inline-layout \" data-bordeaux-image-check id=\"cbec35bd-c2ca-42bf-a1a8-c607345bf9b0\">\n<div class=\"image-full-width-wrapper\">\n<div class=\"image-widthsetter\" style=\"max-width:2400px;\"><\/div>\n<\/div>\n<\/figure>\n<h3 class=\"article-body__section\" id=\"section-when-is-it-too-late-to-dethatch-your-lawn\"><span>Wann ist es zu sp\u00e4t, den Rasen zu vertikutieren?<\/span><\/h3>\n<aside data-block-type=\"embed\" data-render-type=\"fte\" data-skip=\"dealsy\" data-widget-type=\"seasonal\" class=\"hawk-root\"><\/aside>\n<p id=\"25d58f3e-5740-41a8-ae86-a9442b95e7a5-0\">F\u00fcr manche G\u00e4rtner kann die Rasenpflege verwirrend sein, und zugegebenerma\u00dfen ist f\u00fcr einen dichten, gr\u00fcnen Rasen mehr Pflege n\u00f6tig, als viele Leute denken. Ob es darum geht, den \u00dcberblick \u00fcber M\u00e4hen, Gie\u00dfen, F\u00fcttern, Bel\u00fcften oder Vertikutieren zu behalten, eine Checkliste f\u00fcr die Rasenpflege im Fr\u00fchling oder Herbst kann langwierig sein.<\/p>\n<div id=\"ad-unit-2\" class=\"ad-unit\"><\/div>\n<p>Vertikutieren und Vertikutieren sind zwei Begriffe f\u00fcr die Entfernung von Schmutz, wobei der entscheidende Unterschied darin besteht, wie aggressiv der Prozess ist. Durch das Vertikutieren wird die oberste Schicht zerst\u00f6rt, w\u00e4hrend das Vertikutieren etwas tiefer geht, aber die Wahrheit ist, dass beide Aufgaben eine Belastung f\u00fcr das Gras darstellen und es Zeit braucht, sich von dem Prozess zu erholen.<\/p>\n<p>Das Entfernen von Rasenfilz, der aus abgestorbenen Bl\u00e4ttern, Wurzeln und anderen organischen Stoffen besteht, ist eine harte Belastung f\u00fcr den Rasen. Die Messer einer Vertikutierermaschine oder eines Gartenrechens zerrei\u00dfen den Rasenfilz und die Bodenoberfl\u00e4che. Dadurch wird der Rasen danach anf\u00e4llig, daher sollten Sie ihm gen\u00fcgend Zeit geben, sich vollst\u00e4ndig zu erholen.<\/p>\n<p>Wenn die Temperaturen im Sp\u00e4therbst sinken, geht das Gras in den Ruhezustand \u00fcber. Dies sollte nicht passieren, wenn der Rasen durch das Vertikutieren noch geschw\u00e4cht ist. Sorgen Sie daher f\u00fcr gen\u00fcgend Erholungszeit, um sicherzustellen, dass das Winterwetter dem Rasen keinen Schaden zuf\u00fcgt.<\/p>\n<div id=\"slice-container-newsletterForm-articleInbodyContent-TrKKUibd6vLkKXN7b2ELVo\" class=\"slice-container newsletter-inbodyContent-slice newsletterForm-articleInbodyContent-TrKKUibd6vLkKXN7b2ELVo slice-container-newsletterForm\"><\/div>\n<p>\u201eSie m\u00f6chten Ihrem Rasen mindestens einen ganzen Monat Zeit geben, um sich von der Vertikutierung zu erholen. Daher w\u00fcrde ich vorschlagen, dass Sie die Vertikutierung sp\u00e4testens etwa vier Wochen vor dem typischen ersten Frostdatum durchf\u00fchren k\u00f6nnen\u201c, r\u00e4t Craig Elworthy, der Gr\u00fcnder des DIY-Unternehmens f\u00fcr nat\u00fcrliche Rasenpflege, Lawnbright.<\/p>\n<p>Der Rasenexperte empfiehlt, Vorsicht walten zu lassen und zu sagen: \u201eGehen Sie auf der sicheren Seite und g\u00f6nnen Sie sich viel Platz\u201c, anstatt den Rasen vor dem Einsetzen des Frosts sauber zu schneiden.<\/p>\n<p>Auch Chrissie Handley, Rasenpflegespezialistin bei Online Turf, r\u00e4t zur Vorsicht und zum Vertikutieren bei milden Temperaturen.<\/p>\n<p>Sie f\u00fcgt hinzu: \u201eJe fr\u00fcher Sie es tun, desto mehr Zeit hat Ihr Gras, sich davon zu erholen. Sie sollten es also nicht richtig machen, wenn es in die Winterruhe geht, da Ihr Gras dann nicht wachsen und sich erholen kann.\u201c<\/p>\n<h3 class=\"article-body__section\" id=\"section-how-to-tell-it-is-too-late-to-dethatch-a-lawn\"><span>Woran erkennt man, dass es zu sp\u00e4t ist, einen Rasen zu vertikutieren?<\/span><\/h3>\n<figure class=\"van-image-figure inline-layout \" data-bordeaux-image-check id=\"a9f0f778-26a3-4c7a-a4c0-01fb405cfa78\">\n<div class=\"image-full-width-wrapper\">\n<div class=\"image-widthsetter\" style=\"max-width:2400px;\"><\/div>\n<\/div>\n<\/figure>\n<p id=\"68391a52-2051-4d70-9397-7157c66289b9\">Wenn Sie sich fragen, ob es im Herbst zu sp\u00e4t ist, einen Rasen zu vertikutieren, geben Ihnen die Rasenexperten ein paar hilfreiche Tipps, die Ihnen bei der Entscheidung helfen.<\/p>\n<p>Es kann so einfach sein, sich den Garten anzusehen und das Wetter zu ber\u00fccksichtigen \u2013 alles einfache Ma\u00dfnahmen, um Fehler bei der Rasenpflege und Sch\u00e4den an Ihrem Rasen zu vermeiden.<\/p>\n<p>\u201eWenn Sie bemerken, dass Ihr Gras nicht mehr w\u00e4chst oder die Temperaturen deutlich gesunken sind, ist es jetzt wahrscheinlich zu sp\u00e4t, den Rasen zu entfernen\u201c, sagt Chrissie.<\/p>\n<p>Und Craig f\u00fcgt hinzu: \u201eWenn Sie Bl\u00e4tter von den B\u00e4umen fallen sehen, ist es wahrscheinlich zu sp\u00e4t, sie zu entfernen.\u201c<\/p>\n<p>Es lohnt sich jedoch nicht, sich zu sehr entmutigen zu lassen. Wenn es zu sp\u00e4t ist, einen Rasen zu vertikutieren, k\u00f6nnen Sie einfach warten, bis sich das ideale Fenster wieder ergibt. Wenn es im Herbst zu sp\u00e4t ist, dann f\u00fcgen Sie die Arbeit zu Ihrer Fr\u00fchjahrs-Checkliste f\u00fcr die Rasenpflege hinzu und erledigen Sie die Aufgabe dann.<\/p>\n<p>Wie oft Sie einen Rasen vertikutieren m\u00fcssen, kann unterschiedlich sein. Obwohl es von Vorteil sein kann, die Aufgabe j\u00e4hrlich zu erledigen, muss dies nicht immer getan werden. Hillary Thompson, G\u00e4rtnerin und Direktorin bei Super-Sod, sagt, dass das Vertikutieren nur dann empfohlen wird, wenn sich \u201emehr als 2,5 cm Grasfilz\u201c im Rasen ansammelt.<\/p>\n<p>\u201eIm Gegensatz zur j\u00e4hrlichen Bel\u00fcftung empfehlen wir kein j\u00e4hrliches Vertikutieren, da dies normalerweise nicht erforderlich ist, insbesondere wenn eine gute Wartung erfolgt, z. B. w\u00f6chentliches M\u00e4hen und nicht zu viel Stickstoffd\u00fcnger\u201c, f\u00fcgt sie hinzu.<\/p>\n<p>Das bedeutet, dass es kein Weltuntergang ist, ein Fenster zu verpassen, da es m\u00f6glicherweise nicht erforderlich ist. Wenn Sie einen Rasen regelm\u00e4\u00dfig bel\u00fcften, den Rasen h\u00e4ufig m\u00e4hen und den Rasen richtig d\u00fcngen, tragen all dies dazu bei, die Bildung von Rasenfilz zu verhindern und die Notwendigkeit, diesen zu entfernen, zu reduzieren.<\/p>\n<h3 class=\"article-body__section\" id=\"section-faqs\"><span>FAQs<\/span><\/h3>\n<h2 id=\"can-you-dethatch-a-lawn-in-summer-3\">Darf man im Sommer einen Rasen vertikutieren?<\/h2>\n<p id=\"89f49ffe-6afc-49a5-bd90-d0068f0d73dd\">Sie k\u00f6nnen die Gr\u00e4ser der warmen Jahreszeit im Fr\u00fchsommer abschneiden, vorausgesetzt, Sie geben dem Rasen ausreichend Erholungszeit, bevor die Temperaturen ihre saisonalen H\u00f6chstwerte erreichen. Craig Elworthy von Lawnbright behauptet, dass der Sp\u00e4tsommer ein gutes Zeitfenster sein kann, um Rasen in der k\u00fchleren Jahreszeit zu vertikutieren, und sagt: \u201eEs gibt Ihrem Rasen gen\u00fcgend Zeit, sich zu erholen und aufzuf\u00fcllen, bevor er in den Winterruhezustand \u00fcbergeht.\u201c<\/p>\n<h2 id=\"can-you-dethatch-in-late-spring-3\">K\u00f6nnen Sie im Sp\u00e4tfr\u00fchling vertikutieren?<\/h2>\n<p id=\"a3d478e2-41f9-4cca-95f0-02b493791277\">Der sp\u00e4te Fr\u00fchling ist ein ideales Zeitfenster zum Vertikutieren von Gr\u00e4sern der warmen Jahreszeit, wie Zoysia-Gras und Bermuda-Gras, da der Rasen zu dieser Jahreszeit aktiv w\u00e4chst. Es ist eine gute Jahreszeit f\u00fcr G\u00e4rtner in w\u00e4rmeren Klimazonen oder f\u00fcr diejenigen in \u00dcbergangszonen, deren Rasen Grasarten der warmen Jahreszeit enthalten.<\/p>\n<h2 id=\"can-you-dethatch-the-lawn-in-the-fall-3\">Kann man den Rasen im Herbst vertikutieren?<\/h2>\n<p id=\"a494d34a-46cd-497c-b76b-17ebef501489\">Der Herbst ist eine ideale Jahreszeit zum Vertikutieren von Rasenfl\u00e4chen der k\u00fchlen Jahreszeit, wie z. B. Schwingelgras, Deutsches Weidelgras und Kentucky-Bluegrass. Chrissie Handley von Online Turf sagt: \u201eDer Herbst ist die perfekte Zeit zum Vertikutieren, er verbessert die Luftzirkulation und l\u00e4sst das Wasser effektiver zu den Pflanzenwurzeln durchdringen, was ideal f\u00fcr st\u00e4rkere Regenf\u00e4lle ist.\u201c<\/p>\n<div class=\"min-h-(270px) mb-4 viafoura-twig-component\" id=\"viafoura-engagement-starter-wrapper\" data-component-name=\"Elk:Embed:EngagementStarter\">\n<div class=\"viafoura\">\n<div>\n<vf-conversation-starter target=\"viafoura-comments\" title=\"How do you dethatch? \" description=\"Is it with a mechanical dethatcher or with a rake? Let us know your preferences in the comments\" minimum-comment-count=\"5\"><br \/>\n<\/vf-conversation-starter>\n<\/div>\n<\/div>\n<\/div>\n<hr id=\"e38df76b-9bb4-4eab-b0ac-996c697613ea\">\n<p id=\"1f329a53-15ea-44b3-a3f6-912551291ea3\">Wie bereits erw\u00e4hnt, ist das Vertikutieren eine Belastung f\u00fcr den Rasen. Sie m\u00f6chten also keinen neuen Rasen vertikutieren; Es muss gut etabliert sein, um der Belastung standzuhalten, der es durch die Aufgabe ausgesetzt ist. Nachdem Sie den Rasen verlegt haben, m\u00fcssen Sie ihm mindestens zwei Jahre Zeit geben, um starke, gesunde Wurzeln zu bilden, bevor Sie ihn entfernen. Behalten Sie die Menge des Strohs genau im Auge und planen Sie, den Rasen nur dann zu entfernen, wenn Sie eine dicke Schicht Stroh sehen oder es sich unter Ihren F\u00fc\u00dfen schwammig anf\u00fchlt.<\/p>\n<div class=\"product-container hero-product-container product-block-no-wrap\">\n<div class=\"product-block-row\"><\/div>\n<div class=\"product-block-row\"><\/div>\n<div class=\"product-block-row\"><\/div>\n<\/div>\n<div class=\"block\" id=\"articleTag\" data-component-name=\"PostArticleLinks\">\n<div class=\"border-b border-b-black border-solid py-2.5 text-black font-bold uppercase\">THEMEN<\/div>\n<nav class=\"py-2.5 flex gap-2.5 flex-wrap\" data-analytics-id=\"article-tag\">\n<p>Rasenpflege<\/p>\n<\/nav>\n<\/div>\n<\/div>\n","protected":false},"excerpt":{"rendered":"<p>Das Vertikutieren ist f\u00fcr einen gesunden Rasen unerl\u00e4sslich. Es entfernt \u00fcbersch\u00fcssigen Rasenfilz, um dem Gras zu helfen, Licht, Feuchtigkeit und N\u00e4hrstoffe zu erhalten. Wenn Sie<\/p>\n","protected":false},"author":1,"featured_media":8429,"comment_status":"closed","ping_status":"","sticky":false,"template":"","format":"standard","meta":{"footnotes":""},"categories":[118],"tags":[813,932,112,51,78,9,732,428,469,15,5904,4969,165,1174,8588,10774,10773,131],"class_list":["post-8428","post","type-post","status-publish","format-standard","has-post-thumbnail","hentry","category-haus-garten","tag-anzeichen","tag-dafuer","tag-das","tag-dass","tag-den","tag-die","tag-enthuellen","tag-fenster","tag-haben","tag-ist","tag-rasen","tag-rasenexperten","tag-sie","tag-spaet","tag-verpasst","tag-verraeterischen","tag-vertikutieren","tag-wann","generate-columns","tablet-grid-50","mobile-grid-100","grid-parent","grid-50"],"yoast_head":"<!-- This site is optimized with the Yoast SEO plugin v27.3 - https:\/\/yoast.com\/product\/yoast-seo-wordpress\/ -->\n<title>Wann ist es zu sp\u00e4t, den Rasen zu vertikutieren? Rasenexperten enth\u00fcllen die verr\u00e4terischen Anzeichen daf\u00fcr, dass Sie das Fenster verpasst haben - Nachrichten - Stra\u00dfenweb<\/title>\n<meta name=\"robots\" content=\"index, follow, max-snippet:-1, max-image-preview:large, max-video-preview:-1\" \/>\n<link rel=\"canonical\" href=\"https:\/\/www.strassenweb.de\/nachrichten\/wann-ist-es-zu-spaet-den-rasen-zu-vertikutieren-rasenexperten-enthuellen-die-verraeterischen-anzeichen-dafuer-dass-sie-das-fenster-verpasst-haben\/\" \/>\n<meta property=\"og:locale\" content=\"de_DE\" \/>\n<meta property=\"og:type\" content=\"article\" \/>\n<meta property=\"og:title\" content=\"Wann ist es zu sp\u00e4t, den Rasen zu vertikutieren? Rasenexperten enth\u00fcllen die verr\u00e4terischen Anzeichen daf\u00fcr, dass Sie das Fenster verpasst haben - Nachrichten - Stra\u00dfenweb\" \/>\n<meta property=\"og:description\" content=\"Das Vertikutieren ist f\u00fcr einen gesunden Rasen unerl\u00e4sslich. Es entfernt \u00fcbersch\u00fcssigen Rasenfilz, um dem Gras zu helfen, Licht, Feuchtigkeit und N\u00e4hrstoffe zu erhalten. Wenn Sie\" \/>\n<meta property=\"og:url\" content=\"https:\/\/www.strassenweb.de\/nachrichten\/wann-ist-es-zu-spaet-den-rasen-zu-vertikutieren-rasenexperten-enthuellen-die-verraeterischen-anzeichen-dafuer-dass-sie-das-fenster-verpasst-haben\/\" \/>\n<meta property=\"og:site_name\" content=\"Stra\u00dfenweb\" \/>\n<meta property=\"article:publisher\" content=\"https:\/\/www.facebook.com\/strassenweb\/\" \/>\n<meta property=\"article:published_time\" content=\"2025-10-13T02:40:21+00:00\" \/>\n<meta property=\"article:modified_time\" content=\"2025-10-13T02:40:22+00:00\" \/>\n<meta property=\"og:image\" content=\"https:\/\/www.strassenweb.de\/nachrichten\/wp-content\/uploads\/2025\/10\/Wann-ist-es-zu-spaet-den-Rasen-zu-vertikutieren-Rasenexperten.jpg\" \/>\n\t<meta property=\"og:image:width\" content=\"1600\" \/>\n\t<meta property=\"og:image:height\" content=\"900\" \/>\n\t<meta property=\"og:image:type\" content=\"image\/jpeg\" \/>\n<meta name=\"author\" content=\"Robert Hoffmann\" \/>\n<meta name=\"twitter:card\" content=\"summary_large_image\" \/>\n<meta name=\"twitter:label1\" content=\"Verfasst von\" \/>\n\t<meta name=\"twitter:data1\" content=\"Robert Hoffmann\" \/>\n\t<meta name=\"twitter:label2\" content=\"Gesch\u00e4tzte Lesezeit\" \/>\n\t<meta name=\"twitter:data2\" content=\"6\u00a0Minuten\" \/>\n<script type=\"application\/ld+json\" class=\"yoast-schema-graph\">{\"@context\":\"https:\\\/\\\/schema.org\",\"@graph\":[{\"@type\":\"Article\",\"@id\":\"https:\\\/\\\/www.strassenweb.de\\\/nachrichten\\\/wann-ist-es-zu-spaet-den-rasen-zu-vertikutieren-rasenexperten-enthuellen-die-verraeterischen-anzeichen-dafuer-dass-sie-das-fenster-verpasst-haben\\\/#article\",\"isPartOf\":{\"@id\":\"https:\\\/\\\/www.strassenweb.de\\\/nachrichten\\\/wann-ist-es-zu-spaet-den-rasen-zu-vertikutieren-rasenexperten-enthuellen-die-verraeterischen-anzeichen-dafuer-dass-sie-das-fenster-verpasst-haben\\\/\"},\"author\":{\"name\":\"Robert Hoffmann\",\"@id\":\"https:\\\/\\\/www.strassenweb.de\\\/nachrichten\\\/#\\\/schema\\\/person\\\/87c9c9067f1211da429a744dc5a5aa41\"},\"headline\":\"Wann ist es zu sp\u00e4t, den Rasen zu vertikutieren? Rasenexperten enth\u00fcllen die verr\u00e4terischen Anzeichen daf\u00fcr, dass Sie das Fenster verpasst haben\",\"datePublished\":\"2025-10-13T02:40:21+00:00\",\"dateModified\":\"2025-10-13T02:40:22+00:00\",\"mainEntityOfPage\":{\"@id\":\"https:\\\/\\\/www.strassenweb.de\\\/nachrichten\\\/wann-ist-es-zu-spaet-den-rasen-zu-vertikutieren-rasenexperten-enthuellen-die-verraeterischen-anzeichen-dafuer-dass-sie-das-fenster-verpasst-haben\\\/\"},\"wordCount\":1244,\"publisher\":{\"@id\":\"https:\\\/\\\/www.strassenweb.de\\\/nachrichten\\\/#organization\"},\"image\":{\"@id\":\"https:\\\/\\\/www.strassenweb.de\\\/nachrichten\\\/wann-ist-es-zu-spaet-den-rasen-zu-vertikutieren-rasenexperten-enthuellen-die-verraeterischen-anzeichen-dafuer-dass-sie-das-fenster-verpasst-haben\\\/#primaryimage\"},\"thumbnailUrl\":\"https:\\\/\\\/www.strassenweb.de\\\/nachrichten\\\/wp-content\\\/uploads\\\/2025\\\/10\\\/Wann-ist-es-zu-spaet-den-Rasen-zu-vertikutieren-Rasenexperten.jpg\",\"keywords\":[\"Anzeichen\",\"daf\u00fcr\",\"das\",\"dass\",\"den\",\"die\",\"enth\u00fcllen\",\"Fenster\",\"haben\",\"ist\",\"Rasen\",\"Rasenexperten\",\"Sie\",\"sp\u00e4t\",\"verpasst\",\"verr\u00e4terischen\",\"vertikutieren\",\"Wann\"],\"articleSection\":[\"Haus &amp; Garten\"],\"inLanguage\":\"de\"},{\"@type\":\"WebPage\",\"@id\":\"https:\\\/\\\/www.strassenweb.de\\\/nachrichten\\\/wann-ist-es-zu-spaet-den-rasen-zu-vertikutieren-rasenexperten-enthuellen-die-verraeterischen-anzeichen-dafuer-dass-sie-das-fenster-verpasst-haben\\\/\",\"url\":\"https:\\\/\\\/www.strassenweb.de\\\/nachrichten\\\/wann-ist-es-zu-spaet-den-rasen-zu-vertikutieren-rasenexperten-enthuellen-die-verraeterischen-anzeichen-dafuer-dass-sie-das-fenster-verpasst-haben\\\/\",\"name\":\"Wann ist es zu sp\u00e4t, den Rasen zu vertikutieren? Rasenexperten enth\u00fcllen die verr\u00e4terischen Anzeichen daf\u00fcr, dass Sie das Fenster verpasst haben - Nachrichten - Stra\u00dfenweb\",\"isPartOf\":{\"@id\":\"https:\\\/\\\/www.strassenweb.de\\\/nachrichten\\\/#website\"},\"primaryImageOfPage\":{\"@id\":\"https:\\\/\\\/www.strassenweb.de\\\/nachrichten\\\/wann-ist-es-zu-spaet-den-rasen-zu-vertikutieren-rasenexperten-enthuellen-die-verraeterischen-anzeichen-dafuer-dass-sie-das-fenster-verpasst-haben\\\/#primaryimage\"},\"image\":{\"@id\":\"https:\\\/\\\/www.strassenweb.de\\\/nachrichten\\\/wann-ist-es-zu-spaet-den-rasen-zu-vertikutieren-rasenexperten-enthuellen-die-verraeterischen-anzeichen-dafuer-dass-sie-das-fenster-verpasst-haben\\\/#primaryimage\"},\"thumbnailUrl\":\"https:\\\/\\\/www.strassenweb.de\\\/nachrichten\\\/wp-content\\\/uploads\\\/2025\\\/10\\\/Wann-ist-es-zu-spaet-den-Rasen-zu-vertikutieren-Rasenexperten.jpg\",\"datePublished\":\"2025-10-13T02:40:21+00:00\",\"dateModified\":\"2025-10-13T02:40:22+00:00\",\"breadcrumb\":{\"@id\":\"https:\\\/\\\/www.strassenweb.de\\\/nachrichten\\\/wann-ist-es-zu-spaet-den-rasen-zu-vertikutieren-rasenexperten-enthuellen-die-verraeterischen-anzeichen-dafuer-dass-sie-das-fenster-verpasst-haben\\\/#breadcrumb\"},\"inLanguage\":\"de\",\"potentialAction\":[{\"@type\":\"ReadAction\",\"target\":[\"https:\\\/\\\/www.strassenweb.de\\\/nachrichten\\\/wann-ist-es-zu-spaet-den-rasen-zu-vertikutieren-rasenexperten-enthuellen-die-verraeterischen-anzeichen-dafuer-dass-sie-das-fenster-verpasst-haben\\\/\"]}]},{\"@type\":\"ImageObject\",\"inLanguage\":\"de\",\"@id\":\"https:\\\/\\\/www.strassenweb.de\\\/nachrichten\\\/wann-ist-es-zu-spaet-den-rasen-zu-vertikutieren-rasenexperten-enthuellen-die-verraeterischen-anzeichen-dafuer-dass-sie-das-fenster-verpasst-haben\\\/#primaryimage\",\"url\":\"https:\\\/\\\/www.strassenweb.de\\\/nachrichten\\\/wp-content\\\/uploads\\\/2025\\\/10\\\/Wann-ist-es-zu-spaet-den-Rasen-zu-vertikutieren-Rasenexperten.jpg\",\"contentUrl\":\"https:\\\/\\\/www.strassenweb.de\\\/nachrichten\\\/wp-content\\\/uploads\\\/2025\\\/10\\\/Wann-ist-es-zu-spaet-den-Rasen-zu-vertikutieren-Rasenexperten.jpg\",\"width\":1600,\"height\":900,\"caption\":\"Mowing a lawn in fall with fallen leaves on the grass\"},{\"@type\":\"BreadcrumbList\",\"@id\":\"https:\\\/\\\/www.strassenweb.de\\\/nachrichten\\\/wann-ist-es-zu-spaet-den-rasen-zu-vertikutieren-rasenexperten-enthuellen-die-verraeterischen-anzeichen-dafuer-dass-sie-das-fenster-verpasst-haben\\\/#breadcrumb\",\"itemListElement\":[{\"@type\":\"ListItem\",\"position\":1,\"name\":\"Home\",\"item\":\"https:\\\/\\\/www.strassenweb.de\\\/nachrichten\\\/\"},{\"@type\":\"ListItem\",\"position\":2,\"name\":\"Wann ist es zu sp\u00e4t, den Rasen zu vertikutieren? Rasenexperten enth\u00fcllen die verr\u00e4terischen Anzeichen daf\u00fcr, dass Sie das Fenster verpasst haben\"}]},{\"@type\":\"WebSite\",\"@id\":\"https:\\\/\\\/www.strassenweb.de\\\/nachrichten\\\/#website\",\"url\":\"https:\\\/\\\/www.strassenweb.de\\\/nachrichten\\\/\",\"name\":\"Stra\u00dfenweb\",\"description\":\"Stra\u00dfenverzeichnis f\u00fcr Deutschland\",\"publisher\":{\"@id\":\"https:\\\/\\\/www.strassenweb.de\\\/nachrichten\\\/#organization\"},\"potentialAction\":[{\"@type\":\"SearchAction\",\"target\":{\"@type\":\"EntryPoint\",\"urlTemplate\":\"https:\\\/\\\/www.strassenweb.de\\\/nachrichten\\\/?s={search_term_string}\"},\"query-input\":{\"@type\":\"PropertyValueSpecification\",\"valueRequired\":true,\"valueName\":\"search_term_string\"}}],\"inLanguage\":\"de\"},{\"@type\":\"Organization\",\"@id\":\"https:\\\/\\\/www.strassenweb.de\\\/nachrichten\\\/#organization\",\"name\":\"Stra\u00dfenweb\",\"url\":\"https:\\\/\\\/www.strassenweb.de\\\/nachrichten\\\/\",\"logo\":{\"@type\":\"ImageObject\",\"inLanguage\":\"de\",\"@id\":\"https:\\\/\\\/www.strassenweb.de\\\/nachrichten\\\/#\\\/schema\\\/logo\\\/image\\\/\",\"url\":\"https:\\\/\\\/www.strassenweb.de\\\/nachrichten\\\/wp-content\\\/uploads\\\/2024\\\/09\\\/cropped-favicon.png\",\"contentUrl\":\"https:\\\/\\\/www.strassenweb.de\\\/nachrichten\\\/wp-content\\\/uploads\\\/2024\\\/09\\\/cropped-favicon.png\",\"width\":512,\"height\":512,\"caption\":\"Stra\u00dfenweb\"},\"image\":{\"@id\":\"https:\\\/\\\/www.strassenweb.de\\\/nachrichten\\\/#\\\/schema\\\/logo\\\/image\\\/\"},\"sameAs\":[\"https:\\\/\\\/www.facebook.com\\\/strassenweb\\\/\"]},{\"@type\":\"Person\",\"@id\":\"https:\\\/\\\/www.strassenweb.de\\\/nachrichten\\\/#\\\/schema\\\/person\\\/87c9c9067f1211da429a744dc5a5aa41\",\"name\":\"Robert Hoffmann\",\"image\":{\"@type\":\"ImageObject\",\"inLanguage\":\"de\",\"@id\":\"https:\\\/\\\/www.strassenweb.de\\\/nachrichten\\\/wp-content\\\/uploads\\\/2024\\\/09\\\/strassenweb-150x150.jpg\",\"url\":\"https:\\\/\\\/www.strassenweb.de\\\/nachrichten\\\/wp-content\\\/uploads\\\/2024\\\/09\\\/strassenweb-150x150.jpg\",\"contentUrl\":\"https:\\\/\\\/www.strassenweb.de\\\/nachrichten\\\/wp-content\\\/uploads\\\/2024\\\/09\\\/strassenweb-150x150.jpg\",\"caption\":\"Robert Hoffmann\"},\"description\":\"Ich hei\u00dfe Robert Hoffmann und ich bin ein leidenschaftlicher Verfechter von \u00d6kologie und Biodiversit\u00e4t. Seit meiner Kindheit in den W\u00e4ldern Bayerns f\u00fchle ich mich mit der Natur verbunden und bin entschlossen, sie zu sch\u00fctzen. Heute widme ich mein Leben der Sensibilisierung anderer f\u00fcr die Bedeutung des Umweltschutzes f\u00fcr zuk\u00fcnftige Generationen.\",\"sameAs\":[\"https:\\\/\\\/www.strassenweb.de\\\/\"]}]}<\/script>\n<!-- \/ Yoast SEO plugin. -->","yoast_head_json":{"title":"Wann ist es zu sp\u00e4t, den Rasen zu vertikutieren? Rasenexperten enth\u00fcllen die verr\u00e4terischen Anzeichen daf\u00fcr, dass Sie das Fenster verpasst haben - Nachrichten - Stra\u00dfenweb","robots":{"index":"index","follow":"follow","max-snippet":"max-snippet:-1","max-image-preview":"max-image-preview:large","max-video-preview":"max-video-preview:-1"},"canonical":"https:\/\/www.strassenweb.de\/nachrichten\/wann-ist-es-zu-spaet-den-rasen-zu-vertikutieren-rasenexperten-enthuellen-die-verraeterischen-anzeichen-dafuer-dass-sie-das-fenster-verpasst-haben\/","og_locale":"de_DE","og_type":"article","og_title":"Wann ist es zu sp\u00e4t, den Rasen zu vertikutieren? Rasenexperten enth\u00fcllen die verr\u00e4terischen Anzeichen daf\u00fcr, dass Sie das Fenster verpasst haben - Nachrichten - Stra\u00dfenweb","og_description":"Das Vertikutieren ist f\u00fcr einen gesunden Rasen unerl\u00e4sslich. Es entfernt \u00fcbersch\u00fcssigen Rasenfilz, um dem Gras zu helfen, Licht, Feuchtigkeit und N\u00e4hrstoffe zu erhalten. Wenn Sie","og_url":"https:\/\/www.strassenweb.de\/nachrichten\/wann-ist-es-zu-spaet-den-rasen-zu-vertikutieren-rasenexperten-enthuellen-die-verraeterischen-anzeichen-dafuer-dass-sie-das-fenster-verpasst-haben\/","og_site_name":"Stra\u00dfenweb","article_publisher":"https:\/\/www.facebook.com\/strassenweb\/","article_published_time":"2025-10-13T02:40:21+00:00","article_modified_time":"2025-10-13T02:40:22+00:00","og_image":[{"width":1600,"height":900,"url":"https:\/\/www.strassenweb.de\/nachrichten\/wp-content\/uploads\/2025\/10\/Wann-ist-es-zu-spaet-den-Rasen-zu-vertikutieren-Rasenexperten.jpg","type":"image\/jpeg"}],"author":"Robert Hoffmann","twitter_card":"summary_large_image","twitter_misc":{"Verfasst von":"Robert Hoffmann","Gesch\u00e4tzte Lesezeit":"6\u00a0Minuten"},"schema":{"@context":"https:\/\/schema.org","@graph":[{"@type":"Article","@id":"https:\/\/www.strassenweb.de\/nachrichten\/wann-ist-es-zu-spaet-den-rasen-zu-vertikutieren-rasenexperten-enthuellen-die-verraeterischen-anzeichen-dafuer-dass-sie-das-fenster-verpasst-haben\/#article","isPartOf":{"@id":"https:\/\/www.strassenweb.de\/nachrichten\/wann-ist-es-zu-spaet-den-rasen-zu-vertikutieren-rasenexperten-enthuellen-die-verraeterischen-anzeichen-dafuer-dass-sie-das-fenster-verpasst-haben\/"},"author":{"name":"Robert Hoffmann","@id":"https:\/\/www.strassenweb.de\/nachrichten\/#\/schema\/person\/87c9c9067f1211da429a744dc5a5aa41"},"headline":"Wann ist es zu sp\u00e4t, den Rasen zu vertikutieren? Rasenexperten enth\u00fcllen die verr\u00e4terischen Anzeichen daf\u00fcr, dass Sie das Fenster verpasst haben","datePublished":"2025-10-13T02:40:21+00:00","dateModified":"2025-10-13T02:40:22+00:00","mainEntityOfPage":{"@id":"https:\/\/www.strassenweb.de\/nachrichten\/wann-ist-es-zu-spaet-den-rasen-zu-vertikutieren-rasenexperten-enthuellen-die-verraeterischen-anzeichen-dafuer-dass-sie-das-fenster-verpasst-haben\/"},"wordCount":1244,"publisher":{"@id":"https:\/\/www.strassenweb.de\/nachrichten\/#organization"},"image":{"@id":"https:\/\/www.strassenweb.de\/nachrichten\/wann-ist-es-zu-spaet-den-rasen-zu-vertikutieren-rasenexperten-enthuellen-die-verraeterischen-anzeichen-dafuer-dass-sie-das-fenster-verpasst-haben\/#primaryimage"},"thumbnailUrl":"https:\/\/www.strassenweb.de\/nachrichten\/wp-content\/uploads\/2025\/10\/Wann-ist-es-zu-spaet-den-Rasen-zu-vertikutieren-Rasenexperten.jpg","keywords":["Anzeichen","daf\u00fcr","das","dass","den","die","enth\u00fcllen","Fenster","haben","ist","Rasen","Rasenexperten","Sie","sp\u00e4t","verpasst","verr\u00e4terischen","vertikutieren","Wann"],"articleSection":["Haus &amp; Garten"],"inLanguage":"de"},{"@type":"WebPage","@id":"https:\/\/www.strassenweb.de\/nachrichten\/wann-ist-es-zu-spaet-den-rasen-zu-vertikutieren-rasenexperten-enthuellen-die-verraeterischen-anzeichen-dafuer-dass-sie-das-fenster-verpasst-haben\/","url":"https:\/\/www.strassenweb.de\/nachrichten\/wann-ist-es-zu-spaet-den-rasen-zu-vertikutieren-rasenexperten-enthuellen-die-verraeterischen-anzeichen-dafuer-dass-sie-das-fenster-verpasst-haben\/","name":"Wann ist es zu sp\u00e4t, den Rasen zu vertikutieren? Rasenexperten enth\u00fcllen die verr\u00e4terischen Anzeichen daf\u00fcr, dass Sie das Fenster verpasst haben - Nachrichten - Stra\u00dfenweb","isPartOf":{"@id":"https:\/\/www.strassenweb.de\/nachrichten\/#website"},"primaryImageOfPage":{"@id":"https:\/\/www.strassenweb.de\/nachrichten\/wann-ist-es-zu-spaet-den-rasen-zu-vertikutieren-rasenexperten-enthuellen-die-verraeterischen-anzeichen-dafuer-dass-sie-das-fenster-verpasst-haben\/#primaryimage"},"image":{"@id":"https:\/\/www.strassenweb.de\/nachrichten\/wann-ist-es-zu-spaet-den-rasen-zu-vertikutieren-rasenexperten-enthuellen-die-verraeterischen-anzeichen-dafuer-dass-sie-das-fenster-verpasst-haben\/#primaryimage"},"thumbnailUrl":"https:\/\/www.strassenweb.de\/nachrichten\/wp-content\/uploads\/2025\/10\/Wann-ist-es-zu-spaet-den-Rasen-zu-vertikutieren-Rasenexperten.jpg","datePublished":"2025-10-13T02:40:21+00:00","dateModified":"2025-10-13T02:40:22+00:00","breadcrumb":{"@id":"https:\/\/www.strassenweb.de\/nachrichten\/wann-ist-es-zu-spaet-den-rasen-zu-vertikutieren-rasenexperten-enthuellen-die-verraeterischen-anzeichen-dafuer-dass-sie-das-fenster-verpasst-haben\/#breadcrumb"},"inLanguage":"de","potentialAction":[{"@type":"ReadAction","target":["https:\/\/www.strassenweb.de\/nachrichten\/wann-ist-es-zu-spaet-den-rasen-zu-vertikutieren-rasenexperten-enthuellen-die-verraeterischen-anzeichen-dafuer-dass-sie-das-fenster-verpasst-haben\/"]}]},{"@type":"ImageObject","inLanguage":"de","@id":"https:\/\/www.strassenweb.de\/nachrichten\/wann-ist-es-zu-spaet-den-rasen-zu-vertikutieren-rasenexperten-enthuellen-die-verraeterischen-anzeichen-dafuer-dass-sie-das-fenster-verpasst-haben\/#primaryimage","url":"https:\/\/www.strassenweb.de\/nachrichten\/wp-content\/uploads\/2025\/10\/Wann-ist-es-zu-spaet-den-Rasen-zu-vertikutieren-Rasenexperten.jpg","contentUrl":"https:\/\/www.strassenweb.de\/nachrichten\/wp-content\/uploads\/2025\/10\/Wann-ist-es-zu-spaet-den-Rasen-zu-vertikutieren-Rasenexperten.jpg","width":1600,"height":900,"caption":"Mowing a lawn in fall with fallen leaves on the grass"},{"@type":"BreadcrumbList","@id":"https:\/\/www.strassenweb.de\/nachrichten\/wann-ist-es-zu-spaet-den-rasen-zu-vertikutieren-rasenexperten-enthuellen-die-verraeterischen-anzeichen-dafuer-dass-sie-das-fenster-verpasst-haben\/#breadcrumb","itemListElement":[{"@type":"ListItem","position":1,"name":"Home","item":"https:\/\/www.strassenweb.de\/nachrichten\/"},{"@type":"ListItem","position":2,"name":"Wann ist es zu sp\u00e4t, den Rasen zu vertikutieren? Rasenexperten enth\u00fcllen die verr\u00e4terischen Anzeichen daf\u00fcr, dass Sie das Fenster verpasst haben"}]},{"@type":"WebSite","@id":"https:\/\/www.strassenweb.de\/nachrichten\/#website","url":"https:\/\/www.strassenweb.de\/nachrichten\/","name":"Stra\u00dfenweb","description":"Stra\u00dfenverzeichnis f\u00fcr Deutschland","publisher":{"@id":"https:\/\/www.strassenweb.de\/nachrichten\/#organization"},"potentialAction":[{"@type":"SearchAction","target":{"@type":"EntryPoint","urlTemplate":"https:\/\/www.strassenweb.de\/nachrichten\/?s={search_term_string}"},"query-input":{"@type":"PropertyValueSpecification","valueRequired":true,"valueName":"search_term_string"}}],"inLanguage":"de"},{"@type":"Organization","@id":"https:\/\/www.strassenweb.de\/nachrichten\/#organization","name":"Stra\u00dfenweb","url":"https:\/\/www.strassenweb.de\/nachrichten\/","logo":{"@type":"ImageObject","inLanguage":"de","@id":"https:\/\/www.strassenweb.de\/nachrichten\/#\/schema\/logo\/image\/","url":"https:\/\/www.strassenweb.de\/nachrichten\/wp-content\/uploads\/2024\/09\/cropped-favicon.png","contentUrl":"https:\/\/www.strassenweb.de\/nachrichten\/wp-content\/uploads\/2024\/09\/cropped-favicon.png","width":512,"height":512,"caption":"Stra\u00dfenweb"},"image":{"@id":"https:\/\/www.strassenweb.de\/nachrichten\/#\/schema\/logo\/image\/"},"sameAs":["https:\/\/www.facebook.com\/strassenweb\/"]},{"@type":"Person","@id":"https:\/\/www.strassenweb.de\/nachrichten\/#\/schema\/person\/87c9c9067f1211da429a744dc5a5aa41","name":"Robert Hoffmann","image":{"@type":"ImageObject","inLanguage":"de","@id":"https:\/\/www.strassenweb.de\/nachrichten\/wp-content\/uploads\/2024\/09\/strassenweb-150x150.jpg","url":"https:\/\/www.strassenweb.de\/nachrichten\/wp-content\/uploads\/2024\/09\/strassenweb-150x150.jpg","contentUrl":"https:\/\/www.strassenweb.de\/nachrichten\/wp-content\/uploads\/2024\/09\/strassenweb-150x150.jpg","caption":"Robert Hoffmann"},"description":"Ich hei\u00dfe Robert Hoffmann und ich bin ein leidenschaftlicher Verfechter von \u00d6kologie und Biodiversit\u00e4t. Seit meiner Kindheit in den W\u00e4ldern Bayerns f\u00fchle ich mich mit der Natur verbunden und bin entschlossen, sie zu sch\u00fctzen. Heute widme ich mein Leben der Sensibilisierung anderer f\u00fcr die Bedeutung des Umweltschutzes f\u00fcr zuk\u00fcnftige Generationen.","sameAs":["https:\/\/www.strassenweb.de\/"]}]}},"_links":{"self":[{"href":"https:\/\/www.strassenweb.de\/nachrichten\/wp-json\/wp\/v2\/posts\/8428","targetHints":{"allow":["GET"]}}],"collection":[{"href":"https:\/\/www.strassenweb.de\/nachrichten\/wp-json\/wp\/v2\/posts"}],"about":[{"href":"https:\/\/www.strassenweb.de\/nachrichten\/wp-json\/wp\/v2\/types\/post"}],"author":[{"embeddable":true,"href":"https:\/\/www.strassenweb.de\/nachrichten\/wp-json\/wp\/v2\/users\/1"}],"replies":[{"embeddable":true,"href":"https:\/\/www.strassenweb.de\/nachrichten\/wp-json\/wp\/v2\/comments?post=8428"}],"version-history":[{"count":0,"href":"https:\/\/www.strassenweb.de\/nachrichten\/wp-json\/wp\/v2\/posts\/8428\/revisions"}],"wp:featuredmedia":[{"embeddable":true,"href":"https:\/\/www.strassenweb.de\/nachrichten\/wp-json\/wp\/v2\/media\/8429"}],"wp:attachment":[{"href":"https:\/\/www.strassenweb.de\/nachrichten\/wp-json\/wp\/v2\/media?parent=8428"}],"wp:term":[{"taxonomy":"category","embeddable":true,"href":"https:\/\/www.strassenweb.de\/nachrichten\/wp-json\/wp\/v2\/categories?post=8428"},{"taxonomy":"post_tag","embeddable":true,"href":"https:\/\/www.strassenweb.de\/nachrichten\/wp-json\/wp\/v2\/tags?post=8428"}],"curies":[{"name":"wp","href":"https:\/\/api.w.org\/{rel}","templated":true}]}}