{"id":8416,"date":"2025-10-12T16:39:39","date_gmt":"2025-10-12T14:39:39","guid":{"rendered":"https:\/\/www.strassenweb.de\/nachrichten\/richard-e-grants-auftritt-bei-einer-miu-miu-show-bestaetigt-den-unorthodoxsten-kuechentrend-des-jahres-2026-schuerzen-sind-wieder-im-grossen-stil\/"},"modified":"2025-10-12T16:39:39","modified_gmt":"2025-10-12T14:39:39","slug":"richard-e-grants-auftritt-bei-einer-miu-miu-show-bestaetigt-den-unorthodoxsten-kuechentrend-des-jahres-2026-schuerzen-sind-wieder-im-grossen-stil","status":"publish","type":"post","link":"https:\/\/www.strassenweb.de\/nachrichten\/richard-e-grants-auftritt-bei-einer-miu-miu-show-bestaetigt-den-unorthodoxsten-kuechentrend-des-jahres-2026-schuerzen-sind-wieder-im-grossen-stil\/","title":{"rendered":"Richard E. Grants Auftritt bei einer Miu Miu Show best\u00e4tigt den unorthodoxsten K\u00fcchentrend des Jahres 2026 \u2013 Sch\u00fcrzen sind wieder im gro\u00dfen Stil"},"content":{"rendered":"<p><\/p>\n<div id=\"article-body\" class=\"article__body \">\n<p id=\"06aceb59-7c60-4236-9266-4df5187e6d06\">Es kommt nicht jeden Tag vor, dass man Richard E. Grant eine Ledersch\u00fcrze anzieht, aber frisch nach der Miu Miu Fr\u00fchjahr\/Sommer-Show 2026 ist es alles, woran wir denken k\u00f6nnen. Tats\u00e4chlich l\u00e4sst uns die Show denken, dass die schlichte Sch\u00fcrze vielleicht das n\u00e4chste Must-Have in der K\u00fcche sein k\u00f6nnte.<\/p>\n<div id=\"ad-unit-1\" class=\"ad-unit\"><\/div>\n<p>Diese inl\u00e4ndischen Einrichtungsgegenst\u00e4nde waren mehrfach in der Laufstegshow zu sehen, von R\u00fcschenversionen bis hin zu der oben erw\u00e4hnten eleganten Ledervariante. F\u00fcr einige von uns waren sie schon immer ein Grundnahrungsmittel in der K\u00fcche, wenn auch meist aus Baumwolle oder Leinen. Ihre Geschichte reicht bis in die alten \u00e4gyptischen Zivilisationen zur\u00fcck, als sie haupts\u00e4chlich aus rituellen und modischen Gr\u00fcnden getragen wurden. Im 19. Jahrhundert begann man, sie mit H\u00e4uslichkeit in Verbindung zu bringen, und das ist bis heute so geblieben.<\/p>\n<p>Ich werde ehrlich sein; Normalerweise trage ich keine Sch\u00fcrze, es sei denn, ich koche etwas, das entweder unglaublich schmutzig oder arbeitsintensiv ist. Nachdem ich diese Modenschau gesehen habe, denke ich jedoch, dass Sch\u00fcrzen ein vielseitiges Accessoire sein k\u00f6nnen und sollten, und habe das Internet nach einigen unglaublich schicken Optionen durchsucht.<\/p>\n<div class=\"van_vid_carousel\">\n<div class=\"van_vid_carousel__padding\">\n<div class=\"van_vid_carousel__container\"><\/div>\n<\/div>\n<\/div>\n<figure class=\"van-image-figure inline-layout \" data-bordeaux-image-check id=\"38259c2b-4e15-44ee-abb6-ff030ebccb79\">\n<div class=\"image-full-width-wrapper\">\n<div class=\"image-widthsetter\" style=\"max-width:2000px;\"><\/div>\n<\/div>\n<\/figure>\n<p id=\"3558b87a-5046-49dc-8d5d-c25a0a2b5243\">Zu meinen Favoriten geh\u00f6rt ein gestreiftes Modell aus italienischer Baumwolle, das einfach um die Taille gebunden wird; eine florale Option, die selbst die neutralsten K\u00fcchen aufhellt; und ein mit Monogramm versehenes Modell von Williams Sonoma, das eine klassische Silhouette hat und in einer Vielzahl von Farben und Mustern erh\u00e4ltlich ist.<\/p>\n<div id=\"ad-unit-2\" class=\"ad-unit\"><\/div>\n<aside data-block-type=\"embed\" data-render-type=\"fte\" data-skip=\"dealsy\" data-widget-type=\"seasonal\" class=\"hawk-root\"><\/aside>\n<p id=\"3558b87a-5046-49dc-8d5d-c25a0a2b5243-1\">Egal, ob Sie mit einer modernen, minimalistischen K\u00fcche oder einem traditionellen Raum im Landhausstil arbeiten, unten finden Sie eine Sch\u00fcrze f\u00fcr jeden \u00e4sthetischen Geschmack.<\/p>\n<h3 class=\"article-body__section\" id=\"section-shop-the-chic-apron-edit\"><span>Kaufen Sie die schicke Sch\u00fcrzenauswahl<\/span><\/h3>\n<div class=\"product-container hero-product-container product-block-no-wrap\">\n<div class=\"product-block-row\"><\/div>\n<div class=\"product-block-row\"><\/div>\n<div class=\"product-block-row\"><\/div>\n<div class=\"product-block-row\"><\/div>\n<div class=\"product-block-row\"><\/div>\n<div class=\"product-block-row\"><\/div>\n<\/div>\n<div class=\"min-h-(270px) mb-4 viafoura-twig-component\" id=\"viafoura-engagement-starter-wrapper\" data-component-name=\"Elk:Embed:EngagementStarter\">\n<div class=\"viafoura\">\n<div>\n<vf-conversation-starter target=\"viafoura-comments\" title=\"Do you have a favorite apron?\" description=\"What does it look like?\" minimum-comment-count=\"5\"><br \/>\n<\/vf-conversation-starter>\n<\/div>\n<\/div>\n<\/div>\n<hr id=\"89eb6568-157c-45ed-be17-da9497bb406b\">\n<div id=\"slice-container-newsletterForm-articleInbodyContent-rsMyVj8QeasU2P2dTBEzDC\" class=\"slice-container newsletter-inbodyContent-slice newsletterForm-articleInbodyContent-rsMyVj8QeasU2P2dTBEzDC slice-container-newsletterForm\"><\/div>\n<\/div>\n","protected":false},"excerpt":{"rendered":"<p>Es kommt nicht jeden Tag vor, dass man Richard E. Grant eine Ledersch\u00fcrze anzieht, aber frisch nach der Miu Miu Fr\u00fchjahr\/Sommer-Show 2026 ist es alles,<\/p>\n","protected":false},"author":1,"featured_media":8417,"comment_status":"closed","ping_status":"","sticky":false,"template":"","format":"standard","meta":{"footnotes":""},"categories":[118],"tags":[3859,152,2990,78,281,303,10762,1421,282,9472,10763,10761,10765,7473,58,322,10764,1440],"class_list":["post-8416","post","type-post","status-publish","format-standard","has-post-thumbnail","hentry","category-haus-garten","tag-auftritt","tag-bei","tag-bestaetigt","tag-den","tag-des","tag-einer","tag-grants","tag-grossen","tag-jahres","tag-kuechentrend","tag-miu","tag-richard","tag-schuerzen","tag-show","tag-sind","tag-stil","tag-unorthodoxsten","tag-wieder","generate-columns","tablet-grid-50","mobile-grid-100","grid-parent","grid-50"],"yoast_head":"<!-- This site is optimized with the Yoast SEO plugin v27.3 - https:\/\/yoast.com\/product\/yoast-seo-wordpress\/ -->\n<title>Richard E. Grants Auftritt bei einer Miu Miu Show best\u00e4tigt den unorthodoxsten K\u00fcchentrend des Jahres 2026 \u2013 Sch\u00fcrzen sind wieder im gro\u00dfen Stil - Nachrichten - Stra\u00dfenweb<\/title>\n<meta name=\"robots\" content=\"index, follow, max-snippet:-1, max-image-preview:large, max-video-preview:-1\" \/>\n<link rel=\"canonical\" href=\"https:\/\/www.strassenweb.de\/nachrichten\/richard-e-grants-auftritt-bei-einer-miu-miu-show-bestaetigt-den-unorthodoxsten-kuechentrend-des-jahres-2026-schuerzen-sind-wieder-im-grossen-stil\/\" \/>\n<meta property=\"og:locale\" content=\"de_DE\" \/>\n<meta property=\"og:type\" content=\"article\" \/>\n<meta property=\"og:title\" content=\"Richard E. Grants Auftritt bei einer Miu Miu Show best\u00e4tigt den unorthodoxsten K\u00fcchentrend des Jahres 2026 \u2013 Sch\u00fcrzen sind wieder im gro\u00dfen Stil - Nachrichten - Stra\u00dfenweb\" \/>\n<meta property=\"og:description\" content=\"Es kommt nicht jeden Tag vor, dass man Richard E. Grant eine Ledersch\u00fcrze anzieht, aber frisch nach der Miu Miu Fr\u00fchjahr\/Sommer-Show 2026 ist es alles,\" \/>\n<meta property=\"og:url\" content=\"https:\/\/www.strassenweb.de\/nachrichten\/richard-e-grants-auftritt-bei-einer-miu-miu-show-bestaetigt-den-unorthodoxsten-kuechentrend-des-jahres-2026-schuerzen-sind-wieder-im-grossen-stil\/\" \/>\n<meta property=\"og:site_name\" content=\"Stra\u00dfenweb\" \/>\n<meta property=\"article:publisher\" content=\"https:\/\/www.facebook.com\/strassenweb\/\" \/>\n<meta property=\"article:published_time\" content=\"2025-10-12T14:39:39+00:00\" \/>\n<meta property=\"og:image\" content=\"https:\/\/www.strassenweb.de\/nachrichten\/wp-content\/uploads\/2025\/10\/Richard-E-Grants-Auftritt-bei-einer-Miu-Miu-Show-bestaetigt.jpg\" \/>\n\t<meta property=\"og:image:width\" content=\"1600\" \/>\n\t<meta property=\"og:image:height\" content=\"900\" \/>\n\t<meta property=\"og:image:type\" content=\"image\/jpeg\" \/>\n<meta name=\"author\" content=\"Robert Hoffmann\" \/>\n<meta name=\"twitter:card\" content=\"summary_large_image\" \/>\n<meta name=\"twitter:label1\" content=\"Verfasst von\" \/>\n\t<meta name=\"twitter:data1\" content=\"Robert Hoffmann\" \/>\n\t<meta name=\"twitter:label2\" content=\"Gesch\u00e4tzte Lesezeit\" \/>\n\t<meta name=\"twitter:data2\" content=\"1\u00a0Minute\" \/>\n<script type=\"application\/ld+json\" class=\"yoast-schema-graph\">{\"@context\":\"https:\\\/\\\/schema.org\",\"@graph\":[{\"@type\":\"Article\",\"@id\":\"https:\\\/\\\/www.strassenweb.de\\\/nachrichten\\\/richard-e-grants-auftritt-bei-einer-miu-miu-show-bestaetigt-den-unorthodoxsten-kuechentrend-des-jahres-2026-schuerzen-sind-wieder-im-grossen-stil\\\/#article\",\"isPartOf\":{\"@id\":\"https:\\\/\\\/www.strassenweb.de\\\/nachrichten\\\/richard-e-grants-auftritt-bei-einer-miu-miu-show-bestaetigt-den-unorthodoxsten-kuechentrend-des-jahres-2026-schuerzen-sind-wieder-im-grossen-stil\\\/\"},\"author\":{\"name\":\"Robert Hoffmann\",\"@id\":\"https:\\\/\\\/www.strassenweb.de\\\/nachrichten\\\/#\\\/schema\\\/person\\\/87c9c9067f1211da429a744dc5a5aa41\"},\"headline\":\"Richard E. Grants Auftritt bei einer Miu Miu Show best\u00e4tigt den unorthodoxsten K\u00fcchentrend des Jahres 2026 \u2013 Sch\u00fcrzen sind wieder im gro\u00dfen Stil\",\"datePublished\":\"2025-10-12T14:39:39+00:00\",\"mainEntityOfPage\":{\"@id\":\"https:\\\/\\\/www.strassenweb.de\\\/nachrichten\\\/richard-e-grants-auftritt-bei-einer-miu-miu-show-bestaetigt-den-unorthodoxsten-kuechentrend-des-jahres-2026-schuerzen-sind-wieder-im-grossen-stil\\\/\"},\"wordCount\":309,\"publisher\":{\"@id\":\"https:\\\/\\\/www.strassenweb.de\\\/nachrichten\\\/#organization\"},\"image\":{\"@id\":\"https:\\\/\\\/www.strassenweb.de\\\/nachrichten\\\/richard-e-grants-auftritt-bei-einer-miu-miu-show-bestaetigt-den-unorthodoxsten-kuechentrend-des-jahres-2026-schuerzen-sind-wieder-im-grossen-stil\\\/#primaryimage\"},\"thumbnailUrl\":\"https:\\\/\\\/www.strassenweb.de\\\/nachrichten\\\/wp-content\\\/uploads\\\/2025\\\/10\\\/Richard-E-Grants-Auftritt-bei-einer-Miu-Miu-Show-bestaetigt.jpg\",\"keywords\":[\"auftritt\",\"Bei\",\"best\u00e4tigt\",\"den\",\"des\",\"einer\",\"Grants\",\"gro\u00dfen\",\"Jahres\",\"K\u00fcchentrend\",\"Miu\",\"Richard\",\"Sch\u00fcrzen\",\"Show\",\"sind\",\"Stil\",\"unorthodoxsten\",\"wieder\"],\"articleSection\":[\"Haus &amp; Garten\"],\"inLanguage\":\"de\"},{\"@type\":\"WebPage\",\"@id\":\"https:\\\/\\\/www.strassenweb.de\\\/nachrichten\\\/richard-e-grants-auftritt-bei-einer-miu-miu-show-bestaetigt-den-unorthodoxsten-kuechentrend-des-jahres-2026-schuerzen-sind-wieder-im-grossen-stil\\\/\",\"url\":\"https:\\\/\\\/www.strassenweb.de\\\/nachrichten\\\/richard-e-grants-auftritt-bei-einer-miu-miu-show-bestaetigt-den-unorthodoxsten-kuechentrend-des-jahres-2026-schuerzen-sind-wieder-im-grossen-stil\\\/\",\"name\":\"Richard E. Grants Auftritt bei einer Miu Miu Show best\u00e4tigt den unorthodoxsten K\u00fcchentrend des Jahres 2026 \u2013 Sch\u00fcrzen sind wieder im gro\u00dfen Stil - Nachrichten - Stra\u00dfenweb\",\"isPartOf\":{\"@id\":\"https:\\\/\\\/www.strassenweb.de\\\/nachrichten\\\/#website\"},\"primaryImageOfPage\":{\"@id\":\"https:\\\/\\\/www.strassenweb.de\\\/nachrichten\\\/richard-e-grants-auftritt-bei-einer-miu-miu-show-bestaetigt-den-unorthodoxsten-kuechentrend-des-jahres-2026-schuerzen-sind-wieder-im-grossen-stil\\\/#primaryimage\"},\"image\":{\"@id\":\"https:\\\/\\\/www.strassenweb.de\\\/nachrichten\\\/richard-e-grants-auftritt-bei-einer-miu-miu-show-bestaetigt-den-unorthodoxsten-kuechentrend-des-jahres-2026-schuerzen-sind-wieder-im-grossen-stil\\\/#primaryimage\"},\"thumbnailUrl\":\"https:\\\/\\\/www.strassenweb.de\\\/nachrichten\\\/wp-content\\\/uploads\\\/2025\\\/10\\\/Richard-E-Grants-Auftritt-bei-einer-Miu-Miu-Show-bestaetigt.jpg\",\"datePublished\":\"2025-10-12T14:39:39+00:00\",\"breadcrumb\":{\"@id\":\"https:\\\/\\\/www.strassenweb.de\\\/nachrichten\\\/richard-e-grants-auftritt-bei-einer-miu-miu-show-bestaetigt-den-unorthodoxsten-kuechentrend-des-jahres-2026-schuerzen-sind-wieder-im-grossen-stil\\\/#breadcrumb\"},\"inLanguage\":\"de\",\"potentialAction\":[{\"@type\":\"ReadAction\",\"target\":[\"https:\\\/\\\/www.strassenweb.de\\\/nachrichten\\\/richard-e-grants-auftritt-bei-einer-miu-miu-show-bestaetigt-den-unorthodoxsten-kuechentrend-des-jahres-2026-schuerzen-sind-wieder-im-grossen-stil\\\/\"]}]},{\"@type\":\"ImageObject\",\"inLanguage\":\"de\",\"@id\":\"https:\\\/\\\/www.strassenweb.de\\\/nachrichten\\\/richard-e-grants-auftritt-bei-einer-miu-miu-show-bestaetigt-den-unorthodoxsten-kuechentrend-des-jahres-2026-schuerzen-sind-wieder-im-grossen-stil\\\/#primaryimage\",\"url\":\"https:\\\/\\\/www.strassenweb.de\\\/nachrichten\\\/wp-content\\\/uploads\\\/2025\\\/10\\\/Richard-E-Grants-Auftritt-bei-einer-Miu-Miu-Show-bestaetigt.jpg\",\"contentUrl\":\"https:\\\/\\\/www.strassenweb.de\\\/nachrichten\\\/wp-content\\\/uploads\\\/2025\\\/10\\\/Richard-E-Grants-Auftritt-bei-einer-Miu-Miu-Show-bestaetigt.jpg\",\"width\":1600,\"height\":900,\"caption\":\"Richard E. Grant at Miu Miu\"},{\"@type\":\"BreadcrumbList\",\"@id\":\"https:\\\/\\\/www.strassenweb.de\\\/nachrichten\\\/richard-e-grants-auftritt-bei-einer-miu-miu-show-bestaetigt-den-unorthodoxsten-kuechentrend-des-jahres-2026-schuerzen-sind-wieder-im-grossen-stil\\\/#breadcrumb\",\"itemListElement\":[{\"@type\":\"ListItem\",\"position\":1,\"name\":\"Home\",\"item\":\"https:\\\/\\\/www.strassenweb.de\\\/nachrichten\\\/\"},{\"@type\":\"ListItem\",\"position\":2,\"name\":\"Richard E. Grants Auftritt bei einer Miu Miu Show best\u00e4tigt den unorthodoxsten K\u00fcchentrend des Jahres 2026 \u2013 Sch\u00fcrzen sind wieder im gro\u00dfen Stil\"}]},{\"@type\":\"WebSite\",\"@id\":\"https:\\\/\\\/www.strassenweb.de\\\/nachrichten\\\/#website\",\"url\":\"https:\\\/\\\/www.strassenweb.de\\\/nachrichten\\\/\",\"name\":\"Stra\u00dfenweb\",\"description\":\"Stra\u00dfenverzeichnis f\u00fcr Deutschland\",\"publisher\":{\"@id\":\"https:\\\/\\\/www.strassenweb.de\\\/nachrichten\\\/#organization\"},\"potentialAction\":[{\"@type\":\"SearchAction\",\"target\":{\"@type\":\"EntryPoint\",\"urlTemplate\":\"https:\\\/\\\/www.strassenweb.de\\\/nachrichten\\\/?s={search_term_string}\"},\"query-input\":{\"@type\":\"PropertyValueSpecification\",\"valueRequired\":true,\"valueName\":\"search_term_string\"}}],\"inLanguage\":\"de\"},{\"@type\":\"Organization\",\"@id\":\"https:\\\/\\\/www.strassenweb.de\\\/nachrichten\\\/#organization\",\"name\":\"Stra\u00dfenweb\",\"url\":\"https:\\\/\\\/www.strassenweb.de\\\/nachrichten\\\/\",\"logo\":{\"@type\":\"ImageObject\",\"inLanguage\":\"de\",\"@id\":\"https:\\\/\\\/www.strassenweb.de\\\/nachrichten\\\/#\\\/schema\\\/logo\\\/image\\\/\",\"url\":\"https:\\\/\\\/www.strassenweb.de\\\/nachrichten\\\/wp-content\\\/uploads\\\/2024\\\/09\\\/cropped-favicon.png\",\"contentUrl\":\"https:\\\/\\\/www.strassenweb.de\\\/nachrichten\\\/wp-content\\\/uploads\\\/2024\\\/09\\\/cropped-favicon.png\",\"width\":512,\"height\":512,\"caption\":\"Stra\u00dfenweb\"},\"image\":{\"@id\":\"https:\\\/\\\/www.strassenweb.de\\\/nachrichten\\\/#\\\/schema\\\/logo\\\/image\\\/\"},\"sameAs\":[\"https:\\\/\\\/www.facebook.com\\\/strassenweb\\\/\"]},{\"@type\":\"Person\",\"@id\":\"https:\\\/\\\/www.strassenweb.de\\\/nachrichten\\\/#\\\/schema\\\/person\\\/87c9c9067f1211da429a744dc5a5aa41\",\"name\":\"Robert Hoffmann\",\"image\":{\"@type\":\"ImageObject\",\"inLanguage\":\"de\",\"@id\":\"https:\\\/\\\/www.strassenweb.de\\\/nachrichten\\\/wp-content\\\/uploads\\\/2024\\\/09\\\/strassenweb-150x150.jpg\",\"url\":\"https:\\\/\\\/www.strassenweb.de\\\/nachrichten\\\/wp-content\\\/uploads\\\/2024\\\/09\\\/strassenweb-150x150.jpg\",\"contentUrl\":\"https:\\\/\\\/www.strassenweb.de\\\/nachrichten\\\/wp-content\\\/uploads\\\/2024\\\/09\\\/strassenweb-150x150.jpg\",\"caption\":\"Robert Hoffmann\"},\"description\":\"Ich hei\u00dfe Robert Hoffmann und ich bin ein leidenschaftlicher Verfechter von \u00d6kologie und Biodiversit\u00e4t. Seit meiner Kindheit in den W\u00e4ldern Bayerns f\u00fchle ich mich mit der Natur verbunden und bin entschlossen, sie zu sch\u00fctzen. Heute widme ich mein Leben der Sensibilisierung anderer f\u00fcr die Bedeutung des Umweltschutzes f\u00fcr zuk\u00fcnftige Generationen.\",\"sameAs\":[\"https:\\\/\\\/www.strassenweb.de\\\/\"]}]}<\/script>\n<!-- \/ Yoast SEO plugin. -->","yoast_head_json":{"title":"Richard E. Grants Auftritt bei einer Miu Miu Show best\u00e4tigt den unorthodoxsten K\u00fcchentrend des Jahres 2026 \u2013 Sch\u00fcrzen sind wieder im gro\u00dfen Stil - Nachrichten - Stra\u00dfenweb","robots":{"index":"index","follow":"follow","max-snippet":"max-snippet:-1","max-image-preview":"max-image-preview:large","max-video-preview":"max-video-preview:-1"},"canonical":"https:\/\/www.strassenweb.de\/nachrichten\/richard-e-grants-auftritt-bei-einer-miu-miu-show-bestaetigt-den-unorthodoxsten-kuechentrend-des-jahres-2026-schuerzen-sind-wieder-im-grossen-stil\/","og_locale":"de_DE","og_type":"article","og_title":"Richard E. Grants Auftritt bei einer Miu Miu Show best\u00e4tigt den unorthodoxsten K\u00fcchentrend des Jahres 2026 \u2013 Sch\u00fcrzen sind wieder im gro\u00dfen Stil - Nachrichten - Stra\u00dfenweb","og_description":"Es kommt nicht jeden Tag vor, dass man Richard E. Grant eine Ledersch\u00fcrze anzieht, aber frisch nach der Miu Miu Fr\u00fchjahr\/Sommer-Show 2026 ist es alles,","og_url":"https:\/\/www.strassenweb.de\/nachrichten\/richard-e-grants-auftritt-bei-einer-miu-miu-show-bestaetigt-den-unorthodoxsten-kuechentrend-des-jahres-2026-schuerzen-sind-wieder-im-grossen-stil\/","og_site_name":"Stra\u00dfenweb","article_publisher":"https:\/\/www.facebook.com\/strassenweb\/","article_published_time":"2025-10-12T14:39:39+00:00","og_image":[{"width":1600,"height":900,"url":"https:\/\/www.strassenweb.de\/nachrichten\/wp-content\/uploads\/2025\/10\/Richard-E-Grants-Auftritt-bei-einer-Miu-Miu-Show-bestaetigt.jpg","type":"image\/jpeg"}],"author":"Robert Hoffmann","twitter_card":"summary_large_image","twitter_misc":{"Verfasst von":"Robert Hoffmann","Gesch\u00e4tzte Lesezeit":"1\u00a0Minute"},"schema":{"@context":"https:\/\/schema.org","@graph":[{"@type":"Article","@id":"https:\/\/www.strassenweb.de\/nachrichten\/richard-e-grants-auftritt-bei-einer-miu-miu-show-bestaetigt-den-unorthodoxsten-kuechentrend-des-jahres-2026-schuerzen-sind-wieder-im-grossen-stil\/#article","isPartOf":{"@id":"https:\/\/www.strassenweb.de\/nachrichten\/richard-e-grants-auftritt-bei-einer-miu-miu-show-bestaetigt-den-unorthodoxsten-kuechentrend-des-jahres-2026-schuerzen-sind-wieder-im-grossen-stil\/"},"author":{"name":"Robert Hoffmann","@id":"https:\/\/www.strassenweb.de\/nachrichten\/#\/schema\/person\/87c9c9067f1211da429a744dc5a5aa41"},"headline":"Richard E. Grants Auftritt bei einer Miu Miu Show best\u00e4tigt den unorthodoxsten K\u00fcchentrend des Jahres 2026 \u2013 Sch\u00fcrzen sind wieder im gro\u00dfen Stil","datePublished":"2025-10-12T14:39:39+00:00","mainEntityOfPage":{"@id":"https:\/\/www.strassenweb.de\/nachrichten\/richard-e-grants-auftritt-bei-einer-miu-miu-show-bestaetigt-den-unorthodoxsten-kuechentrend-des-jahres-2026-schuerzen-sind-wieder-im-grossen-stil\/"},"wordCount":309,"publisher":{"@id":"https:\/\/www.strassenweb.de\/nachrichten\/#organization"},"image":{"@id":"https:\/\/www.strassenweb.de\/nachrichten\/richard-e-grants-auftritt-bei-einer-miu-miu-show-bestaetigt-den-unorthodoxsten-kuechentrend-des-jahres-2026-schuerzen-sind-wieder-im-grossen-stil\/#primaryimage"},"thumbnailUrl":"https:\/\/www.strassenweb.de\/nachrichten\/wp-content\/uploads\/2025\/10\/Richard-E-Grants-Auftritt-bei-einer-Miu-Miu-Show-bestaetigt.jpg","keywords":["auftritt","Bei","best\u00e4tigt","den","des","einer","Grants","gro\u00dfen","Jahres","K\u00fcchentrend","Miu","Richard","Sch\u00fcrzen","Show","sind","Stil","unorthodoxsten","wieder"],"articleSection":["Haus &amp; Garten"],"inLanguage":"de"},{"@type":"WebPage","@id":"https:\/\/www.strassenweb.de\/nachrichten\/richard-e-grants-auftritt-bei-einer-miu-miu-show-bestaetigt-den-unorthodoxsten-kuechentrend-des-jahres-2026-schuerzen-sind-wieder-im-grossen-stil\/","url":"https:\/\/www.strassenweb.de\/nachrichten\/richard-e-grants-auftritt-bei-einer-miu-miu-show-bestaetigt-den-unorthodoxsten-kuechentrend-des-jahres-2026-schuerzen-sind-wieder-im-grossen-stil\/","name":"Richard E. Grants Auftritt bei einer Miu Miu Show best\u00e4tigt den unorthodoxsten K\u00fcchentrend des Jahres 2026 \u2013 Sch\u00fcrzen sind wieder im gro\u00dfen Stil - Nachrichten - Stra\u00dfenweb","isPartOf":{"@id":"https:\/\/www.strassenweb.de\/nachrichten\/#website"},"primaryImageOfPage":{"@id":"https:\/\/www.strassenweb.de\/nachrichten\/richard-e-grants-auftritt-bei-einer-miu-miu-show-bestaetigt-den-unorthodoxsten-kuechentrend-des-jahres-2026-schuerzen-sind-wieder-im-grossen-stil\/#primaryimage"},"image":{"@id":"https:\/\/www.strassenweb.de\/nachrichten\/richard-e-grants-auftritt-bei-einer-miu-miu-show-bestaetigt-den-unorthodoxsten-kuechentrend-des-jahres-2026-schuerzen-sind-wieder-im-grossen-stil\/#primaryimage"},"thumbnailUrl":"https:\/\/www.strassenweb.de\/nachrichten\/wp-content\/uploads\/2025\/10\/Richard-E-Grants-Auftritt-bei-einer-Miu-Miu-Show-bestaetigt.jpg","datePublished":"2025-10-12T14:39:39+00:00","breadcrumb":{"@id":"https:\/\/www.strassenweb.de\/nachrichten\/richard-e-grants-auftritt-bei-einer-miu-miu-show-bestaetigt-den-unorthodoxsten-kuechentrend-des-jahres-2026-schuerzen-sind-wieder-im-grossen-stil\/#breadcrumb"},"inLanguage":"de","potentialAction":[{"@type":"ReadAction","target":["https:\/\/www.strassenweb.de\/nachrichten\/richard-e-grants-auftritt-bei-einer-miu-miu-show-bestaetigt-den-unorthodoxsten-kuechentrend-des-jahres-2026-schuerzen-sind-wieder-im-grossen-stil\/"]}]},{"@type":"ImageObject","inLanguage":"de","@id":"https:\/\/www.strassenweb.de\/nachrichten\/richard-e-grants-auftritt-bei-einer-miu-miu-show-bestaetigt-den-unorthodoxsten-kuechentrend-des-jahres-2026-schuerzen-sind-wieder-im-grossen-stil\/#primaryimage","url":"https:\/\/www.strassenweb.de\/nachrichten\/wp-content\/uploads\/2025\/10\/Richard-E-Grants-Auftritt-bei-einer-Miu-Miu-Show-bestaetigt.jpg","contentUrl":"https:\/\/www.strassenweb.de\/nachrichten\/wp-content\/uploads\/2025\/10\/Richard-E-Grants-Auftritt-bei-einer-Miu-Miu-Show-bestaetigt.jpg","width":1600,"height":900,"caption":"Richard E. Grant at Miu Miu"},{"@type":"BreadcrumbList","@id":"https:\/\/www.strassenweb.de\/nachrichten\/richard-e-grants-auftritt-bei-einer-miu-miu-show-bestaetigt-den-unorthodoxsten-kuechentrend-des-jahres-2026-schuerzen-sind-wieder-im-grossen-stil\/#breadcrumb","itemListElement":[{"@type":"ListItem","position":1,"name":"Home","item":"https:\/\/www.strassenweb.de\/nachrichten\/"},{"@type":"ListItem","position":2,"name":"Richard E. Grants Auftritt bei einer Miu Miu Show best\u00e4tigt den unorthodoxsten K\u00fcchentrend des Jahres 2026 \u2013 Sch\u00fcrzen sind wieder im gro\u00dfen Stil"}]},{"@type":"WebSite","@id":"https:\/\/www.strassenweb.de\/nachrichten\/#website","url":"https:\/\/www.strassenweb.de\/nachrichten\/","name":"Stra\u00dfenweb","description":"Stra\u00dfenverzeichnis f\u00fcr Deutschland","publisher":{"@id":"https:\/\/www.strassenweb.de\/nachrichten\/#organization"},"potentialAction":[{"@type":"SearchAction","target":{"@type":"EntryPoint","urlTemplate":"https:\/\/www.strassenweb.de\/nachrichten\/?s={search_term_string}"},"query-input":{"@type":"PropertyValueSpecification","valueRequired":true,"valueName":"search_term_string"}}],"inLanguage":"de"},{"@type":"Organization","@id":"https:\/\/www.strassenweb.de\/nachrichten\/#organization","name":"Stra\u00dfenweb","url":"https:\/\/www.strassenweb.de\/nachrichten\/","logo":{"@type":"ImageObject","inLanguage":"de","@id":"https:\/\/www.strassenweb.de\/nachrichten\/#\/schema\/logo\/image\/","url":"https:\/\/www.strassenweb.de\/nachrichten\/wp-content\/uploads\/2024\/09\/cropped-favicon.png","contentUrl":"https:\/\/www.strassenweb.de\/nachrichten\/wp-content\/uploads\/2024\/09\/cropped-favicon.png","width":512,"height":512,"caption":"Stra\u00dfenweb"},"image":{"@id":"https:\/\/www.strassenweb.de\/nachrichten\/#\/schema\/logo\/image\/"},"sameAs":["https:\/\/www.facebook.com\/strassenweb\/"]},{"@type":"Person","@id":"https:\/\/www.strassenweb.de\/nachrichten\/#\/schema\/person\/87c9c9067f1211da429a744dc5a5aa41","name":"Robert Hoffmann","image":{"@type":"ImageObject","inLanguage":"de","@id":"https:\/\/www.strassenweb.de\/nachrichten\/wp-content\/uploads\/2024\/09\/strassenweb-150x150.jpg","url":"https:\/\/www.strassenweb.de\/nachrichten\/wp-content\/uploads\/2024\/09\/strassenweb-150x150.jpg","contentUrl":"https:\/\/www.strassenweb.de\/nachrichten\/wp-content\/uploads\/2024\/09\/strassenweb-150x150.jpg","caption":"Robert Hoffmann"},"description":"Ich hei\u00dfe Robert Hoffmann und ich bin ein leidenschaftlicher Verfechter von \u00d6kologie und Biodiversit\u00e4t. Seit meiner Kindheit in den W\u00e4ldern Bayerns f\u00fchle ich mich mit der Natur verbunden und bin entschlossen, sie zu sch\u00fctzen. Heute widme ich mein Leben der Sensibilisierung anderer f\u00fcr die Bedeutung des Umweltschutzes f\u00fcr zuk\u00fcnftige Generationen.","sameAs":["https:\/\/www.strassenweb.de\/"]}]}},"_links":{"self":[{"href":"https:\/\/www.strassenweb.de\/nachrichten\/wp-json\/wp\/v2\/posts\/8416","targetHints":{"allow":["GET"]}}],"collection":[{"href":"https:\/\/www.strassenweb.de\/nachrichten\/wp-json\/wp\/v2\/posts"}],"about":[{"href":"https:\/\/www.strassenweb.de\/nachrichten\/wp-json\/wp\/v2\/types\/post"}],"author":[{"embeddable":true,"href":"https:\/\/www.strassenweb.de\/nachrichten\/wp-json\/wp\/v2\/users\/1"}],"replies":[{"embeddable":true,"href":"https:\/\/www.strassenweb.de\/nachrichten\/wp-json\/wp\/v2\/comments?post=8416"}],"version-history":[{"count":0,"href":"https:\/\/www.strassenweb.de\/nachrichten\/wp-json\/wp\/v2\/posts\/8416\/revisions"}],"wp:featuredmedia":[{"embeddable":true,"href":"https:\/\/www.strassenweb.de\/nachrichten\/wp-json\/wp\/v2\/media\/8417"}],"wp:attachment":[{"href":"https:\/\/www.strassenweb.de\/nachrichten\/wp-json\/wp\/v2\/media?parent=8416"}],"wp:term":[{"taxonomy":"category","embeddable":true,"href":"https:\/\/www.strassenweb.de\/nachrichten\/wp-json\/wp\/v2\/categories?post=8416"},{"taxonomy":"post_tag","embeddable":true,"href":"https:\/\/www.strassenweb.de\/nachrichten\/wp-json\/wp\/v2\/tags?post=8416"}],"curies":[{"name":"wp","href":"https:\/\/api.w.org\/{rel}","templated":true}]}}