{"id":8413,"date":"2025-10-12T13:40:34","date_gmt":"2025-10-12T11:40:34","guid":{"rendered":"https:\/\/www.strassenweb.de\/nachrichten\/wie-sahen-die-angesagtesten-kuechen-vor-10-jahren-aus-sie-werden-nicht-glauben-wie-viel-sich-in-einem-jahrzehnt-veraendert-hat\/"},"modified":"2025-10-12T13:40:35","modified_gmt":"2025-10-12T11:40:35","slug":"wie-sahen-die-angesagtesten-kuechen-vor-10-jahren-aus-sie-werden-nicht-glauben-wie-viel-sich-in-einem-jahrzehnt-veraendert-hat","status":"publish","type":"post","link":"https:\/\/www.strassenweb.de\/nachrichten\/wie-sahen-die-angesagtesten-kuechen-vor-10-jahren-aus-sie-werden-nicht-glauben-wie-viel-sich-in-einem-jahrzehnt-veraendert-hat\/","title":{"rendered":"Wie sahen die angesagtesten K\u00fcchen vor 10 Jahren aus? Sie werden nicht glauben, wie viel sich in einem Jahrzehnt ver\u00e4ndert hat"},"content":{"rendered":"<p><\/p>\n<div id=\"article-body\" class=\"article__body \">\n<p id=\"49391fff-ee1a-49ca-89e9-19b3ee5a5f9e\">Die Art und Weise, wie wir K\u00fcchen entwerfen und dekorieren, hat sich im letzten Jahrzehnt stark ver\u00e4ndert, von den Farben und Materialien bis hin zu der Art und Weise, wie wir sie als funktionalen versus \u00e4sthetischen Raum betrachten.<\/p>\n<div id=\"ad-unit-1\" class=\"ad-unit\"><\/div>\n<p>Und w\u00e4hrend wir oft auf zuk\u00fcnftige K\u00fcchentrends blicken, k\u00f6nnen wir tats\u00e4chlich viel lernen, wenn wir uns die K\u00fcchen der Vergangenheit ansehen und sehen, wie sich unsere Herangehensweise an sie entwickelt hat. Und vor 10 Jahren sahen sie ganz anders aus.<\/p>\n<aside data-block-type=\"embed\" data-render-type=\"fte\" data-skip=\"dealsy\" data-widget-type=\"seasonal\" class=\"hawk-root\"><\/aside>\n<p id=\"49391fff-ee1a-49ca-89e9-19b3ee5a5f9e-2\">Um die Merkmale zu entdecken, die sich am meisten ver\u00e4ndert haben und die den Test der Zeit bestanden haben, haben wir uns an Innenarchitekten gewandt, um die gr\u00f6\u00dften Trends vor einem Jahrzehnt und die Merkmale zu entdecken, die sie auch heute noch lieben.<\/p>\n<div class=\"van_vid_carousel\">\n<div class=\"van_vid_carousel__padding\">\n<div class=\"van_vid_carousel__container\"><\/div>\n<\/div>\n<\/div>\n<h2 id=\"what-did-the-most-on-trend-kitchens-look-like-10-years-ago-3\">Wie sahen die angesagtesten K\u00fcchen vor 10 Jahren aus? <\/h2>\n<p id=\"23be19c5-0901-43cf-97b5-51ac31097905\">W\u00e4hrend einige Dinge in unseren K\u00fcchen zeitlos bleiben, sind andere fl\u00fcchtige Trends, auf die wir mit ein wenig Bedauern zur\u00fcckblicken. Laut Designern sind dies die gr\u00f6\u00dften Trends der 2010er Jahre und wie sie sich im Laufe des Jahrzehnts entwickelt haben.<\/p>\n<div id=\"ad-unit-2\" class=\"ad-unit\"><\/div>\n<h3 class=\"article-body__section\" id=\"section-1-cool-toned-neutrals-and-farmhouse-aesthetics\"><span>1. K\u00fchle Neutralt\u00f6ne und Landhaus-\u00c4sthetik<\/span><\/h3>\n<figure class=\"van-image-figure inline-layout \" data-bordeaux-image-check id=\"648dbcdb-c211-4eef-829b-495558d2a01e\">\n<div class=\"image-full-width-wrapper\">\n<div class=\"image-widthsetter\" style=\"max-width:2000px;\"><\/div>\n<\/div>\n<\/figure>\n<p id=\"a7d99294-4a75-4cf0-b2b9-ae4f48c0246e\">K\u00fchle Neutralt\u00f6ne waren die begehrtesten K\u00fcchenfarben der 2010er Jahre. Die Menschen sehnten sich nach helleren, helleren H\u00e4usern, und die minimalistische K\u00fcche wurde mit dunklen Holzakzenten und vom Bauernhof inspirierten Motiven zum Inbegriff dieses Looks.<\/p>\n<p>\u201eVor zehn Jahren waren die K\u00fcchenpaletten eher neutral, wobei wei\u00dfe oder graue K\u00fcchen vorherrschten. \u201eArbeitsplatten aus Marmor und Quarz, offene Regale, zweifarbige Schr\u00e4nke und rustikale Bauernakzente waren damals allesamt beliebt\u201c, erinnert sich die Innenarchitektin Kathy Kuo.<\/p>\n<p>Designerin Kristina Khersonsky stimmt dem zu und betont den Trend zu allem Grau. \u201eDie K\u00fcchen tendierten stark zu k\u00fchlen Farbt\u00f6nen, insbesondere zu Grau.\u201c Es war ein Versuch, von der rein wei\u00dfen K\u00fcche wegzukommen, aber jetzt erleben wir eine v\u00f6llige Abkehr von Graut\u00f6nen. \u201eHausbesitzer sehnen sich nach noch mehr Charakter und einem Blick auf die Pers\u00f6nlichkeit.\u201c<\/p>\n<div id=\"slice-container-newsletterForm-articleInbodyContent-4dNXWSEhdL7ffVjAPWE7hc\" class=\"slice-container newsletter-inbodyContent-slice newsletterForm-articleInbodyContent-4dNXWSEhdL7ffVjAPWE7hc slice-container-newsletterForm\"><\/div>\n<p>Die Farbpaletten sind eine der bedeutendsten Ver\u00e4nderungen zwischen den K\u00fcchen von heute und denen, die vor 10 Jahren als am stilvollsten galten. Kr\u00e4ftigere Farben stehen im Vordergrund, Holzt\u00f6ne werden st\u00e4rker ber\u00fccksichtigt und sogar die Art und Weise, wie wir mit neutralen Farben dekorieren, hat sich verzehnfacht.<\/p>\n<p>\u201eJetzt finden wir das Gleichgewicht.\u201c Mittlere und dunklere H\u00f6lzer kehren auf raffinierte Weise zur\u00fcck und verleihen Tiefe und Textur, ohne die Schwere von vor einem Jahrzehnt\u201c, erkl\u00e4rt Innenarchitektin Ami McKay.<\/p>\n<p>\u201eDie einst vorherrschende Wei\u00df-auf-Wei\u00df-K\u00fcche wird mit Farbe, Salbeigr\u00fcn und Marineblau, kalkigen Hautt\u00f6nen und Akzenten in Juwelenfarben aufgefrischt, die Pers\u00f6nlichkeit verleihen\u201c, f\u00fcgt sie hinzu.<\/p>\n<h3 class=\"article-body__section\" id=\"section-2-appliances-everywhere\"><span>2. Ger\u00e4te \u00fcberall<\/span><\/h3>\n<p id=\"ac39c22a-9d00-449f-a95f-aad136be5251\">Eine der vielleicht gr\u00f6\u00dften (und am meisten begr\u00fc\u00dften) Ver\u00e4nderungen in der K\u00fcche ist die Art und Weise, wie wir Ger\u00e4te einf\u00fchren. Und noch wichtiger: realistisch einzusch\u00e4tzen, wie viele verschiedene Ger\u00e4te wir im Vergleich zu vor zehn Jahren wirklich brauchen<\/p>\n<p>\u201eAuch in den K\u00fcchen sah man viele Ger\u00e4te \u2013 Doppel\u00f6fen, gewerbliche K\u00fchlschr\u00e4nke und \u00fcbergro\u00dfe Herde waren beliebt.\u201c \u201eDie K\u00fcche war ein Ort, an dem leistungsstarke Ger\u00e4te im Vordergrund und in der Mitte zur Schau gestellt wurden\u201c, sagt Kristina und erkl\u00e4rt, dass der heutige Ansatz viel raffinierter ist und integrierte Ger\u00e4te und eine gelebtere \u00c4sthetik die Trends dominieren.<\/p>\n<p>\u201eWir haben einen Wandel vom Pr\u00e4sentieren von Ger\u00e4ten hin zum Verstecken beobachtet. Kunden w\u00fcnschen sich K\u00fcchen, die sich nahtlos und warm anf\u00fchlen. Deshalb verwenden wir immer h\u00e4ufiger vorgefertigte K\u00fchlschr\u00e4nke, Ger\u00e4tegaragen und Mikrowellenschubladen, um funktionsf\u00e4hige Ger\u00e4te unterzubringen. \u201eDas Ziel besteht darin, die Funktion ohne visuelle Unordnung aufrechtzuerhalten.\u201c<\/p>\n<h3 class=\"article-body__section\" id=\"section-3-warm-metals\"><span>3. Warme Metalle<\/span><\/h3>\n<figure class=\"van-image-figure inline-layout \" data-bordeaux-image-check id=\"d74ab91c-13a3-4898-94db-76dcfc4d1523\">\n<div class=\"image-full-width-wrapper\">\n<div class=\"image-widthsetter\" style=\"max-width:2000px;\"><\/div>\n<\/div>\n<\/figure>\n<p id=\"31ff5993-e8f3-4d74-948c-06b1b3e98524\">Nicht alles an den K\u00fcchen aus den 2010er-Jahren ist auf der Strecke geblieben \u2013 zwischen k\u00fchlen Neutralt\u00f6nen und minimalistischen Designs waren immer noch zeitlose Merkmale vorherrschend, insbesondere wenn es um K\u00fcchenger\u00e4te geht.<\/p>\n<p>\u201eWenn es um die Endbearbeitung ging, sahen wir eine Vielzahl warmer Metalle in den Sanit\u00e4rarmaturen. \u201eEs gab eine deutliche Abkehr von Chrom und Nickel, wobei goldenes Messing und unlackiertes Messing zu den herausragenden Oberfl\u00e4chen dieser Zeit wurden\u201c, erkl\u00e4rt Kristina.<\/p>\n<p>Messing ist immer noch eine der beliebtesten Oberfl\u00e4chen, und das aus einem sehr guten Grund: Es ist wirklich zeitlos. Es f\u00fcgt sich nahtlos in traditionelle K\u00fcchen sowie in modernere R\u00e4ume ein und ist einfach nie veraltet. Und es ist etwas, das Designer auch heute noch lieben.<\/p>\n<p>\u201eIch liebte K\u00fcchen, die antike Messingdetails in Leuchten, Beschl\u00e4gen und Wasserh\u00e4hnen enthielten. \u201eDiese sanft verwitterte Oberfl\u00e4che verleiht den ganz in Wei\u00df gehaltenen K\u00fcchen des Jahres 2015 einen willkommenen Hauch von Nostalgie und Charakter\u201c, f\u00fcgt Kathy hinzu.<\/p>\n<div class=\"product-container hero-product-container product-block-no-wrap\">\n<div class=\"product-block-row\"><\/div>\n<div class=\"product-block-row\"><\/div>\n<div class=\"product-block-row\"><\/div>\n<\/div>\n<h3 class=\"article-body__section\" id=\"section-4-oversized-islands\"><span>4. \u00dcbergro\u00dfe Inseln<\/span><\/h3>\n<p id=\"54c7a8e3-f725-497e-978f-0937994a8c41\">K\u00fccheninseln waren schon immer ein echtes Arbeitstier in der K\u00fcche. Viele Designer erinnern sich jedoch daran, dass dieses unverzichtbare Feature in der Vergangenheit etwas \u00fcberdimensioniert war und die Layouts um eine zu gro\u00dfe Insel herum oder in manchen F\u00e4llen um mehrere davon herum schwierig waren.<\/p>\n<p>\u201eMitte der 2010er Jahre drehte sich alles um \u00fcbergro\u00dfe Inseln, teilweise sogar um Doppelinseln\u201c, sagt Kristina. K\u00fccheninseln standen im Mittelpunkt aller Aufmerksamkeit, und jeder wollte, dass dieses Luxusmerkmal im Mittelpunkt seiner Entw\u00fcrfe steht.<\/p>\n<p>Auch wenn K\u00fccheninseln immer noch vorhanden sind, gibt es einen durchdachteren Ansatz f\u00fcr Gr\u00f6\u00dfe und Design. \u201eHeute ist die Insel immer noch wichtig, aber ihre Gr\u00f6\u00dfe ist eher gewollt.\u201c \u201eDie Leute legen Wert auf Multifunktionalit\u00e4t und Fluss, nicht nur auf Skalierung um der visuellen Dramatik willen\u201c, bemerkt Kristina.<\/p>\n<h3 class=\"article-body__section\" id=\"section-5-custom-range-hoods\"><span>5. Ma\u00dfgeschneiderte Dunstabzugshauben<\/span><\/h3>\n<figure class=\"van-image-figure inline-layout \" data-bordeaux-image-check id=\"b9463eac-a764-41a7-a8a3-ffd8e0432ff7\">\n<div class=\"image-full-width-wrapper\">\n<div class=\"image-widthsetter\" style=\"max-width:2000px;\"><\/div>\n<\/div>\n<\/figure>\n<p id=\"79cd8c34-4ef3-42bf-9c6d-a4a10de30c10\">Etwa zu dieser Zeit entstand auch die ma\u00dfgefertigte Dunstabzugshaube, bei der Designer und Hausbesitzer nach neuen Wegen suchten, um etwas, das ein wenig ein Schandfleck sein kann, \u00e4sthetischer wirken zu lassen.<\/p>\n<p>\u201eDie handels\u00fcbliche Haube war drau\u00dfen; Es tauchten ma\u00dfgefertigte Haubenventilatorabdeckungen auf, die in Metall, Scheunenholz oder \u00dcberlappung eingewickelt waren und die Herdwand zu einem ganz eigenen Element machten. Unter den F\u00fc\u00dfen und an den W\u00e4nden war die Textur wichtig\u201c, erkl\u00e4rt Ami, die die ma\u00dfgefertigte Dunstabzugshaube als einen ihrer Lieblingstrends der Zeit bezeichnet.<\/p>\n<p>Dieser Trend fand vor allem in traditionelleren H\u00e4usern Anklang, wo hochmoderne Elemente fehl am Platz wirkten und Proportionen f\u00fcr ein gehobenes und authentisches Design wirklich wichtig waren.<\/p>\n<p>\u201eBis dahin wurde die Bel\u00fcftung immer wie eine Notwendigkeit behandelt, die man zu verbergen versuchte. Aber in diesem Moment sahen wir, wie \u00fcbergro\u00dfe Hauben eine neue Rolle \u00fcbernahmen: gro\u00dfartig, dramatisch, oft mit Metall verkleidet und schonungslos mutig\u201c, f\u00fcgt sie hinzu.<\/p>\n<hr id=\"d9ba25f2-9ce4-43fb-a6e3-56cc2b069cb3\">\n<p id=\"e1f63918-7f94-4ffd-8228-5a15f6ecc7e0\">Die Art und Weise, wie wir K\u00fcchen entwerfen, hat sich im letzten Jahrzehnt stark ver\u00e4ndert.<\/p>\n<p>Ein Raum, der einst mit k\u00fchlen Wei\u00df- und Graut\u00f6nen, warmem Holz und \u00fcbergro\u00dfen Elementen gef\u00fcllt war, ist jetzt w\u00e4rmer, reicher und charaktervoller. Kr\u00e4ftigere Farben kommen voll zur Geltung, w\u00e4hrend neutrale Farben f\u00fcr ein einladendes und zeitloses Gesamtkonzept mehrschichtig sind.<\/p>\n<p>Aber es gibt ein paar Merkmale, die sich im Laufe der Zeit bew\u00e4hrt haben, etwa Messingbeschl\u00e4ge und ma\u00dfgefertigte Dunstabzugshauben \u2013 sie sind einfach raffinierter geworden, um den sich \u00e4ndernden Bed\u00fcrfnissen unserer Kochr\u00e4ume gerecht zu werden.<\/p>\n<\/div>\n","protected":false},"excerpt":{"rendered":"<p>Die Art und Weise, wie wir K\u00fcchen entwerfen und dekorieren, hat sich im letzten Jahrzehnt stark ver\u00e4ndert, von den Farben und Materialien bis hin zu<\/p>\n","protected":false},"author":1,"featured_media":8414,"comment_status":"closed","ping_status":"","sticky":false,"template":"","format":"standard","meta":{"footnotes":""},"categories":[118],"tags":[2240,287,9,22,1681,189,608,4825,992,61,10760,142,165,837,263,524,27,26],"class_list":["post-8413","post","type-post","status-publish","format-standard","has-post-thumbnail","hentry","category-haus-garten","tag-angesagtesten","tag-aus","tag-die","tag-einem","tag-glauben","tag-hat","tag-jahren","tag-jahrzehnt","tag-kuechen","tag-nicht","tag-sahen","tag-sich","tag-sie","tag-veraendert","tag-viel","tag-vor","tag-werden","tag-wie","generate-columns","tablet-grid-50","mobile-grid-100","grid-parent","grid-50"],"yoast_head":"<!-- This site is optimized with the Yoast SEO plugin v27.3 - https:\/\/yoast.com\/product\/yoast-seo-wordpress\/ -->\n<title>Wie sahen die angesagtesten K\u00fcchen vor 10 Jahren aus? Sie werden nicht glauben, wie viel sich in einem Jahrzehnt ver\u00e4ndert hat - Nachrichten - Stra\u00dfenweb<\/title>\n<meta name=\"robots\" content=\"index, follow, max-snippet:-1, max-image-preview:large, max-video-preview:-1\" \/>\n<link rel=\"canonical\" href=\"https:\/\/www.strassenweb.de\/nachrichten\/wie-sahen-die-angesagtesten-kuechen-vor-10-jahren-aus-sie-werden-nicht-glauben-wie-viel-sich-in-einem-jahrzehnt-veraendert-hat\/\" \/>\n<meta property=\"og:locale\" content=\"de_DE\" \/>\n<meta property=\"og:type\" content=\"article\" \/>\n<meta property=\"og:title\" content=\"Wie sahen die angesagtesten K\u00fcchen vor 10 Jahren aus? Sie werden nicht glauben, wie viel sich in einem Jahrzehnt ver\u00e4ndert hat - Nachrichten - Stra\u00dfenweb\" \/>\n<meta property=\"og:description\" content=\"Die Art und Weise, wie wir K\u00fcchen entwerfen und dekorieren, hat sich im letzten Jahrzehnt stark ver\u00e4ndert, von den Farben und Materialien bis hin zu\" \/>\n<meta property=\"og:url\" content=\"https:\/\/www.strassenweb.de\/nachrichten\/wie-sahen-die-angesagtesten-kuechen-vor-10-jahren-aus-sie-werden-nicht-glauben-wie-viel-sich-in-einem-jahrzehnt-veraendert-hat\/\" \/>\n<meta property=\"og:site_name\" content=\"Stra\u00dfenweb\" \/>\n<meta property=\"article:publisher\" content=\"https:\/\/www.facebook.com\/strassenweb\/\" \/>\n<meta property=\"article:published_time\" content=\"2025-10-12T11:40:34+00:00\" \/>\n<meta property=\"article:modified_time\" content=\"2025-10-12T11:40:35+00:00\" \/>\n<meta property=\"og:image\" content=\"https:\/\/www.strassenweb.de\/nachrichten\/wp-content\/uploads\/2025\/10\/Wie-sahen-die-angesagtesten-Kuechen-vor-10-Jahren-aus-Sie.jpg\" \/>\n\t<meta property=\"og:image:width\" content=\"1600\" \/>\n\t<meta property=\"og:image:height\" content=\"900\" \/>\n\t<meta property=\"og:image:type\" content=\"image\/jpeg\" \/>\n<meta name=\"author\" content=\"Robert Hoffmann\" \/>\n<meta name=\"twitter:card\" content=\"summary_large_image\" \/>\n<meta name=\"twitter:label1\" content=\"Verfasst von\" \/>\n\t<meta name=\"twitter:data1\" content=\"Robert Hoffmann\" \/>\n\t<meta name=\"twitter:label2\" content=\"Gesch\u00e4tzte Lesezeit\" \/>\n\t<meta name=\"twitter:data2\" content=\"6\u00a0Minuten\" \/>\n<script type=\"application\/ld+json\" class=\"yoast-schema-graph\">{\"@context\":\"https:\\\/\\\/schema.org\",\"@graph\":[{\"@type\":\"Article\",\"@id\":\"https:\\\/\\\/www.strassenweb.de\\\/nachrichten\\\/wie-sahen-die-angesagtesten-kuechen-vor-10-jahren-aus-sie-werden-nicht-glauben-wie-viel-sich-in-einem-jahrzehnt-veraendert-hat\\\/#article\",\"isPartOf\":{\"@id\":\"https:\\\/\\\/www.strassenweb.de\\\/nachrichten\\\/wie-sahen-die-angesagtesten-kuechen-vor-10-jahren-aus-sie-werden-nicht-glauben-wie-viel-sich-in-einem-jahrzehnt-veraendert-hat\\\/\"},\"author\":{\"name\":\"Robert Hoffmann\",\"@id\":\"https:\\\/\\\/www.strassenweb.de\\\/nachrichten\\\/#\\\/schema\\\/person\\\/87c9c9067f1211da429a744dc5a5aa41\"},\"headline\":\"Wie sahen die angesagtesten K\u00fcchen vor 10 Jahren aus? Sie werden nicht glauben, wie viel sich in einem Jahrzehnt ver\u00e4ndert hat\",\"datePublished\":\"2025-10-12T11:40:34+00:00\",\"dateModified\":\"2025-10-12T11:40:35+00:00\",\"mainEntityOfPage\":{\"@id\":\"https:\\\/\\\/www.strassenweb.de\\\/nachrichten\\\/wie-sahen-die-angesagtesten-kuechen-vor-10-jahren-aus-sie-werden-nicht-glauben-wie-viel-sich-in-einem-jahrzehnt-veraendert-hat\\\/\"},\"wordCount\":1224,\"publisher\":{\"@id\":\"https:\\\/\\\/www.strassenweb.de\\\/nachrichten\\\/#organization\"},\"image\":{\"@id\":\"https:\\\/\\\/www.strassenweb.de\\\/nachrichten\\\/wie-sahen-die-angesagtesten-kuechen-vor-10-jahren-aus-sie-werden-nicht-glauben-wie-viel-sich-in-einem-jahrzehnt-veraendert-hat\\\/#primaryimage\"},\"thumbnailUrl\":\"https:\\\/\\\/www.strassenweb.de\\\/nachrichten\\\/wp-content\\\/uploads\\\/2025\\\/10\\\/Wie-sahen-die-angesagtesten-Kuechen-vor-10-Jahren-aus-Sie.jpg\",\"keywords\":[\"angesagtesten\",\"aus\",\"die\",\"einem\",\"glauben\",\"hat\",\"Jahren\",\"Jahrzehnt\",\"K\u00fcchen\",\"nicht\",\"sahen\",\"sich\",\"Sie\",\"ver\u00e4ndert\",\"viel\",\"vor\",\"werden\",\"Wie\"],\"articleSection\":[\"Haus &amp; Garten\"],\"inLanguage\":\"de\"},{\"@type\":\"WebPage\",\"@id\":\"https:\\\/\\\/www.strassenweb.de\\\/nachrichten\\\/wie-sahen-die-angesagtesten-kuechen-vor-10-jahren-aus-sie-werden-nicht-glauben-wie-viel-sich-in-einem-jahrzehnt-veraendert-hat\\\/\",\"url\":\"https:\\\/\\\/www.strassenweb.de\\\/nachrichten\\\/wie-sahen-die-angesagtesten-kuechen-vor-10-jahren-aus-sie-werden-nicht-glauben-wie-viel-sich-in-einem-jahrzehnt-veraendert-hat\\\/\",\"name\":\"Wie sahen die angesagtesten K\u00fcchen vor 10 Jahren aus? Sie werden nicht glauben, wie viel sich in einem Jahrzehnt ver\u00e4ndert hat - Nachrichten - Stra\u00dfenweb\",\"isPartOf\":{\"@id\":\"https:\\\/\\\/www.strassenweb.de\\\/nachrichten\\\/#website\"},\"primaryImageOfPage\":{\"@id\":\"https:\\\/\\\/www.strassenweb.de\\\/nachrichten\\\/wie-sahen-die-angesagtesten-kuechen-vor-10-jahren-aus-sie-werden-nicht-glauben-wie-viel-sich-in-einem-jahrzehnt-veraendert-hat\\\/#primaryimage\"},\"image\":{\"@id\":\"https:\\\/\\\/www.strassenweb.de\\\/nachrichten\\\/wie-sahen-die-angesagtesten-kuechen-vor-10-jahren-aus-sie-werden-nicht-glauben-wie-viel-sich-in-einem-jahrzehnt-veraendert-hat\\\/#primaryimage\"},\"thumbnailUrl\":\"https:\\\/\\\/www.strassenweb.de\\\/nachrichten\\\/wp-content\\\/uploads\\\/2025\\\/10\\\/Wie-sahen-die-angesagtesten-Kuechen-vor-10-Jahren-aus-Sie.jpg\",\"datePublished\":\"2025-10-12T11:40:34+00:00\",\"dateModified\":\"2025-10-12T11:40:35+00:00\",\"breadcrumb\":{\"@id\":\"https:\\\/\\\/www.strassenweb.de\\\/nachrichten\\\/wie-sahen-die-angesagtesten-kuechen-vor-10-jahren-aus-sie-werden-nicht-glauben-wie-viel-sich-in-einem-jahrzehnt-veraendert-hat\\\/#breadcrumb\"},\"inLanguage\":\"de\",\"potentialAction\":[{\"@type\":\"ReadAction\",\"target\":[\"https:\\\/\\\/www.strassenweb.de\\\/nachrichten\\\/wie-sahen-die-angesagtesten-kuechen-vor-10-jahren-aus-sie-werden-nicht-glauben-wie-viel-sich-in-einem-jahrzehnt-veraendert-hat\\\/\"]}]},{\"@type\":\"ImageObject\",\"inLanguage\":\"de\",\"@id\":\"https:\\\/\\\/www.strassenweb.de\\\/nachrichten\\\/wie-sahen-die-angesagtesten-kuechen-vor-10-jahren-aus-sie-werden-nicht-glauben-wie-viel-sich-in-einem-jahrzehnt-veraendert-hat\\\/#primaryimage\",\"url\":\"https:\\\/\\\/www.strassenweb.de\\\/nachrichten\\\/wp-content\\\/uploads\\\/2025\\\/10\\\/Wie-sahen-die-angesagtesten-Kuechen-vor-10-Jahren-aus-Sie.jpg\",\"contentUrl\":\"https:\\\/\\\/www.strassenweb.de\\\/nachrichten\\\/wp-content\\\/uploads\\\/2025\\\/10\\\/Wie-sahen-die-angesagtesten-Kuechen-vor-10-Jahren-aus-Sie.jpg\",\"width\":1600,\"height\":900,\"caption\":\"A 2015 kitchen with white cabinets, a wooden island, a brass range hood, and exposed appliances\"},{\"@type\":\"BreadcrumbList\",\"@id\":\"https:\\\/\\\/www.strassenweb.de\\\/nachrichten\\\/wie-sahen-die-angesagtesten-kuechen-vor-10-jahren-aus-sie-werden-nicht-glauben-wie-viel-sich-in-einem-jahrzehnt-veraendert-hat\\\/#breadcrumb\",\"itemListElement\":[{\"@type\":\"ListItem\",\"position\":1,\"name\":\"Home\",\"item\":\"https:\\\/\\\/www.strassenweb.de\\\/nachrichten\\\/\"},{\"@type\":\"ListItem\",\"position\":2,\"name\":\"Wie sahen die angesagtesten K\u00fcchen vor 10 Jahren aus? Sie werden nicht glauben, wie viel sich in einem Jahrzehnt ver\u00e4ndert hat\"}]},{\"@type\":\"WebSite\",\"@id\":\"https:\\\/\\\/www.strassenweb.de\\\/nachrichten\\\/#website\",\"url\":\"https:\\\/\\\/www.strassenweb.de\\\/nachrichten\\\/\",\"name\":\"Stra\u00dfenweb\",\"description\":\"Stra\u00dfenverzeichnis f\u00fcr Deutschland\",\"publisher\":{\"@id\":\"https:\\\/\\\/www.strassenweb.de\\\/nachrichten\\\/#organization\"},\"potentialAction\":[{\"@type\":\"SearchAction\",\"target\":{\"@type\":\"EntryPoint\",\"urlTemplate\":\"https:\\\/\\\/www.strassenweb.de\\\/nachrichten\\\/?s={search_term_string}\"},\"query-input\":{\"@type\":\"PropertyValueSpecification\",\"valueRequired\":true,\"valueName\":\"search_term_string\"}}],\"inLanguage\":\"de\"},{\"@type\":\"Organization\",\"@id\":\"https:\\\/\\\/www.strassenweb.de\\\/nachrichten\\\/#organization\",\"name\":\"Stra\u00dfenweb\",\"url\":\"https:\\\/\\\/www.strassenweb.de\\\/nachrichten\\\/\",\"logo\":{\"@type\":\"ImageObject\",\"inLanguage\":\"de\",\"@id\":\"https:\\\/\\\/www.strassenweb.de\\\/nachrichten\\\/#\\\/schema\\\/logo\\\/image\\\/\",\"url\":\"https:\\\/\\\/www.strassenweb.de\\\/nachrichten\\\/wp-content\\\/uploads\\\/2024\\\/09\\\/cropped-favicon.png\",\"contentUrl\":\"https:\\\/\\\/www.strassenweb.de\\\/nachrichten\\\/wp-content\\\/uploads\\\/2024\\\/09\\\/cropped-favicon.png\",\"width\":512,\"height\":512,\"caption\":\"Stra\u00dfenweb\"},\"image\":{\"@id\":\"https:\\\/\\\/www.strassenweb.de\\\/nachrichten\\\/#\\\/schema\\\/logo\\\/image\\\/\"},\"sameAs\":[\"https:\\\/\\\/www.facebook.com\\\/strassenweb\\\/\"]},{\"@type\":\"Person\",\"@id\":\"https:\\\/\\\/www.strassenweb.de\\\/nachrichten\\\/#\\\/schema\\\/person\\\/87c9c9067f1211da429a744dc5a5aa41\",\"name\":\"Robert Hoffmann\",\"image\":{\"@type\":\"ImageObject\",\"inLanguage\":\"de\",\"@id\":\"https:\\\/\\\/www.strassenweb.de\\\/nachrichten\\\/wp-content\\\/uploads\\\/2024\\\/09\\\/strassenweb-150x150.jpg\",\"url\":\"https:\\\/\\\/www.strassenweb.de\\\/nachrichten\\\/wp-content\\\/uploads\\\/2024\\\/09\\\/strassenweb-150x150.jpg\",\"contentUrl\":\"https:\\\/\\\/www.strassenweb.de\\\/nachrichten\\\/wp-content\\\/uploads\\\/2024\\\/09\\\/strassenweb-150x150.jpg\",\"caption\":\"Robert Hoffmann\"},\"description\":\"Ich hei\u00dfe Robert Hoffmann und ich bin ein leidenschaftlicher Verfechter von \u00d6kologie und Biodiversit\u00e4t. Seit meiner Kindheit in den W\u00e4ldern Bayerns f\u00fchle ich mich mit der Natur verbunden und bin entschlossen, sie zu sch\u00fctzen. Heute widme ich mein Leben der Sensibilisierung anderer f\u00fcr die Bedeutung des Umweltschutzes f\u00fcr zuk\u00fcnftige Generationen.\",\"sameAs\":[\"https:\\\/\\\/www.strassenweb.de\\\/\"]}]}<\/script>\n<!-- \/ Yoast SEO plugin. -->","yoast_head_json":{"title":"Wie sahen die angesagtesten K\u00fcchen vor 10 Jahren aus? Sie werden nicht glauben, wie viel sich in einem Jahrzehnt ver\u00e4ndert hat - Nachrichten - Stra\u00dfenweb","robots":{"index":"index","follow":"follow","max-snippet":"max-snippet:-1","max-image-preview":"max-image-preview:large","max-video-preview":"max-video-preview:-1"},"canonical":"https:\/\/www.strassenweb.de\/nachrichten\/wie-sahen-die-angesagtesten-kuechen-vor-10-jahren-aus-sie-werden-nicht-glauben-wie-viel-sich-in-einem-jahrzehnt-veraendert-hat\/","og_locale":"de_DE","og_type":"article","og_title":"Wie sahen die angesagtesten K\u00fcchen vor 10 Jahren aus? Sie werden nicht glauben, wie viel sich in einem Jahrzehnt ver\u00e4ndert hat - Nachrichten - Stra\u00dfenweb","og_description":"Die Art und Weise, wie wir K\u00fcchen entwerfen und dekorieren, hat sich im letzten Jahrzehnt stark ver\u00e4ndert, von den Farben und Materialien bis hin zu","og_url":"https:\/\/www.strassenweb.de\/nachrichten\/wie-sahen-die-angesagtesten-kuechen-vor-10-jahren-aus-sie-werden-nicht-glauben-wie-viel-sich-in-einem-jahrzehnt-veraendert-hat\/","og_site_name":"Stra\u00dfenweb","article_publisher":"https:\/\/www.facebook.com\/strassenweb\/","article_published_time":"2025-10-12T11:40:34+00:00","article_modified_time":"2025-10-12T11:40:35+00:00","og_image":[{"width":1600,"height":900,"url":"https:\/\/www.strassenweb.de\/nachrichten\/wp-content\/uploads\/2025\/10\/Wie-sahen-die-angesagtesten-Kuechen-vor-10-Jahren-aus-Sie.jpg","type":"image\/jpeg"}],"author":"Robert Hoffmann","twitter_card":"summary_large_image","twitter_misc":{"Verfasst von":"Robert Hoffmann","Gesch\u00e4tzte Lesezeit":"6\u00a0Minuten"},"schema":{"@context":"https:\/\/schema.org","@graph":[{"@type":"Article","@id":"https:\/\/www.strassenweb.de\/nachrichten\/wie-sahen-die-angesagtesten-kuechen-vor-10-jahren-aus-sie-werden-nicht-glauben-wie-viel-sich-in-einem-jahrzehnt-veraendert-hat\/#article","isPartOf":{"@id":"https:\/\/www.strassenweb.de\/nachrichten\/wie-sahen-die-angesagtesten-kuechen-vor-10-jahren-aus-sie-werden-nicht-glauben-wie-viel-sich-in-einem-jahrzehnt-veraendert-hat\/"},"author":{"name":"Robert Hoffmann","@id":"https:\/\/www.strassenweb.de\/nachrichten\/#\/schema\/person\/87c9c9067f1211da429a744dc5a5aa41"},"headline":"Wie sahen die angesagtesten K\u00fcchen vor 10 Jahren aus? Sie werden nicht glauben, wie viel sich in einem Jahrzehnt ver\u00e4ndert hat","datePublished":"2025-10-12T11:40:34+00:00","dateModified":"2025-10-12T11:40:35+00:00","mainEntityOfPage":{"@id":"https:\/\/www.strassenweb.de\/nachrichten\/wie-sahen-die-angesagtesten-kuechen-vor-10-jahren-aus-sie-werden-nicht-glauben-wie-viel-sich-in-einem-jahrzehnt-veraendert-hat\/"},"wordCount":1224,"publisher":{"@id":"https:\/\/www.strassenweb.de\/nachrichten\/#organization"},"image":{"@id":"https:\/\/www.strassenweb.de\/nachrichten\/wie-sahen-die-angesagtesten-kuechen-vor-10-jahren-aus-sie-werden-nicht-glauben-wie-viel-sich-in-einem-jahrzehnt-veraendert-hat\/#primaryimage"},"thumbnailUrl":"https:\/\/www.strassenweb.de\/nachrichten\/wp-content\/uploads\/2025\/10\/Wie-sahen-die-angesagtesten-Kuechen-vor-10-Jahren-aus-Sie.jpg","keywords":["angesagtesten","aus","die","einem","glauben","hat","Jahren","Jahrzehnt","K\u00fcchen","nicht","sahen","sich","Sie","ver\u00e4ndert","viel","vor","werden","Wie"],"articleSection":["Haus &amp; Garten"],"inLanguage":"de"},{"@type":"WebPage","@id":"https:\/\/www.strassenweb.de\/nachrichten\/wie-sahen-die-angesagtesten-kuechen-vor-10-jahren-aus-sie-werden-nicht-glauben-wie-viel-sich-in-einem-jahrzehnt-veraendert-hat\/","url":"https:\/\/www.strassenweb.de\/nachrichten\/wie-sahen-die-angesagtesten-kuechen-vor-10-jahren-aus-sie-werden-nicht-glauben-wie-viel-sich-in-einem-jahrzehnt-veraendert-hat\/","name":"Wie sahen die angesagtesten K\u00fcchen vor 10 Jahren aus? Sie werden nicht glauben, wie viel sich in einem Jahrzehnt ver\u00e4ndert hat - Nachrichten - Stra\u00dfenweb","isPartOf":{"@id":"https:\/\/www.strassenweb.de\/nachrichten\/#website"},"primaryImageOfPage":{"@id":"https:\/\/www.strassenweb.de\/nachrichten\/wie-sahen-die-angesagtesten-kuechen-vor-10-jahren-aus-sie-werden-nicht-glauben-wie-viel-sich-in-einem-jahrzehnt-veraendert-hat\/#primaryimage"},"image":{"@id":"https:\/\/www.strassenweb.de\/nachrichten\/wie-sahen-die-angesagtesten-kuechen-vor-10-jahren-aus-sie-werden-nicht-glauben-wie-viel-sich-in-einem-jahrzehnt-veraendert-hat\/#primaryimage"},"thumbnailUrl":"https:\/\/www.strassenweb.de\/nachrichten\/wp-content\/uploads\/2025\/10\/Wie-sahen-die-angesagtesten-Kuechen-vor-10-Jahren-aus-Sie.jpg","datePublished":"2025-10-12T11:40:34+00:00","dateModified":"2025-10-12T11:40:35+00:00","breadcrumb":{"@id":"https:\/\/www.strassenweb.de\/nachrichten\/wie-sahen-die-angesagtesten-kuechen-vor-10-jahren-aus-sie-werden-nicht-glauben-wie-viel-sich-in-einem-jahrzehnt-veraendert-hat\/#breadcrumb"},"inLanguage":"de","potentialAction":[{"@type":"ReadAction","target":["https:\/\/www.strassenweb.de\/nachrichten\/wie-sahen-die-angesagtesten-kuechen-vor-10-jahren-aus-sie-werden-nicht-glauben-wie-viel-sich-in-einem-jahrzehnt-veraendert-hat\/"]}]},{"@type":"ImageObject","inLanguage":"de","@id":"https:\/\/www.strassenweb.de\/nachrichten\/wie-sahen-die-angesagtesten-kuechen-vor-10-jahren-aus-sie-werden-nicht-glauben-wie-viel-sich-in-einem-jahrzehnt-veraendert-hat\/#primaryimage","url":"https:\/\/www.strassenweb.de\/nachrichten\/wp-content\/uploads\/2025\/10\/Wie-sahen-die-angesagtesten-Kuechen-vor-10-Jahren-aus-Sie.jpg","contentUrl":"https:\/\/www.strassenweb.de\/nachrichten\/wp-content\/uploads\/2025\/10\/Wie-sahen-die-angesagtesten-Kuechen-vor-10-Jahren-aus-Sie.jpg","width":1600,"height":900,"caption":"A 2015 kitchen with white cabinets, a wooden island, a brass range hood, and exposed appliances"},{"@type":"BreadcrumbList","@id":"https:\/\/www.strassenweb.de\/nachrichten\/wie-sahen-die-angesagtesten-kuechen-vor-10-jahren-aus-sie-werden-nicht-glauben-wie-viel-sich-in-einem-jahrzehnt-veraendert-hat\/#breadcrumb","itemListElement":[{"@type":"ListItem","position":1,"name":"Home","item":"https:\/\/www.strassenweb.de\/nachrichten\/"},{"@type":"ListItem","position":2,"name":"Wie sahen die angesagtesten K\u00fcchen vor 10 Jahren aus? Sie werden nicht glauben, wie viel sich in einem Jahrzehnt ver\u00e4ndert hat"}]},{"@type":"WebSite","@id":"https:\/\/www.strassenweb.de\/nachrichten\/#website","url":"https:\/\/www.strassenweb.de\/nachrichten\/","name":"Stra\u00dfenweb","description":"Stra\u00dfenverzeichnis f\u00fcr Deutschland","publisher":{"@id":"https:\/\/www.strassenweb.de\/nachrichten\/#organization"},"potentialAction":[{"@type":"SearchAction","target":{"@type":"EntryPoint","urlTemplate":"https:\/\/www.strassenweb.de\/nachrichten\/?s={search_term_string}"},"query-input":{"@type":"PropertyValueSpecification","valueRequired":true,"valueName":"search_term_string"}}],"inLanguage":"de"},{"@type":"Organization","@id":"https:\/\/www.strassenweb.de\/nachrichten\/#organization","name":"Stra\u00dfenweb","url":"https:\/\/www.strassenweb.de\/nachrichten\/","logo":{"@type":"ImageObject","inLanguage":"de","@id":"https:\/\/www.strassenweb.de\/nachrichten\/#\/schema\/logo\/image\/","url":"https:\/\/www.strassenweb.de\/nachrichten\/wp-content\/uploads\/2024\/09\/cropped-favicon.png","contentUrl":"https:\/\/www.strassenweb.de\/nachrichten\/wp-content\/uploads\/2024\/09\/cropped-favicon.png","width":512,"height":512,"caption":"Stra\u00dfenweb"},"image":{"@id":"https:\/\/www.strassenweb.de\/nachrichten\/#\/schema\/logo\/image\/"},"sameAs":["https:\/\/www.facebook.com\/strassenweb\/"]},{"@type":"Person","@id":"https:\/\/www.strassenweb.de\/nachrichten\/#\/schema\/person\/87c9c9067f1211da429a744dc5a5aa41","name":"Robert Hoffmann","image":{"@type":"ImageObject","inLanguage":"de","@id":"https:\/\/www.strassenweb.de\/nachrichten\/wp-content\/uploads\/2024\/09\/strassenweb-150x150.jpg","url":"https:\/\/www.strassenweb.de\/nachrichten\/wp-content\/uploads\/2024\/09\/strassenweb-150x150.jpg","contentUrl":"https:\/\/www.strassenweb.de\/nachrichten\/wp-content\/uploads\/2024\/09\/strassenweb-150x150.jpg","caption":"Robert Hoffmann"},"description":"Ich hei\u00dfe Robert Hoffmann und ich bin ein leidenschaftlicher Verfechter von \u00d6kologie und Biodiversit\u00e4t. Seit meiner Kindheit in den W\u00e4ldern Bayerns f\u00fchle ich mich mit der Natur verbunden und bin entschlossen, sie zu sch\u00fctzen. Heute widme ich mein Leben der Sensibilisierung anderer f\u00fcr die Bedeutung des Umweltschutzes f\u00fcr zuk\u00fcnftige Generationen.","sameAs":["https:\/\/www.strassenweb.de\/"]}]}},"_links":{"self":[{"href":"https:\/\/www.strassenweb.de\/nachrichten\/wp-json\/wp\/v2\/posts\/8413","targetHints":{"allow":["GET"]}}],"collection":[{"href":"https:\/\/www.strassenweb.de\/nachrichten\/wp-json\/wp\/v2\/posts"}],"about":[{"href":"https:\/\/www.strassenweb.de\/nachrichten\/wp-json\/wp\/v2\/types\/post"}],"author":[{"embeddable":true,"href":"https:\/\/www.strassenweb.de\/nachrichten\/wp-json\/wp\/v2\/users\/1"}],"replies":[{"embeddable":true,"href":"https:\/\/www.strassenweb.de\/nachrichten\/wp-json\/wp\/v2\/comments?post=8413"}],"version-history":[{"count":0,"href":"https:\/\/www.strassenweb.de\/nachrichten\/wp-json\/wp\/v2\/posts\/8413\/revisions"}],"wp:featuredmedia":[{"embeddable":true,"href":"https:\/\/www.strassenweb.de\/nachrichten\/wp-json\/wp\/v2\/media\/8414"}],"wp:attachment":[{"href":"https:\/\/www.strassenweb.de\/nachrichten\/wp-json\/wp\/v2\/media?parent=8413"}],"wp:term":[{"taxonomy":"category","embeddable":true,"href":"https:\/\/www.strassenweb.de\/nachrichten\/wp-json\/wp\/v2\/categories?post=8413"},{"taxonomy":"post_tag","embeddable":true,"href":"https:\/\/www.strassenweb.de\/nachrichten\/wp-json\/wp\/v2\/tags?post=8413"}],"curies":[{"name":"wp","href":"https:\/\/api.w.org\/{rel}","templated":true}]}}