{"id":8407,"date":"2025-10-12T07:39:23","date_gmt":"2025-10-12T05:39:23","guid":{"rendered":"https:\/\/www.strassenweb.de\/nachrichten\/jimmy-fallons-kuecheninsel-aus-naturholz-fuehrt-zu-einem-grossen-designwandel-warum-designer-sagen-dass-sie-sich-fuer-immer-neu-anfuehlt\/"},"modified":"2025-10-12T07:39:24","modified_gmt":"2025-10-12T05:39:24","slug":"jimmy-fallons-kuecheninsel-aus-naturholz-fuehrt-zu-einem-grossen-designwandel-warum-designer-sagen-dass-sie-sich-fuer-immer-neu-anfuehlt","status":"publish","type":"post","link":"https:\/\/www.strassenweb.de\/nachrichten\/jimmy-fallons-kuecheninsel-aus-naturholz-fuehrt-zu-einem-grossen-designwandel-warum-designer-sagen-dass-sie-sich-fuer-immer-neu-anfuehlt\/","title":{"rendered":"Jimmy Fallons K\u00fccheninsel aus Naturholz f\u00fchrt zu einem gro\u00dfen Designwandel \u2013 Warum Designer sagen, dass sie sich \u201ef\u00fcr immer neu\u201c anf\u00fchlt"},"content":{"rendered":"<p><\/p>\n<div id=\"article-body\" class=\"article__body \">\n<p id=\"7dd877b2-7a57-4043-9419-50ab945f0ec3\">Es ist Herbst und als Stilredakteur erkenne ich in den von uns vorgestellten H\u00e4usern immer wiederkehrende Designtrends \u2013 die Holzk\u00fcche ist sicherlich einer der hartn\u00e4ckigsten. Im vergangenen Jahr haben unz\u00e4hlige Ber\u00fchmtheiten in ihren K\u00fcchen auf Holz gesetzt, oft bei der Veredelung von Schr\u00e4nken. Jimmy Fallon geht jedoch einen anderen Weg und l\u00e4sst seine K\u00fccheninsel in ihrem nat\u00fcrlichen Zustand belassen.<\/p>\n<div id=\"ad-unit-1\" class=\"ad-unit\"><\/div>\n<p>Die h\u00f6lzerne K\u00fccheninsel von Jimmy Fallon ist nicht ganz rustikal. F\u00fcr die umliegenden Schr\u00e4nke hat er einen tiefen, staubigen Rotbraunton gew\u00e4hlt, der einen Kontrast zu den klassischen, strahlend wei\u00dfen W\u00e4nden bildet. Der Schl\u00fcssel ist jedoch seine h\u00f6lzerne K\u00fccheninsel, die er unbemalt l\u00e4sst.<\/p>\n<aside data-block-type=\"embed\" data-render-type=\"fte\" data-skip=\"dealsy\" data-widget-type=\"seasonal\" class=\"hawk-root\"><\/aside>\n<p id=\"7dd877b2-7a57-4043-9419-50ab945f0ec3-2\">Indem er die Insel nat\u00fcrlich h\u00e4lt, schafft Jimmy einen sch\u00f6nen Kontrast zu den ansonsten farbenfrohen, modernen Elementen des Raumes. Dieser Schritt ist genauso wirkungsvoll wie eine komplett aus Holz gefertigte K\u00fcche. Auch ohne K\u00fcchenschr\u00e4nke aus Holz wirkt der Raum sofort erdend und rustikal, und die isolierte Verwendung von unlackiertem Holz macht die Insel zum klaren Mittelpunkt.<\/p>\n<div class=\"van_vid_carousel\">\n<div class=\"van_vid_carousel__padding\">\n<div class=\"van_vid_carousel__container\"><\/div>\n<\/div>\n<\/div>\n<div class=\"instagram-embed\" id=\"DAObDGesSUi\">\n<blockquote class=\"instagram-media\" data-instgrm-captioned data-instgrm-version=\"6\" style=\"width:99.375%; width:-webkit-calc(100% - 2px); width:calc(100% - 2px);\">\n<p>Ein von Jimmy Fallon (@jimmyfallon) geteilter Beitrag<\/p>\n<p>Ein Foto gepostet von am <\/p>\n<\/blockquote>\n<\/div>\n<h2 id=\"shop-the-natural-kitchen-edit-3\">Kaufen Sie die nat\u00fcrliche K\u00fcchenauswahl<\/h2>\n<div class=\"product-container hero-product-container product-block-no-wrap\">\n<div class=\"product-block-row\"><\/div>\n<div class=\"product-block-row\"><\/div>\n<div class=\"product-block-row\"><\/div>\n<\/div>\n<p id=\"4dfd4213-edce-4f8a-9b71-ffad69b3aa83\">Ganz gleich, ob Sie dem Beispiel von Jimmy folgen und ausschlie\u00dflich Holz f\u00fcr Ihre Insel verwenden oder ganz aufs Ganze gehen, die Designer versichern uns, dass dieser Look langlebig ist und die Bezeichnung \u201eK\u00fcchentrend\u201c \u00fcberdauern wird.<\/p>\n<div id=\"ad-unit-2\" class=\"ad-unit\"><\/div>\n<p>\u201eK\u00fcchen mit Holz und organischen Elementen holen die Natur ins Haus und bestechen durch Texturen und Maserungen.\u201c Diese R\u00e4ume strahlen W\u00e4rme und Charakter aus\u201c, kommentiert der in New York ans\u00e4ssige Designer und Gr\u00fcnder von Arsight Studio, Artem Kropovinsky.<\/p>\n<p>Er f\u00fcgt hinzu, dass die lange Lebensdauer und einfache Pflege dieser K\u00fcchenwahl \u201edaf\u00fcr sorgt, dass sie sich f\u00fcr immer wie neu anf\u00fchlt und einladend bleibt\u201c.<\/p>\n<p>Wenn Sie wie Jimmy unterschiedliche Farbt\u00f6ne und Texturen mischen, empfiehlt Artem die Kombination von Holz mit anderen nat\u00fcrlichen Materialien wie Stein oder Metall. Es ist auch wichtig, \u00fcber die K\u00fcchenbeleuchtung nachzudenken. Jimmy hat sich f\u00fcr eine auff\u00e4llige Pendelleuchte entschieden, die sich sowohl f\u00fcr die Arbeitsplatzbeleuchtung als auch f\u00fcr die Zoneneinteilung perfekt eignet und gleichzeitig \u00e4u\u00dferst stilvoll aussieht.<\/p>\n<div id=\"slice-container-newsletterForm-articleInbodyContent-3uuiDKBat7J3UoETW9QTJd\" class=\"slice-container newsletter-inbodyContent-slice newsletterForm-articleInbodyContent-3uuiDKBat7J3UoETW9QTJd slice-container-newsletterForm\"><\/div>\n<p>\u201eBeleuchtung unterstreicht den Charme des Holzes.\u201c \u201eTageslicht verst\u00e4rkt die W\u00e4rme, w\u00e4hrend k\u00fcnstliche Beleuchtung Tiefe und Textur hervorhebt\u201c, bemerkt er.<\/p>\n<p>Er empfiehlt au\u00dferdem, auf die scheinbar unbedeutenden Details zu achten und schl\u00e4gt vor, nat\u00fcrliche Elemente wie Pflanzen (wie dieses Korbst\u00fcck von Wayfair) und Utensilien mit Holzoberfl\u00e4che zu integrieren, \u00e4hnlich wie dieses Messerset von Amazon.<\/p>\n<p>Artem ist nicht der Einzige, der diesen wachsenden Trend bemerkt. Paul Kropp, Mitgr\u00fcnder von Bakes &#038; Kropp, betont die derzeit hohe Nachfrage.<\/p>\n<p>\u201eWir sehen einen gro\u00dfen Wandel hin zu nat\u00fcrlichen Holzoberfl\u00e4chen\u201c, sagt er. \u201eReichhaltige Waln\u00fcsse und Eichenholz sorgen f\u00fcr eine sch\u00f6ne W\u00e4rmeschicht, nach der immer mehr Hausbesitzer suchen.\u201c<\/p>\n<p>F\u00fcr eine moderne \u00c4sthetik schl\u00e4gt Paul vor, Naturholz mit raffinierteren Materialien zu kontrastieren und so eine Balance zu schaffen, die zeitgem\u00e4\u00df und zeitlos wirkt. Die tiefen, satten Nuss- und Eichent\u00f6ne sind besonders ansprechend, wenn wir uns auf den Weg in die gem\u00fctlichen Wintermonate machen.<\/p>\n<div class=\"min-h-(270px) mb-4 viafoura-twig-component\" id=\"viafoura-engagement-starter-wrapper\" data-component-name=\"Elk:Embed:EngagementStarter\">\n<div class=\"viafoura\">\n<div>\n<vf-conversation-starter target=\"viafoura-comments\" title=\"Do you love Jimmy's kitchen island?\" minimum-comment-count=\"1\"><br \/>\n<\/vf-conversation-starter>\n<\/div>\n<\/div>\n<\/div>\n<hr id=\"9db981d4-8ed7-42ac-82f9-a9099fa676b6\">\n<\/div>\n<p><script async src=\"\/\/www.instagram.com\/embed.js\"><\/script><\/p>\n","protected":false},"excerpt":{"rendered":"<p>Es ist Herbst und als Stilredakteur erkenne ich in den von uns vorgestellten H\u00e4usern immer wiederkehrende Designtrends \u2013 die Holzk\u00fcche ist sicherlich einer der hartn\u00e4ckigsten.<\/p>\n","protected":false},"author":1,"featured_media":8408,"comment_status":"closed","ping_status":"","sticky":false,"template":"","format":"standard","meta":{"footnotes":""},"categories":[118],"tags":[1974,287,51,216,10754,22,5254,38,55,1421,175,4229,3392,10753,191,284,142,165,744],"class_list":["post-8407","post","type-post","status-publish","format-standard","has-post-thumbnail","hentry","category-haus-garten","tag-anfuehlt","tag-aus","tag-dass","tag-designer","tag-designwandel","tag-einem","tag-fallons","tag-fuehrt","tag-fuer","tag-grossen","tag-immer","tag-jimmy","tag-kuecheninsel","tag-naturholz","tag-neu","tag-sagen","tag-sich","tag-sie","tag-warum","generate-columns","tablet-grid-50","mobile-grid-100","grid-parent","grid-50"],"yoast_head":"<!-- This site is optimized with the Yoast SEO plugin v27.3 - https:\/\/yoast.com\/product\/yoast-seo-wordpress\/ -->\n<title>Jimmy Fallons K\u00fccheninsel aus Naturholz f\u00fchrt zu einem gro\u00dfen Designwandel \u2013 Warum Designer sagen, dass sie sich \u201ef\u00fcr immer neu\u201c anf\u00fchlt - Nachrichten - Stra\u00dfenweb<\/title>\n<meta name=\"robots\" content=\"index, follow, max-snippet:-1, max-image-preview:large, max-video-preview:-1\" \/>\n<link rel=\"canonical\" href=\"https:\/\/www.strassenweb.de\/nachrichten\/jimmy-fallons-kuecheninsel-aus-naturholz-fuehrt-zu-einem-grossen-designwandel-warum-designer-sagen-dass-sie-sich-fuer-immer-neu-anfuehlt\/\" \/>\n<meta property=\"og:locale\" content=\"de_DE\" \/>\n<meta property=\"og:type\" content=\"article\" \/>\n<meta property=\"og:title\" content=\"Jimmy Fallons K\u00fccheninsel aus Naturholz f\u00fchrt zu einem gro\u00dfen Designwandel \u2013 Warum Designer sagen, dass sie sich \u201ef\u00fcr immer neu\u201c anf\u00fchlt - Nachrichten - Stra\u00dfenweb\" \/>\n<meta property=\"og:description\" content=\"Es ist Herbst und als Stilredakteur erkenne ich in den von uns vorgestellten H\u00e4usern immer wiederkehrende Designtrends \u2013 die Holzk\u00fcche ist sicherlich einer der hartn\u00e4ckigsten.\" \/>\n<meta property=\"og:url\" content=\"https:\/\/www.strassenweb.de\/nachrichten\/jimmy-fallons-kuecheninsel-aus-naturholz-fuehrt-zu-einem-grossen-designwandel-warum-designer-sagen-dass-sie-sich-fuer-immer-neu-anfuehlt\/\" \/>\n<meta property=\"og:site_name\" content=\"Stra\u00dfenweb\" \/>\n<meta property=\"article:publisher\" content=\"https:\/\/www.facebook.com\/strassenweb\/\" \/>\n<meta property=\"article:published_time\" content=\"2025-10-12T05:39:23+00:00\" \/>\n<meta property=\"article:modified_time\" content=\"2025-10-12T05:39:24+00:00\" \/>\n<meta property=\"og:image\" content=\"https:\/\/www.strassenweb.de\/nachrichten\/wp-content\/uploads\/2025\/10\/Jimmy-Fallons-Kuecheninsel-aus-Naturholz-fuehrt-zu-einem-grossen-Designwandel.jpg\" \/>\n\t<meta property=\"og:image:width\" content=\"1600\" \/>\n\t<meta property=\"og:image:height\" content=\"900\" \/>\n\t<meta property=\"og:image:type\" content=\"image\/jpeg\" \/>\n<meta name=\"author\" content=\"Robert Hoffmann\" \/>\n<meta name=\"twitter:card\" content=\"summary_large_image\" \/>\n<meta name=\"twitter:label1\" content=\"Verfasst von\" \/>\n\t<meta name=\"twitter:data1\" content=\"Robert Hoffmann\" \/>\n\t<meta name=\"twitter:label2\" content=\"Gesch\u00e4tzte Lesezeit\" \/>\n\t<meta name=\"twitter:data2\" content=\"3\u00a0Minuten\" \/>\n<script type=\"application\/ld+json\" class=\"yoast-schema-graph\">{\"@context\":\"https:\\\/\\\/schema.org\",\"@graph\":[{\"@type\":\"Article\",\"@id\":\"https:\\\/\\\/www.strassenweb.de\\\/nachrichten\\\/jimmy-fallons-kuecheninsel-aus-naturholz-fuehrt-zu-einem-grossen-designwandel-warum-designer-sagen-dass-sie-sich-fuer-immer-neu-anfuehlt\\\/#article\",\"isPartOf\":{\"@id\":\"https:\\\/\\\/www.strassenweb.de\\\/nachrichten\\\/jimmy-fallons-kuecheninsel-aus-naturholz-fuehrt-zu-einem-grossen-designwandel-warum-designer-sagen-dass-sie-sich-fuer-immer-neu-anfuehlt\\\/\"},\"author\":{\"name\":\"Robert Hoffmann\",\"@id\":\"https:\\\/\\\/www.strassenweb.de\\\/nachrichten\\\/#\\\/schema\\\/person\\\/87c9c9067f1211da429a744dc5a5aa41\"},\"headline\":\"Jimmy Fallons K\u00fccheninsel aus Naturholz f\u00fchrt zu einem gro\u00dfen Designwandel \u2013 Warum Designer sagen, dass sie sich \u201ef\u00fcr immer neu\u201c anf\u00fchlt\",\"datePublished\":\"2025-10-12T05:39:23+00:00\",\"dateModified\":\"2025-10-12T05:39:24+00:00\",\"mainEntityOfPage\":{\"@id\":\"https:\\\/\\\/www.strassenweb.de\\\/nachrichten\\\/jimmy-fallons-kuecheninsel-aus-naturholz-fuehrt-zu-einem-grossen-designwandel-warum-designer-sagen-dass-sie-sich-fuer-immer-neu-anfuehlt\\\/\"},\"wordCount\":569,\"publisher\":{\"@id\":\"https:\\\/\\\/www.strassenweb.de\\\/nachrichten\\\/#organization\"},\"image\":{\"@id\":\"https:\\\/\\\/www.strassenweb.de\\\/nachrichten\\\/jimmy-fallons-kuecheninsel-aus-naturholz-fuehrt-zu-einem-grossen-designwandel-warum-designer-sagen-dass-sie-sich-fuer-immer-neu-anfuehlt\\\/#primaryimage\"},\"thumbnailUrl\":\"https:\\\/\\\/www.strassenweb.de\\\/nachrichten\\\/wp-content\\\/uploads\\\/2025\\\/10\\\/Jimmy-Fallons-Kuecheninsel-aus-Naturholz-fuehrt-zu-einem-grossen-Designwandel.jpg\",\"keywords\":[\"anf\u00fchlt\",\"aus\",\"dass\",\"Designer\",\"Designwandel\",\"einem\",\"Fallons\",\"f\u00fchrt\",\"f\u00fcr\",\"gro\u00dfen\",\"immer\",\"Jimmy\",\"K\u00fccheninsel\",\"Naturholz\",\"neu\",\"sagen\",\"sich\",\"Sie\",\"warum\"],\"articleSection\":[\"Haus &amp; Garten\"],\"inLanguage\":\"de\"},{\"@type\":\"WebPage\",\"@id\":\"https:\\\/\\\/www.strassenweb.de\\\/nachrichten\\\/jimmy-fallons-kuecheninsel-aus-naturholz-fuehrt-zu-einem-grossen-designwandel-warum-designer-sagen-dass-sie-sich-fuer-immer-neu-anfuehlt\\\/\",\"url\":\"https:\\\/\\\/www.strassenweb.de\\\/nachrichten\\\/jimmy-fallons-kuecheninsel-aus-naturholz-fuehrt-zu-einem-grossen-designwandel-warum-designer-sagen-dass-sie-sich-fuer-immer-neu-anfuehlt\\\/\",\"name\":\"Jimmy Fallons K\u00fccheninsel aus Naturholz f\u00fchrt zu einem gro\u00dfen Designwandel \u2013 Warum Designer sagen, dass sie sich \u201ef\u00fcr immer neu\u201c anf\u00fchlt - Nachrichten - Stra\u00dfenweb\",\"isPartOf\":{\"@id\":\"https:\\\/\\\/www.strassenweb.de\\\/nachrichten\\\/#website\"},\"primaryImageOfPage\":{\"@id\":\"https:\\\/\\\/www.strassenweb.de\\\/nachrichten\\\/jimmy-fallons-kuecheninsel-aus-naturholz-fuehrt-zu-einem-grossen-designwandel-warum-designer-sagen-dass-sie-sich-fuer-immer-neu-anfuehlt\\\/#primaryimage\"},\"image\":{\"@id\":\"https:\\\/\\\/www.strassenweb.de\\\/nachrichten\\\/jimmy-fallons-kuecheninsel-aus-naturholz-fuehrt-zu-einem-grossen-designwandel-warum-designer-sagen-dass-sie-sich-fuer-immer-neu-anfuehlt\\\/#primaryimage\"},\"thumbnailUrl\":\"https:\\\/\\\/www.strassenweb.de\\\/nachrichten\\\/wp-content\\\/uploads\\\/2025\\\/10\\\/Jimmy-Fallons-Kuecheninsel-aus-Naturholz-fuehrt-zu-einem-grossen-Designwandel.jpg\",\"datePublished\":\"2025-10-12T05:39:23+00:00\",\"dateModified\":\"2025-10-12T05:39:24+00:00\",\"breadcrumb\":{\"@id\":\"https:\\\/\\\/www.strassenweb.de\\\/nachrichten\\\/jimmy-fallons-kuecheninsel-aus-naturholz-fuehrt-zu-einem-grossen-designwandel-warum-designer-sagen-dass-sie-sich-fuer-immer-neu-anfuehlt\\\/#breadcrumb\"},\"inLanguage\":\"de\",\"potentialAction\":[{\"@type\":\"ReadAction\",\"target\":[\"https:\\\/\\\/www.strassenweb.de\\\/nachrichten\\\/jimmy-fallons-kuecheninsel-aus-naturholz-fuehrt-zu-einem-grossen-designwandel-warum-designer-sagen-dass-sie-sich-fuer-immer-neu-anfuehlt\\\/\"]}]},{\"@type\":\"ImageObject\",\"inLanguage\":\"de\",\"@id\":\"https:\\\/\\\/www.strassenweb.de\\\/nachrichten\\\/jimmy-fallons-kuecheninsel-aus-naturholz-fuehrt-zu-einem-grossen-designwandel-warum-designer-sagen-dass-sie-sich-fuer-immer-neu-anfuehlt\\\/#primaryimage\",\"url\":\"https:\\\/\\\/www.strassenweb.de\\\/nachrichten\\\/wp-content\\\/uploads\\\/2025\\\/10\\\/Jimmy-Fallons-Kuecheninsel-aus-Naturholz-fuehrt-zu-einem-grossen-Designwandel.jpg\",\"contentUrl\":\"https:\\\/\\\/www.strassenweb.de\\\/nachrichten\\\/wp-content\\\/uploads\\\/2025\\\/10\\\/Jimmy-Fallons-Kuecheninsel-aus-Naturholz-fuehrt-zu-einem-grossen-Designwandel.jpg\",\"width\":1600,\"height\":900,\"caption\":\"Jimmy Fallon\"},{\"@type\":\"BreadcrumbList\",\"@id\":\"https:\\\/\\\/www.strassenweb.de\\\/nachrichten\\\/jimmy-fallons-kuecheninsel-aus-naturholz-fuehrt-zu-einem-grossen-designwandel-warum-designer-sagen-dass-sie-sich-fuer-immer-neu-anfuehlt\\\/#breadcrumb\",\"itemListElement\":[{\"@type\":\"ListItem\",\"position\":1,\"name\":\"Home\",\"item\":\"https:\\\/\\\/www.strassenweb.de\\\/nachrichten\\\/\"},{\"@type\":\"ListItem\",\"position\":2,\"name\":\"Jimmy Fallons K\u00fccheninsel aus Naturholz f\u00fchrt zu einem gro\u00dfen Designwandel \u2013 Warum Designer sagen, dass sie sich \u201ef\u00fcr immer neu\u201c anf\u00fchlt\"}]},{\"@type\":\"WebSite\",\"@id\":\"https:\\\/\\\/www.strassenweb.de\\\/nachrichten\\\/#website\",\"url\":\"https:\\\/\\\/www.strassenweb.de\\\/nachrichten\\\/\",\"name\":\"Stra\u00dfenweb\",\"description\":\"Stra\u00dfenverzeichnis f\u00fcr Deutschland\",\"publisher\":{\"@id\":\"https:\\\/\\\/www.strassenweb.de\\\/nachrichten\\\/#organization\"},\"potentialAction\":[{\"@type\":\"SearchAction\",\"target\":{\"@type\":\"EntryPoint\",\"urlTemplate\":\"https:\\\/\\\/www.strassenweb.de\\\/nachrichten\\\/?s={search_term_string}\"},\"query-input\":{\"@type\":\"PropertyValueSpecification\",\"valueRequired\":true,\"valueName\":\"search_term_string\"}}],\"inLanguage\":\"de\"},{\"@type\":\"Organization\",\"@id\":\"https:\\\/\\\/www.strassenweb.de\\\/nachrichten\\\/#organization\",\"name\":\"Stra\u00dfenweb\",\"url\":\"https:\\\/\\\/www.strassenweb.de\\\/nachrichten\\\/\",\"logo\":{\"@type\":\"ImageObject\",\"inLanguage\":\"de\",\"@id\":\"https:\\\/\\\/www.strassenweb.de\\\/nachrichten\\\/#\\\/schema\\\/logo\\\/image\\\/\",\"url\":\"https:\\\/\\\/www.strassenweb.de\\\/nachrichten\\\/wp-content\\\/uploads\\\/2024\\\/09\\\/cropped-favicon.png\",\"contentUrl\":\"https:\\\/\\\/www.strassenweb.de\\\/nachrichten\\\/wp-content\\\/uploads\\\/2024\\\/09\\\/cropped-favicon.png\",\"width\":512,\"height\":512,\"caption\":\"Stra\u00dfenweb\"},\"image\":{\"@id\":\"https:\\\/\\\/www.strassenweb.de\\\/nachrichten\\\/#\\\/schema\\\/logo\\\/image\\\/\"},\"sameAs\":[\"https:\\\/\\\/www.facebook.com\\\/strassenweb\\\/\"]},{\"@type\":\"Person\",\"@id\":\"https:\\\/\\\/www.strassenweb.de\\\/nachrichten\\\/#\\\/schema\\\/person\\\/87c9c9067f1211da429a744dc5a5aa41\",\"name\":\"Robert Hoffmann\",\"image\":{\"@type\":\"ImageObject\",\"inLanguage\":\"de\",\"@id\":\"https:\\\/\\\/www.strassenweb.de\\\/nachrichten\\\/wp-content\\\/uploads\\\/2024\\\/09\\\/strassenweb-150x150.jpg\",\"url\":\"https:\\\/\\\/www.strassenweb.de\\\/nachrichten\\\/wp-content\\\/uploads\\\/2024\\\/09\\\/strassenweb-150x150.jpg\",\"contentUrl\":\"https:\\\/\\\/www.strassenweb.de\\\/nachrichten\\\/wp-content\\\/uploads\\\/2024\\\/09\\\/strassenweb-150x150.jpg\",\"caption\":\"Robert Hoffmann\"},\"description\":\"Ich hei\u00dfe Robert Hoffmann und ich bin ein leidenschaftlicher Verfechter von \u00d6kologie und Biodiversit\u00e4t. Seit meiner Kindheit in den W\u00e4ldern Bayerns f\u00fchle ich mich mit der Natur verbunden und bin entschlossen, sie zu sch\u00fctzen. Heute widme ich mein Leben der Sensibilisierung anderer f\u00fcr die Bedeutung des Umweltschutzes f\u00fcr zuk\u00fcnftige Generationen.\",\"sameAs\":[\"https:\\\/\\\/www.strassenweb.de\\\/\"]}]}<\/script>\n<!-- \/ Yoast SEO plugin. -->","yoast_head_json":{"title":"Jimmy Fallons K\u00fccheninsel aus Naturholz f\u00fchrt zu einem gro\u00dfen Designwandel \u2013 Warum Designer sagen, dass sie sich \u201ef\u00fcr immer neu\u201c anf\u00fchlt - Nachrichten - Stra\u00dfenweb","robots":{"index":"index","follow":"follow","max-snippet":"max-snippet:-1","max-image-preview":"max-image-preview:large","max-video-preview":"max-video-preview:-1"},"canonical":"https:\/\/www.strassenweb.de\/nachrichten\/jimmy-fallons-kuecheninsel-aus-naturholz-fuehrt-zu-einem-grossen-designwandel-warum-designer-sagen-dass-sie-sich-fuer-immer-neu-anfuehlt\/","og_locale":"de_DE","og_type":"article","og_title":"Jimmy Fallons K\u00fccheninsel aus Naturholz f\u00fchrt zu einem gro\u00dfen Designwandel \u2013 Warum Designer sagen, dass sie sich \u201ef\u00fcr immer neu\u201c anf\u00fchlt - Nachrichten - Stra\u00dfenweb","og_description":"Es ist Herbst und als Stilredakteur erkenne ich in den von uns vorgestellten H\u00e4usern immer wiederkehrende Designtrends \u2013 die Holzk\u00fcche ist sicherlich einer der hartn\u00e4ckigsten.","og_url":"https:\/\/www.strassenweb.de\/nachrichten\/jimmy-fallons-kuecheninsel-aus-naturholz-fuehrt-zu-einem-grossen-designwandel-warum-designer-sagen-dass-sie-sich-fuer-immer-neu-anfuehlt\/","og_site_name":"Stra\u00dfenweb","article_publisher":"https:\/\/www.facebook.com\/strassenweb\/","article_published_time":"2025-10-12T05:39:23+00:00","article_modified_time":"2025-10-12T05:39:24+00:00","og_image":[{"width":1600,"height":900,"url":"https:\/\/www.strassenweb.de\/nachrichten\/wp-content\/uploads\/2025\/10\/Jimmy-Fallons-Kuecheninsel-aus-Naturholz-fuehrt-zu-einem-grossen-Designwandel.jpg","type":"image\/jpeg"}],"author":"Robert Hoffmann","twitter_card":"summary_large_image","twitter_misc":{"Verfasst von":"Robert Hoffmann","Gesch\u00e4tzte Lesezeit":"3\u00a0Minuten"},"schema":{"@context":"https:\/\/schema.org","@graph":[{"@type":"Article","@id":"https:\/\/www.strassenweb.de\/nachrichten\/jimmy-fallons-kuecheninsel-aus-naturholz-fuehrt-zu-einem-grossen-designwandel-warum-designer-sagen-dass-sie-sich-fuer-immer-neu-anfuehlt\/#article","isPartOf":{"@id":"https:\/\/www.strassenweb.de\/nachrichten\/jimmy-fallons-kuecheninsel-aus-naturholz-fuehrt-zu-einem-grossen-designwandel-warum-designer-sagen-dass-sie-sich-fuer-immer-neu-anfuehlt\/"},"author":{"name":"Robert Hoffmann","@id":"https:\/\/www.strassenweb.de\/nachrichten\/#\/schema\/person\/87c9c9067f1211da429a744dc5a5aa41"},"headline":"Jimmy Fallons K\u00fccheninsel aus Naturholz f\u00fchrt zu einem gro\u00dfen Designwandel \u2013 Warum Designer sagen, dass sie sich \u201ef\u00fcr immer neu\u201c anf\u00fchlt","datePublished":"2025-10-12T05:39:23+00:00","dateModified":"2025-10-12T05:39:24+00:00","mainEntityOfPage":{"@id":"https:\/\/www.strassenweb.de\/nachrichten\/jimmy-fallons-kuecheninsel-aus-naturholz-fuehrt-zu-einem-grossen-designwandel-warum-designer-sagen-dass-sie-sich-fuer-immer-neu-anfuehlt\/"},"wordCount":569,"publisher":{"@id":"https:\/\/www.strassenweb.de\/nachrichten\/#organization"},"image":{"@id":"https:\/\/www.strassenweb.de\/nachrichten\/jimmy-fallons-kuecheninsel-aus-naturholz-fuehrt-zu-einem-grossen-designwandel-warum-designer-sagen-dass-sie-sich-fuer-immer-neu-anfuehlt\/#primaryimage"},"thumbnailUrl":"https:\/\/www.strassenweb.de\/nachrichten\/wp-content\/uploads\/2025\/10\/Jimmy-Fallons-Kuecheninsel-aus-Naturholz-fuehrt-zu-einem-grossen-Designwandel.jpg","keywords":["anf\u00fchlt","aus","dass","Designer","Designwandel","einem","Fallons","f\u00fchrt","f\u00fcr","gro\u00dfen","immer","Jimmy","K\u00fccheninsel","Naturholz","neu","sagen","sich","Sie","warum"],"articleSection":["Haus &amp; Garten"],"inLanguage":"de"},{"@type":"WebPage","@id":"https:\/\/www.strassenweb.de\/nachrichten\/jimmy-fallons-kuecheninsel-aus-naturholz-fuehrt-zu-einem-grossen-designwandel-warum-designer-sagen-dass-sie-sich-fuer-immer-neu-anfuehlt\/","url":"https:\/\/www.strassenweb.de\/nachrichten\/jimmy-fallons-kuecheninsel-aus-naturholz-fuehrt-zu-einem-grossen-designwandel-warum-designer-sagen-dass-sie-sich-fuer-immer-neu-anfuehlt\/","name":"Jimmy Fallons K\u00fccheninsel aus Naturholz f\u00fchrt zu einem gro\u00dfen Designwandel \u2013 Warum Designer sagen, dass sie sich \u201ef\u00fcr immer neu\u201c anf\u00fchlt - Nachrichten - Stra\u00dfenweb","isPartOf":{"@id":"https:\/\/www.strassenweb.de\/nachrichten\/#website"},"primaryImageOfPage":{"@id":"https:\/\/www.strassenweb.de\/nachrichten\/jimmy-fallons-kuecheninsel-aus-naturholz-fuehrt-zu-einem-grossen-designwandel-warum-designer-sagen-dass-sie-sich-fuer-immer-neu-anfuehlt\/#primaryimage"},"image":{"@id":"https:\/\/www.strassenweb.de\/nachrichten\/jimmy-fallons-kuecheninsel-aus-naturholz-fuehrt-zu-einem-grossen-designwandel-warum-designer-sagen-dass-sie-sich-fuer-immer-neu-anfuehlt\/#primaryimage"},"thumbnailUrl":"https:\/\/www.strassenweb.de\/nachrichten\/wp-content\/uploads\/2025\/10\/Jimmy-Fallons-Kuecheninsel-aus-Naturholz-fuehrt-zu-einem-grossen-Designwandel.jpg","datePublished":"2025-10-12T05:39:23+00:00","dateModified":"2025-10-12T05:39:24+00:00","breadcrumb":{"@id":"https:\/\/www.strassenweb.de\/nachrichten\/jimmy-fallons-kuecheninsel-aus-naturholz-fuehrt-zu-einem-grossen-designwandel-warum-designer-sagen-dass-sie-sich-fuer-immer-neu-anfuehlt\/#breadcrumb"},"inLanguage":"de","potentialAction":[{"@type":"ReadAction","target":["https:\/\/www.strassenweb.de\/nachrichten\/jimmy-fallons-kuecheninsel-aus-naturholz-fuehrt-zu-einem-grossen-designwandel-warum-designer-sagen-dass-sie-sich-fuer-immer-neu-anfuehlt\/"]}]},{"@type":"ImageObject","inLanguage":"de","@id":"https:\/\/www.strassenweb.de\/nachrichten\/jimmy-fallons-kuecheninsel-aus-naturholz-fuehrt-zu-einem-grossen-designwandel-warum-designer-sagen-dass-sie-sich-fuer-immer-neu-anfuehlt\/#primaryimage","url":"https:\/\/www.strassenweb.de\/nachrichten\/wp-content\/uploads\/2025\/10\/Jimmy-Fallons-Kuecheninsel-aus-Naturholz-fuehrt-zu-einem-grossen-Designwandel.jpg","contentUrl":"https:\/\/www.strassenweb.de\/nachrichten\/wp-content\/uploads\/2025\/10\/Jimmy-Fallons-Kuecheninsel-aus-Naturholz-fuehrt-zu-einem-grossen-Designwandel.jpg","width":1600,"height":900,"caption":"Jimmy Fallon"},{"@type":"BreadcrumbList","@id":"https:\/\/www.strassenweb.de\/nachrichten\/jimmy-fallons-kuecheninsel-aus-naturholz-fuehrt-zu-einem-grossen-designwandel-warum-designer-sagen-dass-sie-sich-fuer-immer-neu-anfuehlt\/#breadcrumb","itemListElement":[{"@type":"ListItem","position":1,"name":"Home","item":"https:\/\/www.strassenweb.de\/nachrichten\/"},{"@type":"ListItem","position":2,"name":"Jimmy Fallons K\u00fccheninsel aus Naturholz f\u00fchrt zu einem gro\u00dfen Designwandel \u2013 Warum Designer sagen, dass sie sich \u201ef\u00fcr immer neu\u201c anf\u00fchlt"}]},{"@type":"WebSite","@id":"https:\/\/www.strassenweb.de\/nachrichten\/#website","url":"https:\/\/www.strassenweb.de\/nachrichten\/","name":"Stra\u00dfenweb","description":"Stra\u00dfenverzeichnis f\u00fcr Deutschland","publisher":{"@id":"https:\/\/www.strassenweb.de\/nachrichten\/#organization"},"potentialAction":[{"@type":"SearchAction","target":{"@type":"EntryPoint","urlTemplate":"https:\/\/www.strassenweb.de\/nachrichten\/?s={search_term_string}"},"query-input":{"@type":"PropertyValueSpecification","valueRequired":true,"valueName":"search_term_string"}}],"inLanguage":"de"},{"@type":"Organization","@id":"https:\/\/www.strassenweb.de\/nachrichten\/#organization","name":"Stra\u00dfenweb","url":"https:\/\/www.strassenweb.de\/nachrichten\/","logo":{"@type":"ImageObject","inLanguage":"de","@id":"https:\/\/www.strassenweb.de\/nachrichten\/#\/schema\/logo\/image\/","url":"https:\/\/www.strassenweb.de\/nachrichten\/wp-content\/uploads\/2024\/09\/cropped-favicon.png","contentUrl":"https:\/\/www.strassenweb.de\/nachrichten\/wp-content\/uploads\/2024\/09\/cropped-favicon.png","width":512,"height":512,"caption":"Stra\u00dfenweb"},"image":{"@id":"https:\/\/www.strassenweb.de\/nachrichten\/#\/schema\/logo\/image\/"},"sameAs":["https:\/\/www.facebook.com\/strassenweb\/"]},{"@type":"Person","@id":"https:\/\/www.strassenweb.de\/nachrichten\/#\/schema\/person\/87c9c9067f1211da429a744dc5a5aa41","name":"Robert Hoffmann","image":{"@type":"ImageObject","inLanguage":"de","@id":"https:\/\/www.strassenweb.de\/nachrichten\/wp-content\/uploads\/2024\/09\/strassenweb-150x150.jpg","url":"https:\/\/www.strassenweb.de\/nachrichten\/wp-content\/uploads\/2024\/09\/strassenweb-150x150.jpg","contentUrl":"https:\/\/www.strassenweb.de\/nachrichten\/wp-content\/uploads\/2024\/09\/strassenweb-150x150.jpg","caption":"Robert Hoffmann"},"description":"Ich hei\u00dfe Robert Hoffmann und ich bin ein leidenschaftlicher Verfechter von \u00d6kologie und Biodiversit\u00e4t. Seit meiner Kindheit in den W\u00e4ldern Bayerns f\u00fchle ich mich mit der Natur verbunden und bin entschlossen, sie zu sch\u00fctzen. Heute widme ich mein Leben der Sensibilisierung anderer f\u00fcr die Bedeutung des Umweltschutzes f\u00fcr zuk\u00fcnftige Generationen.","sameAs":["https:\/\/www.strassenweb.de\/"]}]}},"_links":{"self":[{"href":"https:\/\/www.strassenweb.de\/nachrichten\/wp-json\/wp\/v2\/posts\/8407","targetHints":{"allow":["GET"]}}],"collection":[{"href":"https:\/\/www.strassenweb.de\/nachrichten\/wp-json\/wp\/v2\/posts"}],"about":[{"href":"https:\/\/www.strassenweb.de\/nachrichten\/wp-json\/wp\/v2\/types\/post"}],"author":[{"embeddable":true,"href":"https:\/\/www.strassenweb.de\/nachrichten\/wp-json\/wp\/v2\/users\/1"}],"replies":[{"embeddable":true,"href":"https:\/\/www.strassenweb.de\/nachrichten\/wp-json\/wp\/v2\/comments?post=8407"}],"version-history":[{"count":0,"href":"https:\/\/www.strassenweb.de\/nachrichten\/wp-json\/wp\/v2\/posts\/8407\/revisions"}],"wp:featuredmedia":[{"embeddable":true,"href":"https:\/\/www.strassenweb.de\/nachrichten\/wp-json\/wp\/v2\/media\/8408"}],"wp:attachment":[{"href":"https:\/\/www.strassenweb.de\/nachrichten\/wp-json\/wp\/v2\/media?parent=8407"}],"wp:term":[{"taxonomy":"category","embeddable":true,"href":"https:\/\/www.strassenweb.de\/nachrichten\/wp-json\/wp\/v2\/categories?post=8407"},{"taxonomy":"post_tag","embeddable":true,"href":"https:\/\/www.strassenweb.de\/nachrichten\/wp-json\/wp\/v2\/tags?post=8407"}],"curies":[{"name":"wp","href":"https:\/\/api.w.org\/{rel}","templated":true}]}}