{"id":8401,"date":"2025-10-12T01:40:08","date_gmt":"2025-10-11T23:40:08","guid":{"rendered":"https:\/\/www.strassenweb.de\/nachrichten\/wie-die-schwarz-weiss-kueche-von-cardi-b-grafische-aederungen-dramatische-kontraste-und-wirkungsvolle-materialien-nutzt-um-ein-zeitloses-design-zu-modernisieren\/"},"modified":"2025-10-12T01:40:09","modified_gmt":"2025-10-11T23:40:09","slug":"wie-die-schwarz-weiss-kueche-von-cardi-b-grafische-aederungen-dramatische-kontraste-und-wirkungsvolle-materialien-nutzt-um-ein-zeitloses-design-zu-modernisieren","status":"publish","type":"post","link":"https:\/\/www.strassenweb.de\/nachrichten\/wie-die-schwarz-weiss-kueche-von-cardi-b-grafische-aederungen-dramatische-kontraste-und-wirkungsvolle-materialien-nutzt-um-ein-zeitloses-design-zu-modernisieren\/","title":{"rendered":"Wie die Schwarz-Wei\u00df-K\u00fcche von Cardi B grafische \u00c4derungen, dramatische Kontraste und wirkungsvolle Materialien nutzt, um ein zeitloses Design zu modernisieren"},"content":{"rendered":"<p><\/p>\n<div id=\"article-body\" class=\"article__body \">\n<p id=\"29984e10-3413-48f5-90b9-ad0f3476f880\">Die Kombination aus Schwarz und Wei\u00df ist seit langem ein wesentliches und \u00e4u\u00dferst wirkungsvolles Farbschema f\u00fcr jede K\u00fcche. Diese kontrastierenden Farbt\u00f6ne verst\u00e4rken sich auf nat\u00fcrliche Weise gegenseitig, wodurch jeder Ton markanter wird und dem Raum gleichzeitig raffinierte, auff\u00e4llige Energie verliehen wird.<\/p>\n<div id=\"ad-unit-1\" class=\"ad-unit\"><\/div>\n<p>Doch w\u00e4hrend die Schwarz-Wei\u00df-K\u00fcche immer ein zeitloser Klassiker ist, bietet Cardi Bs Schwarz-Wei\u00df-Farbschema eine frische, innovative Interpretation des Trends.<\/p>\n<aside data-block-type=\"embed\" data-render-type=\"fte\" data-skip=\"dealsy\" data-widget-type=\"seasonal\" class=\"hawk-root\"><\/aside>\n<p id=\"29984e10-3413-48f5-90b9-ad0f3476f880-2\">Auf<\/p>\n<div class=\"van_vid_carousel\">\n<div class=\"van_vid_carousel__padding\">\n<div class=\"van_vid_carousel__container\"><\/div>\n<\/div>\n<\/div>\n<div class=\"see-more see-more--clipped\" id=\"1667577166370881544\">\n<blockquote class=\"twitter-tweet hawk-ignore\" data-lang=\"en\">\n<p lang=\"en\" dir=\"ltr\">Meine K\u00fccheninsel ist soooo gro\u00df!!! Ich kann es kaum erwarten, bis es komplett fertig ist \ud83d\udda4 pic.twitter.com\/CHe2FY15kZ<a rel=\"nofollow\" href=\"https:\/\/twitter.com\/cantworkitout\/status\/1667577166370881544\" data-url=\"https:\/\/twitter.com\/cantworkitout\/status\/1667577166370881544\" target=\"_blank\" referrerpolicy=\"no-referrer-when-downgrade\" data-hl-processed=\"none\">10. Juni 2023<\/a><\/p>\n<\/blockquote>\n<div class=\"see-more__filter\"><\/div>\n<\/div>\n<h2 id=\"the-modern-black-and-white-kitchen-edit-3\">Die moderne Schwarz-Wei\u00df-K\u00fcchenbearbeitung<\/h2>\n<div class=\"product-container hero-product-container product-block-no-wrap\">\n<div class=\"product-block-row\"><\/div>\n<div class=\"product-block-row\"><\/div>\n<div class=\"product-block-row\"><\/div>\n<\/div>\n<p id=\"4d0e58a4-50bc-43cc-889a-89cbd8eb4b92\">Schwarze Farbe oder Marmor, einst eine umstrittene Wahl, sind f\u00fcr Kochr\u00e4ume immer beliebter geworden und machen Schwarz-Wei\u00df-K\u00fcchen begehrenswerter denn je. Mor Krisher, Leiter Design bei Caesarstone, dem Branchenf\u00fchrer f\u00fcr Premium-Oberfl\u00e4chen, erkl\u00e4rt diesen Wandel: \u201eDie Zeiten einheitlicher, klinischer wei\u00dfer K\u00fcchen sind vorbei.\u201c Dramatische und dunkle Designs erfreuen sich zunehmender Beliebtheit. Auch wenn dies wie eine einsch\u00fcchternde Entscheidung erscheint, gibt es viele M\u00f6glichkeiten, ein ausgewogenes K\u00fcchenkonzept zu schaffen.\u201c<\/p>\n<div id=\"ad-unit-2\" class=\"ad-unit\"><\/div>\n<p>Wenn Sie erw\u00e4gen, dieses Konzept f\u00fcr ein gem\u00fctliches Update zum Jahresende zu nutzen, bietet das Design von Cardi B eine perfekte, unkomplizierte Vorlage.<\/p>\n<p>Eine der einfachsten M\u00f6glichkeiten, Schwarz in Ihr Zuhause zu bringen, sind K\u00fcchenarbeitsplatten. Durch die Auswahl eines optisch interessanten schwarz-wei\u00dfen Marmors, Granits oder eines anderen Steins \u2013 insbesondere eines mit einem einzigartigen Muster wie dem Chevron des Rappers \u2013 k\u00f6nnen Sie dieser klassischen Farbkombination sofort eine skurrile und dramatische Note verleihen. Das Verl\u00e4ngern des Steins \u00fcber die R\u00fcckwand hinaus verleiht ihm eine deutliche Dimension und Charakter, was f\u00fcr die Schaffung einer einladenden Atmosph\u00e4re unerl\u00e4sslich ist, wenn die Tage k\u00fcrzer werden.<\/p>\n<p>Um diese luxuri\u00f6se, geerdete \u00c4sthetik wirkungsvoll nachzubilden, gibt Krisher konkrete Empfehlungen: \u201eIch bin ein gro\u00dfer Fan von dunklen Arbeitsplatten gepaart mit Naturh\u00f6lzern wie Eiche oder Walnuss und metallischen Akzenten wie Messing, Kupfer oder Stahlh\u00e4hnen und -griffen.\u201c Wenn Sie eine dunkle Oberfl\u00e4che mit Holzm\u00f6beln und hellen B\u00f6den kombinieren, wirkt Ihr Raum offen und neutral. Das ist besonders dann von Vorteil, wenn Sie eine gem\u00fctliche Atmosph\u00e4re schaffen m\u00f6chten, Ihre K\u00fcche aber nicht riesig ist.\u201c<\/p>\n<div id=\"slice-container-newsletterForm-articleInbodyContent-BadWH6r59sFJyizpBeGdNK\" class=\"slice-container newsletter-inbodyContent-slice newsletterForm-articleInbodyContent-BadWH6r59sFJyizpBeGdNK slice-container-newsletterForm\"><\/div>\n<p>Wie bei jedem gro\u00dfartigen Design liegt der Erfolg der Schwarz-Wei\u00df-K\u00fcche letztlich in der St\u00e4rke des Kontrasts.<\/p>\n<p>Die K\u00fcche von Cardi B ist ein Paradebeispiel daf\u00fcr, wie man mit einem Schwarz-Wei\u00df-Farbschema ein mutiges, sch\u00f6nes und der Jahreszeit entsprechendes Design schafft. W\u00fcrden Sie einen dramatischen Stein mit einem einzigartigen Muster in Ihre eigene K\u00fcche integrieren?<\/p>\n<div class=\"min-h-(270px) mb-4 viafoura-twig-component\" id=\"viafoura-engagement-starter-wrapper\" data-component-name=\"Elk:Embed:EngagementStarter\">\n<div class=\"viafoura\">\n<div>\n<vf-conversation-starter target=\"viafoura-comments\" title=\"How would you style a black and white kitchen?\" minimum-comment-count=\"1\"><br \/>\n<\/vf-conversation-starter>\n<\/div>\n<\/div>\n<\/div>\n<hr id=\"493fb7b3-de3a-4f2a-8fd2-01f31f070484\">\n<\/div>\n<p><script async src=\"https:\/\/platform.twitter.com\/widgets.js\" charset=\"utf-8\"><\/script><\/p>\n","protected":false},"excerpt":{"rendered":"<p>Die Kombination aus Schwarz und Wei\u00df ist seit langem ein wesentliches und \u00e4u\u00dferst wirkungsvolles Farbschema f\u00fcr jede K\u00fcche. Diese kontrastierenden Farbt\u00f6ne verst\u00e4rken sich auf nat\u00fcrliche<\/p>\n","protected":false},"author":1,"featured_media":8402,"comment_status":"closed","ping_status":"","sticky":false,"template":"","format":"standard","meta":{"footnotes":""},"categories":[118],"tags":[10748,7763,679,9,2235,43,10747,10749,5548,8235,621,10746,37,21,26,2281,5144],"class_list":["post-8401","post","type-post","status-publish","format-standard","has-post-thumbnail","hentry","category-haus-garten","tag-aederungen","tag-cardi","tag-design","tag-die","tag-dramatische","tag-ein","tag-grafische","tag-kontraste","tag-materialien","tag-modernisieren","tag-nutzt","tag-schwarzweisskueche","tag-und","tag-von","tag-wie","tag-wirkungsvolle","tag-zeitloses","generate-columns","tablet-grid-50","mobile-grid-100","grid-parent","grid-50"],"yoast_head":"<!-- This site is optimized with the Yoast SEO plugin v27.3 - https:\/\/yoast.com\/product\/yoast-seo-wordpress\/ -->\n<title>Wie die Schwarz-Wei\u00df-K\u00fcche von Cardi B grafische \u00c4derungen, dramatische Kontraste und wirkungsvolle Materialien nutzt, um ein zeitloses Design zu modernisieren - Nachrichten - Stra\u00dfenweb<\/title>\n<meta name=\"robots\" content=\"index, follow, max-snippet:-1, max-image-preview:large, max-video-preview:-1\" \/>\n<link rel=\"canonical\" href=\"https:\/\/www.strassenweb.de\/nachrichten\/wie-die-schwarz-weiss-kueche-von-cardi-b-grafische-aederungen-dramatische-kontraste-und-wirkungsvolle-materialien-nutzt-um-ein-zeitloses-design-zu-modernisieren\/\" \/>\n<meta property=\"og:locale\" content=\"de_DE\" \/>\n<meta property=\"og:type\" content=\"article\" \/>\n<meta property=\"og:title\" content=\"Wie die Schwarz-Wei\u00df-K\u00fcche von Cardi B grafische \u00c4derungen, dramatische Kontraste und wirkungsvolle Materialien nutzt, um ein zeitloses Design zu modernisieren - Nachrichten - Stra\u00dfenweb\" \/>\n<meta property=\"og:description\" content=\"Die Kombination aus Schwarz und Wei\u00df ist seit langem ein wesentliches und \u00e4u\u00dferst wirkungsvolles Farbschema f\u00fcr jede K\u00fcche. Diese kontrastierenden Farbt\u00f6ne verst\u00e4rken sich auf nat\u00fcrliche\" \/>\n<meta property=\"og:url\" content=\"https:\/\/www.strassenweb.de\/nachrichten\/wie-die-schwarz-weiss-kueche-von-cardi-b-grafische-aederungen-dramatische-kontraste-und-wirkungsvolle-materialien-nutzt-um-ein-zeitloses-design-zu-modernisieren\/\" \/>\n<meta property=\"og:site_name\" content=\"Stra\u00dfenweb\" \/>\n<meta property=\"article:publisher\" content=\"https:\/\/www.facebook.com\/strassenweb\/\" \/>\n<meta property=\"article:published_time\" content=\"2025-10-11T23:40:08+00:00\" \/>\n<meta property=\"article:modified_time\" content=\"2025-10-11T23:40:09+00:00\" \/>\n<meta property=\"og:image\" content=\"https:\/\/www.strassenweb.de\/nachrichten\/wp-content\/uploads\/2025\/10\/Wie-die-Schwarz-Weiss-Kueche-von-Cardi-B-grafische-Aederungen-dramatische-Kontraste.jpg\" \/>\n\t<meta property=\"og:image:width\" content=\"1600\" \/>\n\t<meta property=\"og:image:height\" content=\"900\" \/>\n\t<meta property=\"og:image:type\" content=\"image\/jpeg\" \/>\n<meta name=\"author\" content=\"Robert Hoffmann\" \/>\n<meta name=\"twitter:card\" content=\"summary_large_image\" \/>\n<meta name=\"twitter:label1\" content=\"Verfasst von\" \/>\n\t<meta name=\"twitter:data1\" content=\"Robert Hoffmann\" \/>\n\t<meta name=\"twitter:label2\" content=\"Gesch\u00e4tzte Lesezeit\" \/>\n\t<meta name=\"twitter:data2\" content=\"2\u00a0Minuten\" \/>\n<script type=\"application\/ld+json\" class=\"yoast-schema-graph\">{\"@context\":\"https:\\\/\\\/schema.org\",\"@graph\":[{\"@type\":\"Article\",\"@id\":\"https:\\\/\\\/www.strassenweb.de\\\/nachrichten\\\/wie-die-schwarz-weiss-kueche-von-cardi-b-grafische-aederungen-dramatische-kontraste-und-wirkungsvolle-materialien-nutzt-um-ein-zeitloses-design-zu-modernisieren\\\/#article\",\"isPartOf\":{\"@id\":\"https:\\\/\\\/www.strassenweb.de\\\/nachrichten\\\/wie-die-schwarz-weiss-kueche-von-cardi-b-grafische-aederungen-dramatische-kontraste-und-wirkungsvolle-materialien-nutzt-um-ein-zeitloses-design-zu-modernisieren\\\/\"},\"author\":{\"name\":\"Robert Hoffmann\",\"@id\":\"https:\\\/\\\/www.strassenweb.de\\\/nachrichten\\\/#\\\/schema\\\/person\\\/87c9c9067f1211da429a744dc5a5aa41\"},\"headline\":\"Wie die Schwarz-Wei\u00df-K\u00fcche von Cardi B grafische \u00c4derungen, dramatische Kontraste und wirkungsvolle Materialien nutzt, um ein zeitloses Design zu modernisieren\",\"datePublished\":\"2025-10-11T23:40:08+00:00\",\"dateModified\":\"2025-10-11T23:40:09+00:00\",\"mainEntityOfPage\":{\"@id\":\"https:\\\/\\\/www.strassenweb.de\\\/nachrichten\\\/wie-die-schwarz-weiss-kueche-von-cardi-b-grafische-aederungen-dramatische-kontraste-und-wirkungsvolle-materialien-nutzt-um-ein-zeitloses-design-zu-modernisieren\\\/\"},\"wordCount\":460,\"publisher\":{\"@id\":\"https:\\\/\\\/www.strassenweb.de\\\/nachrichten\\\/#organization\"},\"image\":{\"@id\":\"https:\\\/\\\/www.strassenweb.de\\\/nachrichten\\\/wie-die-schwarz-weiss-kueche-von-cardi-b-grafische-aederungen-dramatische-kontraste-und-wirkungsvolle-materialien-nutzt-um-ein-zeitloses-design-zu-modernisieren\\\/#primaryimage\"},\"thumbnailUrl\":\"https:\\\/\\\/www.strassenweb.de\\\/nachrichten\\\/wp-content\\\/uploads\\\/2025\\\/10\\\/Wie-die-Schwarz-Weiss-Kueche-von-Cardi-B-grafische-Aederungen-dramatische-Kontraste.jpg\",\"keywords\":[\"\u00c4derungen\",\"Cardi\",\"Design\",\"die\",\"dramatische\",\"ein\",\"grafische\",\"Kontraste\",\"Materialien\",\"modernisieren\",\"nutzt\",\"SchwarzWei\u00dfK\u00fcche\",\"und\",\"von\",\"Wie\",\"wirkungsvolle\",\"zeitloses\"],\"articleSection\":[\"Haus &amp; Garten\"],\"inLanguage\":\"de\"},{\"@type\":\"WebPage\",\"@id\":\"https:\\\/\\\/www.strassenweb.de\\\/nachrichten\\\/wie-die-schwarz-weiss-kueche-von-cardi-b-grafische-aederungen-dramatische-kontraste-und-wirkungsvolle-materialien-nutzt-um-ein-zeitloses-design-zu-modernisieren\\\/\",\"url\":\"https:\\\/\\\/www.strassenweb.de\\\/nachrichten\\\/wie-die-schwarz-weiss-kueche-von-cardi-b-grafische-aederungen-dramatische-kontraste-und-wirkungsvolle-materialien-nutzt-um-ein-zeitloses-design-zu-modernisieren\\\/\",\"name\":\"Wie die Schwarz-Wei\u00df-K\u00fcche von Cardi B grafische \u00c4derungen, dramatische Kontraste und wirkungsvolle Materialien nutzt, um ein zeitloses Design zu modernisieren - Nachrichten - Stra\u00dfenweb\",\"isPartOf\":{\"@id\":\"https:\\\/\\\/www.strassenweb.de\\\/nachrichten\\\/#website\"},\"primaryImageOfPage\":{\"@id\":\"https:\\\/\\\/www.strassenweb.de\\\/nachrichten\\\/wie-die-schwarz-weiss-kueche-von-cardi-b-grafische-aederungen-dramatische-kontraste-und-wirkungsvolle-materialien-nutzt-um-ein-zeitloses-design-zu-modernisieren\\\/#primaryimage\"},\"image\":{\"@id\":\"https:\\\/\\\/www.strassenweb.de\\\/nachrichten\\\/wie-die-schwarz-weiss-kueche-von-cardi-b-grafische-aederungen-dramatische-kontraste-und-wirkungsvolle-materialien-nutzt-um-ein-zeitloses-design-zu-modernisieren\\\/#primaryimage\"},\"thumbnailUrl\":\"https:\\\/\\\/www.strassenweb.de\\\/nachrichten\\\/wp-content\\\/uploads\\\/2025\\\/10\\\/Wie-die-Schwarz-Weiss-Kueche-von-Cardi-B-grafische-Aederungen-dramatische-Kontraste.jpg\",\"datePublished\":\"2025-10-11T23:40:08+00:00\",\"dateModified\":\"2025-10-11T23:40:09+00:00\",\"breadcrumb\":{\"@id\":\"https:\\\/\\\/www.strassenweb.de\\\/nachrichten\\\/wie-die-schwarz-weiss-kueche-von-cardi-b-grafische-aederungen-dramatische-kontraste-und-wirkungsvolle-materialien-nutzt-um-ein-zeitloses-design-zu-modernisieren\\\/#breadcrumb\"},\"inLanguage\":\"de\",\"potentialAction\":[{\"@type\":\"ReadAction\",\"target\":[\"https:\\\/\\\/www.strassenweb.de\\\/nachrichten\\\/wie-die-schwarz-weiss-kueche-von-cardi-b-grafische-aederungen-dramatische-kontraste-und-wirkungsvolle-materialien-nutzt-um-ein-zeitloses-design-zu-modernisieren\\\/\"]}]},{\"@type\":\"ImageObject\",\"inLanguage\":\"de\",\"@id\":\"https:\\\/\\\/www.strassenweb.de\\\/nachrichten\\\/wie-die-schwarz-weiss-kueche-von-cardi-b-grafische-aederungen-dramatische-kontraste-und-wirkungsvolle-materialien-nutzt-um-ein-zeitloses-design-zu-modernisieren\\\/#primaryimage\",\"url\":\"https:\\\/\\\/www.strassenweb.de\\\/nachrichten\\\/wp-content\\\/uploads\\\/2025\\\/10\\\/Wie-die-Schwarz-Weiss-Kueche-von-Cardi-B-grafische-Aederungen-dramatische-Kontraste.jpg\",\"contentUrl\":\"https:\\\/\\\/www.strassenweb.de\\\/nachrichten\\\/wp-content\\\/uploads\\\/2025\\\/10\\\/Wie-die-Schwarz-Weiss-Kueche-von-Cardi-B-grafische-Aederungen-dramatische-Kontraste.jpg\",\"width\":1600,\"height\":900,\"caption\":\"Cardi B\"},{\"@type\":\"BreadcrumbList\",\"@id\":\"https:\\\/\\\/www.strassenweb.de\\\/nachrichten\\\/wie-die-schwarz-weiss-kueche-von-cardi-b-grafische-aederungen-dramatische-kontraste-und-wirkungsvolle-materialien-nutzt-um-ein-zeitloses-design-zu-modernisieren\\\/#breadcrumb\",\"itemListElement\":[{\"@type\":\"ListItem\",\"position\":1,\"name\":\"Home\",\"item\":\"https:\\\/\\\/www.strassenweb.de\\\/nachrichten\\\/\"},{\"@type\":\"ListItem\",\"position\":2,\"name\":\"Wie die Schwarz-Wei\u00df-K\u00fcche von Cardi B grafische \u00c4derungen, dramatische Kontraste und wirkungsvolle Materialien nutzt, um ein zeitloses Design zu modernisieren\"}]},{\"@type\":\"WebSite\",\"@id\":\"https:\\\/\\\/www.strassenweb.de\\\/nachrichten\\\/#website\",\"url\":\"https:\\\/\\\/www.strassenweb.de\\\/nachrichten\\\/\",\"name\":\"Stra\u00dfenweb\",\"description\":\"Stra\u00dfenverzeichnis f\u00fcr Deutschland\",\"publisher\":{\"@id\":\"https:\\\/\\\/www.strassenweb.de\\\/nachrichten\\\/#organization\"},\"potentialAction\":[{\"@type\":\"SearchAction\",\"target\":{\"@type\":\"EntryPoint\",\"urlTemplate\":\"https:\\\/\\\/www.strassenweb.de\\\/nachrichten\\\/?s={search_term_string}\"},\"query-input\":{\"@type\":\"PropertyValueSpecification\",\"valueRequired\":true,\"valueName\":\"search_term_string\"}}],\"inLanguage\":\"de\"},{\"@type\":\"Organization\",\"@id\":\"https:\\\/\\\/www.strassenweb.de\\\/nachrichten\\\/#organization\",\"name\":\"Stra\u00dfenweb\",\"url\":\"https:\\\/\\\/www.strassenweb.de\\\/nachrichten\\\/\",\"logo\":{\"@type\":\"ImageObject\",\"inLanguage\":\"de\",\"@id\":\"https:\\\/\\\/www.strassenweb.de\\\/nachrichten\\\/#\\\/schema\\\/logo\\\/image\\\/\",\"url\":\"https:\\\/\\\/www.strassenweb.de\\\/nachrichten\\\/wp-content\\\/uploads\\\/2024\\\/09\\\/cropped-favicon.png\",\"contentUrl\":\"https:\\\/\\\/www.strassenweb.de\\\/nachrichten\\\/wp-content\\\/uploads\\\/2024\\\/09\\\/cropped-favicon.png\",\"width\":512,\"height\":512,\"caption\":\"Stra\u00dfenweb\"},\"image\":{\"@id\":\"https:\\\/\\\/www.strassenweb.de\\\/nachrichten\\\/#\\\/schema\\\/logo\\\/image\\\/\"},\"sameAs\":[\"https:\\\/\\\/www.facebook.com\\\/strassenweb\\\/\"]},{\"@type\":\"Person\",\"@id\":\"https:\\\/\\\/www.strassenweb.de\\\/nachrichten\\\/#\\\/schema\\\/person\\\/87c9c9067f1211da429a744dc5a5aa41\",\"name\":\"Robert Hoffmann\",\"image\":{\"@type\":\"ImageObject\",\"inLanguage\":\"de\",\"@id\":\"https:\\\/\\\/www.strassenweb.de\\\/nachrichten\\\/wp-content\\\/uploads\\\/2024\\\/09\\\/strassenweb-150x150.jpg\",\"url\":\"https:\\\/\\\/www.strassenweb.de\\\/nachrichten\\\/wp-content\\\/uploads\\\/2024\\\/09\\\/strassenweb-150x150.jpg\",\"contentUrl\":\"https:\\\/\\\/www.strassenweb.de\\\/nachrichten\\\/wp-content\\\/uploads\\\/2024\\\/09\\\/strassenweb-150x150.jpg\",\"caption\":\"Robert Hoffmann\"},\"description\":\"Ich hei\u00dfe Robert Hoffmann und ich bin ein leidenschaftlicher Verfechter von \u00d6kologie und Biodiversit\u00e4t. Seit meiner Kindheit in den W\u00e4ldern Bayerns f\u00fchle ich mich mit der Natur verbunden und bin entschlossen, sie zu sch\u00fctzen. Heute widme ich mein Leben der Sensibilisierung anderer f\u00fcr die Bedeutung des Umweltschutzes f\u00fcr zuk\u00fcnftige Generationen.\",\"sameAs\":[\"https:\\\/\\\/www.strassenweb.de\\\/\"]}]}<\/script>\n<!-- \/ Yoast SEO plugin. -->","yoast_head_json":{"title":"Wie die Schwarz-Wei\u00df-K\u00fcche von Cardi B grafische \u00c4derungen, dramatische Kontraste und wirkungsvolle Materialien nutzt, um ein zeitloses Design zu modernisieren - Nachrichten - Stra\u00dfenweb","robots":{"index":"index","follow":"follow","max-snippet":"max-snippet:-1","max-image-preview":"max-image-preview:large","max-video-preview":"max-video-preview:-1"},"canonical":"https:\/\/www.strassenweb.de\/nachrichten\/wie-die-schwarz-weiss-kueche-von-cardi-b-grafische-aederungen-dramatische-kontraste-und-wirkungsvolle-materialien-nutzt-um-ein-zeitloses-design-zu-modernisieren\/","og_locale":"de_DE","og_type":"article","og_title":"Wie die Schwarz-Wei\u00df-K\u00fcche von Cardi B grafische \u00c4derungen, dramatische Kontraste und wirkungsvolle Materialien nutzt, um ein zeitloses Design zu modernisieren - Nachrichten - Stra\u00dfenweb","og_description":"Die Kombination aus Schwarz und Wei\u00df ist seit langem ein wesentliches und \u00e4u\u00dferst wirkungsvolles Farbschema f\u00fcr jede K\u00fcche. Diese kontrastierenden Farbt\u00f6ne verst\u00e4rken sich auf nat\u00fcrliche","og_url":"https:\/\/www.strassenweb.de\/nachrichten\/wie-die-schwarz-weiss-kueche-von-cardi-b-grafische-aederungen-dramatische-kontraste-und-wirkungsvolle-materialien-nutzt-um-ein-zeitloses-design-zu-modernisieren\/","og_site_name":"Stra\u00dfenweb","article_publisher":"https:\/\/www.facebook.com\/strassenweb\/","article_published_time":"2025-10-11T23:40:08+00:00","article_modified_time":"2025-10-11T23:40:09+00:00","og_image":[{"width":1600,"height":900,"url":"https:\/\/www.strassenweb.de\/nachrichten\/wp-content\/uploads\/2025\/10\/Wie-die-Schwarz-Weiss-Kueche-von-Cardi-B-grafische-Aederungen-dramatische-Kontraste.jpg","type":"image\/jpeg"}],"author":"Robert Hoffmann","twitter_card":"summary_large_image","twitter_misc":{"Verfasst von":"Robert Hoffmann","Gesch\u00e4tzte Lesezeit":"2\u00a0Minuten"},"schema":{"@context":"https:\/\/schema.org","@graph":[{"@type":"Article","@id":"https:\/\/www.strassenweb.de\/nachrichten\/wie-die-schwarz-weiss-kueche-von-cardi-b-grafische-aederungen-dramatische-kontraste-und-wirkungsvolle-materialien-nutzt-um-ein-zeitloses-design-zu-modernisieren\/#article","isPartOf":{"@id":"https:\/\/www.strassenweb.de\/nachrichten\/wie-die-schwarz-weiss-kueche-von-cardi-b-grafische-aederungen-dramatische-kontraste-und-wirkungsvolle-materialien-nutzt-um-ein-zeitloses-design-zu-modernisieren\/"},"author":{"name":"Robert Hoffmann","@id":"https:\/\/www.strassenweb.de\/nachrichten\/#\/schema\/person\/87c9c9067f1211da429a744dc5a5aa41"},"headline":"Wie die Schwarz-Wei\u00df-K\u00fcche von Cardi B grafische \u00c4derungen, dramatische Kontraste und wirkungsvolle Materialien nutzt, um ein zeitloses Design zu modernisieren","datePublished":"2025-10-11T23:40:08+00:00","dateModified":"2025-10-11T23:40:09+00:00","mainEntityOfPage":{"@id":"https:\/\/www.strassenweb.de\/nachrichten\/wie-die-schwarz-weiss-kueche-von-cardi-b-grafische-aederungen-dramatische-kontraste-und-wirkungsvolle-materialien-nutzt-um-ein-zeitloses-design-zu-modernisieren\/"},"wordCount":460,"publisher":{"@id":"https:\/\/www.strassenweb.de\/nachrichten\/#organization"},"image":{"@id":"https:\/\/www.strassenweb.de\/nachrichten\/wie-die-schwarz-weiss-kueche-von-cardi-b-grafische-aederungen-dramatische-kontraste-und-wirkungsvolle-materialien-nutzt-um-ein-zeitloses-design-zu-modernisieren\/#primaryimage"},"thumbnailUrl":"https:\/\/www.strassenweb.de\/nachrichten\/wp-content\/uploads\/2025\/10\/Wie-die-Schwarz-Weiss-Kueche-von-Cardi-B-grafische-Aederungen-dramatische-Kontraste.jpg","keywords":["\u00c4derungen","Cardi","Design","die","dramatische","ein","grafische","Kontraste","Materialien","modernisieren","nutzt","SchwarzWei\u00dfK\u00fcche","und","von","Wie","wirkungsvolle","zeitloses"],"articleSection":["Haus &amp; Garten"],"inLanguage":"de"},{"@type":"WebPage","@id":"https:\/\/www.strassenweb.de\/nachrichten\/wie-die-schwarz-weiss-kueche-von-cardi-b-grafische-aederungen-dramatische-kontraste-und-wirkungsvolle-materialien-nutzt-um-ein-zeitloses-design-zu-modernisieren\/","url":"https:\/\/www.strassenweb.de\/nachrichten\/wie-die-schwarz-weiss-kueche-von-cardi-b-grafische-aederungen-dramatische-kontraste-und-wirkungsvolle-materialien-nutzt-um-ein-zeitloses-design-zu-modernisieren\/","name":"Wie die Schwarz-Wei\u00df-K\u00fcche von Cardi B grafische \u00c4derungen, dramatische Kontraste und wirkungsvolle Materialien nutzt, um ein zeitloses Design zu modernisieren - Nachrichten - Stra\u00dfenweb","isPartOf":{"@id":"https:\/\/www.strassenweb.de\/nachrichten\/#website"},"primaryImageOfPage":{"@id":"https:\/\/www.strassenweb.de\/nachrichten\/wie-die-schwarz-weiss-kueche-von-cardi-b-grafische-aederungen-dramatische-kontraste-und-wirkungsvolle-materialien-nutzt-um-ein-zeitloses-design-zu-modernisieren\/#primaryimage"},"image":{"@id":"https:\/\/www.strassenweb.de\/nachrichten\/wie-die-schwarz-weiss-kueche-von-cardi-b-grafische-aederungen-dramatische-kontraste-und-wirkungsvolle-materialien-nutzt-um-ein-zeitloses-design-zu-modernisieren\/#primaryimage"},"thumbnailUrl":"https:\/\/www.strassenweb.de\/nachrichten\/wp-content\/uploads\/2025\/10\/Wie-die-Schwarz-Weiss-Kueche-von-Cardi-B-grafische-Aederungen-dramatische-Kontraste.jpg","datePublished":"2025-10-11T23:40:08+00:00","dateModified":"2025-10-11T23:40:09+00:00","breadcrumb":{"@id":"https:\/\/www.strassenweb.de\/nachrichten\/wie-die-schwarz-weiss-kueche-von-cardi-b-grafische-aederungen-dramatische-kontraste-und-wirkungsvolle-materialien-nutzt-um-ein-zeitloses-design-zu-modernisieren\/#breadcrumb"},"inLanguage":"de","potentialAction":[{"@type":"ReadAction","target":["https:\/\/www.strassenweb.de\/nachrichten\/wie-die-schwarz-weiss-kueche-von-cardi-b-grafische-aederungen-dramatische-kontraste-und-wirkungsvolle-materialien-nutzt-um-ein-zeitloses-design-zu-modernisieren\/"]}]},{"@type":"ImageObject","inLanguage":"de","@id":"https:\/\/www.strassenweb.de\/nachrichten\/wie-die-schwarz-weiss-kueche-von-cardi-b-grafische-aederungen-dramatische-kontraste-und-wirkungsvolle-materialien-nutzt-um-ein-zeitloses-design-zu-modernisieren\/#primaryimage","url":"https:\/\/www.strassenweb.de\/nachrichten\/wp-content\/uploads\/2025\/10\/Wie-die-Schwarz-Weiss-Kueche-von-Cardi-B-grafische-Aederungen-dramatische-Kontraste.jpg","contentUrl":"https:\/\/www.strassenweb.de\/nachrichten\/wp-content\/uploads\/2025\/10\/Wie-die-Schwarz-Weiss-Kueche-von-Cardi-B-grafische-Aederungen-dramatische-Kontraste.jpg","width":1600,"height":900,"caption":"Cardi B"},{"@type":"BreadcrumbList","@id":"https:\/\/www.strassenweb.de\/nachrichten\/wie-die-schwarz-weiss-kueche-von-cardi-b-grafische-aederungen-dramatische-kontraste-und-wirkungsvolle-materialien-nutzt-um-ein-zeitloses-design-zu-modernisieren\/#breadcrumb","itemListElement":[{"@type":"ListItem","position":1,"name":"Home","item":"https:\/\/www.strassenweb.de\/nachrichten\/"},{"@type":"ListItem","position":2,"name":"Wie die Schwarz-Wei\u00df-K\u00fcche von Cardi B grafische \u00c4derungen, dramatische Kontraste und wirkungsvolle Materialien nutzt, um ein zeitloses Design zu modernisieren"}]},{"@type":"WebSite","@id":"https:\/\/www.strassenweb.de\/nachrichten\/#website","url":"https:\/\/www.strassenweb.de\/nachrichten\/","name":"Stra\u00dfenweb","description":"Stra\u00dfenverzeichnis f\u00fcr Deutschland","publisher":{"@id":"https:\/\/www.strassenweb.de\/nachrichten\/#organization"},"potentialAction":[{"@type":"SearchAction","target":{"@type":"EntryPoint","urlTemplate":"https:\/\/www.strassenweb.de\/nachrichten\/?s={search_term_string}"},"query-input":{"@type":"PropertyValueSpecification","valueRequired":true,"valueName":"search_term_string"}}],"inLanguage":"de"},{"@type":"Organization","@id":"https:\/\/www.strassenweb.de\/nachrichten\/#organization","name":"Stra\u00dfenweb","url":"https:\/\/www.strassenweb.de\/nachrichten\/","logo":{"@type":"ImageObject","inLanguage":"de","@id":"https:\/\/www.strassenweb.de\/nachrichten\/#\/schema\/logo\/image\/","url":"https:\/\/www.strassenweb.de\/nachrichten\/wp-content\/uploads\/2024\/09\/cropped-favicon.png","contentUrl":"https:\/\/www.strassenweb.de\/nachrichten\/wp-content\/uploads\/2024\/09\/cropped-favicon.png","width":512,"height":512,"caption":"Stra\u00dfenweb"},"image":{"@id":"https:\/\/www.strassenweb.de\/nachrichten\/#\/schema\/logo\/image\/"},"sameAs":["https:\/\/www.facebook.com\/strassenweb\/"]},{"@type":"Person","@id":"https:\/\/www.strassenweb.de\/nachrichten\/#\/schema\/person\/87c9c9067f1211da429a744dc5a5aa41","name":"Robert Hoffmann","image":{"@type":"ImageObject","inLanguage":"de","@id":"https:\/\/www.strassenweb.de\/nachrichten\/wp-content\/uploads\/2024\/09\/strassenweb-150x150.jpg","url":"https:\/\/www.strassenweb.de\/nachrichten\/wp-content\/uploads\/2024\/09\/strassenweb-150x150.jpg","contentUrl":"https:\/\/www.strassenweb.de\/nachrichten\/wp-content\/uploads\/2024\/09\/strassenweb-150x150.jpg","caption":"Robert Hoffmann"},"description":"Ich hei\u00dfe Robert Hoffmann und ich bin ein leidenschaftlicher Verfechter von \u00d6kologie und Biodiversit\u00e4t. Seit meiner Kindheit in den W\u00e4ldern Bayerns f\u00fchle ich mich mit der Natur verbunden und bin entschlossen, sie zu sch\u00fctzen. Heute widme ich mein Leben der Sensibilisierung anderer f\u00fcr die Bedeutung des Umweltschutzes f\u00fcr zuk\u00fcnftige Generationen.","sameAs":["https:\/\/www.strassenweb.de\/"]}]}},"_links":{"self":[{"href":"https:\/\/www.strassenweb.de\/nachrichten\/wp-json\/wp\/v2\/posts\/8401","targetHints":{"allow":["GET"]}}],"collection":[{"href":"https:\/\/www.strassenweb.de\/nachrichten\/wp-json\/wp\/v2\/posts"}],"about":[{"href":"https:\/\/www.strassenweb.de\/nachrichten\/wp-json\/wp\/v2\/types\/post"}],"author":[{"embeddable":true,"href":"https:\/\/www.strassenweb.de\/nachrichten\/wp-json\/wp\/v2\/users\/1"}],"replies":[{"embeddable":true,"href":"https:\/\/www.strassenweb.de\/nachrichten\/wp-json\/wp\/v2\/comments?post=8401"}],"version-history":[{"count":0,"href":"https:\/\/www.strassenweb.de\/nachrichten\/wp-json\/wp\/v2\/posts\/8401\/revisions"}],"wp:featuredmedia":[{"embeddable":true,"href":"https:\/\/www.strassenweb.de\/nachrichten\/wp-json\/wp\/v2\/media\/8402"}],"wp:attachment":[{"href":"https:\/\/www.strassenweb.de\/nachrichten\/wp-json\/wp\/v2\/media?parent=8401"}],"wp:term":[{"taxonomy":"category","embeddable":true,"href":"https:\/\/www.strassenweb.de\/nachrichten\/wp-json\/wp\/v2\/categories?post=8401"},{"taxonomy":"post_tag","embeddable":true,"href":"https:\/\/www.strassenweb.de\/nachrichten\/wp-json\/wp\/v2\/tags?post=8401"}],"curies":[{"name":"wp","href":"https:\/\/api.w.org\/{rel}","templated":true}]}}