{"id":8381,"date":"2025-10-11T04:39:42","date_gmt":"2025-10-11T02:39:42","guid":{"rendered":"https:\/\/www.strassenweb.de\/nachrichten\/essensbereiche-erleben-ein-sehr-willkommenes-comeback-und-designer-sagen-dass-diese-kompakten-essbereiche-selbst-fuer-die-kleinste-kueche-perfekt-sind\/"},"modified":"2025-10-11T04:39:42","modified_gmt":"2025-10-11T02:39:42","slug":"essensbereiche-erleben-ein-sehr-willkommenes-comeback-und-designer-sagen-dass-diese-kompakten-essbereiche-selbst-fuer-die-kleinste-kueche-perfekt-sind","status":"publish","type":"post","link":"https:\/\/www.strassenweb.de\/nachrichten\/essensbereiche-erleben-ein-sehr-willkommenes-comeback-und-designer-sagen-dass-diese-kompakten-essbereiche-selbst-fuer-die-kleinste-kueche-perfekt-sind\/","title":{"rendered":"\u201eEssensbereiche\u201c erleben ein sehr willkommenes Comeback \u2013 und Designer sagen, dass diese kompakten Essbereiche selbst f\u00fcr die kleinste K\u00fcche perfekt sind"},"content":{"rendered":"<p><\/p>\n<div id=\"article-body\" class=\"article__body \">\n<p id=\"ef2cabec-0b51-46f5-ad05-3edf4e6c902c\">Als K\u00fcchenredakteur behalte ich stets die subtilen Ver\u00e4nderungen in der Art und Weise im Auge, wie wir unsere R\u00e4ume nutzen und gestalten. Und wenn es ein K\u00fcchenmerkmal gibt, das mir in letzter Zeit ein Comeback beschert hat, dann sind es die Essbereiche.<\/p>\n<div id=\"ad-unit-1\" class=\"ad-unit\"><\/div>\n<p>Dabei geht es nicht um riesige offene R\u00e4ume mit gro\u00dfem Tisch, sondern um kompakte Essbereiche, die sich auch in kleinen K\u00fcchen wohlf\u00fchlen. Denken Sie an charmante Bistrotische, gem\u00fctliche Sitzb\u00e4nke oder sogar eine kleine Fr\u00fchst\u00fccksbar.<\/p>\n<p>Es geht darum, einen komfortablen, intimen Ort zum Sitzen, Essen und Verbringen sch\u00f6ner Zeit zu schaffen. Hier finden Sie alles, was Sie \u00fcber Essbereiche wissen m\u00fcssen und wie Sie einen solchen in Ihrer eigenen K\u00fcche einrichten.<\/p>\n<div class=\"van_vid_carousel\">\n<div class=\"van_vid_carousel__padding\">\n<div class=\"van_vid_carousel__container\"><\/div>\n<\/div>\n<\/div>\n<figure class=\"van-image-figure inline-layout \" data-bordeaux-image-check id=\"b81a8d5e-9510-478c-b199-29f7516db2f1\">\n<div class=\"image-full-width-wrapper\">\n<div class=\"image-widthsetter\" style=\"max-width:2000px;\"><\/div>\n<\/div>\n<\/figure>\n<p id=\"e0f57676-f803-4594-9272-2172e6557f3a\">In den letzten Jahren drehte sich bei der K\u00fcchenbestuhlung alles um die Insel. Barsitze zum Sitzen und geselligen Beisammensein haben immer noch ihren Platz, aber sie haben eine sehr ungezwungene Atmosph\u00e4re, die sich eher wie ein kurzer Stopp anf\u00fchlt, als wie ein Ort zum Sitzen und Entspannen.<\/p>\n<div id=\"ad-unit-2\" class=\"ad-unit\"><\/div>\n<aside data-block-type=\"embed\" data-render-type=\"fte\" data-skip=\"dealsy\" data-widget-type=\"seasonal\" class=\"hawk-root\"><\/aside>\n<p id=\"e0f57676-f803-4594-9272-2172e6557f3a-1\">\u201eInseln eignen sich wunderbar f\u00fcr Unterhaltung und schnelle Mahlzeiten, aber nichts ersetzt die Unterhaltung, die Familie und Freunde f\u00fchren, wenn sie sich um einen Tisch versammeln und einander ansehen k\u00f6nnen, w\u00e4hrend sie sich unterhalten\u201c, sagt Innenarchitektin Marika Meyer.<\/p>\n<p>Genau aus diesem Grund erleben Wohnr\u00e4ume ein Revival. Und sie sind besonders in kleineren K\u00fcchen verbreitet, wo keine vorhandenen Sitzgelegenheiten vorhanden sind, sondern ausgewiesene Essecken Vorrang haben. Und es deckt sich mit dem Wunsch nach mehr bewohnten und geliebten K\u00fcchen.<\/p>\n<figure class=\"van-image-figure inline-layout \" data-bordeaux-image-check id=\"2f7cbadf-072a-40cb-a780-b636e521a297\">\n<div class=\"image-full-width-wrapper\">\n<div class=\"image-widthsetter\" style=\"max-width:2000px;\"><\/div>\n<\/div>\n<\/figure>\n<p id=\"b8c2e41d-689c-4acb-abcb-50357f1d6934\">\u201eDer Wunsch nach warmen, bewohnbaren und vielseitigen H\u00e4usern w\u00e4chst. Wohnk\u00fcchen rufen ein Gef\u00fchl von Nostalgie und Zusammengeh\u00f6rigkeit hervor und machen in kleineren H\u00e4usern die Notwendigkeit eines separaten Esszimmers \u00fcberfl\u00fcssig. \u201eEs ist eine Mischung aus Praktikabilit\u00e4t und Lifestyle\u201c, sagt Susan Klimala von der TKS Design Group.<\/p>\n<div id=\"slice-container-newsletterForm-articleInbodyContent-ds26Jtt7DsRenSG9e9ui9i\" class=\"slice-container newsletter-inbodyContent-slice newsletterForm-articleInbodyContent-ds26Jtt7DsRenSG9e9ui9i slice-container-newsletterForm\"><\/div>\n<p>\u201eDie K\u00fcche ist oft das Herzst\u00fcck des Hauses.\u201c \u201eDie Leute lieben es, dort abzuh\u00e4ngen, also nutzen Sie den Raum, um eine zweite Wohnk\u00fcche als zus\u00e4tzliche Funktionalit\u00e4t f\u00fcr Zusammenk\u00fcnfte einzurichten\u201c, f\u00fcgt Margaret Donaldson von MDI Luxury Design hinzu.<\/p>\n<p>\u201eVielleicht findet hier Ihr Morgenkaffee statt, oder vielleicht essen hier die Enkelkinder mittags zu Mittag, w\u00e4hrend Ihr formeller Speisesaal ein separater Raum f\u00fcr gr\u00f6\u00dfere Zusammenk\u00fcnfte bleibt.\u201c \u201eDie Wohnk\u00fcchen sind ein stiller Luxus des Alltags.\u201c<\/p>\n<h2 id=\"7-ways-to-create-an-eat-in-area-in-your-kitchen-3\">7 M\u00f6glichkeiten, einen Essbereich in Ihrer K\u00fcche zu schaffen<\/h2>\n<p id=\"8aca131c-da56-4d41-b463-dba54c1d332a\">Ganz gleich, ob Sie auf der Suche nach einer einfachen M\u00f6glichkeit sind, einen Essbereich zu Ihrer bestehenden K\u00fcche hinzuzuf\u00fcgen, oder einen solchen in Ihren Umbau einbauen m\u00f6chten, hier finden Sie einige von Designern bew\u00e4hrte M\u00f6glichkeiten, um in K\u00fcchen jeder Gr\u00f6\u00dfe und jedes Stils einen kleinen Sitzbereich einzuf\u00fchren.<\/p>\n<h3 class=\"article-body__section\" id=\"section-1-add-parisian-style-with-a-bistro-set\"><span>1. F\u00fcgen Sie Pariser Stil mit einem Bistro-Set hinzu<\/span><\/h3>\n<figure class=\"van-image-figure inline-layout \" data-bordeaux-image-check id=\"01563f82-b1a6-40a5-b493-e091ef737c68\">\n<div class=\"image-full-width-wrapper\">\n<div class=\"image-widthsetter\" style=\"max-width:2000px;\"><\/div>\n<\/div>\n<\/figure>\n<p id=\"60d65337-1c1d-47c4-b389-e2ec80a9ec9f\">Wenn Sie an ein franz\u00f6sisches Bistro denken, f\u00e4llt Ihnen wahrscheinlich ein kleiner runder Tisch mit zwei St\u00fchlen ein. Es ist ein einfacher Ansatz, den wir jedoch mit den schicksten St\u00e4dten verbinden. Und es ist ein Look, der sich in Ihrer kleinen K\u00fcche leicht nachbilden l\u00e4sst.<\/p>\n<p>Diese deVOL-K\u00fcche ist ein perfektes Beispiel \u2013 ein klassisches Bistro-Set aus Holz wurde in einer ungenutzten Ecke platziert und dar\u00fcber eine h\u00fcbsche Pendelleuchte aus Glas. Der Effekt? Eine gem\u00fctliche, intime Ecke zum Essen, Entspannen und Zeit mit Ihren Lieben verbringen.<\/p>\n<p>Dies ist eine stilvolle Option, wenn Sie einer vorhandenen K\u00fcche einen Essbereich hinzuf\u00fcgen m\u00f6chten, anstatt sie w\u00e4hrend einer Renovierung umzubauen, da es viel einfacher ist, einen Tisch und St\u00fchle einzuf\u00fchren als eine ganze Bankettanordnung. Mit dem Petite Vineyard Table und den Bugholz-Caf\u00e9-St\u00fchlen von deVOL k\u00f6nnen Sie genau diese Anordnung nachbilden.<\/p>\n<div class=\"product-container hero-product-container product-block-no-wrap\">\n<div class=\"product-block-row\"><\/div>\n<div class=\"product-block-row\"><\/div>\n<div class=\"product-block-row\"><\/div>\n<\/div>\n<h3 class=\"article-body__section\" id=\"section-2-keep-it-cozy-with-a-kitchen-banquette\"><span>2. Sorgen Sie f\u00fcr Gem\u00fctlichkeit mit einer K\u00fcchenbankette<\/span><\/h3>\n<figure class=\"van-image-figure inline-layout \" data-bordeaux-image-check id=\"3d948b0b-9fe8-4ccf-af3a-5495e30fb6a9\">\n<div class=\"image-full-width-wrapper\">\n<div class=\"image-widthsetter\" style=\"max-width:2000px;\"><\/div>\n<\/div>\n<\/figure>\n<p id=\"a816c619-3d99-4d5c-bfda-c91c15f07f94\">Manchmal ist es aufgrund der Architektur einer K\u00fcche einfach, Platz f\u00fcr einen kleinen Essbereich zu finden, wie zum Beispiel das gro\u00dfe Erkerfenster in dieser K\u00fcche. Es war der perfekte Raum f\u00fcr eine umlaufende Bankette mit einem Tisch in der Mitte, und das war bereits in der Planungsphase klar.<\/p>\n<p>\u201eWir bauen viele Wohnk\u00fcchen, bei denen die Maximierung von Sitzgelegenheiten, Platz und Funktionalit\u00e4t im Vordergrund steht.\u201c \u201eWir planen immer im Voraus, wie wir Esstische und St\u00fchle aufgrund des begrenzten Platzangebots sinnvoll gestalten k\u00f6nnen\u201c, sagt Margaret.<\/p>\n<p>\u201eDiese R\u00e4ume sind von Anfang an in Arbeit, sodass wir die Grundrisse im Voraus planen und bei Bedarf Anpassungen vornehmen oder bei der Auswahl der M\u00f6bel eine sorgf\u00e4ltige Auswahl treffen k\u00f6nnen\u201c, f\u00fcgt sie hinzu.<\/p>\n<figure class=\"van-image-figure inline-layout \" data-bordeaux-image-check id=\"041c3346-b7d9-4772-a3f5-e9fcf9083d48\">\n<div class=\"image-full-width-wrapper\">\n<div class=\"image-widthsetter\" style=\"max-width:2000px;\"><\/div>\n<\/div>\n<\/figure>\n<p id=\"f5c05e06-79aa-4d7a-a127-31b604c79d6a\">Eine Bankette ist eine gute Wahl in einer kleinen K\u00fcche, da sie f\u00fcr mehr Komfort und Struktur sorgt und dabei nur wenig Platz beansprucht. Aus diesem Grund werden sie so oft in Caf\u00e9s und gem\u00fctlichen Restaurants verwendet \u2013 sie ben\u00f6tigen weniger Quadratmeter als ein Tisch und St\u00fchle.<\/p>\n<p>\u201eMachen Sie das Beste aus begrenztem Platz mit Sitzb\u00e4nken im Bankettstil, ob eingebaut oder mit freistehenden B\u00e4nken. Sie k\u00f6nnen darunter Stauraum hinzuf\u00fcgen, um den Platz wirklich zu maximieren.\u201c \u201eEin runder Tisch eignet sich perfekt f\u00fcr kleine oder ung\u00fcnstige Ecken und sorgt f\u00fcr einen flie\u00dfenden und zusammenh\u00e4ngenden Look\u201c, sagt Fred Horlock, Design Director bei Neptune.<\/p>\n<h3 class=\"article-body__section\" id=\"section-3-use-textiles-to-add-color-and-coziness\"><span>3. F\u00fcr mehr Farbe und Gem\u00fctlichkeit sorgen Textilien<\/span><\/h3>\n<figure class=\"van-image-figure inline-layout \" data-bordeaux-image-check id=\"aa64dcb3-93da-479d-a7cb-5c3d722438ac\">\n<div class=\"image-full-width-wrapper\">\n<div class=\"image-widthsetter\" style=\"max-width:2000px;\"><\/div>\n<\/div>\n<\/figure>\n<p id=\"ab56b381-44bd-4067-afcd-b49d04e5d88e\">Das Einrichten eines Essbereichs ist so einfach wie das Hinzuf\u00fcgen eines Tisches und von St\u00fchlen, aber die Einf\u00fchrung von Textilien und Dekor ist eine gro\u00dfartige M\u00f6glichkeit, Farbe und Gem\u00fctlichkeit zu verleihen. \u201eDie K\u00fcche in der H\u00fctte hatte so viel Charme, und ich habe mich in die kleine Nische verliebt, die von der K\u00fcche ins Wohnzimmer f\u00fchrt.\u201c Es hatte ein wundersch\u00f6nes gew\u00f6lbtes Detail an der Decke, das fast wie eine Umarmung wirkte <em>Komm her, setz dich zu mir<\/em>\u201e, sagt die Innenarchitektin Georgia Zikas.<\/p>\n<p>\u201eIch hatte das Gef\u00fchl, dass es der perfekte Ort f\u00fcr einen kleinen Tisch und ein Paar St\u00fchle w\u00e4re.\u201c Morgenkaffee oder Nachmittagssnacks w\u00fcrden passen! \u201eWir haben \u00fcber dem Tisch eine lustige Rattan-Leuchte angebracht, um den herzlichen Empfang abzurunden\u201c, f\u00fcgt sie hinzu.<\/p>\n<p>Obwohl es sich bei dieser charmanten Landhausk\u00fcche um einen relativ kleinen Raum handelt, war es wichtig, einen Essbereich hinzuzuf\u00fcgen, um zu jedem Anlass einen Raum zum Sitzen und Entspannen zu schaffen. \u201eIch habe immer das Gef\u00fchl, dass ein Landeplatz in der K\u00fcche oder zumindest in der N\u00e4he sehr n\u00fctzlich f\u00fcr den Nutzen ist\u201c, f\u00e4hrt sie fort.<\/p>\n<p>\u201eWenn Sie kochen oder backen und etwas noch ein paar Minuten im Ofen braucht, ist es wunderbar, einen Sitzplatz in der N\u00e4he zu haben, auf dem Sie sitzen und auf die Uhr schauen k\u00f6nnen.\u201c Oder wenn beim Kochen oder Backen ein Gast zu Besuch ist, ist es wunderbar, f\u00fcr diesen Gast einen Platz zum Entspannen, Sitzen und Plaudern zu haben. Diese kleinere K\u00fcchengr\u00f6\u00dfe erm\u00f6glichte keine vollst\u00e4ndige Mittelinsel, daher war es einfach perfekt, den kleinen Tisch und die St\u00fchle an der Seite zu platzieren.\u201c<\/p>\n<div class=\"product-container hero-product-container product-block-no-wrap\">\n<div class=\"product-block-row\"><\/div>\n<div class=\"product-block-row\"><\/div>\n<div class=\"product-block-row\"><\/div>\n<\/div>\n<h3 class=\"article-body__section\" id=\"section-4-ditch-a-small-island-for-a-round-table-and-chairs\"><span>4. Ersetzen Sie eine kleine Insel durch einen runden Tisch und St\u00fchle<\/span><\/h3>\n<figure class=\"van-image-figure inline-layout \" data-bordeaux-image-check id=\"e260e23c-e7b4-425e-9d15-d3c3fee8fd31\">\n<div class=\"image-full-width-wrapper\">\n<div class=\"image-widthsetter\" style=\"max-width:2000px;\"><\/div>\n<\/div>\n<\/figure>\n<p id=\"015c2e2b-da74-499b-bdeb-2bc05096f53c\">Es kann verlockend sein, zu versuchen, eine kleine Insel in eine kompakte K\u00fcche zu quetschen, aber meistens sieht sie am Ende etwas umst\u00e4ndlich aus und bietet nicht wirklich viel Stauraum oder Ablagefl\u00e4che.<\/p>\n<p>Aber ein Essbereich ist eine tolle Alternative. Ein bisschen wie eine klassische Bauernk\u00fcche, ein kleiner runder Tisch und St\u00fchle im Herzen Ihres Kochraums wirken sofort bewohnt und wie ein Raum, in dem man sich unterhalten kann, statt nur zu kochen.<\/p>\n<p>In dieser von Shannon Eddings Interiors entworfenen kleinen Cottage-K\u00fcche wurde in der Mitte des U-f\u00f6rmigen Grundrisses ein einfaches Holztischset hinzugef\u00fcgt. Es nutzt den Raum, der nicht gro\u00df genug f\u00fcr eine Insel ist, optimal aus und zeigt sofort an, dass dies das Herzst\u00fcck des Hauses ist.<\/p>\n<h3 class=\"article-body__section\" id=\"section-5-add-a-breakfast-bar-to-a-small-galley-kitchen\"><span>5. F\u00fcgen Sie einer kleinen Pantryk\u00fcche eine Fr\u00fchst\u00fcckstheke hinzu<\/span><\/h3>\n<figure class=\"van-image-figure inline-layout \" data-bordeaux-image-check id=\"9f12551a-4755-4754-ab44-20f253ba58b6\">\n<div class=\"image-full-width-wrapper\">\n<div class=\"image-widthsetter\" style=\"max-width:2000px;\"><\/div>\n<\/div>\n<\/figure>\n<p id=\"f75b8bee-4b00-40d5-b7a9-604a4d329822\">Manche K\u00fcchengrundrisse lassen einfach keinen Platz f\u00fcr Sitzgelegenheiten, nicht einmal einen kleinen Bistrotisch. Stattdessen ist die Planung einer kleinen Fr\u00fchst\u00fcckstheke am Ende einer M\u00f6belreihe eine gro\u00dfartige M\u00f6glichkeit, einen Essbereich einzuf\u00fchren, ohne die Funktionalit\u00e4t zu beeintr\u00e4chtigen.<\/p>\n<p>\u201eWenn Ihre K\u00fcche lang und d\u00fcnn ist, ist eine versetzte Arbeitsplatte die perfekte L\u00f6sung f\u00fcr eine kleine Fr\u00fchst\u00fcckstheke, da Pantryk\u00fcchen selten genug Breite f\u00fcr einen K\u00fcchentisch haben\u201c, sagt Helen Parker, Kreativdirektorin von deVOL Kitchens.<\/p>\n<p>Diese K\u00fcche beweist, wie einfach es sein kann. Dieser kleine Bereich der versetzten Arbeitsplatte bietet ausreichend Platz f\u00fcr zwei Hocker, ohne viel Platz einzunehmen. Au\u00dferdem ist der Blick aus dem Fenster ein Bonus!<\/p>\n<h3 class=\"article-body__section\" id=\"section-6-convert-an-unused-closet-into-an-eat-in-area\"><span>6. Verwandeln Sie einen ungenutzten Schrank in einen Essbereich<\/span><\/h3>\n<figure class=\"van-image-figure inline-layout \" data-bordeaux-image-check id=\"05bb7d8c-c06b-488b-8a8b-0078392e0a96\">\n<div class=\"image-full-width-wrapper\">\n<div class=\"image-widthsetter\" style=\"max-width:2000px;\"><\/div>\n<\/div>\n<\/figure>\n<p id=\"27b486ff-fbce-4124-954a-6fda5331320e\">Manchmal l\u00e4sst sich durch ein bisschen Heimwerken ein Raum f\u00fcr einen Essbereich schaffen, an den Sie vorher nie gedacht h\u00e4tten. In dieser K\u00fcche wurde ein einst ungenutzter Schrank in einen charaktervollen, vielseitigen Essbereich f\u00fcr jedes Familienmitglied verwandelt.<\/p>\n<p>\u201eDiese K\u00fcche befindet sich in meinem eigenen Zuhause.\u201c Wir haben einen ehemaligen Innenschrank und einen kleinen Au\u00dfenstauraum umgebaut, um Platz f\u00fcr den Tisch zu schaffen. \u201eEs war uns wichtig, in der K\u00fcche zwei eigene Bereiche zum Arbeiten\/Hausaufgaben\/Essen zu haben\u201c, sagt Marika.<\/p>\n<p>\u201eMein j\u00fcngster Sohn macht immer noch gerne seine Hausaufgaben in der K\u00fcche, <em>in der Mischung<\/em>\u201eUnd mir gef\u00e4llt die Idee, dass wir ein Spiel auf dem Tisch haben und auf der Insel essen k\u00f6nnen, oder dass er Schularbeiten auf der Insel auslegen kann und wir den Tisch zum Abendessen nutzen k\u00f6nnen.\u201c<\/p>\n<h3 class=\"article-body__section\" id=\"section-7-prioritize-an-eat-in-area-over-excess-cabinetry\"><span>7. Geben Sie einem Essbereich Vorrang vor \u00fcbersch\u00fcssigem Mobiliar<\/span><\/h3>\n<figure class=\"van-image-figure inline-layout \" data-bordeaux-image-check id=\"fd5c8f0a-b255-4f4b-99db-cf5c668eb8c8\">\n<div class=\"image-full-width-wrapper\">\n<div class=\"image-widthsetter\" style=\"max-width:2000px;\"><\/div>\n<\/div>\n<\/figure>\n<p id=\"1bac6095-33ee-4517-bca1-41f93159e88b\">Wenn Sie Ihren Essbereich im Zuge eines Umbaus oder einer Neugestaltung planen, k\u00f6nnen Sie eine kleine Ecke als Sitzbereich festlegen, auch wenn es sich nur um einen kleinen Zweisitzer wie in dieser traditionellen K\u00fcche handelt.<\/p>\n<p>\u201eWir haben tats\u00e4chlich absichtlich einige K\u00fcchenschr\u00e4nke weggelassen, um Platz f\u00fcr eine Fr\u00fchst\u00fccksecke zu schaffen\u201c, sagt Ania Ag\u00e1rdy von Luxury Living by Ania Ag\u00e1rdy. \u201eEs hat die K\u00fcche von einem rein funktionalen Raum in einen Raum verwandelt, der sich wie jeder andere Raum im Haus wirklich lebenswert anf\u00fchlt.\u201c<\/p>\n<p>\u201eEin Essbereich in einer K\u00fcche kann dazu beitragen, dass sich der Raum warm und einladend anf\u00fchlt.\u201c Auch wenn es etwas Platz in den Schr\u00e4nken einnimmt, k\u00f6nnte es durch die Integration von Kochen und Essen in einem Raum einen weiteren Essbereich \u00fcberfl\u00fcssig machen \u2013 perfekt f\u00fcr kleinere H\u00e4user\u201c, f\u00fcgt Fred hinzu.<\/p>\n<p>Stauraum ist ein wirklich wichtiger Teil Ihrer K\u00fcche, aber es kann verlockend sein, jede Wand mit Schr\u00e4nken zu f\u00fcllen, auch wenn es sich um Platz handelt, den wir nicht wirklich brauchen oder der uns dazu verleitet, zu viel zu kaufen. Stattdessen wird ein kleiner Sitzbereich Ihre K\u00fcche auf eine Weise maximieren, an die Sie noch nie gedacht h\u00e4tten.<\/p>\n<hr id=\"063fd08e-5a2f-4b71-ad6c-e3e314123af4\">\n<p id=\"213a35ba-6815-4bc9-b4b4-62d533351f7f\">Selbst in kompakten K\u00fcchen verwandelt ein kleiner Sitzbereich, in dem Sie essen und Kontakte kn\u00fcpfen k\u00f6nnen, Ihren Raum wirklich von einem Nutzraum in einen geselligeren Raum. Und das ist etwas, wonach wir uns alle gerade in unserer K\u00fcche sehnen.<\/p>\n<p>\u201eLetztendlich war und ist die K\u00fcche das Herzst\u00fcck des Hauses.\u201c Es ist mir egal, wie sch\u00f6n ein Haus ist \u2013 wenn in der K\u00fcche etwas los ist, wollen die Leute dort sein. Die K\u00fcche hat einen angeborenen Charakterzug der Gastfreundschaft. Hier kreieren wir die Mahlzeiten, die die Menschen ern\u00e4hren, die wir lieben\u201c, sagt Ariane deBraux Triay von La French Goose Interiors.<\/p>\n<p>Ganz gleich, ob es sich um einen kleinen Tisch und St\u00fchle, eine charmante Bankette oder eine platzsparende Fr\u00fchst\u00fcckstheke handelt, ein Essbereich ist die einfachste M\u00f6glichkeit, einer kleinen K\u00fcche einen Tisch hinzuzuf\u00fcgen, ohne die Funktion zu beeintr\u00e4chtigen.<\/p>\n<\/div>\n","protected":false},"excerpt":{"rendered":"<p>Als K\u00fcchenredakteur behalte ich stets die subtilen Ver\u00e4nderungen in der Art und Weise im Auge, wie wir unsere R\u00e4ume nutzen und gestalten. Und wenn es<\/p>\n","protected":false},"author":1,"featured_media":8147,"comment_status":"closed","ping_status":"","sticky":false,"template":"","format":"standard","meta":{"footnotes":""},"categories":[118],"tags":[2187,51,216,9,143,43,2186,10720,10717,55,10721,10719,468,393,284,3385,1697,58,37,10718],"class_list":["post-8381","post","type-post","status-publish","format-standard","has-post-thumbnail","hentry","category-haus-garten","tag-comeback","tag-dass","tag-designer","tag-die","tag-diese","tag-ein","tag-erleben","tag-essbereiche","tag-essensbereiche","tag-fuer","tag-kleinste","tag-kompakten","tag-kueche","tag-perfekt","tag-sagen","tag-sehr","tag-selbst","tag-sind","tag-und","tag-willkommenes","generate-columns","tablet-grid-50","mobile-grid-100","grid-parent","grid-50"],"yoast_head":"<!-- This site is optimized with the Yoast SEO plugin v27.3 - https:\/\/yoast.com\/product\/yoast-seo-wordpress\/ -->\n<title>\u201eEssensbereiche\u201c erleben ein sehr willkommenes Comeback \u2013 und Designer sagen, dass diese kompakten Essbereiche selbst f\u00fcr die kleinste K\u00fcche perfekt sind - Nachrichten - Stra\u00dfenweb<\/title>\n<meta name=\"robots\" content=\"index, follow, max-snippet:-1, max-image-preview:large, max-video-preview:-1\" \/>\n<link rel=\"canonical\" href=\"https:\/\/www.strassenweb.de\/nachrichten\/essensbereiche-erleben-ein-sehr-willkommenes-comeback-und-designer-sagen-dass-diese-kompakten-essbereiche-selbst-fuer-die-kleinste-kueche-perfekt-sind\/\" \/>\n<meta property=\"og:locale\" content=\"de_DE\" \/>\n<meta property=\"og:type\" content=\"article\" \/>\n<meta property=\"og:title\" content=\"\u201eEssensbereiche\u201c erleben ein sehr willkommenes Comeback \u2013 und Designer sagen, dass diese kompakten Essbereiche selbst f\u00fcr die kleinste K\u00fcche perfekt sind - Nachrichten - Stra\u00dfenweb\" \/>\n<meta property=\"og:description\" content=\"Als K\u00fcchenredakteur behalte ich stets die subtilen Ver\u00e4nderungen in der Art und Weise im Auge, wie wir unsere R\u00e4ume nutzen und gestalten. Und wenn es\" \/>\n<meta property=\"og:url\" content=\"https:\/\/www.strassenweb.de\/nachrichten\/essensbereiche-erleben-ein-sehr-willkommenes-comeback-und-designer-sagen-dass-diese-kompakten-essbereiche-selbst-fuer-die-kleinste-kueche-perfekt-sind\/\" \/>\n<meta property=\"og:site_name\" content=\"Stra\u00dfenweb\" \/>\n<meta property=\"article:publisher\" content=\"https:\/\/www.facebook.com\/strassenweb\/\" \/>\n<meta property=\"article:published_time\" content=\"2025-10-11T02:39:42+00:00\" \/>\n<meta property=\"og:image\" content=\"https:\/\/www.strassenweb.de\/nachrichten\/wp-content\/uploads\/2025\/10\/7-Veraltete-Kuechentrends-moechten-im-Jahr-2025-abreisen-und.jpg\" \/>\n\t<meta property=\"og:image:width\" content=\"1600\" \/>\n\t<meta property=\"og:image:height\" content=\"900\" \/>\n\t<meta property=\"og:image:type\" content=\"image\/jpeg\" \/>\n<meta name=\"author\" content=\"Robert Hoffmann\" \/>\n<meta name=\"twitter:card\" content=\"summary_large_image\" \/>\n<meta name=\"twitter:label1\" content=\"Verfasst von\" \/>\n\t<meta name=\"twitter:data1\" content=\"Robert Hoffmann\" \/>\n\t<meta name=\"twitter:label2\" content=\"Gesch\u00e4tzte Lesezeit\" \/>\n\t<meta name=\"twitter:data2\" content=\"10\u00a0Minuten\" \/>\n<script type=\"application\/ld+json\" class=\"yoast-schema-graph\">{\"@context\":\"https:\\\/\\\/schema.org\",\"@graph\":[{\"@type\":\"Article\",\"@id\":\"https:\\\/\\\/www.strassenweb.de\\\/nachrichten\\\/essensbereiche-erleben-ein-sehr-willkommenes-comeback-und-designer-sagen-dass-diese-kompakten-essbereiche-selbst-fuer-die-kleinste-kueche-perfekt-sind\\\/#article\",\"isPartOf\":{\"@id\":\"https:\\\/\\\/www.strassenweb.de\\\/nachrichten\\\/essensbereiche-erleben-ein-sehr-willkommenes-comeback-und-designer-sagen-dass-diese-kompakten-essbereiche-selbst-fuer-die-kleinste-kueche-perfekt-sind\\\/\"},\"author\":{\"name\":\"Robert Hoffmann\",\"@id\":\"https:\\\/\\\/www.strassenweb.de\\\/nachrichten\\\/#\\\/schema\\\/person\\\/87c9c9067f1211da429a744dc5a5aa41\"},\"headline\":\"\u201eEssensbereiche\u201c erleben ein sehr willkommenes Comeback \u2013 und Designer sagen, dass diese kompakten Essbereiche selbst f\u00fcr die kleinste K\u00fcche perfekt sind\",\"datePublished\":\"2025-10-11T02:39:42+00:00\",\"mainEntityOfPage\":{\"@id\":\"https:\\\/\\\/www.strassenweb.de\\\/nachrichten\\\/essensbereiche-erleben-ein-sehr-willkommenes-comeback-und-designer-sagen-dass-diese-kompakten-essbereiche-selbst-fuer-die-kleinste-kueche-perfekt-sind\\\/\"},\"wordCount\":2013,\"publisher\":{\"@id\":\"https:\\\/\\\/www.strassenweb.de\\\/nachrichten\\\/#organization\"},\"image\":{\"@id\":\"https:\\\/\\\/www.strassenweb.de\\\/nachrichten\\\/essensbereiche-erleben-ein-sehr-willkommenes-comeback-und-designer-sagen-dass-diese-kompakten-essbereiche-selbst-fuer-die-kleinste-kueche-perfekt-sind\\\/#primaryimage\"},\"thumbnailUrl\":\"https:\\\/\\\/www.strassenweb.de\\\/nachrichten\\\/wp-content\\\/uploads\\\/2025\\\/10\\\/7-Veraltete-Kuechentrends-moechten-im-Jahr-2025-abreisen-und.jpg\",\"keywords\":[\"Comeback\",\"dass\",\"Designer\",\"die\",\"diese\",\"ein\",\"erleben\",\"Essbereiche\",\"Essensbereiche\",\"f\u00fcr\",\"kleinste\",\"kompakten\",\"K\u00fcche\",\"perfekt\",\"sagen\",\"sehr\",\"selbst\",\"sind\",\"und\",\"willkommenes\"],\"articleSection\":[\"Haus &amp; Garten\"],\"inLanguage\":\"de\"},{\"@type\":\"WebPage\",\"@id\":\"https:\\\/\\\/www.strassenweb.de\\\/nachrichten\\\/essensbereiche-erleben-ein-sehr-willkommenes-comeback-und-designer-sagen-dass-diese-kompakten-essbereiche-selbst-fuer-die-kleinste-kueche-perfekt-sind\\\/\",\"url\":\"https:\\\/\\\/www.strassenweb.de\\\/nachrichten\\\/essensbereiche-erleben-ein-sehr-willkommenes-comeback-und-designer-sagen-dass-diese-kompakten-essbereiche-selbst-fuer-die-kleinste-kueche-perfekt-sind\\\/\",\"name\":\"\u201eEssensbereiche\u201c erleben ein sehr willkommenes Comeback \u2013 und Designer sagen, dass diese kompakten Essbereiche selbst f\u00fcr die kleinste K\u00fcche perfekt sind - Nachrichten - Stra\u00dfenweb\",\"isPartOf\":{\"@id\":\"https:\\\/\\\/www.strassenweb.de\\\/nachrichten\\\/#website\"},\"primaryImageOfPage\":{\"@id\":\"https:\\\/\\\/www.strassenweb.de\\\/nachrichten\\\/essensbereiche-erleben-ein-sehr-willkommenes-comeback-und-designer-sagen-dass-diese-kompakten-essbereiche-selbst-fuer-die-kleinste-kueche-perfekt-sind\\\/#primaryimage\"},\"image\":{\"@id\":\"https:\\\/\\\/www.strassenweb.de\\\/nachrichten\\\/essensbereiche-erleben-ein-sehr-willkommenes-comeback-und-designer-sagen-dass-diese-kompakten-essbereiche-selbst-fuer-die-kleinste-kueche-perfekt-sind\\\/#primaryimage\"},\"thumbnailUrl\":\"https:\\\/\\\/www.strassenweb.de\\\/nachrichten\\\/wp-content\\\/uploads\\\/2025\\\/10\\\/7-Veraltete-Kuechentrends-moechten-im-Jahr-2025-abreisen-und.jpg\",\"datePublished\":\"2025-10-11T02:39:42+00:00\",\"breadcrumb\":{\"@id\":\"https:\\\/\\\/www.strassenweb.de\\\/nachrichten\\\/essensbereiche-erleben-ein-sehr-willkommenes-comeback-und-designer-sagen-dass-diese-kompakten-essbereiche-selbst-fuer-die-kleinste-kueche-perfekt-sind\\\/#breadcrumb\"},\"inLanguage\":\"de\",\"potentialAction\":[{\"@type\":\"ReadAction\",\"target\":[\"https:\\\/\\\/www.strassenweb.de\\\/nachrichten\\\/essensbereiche-erleben-ein-sehr-willkommenes-comeback-und-designer-sagen-dass-diese-kompakten-essbereiche-selbst-fuer-die-kleinste-kueche-perfekt-sind\\\/\"]}]},{\"@type\":\"ImageObject\",\"inLanguage\":\"de\",\"@id\":\"https:\\\/\\\/www.strassenweb.de\\\/nachrichten\\\/essensbereiche-erleben-ein-sehr-willkommenes-comeback-und-designer-sagen-dass-diese-kompakten-essbereiche-selbst-fuer-die-kleinste-kueche-perfekt-sind\\\/#primaryimage\",\"url\":\"https:\\\/\\\/www.strassenweb.de\\\/nachrichten\\\/wp-content\\\/uploads\\\/2025\\\/10\\\/7-Veraltete-Kuechentrends-moechten-im-Jahr-2025-abreisen-und.jpg\",\"contentUrl\":\"https:\\\/\\\/www.strassenweb.de\\\/nachrichten\\\/wp-content\\\/uploads\\\/2025\\\/10\\\/7-Veraltete-Kuechentrends-moechten-im-Jahr-2025-abreisen-und.jpg\",\"width\":1600,\"height\":900,\"caption\":\"kitchen with butter yellow cabinets\"},{\"@type\":\"BreadcrumbList\",\"@id\":\"https:\\\/\\\/www.strassenweb.de\\\/nachrichten\\\/essensbereiche-erleben-ein-sehr-willkommenes-comeback-und-designer-sagen-dass-diese-kompakten-essbereiche-selbst-fuer-die-kleinste-kueche-perfekt-sind\\\/#breadcrumb\",\"itemListElement\":[{\"@type\":\"ListItem\",\"position\":1,\"name\":\"Home\",\"item\":\"https:\\\/\\\/www.strassenweb.de\\\/nachrichten\\\/\"},{\"@type\":\"ListItem\",\"position\":2,\"name\":\"\u201eEssensbereiche\u201c erleben ein sehr willkommenes Comeback \u2013 und Designer sagen, dass diese kompakten Essbereiche selbst f\u00fcr die kleinste K\u00fcche perfekt sind\"}]},{\"@type\":\"WebSite\",\"@id\":\"https:\\\/\\\/www.strassenweb.de\\\/nachrichten\\\/#website\",\"url\":\"https:\\\/\\\/www.strassenweb.de\\\/nachrichten\\\/\",\"name\":\"Stra\u00dfenweb\",\"description\":\"Stra\u00dfenverzeichnis f\u00fcr Deutschland\",\"publisher\":{\"@id\":\"https:\\\/\\\/www.strassenweb.de\\\/nachrichten\\\/#organization\"},\"potentialAction\":[{\"@type\":\"SearchAction\",\"target\":{\"@type\":\"EntryPoint\",\"urlTemplate\":\"https:\\\/\\\/www.strassenweb.de\\\/nachrichten\\\/?s={search_term_string}\"},\"query-input\":{\"@type\":\"PropertyValueSpecification\",\"valueRequired\":true,\"valueName\":\"search_term_string\"}}],\"inLanguage\":\"de\"},{\"@type\":\"Organization\",\"@id\":\"https:\\\/\\\/www.strassenweb.de\\\/nachrichten\\\/#organization\",\"name\":\"Stra\u00dfenweb\",\"url\":\"https:\\\/\\\/www.strassenweb.de\\\/nachrichten\\\/\",\"logo\":{\"@type\":\"ImageObject\",\"inLanguage\":\"de\",\"@id\":\"https:\\\/\\\/www.strassenweb.de\\\/nachrichten\\\/#\\\/schema\\\/logo\\\/image\\\/\",\"url\":\"https:\\\/\\\/www.strassenweb.de\\\/nachrichten\\\/wp-content\\\/uploads\\\/2024\\\/09\\\/cropped-favicon.png\",\"contentUrl\":\"https:\\\/\\\/www.strassenweb.de\\\/nachrichten\\\/wp-content\\\/uploads\\\/2024\\\/09\\\/cropped-favicon.png\",\"width\":512,\"height\":512,\"caption\":\"Stra\u00dfenweb\"},\"image\":{\"@id\":\"https:\\\/\\\/www.strassenweb.de\\\/nachrichten\\\/#\\\/schema\\\/logo\\\/image\\\/\"},\"sameAs\":[\"https:\\\/\\\/www.facebook.com\\\/strassenweb\\\/\"]},{\"@type\":\"Person\",\"@id\":\"https:\\\/\\\/www.strassenweb.de\\\/nachrichten\\\/#\\\/schema\\\/person\\\/87c9c9067f1211da429a744dc5a5aa41\",\"name\":\"Robert Hoffmann\",\"image\":{\"@type\":\"ImageObject\",\"inLanguage\":\"de\",\"@id\":\"https:\\\/\\\/www.strassenweb.de\\\/nachrichten\\\/wp-content\\\/uploads\\\/2024\\\/09\\\/strassenweb-150x150.jpg\",\"url\":\"https:\\\/\\\/www.strassenweb.de\\\/nachrichten\\\/wp-content\\\/uploads\\\/2024\\\/09\\\/strassenweb-150x150.jpg\",\"contentUrl\":\"https:\\\/\\\/www.strassenweb.de\\\/nachrichten\\\/wp-content\\\/uploads\\\/2024\\\/09\\\/strassenweb-150x150.jpg\",\"caption\":\"Robert Hoffmann\"},\"description\":\"Ich hei\u00dfe Robert Hoffmann und ich bin ein leidenschaftlicher Verfechter von \u00d6kologie und Biodiversit\u00e4t. Seit meiner Kindheit in den W\u00e4ldern Bayerns f\u00fchle ich mich mit der Natur verbunden und bin entschlossen, sie zu sch\u00fctzen. Heute widme ich mein Leben der Sensibilisierung anderer f\u00fcr die Bedeutung des Umweltschutzes f\u00fcr zuk\u00fcnftige Generationen.\",\"sameAs\":[\"https:\\\/\\\/www.strassenweb.de\\\/\"]}]}<\/script>\n<!-- \/ Yoast SEO plugin. -->","yoast_head_json":{"title":"\u201eEssensbereiche\u201c erleben ein sehr willkommenes Comeback \u2013 und Designer sagen, dass diese kompakten Essbereiche selbst f\u00fcr die kleinste K\u00fcche perfekt sind - Nachrichten - Stra\u00dfenweb","robots":{"index":"index","follow":"follow","max-snippet":"max-snippet:-1","max-image-preview":"max-image-preview:large","max-video-preview":"max-video-preview:-1"},"canonical":"https:\/\/www.strassenweb.de\/nachrichten\/essensbereiche-erleben-ein-sehr-willkommenes-comeback-und-designer-sagen-dass-diese-kompakten-essbereiche-selbst-fuer-die-kleinste-kueche-perfekt-sind\/","og_locale":"de_DE","og_type":"article","og_title":"\u201eEssensbereiche\u201c erleben ein sehr willkommenes Comeback \u2013 und Designer sagen, dass diese kompakten Essbereiche selbst f\u00fcr die kleinste K\u00fcche perfekt sind - Nachrichten - Stra\u00dfenweb","og_description":"Als K\u00fcchenredakteur behalte ich stets die subtilen Ver\u00e4nderungen in der Art und Weise im Auge, wie wir unsere R\u00e4ume nutzen und gestalten. Und wenn es","og_url":"https:\/\/www.strassenweb.de\/nachrichten\/essensbereiche-erleben-ein-sehr-willkommenes-comeback-und-designer-sagen-dass-diese-kompakten-essbereiche-selbst-fuer-die-kleinste-kueche-perfekt-sind\/","og_site_name":"Stra\u00dfenweb","article_publisher":"https:\/\/www.facebook.com\/strassenweb\/","article_published_time":"2025-10-11T02:39:42+00:00","og_image":[{"width":1600,"height":900,"url":"https:\/\/www.strassenweb.de\/nachrichten\/wp-content\/uploads\/2025\/10\/7-Veraltete-Kuechentrends-moechten-im-Jahr-2025-abreisen-und.jpg","type":"image\/jpeg"}],"author":"Robert Hoffmann","twitter_card":"summary_large_image","twitter_misc":{"Verfasst von":"Robert Hoffmann","Gesch\u00e4tzte Lesezeit":"10\u00a0Minuten"},"schema":{"@context":"https:\/\/schema.org","@graph":[{"@type":"Article","@id":"https:\/\/www.strassenweb.de\/nachrichten\/essensbereiche-erleben-ein-sehr-willkommenes-comeback-und-designer-sagen-dass-diese-kompakten-essbereiche-selbst-fuer-die-kleinste-kueche-perfekt-sind\/#article","isPartOf":{"@id":"https:\/\/www.strassenweb.de\/nachrichten\/essensbereiche-erleben-ein-sehr-willkommenes-comeback-und-designer-sagen-dass-diese-kompakten-essbereiche-selbst-fuer-die-kleinste-kueche-perfekt-sind\/"},"author":{"name":"Robert Hoffmann","@id":"https:\/\/www.strassenweb.de\/nachrichten\/#\/schema\/person\/87c9c9067f1211da429a744dc5a5aa41"},"headline":"\u201eEssensbereiche\u201c erleben ein sehr willkommenes Comeback \u2013 und Designer sagen, dass diese kompakten Essbereiche selbst f\u00fcr die kleinste K\u00fcche perfekt sind","datePublished":"2025-10-11T02:39:42+00:00","mainEntityOfPage":{"@id":"https:\/\/www.strassenweb.de\/nachrichten\/essensbereiche-erleben-ein-sehr-willkommenes-comeback-und-designer-sagen-dass-diese-kompakten-essbereiche-selbst-fuer-die-kleinste-kueche-perfekt-sind\/"},"wordCount":2013,"publisher":{"@id":"https:\/\/www.strassenweb.de\/nachrichten\/#organization"},"image":{"@id":"https:\/\/www.strassenweb.de\/nachrichten\/essensbereiche-erleben-ein-sehr-willkommenes-comeback-und-designer-sagen-dass-diese-kompakten-essbereiche-selbst-fuer-die-kleinste-kueche-perfekt-sind\/#primaryimage"},"thumbnailUrl":"https:\/\/www.strassenweb.de\/nachrichten\/wp-content\/uploads\/2025\/10\/7-Veraltete-Kuechentrends-moechten-im-Jahr-2025-abreisen-und.jpg","keywords":["Comeback","dass","Designer","die","diese","ein","erleben","Essbereiche","Essensbereiche","f\u00fcr","kleinste","kompakten","K\u00fcche","perfekt","sagen","sehr","selbst","sind","und","willkommenes"],"articleSection":["Haus &amp; Garten"],"inLanguage":"de"},{"@type":"WebPage","@id":"https:\/\/www.strassenweb.de\/nachrichten\/essensbereiche-erleben-ein-sehr-willkommenes-comeback-und-designer-sagen-dass-diese-kompakten-essbereiche-selbst-fuer-die-kleinste-kueche-perfekt-sind\/","url":"https:\/\/www.strassenweb.de\/nachrichten\/essensbereiche-erleben-ein-sehr-willkommenes-comeback-und-designer-sagen-dass-diese-kompakten-essbereiche-selbst-fuer-die-kleinste-kueche-perfekt-sind\/","name":"\u201eEssensbereiche\u201c erleben ein sehr willkommenes Comeback \u2013 und Designer sagen, dass diese kompakten Essbereiche selbst f\u00fcr die kleinste K\u00fcche perfekt sind - Nachrichten - Stra\u00dfenweb","isPartOf":{"@id":"https:\/\/www.strassenweb.de\/nachrichten\/#website"},"primaryImageOfPage":{"@id":"https:\/\/www.strassenweb.de\/nachrichten\/essensbereiche-erleben-ein-sehr-willkommenes-comeback-und-designer-sagen-dass-diese-kompakten-essbereiche-selbst-fuer-die-kleinste-kueche-perfekt-sind\/#primaryimage"},"image":{"@id":"https:\/\/www.strassenweb.de\/nachrichten\/essensbereiche-erleben-ein-sehr-willkommenes-comeback-und-designer-sagen-dass-diese-kompakten-essbereiche-selbst-fuer-die-kleinste-kueche-perfekt-sind\/#primaryimage"},"thumbnailUrl":"https:\/\/www.strassenweb.de\/nachrichten\/wp-content\/uploads\/2025\/10\/7-Veraltete-Kuechentrends-moechten-im-Jahr-2025-abreisen-und.jpg","datePublished":"2025-10-11T02:39:42+00:00","breadcrumb":{"@id":"https:\/\/www.strassenweb.de\/nachrichten\/essensbereiche-erleben-ein-sehr-willkommenes-comeback-und-designer-sagen-dass-diese-kompakten-essbereiche-selbst-fuer-die-kleinste-kueche-perfekt-sind\/#breadcrumb"},"inLanguage":"de","potentialAction":[{"@type":"ReadAction","target":["https:\/\/www.strassenweb.de\/nachrichten\/essensbereiche-erleben-ein-sehr-willkommenes-comeback-und-designer-sagen-dass-diese-kompakten-essbereiche-selbst-fuer-die-kleinste-kueche-perfekt-sind\/"]}]},{"@type":"ImageObject","inLanguage":"de","@id":"https:\/\/www.strassenweb.de\/nachrichten\/essensbereiche-erleben-ein-sehr-willkommenes-comeback-und-designer-sagen-dass-diese-kompakten-essbereiche-selbst-fuer-die-kleinste-kueche-perfekt-sind\/#primaryimage","url":"https:\/\/www.strassenweb.de\/nachrichten\/wp-content\/uploads\/2025\/10\/7-Veraltete-Kuechentrends-moechten-im-Jahr-2025-abreisen-und.jpg","contentUrl":"https:\/\/www.strassenweb.de\/nachrichten\/wp-content\/uploads\/2025\/10\/7-Veraltete-Kuechentrends-moechten-im-Jahr-2025-abreisen-und.jpg","width":1600,"height":900,"caption":"kitchen with butter yellow cabinets"},{"@type":"BreadcrumbList","@id":"https:\/\/www.strassenweb.de\/nachrichten\/essensbereiche-erleben-ein-sehr-willkommenes-comeback-und-designer-sagen-dass-diese-kompakten-essbereiche-selbst-fuer-die-kleinste-kueche-perfekt-sind\/#breadcrumb","itemListElement":[{"@type":"ListItem","position":1,"name":"Home","item":"https:\/\/www.strassenweb.de\/nachrichten\/"},{"@type":"ListItem","position":2,"name":"\u201eEssensbereiche\u201c erleben ein sehr willkommenes Comeback \u2013 und Designer sagen, dass diese kompakten Essbereiche selbst f\u00fcr die kleinste K\u00fcche perfekt sind"}]},{"@type":"WebSite","@id":"https:\/\/www.strassenweb.de\/nachrichten\/#website","url":"https:\/\/www.strassenweb.de\/nachrichten\/","name":"Stra\u00dfenweb","description":"Stra\u00dfenverzeichnis f\u00fcr Deutschland","publisher":{"@id":"https:\/\/www.strassenweb.de\/nachrichten\/#organization"},"potentialAction":[{"@type":"SearchAction","target":{"@type":"EntryPoint","urlTemplate":"https:\/\/www.strassenweb.de\/nachrichten\/?s={search_term_string}"},"query-input":{"@type":"PropertyValueSpecification","valueRequired":true,"valueName":"search_term_string"}}],"inLanguage":"de"},{"@type":"Organization","@id":"https:\/\/www.strassenweb.de\/nachrichten\/#organization","name":"Stra\u00dfenweb","url":"https:\/\/www.strassenweb.de\/nachrichten\/","logo":{"@type":"ImageObject","inLanguage":"de","@id":"https:\/\/www.strassenweb.de\/nachrichten\/#\/schema\/logo\/image\/","url":"https:\/\/www.strassenweb.de\/nachrichten\/wp-content\/uploads\/2024\/09\/cropped-favicon.png","contentUrl":"https:\/\/www.strassenweb.de\/nachrichten\/wp-content\/uploads\/2024\/09\/cropped-favicon.png","width":512,"height":512,"caption":"Stra\u00dfenweb"},"image":{"@id":"https:\/\/www.strassenweb.de\/nachrichten\/#\/schema\/logo\/image\/"},"sameAs":["https:\/\/www.facebook.com\/strassenweb\/"]},{"@type":"Person","@id":"https:\/\/www.strassenweb.de\/nachrichten\/#\/schema\/person\/87c9c9067f1211da429a744dc5a5aa41","name":"Robert Hoffmann","image":{"@type":"ImageObject","inLanguage":"de","@id":"https:\/\/www.strassenweb.de\/nachrichten\/wp-content\/uploads\/2024\/09\/strassenweb-150x150.jpg","url":"https:\/\/www.strassenweb.de\/nachrichten\/wp-content\/uploads\/2024\/09\/strassenweb-150x150.jpg","contentUrl":"https:\/\/www.strassenweb.de\/nachrichten\/wp-content\/uploads\/2024\/09\/strassenweb-150x150.jpg","caption":"Robert Hoffmann"},"description":"Ich hei\u00dfe Robert Hoffmann und ich bin ein leidenschaftlicher Verfechter von \u00d6kologie und Biodiversit\u00e4t. Seit meiner Kindheit in den W\u00e4ldern Bayerns f\u00fchle ich mich mit der Natur verbunden und bin entschlossen, sie zu sch\u00fctzen. Heute widme ich mein Leben der Sensibilisierung anderer f\u00fcr die Bedeutung des Umweltschutzes f\u00fcr zuk\u00fcnftige Generationen.","sameAs":["https:\/\/www.strassenweb.de\/"]}]}},"_links":{"self":[{"href":"https:\/\/www.strassenweb.de\/nachrichten\/wp-json\/wp\/v2\/posts\/8381","targetHints":{"allow":["GET"]}}],"collection":[{"href":"https:\/\/www.strassenweb.de\/nachrichten\/wp-json\/wp\/v2\/posts"}],"about":[{"href":"https:\/\/www.strassenweb.de\/nachrichten\/wp-json\/wp\/v2\/types\/post"}],"author":[{"embeddable":true,"href":"https:\/\/www.strassenweb.de\/nachrichten\/wp-json\/wp\/v2\/users\/1"}],"replies":[{"embeddable":true,"href":"https:\/\/www.strassenweb.de\/nachrichten\/wp-json\/wp\/v2\/comments?post=8381"}],"version-history":[{"count":0,"href":"https:\/\/www.strassenweb.de\/nachrichten\/wp-json\/wp\/v2\/posts\/8381\/revisions"}],"wp:featuredmedia":[{"embeddable":true,"href":"https:\/\/www.strassenweb.de\/nachrichten\/wp-json\/wp\/v2\/media\/8147"}],"wp:attachment":[{"href":"https:\/\/www.strassenweb.de\/nachrichten\/wp-json\/wp\/v2\/media?parent=8381"}],"wp:term":[{"taxonomy":"category","embeddable":true,"href":"https:\/\/www.strassenweb.de\/nachrichten\/wp-json\/wp\/v2\/categories?post=8381"},{"taxonomy":"post_tag","embeddable":true,"href":"https:\/\/www.strassenweb.de\/nachrichten\/wp-json\/wp\/v2\/tags?post=8381"}],"curies":[{"name":"wp","href":"https:\/\/api.w.org\/{rel}","templated":true}]}}