{"id":8378,"date":"2025-10-11T01:39:42","date_gmt":"2025-10-10T23:39:42","guid":{"rendered":"https:\/\/www.strassenweb.de\/nachrichten\/martha-stewarts-grau-gruener-eingangsbereich-wird-die-farbtrends-2026-dominieren-seine-beruhigende-wirkung-ist-unuebertroffen\/"},"modified":"2025-10-11T01:39:43","modified_gmt":"2025-10-10T23:39:43","slug":"martha-stewarts-grau-gruener-eingangsbereich-wird-die-farbtrends-2026-dominieren-seine-beruhigende-wirkung-ist-unuebertroffen","status":"publish","type":"post","link":"https:\/\/www.strassenweb.de\/nachrichten\/martha-stewarts-grau-gruener-eingangsbereich-wird-die-farbtrends-2026-dominieren-seine-beruhigende-wirkung-ist-unuebertroffen\/","title":{"rendered":"Martha Stewarts grau-gr\u00fcner Eingangsbereich wird die Farbtrends 2026 dominieren \u2013 seine beruhigende Wirkung ist un\u00fcbertroffen"},"content":{"rendered":"<p><\/p>\n<div id=\"article-body\" class=\"article__body \">\n<p id=\"97f4ad90-0986-4da3-b72c-c3556322bd9b\">Der Kalender hat sich vielleicht den klaren Tagen des Mittherbsts zugewandt, aber Amerikas beliebteste TV-Pers\u00f6nlichkeit, Martha Stewart, inspiriert immer noch unsere elegantesten Wohnwahlen mit einer unerwartet raffinierten Farbe. Diesmal ist es Martha Stewarts Farbidee f\u00fcr den Eingangsbereich, die einen Designtrend verk\u00f6rpert, der voraussichtlich in den Jahren 2025 und 2026 eine bedeutende Farbstory sein wird. Der fragliche Farbton ist eine ruhige, ged\u00e4mpfte graugr\u00fcne Farbe.<\/p>\n<div id=\"ad-unit-1\" class=\"ad-unit\"><\/div>\n<p>Dieser Farbtrend erlebt unbestreitbar ein Wiederaufleben, da der k\u00fchle Minimalismus von kr\u00e4ftigem Grau und Wei\u00df definitiv durch w\u00e4rmere, einladendere Neutralt\u00f6ne ersetzt wird. Zeitlos, elegant und zutiefst beruhigend \u2013 die heitere Grau-Gr\u00fcn-Palette spiegelt den modernen Wunsch nach ruhigen, erholsamen R\u00e4umen und dem Aufstieg des biophilen Designs wider \u2013 und kann Ihren Eingangsbereich einladender machen.<\/p>\n<div class=\"instagram-embed\" id=\"C5LTU-xRSJI\">\n<blockquote class=\"instagram-media\" data-instgrm-version=\"6\" style=\"width:99.375%; width:-webkit-calc(100% - 2px); width:calc(100% - 2px);\">\n<p>Ein von Martha Stewart (@marthastewart) geteilter Beitrag<\/p>\n<p>Ein Foto gepostet von am <\/p>\n<\/blockquote>\n<\/div>\n<aside data-block-type=\"embed\" data-render-type=\"fte\" data-skip=\"dealsy\" data-widget-type=\"seasonal\" class=\"hawk-root\"><\/aside>\n<p id=\"ccc18ecb-c871-4983-9255-8e1a643790c5-0\">Dieser Farbton ist eine Mischung aus Grau, Gr\u00fcn und oft subtilen blauen oder braunen Untert\u00f6nen und besitzt eine stimmungsvolle Raffinesse, die bemerkenswerte Tiefe verleiht. Es eignet sich perfekt f\u00fcr Eing\u00e4nge und Treppenabs\u00e4tze, setzt nahtlos einen eleganten Akzent und eignet sich hervorragend als dezenter Hintergrund f\u00fcr die Pr\u00e4sentation von Kunst oder Naturholzakzenten.<\/p>\n<div class=\"van_vid_carousel\">\n<div class=\"van_vid_carousel__padding\">\n<div class=\"van_vid_carousel__container\"><\/div>\n<\/div>\n<\/div>\n<p>Farbe bleibt ein kraftvolles Medium, und dieser nuancierte Farbton ist eine einfache M\u00f6glichkeit, jede Schwelle sofort einladender zu gestalten. Klassisch, beruhigend und ein Synonym f\u00fcr die Natur: Hellgr\u00fcn vermittelt ein Gef\u00fchl des Friedens und fungiert als wirksame, biophile Br\u00fccke zwischen der Au\u00dfen- und Innenwelt. In geschlossenen R\u00e4umen, auf Tapeten oder M\u00f6beln bringt die Farbe Erleichterung und Beruhigung und erinnert uns elegant an die Lebenswelt jenseits unserer vier W\u00e4nde.<\/p>\n<div id=\"ad-unit-2\" class=\"ad-unit\"><\/div>\n<p>Die Kraft dieser neuen Neutralit\u00e4t liegt in ihrer sorgf\u00e4ltig ausgewogenen Komplexit\u00e4t. Deborah Bass, Direktorin von Base Interior, erkl\u00e4rt: \u201eDie Einrichtung mit neutralen Farben, \u00e4hnlich wie in Martha Stewarts Haus, bei gleichzeitiger Vermeidung einer minimalistischen oder strengen Atmosph\u00e4re ist ein heikler Balanceakt zwischen nat\u00fcrlichem Licht, k\u00fcnstlichem Licht und den anderen \u00fcberall verwendeten Texturen und T\u00f6nen.\u201c \u201eDie Probenahme vor Ort, bei verschiedenen Lichtverh\u00e4ltnissen, auch k\u00fcnstlicher Beleuchtung, und zu unterschiedlichen Tageszeiten ist nicht zu untersch\u00e4tzen.\u201c<\/p>\n<p>Dieses blassgr\u00fcne Farbschema bietet enorme M\u00f6glichkeiten als Grundpfeiler einer achtsamen Dekoration. Ruth Mottershead, Kreativdirektorin bei Little Greene, bemerkt den grundlegenden Wandel in der Herangehensweise von Designern an Grundfarben:<\/p>\n<p>\u201eWir bemerken eine Ver\u00e4nderung bei der Verwendung sanfterer Farbt\u00f6ne wie Graugr\u00fcn, die \u00fcberall als Grundfarbe verwendet werden, genau wie Neutralt\u00f6ne traditionell verwendet wurden.\u201c \u201eDas sind sehr beruhigende, positive Farbt\u00f6ne von zeitloser Qualit\u00e4t, die ged\u00e4mpft sind, aber nicht so stark, dass sie in den Hintergrund verschwinden, sodass sie wunderbar als Hintergrund f\u00fcr \u00e4hnliche Erdt\u00f6ne und kr\u00e4ftigere Farben funktionieren, die einen dynamischeren Effekt erzielen k\u00f6nnen.\u201c<\/p>\n<div id=\"slice-container-newsletterForm-articleInbodyContent-jBYTyrazRuWtWz3YQ7DdZ9\" class=\"slice-container newsletter-inbodyContent-slice newsletterForm-articleInbodyContent-jBYTyrazRuWtWz3YQ7DdZ9 slice-container-newsletterForm\"><\/div>\n<p>Die Schaffung eines eleganten und ruhigen Zuhauses beginnt an der Haust\u00fcr, und bei diesem ruhigen, luxuri\u00f6sen Farbschema geht es darum, dieses Potenzial zu nutzen und zu maximieren. Ein letzter Ratschlag: Um sicherzustellen, dass die Farbe ihre Komplexit\u00e4t beh\u00e4lt und nicht flach wirkt, integrieren Sie mehrere Texturen \u2013 denken Sie an matte Farbe neben luxuri\u00f6sem Samt, strukturiertem Leinen oder gealterten Messingbeschl\u00e4gen \u2013 um dem subtilen Farbton die Dimension zu verleihen, die er verdient.<\/p>\n<h3 class=\"article-body__section\" id=\"section-shop-the-gray-green-edit\"><span>Kaufen Sie die Gray-Green Edit<\/span><\/h3>\n<p id=\"b3ddaa74-07b1-424f-bec9-9e9f5beb0a25\">Die Dekoration mit Graugr\u00fcn ist eine wunderbare M\u00f6glichkeit, Ruhe, Frieden und Gelassenheit in Ihr Zuhause einzuladen. Da dieser Farbton zum Inbegriff des von Designern bevorzugten \u201eneuen Neutraltons\u201c geworden ist, steht nun eine F\u00fclle wunderbar eleganter und anspruchsvoller Designs zur Auswahl, die daf\u00fcr sorgen, dass Ihr Raum sowohl modern als auch zeitlos wirkt.<\/p>\n<div class=\"product-container hero-product-container product-block-no-wrap\">\n<div class=\"product-block-row\"><\/div>\n<div class=\"product-block-row\"><\/div>\n<div class=\"product-block-row\"><\/div>\n<\/div>\n<div class=\"block\" id=\"articleTag\" data-component-name=\"PostArticleLinks\">\n<div class=\"border-b border-b-black border-solid py-2.5 text-black font-bold uppercase\">THEMEN<\/div>\n<nav class=\"py-2.5 flex gap-2.5 flex-wrap\" data-analytics-id=\"article-tag\">\n<p>Martha Stewart<\/p>\n<\/nav>\n<\/div>\n<\/div>\n<p><script async src=\"\/\/www.instagram.com\/embed.js\"><\/script><\/p>\n","protected":false},"excerpt":{"rendered":"<p>Der Kalender hat sich vielleicht den klaren Tagen des Mittherbsts zugewandt, aber Amerikas beliebteste TV-Pers\u00f6nlichkeit, Martha Stewart, inspiriert immer noch unsere elegantesten Wohnwahlen mit einer<\/p>\n","protected":false},"author":1,"featured_media":8379,"comment_status":"closed","ping_status":"","sticky":false,"template":"","format":"standard","meta":{"footnotes":""},"categories":[118],"tags":[2468,9,1462,214,10185,10716,15,2894,186,2895,10697,71,2282],"class_list":["post-8378","post","type-post","status-publish","format-standard","has-post-thumbnail","hentry","category-haus-garten","tag-beruhigende","tag-die","tag-dominieren","tag-eingangsbereich","tag-farbtrends","tag-graugruener","tag-ist","tag-martha","tag-seine","tag-stewarts","tag-unuebertroffen","tag-wird","tag-wirkung","generate-columns","tablet-grid-50","mobile-grid-100","grid-parent","grid-50"],"yoast_head":"<!-- This site is optimized with the Yoast SEO plugin v27.3 - https:\/\/yoast.com\/product\/yoast-seo-wordpress\/ -->\n<title>Martha Stewarts grau-gr\u00fcner Eingangsbereich wird die Farbtrends 2026 dominieren \u2013 seine beruhigende Wirkung ist un\u00fcbertroffen - Nachrichten - Stra\u00dfenweb<\/title>\n<meta name=\"robots\" content=\"index, follow, max-snippet:-1, max-image-preview:large, max-video-preview:-1\" \/>\n<link rel=\"canonical\" href=\"https:\/\/www.strassenweb.de\/nachrichten\/martha-stewarts-grau-gruener-eingangsbereich-wird-die-farbtrends-2026-dominieren-seine-beruhigende-wirkung-ist-unuebertroffen\/\" \/>\n<meta property=\"og:locale\" content=\"de_DE\" \/>\n<meta property=\"og:type\" content=\"article\" \/>\n<meta property=\"og:title\" content=\"Martha Stewarts grau-gr\u00fcner Eingangsbereich wird die Farbtrends 2026 dominieren \u2013 seine beruhigende Wirkung ist un\u00fcbertroffen - Nachrichten - Stra\u00dfenweb\" \/>\n<meta property=\"og:description\" content=\"Der Kalender hat sich vielleicht den klaren Tagen des Mittherbsts zugewandt, aber Amerikas beliebteste TV-Pers\u00f6nlichkeit, Martha Stewart, inspiriert immer noch unsere elegantesten Wohnwahlen mit einer\" \/>\n<meta property=\"og:url\" content=\"https:\/\/www.strassenweb.de\/nachrichten\/martha-stewarts-grau-gruener-eingangsbereich-wird-die-farbtrends-2026-dominieren-seine-beruhigende-wirkung-ist-unuebertroffen\/\" \/>\n<meta property=\"og:site_name\" content=\"Stra\u00dfenweb\" \/>\n<meta property=\"article:publisher\" content=\"https:\/\/www.facebook.com\/strassenweb\/\" \/>\n<meta property=\"article:published_time\" content=\"2025-10-10T23:39:42+00:00\" \/>\n<meta property=\"article:modified_time\" content=\"2025-10-10T23:39:43+00:00\" \/>\n<meta property=\"og:image\" content=\"https:\/\/www.strassenweb.de\/nachrichten\/wp-content\/uploads\/2025\/10\/Martha-Stewarts-grau-gruener-Eingangsbereich-wird-die-Farbtrends-2026-dominieren-\u2013.jpg\" \/>\n\t<meta property=\"og:image:width\" content=\"1600\" \/>\n\t<meta property=\"og:image:height\" content=\"900\" \/>\n\t<meta property=\"og:image:type\" content=\"image\/jpeg\" \/>\n<meta name=\"author\" content=\"Robert Hoffmann\" \/>\n<meta name=\"twitter:card\" content=\"summary_large_image\" \/>\n<meta name=\"twitter:label1\" content=\"Verfasst von\" \/>\n\t<meta name=\"twitter:data1\" content=\"Robert Hoffmann\" \/>\n\t<meta name=\"twitter:label2\" content=\"Gesch\u00e4tzte Lesezeit\" \/>\n\t<meta name=\"twitter:data2\" content=\"3\u00a0Minuten\" \/>\n<script type=\"application\/ld+json\" class=\"yoast-schema-graph\">{\"@context\":\"https:\\\/\\\/schema.org\",\"@graph\":[{\"@type\":\"Article\",\"@id\":\"https:\\\/\\\/www.strassenweb.de\\\/nachrichten\\\/martha-stewarts-grau-gruener-eingangsbereich-wird-die-farbtrends-2026-dominieren-seine-beruhigende-wirkung-ist-unuebertroffen\\\/#article\",\"isPartOf\":{\"@id\":\"https:\\\/\\\/www.strassenweb.de\\\/nachrichten\\\/martha-stewarts-grau-gruener-eingangsbereich-wird-die-farbtrends-2026-dominieren-seine-beruhigende-wirkung-ist-unuebertroffen\\\/\"},\"author\":{\"name\":\"Robert Hoffmann\",\"@id\":\"https:\\\/\\\/www.strassenweb.de\\\/nachrichten\\\/#\\\/schema\\\/person\\\/87c9c9067f1211da429a744dc5a5aa41\"},\"headline\":\"Martha Stewarts grau-gr\u00fcner Eingangsbereich wird die Farbtrends 2026 dominieren \u2013 seine beruhigende Wirkung ist un\u00fcbertroffen\",\"datePublished\":\"2025-10-10T23:39:42+00:00\",\"dateModified\":\"2025-10-10T23:39:43+00:00\",\"mainEntityOfPage\":{\"@id\":\"https:\\\/\\\/www.strassenweb.de\\\/nachrichten\\\/martha-stewarts-grau-gruener-eingangsbereich-wird-die-farbtrends-2026-dominieren-seine-beruhigende-wirkung-ist-unuebertroffen\\\/\"},\"wordCount\":612,\"publisher\":{\"@id\":\"https:\\\/\\\/www.strassenweb.de\\\/nachrichten\\\/#organization\"},\"image\":{\"@id\":\"https:\\\/\\\/www.strassenweb.de\\\/nachrichten\\\/martha-stewarts-grau-gruener-eingangsbereich-wird-die-farbtrends-2026-dominieren-seine-beruhigende-wirkung-ist-unuebertroffen\\\/#primaryimage\"},\"thumbnailUrl\":\"https:\\\/\\\/www.strassenweb.de\\\/nachrichten\\\/wp-content\\\/uploads\\\/2025\\\/10\\\/Martha-Stewarts-grau-gruener-Eingangsbereich-wird-die-Farbtrends-2026-dominieren-\u2013.jpg\",\"keywords\":[\"beruhigende\",\"die\",\"dominieren\",\"Eingangsbereich\",\"Farbtrends\",\"graugr\u00fcner\",\"ist\",\"Martha\",\"seine\",\"Stewarts\",\"un\u00fcbertroffen\",\"wird\",\"Wirkung\"],\"articleSection\":[\"Haus &amp; Garten\"],\"inLanguage\":\"de\"},{\"@type\":\"WebPage\",\"@id\":\"https:\\\/\\\/www.strassenweb.de\\\/nachrichten\\\/martha-stewarts-grau-gruener-eingangsbereich-wird-die-farbtrends-2026-dominieren-seine-beruhigende-wirkung-ist-unuebertroffen\\\/\",\"url\":\"https:\\\/\\\/www.strassenweb.de\\\/nachrichten\\\/martha-stewarts-grau-gruener-eingangsbereich-wird-die-farbtrends-2026-dominieren-seine-beruhigende-wirkung-ist-unuebertroffen\\\/\",\"name\":\"Martha Stewarts grau-gr\u00fcner Eingangsbereich wird die Farbtrends 2026 dominieren \u2013 seine beruhigende Wirkung ist un\u00fcbertroffen - Nachrichten - Stra\u00dfenweb\",\"isPartOf\":{\"@id\":\"https:\\\/\\\/www.strassenweb.de\\\/nachrichten\\\/#website\"},\"primaryImageOfPage\":{\"@id\":\"https:\\\/\\\/www.strassenweb.de\\\/nachrichten\\\/martha-stewarts-grau-gruener-eingangsbereich-wird-die-farbtrends-2026-dominieren-seine-beruhigende-wirkung-ist-unuebertroffen\\\/#primaryimage\"},\"image\":{\"@id\":\"https:\\\/\\\/www.strassenweb.de\\\/nachrichten\\\/martha-stewarts-grau-gruener-eingangsbereich-wird-die-farbtrends-2026-dominieren-seine-beruhigende-wirkung-ist-unuebertroffen\\\/#primaryimage\"},\"thumbnailUrl\":\"https:\\\/\\\/www.strassenweb.de\\\/nachrichten\\\/wp-content\\\/uploads\\\/2025\\\/10\\\/Martha-Stewarts-grau-gruener-Eingangsbereich-wird-die-Farbtrends-2026-dominieren-\u2013.jpg\",\"datePublished\":\"2025-10-10T23:39:42+00:00\",\"dateModified\":\"2025-10-10T23:39:43+00:00\",\"breadcrumb\":{\"@id\":\"https:\\\/\\\/www.strassenweb.de\\\/nachrichten\\\/martha-stewarts-grau-gruener-eingangsbereich-wird-die-farbtrends-2026-dominieren-seine-beruhigende-wirkung-ist-unuebertroffen\\\/#breadcrumb\"},\"inLanguage\":\"de\",\"potentialAction\":[{\"@type\":\"ReadAction\",\"target\":[\"https:\\\/\\\/www.strassenweb.de\\\/nachrichten\\\/martha-stewarts-grau-gruener-eingangsbereich-wird-die-farbtrends-2026-dominieren-seine-beruhigende-wirkung-ist-unuebertroffen\\\/\"]}]},{\"@type\":\"ImageObject\",\"inLanguage\":\"de\",\"@id\":\"https:\\\/\\\/www.strassenweb.de\\\/nachrichten\\\/martha-stewarts-grau-gruener-eingangsbereich-wird-die-farbtrends-2026-dominieren-seine-beruhigende-wirkung-ist-unuebertroffen\\\/#primaryimage\",\"url\":\"https:\\\/\\\/www.strassenweb.de\\\/nachrichten\\\/wp-content\\\/uploads\\\/2025\\\/10\\\/Martha-Stewarts-grau-gruener-Eingangsbereich-wird-die-Farbtrends-2026-dominieren-\u2013.jpg\",\"contentUrl\":\"https:\\\/\\\/www.strassenweb.de\\\/nachrichten\\\/wp-content\\\/uploads\\\/2025\\\/10\\\/Martha-Stewarts-grau-gruener-Eingangsbereich-wird-die-Farbtrends-2026-dominieren-\u2013.jpg\",\"width\":1600,\"height\":900,\"caption\":\"martha steart timeless cabinet colors\"},{\"@type\":\"BreadcrumbList\",\"@id\":\"https:\\\/\\\/www.strassenweb.de\\\/nachrichten\\\/martha-stewarts-grau-gruener-eingangsbereich-wird-die-farbtrends-2026-dominieren-seine-beruhigende-wirkung-ist-unuebertroffen\\\/#breadcrumb\",\"itemListElement\":[{\"@type\":\"ListItem\",\"position\":1,\"name\":\"Home\",\"item\":\"https:\\\/\\\/www.strassenweb.de\\\/nachrichten\\\/\"},{\"@type\":\"ListItem\",\"position\":2,\"name\":\"Martha Stewarts grau-gr\u00fcner Eingangsbereich wird die Farbtrends 2026 dominieren \u2013 seine beruhigende Wirkung ist un\u00fcbertroffen\"}]},{\"@type\":\"WebSite\",\"@id\":\"https:\\\/\\\/www.strassenweb.de\\\/nachrichten\\\/#website\",\"url\":\"https:\\\/\\\/www.strassenweb.de\\\/nachrichten\\\/\",\"name\":\"Stra\u00dfenweb\",\"description\":\"Stra\u00dfenverzeichnis f\u00fcr Deutschland\",\"publisher\":{\"@id\":\"https:\\\/\\\/www.strassenweb.de\\\/nachrichten\\\/#organization\"},\"potentialAction\":[{\"@type\":\"SearchAction\",\"target\":{\"@type\":\"EntryPoint\",\"urlTemplate\":\"https:\\\/\\\/www.strassenweb.de\\\/nachrichten\\\/?s={search_term_string}\"},\"query-input\":{\"@type\":\"PropertyValueSpecification\",\"valueRequired\":true,\"valueName\":\"search_term_string\"}}],\"inLanguage\":\"de\"},{\"@type\":\"Organization\",\"@id\":\"https:\\\/\\\/www.strassenweb.de\\\/nachrichten\\\/#organization\",\"name\":\"Stra\u00dfenweb\",\"url\":\"https:\\\/\\\/www.strassenweb.de\\\/nachrichten\\\/\",\"logo\":{\"@type\":\"ImageObject\",\"inLanguage\":\"de\",\"@id\":\"https:\\\/\\\/www.strassenweb.de\\\/nachrichten\\\/#\\\/schema\\\/logo\\\/image\\\/\",\"url\":\"https:\\\/\\\/www.strassenweb.de\\\/nachrichten\\\/wp-content\\\/uploads\\\/2024\\\/09\\\/cropped-favicon.png\",\"contentUrl\":\"https:\\\/\\\/www.strassenweb.de\\\/nachrichten\\\/wp-content\\\/uploads\\\/2024\\\/09\\\/cropped-favicon.png\",\"width\":512,\"height\":512,\"caption\":\"Stra\u00dfenweb\"},\"image\":{\"@id\":\"https:\\\/\\\/www.strassenweb.de\\\/nachrichten\\\/#\\\/schema\\\/logo\\\/image\\\/\"},\"sameAs\":[\"https:\\\/\\\/www.facebook.com\\\/strassenweb\\\/\"]},{\"@type\":\"Person\",\"@id\":\"https:\\\/\\\/www.strassenweb.de\\\/nachrichten\\\/#\\\/schema\\\/person\\\/87c9c9067f1211da429a744dc5a5aa41\",\"name\":\"Robert Hoffmann\",\"image\":{\"@type\":\"ImageObject\",\"inLanguage\":\"de\",\"@id\":\"https:\\\/\\\/www.strassenweb.de\\\/nachrichten\\\/wp-content\\\/uploads\\\/2024\\\/09\\\/strassenweb-150x150.jpg\",\"url\":\"https:\\\/\\\/www.strassenweb.de\\\/nachrichten\\\/wp-content\\\/uploads\\\/2024\\\/09\\\/strassenweb-150x150.jpg\",\"contentUrl\":\"https:\\\/\\\/www.strassenweb.de\\\/nachrichten\\\/wp-content\\\/uploads\\\/2024\\\/09\\\/strassenweb-150x150.jpg\",\"caption\":\"Robert Hoffmann\"},\"description\":\"Ich hei\u00dfe Robert Hoffmann und ich bin ein leidenschaftlicher Verfechter von \u00d6kologie und Biodiversit\u00e4t. Seit meiner Kindheit in den W\u00e4ldern Bayerns f\u00fchle ich mich mit der Natur verbunden und bin entschlossen, sie zu sch\u00fctzen. Heute widme ich mein Leben der Sensibilisierung anderer f\u00fcr die Bedeutung des Umweltschutzes f\u00fcr zuk\u00fcnftige Generationen.\",\"sameAs\":[\"https:\\\/\\\/www.strassenweb.de\\\/\"]}]}<\/script>\n<!-- \/ Yoast SEO plugin. -->","yoast_head_json":{"title":"Martha Stewarts grau-gr\u00fcner Eingangsbereich wird die Farbtrends 2026 dominieren \u2013 seine beruhigende Wirkung ist un\u00fcbertroffen - Nachrichten - Stra\u00dfenweb","robots":{"index":"index","follow":"follow","max-snippet":"max-snippet:-1","max-image-preview":"max-image-preview:large","max-video-preview":"max-video-preview:-1"},"canonical":"https:\/\/www.strassenweb.de\/nachrichten\/martha-stewarts-grau-gruener-eingangsbereich-wird-die-farbtrends-2026-dominieren-seine-beruhigende-wirkung-ist-unuebertroffen\/","og_locale":"de_DE","og_type":"article","og_title":"Martha Stewarts grau-gr\u00fcner Eingangsbereich wird die Farbtrends 2026 dominieren \u2013 seine beruhigende Wirkung ist un\u00fcbertroffen - Nachrichten - Stra\u00dfenweb","og_description":"Der Kalender hat sich vielleicht den klaren Tagen des Mittherbsts zugewandt, aber Amerikas beliebteste TV-Pers\u00f6nlichkeit, Martha Stewart, inspiriert immer noch unsere elegantesten Wohnwahlen mit einer","og_url":"https:\/\/www.strassenweb.de\/nachrichten\/martha-stewarts-grau-gruener-eingangsbereich-wird-die-farbtrends-2026-dominieren-seine-beruhigende-wirkung-ist-unuebertroffen\/","og_site_name":"Stra\u00dfenweb","article_publisher":"https:\/\/www.facebook.com\/strassenweb\/","article_published_time":"2025-10-10T23:39:42+00:00","article_modified_time":"2025-10-10T23:39:43+00:00","og_image":[{"width":1600,"height":900,"url":"https:\/\/www.strassenweb.de\/nachrichten\/wp-content\/uploads\/2025\/10\/Martha-Stewarts-grau-gruener-Eingangsbereich-wird-die-Farbtrends-2026-dominieren-\u2013.jpg","type":"image\/jpeg"}],"author":"Robert Hoffmann","twitter_card":"summary_large_image","twitter_misc":{"Verfasst von":"Robert Hoffmann","Gesch\u00e4tzte Lesezeit":"3\u00a0Minuten"},"schema":{"@context":"https:\/\/schema.org","@graph":[{"@type":"Article","@id":"https:\/\/www.strassenweb.de\/nachrichten\/martha-stewarts-grau-gruener-eingangsbereich-wird-die-farbtrends-2026-dominieren-seine-beruhigende-wirkung-ist-unuebertroffen\/#article","isPartOf":{"@id":"https:\/\/www.strassenweb.de\/nachrichten\/martha-stewarts-grau-gruener-eingangsbereich-wird-die-farbtrends-2026-dominieren-seine-beruhigende-wirkung-ist-unuebertroffen\/"},"author":{"name":"Robert Hoffmann","@id":"https:\/\/www.strassenweb.de\/nachrichten\/#\/schema\/person\/87c9c9067f1211da429a744dc5a5aa41"},"headline":"Martha Stewarts grau-gr\u00fcner Eingangsbereich wird die Farbtrends 2026 dominieren \u2013 seine beruhigende Wirkung ist un\u00fcbertroffen","datePublished":"2025-10-10T23:39:42+00:00","dateModified":"2025-10-10T23:39:43+00:00","mainEntityOfPage":{"@id":"https:\/\/www.strassenweb.de\/nachrichten\/martha-stewarts-grau-gruener-eingangsbereich-wird-die-farbtrends-2026-dominieren-seine-beruhigende-wirkung-ist-unuebertroffen\/"},"wordCount":612,"publisher":{"@id":"https:\/\/www.strassenweb.de\/nachrichten\/#organization"},"image":{"@id":"https:\/\/www.strassenweb.de\/nachrichten\/martha-stewarts-grau-gruener-eingangsbereich-wird-die-farbtrends-2026-dominieren-seine-beruhigende-wirkung-ist-unuebertroffen\/#primaryimage"},"thumbnailUrl":"https:\/\/www.strassenweb.de\/nachrichten\/wp-content\/uploads\/2025\/10\/Martha-Stewarts-grau-gruener-Eingangsbereich-wird-die-Farbtrends-2026-dominieren-\u2013.jpg","keywords":["beruhigende","die","dominieren","Eingangsbereich","Farbtrends","graugr\u00fcner","ist","Martha","seine","Stewarts","un\u00fcbertroffen","wird","Wirkung"],"articleSection":["Haus &amp; Garten"],"inLanguage":"de"},{"@type":"WebPage","@id":"https:\/\/www.strassenweb.de\/nachrichten\/martha-stewarts-grau-gruener-eingangsbereich-wird-die-farbtrends-2026-dominieren-seine-beruhigende-wirkung-ist-unuebertroffen\/","url":"https:\/\/www.strassenweb.de\/nachrichten\/martha-stewarts-grau-gruener-eingangsbereich-wird-die-farbtrends-2026-dominieren-seine-beruhigende-wirkung-ist-unuebertroffen\/","name":"Martha Stewarts grau-gr\u00fcner Eingangsbereich wird die Farbtrends 2026 dominieren \u2013 seine beruhigende Wirkung ist un\u00fcbertroffen - Nachrichten - Stra\u00dfenweb","isPartOf":{"@id":"https:\/\/www.strassenweb.de\/nachrichten\/#website"},"primaryImageOfPage":{"@id":"https:\/\/www.strassenweb.de\/nachrichten\/martha-stewarts-grau-gruener-eingangsbereich-wird-die-farbtrends-2026-dominieren-seine-beruhigende-wirkung-ist-unuebertroffen\/#primaryimage"},"image":{"@id":"https:\/\/www.strassenweb.de\/nachrichten\/martha-stewarts-grau-gruener-eingangsbereich-wird-die-farbtrends-2026-dominieren-seine-beruhigende-wirkung-ist-unuebertroffen\/#primaryimage"},"thumbnailUrl":"https:\/\/www.strassenweb.de\/nachrichten\/wp-content\/uploads\/2025\/10\/Martha-Stewarts-grau-gruener-Eingangsbereich-wird-die-Farbtrends-2026-dominieren-\u2013.jpg","datePublished":"2025-10-10T23:39:42+00:00","dateModified":"2025-10-10T23:39:43+00:00","breadcrumb":{"@id":"https:\/\/www.strassenweb.de\/nachrichten\/martha-stewarts-grau-gruener-eingangsbereich-wird-die-farbtrends-2026-dominieren-seine-beruhigende-wirkung-ist-unuebertroffen\/#breadcrumb"},"inLanguage":"de","potentialAction":[{"@type":"ReadAction","target":["https:\/\/www.strassenweb.de\/nachrichten\/martha-stewarts-grau-gruener-eingangsbereich-wird-die-farbtrends-2026-dominieren-seine-beruhigende-wirkung-ist-unuebertroffen\/"]}]},{"@type":"ImageObject","inLanguage":"de","@id":"https:\/\/www.strassenweb.de\/nachrichten\/martha-stewarts-grau-gruener-eingangsbereich-wird-die-farbtrends-2026-dominieren-seine-beruhigende-wirkung-ist-unuebertroffen\/#primaryimage","url":"https:\/\/www.strassenweb.de\/nachrichten\/wp-content\/uploads\/2025\/10\/Martha-Stewarts-grau-gruener-Eingangsbereich-wird-die-Farbtrends-2026-dominieren-\u2013.jpg","contentUrl":"https:\/\/www.strassenweb.de\/nachrichten\/wp-content\/uploads\/2025\/10\/Martha-Stewarts-grau-gruener-Eingangsbereich-wird-die-Farbtrends-2026-dominieren-\u2013.jpg","width":1600,"height":900,"caption":"martha steart timeless cabinet colors"},{"@type":"BreadcrumbList","@id":"https:\/\/www.strassenweb.de\/nachrichten\/martha-stewarts-grau-gruener-eingangsbereich-wird-die-farbtrends-2026-dominieren-seine-beruhigende-wirkung-ist-unuebertroffen\/#breadcrumb","itemListElement":[{"@type":"ListItem","position":1,"name":"Home","item":"https:\/\/www.strassenweb.de\/nachrichten\/"},{"@type":"ListItem","position":2,"name":"Martha Stewarts grau-gr\u00fcner Eingangsbereich wird die Farbtrends 2026 dominieren \u2013 seine beruhigende Wirkung ist un\u00fcbertroffen"}]},{"@type":"WebSite","@id":"https:\/\/www.strassenweb.de\/nachrichten\/#website","url":"https:\/\/www.strassenweb.de\/nachrichten\/","name":"Stra\u00dfenweb","description":"Stra\u00dfenverzeichnis f\u00fcr Deutschland","publisher":{"@id":"https:\/\/www.strassenweb.de\/nachrichten\/#organization"},"potentialAction":[{"@type":"SearchAction","target":{"@type":"EntryPoint","urlTemplate":"https:\/\/www.strassenweb.de\/nachrichten\/?s={search_term_string}"},"query-input":{"@type":"PropertyValueSpecification","valueRequired":true,"valueName":"search_term_string"}}],"inLanguage":"de"},{"@type":"Organization","@id":"https:\/\/www.strassenweb.de\/nachrichten\/#organization","name":"Stra\u00dfenweb","url":"https:\/\/www.strassenweb.de\/nachrichten\/","logo":{"@type":"ImageObject","inLanguage":"de","@id":"https:\/\/www.strassenweb.de\/nachrichten\/#\/schema\/logo\/image\/","url":"https:\/\/www.strassenweb.de\/nachrichten\/wp-content\/uploads\/2024\/09\/cropped-favicon.png","contentUrl":"https:\/\/www.strassenweb.de\/nachrichten\/wp-content\/uploads\/2024\/09\/cropped-favicon.png","width":512,"height":512,"caption":"Stra\u00dfenweb"},"image":{"@id":"https:\/\/www.strassenweb.de\/nachrichten\/#\/schema\/logo\/image\/"},"sameAs":["https:\/\/www.facebook.com\/strassenweb\/"]},{"@type":"Person","@id":"https:\/\/www.strassenweb.de\/nachrichten\/#\/schema\/person\/87c9c9067f1211da429a744dc5a5aa41","name":"Robert Hoffmann","image":{"@type":"ImageObject","inLanguage":"de","@id":"https:\/\/www.strassenweb.de\/nachrichten\/wp-content\/uploads\/2024\/09\/strassenweb-150x150.jpg","url":"https:\/\/www.strassenweb.de\/nachrichten\/wp-content\/uploads\/2024\/09\/strassenweb-150x150.jpg","contentUrl":"https:\/\/www.strassenweb.de\/nachrichten\/wp-content\/uploads\/2024\/09\/strassenweb-150x150.jpg","caption":"Robert Hoffmann"},"description":"Ich hei\u00dfe Robert Hoffmann und ich bin ein leidenschaftlicher Verfechter von \u00d6kologie und Biodiversit\u00e4t. Seit meiner Kindheit in den W\u00e4ldern Bayerns f\u00fchle ich mich mit der Natur verbunden und bin entschlossen, sie zu sch\u00fctzen. Heute widme ich mein Leben der Sensibilisierung anderer f\u00fcr die Bedeutung des Umweltschutzes f\u00fcr zuk\u00fcnftige Generationen.","sameAs":["https:\/\/www.strassenweb.de\/"]}]}},"_links":{"self":[{"href":"https:\/\/www.strassenweb.de\/nachrichten\/wp-json\/wp\/v2\/posts\/8378","targetHints":{"allow":["GET"]}}],"collection":[{"href":"https:\/\/www.strassenweb.de\/nachrichten\/wp-json\/wp\/v2\/posts"}],"about":[{"href":"https:\/\/www.strassenweb.de\/nachrichten\/wp-json\/wp\/v2\/types\/post"}],"author":[{"embeddable":true,"href":"https:\/\/www.strassenweb.de\/nachrichten\/wp-json\/wp\/v2\/users\/1"}],"replies":[{"embeddable":true,"href":"https:\/\/www.strassenweb.de\/nachrichten\/wp-json\/wp\/v2\/comments?post=8378"}],"version-history":[{"count":0,"href":"https:\/\/www.strassenweb.de\/nachrichten\/wp-json\/wp\/v2\/posts\/8378\/revisions"}],"wp:featuredmedia":[{"embeddable":true,"href":"https:\/\/www.strassenweb.de\/nachrichten\/wp-json\/wp\/v2\/media\/8379"}],"wp:attachment":[{"href":"https:\/\/www.strassenweb.de\/nachrichten\/wp-json\/wp\/v2\/media?parent=8378"}],"wp:term":[{"taxonomy":"category","embeddable":true,"href":"https:\/\/www.strassenweb.de\/nachrichten\/wp-json\/wp\/v2\/categories?post=8378"},{"taxonomy":"post_tag","embeddable":true,"href":"https:\/\/www.strassenweb.de\/nachrichten\/wp-json\/wp\/v2\/tags?post=8378"}],"curies":[{"name":"wp","href":"https:\/\/api.w.org\/{rel}","templated":true}]}}