{"id":8351,"date":"2025-10-10T01:39:15","date_gmt":"2025-10-09T23:39:15","guid":{"rendered":"https:\/\/www.strassenweb.de\/nachrichten\/martha-stewarts-kuechen-ess-farbschema-aus-den-90er-jahren-wird-die-trends-im-jahr-2026-dominieren-seine-faehigkeit-energie-zu-spenden-das-glueck-zu-steigern-und-zu-begeistern-ist-unueber\/"},"modified":"2025-10-10T01:39:16","modified_gmt":"2025-10-09T23:39:16","slug":"martha-stewarts-kuechen-ess-farbschema-aus-den-90er-jahren-wird-die-trends-im-jahr-2026-dominieren-seine-faehigkeit-energie-zu-spenden-das-glueck-zu-steigern-und-zu-begeistern-ist-unueber","status":"publish","type":"post","link":"https:\/\/www.strassenweb.de\/nachrichten\/martha-stewarts-kuechen-ess-farbschema-aus-den-90er-jahren-wird-die-trends-im-jahr-2026-dominieren-seine-faehigkeit-energie-zu-spenden-das-glueck-zu-steigern-und-zu-begeistern-ist-unueber\/","title":{"rendered":"Martha Stewarts K\u00fcchen-Ess-Farbschema aus den 90er-Jahren wird die Trends im Jahr 2026 dominieren \u2013 seine F\u00e4higkeit, Energie zu spenden, das Gl\u00fcck zu steigern und zu begeistern, ist un\u00fcbertroffen"},"content":{"rendered":"<p><\/p>\n<div id=\"article-body\" class=\"article__body \">\n<p id=\"2d86e7d4-6655-490d-8909-9217c01932fa\">Orange war in den sp\u00e4ten 80ern und fr\u00fchen 90ern allgegenw\u00e4rtig \u2013 kr\u00e4ftig, laut und alles andere als subtil. Aber das Orange, zu dem ich mich jetzt hingezogen f\u00fchle, ist etwas ganz anderes. Drei Jahrzehnte sp\u00e4ter erlebt dieser einst spaltende Farbtrend ein spektakul\u00e4res Comeback \u2013 neu interpretiert als etwas viel Anspruchsvolleres und unendlich Vielseitiges. Beim gebrannten Orange von heute geht es nicht um Blitz; es geht um W\u00e4rme, W\u00fcrze und dezenten Luxus.<\/p>\n<div id=\"ad-unit-1\" class=\"ad-unit\"><\/div>\n<p>Ich habe es schon immer geliebt, wie bestimmte Raumfarbideen einen Raum verwandeln k\u00f6nnen, und nur wenige Farbt\u00f6ne machen das so sch\u00f6n wie gebranntes Orange. Es verf\u00fcgt \u00fcber die unglaubliche F\u00e4higkeit, einem Raum sowohl Lebendigkeit als auch Erdung zu verleihen \u2013 voller Energie, aber auch zutiefst beruhigend. Kein Wunder, dass Martha Stewart dem Rest von uns weit voraus war. Ihr orangefarbenes Drei-Jahreszeiten-Zimmer in ihrem ehemaligen Haus in der Lily Pond Lane wirkt auch Jahre sp\u00e4ter immer noch so gewagt, elegant und relevant.<\/p>\n<div class=\"instagram-embed\" id=\"C--KYiOuBny\">\n<blockquote class=\"instagram-media\" data-instgrm-captioned data-instgrm-version=\"6\" style=\"width:99.375%; width:-webkit-calc(100% - 2px); width:calc(100% - 2px);\">\n<p>Ein von Martha Stewart (@marthastewart) geteilter Beitrag<\/p>\n<p>Ein Foto gepostet von am <\/p>\n<\/blockquote>\n<\/div>\n<aside data-block-type=\"embed\" data-render-type=\"fte\" data-skip=\"dealsy\" data-widget-type=\"seasonal\" class=\"hawk-root\"><\/aside>\n<p id=\"9b06863d-cc1d-49c5-949a-ab5748450507-0\">Wenn ich mit Orange dekoriere, finde ich, dass es am besten funktioniert, wenn es mit Jadegr\u00fcn kombiniert wird \u2013 die beiden zusammen singen einfach. Wie Designerin Emma Deterding von Kelling Designs es ausdr\u00fcckt: \u201eIch kombiniere nicht nur Orange mit Jadegr\u00fcn; Ich betrachte sie als eine m\u00fchelose, unverzichtbare Kombination f\u00fcr ein markantes, modernes Interieur.\u201c Ich kann nur zustimmen.<\/p>\n<div class=\"van_vid_carousel\">\n<div class=\"van_vid_carousel__padding\">\n<div class=\"van_vid_carousel__container\"><\/div>\n<\/div>\n<\/div>\n<p>Wenn Sie Farben entdecken, die zu Orange passen, ist Jade meine erste Wahl, egal ob es sich um eine Akzentwand, einen gemusterten Teppich oder ein M\u00f6belst\u00fcck handelt. Die W\u00e4rme von Orange und die Ruhe von Jade schaffen eine Balance, die sich sowohl erhebend als auch zeitlos anf\u00fchlt.<\/p>\n<div id=\"ad-unit-2\" class=\"ad-unit\"><\/div>\n<p>Auch die Farbberaterin Clare Tilbrook bringt es auf den Punkt, wenn sie sagt: \u201eOrange kann in Kombination mit Jade wirklich elegant und architektonisch aussehen.\u201c Ich habe gesehen, dass diese Kombination wunderbar in Esszimmern funktioniert \u2013 denken Sie an warme orangefarbene W\u00e4nde und weiche, jadefarbene Stoffe und \u00fcberall geschichtetes Dekor. Es ist reichhaltig und einladend, ohne \u00fcbertrieben zu wirken, wie ein Raum, der sich im Laufe der Zeit auf nat\u00fcrliche Weise weiterentwickelt hat.<\/p>\n<figure class=\"van-image-figure inline-layout \" data-bordeaux-image-check id=\"6b7a905e-4a65-496d-8eb4-9835b914b042\">\n<div class=\"image-full-width-wrapper\">\n<div class=\"image-widthsetter\" style=\"max-width:2000px;\"><\/div>\n<\/div>\n<\/figure>\n<p id=\"bbecff2c-3c05-4160-a0b5-ff20e63dbb2d\">Orange ist meiner Meinung nach die perfekte Farbe f\u00fcr ein Esszimmer \u2013 vor allem, wenn es mit ein paar Antiquit\u00e4ten, einem Hauch Jadeit (Marthas Markenzeichen) und viel frischem Blattwerk gestylt wird. Bei nat\u00fcrlichem Licht ist es strahlend und fr\u00f6hlich; Am Abend erstrahlt es in behaglicher Intimit\u00e4t. Eine solche Vielseitigkeit ist selten.<\/p>\n<p>Meiner Meinung nach sollte der Ort, an dem Sie leben, mit Farben gef\u00fcllt sein, die daf\u00fcr sorgen, dass Sie sich zu Hause gl\u00fccklicher f\u00fchlen, da sie einem Raum Pers\u00f6nlichkeit verleihen. Oranget\u00f6ne sind eine gute Wahl \u2013 sie sorgen tags\u00fcber f\u00fcr eine belebende Stimmung und k\u00f6nnen abends f\u00fcr eine gem\u00fctliche, entspannte Atmosph\u00e4re sorgen. Diese raffinierte Farbkombination bleibt ein Gewinner, wenn sie in Ihrem Zuhause richtig skaliert und ausbalanciert wird.<\/p>\n<div id=\"slice-container-newsletterForm-articleInbodyContent-94d2853yBCer64TVd4U4BK\" class=\"slice-container newsletter-inbodyContent-slice newsletterForm-articleInbodyContent-94d2853yBCer64TVd4U4BK slice-container-newsletterForm\"><\/div>\n<h3 class=\"article-body__section\" id=\"section-shop-the-look\"><span>Shoppen Sie den Look<\/span><\/h3>\n<p id=\"e279727f-99d7-41b5-8eb8-7d0f75db49db\">Ein letztes dekoratives Element zur Vervollst\u00e4ndigung dieser raffinierten Kombination ist die Einbeziehung von Glas- und Keramikakzenten. Martha Stewart ist eine bekannte Sammlerin von Fire-King Restaurantware, einer \u00e4u\u00dferst beliebten und immer seltener werdenden Art von Jadeit. Wenn Sie nicht bereit sind, in diese originalen Vintage-St\u00fccke zu investieren, k\u00f6nnen Sie den eleganten Look ganz einfach nachbilden.<\/p>\n<p>Suchen Sie nach \u00e4hnlichen, aber ebenso sch\u00f6nen Glaswaren von Amazon, Target und der Bed, Bath &#038; Beyond-Kollektion von Martha Stewart. Die charakteristische jadeartige Farbe dieser St\u00fccke bildet einen perfekten, auff\u00e4lligen Kontrast zu einem feurig orangefarbenen Hintergrund, so wie Stewart es selbst gestylt hat.<\/p>\n<div class=\"product-container hero-product-container product-block-no-wrap\">\n<div class=\"product-block-row\"><\/div>\n<div class=\"product-block-row\"><\/div>\n<div class=\"product-block-row\"><\/div>\n<\/div>\n<div class=\"block\" id=\"articleTag\" data-component-name=\"PostArticleLinks\">\n<div class=\"border-b border-b-black border-solid py-2.5 text-black font-bold uppercase\">THEMEN<\/div>\n<nav class=\"py-2.5 flex gap-2.5 flex-wrap\" data-analytics-id=\"article-tag\">\n<p>Martha Stewart<\/p>\n<\/nav>\n<\/div>\n<\/div>\n<p><script async src=\"\/\/www.instagram.com\/embed.js\"><\/script><\/p>\n","protected":false},"excerpt":{"rendered":"<p>Orange war in den sp\u00e4ten 80ern und fr\u00fchen 90ern allgegenw\u00e4rtig \u2013 kr\u00e4ftig, laut und alles andere als subtil. Aber das Orange, zu dem ich mich<\/p>\n","protected":false},"author":1,"featured_media":8352,"comment_status":"closed","ping_status":"","sticky":false,"template":"","format":"standard","meta":{"footnotes":""},"categories":[118],"tags":[10694,287,10696,112,78,9,1462,2009,5259,4702,15,384,10693,2894,186,10695,2042,2895,1733,37,10697,71],"class_list":["post-8351","post","type-post","status-publish","format-standard","has-post-thumbnail","hentry","category-haus-garten","tag-90erjahren","tag-aus","tag-begeistern","tag-das","tag-den","tag-die","tag-dominieren","tag-energie","tag-faehigkeit","tag-glueck","tag-ist","tag-jahr","tag-kuechenessfarbschema","tag-martha","tag-seine","tag-spenden","tag-steigern","tag-stewarts","tag-trends","tag-und","tag-unuebertroffen","tag-wird","generate-columns","tablet-grid-50","mobile-grid-100","grid-parent","grid-50"],"yoast_head":"<!-- This site is optimized with the Yoast SEO plugin v27.3 - https:\/\/yoast.com\/product\/yoast-seo-wordpress\/ -->\n<title>Martha Stewarts K\u00fcchen-Ess-Farbschema aus den 90er-Jahren wird die Trends im Jahr 2026 dominieren \u2013 seine F\u00e4higkeit, Energie zu spenden, das Gl\u00fcck zu steigern und zu begeistern, ist un\u00fcbertroffen - Nachrichten - Stra\u00dfenweb<\/title>\n<meta name=\"robots\" content=\"index, follow, max-snippet:-1, max-image-preview:large, max-video-preview:-1\" \/>\n<link rel=\"canonical\" href=\"https:\/\/www.strassenweb.de\/nachrichten\/martha-stewarts-kuechen-ess-farbschema-aus-den-90er-jahren-wird-die-trends-im-jahr-2026-dominieren-seine-faehigkeit-energie-zu-spenden-das-glueck-zu-steigern-und-zu-begeistern-ist-unueber\/\" \/>\n<meta property=\"og:locale\" content=\"de_DE\" \/>\n<meta property=\"og:type\" content=\"article\" \/>\n<meta property=\"og:title\" content=\"Martha Stewarts K\u00fcchen-Ess-Farbschema aus den 90er-Jahren wird die Trends im Jahr 2026 dominieren \u2013 seine F\u00e4higkeit, Energie zu spenden, das Gl\u00fcck zu steigern und zu begeistern, ist un\u00fcbertroffen - Nachrichten - Stra\u00dfenweb\" \/>\n<meta property=\"og:description\" content=\"Orange war in den sp\u00e4ten 80ern und fr\u00fchen 90ern allgegenw\u00e4rtig \u2013 kr\u00e4ftig, laut und alles andere als subtil. Aber das Orange, zu dem ich mich\" \/>\n<meta property=\"og:url\" content=\"https:\/\/www.strassenweb.de\/nachrichten\/martha-stewarts-kuechen-ess-farbschema-aus-den-90er-jahren-wird-die-trends-im-jahr-2026-dominieren-seine-faehigkeit-energie-zu-spenden-das-glueck-zu-steigern-und-zu-begeistern-ist-unueber\/\" \/>\n<meta property=\"og:site_name\" content=\"Stra\u00dfenweb\" \/>\n<meta property=\"article:publisher\" content=\"https:\/\/www.facebook.com\/strassenweb\/\" \/>\n<meta property=\"article:published_time\" content=\"2025-10-09T23:39:15+00:00\" \/>\n<meta property=\"article:modified_time\" content=\"2025-10-09T23:39:16+00:00\" \/>\n<meta property=\"og:image\" content=\"https:\/\/www.strassenweb.de\/nachrichten\/wp-content\/uploads\/2025\/10\/Martha-Stewarts-Kuechen-Ess-Farbschema-aus-den-90er-Jahren-wird-die-Trends-im.jpg\" \/>\n\t<meta property=\"og:image:width\" content=\"1600\" \/>\n\t<meta property=\"og:image:height\" content=\"900\" \/>\n\t<meta property=\"og:image:type\" content=\"image\/jpeg\" \/>\n<meta name=\"author\" content=\"Robert Hoffmann\" \/>\n<meta name=\"twitter:card\" content=\"summary_large_image\" \/>\n<meta name=\"twitter:label1\" content=\"Verfasst von\" \/>\n\t<meta name=\"twitter:data1\" content=\"Robert Hoffmann\" \/>\n\t<meta name=\"twitter:label2\" content=\"Gesch\u00e4tzte Lesezeit\" \/>\n\t<meta name=\"twitter:data2\" content=\"3\u00a0Minuten\" \/>\n<script type=\"application\/ld+json\" class=\"yoast-schema-graph\">{\"@context\":\"https:\\\/\\\/schema.org\",\"@graph\":[{\"@type\":\"Article\",\"@id\":\"https:\\\/\\\/www.strassenweb.de\\\/nachrichten\\\/martha-stewarts-kuechen-ess-farbschema-aus-den-90er-jahren-wird-die-trends-im-jahr-2026-dominieren-seine-faehigkeit-energie-zu-spenden-das-glueck-zu-steigern-und-zu-begeistern-ist-unueber\\\/#article\",\"isPartOf\":{\"@id\":\"https:\\\/\\\/www.strassenweb.de\\\/nachrichten\\\/martha-stewarts-kuechen-ess-farbschema-aus-den-90er-jahren-wird-die-trends-im-jahr-2026-dominieren-seine-faehigkeit-energie-zu-spenden-das-glueck-zu-steigern-und-zu-begeistern-ist-unueber\\\/\"},\"author\":{\"name\":\"Robert Hoffmann\",\"@id\":\"https:\\\/\\\/www.strassenweb.de\\\/nachrichten\\\/#\\\/schema\\\/person\\\/87c9c9067f1211da429a744dc5a5aa41\"},\"headline\":\"Martha Stewarts K\u00fcchen-Ess-Farbschema aus den 90er-Jahren wird die Trends im Jahr 2026 dominieren \u2013 seine F\u00e4higkeit, Energie zu spenden, das Gl\u00fcck zu steigern und zu begeistern, ist un\u00fcbertroffen\",\"datePublished\":\"2025-10-09T23:39:15+00:00\",\"dateModified\":\"2025-10-09T23:39:16+00:00\",\"mainEntityOfPage\":{\"@id\":\"https:\\\/\\\/www.strassenweb.de\\\/nachrichten\\\/martha-stewarts-kuechen-ess-farbschema-aus-den-90er-jahren-wird-die-trends-im-jahr-2026-dominieren-seine-faehigkeit-energie-zu-spenden-das-glueck-zu-steigern-und-zu-begeistern-ist-unueber\\\/\"},\"wordCount\":635,\"publisher\":{\"@id\":\"https:\\\/\\\/www.strassenweb.de\\\/nachrichten\\\/#organization\"},\"image\":{\"@id\":\"https:\\\/\\\/www.strassenweb.de\\\/nachrichten\\\/martha-stewarts-kuechen-ess-farbschema-aus-den-90er-jahren-wird-die-trends-im-jahr-2026-dominieren-seine-faehigkeit-energie-zu-spenden-das-glueck-zu-steigern-und-zu-begeistern-ist-unueber\\\/#primaryimage\"},\"thumbnailUrl\":\"https:\\\/\\\/www.strassenweb.de\\\/nachrichten\\\/wp-content\\\/uploads\\\/2025\\\/10\\\/Martha-Stewarts-Kuechen-Ess-Farbschema-aus-den-90er-Jahren-wird-die-Trends-im.jpg\",\"keywords\":[\"90erJahren\",\"aus\",\"begeistern\",\"das\",\"den\",\"die\",\"dominieren\",\"Energie\",\"F\u00e4higkeit\",\"Gl\u00fcck\",\"ist\",\"Jahr\",\"K\u00fcchenEssFarbschema\",\"Martha\",\"seine\",\"spenden\",\"steigern\",\"Stewarts\",\"Trends\",\"und\",\"un\u00fcbertroffen\",\"wird\"],\"articleSection\":[\"Haus &amp; Garten\"],\"inLanguage\":\"de\"},{\"@type\":\"WebPage\",\"@id\":\"https:\\\/\\\/www.strassenweb.de\\\/nachrichten\\\/martha-stewarts-kuechen-ess-farbschema-aus-den-90er-jahren-wird-die-trends-im-jahr-2026-dominieren-seine-faehigkeit-energie-zu-spenden-das-glueck-zu-steigern-und-zu-begeistern-ist-unueber\\\/\",\"url\":\"https:\\\/\\\/www.strassenweb.de\\\/nachrichten\\\/martha-stewarts-kuechen-ess-farbschema-aus-den-90er-jahren-wird-die-trends-im-jahr-2026-dominieren-seine-faehigkeit-energie-zu-spenden-das-glueck-zu-steigern-und-zu-begeistern-ist-unueber\\\/\",\"name\":\"Martha Stewarts K\u00fcchen-Ess-Farbschema aus den 90er-Jahren wird die Trends im Jahr 2026 dominieren \u2013 seine F\u00e4higkeit, Energie zu spenden, das Gl\u00fcck zu steigern und zu begeistern, ist un\u00fcbertroffen - Nachrichten - Stra\u00dfenweb\",\"isPartOf\":{\"@id\":\"https:\\\/\\\/www.strassenweb.de\\\/nachrichten\\\/#website\"},\"primaryImageOfPage\":{\"@id\":\"https:\\\/\\\/www.strassenweb.de\\\/nachrichten\\\/martha-stewarts-kuechen-ess-farbschema-aus-den-90er-jahren-wird-die-trends-im-jahr-2026-dominieren-seine-faehigkeit-energie-zu-spenden-das-glueck-zu-steigern-und-zu-begeistern-ist-unueber\\\/#primaryimage\"},\"image\":{\"@id\":\"https:\\\/\\\/www.strassenweb.de\\\/nachrichten\\\/martha-stewarts-kuechen-ess-farbschema-aus-den-90er-jahren-wird-die-trends-im-jahr-2026-dominieren-seine-faehigkeit-energie-zu-spenden-das-glueck-zu-steigern-und-zu-begeistern-ist-unueber\\\/#primaryimage\"},\"thumbnailUrl\":\"https:\\\/\\\/www.strassenweb.de\\\/nachrichten\\\/wp-content\\\/uploads\\\/2025\\\/10\\\/Martha-Stewarts-Kuechen-Ess-Farbschema-aus-den-90er-Jahren-wird-die-Trends-im.jpg\",\"datePublished\":\"2025-10-09T23:39:15+00:00\",\"dateModified\":\"2025-10-09T23:39:16+00:00\",\"breadcrumb\":{\"@id\":\"https:\\\/\\\/www.strassenweb.de\\\/nachrichten\\\/martha-stewarts-kuechen-ess-farbschema-aus-den-90er-jahren-wird-die-trends-im-jahr-2026-dominieren-seine-faehigkeit-energie-zu-spenden-das-glueck-zu-steigern-und-zu-begeistern-ist-unueber\\\/#breadcrumb\"},\"inLanguage\":\"de\",\"potentialAction\":[{\"@type\":\"ReadAction\",\"target\":[\"https:\\\/\\\/www.strassenweb.de\\\/nachrichten\\\/martha-stewarts-kuechen-ess-farbschema-aus-den-90er-jahren-wird-die-trends-im-jahr-2026-dominieren-seine-faehigkeit-energie-zu-spenden-das-glueck-zu-steigern-und-zu-begeistern-ist-unueber\\\/\"]}]},{\"@type\":\"ImageObject\",\"inLanguage\":\"de\",\"@id\":\"https:\\\/\\\/www.strassenweb.de\\\/nachrichten\\\/martha-stewarts-kuechen-ess-farbschema-aus-den-90er-jahren-wird-die-trends-im-jahr-2026-dominieren-seine-faehigkeit-energie-zu-spenden-das-glueck-zu-steigern-und-zu-begeistern-ist-unueber\\\/#primaryimage\",\"url\":\"https:\\\/\\\/www.strassenweb.de\\\/nachrichten\\\/wp-content\\\/uploads\\\/2025\\\/10\\\/Martha-Stewarts-Kuechen-Ess-Farbschema-aus-den-90er-Jahren-wird-die-Trends-im.jpg\",\"contentUrl\":\"https:\\\/\\\/www.strassenweb.de\\\/nachrichten\\\/wp-content\\\/uploads\\\/2025\\\/10\\\/Martha-Stewarts-Kuechen-Ess-Farbschema-aus-den-90er-Jahren-wird-die-Trends-im.jpg\",\"width\":1600,\"height\":900,\"caption\":\"martha stewart items to thrift\"},{\"@type\":\"BreadcrumbList\",\"@id\":\"https:\\\/\\\/www.strassenweb.de\\\/nachrichten\\\/martha-stewarts-kuechen-ess-farbschema-aus-den-90er-jahren-wird-die-trends-im-jahr-2026-dominieren-seine-faehigkeit-energie-zu-spenden-das-glueck-zu-steigern-und-zu-begeistern-ist-unueber\\\/#breadcrumb\",\"itemListElement\":[{\"@type\":\"ListItem\",\"position\":1,\"name\":\"Home\",\"item\":\"https:\\\/\\\/www.strassenweb.de\\\/nachrichten\\\/\"},{\"@type\":\"ListItem\",\"position\":2,\"name\":\"Martha Stewarts K\u00fcchen-Ess-Farbschema aus den 90er-Jahren wird die Trends im Jahr 2026 dominieren \u2013 seine F\u00e4higkeit, Energie zu spenden, das Gl\u00fcck zu steigern und zu begeistern, ist un\u00fcbertroffen\"}]},{\"@type\":\"WebSite\",\"@id\":\"https:\\\/\\\/www.strassenweb.de\\\/nachrichten\\\/#website\",\"url\":\"https:\\\/\\\/www.strassenweb.de\\\/nachrichten\\\/\",\"name\":\"Stra\u00dfenweb\",\"description\":\"Stra\u00dfenverzeichnis f\u00fcr Deutschland\",\"publisher\":{\"@id\":\"https:\\\/\\\/www.strassenweb.de\\\/nachrichten\\\/#organization\"},\"potentialAction\":[{\"@type\":\"SearchAction\",\"target\":{\"@type\":\"EntryPoint\",\"urlTemplate\":\"https:\\\/\\\/www.strassenweb.de\\\/nachrichten\\\/?s={search_term_string}\"},\"query-input\":{\"@type\":\"PropertyValueSpecification\",\"valueRequired\":true,\"valueName\":\"search_term_string\"}}],\"inLanguage\":\"de\"},{\"@type\":\"Organization\",\"@id\":\"https:\\\/\\\/www.strassenweb.de\\\/nachrichten\\\/#organization\",\"name\":\"Stra\u00dfenweb\",\"url\":\"https:\\\/\\\/www.strassenweb.de\\\/nachrichten\\\/\",\"logo\":{\"@type\":\"ImageObject\",\"inLanguage\":\"de\",\"@id\":\"https:\\\/\\\/www.strassenweb.de\\\/nachrichten\\\/#\\\/schema\\\/logo\\\/image\\\/\",\"url\":\"https:\\\/\\\/www.strassenweb.de\\\/nachrichten\\\/wp-content\\\/uploads\\\/2024\\\/09\\\/cropped-favicon.png\",\"contentUrl\":\"https:\\\/\\\/www.strassenweb.de\\\/nachrichten\\\/wp-content\\\/uploads\\\/2024\\\/09\\\/cropped-favicon.png\",\"width\":512,\"height\":512,\"caption\":\"Stra\u00dfenweb\"},\"image\":{\"@id\":\"https:\\\/\\\/www.strassenweb.de\\\/nachrichten\\\/#\\\/schema\\\/logo\\\/image\\\/\"},\"sameAs\":[\"https:\\\/\\\/www.facebook.com\\\/strassenweb\\\/\"]},{\"@type\":\"Person\",\"@id\":\"https:\\\/\\\/www.strassenweb.de\\\/nachrichten\\\/#\\\/schema\\\/person\\\/87c9c9067f1211da429a744dc5a5aa41\",\"name\":\"Robert Hoffmann\",\"image\":{\"@type\":\"ImageObject\",\"inLanguage\":\"de\",\"@id\":\"https:\\\/\\\/www.strassenweb.de\\\/nachrichten\\\/wp-content\\\/uploads\\\/2024\\\/09\\\/strassenweb-150x150.jpg\",\"url\":\"https:\\\/\\\/www.strassenweb.de\\\/nachrichten\\\/wp-content\\\/uploads\\\/2024\\\/09\\\/strassenweb-150x150.jpg\",\"contentUrl\":\"https:\\\/\\\/www.strassenweb.de\\\/nachrichten\\\/wp-content\\\/uploads\\\/2024\\\/09\\\/strassenweb-150x150.jpg\",\"caption\":\"Robert Hoffmann\"},\"description\":\"Ich hei\u00dfe Robert Hoffmann und ich bin ein leidenschaftlicher Verfechter von \u00d6kologie und Biodiversit\u00e4t. Seit meiner Kindheit in den W\u00e4ldern Bayerns f\u00fchle ich mich mit der Natur verbunden und bin entschlossen, sie zu sch\u00fctzen. Heute widme ich mein Leben der Sensibilisierung anderer f\u00fcr die Bedeutung des Umweltschutzes f\u00fcr zuk\u00fcnftige Generationen.\",\"sameAs\":[\"https:\\\/\\\/www.strassenweb.de\\\/\"]}]}<\/script>\n<!-- \/ Yoast SEO plugin. -->","yoast_head_json":{"title":"Martha Stewarts K\u00fcchen-Ess-Farbschema aus den 90er-Jahren wird die Trends im Jahr 2026 dominieren \u2013 seine F\u00e4higkeit, Energie zu spenden, das Gl\u00fcck zu steigern und zu begeistern, ist un\u00fcbertroffen - Nachrichten - Stra\u00dfenweb","robots":{"index":"index","follow":"follow","max-snippet":"max-snippet:-1","max-image-preview":"max-image-preview:large","max-video-preview":"max-video-preview:-1"},"canonical":"https:\/\/www.strassenweb.de\/nachrichten\/martha-stewarts-kuechen-ess-farbschema-aus-den-90er-jahren-wird-die-trends-im-jahr-2026-dominieren-seine-faehigkeit-energie-zu-spenden-das-glueck-zu-steigern-und-zu-begeistern-ist-unueber\/","og_locale":"de_DE","og_type":"article","og_title":"Martha Stewarts K\u00fcchen-Ess-Farbschema aus den 90er-Jahren wird die Trends im Jahr 2026 dominieren \u2013 seine F\u00e4higkeit, Energie zu spenden, das Gl\u00fcck zu steigern und zu begeistern, ist un\u00fcbertroffen - Nachrichten - Stra\u00dfenweb","og_description":"Orange war in den sp\u00e4ten 80ern und fr\u00fchen 90ern allgegenw\u00e4rtig \u2013 kr\u00e4ftig, laut und alles andere als subtil. Aber das Orange, zu dem ich mich","og_url":"https:\/\/www.strassenweb.de\/nachrichten\/martha-stewarts-kuechen-ess-farbschema-aus-den-90er-jahren-wird-die-trends-im-jahr-2026-dominieren-seine-faehigkeit-energie-zu-spenden-das-glueck-zu-steigern-und-zu-begeistern-ist-unueber\/","og_site_name":"Stra\u00dfenweb","article_publisher":"https:\/\/www.facebook.com\/strassenweb\/","article_published_time":"2025-10-09T23:39:15+00:00","article_modified_time":"2025-10-09T23:39:16+00:00","og_image":[{"width":1600,"height":900,"url":"https:\/\/www.strassenweb.de\/nachrichten\/wp-content\/uploads\/2025\/10\/Martha-Stewarts-Kuechen-Ess-Farbschema-aus-den-90er-Jahren-wird-die-Trends-im.jpg","type":"image\/jpeg"}],"author":"Robert Hoffmann","twitter_card":"summary_large_image","twitter_misc":{"Verfasst von":"Robert Hoffmann","Gesch\u00e4tzte Lesezeit":"3\u00a0Minuten"},"schema":{"@context":"https:\/\/schema.org","@graph":[{"@type":"Article","@id":"https:\/\/www.strassenweb.de\/nachrichten\/martha-stewarts-kuechen-ess-farbschema-aus-den-90er-jahren-wird-die-trends-im-jahr-2026-dominieren-seine-faehigkeit-energie-zu-spenden-das-glueck-zu-steigern-und-zu-begeistern-ist-unueber\/#article","isPartOf":{"@id":"https:\/\/www.strassenweb.de\/nachrichten\/martha-stewarts-kuechen-ess-farbschema-aus-den-90er-jahren-wird-die-trends-im-jahr-2026-dominieren-seine-faehigkeit-energie-zu-spenden-das-glueck-zu-steigern-und-zu-begeistern-ist-unueber\/"},"author":{"name":"Robert Hoffmann","@id":"https:\/\/www.strassenweb.de\/nachrichten\/#\/schema\/person\/87c9c9067f1211da429a744dc5a5aa41"},"headline":"Martha Stewarts K\u00fcchen-Ess-Farbschema aus den 90er-Jahren wird die Trends im Jahr 2026 dominieren \u2013 seine F\u00e4higkeit, Energie zu spenden, das Gl\u00fcck zu steigern und zu begeistern, ist un\u00fcbertroffen","datePublished":"2025-10-09T23:39:15+00:00","dateModified":"2025-10-09T23:39:16+00:00","mainEntityOfPage":{"@id":"https:\/\/www.strassenweb.de\/nachrichten\/martha-stewarts-kuechen-ess-farbschema-aus-den-90er-jahren-wird-die-trends-im-jahr-2026-dominieren-seine-faehigkeit-energie-zu-spenden-das-glueck-zu-steigern-und-zu-begeistern-ist-unueber\/"},"wordCount":635,"publisher":{"@id":"https:\/\/www.strassenweb.de\/nachrichten\/#organization"},"image":{"@id":"https:\/\/www.strassenweb.de\/nachrichten\/martha-stewarts-kuechen-ess-farbschema-aus-den-90er-jahren-wird-die-trends-im-jahr-2026-dominieren-seine-faehigkeit-energie-zu-spenden-das-glueck-zu-steigern-und-zu-begeistern-ist-unueber\/#primaryimage"},"thumbnailUrl":"https:\/\/www.strassenweb.de\/nachrichten\/wp-content\/uploads\/2025\/10\/Martha-Stewarts-Kuechen-Ess-Farbschema-aus-den-90er-Jahren-wird-die-Trends-im.jpg","keywords":["90erJahren","aus","begeistern","das","den","die","dominieren","Energie","F\u00e4higkeit","Gl\u00fcck","ist","Jahr","K\u00fcchenEssFarbschema","Martha","seine","spenden","steigern","Stewarts","Trends","und","un\u00fcbertroffen","wird"],"articleSection":["Haus &amp; Garten"],"inLanguage":"de"},{"@type":"WebPage","@id":"https:\/\/www.strassenweb.de\/nachrichten\/martha-stewarts-kuechen-ess-farbschema-aus-den-90er-jahren-wird-die-trends-im-jahr-2026-dominieren-seine-faehigkeit-energie-zu-spenden-das-glueck-zu-steigern-und-zu-begeistern-ist-unueber\/","url":"https:\/\/www.strassenweb.de\/nachrichten\/martha-stewarts-kuechen-ess-farbschema-aus-den-90er-jahren-wird-die-trends-im-jahr-2026-dominieren-seine-faehigkeit-energie-zu-spenden-das-glueck-zu-steigern-und-zu-begeistern-ist-unueber\/","name":"Martha Stewarts K\u00fcchen-Ess-Farbschema aus den 90er-Jahren wird die Trends im Jahr 2026 dominieren \u2013 seine F\u00e4higkeit, Energie zu spenden, das Gl\u00fcck zu steigern und zu begeistern, ist un\u00fcbertroffen - Nachrichten - Stra\u00dfenweb","isPartOf":{"@id":"https:\/\/www.strassenweb.de\/nachrichten\/#website"},"primaryImageOfPage":{"@id":"https:\/\/www.strassenweb.de\/nachrichten\/martha-stewarts-kuechen-ess-farbschema-aus-den-90er-jahren-wird-die-trends-im-jahr-2026-dominieren-seine-faehigkeit-energie-zu-spenden-das-glueck-zu-steigern-und-zu-begeistern-ist-unueber\/#primaryimage"},"image":{"@id":"https:\/\/www.strassenweb.de\/nachrichten\/martha-stewarts-kuechen-ess-farbschema-aus-den-90er-jahren-wird-die-trends-im-jahr-2026-dominieren-seine-faehigkeit-energie-zu-spenden-das-glueck-zu-steigern-und-zu-begeistern-ist-unueber\/#primaryimage"},"thumbnailUrl":"https:\/\/www.strassenweb.de\/nachrichten\/wp-content\/uploads\/2025\/10\/Martha-Stewarts-Kuechen-Ess-Farbschema-aus-den-90er-Jahren-wird-die-Trends-im.jpg","datePublished":"2025-10-09T23:39:15+00:00","dateModified":"2025-10-09T23:39:16+00:00","breadcrumb":{"@id":"https:\/\/www.strassenweb.de\/nachrichten\/martha-stewarts-kuechen-ess-farbschema-aus-den-90er-jahren-wird-die-trends-im-jahr-2026-dominieren-seine-faehigkeit-energie-zu-spenden-das-glueck-zu-steigern-und-zu-begeistern-ist-unueber\/#breadcrumb"},"inLanguage":"de","potentialAction":[{"@type":"ReadAction","target":["https:\/\/www.strassenweb.de\/nachrichten\/martha-stewarts-kuechen-ess-farbschema-aus-den-90er-jahren-wird-die-trends-im-jahr-2026-dominieren-seine-faehigkeit-energie-zu-spenden-das-glueck-zu-steigern-und-zu-begeistern-ist-unueber\/"]}]},{"@type":"ImageObject","inLanguage":"de","@id":"https:\/\/www.strassenweb.de\/nachrichten\/martha-stewarts-kuechen-ess-farbschema-aus-den-90er-jahren-wird-die-trends-im-jahr-2026-dominieren-seine-faehigkeit-energie-zu-spenden-das-glueck-zu-steigern-und-zu-begeistern-ist-unueber\/#primaryimage","url":"https:\/\/www.strassenweb.de\/nachrichten\/wp-content\/uploads\/2025\/10\/Martha-Stewarts-Kuechen-Ess-Farbschema-aus-den-90er-Jahren-wird-die-Trends-im.jpg","contentUrl":"https:\/\/www.strassenweb.de\/nachrichten\/wp-content\/uploads\/2025\/10\/Martha-Stewarts-Kuechen-Ess-Farbschema-aus-den-90er-Jahren-wird-die-Trends-im.jpg","width":1600,"height":900,"caption":"martha stewart items to thrift"},{"@type":"BreadcrumbList","@id":"https:\/\/www.strassenweb.de\/nachrichten\/martha-stewarts-kuechen-ess-farbschema-aus-den-90er-jahren-wird-die-trends-im-jahr-2026-dominieren-seine-faehigkeit-energie-zu-spenden-das-glueck-zu-steigern-und-zu-begeistern-ist-unueber\/#breadcrumb","itemListElement":[{"@type":"ListItem","position":1,"name":"Home","item":"https:\/\/www.strassenweb.de\/nachrichten\/"},{"@type":"ListItem","position":2,"name":"Martha Stewarts K\u00fcchen-Ess-Farbschema aus den 90er-Jahren wird die Trends im Jahr 2026 dominieren \u2013 seine F\u00e4higkeit, Energie zu spenden, das Gl\u00fcck zu steigern und zu begeistern, ist un\u00fcbertroffen"}]},{"@type":"WebSite","@id":"https:\/\/www.strassenweb.de\/nachrichten\/#website","url":"https:\/\/www.strassenweb.de\/nachrichten\/","name":"Stra\u00dfenweb","description":"Stra\u00dfenverzeichnis f\u00fcr Deutschland","publisher":{"@id":"https:\/\/www.strassenweb.de\/nachrichten\/#organization"},"potentialAction":[{"@type":"SearchAction","target":{"@type":"EntryPoint","urlTemplate":"https:\/\/www.strassenweb.de\/nachrichten\/?s={search_term_string}"},"query-input":{"@type":"PropertyValueSpecification","valueRequired":true,"valueName":"search_term_string"}}],"inLanguage":"de"},{"@type":"Organization","@id":"https:\/\/www.strassenweb.de\/nachrichten\/#organization","name":"Stra\u00dfenweb","url":"https:\/\/www.strassenweb.de\/nachrichten\/","logo":{"@type":"ImageObject","inLanguage":"de","@id":"https:\/\/www.strassenweb.de\/nachrichten\/#\/schema\/logo\/image\/","url":"https:\/\/www.strassenweb.de\/nachrichten\/wp-content\/uploads\/2024\/09\/cropped-favicon.png","contentUrl":"https:\/\/www.strassenweb.de\/nachrichten\/wp-content\/uploads\/2024\/09\/cropped-favicon.png","width":512,"height":512,"caption":"Stra\u00dfenweb"},"image":{"@id":"https:\/\/www.strassenweb.de\/nachrichten\/#\/schema\/logo\/image\/"},"sameAs":["https:\/\/www.facebook.com\/strassenweb\/"]},{"@type":"Person","@id":"https:\/\/www.strassenweb.de\/nachrichten\/#\/schema\/person\/87c9c9067f1211da429a744dc5a5aa41","name":"Robert Hoffmann","image":{"@type":"ImageObject","inLanguage":"de","@id":"https:\/\/www.strassenweb.de\/nachrichten\/wp-content\/uploads\/2024\/09\/strassenweb-150x150.jpg","url":"https:\/\/www.strassenweb.de\/nachrichten\/wp-content\/uploads\/2024\/09\/strassenweb-150x150.jpg","contentUrl":"https:\/\/www.strassenweb.de\/nachrichten\/wp-content\/uploads\/2024\/09\/strassenweb-150x150.jpg","caption":"Robert Hoffmann"},"description":"Ich hei\u00dfe Robert Hoffmann und ich bin ein leidenschaftlicher Verfechter von \u00d6kologie und Biodiversit\u00e4t. Seit meiner Kindheit in den W\u00e4ldern Bayerns f\u00fchle ich mich mit der Natur verbunden und bin entschlossen, sie zu sch\u00fctzen. Heute widme ich mein Leben der Sensibilisierung anderer f\u00fcr die Bedeutung des Umweltschutzes f\u00fcr zuk\u00fcnftige Generationen.","sameAs":["https:\/\/www.strassenweb.de\/"]}]}},"_links":{"self":[{"href":"https:\/\/www.strassenweb.de\/nachrichten\/wp-json\/wp\/v2\/posts\/8351","targetHints":{"allow":["GET"]}}],"collection":[{"href":"https:\/\/www.strassenweb.de\/nachrichten\/wp-json\/wp\/v2\/posts"}],"about":[{"href":"https:\/\/www.strassenweb.de\/nachrichten\/wp-json\/wp\/v2\/types\/post"}],"author":[{"embeddable":true,"href":"https:\/\/www.strassenweb.de\/nachrichten\/wp-json\/wp\/v2\/users\/1"}],"replies":[{"embeddable":true,"href":"https:\/\/www.strassenweb.de\/nachrichten\/wp-json\/wp\/v2\/comments?post=8351"}],"version-history":[{"count":0,"href":"https:\/\/www.strassenweb.de\/nachrichten\/wp-json\/wp\/v2\/posts\/8351\/revisions"}],"wp:featuredmedia":[{"embeddable":true,"href":"https:\/\/www.strassenweb.de\/nachrichten\/wp-json\/wp\/v2\/media\/8352"}],"wp:attachment":[{"href":"https:\/\/www.strassenweb.de\/nachrichten\/wp-json\/wp\/v2\/media?parent=8351"}],"wp:term":[{"taxonomy":"category","embeddable":true,"href":"https:\/\/www.strassenweb.de\/nachrichten\/wp-json\/wp\/v2\/categories?post=8351"},{"taxonomy":"post_tag","embeddable":true,"href":"https:\/\/www.strassenweb.de\/nachrichten\/wp-json\/wp\/v2\/tags?post=8351"}],"curies":[{"name":"wp","href":"https:\/\/api.w.org\/{rel}","templated":true}]}}