{"id":8348,"date":"2025-10-09T22:40:01","date_gmt":"2025-10-09T20:40:01","guid":{"rendered":"https:\/\/www.strassenweb.de\/nachrichten\/die-neueste-target-kollektion-von-joanna-gaines-verleiht-huetten-kitsch-flair-mit-niedlichen-retro-drucken-glaenzendem-geschirr-und-rustikalen-akzenten-sie-weckt-in-mir-den-wunsch-fuer-die\/"},"modified":"2025-10-09T22:40:02","modified_gmt":"2025-10-09T20:40:02","slug":"die-neueste-target-kollektion-von-joanna-gaines-verleiht-huetten-kitsch-flair-mit-niedlichen-retro-drucken-glaenzendem-geschirr-und-rustikalen-akzenten-sie-weckt-in-mir-den-wunsch-fuer-die","status":"publish","type":"post","link":"https:\/\/www.strassenweb.de\/nachrichten\/die-neueste-target-kollektion-von-joanna-gaines-verleiht-huetten-kitsch-flair-mit-niedlichen-retro-drucken-glaenzendem-geschirr-und-rustikalen-akzenten-sie-weckt-in-mir-den-wunsch-fuer-die\/","title":{"rendered":"Die neueste Target-Kollektion von Joanna Gaines verleiht H\u00fctten-Kitsch-Flair mit niedlichen Retro-Drucken, gl\u00e4nzendem Geschirr und rustikalen Akzenten \u2013 sie weckt in mir den Wunsch, f\u00fcr diese Saison einen Winterschlaf zu halten"},"content":{"rendered":"<p><\/p>\n<div id=\"article-body\" class=\"article__body \">\n<p id=\"d7f6ee2e-7a14-4510-b6bd-908dc8753a50\">Da sich das Wetter ge\u00e4ndert hat und die N\u00e4chte hereinbrechen, ist die Jahreszeit gekommen, in der ich davon zu tr\u00e4umen beginne, meine Sachen zu packen und meine Tage in einer schneebedeckten H\u00fctte im Wald zu verbringen. Obwohl es mir nie gelungen ist, die Fantasie zum Leben zu erwecken, schaffe ich es zumindest zur H\u00e4lfte, indem ich lerne, wie ich jeden Raum f\u00fcr den Herbst auf die gem\u00fctlichste Art und Weise dekoriere \u2013 und ich lasse mich derzeit von Joanna Gaines\u2018 neuer Hearth &#038; Hand with Magnolia-Kollektion bei Target inspirieren.<\/p>\n<div id=\"ad-unit-1\" class=\"ad-unit\"><\/div>\n<p>Vielleicht l\u00e4sst sich Joanna Gaines&#8216; neuester Target-Trend am besten mit \u201eLandh\u00fctten-Chic\u201c beschreiben. Es ist m\u00fchelos stilvoll und ideal f\u00fcr den Herbst: Denken Sie an Karomuster, Messinggeschirr und saisonales Blattwerk. Wenn Sie die k\u00e4lteren Monate nicht damit verbringen, das Leben im Winterschlaf zu romantisieren, k\u00f6nnte diese Kollektion Ihre Meinung \u00e4ndern.<\/p>\n<figure class=\"van-image-figure inline-layout \" data-bordeaux-image-check id=\"f69d2d11-9550-4f74-b70d-40f8bb4fa313\">\n<div class=\"image-full-width-wrapper\">\n<div class=\"image-widthsetter\" style=\"max-width:2000px;\"><\/div>\n<\/div>\n<\/figure>\n<p id=\"20c26e9a-98d3-473c-90c6-51bec97a9ca8\">Es versteht sich von selbst, dass ich es liebe, mein Zuhause mit saisonaler Dekoration zu f\u00fcllen, aber das bedeutet nicht, dass ich keine Vorliebe f\u00fcr vielseitigere St\u00fccke habe, die mich vom Fr\u00fchherbst bis Weihnachten begleiten. Faule herbstliche Dekorationstipps sind der Schl\u00fcssel, und ich bin fest davon \u00fcberzeugt, dass gem\u00fctliche Accessoires die unbesungenen Helden der Saison sind: Klassische Muster und rustikales Dekor werden Wunder bewirken.<\/p>\n<div class=\"van_vid_carousel\">\n<div class=\"van_vid_carousel__padding\">\n<div class=\"van_vid_carousel__container\"><\/div>\n<\/div>\n<\/div>\n<aside data-block-type=\"embed\" data-render-type=\"fte\" data-skip=\"dealsy\" data-widget-type=\"seasonal\" class=\"hawk-root\"><\/aside>\n<p id=\"20c26e9a-98d3-473c-90c6-51bec97a9ca8-1\">Es scheint, dass Joanna Gaines meine Liebe zu gem\u00fctlicher Einrichtung teilt, denn ihre neue Kollektion \u201eHearth &#038; Hand with Magnolia\u201c strotzt nur so vor heimeligen, retro-inspirierten St\u00fccken. Die Kollektion ist auf subtile Weise festlich und \u00e4u\u00dferst charmant und leicht nostalgisch \u2013 ich muss mich nur zur\u00fcckhalten, nicht alles in meinen Warenkorb zu legen.<\/p>\n<div id=\"ad-unit-2\" class=\"ad-unit\"><\/div>\n<h2 id=\"shop-joanna-gaines-latest-hearth-hand-with-magnolia-drop-at-target-3\">Kaufen Sie den neuesten Hearth &#038; Hand with Magnolia-Drop von Joanna Gaines bei Target<\/h2>\n<div class=\"product-container hero-product-container product-block-no-wrap\">\n<div class=\"product-block-row\"><\/div>\n<div class=\"product-block-row\"><\/div>\n<div class=\"product-block-row\"><\/div>\n<div class=\"product-block-row\"><\/div>\n<div class=\"product-block-row\"><\/div>\n<div class=\"product-block-row\"><\/div>\n<div class=\"product-block-row\"><\/div>\n<div class=\"product-block-row\"><\/div>\n<div class=\"product-block-row\"><\/div>\n<\/div>\n<hr id=\"5ee9f11e-e44b-4d6a-a52a-040116202a14\">\n<p id=\"618e726a-48ab-48ca-8ccb-81f831a34cf6\">Sind Sie bereit, auf den subtil festlichen Look zu verzichten und sich kopf\u00fcber in die Weihnachtsdekoration zu st\u00fcrzen? Ich mache dir keine Vorw\u00fcrfe; Ich bin bereits besessen von Magnolias Weihnachtsgeschirr 2025.<\/p>\n<div id=\"slice-container-newsletterForm-articleInbodyContent-nvPjKuTBBzxsRa5DiPHjRd\" class=\"slice-container newsletter-inbodyContent-slice newsletterForm-articleInbodyContent-nvPjKuTBBzxsRa5DiPHjRd slice-container-newsletterForm\"><\/div>\n<div class=\"block\" id=\"articleTag\" data-component-name=\"PostArticleLinks\">\n<div class=\"border-b border-b-black border-solid py-2.5 text-black font-bold uppercase\">THEMEN<\/div>\n<nav class=\"py-2.5 flex gap-2.5 flex-wrap\" data-analytics-id=\"article-tag\">\n<p>Ziel ist Joanna Gaines<\/p>\n<\/nav>\n<\/div>\n<\/div>\n","protected":false},"excerpt":{"rendered":"<p>Da sich das Wetter ge\u00e4ndert hat und die N\u00e4chte hereinbrechen, ist die Jahreszeit gekommen, in der ich davon zu tr\u00e4umen beginne, meine Sachen zu packen<\/p>\n","protected":false},"author":1,"featured_media":8349,"comment_status":"closed","ping_status":"","sticky":false,"template":"","format":"standard","meta":{"footnotes":""},"categories":[118],"tags":[10691,78,9,143,166,55,194,5895,8103,720,10689,193,603,146,1568,10283,10690,1799,2292,165,10688,37,958,21,1102,3639,10692],"class_list":["post-8348","post","type-post","status-publish","format-standard","has-post-thumbnail","hentry","category-haus-garten","tag-akzenten","tag-den","tag-die","tag-diese","tag-einen","tag-fuer","tag-gaines","tag-geschirr","tag-glaenzendem","tag-halten","tag-huettenkitschflair","tag-joanna","tag-mir","tag-mit","tag-neueste","tag-niedlichen","tag-retrodrucken","tag-rustikalen","tag-saison","tag-sie","tag-targetkollektion","tag-und","tag-verleiht","tag-von","tag-weckt","tag-winterschlaf","tag-wunsch","generate-columns","tablet-grid-50","mobile-grid-100","grid-parent","grid-50"],"yoast_head":"<!-- This site is optimized with the Yoast SEO plugin v27.3 - https:\/\/yoast.com\/product\/yoast-seo-wordpress\/ -->\n<title>Die neueste Target-Kollektion von Joanna Gaines verleiht H\u00fctten-Kitsch-Flair mit niedlichen Retro-Drucken, gl\u00e4nzendem Geschirr und rustikalen Akzenten \u2013 sie weckt in mir den Wunsch, f\u00fcr diese Saison einen Winterschlaf zu halten - Nachrichten - Stra\u00dfenweb<\/title>\n<meta name=\"robots\" content=\"index, follow, max-snippet:-1, max-image-preview:large, max-video-preview:-1\" \/>\n<link rel=\"canonical\" href=\"https:\/\/www.strassenweb.de\/nachrichten\/die-neueste-target-kollektion-von-joanna-gaines-verleiht-huetten-kitsch-flair-mit-niedlichen-retro-drucken-glaenzendem-geschirr-und-rustikalen-akzenten-sie-weckt-in-mir-den-wunsch-fuer-die\/\" \/>\n<meta property=\"og:locale\" content=\"de_DE\" \/>\n<meta property=\"og:type\" content=\"article\" \/>\n<meta property=\"og:title\" content=\"Die neueste Target-Kollektion von Joanna Gaines verleiht H\u00fctten-Kitsch-Flair mit niedlichen Retro-Drucken, gl\u00e4nzendem Geschirr und rustikalen Akzenten \u2013 sie weckt in mir den Wunsch, f\u00fcr diese Saison einen Winterschlaf zu halten - Nachrichten - Stra\u00dfenweb\" \/>\n<meta property=\"og:description\" content=\"Da sich das Wetter ge\u00e4ndert hat und die N\u00e4chte hereinbrechen, ist die Jahreszeit gekommen, in der ich davon zu tr\u00e4umen beginne, meine Sachen zu packen\" \/>\n<meta property=\"og:url\" content=\"https:\/\/www.strassenweb.de\/nachrichten\/die-neueste-target-kollektion-von-joanna-gaines-verleiht-huetten-kitsch-flair-mit-niedlichen-retro-drucken-glaenzendem-geschirr-und-rustikalen-akzenten-sie-weckt-in-mir-den-wunsch-fuer-die\/\" \/>\n<meta property=\"og:site_name\" content=\"Stra\u00dfenweb\" \/>\n<meta property=\"article:publisher\" content=\"https:\/\/www.facebook.com\/strassenweb\/\" \/>\n<meta property=\"article:published_time\" content=\"2025-10-09T20:40:01+00:00\" \/>\n<meta property=\"article:modified_time\" content=\"2025-10-09T20:40:02+00:00\" \/>\n<meta property=\"og:image\" content=\"https:\/\/www.strassenweb.de\/nachrichten\/wp-content\/uploads\/2025\/10\/Die-neueste-Target-Kollektion-von-Joanna-Gaines-verleiht-Huetten-Kitsch-Flair-mit-niedlichen.jpg\" \/>\n\t<meta property=\"og:image:width\" content=\"1600\" \/>\n\t<meta property=\"og:image:height\" content=\"900\" \/>\n\t<meta property=\"og:image:type\" content=\"image\/jpeg\" \/>\n<meta name=\"author\" content=\"Robert Hoffmann\" \/>\n<meta name=\"twitter:card\" content=\"summary_large_image\" \/>\n<meta name=\"twitter:label1\" content=\"Verfasst von\" \/>\n\t<meta name=\"twitter:data1\" content=\"Robert Hoffmann\" \/>\n\t<meta name=\"twitter:label2\" content=\"Gesch\u00e4tzte Lesezeit\" \/>\n\t<meta name=\"twitter:data2\" content=\"2\u00a0Minuten\" \/>\n<script type=\"application\/ld+json\" class=\"yoast-schema-graph\">{\"@context\":\"https:\\\/\\\/schema.org\",\"@graph\":[{\"@type\":\"Article\",\"@id\":\"https:\\\/\\\/www.strassenweb.de\\\/nachrichten\\\/die-neueste-target-kollektion-von-joanna-gaines-verleiht-huetten-kitsch-flair-mit-niedlichen-retro-drucken-glaenzendem-geschirr-und-rustikalen-akzenten-sie-weckt-in-mir-den-wunsch-fuer-die\\\/#article\",\"isPartOf\":{\"@id\":\"https:\\\/\\\/www.strassenweb.de\\\/nachrichten\\\/die-neueste-target-kollektion-von-joanna-gaines-verleiht-huetten-kitsch-flair-mit-niedlichen-retro-drucken-glaenzendem-geschirr-und-rustikalen-akzenten-sie-weckt-in-mir-den-wunsch-fuer-die\\\/\"},\"author\":{\"name\":\"Robert Hoffmann\",\"@id\":\"https:\\\/\\\/www.strassenweb.de\\\/nachrichten\\\/#\\\/schema\\\/person\\\/87c9c9067f1211da429a744dc5a5aa41\"},\"headline\":\"Die neueste Target-Kollektion von Joanna Gaines verleiht H\u00fctten-Kitsch-Flair mit niedlichen Retro-Drucken, gl\u00e4nzendem Geschirr und rustikalen Akzenten \u2013 sie weckt in mir den Wunsch, f\u00fcr diese Saison einen Winterschlaf zu halten\",\"datePublished\":\"2025-10-09T20:40:01+00:00\",\"dateModified\":\"2025-10-09T20:40:02+00:00\",\"mainEntityOfPage\":{\"@id\":\"https:\\\/\\\/www.strassenweb.de\\\/nachrichten\\\/die-neueste-target-kollektion-von-joanna-gaines-verleiht-huetten-kitsch-flair-mit-niedlichen-retro-drucken-glaenzendem-geschirr-und-rustikalen-akzenten-sie-weckt-in-mir-den-wunsch-fuer-die\\\/\"},\"wordCount\":357,\"publisher\":{\"@id\":\"https:\\\/\\\/www.strassenweb.de\\\/nachrichten\\\/#organization\"},\"image\":{\"@id\":\"https:\\\/\\\/www.strassenweb.de\\\/nachrichten\\\/die-neueste-target-kollektion-von-joanna-gaines-verleiht-huetten-kitsch-flair-mit-niedlichen-retro-drucken-glaenzendem-geschirr-und-rustikalen-akzenten-sie-weckt-in-mir-den-wunsch-fuer-die\\\/#primaryimage\"},\"thumbnailUrl\":\"https:\\\/\\\/www.strassenweb.de\\\/nachrichten\\\/wp-content\\\/uploads\\\/2025\\\/10\\\/Die-neueste-Target-Kollektion-von-Joanna-Gaines-verleiht-Huetten-Kitsch-Flair-mit-niedlichen.jpg\",\"keywords\":[\"Akzenten\",\"den\",\"die\",\"diese\",\"einen\",\"f\u00fcr\",\"Gaines\",\"Geschirr\",\"gl\u00e4nzendem\",\"halten\",\"H\u00fcttenKitschFlair\",\"Joanna\",\"mir\",\"mit\",\"Neueste\",\"niedlichen\",\"RetroDrucken\",\"rustikalen\",\"Saison\",\"Sie\",\"TargetKollektion\",\"und\",\"verleiht\",\"von\",\"weckt\",\"Winterschlaf\",\"Wunsch\"],\"articleSection\":[\"Haus &amp; Garten\"],\"inLanguage\":\"de\"},{\"@type\":\"WebPage\",\"@id\":\"https:\\\/\\\/www.strassenweb.de\\\/nachrichten\\\/die-neueste-target-kollektion-von-joanna-gaines-verleiht-huetten-kitsch-flair-mit-niedlichen-retro-drucken-glaenzendem-geschirr-und-rustikalen-akzenten-sie-weckt-in-mir-den-wunsch-fuer-die\\\/\",\"url\":\"https:\\\/\\\/www.strassenweb.de\\\/nachrichten\\\/die-neueste-target-kollektion-von-joanna-gaines-verleiht-huetten-kitsch-flair-mit-niedlichen-retro-drucken-glaenzendem-geschirr-und-rustikalen-akzenten-sie-weckt-in-mir-den-wunsch-fuer-die\\\/\",\"name\":\"Die neueste Target-Kollektion von Joanna Gaines verleiht H\u00fctten-Kitsch-Flair mit niedlichen Retro-Drucken, gl\u00e4nzendem Geschirr und rustikalen Akzenten \u2013 sie weckt in mir den Wunsch, f\u00fcr diese Saison einen Winterschlaf zu halten - Nachrichten - Stra\u00dfenweb\",\"isPartOf\":{\"@id\":\"https:\\\/\\\/www.strassenweb.de\\\/nachrichten\\\/#website\"},\"primaryImageOfPage\":{\"@id\":\"https:\\\/\\\/www.strassenweb.de\\\/nachrichten\\\/die-neueste-target-kollektion-von-joanna-gaines-verleiht-huetten-kitsch-flair-mit-niedlichen-retro-drucken-glaenzendem-geschirr-und-rustikalen-akzenten-sie-weckt-in-mir-den-wunsch-fuer-die\\\/#primaryimage\"},\"image\":{\"@id\":\"https:\\\/\\\/www.strassenweb.de\\\/nachrichten\\\/die-neueste-target-kollektion-von-joanna-gaines-verleiht-huetten-kitsch-flair-mit-niedlichen-retro-drucken-glaenzendem-geschirr-und-rustikalen-akzenten-sie-weckt-in-mir-den-wunsch-fuer-die\\\/#primaryimage\"},\"thumbnailUrl\":\"https:\\\/\\\/www.strassenweb.de\\\/nachrichten\\\/wp-content\\\/uploads\\\/2025\\\/10\\\/Die-neueste-Target-Kollektion-von-Joanna-Gaines-verleiht-Huetten-Kitsch-Flair-mit-niedlichen.jpg\",\"datePublished\":\"2025-10-09T20:40:01+00:00\",\"dateModified\":\"2025-10-09T20:40:02+00:00\",\"breadcrumb\":{\"@id\":\"https:\\\/\\\/www.strassenweb.de\\\/nachrichten\\\/die-neueste-target-kollektion-von-joanna-gaines-verleiht-huetten-kitsch-flair-mit-niedlichen-retro-drucken-glaenzendem-geschirr-und-rustikalen-akzenten-sie-weckt-in-mir-den-wunsch-fuer-die\\\/#breadcrumb\"},\"inLanguage\":\"de\",\"potentialAction\":[{\"@type\":\"ReadAction\",\"target\":[\"https:\\\/\\\/www.strassenweb.de\\\/nachrichten\\\/die-neueste-target-kollektion-von-joanna-gaines-verleiht-huetten-kitsch-flair-mit-niedlichen-retro-drucken-glaenzendem-geschirr-und-rustikalen-akzenten-sie-weckt-in-mir-den-wunsch-fuer-die\\\/\"]}]},{\"@type\":\"ImageObject\",\"inLanguage\":\"de\",\"@id\":\"https:\\\/\\\/www.strassenweb.de\\\/nachrichten\\\/die-neueste-target-kollektion-von-joanna-gaines-verleiht-huetten-kitsch-flair-mit-niedlichen-retro-drucken-glaenzendem-geschirr-und-rustikalen-akzenten-sie-weckt-in-mir-den-wunsch-fuer-die\\\/#primaryimage\",\"url\":\"https:\\\/\\\/www.strassenweb.de\\\/nachrichten\\\/wp-content\\\/uploads\\\/2025\\\/10\\\/Die-neueste-Target-Kollektion-von-Joanna-Gaines-verleiht-Huetten-Kitsch-Flair-mit-niedlichen.jpg\",\"contentUrl\":\"https:\\\/\\\/www.strassenweb.de\\\/nachrichten\\\/wp-content\\\/uploads\\\/2025\\\/10\\\/Die-neueste-Target-Kollektion-von-Joanna-Gaines-verleiht-Huetten-Kitsch-Flair-mit-niedlichen.jpg\",\"width\":1600,\"height\":900,\"caption\":\"Green and red plaid oven mitt next to wooden tray with white hot cocoa mugs and gingerbread cookies\"},{\"@type\":\"BreadcrumbList\",\"@id\":\"https:\\\/\\\/www.strassenweb.de\\\/nachrichten\\\/die-neueste-target-kollektion-von-joanna-gaines-verleiht-huetten-kitsch-flair-mit-niedlichen-retro-drucken-glaenzendem-geschirr-und-rustikalen-akzenten-sie-weckt-in-mir-den-wunsch-fuer-die\\\/#breadcrumb\",\"itemListElement\":[{\"@type\":\"ListItem\",\"position\":1,\"name\":\"Home\",\"item\":\"https:\\\/\\\/www.strassenweb.de\\\/nachrichten\\\/\"},{\"@type\":\"ListItem\",\"position\":2,\"name\":\"Die neueste Target-Kollektion von Joanna Gaines verleiht H\u00fctten-Kitsch-Flair mit niedlichen Retro-Drucken, gl\u00e4nzendem Geschirr und rustikalen Akzenten \u2013 sie weckt in mir den Wunsch, f\u00fcr diese Saison einen Winterschlaf zu halten\"}]},{\"@type\":\"WebSite\",\"@id\":\"https:\\\/\\\/www.strassenweb.de\\\/nachrichten\\\/#website\",\"url\":\"https:\\\/\\\/www.strassenweb.de\\\/nachrichten\\\/\",\"name\":\"Stra\u00dfenweb\",\"description\":\"Stra\u00dfenverzeichnis f\u00fcr Deutschland\",\"publisher\":{\"@id\":\"https:\\\/\\\/www.strassenweb.de\\\/nachrichten\\\/#organization\"},\"potentialAction\":[{\"@type\":\"SearchAction\",\"target\":{\"@type\":\"EntryPoint\",\"urlTemplate\":\"https:\\\/\\\/www.strassenweb.de\\\/nachrichten\\\/?s={search_term_string}\"},\"query-input\":{\"@type\":\"PropertyValueSpecification\",\"valueRequired\":true,\"valueName\":\"search_term_string\"}}],\"inLanguage\":\"de\"},{\"@type\":\"Organization\",\"@id\":\"https:\\\/\\\/www.strassenweb.de\\\/nachrichten\\\/#organization\",\"name\":\"Stra\u00dfenweb\",\"url\":\"https:\\\/\\\/www.strassenweb.de\\\/nachrichten\\\/\",\"logo\":{\"@type\":\"ImageObject\",\"inLanguage\":\"de\",\"@id\":\"https:\\\/\\\/www.strassenweb.de\\\/nachrichten\\\/#\\\/schema\\\/logo\\\/image\\\/\",\"url\":\"https:\\\/\\\/www.strassenweb.de\\\/nachrichten\\\/wp-content\\\/uploads\\\/2024\\\/09\\\/cropped-favicon.png\",\"contentUrl\":\"https:\\\/\\\/www.strassenweb.de\\\/nachrichten\\\/wp-content\\\/uploads\\\/2024\\\/09\\\/cropped-favicon.png\",\"width\":512,\"height\":512,\"caption\":\"Stra\u00dfenweb\"},\"image\":{\"@id\":\"https:\\\/\\\/www.strassenweb.de\\\/nachrichten\\\/#\\\/schema\\\/logo\\\/image\\\/\"},\"sameAs\":[\"https:\\\/\\\/www.facebook.com\\\/strassenweb\\\/\"]},{\"@type\":\"Person\",\"@id\":\"https:\\\/\\\/www.strassenweb.de\\\/nachrichten\\\/#\\\/schema\\\/person\\\/87c9c9067f1211da429a744dc5a5aa41\",\"name\":\"Robert Hoffmann\",\"image\":{\"@type\":\"ImageObject\",\"inLanguage\":\"de\",\"@id\":\"https:\\\/\\\/www.strassenweb.de\\\/nachrichten\\\/wp-content\\\/uploads\\\/2024\\\/09\\\/strassenweb-150x150.jpg\",\"url\":\"https:\\\/\\\/www.strassenweb.de\\\/nachrichten\\\/wp-content\\\/uploads\\\/2024\\\/09\\\/strassenweb-150x150.jpg\",\"contentUrl\":\"https:\\\/\\\/www.strassenweb.de\\\/nachrichten\\\/wp-content\\\/uploads\\\/2024\\\/09\\\/strassenweb-150x150.jpg\",\"caption\":\"Robert Hoffmann\"},\"description\":\"Ich hei\u00dfe Robert Hoffmann und ich bin ein leidenschaftlicher Verfechter von \u00d6kologie und Biodiversit\u00e4t. Seit meiner Kindheit in den W\u00e4ldern Bayerns f\u00fchle ich mich mit der Natur verbunden und bin entschlossen, sie zu sch\u00fctzen. Heute widme ich mein Leben der Sensibilisierung anderer f\u00fcr die Bedeutung des Umweltschutzes f\u00fcr zuk\u00fcnftige Generationen.\",\"sameAs\":[\"https:\\\/\\\/www.strassenweb.de\\\/\"]}]}<\/script>\n<!-- \/ Yoast SEO plugin. -->","yoast_head_json":{"title":"Die neueste Target-Kollektion von Joanna Gaines verleiht H\u00fctten-Kitsch-Flair mit niedlichen Retro-Drucken, gl\u00e4nzendem Geschirr und rustikalen Akzenten \u2013 sie weckt in mir den Wunsch, f\u00fcr diese Saison einen Winterschlaf zu halten - Nachrichten - Stra\u00dfenweb","robots":{"index":"index","follow":"follow","max-snippet":"max-snippet:-1","max-image-preview":"max-image-preview:large","max-video-preview":"max-video-preview:-1"},"canonical":"https:\/\/www.strassenweb.de\/nachrichten\/die-neueste-target-kollektion-von-joanna-gaines-verleiht-huetten-kitsch-flair-mit-niedlichen-retro-drucken-glaenzendem-geschirr-und-rustikalen-akzenten-sie-weckt-in-mir-den-wunsch-fuer-die\/","og_locale":"de_DE","og_type":"article","og_title":"Die neueste Target-Kollektion von Joanna Gaines verleiht H\u00fctten-Kitsch-Flair mit niedlichen Retro-Drucken, gl\u00e4nzendem Geschirr und rustikalen Akzenten \u2013 sie weckt in mir den Wunsch, f\u00fcr diese Saison einen Winterschlaf zu halten - Nachrichten - Stra\u00dfenweb","og_description":"Da sich das Wetter ge\u00e4ndert hat und die N\u00e4chte hereinbrechen, ist die Jahreszeit gekommen, in der ich davon zu tr\u00e4umen beginne, meine Sachen zu packen","og_url":"https:\/\/www.strassenweb.de\/nachrichten\/die-neueste-target-kollektion-von-joanna-gaines-verleiht-huetten-kitsch-flair-mit-niedlichen-retro-drucken-glaenzendem-geschirr-und-rustikalen-akzenten-sie-weckt-in-mir-den-wunsch-fuer-die\/","og_site_name":"Stra\u00dfenweb","article_publisher":"https:\/\/www.facebook.com\/strassenweb\/","article_published_time":"2025-10-09T20:40:01+00:00","article_modified_time":"2025-10-09T20:40:02+00:00","og_image":[{"width":1600,"height":900,"url":"https:\/\/www.strassenweb.de\/nachrichten\/wp-content\/uploads\/2025\/10\/Die-neueste-Target-Kollektion-von-Joanna-Gaines-verleiht-Huetten-Kitsch-Flair-mit-niedlichen.jpg","type":"image\/jpeg"}],"author":"Robert Hoffmann","twitter_card":"summary_large_image","twitter_misc":{"Verfasst von":"Robert Hoffmann","Gesch\u00e4tzte Lesezeit":"2\u00a0Minuten"},"schema":{"@context":"https:\/\/schema.org","@graph":[{"@type":"Article","@id":"https:\/\/www.strassenweb.de\/nachrichten\/die-neueste-target-kollektion-von-joanna-gaines-verleiht-huetten-kitsch-flair-mit-niedlichen-retro-drucken-glaenzendem-geschirr-und-rustikalen-akzenten-sie-weckt-in-mir-den-wunsch-fuer-die\/#article","isPartOf":{"@id":"https:\/\/www.strassenweb.de\/nachrichten\/die-neueste-target-kollektion-von-joanna-gaines-verleiht-huetten-kitsch-flair-mit-niedlichen-retro-drucken-glaenzendem-geschirr-und-rustikalen-akzenten-sie-weckt-in-mir-den-wunsch-fuer-die\/"},"author":{"name":"Robert Hoffmann","@id":"https:\/\/www.strassenweb.de\/nachrichten\/#\/schema\/person\/87c9c9067f1211da429a744dc5a5aa41"},"headline":"Die neueste Target-Kollektion von Joanna Gaines verleiht H\u00fctten-Kitsch-Flair mit niedlichen Retro-Drucken, gl\u00e4nzendem Geschirr und rustikalen Akzenten \u2013 sie weckt in mir den Wunsch, f\u00fcr diese Saison einen Winterschlaf zu halten","datePublished":"2025-10-09T20:40:01+00:00","dateModified":"2025-10-09T20:40:02+00:00","mainEntityOfPage":{"@id":"https:\/\/www.strassenweb.de\/nachrichten\/die-neueste-target-kollektion-von-joanna-gaines-verleiht-huetten-kitsch-flair-mit-niedlichen-retro-drucken-glaenzendem-geschirr-und-rustikalen-akzenten-sie-weckt-in-mir-den-wunsch-fuer-die\/"},"wordCount":357,"publisher":{"@id":"https:\/\/www.strassenweb.de\/nachrichten\/#organization"},"image":{"@id":"https:\/\/www.strassenweb.de\/nachrichten\/die-neueste-target-kollektion-von-joanna-gaines-verleiht-huetten-kitsch-flair-mit-niedlichen-retro-drucken-glaenzendem-geschirr-und-rustikalen-akzenten-sie-weckt-in-mir-den-wunsch-fuer-die\/#primaryimage"},"thumbnailUrl":"https:\/\/www.strassenweb.de\/nachrichten\/wp-content\/uploads\/2025\/10\/Die-neueste-Target-Kollektion-von-Joanna-Gaines-verleiht-Huetten-Kitsch-Flair-mit-niedlichen.jpg","keywords":["Akzenten","den","die","diese","einen","f\u00fcr","Gaines","Geschirr","gl\u00e4nzendem","halten","H\u00fcttenKitschFlair","Joanna","mir","mit","Neueste","niedlichen","RetroDrucken","rustikalen","Saison","Sie","TargetKollektion","und","verleiht","von","weckt","Winterschlaf","Wunsch"],"articleSection":["Haus &amp; Garten"],"inLanguage":"de"},{"@type":"WebPage","@id":"https:\/\/www.strassenweb.de\/nachrichten\/die-neueste-target-kollektion-von-joanna-gaines-verleiht-huetten-kitsch-flair-mit-niedlichen-retro-drucken-glaenzendem-geschirr-und-rustikalen-akzenten-sie-weckt-in-mir-den-wunsch-fuer-die\/","url":"https:\/\/www.strassenweb.de\/nachrichten\/die-neueste-target-kollektion-von-joanna-gaines-verleiht-huetten-kitsch-flair-mit-niedlichen-retro-drucken-glaenzendem-geschirr-und-rustikalen-akzenten-sie-weckt-in-mir-den-wunsch-fuer-die\/","name":"Die neueste Target-Kollektion von Joanna Gaines verleiht H\u00fctten-Kitsch-Flair mit niedlichen Retro-Drucken, gl\u00e4nzendem Geschirr und rustikalen Akzenten \u2013 sie weckt in mir den Wunsch, f\u00fcr diese Saison einen Winterschlaf zu halten - Nachrichten - Stra\u00dfenweb","isPartOf":{"@id":"https:\/\/www.strassenweb.de\/nachrichten\/#website"},"primaryImageOfPage":{"@id":"https:\/\/www.strassenweb.de\/nachrichten\/die-neueste-target-kollektion-von-joanna-gaines-verleiht-huetten-kitsch-flair-mit-niedlichen-retro-drucken-glaenzendem-geschirr-und-rustikalen-akzenten-sie-weckt-in-mir-den-wunsch-fuer-die\/#primaryimage"},"image":{"@id":"https:\/\/www.strassenweb.de\/nachrichten\/die-neueste-target-kollektion-von-joanna-gaines-verleiht-huetten-kitsch-flair-mit-niedlichen-retro-drucken-glaenzendem-geschirr-und-rustikalen-akzenten-sie-weckt-in-mir-den-wunsch-fuer-die\/#primaryimage"},"thumbnailUrl":"https:\/\/www.strassenweb.de\/nachrichten\/wp-content\/uploads\/2025\/10\/Die-neueste-Target-Kollektion-von-Joanna-Gaines-verleiht-Huetten-Kitsch-Flair-mit-niedlichen.jpg","datePublished":"2025-10-09T20:40:01+00:00","dateModified":"2025-10-09T20:40:02+00:00","breadcrumb":{"@id":"https:\/\/www.strassenweb.de\/nachrichten\/die-neueste-target-kollektion-von-joanna-gaines-verleiht-huetten-kitsch-flair-mit-niedlichen-retro-drucken-glaenzendem-geschirr-und-rustikalen-akzenten-sie-weckt-in-mir-den-wunsch-fuer-die\/#breadcrumb"},"inLanguage":"de","potentialAction":[{"@type":"ReadAction","target":["https:\/\/www.strassenweb.de\/nachrichten\/die-neueste-target-kollektion-von-joanna-gaines-verleiht-huetten-kitsch-flair-mit-niedlichen-retro-drucken-glaenzendem-geschirr-und-rustikalen-akzenten-sie-weckt-in-mir-den-wunsch-fuer-die\/"]}]},{"@type":"ImageObject","inLanguage":"de","@id":"https:\/\/www.strassenweb.de\/nachrichten\/die-neueste-target-kollektion-von-joanna-gaines-verleiht-huetten-kitsch-flair-mit-niedlichen-retro-drucken-glaenzendem-geschirr-und-rustikalen-akzenten-sie-weckt-in-mir-den-wunsch-fuer-die\/#primaryimage","url":"https:\/\/www.strassenweb.de\/nachrichten\/wp-content\/uploads\/2025\/10\/Die-neueste-Target-Kollektion-von-Joanna-Gaines-verleiht-Huetten-Kitsch-Flair-mit-niedlichen.jpg","contentUrl":"https:\/\/www.strassenweb.de\/nachrichten\/wp-content\/uploads\/2025\/10\/Die-neueste-Target-Kollektion-von-Joanna-Gaines-verleiht-Huetten-Kitsch-Flair-mit-niedlichen.jpg","width":1600,"height":900,"caption":"Green and red plaid oven mitt next to wooden tray with white hot cocoa mugs and gingerbread cookies"},{"@type":"BreadcrumbList","@id":"https:\/\/www.strassenweb.de\/nachrichten\/die-neueste-target-kollektion-von-joanna-gaines-verleiht-huetten-kitsch-flair-mit-niedlichen-retro-drucken-glaenzendem-geschirr-und-rustikalen-akzenten-sie-weckt-in-mir-den-wunsch-fuer-die\/#breadcrumb","itemListElement":[{"@type":"ListItem","position":1,"name":"Home","item":"https:\/\/www.strassenweb.de\/nachrichten\/"},{"@type":"ListItem","position":2,"name":"Die neueste Target-Kollektion von Joanna Gaines verleiht H\u00fctten-Kitsch-Flair mit niedlichen Retro-Drucken, gl\u00e4nzendem Geschirr und rustikalen Akzenten \u2013 sie weckt in mir den Wunsch, f\u00fcr diese Saison einen Winterschlaf zu halten"}]},{"@type":"WebSite","@id":"https:\/\/www.strassenweb.de\/nachrichten\/#website","url":"https:\/\/www.strassenweb.de\/nachrichten\/","name":"Stra\u00dfenweb","description":"Stra\u00dfenverzeichnis f\u00fcr Deutschland","publisher":{"@id":"https:\/\/www.strassenweb.de\/nachrichten\/#organization"},"potentialAction":[{"@type":"SearchAction","target":{"@type":"EntryPoint","urlTemplate":"https:\/\/www.strassenweb.de\/nachrichten\/?s={search_term_string}"},"query-input":{"@type":"PropertyValueSpecification","valueRequired":true,"valueName":"search_term_string"}}],"inLanguage":"de"},{"@type":"Organization","@id":"https:\/\/www.strassenweb.de\/nachrichten\/#organization","name":"Stra\u00dfenweb","url":"https:\/\/www.strassenweb.de\/nachrichten\/","logo":{"@type":"ImageObject","inLanguage":"de","@id":"https:\/\/www.strassenweb.de\/nachrichten\/#\/schema\/logo\/image\/","url":"https:\/\/www.strassenweb.de\/nachrichten\/wp-content\/uploads\/2024\/09\/cropped-favicon.png","contentUrl":"https:\/\/www.strassenweb.de\/nachrichten\/wp-content\/uploads\/2024\/09\/cropped-favicon.png","width":512,"height":512,"caption":"Stra\u00dfenweb"},"image":{"@id":"https:\/\/www.strassenweb.de\/nachrichten\/#\/schema\/logo\/image\/"},"sameAs":["https:\/\/www.facebook.com\/strassenweb\/"]},{"@type":"Person","@id":"https:\/\/www.strassenweb.de\/nachrichten\/#\/schema\/person\/87c9c9067f1211da429a744dc5a5aa41","name":"Robert Hoffmann","image":{"@type":"ImageObject","inLanguage":"de","@id":"https:\/\/www.strassenweb.de\/nachrichten\/wp-content\/uploads\/2024\/09\/strassenweb-150x150.jpg","url":"https:\/\/www.strassenweb.de\/nachrichten\/wp-content\/uploads\/2024\/09\/strassenweb-150x150.jpg","contentUrl":"https:\/\/www.strassenweb.de\/nachrichten\/wp-content\/uploads\/2024\/09\/strassenweb-150x150.jpg","caption":"Robert Hoffmann"},"description":"Ich hei\u00dfe Robert Hoffmann und ich bin ein leidenschaftlicher Verfechter von \u00d6kologie und Biodiversit\u00e4t. Seit meiner Kindheit in den W\u00e4ldern Bayerns f\u00fchle ich mich mit der Natur verbunden und bin entschlossen, sie zu sch\u00fctzen. Heute widme ich mein Leben der Sensibilisierung anderer f\u00fcr die Bedeutung des Umweltschutzes f\u00fcr zuk\u00fcnftige Generationen.","sameAs":["https:\/\/www.strassenweb.de\/"]}]}},"_links":{"self":[{"href":"https:\/\/www.strassenweb.de\/nachrichten\/wp-json\/wp\/v2\/posts\/8348","targetHints":{"allow":["GET"]}}],"collection":[{"href":"https:\/\/www.strassenweb.de\/nachrichten\/wp-json\/wp\/v2\/posts"}],"about":[{"href":"https:\/\/www.strassenweb.de\/nachrichten\/wp-json\/wp\/v2\/types\/post"}],"author":[{"embeddable":true,"href":"https:\/\/www.strassenweb.de\/nachrichten\/wp-json\/wp\/v2\/users\/1"}],"replies":[{"embeddable":true,"href":"https:\/\/www.strassenweb.de\/nachrichten\/wp-json\/wp\/v2\/comments?post=8348"}],"version-history":[{"count":0,"href":"https:\/\/www.strassenweb.de\/nachrichten\/wp-json\/wp\/v2\/posts\/8348\/revisions"}],"wp:featuredmedia":[{"embeddable":true,"href":"https:\/\/www.strassenweb.de\/nachrichten\/wp-json\/wp\/v2\/media\/8349"}],"wp:attachment":[{"href":"https:\/\/www.strassenweb.de\/nachrichten\/wp-json\/wp\/v2\/media?parent=8348"}],"wp:term":[{"taxonomy":"category","embeddable":true,"href":"https:\/\/www.strassenweb.de\/nachrichten\/wp-json\/wp\/v2\/categories?post=8348"},{"taxonomy":"post_tag","embeddable":true,"href":"https:\/\/www.strassenweb.de\/nachrichten\/wp-json\/wp\/v2\/tags?post=8348"}],"curies":[{"name":"wp","href":"https:\/\/api.w.org\/{rel}","templated":true}]}}