{"id":8345,"date":"2025-10-09T19:39:45","date_gmt":"2025-10-09T17:39:45","guid":{"rendered":"https:\/\/www.strassenweb.de\/nachrichten\/schwebende-waschtische-sind-der-groesste-badmoebel-trend-des-jahres-2026-und-sie-eignen-sich-perfekt-fuer-kleine-raeume-hier-erfahren-sie-warum\/"},"modified":"2025-10-09T19:39:45","modified_gmt":"2025-10-09T17:39:45","slug":"schwebende-waschtische-sind-der-groesste-badmoebel-trend-des-jahres-2026-und-sie-eignen-sich-perfekt-fuer-kleine-raeume-hier-erfahren-sie-warum","status":"publish","type":"post","link":"https:\/\/www.strassenweb.de\/nachrichten\/schwebende-waschtische-sind-der-groesste-badmoebel-trend-des-jahres-2026-und-sie-eignen-sich-perfekt-fuer-kleine-raeume-hier-erfahren-sie-warum\/","title":{"rendered":"Schwebende Waschtische sind der gr\u00f6\u00dfte Badm\u00f6bel-Trend des Jahres 2026 \u2013 und sie eignen sich perfekt f\u00fcr kleine R\u00e4ume. Hier erfahren Sie, warum"},"content":{"rendered":"<p><\/p>\n<div id=\"article-body\" class=\"article__body \">\n<p id=\"afad2e75-52e8-4288-a509-4dc8935bc5af\">Ein schwebender Waschtisch ist das einzige Badezimmerm\u00f6belst\u00fcck, das Ihr Badezimmer aufwertet und gleichzeitig die Illusion von mehr Platz schafft, was genau der Grund ist, warum es im Jahr 2026 ein gro\u00dfer Trend sein wird.<\/p>\n<div id=\"ad-unit-1\" class=\"ad-unit\"><\/div>\n<p>Es handelt sich um einen Badezimmer-Waschtischstil, der normalerweise in kleineren R\u00e4umen in Betracht gezogen wird, in denen einfach nicht genug Platz f\u00fcr ein traditionelles M\u00f6belst\u00fcck vorhanden ist. Die Badezimmertrends signalisieren jedoch eine Verlagerung hin zu wandmontierten Designs in allen Gr\u00f6\u00dfen und Stilrichtungen.<\/p>\n<p>Es ist schick, platzsparend und ein echtes Designmerkmal. Es kann aber auch super praktisch sein, einen Raum zu verl\u00e4ngern und gleichzeitig Stauraum zu bieten. Hier erfahren Sie, warum Designer den Look lieben und warum Sie dieses Jahr \u00fcber einen schwebenden Waschtisch nachdenken sollten.<\/p>\n<div class=\"van_vid_carousel\">\n<div class=\"van_vid_carousel__padding\">\n<div class=\"van_vid_carousel__container\"><\/div>\n<\/div>\n<\/div>\n<figure class=\"van-image-figure inline-layout \" data-bordeaux-image-check id=\"bf8fdfa0-8795-4039-a214-cbdf1aaca34a\">\n<div class=\"image-full-width-wrapper\">\n<div class=\"image-widthsetter\" style=\"max-width:2000px;\"><\/div>\n<\/div>\n<\/figure>\n<p id=\"a480f33a-0b77-45ed-9318-4550d73a3c82\">Wir alle kennen das Dilemma, in einem kleinen Badezimmer ein sch\u00f6nes Design zu schaffen. Wenn der Platz knapp ist, wird in der Regel als erstes auf den gro\u00dfen Badezimmerwaschtisch verzichtet und an seiner Stelle entweder ein sehr schlanker Schrank oder ein einfaches Standwaschbecken belassen.<\/p>\n<div id=\"ad-unit-2\" class=\"ad-unit\"><\/div>\n<aside data-block-type=\"embed\" data-render-type=\"fte\" data-skip=\"dealsy\" data-widget-type=\"seasonal\" class=\"hawk-root\"><\/aside>\n<p id=\"a480f33a-0b77-45ed-9318-4550d73a3c82-1\">Aber ein schwebender Waschtisch ist die ideale L\u00f6sung f\u00fcr ein kleines Badezimmer \u2013 einfach das Anheben der M\u00f6bel vom Boden \u00f6ffnet den Raum sofort und l\u00e4sst ihn gr\u00f6\u00dfer und ger\u00e4umiger wirken. Es ist \u00fcberraschend, welche Wirkung es hat, wenn so wenig Badezimmerboden freigelegt wird.<\/p>\n<p>\u201eWenn man einen Waschtisch vom Boden abhebt, f\u00fchlt sich ein Badezimmer sofort leichter, raffinierter und moderner an \u2013 selbst wenn man ein antikes Steinwaschbecken mit Vintage-Armaturen kombiniert\u201c, sagt Innenarchitektin Martha Mulholland.<\/p>\n<figure class=\"van-image-figure inline-layout \" data-bordeaux-image-check id=\"d5aa7a2f-1d3f-4514-88ae-be5fd8608cd4\">\n<div class=\"image-full-width-wrapper\">\n<div class=\"image-widthsetter\" style=\"max-width:2400px;\"><\/div>\n<\/div>\n<\/figure>\n<p id=\"e2f198e5-530e-4891-aa96-aeabe9b999da\">\u201eWenn mehr Boden freigelegt wird, wirken selbst die kleinsten, fensterlosen Badezimmer gro\u00dfz\u00fcgiger und luftiger.\u201c \u201eDas Fehlen von Beinen oder Zehenspitzen erleichtert auch die Reinigung\u201c, f\u00fcgt Innenarchitektin Lauren Conner hinzu, die betont, wie praktisch dieser Waschtischstil sein kann.<\/p>\n<div id=\"slice-container-newsletterForm-articleInbodyContent-TFPVyPQji5zmh9tbdTF2MA\" class=\"slice-container newsletter-inbodyContent-slice newsletterForm-articleInbodyContent-TFPVyPQji5zmh9tbdTF2MA slice-container-newsletterForm\"><\/div>\n<p>Bei der Wahl eines schwebenden Badezimmerwaschtisches geht es jedoch um mehr als nur um die Zweckm\u00e4\u00dfigkeit. Es ist auch eine wirklich stilvolle Option, die ein Badezimmer sofort aufwerten kann, egal ob Ihr Raum klein und eng oder viel ger\u00e4umiger ist.<\/p>\n<p>\u201eSchwebende Waschtische werten ein Badezimmer sofort auf und vermitteln ein Gef\u00fchl von Leichtigkeit und Luxus.\u201c \u201eIhre stromlinienf\u00f6rmige Form verleiht eine Spa-\u00e4hnliche Gelassenheit, insbesondere in Kombination mit klaren Linien und modernen Materialien\u201c, erkl\u00e4rt Lauren, wie es zu einem der begehrtesten Trends des kommenden Jahres passt.<\/p>\n<figure class=\"van-image-figure inline-layout \" data-bordeaux-image-check id=\"1056c07f-1c13-4d7d-b705-f7c7c9c4ebbb\">\n<div class=\"image-full-width-wrapper\">\n<div class=\"image-widthsetter\" style=\"max-width:2000px;\"><\/div>\n<\/div>\n<\/figure>\n<p id=\"494fa87b-c1da-4dc3-b839-6c87640ca317\">Auch in einer G\u00e4stetoilette ist dies eine gute L\u00f6sung. Diese ultrakleinen R\u00e4ume k\u00f6nnen mit einem gro\u00dfen Schrank zu \u00fcberf\u00fcllt wirken, aber ein schwebender Waschtisch erh\u00f6ht die Funktionalit\u00e4t und \u00f6ffnet gleichzeitig den Raum.<\/p>\n<p>\u201eIn einer G\u00e4stetoilette, in der Stauraum nicht unbedingt erforderlich ist, wird ein schwebender Waschtisch zu einem skulpturalen Moment, und die Montage in einer individuellen H\u00f6he sorgt f\u00fcr Komfort und Stil.\u201c \u201eEin an der Wand montierter Wasserhahn kann den Look noch weiter aufwerten und ihm eine ma\u00dfgeschneiderte, architektonische Note verleihen\u201c, f\u00fcgt Lauren hinzu.<\/p>\n<p>Sie k\u00f6nnen mit Ihrer Gestaltung in G\u00e4stetoiletten wirklich viel Spa\u00df haben, insbesondere wenn die Aufbewahrung keine gro\u00dfe Notwendigkeit darstellt. \u201eWir lieben es, Waschtische mit Plattensch\u00fcrzen f\u00fcr G\u00e4stetoiletten zu entwerfen. \u201eDer Stein selbst kann so eindrucksvoll sein \u2013 er f\u00fchlt sich fast wie ein M\u00f6belst\u00fcck an\u201c, sagt Innenarchitektin Andrea Goldman.<\/p>\n<figure class=\"van-image-figure inline-layout \" data-bordeaux-image-check id=\"1f734a21-6a88-4b64-91a2-769440b2175a\">\n<div class=\"image-full-width-wrapper\">\n<div class=\"image-widthsetter\" style=\"max-width:2000px;\"><\/div>\n<\/div>\n<\/figure>\n<p id=\"06b5cdc7-cf81-4efc-9911-1ef7a7e77378\">\u201eWenn die Aufbewahrung nicht so wichtig ist, bietet ein Waschtisch mit Plattensch\u00fcrze die M\u00f6glichkeit, ein Gef\u00e4\u00df auf den Boden zu stellen, um sch\u00f6ne Bettw\u00e4sche aufzubewahren. Dennoch muss man auf die Proportionen achten \u2013 es muss gen\u00fcgend Zugang unterhalb der Platte vorhanden sein, ohne dass die Platte zu hoch platziert wird, wo sie keinen Platz f\u00fcr Stauraum oder Dekoration bietet\u201c, erkl\u00e4rt sie.<\/p>\n<p>Stauraum ist ein wichtiger Teil des Badezimmer-Waschtisch-Designs; Diese Badezimmerm\u00f6belst\u00fccke bieten jedoch mehr als nur Funktionalit\u00e4t. Es geht auch um den Stil und die \u00c4sthetik, die sie Ihrem Projekt verleihen.<\/p>\n<p>\u201eAuch wenn Stauraum immer noch in Betracht gezogen werden sollte, auch auf kreative oder minimalistische Weise, liegt der Reiz eines schwebenden Waschtischs darin, wie er einen Raum \u00f6ffnet.\u201c \u201eVon Natur aus vielseitig, funktionieren schwebende Waschtische in allen Designstilen, von traditionell bis modern, und verleihen dem Raum stets ein Gef\u00fchl von Raffinesse und optischer Leichtigkeit\u201c, f\u00fcgt Lauren hinzu.<\/p>\n<figure class=\"van-image-figure inline-layout \" data-bordeaux-image-check id=\"760e011b-e7ca-4e02-9197-38b656f8c840\">\n<div class=\"image-full-width-wrapper\">\n<div class=\"image-widthsetter\" style=\"max-width:2000px;\"><\/div>\n<\/div>\n<\/figure>\n<p id=\"814a7a60-bd97-41c6-b416-4d0504081029\">Wenn Sie sich f\u00fcr einen schwebenden Waschtisch entscheiden, unabh\u00e4ngig davon, ob Ihr Badezimmer gro\u00df oder klein ist, m\u00fcssen Sie bei der Installation und Ausf\u00fchrung des Gesamtbildes einige Dinge bedenken.<\/p>\n<p>\u201eAber vergessen Sie nicht Ihre Ventile und die P-Falle\u201c, sagt Martha. \u201eSobald ein Waschtisch schwimmt, sind die normalerweise verborgenen Teile vorne und in der Mitte \u2013 stellen Sie sicher, dass ihre Oberfl\u00e4che mit dem Wasserhahn \u00fcbereinstimmt, um ein klares, bewusstes Aussehen zu erzielen.\u201c<\/p>\n<p>Die wichtigste Erkenntnis hier ist, dass schwebende Waschtische eine der stilvollsten Optionen f\u00fcr Ihr Badezimmer sind. Ja, sie sind in kleinen R\u00e4umen beliebt, aber auch in gro\u00dfen R\u00e4umen k\u00f6nnen sie genauso praktisch und schick sein. Wenn Sie also dar\u00fcber nachgedacht haben, Ihren Waschtisch vom Boden abzuheben, ist dies das richtige Zeichen f\u00fcr ein schwebendes Design.<\/p>\n<h2 id=\"shop-floating-bathroom-vanities-3\">Kaufen Sie schwebende Badezimmerwaschtische<\/h2>\n<div class=\"product-container hero-product-container product-block-no-wrap\">\n<div class=\"product-block-row\"><\/div>\n<div class=\"product-block-row\"><\/div>\n<div class=\"product-block-row\"><\/div>\n<\/div>\n<hr id=\"edc520a1-3ae9-40b1-8aef-7a2652236791\">\n<p id=\"dc326c97-eb0e-4553-9ff8-80803e8329e0\">Bringen Sie im Jahr 2026 einen schwebenden Waschtisch in Ihr Badezimmer? Designer lieben den Look und gehen davon aus, dass er dank seiner hervorragenden Balance aus Stil und Funktion beliebter denn je wird. Wenn Sie auf der Suche nach einem Design sind, das alle Anforderungen erf\u00fcllt, finden Sie in unserer Auswahl der besten Orte zum Kauf von Badezimmerwaschtischen stilvolle Designs.<\/p>\n<\/div>\n","protected":false},"excerpt":{"rendered":"<p>Ein schwebender Waschtisch ist das einzige Badezimmerm\u00f6belst\u00fcck, das Ihr Badezimmer aufwertet und gleichzeitig die Illusion von mehr Platz schafft, was genau der Grund ist, warum<\/p>\n","protected":false},"author":1,"featured_media":8346,"comment_status":"closed","ping_status":"","sticky":false,"template":"","format":"standard","meta":{"footnotes":""},"categories":[118],"tags":[10687,81,281,2003,164,55,113,163,282,1672,393,1728,10685,142,165,58,37,744,10686],"class_list":["post-8345","post","type-post","status-publish","format-standard","has-post-thumbnail","hentry","category-haus-garten","tag-badmoebeltrend","tag-der","tag-des","tag-eignen","tag-erfahren","tag-fuer","tag-groesste","tag-hier","tag-jahres","tag-kleine","tag-perfekt","tag-raeume","tag-schwebende","tag-sich","tag-sie","tag-sind","tag-und","tag-warum","tag-waschtische","generate-columns","tablet-grid-50","mobile-grid-100","grid-parent","grid-50"],"yoast_head":"<!-- This site is optimized with the Yoast SEO plugin v27.3 - https:\/\/yoast.com\/product\/yoast-seo-wordpress\/ -->\n<title>Schwebende Waschtische sind der gr\u00f6\u00dfte Badm\u00f6bel-Trend des Jahres 2026 \u2013 und sie eignen sich perfekt f\u00fcr kleine R\u00e4ume. Hier erfahren Sie, warum - Nachrichten - Stra\u00dfenweb<\/title>\n<meta name=\"robots\" content=\"index, follow, max-snippet:-1, max-image-preview:large, max-video-preview:-1\" \/>\n<link rel=\"canonical\" href=\"https:\/\/www.strassenweb.de\/nachrichten\/schwebende-waschtische-sind-der-groesste-badmoebel-trend-des-jahres-2026-und-sie-eignen-sich-perfekt-fuer-kleine-raeume-hier-erfahren-sie-warum\/\" \/>\n<meta property=\"og:locale\" content=\"de_DE\" \/>\n<meta property=\"og:type\" content=\"article\" \/>\n<meta property=\"og:title\" content=\"Schwebende Waschtische sind der gr\u00f6\u00dfte Badm\u00f6bel-Trend des Jahres 2026 \u2013 und sie eignen sich perfekt f\u00fcr kleine R\u00e4ume. Hier erfahren Sie, warum - Nachrichten - Stra\u00dfenweb\" \/>\n<meta property=\"og:description\" content=\"Ein schwebender Waschtisch ist das einzige Badezimmerm\u00f6belst\u00fcck, das Ihr Badezimmer aufwertet und gleichzeitig die Illusion von mehr Platz schafft, was genau der Grund ist, warum\" \/>\n<meta property=\"og:url\" content=\"https:\/\/www.strassenweb.de\/nachrichten\/schwebende-waschtische-sind-der-groesste-badmoebel-trend-des-jahres-2026-und-sie-eignen-sich-perfekt-fuer-kleine-raeume-hier-erfahren-sie-warum\/\" \/>\n<meta property=\"og:site_name\" content=\"Stra\u00dfenweb\" \/>\n<meta property=\"article:publisher\" content=\"https:\/\/www.facebook.com\/strassenweb\/\" \/>\n<meta property=\"article:published_time\" content=\"2025-10-09T17:39:45+00:00\" \/>\n<meta property=\"og:image\" content=\"https:\/\/www.strassenweb.de\/nachrichten\/wp-content\/uploads\/2025\/10\/Schwebende-Waschtische-sind-der-groesste-Badmoebel-Trend-des-Jahres-2026-\u2013.jpg\" \/>\n\t<meta property=\"og:image:width\" content=\"1600\" \/>\n\t<meta property=\"og:image:height\" content=\"900\" \/>\n\t<meta property=\"og:image:type\" content=\"image\/jpeg\" \/>\n<meta name=\"author\" content=\"Robert Hoffmann\" \/>\n<meta name=\"twitter:card\" content=\"summary_large_image\" \/>\n<meta name=\"twitter:label1\" content=\"Verfasst von\" \/>\n\t<meta name=\"twitter:data1\" content=\"Robert Hoffmann\" \/>\n\t<meta name=\"twitter:label2\" content=\"Gesch\u00e4tzte Lesezeit\" \/>\n\t<meta name=\"twitter:data2\" content=\"4\u00a0Minuten\" \/>\n<script type=\"application\/ld+json\" class=\"yoast-schema-graph\">{\"@context\":\"https:\\\/\\\/schema.org\",\"@graph\":[{\"@type\":\"Article\",\"@id\":\"https:\\\/\\\/www.strassenweb.de\\\/nachrichten\\\/schwebende-waschtische-sind-der-groesste-badmoebel-trend-des-jahres-2026-und-sie-eignen-sich-perfekt-fuer-kleine-raeume-hier-erfahren-sie-warum\\\/#article\",\"isPartOf\":{\"@id\":\"https:\\\/\\\/www.strassenweb.de\\\/nachrichten\\\/schwebende-waschtische-sind-der-groesste-badmoebel-trend-des-jahres-2026-und-sie-eignen-sich-perfekt-fuer-kleine-raeume-hier-erfahren-sie-warum\\\/\"},\"author\":{\"name\":\"Robert Hoffmann\",\"@id\":\"https:\\\/\\\/www.strassenweb.de\\\/nachrichten\\\/#\\\/schema\\\/person\\\/87c9c9067f1211da429a744dc5a5aa41\"},\"headline\":\"Schwebende Waschtische sind der gr\u00f6\u00dfte Badm\u00f6bel-Trend des Jahres 2026 \u2013 und sie eignen sich perfekt f\u00fcr kleine R\u00e4ume. Hier erfahren Sie, warum\",\"datePublished\":\"2025-10-09T17:39:45+00:00\",\"mainEntityOfPage\":{\"@id\":\"https:\\\/\\\/www.strassenweb.de\\\/nachrichten\\\/schwebende-waschtische-sind-der-groesste-badmoebel-trend-des-jahres-2026-und-sie-eignen-sich-perfekt-fuer-kleine-raeume-hier-erfahren-sie-warum\\\/\"},\"wordCount\":921,\"publisher\":{\"@id\":\"https:\\\/\\\/www.strassenweb.de\\\/nachrichten\\\/#organization\"},\"image\":{\"@id\":\"https:\\\/\\\/www.strassenweb.de\\\/nachrichten\\\/schwebende-waschtische-sind-der-groesste-badmoebel-trend-des-jahres-2026-und-sie-eignen-sich-perfekt-fuer-kleine-raeume-hier-erfahren-sie-warum\\\/#primaryimage\"},\"thumbnailUrl\":\"https:\\\/\\\/www.strassenweb.de\\\/nachrichten\\\/wp-content\\\/uploads\\\/2025\\\/10\\\/Schwebende-Waschtische-sind-der-groesste-Badmoebel-Trend-des-Jahres-2026-\u2013.jpg\",\"keywords\":[\"Badm\u00f6belTrend\",\"der\",\"des\",\"eignen\",\"erfahren\",\"f\u00fcr\",\"gr\u00f6\u00dfte\",\"hier\",\"Jahres\",\"kleine\",\"perfekt\",\"R\u00e4ume\",\"Schwebende\",\"sich\",\"Sie\",\"sind\",\"und\",\"warum\",\"Waschtische\"],\"articleSection\":[\"Haus &amp; Garten\"],\"inLanguage\":\"de\"},{\"@type\":\"WebPage\",\"@id\":\"https:\\\/\\\/www.strassenweb.de\\\/nachrichten\\\/schwebende-waschtische-sind-der-groesste-badmoebel-trend-des-jahres-2026-und-sie-eignen-sich-perfekt-fuer-kleine-raeume-hier-erfahren-sie-warum\\\/\",\"url\":\"https:\\\/\\\/www.strassenweb.de\\\/nachrichten\\\/schwebende-waschtische-sind-der-groesste-badmoebel-trend-des-jahres-2026-und-sie-eignen-sich-perfekt-fuer-kleine-raeume-hier-erfahren-sie-warum\\\/\",\"name\":\"Schwebende Waschtische sind der gr\u00f6\u00dfte Badm\u00f6bel-Trend des Jahres 2026 \u2013 und sie eignen sich perfekt f\u00fcr kleine R\u00e4ume. Hier erfahren Sie, warum - Nachrichten - Stra\u00dfenweb\",\"isPartOf\":{\"@id\":\"https:\\\/\\\/www.strassenweb.de\\\/nachrichten\\\/#website\"},\"primaryImageOfPage\":{\"@id\":\"https:\\\/\\\/www.strassenweb.de\\\/nachrichten\\\/schwebende-waschtische-sind-der-groesste-badmoebel-trend-des-jahres-2026-und-sie-eignen-sich-perfekt-fuer-kleine-raeume-hier-erfahren-sie-warum\\\/#primaryimage\"},\"image\":{\"@id\":\"https:\\\/\\\/www.strassenweb.de\\\/nachrichten\\\/schwebende-waschtische-sind-der-groesste-badmoebel-trend-des-jahres-2026-und-sie-eignen-sich-perfekt-fuer-kleine-raeume-hier-erfahren-sie-warum\\\/#primaryimage\"},\"thumbnailUrl\":\"https:\\\/\\\/www.strassenweb.de\\\/nachrichten\\\/wp-content\\\/uploads\\\/2025\\\/10\\\/Schwebende-Waschtische-sind-der-groesste-Badmoebel-Trend-des-Jahres-2026-\u2013.jpg\",\"datePublished\":\"2025-10-09T17:39:45+00:00\",\"breadcrumb\":{\"@id\":\"https:\\\/\\\/www.strassenweb.de\\\/nachrichten\\\/schwebende-waschtische-sind-der-groesste-badmoebel-trend-des-jahres-2026-und-sie-eignen-sich-perfekt-fuer-kleine-raeume-hier-erfahren-sie-warum\\\/#breadcrumb\"},\"inLanguage\":\"de\",\"potentialAction\":[{\"@type\":\"ReadAction\",\"target\":[\"https:\\\/\\\/www.strassenweb.de\\\/nachrichten\\\/schwebende-waschtische-sind-der-groesste-badmoebel-trend-des-jahres-2026-und-sie-eignen-sich-perfekt-fuer-kleine-raeume-hier-erfahren-sie-warum\\\/\"]}]},{\"@type\":\"ImageObject\",\"inLanguage\":\"de\",\"@id\":\"https:\\\/\\\/www.strassenweb.de\\\/nachrichten\\\/schwebende-waschtische-sind-der-groesste-badmoebel-trend-des-jahres-2026-und-sie-eignen-sich-perfekt-fuer-kleine-raeume-hier-erfahren-sie-warum\\\/#primaryimage\",\"url\":\"https:\\\/\\\/www.strassenweb.de\\\/nachrichten\\\/wp-content\\\/uploads\\\/2025\\\/10\\\/Schwebende-Waschtische-sind-der-groesste-Badmoebel-Trend-des-Jahres-2026-\u2013.jpg\",\"contentUrl\":\"https:\\\/\\\/www.strassenweb.de\\\/nachrichten\\\/wp-content\\\/uploads\\\/2025\\\/10\\\/Schwebende-Waschtische-sind-der-groesste-Badmoebel-Trend-des-Jahres-2026-\u2013.jpg\",\"width\":1600,\"height\":900,\"caption\":\"A bathroom with fluted wood vanity, marble countertop, black rectangular mirrors, and statement wall sconces\"},{\"@type\":\"BreadcrumbList\",\"@id\":\"https:\\\/\\\/www.strassenweb.de\\\/nachrichten\\\/schwebende-waschtische-sind-der-groesste-badmoebel-trend-des-jahres-2026-und-sie-eignen-sich-perfekt-fuer-kleine-raeume-hier-erfahren-sie-warum\\\/#breadcrumb\",\"itemListElement\":[{\"@type\":\"ListItem\",\"position\":1,\"name\":\"Home\",\"item\":\"https:\\\/\\\/www.strassenweb.de\\\/nachrichten\\\/\"},{\"@type\":\"ListItem\",\"position\":2,\"name\":\"Schwebende Waschtische sind der gr\u00f6\u00dfte Badm\u00f6bel-Trend des Jahres 2026 \u2013 und sie eignen sich perfekt f\u00fcr kleine R\u00e4ume. Hier erfahren Sie, warum\"}]},{\"@type\":\"WebSite\",\"@id\":\"https:\\\/\\\/www.strassenweb.de\\\/nachrichten\\\/#website\",\"url\":\"https:\\\/\\\/www.strassenweb.de\\\/nachrichten\\\/\",\"name\":\"Stra\u00dfenweb\",\"description\":\"Stra\u00dfenverzeichnis f\u00fcr Deutschland\",\"publisher\":{\"@id\":\"https:\\\/\\\/www.strassenweb.de\\\/nachrichten\\\/#organization\"},\"potentialAction\":[{\"@type\":\"SearchAction\",\"target\":{\"@type\":\"EntryPoint\",\"urlTemplate\":\"https:\\\/\\\/www.strassenweb.de\\\/nachrichten\\\/?s={search_term_string}\"},\"query-input\":{\"@type\":\"PropertyValueSpecification\",\"valueRequired\":true,\"valueName\":\"search_term_string\"}}],\"inLanguage\":\"de\"},{\"@type\":\"Organization\",\"@id\":\"https:\\\/\\\/www.strassenweb.de\\\/nachrichten\\\/#organization\",\"name\":\"Stra\u00dfenweb\",\"url\":\"https:\\\/\\\/www.strassenweb.de\\\/nachrichten\\\/\",\"logo\":{\"@type\":\"ImageObject\",\"inLanguage\":\"de\",\"@id\":\"https:\\\/\\\/www.strassenweb.de\\\/nachrichten\\\/#\\\/schema\\\/logo\\\/image\\\/\",\"url\":\"https:\\\/\\\/www.strassenweb.de\\\/nachrichten\\\/wp-content\\\/uploads\\\/2024\\\/09\\\/cropped-favicon.png\",\"contentUrl\":\"https:\\\/\\\/www.strassenweb.de\\\/nachrichten\\\/wp-content\\\/uploads\\\/2024\\\/09\\\/cropped-favicon.png\",\"width\":512,\"height\":512,\"caption\":\"Stra\u00dfenweb\"},\"image\":{\"@id\":\"https:\\\/\\\/www.strassenweb.de\\\/nachrichten\\\/#\\\/schema\\\/logo\\\/image\\\/\"},\"sameAs\":[\"https:\\\/\\\/www.facebook.com\\\/strassenweb\\\/\"]},{\"@type\":\"Person\",\"@id\":\"https:\\\/\\\/www.strassenweb.de\\\/nachrichten\\\/#\\\/schema\\\/person\\\/87c9c9067f1211da429a744dc5a5aa41\",\"name\":\"Robert Hoffmann\",\"image\":{\"@type\":\"ImageObject\",\"inLanguage\":\"de\",\"@id\":\"https:\\\/\\\/www.strassenweb.de\\\/nachrichten\\\/wp-content\\\/uploads\\\/2024\\\/09\\\/strassenweb-150x150.jpg\",\"url\":\"https:\\\/\\\/www.strassenweb.de\\\/nachrichten\\\/wp-content\\\/uploads\\\/2024\\\/09\\\/strassenweb-150x150.jpg\",\"contentUrl\":\"https:\\\/\\\/www.strassenweb.de\\\/nachrichten\\\/wp-content\\\/uploads\\\/2024\\\/09\\\/strassenweb-150x150.jpg\",\"caption\":\"Robert Hoffmann\"},\"description\":\"Ich hei\u00dfe Robert Hoffmann und ich bin ein leidenschaftlicher Verfechter von \u00d6kologie und Biodiversit\u00e4t. Seit meiner Kindheit in den W\u00e4ldern Bayerns f\u00fchle ich mich mit der Natur verbunden und bin entschlossen, sie zu sch\u00fctzen. Heute widme ich mein Leben der Sensibilisierung anderer f\u00fcr die Bedeutung des Umweltschutzes f\u00fcr zuk\u00fcnftige Generationen.\",\"sameAs\":[\"https:\\\/\\\/www.strassenweb.de\\\/\"]}]}<\/script>\n<!-- \/ Yoast SEO plugin. -->","yoast_head_json":{"title":"Schwebende Waschtische sind der gr\u00f6\u00dfte Badm\u00f6bel-Trend des Jahres 2026 \u2013 und sie eignen sich perfekt f\u00fcr kleine R\u00e4ume. Hier erfahren Sie, warum - Nachrichten - Stra\u00dfenweb","robots":{"index":"index","follow":"follow","max-snippet":"max-snippet:-1","max-image-preview":"max-image-preview:large","max-video-preview":"max-video-preview:-1"},"canonical":"https:\/\/www.strassenweb.de\/nachrichten\/schwebende-waschtische-sind-der-groesste-badmoebel-trend-des-jahres-2026-und-sie-eignen-sich-perfekt-fuer-kleine-raeume-hier-erfahren-sie-warum\/","og_locale":"de_DE","og_type":"article","og_title":"Schwebende Waschtische sind der gr\u00f6\u00dfte Badm\u00f6bel-Trend des Jahres 2026 \u2013 und sie eignen sich perfekt f\u00fcr kleine R\u00e4ume. Hier erfahren Sie, warum - Nachrichten - Stra\u00dfenweb","og_description":"Ein schwebender Waschtisch ist das einzige Badezimmerm\u00f6belst\u00fcck, das Ihr Badezimmer aufwertet und gleichzeitig die Illusion von mehr Platz schafft, was genau der Grund ist, warum","og_url":"https:\/\/www.strassenweb.de\/nachrichten\/schwebende-waschtische-sind-der-groesste-badmoebel-trend-des-jahres-2026-und-sie-eignen-sich-perfekt-fuer-kleine-raeume-hier-erfahren-sie-warum\/","og_site_name":"Stra\u00dfenweb","article_publisher":"https:\/\/www.facebook.com\/strassenweb\/","article_published_time":"2025-10-09T17:39:45+00:00","og_image":[{"width":1600,"height":900,"url":"https:\/\/www.strassenweb.de\/nachrichten\/wp-content\/uploads\/2025\/10\/Schwebende-Waschtische-sind-der-groesste-Badmoebel-Trend-des-Jahres-2026-\u2013.jpg","type":"image\/jpeg"}],"author":"Robert Hoffmann","twitter_card":"summary_large_image","twitter_misc":{"Verfasst von":"Robert Hoffmann","Gesch\u00e4tzte Lesezeit":"4\u00a0Minuten"},"schema":{"@context":"https:\/\/schema.org","@graph":[{"@type":"Article","@id":"https:\/\/www.strassenweb.de\/nachrichten\/schwebende-waschtische-sind-der-groesste-badmoebel-trend-des-jahres-2026-und-sie-eignen-sich-perfekt-fuer-kleine-raeume-hier-erfahren-sie-warum\/#article","isPartOf":{"@id":"https:\/\/www.strassenweb.de\/nachrichten\/schwebende-waschtische-sind-der-groesste-badmoebel-trend-des-jahres-2026-und-sie-eignen-sich-perfekt-fuer-kleine-raeume-hier-erfahren-sie-warum\/"},"author":{"name":"Robert Hoffmann","@id":"https:\/\/www.strassenweb.de\/nachrichten\/#\/schema\/person\/87c9c9067f1211da429a744dc5a5aa41"},"headline":"Schwebende Waschtische sind der gr\u00f6\u00dfte Badm\u00f6bel-Trend des Jahres 2026 \u2013 und sie eignen sich perfekt f\u00fcr kleine R\u00e4ume. Hier erfahren Sie, warum","datePublished":"2025-10-09T17:39:45+00:00","mainEntityOfPage":{"@id":"https:\/\/www.strassenweb.de\/nachrichten\/schwebende-waschtische-sind-der-groesste-badmoebel-trend-des-jahres-2026-und-sie-eignen-sich-perfekt-fuer-kleine-raeume-hier-erfahren-sie-warum\/"},"wordCount":921,"publisher":{"@id":"https:\/\/www.strassenweb.de\/nachrichten\/#organization"},"image":{"@id":"https:\/\/www.strassenweb.de\/nachrichten\/schwebende-waschtische-sind-der-groesste-badmoebel-trend-des-jahres-2026-und-sie-eignen-sich-perfekt-fuer-kleine-raeume-hier-erfahren-sie-warum\/#primaryimage"},"thumbnailUrl":"https:\/\/www.strassenweb.de\/nachrichten\/wp-content\/uploads\/2025\/10\/Schwebende-Waschtische-sind-der-groesste-Badmoebel-Trend-des-Jahres-2026-\u2013.jpg","keywords":["Badm\u00f6belTrend","der","des","eignen","erfahren","f\u00fcr","gr\u00f6\u00dfte","hier","Jahres","kleine","perfekt","R\u00e4ume","Schwebende","sich","Sie","sind","und","warum","Waschtische"],"articleSection":["Haus &amp; Garten"],"inLanguage":"de"},{"@type":"WebPage","@id":"https:\/\/www.strassenweb.de\/nachrichten\/schwebende-waschtische-sind-der-groesste-badmoebel-trend-des-jahres-2026-und-sie-eignen-sich-perfekt-fuer-kleine-raeume-hier-erfahren-sie-warum\/","url":"https:\/\/www.strassenweb.de\/nachrichten\/schwebende-waschtische-sind-der-groesste-badmoebel-trend-des-jahres-2026-und-sie-eignen-sich-perfekt-fuer-kleine-raeume-hier-erfahren-sie-warum\/","name":"Schwebende Waschtische sind der gr\u00f6\u00dfte Badm\u00f6bel-Trend des Jahres 2026 \u2013 und sie eignen sich perfekt f\u00fcr kleine R\u00e4ume. Hier erfahren Sie, warum - Nachrichten - Stra\u00dfenweb","isPartOf":{"@id":"https:\/\/www.strassenweb.de\/nachrichten\/#website"},"primaryImageOfPage":{"@id":"https:\/\/www.strassenweb.de\/nachrichten\/schwebende-waschtische-sind-der-groesste-badmoebel-trend-des-jahres-2026-und-sie-eignen-sich-perfekt-fuer-kleine-raeume-hier-erfahren-sie-warum\/#primaryimage"},"image":{"@id":"https:\/\/www.strassenweb.de\/nachrichten\/schwebende-waschtische-sind-der-groesste-badmoebel-trend-des-jahres-2026-und-sie-eignen-sich-perfekt-fuer-kleine-raeume-hier-erfahren-sie-warum\/#primaryimage"},"thumbnailUrl":"https:\/\/www.strassenweb.de\/nachrichten\/wp-content\/uploads\/2025\/10\/Schwebende-Waschtische-sind-der-groesste-Badmoebel-Trend-des-Jahres-2026-\u2013.jpg","datePublished":"2025-10-09T17:39:45+00:00","breadcrumb":{"@id":"https:\/\/www.strassenweb.de\/nachrichten\/schwebende-waschtische-sind-der-groesste-badmoebel-trend-des-jahres-2026-und-sie-eignen-sich-perfekt-fuer-kleine-raeume-hier-erfahren-sie-warum\/#breadcrumb"},"inLanguage":"de","potentialAction":[{"@type":"ReadAction","target":["https:\/\/www.strassenweb.de\/nachrichten\/schwebende-waschtische-sind-der-groesste-badmoebel-trend-des-jahres-2026-und-sie-eignen-sich-perfekt-fuer-kleine-raeume-hier-erfahren-sie-warum\/"]}]},{"@type":"ImageObject","inLanguage":"de","@id":"https:\/\/www.strassenweb.de\/nachrichten\/schwebende-waschtische-sind-der-groesste-badmoebel-trend-des-jahres-2026-und-sie-eignen-sich-perfekt-fuer-kleine-raeume-hier-erfahren-sie-warum\/#primaryimage","url":"https:\/\/www.strassenweb.de\/nachrichten\/wp-content\/uploads\/2025\/10\/Schwebende-Waschtische-sind-der-groesste-Badmoebel-Trend-des-Jahres-2026-\u2013.jpg","contentUrl":"https:\/\/www.strassenweb.de\/nachrichten\/wp-content\/uploads\/2025\/10\/Schwebende-Waschtische-sind-der-groesste-Badmoebel-Trend-des-Jahres-2026-\u2013.jpg","width":1600,"height":900,"caption":"A bathroom with fluted wood vanity, marble countertop, black rectangular mirrors, and statement wall sconces"},{"@type":"BreadcrumbList","@id":"https:\/\/www.strassenweb.de\/nachrichten\/schwebende-waschtische-sind-der-groesste-badmoebel-trend-des-jahres-2026-und-sie-eignen-sich-perfekt-fuer-kleine-raeume-hier-erfahren-sie-warum\/#breadcrumb","itemListElement":[{"@type":"ListItem","position":1,"name":"Home","item":"https:\/\/www.strassenweb.de\/nachrichten\/"},{"@type":"ListItem","position":2,"name":"Schwebende Waschtische sind der gr\u00f6\u00dfte Badm\u00f6bel-Trend des Jahres 2026 \u2013 und sie eignen sich perfekt f\u00fcr kleine R\u00e4ume. Hier erfahren Sie, warum"}]},{"@type":"WebSite","@id":"https:\/\/www.strassenweb.de\/nachrichten\/#website","url":"https:\/\/www.strassenweb.de\/nachrichten\/","name":"Stra\u00dfenweb","description":"Stra\u00dfenverzeichnis f\u00fcr Deutschland","publisher":{"@id":"https:\/\/www.strassenweb.de\/nachrichten\/#organization"},"potentialAction":[{"@type":"SearchAction","target":{"@type":"EntryPoint","urlTemplate":"https:\/\/www.strassenweb.de\/nachrichten\/?s={search_term_string}"},"query-input":{"@type":"PropertyValueSpecification","valueRequired":true,"valueName":"search_term_string"}}],"inLanguage":"de"},{"@type":"Organization","@id":"https:\/\/www.strassenweb.de\/nachrichten\/#organization","name":"Stra\u00dfenweb","url":"https:\/\/www.strassenweb.de\/nachrichten\/","logo":{"@type":"ImageObject","inLanguage":"de","@id":"https:\/\/www.strassenweb.de\/nachrichten\/#\/schema\/logo\/image\/","url":"https:\/\/www.strassenweb.de\/nachrichten\/wp-content\/uploads\/2024\/09\/cropped-favicon.png","contentUrl":"https:\/\/www.strassenweb.de\/nachrichten\/wp-content\/uploads\/2024\/09\/cropped-favicon.png","width":512,"height":512,"caption":"Stra\u00dfenweb"},"image":{"@id":"https:\/\/www.strassenweb.de\/nachrichten\/#\/schema\/logo\/image\/"},"sameAs":["https:\/\/www.facebook.com\/strassenweb\/"]},{"@type":"Person","@id":"https:\/\/www.strassenweb.de\/nachrichten\/#\/schema\/person\/87c9c9067f1211da429a744dc5a5aa41","name":"Robert Hoffmann","image":{"@type":"ImageObject","inLanguage":"de","@id":"https:\/\/www.strassenweb.de\/nachrichten\/wp-content\/uploads\/2024\/09\/strassenweb-150x150.jpg","url":"https:\/\/www.strassenweb.de\/nachrichten\/wp-content\/uploads\/2024\/09\/strassenweb-150x150.jpg","contentUrl":"https:\/\/www.strassenweb.de\/nachrichten\/wp-content\/uploads\/2024\/09\/strassenweb-150x150.jpg","caption":"Robert Hoffmann"},"description":"Ich hei\u00dfe Robert Hoffmann und ich bin ein leidenschaftlicher Verfechter von \u00d6kologie und Biodiversit\u00e4t. Seit meiner Kindheit in den W\u00e4ldern Bayerns f\u00fchle ich mich mit der Natur verbunden und bin entschlossen, sie zu sch\u00fctzen. Heute widme ich mein Leben der Sensibilisierung anderer f\u00fcr die Bedeutung des Umweltschutzes f\u00fcr zuk\u00fcnftige Generationen.","sameAs":["https:\/\/www.strassenweb.de\/"]}]}},"_links":{"self":[{"href":"https:\/\/www.strassenweb.de\/nachrichten\/wp-json\/wp\/v2\/posts\/8345","targetHints":{"allow":["GET"]}}],"collection":[{"href":"https:\/\/www.strassenweb.de\/nachrichten\/wp-json\/wp\/v2\/posts"}],"about":[{"href":"https:\/\/www.strassenweb.de\/nachrichten\/wp-json\/wp\/v2\/types\/post"}],"author":[{"embeddable":true,"href":"https:\/\/www.strassenweb.de\/nachrichten\/wp-json\/wp\/v2\/users\/1"}],"replies":[{"embeddable":true,"href":"https:\/\/www.strassenweb.de\/nachrichten\/wp-json\/wp\/v2\/comments?post=8345"}],"version-history":[{"count":0,"href":"https:\/\/www.strassenweb.de\/nachrichten\/wp-json\/wp\/v2\/posts\/8345\/revisions"}],"wp:featuredmedia":[{"embeddable":true,"href":"https:\/\/www.strassenweb.de\/nachrichten\/wp-json\/wp\/v2\/media\/8346"}],"wp:attachment":[{"href":"https:\/\/www.strassenweb.de\/nachrichten\/wp-json\/wp\/v2\/media?parent=8345"}],"wp:term":[{"taxonomy":"category","embeddable":true,"href":"https:\/\/www.strassenweb.de\/nachrichten\/wp-json\/wp\/v2\/categories?post=8345"},{"taxonomy":"post_tag","embeddable":true,"href":"https:\/\/www.strassenweb.de\/nachrichten\/wp-json\/wp\/v2\/tags?post=8345"}],"curies":[{"name":"wp","href":"https:\/\/api.w.org\/{rel}","templated":true}]}}