{"id":8330,"date":"2025-10-09T04:39:27","date_gmt":"2025-10-09T02:39:27","guid":{"rendered":"https:\/\/www.strassenweb.de\/nachrichten\/ich-zuende-diese-kerze-an-und-denke-an-etwas-das-ich-wirklich-verwirklichen-moechte-die-pflegende-kerze-von-alicia-keys-soll-ihnen-dabei-helfen-ihre-ziele-in-diesem-herbs\/"},"modified":"2025-10-09T04:39:28","modified_gmt":"2025-10-09T02:39:28","slug":"ich-zuende-diese-kerze-an-und-denke-an-etwas-das-ich-wirklich-verwirklichen-moechte-die-pflegende-kerze-von-alicia-keys-soll-ihnen-dabei-helfen-ihre-ziele-in-diesem-herbs","status":"publish","type":"post","link":"https:\/\/www.strassenweb.de\/nachrichten\/ich-zuende-diese-kerze-an-und-denke-an-etwas-das-ich-wirklich-verwirklichen-moechte-die-pflegende-kerze-von-alicia-keys-soll-ihnen-dabei-helfen-ihre-ziele-in-diesem-herbs\/","title":{"rendered":"\u201eIch z\u00fcnde diese Kerze an und denke an etwas, das ich wirklich verwirklichen m\u00f6chte\u201c \u2013 die pflegende Kerze von Alicia Keys soll Ihnen dabei helfen, Ihre Ziele in diesem Herbst zu erreichen"},"content":{"rendered":"<p><\/p>\n<div id=\"article-body\" class=\"article__body \">\n<p id=\"f51bfea5-c6ba-4044-af9e-3d61d16adcc4\">Der Schulanfang ist nicht nur etwas f\u00fcr Kinder und Eltern; F\u00fcr uns alle scheint es an der Zeit zu sein, reglementiertere Aktivit\u00e4ten durchzuf\u00fchren. Die Sommerferien sind vorbei und diese k\u00fchleren Monate bieten die Gelegenheit, nachzudenken, sich zu organisieren und unsere To-Do-Listen in Angriff zu nehmen. Laut Alicia Keys kann eine Kerze mit Salbei und Hafermilch (erh\u00e4ltlich bei Amazon) helfen.<\/p>\n<div id=\"ad-unit-1\" class=\"ad-unit\"><\/div>\n<p>Die \u201eKeys\u201c-Linie der S\u00e4ngerin ist bei Amazon erh\u00e4ltlich und sie betrachtet sie als eine Form von \u201eSoulcare\u201c. Was bedeutet das genau? Alicia Keys hat ihre Kerzen nicht nur als Raumduft kreiert, sondern als Teil ihres t\u00e4glichen Rituals. Sie sind ein Werkzeug zur Manifestation und allt\u00e4glichen Freude.<\/p>\n<aside data-block-type=\"embed\" data-render-type=\"fte\" data-skip=\"dealsy\" data-widget-type=\"seasonal\" class=\"hawk-root\"><\/aside>\n<p id=\"f51bfea5-c6ba-4044-af9e-3d61d16adcc4-2\">Sie erkl\u00e4rt ihre Wahl f\u00fcr die beste Herbstkerze mit den Worten: \u201eWissen Sie, morgens und abends liebe ich eine Kerze.\u201c Und so werde ich diese Kerze zu Beginn meines Rituals nehmen. Ich werde es anz\u00fcnden, und ich werde buchst\u00e4blich meine Augen schlie\u00dfen und ein kleines Gebet sprechen, wissen Sie, ich werde an etwas denken, das ich heute wirklich verwirklichen m\u00f6chte.\u201c<\/p>\n<div class=\"van_vid_carousel\">\n<div class=\"van_vid_carousel__padding\">\n<div class=\"van_vid_carousel__container\"><\/div>\n<\/div>\n<\/div>\n<div class=\"product-container horizontal-product-container\">\n<div class=\"product-block-row\"><\/div>\n<\/div>\n<p id=\"aeb36618-17ba-48b7-b93b-bf4916c05a0e\">Die Kerze von Alicia Keys sorgt nicht nur daf\u00fcr, dass ihr Zuhause angenehm duftet, sondern enth\u00e4lt auch eine klassische Technik zur Steigerung des Selbstwertgef\u00fchls: ein Mantra. Es geht nicht nur darum, wie ihr Zuhause riecht, sondern auch darum, wie es sich anf\u00fchlt.<\/p>\n<div id=\"ad-unit-2\" class=\"ad-unit\"><\/div>\n<p>\u201eAuf dieser Kerze steht ein Mantra mit der Aufschrift \u201eIch leuchte mit voller Wattzahl.\u201c\u201c, erkl\u00e4rt sie. \u201eF\u00fcr mich sind Mantras so wichtig und es ist eine so einfache M\u00f6glichkeit, etwas Kraftvolles zu tun und sich die Dinge in den Kopf zu setzen, die man ausdr\u00fccken m\u00f6chte, was man braucht, denn ich denke, das ist eines meiner pers\u00f6nlichen Dinge, mit denen ich gro\u00dfe Schwierigkeiten hatte, \u00fcberhaupt auszudr\u00fccken oder in Worte fassen zu k\u00f6nnen, was ich f\u00fchlte.\u201c<\/p>\n<p>Welchen Nutzen hat diese Aussage daf\u00fcr, dass Alicia (oder jeder, der die Kerze verwendet) sich zu Hause gl\u00fccklicher f\u00fchlt?<\/p>\n<p>Alicia erkl\u00e4rt: \u201e\u201eIch strahle mit voller Wattzahl\u201c ist unsere Erinnerung daran, dass wir hier drau\u00dfen sind, um brillant zu sein, wir sind hier drau\u00dfen, um kraftvoll zu sein, wir sind hier drau\u00dfen, um so hell wie m\u00f6glich zu sein, und wenn jemand Ihre Helligkeit nicht mag, dann sollten Sie wahrscheinlich davon Abstand nehmen, denn sie sollten Sie dazu ermutigen, mit voller Wattzahl zu strahlen.\u201c<\/p>\n<div id=\"slice-container-newsletterForm-articleInbodyContent-C95WbijXQfbKMDiFRHP8TR\" class=\"slice-container newsletter-inbodyContent-slice newsletterForm-articleInbodyContent-C95WbijXQfbKMDiFRHP8TR slice-container-newsletterForm\"><\/div>\n<h3 class=\"article-body__section\" id=\"section-shop-the-best-fall-candles\"><span>Kaufen Sie die besten Herbstkerzen<\/span><\/h3>\n<p id=\"9c34f069-7c43-4c80-be1d-9c88828124d4\">Unabh\u00e4ngig davon, ob Sie sich f\u00fcr Manifestation interessieren oder nicht, haben Sie es verdient, sich in Ihrem Zuhause entspannt und umsorgt zu f\u00fchlen. Obwohl diese D\u00fcfte kein Mantra enthalten, haben sie sich laut unserem Tester als einige der besten Kerzen der Saison erwiesen.<\/p>\n<div class=\"product-container hero-product-container product-block-no-wrap\">\n<div class=\"product-block-row\"><\/div>\n<div class=\"product-block-row\"><\/div>\n<div class=\"product-block-row\"><\/div>\n<\/div>\n<h3 class=\"article-body__section\" id=\"section-shop-the-candle-care-edit\"><span>Kaufen Sie The Candle Care Edit<\/span><\/h3>\n<p id=\"7d101a8c-23b8-4fb9-969f-845a21c9af91\">Der Kauf der besten D\u00fcfte macht keinen Unterschied, wenn Sie die Kerzen nicht richtig pflegen. Diese luxuri\u00f6sen Werkzeuge helfen Ihnen dabei, die Brenndauer sauber und lang zu halten.<\/p>\n<div class=\"product-container hero-product-container product-block-no-wrap\">\n<div class=\"product-block-row\"><\/div>\n<div class=\"product-block-row\"><\/div>\n<div class=\"product-block-row\"><\/div>\n<\/div>\n<hr id=\"3482092a-3a60-42a6-b4e0-c2c2b62a1c7e\">\n<p id=\"781880e0-05a2-4575-ba1f-a17542affa84\">Zu Beginn der neuen Saison helfen uns die richtigen D\u00fcfte dabei, uns auf das Erreichen unserer Ziele einzustimmen. Wenn Alicia Keys irgendwie Teil dieser Reise ist, umso besser.<\/p>\n<div class=\"min-h-(270px) mb-4 viafoura-twig-component\" id=\"viafoura-engagement-starter-wrapper\" data-component-name=\"Elk:Embed:EngagementStarter\">\n<div class=\"viafoura\">\n<div>\n<vf-conversation-starter target=\"viafoura-comments\" title=\"Do you use candles as part of your nightly ritual?\" description=\"How does lighting a candle make you feel in your home?\" minimum-comment-count=\"5\"><br \/>\n<\/vf-conversation-starter>\n<\/div>\n<\/div>\n<\/div>\n<hr id=\"52b9931d-71e1-4d8e-b6df-f8cc6283e1ba\">\n<\/div>\n","protected":false},"excerpt":{"rendered":"<p>Der Schulanfang ist nicht nur etwas f\u00fcr Kinder und Eltern; F\u00fcr uns alle scheint es an der Zeit zu sein, reglementiertere Aktivit\u00e4ten durchzuf\u00fchren. Die Sommerferien<\/p>\n","protected":false},"author":1,"featured_media":8331,"comment_status":"closed","ping_status":"","sticky":false,"template":"","format":"standard","meta":{"footnotes":""},"categories":[118],"tags":[7166,1911,112,3317,9,143,32,3207,1855,470,203,129,1046,225,4202,7167,7284,10666,1439,37,10665,21,429,10667,10664],"class_list":["post-8330","post","type-post","status-publish","format-standard","has-post-thumbnail","hentry","category-haus-garten","tag-alicia","tag-dabei","tag-das","tag-denke","tag-die","tag-diese","tag-diesem","tag-erreichen","tag-etwas","tag-helfen","tag-herbst","tag-ich","tag-ihnen","tag-ihre","tag-kerze","tag-keys","tag-moechte","tag-pflegende","tag-soll","tag-und","tag-verwirklichen","tag-von","tag-wirklich","tag-ziele","tag-zuende","generate-columns","tablet-grid-50","mobile-grid-100","grid-parent","grid-50"],"yoast_head":"<!-- This site is optimized with the Yoast SEO plugin v27.3 - https:\/\/yoast.com\/product\/yoast-seo-wordpress\/ -->\n<title>\u201eIch z\u00fcnde diese Kerze an und denke an etwas, das ich wirklich verwirklichen m\u00f6chte\u201c \u2013 die pflegende Kerze von Alicia Keys soll Ihnen dabei helfen, Ihre Ziele in diesem Herbst zu erreichen - Nachrichten - Stra\u00dfenweb<\/title>\n<meta name=\"robots\" content=\"index, follow, max-snippet:-1, max-image-preview:large, max-video-preview:-1\" \/>\n<link rel=\"canonical\" href=\"https:\/\/www.strassenweb.de\/nachrichten\/ich-zuende-diese-kerze-an-und-denke-an-etwas-das-ich-wirklich-verwirklichen-moechte-die-pflegende-kerze-von-alicia-keys-soll-ihnen-dabei-helfen-ihre-ziele-in-diesem-herbs\/\" \/>\n<meta property=\"og:locale\" content=\"de_DE\" \/>\n<meta property=\"og:type\" content=\"article\" \/>\n<meta property=\"og:title\" content=\"\u201eIch z\u00fcnde diese Kerze an und denke an etwas, das ich wirklich verwirklichen m\u00f6chte\u201c \u2013 die pflegende Kerze von Alicia Keys soll Ihnen dabei helfen, Ihre Ziele in diesem Herbst zu erreichen - Nachrichten - Stra\u00dfenweb\" \/>\n<meta property=\"og:description\" content=\"Der Schulanfang ist nicht nur etwas f\u00fcr Kinder und Eltern; F\u00fcr uns alle scheint es an der Zeit zu sein, reglementiertere Aktivit\u00e4ten durchzuf\u00fchren. Die Sommerferien\" \/>\n<meta property=\"og:url\" content=\"https:\/\/www.strassenweb.de\/nachrichten\/ich-zuende-diese-kerze-an-und-denke-an-etwas-das-ich-wirklich-verwirklichen-moechte-die-pflegende-kerze-von-alicia-keys-soll-ihnen-dabei-helfen-ihre-ziele-in-diesem-herbs\/\" \/>\n<meta property=\"og:site_name\" content=\"Stra\u00dfenweb\" \/>\n<meta property=\"article:publisher\" content=\"https:\/\/www.facebook.com\/strassenweb\/\" \/>\n<meta property=\"article:published_time\" content=\"2025-10-09T02:39:27+00:00\" \/>\n<meta property=\"article:modified_time\" content=\"2025-10-09T02:39:28+00:00\" \/>\n<meta property=\"og:image\" content=\"https:\/\/www.strassenweb.de\/nachrichten\/wp-content\/uploads\/2025\/10\/\u201eIch-zuende-diese-Kerze-an-und-denke-an-etwas-das.jpg\" \/>\n\t<meta property=\"og:image:width\" content=\"1600\" \/>\n\t<meta property=\"og:image:height\" content=\"900\" \/>\n\t<meta property=\"og:image:type\" content=\"image\/jpeg\" \/>\n<meta name=\"author\" content=\"Robert Hoffmann\" \/>\n<meta name=\"twitter:card\" content=\"summary_large_image\" \/>\n<meta name=\"twitter:label1\" content=\"Verfasst von\" \/>\n\t<meta name=\"twitter:data1\" content=\"Robert Hoffmann\" \/>\n\t<meta name=\"twitter:label2\" content=\"Gesch\u00e4tzte Lesezeit\" \/>\n\t<meta name=\"twitter:data2\" content=\"3\u00a0Minuten\" \/>\n<script type=\"application\/ld+json\" class=\"yoast-schema-graph\">{\"@context\":\"https:\\\/\\\/schema.org\",\"@graph\":[{\"@type\":\"Article\",\"@id\":\"https:\\\/\\\/www.strassenweb.de\\\/nachrichten\\\/ich-zuende-diese-kerze-an-und-denke-an-etwas-das-ich-wirklich-verwirklichen-moechte-die-pflegende-kerze-von-alicia-keys-soll-ihnen-dabei-helfen-ihre-ziele-in-diesem-herbs\\\/#article\",\"isPartOf\":{\"@id\":\"https:\\\/\\\/www.strassenweb.de\\\/nachrichten\\\/ich-zuende-diese-kerze-an-und-denke-an-etwas-das-ich-wirklich-verwirklichen-moechte-die-pflegende-kerze-von-alicia-keys-soll-ihnen-dabei-helfen-ihre-ziele-in-diesem-herbs\\\/\"},\"author\":{\"name\":\"Robert Hoffmann\",\"@id\":\"https:\\\/\\\/www.strassenweb.de\\\/nachrichten\\\/#\\\/schema\\\/person\\\/87c9c9067f1211da429a744dc5a5aa41\"},\"headline\":\"\u201eIch z\u00fcnde diese Kerze an und denke an etwas, das ich wirklich verwirklichen m\u00f6chte\u201c \u2013 die pflegende Kerze von Alicia Keys soll Ihnen dabei helfen, Ihre Ziele in diesem Herbst zu erreichen\",\"datePublished\":\"2025-10-09T02:39:27+00:00\",\"dateModified\":\"2025-10-09T02:39:28+00:00\",\"mainEntityOfPage\":{\"@id\":\"https:\\\/\\\/www.strassenweb.de\\\/nachrichten\\\/ich-zuende-diese-kerze-an-und-denke-an-etwas-das-ich-wirklich-verwirklichen-moechte-die-pflegende-kerze-von-alicia-keys-soll-ihnen-dabei-helfen-ihre-ziele-in-diesem-herbs\\\/\"},\"wordCount\":554,\"publisher\":{\"@id\":\"https:\\\/\\\/www.strassenweb.de\\\/nachrichten\\\/#organization\"},\"image\":{\"@id\":\"https:\\\/\\\/www.strassenweb.de\\\/nachrichten\\\/ich-zuende-diese-kerze-an-und-denke-an-etwas-das-ich-wirklich-verwirklichen-moechte-die-pflegende-kerze-von-alicia-keys-soll-ihnen-dabei-helfen-ihre-ziele-in-diesem-herbs\\\/#primaryimage\"},\"thumbnailUrl\":\"https:\\\/\\\/www.strassenweb.de\\\/nachrichten\\\/wp-content\\\/uploads\\\/2025\\\/10\\\/\u201eIch-zuende-diese-Kerze-an-und-denke-an-etwas-das.jpg\",\"keywords\":[\"Alicia\",\"dabei\",\"das\",\"denke\",\"die\",\"diese\",\"diesem\",\"erreichen\",\"etwas\",\"helfen\",\"Herbst\",\"ich\",\"ihnen\",\"ihre\",\"Kerze\",\"Keys\",\"m\u00f6chte\",\"pflegende\",\"soll\",\"und\",\"verwirklichen\",\"von\",\"wirklich\",\"Ziele\",\"z\u00fcnde\"],\"articleSection\":[\"Haus &amp; Garten\"],\"inLanguage\":\"de\"},{\"@type\":\"WebPage\",\"@id\":\"https:\\\/\\\/www.strassenweb.de\\\/nachrichten\\\/ich-zuende-diese-kerze-an-und-denke-an-etwas-das-ich-wirklich-verwirklichen-moechte-die-pflegende-kerze-von-alicia-keys-soll-ihnen-dabei-helfen-ihre-ziele-in-diesem-herbs\\\/\",\"url\":\"https:\\\/\\\/www.strassenweb.de\\\/nachrichten\\\/ich-zuende-diese-kerze-an-und-denke-an-etwas-das-ich-wirklich-verwirklichen-moechte-die-pflegende-kerze-von-alicia-keys-soll-ihnen-dabei-helfen-ihre-ziele-in-diesem-herbs\\\/\",\"name\":\"\u201eIch z\u00fcnde diese Kerze an und denke an etwas, das ich wirklich verwirklichen m\u00f6chte\u201c \u2013 die pflegende Kerze von Alicia Keys soll Ihnen dabei helfen, Ihre Ziele in diesem Herbst zu erreichen - Nachrichten - Stra\u00dfenweb\",\"isPartOf\":{\"@id\":\"https:\\\/\\\/www.strassenweb.de\\\/nachrichten\\\/#website\"},\"primaryImageOfPage\":{\"@id\":\"https:\\\/\\\/www.strassenweb.de\\\/nachrichten\\\/ich-zuende-diese-kerze-an-und-denke-an-etwas-das-ich-wirklich-verwirklichen-moechte-die-pflegende-kerze-von-alicia-keys-soll-ihnen-dabei-helfen-ihre-ziele-in-diesem-herbs\\\/#primaryimage\"},\"image\":{\"@id\":\"https:\\\/\\\/www.strassenweb.de\\\/nachrichten\\\/ich-zuende-diese-kerze-an-und-denke-an-etwas-das-ich-wirklich-verwirklichen-moechte-die-pflegende-kerze-von-alicia-keys-soll-ihnen-dabei-helfen-ihre-ziele-in-diesem-herbs\\\/#primaryimage\"},\"thumbnailUrl\":\"https:\\\/\\\/www.strassenweb.de\\\/nachrichten\\\/wp-content\\\/uploads\\\/2025\\\/10\\\/\u201eIch-zuende-diese-Kerze-an-und-denke-an-etwas-das.jpg\",\"datePublished\":\"2025-10-09T02:39:27+00:00\",\"dateModified\":\"2025-10-09T02:39:28+00:00\",\"breadcrumb\":{\"@id\":\"https:\\\/\\\/www.strassenweb.de\\\/nachrichten\\\/ich-zuende-diese-kerze-an-und-denke-an-etwas-das-ich-wirklich-verwirklichen-moechte-die-pflegende-kerze-von-alicia-keys-soll-ihnen-dabei-helfen-ihre-ziele-in-diesem-herbs\\\/#breadcrumb\"},\"inLanguage\":\"de\",\"potentialAction\":[{\"@type\":\"ReadAction\",\"target\":[\"https:\\\/\\\/www.strassenweb.de\\\/nachrichten\\\/ich-zuende-diese-kerze-an-und-denke-an-etwas-das-ich-wirklich-verwirklichen-moechte-die-pflegende-kerze-von-alicia-keys-soll-ihnen-dabei-helfen-ihre-ziele-in-diesem-herbs\\\/\"]}]},{\"@type\":\"ImageObject\",\"inLanguage\":\"de\",\"@id\":\"https:\\\/\\\/www.strassenweb.de\\\/nachrichten\\\/ich-zuende-diese-kerze-an-und-denke-an-etwas-das-ich-wirklich-verwirklichen-moechte-die-pflegende-kerze-von-alicia-keys-soll-ihnen-dabei-helfen-ihre-ziele-in-diesem-herbs\\\/#primaryimage\",\"url\":\"https:\\\/\\\/www.strassenweb.de\\\/nachrichten\\\/wp-content\\\/uploads\\\/2025\\\/10\\\/\u201eIch-zuende-diese-Kerze-an-und-denke-an-etwas-das.jpg\",\"contentUrl\":\"https:\\\/\\\/www.strassenweb.de\\\/nachrichten\\\/wp-content\\\/uploads\\\/2025\\\/10\\\/\u201eIch-zuende-diese-Kerze-an-und-denke-an-etwas-das.jpg\",\"width\":1600,\"height\":900,\"caption\":\"alicia keys on a red background\"},{\"@type\":\"BreadcrumbList\",\"@id\":\"https:\\\/\\\/www.strassenweb.de\\\/nachrichten\\\/ich-zuende-diese-kerze-an-und-denke-an-etwas-das-ich-wirklich-verwirklichen-moechte-die-pflegende-kerze-von-alicia-keys-soll-ihnen-dabei-helfen-ihre-ziele-in-diesem-herbs\\\/#breadcrumb\",\"itemListElement\":[{\"@type\":\"ListItem\",\"position\":1,\"name\":\"Home\",\"item\":\"https:\\\/\\\/www.strassenweb.de\\\/nachrichten\\\/\"},{\"@type\":\"ListItem\",\"position\":2,\"name\":\"\u201eIch z\u00fcnde diese Kerze an und denke an etwas, das ich wirklich verwirklichen m\u00f6chte\u201c \u2013 die pflegende Kerze von Alicia Keys soll Ihnen dabei helfen, Ihre Ziele in diesem Herbst zu erreichen\"}]},{\"@type\":\"WebSite\",\"@id\":\"https:\\\/\\\/www.strassenweb.de\\\/nachrichten\\\/#website\",\"url\":\"https:\\\/\\\/www.strassenweb.de\\\/nachrichten\\\/\",\"name\":\"Stra\u00dfenweb\",\"description\":\"Stra\u00dfenverzeichnis f\u00fcr Deutschland\",\"publisher\":{\"@id\":\"https:\\\/\\\/www.strassenweb.de\\\/nachrichten\\\/#organization\"},\"potentialAction\":[{\"@type\":\"SearchAction\",\"target\":{\"@type\":\"EntryPoint\",\"urlTemplate\":\"https:\\\/\\\/www.strassenweb.de\\\/nachrichten\\\/?s={search_term_string}\"},\"query-input\":{\"@type\":\"PropertyValueSpecification\",\"valueRequired\":true,\"valueName\":\"search_term_string\"}}],\"inLanguage\":\"de\"},{\"@type\":\"Organization\",\"@id\":\"https:\\\/\\\/www.strassenweb.de\\\/nachrichten\\\/#organization\",\"name\":\"Stra\u00dfenweb\",\"url\":\"https:\\\/\\\/www.strassenweb.de\\\/nachrichten\\\/\",\"logo\":{\"@type\":\"ImageObject\",\"inLanguage\":\"de\",\"@id\":\"https:\\\/\\\/www.strassenweb.de\\\/nachrichten\\\/#\\\/schema\\\/logo\\\/image\\\/\",\"url\":\"https:\\\/\\\/www.strassenweb.de\\\/nachrichten\\\/wp-content\\\/uploads\\\/2024\\\/09\\\/cropped-favicon.png\",\"contentUrl\":\"https:\\\/\\\/www.strassenweb.de\\\/nachrichten\\\/wp-content\\\/uploads\\\/2024\\\/09\\\/cropped-favicon.png\",\"width\":512,\"height\":512,\"caption\":\"Stra\u00dfenweb\"},\"image\":{\"@id\":\"https:\\\/\\\/www.strassenweb.de\\\/nachrichten\\\/#\\\/schema\\\/logo\\\/image\\\/\"},\"sameAs\":[\"https:\\\/\\\/www.facebook.com\\\/strassenweb\\\/\"]},{\"@type\":\"Person\",\"@id\":\"https:\\\/\\\/www.strassenweb.de\\\/nachrichten\\\/#\\\/schema\\\/person\\\/87c9c9067f1211da429a744dc5a5aa41\",\"name\":\"Robert Hoffmann\",\"image\":{\"@type\":\"ImageObject\",\"inLanguage\":\"de\",\"@id\":\"https:\\\/\\\/www.strassenweb.de\\\/nachrichten\\\/wp-content\\\/uploads\\\/2024\\\/09\\\/strassenweb-150x150.jpg\",\"url\":\"https:\\\/\\\/www.strassenweb.de\\\/nachrichten\\\/wp-content\\\/uploads\\\/2024\\\/09\\\/strassenweb-150x150.jpg\",\"contentUrl\":\"https:\\\/\\\/www.strassenweb.de\\\/nachrichten\\\/wp-content\\\/uploads\\\/2024\\\/09\\\/strassenweb-150x150.jpg\",\"caption\":\"Robert Hoffmann\"},\"description\":\"Ich hei\u00dfe Robert Hoffmann und ich bin ein leidenschaftlicher Verfechter von \u00d6kologie und Biodiversit\u00e4t. Seit meiner Kindheit in den W\u00e4ldern Bayerns f\u00fchle ich mich mit der Natur verbunden und bin entschlossen, sie zu sch\u00fctzen. Heute widme ich mein Leben der Sensibilisierung anderer f\u00fcr die Bedeutung des Umweltschutzes f\u00fcr zuk\u00fcnftige Generationen.\",\"sameAs\":[\"https:\\\/\\\/www.strassenweb.de\\\/\"]}]}<\/script>\n<!-- \/ Yoast SEO plugin. -->","yoast_head_json":{"title":"\u201eIch z\u00fcnde diese Kerze an und denke an etwas, das ich wirklich verwirklichen m\u00f6chte\u201c \u2013 die pflegende Kerze von Alicia Keys soll Ihnen dabei helfen, Ihre Ziele in diesem Herbst zu erreichen - Nachrichten - Stra\u00dfenweb","robots":{"index":"index","follow":"follow","max-snippet":"max-snippet:-1","max-image-preview":"max-image-preview:large","max-video-preview":"max-video-preview:-1"},"canonical":"https:\/\/www.strassenweb.de\/nachrichten\/ich-zuende-diese-kerze-an-und-denke-an-etwas-das-ich-wirklich-verwirklichen-moechte-die-pflegende-kerze-von-alicia-keys-soll-ihnen-dabei-helfen-ihre-ziele-in-diesem-herbs\/","og_locale":"de_DE","og_type":"article","og_title":"\u201eIch z\u00fcnde diese Kerze an und denke an etwas, das ich wirklich verwirklichen m\u00f6chte\u201c \u2013 die pflegende Kerze von Alicia Keys soll Ihnen dabei helfen, Ihre Ziele in diesem Herbst zu erreichen - Nachrichten - Stra\u00dfenweb","og_description":"Der Schulanfang ist nicht nur etwas f\u00fcr Kinder und Eltern; F\u00fcr uns alle scheint es an der Zeit zu sein, reglementiertere Aktivit\u00e4ten durchzuf\u00fchren. Die Sommerferien","og_url":"https:\/\/www.strassenweb.de\/nachrichten\/ich-zuende-diese-kerze-an-und-denke-an-etwas-das-ich-wirklich-verwirklichen-moechte-die-pflegende-kerze-von-alicia-keys-soll-ihnen-dabei-helfen-ihre-ziele-in-diesem-herbs\/","og_site_name":"Stra\u00dfenweb","article_publisher":"https:\/\/www.facebook.com\/strassenweb\/","article_published_time":"2025-10-09T02:39:27+00:00","article_modified_time":"2025-10-09T02:39:28+00:00","og_image":[{"width":1600,"height":900,"url":"https:\/\/www.strassenweb.de\/nachrichten\/wp-content\/uploads\/2025\/10\/\u201eIch-zuende-diese-Kerze-an-und-denke-an-etwas-das.jpg","type":"image\/jpeg"}],"author":"Robert Hoffmann","twitter_card":"summary_large_image","twitter_misc":{"Verfasst von":"Robert Hoffmann","Gesch\u00e4tzte Lesezeit":"3\u00a0Minuten"},"schema":{"@context":"https:\/\/schema.org","@graph":[{"@type":"Article","@id":"https:\/\/www.strassenweb.de\/nachrichten\/ich-zuende-diese-kerze-an-und-denke-an-etwas-das-ich-wirklich-verwirklichen-moechte-die-pflegende-kerze-von-alicia-keys-soll-ihnen-dabei-helfen-ihre-ziele-in-diesem-herbs\/#article","isPartOf":{"@id":"https:\/\/www.strassenweb.de\/nachrichten\/ich-zuende-diese-kerze-an-und-denke-an-etwas-das-ich-wirklich-verwirklichen-moechte-die-pflegende-kerze-von-alicia-keys-soll-ihnen-dabei-helfen-ihre-ziele-in-diesem-herbs\/"},"author":{"name":"Robert Hoffmann","@id":"https:\/\/www.strassenweb.de\/nachrichten\/#\/schema\/person\/87c9c9067f1211da429a744dc5a5aa41"},"headline":"\u201eIch z\u00fcnde diese Kerze an und denke an etwas, das ich wirklich verwirklichen m\u00f6chte\u201c \u2013 die pflegende Kerze von Alicia Keys soll Ihnen dabei helfen, Ihre Ziele in diesem Herbst zu erreichen","datePublished":"2025-10-09T02:39:27+00:00","dateModified":"2025-10-09T02:39:28+00:00","mainEntityOfPage":{"@id":"https:\/\/www.strassenweb.de\/nachrichten\/ich-zuende-diese-kerze-an-und-denke-an-etwas-das-ich-wirklich-verwirklichen-moechte-die-pflegende-kerze-von-alicia-keys-soll-ihnen-dabei-helfen-ihre-ziele-in-diesem-herbs\/"},"wordCount":554,"publisher":{"@id":"https:\/\/www.strassenweb.de\/nachrichten\/#organization"},"image":{"@id":"https:\/\/www.strassenweb.de\/nachrichten\/ich-zuende-diese-kerze-an-und-denke-an-etwas-das-ich-wirklich-verwirklichen-moechte-die-pflegende-kerze-von-alicia-keys-soll-ihnen-dabei-helfen-ihre-ziele-in-diesem-herbs\/#primaryimage"},"thumbnailUrl":"https:\/\/www.strassenweb.de\/nachrichten\/wp-content\/uploads\/2025\/10\/\u201eIch-zuende-diese-Kerze-an-und-denke-an-etwas-das.jpg","keywords":["Alicia","dabei","das","denke","die","diese","diesem","erreichen","etwas","helfen","Herbst","ich","ihnen","ihre","Kerze","Keys","m\u00f6chte","pflegende","soll","und","verwirklichen","von","wirklich","Ziele","z\u00fcnde"],"articleSection":["Haus &amp; Garten"],"inLanguage":"de"},{"@type":"WebPage","@id":"https:\/\/www.strassenweb.de\/nachrichten\/ich-zuende-diese-kerze-an-und-denke-an-etwas-das-ich-wirklich-verwirklichen-moechte-die-pflegende-kerze-von-alicia-keys-soll-ihnen-dabei-helfen-ihre-ziele-in-diesem-herbs\/","url":"https:\/\/www.strassenweb.de\/nachrichten\/ich-zuende-diese-kerze-an-und-denke-an-etwas-das-ich-wirklich-verwirklichen-moechte-die-pflegende-kerze-von-alicia-keys-soll-ihnen-dabei-helfen-ihre-ziele-in-diesem-herbs\/","name":"\u201eIch z\u00fcnde diese Kerze an und denke an etwas, das ich wirklich verwirklichen m\u00f6chte\u201c \u2013 die pflegende Kerze von Alicia Keys soll Ihnen dabei helfen, Ihre Ziele in diesem Herbst zu erreichen - Nachrichten - Stra\u00dfenweb","isPartOf":{"@id":"https:\/\/www.strassenweb.de\/nachrichten\/#website"},"primaryImageOfPage":{"@id":"https:\/\/www.strassenweb.de\/nachrichten\/ich-zuende-diese-kerze-an-und-denke-an-etwas-das-ich-wirklich-verwirklichen-moechte-die-pflegende-kerze-von-alicia-keys-soll-ihnen-dabei-helfen-ihre-ziele-in-diesem-herbs\/#primaryimage"},"image":{"@id":"https:\/\/www.strassenweb.de\/nachrichten\/ich-zuende-diese-kerze-an-und-denke-an-etwas-das-ich-wirklich-verwirklichen-moechte-die-pflegende-kerze-von-alicia-keys-soll-ihnen-dabei-helfen-ihre-ziele-in-diesem-herbs\/#primaryimage"},"thumbnailUrl":"https:\/\/www.strassenweb.de\/nachrichten\/wp-content\/uploads\/2025\/10\/\u201eIch-zuende-diese-Kerze-an-und-denke-an-etwas-das.jpg","datePublished":"2025-10-09T02:39:27+00:00","dateModified":"2025-10-09T02:39:28+00:00","breadcrumb":{"@id":"https:\/\/www.strassenweb.de\/nachrichten\/ich-zuende-diese-kerze-an-und-denke-an-etwas-das-ich-wirklich-verwirklichen-moechte-die-pflegende-kerze-von-alicia-keys-soll-ihnen-dabei-helfen-ihre-ziele-in-diesem-herbs\/#breadcrumb"},"inLanguage":"de","potentialAction":[{"@type":"ReadAction","target":["https:\/\/www.strassenweb.de\/nachrichten\/ich-zuende-diese-kerze-an-und-denke-an-etwas-das-ich-wirklich-verwirklichen-moechte-die-pflegende-kerze-von-alicia-keys-soll-ihnen-dabei-helfen-ihre-ziele-in-diesem-herbs\/"]}]},{"@type":"ImageObject","inLanguage":"de","@id":"https:\/\/www.strassenweb.de\/nachrichten\/ich-zuende-diese-kerze-an-und-denke-an-etwas-das-ich-wirklich-verwirklichen-moechte-die-pflegende-kerze-von-alicia-keys-soll-ihnen-dabei-helfen-ihre-ziele-in-diesem-herbs\/#primaryimage","url":"https:\/\/www.strassenweb.de\/nachrichten\/wp-content\/uploads\/2025\/10\/\u201eIch-zuende-diese-Kerze-an-und-denke-an-etwas-das.jpg","contentUrl":"https:\/\/www.strassenweb.de\/nachrichten\/wp-content\/uploads\/2025\/10\/\u201eIch-zuende-diese-Kerze-an-und-denke-an-etwas-das.jpg","width":1600,"height":900,"caption":"alicia keys on a red background"},{"@type":"BreadcrumbList","@id":"https:\/\/www.strassenweb.de\/nachrichten\/ich-zuende-diese-kerze-an-und-denke-an-etwas-das-ich-wirklich-verwirklichen-moechte-die-pflegende-kerze-von-alicia-keys-soll-ihnen-dabei-helfen-ihre-ziele-in-diesem-herbs\/#breadcrumb","itemListElement":[{"@type":"ListItem","position":1,"name":"Home","item":"https:\/\/www.strassenweb.de\/nachrichten\/"},{"@type":"ListItem","position":2,"name":"\u201eIch z\u00fcnde diese Kerze an und denke an etwas, das ich wirklich verwirklichen m\u00f6chte\u201c \u2013 die pflegende Kerze von Alicia Keys soll Ihnen dabei helfen, Ihre Ziele in diesem Herbst zu erreichen"}]},{"@type":"WebSite","@id":"https:\/\/www.strassenweb.de\/nachrichten\/#website","url":"https:\/\/www.strassenweb.de\/nachrichten\/","name":"Stra\u00dfenweb","description":"Stra\u00dfenverzeichnis f\u00fcr Deutschland","publisher":{"@id":"https:\/\/www.strassenweb.de\/nachrichten\/#organization"},"potentialAction":[{"@type":"SearchAction","target":{"@type":"EntryPoint","urlTemplate":"https:\/\/www.strassenweb.de\/nachrichten\/?s={search_term_string}"},"query-input":{"@type":"PropertyValueSpecification","valueRequired":true,"valueName":"search_term_string"}}],"inLanguage":"de"},{"@type":"Organization","@id":"https:\/\/www.strassenweb.de\/nachrichten\/#organization","name":"Stra\u00dfenweb","url":"https:\/\/www.strassenweb.de\/nachrichten\/","logo":{"@type":"ImageObject","inLanguage":"de","@id":"https:\/\/www.strassenweb.de\/nachrichten\/#\/schema\/logo\/image\/","url":"https:\/\/www.strassenweb.de\/nachrichten\/wp-content\/uploads\/2024\/09\/cropped-favicon.png","contentUrl":"https:\/\/www.strassenweb.de\/nachrichten\/wp-content\/uploads\/2024\/09\/cropped-favicon.png","width":512,"height":512,"caption":"Stra\u00dfenweb"},"image":{"@id":"https:\/\/www.strassenweb.de\/nachrichten\/#\/schema\/logo\/image\/"},"sameAs":["https:\/\/www.facebook.com\/strassenweb\/"]},{"@type":"Person","@id":"https:\/\/www.strassenweb.de\/nachrichten\/#\/schema\/person\/87c9c9067f1211da429a744dc5a5aa41","name":"Robert Hoffmann","image":{"@type":"ImageObject","inLanguage":"de","@id":"https:\/\/www.strassenweb.de\/nachrichten\/wp-content\/uploads\/2024\/09\/strassenweb-150x150.jpg","url":"https:\/\/www.strassenweb.de\/nachrichten\/wp-content\/uploads\/2024\/09\/strassenweb-150x150.jpg","contentUrl":"https:\/\/www.strassenweb.de\/nachrichten\/wp-content\/uploads\/2024\/09\/strassenweb-150x150.jpg","caption":"Robert Hoffmann"},"description":"Ich hei\u00dfe Robert Hoffmann und ich bin ein leidenschaftlicher Verfechter von \u00d6kologie und Biodiversit\u00e4t. Seit meiner Kindheit in den W\u00e4ldern Bayerns f\u00fchle ich mich mit der Natur verbunden und bin entschlossen, sie zu sch\u00fctzen. Heute widme ich mein Leben der Sensibilisierung anderer f\u00fcr die Bedeutung des Umweltschutzes f\u00fcr zuk\u00fcnftige Generationen.","sameAs":["https:\/\/www.strassenweb.de\/"]}]}},"_links":{"self":[{"href":"https:\/\/www.strassenweb.de\/nachrichten\/wp-json\/wp\/v2\/posts\/8330","targetHints":{"allow":["GET"]}}],"collection":[{"href":"https:\/\/www.strassenweb.de\/nachrichten\/wp-json\/wp\/v2\/posts"}],"about":[{"href":"https:\/\/www.strassenweb.de\/nachrichten\/wp-json\/wp\/v2\/types\/post"}],"author":[{"embeddable":true,"href":"https:\/\/www.strassenweb.de\/nachrichten\/wp-json\/wp\/v2\/users\/1"}],"replies":[{"embeddable":true,"href":"https:\/\/www.strassenweb.de\/nachrichten\/wp-json\/wp\/v2\/comments?post=8330"}],"version-history":[{"count":0,"href":"https:\/\/www.strassenweb.de\/nachrichten\/wp-json\/wp\/v2\/posts\/8330\/revisions"}],"wp:featuredmedia":[{"embeddable":true,"href":"https:\/\/www.strassenweb.de\/nachrichten\/wp-json\/wp\/v2\/media\/8331"}],"wp:attachment":[{"href":"https:\/\/www.strassenweb.de\/nachrichten\/wp-json\/wp\/v2\/media?parent=8330"}],"wp:term":[{"taxonomy":"category","embeddable":true,"href":"https:\/\/www.strassenweb.de\/nachrichten\/wp-json\/wp\/v2\/categories?post=8330"},{"taxonomy":"post_tag","embeddable":true,"href":"https:\/\/www.strassenweb.de\/nachrichten\/wp-json\/wp\/v2\/tags?post=8330"}],"curies":[{"name":"wp","href":"https:\/\/api.w.org\/{rel}","templated":true}]}}