{"id":8315,"date":"2025-10-08T20:39:17","date_gmt":"2025-10-08T18:39:17","guid":{"rendered":"https:\/\/www.strassenweb.de\/nachrichten\/der-ganges-trocknet-schneller-als-je-zuvor-das-bedeutet-das-fuer-die-region-und-die-welt\/"},"modified":"2025-10-08T20:39:18","modified_gmt":"2025-10-08T18:39:18","slug":"der-ganges-trocknet-schneller-als-je-zuvor-das-bedeutet-das-fuer-die-region-und-die-welt","status":"publish","type":"post","link":"https:\/\/www.strassenweb.de\/nachrichten\/der-ganges-trocknet-schneller-als-je-zuvor-das-bedeutet-das-fuer-die-region-und-die-welt\/","title":{"rendered":"Der Ganges trocknet schneller als je zuvor \u2013 das bedeutet das f\u00fcr die Region und die Welt"},"content":{"rendered":"<p>Der Ganges, eine Lebensader f\u00fcr Hunderte Millionen Menschen in ganz S\u00fcdasien, trocknet mit einer Geschwindigkeit aus, die laut Wissenschaftlern in der aufgezeichneten Geschichte beispiellos ist. Der Klimawandel, wechselnde Monsune, unerbittliche Entnahme und Aufstauung treiben den m\u00e4chtigen Fluss in Richtung Zusammenbruch, mit Folgen f\u00fcr Nahrung, Wasser und Lebensgrundlagen in der gesamten Region.<\/p>\n<p>Seit Jahrhunderten bilden der Ganges und seine Nebenfl\u00fcsse eine der am dichtesten besiedelten Regionen der Welt. Das gesamte Flussbecken erstreckt sich vom Himalaya bis zum Golf von Bengalen und beherbergt \u00fcber 650 Millionen Menschen, ein Viertel des S\u00fc\u00dfwassers Indiens und einen Gro\u00dfteil seines Nahrungsmittel- und Wirtschaftswerts. Doch neue Forschungsergebnisse zeigen, dass sich der Niedergang des Flusses schneller beschleunigt als jemals zuvor.<\/p>\n<p>In den letzten Jahrzehnten haben Wissenschaftler alarmierende Ver\u00e4nderungen an vielen der gro\u00dfen Fl\u00fcsse der Welt dokumentiert, doch der Ganges zeichnet sich durch seine Geschwindigkeit und sein Ausma\u00df aus.<\/p>\n<figure class=\"wp-block-image\"><\/figure>\n<p>In einer neuen Studie rekonstruierten Wissenschaftler Flussaufzeichnungen, die 1.300 Jahre zur\u00fcckreichen, um zu zeigen, dass das Becken in diesem Zeitraum allein in den letzten Jahrzehnten mit den schlimmsten D\u00fcrren konfrontiert war. Und diese D\u00fcrren liegen weit au\u00dferhalb der nat\u00fcrlichen Klimavariabilit\u00e4t.<\/p>\n<p>Flussabschnitte, die einst die ganzj\u00e4hrige Schifffahrt erm\u00f6glichten, sind heute im Sommer unpassierbar. Gro\u00dfe Boote, die einst von Bengalen und Bihar \u00fcber Varanasi und Allahabad auf dem Ganges fuhren, laufen jetzt dort auf Grund, wo einst Wasser frei floss. Kan\u00e4le, die vor einer Generation noch wochenlang zur Bew\u00e4sserung der Felder dienten, trocknen heute fr\u00fcher aus. Sogar einige Brunnen, die Familien jahrzehntelang sch\u00fctzten, liefern kaum mehr als ein Rinnsal.<\/p>\n<p>Globale Klimamodelle konnten die Schwere dieser Austrocknung nicht vorhersagen und weisen auf etwas zutiefst Beunruhigendes hin: Der menschliche und der Umweltdruck verbinden sich auf eine Weise, die wir noch nicht verstehen.<\/p>\n<p>Wasser wurde in Bew\u00e4sserungskan\u00e4le umgeleitet, Grundwasser wurde f\u00fcr die Landwirtschaft gepumpt und entlang der Flussufer hat sich die Industrie stark ausgebreitet. Mehr als tausend D\u00e4mme und Staustufen haben den Fluss selbst radikal ver\u00e4ndert. Und w\u00e4hrend sich die Welt erw\u00e4rmt, wird der Monsun, der den Ganges speist, immer unregelm\u00e4\u00dfiger. Das Ergebnis ist ein Flusssystem, das zunehmend nicht mehr in der Lage ist, sich selbst zu erneuern.<\/p>\n<h2 class=\"wp-block-heading\">Schmelzende Gletscher, verschwindende Fl\u00fcsse<\/h2>\n<p>An der Quelle des Flusses hoch im Himalaya hat sich der Gangotri-Gletscher in nur zwei Jahrzehnten um fast einen Kilometer zur\u00fcckgezogen. Das Muster wiederholt sich im gr\u00f6\u00dften Gebirge der Welt, da steigende Temperaturen die Gletscher schneller als je zuvor schmelzen lassen.<\/p>\n<p>Dies bringt zun\u00e4chst pl\u00f6tzliche \u00dcberschwemmungen aus Gletscherseen mit sich. Langfristig bedeutet dies, dass in der Trockenzeit deutlich weniger Wasser flussabw\u00e4rts flie\u00dft.<\/p>\n<p>Diese Gletscher werden oft als \u201eWassert\u00fcrme Asiens\u201c bezeichnet. Aber w\u00e4hrend diese T\u00fcrme schrumpfen, nimmt auch der Wasserfluss im Ganges und seinen Nebenfl\u00fcssen im Sommer ab.<\/p>\n<h2 class=\"wp-block-heading\">Der Mensch macht alles noch schlimmer<\/h2>\n<p>Die r\u00fccksichtslose Entnahme von Grundwasser versch\u00e4rft die Situation. Das Ganges-Brahmaputra-Becken ist eines der am schnellsten ersch\u00f6pften Grundwasserleiter der Welt. Der Wasserspiegel sinkt jedes Jahr um 15 bis 20 Millimeter. Ein Gro\u00dfteil dieses Grundwassers ist bereits mit Arsen und Fluorid belastet, was sowohl die menschliche Gesundheit als auch die Landwirtschaft gef\u00e4hrdet.<\/p>\n<p>Auch die Rolle der menschlichen Technik darf nicht ignoriert werden. Projekte wie das Farakka-Staudamm in Indien haben die Wasserstr\u00f6me in der Trockenzeit nach Bangladesch reduziert, das Land salziger gemacht und die Sundarbans, den gr\u00f6\u00dften Mangrovenwald der Welt, bedroht. Entscheidungen zur Priorisierung kurzfristiger wirtschaftlicher Gewinne haben die \u00f6kologische Gesundheit des Flusses beeintr\u00e4chtigt.<\/p>\n<figure class=\"wp-block-image\"><img decoding=\"async\" src=\"https:\/\/www.strassenweb.de\/nachrichten\/wp-content\/uploads\/2025\/10\/1759948757_891_Der-Ganges-trocknet-schneller-als-je-zuvor-\u2013-das-bedeutet.0&#038;q=45&#038;auto=format&#038;w=754&#038;fit=clip.jpeg\" alt=\"Kuh am Kanal\"><\/figure>\n<p>Im Norden von Bangladesch und Westbengalen trocknen kleinere Fl\u00fcsse bereits im Sommer aus, so dass die Gemeinden kein Wasser mehr f\u00fcr Getreide oder Vieh haben. Das Verschwinden dieser kleineren Nebenfl\u00fcsse ist ein Vorbote dessen, was in gr\u00f6\u00dferem Ma\u00dfstab passieren k\u00f6nnte, wenn der Ganges selbst seine Abw\u00e4rtsspirale fortsetzt. Wenn sich nichts \u00e4ndert, warnen Experten, dass Millionen von Menschen im gesamten Becken in den n\u00e4chsten Jahrzehnten mit schwerer Nahrungsmittelknappheit konfrontiert sein k\u00f6nnten.<\/p>\n<h2 class=\"wp-block-heading\">Den Ganges retten<\/h2>\n<p>Die Notwendigkeit dringender, koordinierter Ma\u00dfnahmen kann nicht genug betont werden. Teilweise L\u00f6sungen werden nicht ausreichen. Es ist Zeit f\u00fcr ein umfassendes Umdenken in der Bewirtschaftung des Flusses.<\/p>\n<p>Das bedeutet, die nicht nachhaltige Entnahme von Grundwasser zu reduzieren, damit die Vorr\u00e4te wieder aufgef\u00fcllt werden k\u00f6nnen. Dies bedeutet, dass die Umwelt Anforderungen an den Fluss stellen muss, um gen\u00fcgend Wasser f\u00fcr Menschen und \u00d6kosysteme im Fluss zu halten. Und es werden verbesserte Klimamodelle erforderlich sein, die den menschlichen Druck (z. B. Bew\u00e4sserung und Staud\u00e4mme) mit der Monsunvariabilit\u00e4t integrieren, um die Wasserpolitik zu steuern.<\/p>\n<p>Auch grenz\u00fcberschreitende Zusammenarbeit ist ein Muss. Indien, Bangladesch und Nepal m\u00fcssen beim Datenaustausch, bei der Verwaltung von Staud\u00e4mmen und bei der Planung f\u00fcr den Klimawandel besser werden. Internationale Finanzierung und politische Vereinbarungen m\u00fcssen Fl\u00fcsse wie den Ganges als globale Priorit\u00e4t behandeln. Die Regierungsf\u00fchrung muss vor allem inklusiv sein, daher gestalten lokale Stimmen gemeinsam mit Wissenschaftlern und politischen Entscheidungstr\u00e4gern die Bem\u00fchungen zur Wiederherstellung von Fl\u00fcssen.<\/p>\n<p>Der Ganges ist mehr als ein Fluss. Es ist eine Lebensader, ein heiliges Symbol und ein Eckpfeiler der s\u00fcdasiatischen Zivilisation. Aber es trocknet schneller aus als je zuvor und die Folgen der Unt\u00e4tigkeit sind unvorstellbar. Die Zeit der Warnungen ist vorbei. Wir m\u00fcssen jetzt handeln, um sicherzustellen, dass der Ganges weiterhin flie\u00dft \u2013 nicht nur f\u00fcr uns, sondern f\u00fcr kommende Generationen.<\/p>\n<p>Mehebub Sahana, Leverhulme Early Career Fellow, Geographie, <em>Universit\u00e4t Manchester<\/em><\/p>\n<p>  wird von The Conversation unter einer Creative Commons-Lizenz erneut ver\u00f6ffentlicht. <\/p>\n","protected":false},"excerpt":{"rendered":"<p>Der Ganges, eine Lebensader f\u00fcr Hunderte Millionen Menschen in ganz S\u00fcdasien, trocknet mit einer Geschwindigkeit aus, die laut Wissenschaftlern in der aufgezeichneten Geschichte beispiellos ist.<\/p>\n","protected":false},"author":1,"featured_media":8316,"comment_status":"closed","ping_status":"","sticky":false,"template":"","format":"standard","meta":{"footnotes":""},"categories":[101],"tags":[935,2465,112,81,9,55,10651,10653,7298,10652,37,2195,4923],"class_list":["post-8315","post","type-post","status-publish","format-standard","has-post-thumbnail","hentry","category-oekologie","tag-als","tag-bedeutet","tag-das","tag-der","tag-die","tag-fuer","tag-ganges","tag-region","tag-schneller","tag-trocknet","tag-und","tag-welt","tag-zuvor","generate-columns","tablet-grid-50","mobile-grid-100","grid-parent","grid-50"],"yoast_head":"<!-- This site is optimized with the Yoast SEO plugin v27.3 - https:\/\/yoast.com\/product\/yoast-seo-wordpress\/ -->\n<title>Der Ganges trocknet schneller als je zuvor \u2013 das bedeutet das f\u00fcr die Region und die Welt - Nachrichten - Stra\u00dfenweb<\/title>\n<meta name=\"robots\" content=\"index, follow, max-snippet:-1, max-image-preview:large, max-video-preview:-1\" \/>\n<link rel=\"canonical\" href=\"https:\/\/www.strassenweb.de\/nachrichten\/der-ganges-trocknet-schneller-als-je-zuvor-das-bedeutet-das-fuer-die-region-und-die-welt\/\" \/>\n<meta property=\"og:locale\" content=\"de_DE\" \/>\n<meta property=\"og:type\" content=\"article\" \/>\n<meta property=\"og:title\" content=\"Der Ganges trocknet schneller als je zuvor \u2013 das bedeutet das f\u00fcr die Region und die Welt - Nachrichten - Stra\u00dfenweb\" \/>\n<meta property=\"og:description\" content=\"Der Ganges, eine Lebensader f\u00fcr Hunderte Millionen Menschen in ganz S\u00fcdasien, trocknet mit einer Geschwindigkeit aus, die laut Wissenschaftlern in der aufgezeichneten Geschichte beispiellos ist.\" \/>\n<meta property=\"og:url\" content=\"https:\/\/www.strassenweb.de\/nachrichten\/der-ganges-trocknet-schneller-als-je-zuvor-das-bedeutet-das-fuer-die-region-und-die-welt\/\" \/>\n<meta property=\"og:site_name\" content=\"Stra\u00dfenweb\" \/>\n<meta property=\"article:publisher\" content=\"https:\/\/www.facebook.com\/strassenweb\/\" \/>\n<meta property=\"article:published_time\" content=\"2025-10-08T18:39:17+00:00\" \/>\n<meta property=\"article:modified_time\" content=\"2025-10-08T18:39:18+00:00\" \/>\n<meta property=\"og:image\" content=\"https:\/\/www.strassenweb.de\/nachrichten\/wp-content\/uploads\/2025\/10\/Der-Ganges-trocknet-schneller-als-je-zuvor-\u2013-das-bedeutet.jpg\" \/>\n\t<meta property=\"og:image:width\" content=\"753\" \/>\n\t<meta property=\"og:image:height\" content=\"423\" \/>\n\t<meta property=\"og:image:type\" content=\"image\/jpeg\" \/>\n<meta name=\"author\" content=\"Robert Hoffmann\" \/>\n<meta name=\"twitter:card\" content=\"summary_large_image\" \/>\n<meta name=\"twitter:label1\" content=\"Verfasst von\" \/>\n\t<meta name=\"twitter:data1\" content=\"Robert Hoffmann\" \/>\n\t<meta name=\"twitter:label2\" content=\"Gesch\u00e4tzte Lesezeit\" \/>\n\t<meta name=\"twitter:data2\" content=\"5\u00a0Minuten\" \/>\n<script type=\"application\/ld+json\" class=\"yoast-schema-graph\">{\"@context\":\"https:\\\/\\\/schema.org\",\"@graph\":[{\"@type\":\"Article\",\"@id\":\"https:\\\/\\\/www.strassenweb.de\\\/nachrichten\\\/der-ganges-trocknet-schneller-als-je-zuvor-das-bedeutet-das-fuer-die-region-und-die-welt\\\/#article\",\"isPartOf\":{\"@id\":\"https:\\\/\\\/www.strassenweb.de\\\/nachrichten\\\/der-ganges-trocknet-schneller-als-je-zuvor-das-bedeutet-das-fuer-die-region-und-die-welt\\\/\"},\"author\":{\"name\":\"Robert Hoffmann\",\"@id\":\"https:\\\/\\\/www.strassenweb.de\\\/nachrichten\\\/#\\\/schema\\\/person\\\/87c9c9067f1211da429a744dc5a5aa41\"},\"headline\":\"Der Ganges trocknet schneller als je zuvor \u2013 das bedeutet das f\u00fcr die Region und die Welt\",\"datePublished\":\"2025-10-08T18:39:17+00:00\",\"dateModified\":\"2025-10-08T18:39:18+00:00\",\"mainEntityOfPage\":{\"@id\":\"https:\\\/\\\/www.strassenweb.de\\\/nachrichten\\\/der-ganges-trocknet-schneller-als-je-zuvor-das-bedeutet-das-fuer-die-region-und-die-welt\\\/\"},\"wordCount\":950,\"publisher\":{\"@id\":\"https:\\\/\\\/www.strassenweb.de\\\/nachrichten\\\/#organization\"},\"image\":{\"@id\":\"https:\\\/\\\/www.strassenweb.de\\\/nachrichten\\\/der-ganges-trocknet-schneller-als-je-zuvor-das-bedeutet-das-fuer-die-region-und-die-welt\\\/#primaryimage\"},\"thumbnailUrl\":\"https:\\\/\\\/www.strassenweb.de\\\/nachrichten\\\/wp-content\\\/uploads\\\/2025\\\/10\\\/Der-Ganges-trocknet-schneller-als-je-zuvor-\u2013-das-bedeutet.jpg\",\"keywords\":[\"als\",\"bedeutet\",\"das\",\"der\",\"die\",\"f\u00fcr\",\"Ganges\",\"Region\",\"schneller\",\"trocknet\",\"und\",\"Welt\",\"zuvor\"],\"articleSection\":[\"\u00d6kologie\"],\"inLanguage\":\"de\"},{\"@type\":\"WebPage\",\"@id\":\"https:\\\/\\\/www.strassenweb.de\\\/nachrichten\\\/der-ganges-trocknet-schneller-als-je-zuvor-das-bedeutet-das-fuer-die-region-und-die-welt\\\/\",\"url\":\"https:\\\/\\\/www.strassenweb.de\\\/nachrichten\\\/der-ganges-trocknet-schneller-als-je-zuvor-das-bedeutet-das-fuer-die-region-und-die-welt\\\/\",\"name\":\"Der Ganges trocknet schneller als je zuvor \u2013 das bedeutet das f\u00fcr die Region und die Welt - Nachrichten - Stra\u00dfenweb\",\"isPartOf\":{\"@id\":\"https:\\\/\\\/www.strassenweb.de\\\/nachrichten\\\/#website\"},\"primaryImageOfPage\":{\"@id\":\"https:\\\/\\\/www.strassenweb.de\\\/nachrichten\\\/der-ganges-trocknet-schneller-als-je-zuvor-das-bedeutet-das-fuer-die-region-und-die-welt\\\/#primaryimage\"},\"image\":{\"@id\":\"https:\\\/\\\/www.strassenweb.de\\\/nachrichten\\\/der-ganges-trocknet-schneller-als-je-zuvor-das-bedeutet-das-fuer-die-region-und-die-welt\\\/#primaryimage\"},\"thumbnailUrl\":\"https:\\\/\\\/www.strassenweb.de\\\/nachrichten\\\/wp-content\\\/uploads\\\/2025\\\/10\\\/Der-Ganges-trocknet-schneller-als-je-zuvor-\u2013-das-bedeutet.jpg\",\"datePublished\":\"2025-10-08T18:39:17+00:00\",\"dateModified\":\"2025-10-08T18:39:18+00:00\",\"breadcrumb\":{\"@id\":\"https:\\\/\\\/www.strassenweb.de\\\/nachrichten\\\/der-ganges-trocknet-schneller-als-je-zuvor-das-bedeutet-das-fuer-die-region-und-die-welt\\\/#breadcrumb\"},\"inLanguage\":\"de\",\"potentialAction\":[{\"@type\":\"ReadAction\",\"target\":[\"https:\\\/\\\/www.strassenweb.de\\\/nachrichten\\\/der-ganges-trocknet-schneller-als-je-zuvor-das-bedeutet-das-fuer-die-region-und-die-welt\\\/\"]}]},{\"@type\":\"ImageObject\",\"inLanguage\":\"de\",\"@id\":\"https:\\\/\\\/www.strassenweb.de\\\/nachrichten\\\/der-ganges-trocknet-schneller-als-je-zuvor-das-bedeutet-das-fuer-die-region-und-die-welt\\\/#primaryimage\",\"url\":\"https:\\\/\\\/www.strassenweb.de\\\/nachrichten\\\/wp-content\\\/uploads\\\/2025\\\/10\\\/Der-Ganges-trocknet-schneller-als-je-zuvor-\u2013-das-bedeutet.jpg\",\"contentUrl\":\"https:\\\/\\\/www.strassenweb.de\\\/nachrichten\\\/wp-content\\\/uploads\\\/2025\\\/10\\\/Der-Ganges-trocknet-schneller-als-je-zuvor-\u2013-das-bedeutet.jpg\",\"width\":753,\"height\":423,\"caption\":\"The Ganges River is drying faster than ever \u2013 here\u2019s what it means for the region and the\u00a0world\"},{\"@type\":\"BreadcrumbList\",\"@id\":\"https:\\\/\\\/www.strassenweb.de\\\/nachrichten\\\/der-ganges-trocknet-schneller-als-je-zuvor-das-bedeutet-das-fuer-die-region-und-die-welt\\\/#breadcrumb\",\"itemListElement\":[{\"@type\":\"ListItem\",\"position\":1,\"name\":\"Home\",\"item\":\"https:\\\/\\\/www.strassenweb.de\\\/nachrichten\\\/\"},{\"@type\":\"ListItem\",\"position\":2,\"name\":\"Der Ganges trocknet schneller als je zuvor \u2013 das bedeutet das f\u00fcr die Region und die Welt\"}]},{\"@type\":\"WebSite\",\"@id\":\"https:\\\/\\\/www.strassenweb.de\\\/nachrichten\\\/#website\",\"url\":\"https:\\\/\\\/www.strassenweb.de\\\/nachrichten\\\/\",\"name\":\"Stra\u00dfenweb\",\"description\":\"Stra\u00dfenverzeichnis f\u00fcr Deutschland\",\"publisher\":{\"@id\":\"https:\\\/\\\/www.strassenweb.de\\\/nachrichten\\\/#organization\"},\"potentialAction\":[{\"@type\":\"SearchAction\",\"target\":{\"@type\":\"EntryPoint\",\"urlTemplate\":\"https:\\\/\\\/www.strassenweb.de\\\/nachrichten\\\/?s={search_term_string}\"},\"query-input\":{\"@type\":\"PropertyValueSpecification\",\"valueRequired\":true,\"valueName\":\"search_term_string\"}}],\"inLanguage\":\"de\"},{\"@type\":\"Organization\",\"@id\":\"https:\\\/\\\/www.strassenweb.de\\\/nachrichten\\\/#organization\",\"name\":\"Stra\u00dfenweb\",\"url\":\"https:\\\/\\\/www.strassenweb.de\\\/nachrichten\\\/\",\"logo\":{\"@type\":\"ImageObject\",\"inLanguage\":\"de\",\"@id\":\"https:\\\/\\\/www.strassenweb.de\\\/nachrichten\\\/#\\\/schema\\\/logo\\\/image\\\/\",\"url\":\"https:\\\/\\\/www.strassenweb.de\\\/nachrichten\\\/wp-content\\\/uploads\\\/2024\\\/09\\\/cropped-favicon.png\",\"contentUrl\":\"https:\\\/\\\/www.strassenweb.de\\\/nachrichten\\\/wp-content\\\/uploads\\\/2024\\\/09\\\/cropped-favicon.png\",\"width\":512,\"height\":512,\"caption\":\"Stra\u00dfenweb\"},\"image\":{\"@id\":\"https:\\\/\\\/www.strassenweb.de\\\/nachrichten\\\/#\\\/schema\\\/logo\\\/image\\\/\"},\"sameAs\":[\"https:\\\/\\\/www.facebook.com\\\/strassenweb\\\/\"]},{\"@type\":\"Person\",\"@id\":\"https:\\\/\\\/www.strassenweb.de\\\/nachrichten\\\/#\\\/schema\\\/person\\\/87c9c9067f1211da429a744dc5a5aa41\",\"name\":\"Robert Hoffmann\",\"image\":{\"@type\":\"ImageObject\",\"inLanguage\":\"de\",\"@id\":\"https:\\\/\\\/www.strassenweb.de\\\/nachrichten\\\/wp-content\\\/uploads\\\/2024\\\/09\\\/strassenweb-150x150.jpg\",\"url\":\"https:\\\/\\\/www.strassenweb.de\\\/nachrichten\\\/wp-content\\\/uploads\\\/2024\\\/09\\\/strassenweb-150x150.jpg\",\"contentUrl\":\"https:\\\/\\\/www.strassenweb.de\\\/nachrichten\\\/wp-content\\\/uploads\\\/2024\\\/09\\\/strassenweb-150x150.jpg\",\"caption\":\"Robert Hoffmann\"},\"description\":\"Ich hei\u00dfe Robert Hoffmann und ich bin ein leidenschaftlicher Verfechter von \u00d6kologie und Biodiversit\u00e4t. Seit meiner Kindheit in den W\u00e4ldern Bayerns f\u00fchle ich mich mit der Natur verbunden und bin entschlossen, sie zu sch\u00fctzen. Heute widme ich mein Leben der Sensibilisierung anderer f\u00fcr die Bedeutung des Umweltschutzes f\u00fcr zuk\u00fcnftige Generationen.\",\"sameAs\":[\"https:\\\/\\\/www.strassenweb.de\\\/\"]}]}<\/script>\n<!-- \/ Yoast SEO plugin. -->","yoast_head_json":{"title":"Der Ganges trocknet schneller als je zuvor \u2013 das bedeutet das f\u00fcr die Region und die Welt - Nachrichten - Stra\u00dfenweb","robots":{"index":"index","follow":"follow","max-snippet":"max-snippet:-1","max-image-preview":"max-image-preview:large","max-video-preview":"max-video-preview:-1"},"canonical":"https:\/\/www.strassenweb.de\/nachrichten\/der-ganges-trocknet-schneller-als-je-zuvor-das-bedeutet-das-fuer-die-region-und-die-welt\/","og_locale":"de_DE","og_type":"article","og_title":"Der Ganges trocknet schneller als je zuvor \u2013 das bedeutet das f\u00fcr die Region und die Welt - Nachrichten - Stra\u00dfenweb","og_description":"Der Ganges, eine Lebensader f\u00fcr Hunderte Millionen Menschen in ganz S\u00fcdasien, trocknet mit einer Geschwindigkeit aus, die laut Wissenschaftlern in der aufgezeichneten Geschichte beispiellos ist.","og_url":"https:\/\/www.strassenweb.de\/nachrichten\/der-ganges-trocknet-schneller-als-je-zuvor-das-bedeutet-das-fuer-die-region-und-die-welt\/","og_site_name":"Stra\u00dfenweb","article_publisher":"https:\/\/www.facebook.com\/strassenweb\/","article_published_time":"2025-10-08T18:39:17+00:00","article_modified_time":"2025-10-08T18:39:18+00:00","og_image":[{"width":753,"height":423,"url":"https:\/\/www.strassenweb.de\/nachrichten\/wp-content\/uploads\/2025\/10\/Der-Ganges-trocknet-schneller-als-je-zuvor-\u2013-das-bedeutet.jpg","type":"image\/jpeg"}],"author":"Robert Hoffmann","twitter_card":"summary_large_image","twitter_misc":{"Verfasst von":"Robert Hoffmann","Gesch\u00e4tzte Lesezeit":"5\u00a0Minuten"},"schema":{"@context":"https:\/\/schema.org","@graph":[{"@type":"Article","@id":"https:\/\/www.strassenweb.de\/nachrichten\/der-ganges-trocknet-schneller-als-je-zuvor-das-bedeutet-das-fuer-die-region-und-die-welt\/#article","isPartOf":{"@id":"https:\/\/www.strassenweb.de\/nachrichten\/der-ganges-trocknet-schneller-als-je-zuvor-das-bedeutet-das-fuer-die-region-und-die-welt\/"},"author":{"name":"Robert Hoffmann","@id":"https:\/\/www.strassenweb.de\/nachrichten\/#\/schema\/person\/87c9c9067f1211da429a744dc5a5aa41"},"headline":"Der Ganges trocknet schneller als je zuvor \u2013 das bedeutet das f\u00fcr die Region und die Welt","datePublished":"2025-10-08T18:39:17+00:00","dateModified":"2025-10-08T18:39:18+00:00","mainEntityOfPage":{"@id":"https:\/\/www.strassenweb.de\/nachrichten\/der-ganges-trocknet-schneller-als-je-zuvor-das-bedeutet-das-fuer-die-region-und-die-welt\/"},"wordCount":950,"publisher":{"@id":"https:\/\/www.strassenweb.de\/nachrichten\/#organization"},"image":{"@id":"https:\/\/www.strassenweb.de\/nachrichten\/der-ganges-trocknet-schneller-als-je-zuvor-das-bedeutet-das-fuer-die-region-und-die-welt\/#primaryimage"},"thumbnailUrl":"https:\/\/www.strassenweb.de\/nachrichten\/wp-content\/uploads\/2025\/10\/Der-Ganges-trocknet-schneller-als-je-zuvor-\u2013-das-bedeutet.jpg","keywords":["als","bedeutet","das","der","die","f\u00fcr","Ganges","Region","schneller","trocknet","und","Welt","zuvor"],"articleSection":["\u00d6kologie"],"inLanguage":"de"},{"@type":"WebPage","@id":"https:\/\/www.strassenweb.de\/nachrichten\/der-ganges-trocknet-schneller-als-je-zuvor-das-bedeutet-das-fuer-die-region-und-die-welt\/","url":"https:\/\/www.strassenweb.de\/nachrichten\/der-ganges-trocknet-schneller-als-je-zuvor-das-bedeutet-das-fuer-die-region-und-die-welt\/","name":"Der Ganges trocknet schneller als je zuvor \u2013 das bedeutet das f\u00fcr die Region und die Welt - Nachrichten - Stra\u00dfenweb","isPartOf":{"@id":"https:\/\/www.strassenweb.de\/nachrichten\/#website"},"primaryImageOfPage":{"@id":"https:\/\/www.strassenweb.de\/nachrichten\/der-ganges-trocknet-schneller-als-je-zuvor-das-bedeutet-das-fuer-die-region-und-die-welt\/#primaryimage"},"image":{"@id":"https:\/\/www.strassenweb.de\/nachrichten\/der-ganges-trocknet-schneller-als-je-zuvor-das-bedeutet-das-fuer-die-region-und-die-welt\/#primaryimage"},"thumbnailUrl":"https:\/\/www.strassenweb.de\/nachrichten\/wp-content\/uploads\/2025\/10\/Der-Ganges-trocknet-schneller-als-je-zuvor-\u2013-das-bedeutet.jpg","datePublished":"2025-10-08T18:39:17+00:00","dateModified":"2025-10-08T18:39:18+00:00","breadcrumb":{"@id":"https:\/\/www.strassenweb.de\/nachrichten\/der-ganges-trocknet-schneller-als-je-zuvor-das-bedeutet-das-fuer-die-region-und-die-welt\/#breadcrumb"},"inLanguage":"de","potentialAction":[{"@type":"ReadAction","target":["https:\/\/www.strassenweb.de\/nachrichten\/der-ganges-trocknet-schneller-als-je-zuvor-das-bedeutet-das-fuer-die-region-und-die-welt\/"]}]},{"@type":"ImageObject","inLanguage":"de","@id":"https:\/\/www.strassenweb.de\/nachrichten\/der-ganges-trocknet-schneller-als-je-zuvor-das-bedeutet-das-fuer-die-region-und-die-welt\/#primaryimage","url":"https:\/\/www.strassenweb.de\/nachrichten\/wp-content\/uploads\/2025\/10\/Der-Ganges-trocknet-schneller-als-je-zuvor-\u2013-das-bedeutet.jpg","contentUrl":"https:\/\/www.strassenweb.de\/nachrichten\/wp-content\/uploads\/2025\/10\/Der-Ganges-trocknet-schneller-als-je-zuvor-\u2013-das-bedeutet.jpg","width":753,"height":423,"caption":"The Ganges River is drying faster than ever \u2013 here\u2019s what it means for the region and the\u00a0world"},{"@type":"BreadcrumbList","@id":"https:\/\/www.strassenweb.de\/nachrichten\/der-ganges-trocknet-schneller-als-je-zuvor-das-bedeutet-das-fuer-die-region-und-die-welt\/#breadcrumb","itemListElement":[{"@type":"ListItem","position":1,"name":"Home","item":"https:\/\/www.strassenweb.de\/nachrichten\/"},{"@type":"ListItem","position":2,"name":"Der Ganges trocknet schneller als je zuvor \u2013 das bedeutet das f\u00fcr die Region und die Welt"}]},{"@type":"WebSite","@id":"https:\/\/www.strassenweb.de\/nachrichten\/#website","url":"https:\/\/www.strassenweb.de\/nachrichten\/","name":"Stra\u00dfenweb","description":"Stra\u00dfenverzeichnis f\u00fcr Deutschland","publisher":{"@id":"https:\/\/www.strassenweb.de\/nachrichten\/#organization"},"potentialAction":[{"@type":"SearchAction","target":{"@type":"EntryPoint","urlTemplate":"https:\/\/www.strassenweb.de\/nachrichten\/?s={search_term_string}"},"query-input":{"@type":"PropertyValueSpecification","valueRequired":true,"valueName":"search_term_string"}}],"inLanguage":"de"},{"@type":"Organization","@id":"https:\/\/www.strassenweb.de\/nachrichten\/#organization","name":"Stra\u00dfenweb","url":"https:\/\/www.strassenweb.de\/nachrichten\/","logo":{"@type":"ImageObject","inLanguage":"de","@id":"https:\/\/www.strassenweb.de\/nachrichten\/#\/schema\/logo\/image\/","url":"https:\/\/www.strassenweb.de\/nachrichten\/wp-content\/uploads\/2024\/09\/cropped-favicon.png","contentUrl":"https:\/\/www.strassenweb.de\/nachrichten\/wp-content\/uploads\/2024\/09\/cropped-favicon.png","width":512,"height":512,"caption":"Stra\u00dfenweb"},"image":{"@id":"https:\/\/www.strassenweb.de\/nachrichten\/#\/schema\/logo\/image\/"},"sameAs":["https:\/\/www.facebook.com\/strassenweb\/"]},{"@type":"Person","@id":"https:\/\/www.strassenweb.de\/nachrichten\/#\/schema\/person\/87c9c9067f1211da429a744dc5a5aa41","name":"Robert Hoffmann","image":{"@type":"ImageObject","inLanguage":"de","@id":"https:\/\/www.strassenweb.de\/nachrichten\/wp-content\/uploads\/2024\/09\/strassenweb-150x150.jpg","url":"https:\/\/www.strassenweb.de\/nachrichten\/wp-content\/uploads\/2024\/09\/strassenweb-150x150.jpg","contentUrl":"https:\/\/www.strassenweb.de\/nachrichten\/wp-content\/uploads\/2024\/09\/strassenweb-150x150.jpg","caption":"Robert Hoffmann"},"description":"Ich hei\u00dfe Robert Hoffmann und ich bin ein leidenschaftlicher Verfechter von \u00d6kologie und Biodiversit\u00e4t. Seit meiner Kindheit in den W\u00e4ldern Bayerns f\u00fchle ich mich mit der Natur verbunden und bin entschlossen, sie zu sch\u00fctzen. Heute widme ich mein Leben der Sensibilisierung anderer f\u00fcr die Bedeutung des Umweltschutzes f\u00fcr zuk\u00fcnftige Generationen.","sameAs":["https:\/\/www.strassenweb.de\/"]}]}},"_links":{"self":[{"href":"https:\/\/www.strassenweb.de\/nachrichten\/wp-json\/wp\/v2\/posts\/8315","targetHints":{"allow":["GET"]}}],"collection":[{"href":"https:\/\/www.strassenweb.de\/nachrichten\/wp-json\/wp\/v2\/posts"}],"about":[{"href":"https:\/\/www.strassenweb.de\/nachrichten\/wp-json\/wp\/v2\/types\/post"}],"author":[{"embeddable":true,"href":"https:\/\/www.strassenweb.de\/nachrichten\/wp-json\/wp\/v2\/users\/1"}],"replies":[{"embeddable":true,"href":"https:\/\/www.strassenweb.de\/nachrichten\/wp-json\/wp\/v2\/comments?post=8315"}],"version-history":[{"count":0,"href":"https:\/\/www.strassenweb.de\/nachrichten\/wp-json\/wp\/v2\/posts\/8315\/revisions"}],"wp:featuredmedia":[{"embeddable":true,"href":"https:\/\/www.strassenweb.de\/nachrichten\/wp-json\/wp\/v2\/media\/8316"}],"wp:attachment":[{"href":"https:\/\/www.strassenweb.de\/nachrichten\/wp-json\/wp\/v2\/media?parent=8315"}],"wp:term":[{"taxonomy":"category","embeddable":true,"href":"https:\/\/www.strassenweb.de\/nachrichten\/wp-json\/wp\/v2\/categories?post=8315"},{"taxonomy":"post_tag","embeddable":true,"href":"https:\/\/www.strassenweb.de\/nachrichten\/wp-json\/wp\/v2\/tags?post=8315"}],"curies":[{"name":"wp","href":"https:\/\/api.w.org\/{rel}","templated":true}]}}