{"id":8312,"date":"2025-10-08T19:39:31","date_gmt":"2025-10-08T17:39:31","guid":{"rendered":"https:\/\/www.strassenweb.de\/nachrichten\/ich-hatte-keine-ahnung-dass-amazon-ein-solches-schickes-weihnachtsdekor-versteckt-hat-hier-sind-9-artikel-die-ich-fuer-die-ferienzeit-kaufe-und-sie-sollten-auch\/"},"modified":"2025-10-08T19:39:32","modified_gmt":"2025-10-08T17:39:32","slug":"ich-hatte-keine-ahnung-dass-amazon-ein-solches-schickes-weihnachtsdekor-versteckt-hat-hier-sind-9-artikel-die-ich-fuer-die-ferienzeit-kaufe-und-sie-sollten-auch","status":"publish","type":"post","link":"https:\/\/www.strassenweb.de\/nachrichten\/ich-hatte-keine-ahnung-dass-amazon-ein-solches-schickes-weihnachtsdekor-versteckt-hat-hier-sind-9-artikel-die-ich-fuer-die-ferienzeit-kaufe-und-sie-sollten-auch\/","title":{"rendered":"Ich hatte keine Ahnung, dass Amazon ein solches schickes Weihnachtsdekor versteckt hat &#8211; hier sind 9 Artikel, die ich f\u00fcr die Ferienzeit kaufe (und Sie sollten auch)"},"content":{"rendered":"<p><\/p>\n<div id=\"article-body\" class=\"article__body \">\n<p id=\"77a5df62-a7dd-42e6-8862-9ef14541dc9a\">Als Weihnachtsbegeisterte dachte ich, ich wusste die besten Orte, um Feiertagsdekoration zu kaufen. Aber Amazon hat mich v\u00f6llig \u00fcberrascht und ein paar schicke Weihnachtsdekoration auf den Seiten versteckt.<\/p>\n<p>Trotz meiner h\u00e4ufigen Eink\u00e4ufe bei Amazon habe ich noch nie daran gedacht, Weihnachtsdekoration von der Website zu kaufen. Sicher, ich habe Stringlichter f\u00fcr meinen Weihnachtsbaum bei Amazon gekauft, aber f\u00fcr die meisten meiner Weihnachtsdekorationsideen kaufe ich in der Regel ausschlie\u00dflich bei den Feiertagskollektionen meiner Lieblings -Homeware -Marken ein. Nachdem ich jedoch \u00fcber diese stilvollen Samtornamente von Amazon gestolpert war, musste ich mich \u00fcberlegen &#8211; welche andere stilvolle Weihnachtsdekoration versteckt sich auf der Website?<\/p>\n<div id=\"ad-unit-1\" class=\"ad-unit\"><\/div>\n<p>Ich nahm es auf mich selbst, die Seiten auf Seiten der Weihnachtsdekoration zu sortieren, die bei Amazon geliefert wurden. Und sei es bekannt, ich konnte jede Menge \u00fcberraschend schicke Produkte finden, die selbst die traditionellsten Weihnachtsdekor -Kollektionen mit einem schicken und festlichen Flair verbessern k\u00f6nnen.<\/p>\n<h2 id=\"shop-stylish-christmas-decor-from-amazon-3\">Kaufen Sie stilvolles Weihnachtsdekor von Amazon ein<\/h2>\n<aside data-block-type=\"embed\" data-render-type=\"fte\" data-skip=\"dealsy\" data-widget-type=\"seasonal\" class=\"hawk-root\"><\/aside>\n<p id=\"b0da8846-b879-4063-b760-787baf5ffe4c-0\">Von diesen stilvollen Samtornamenten bis hin zu zart stricken Str\u00fcmpfen und sogar Faux -Girlanden, die genauso gut aussieht wie die reale Sache, ist diese Weihnachtsdekoration von Amazon genau das, was Sie ben\u00f6tigen, um Ihre vorhandene Sammlung von Weihnachtsdekoration zu aktualisieren. Und noch besser ist, dass einige dieser Feiertagsfunde f\u00fcr den Prime Day Sale von Amazon reduziert werden.<\/p>\n<div class=\"van_vid_carousel\">\n<div class=\"van_vid_carousel__padding\">\n<div class=\"van_vid_carousel__container\"><\/div>\n<\/div>\n<\/div>\n<p>Warten Sie also nicht, um Weihnachtsdekoration einzukaufen, und schlafen Sie nicht auf der Chicness, die sich auf den Seiten der Amazon -Website versteckt. Finden Sie genau das, was Sie f\u00fcr die bevorstehende Ferienzeit ben\u00f6tigen.<\/p>\n<div id=\"ad-unit-2\" class=\"ad-unit\"><\/div>\n<div class=\"product-container hero-product-container product-block-no-wrap\">\n<div class=\"product-block-row\"><\/div>\n<div class=\"product-block-row\"><\/div>\n<div class=\"product-block-row\"><\/div>\n<div class=\"product-block-row\"><\/div>\n<div class=\"product-block-row\"><\/div>\n<div class=\"product-block-row\"><\/div>\n<div class=\"product-block-row\"><\/div>\n<div class=\"product-block-row\"><\/div>\n<div class=\"product-block-row\"><\/div>\n<\/div>\n<p id=\"799833ce-5967-4a98-b878-416f93f8a2ec\">Jetzt wissen Sie: Amazon hat <em>viel <\/em>Von schickem und stilvollem Weihnachtsdekor, das sich vor Ort versteckt, die Ihnen helfen k\u00f6nnen, Ihre zeitlose Weihnachtsdekoration in dieser Ferienzeit zu Hause zu vervollst\u00e4ndigen.<\/p>\n<div id=\"slice-container-newsletterForm-articleInbodyContent-aAE2NoqHVq6rKGstAxU2sn\" class=\"slice-container newsletter-inbodyContent-slice newsletterForm-articleInbodyContent-aAE2NoqHVq6rKGstAxU2sn slice-container-newsletterForm\"><\/div>\n<div class=\"block\" id=\"articleTag\" data-component-name=\"PostArticleLinks\">\n<div class=\"border-b border-b-black border-solid py-2.5 text-black font-bold uppercase\">Themen<\/div>\n<nav class=\"py-2.5 flex gap-2.5 flex-wrap\" data-analytics-id=\"article-tag\">\n<p>Amazon Amazon Prime Day<\/p>\n<\/nav>\n<\/div>\n<\/div>\n","protected":false},"excerpt":{"rendered":"<p>Als Weihnachtsbegeisterte dachte ich, ich wusste die besten Orte, um Feiertagsdekoration zu kaufen. Aber Amazon hat mich v\u00f6llig \u00fcberrascht und ein paar schicke Weihnachtsdekoration auf<\/p>\n","protected":false},"author":1,"featured_media":8313,"comment_status":"closed","ping_status":"","sticky":false,"template":"","format":"standard","meta":{"footnotes":""},"categories":[118],"tags":[1772,921,3287,436,51,9,43,6453,55,189,1533,163,129,3294,1771,7103,165,58,10649,560,37,5230,10650],"class_list":["post-8312","post","type-post","status-publish","format-standard","has-post-thumbnail","hentry","category-haus-garten","tag-ahnung","tag-amazon","tag-artikel","tag-auch","tag-dass","tag-die","tag-ein","tag-ferienzeit","tag-fuer","tag-hat","tag-haette","tag-hier","tag-ich","tag-kaufe","tag-keine","tag-schickes","tag-sie","tag-sind","tag-solches","tag-sollten","tag-und","tag-versteckt","tag-weihnachtsdekor","generate-columns","tablet-grid-50","mobile-grid-100","grid-parent","grid-50"],"yoast_head":"<!-- This site is optimized with the Yoast SEO plugin v27.3 - https:\/\/yoast.com\/product\/yoast-seo-wordpress\/ -->\n<title>Ich hatte keine Ahnung, dass Amazon ein solches schickes Weihnachtsdekor versteckt hat - hier sind 9 Artikel, die ich f\u00fcr die Ferienzeit kaufe (und Sie sollten auch) - Nachrichten - Stra\u00dfenweb<\/title>\n<meta name=\"robots\" content=\"index, follow, max-snippet:-1, max-image-preview:large, max-video-preview:-1\" \/>\n<link rel=\"canonical\" href=\"https:\/\/www.strassenweb.de\/nachrichten\/ich-hatte-keine-ahnung-dass-amazon-ein-solches-schickes-weihnachtsdekor-versteckt-hat-hier-sind-9-artikel-die-ich-fuer-die-ferienzeit-kaufe-und-sie-sollten-auch\/\" \/>\n<meta property=\"og:locale\" content=\"de_DE\" \/>\n<meta property=\"og:type\" content=\"article\" \/>\n<meta property=\"og:title\" content=\"Ich hatte keine Ahnung, dass Amazon ein solches schickes Weihnachtsdekor versteckt hat - hier sind 9 Artikel, die ich f\u00fcr die Ferienzeit kaufe (und Sie sollten auch) - Nachrichten - Stra\u00dfenweb\" \/>\n<meta property=\"og:description\" content=\"Als Weihnachtsbegeisterte dachte ich, ich wusste die besten Orte, um Feiertagsdekoration zu kaufen. Aber Amazon hat mich v\u00f6llig \u00fcberrascht und ein paar schicke Weihnachtsdekoration auf\" \/>\n<meta property=\"og:url\" content=\"https:\/\/www.strassenweb.de\/nachrichten\/ich-hatte-keine-ahnung-dass-amazon-ein-solches-schickes-weihnachtsdekor-versteckt-hat-hier-sind-9-artikel-die-ich-fuer-die-ferienzeit-kaufe-und-sie-sollten-auch\/\" \/>\n<meta property=\"og:site_name\" content=\"Stra\u00dfenweb\" \/>\n<meta property=\"article:publisher\" content=\"https:\/\/www.facebook.com\/strassenweb\/\" \/>\n<meta property=\"article:published_time\" content=\"2025-10-08T17:39:31+00:00\" \/>\n<meta property=\"article:modified_time\" content=\"2025-10-08T17:39:32+00:00\" \/>\n<meta property=\"og:image\" content=\"https:\/\/www.strassenweb.de\/nachrichten\/wp-content\/uploads\/2025\/10\/Ich-hatte-keine-Ahnung-dass-Amazon-ein-solches-schickes-Weihnachtsdekor.png\" \/>\n\t<meta property=\"og:image:width\" content=\"1600\" \/>\n\t<meta property=\"og:image:height\" content=\"900\" \/>\n\t<meta property=\"og:image:type\" content=\"image\/png\" \/>\n<meta name=\"author\" content=\"Robert Hoffmann\" \/>\n<meta name=\"twitter:card\" content=\"summary_large_image\" \/>\n<meta name=\"twitter:label1\" content=\"Verfasst von\" \/>\n\t<meta name=\"twitter:data1\" content=\"Robert Hoffmann\" \/>\n\t<meta name=\"twitter:label2\" content=\"Gesch\u00e4tzte Lesezeit\" \/>\n\t<meta name=\"twitter:data2\" content=\"1\u00a0Minute\" \/>\n<script type=\"application\/ld+json\" class=\"yoast-schema-graph\">{\"@context\":\"https:\\\/\\\/schema.org\",\"@graph\":[{\"@type\":\"Article\",\"@id\":\"https:\\\/\\\/www.strassenweb.de\\\/nachrichten\\\/ich-hatte-keine-ahnung-dass-amazon-ein-solches-schickes-weihnachtsdekor-versteckt-hat-hier-sind-9-artikel-die-ich-fuer-die-ferienzeit-kaufe-und-sie-sollten-auch\\\/#article\",\"isPartOf\":{\"@id\":\"https:\\\/\\\/www.strassenweb.de\\\/nachrichten\\\/ich-hatte-keine-ahnung-dass-amazon-ein-solches-schickes-weihnachtsdekor-versteckt-hat-hier-sind-9-artikel-die-ich-fuer-die-ferienzeit-kaufe-und-sie-sollten-auch\\\/\"},\"author\":{\"name\":\"Robert Hoffmann\",\"@id\":\"https:\\\/\\\/www.strassenweb.de\\\/nachrichten\\\/#\\\/schema\\\/person\\\/87c9c9067f1211da429a744dc5a5aa41\"},\"headline\":\"Ich hatte keine Ahnung, dass Amazon ein solches schickes Weihnachtsdekor versteckt hat &#8211; hier sind 9 Artikel, die ich f\u00fcr die Ferienzeit kaufe (und Sie sollten auch)\",\"datePublished\":\"2025-10-08T17:39:31+00:00\",\"dateModified\":\"2025-10-08T17:39:32+00:00\",\"mainEntityOfPage\":{\"@id\":\"https:\\\/\\\/www.strassenweb.de\\\/nachrichten\\\/ich-hatte-keine-ahnung-dass-amazon-ein-solches-schickes-weihnachtsdekor-versteckt-hat-hier-sind-9-artikel-die-ich-fuer-die-ferienzeit-kaufe-und-sie-sollten-auch\\\/\"},\"wordCount\":320,\"publisher\":{\"@id\":\"https:\\\/\\\/www.strassenweb.de\\\/nachrichten\\\/#organization\"},\"image\":{\"@id\":\"https:\\\/\\\/www.strassenweb.de\\\/nachrichten\\\/ich-hatte-keine-ahnung-dass-amazon-ein-solches-schickes-weihnachtsdekor-versteckt-hat-hier-sind-9-artikel-die-ich-fuer-die-ferienzeit-kaufe-und-sie-sollten-auch\\\/#primaryimage\"},\"thumbnailUrl\":\"https:\\\/\\\/www.strassenweb.de\\\/nachrichten\\\/wp-content\\\/uploads\\\/2025\\\/10\\\/Ich-hatte-keine-Ahnung-dass-Amazon-ein-solches-schickes-Weihnachtsdekor.png\",\"keywords\":[\"Ahnung\",\"Amazon\",\"Artikel\",\"Auch\",\"dass\",\"die\",\"ein\",\"Ferienzeit\",\"f\u00fcr\",\"hat\",\"h\u00e4tte\",\"hier\",\"ich\",\"kaufe\",\"keine\",\"schickes\",\"Sie\",\"sind\",\"solches\",\"sollten\",\"und\",\"versteckt\",\"Weihnachtsdekor\"],\"articleSection\":[\"Haus &amp; Garten\"],\"inLanguage\":\"de\"},{\"@type\":\"WebPage\",\"@id\":\"https:\\\/\\\/www.strassenweb.de\\\/nachrichten\\\/ich-hatte-keine-ahnung-dass-amazon-ein-solches-schickes-weihnachtsdekor-versteckt-hat-hier-sind-9-artikel-die-ich-fuer-die-ferienzeit-kaufe-und-sie-sollten-auch\\\/\",\"url\":\"https:\\\/\\\/www.strassenweb.de\\\/nachrichten\\\/ich-hatte-keine-ahnung-dass-amazon-ein-solches-schickes-weihnachtsdekor-versteckt-hat-hier-sind-9-artikel-die-ich-fuer-die-ferienzeit-kaufe-und-sie-sollten-auch\\\/\",\"name\":\"Ich hatte keine Ahnung, dass Amazon ein solches schickes Weihnachtsdekor versteckt hat - hier sind 9 Artikel, die ich f\u00fcr die Ferienzeit kaufe (und Sie sollten auch) - Nachrichten - Stra\u00dfenweb\",\"isPartOf\":{\"@id\":\"https:\\\/\\\/www.strassenweb.de\\\/nachrichten\\\/#website\"},\"primaryImageOfPage\":{\"@id\":\"https:\\\/\\\/www.strassenweb.de\\\/nachrichten\\\/ich-hatte-keine-ahnung-dass-amazon-ein-solches-schickes-weihnachtsdekor-versteckt-hat-hier-sind-9-artikel-die-ich-fuer-die-ferienzeit-kaufe-und-sie-sollten-auch\\\/#primaryimage\"},\"image\":{\"@id\":\"https:\\\/\\\/www.strassenweb.de\\\/nachrichten\\\/ich-hatte-keine-ahnung-dass-amazon-ein-solches-schickes-weihnachtsdekor-versteckt-hat-hier-sind-9-artikel-die-ich-fuer-die-ferienzeit-kaufe-und-sie-sollten-auch\\\/#primaryimage\"},\"thumbnailUrl\":\"https:\\\/\\\/www.strassenweb.de\\\/nachrichten\\\/wp-content\\\/uploads\\\/2025\\\/10\\\/Ich-hatte-keine-Ahnung-dass-Amazon-ein-solches-schickes-Weihnachtsdekor.png\",\"datePublished\":\"2025-10-08T17:39:31+00:00\",\"dateModified\":\"2025-10-08T17:39:32+00:00\",\"breadcrumb\":{\"@id\":\"https:\\\/\\\/www.strassenweb.de\\\/nachrichten\\\/ich-hatte-keine-ahnung-dass-amazon-ein-solches-schickes-weihnachtsdekor-versteckt-hat-hier-sind-9-artikel-die-ich-fuer-die-ferienzeit-kaufe-und-sie-sollten-auch\\\/#breadcrumb\"},\"inLanguage\":\"de\",\"potentialAction\":[{\"@type\":\"ReadAction\",\"target\":[\"https:\\\/\\\/www.strassenweb.de\\\/nachrichten\\\/ich-hatte-keine-ahnung-dass-amazon-ein-solches-schickes-weihnachtsdekor-versteckt-hat-hier-sind-9-artikel-die-ich-fuer-die-ferienzeit-kaufe-und-sie-sollten-auch\\\/\"]}]},{\"@type\":\"ImageObject\",\"inLanguage\":\"de\",\"@id\":\"https:\\\/\\\/www.strassenweb.de\\\/nachrichten\\\/ich-hatte-keine-ahnung-dass-amazon-ein-solches-schickes-weihnachtsdekor-versteckt-hat-hier-sind-9-artikel-die-ich-fuer-die-ferienzeit-kaufe-und-sie-sollten-auch\\\/#primaryimage\",\"url\":\"https:\\\/\\\/www.strassenweb.de\\\/nachrichten\\\/wp-content\\\/uploads\\\/2025\\\/10\\\/Ich-hatte-keine-Ahnung-dass-Amazon-ein-solches-schickes-Weihnachtsdekor.png\",\"contentUrl\":\"https:\\\/\\\/www.strassenweb.de\\\/nachrichten\\\/wp-content\\\/uploads\\\/2025\\\/10\\\/Ich-hatte-keine-Ahnung-dass-Amazon-ein-solches-schickes-Weihnachtsdekor.png\",\"width\":1600,\"height\":900,\"caption\":\"a collection of Christmas decor from Amazon\"},{\"@type\":\"BreadcrumbList\",\"@id\":\"https:\\\/\\\/www.strassenweb.de\\\/nachrichten\\\/ich-hatte-keine-ahnung-dass-amazon-ein-solches-schickes-weihnachtsdekor-versteckt-hat-hier-sind-9-artikel-die-ich-fuer-die-ferienzeit-kaufe-und-sie-sollten-auch\\\/#breadcrumb\",\"itemListElement\":[{\"@type\":\"ListItem\",\"position\":1,\"name\":\"Home\",\"item\":\"https:\\\/\\\/www.strassenweb.de\\\/nachrichten\\\/\"},{\"@type\":\"ListItem\",\"position\":2,\"name\":\"Ich hatte keine Ahnung, dass Amazon ein solches schickes Weihnachtsdekor versteckt hat &#8211; hier sind 9 Artikel, die ich f\u00fcr die Ferienzeit kaufe (und Sie sollten auch)\"}]},{\"@type\":\"WebSite\",\"@id\":\"https:\\\/\\\/www.strassenweb.de\\\/nachrichten\\\/#website\",\"url\":\"https:\\\/\\\/www.strassenweb.de\\\/nachrichten\\\/\",\"name\":\"Stra\u00dfenweb\",\"description\":\"Stra\u00dfenverzeichnis f\u00fcr Deutschland\",\"publisher\":{\"@id\":\"https:\\\/\\\/www.strassenweb.de\\\/nachrichten\\\/#organization\"},\"potentialAction\":[{\"@type\":\"SearchAction\",\"target\":{\"@type\":\"EntryPoint\",\"urlTemplate\":\"https:\\\/\\\/www.strassenweb.de\\\/nachrichten\\\/?s={search_term_string}\"},\"query-input\":{\"@type\":\"PropertyValueSpecification\",\"valueRequired\":true,\"valueName\":\"search_term_string\"}}],\"inLanguage\":\"de\"},{\"@type\":\"Organization\",\"@id\":\"https:\\\/\\\/www.strassenweb.de\\\/nachrichten\\\/#organization\",\"name\":\"Stra\u00dfenweb\",\"url\":\"https:\\\/\\\/www.strassenweb.de\\\/nachrichten\\\/\",\"logo\":{\"@type\":\"ImageObject\",\"inLanguage\":\"de\",\"@id\":\"https:\\\/\\\/www.strassenweb.de\\\/nachrichten\\\/#\\\/schema\\\/logo\\\/image\\\/\",\"url\":\"https:\\\/\\\/www.strassenweb.de\\\/nachrichten\\\/wp-content\\\/uploads\\\/2024\\\/09\\\/cropped-favicon.png\",\"contentUrl\":\"https:\\\/\\\/www.strassenweb.de\\\/nachrichten\\\/wp-content\\\/uploads\\\/2024\\\/09\\\/cropped-favicon.png\",\"width\":512,\"height\":512,\"caption\":\"Stra\u00dfenweb\"},\"image\":{\"@id\":\"https:\\\/\\\/www.strassenweb.de\\\/nachrichten\\\/#\\\/schema\\\/logo\\\/image\\\/\"},\"sameAs\":[\"https:\\\/\\\/www.facebook.com\\\/strassenweb\\\/\"]},{\"@type\":\"Person\",\"@id\":\"https:\\\/\\\/www.strassenweb.de\\\/nachrichten\\\/#\\\/schema\\\/person\\\/87c9c9067f1211da429a744dc5a5aa41\",\"name\":\"Robert Hoffmann\",\"image\":{\"@type\":\"ImageObject\",\"inLanguage\":\"de\",\"@id\":\"https:\\\/\\\/www.strassenweb.de\\\/nachrichten\\\/wp-content\\\/uploads\\\/2024\\\/09\\\/strassenweb-150x150.jpg\",\"url\":\"https:\\\/\\\/www.strassenweb.de\\\/nachrichten\\\/wp-content\\\/uploads\\\/2024\\\/09\\\/strassenweb-150x150.jpg\",\"contentUrl\":\"https:\\\/\\\/www.strassenweb.de\\\/nachrichten\\\/wp-content\\\/uploads\\\/2024\\\/09\\\/strassenweb-150x150.jpg\",\"caption\":\"Robert Hoffmann\"},\"description\":\"Ich hei\u00dfe Robert Hoffmann und ich bin ein leidenschaftlicher Verfechter von \u00d6kologie und Biodiversit\u00e4t. Seit meiner Kindheit in den W\u00e4ldern Bayerns f\u00fchle ich mich mit der Natur verbunden und bin entschlossen, sie zu sch\u00fctzen. Heute widme ich mein Leben der Sensibilisierung anderer f\u00fcr die Bedeutung des Umweltschutzes f\u00fcr zuk\u00fcnftige Generationen.\",\"sameAs\":[\"https:\\\/\\\/www.strassenweb.de\\\/\"]}]}<\/script>\n<!-- \/ Yoast SEO plugin. -->","yoast_head_json":{"title":"Ich hatte keine Ahnung, dass Amazon ein solches schickes Weihnachtsdekor versteckt hat - hier sind 9 Artikel, die ich f\u00fcr die Ferienzeit kaufe (und Sie sollten auch) - Nachrichten - Stra\u00dfenweb","robots":{"index":"index","follow":"follow","max-snippet":"max-snippet:-1","max-image-preview":"max-image-preview:large","max-video-preview":"max-video-preview:-1"},"canonical":"https:\/\/www.strassenweb.de\/nachrichten\/ich-hatte-keine-ahnung-dass-amazon-ein-solches-schickes-weihnachtsdekor-versteckt-hat-hier-sind-9-artikel-die-ich-fuer-die-ferienzeit-kaufe-und-sie-sollten-auch\/","og_locale":"de_DE","og_type":"article","og_title":"Ich hatte keine Ahnung, dass Amazon ein solches schickes Weihnachtsdekor versteckt hat - hier sind 9 Artikel, die ich f\u00fcr die Ferienzeit kaufe (und Sie sollten auch) - Nachrichten - Stra\u00dfenweb","og_description":"Als Weihnachtsbegeisterte dachte ich, ich wusste die besten Orte, um Feiertagsdekoration zu kaufen. Aber Amazon hat mich v\u00f6llig \u00fcberrascht und ein paar schicke Weihnachtsdekoration auf","og_url":"https:\/\/www.strassenweb.de\/nachrichten\/ich-hatte-keine-ahnung-dass-amazon-ein-solches-schickes-weihnachtsdekor-versteckt-hat-hier-sind-9-artikel-die-ich-fuer-die-ferienzeit-kaufe-und-sie-sollten-auch\/","og_site_name":"Stra\u00dfenweb","article_publisher":"https:\/\/www.facebook.com\/strassenweb\/","article_published_time":"2025-10-08T17:39:31+00:00","article_modified_time":"2025-10-08T17:39:32+00:00","og_image":[{"width":1600,"height":900,"url":"https:\/\/www.strassenweb.de\/nachrichten\/wp-content\/uploads\/2025\/10\/Ich-hatte-keine-Ahnung-dass-Amazon-ein-solches-schickes-Weihnachtsdekor.png","type":"image\/png"}],"author":"Robert Hoffmann","twitter_card":"summary_large_image","twitter_misc":{"Verfasst von":"Robert Hoffmann","Gesch\u00e4tzte Lesezeit":"1\u00a0Minute"},"schema":{"@context":"https:\/\/schema.org","@graph":[{"@type":"Article","@id":"https:\/\/www.strassenweb.de\/nachrichten\/ich-hatte-keine-ahnung-dass-amazon-ein-solches-schickes-weihnachtsdekor-versteckt-hat-hier-sind-9-artikel-die-ich-fuer-die-ferienzeit-kaufe-und-sie-sollten-auch\/#article","isPartOf":{"@id":"https:\/\/www.strassenweb.de\/nachrichten\/ich-hatte-keine-ahnung-dass-amazon-ein-solches-schickes-weihnachtsdekor-versteckt-hat-hier-sind-9-artikel-die-ich-fuer-die-ferienzeit-kaufe-und-sie-sollten-auch\/"},"author":{"name":"Robert Hoffmann","@id":"https:\/\/www.strassenweb.de\/nachrichten\/#\/schema\/person\/87c9c9067f1211da429a744dc5a5aa41"},"headline":"Ich hatte keine Ahnung, dass Amazon ein solches schickes Weihnachtsdekor versteckt hat &#8211; hier sind 9 Artikel, die ich f\u00fcr die Ferienzeit kaufe (und Sie sollten auch)","datePublished":"2025-10-08T17:39:31+00:00","dateModified":"2025-10-08T17:39:32+00:00","mainEntityOfPage":{"@id":"https:\/\/www.strassenweb.de\/nachrichten\/ich-hatte-keine-ahnung-dass-amazon-ein-solches-schickes-weihnachtsdekor-versteckt-hat-hier-sind-9-artikel-die-ich-fuer-die-ferienzeit-kaufe-und-sie-sollten-auch\/"},"wordCount":320,"publisher":{"@id":"https:\/\/www.strassenweb.de\/nachrichten\/#organization"},"image":{"@id":"https:\/\/www.strassenweb.de\/nachrichten\/ich-hatte-keine-ahnung-dass-amazon-ein-solches-schickes-weihnachtsdekor-versteckt-hat-hier-sind-9-artikel-die-ich-fuer-die-ferienzeit-kaufe-und-sie-sollten-auch\/#primaryimage"},"thumbnailUrl":"https:\/\/www.strassenweb.de\/nachrichten\/wp-content\/uploads\/2025\/10\/Ich-hatte-keine-Ahnung-dass-Amazon-ein-solches-schickes-Weihnachtsdekor.png","keywords":["Ahnung","Amazon","Artikel","Auch","dass","die","ein","Ferienzeit","f\u00fcr","hat","h\u00e4tte","hier","ich","kaufe","keine","schickes","Sie","sind","solches","sollten","und","versteckt","Weihnachtsdekor"],"articleSection":["Haus &amp; Garten"],"inLanguage":"de"},{"@type":"WebPage","@id":"https:\/\/www.strassenweb.de\/nachrichten\/ich-hatte-keine-ahnung-dass-amazon-ein-solches-schickes-weihnachtsdekor-versteckt-hat-hier-sind-9-artikel-die-ich-fuer-die-ferienzeit-kaufe-und-sie-sollten-auch\/","url":"https:\/\/www.strassenweb.de\/nachrichten\/ich-hatte-keine-ahnung-dass-amazon-ein-solches-schickes-weihnachtsdekor-versteckt-hat-hier-sind-9-artikel-die-ich-fuer-die-ferienzeit-kaufe-und-sie-sollten-auch\/","name":"Ich hatte keine Ahnung, dass Amazon ein solches schickes Weihnachtsdekor versteckt hat - hier sind 9 Artikel, die ich f\u00fcr die Ferienzeit kaufe (und Sie sollten auch) - Nachrichten - Stra\u00dfenweb","isPartOf":{"@id":"https:\/\/www.strassenweb.de\/nachrichten\/#website"},"primaryImageOfPage":{"@id":"https:\/\/www.strassenweb.de\/nachrichten\/ich-hatte-keine-ahnung-dass-amazon-ein-solches-schickes-weihnachtsdekor-versteckt-hat-hier-sind-9-artikel-die-ich-fuer-die-ferienzeit-kaufe-und-sie-sollten-auch\/#primaryimage"},"image":{"@id":"https:\/\/www.strassenweb.de\/nachrichten\/ich-hatte-keine-ahnung-dass-amazon-ein-solches-schickes-weihnachtsdekor-versteckt-hat-hier-sind-9-artikel-die-ich-fuer-die-ferienzeit-kaufe-und-sie-sollten-auch\/#primaryimage"},"thumbnailUrl":"https:\/\/www.strassenweb.de\/nachrichten\/wp-content\/uploads\/2025\/10\/Ich-hatte-keine-Ahnung-dass-Amazon-ein-solches-schickes-Weihnachtsdekor.png","datePublished":"2025-10-08T17:39:31+00:00","dateModified":"2025-10-08T17:39:32+00:00","breadcrumb":{"@id":"https:\/\/www.strassenweb.de\/nachrichten\/ich-hatte-keine-ahnung-dass-amazon-ein-solches-schickes-weihnachtsdekor-versteckt-hat-hier-sind-9-artikel-die-ich-fuer-die-ferienzeit-kaufe-und-sie-sollten-auch\/#breadcrumb"},"inLanguage":"de","potentialAction":[{"@type":"ReadAction","target":["https:\/\/www.strassenweb.de\/nachrichten\/ich-hatte-keine-ahnung-dass-amazon-ein-solches-schickes-weihnachtsdekor-versteckt-hat-hier-sind-9-artikel-die-ich-fuer-die-ferienzeit-kaufe-und-sie-sollten-auch\/"]}]},{"@type":"ImageObject","inLanguage":"de","@id":"https:\/\/www.strassenweb.de\/nachrichten\/ich-hatte-keine-ahnung-dass-amazon-ein-solches-schickes-weihnachtsdekor-versteckt-hat-hier-sind-9-artikel-die-ich-fuer-die-ferienzeit-kaufe-und-sie-sollten-auch\/#primaryimage","url":"https:\/\/www.strassenweb.de\/nachrichten\/wp-content\/uploads\/2025\/10\/Ich-hatte-keine-Ahnung-dass-Amazon-ein-solches-schickes-Weihnachtsdekor.png","contentUrl":"https:\/\/www.strassenweb.de\/nachrichten\/wp-content\/uploads\/2025\/10\/Ich-hatte-keine-Ahnung-dass-Amazon-ein-solches-schickes-Weihnachtsdekor.png","width":1600,"height":900,"caption":"a collection of Christmas decor from Amazon"},{"@type":"BreadcrumbList","@id":"https:\/\/www.strassenweb.de\/nachrichten\/ich-hatte-keine-ahnung-dass-amazon-ein-solches-schickes-weihnachtsdekor-versteckt-hat-hier-sind-9-artikel-die-ich-fuer-die-ferienzeit-kaufe-und-sie-sollten-auch\/#breadcrumb","itemListElement":[{"@type":"ListItem","position":1,"name":"Home","item":"https:\/\/www.strassenweb.de\/nachrichten\/"},{"@type":"ListItem","position":2,"name":"Ich hatte keine Ahnung, dass Amazon ein solches schickes Weihnachtsdekor versteckt hat &#8211; hier sind 9 Artikel, die ich f\u00fcr die Ferienzeit kaufe (und Sie sollten auch)"}]},{"@type":"WebSite","@id":"https:\/\/www.strassenweb.de\/nachrichten\/#website","url":"https:\/\/www.strassenweb.de\/nachrichten\/","name":"Stra\u00dfenweb","description":"Stra\u00dfenverzeichnis f\u00fcr Deutschland","publisher":{"@id":"https:\/\/www.strassenweb.de\/nachrichten\/#organization"},"potentialAction":[{"@type":"SearchAction","target":{"@type":"EntryPoint","urlTemplate":"https:\/\/www.strassenweb.de\/nachrichten\/?s={search_term_string}"},"query-input":{"@type":"PropertyValueSpecification","valueRequired":true,"valueName":"search_term_string"}}],"inLanguage":"de"},{"@type":"Organization","@id":"https:\/\/www.strassenweb.de\/nachrichten\/#organization","name":"Stra\u00dfenweb","url":"https:\/\/www.strassenweb.de\/nachrichten\/","logo":{"@type":"ImageObject","inLanguage":"de","@id":"https:\/\/www.strassenweb.de\/nachrichten\/#\/schema\/logo\/image\/","url":"https:\/\/www.strassenweb.de\/nachrichten\/wp-content\/uploads\/2024\/09\/cropped-favicon.png","contentUrl":"https:\/\/www.strassenweb.de\/nachrichten\/wp-content\/uploads\/2024\/09\/cropped-favicon.png","width":512,"height":512,"caption":"Stra\u00dfenweb"},"image":{"@id":"https:\/\/www.strassenweb.de\/nachrichten\/#\/schema\/logo\/image\/"},"sameAs":["https:\/\/www.facebook.com\/strassenweb\/"]},{"@type":"Person","@id":"https:\/\/www.strassenweb.de\/nachrichten\/#\/schema\/person\/87c9c9067f1211da429a744dc5a5aa41","name":"Robert Hoffmann","image":{"@type":"ImageObject","inLanguage":"de","@id":"https:\/\/www.strassenweb.de\/nachrichten\/wp-content\/uploads\/2024\/09\/strassenweb-150x150.jpg","url":"https:\/\/www.strassenweb.de\/nachrichten\/wp-content\/uploads\/2024\/09\/strassenweb-150x150.jpg","contentUrl":"https:\/\/www.strassenweb.de\/nachrichten\/wp-content\/uploads\/2024\/09\/strassenweb-150x150.jpg","caption":"Robert Hoffmann"},"description":"Ich hei\u00dfe Robert Hoffmann und ich bin ein leidenschaftlicher Verfechter von \u00d6kologie und Biodiversit\u00e4t. Seit meiner Kindheit in den W\u00e4ldern Bayerns f\u00fchle ich mich mit der Natur verbunden und bin entschlossen, sie zu sch\u00fctzen. Heute widme ich mein Leben der Sensibilisierung anderer f\u00fcr die Bedeutung des Umweltschutzes f\u00fcr zuk\u00fcnftige Generationen.","sameAs":["https:\/\/www.strassenweb.de\/"]}]}},"_links":{"self":[{"href":"https:\/\/www.strassenweb.de\/nachrichten\/wp-json\/wp\/v2\/posts\/8312","targetHints":{"allow":["GET"]}}],"collection":[{"href":"https:\/\/www.strassenweb.de\/nachrichten\/wp-json\/wp\/v2\/posts"}],"about":[{"href":"https:\/\/www.strassenweb.de\/nachrichten\/wp-json\/wp\/v2\/types\/post"}],"author":[{"embeddable":true,"href":"https:\/\/www.strassenweb.de\/nachrichten\/wp-json\/wp\/v2\/users\/1"}],"replies":[{"embeddable":true,"href":"https:\/\/www.strassenweb.de\/nachrichten\/wp-json\/wp\/v2\/comments?post=8312"}],"version-history":[{"count":0,"href":"https:\/\/www.strassenweb.de\/nachrichten\/wp-json\/wp\/v2\/posts\/8312\/revisions"}],"wp:featuredmedia":[{"embeddable":true,"href":"https:\/\/www.strassenweb.de\/nachrichten\/wp-json\/wp\/v2\/media\/8313"}],"wp:attachment":[{"href":"https:\/\/www.strassenweb.de\/nachrichten\/wp-json\/wp\/v2\/media?parent=8312"}],"wp:term":[{"taxonomy":"category","embeddable":true,"href":"https:\/\/www.strassenweb.de\/nachrichten\/wp-json\/wp\/v2\/categories?post=8312"},{"taxonomy":"post_tag","embeddable":true,"href":"https:\/\/www.strassenweb.de\/nachrichten\/wp-json\/wp\/v2\/tags?post=8312"}],"curies":[{"name":"wp","href":"https:\/\/api.w.org\/{rel}","templated":true}]}}