{"id":8303,"date":"2025-10-08T14:40:12","date_gmt":"2025-10-08T12:40:12","guid":{"rendered":"https:\/\/www.strassenweb.de\/nachrichten\/das-aufreissen-des-klimawandels-waere-ein-akt-der-nationalen-selbstverletzung\/"},"modified":"2025-10-08T14:40:12","modified_gmt":"2025-10-08T12:40:12","slug":"das-aufreissen-des-klimawandels-waere-ein-akt-der-nationalen-selbstverletzung","status":"publish","type":"post","link":"https:\/\/www.strassenweb.de\/nachrichten\/das-aufreissen-des-klimawandels-waere-ein-akt-der-nationalen-selbstverletzung\/","title":{"rendered":"Das Aufrei\u00dfen des Klimawandels w\u00e4re ein Akt der nationalen Selbstverletzung"},"content":{"rendered":"<p>Die von den Konservativen zur Beseitigung des Klimawandelgesetzes angek\u00fcndigten Pl\u00e4ne w\u00fcrden der britischen Wirtschaft, den Gemeinden und unserer nat\u00fcrlichen Welt beeintr\u00e4chtigen. Eine Erkl\u00e4rung finden Sie unten von Richard Benwell, CEO von Wildlife and Countryside Link, der gr\u00f6\u00dften Umweltkoalition in England.<\/p>\n<p>Richard Benwell, CEO von Wildlife and Countryside Link, sagte:<br \/>\u201eDas Schrott des Klimawandelgesetzes w\u00e4re ein Akt der nationalen Selbstverletzung. Politiker, die den abnehmenden Einfluss des Vereinigten K\u00f6nigreichs beklagen, sollten sich daran erinnern, dass der Klimawandel die Welt zum Besseren ver\u00e4ndert hat. Er wurde weltweit kopiert und inspirierte Milliarden von Pfund von Pfund von Investitionen in erneuerbare Energien und die Naturregelung. und Wohlstand unserer Kinder &#8211; ein Versprechen, das nicht aus politischer Bequemlichkeit gebrochen werden sollte.<\/p>\n<p>\u201eIm Gegensatz dazu sind billige Fossilienfrucht -Futures ein Trugbild. Der eigentliche Weg zur dauerhaften Sicherheit ist in der einheimischen sauberen Kraft und verbrennt nicht mehr fossile Brennstoffe. Ohne das Klimakrecht zu verbringen, k\u00f6nnen die Minister freie unsere Zukunft vertreiben &#8211; und es ist die Natur und die \u00e4rmsten Gemeinden, die den Preis bezahlen.<\/p>\n<p>&#8222;Die Reform hat bereits ein r\u00fccksichtsloses Rennen auf den Grund gestellt, und jetzt riskiert die Konservativen, anstatt unseren st\u00e4rksten Schutz zu zerrei\u00dfen, sollten die Politiker die Erholung der Natur in das Klimawandelgesetz einbinden &#8211; sicherzustellen, dass jeder Schnitt in Kohlenstoff von neuem Woodland, wiederhergestelltem Feuchtgebieten und bl\u00fchender wildes Orte veraltet ist.<\/p>\n","protected":false},"excerpt":{"rendered":"<p>Die von den Konservativen zur Beseitigung des Klimawandelgesetzes angek\u00fcndigten Pl\u00e4ne w\u00fcrden der britischen Wirtschaft, den Gemeinden und unserer nat\u00fcrlichen Welt beeintr\u00e4chtigen. Eine Erkl\u00e4rung finden Sie<\/p>\n","protected":false},"author":1,"featured_media":8304,"comment_status":"closed","ping_status":"","sticky":false,"template":"","format":"standard","meta":{"footnotes":""},"categories":[101],"tags":[10638,10637,112,81,281,43,5834,10639,10640,8061],"class_list":["post-8303","post","type-post","status-publish","format-standard","has-post-thumbnail","hentry","category-oekologie","tag-akt","tag-aufreissen","tag-das","tag-der","tag-des","tag-ein","tag-klimawandels","tag-nationalen","tag-selbstverletzung","tag-waere","generate-columns","tablet-grid-50","mobile-grid-100","grid-parent","grid-50"],"yoast_head":"<!-- This site is optimized with the Yoast SEO plugin v27.3 - https:\/\/yoast.com\/product\/yoast-seo-wordpress\/ -->\n<title>Das Aufrei\u00dfen des Klimawandels w\u00e4re ein Akt der nationalen Selbstverletzung - Nachrichten - Stra\u00dfenweb<\/title>\n<meta name=\"robots\" content=\"index, follow, max-snippet:-1, max-image-preview:large, max-video-preview:-1\" \/>\n<link rel=\"canonical\" href=\"https:\/\/www.strassenweb.de\/nachrichten\/das-aufreissen-des-klimawandels-waere-ein-akt-der-nationalen-selbstverletzung\/\" \/>\n<meta property=\"og:locale\" content=\"de_DE\" \/>\n<meta property=\"og:type\" content=\"article\" \/>\n<meta property=\"og:title\" content=\"Das Aufrei\u00dfen des Klimawandels w\u00e4re ein Akt der nationalen Selbstverletzung - Nachrichten - Stra\u00dfenweb\" \/>\n<meta property=\"og:description\" content=\"Die von den Konservativen zur Beseitigung des Klimawandelgesetzes angek\u00fcndigten Pl\u00e4ne w\u00fcrden der britischen Wirtschaft, den Gemeinden und unserer nat\u00fcrlichen Welt beeintr\u00e4chtigen. Eine Erkl\u00e4rung finden Sie\" \/>\n<meta property=\"og:url\" content=\"https:\/\/www.strassenweb.de\/nachrichten\/das-aufreissen-des-klimawandels-waere-ein-akt-der-nationalen-selbstverletzung\/\" \/>\n<meta property=\"og:site_name\" content=\"Stra\u00dfenweb\" \/>\n<meta property=\"article:publisher\" content=\"https:\/\/www.facebook.com\/strassenweb\/\" \/>\n<meta property=\"article:published_time\" content=\"2025-10-08T12:40:12+00:00\" \/>\n<meta property=\"og:image\" content=\"https:\/\/www.strassenweb.de\/nachrichten\/wp-content\/uploads\/2025\/10\/Das-Aufreissen-des-Klimawandels-waere-ein-Akt-der-nationalen-Selbstverletzung.jpg\" \/>\n\t<meta property=\"og:image:width\" content=\"900\" \/>\n\t<meta property=\"og:image:height\" content=\"600\" \/>\n\t<meta property=\"og:image:type\" content=\"image\/jpeg\" \/>\n<meta name=\"author\" content=\"Robert Hoffmann\" \/>\n<meta name=\"twitter:card\" content=\"summary_large_image\" \/>\n<meta name=\"twitter:label1\" content=\"Verfasst von\" \/>\n\t<meta name=\"twitter:data1\" content=\"Robert Hoffmann\" \/>\n\t<meta name=\"twitter:label2\" content=\"Gesch\u00e4tzte Lesezeit\" \/>\n\t<meta name=\"twitter:data2\" content=\"1\u00a0Minute\" \/>\n<script type=\"application\/ld+json\" class=\"yoast-schema-graph\">{\"@context\":\"https:\\\/\\\/schema.org\",\"@graph\":[{\"@type\":\"Article\",\"@id\":\"https:\\\/\\\/www.strassenweb.de\\\/nachrichten\\\/das-aufreissen-des-klimawandels-waere-ein-akt-der-nationalen-selbstverletzung\\\/#article\",\"isPartOf\":{\"@id\":\"https:\\\/\\\/www.strassenweb.de\\\/nachrichten\\\/das-aufreissen-des-klimawandels-waere-ein-akt-der-nationalen-selbstverletzung\\\/\"},\"author\":{\"name\":\"Robert Hoffmann\",\"@id\":\"https:\\\/\\\/www.strassenweb.de\\\/nachrichten\\\/#\\\/schema\\\/person\\\/87c9c9067f1211da429a744dc5a5aa41\"},\"headline\":\"Das Aufrei\u00dfen des Klimawandels w\u00e4re ein Akt der nationalen Selbstverletzung\",\"datePublished\":\"2025-10-08T12:40:12+00:00\",\"mainEntityOfPage\":{\"@id\":\"https:\\\/\\\/www.strassenweb.de\\\/nachrichten\\\/das-aufreissen-des-klimawandels-waere-ein-akt-der-nationalen-selbstverletzung\\\/\"},\"wordCount\":246,\"publisher\":{\"@id\":\"https:\\\/\\\/www.strassenweb.de\\\/nachrichten\\\/#organization\"},\"image\":{\"@id\":\"https:\\\/\\\/www.strassenweb.de\\\/nachrichten\\\/das-aufreissen-des-klimawandels-waere-ein-akt-der-nationalen-selbstverletzung\\\/#primaryimage\"},\"thumbnailUrl\":\"https:\\\/\\\/www.strassenweb.de\\\/nachrichten\\\/wp-content\\\/uploads\\\/2025\\\/10\\\/Das-Aufreissen-des-Klimawandels-waere-ein-Akt-der-nationalen-Selbstverletzung.jpg\",\"keywords\":[\"Akt\",\"Aufrei\u00dfen\",\"das\",\"der\",\"des\",\"ein\",\"Klimawandels\",\"nationalen\",\"Selbstverletzung\",\"w\u00e4re\"],\"articleSection\":[\"\u00d6kologie\"],\"inLanguage\":\"de\"},{\"@type\":\"WebPage\",\"@id\":\"https:\\\/\\\/www.strassenweb.de\\\/nachrichten\\\/das-aufreissen-des-klimawandels-waere-ein-akt-der-nationalen-selbstverletzung\\\/\",\"url\":\"https:\\\/\\\/www.strassenweb.de\\\/nachrichten\\\/das-aufreissen-des-klimawandels-waere-ein-akt-der-nationalen-selbstverletzung\\\/\",\"name\":\"Das Aufrei\u00dfen des Klimawandels w\u00e4re ein Akt der nationalen Selbstverletzung - Nachrichten - Stra\u00dfenweb\",\"isPartOf\":{\"@id\":\"https:\\\/\\\/www.strassenweb.de\\\/nachrichten\\\/#website\"},\"primaryImageOfPage\":{\"@id\":\"https:\\\/\\\/www.strassenweb.de\\\/nachrichten\\\/das-aufreissen-des-klimawandels-waere-ein-akt-der-nationalen-selbstverletzung\\\/#primaryimage\"},\"image\":{\"@id\":\"https:\\\/\\\/www.strassenweb.de\\\/nachrichten\\\/das-aufreissen-des-klimawandels-waere-ein-akt-der-nationalen-selbstverletzung\\\/#primaryimage\"},\"thumbnailUrl\":\"https:\\\/\\\/www.strassenweb.de\\\/nachrichten\\\/wp-content\\\/uploads\\\/2025\\\/10\\\/Das-Aufreissen-des-Klimawandels-waere-ein-Akt-der-nationalen-Selbstverletzung.jpg\",\"datePublished\":\"2025-10-08T12:40:12+00:00\",\"breadcrumb\":{\"@id\":\"https:\\\/\\\/www.strassenweb.de\\\/nachrichten\\\/das-aufreissen-des-klimawandels-waere-ein-akt-der-nationalen-selbstverletzung\\\/#breadcrumb\"},\"inLanguage\":\"de\",\"potentialAction\":[{\"@type\":\"ReadAction\",\"target\":[\"https:\\\/\\\/www.strassenweb.de\\\/nachrichten\\\/das-aufreissen-des-klimawandels-waere-ein-akt-der-nationalen-selbstverletzung\\\/\"]}]},{\"@type\":\"ImageObject\",\"inLanguage\":\"de\",\"@id\":\"https:\\\/\\\/www.strassenweb.de\\\/nachrichten\\\/das-aufreissen-des-klimawandels-waere-ein-akt-der-nationalen-selbstverletzung\\\/#primaryimage\",\"url\":\"https:\\\/\\\/www.strassenweb.de\\\/nachrichten\\\/wp-content\\\/uploads\\\/2025\\\/10\\\/Das-Aufreissen-des-Klimawandels-waere-ein-Akt-der-nationalen-Selbstverletzung.jpg\",\"contentUrl\":\"https:\\\/\\\/www.strassenweb.de\\\/nachrichten\\\/wp-content\\\/uploads\\\/2025\\\/10\\\/Das-Aufreissen-des-Klimawandels-waere-ein-Akt-der-nationalen-Selbstverletzung.jpg\",\"width\":900,\"height\":600,\"caption\":\"Ripping up Climate Change Act would be an act of national self-harm\"},{\"@type\":\"BreadcrumbList\",\"@id\":\"https:\\\/\\\/www.strassenweb.de\\\/nachrichten\\\/das-aufreissen-des-klimawandels-waere-ein-akt-der-nationalen-selbstverletzung\\\/#breadcrumb\",\"itemListElement\":[{\"@type\":\"ListItem\",\"position\":1,\"name\":\"Home\",\"item\":\"https:\\\/\\\/www.strassenweb.de\\\/nachrichten\\\/\"},{\"@type\":\"ListItem\",\"position\":2,\"name\":\"Das Aufrei\u00dfen des Klimawandels w\u00e4re ein Akt der nationalen Selbstverletzung\"}]},{\"@type\":\"WebSite\",\"@id\":\"https:\\\/\\\/www.strassenweb.de\\\/nachrichten\\\/#website\",\"url\":\"https:\\\/\\\/www.strassenweb.de\\\/nachrichten\\\/\",\"name\":\"Stra\u00dfenweb\",\"description\":\"Stra\u00dfenverzeichnis f\u00fcr Deutschland\",\"publisher\":{\"@id\":\"https:\\\/\\\/www.strassenweb.de\\\/nachrichten\\\/#organization\"},\"potentialAction\":[{\"@type\":\"SearchAction\",\"target\":{\"@type\":\"EntryPoint\",\"urlTemplate\":\"https:\\\/\\\/www.strassenweb.de\\\/nachrichten\\\/?s={search_term_string}\"},\"query-input\":{\"@type\":\"PropertyValueSpecification\",\"valueRequired\":true,\"valueName\":\"search_term_string\"}}],\"inLanguage\":\"de\"},{\"@type\":\"Organization\",\"@id\":\"https:\\\/\\\/www.strassenweb.de\\\/nachrichten\\\/#organization\",\"name\":\"Stra\u00dfenweb\",\"url\":\"https:\\\/\\\/www.strassenweb.de\\\/nachrichten\\\/\",\"logo\":{\"@type\":\"ImageObject\",\"inLanguage\":\"de\",\"@id\":\"https:\\\/\\\/www.strassenweb.de\\\/nachrichten\\\/#\\\/schema\\\/logo\\\/image\\\/\",\"url\":\"https:\\\/\\\/www.strassenweb.de\\\/nachrichten\\\/wp-content\\\/uploads\\\/2024\\\/09\\\/cropped-favicon.png\",\"contentUrl\":\"https:\\\/\\\/www.strassenweb.de\\\/nachrichten\\\/wp-content\\\/uploads\\\/2024\\\/09\\\/cropped-favicon.png\",\"width\":512,\"height\":512,\"caption\":\"Stra\u00dfenweb\"},\"image\":{\"@id\":\"https:\\\/\\\/www.strassenweb.de\\\/nachrichten\\\/#\\\/schema\\\/logo\\\/image\\\/\"},\"sameAs\":[\"https:\\\/\\\/www.facebook.com\\\/strassenweb\\\/\"]},{\"@type\":\"Person\",\"@id\":\"https:\\\/\\\/www.strassenweb.de\\\/nachrichten\\\/#\\\/schema\\\/person\\\/87c9c9067f1211da429a744dc5a5aa41\",\"name\":\"Robert Hoffmann\",\"image\":{\"@type\":\"ImageObject\",\"inLanguage\":\"de\",\"@id\":\"https:\\\/\\\/www.strassenweb.de\\\/nachrichten\\\/wp-content\\\/uploads\\\/2024\\\/09\\\/strassenweb-150x150.jpg\",\"url\":\"https:\\\/\\\/www.strassenweb.de\\\/nachrichten\\\/wp-content\\\/uploads\\\/2024\\\/09\\\/strassenweb-150x150.jpg\",\"contentUrl\":\"https:\\\/\\\/www.strassenweb.de\\\/nachrichten\\\/wp-content\\\/uploads\\\/2024\\\/09\\\/strassenweb-150x150.jpg\",\"caption\":\"Robert Hoffmann\"},\"description\":\"Ich hei\u00dfe Robert Hoffmann und ich bin ein leidenschaftlicher Verfechter von \u00d6kologie und Biodiversit\u00e4t. Seit meiner Kindheit in den W\u00e4ldern Bayerns f\u00fchle ich mich mit der Natur verbunden und bin entschlossen, sie zu sch\u00fctzen. Heute widme ich mein Leben der Sensibilisierung anderer f\u00fcr die Bedeutung des Umweltschutzes f\u00fcr zuk\u00fcnftige Generationen.\",\"sameAs\":[\"https:\\\/\\\/www.strassenweb.de\\\/\"]}]}<\/script>\n<!-- \/ Yoast SEO plugin. -->","yoast_head_json":{"title":"Das Aufrei\u00dfen des Klimawandels w\u00e4re ein Akt der nationalen Selbstverletzung - Nachrichten - Stra\u00dfenweb","robots":{"index":"index","follow":"follow","max-snippet":"max-snippet:-1","max-image-preview":"max-image-preview:large","max-video-preview":"max-video-preview:-1"},"canonical":"https:\/\/www.strassenweb.de\/nachrichten\/das-aufreissen-des-klimawandels-waere-ein-akt-der-nationalen-selbstverletzung\/","og_locale":"de_DE","og_type":"article","og_title":"Das Aufrei\u00dfen des Klimawandels w\u00e4re ein Akt der nationalen Selbstverletzung - Nachrichten - Stra\u00dfenweb","og_description":"Die von den Konservativen zur Beseitigung des Klimawandelgesetzes angek\u00fcndigten Pl\u00e4ne w\u00fcrden der britischen Wirtschaft, den Gemeinden und unserer nat\u00fcrlichen Welt beeintr\u00e4chtigen. Eine Erkl\u00e4rung finden Sie","og_url":"https:\/\/www.strassenweb.de\/nachrichten\/das-aufreissen-des-klimawandels-waere-ein-akt-der-nationalen-selbstverletzung\/","og_site_name":"Stra\u00dfenweb","article_publisher":"https:\/\/www.facebook.com\/strassenweb\/","article_published_time":"2025-10-08T12:40:12+00:00","og_image":[{"width":900,"height":600,"url":"https:\/\/www.strassenweb.de\/nachrichten\/wp-content\/uploads\/2025\/10\/Das-Aufreissen-des-Klimawandels-waere-ein-Akt-der-nationalen-Selbstverletzung.jpg","type":"image\/jpeg"}],"author":"Robert Hoffmann","twitter_card":"summary_large_image","twitter_misc":{"Verfasst von":"Robert Hoffmann","Gesch\u00e4tzte Lesezeit":"1\u00a0Minute"},"schema":{"@context":"https:\/\/schema.org","@graph":[{"@type":"Article","@id":"https:\/\/www.strassenweb.de\/nachrichten\/das-aufreissen-des-klimawandels-waere-ein-akt-der-nationalen-selbstverletzung\/#article","isPartOf":{"@id":"https:\/\/www.strassenweb.de\/nachrichten\/das-aufreissen-des-klimawandels-waere-ein-akt-der-nationalen-selbstverletzung\/"},"author":{"name":"Robert Hoffmann","@id":"https:\/\/www.strassenweb.de\/nachrichten\/#\/schema\/person\/87c9c9067f1211da429a744dc5a5aa41"},"headline":"Das Aufrei\u00dfen des Klimawandels w\u00e4re ein Akt der nationalen Selbstverletzung","datePublished":"2025-10-08T12:40:12+00:00","mainEntityOfPage":{"@id":"https:\/\/www.strassenweb.de\/nachrichten\/das-aufreissen-des-klimawandels-waere-ein-akt-der-nationalen-selbstverletzung\/"},"wordCount":246,"publisher":{"@id":"https:\/\/www.strassenweb.de\/nachrichten\/#organization"},"image":{"@id":"https:\/\/www.strassenweb.de\/nachrichten\/das-aufreissen-des-klimawandels-waere-ein-akt-der-nationalen-selbstverletzung\/#primaryimage"},"thumbnailUrl":"https:\/\/www.strassenweb.de\/nachrichten\/wp-content\/uploads\/2025\/10\/Das-Aufreissen-des-Klimawandels-waere-ein-Akt-der-nationalen-Selbstverletzung.jpg","keywords":["Akt","Aufrei\u00dfen","das","der","des","ein","Klimawandels","nationalen","Selbstverletzung","w\u00e4re"],"articleSection":["\u00d6kologie"],"inLanguage":"de"},{"@type":"WebPage","@id":"https:\/\/www.strassenweb.de\/nachrichten\/das-aufreissen-des-klimawandels-waere-ein-akt-der-nationalen-selbstverletzung\/","url":"https:\/\/www.strassenweb.de\/nachrichten\/das-aufreissen-des-klimawandels-waere-ein-akt-der-nationalen-selbstverletzung\/","name":"Das Aufrei\u00dfen des Klimawandels w\u00e4re ein Akt der nationalen Selbstverletzung - Nachrichten - Stra\u00dfenweb","isPartOf":{"@id":"https:\/\/www.strassenweb.de\/nachrichten\/#website"},"primaryImageOfPage":{"@id":"https:\/\/www.strassenweb.de\/nachrichten\/das-aufreissen-des-klimawandels-waere-ein-akt-der-nationalen-selbstverletzung\/#primaryimage"},"image":{"@id":"https:\/\/www.strassenweb.de\/nachrichten\/das-aufreissen-des-klimawandels-waere-ein-akt-der-nationalen-selbstverletzung\/#primaryimage"},"thumbnailUrl":"https:\/\/www.strassenweb.de\/nachrichten\/wp-content\/uploads\/2025\/10\/Das-Aufreissen-des-Klimawandels-waere-ein-Akt-der-nationalen-Selbstverletzung.jpg","datePublished":"2025-10-08T12:40:12+00:00","breadcrumb":{"@id":"https:\/\/www.strassenweb.de\/nachrichten\/das-aufreissen-des-klimawandels-waere-ein-akt-der-nationalen-selbstverletzung\/#breadcrumb"},"inLanguage":"de","potentialAction":[{"@type":"ReadAction","target":["https:\/\/www.strassenweb.de\/nachrichten\/das-aufreissen-des-klimawandels-waere-ein-akt-der-nationalen-selbstverletzung\/"]}]},{"@type":"ImageObject","inLanguage":"de","@id":"https:\/\/www.strassenweb.de\/nachrichten\/das-aufreissen-des-klimawandels-waere-ein-akt-der-nationalen-selbstverletzung\/#primaryimage","url":"https:\/\/www.strassenweb.de\/nachrichten\/wp-content\/uploads\/2025\/10\/Das-Aufreissen-des-Klimawandels-waere-ein-Akt-der-nationalen-Selbstverletzung.jpg","contentUrl":"https:\/\/www.strassenweb.de\/nachrichten\/wp-content\/uploads\/2025\/10\/Das-Aufreissen-des-Klimawandels-waere-ein-Akt-der-nationalen-Selbstverletzung.jpg","width":900,"height":600,"caption":"Ripping up Climate Change Act would be an act of national self-harm"},{"@type":"BreadcrumbList","@id":"https:\/\/www.strassenweb.de\/nachrichten\/das-aufreissen-des-klimawandels-waere-ein-akt-der-nationalen-selbstverletzung\/#breadcrumb","itemListElement":[{"@type":"ListItem","position":1,"name":"Home","item":"https:\/\/www.strassenweb.de\/nachrichten\/"},{"@type":"ListItem","position":2,"name":"Das Aufrei\u00dfen des Klimawandels w\u00e4re ein Akt der nationalen Selbstverletzung"}]},{"@type":"WebSite","@id":"https:\/\/www.strassenweb.de\/nachrichten\/#website","url":"https:\/\/www.strassenweb.de\/nachrichten\/","name":"Stra\u00dfenweb","description":"Stra\u00dfenverzeichnis f\u00fcr Deutschland","publisher":{"@id":"https:\/\/www.strassenweb.de\/nachrichten\/#organization"},"potentialAction":[{"@type":"SearchAction","target":{"@type":"EntryPoint","urlTemplate":"https:\/\/www.strassenweb.de\/nachrichten\/?s={search_term_string}"},"query-input":{"@type":"PropertyValueSpecification","valueRequired":true,"valueName":"search_term_string"}}],"inLanguage":"de"},{"@type":"Organization","@id":"https:\/\/www.strassenweb.de\/nachrichten\/#organization","name":"Stra\u00dfenweb","url":"https:\/\/www.strassenweb.de\/nachrichten\/","logo":{"@type":"ImageObject","inLanguage":"de","@id":"https:\/\/www.strassenweb.de\/nachrichten\/#\/schema\/logo\/image\/","url":"https:\/\/www.strassenweb.de\/nachrichten\/wp-content\/uploads\/2024\/09\/cropped-favicon.png","contentUrl":"https:\/\/www.strassenweb.de\/nachrichten\/wp-content\/uploads\/2024\/09\/cropped-favicon.png","width":512,"height":512,"caption":"Stra\u00dfenweb"},"image":{"@id":"https:\/\/www.strassenweb.de\/nachrichten\/#\/schema\/logo\/image\/"},"sameAs":["https:\/\/www.facebook.com\/strassenweb\/"]},{"@type":"Person","@id":"https:\/\/www.strassenweb.de\/nachrichten\/#\/schema\/person\/87c9c9067f1211da429a744dc5a5aa41","name":"Robert Hoffmann","image":{"@type":"ImageObject","inLanguage":"de","@id":"https:\/\/www.strassenweb.de\/nachrichten\/wp-content\/uploads\/2024\/09\/strassenweb-150x150.jpg","url":"https:\/\/www.strassenweb.de\/nachrichten\/wp-content\/uploads\/2024\/09\/strassenweb-150x150.jpg","contentUrl":"https:\/\/www.strassenweb.de\/nachrichten\/wp-content\/uploads\/2024\/09\/strassenweb-150x150.jpg","caption":"Robert Hoffmann"},"description":"Ich hei\u00dfe Robert Hoffmann und ich bin ein leidenschaftlicher Verfechter von \u00d6kologie und Biodiversit\u00e4t. Seit meiner Kindheit in den W\u00e4ldern Bayerns f\u00fchle ich mich mit der Natur verbunden und bin entschlossen, sie zu sch\u00fctzen. Heute widme ich mein Leben der Sensibilisierung anderer f\u00fcr die Bedeutung des Umweltschutzes f\u00fcr zuk\u00fcnftige Generationen.","sameAs":["https:\/\/www.strassenweb.de\/"]}]}},"_links":{"self":[{"href":"https:\/\/www.strassenweb.de\/nachrichten\/wp-json\/wp\/v2\/posts\/8303","targetHints":{"allow":["GET"]}}],"collection":[{"href":"https:\/\/www.strassenweb.de\/nachrichten\/wp-json\/wp\/v2\/posts"}],"about":[{"href":"https:\/\/www.strassenweb.de\/nachrichten\/wp-json\/wp\/v2\/types\/post"}],"author":[{"embeddable":true,"href":"https:\/\/www.strassenweb.de\/nachrichten\/wp-json\/wp\/v2\/users\/1"}],"replies":[{"embeddable":true,"href":"https:\/\/www.strassenweb.de\/nachrichten\/wp-json\/wp\/v2\/comments?post=8303"}],"version-history":[{"count":0,"href":"https:\/\/www.strassenweb.de\/nachrichten\/wp-json\/wp\/v2\/posts\/8303\/revisions"}],"wp:featuredmedia":[{"embeddable":true,"href":"https:\/\/www.strassenweb.de\/nachrichten\/wp-json\/wp\/v2\/media\/8304"}],"wp:attachment":[{"href":"https:\/\/www.strassenweb.de\/nachrichten\/wp-json\/wp\/v2\/media?parent=8303"}],"wp:term":[{"taxonomy":"category","embeddable":true,"href":"https:\/\/www.strassenweb.de\/nachrichten\/wp-json\/wp\/v2\/categories?post=8303"},{"taxonomy":"post_tag","embeddable":true,"href":"https:\/\/www.strassenweb.de\/nachrichten\/wp-json\/wp\/v2\/tags?post=8303"}],"curies":[{"name":"wp","href":"https:\/\/api.w.org\/{rel}","templated":true}]}}