{"id":8271,"date":"2025-10-07T07:39:17","date_gmt":"2025-10-07T05:39:17","guid":{"rendered":"https:\/\/www.strassenweb.de\/nachrichten\/um-diese-zeit-letztes-jahr-waren-wir-alle-sauer-auf-die-unerwartete-rote-theorie-aber-wie-hat-sich-dieser-virale-tiktok-trend-ein-jahr-spaeter-entwickelt\/"},"modified":"2025-10-07T07:39:18","modified_gmt":"2025-10-07T05:39:18","slug":"um-diese-zeit-letztes-jahr-waren-wir-alle-sauer-auf-die-unerwartete-rote-theorie-aber-wie-hat-sich-dieser-virale-tiktok-trend-ein-jahr-spaeter-entwickelt","status":"publish","type":"post","link":"https:\/\/www.strassenweb.de\/nachrichten\/um-diese-zeit-letztes-jahr-waren-wir-alle-sauer-auf-die-unerwartete-rote-theorie-aber-wie-hat-sich-dieser-virale-tiktok-trend-ein-jahr-spaeter-entwickelt\/","title":{"rendered":"Um diese Zeit letztes Jahr waren wir alle sauer auf die unerwartete rote Theorie &#8211; aber wie hat sich dieser virale Tiktok -Trend ein Jahr sp\u00e4ter entwickelt?"},"content":{"rendered":"<p><\/p>\n<div id=\"article-body\" class=\"article__body \">\n<p id=\"8798f739-08a7-444a-98c4-a0f35be86bd5\">Letztes Jahr um diese Zeit war mein Feed mit Rotpops \u00fcberflutet. Ein Lampenschirm hier, ein gl\u00e4nzender lackierter Tisch dort. Alles im Namen der viralen &#8222;unerwarteten roten Theorie&#8220;.<\/p>\n<div id=\"ad-unit-1\" class=\"ad-unit\"><\/div>\n<p>Die Idee war einfach genug: F\u00fcgen Sie jedem Raum einen Hauch von unerwartetem Rot hinzu, unabh\u00e4ngig vom Farbschema und beobachten Sie, wie der Raum lebendig wird. Es war einzigartig, verspielt und <em>\u00fcberall<\/em>. Und wie die meisten Tiktok-Innenarchitekturtrends habe ich es halb erwartet, so schnell zu verblassen, wie es ankam.<\/p>\n<aside data-block-type=\"embed\" data-render-type=\"fte\" data-skip=\"dealsy\" data-widget-type=\"seasonal\" class=\"hawk-root\"><\/aside>\n<p id=\"8798f739-08a7-444a-98c4-a0f35be86bd5-2\">Aber Designer sagen mehr als ein Jahr, dass dieser Spritzer von etwas \u00dcberraschendem nirgendwo hingegangen ist. Es ist einfach &#8230; entwickelt. So sieht die unerwartete rote Theorie 2025 und dar\u00fcber hinaus aus.<\/p>\n<div class=\"van_vid_carousel\">\n<div class=\"van_vid_carousel__padding\">\n<div class=\"van_vid_carousel__container\"><\/div>\n<\/div>\n<\/div>\n<h2 id=\"how-is-the-unexpected-red-theory-holding-up-a-year-on-3\">Wie h\u00e4lt sich die unerwartete rote Theorie ein Jahr an?<\/h2>\n<figure class=\"van-image-figure inline-layout \" data-bordeaux-image-check id=\"e55759fa-7aa5-4562-8ed9-06b9ff47ec71\">\n<div class=\"image-full-width-wrapper\">\n<div class=\"image-widthsetter\" style=\"max-width:2000px;\"><\/div>\n<\/div>\n<\/figure>\n<p id=\"1fce000b-f79e-4407-9058-a469e3e494c8\">Nach Jahren der Dekoration mit Neutralen war die unerwartete rote Theorie ein herzlicher Empfang in unseren H\u00e4usern. &#8222;Es war ein nat\u00fcrliches Gegenmittel gegen die weichen Minimalismus- und beige -Paletten, die im letzten Jahrzehnt dominierten&#8220;, sagt Designerin Nina Lichtenstein. &#8222;Es unterstreicht die Ruhe mit einem kleinen Nervenkitzel.&#8220;<\/p>\n<div id=\"ad-unit-2\" class=\"ad-unit\"><\/div>\n<p>Dieser spaltende Farbtrend trat an den unwahrscheinlichsten Orten auf &#8211; einer erdigen roten Speisekammer in einer warmen wei\u00dfen K\u00fcche, einer purpurroten Ausstattung um einen Crement\u00fcrrahmen, eine gl\u00e4nzende rote Lampe gegen ein wei\u00dfes Meer.<\/p>\n<p>&#8222;Diese Zeit letztes Jahr haben Designliebhaber buchst\u00e4blich die Stadt rot gemalt&#8220;, f\u00fcgt Nina hinzu. &#8222;Der mutige Pop of Crimson, der Tiktok st\u00fcrmte und sich gleicherma\u00dfen in Wohnzimmer, K\u00fcchen und Schr\u00e4nke schleichte, f\u00fchlte sich gewagt, energisch und nur ein wenig rebellisch.&#8220;<\/p>\n<p>&#8222;Der Grund, warum es gedauert hat, ist einfach: Rot ist emotional&#8220;, erkl\u00e4rt sie. &#8218;Es zieht das Auge, erweckt die Sinne und f\u00fcgt einen sofortigen Charakter hinzu. Ein Jahr sp\u00e4ter geht es im Trend nicht darum, einen Raum mit scharlachrot zu \u00fcberfluten, sondern darum, ihn mit Zur\u00fcckhaltung und Absicht zu verwenden. &#8218;<\/p>\n<div id=\"slice-container-newsletterForm-articleInbodyContent-2KwWRiUmYoVWnBnbn4Poxj\" class=\"slice-container newsletter-inbodyContent-slice newsletterForm-articleInbodyContent-2KwWRiUmYoVWnBnbn4Poxj slice-container-newsletterForm\"><\/div>\n<figure class=\"van-image-figure inline-layout \" data-bordeaux-image-check id=\"e0fabaf5-d576-4436-b9b5-158911682996\">\n<div class=\"image-full-width-wrapper\">\n<div class=\"image-widthsetter\" style=\"max-width:2000px;\"><\/div>\n<\/div>\n<\/figure>\n<p id=\"5ca5ff77-4846-4464-9f54-9a3b87df4026\">Und das energetisierende, fast ersch\u00f6pfende Hauch von Farbe k\u00f6nnte der Grund sein, warum er ertragen wird. Wie Kailee Blalock von House of Hive Design Co. erkl\u00e4rt: \u201eDer unerwartete rote Trend ist hier, um zu bleiben. Im Kern geht es nicht nur um eine Tiktok -Modeerscheinung &#8211; es ist in der Farbtheorie verwurzelt, eine zeitlose Grundlage f\u00fcr Kunst und Design. &#8218;<\/p>\n<p>Mit anderen Worten, w\u00e4hrend der Algorithmus vielleicht weitergegangen sein mag, ist Rop selbst nie aus der Mode gegangen.<\/p>\n<p>\u201eEinige Modeerscheinungen kommen und gehen, w\u00e4hrend andere sich entwickeln, um ein neues visuelles Konzept zu erstellen. Der \u00fcberraschende rote Trend hat sich im vergangenen Jahr weiterentwickelt und ist jetzt eher als Akzent als als dominante Farbe im Raum eingesetzt \u201c, sagt Daniel Smith, Gr\u00fcnder von Danetti.<\/p>\n<figure class=\"van-image-figure inline-layout \" data-bordeaux-image-check id=\"b1d0ab78-9a99-4eb7-85c4-58add2d7720c\">\n<div class=\"image-full-width-wrapper\">\n<div class=\"image-widthsetter\" style=\"max-width:2400px;\"><\/div>\n<\/div>\n<\/figure>\n<p id=\"57763bf2-e1a8-4bdc-9273-3f0755c6926b\">Im Wesentlichen hat Reds Durchhalteverm\u00f6gen nur sehr wenig mit Tiktok zu tun. Dekorieren mit Rot hat nur einen bestimmten Zug.<\/p>\n<p>&#8222;Red hat eine faszinierende Pr\u00e4senz in einem Raum, weshalb es so stark mitschwingt&#8220;, sagt Kailee. \u201eW\u00e4hrend sich das Scheinwerferlicht gelegentlich auf andere Vorwahlen wie Blau oder Gelb verlagern kann, wird Rot niemals wirklich verschwinden. Es ist ein klassischer Akzent, der seine Relevanz weiterhin bekr\u00e4ftigt. &#8218;<\/p>\n<p>Ist die unerwartete rote Theorie also immer noch im Trend?<\/p>\n<p>Interessant ist, dass der Trend etwas Gr\u00f6\u00dferes ausgel\u00f6st zu haben scheint. Sobald die Leute erkannten, wie transformativ ein einziger Farbtupfer sein konnte, begannen sie, auch mit anderen Farbt\u00f6nen, Texturen und Designmomenten zu experimentieren.<\/p>\n<figure class=\"van-image-figure inline-layout \" data-bordeaux-image-check id=\"f2271cde-e365-45d9-99a7-2c597220b412\">\n<div class=\"image-full-width-wrapper\">\n<div class=\"image-widthsetter\" style=\"max-width:2000px;\"><\/div>\n<\/div>\n<\/figure>\n<p id=\"29ae7097-4e49-4c18-bac0-77b7bf871744\">&#8222;Unerwartetes Rot ist immer noch stark&#8220;, sagt Designer Bethany Adams. &#8222;Aber es hat auch den Weg f\u00fcr&#8220; unerwartete Farbe &#8222;im Allgemeinen geebnet.&#8220;<\/p>\n<p>Wenn Sie sich fragen, funktioniert die unerwartete rote Theorie mit anderen Farben? Bethany schl\u00e4gt vor: \u201eEin Pop aus Gelb, Orange oder Magenta ist in einem Raum gleicherma\u00dfen festgenommen. Die Idee ist, dass nicht alles am Farbrad ausgerichtet sein muss und manchmal ein scheinbar zuf\u00e4lliger Farbton einen Raum lebendig machen kann. &#8218;<\/p>\n<p>Kristina Kherssonsky aus Studio Keeta stimmt zu. &#8222;Der&#8220; unerwartete rote &#8222;Moment hat sich definitiv f\u00fcr sich gehalten&#8220;, sagt sie, &#8222;aber ich w\u00fcrde argumentieren, dass er zu etwas noch Interessanterem entwickelt wurde. Wir sehen nicht nur Rot. Es geht mehr um das unerwartete Element in einem Raum &#8211; einen Farbtupfer, eine ungew\u00f6hnliche Textur oder eine \u00fcberraschende Form, die ein Raumleben verleiht. &#8218;<\/p>\n<p>\u00bbRed hat es einfach geschafft\u00ab, f\u00fcgt sie hinzu. &#8222;Der Trend ist immer noch stark, aber er ist in etwas Absichtlicheres, weniger Gimmick, eher ein Design -Tool, gereift.&#8220;<\/p>\n<figure class=\"van-image-figure inline-layout \" data-bordeaux-image-check id=\"6e314cff-6e3f-4154-bad9-bc0e6f4080c4\">\n<div class=\"image-full-width-wrapper\">\n<div class=\"image-widthsetter\" style=\"max-width:2000px;\"><\/div>\n<\/div>\n<\/figure>\n<p id=\"3b81282d-02b5-4dec-9b70-fb5181fa74eb\">Wie Kristina sagt, hat Red vielleicht die Dinge ausgeschaltet, aber was es wirklich entz\u00fcndete, war eine Liebe zum Unerwarteten: ein k\u00fchner Druck in einem R\u00fcckenraum, ein \u00fcberraschendes Material oder unerwartete Chrommischung oder ein skulpturales St\u00fcck, das sich nur ein wenig fehl am Platz anf\u00fchlt-im besten Fall.<\/p>\n<p>Was als Trendfarbexperiment begann, hat sich zu einer ver\u00e4ndernden Denkweise in der Branche entwickelt: eine, die ein paar \u201eRegeln\u201c bricht. Denn wenn es darum geht, ein Zuhause zu schaffen, das sich einzigartig anf\u00fchlt, k\u00f6nnte ein wenig Unerwartetheit die lustigste Idee von allen sein.<\/p>\n<p>Wenn Sie versucht sind, eine unerwartete Kombination aus Farbe oder unerwartete Stil in Ihr eigenes Zuhause zu bringen, sind sich Designer einig, dass der Schl\u00fcssel darin besteht, dies mit Absicht zu tun.<\/p>\n<p>Der Rat von Innenarchitekten Lauren Gilberthorpe ist einfach, aber klug: Langfristig nachdenken. &#8222;Mein Rat f\u00fcr Kunden ist immer, Farben zu w\u00e4hlen, mit denen sie jahrelang leben werden&#8220;, sagt sie. &#8222;Die Einf\u00fchrung eines Farbpops durch Accessoires, Textilien oder Kunstwerke ist eine einfache M\u00f6glichkeit, zu experimentieren, ohne sich auf etwas zu verpflichten, das sich in Zukunft \u00fcberw\u00e4ltigend anf\u00fchlt.&#8220;<\/p>\n<div class=\"product-container hero-product-container product-block-no-wrap\">\n<div class=\"product-block-row\"><\/div>\n<div class=\"product-block-row\"><\/div>\n<div class=\"product-block-row\"><\/div>\n<\/div>\n<hr id=\"23b2a27f-f60a-4886-81aa-adf21db4359f\">\n<p id=\"789390c8-181b-4b80-9358-e6ceaf34e890\">Wenn Sie sich also fragen, was die unerwartete rote Theorie ersetzt? Die Antwort ist wirklich das Unerwartete. Egal, ob es sich um einen Pop aus Rot, Gelb, Chrom oder Blumen handelt, die Idee ist, etwas zu arbeiten, das scheinbar nicht in Ihre R\u00e4ume passt und beobachtet, wie es es zum Leben erweckt.<\/p>\n<\/div>\n","protected":false},"excerpt":{"rendered":"<p>Letztes Jahr um diese Zeit war mein Feed mit Rotpops \u00fcberflutet. Ein Lampenschirm hier, ein gl\u00e4nzender lackierter Tisch dort. Alles im Namen der viralen &#8222;unerwarteten<\/p>\n","protected":false},"author":1,"featured_media":8272,"comment_status":"closed","ping_status":"","sticky":false,"template":"","format":"standard","meta":{"footnotes":""},"categories":[118],"tags":[357,176,46,9,143,1554,43,10605,189,384,8189,1020,10603,142,1163,10604,1569,504,532,4272,1130,26,411,526],"class_list":["post-8271","post","type-post","status-publish","format-standard","has-post-thumbnail","hentry","category-haus-garten","tag-aber","tag-alle","tag-auf","tag-die","tag-diese","tag-dieser","tag-ein","tag-entwickelt","tag-hat","tag-jahr","tag-letztes","tag-rote","tag-sauer","tag-sich","tag-spaeter","tag-theorie","tag-tiktok","tag-trend","tag-unerwartete","tag-virale","tag-waren","tag-wie","tag-wir","tag-zeit","generate-columns","tablet-grid-50","mobile-grid-100","grid-parent","grid-50"],"yoast_head":"<!-- This site is optimized with the Yoast SEO plugin v27.3 - https:\/\/yoast.com\/product\/yoast-seo-wordpress\/ -->\n<title>Um diese Zeit letztes Jahr waren wir alle sauer auf die unerwartete rote Theorie - aber wie hat sich dieser virale Tiktok -Trend ein Jahr sp\u00e4ter entwickelt? - Nachrichten - Stra\u00dfenweb<\/title>\n<meta name=\"robots\" content=\"index, follow, max-snippet:-1, max-image-preview:large, max-video-preview:-1\" \/>\n<link rel=\"canonical\" href=\"https:\/\/www.strassenweb.de\/nachrichten\/um-diese-zeit-letztes-jahr-waren-wir-alle-sauer-auf-die-unerwartete-rote-theorie-aber-wie-hat-sich-dieser-virale-tiktok-trend-ein-jahr-spaeter-entwickelt\/\" \/>\n<meta property=\"og:locale\" content=\"de_DE\" \/>\n<meta property=\"og:type\" content=\"article\" \/>\n<meta property=\"og:title\" content=\"Um diese Zeit letztes Jahr waren wir alle sauer auf die unerwartete rote Theorie - aber wie hat sich dieser virale Tiktok -Trend ein Jahr sp\u00e4ter entwickelt? - Nachrichten - Stra\u00dfenweb\" \/>\n<meta property=\"og:description\" content=\"Letztes Jahr um diese Zeit war mein Feed mit Rotpops \u00fcberflutet. Ein Lampenschirm hier, ein gl\u00e4nzender lackierter Tisch dort. Alles im Namen der viralen &#8222;unerwarteten\" \/>\n<meta property=\"og:url\" content=\"https:\/\/www.strassenweb.de\/nachrichten\/um-diese-zeit-letztes-jahr-waren-wir-alle-sauer-auf-die-unerwartete-rote-theorie-aber-wie-hat-sich-dieser-virale-tiktok-trend-ein-jahr-spaeter-entwickelt\/\" \/>\n<meta property=\"og:site_name\" content=\"Stra\u00dfenweb\" \/>\n<meta property=\"article:publisher\" content=\"https:\/\/www.facebook.com\/strassenweb\/\" \/>\n<meta property=\"article:published_time\" content=\"2025-10-07T05:39:17+00:00\" \/>\n<meta property=\"article:modified_time\" content=\"2025-10-07T05:39:18+00:00\" \/>\n<meta property=\"og:image\" content=\"https:\/\/www.strassenweb.de\/nachrichten\/wp-content\/uploads\/2025\/10\/Um-diese-Zeit-letztes-Jahr-waren-wir-alle-sauer-auf.jpg\" \/>\n\t<meta property=\"og:image:width\" content=\"1600\" \/>\n\t<meta property=\"og:image:height\" content=\"900\" \/>\n\t<meta property=\"og:image:type\" content=\"image\/jpeg\" \/>\n<meta name=\"author\" content=\"Robert Hoffmann\" \/>\n<meta name=\"twitter:card\" content=\"summary_large_image\" \/>\n<meta name=\"twitter:label1\" content=\"Verfasst von\" \/>\n\t<meta name=\"twitter:data1\" content=\"Robert Hoffmann\" \/>\n\t<meta name=\"twitter:label2\" content=\"Gesch\u00e4tzte Lesezeit\" \/>\n\t<meta name=\"twitter:data2\" content=\"5\u00a0Minuten\" \/>\n<script type=\"application\/ld+json\" class=\"yoast-schema-graph\">{\"@context\":\"https:\\\/\\\/schema.org\",\"@graph\":[{\"@type\":\"Article\",\"@id\":\"https:\\\/\\\/www.strassenweb.de\\\/nachrichten\\\/um-diese-zeit-letztes-jahr-waren-wir-alle-sauer-auf-die-unerwartete-rote-theorie-aber-wie-hat-sich-dieser-virale-tiktok-trend-ein-jahr-spaeter-entwickelt\\\/#article\",\"isPartOf\":{\"@id\":\"https:\\\/\\\/www.strassenweb.de\\\/nachrichten\\\/um-diese-zeit-letztes-jahr-waren-wir-alle-sauer-auf-die-unerwartete-rote-theorie-aber-wie-hat-sich-dieser-virale-tiktok-trend-ein-jahr-spaeter-entwickelt\\\/\"},\"author\":{\"name\":\"Robert Hoffmann\",\"@id\":\"https:\\\/\\\/www.strassenweb.de\\\/nachrichten\\\/#\\\/schema\\\/person\\\/87c9c9067f1211da429a744dc5a5aa41\"},\"headline\":\"Um diese Zeit letztes Jahr waren wir alle sauer auf die unerwartete rote Theorie &#8211; aber wie hat sich dieser virale Tiktok -Trend ein Jahr sp\u00e4ter entwickelt?\",\"datePublished\":\"2025-10-07T05:39:17+00:00\",\"dateModified\":\"2025-10-07T05:39:18+00:00\",\"mainEntityOfPage\":{\"@id\":\"https:\\\/\\\/www.strassenweb.de\\\/nachrichten\\\/um-diese-zeit-letztes-jahr-waren-wir-alle-sauer-auf-die-unerwartete-rote-theorie-aber-wie-hat-sich-dieser-virale-tiktok-trend-ein-jahr-spaeter-entwickelt\\\/\"},\"wordCount\":991,\"publisher\":{\"@id\":\"https:\\\/\\\/www.strassenweb.de\\\/nachrichten\\\/#organization\"},\"image\":{\"@id\":\"https:\\\/\\\/www.strassenweb.de\\\/nachrichten\\\/um-diese-zeit-letztes-jahr-waren-wir-alle-sauer-auf-die-unerwartete-rote-theorie-aber-wie-hat-sich-dieser-virale-tiktok-trend-ein-jahr-spaeter-entwickelt\\\/#primaryimage\"},\"thumbnailUrl\":\"https:\\\/\\\/www.strassenweb.de\\\/nachrichten\\\/wp-content\\\/uploads\\\/2025\\\/10\\\/Um-diese-Zeit-letztes-Jahr-waren-wir-alle-sauer-auf.jpg\",\"keywords\":[\"aber\",\"alle\",\"auf\",\"die\",\"diese\",\"dieser\",\"ein\",\"entwickelt\",\"hat\",\"Jahr\",\"Letztes\",\"rote\",\"sauer\",\"sich\",\"sp\u00e4ter\",\"Theorie\",\"Tiktok\",\"Trend\",\"unerwartete\",\"virale\",\"waren\",\"Wie\",\"wir\",\"Zeit\"],\"articleSection\":[\"Haus &amp; Garten\"],\"inLanguage\":\"de\"},{\"@type\":\"WebPage\",\"@id\":\"https:\\\/\\\/www.strassenweb.de\\\/nachrichten\\\/um-diese-zeit-letztes-jahr-waren-wir-alle-sauer-auf-die-unerwartete-rote-theorie-aber-wie-hat-sich-dieser-virale-tiktok-trend-ein-jahr-spaeter-entwickelt\\\/\",\"url\":\"https:\\\/\\\/www.strassenweb.de\\\/nachrichten\\\/um-diese-zeit-letztes-jahr-waren-wir-alle-sauer-auf-die-unerwartete-rote-theorie-aber-wie-hat-sich-dieser-virale-tiktok-trend-ein-jahr-spaeter-entwickelt\\\/\",\"name\":\"Um diese Zeit letztes Jahr waren wir alle sauer auf die unerwartete rote Theorie - aber wie hat sich dieser virale Tiktok -Trend ein Jahr sp\u00e4ter entwickelt? - Nachrichten - Stra\u00dfenweb\",\"isPartOf\":{\"@id\":\"https:\\\/\\\/www.strassenweb.de\\\/nachrichten\\\/#website\"},\"primaryImageOfPage\":{\"@id\":\"https:\\\/\\\/www.strassenweb.de\\\/nachrichten\\\/um-diese-zeit-letztes-jahr-waren-wir-alle-sauer-auf-die-unerwartete-rote-theorie-aber-wie-hat-sich-dieser-virale-tiktok-trend-ein-jahr-spaeter-entwickelt\\\/#primaryimage\"},\"image\":{\"@id\":\"https:\\\/\\\/www.strassenweb.de\\\/nachrichten\\\/um-diese-zeit-letztes-jahr-waren-wir-alle-sauer-auf-die-unerwartete-rote-theorie-aber-wie-hat-sich-dieser-virale-tiktok-trend-ein-jahr-spaeter-entwickelt\\\/#primaryimage\"},\"thumbnailUrl\":\"https:\\\/\\\/www.strassenweb.de\\\/nachrichten\\\/wp-content\\\/uploads\\\/2025\\\/10\\\/Um-diese-Zeit-letztes-Jahr-waren-wir-alle-sauer-auf.jpg\",\"datePublished\":\"2025-10-07T05:39:17+00:00\",\"dateModified\":\"2025-10-07T05:39:18+00:00\",\"breadcrumb\":{\"@id\":\"https:\\\/\\\/www.strassenweb.de\\\/nachrichten\\\/um-diese-zeit-letztes-jahr-waren-wir-alle-sauer-auf-die-unerwartete-rote-theorie-aber-wie-hat-sich-dieser-virale-tiktok-trend-ein-jahr-spaeter-entwickelt\\\/#breadcrumb\"},\"inLanguage\":\"de\",\"potentialAction\":[{\"@type\":\"ReadAction\",\"target\":[\"https:\\\/\\\/www.strassenweb.de\\\/nachrichten\\\/um-diese-zeit-letztes-jahr-waren-wir-alle-sauer-auf-die-unerwartete-rote-theorie-aber-wie-hat-sich-dieser-virale-tiktok-trend-ein-jahr-spaeter-entwickelt\\\/\"]}]},{\"@type\":\"ImageObject\",\"inLanguage\":\"de\",\"@id\":\"https:\\\/\\\/www.strassenweb.de\\\/nachrichten\\\/um-diese-zeit-letztes-jahr-waren-wir-alle-sauer-auf-die-unerwartete-rote-theorie-aber-wie-hat-sich-dieser-virale-tiktok-trend-ein-jahr-spaeter-entwickelt\\\/#primaryimage\",\"url\":\"https:\\\/\\\/www.strassenweb.de\\\/nachrichten\\\/wp-content\\\/uploads\\\/2025\\\/10\\\/Um-diese-Zeit-letztes-Jahr-waren-wir-alle-sauer-auf.jpg\",\"contentUrl\":\"https:\\\/\\\/www.strassenweb.de\\\/nachrichten\\\/wp-content\\\/uploads\\\/2025\\\/10\\\/Um-diese-Zeit-letztes-Jahr-waren-wir-alle-sauer-auf.jpg\",\"width\":1600,\"height\":900,\"caption\":\"bedroom painted in butter yellow paint from the mylands x beata heuman collaboration with a yellow bed linen canopy and blue toile bedding\"},{\"@type\":\"BreadcrumbList\",\"@id\":\"https:\\\/\\\/www.strassenweb.de\\\/nachrichten\\\/um-diese-zeit-letztes-jahr-waren-wir-alle-sauer-auf-die-unerwartete-rote-theorie-aber-wie-hat-sich-dieser-virale-tiktok-trend-ein-jahr-spaeter-entwickelt\\\/#breadcrumb\",\"itemListElement\":[{\"@type\":\"ListItem\",\"position\":1,\"name\":\"Home\",\"item\":\"https:\\\/\\\/www.strassenweb.de\\\/nachrichten\\\/\"},{\"@type\":\"ListItem\",\"position\":2,\"name\":\"Um diese Zeit letztes Jahr waren wir alle sauer auf die unerwartete rote Theorie &#8211; aber wie hat sich dieser virale Tiktok -Trend ein Jahr sp\u00e4ter entwickelt?\"}]},{\"@type\":\"WebSite\",\"@id\":\"https:\\\/\\\/www.strassenweb.de\\\/nachrichten\\\/#website\",\"url\":\"https:\\\/\\\/www.strassenweb.de\\\/nachrichten\\\/\",\"name\":\"Stra\u00dfenweb\",\"description\":\"Stra\u00dfenverzeichnis f\u00fcr Deutschland\",\"publisher\":{\"@id\":\"https:\\\/\\\/www.strassenweb.de\\\/nachrichten\\\/#organization\"},\"potentialAction\":[{\"@type\":\"SearchAction\",\"target\":{\"@type\":\"EntryPoint\",\"urlTemplate\":\"https:\\\/\\\/www.strassenweb.de\\\/nachrichten\\\/?s={search_term_string}\"},\"query-input\":{\"@type\":\"PropertyValueSpecification\",\"valueRequired\":true,\"valueName\":\"search_term_string\"}}],\"inLanguage\":\"de\"},{\"@type\":\"Organization\",\"@id\":\"https:\\\/\\\/www.strassenweb.de\\\/nachrichten\\\/#organization\",\"name\":\"Stra\u00dfenweb\",\"url\":\"https:\\\/\\\/www.strassenweb.de\\\/nachrichten\\\/\",\"logo\":{\"@type\":\"ImageObject\",\"inLanguage\":\"de\",\"@id\":\"https:\\\/\\\/www.strassenweb.de\\\/nachrichten\\\/#\\\/schema\\\/logo\\\/image\\\/\",\"url\":\"https:\\\/\\\/www.strassenweb.de\\\/nachrichten\\\/wp-content\\\/uploads\\\/2024\\\/09\\\/cropped-favicon.png\",\"contentUrl\":\"https:\\\/\\\/www.strassenweb.de\\\/nachrichten\\\/wp-content\\\/uploads\\\/2024\\\/09\\\/cropped-favicon.png\",\"width\":512,\"height\":512,\"caption\":\"Stra\u00dfenweb\"},\"image\":{\"@id\":\"https:\\\/\\\/www.strassenweb.de\\\/nachrichten\\\/#\\\/schema\\\/logo\\\/image\\\/\"},\"sameAs\":[\"https:\\\/\\\/www.facebook.com\\\/strassenweb\\\/\"]},{\"@type\":\"Person\",\"@id\":\"https:\\\/\\\/www.strassenweb.de\\\/nachrichten\\\/#\\\/schema\\\/person\\\/87c9c9067f1211da429a744dc5a5aa41\",\"name\":\"Robert Hoffmann\",\"image\":{\"@type\":\"ImageObject\",\"inLanguage\":\"de\",\"@id\":\"https:\\\/\\\/www.strassenweb.de\\\/nachrichten\\\/wp-content\\\/uploads\\\/2024\\\/09\\\/strassenweb-150x150.jpg\",\"url\":\"https:\\\/\\\/www.strassenweb.de\\\/nachrichten\\\/wp-content\\\/uploads\\\/2024\\\/09\\\/strassenweb-150x150.jpg\",\"contentUrl\":\"https:\\\/\\\/www.strassenweb.de\\\/nachrichten\\\/wp-content\\\/uploads\\\/2024\\\/09\\\/strassenweb-150x150.jpg\",\"caption\":\"Robert Hoffmann\"},\"description\":\"Ich hei\u00dfe Robert Hoffmann und ich bin ein leidenschaftlicher Verfechter von \u00d6kologie und Biodiversit\u00e4t. Seit meiner Kindheit in den W\u00e4ldern Bayerns f\u00fchle ich mich mit der Natur verbunden und bin entschlossen, sie zu sch\u00fctzen. Heute widme ich mein Leben der Sensibilisierung anderer f\u00fcr die Bedeutung des Umweltschutzes f\u00fcr zuk\u00fcnftige Generationen.\",\"sameAs\":[\"https:\\\/\\\/www.strassenweb.de\\\/\"]}]}<\/script>\n<!-- \/ Yoast SEO plugin. -->","yoast_head_json":{"title":"Um diese Zeit letztes Jahr waren wir alle sauer auf die unerwartete rote Theorie - aber wie hat sich dieser virale Tiktok -Trend ein Jahr sp\u00e4ter entwickelt? - Nachrichten - Stra\u00dfenweb","robots":{"index":"index","follow":"follow","max-snippet":"max-snippet:-1","max-image-preview":"max-image-preview:large","max-video-preview":"max-video-preview:-1"},"canonical":"https:\/\/www.strassenweb.de\/nachrichten\/um-diese-zeit-letztes-jahr-waren-wir-alle-sauer-auf-die-unerwartete-rote-theorie-aber-wie-hat-sich-dieser-virale-tiktok-trend-ein-jahr-spaeter-entwickelt\/","og_locale":"de_DE","og_type":"article","og_title":"Um diese Zeit letztes Jahr waren wir alle sauer auf die unerwartete rote Theorie - aber wie hat sich dieser virale Tiktok -Trend ein Jahr sp\u00e4ter entwickelt? - Nachrichten - Stra\u00dfenweb","og_description":"Letztes Jahr um diese Zeit war mein Feed mit Rotpops \u00fcberflutet. Ein Lampenschirm hier, ein gl\u00e4nzender lackierter Tisch dort. Alles im Namen der viralen &#8222;unerwarteten","og_url":"https:\/\/www.strassenweb.de\/nachrichten\/um-diese-zeit-letztes-jahr-waren-wir-alle-sauer-auf-die-unerwartete-rote-theorie-aber-wie-hat-sich-dieser-virale-tiktok-trend-ein-jahr-spaeter-entwickelt\/","og_site_name":"Stra\u00dfenweb","article_publisher":"https:\/\/www.facebook.com\/strassenweb\/","article_published_time":"2025-10-07T05:39:17+00:00","article_modified_time":"2025-10-07T05:39:18+00:00","og_image":[{"width":1600,"height":900,"url":"https:\/\/www.strassenweb.de\/nachrichten\/wp-content\/uploads\/2025\/10\/Um-diese-Zeit-letztes-Jahr-waren-wir-alle-sauer-auf.jpg","type":"image\/jpeg"}],"author":"Robert Hoffmann","twitter_card":"summary_large_image","twitter_misc":{"Verfasst von":"Robert Hoffmann","Gesch\u00e4tzte Lesezeit":"5\u00a0Minuten"},"schema":{"@context":"https:\/\/schema.org","@graph":[{"@type":"Article","@id":"https:\/\/www.strassenweb.de\/nachrichten\/um-diese-zeit-letztes-jahr-waren-wir-alle-sauer-auf-die-unerwartete-rote-theorie-aber-wie-hat-sich-dieser-virale-tiktok-trend-ein-jahr-spaeter-entwickelt\/#article","isPartOf":{"@id":"https:\/\/www.strassenweb.de\/nachrichten\/um-diese-zeit-letztes-jahr-waren-wir-alle-sauer-auf-die-unerwartete-rote-theorie-aber-wie-hat-sich-dieser-virale-tiktok-trend-ein-jahr-spaeter-entwickelt\/"},"author":{"name":"Robert Hoffmann","@id":"https:\/\/www.strassenweb.de\/nachrichten\/#\/schema\/person\/87c9c9067f1211da429a744dc5a5aa41"},"headline":"Um diese Zeit letztes Jahr waren wir alle sauer auf die unerwartete rote Theorie &#8211; aber wie hat sich dieser virale Tiktok -Trend ein Jahr sp\u00e4ter entwickelt?","datePublished":"2025-10-07T05:39:17+00:00","dateModified":"2025-10-07T05:39:18+00:00","mainEntityOfPage":{"@id":"https:\/\/www.strassenweb.de\/nachrichten\/um-diese-zeit-letztes-jahr-waren-wir-alle-sauer-auf-die-unerwartete-rote-theorie-aber-wie-hat-sich-dieser-virale-tiktok-trend-ein-jahr-spaeter-entwickelt\/"},"wordCount":991,"publisher":{"@id":"https:\/\/www.strassenweb.de\/nachrichten\/#organization"},"image":{"@id":"https:\/\/www.strassenweb.de\/nachrichten\/um-diese-zeit-letztes-jahr-waren-wir-alle-sauer-auf-die-unerwartete-rote-theorie-aber-wie-hat-sich-dieser-virale-tiktok-trend-ein-jahr-spaeter-entwickelt\/#primaryimage"},"thumbnailUrl":"https:\/\/www.strassenweb.de\/nachrichten\/wp-content\/uploads\/2025\/10\/Um-diese-Zeit-letztes-Jahr-waren-wir-alle-sauer-auf.jpg","keywords":["aber","alle","auf","die","diese","dieser","ein","entwickelt","hat","Jahr","Letztes","rote","sauer","sich","sp\u00e4ter","Theorie","Tiktok","Trend","unerwartete","virale","waren","Wie","wir","Zeit"],"articleSection":["Haus &amp; Garten"],"inLanguage":"de"},{"@type":"WebPage","@id":"https:\/\/www.strassenweb.de\/nachrichten\/um-diese-zeit-letztes-jahr-waren-wir-alle-sauer-auf-die-unerwartete-rote-theorie-aber-wie-hat-sich-dieser-virale-tiktok-trend-ein-jahr-spaeter-entwickelt\/","url":"https:\/\/www.strassenweb.de\/nachrichten\/um-diese-zeit-letztes-jahr-waren-wir-alle-sauer-auf-die-unerwartete-rote-theorie-aber-wie-hat-sich-dieser-virale-tiktok-trend-ein-jahr-spaeter-entwickelt\/","name":"Um diese Zeit letztes Jahr waren wir alle sauer auf die unerwartete rote Theorie - aber wie hat sich dieser virale Tiktok -Trend ein Jahr sp\u00e4ter entwickelt? - Nachrichten - Stra\u00dfenweb","isPartOf":{"@id":"https:\/\/www.strassenweb.de\/nachrichten\/#website"},"primaryImageOfPage":{"@id":"https:\/\/www.strassenweb.de\/nachrichten\/um-diese-zeit-letztes-jahr-waren-wir-alle-sauer-auf-die-unerwartete-rote-theorie-aber-wie-hat-sich-dieser-virale-tiktok-trend-ein-jahr-spaeter-entwickelt\/#primaryimage"},"image":{"@id":"https:\/\/www.strassenweb.de\/nachrichten\/um-diese-zeit-letztes-jahr-waren-wir-alle-sauer-auf-die-unerwartete-rote-theorie-aber-wie-hat-sich-dieser-virale-tiktok-trend-ein-jahr-spaeter-entwickelt\/#primaryimage"},"thumbnailUrl":"https:\/\/www.strassenweb.de\/nachrichten\/wp-content\/uploads\/2025\/10\/Um-diese-Zeit-letztes-Jahr-waren-wir-alle-sauer-auf.jpg","datePublished":"2025-10-07T05:39:17+00:00","dateModified":"2025-10-07T05:39:18+00:00","breadcrumb":{"@id":"https:\/\/www.strassenweb.de\/nachrichten\/um-diese-zeit-letztes-jahr-waren-wir-alle-sauer-auf-die-unerwartete-rote-theorie-aber-wie-hat-sich-dieser-virale-tiktok-trend-ein-jahr-spaeter-entwickelt\/#breadcrumb"},"inLanguage":"de","potentialAction":[{"@type":"ReadAction","target":["https:\/\/www.strassenweb.de\/nachrichten\/um-diese-zeit-letztes-jahr-waren-wir-alle-sauer-auf-die-unerwartete-rote-theorie-aber-wie-hat-sich-dieser-virale-tiktok-trend-ein-jahr-spaeter-entwickelt\/"]}]},{"@type":"ImageObject","inLanguage":"de","@id":"https:\/\/www.strassenweb.de\/nachrichten\/um-diese-zeit-letztes-jahr-waren-wir-alle-sauer-auf-die-unerwartete-rote-theorie-aber-wie-hat-sich-dieser-virale-tiktok-trend-ein-jahr-spaeter-entwickelt\/#primaryimage","url":"https:\/\/www.strassenweb.de\/nachrichten\/wp-content\/uploads\/2025\/10\/Um-diese-Zeit-letztes-Jahr-waren-wir-alle-sauer-auf.jpg","contentUrl":"https:\/\/www.strassenweb.de\/nachrichten\/wp-content\/uploads\/2025\/10\/Um-diese-Zeit-letztes-Jahr-waren-wir-alle-sauer-auf.jpg","width":1600,"height":900,"caption":"bedroom painted in butter yellow paint from the mylands x beata heuman collaboration with a yellow bed linen canopy and blue toile bedding"},{"@type":"BreadcrumbList","@id":"https:\/\/www.strassenweb.de\/nachrichten\/um-diese-zeit-letztes-jahr-waren-wir-alle-sauer-auf-die-unerwartete-rote-theorie-aber-wie-hat-sich-dieser-virale-tiktok-trend-ein-jahr-spaeter-entwickelt\/#breadcrumb","itemListElement":[{"@type":"ListItem","position":1,"name":"Home","item":"https:\/\/www.strassenweb.de\/nachrichten\/"},{"@type":"ListItem","position":2,"name":"Um diese Zeit letztes Jahr waren wir alle sauer auf die unerwartete rote Theorie &#8211; aber wie hat sich dieser virale Tiktok -Trend ein Jahr sp\u00e4ter entwickelt?"}]},{"@type":"WebSite","@id":"https:\/\/www.strassenweb.de\/nachrichten\/#website","url":"https:\/\/www.strassenweb.de\/nachrichten\/","name":"Stra\u00dfenweb","description":"Stra\u00dfenverzeichnis f\u00fcr Deutschland","publisher":{"@id":"https:\/\/www.strassenweb.de\/nachrichten\/#organization"},"potentialAction":[{"@type":"SearchAction","target":{"@type":"EntryPoint","urlTemplate":"https:\/\/www.strassenweb.de\/nachrichten\/?s={search_term_string}"},"query-input":{"@type":"PropertyValueSpecification","valueRequired":true,"valueName":"search_term_string"}}],"inLanguage":"de"},{"@type":"Organization","@id":"https:\/\/www.strassenweb.de\/nachrichten\/#organization","name":"Stra\u00dfenweb","url":"https:\/\/www.strassenweb.de\/nachrichten\/","logo":{"@type":"ImageObject","inLanguage":"de","@id":"https:\/\/www.strassenweb.de\/nachrichten\/#\/schema\/logo\/image\/","url":"https:\/\/www.strassenweb.de\/nachrichten\/wp-content\/uploads\/2024\/09\/cropped-favicon.png","contentUrl":"https:\/\/www.strassenweb.de\/nachrichten\/wp-content\/uploads\/2024\/09\/cropped-favicon.png","width":512,"height":512,"caption":"Stra\u00dfenweb"},"image":{"@id":"https:\/\/www.strassenweb.de\/nachrichten\/#\/schema\/logo\/image\/"},"sameAs":["https:\/\/www.facebook.com\/strassenweb\/"]},{"@type":"Person","@id":"https:\/\/www.strassenweb.de\/nachrichten\/#\/schema\/person\/87c9c9067f1211da429a744dc5a5aa41","name":"Robert Hoffmann","image":{"@type":"ImageObject","inLanguage":"de","@id":"https:\/\/www.strassenweb.de\/nachrichten\/wp-content\/uploads\/2024\/09\/strassenweb-150x150.jpg","url":"https:\/\/www.strassenweb.de\/nachrichten\/wp-content\/uploads\/2024\/09\/strassenweb-150x150.jpg","contentUrl":"https:\/\/www.strassenweb.de\/nachrichten\/wp-content\/uploads\/2024\/09\/strassenweb-150x150.jpg","caption":"Robert Hoffmann"},"description":"Ich hei\u00dfe Robert Hoffmann und ich bin ein leidenschaftlicher Verfechter von \u00d6kologie und Biodiversit\u00e4t. Seit meiner Kindheit in den W\u00e4ldern Bayerns f\u00fchle ich mich mit der Natur verbunden und bin entschlossen, sie zu sch\u00fctzen. Heute widme ich mein Leben der Sensibilisierung anderer f\u00fcr die Bedeutung des Umweltschutzes f\u00fcr zuk\u00fcnftige Generationen.","sameAs":["https:\/\/www.strassenweb.de\/"]}]}},"_links":{"self":[{"href":"https:\/\/www.strassenweb.de\/nachrichten\/wp-json\/wp\/v2\/posts\/8271","targetHints":{"allow":["GET"]}}],"collection":[{"href":"https:\/\/www.strassenweb.de\/nachrichten\/wp-json\/wp\/v2\/posts"}],"about":[{"href":"https:\/\/www.strassenweb.de\/nachrichten\/wp-json\/wp\/v2\/types\/post"}],"author":[{"embeddable":true,"href":"https:\/\/www.strassenweb.de\/nachrichten\/wp-json\/wp\/v2\/users\/1"}],"replies":[{"embeddable":true,"href":"https:\/\/www.strassenweb.de\/nachrichten\/wp-json\/wp\/v2\/comments?post=8271"}],"version-history":[{"count":0,"href":"https:\/\/www.strassenweb.de\/nachrichten\/wp-json\/wp\/v2\/posts\/8271\/revisions"}],"wp:featuredmedia":[{"embeddable":true,"href":"https:\/\/www.strassenweb.de\/nachrichten\/wp-json\/wp\/v2\/media\/8272"}],"wp:attachment":[{"href":"https:\/\/www.strassenweb.de\/nachrichten\/wp-json\/wp\/v2\/media?parent=8271"}],"wp:term":[{"taxonomy":"category","embeddable":true,"href":"https:\/\/www.strassenweb.de\/nachrichten\/wp-json\/wp\/v2\/categories?post=8271"},{"taxonomy":"post_tag","embeddable":true,"href":"https:\/\/www.strassenweb.de\/nachrichten\/wp-json\/wp\/v2\/tags?post=8271"}],"curies":[{"name":"wp","href":"https:\/\/api.w.org\/{rel}","templated":true}]}}