{"id":8268,"date":"2025-10-07T04:39:58","date_gmt":"2025-10-07T02:39:58","guid":{"rendered":"https:\/\/www.strassenweb.de\/nachrichten\/ich-habe-es-nicht-kommen-gesehen-aber-jennifer-anistons-dunkler-kuechenfarbenschema-dominiert-trends-und-ich-kann-nicht-wegsehen\/"},"modified":"2025-10-07T04:40:00","modified_gmt":"2025-10-07T02:40:00","slug":"ich-habe-es-nicht-kommen-gesehen-aber-jennifer-anistons-dunkler-kuechenfarbenschema-dominiert-trends-und-ich-kann-nicht-wegsehen","status":"publish","type":"post","link":"https:\/\/www.strassenweb.de\/nachrichten\/ich-habe-es-nicht-kommen-gesehen-aber-jennifer-anistons-dunkler-kuechenfarbenschema-dominiert-trends-und-ich-kann-nicht-wegsehen\/","title":{"rendered":"Ich habe es nicht kommen gesehen, aber Jennifer Anistons dunkler K\u00fcchenfarbenschema dominiert Trends &#8211; und ich kann nicht wegsehen"},"content":{"rendered":"<p><\/p>\n<div id=\"article-body\" class=\"article__body \">\n<p id=\"fe93600d-a455-4860-a984-18aa41423a31\">Die Schauspielerin Jennifer Aniston ist kein Unbekannter im Stil, und ihre K\u00fcche-eine Meisterklasse im modernen Luxus der Mitte des Jahrhunderts-bewahrt das zeitlose Ethos ihres Hauses von 1965 wundersch\u00f6n. W\u00e4hrend die klaren Linien und die blassen Holzkabinen im Mittelpunkt stehen, ist das reichhaltige schwarze K\u00fcchenfarbenschema, das auf der dramatischen Zentralinsel und der Perimeter -Arbeitsplatten verwendet wird, der eigentliche Star der Show.<\/p>\n<div id=\"ad-unit-1\" class=\"ad-unit\"><\/div>\n<p>Wagempfindliche und dekadente, schwarze K\u00fcchenideen sind schwer richtig zu werden, aber sobald sie gemeistert werden, k\u00f6nnen sie Ihrem Raum wie keine andere Farbe ein elegantes Vertrauen verleihen. Ohne Zweifel ist das Dekorieren mit Schwarz der dominierende Farbtrend in 2025 und 2026, da Hausbesitzer sich nach Tiefe, Kontrast und Raffinesse sehnen, um den starken wei\u00dfen Minimalismus des letzten Jahrzehnts zu ersetzen.<\/p>\n<div class=\"instagram-embed\" id=\"BiYDbFfAKZf\">\n<blockquote class=\"instagram-media\" data-instgrm-version=\"6\" style=\"width:99.375%; width:-webkit-calc(100% - 2px); width:calc(100% - 2px);\">\n<p>Ein Beitrag, der von Jane Hallworth (@hallworthandheathens) geteilt wird<\/p>\n<p>Ein Foto von on <\/p>\n<\/blockquote>\n<\/div>\n<aside data-block-type=\"embed\" data-render-type=\"fte\" data-skip=\"dealsy\" data-widget-type=\"seasonal\" class=\"hawk-root\"><\/aside>\n<p id=\"3b5d712d-4057-470a-b663-45a15b867673-0\">Etwas wirklich Magisches passiert, wenn Sie Schwarz in einem Innenraum einf\u00fchren. &#8222;Der k\u00f6stliche Kontrast zwischen leichteren Objekten vor einem dunklen Hintergrund betont einzigartige Eigenschaften in Materialien und feinere Details, die Sie m\u00f6glicherweise in einem hellgef\u00fcllten, farbenfrohen Raum verpasst haben&#8220;, erkl\u00e4rt Marianne Shillingford, Creative Director bei Dulux. Dieses dynamische Zusammenspiel zwischen Licht und Schatten ist der Schl\u00fcssel f\u00fcr die dauerhafte Anziehungskraft des modernen K\u00fcchenaussehens.<\/p>\n<div class=\"van_vid_carousel\">\n<div class=\"van_vid_carousel__padding\">\n<div class=\"van_vid_carousel__container\"><\/div>\n<\/div>\n<\/div>\n<p>Und selbst wenn Sie nicht bereit f\u00fcr schwarze raumhohe schwarze sind, k\u00f6nnen kleine Akzente Definition und Drama hinzuf\u00fcgen, ohne einen Raum zu \u00fcberw\u00e4ltigen. \u00bbWenn Sie einen T\u00fcrrahmen, Regale oder Fensterrahmen in Schwarz aussuchen, wird ein Raum zum Leben erweckt&#8220;, f\u00fcgt Alison Teverini von Milward Teverini hinzu.<\/p>\n<div id=\"ad-unit-2\" class=\"ad-unit\"><\/div>\n<p>Bei der Auswahl dieses k\u00fchnen Farbton gibt es viele Schwarzt\u00f6ne zu ber\u00fccksichtigen, und einige arbeiten m\u00f6glicherweise nicht mit dem Rest Ihres Schemas. Der Trick besteht darin, die subtilen Untert\u00f6ne zu identifizieren, die einen schwarzen Farbton von einem anderen definieren. Quellen Sie Proben von Stoff und Tapeten und vergleichen Sie diese mit Ihren Farbmustern, damit Sie sehen k\u00f6nnen, welche Farben sich harmonisch anf\u00fchlen und welche sich falsch anf\u00fchlen.<\/p>\n<p>&#8222;Es ist manchmal schwierig, subtile Variationen auf kleinen Farbfeldern zu erkennen. Stellen Sie daher sicher, dass Sie ein gr\u00f6\u00dferes Beispiel bestellen&#8220;, r\u00e4t Helen Harlow vom in London ans\u00e4ssigen Designstudio in Paintbox.<\/p>\n<figure class=\"van-image-figure inline-layout \" data-bordeaux-image-check id=\"2e515ae3-2696-48a7-a86a-4dbb7da8e993\">\n<div class=\"image-full-width-wrapper\">\n<div class=\"image-widthsetter\" style=\"max-width:2000px;\"><\/div>\n<\/div><figcaption class=\"inline-layout \">\n<div class=\"caption-text\">\n<p>\u00c4hnliche dunkle K\u00fcche<\/p>\n<\/div>\n<\/figcaption><\/figure>\n<p id=\"08634130-9d5c-44c4-99e7-f86d837034b3\">Gl\u00fccklicherweise spielt es keine Rolle, in welchem \u200b\u200bRaum Sie schwarz malen m\u00f6chten. Es ist nur wichtig, wie Sie die Farbe anwenden. Schwarz ist eine dramatische, starke und \u00fcberraschend verzeihende Raumidee in einer K\u00fcche-in dieser Umgebung verwenden Sie also reichhaltige Holzkohle oder Blau-Schwarz. Folgen Sie dann Jennifer Anistons Beispiel, indem Sie den Look mit blassen Holz, wei\u00dfen Decken und leichten Arbeitsplatten ausbalancieren, um zu verhindern, dass sich der Raum bedr\u00fcckend anf\u00fchlt. Die Tiefe des Pigments dunklerer Graut\u00f6ne und Schwarzen bedeutet, dass sie einen emotionalen Inhalt bieten, der genauso f\u00f6rderend oder beruhigend sein kann, insbesondere wenn Sie ein mattes, samtiges Finish einnehmen.<\/p>\n<div id=\"slice-container-newsletterForm-articleInbodyContent-vVK8HJ2HZPSJqMfaDDB8gD\" class=\"slice-container newsletter-inbodyContent-slice newsletterForm-articleInbodyContent-vVK8HJ2HZPSJqMfaDDB8gD slice-container-newsletterForm\"><\/div>\n<p>F\u00fcr einige Hausbesitzer mag sich die Idee dunkler Farben ahnungsvoll anf\u00fchlen, aber f\u00fcr andere ist es die dunkle &#8222;Nacht&#8220; eines Schattens, der in einem Raumschema Gelassenheit bietet.<\/p>\n<p>Ein letztes Wort der Warnung f\u00fcr Ihre Renovierung: Schicken Sie nicht auf die Qualit\u00e4t Ihrer Farbe. Schwarze und dunkle Farben sind bekannt daf\u00fcr, dass sie Rollschuhen, Abnutzungen und Unvollkommenheiten gezeigt haben-in eine hochwertige matte Formel zu investieren, ist f\u00fcr ein makelloses, luxuri\u00f6ses Finish, das bis in 2026 dauern wird, von wesentlicher Bedeutung.<\/p>\n<h3 class=\"article-body__section\" id=\"section-shop-the-look\"><span>Kaufen Sie den Look ein<\/span><\/h3>\n<p id=\"e25e5e24-270f-4e11-9764-acf57c72ce6c\">Schwarz muss nicht allein aus Farbe kommen. Was auch immer Sie w\u00e4hlen, investieren Sie in hochwertige Oberfl\u00e4chen. F\u00fcr ein m\u00fcheloses Farbaktualisierung schwarz durch Dekorakzente einbeziehen &#8211; denken Sie an Teppiche, Bodenl\u00e4ufer, Vorh\u00e4nge oder gepolsterte St\u00fccke. Dunkelh\u00e4user Muster k\u00f6nnen ein neutrales Schema verankern und Tiefe und Raffinesse ohne vollst\u00e4ndige Repaint verleihen.<\/p>\n<div class=\"product-container hero-product-container product-block-no-wrap\">\n<div class=\"product-block-row\"><\/div>\n<div class=\"product-block-row\"><\/div>\n<div class=\"product-block-row\"><\/div>\n<\/div>\n<div class=\"block\" id=\"articleTag\" data-component-name=\"PostArticleLinks\">\n<div class=\"border-b border-b-black border-solid py-2.5 text-black font-bold uppercase\">Themen<\/div>\n<nav class=\"py-2.5 flex gap-2.5 flex-wrap\" data-analytics-id=\"article-tag\">\n<p>Jennifer Aniston<\/p>\n<\/nav>\n<\/div>\n<\/div>\n<p><script async src=\"\/\/www.instagram.com\/embed.js\"><\/script><\/p>\n","protected":false},"excerpt":{"rendered":"<p>Die Schauspielerin Jennifer Aniston ist kein Unbekannter im Stil, und ihre K\u00fcche-eine Meisterklasse im modernen Luxus der Mitte des Jahrhunderts-bewahrt das zeitlose Ethos ihres Hauses<\/p>\n","protected":false},"author":1,"featured_media":8269,"comment_status":"closed","ping_status":"","sticky":false,"template":"","format":"standard","meta":{"footnotes":""},"categories":[118],"tags":[357,2711,2715,9034,1905,823,129,528,781,2119,10601,61,1733,37,10602],"class_list":["post-8268","post","type-post","status-publish","format-standard","has-post-thumbnail","hentry","category-haus-garten","tag-aber","tag-anistons","tag-dominiert","tag-dunkler","tag-gesehen","tag-habe","tag-ich","tag-jennifer","tag-kann","tag-kommen","tag-kuechenfarbenschema","tag-nicht","tag-trends","tag-und","tag-wegsehen","generate-columns","tablet-grid-50","mobile-grid-100","grid-parent","grid-50"],"yoast_head":"<!-- This site is optimized with the Yoast SEO plugin v27.3 - https:\/\/yoast.com\/product\/yoast-seo-wordpress\/ -->\n<title>Ich habe es nicht kommen gesehen, aber Jennifer Anistons dunkler K\u00fcchenfarbenschema dominiert Trends - und ich kann nicht wegsehen - Nachrichten - Stra\u00dfenweb<\/title>\n<meta name=\"robots\" content=\"index, follow, max-snippet:-1, max-image-preview:large, max-video-preview:-1\" \/>\n<link rel=\"canonical\" href=\"https:\/\/www.strassenweb.de\/nachrichten\/ich-habe-es-nicht-kommen-gesehen-aber-jennifer-anistons-dunkler-kuechenfarbenschema-dominiert-trends-und-ich-kann-nicht-wegsehen\/\" \/>\n<meta property=\"og:locale\" content=\"de_DE\" \/>\n<meta property=\"og:type\" content=\"article\" \/>\n<meta property=\"og:title\" content=\"Ich habe es nicht kommen gesehen, aber Jennifer Anistons dunkler K\u00fcchenfarbenschema dominiert Trends - und ich kann nicht wegsehen - Nachrichten - Stra\u00dfenweb\" \/>\n<meta property=\"og:description\" content=\"Die Schauspielerin Jennifer Aniston ist kein Unbekannter im Stil, und ihre K\u00fcche-eine Meisterklasse im modernen Luxus der Mitte des Jahrhunderts-bewahrt das zeitlose Ethos ihres Hauses\" \/>\n<meta property=\"og:url\" content=\"https:\/\/www.strassenweb.de\/nachrichten\/ich-habe-es-nicht-kommen-gesehen-aber-jennifer-anistons-dunkler-kuechenfarbenschema-dominiert-trends-und-ich-kann-nicht-wegsehen\/\" \/>\n<meta property=\"og:site_name\" content=\"Stra\u00dfenweb\" \/>\n<meta property=\"article:publisher\" content=\"https:\/\/www.facebook.com\/strassenweb\/\" \/>\n<meta property=\"article:published_time\" content=\"2025-10-07T02:39:58+00:00\" \/>\n<meta property=\"article:modified_time\" content=\"2025-10-07T02:40:00+00:00\" \/>\n<meta property=\"og:image\" content=\"https:\/\/www.strassenweb.de\/nachrichten\/wp-content\/uploads\/2025\/10\/Ich-habe-es-nicht-kommen-gesehen-aber-Jennifer-Anistons-dunkler.jpg\" \/>\n\t<meta property=\"og:image:width\" content=\"2560\" \/>\n\t<meta property=\"og:image:height\" content=\"1440\" \/>\n\t<meta property=\"og:image:type\" content=\"image\/jpeg\" \/>\n<meta name=\"author\" content=\"Robert Hoffmann\" \/>\n<meta name=\"twitter:card\" content=\"summary_large_image\" \/>\n<meta name=\"twitter:label1\" content=\"Verfasst von\" \/>\n\t<meta name=\"twitter:data1\" content=\"Robert Hoffmann\" \/>\n\t<meta name=\"twitter:label2\" content=\"Gesch\u00e4tzte Lesezeit\" \/>\n\t<meta name=\"twitter:data2\" content=\"3\u00a0Minuten\" \/>\n<script type=\"application\/ld+json\" class=\"yoast-schema-graph\">{\"@context\":\"https:\\\/\\\/schema.org\",\"@graph\":[{\"@type\":\"Article\",\"@id\":\"https:\\\/\\\/www.strassenweb.de\\\/nachrichten\\\/ich-habe-es-nicht-kommen-gesehen-aber-jennifer-anistons-dunkler-kuechenfarbenschema-dominiert-trends-und-ich-kann-nicht-wegsehen\\\/#article\",\"isPartOf\":{\"@id\":\"https:\\\/\\\/www.strassenweb.de\\\/nachrichten\\\/ich-habe-es-nicht-kommen-gesehen-aber-jennifer-anistons-dunkler-kuechenfarbenschema-dominiert-trends-und-ich-kann-nicht-wegsehen\\\/\"},\"author\":{\"name\":\"Robert Hoffmann\",\"@id\":\"https:\\\/\\\/www.strassenweb.de\\\/nachrichten\\\/#\\\/schema\\\/person\\\/87c9c9067f1211da429a744dc5a5aa41\"},\"headline\":\"Ich habe es nicht kommen gesehen, aber Jennifer Anistons dunkler K\u00fcchenfarbenschema dominiert Trends &#8211; und ich kann nicht wegsehen\",\"datePublished\":\"2025-10-07T02:39:58+00:00\",\"dateModified\":\"2025-10-07T02:40:00+00:00\",\"mainEntityOfPage\":{\"@id\":\"https:\\\/\\\/www.strassenweb.de\\\/nachrichten\\\/ich-habe-es-nicht-kommen-gesehen-aber-jennifer-anistons-dunkler-kuechenfarbenschema-dominiert-trends-und-ich-kann-nicht-wegsehen\\\/\"},\"wordCount\":655,\"publisher\":{\"@id\":\"https:\\\/\\\/www.strassenweb.de\\\/nachrichten\\\/#organization\"},\"image\":{\"@id\":\"https:\\\/\\\/www.strassenweb.de\\\/nachrichten\\\/ich-habe-es-nicht-kommen-gesehen-aber-jennifer-anistons-dunkler-kuechenfarbenschema-dominiert-trends-und-ich-kann-nicht-wegsehen\\\/#primaryimage\"},\"thumbnailUrl\":\"https:\\\/\\\/www.strassenweb.de\\\/nachrichten\\\/wp-content\\\/uploads\\\/2025\\\/10\\\/Ich-habe-es-nicht-kommen-gesehen-aber-Jennifer-Anistons-dunkler.jpg\",\"keywords\":[\"aber\",\"Anistons\",\"dominiert\",\"Dunkler\",\"gesehen\",\"habe\",\"ich\",\"Jennifer\",\"kann\",\"kommen\",\"K\u00fcchenfarbenschema\",\"nicht\",\"Trends\",\"und\",\"wegsehen\"],\"articleSection\":[\"Haus &amp; Garten\"],\"inLanguage\":\"de\"},{\"@type\":\"WebPage\",\"@id\":\"https:\\\/\\\/www.strassenweb.de\\\/nachrichten\\\/ich-habe-es-nicht-kommen-gesehen-aber-jennifer-anistons-dunkler-kuechenfarbenschema-dominiert-trends-und-ich-kann-nicht-wegsehen\\\/\",\"url\":\"https:\\\/\\\/www.strassenweb.de\\\/nachrichten\\\/ich-habe-es-nicht-kommen-gesehen-aber-jennifer-anistons-dunkler-kuechenfarbenschema-dominiert-trends-und-ich-kann-nicht-wegsehen\\\/\",\"name\":\"Ich habe es nicht kommen gesehen, aber Jennifer Anistons dunkler K\u00fcchenfarbenschema dominiert Trends - und ich kann nicht wegsehen - Nachrichten - Stra\u00dfenweb\",\"isPartOf\":{\"@id\":\"https:\\\/\\\/www.strassenweb.de\\\/nachrichten\\\/#website\"},\"primaryImageOfPage\":{\"@id\":\"https:\\\/\\\/www.strassenweb.de\\\/nachrichten\\\/ich-habe-es-nicht-kommen-gesehen-aber-jennifer-anistons-dunkler-kuechenfarbenschema-dominiert-trends-und-ich-kann-nicht-wegsehen\\\/#primaryimage\"},\"image\":{\"@id\":\"https:\\\/\\\/www.strassenweb.de\\\/nachrichten\\\/ich-habe-es-nicht-kommen-gesehen-aber-jennifer-anistons-dunkler-kuechenfarbenschema-dominiert-trends-und-ich-kann-nicht-wegsehen\\\/#primaryimage\"},\"thumbnailUrl\":\"https:\\\/\\\/www.strassenweb.de\\\/nachrichten\\\/wp-content\\\/uploads\\\/2025\\\/10\\\/Ich-habe-es-nicht-kommen-gesehen-aber-Jennifer-Anistons-dunkler.jpg\",\"datePublished\":\"2025-10-07T02:39:58+00:00\",\"dateModified\":\"2025-10-07T02:40:00+00:00\",\"breadcrumb\":{\"@id\":\"https:\\\/\\\/www.strassenweb.de\\\/nachrichten\\\/ich-habe-es-nicht-kommen-gesehen-aber-jennifer-anistons-dunkler-kuechenfarbenschema-dominiert-trends-und-ich-kann-nicht-wegsehen\\\/#breadcrumb\"},\"inLanguage\":\"de\",\"potentialAction\":[{\"@type\":\"ReadAction\",\"target\":[\"https:\\\/\\\/www.strassenweb.de\\\/nachrichten\\\/ich-habe-es-nicht-kommen-gesehen-aber-jennifer-anistons-dunkler-kuechenfarbenschema-dominiert-trends-und-ich-kann-nicht-wegsehen\\\/\"]}]},{\"@type\":\"ImageObject\",\"inLanguage\":\"de\",\"@id\":\"https:\\\/\\\/www.strassenweb.de\\\/nachrichten\\\/ich-habe-es-nicht-kommen-gesehen-aber-jennifer-anistons-dunkler-kuechenfarbenschema-dominiert-trends-und-ich-kann-nicht-wegsehen\\\/#primaryimage\",\"url\":\"https:\\\/\\\/www.strassenweb.de\\\/nachrichten\\\/wp-content\\\/uploads\\\/2025\\\/10\\\/Ich-habe-es-nicht-kommen-gesehen-aber-Jennifer-Anistons-dunkler.jpg\",\"contentUrl\":\"https:\\\/\\\/www.strassenweb.de\\\/nachrichten\\\/wp-content\\\/uploads\\\/2025\\\/10\\\/Ich-habe-es-nicht-kommen-gesehen-aber-Jennifer-Anistons-dunkler.jpg\",\"width\":2560,\"height\":1440,\"caption\":\"Ich habe es nicht kommen gesehen, aber Jennifer Anistons dunkler K\u00fcchenfarbenschema dominiert Trends - und ich kann nicht wegsehen\"},{\"@type\":\"BreadcrumbList\",\"@id\":\"https:\\\/\\\/www.strassenweb.de\\\/nachrichten\\\/ich-habe-es-nicht-kommen-gesehen-aber-jennifer-anistons-dunkler-kuechenfarbenschema-dominiert-trends-und-ich-kann-nicht-wegsehen\\\/#breadcrumb\",\"itemListElement\":[{\"@type\":\"ListItem\",\"position\":1,\"name\":\"Home\",\"item\":\"https:\\\/\\\/www.strassenweb.de\\\/nachrichten\\\/\"},{\"@type\":\"ListItem\",\"position\":2,\"name\":\"Ich habe es nicht kommen gesehen, aber Jennifer Anistons dunkler K\u00fcchenfarbenschema dominiert Trends &#8211; und ich kann nicht wegsehen\"}]},{\"@type\":\"WebSite\",\"@id\":\"https:\\\/\\\/www.strassenweb.de\\\/nachrichten\\\/#website\",\"url\":\"https:\\\/\\\/www.strassenweb.de\\\/nachrichten\\\/\",\"name\":\"Stra\u00dfenweb\",\"description\":\"Stra\u00dfenverzeichnis f\u00fcr Deutschland\",\"publisher\":{\"@id\":\"https:\\\/\\\/www.strassenweb.de\\\/nachrichten\\\/#organization\"},\"potentialAction\":[{\"@type\":\"SearchAction\",\"target\":{\"@type\":\"EntryPoint\",\"urlTemplate\":\"https:\\\/\\\/www.strassenweb.de\\\/nachrichten\\\/?s={search_term_string}\"},\"query-input\":{\"@type\":\"PropertyValueSpecification\",\"valueRequired\":true,\"valueName\":\"search_term_string\"}}],\"inLanguage\":\"de\"},{\"@type\":\"Organization\",\"@id\":\"https:\\\/\\\/www.strassenweb.de\\\/nachrichten\\\/#organization\",\"name\":\"Stra\u00dfenweb\",\"url\":\"https:\\\/\\\/www.strassenweb.de\\\/nachrichten\\\/\",\"logo\":{\"@type\":\"ImageObject\",\"inLanguage\":\"de\",\"@id\":\"https:\\\/\\\/www.strassenweb.de\\\/nachrichten\\\/#\\\/schema\\\/logo\\\/image\\\/\",\"url\":\"https:\\\/\\\/www.strassenweb.de\\\/nachrichten\\\/wp-content\\\/uploads\\\/2024\\\/09\\\/cropped-favicon.png\",\"contentUrl\":\"https:\\\/\\\/www.strassenweb.de\\\/nachrichten\\\/wp-content\\\/uploads\\\/2024\\\/09\\\/cropped-favicon.png\",\"width\":512,\"height\":512,\"caption\":\"Stra\u00dfenweb\"},\"image\":{\"@id\":\"https:\\\/\\\/www.strassenweb.de\\\/nachrichten\\\/#\\\/schema\\\/logo\\\/image\\\/\"},\"sameAs\":[\"https:\\\/\\\/www.facebook.com\\\/strassenweb\\\/\"]},{\"@type\":\"Person\",\"@id\":\"https:\\\/\\\/www.strassenweb.de\\\/nachrichten\\\/#\\\/schema\\\/person\\\/87c9c9067f1211da429a744dc5a5aa41\",\"name\":\"Robert Hoffmann\",\"image\":{\"@type\":\"ImageObject\",\"inLanguage\":\"de\",\"@id\":\"https:\\\/\\\/www.strassenweb.de\\\/nachrichten\\\/wp-content\\\/uploads\\\/2024\\\/09\\\/strassenweb-150x150.jpg\",\"url\":\"https:\\\/\\\/www.strassenweb.de\\\/nachrichten\\\/wp-content\\\/uploads\\\/2024\\\/09\\\/strassenweb-150x150.jpg\",\"contentUrl\":\"https:\\\/\\\/www.strassenweb.de\\\/nachrichten\\\/wp-content\\\/uploads\\\/2024\\\/09\\\/strassenweb-150x150.jpg\",\"caption\":\"Robert Hoffmann\"},\"description\":\"Ich hei\u00dfe Robert Hoffmann und ich bin ein leidenschaftlicher Verfechter von \u00d6kologie und Biodiversit\u00e4t. Seit meiner Kindheit in den W\u00e4ldern Bayerns f\u00fchle ich mich mit der Natur verbunden und bin entschlossen, sie zu sch\u00fctzen. Heute widme ich mein Leben der Sensibilisierung anderer f\u00fcr die Bedeutung des Umweltschutzes f\u00fcr zuk\u00fcnftige Generationen.\",\"sameAs\":[\"https:\\\/\\\/www.strassenweb.de\\\/\"]}]}<\/script>\n<!-- \/ Yoast SEO plugin. -->","yoast_head_json":{"title":"Ich habe es nicht kommen gesehen, aber Jennifer Anistons dunkler K\u00fcchenfarbenschema dominiert Trends - und ich kann nicht wegsehen - Nachrichten - Stra\u00dfenweb","robots":{"index":"index","follow":"follow","max-snippet":"max-snippet:-1","max-image-preview":"max-image-preview:large","max-video-preview":"max-video-preview:-1"},"canonical":"https:\/\/www.strassenweb.de\/nachrichten\/ich-habe-es-nicht-kommen-gesehen-aber-jennifer-anistons-dunkler-kuechenfarbenschema-dominiert-trends-und-ich-kann-nicht-wegsehen\/","og_locale":"de_DE","og_type":"article","og_title":"Ich habe es nicht kommen gesehen, aber Jennifer Anistons dunkler K\u00fcchenfarbenschema dominiert Trends - und ich kann nicht wegsehen - Nachrichten - Stra\u00dfenweb","og_description":"Die Schauspielerin Jennifer Aniston ist kein Unbekannter im Stil, und ihre K\u00fcche-eine Meisterklasse im modernen Luxus der Mitte des Jahrhunderts-bewahrt das zeitlose Ethos ihres Hauses","og_url":"https:\/\/www.strassenweb.de\/nachrichten\/ich-habe-es-nicht-kommen-gesehen-aber-jennifer-anistons-dunkler-kuechenfarbenschema-dominiert-trends-und-ich-kann-nicht-wegsehen\/","og_site_name":"Stra\u00dfenweb","article_publisher":"https:\/\/www.facebook.com\/strassenweb\/","article_published_time":"2025-10-07T02:39:58+00:00","article_modified_time":"2025-10-07T02:40:00+00:00","og_image":[{"width":2560,"height":1440,"url":"https:\/\/www.strassenweb.de\/nachrichten\/wp-content\/uploads\/2025\/10\/Ich-habe-es-nicht-kommen-gesehen-aber-Jennifer-Anistons-dunkler.jpg","type":"image\/jpeg"}],"author":"Robert Hoffmann","twitter_card":"summary_large_image","twitter_misc":{"Verfasst von":"Robert Hoffmann","Gesch\u00e4tzte Lesezeit":"3\u00a0Minuten"},"schema":{"@context":"https:\/\/schema.org","@graph":[{"@type":"Article","@id":"https:\/\/www.strassenweb.de\/nachrichten\/ich-habe-es-nicht-kommen-gesehen-aber-jennifer-anistons-dunkler-kuechenfarbenschema-dominiert-trends-und-ich-kann-nicht-wegsehen\/#article","isPartOf":{"@id":"https:\/\/www.strassenweb.de\/nachrichten\/ich-habe-es-nicht-kommen-gesehen-aber-jennifer-anistons-dunkler-kuechenfarbenschema-dominiert-trends-und-ich-kann-nicht-wegsehen\/"},"author":{"name":"Robert Hoffmann","@id":"https:\/\/www.strassenweb.de\/nachrichten\/#\/schema\/person\/87c9c9067f1211da429a744dc5a5aa41"},"headline":"Ich habe es nicht kommen gesehen, aber Jennifer Anistons dunkler K\u00fcchenfarbenschema dominiert Trends &#8211; und ich kann nicht wegsehen","datePublished":"2025-10-07T02:39:58+00:00","dateModified":"2025-10-07T02:40:00+00:00","mainEntityOfPage":{"@id":"https:\/\/www.strassenweb.de\/nachrichten\/ich-habe-es-nicht-kommen-gesehen-aber-jennifer-anistons-dunkler-kuechenfarbenschema-dominiert-trends-und-ich-kann-nicht-wegsehen\/"},"wordCount":655,"publisher":{"@id":"https:\/\/www.strassenweb.de\/nachrichten\/#organization"},"image":{"@id":"https:\/\/www.strassenweb.de\/nachrichten\/ich-habe-es-nicht-kommen-gesehen-aber-jennifer-anistons-dunkler-kuechenfarbenschema-dominiert-trends-und-ich-kann-nicht-wegsehen\/#primaryimage"},"thumbnailUrl":"https:\/\/www.strassenweb.de\/nachrichten\/wp-content\/uploads\/2025\/10\/Ich-habe-es-nicht-kommen-gesehen-aber-Jennifer-Anistons-dunkler.jpg","keywords":["aber","Anistons","dominiert","Dunkler","gesehen","habe","ich","Jennifer","kann","kommen","K\u00fcchenfarbenschema","nicht","Trends","und","wegsehen"],"articleSection":["Haus &amp; Garten"],"inLanguage":"de"},{"@type":"WebPage","@id":"https:\/\/www.strassenweb.de\/nachrichten\/ich-habe-es-nicht-kommen-gesehen-aber-jennifer-anistons-dunkler-kuechenfarbenschema-dominiert-trends-und-ich-kann-nicht-wegsehen\/","url":"https:\/\/www.strassenweb.de\/nachrichten\/ich-habe-es-nicht-kommen-gesehen-aber-jennifer-anistons-dunkler-kuechenfarbenschema-dominiert-trends-und-ich-kann-nicht-wegsehen\/","name":"Ich habe es nicht kommen gesehen, aber Jennifer Anistons dunkler K\u00fcchenfarbenschema dominiert Trends - und ich kann nicht wegsehen - Nachrichten - Stra\u00dfenweb","isPartOf":{"@id":"https:\/\/www.strassenweb.de\/nachrichten\/#website"},"primaryImageOfPage":{"@id":"https:\/\/www.strassenweb.de\/nachrichten\/ich-habe-es-nicht-kommen-gesehen-aber-jennifer-anistons-dunkler-kuechenfarbenschema-dominiert-trends-und-ich-kann-nicht-wegsehen\/#primaryimage"},"image":{"@id":"https:\/\/www.strassenweb.de\/nachrichten\/ich-habe-es-nicht-kommen-gesehen-aber-jennifer-anistons-dunkler-kuechenfarbenschema-dominiert-trends-und-ich-kann-nicht-wegsehen\/#primaryimage"},"thumbnailUrl":"https:\/\/www.strassenweb.de\/nachrichten\/wp-content\/uploads\/2025\/10\/Ich-habe-es-nicht-kommen-gesehen-aber-Jennifer-Anistons-dunkler.jpg","datePublished":"2025-10-07T02:39:58+00:00","dateModified":"2025-10-07T02:40:00+00:00","breadcrumb":{"@id":"https:\/\/www.strassenweb.de\/nachrichten\/ich-habe-es-nicht-kommen-gesehen-aber-jennifer-anistons-dunkler-kuechenfarbenschema-dominiert-trends-und-ich-kann-nicht-wegsehen\/#breadcrumb"},"inLanguage":"de","potentialAction":[{"@type":"ReadAction","target":["https:\/\/www.strassenweb.de\/nachrichten\/ich-habe-es-nicht-kommen-gesehen-aber-jennifer-anistons-dunkler-kuechenfarbenschema-dominiert-trends-und-ich-kann-nicht-wegsehen\/"]}]},{"@type":"ImageObject","inLanguage":"de","@id":"https:\/\/www.strassenweb.de\/nachrichten\/ich-habe-es-nicht-kommen-gesehen-aber-jennifer-anistons-dunkler-kuechenfarbenschema-dominiert-trends-und-ich-kann-nicht-wegsehen\/#primaryimage","url":"https:\/\/www.strassenweb.de\/nachrichten\/wp-content\/uploads\/2025\/10\/Ich-habe-es-nicht-kommen-gesehen-aber-Jennifer-Anistons-dunkler.jpg","contentUrl":"https:\/\/www.strassenweb.de\/nachrichten\/wp-content\/uploads\/2025\/10\/Ich-habe-es-nicht-kommen-gesehen-aber-Jennifer-Anistons-dunkler.jpg","width":2560,"height":1440,"caption":"Ich habe es nicht kommen gesehen, aber Jennifer Anistons dunkler K\u00fcchenfarbenschema dominiert Trends - und ich kann nicht wegsehen"},{"@type":"BreadcrumbList","@id":"https:\/\/www.strassenweb.de\/nachrichten\/ich-habe-es-nicht-kommen-gesehen-aber-jennifer-anistons-dunkler-kuechenfarbenschema-dominiert-trends-und-ich-kann-nicht-wegsehen\/#breadcrumb","itemListElement":[{"@type":"ListItem","position":1,"name":"Home","item":"https:\/\/www.strassenweb.de\/nachrichten\/"},{"@type":"ListItem","position":2,"name":"Ich habe es nicht kommen gesehen, aber Jennifer Anistons dunkler K\u00fcchenfarbenschema dominiert Trends &#8211; und ich kann nicht wegsehen"}]},{"@type":"WebSite","@id":"https:\/\/www.strassenweb.de\/nachrichten\/#website","url":"https:\/\/www.strassenweb.de\/nachrichten\/","name":"Stra\u00dfenweb","description":"Stra\u00dfenverzeichnis f\u00fcr Deutschland","publisher":{"@id":"https:\/\/www.strassenweb.de\/nachrichten\/#organization"},"potentialAction":[{"@type":"SearchAction","target":{"@type":"EntryPoint","urlTemplate":"https:\/\/www.strassenweb.de\/nachrichten\/?s={search_term_string}"},"query-input":{"@type":"PropertyValueSpecification","valueRequired":true,"valueName":"search_term_string"}}],"inLanguage":"de"},{"@type":"Organization","@id":"https:\/\/www.strassenweb.de\/nachrichten\/#organization","name":"Stra\u00dfenweb","url":"https:\/\/www.strassenweb.de\/nachrichten\/","logo":{"@type":"ImageObject","inLanguage":"de","@id":"https:\/\/www.strassenweb.de\/nachrichten\/#\/schema\/logo\/image\/","url":"https:\/\/www.strassenweb.de\/nachrichten\/wp-content\/uploads\/2024\/09\/cropped-favicon.png","contentUrl":"https:\/\/www.strassenweb.de\/nachrichten\/wp-content\/uploads\/2024\/09\/cropped-favicon.png","width":512,"height":512,"caption":"Stra\u00dfenweb"},"image":{"@id":"https:\/\/www.strassenweb.de\/nachrichten\/#\/schema\/logo\/image\/"},"sameAs":["https:\/\/www.facebook.com\/strassenweb\/"]},{"@type":"Person","@id":"https:\/\/www.strassenweb.de\/nachrichten\/#\/schema\/person\/87c9c9067f1211da429a744dc5a5aa41","name":"Robert Hoffmann","image":{"@type":"ImageObject","inLanguage":"de","@id":"https:\/\/www.strassenweb.de\/nachrichten\/wp-content\/uploads\/2024\/09\/strassenweb-150x150.jpg","url":"https:\/\/www.strassenweb.de\/nachrichten\/wp-content\/uploads\/2024\/09\/strassenweb-150x150.jpg","contentUrl":"https:\/\/www.strassenweb.de\/nachrichten\/wp-content\/uploads\/2024\/09\/strassenweb-150x150.jpg","caption":"Robert Hoffmann"},"description":"Ich hei\u00dfe Robert Hoffmann und ich bin ein leidenschaftlicher Verfechter von \u00d6kologie und Biodiversit\u00e4t. Seit meiner Kindheit in den W\u00e4ldern Bayerns f\u00fchle ich mich mit der Natur verbunden und bin entschlossen, sie zu sch\u00fctzen. Heute widme ich mein Leben der Sensibilisierung anderer f\u00fcr die Bedeutung des Umweltschutzes f\u00fcr zuk\u00fcnftige Generationen.","sameAs":["https:\/\/www.strassenweb.de\/"]}]}},"_links":{"self":[{"href":"https:\/\/www.strassenweb.de\/nachrichten\/wp-json\/wp\/v2\/posts\/8268","targetHints":{"allow":["GET"]}}],"collection":[{"href":"https:\/\/www.strassenweb.de\/nachrichten\/wp-json\/wp\/v2\/posts"}],"about":[{"href":"https:\/\/www.strassenweb.de\/nachrichten\/wp-json\/wp\/v2\/types\/post"}],"author":[{"embeddable":true,"href":"https:\/\/www.strassenweb.de\/nachrichten\/wp-json\/wp\/v2\/users\/1"}],"replies":[{"embeddable":true,"href":"https:\/\/www.strassenweb.de\/nachrichten\/wp-json\/wp\/v2\/comments?post=8268"}],"version-history":[{"count":0,"href":"https:\/\/www.strassenweb.de\/nachrichten\/wp-json\/wp\/v2\/posts\/8268\/revisions"}],"wp:featuredmedia":[{"embeddable":true,"href":"https:\/\/www.strassenweb.de\/nachrichten\/wp-json\/wp\/v2\/media\/8269"}],"wp:attachment":[{"href":"https:\/\/www.strassenweb.de\/nachrichten\/wp-json\/wp\/v2\/media?parent=8268"}],"wp:term":[{"taxonomy":"category","embeddable":true,"href":"https:\/\/www.strassenweb.de\/nachrichten\/wp-json\/wp\/v2\/categories?post=8268"},{"taxonomy":"post_tag","embeddable":true,"href":"https:\/\/www.strassenweb.de\/nachrichten\/wp-json\/wp\/v2\/tags?post=8268"}],"curies":[{"name":"wp","href":"https:\/\/api.w.org\/{rel}","templated":true}]}}