{"id":8262,"date":"2025-10-06T22:39:17","date_gmt":"2025-10-06T20:39:17","guid":{"rendered":"https:\/\/www.strassenweb.de\/nachrichten\/martha-stewarts-polarisierende-veranda-inspiriert-mein-saisonal\/"},"modified":"2025-10-06T22:39:17","modified_gmt":"2025-10-06T20:39:17","slug":"martha-stewarts-polarisierende-veranda-inspiriert-mein-saisonal","status":"publish","type":"post","link":"https:\/\/www.strassenweb.de\/nachrichten\/martha-stewarts-polarisierende-veranda-inspiriert-mein-saisonal\/","title":{"rendered":"Martha Stewarts polarisierende Veranda inspiriert mein saisonal"},"content":{"rendered":"<p><\/p>\n<div id=\"article-body\" class=\"article__body \">\n<p id=\"00e68580-a45d-43e9-bfb7-99baba186cf2\">Saisonales Dekorieren ist immer spaltend, aber nirgendwo mehr als an Halloween. F\u00fcr jede Person, die sich \u00fcber aufblasbare Geister und Fronth\u00e4user freut, gibt es einen anderen, der sie grell, chaotisch oder geradezu abscheulich findet. Diese Spannung zwischen gruseligem Maximalismus und zur\u00fcckhaltender Eleganz verwandelt die Veranda &#8211; die ultimative B\u00fchne f\u00fcr erste Eindr\u00fccke &#8211; in ein saisonales Schlachtfeld.<\/p>\n<div id=\"ad-unit-1\" class=\"ad-unit\"><\/div>\n<p>Wenn der Gedanke an Plastik -Skelette und blinkende orangefarbene Lichter Sie mit Angst erf\u00fcllt, nehmen Sie einen Stichwort von Martha Stewart. Stewart ist seit Jahrzehnten ein Anbieter des Heimstils und hat lange Zeit den Standard f\u00fcr die saisonale Raffinesse gesetzt. Ihre j\u00fcngste (und oft polarisierende) Halloween -Dekorationsidee im Freien ist eine Meisterklasse in minimalem, erh\u00f6htem Weihnachtsdekor. Sie \u00fcbersprang die \u00fcblichen Horror -Requisiten zugunsten eines raffinierten Ernte -Tableau, das sich ausschlie\u00dflich auf eine F\u00fclle von einheimischen K\u00fcrbissen und K\u00fcrbissen aus ihrem Garten st\u00fctzte.<\/p>\n<aside data-block-type=\"embed\" data-render-type=\"fte\" data-skip=\"dealsy\" data-widget-type=\"seasonal\" class=\"hawk-root\"><\/aside>\n<p id=\"00e68580-a45d-43e9-bfb7-99baba186cf2-2\">Ich liebe subtile Halloween -Dekor, und dies zeigt, dass festliche Dekoration kein Thema oder ein gro\u00dfes Budget braucht, um eine Erkl\u00e4rung abzugeben. F\u00fcr die einfache Inspiration ist die Auswahl an K\u00fcrbisdekoration von Amazon ein gro\u00dfartiger Ausgangspunkt.<\/p>\n<div class=\"van_vid_carousel\">\n<div class=\"van_vid_carousel__padding\">\n<div class=\"van_vid_carousel__container\"><\/div>\n<\/div>\n<\/div>\n<div class=\"instagram-embed\" id=\"DA2FA54NBlz\">\n<blockquote class=\"instagram-media\" data-instgrm-captioned data-instgrm-version=\"6\" style=\"width:99.375%; width:-webkit-calc(100% - 2px); width:calc(100% - 2px);\">\n<p>Ein Beitrag von Martha Stewart (@marthasteWart48)<\/p>\n<p>Ein Foto von on <\/p>\n<\/blockquote>\n<\/div>\n<p id=\"f4c0e23a-38ad-4c0f-aa08-19a4bc9cbb5f\">Ihre Veranda ist die perfekte Leinwand f\u00fcr saisonale Kreativit\u00e4t. In diesem Herbst dekorieren Sie mit K\u00fcrbissen f\u00fcr einen Look, der sich klassisch und doch frisch anf\u00fchlt. Der bescheidene K\u00fcrbis ist ein zeitloser Herbst -Grundnahrungsmittel &#8211; vielseitig, erschwinglich und m\u00fchelos charmant. Unabh\u00e4ngig davon, ob sie sich auf den Stufen zusammengetan oder neben einem Lieblingsstuhl arrangiert haben, f\u00fcgt eine einfache Anzeige von K\u00fcrbissen sofort W\u00e4rme und Charakter hinzu, ohne in Unordnung oder Chaos zu kippen.<\/p>\n<div id=\"ad-unit-2\" class=\"ad-unit\"><\/div>\n<p>Es ist auch nicht erforderlich, sich an traditionelle Jack-O&#8216;-Laternen zu halten. Versuchen Sie, gesprenkelte K\u00fcrbisse und mehrfarbige K\u00fcrbisse zu stapeln, um Marthas Signature Harvest Elegance zu kanalisieren, oder verleihen Sie Pers\u00f6nlichkeit mit bemalten oder no-Ackerfleisch-Designs. Sogar eine einfache Gruppe klassischer orangefarbener K\u00fcrbisse macht eine sch\u00f6ne, einladende Aussage.<\/p>\n<figure class=\"van-image-figure inline-layout \" data-bordeaux-image-check id=\"8c1cba0f-c793-4b1a-a69d-170a2593443d\">\n<div class=\"image-full-width-wrapper\">\n<div class=\"image-widthsetter\" style=\"max-width:2000px;\"><\/div>\n<\/div><figcaption class=\"inline-layout \">\n<div class=\"caption-text\">\n<p>\u00c4hnliche Vorderveranda, f\u00fcr Halloween dekoriert<\/p>\n<\/div>\n<\/figcaption><\/figure>\n<p id=\"7d5a7dd2-50ba-443b-bff5-58683f767fb7\">Wenn echte Produkte nicht praktisch sind, gibt es viele realistische, hochwertige Faux-K\u00fcrbisse und K\u00fcrbisoptionen, die Jahr f\u00fcr Jahr wiederverwendet werden k\u00f6nnen-eine kluge Wahl f\u00fcr Wohnungsbewohner oder Personen, die einen No-Mess-Ansatz bevorzugen.<\/p>\n<p>Um den Look zu beenden, kombinieren Sie Ihre K\u00fcrbisse mit einem Element, das W\u00e4rme und Licht verleiht. Unsere Lieblingspaarung? Eine sch\u00f6ne, funktionale Laterne. Diese hoch bewertete moderne Bauernhauslaterne (jetzt bei Amazon erh\u00e4ltlich) bietet den perfekten Schliff &#8211; einfach, raffiniert und saisonal zeitlos.<\/p>\n<div id=\"slice-container-newsletterForm-articleInbodyContent-ReYK2ERcvhGNBGaUCLA2om\" class=\"slice-container newsletter-inbodyContent-slice newsletterForm-articleInbodyContent-ReYK2ERcvhGNBGaUCLA2om slice-container-newsletterForm\"><\/div>\n<p>Wir haben unten unsere bevorzugten erschwinglichen Funde zusammengefasst, um Ihnen dabei zu helfen, g\u00fcbere Unordnung gegen einen einfachen, eleganten Stil zu tauschen und Marthas m\u00fchelos schicke Ernteausstellung neu zu erstellen.<\/p>\n<h2 id=\"shop-the-look-3\">Kaufen Sie den Look ein<\/h2>\n<p id=\"1eb0f5fd-cc00-4c3c-a2a1-225e67d068bc\">Halten Sie Ihr Halloween-Dekor anspruchsvoll und trendig mit einer zeitlos schrecklichen Note. W\u00e4hrend frische K\u00fcrbisse und K\u00fcrbisse einen authentischen saisonalen Charme mit sich bringen, verschwindet ihre Sch\u00f6nheit schnell. Diese eleganten Kunstdesigns bieten dagegen die gleiche W\u00e4rme und Textur &#8211; ohne die kurze Lebensdauer -, um sicherzustellen, dass Ihr Display die ganze Saison \u00fcber stilvoll und einladend bleibt.<\/p>\n<div class=\"product-container hero-product-container product-block-no-wrap\">\n<div class=\"product-block-row\"><\/div>\n<div class=\"product-block-row\"><\/div>\n<div class=\"product-block-row\"><\/div>\n<\/div>\n<div class=\"block\" id=\"articleTag\" data-component-name=\"PostArticleLinks\">\n<div class=\"border-b border-b-black border-solid py-2.5 text-black font-bold uppercase\">Themen<\/div>\n<nav class=\"py-2.5 flex gap-2.5 flex-wrap\" data-analytics-id=\"article-tag\">\n<p>Martha Stewart Halloween Amazon Prime Day<\/p>\n<\/nav>\n<\/div>\n<\/div>\n<p><script async src=\"\/\/www.instagram.com\/embed.js\"><\/script><\/p>\n","protected":false},"excerpt":{"rendered":"<p>Saisonales Dekorieren ist immer spaltend, aber nirgendwo mehr als an Halloween. F\u00fcr jede Person, die sich \u00fcber aufblasbare Geister und Fronth\u00e4user freut, gibt es einen<\/p>\n","protected":false},"author":1,"featured_media":8263,"comment_status":"closed","ping_status":"","sticky":false,"template":"","format":"standard","meta":{"footnotes":""},"categories":[118],"tags":[1215,2894,778,10599,10600,2895,1844],"class_list":["post-8262","post","type-post","status-publish","format-standard","has-post-thumbnail","hentry","category-haus-garten","tag-inspiriert","tag-martha","tag-mein","tag-polarisierende","tag-saisonal","tag-stewarts","tag-veranda","generate-columns","tablet-grid-50","mobile-grid-100","grid-parent","grid-50"],"yoast_head":"<!-- This site is optimized with the Yoast SEO plugin v27.3 - https:\/\/yoast.com\/product\/yoast-seo-wordpress\/ -->\n<title>Martha Stewarts polarisierende Veranda inspiriert mein saisonal - Nachrichten - Stra\u00dfenweb<\/title>\n<meta name=\"robots\" content=\"index, follow, max-snippet:-1, max-image-preview:large, max-video-preview:-1\" \/>\n<link rel=\"canonical\" href=\"https:\/\/www.strassenweb.de\/nachrichten\/martha-stewarts-polarisierende-veranda-inspiriert-mein-saisonal\/\" \/>\n<meta property=\"og:locale\" content=\"de_DE\" \/>\n<meta property=\"og:type\" content=\"article\" \/>\n<meta property=\"og:title\" content=\"Martha Stewarts polarisierende Veranda inspiriert mein saisonal - Nachrichten - Stra\u00dfenweb\" \/>\n<meta property=\"og:description\" content=\"Saisonales Dekorieren ist immer spaltend, aber nirgendwo mehr als an Halloween. F\u00fcr jede Person, die sich \u00fcber aufblasbare Geister und Fronth\u00e4user freut, gibt es einen\" \/>\n<meta property=\"og:url\" content=\"https:\/\/www.strassenweb.de\/nachrichten\/martha-stewarts-polarisierende-veranda-inspiriert-mein-saisonal\/\" \/>\n<meta property=\"og:site_name\" content=\"Stra\u00dfenweb\" \/>\n<meta property=\"article:publisher\" content=\"https:\/\/www.facebook.com\/strassenweb\/\" \/>\n<meta property=\"article:published_time\" content=\"2025-10-06T20:39:17+00:00\" \/>\n<meta property=\"og:image\" content=\"https:\/\/www.strassenweb.de\/nachrichten\/wp-content\/uploads\/2025\/10\/Martha-Stewarts-polarisierende-Veranda-inspiriert-mein-saisonal.jpg\" \/>\n\t<meta property=\"og:image:width\" content=\"1600\" \/>\n\t<meta property=\"og:image:height\" content=\"900\" \/>\n\t<meta property=\"og:image:type\" content=\"image\/jpeg\" \/>\n<meta name=\"author\" content=\"Robert Hoffmann\" \/>\n<meta name=\"twitter:card\" content=\"summary_large_image\" \/>\n<meta name=\"twitter:label1\" content=\"Verfasst von\" \/>\n\t<meta name=\"twitter:data1\" content=\"Robert Hoffmann\" \/>\n\t<meta name=\"twitter:label2\" content=\"Gesch\u00e4tzte Lesezeit\" \/>\n\t<meta name=\"twitter:data2\" content=\"3\u00a0Minuten\" \/>\n<script type=\"application\/ld+json\" class=\"yoast-schema-graph\">{\"@context\":\"https:\\\/\\\/schema.org\",\"@graph\":[{\"@type\":\"Article\",\"@id\":\"https:\\\/\\\/www.strassenweb.de\\\/nachrichten\\\/martha-stewarts-polarisierende-veranda-inspiriert-mein-saisonal\\\/#article\",\"isPartOf\":{\"@id\":\"https:\\\/\\\/www.strassenweb.de\\\/nachrichten\\\/martha-stewarts-polarisierende-veranda-inspiriert-mein-saisonal\\\/\"},\"author\":{\"name\":\"Robert Hoffmann\",\"@id\":\"https:\\\/\\\/www.strassenweb.de\\\/nachrichten\\\/#\\\/schema\\\/person\\\/87c9c9067f1211da429a744dc5a5aa41\"},\"headline\":\"Martha Stewarts polarisierende Veranda inspiriert mein saisonal\",\"datePublished\":\"2025-10-06T20:39:17+00:00\",\"mainEntityOfPage\":{\"@id\":\"https:\\\/\\\/www.strassenweb.de\\\/nachrichten\\\/martha-stewarts-polarisierende-veranda-inspiriert-mein-saisonal\\\/\"},\"wordCount\":543,\"publisher\":{\"@id\":\"https:\\\/\\\/www.strassenweb.de\\\/nachrichten\\\/#organization\"},\"image\":{\"@id\":\"https:\\\/\\\/www.strassenweb.de\\\/nachrichten\\\/martha-stewarts-polarisierende-veranda-inspiriert-mein-saisonal\\\/#primaryimage\"},\"thumbnailUrl\":\"https:\\\/\\\/www.strassenweb.de\\\/nachrichten\\\/wp-content\\\/uploads\\\/2025\\\/10\\\/Martha-Stewarts-polarisierende-Veranda-inspiriert-mein-saisonal.jpg\",\"keywords\":[\"inspiriert\",\"Martha\",\"mein\",\"polarisierende\",\"saisonal\",\"Stewarts\",\"Veranda\"],\"articleSection\":[\"Haus &amp; Garten\"],\"inLanguage\":\"de\"},{\"@type\":\"WebPage\",\"@id\":\"https:\\\/\\\/www.strassenweb.de\\\/nachrichten\\\/martha-stewarts-polarisierende-veranda-inspiriert-mein-saisonal\\\/\",\"url\":\"https:\\\/\\\/www.strassenweb.de\\\/nachrichten\\\/martha-stewarts-polarisierende-veranda-inspiriert-mein-saisonal\\\/\",\"name\":\"Martha Stewarts polarisierende Veranda inspiriert mein saisonal - Nachrichten - Stra\u00dfenweb\",\"isPartOf\":{\"@id\":\"https:\\\/\\\/www.strassenweb.de\\\/nachrichten\\\/#website\"},\"primaryImageOfPage\":{\"@id\":\"https:\\\/\\\/www.strassenweb.de\\\/nachrichten\\\/martha-stewarts-polarisierende-veranda-inspiriert-mein-saisonal\\\/#primaryimage\"},\"image\":{\"@id\":\"https:\\\/\\\/www.strassenweb.de\\\/nachrichten\\\/martha-stewarts-polarisierende-veranda-inspiriert-mein-saisonal\\\/#primaryimage\"},\"thumbnailUrl\":\"https:\\\/\\\/www.strassenweb.de\\\/nachrichten\\\/wp-content\\\/uploads\\\/2025\\\/10\\\/Martha-Stewarts-polarisierende-Veranda-inspiriert-mein-saisonal.jpg\",\"datePublished\":\"2025-10-06T20:39:17+00:00\",\"breadcrumb\":{\"@id\":\"https:\\\/\\\/www.strassenweb.de\\\/nachrichten\\\/martha-stewarts-polarisierende-veranda-inspiriert-mein-saisonal\\\/#breadcrumb\"},\"inLanguage\":\"de\",\"potentialAction\":[{\"@type\":\"ReadAction\",\"target\":[\"https:\\\/\\\/www.strassenweb.de\\\/nachrichten\\\/martha-stewarts-polarisierende-veranda-inspiriert-mein-saisonal\\\/\"]}]},{\"@type\":\"ImageObject\",\"inLanguage\":\"de\",\"@id\":\"https:\\\/\\\/www.strassenweb.de\\\/nachrichten\\\/martha-stewarts-polarisierende-veranda-inspiriert-mein-saisonal\\\/#primaryimage\",\"url\":\"https:\\\/\\\/www.strassenweb.de\\\/nachrichten\\\/wp-content\\\/uploads\\\/2025\\\/10\\\/Martha-Stewarts-polarisierende-Veranda-inspiriert-mein-saisonal.jpg\",\"contentUrl\":\"https:\\\/\\\/www.strassenweb.de\\\/nachrichten\\\/wp-content\\\/uploads\\\/2025\\\/10\\\/Martha-Stewarts-polarisierende-Veranda-inspiriert-mein-saisonal.jpg\",\"width\":1600,\"height\":900,\"caption\":\"Martha Stewart close up, orange and green background\"},{\"@type\":\"BreadcrumbList\",\"@id\":\"https:\\\/\\\/www.strassenweb.de\\\/nachrichten\\\/martha-stewarts-polarisierende-veranda-inspiriert-mein-saisonal\\\/#breadcrumb\",\"itemListElement\":[{\"@type\":\"ListItem\",\"position\":1,\"name\":\"Home\",\"item\":\"https:\\\/\\\/www.strassenweb.de\\\/nachrichten\\\/\"},{\"@type\":\"ListItem\",\"position\":2,\"name\":\"Martha Stewarts polarisierende Veranda inspiriert mein saisonal\"}]},{\"@type\":\"WebSite\",\"@id\":\"https:\\\/\\\/www.strassenweb.de\\\/nachrichten\\\/#website\",\"url\":\"https:\\\/\\\/www.strassenweb.de\\\/nachrichten\\\/\",\"name\":\"Stra\u00dfenweb\",\"description\":\"Stra\u00dfenverzeichnis f\u00fcr Deutschland\",\"publisher\":{\"@id\":\"https:\\\/\\\/www.strassenweb.de\\\/nachrichten\\\/#organization\"},\"potentialAction\":[{\"@type\":\"SearchAction\",\"target\":{\"@type\":\"EntryPoint\",\"urlTemplate\":\"https:\\\/\\\/www.strassenweb.de\\\/nachrichten\\\/?s={search_term_string}\"},\"query-input\":{\"@type\":\"PropertyValueSpecification\",\"valueRequired\":true,\"valueName\":\"search_term_string\"}}],\"inLanguage\":\"de\"},{\"@type\":\"Organization\",\"@id\":\"https:\\\/\\\/www.strassenweb.de\\\/nachrichten\\\/#organization\",\"name\":\"Stra\u00dfenweb\",\"url\":\"https:\\\/\\\/www.strassenweb.de\\\/nachrichten\\\/\",\"logo\":{\"@type\":\"ImageObject\",\"inLanguage\":\"de\",\"@id\":\"https:\\\/\\\/www.strassenweb.de\\\/nachrichten\\\/#\\\/schema\\\/logo\\\/image\\\/\",\"url\":\"https:\\\/\\\/www.strassenweb.de\\\/nachrichten\\\/wp-content\\\/uploads\\\/2024\\\/09\\\/cropped-favicon.png\",\"contentUrl\":\"https:\\\/\\\/www.strassenweb.de\\\/nachrichten\\\/wp-content\\\/uploads\\\/2024\\\/09\\\/cropped-favicon.png\",\"width\":512,\"height\":512,\"caption\":\"Stra\u00dfenweb\"},\"image\":{\"@id\":\"https:\\\/\\\/www.strassenweb.de\\\/nachrichten\\\/#\\\/schema\\\/logo\\\/image\\\/\"},\"sameAs\":[\"https:\\\/\\\/www.facebook.com\\\/strassenweb\\\/\"]},{\"@type\":\"Person\",\"@id\":\"https:\\\/\\\/www.strassenweb.de\\\/nachrichten\\\/#\\\/schema\\\/person\\\/87c9c9067f1211da429a744dc5a5aa41\",\"name\":\"Robert Hoffmann\",\"image\":{\"@type\":\"ImageObject\",\"inLanguage\":\"de\",\"@id\":\"https:\\\/\\\/www.strassenweb.de\\\/nachrichten\\\/wp-content\\\/uploads\\\/2024\\\/09\\\/strassenweb-150x150.jpg\",\"url\":\"https:\\\/\\\/www.strassenweb.de\\\/nachrichten\\\/wp-content\\\/uploads\\\/2024\\\/09\\\/strassenweb-150x150.jpg\",\"contentUrl\":\"https:\\\/\\\/www.strassenweb.de\\\/nachrichten\\\/wp-content\\\/uploads\\\/2024\\\/09\\\/strassenweb-150x150.jpg\",\"caption\":\"Robert Hoffmann\"},\"description\":\"Ich hei\u00dfe Robert Hoffmann und ich bin ein leidenschaftlicher Verfechter von \u00d6kologie und Biodiversit\u00e4t. Seit meiner Kindheit in den W\u00e4ldern Bayerns f\u00fchle ich mich mit der Natur verbunden und bin entschlossen, sie zu sch\u00fctzen. Heute widme ich mein Leben der Sensibilisierung anderer f\u00fcr die Bedeutung des Umweltschutzes f\u00fcr zuk\u00fcnftige Generationen.\",\"sameAs\":[\"https:\\\/\\\/www.strassenweb.de\\\/\"]}]}<\/script>\n<!-- \/ Yoast SEO plugin. -->","yoast_head_json":{"title":"Martha Stewarts polarisierende Veranda inspiriert mein saisonal - Nachrichten - Stra\u00dfenweb","robots":{"index":"index","follow":"follow","max-snippet":"max-snippet:-1","max-image-preview":"max-image-preview:large","max-video-preview":"max-video-preview:-1"},"canonical":"https:\/\/www.strassenweb.de\/nachrichten\/martha-stewarts-polarisierende-veranda-inspiriert-mein-saisonal\/","og_locale":"de_DE","og_type":"article","og_title":"Martha Stewarts polarisierende Veranda inspiriert mein saisonal - Nachrichten - Stra\u00dfenweb","og_description":"Saisonales Dekorieren ist immer spaltend, aber nirgendwo mehr als an Halloween. F\u00fcr jede Person, die sich \u00fcber aufblasbare Geister und Fronth\u00e4user freut, gibt es einen","og_url":"https:\/\/www.strassenweb.de\/nachrichten\/martha-stewarts-polarisierende-veranda-inspiriert-mein-saisonal\/","og_site_name":"Stra\u00dfenweb","article_publisher":"https:\/\/www.facebook.com\/strassenweb\/","article_published_time":"2025-10-06T20:39:17+00:00","og_image":[{"width":1600,"height":900,"url":"https:\/\/www.strassenweb.de\/nachrichten\/wp-content\/uploads\/2025\/10\/Martha-Stewarts-polarisierende-Veranda-inspiriert-mein-saisonal.jpg","type":"image\/jpeg"}],"author":"Robert Hoffmann","twitter_card":"summary_large_image","twitter_misc":{"Verfasst von":"Robert Hoffmann","Gesch\u00e4tzte Lesezeit":"3\u00a0Minuten"},"schema":{"@context":"https:\/\/schema.org","@graph":[{"@type":"Article","@id":"https:\/\/www.strassenweb.de\/nachrichten\/martha-stewarts-polarisierende-veranda-inspiriert-mein-saisonal\/#article","isPartOf":{"@id":"https:\/\/www.strassenweb.de\/nachrichten\/martha-stewarts-polarisierende-veranda-inspiriert-mein-saisonal\/"},"author":{"name":"Robert Hoffmann","@id":"https:\/\/www.strassenweb.de\/nachrichten\/#\/schema\/person\/87c9c9067f1211da429a744dc5a5aa41"},"headline":"Martha Stewarts polarisierende Veranda inspiriert mein saisonal","datePublished":"2025-10-06T20:39:17+00:00","mainEntityOfPage":{"@id":"https:\/\/www.strassenweb.de\/nachrichten\/martha-stewarts-polarisierende-veranda-inspiriert-mein-saisonal\/"},"wordCount":543,"publisher":{"@id":"https:\/\/www.strassenweb.de\/nachrichten\/#organization"},"image":{"@id":"https:\/\/www.strassenweb.de\/nachrichten\/martha-stewarts-polarisierende-veranda-inspiriert-mein-saisonal\/#primaryimage"},"thumbnailUrl":"https:\/\/www.strassenweb.de\/nachrichten\/wp-content\/uploads\/2025\/10\/Martha-Stewarts-polarisierende-Veranda-inspiriert-mein-saisonal.jpg","keywords":["inspiriert","Martha","mein","polarisierende","saisonal","Stewarts","Veranda"],"articleSection":["Haus &amp; Garten"],"inLanguage":"de"},{"@type":"WebPage","@id":"https:\/\/www.strassenweb.de\/nachrichten\/martha-stewarts-polarisierende-veranda-inspiriert-mein-saisonal\/","url":"https:\/\/www.strassenweb.de\/nachrichten\/martha-stewarts-polarisierende-veranda-inspiriert-mein-saisonal\/","name":"Martha Stewarts polarisierende Veranda inspiriert mein saisonal - Nachrichten - Stra\u00dfenweb","isPartOf":{"@id":"https:\/\/www.strassenweb.de\/nachrichten\/#website"},"primaryImageOfPage":{"@id":"https:\/\/www.strassenweb.de\/nachrichten\/martha-stewarts-polarisierende-veranda-inspiriert-mein-saisonal\/#primaryimage"},"image":{"@id":"https:\/\/www.strassenweb.de\/nachrichten\/martha-stewarts-polarisierende-veranda-inspiriert-mein-saisonal\/#primaryimage"},"thumbnailUrl":"https:\/\/www.strassenweb.de\/nachrichten\/wp-content\/uploads\/2025\/10\/Martha-Stewarts-polarisierende-Veranda-inspiriert-mein-saisonal.jpg","datePublished":"2025-10-06T20:39:17+00:00","breadcrumb":{"@id":"https:\/\/www.strassenweb.de\/nachrichten\/martha-stewarts-polarisierende-veranda-inspiriert-mein-saisonal\/#breadcrumb"},"inLanguage":"de","potentialAction":[{"@type":"ReadAction","target":["https:\/\/www.strassenweb.de\/nachrichten\/martha-stewarts-polarisierende-veranda-inspiriert-mein-saisonal\/"]}]},{"@type":"ImageObject","inLanguage":"de","@id":"https:\/\/www.strassenweb.de\/nachrichten\/martha-stewarts-polarisierende-veranda-inspiriert-mein-saisonal\/#primaryimage","url":"https:\/\/www.strassenweb.de\/nachrichten\/wp-content\/uploads\/2025\/10\/Martha-Stewarts-polarisierende-Veranda-inspiriert-mein-saisonal.jpg","contentUrl":"https:\/\/www.strassenweb.de\/nachrichten\/wp-content\/uploads\/2025\/10\/Martha-Stewarts-polarisierende-Veranda-inspiriert-mein-saisonal.jpg","width":1600,"height":900,"caption":"Martha Stewart close up, orange and green background"},{"@type":"BreadcrumbList","@id":"https:\/\/www.strassenweb.de\/nachrichten\/martha-stewarts-polarisierende-veranda-inspiriert-mein-saisonal\/#breadcrumb","itemListElement":[{"@type":"ListItem","position":1,"name":"Home","item":"https:\/\/www.strassenweb.de\/nachrichten\/"},{"@type":"ListItem","position":2,"name":"Martha Stewarts polarisierende Veranda inspiriert mein saisonal"}]},{"@type":"WebSite","@id":"https:\/\/www.strassenweb.de\/nachrichten\/#website","url":"https:\/\/www.strassenweb.de\/nachrichten\/","name":"Stra\u00dfenweb","description":"Stra\u00dfenverzeichnis f\u00fcr Deutschland","publisher":{"@id":"https:\/\/www.strassenweb.de\/nachrichten\/#organization"},"potentialAction":[{"@type":"SearchAction","target":{"@type":"EntryPoint","urlTemplate":"https:\/\/www.strassenweb.de\/nachrichten\/?s={search_term_string}"},"query-input":{"@type":"PropertyValueSpecification","valueRequired":true,"valueName":"search_term_string"}}],"inLanguage":"de"},{"@type":"Organization","@id":"https:\/\/www.strassenweb.de\/nachrichten\/#organization","name":"Stra\u00dfenweb","url":"https:\/\/www.strassenweb.de\/nachrichten\/","logo":{"@type":"ImageObject","inLanguage":"de","@id":"https:\/\/www.strassenweb.de\/nachrichten\/#\/schema\/logo\/image\/","url":"https:\/\/www.strassenweb.de\/nachrichten\/wp-content\/uploads\/2024\/09\/cropped-favicon.png","contentUrl":"https:\/\/www.strassenweb.de\/nachrichten\/wp-content\/uploads\/2024\/09\/cropped-favicon.png","width":512,"height":512,"caption":"Stra\u00dfenweb"},"image":{"@id":"https:\/\/www.strassenweb.de\/nachrichten\/#\/schema\/logo\/image\/"},"sameAs":["https:\/\/www.facebook.com\/strassenweb\/"]},{"@type":"Person","@id":"https:\/\/www.strassenweb.de\/nachrichten\/#\/schema\/person\/87c9c9067f1211da429a744dc5a5aa41","name":"Robert Hoffmann","image":{"@type":"ImageObject","inLanguage":"de","@id":"https:\/\/www.strassenweb.de\/nachrichten\/wp-content\/uploads\/2024\/09\/strassenweb-150x150.jpg","url":"https:\/\/www.strassenweb.de\/nachrichten\/wp-content\/uploads\/2024\/09\/strassenweb-150x150.jpg","contentUrl":"https:\/\/www.strassenweb.de\/nachrichten\/wp-content\/uploads\/2024\/09\/strassenweb-150x150.jpg","caption":"Robert Hoffmann"},"description":"Ich hei\u00dfe Robert Hoffmann und ich bin ein leidenschaftlicher Verfechter von \u00d6kologie und Biodiversit\u00e4t. Seit meiner Kindheit in den W\u00e4ldern Bayerns f\u00fchle ich mich mit der Natur verbunden und bin entschlossen, sie zu sch\u00fctzen. Heute widme ich mein Leben der Sensibilisierung anderer f\u00fcr die Bedeutung des Umweltschutzes f\u00fcr zuk\u00fcnftige Generationen.","sameAs":["https:\/\/www.strassenweb.de\/"]}]}},"_links":{"self":[{"href":"https:\/\/www.strassenweb.de\/nachrichten\/wp-json\/wp\/v2\/posts\/8262","targetHints":{"allow":["GET"]}}],"collection":[{"href":"https:\/\/www.strassenweb.de\/nachrichten\/wp-json\/wp\/v2\/posts"}],"about":[{"href":"https:\/\/www.strassenweb.de\/nachrichten\/wp-json\/wp\/v2\/types\/post"}],"author":[{"embeddable":true,"href":"https:\/\/www.strassenweb.de\/nachrichten\/wp-json\/wp\/v2\/users\/1"}],"replies":[{"embeddable":true,"href":"https:\/\/www.strassenweb.de\/nachrichten\/wp-json\/wp\/v2\/comments?post=8262"}],"version-history":[{"count":0,"href":"https:\/\/www.strassenweb.de\/nachrichten\/wp-json\/wp\/v2\/posts\/8262\/revisions"}],"wp:featuredmedia":[{"embeddable":true,"href":"https:\/\/www.strassenweb.de\/nachrichten\/wp-json\/wp\/v2\/media\/8263"}],"wp:attachment":[{"href":"https:\/\/www.strassenweb.de\/nachrichten\/wp-json\/wp\/v2\/media?parent=8262"}],"wp:term":[{"taxonomy":"category","embeddable":true,"href":"https:\/\/www.strassenweb.de\/nachrichten\/wp-json\/wp\/v2\/categories?post=8262"},{"taxonomy":"post_tag","embeddable":true,"href":"https:\/\/www.strassenweb.de\/nachrichten\/wp-json\/wp\/v2\/tags?post=8262"}],"curies":[{"name":"wp","href":"https:\/\/api.w.org\/{rel}","templated":true}]}}