{"id":8253,"date":"2025-10-06T14:40:30","date_gmt":"2025-10-06T12:40:30","guid":{"rendered":"https:\/\/www.strassenweb.de\/nachrichten\/world-cocoa-foundation-enthuellt-2026-amsterdam-partnership-meeting-programm\/"},"modified":"2025-10-06T14:40:30","modified_gmt":"2025-10-06T12:40:30","slug":"world-cocoa-foundation-enthuellt-2026-amsterdam-partnership-meeting-programm","status":"publish","type":"post","link":"https:\/\/www.strassenweb.de\/nachrichten\/world-cocoa-foundation-enthuellt-2026-amsterdam-partnership-meeting-programm\/","title":{"rendered":"World Cocoa Foundation enth\u00fcllt 2026 Amsterdam Partnership Meeting -Programm"},"content":{"rendered":"<p>Die World Cocoa Foundation (WCF) hat heute das Programm f\u00fcr ihre angek\u00fcndigt <strong>2026 Partnerschaftsversammlung<\/strong><strong>Anwesend<\/strong> findet vom 17. bis 18. Februar im Beurs Van Berglage in Amsterdam w\u00e4hrend der Amsterdam -Kakao -Woche statt. Das Treffen ist das einflussreichste globale Forum f\u00fcr Debatten und Zusammenarbeit mit Kakao und Nachhaltigkeit von Schokolade.<\/p>\n<p>und das diesj\u00e4hrige Thema <strong>&#8222;Sicherung von Kakaos Zukunft in einer sich ver\u00e4ndernden Welt&#8220;<\/strong> spiegelt die kritischen Herausforderungen wider, die die Zukunft des Sektors pr\u00e4gen. <\/p>\n<p>Der Kakaosektor sieht sich einem zunehmenden Dr\u00fccken der Klimaunterbrechung, der sich entwickelnden Regulierung, der Instabilit\u00e4t der Lieferkette und der steigenden Erwartungen der Verbraucher aus. Das 2026 -Partnerschaftstreffen wird praktische L\u00f6sungen und k\u00fchne Zusammenarbeit in den Vordergrund stellen, um die Zukunft von Cocoa zu sch\u00fctzen und die Belastbarkeit in der Wertsch\u00f6pfungskette zu st\u00e4rken. <\/p>\n<p><strong><em>&#8222;Dies ist nicht wie gewohnt. Die Zukunft von Cocoa h\u00e4ngt von neuem Denken, schnelleren Handeln und st\u00e4rkeren Partnerschaften ab. In dem Partnerschaftstreffen kommen F\u00fchrungskr\u00e4fte zusammen, um vom Gespr\u00e4ch mit materiellen Ver\u00e4nderungen zu wechseln&#8220;<\/em><\/strong> sagte Chris Vincent, Pr\u00e4sident der World Cocoa Foundation. <\/p>\n<figure class=\"wp-block-table\">\n<table class=\"has-fixed-layout\">\n<tbody>\n<tr>\n<td><strong>Programmhighlights<\/strong><strong>Kakao -Resilienz in Risiko:<\/strong> Bek\u00e4mpfung von Kakaokrankheiten wie geschwollenem Shooting und Frosty Pod mit frischen globalen Reaktionen von Wissenschaftlern, Landwirten und Institutionen <strong>Regulierungszustand<\/strong>: Wie sich Unternehmen auf schnell ver\u00e4ndernde Nachhaltigkeitsregeln in Europa und dar\u00fcber hinaus vorbereiten k\u00f6nnen, mit Unterst\u00fctzung durch WCF-Tools und -Standards <strong>Kakao am Scheideweg<\/strong>: hochrangige Beamte aus C\u00f4te d&#8217;Ivoire und Ghana \u00fcber die Zukunft der Herkunftsl\u00e4nderf\u00fchrung <strong>Gestalten Sie den Kakao von morgen<\/strong>: aufstrebende Produzenten aus Brasilien, Ecuador, Nigeria, Kamerun und Indonesien auf ihren wachsenden globalen Einfluss <\/td>\n<\/tr>\n<\/tbody>\n<\/table>\n<\/figure>\n<p>Der <strong>Cocoa Techxchange<\/strong> wird als dynamischer Raum f\u00fcr die Pr\u00e4sentation von Innovationen und praktischen L\u00f6sungen, in der Verbindung von Branchenf\u00fchrern, Tech-Entwicklern und bauernorientierten Organisationen zur\u00fcckkehren. <\/p>\n<p><strong>Fortgesetzte Zusammenarbeit<\/strong><\/p>\n<p>Im Rahmen <strong>Amsterdam Kakao Woche<\/strong>WCF setzt seine Partnerschaft mit fort <strong>Chocoa<\/strong>Sicherstellung, dass die Dialoge der Branchen- und Zivilgesellschaft \u00fcbereinstimmt und gleichzeitig den Schwerpunkt auf Strategie auf hoher Ebene, Nachhaltigkeitsauswirkungen und Sektortransformation aufrechterhalten wird. <\/p>\n<p><strong>\u00dcber die World Cocoa Foundation<\/strong><\/p>\n<p>Die World Cocoa Foundation (WCF) ist eine internationale Mitgliedschaftsorganisation, die \u00fcber 80% des globalen Kakaosektors repr\u00e4sentiert, darunter Landwirtgenossenschaften, Verarbeiter, Hersteller, H\u00e4ndler und Lieferkettenunternehmen. Die Mission von WCF ist es, einen nachhaltigeren, widerstandsf\u00e4higeren und gerechten Kakaosektor durch die F\u00f6rderung der Zusammenarbeit in der Wertsch\u00f6pfungskette von landwirtschaftlichen Gemeinden bis hin zu globalen Marken zu f\u00f6rdern. <\/p>\n<p>Wenn die Regulierung komplexere und globale Pr\u00fcfung steigt, bietet WCF eine vertrauensw\u00fcrdige Plattform f\u00fcr Ausrichtung und Ma\u00dfnahmen. Durch die F\u00f6rderung der gemeinsamen Instrumente und Standards, die Unterst\u00fctzung der politischen Entwicklung und die Gestaltung der globalen Kommunikation erm\u00f6glicht WCF die regulatorischen Bereitschaft und treibt kollektive L\u00f6sungen an, um die Lebensunterhalt der Landwirte zu verbessern, die Entwaldung zu bek\u00e4mpfen, die Arbeitspraktiken zu st\u00e4rken und eine widerstandsf\u00e4higere Kakao -Zukunft aufzubauen. <\/p>\n","protected":false},"excerpt":{"rendered":"<p>Die World Cocoa Foundation (WCF) hat heute das Programm f\u00fcr ihre angek\u00fcndigt 2026 PartnerschaftsversammlungAnwesend findet vom 17. bis 18. Februar im Beurs Van Berglage in<\/p>\n","protected":false},"author":1,"featured_media":8254,"comment_status":"closed","ping_status":"","sticky":false,"template":"","format":"standard","meta":{"footnotes":""},"categories":[101],"tags":[10592,5119,1035,1087,10594,10593,5374,1085],"class_list":["post-8253","post","type-post","status-publish","format-standard","has-post-thumbnail","hentry","category-oekologie","tag-amsterdam","tag-cocoa","tag-enthuellt","tag-foundation","tag-meeting","tag-partnership","tag-programm","tag-world","generate-columns","tablet-grid-50","mobile-grid-100","grid-parent","grid-50"],"yoast_head":"<!-- This site is optimized with the Yoast SEO plugin v27.3 - https:\/\/yoast.com\/product\/yoast-seo-wordpress\/ -->\n<title>World Cocoa Foundation enth\u00fcllt 2026 Amsterdam Partnership Meeting -Programm - Nachrichten - Stra\u00dfenweb<\/title>\n<meta name=\"robots\" content=\"index, follow, max-snippet:-1, max-image-preview:large, max-video-preview:-1\" \/>\n<link rel=\"canonical\" href=\"https:\/\/www.strassenweb.de\/nachrichten\/world-cocoa-foundation-enthuellt-2026-amsterdam-partnership-meeting-programm\/\" \/>\n<meta property=\"og:locale\" content=\"de_DE\" \/>\n<meta property=\"og:type\" content=\"article\" \/>\n<meta property=\"og:title\" content=\"World Cocoa Foundation enth\u00fcllt 2026 Amsterdam Partnership Meeting -Programm - Nachrichten - Stra\u00dfenweb\" \/>\n<meta property=\"og:description\" content=\"Die World Cocoa Foundation (WCF) hat heute das Programm f\u00fcr ihre angek\u00fcndigt 2026 PartnerschaftsversammlungAnwesend findet vom 17. bis 18. Februar im Beurs Van Berglage in\" \/>\n<meta property=\"og:url\" content=\"https:\/\/www.strassenweb.de\/nachrichten\/world-cocoa-foundation-enthuellt-2026-amsterdam-partnership-meeting-programm\/\" \/>\n<meta property=\"og:site_name\" content=\"Stra\u00dfenweb\" \/>\n<meta property=\"article:publisher\" content=\"https:\/\/www.facebook.com\/strassenweb\/\" \/>\n<meta property=\"article:published_time\" content=\"2025-10-06T12:40:30+00:00\" \/>\n<meta property=\"og:image\" content=\"https:\/\/www.strassenweb.de\/nachrichten\/wp-content\/uploads\/2025\/10\/World-Cocoa-Foundation-enthuellt-2026-Amsterdam-Partnership-Meeting-Programm.jpg\" \/>\n\t<meta property=\"og:image:width\" content=\"900\" \/>\n\t<meta property=\"og:image:height\" content=\"591\" \/>\n\t<meta property=\"og:image:type\" content=\"image\/jpeg\" \/>\n<meta name=\"author\" content=\"Robert Hoffmann\" \/>\n<meta name=\"twitter:card\" content=\"summary_large_image\" \/>\n<meta name=\"twitter:label1\" content=\"Verfasst von\" \/>\n\t<meta name=\"twitter:data1\" content=\"Robert Hoffmann\" \/>\n\t<meta name=\"twitter:label2\" content=\"Gesch\u00e4tzte Lesezeit\" \/>\n\t<meta name=\"twitter:data2\" content=\"2\u00a0Minuten\" \/>\n<script type=\"application\/ld+json\" class=\"yoast-schema-graph\">{\"@context\":\"https:\\\/\\\/schema.org\",\"@graph\":[{\"@type\":\"Article\",\"@id\":\"https:\\\/\\\/www.strassenweb.de\\\/nachrichten\\\/world-cocoa-foundation-enthuellt-2026-amsterdam-partnership-meeting-programm\\\/#article\",\"isPartOf\":{\"@id\":\"https:\\\/\\\/www.strassenweb.de\\\/nachrichten\\\/world-cocoa-foundation-enthuellt-2026-amsterdam-partnership-meeting-programm\\\/\"},\"author\":{\"name\":\"Robert Hoffmann\",\"@id\":\"https:\\\/\\\/www.strassenweb.de\\\/nachrichten\\\/#\\\/schema\\\/person\\\/87c9c9067f1211da429a744dc5a5aa41\"},\"headline\":\"World Cocoa Foundation enth\u00fcllt 2026 Amsterdam Partnership Meeting -Programm\",\"datePublished\":\"2025-10-06T12:40:30+00:00\",\"mainEntityOfPage\":{\"@id\":\"https:\\\/\\\/www.strassenweb.de\\\/nachrichten\\\/world-cocoa-foundation-enthuellt-2026-amsterdam-partnership-meeting-programm\\\/\"},\"wordCount\":487,\"publisher\":{\"@id\":\"https:\\\/\\\/www.strassenweb.de\\\/nachrichten\\\/#organization\"},\"image\":{\"@id\":\"https:\\\/\\\/www.strassenweb.de\\\/nachrichten\\\/world-cocoa-foundation-enthuellt-2026-amsterdam-partnership-meeting-programm\\\/#primaryimage\"},\"thumbnailUrl\":\"https:\\\/\\\/www.strassenweb.de\\\/nachrichten\\\/wp-content\\\/uploads\\\/2025\\\/10\\\/World-Cocoa-Foundation-enthuellt-2026-Amsterdam-Partnership-Meeting-Programm.jpg\",\"keywords\":[\"Amsterdam\",\"Cocoa\",\"enth\u00fcllt\",\"Foundation\",\"Meeting\",\"Partnership\",\"Programm\",\"World\"],\"articleSection\":[\"\u00d6kologie\"],\"inLanguage\":\"de\"},{\"@type\":\"WebPage\",\"@id\":\"https:\\\/\\\/www.strassenweb.de\\\/nachrichten\\\/world-cocoa-foundation-enthuellt-2026-amsterdam-partnership-meeting-programm\\\/\",\"url\":\"https:\\\/\\\/www.strassenweb.de\\\/nachrichten\\\/world-cocoa-foundation-enthuellt-2026-amsterdam-partnership-meeting-programm\\\/\",\"name\":\"World Cocoa Foundation enth\u00fcllt 2026 Amsterdam Partnership Meeting -Programm - Nachrichten - Stra\u00dfenweb\",\"isPartOf\":{\"@id\":\"https:\\\/\\\/www.strassenweb.de\\\/nachrichten\\\/#website\"},\"primaryImageOfPage\":{\"@id\":\"https:\\\/\\\/www.strassenweb.de\\\/nachrichten\\\/world-cocoa-foundation-enthuellt-2026-amsterdam-partnership-meeting-programm\\\/#primaryimage\"},\"image\":{\"@id\":\"https:\\\/\\\/www.strassenweb.de\\\/nachrichten\\\/world-cocoa-foundation-enthuellt-2026-amsterdam-partnership-meeting-programm\\\/#primaryimage\"},\"thumbnailUrl\":\"https:\\\/\\\/www.strassenweb.de\\\/nachrichten\\\/wp-content\\\/uploads\\\/2025\\\/10\\\/World-Cocoa-Foundation-enthuellt-2026-Amsterdam-Partnership-Meeting-Programm.jpg\",\"datePublished\":\"2025-10-06T12:40:30+00:00\",\"breadcrumb\":{\"@id\":\"https:\\\/\\\/www.strassenweb.de\\\/nachrichten\\\/world-cocoa-foundation-enthuellt-2026-amsterdam-partnership-meeting-programm\\\/#breadcrumb\"},\"inLanguage\":\"de\",\"potentialAction\":[{\"@type\":\"ReadAction\",\"target\":[\"https:\\\/\\\/www.strassenweb.de\\\/nachrichten\\\/world-cocoa-foundation-enthuellt-2026-amsterdam-partnership-meeting-programm\\\/\"]}]},{\"@type\":\"ImageObject\",\"inLanguage\":\"de\",\"@id\":\"https:\\\/\\\/www.strassenweb.de\\\/nachrichten\\\/world-cocoa-foundation-enthuellt-2026-amsterdam-partnership-meeting-programm\\\/#primaryimage\",\"url\":\"https:\\\/\\\/www.strassenweb.de\\\/nachrichten\\\/wp-content\\\/uploads\\\/2025\\\/10\\\/World-Cocoa-Foundation-enthuellt-2026-Amsterdam-Partnership-Meeting-Programm.jpg\",\"contentUrl\":\"https:\\\/\\\/www.strassenweb.de\\\/nachrichten\\\/wp-content\\\/uploads\\\/2025\\\/10\\\/World-Cocoa-Foundation-enthuellt-2026-Amsterdam-Partnership-Meeting-Programm.jpg\",\"width\":900,\"height\":591,\"caption\":\"World Cocoa Foundation Unveils 2026 Amsterdam Partnership Meeting Programme\u00a0\"},{\"@type\":\"BreadcrumbList\",\"@id\":\"https:\\\/\\\/www.strassenweb.de\\\/nachrichten\\\/world-cocoa-foundation-enthuellt-2026-amsterdam-partnership-meeting-programm\\\/#breadcrumb\",\"itemListElement\":[{\"@type\":\"ListItem\",\"position\":1,\"name\":\"Home\",\"item\":\"https:\\\/\\\/www.strassenweb.de\\\/nachrichten\\\/\"},{\"@type\":\"ListItem\",\"position\":2,\"name\":\"World Cocoa Foundation enth\u00fcllt 2026 Amsterdam Partnership Meeting -Programm\"}]},{\"@type\":\"WebSite\",\"@id\":\"https:\\\/\\\/www.strassenweb.de\\\/nachrichten\\\/#website\",\"url\":\"https:\\\/\\\/www.strassenweb.de\\\/nachrichten\\\/\",\"name\":\"Stra\u00dfenweb\",\"description\":\"Stra\u00dfenverzeichnis f\u00fcr Deutschland\",\"publisher\":{\"@id\":\"https:\\\/\\\/www.strassenweb.de\\\/nachrichten\\\/#organization\"},\"potentialAction\":[{\"@type\":\"SearchAction\",\"target\":{\"@type\":\"EntryPoint\",\"urlTemplate\":\"https:\\\/\\\/www.strassenweb.de\\\/nachrichten\\\/?s={search_term_string}\"},\"query-input\":{\"@type\":\"PropertyValueSpecification\",\"valueRequired\":true,\"valueName\":\"search_term_string\"}}],\"inLanguage\":\"de\"},{\"@type\":\"Organization\",\"@id\":\"https:\\\/\\\/www.strassenweb.de\\\/nachrichten\\\/#organization\",\"name\":\"Stra\u00dfenweb\",\"url\":\"https:\\\/\\\/www.strassenweb.de\\\/nachrichten\\\/\",\"logo\":{\"@type\":\"ImageObject\",\"inLanguage\":\"de\",\"@id\":\"https:\\\/\\\/www.strassenweb.de\\\/nachrichten\\\/#\\\/schema\\\/logo\\\/image\\\/\",\"url\":\"https:\\\/\\\/www.strassenweb.de\\\/nachrichten\\\/wp-content\\\/uploads\\\/2024\\\/09\\\/cropped-favicon.png\",\"contentUrl\":\"https:\\\/\\\/www.strassenweb.de\\\/nachrichten\\\/wp-content\\\/uploads\\\/2024\\\/09\\\/cropped-favicon.png\",\"width\":512,\"height\":512,\"caption\":\"Stra\u00dfenweb\"},\"image\":{\"@id\":\"https:\\\/\\\/www.strassenweb.de\\\/nachrichten\\\/#\\\/schema\\\/logo\\\/image\\\/\"},\"sameAs\":[\"https:\\\/\\\/www.facebook.com\\\/strassenweb\\\/\"]},{\"@type\":\"Person\",\"@id\":\"https:\\\/\\\/www.strassenweb.de\\\/nachrichten\\\/#\\\/schema\\\/person\\\/87c9c9067f1211da429a744dc5a5aa41\",\"name\":\"Robert Hoffmann\",\"image\":{\"@type\":\"ImageObject\",\"inLanguage\":\"de\",\"@id\":\"https:\\\/\\\/www.strassenweb.de\\\/nachrichten\\\/wp-content\\\/uploads\\\/2024\\\/09\\\/strassenweb-150x150.jpg\",\"url\":\"https:\\\/\\\/www.strassenweb.de\\\/nachrichten\\\/wp-content\\\/uploads\\\/2024\\\/09\\\/strassenweb-150x150.jpg\",\"contentUrl\":\"https:\\\/\\\/www.strassenweb.de\\\/nachrichten\\\/wp-content\\\/uploads\\\/2024\\\/09\\\/strassenweb-150x150.jpg\",\"caption\":\"Robert Hoffmann\"},\"description\":\"Ich hei\u00dfe Robert Hoffmann und ich bin ein leidenschaftlicher Verfechter von \u00d6kologie und Biodiversit\u00e4t. Seit meiner Kindheit in den W\u00e4ldern Bayerns f\u00fchle ich mich mit der Natur verbunden und bin entschlossen, sie zu sch\u00fctzen. Heute widme ich mein Leben der Sensibilisierung anderer f\u00fcr die Bedeutung des Umweltschutzes f\u00fcr zuk\u00fcnftige Generationen.\",\"sameAs\":[\"https:\\\/\\\/www.strassenweb.de\\\/\"]}]}<\/script>\n<!-- \/ Yoast SEO plugin. -->","yoast_head_json":{"title":"World Cocoa Foundation enth\u00fcllt 2026 Amsterdam Partnership Meeting -Programm - Nachrichten - Stra\u00dfenweb","robots":{"index":"index","follow":"follow","max-snippet":"max-snippet:-1","max-image-preview":"max-image-preview:large","max-video-preview":"max-video-preview:-1"},"canonical":"https:\/\/www.strassenweb.de\/nachrichten\/world-cocoa-foundation-enthuellt-2026-amsterdam-partnership-meeting-programm\/","og_locale":"de_DE","og_type":"article","og_title":"World Cocoa Foundation enth\u00fcllt 2026 Amsterdam Partnership Meeting -Programm - Nachrichten - Stra\u00dfenweb","og_description":"Die World Cocoa Foundation (WCF) hat heute das Programm f\u00fcr ihre angek\u00fcndigt 2026 PartnerschaftsversammlungAnwesend findet vom 17. bis 18. Februar im Beurs Van Berglage in","og_url":"https:\/\/www.strassenweb.de\/nachrichten\/world-cocoa-foundation-enthuellt-2026-amsterdam-partnership-meeting-programm\/","og_site_name":"Stra\u00dfenweb","article_publisher":"https:\/\/www.facebook.com\/strassenweb\/","article_published_time":"2025-10-06T12:40:30+00:00","og_image":[{"width":900,"height":591,"url":"https:\/\/www.strassenweb.de\/nachrichten\/wp-content\/uploads\/2025\/10\/World-Cocoa-Foundation-enthuellt-2026-Amsterdam-Partnership-Meeting-Programm.jpg","type":"image\/jpeg"}],"author":"Robert Hoffmann","twitter_card":"summary_large_image","twitter_misc":{"Verfasst von":"Robert Hoffmann","Gesch\u00e4tzte Lesezeit":"2\u00a0Minuten"},"schema":{"@context":"https:\/\/schema.org","@graph":[{"@type":"Article","@id":"https:\/\/www.strassenweb.de\/nachrichten\/world-cocoa-foundation-enthuellt-2026-amsterdam-partnership-meeting-programm\/#article","isPartOf":{"@id":"https:\/\/www.strassenweb.de\/nachrichten\/world-cocoa-foundation-enthuellt-2026-amsterdam-partnership-meeting-programm\/"},"author":{"name":"Robert Hoffmann","@id":"https:\/\/www.strassenweb.de\/nachrichten\/#\/schema\/person\/87c9c9067f1211da429a744dc5a5aa41"},"headline":"World Cocoa Foundation enth\u00fcllt 2026 Amsterdam Partnership Meeting -Programm","datePublished":"2025-10-06T12:40:30+00:00","mainEntityOfPage":{"@id":"https:\/\/www.strassenweb.de\/nachrichten\/world-cocoa-foundation-enthuellt-2026-amsterdam-partnership-meeting-programm\/"},"wordCount":487,"publisher":{"@id":"https:\/\/www.strassenweb.de\/nachrichten\/#organization"},"image":{"@id":"https:\/\/www.strassenweb.de\/nachrichten\/world-cocoa-foundation-enthuellt-2026-amsterdam-partnership-meeting-programm\/#primaryimage"},"thumbnailUrl":"https:\/\/www.strassenweb.de\/nachrichten\/wp-content\/uploads\/2025\/10\/World-Cocoa-Foundation-enthuellt-2026-Amsterdam-Partnership-Meeting-Programm.jpg","keywords":["Amsterdam","Cocoa","enth\u00fcllt","Foundation","Meeting","Partnership","Programm","World"],"articleSection":["\u00d6kologie"],"inLanguage":"de"},{"@type":"WebPage","@id":"https:\/\/www.strassenweb.de\/nachrichten\/world-cocoa-foundation-enthuellt-2026-amsterdam-partnership-meeting-programm\/","url":"https:\/\/www.strassenweb.de\/nachrichten\/world-cocoa-foundation-enthuellt-2026-amsterdam-partnership-meeting-programm\/","name":"World Cocoa Foundation enth\u00fcllt 2026 Amsterdam Partnership Meeting -Programm - Nachrichten - Stra\u00dfenweb","isPartOf":{"@id":"https:\/\/www.strassenweb.de\/nachrichten\/#website"},"primaryImageOfPage":{"@id":"https:\/\/www.strassenweb.de\/nachrichten\/world-cocoa-foundation-enthuellt-2026-amsterdam-partnership-meeting-programm\/#primaryimage"},"image":{"@id":"https:\/\/www.strassenweb.de\/nachrichten\/world-cocoa-foundation-enthuellt-2026-amsterdam-partnership-meeting-programm\/#primaryimage"},"thumbnailUrl":"https:\/\/www.strassenweb.de\/nachrichten\/wp-content\/uploads\/2025\/10\/World-Cocoa-Foundation-enthuellt-2026-Amsterdam-Partnership-Meeting-Programm.jpg","datePublished":"2025-10-06T12:40:30+00:00","breadcrumb":{"@id":"https:\/\/www.strassenweb.de\/nachrichten\/world-cocoa-foundation-enthuellt-2026-amsterdam-partnership-meeting-programm\/#breadcrumb"},"inLanguage":"de","potentialAction":[{"@type":"ReadAction","target":["https:\/\/www.strassenweb.de\/nachrichten\/world-cocoa-foundation-enthuellt-2026-amsterdam-partnership-meeting-programm\/"]}]},{"@type":"ImageObject","inLanguage":"de","@id":"https:\/\/www.strassenweb.de\/nachrichten\/world-cocoa-foundation-enthuellt-2026-amsterdam-partnership-meeting-programm\/#primaryimage","url":"https:\/\/www.strassenweb.de\/nachrichten\/wp-content\/uploads\/2025\/10\/World-Cocoa-Foundation-enthuellt-2026-Amsterdam-Partnership-Meeting-Programm.jpg","contentUrl":"https:\/\/www.strassenweb.de\/nachrichten\/wp-content\/uploads\/2025\/10\/World-Cocoa-Foundation-enthuellt-2026-Amsterdam-Partnership-Meeting-Programm.jpg","width":900,"height":591,"caption":"World Cocoa Foundation Unveils 2026 Amsterdam Partnership Meeting Programme\u00a0"},{"@type":"BreadcrumbList","@id":"https:\/\/www.strassenweb.de\/nachrichten\/world-cocoa-foundation-enthuellt-2026-amsterdam-partnership-meeting-programm\/#breadcrumb","itemListElement":[{"@type":"ListItem","position":1,"name":"Home","item":"https:\/\/www.strassenweb.de\/nachrichten\/"},{"@type":"ListItem","position":2,"name":"World Cocoa Foundation enth\u00fcllt 2026 Amsterdam Partnership Meeting -Programm"}]},{"@type":"WebSite","@id":"https:\/\/www.strassenweb.de\/nachrichten\/#website","url":"https:\/\/www.strassenweb.de\/nachrichten\/","name":"Stra\u00dfenweb","description":"Stra\u00dfenverzeichnis f\u00fcr Deutschland","publisher":{"@id":"https:\/\/www.strassenweb.de\/nachrichten\/#organization"},"potentialAction":[{"@type":"SearchAction","target":{"@type":"EntryPoint","urlTemplate":"https:\/\/www.strassenweb.de\/nachrichten\/?s={search_term_string}"},"query-input":{"@type":"PropertyValueSpecification","valueRequired":true,"valueName":"search_term_string"}}],"inLanguage":"de"},{"@type":"Organization","@id":"https:\/\/www.strassenweb.de\/nachrichten\/#organization","name":"Stra\u00dfenweb","url":"https:\/\/www.strassenweb.de\/nachrichten\/","logo":{"@type":"ImageObject","inLanguage":"de","@id":"https:\/\/www.strassenweb.de\/nachrichten\/#\/schema\/logo\/image\/","url":"https:\/\/www.strassenweb.de\/nachrichten\/wp-content\/uploads\/2024\/09\/cropped-favicon.png","contentUrl":"https:\/\/www.strassenweb.de\/nachrichten\/wp-content\/uploads\/2024\/09\/cropped-favicon.png","width":512,"height":512,"caption":"Stra\u00dfenweb"},"image":{"@id":"https:\/\/www.strassenweb.de\/nachrichten\/#\/schema\/logo\/image\/"},"sameAs":["https:\/\/www.facebook.com\/strassenweb\/"]},{"@type":"Person","@id":"https:\/\/www.strassenweb.de\/nachrichten\/#\/schema\/person\/87c9c9067f1211da429a744dc5a5aa41","name":"Robert Hoffmann","image":{"@type":"ImageObject","inLanguage":"de","@id":"https:\/\/www.strassenweb.de\/nachrichten\/wp-content\/uploads\/2024\/09\/strassenweb-150x150.jpg","url":"https:\/\/www.strassenweb.de\/nachrichten\/wp-content\/uploads\/2024\/09\/strassenweb-150x150.jpg","contentUrl":"https:\/\/www.strassenweb.de\/nachrichten\/wp-content\/uploads\/2024\/09\/strassenweb-150x150.jpg","caption":"Robert Hoffmann"},"description":"Ich hei\u00dfe Robert Hoffmann und ich bin ein leidenschaftlicher Verfechter von \u00d6kologie und Biodiversit\u00e4t. Seit meiner Kindheit in den W\u00e4ldern Bayerns f\u00fchle ich mich mit der Natur verbunden und bin entschlossen, sie zu sch\u00fctzen. Heute widme ich mein Leben der Sensibilisierung anderer f\u00fcr die Bedeutung des Umweltschutzes f\u00fcr zuk\u00fcnftige Generationen.","sameAs":["https:\/\/www.strassenweb.de\/"]}]}},"_links":{"self":[{"href":"https:\/\/www.strassenweb.de\/nachrichten\/wp-json\/wp\/v2\/posts\/8253","targetHints":{"allow":["GET"]}}],"collection":[{"href":"https:\/\/www.strassenweb.de\/nachrichten\/wp-json\/wp\/v2\/posts"}],"about":[{"href":"https:\/\/www.strassenweb.de\/nachrichten\/wp-json\/wp\/v2\/types\/post"}],"author":[{"embeddable":true,"href":"https:\/\/www.strassenweb.de\/nachrichten\/wp-json\/wp\/v2\/users\/1"}],"replies":[{"embeddable":true,"href":"https:\/\/www.strassenweb.de\/nachrichten\/wp-json\/wp\/v2\/comments?post=8253"}],"version-history":[{"count":0,"href":"https:\/\/www.strassenweb.de\/nachrichten\/wp-json\/wp\/v2\/posts\/8253\/revisions"}],"wp:featuredmedia":[{"embeddable":true,"href":"https:\/\/www.strassenweb.de\/nachrichten\/wp-json\/wp\/v2\/media\/8254"}],"wp:attachment":[{"href":"https:\/\/www.strassenweb.de\/nachrichten\/wp-json\/wp\/v2\/media?parent=8253"}],"wp:term":[{"taxonomy":"category","embeddable":true,"href":"https:\/\/www.strassenweb.de\/nachrichten\/wp-json\/wp\/v2\/categories?post=8253"},{"taxonomy":"post_tag","embeddable":true,"href":"https:\/\/www.strassenweb.de\/nachrichten\/wp-json\/wp\/v2\/tags?post=8253"}],"curies":[{"name":"wp","href":"https:\/\/api.w.org\/{rel}","templated":true}]}}