{"id":8232,"date":"2025-10-05T19:40:23","date_gmt":"2025-10-05T17:40:23","guid":{"rendered":"https:\/\/www.strassenweb.de\/nachrichten\/vergessen-sie-taupe-jane-fondas-wandfarbe-beweist-dass-coole-toene-ein-raffiniertes-comeback-fuer-2026-machen\/"},"modified":"2025-10-05T19:40:24","modified_gmt":"2025-10-05T17:40:24","slug":"vergessen-sie-taupe-jane-fondas-wandfarbe-beweist-dass-coole-toene-ein-raffiniertes-comeback-fuer-2026-machen","status":"publish","type":"post","link":"https:\/\/www.strassenweb.de\/nachrichten\/vergessen-sie-taupe-jane-fondas-wandfarbe-beweist-dass-coole-toene-ein-raffiniertes-comeback-fuer-2026-machen\/","title":{"rendered":"Vergessen Sie Taupe, Jane Fondas Wandfarbe beweist, dass coole T\u00f6ne ein raffiniertes Comeback f\u00fcr 2026 machen"},"content":{"rendered":"<p><\/p>\n<div id=\"article-body\" class=\"article__body \">\n<p id=\"42eaddeb-83f9-49ae-a80b-e2a2bce0049f\">W\u00e4hrend die Designwelt in den letzten Jahren warme Neutrale angenommen hat &#8211; denken Sie an weiche Cremes, Beige und Taupes &#8211; als zeitlose Kulisse f\u00fcr raffinierte R\u00e4ume, kann ihre Allgegenwart manchmal &#8230; vorhersehbar f\u00fchlen. Farbtrends und Vorhersagen zeigen jedoch auf eine Verschiebung f\u00fcr 2026: eine R\u00fcckkehr zu k\u00fchleren, erfrischenden T\u00f6nen, insbesondere zu Blau. Wir reden nicht \u00fcber stimmungsvolle Marine oder helle Prim\u00e4rt\u00f6ne. Der wahre Trendsetter ist das weiche, umh\u00fcllende Pulverblau.<\/p>\n<div id=\"ad-unit-1\" class=\"ad-unit\"><\/div>\n<p>Diese Verschiebung bietet die perfekte M\u00f6glichkeit, etablierte, w\u00e4rmere St\u00fccke mit einem k\u00fchlen, modernen Kontrast zu aktualisieren. Ein Blick auf die Wallfarbe von Jane Fonda verfestigt sich nur, dass sich dieser Cool-Tone-Farbton aufmauert und eine Meisterklasse bei der Modernisierung eines klassischen Looks und der Funktionsweise mit diesen warmen Neutralen bietet, die jeder liebt.<\/p>\n<aside data-block-type=\"embed\" data-render-type=\"fte\" data-skip=\"dealsy\" data-widget-type=\"seasonal\" class=\"hawk-root\"><\/aside>\n<p id=\"42eaddeb-83f9-49ae-a80b-e2a2bce0049f-2\">Die Schauspielerin zeigte ihr cremefarbenes Boucl\u00e9-Sofa in einem k\u00fcrzlichen sozialen Beitrag. Aber anstelle der klassischen, Griege- oder Taupe-Wand im Hintergrund hat sie sich f\u00fcr einen weichen Blaugraufarbton entschieden.<\/p>\n<div class=\"van_vid_carousel\">\n<div class=\"van_vid_carousel__padding\">\n<div class=\"van_vid_carousel__container\"><\/div>\n<\/div>\n<\/div>\n<div class=\"instagram-embed\" id=\"C_9LvdJy6q5\">\n<blockquote class=\"instagram-media\" data-instgrm-captioned data-instgrm-version=\"6\" style=\"width:99.375%; width:-webkit-calc(100% - 2px); width:calc(100% - 2px);\">\n<p>Ein Beitrag, der von Jane Fonda (@janefonda) geteilt wird<\/p>\n<p>Ein Foto von on <\/p>\n<\/blockquote>\n<\/div>\n<p id=\"99adc6a1-dc0a-49d7-8145-4f3af55fe43c\">Dekorieren mit blauem, insbesondere pulverblau, hinter dem Sitzbereich, bietet den perfekten, raffinierten Kontrast zu den taktilen Sachen des Sofas, cremefarbene W\u00e4rme und dem rustikalen Gef\u00fchl ihrer abgerundeten nat\u00fcrlichen Holztische.<\/p>\n<div id=\"ad-unit-2\" class=\"ad-unit\"><\/div>\n<p>Die gesamte Komposition bis hin zu den geometrischen Texturen und blau-grauen Akzenten in ihrem Teppich erh\u00f6ht den Look, indem sie das Unerwartete durchf\u00fchren: Sie heiratet die warmen, umh\u00fcllenden Neutralen mit k\u00fchlem, pudrigem Blau. Diese anspruchsvolle Balance von warmen und k\u00fchlen T\u00f6nen ist der ultimative Schl\u00fcssel zu einem Schema, das sich sowohl aktuell als auch dauerhaft anf\u00fchlt.<\/p>\n<h2 id=\"5-rules-for-decorating-with-powder-blue-in-2026-3\">5 Regeln f\u00fcr die Dekoration mit Pulverblau im Jahr 2026<\/h2>\n<figure class=\"van-image-figure inline-layout \" data-bordeaux-image-check id=\"e7263d0c-b896-49e6-8da7-72e00cb20f8a\">\n<div class=\"image-full-width-wrapper\">\n<div class=\"image-widthsetter\" style=\"max-width:2000px;\"><\/div>\n<\/div>\n<\/figure>\n<p id=\"beaf3305-5b40-4f4c-9018-df5d0ddc757e\"><strong>1. Meister Sie das warmgek\u00fchlte Gleichgewicht:<\/strong> Der Trick zum Mischen von hellblau mit warmen Neutralen besteht darin, eine gemeinsame Temperatur zu finden. Kombinieren Sie das Blau mit reichen, erdigen T\u00f6nen wie Terrakotta, weichem Kamel oder tiefen Creme und nicht mit starkem Wei\u00df. Dies verhindert, dass das Blau eisig aussieht, und erm\u00f6glicht es dem warmen Neutral, als einladender Anker zu fungieren und ein raffiniertes und ausgewogenes Schema zu schaffen.<\/p>\n<p><strong>2. Textur ist das Gegenmittel gegen die Flachheit:<\/strong> Da hellblau nat\u00fcrlich eine tiefe S\u00e4ttigung fehlt, erfordert es eine strukturelle Substanz, um sich gewichtig und luxuri\u00f6s zu f\u00fchlen. Integrieren Sie hochtaktile Materialien wie geb\u00fcrstete Samt, klobige Boul\u00e9, notleidendes Leinen oder hochpile Teppiche. Diese Oberfl\u00e4chen fangen das Licht anders auf und f\u00fcgen dem ansonsten \u00e4therischen Farbton die erforderliche Tiefe und Dimension hinzu.<\/p>\n<div id=\"slice-container-newsletterForm-articleInbodyContent-NQEtQ5B2PoZ5JRC3PmVXEh\" class=\"slice-container newsletter-inbodyContent-slice newsletterForm-articleInbodyContent-NQEtQ5B2PoZ5JRC3PmVXEh slice-container-newsletterForm\"><\/div>\n<p><strong>3. Machen Sie das Schema mit einem dunklen Anker:<\/strong> Um zu verhindern, dass sich ein hellblauer Raum zu \u201es\u00fc\u00df\u201c oder ausgewaschen f\u00fchlt, stellen Sie ein Element aus Drama und Gravitas ein. Verwenden Sie kleine, scharfe Holzkohledosen, mattschwarz oder eine tiefe Bronze (eine pulverblaue K\u00fcche mit dunklen Bronze -Leuchten w\u00e4re sch\u00f6n) &#8211; denken Sie in Hardware, Leuchten oder Akzentm\u00f6belrahmen. Dieser starke Kontrast verhindert, dass sich der weiche Schatten sanftm\u00fctig anf\u00fchlt.<\/p>\n<p><strong>4. Lassen Sie die Licht die Intensit\u00e4t leiten:<\/strong> Beobachten Sie immer das nat\u00fcrliche Licht des Raumes. W\u00e4hlen Sie f\u00fcr R\u00e4ume in Richtung Norden (die k\u00fchleres Licht erhalten) ein helles Blau mit einem subtilen grauen oder gr\u00fcnen Unterton, um zu verhindern, dass es steril erscheint. In nach S\u00fcden ausgerichteten R\u00e4umen (die warmes, helles Licht erhalten) k\u00f6nnen Sie sich sicher f\u00fcr einen reineren, klareren Blaufarbton entscheiden, ohne Angst davor zu haben.<\/p>\n<p><strong>5. Behandle die Decke als f\u00fcnfte Wand:<\/strong> Hellblau ist gro\u00dfartig, wenn es an unerwarteten Stellen verwendet wird. Wenn Sie einen sehr hellen Farbton der Farbe an die Decke auftragen, leicht heller als die W\u00e4nde selbst, ahmt sie die Farbe des Himmels subtil nach. Dies schafft ein immersives, ruhiges Baldachin, das das Auge nach oben zieht und das Gef\u00fchl des Raums wundersch\u00f6n erweitert. Es ist auch ein wundersch\u00f6ner Farbton, um einen Raum zu f\u00e4rben.<\/p>\n<h2 id=\"shop-the-look-3\">Kaufen Sie den Look ein<\/h2>\n<div class=\"product-container hero-product-container product-block-no-wrap\">\n<div class=\"product-block-row\"><\/div>\n<div class=\"product-block-row\"><\/div>\n<div class=\"product-block-row\"><\/div>\n<\/div>\n<div class=\"block\" id=\"articleTag\" data-component-name=\"PostArticleLinks\">\n<div class=\"border-b border-b-black border-solid py-2.5 text-black font-bold uppercase\">Themen<\/div>\n<nav class=\"py-2.5 flex gap-2.5 flex-wrap\" data-analytics-id=\"article-tag\">\n<p>Kaffeetische locken Innenarchitekten Jane Fonda<\/p>\n<\/nav>\n<\/div>\n<\/div>\n<p><script async src=\"\/\/www.instagram.com\/embed.js\"><\/script><\/p>\n","protected":false},"excerpt":{"rendered":"<p>W\u00e4hrend die Designwelt in den letzten Jahren warme Neutrale angenommen hat &#8211; denken Sie an weiche Cremes, Beige und Taupes &#8211; als zeitlose Kulisse f\u00fcr<\/p>\n","protected":false},"author":1,"featured_media":8233,"comment_status":"closed","ping_status":"","sticky":false,"template":"","format":"standard","meta":{"footnotes":""},"categories":[118],"tags":[2037,2187,4484,51,43,10569,55,9087,410,5752,165,10568,5639,1768,10570],"class_list":["post-8232","post","type-post","status-publish","format-standard","has-post-thumbnail","hentry","category-haus-garten","tag-beweist","tag-comeback","tag-coole","tag-dass","tag-ein","tag-fondas","tag-fuer","tag-jane","tag-machen","tag-raffiniertes","tag-sie","tag-taupe","tag-toene","tag-vergessen","tag-wandfarbe","generate-columns","tablet-grid-50","mobile-grid-100","grid-parent","grid-50"],"yoast_head":"<!-- This site is optimized with the Yoast SEO plugin v27.3 - https:\/\/yoast.com\/product\/yoast-seo-wordpress\/ -->\n<title>Vergessen Sie Taupe, Jane Fondas Wandfarbe beweist, dass coole T\u00f6ne ein raffiniertes Comeback f\u00fcr 2026 machen - Nachrichten - Stra\u00dfenweb<\/title>\n<meta name=\"robots\" content=\"index, follow, max-snippet:-1, max-image-preview:large, max-video-preview:-1\" \/>\n<link rel=\"canonical\" href=\"https:\/\/www.strassenweb.de\/nachrichten\/vergessen-sie-taupe-jane-fondas-wandfarbe-beweist-dass-coole-toene-ein-raffiniertes-comeback-fuer-2026-machen\/\" \/>\n<meta property=\"og:locale\" content=\"de_DE\" \/>\n<meta property=\"og:type\" content=\"article\" \/>\n<meta property=\"og:title\" content=\"Vergessen Sie Taupe, Jane Fondas Wandfarbe beweist, dass coole T\u00f6ne ein raffiniertes Comeback f\u00fcr 2026 machen - Nachrichten - Stra\u00dfenweb\" \/>\n<meta property=\"og:description\" content=\"W\u00e4hrend die Designwelt in den letzten Jahren warme Neutrale angenommen hat &#8211; denken Sie an weiche Cremes, Beige und Taupes &#8211; als zeitlose Kulisse f\u00fcr\" \/>\n<meta property=\"og:url\" content=\"https:\/\/www.strassenweb.de\/nachrichten\/vergessen-sie-taupe-jane-fondas-wandfarbe-beweist-dass-coole-toene-ein-raffiniertes-comeback-fuer-2026-machen\/\" \/>\n<meta property=\"og:site_name\" content=\"Stra\u00dfenweb\" \/>\n<meta property=\"article:publisher\" content=\"https:\/\/www.facebook.com\/strassenweb\/\" \/>\n<meta property=\"article:published_time\" content=\"2025-10-05T17:40:23+00:00\" \/>\n<meta property=\"article:modified_time\" content=\"2025-10-05T17:40:24+00:00\" \/>\n<meta property=\"og:image\" content=\"https:\/\/www.strassenweb.de\/nachrichten\/wp-content\/uploads\/2025\/10\/Vergessen-Sie-Taupe-Jane-Fondas-Wandfarbe-beweist-dass-coole-Toene.jpg\" \/>\n\t<meta property=\"og:image:width\" content=\"1600\" \/>\n\t<meta property=\"og:image:height\" content=\"900\" \/>\n\t<meta property=\"og:image:type\" content=\"image\/jpeg\" \/>\n<meta name=\"author\" content=\"Robert Hoffmann\" \/>\n<meta name=\"twitter:card\" content=\"summary_large_image\" \/>\n<meta name=\"twitter:label1\" content=\"Verfasst von\" \/>\n\t<meta name=\"twitter:data1\" content=\"Robert Hoffmann\" \/>\n\t<meta name=\"twitter:label2\" content=\"Gesch\u00e4tzte Lesezeit\" \/>\n\t<meta name=\"twitter:data2\" content=\"3\u00a0Minuten\" \/>\n<script type=\"application\/ld+json\" class=\"yoast-schema-graph\">{\"@context\":\"https:\\\/\\\/schema.org\",\"@graph\":[{\"@type\":\"Article\",\"@id\":\"https:\\\/\\\/www.strassenweb.de\\\/nachrichten\\\/vergessen-sie-taupe-jane-fondas-wandfarbe-beweist-dass-coole-toene-ein-raffiniertes-comeback-fuer-2026-machen\\\/#article\",\"isPartOf\":{\"@id\":\"https:\\\/\\\/www.strassenweb.de\\\/nachrichten\\\/vergessen-sie-taupe-jane-fondas-wandfarbe-beweist-dass-coole-toene-ein-raffiniertes-comeback-fuer-2026-machen\\\/\"},\"author\":{\"name\":\"Robert Hoffmann\",\"@id\":\"https:\\\/\\\/www.strassenweb.de\\\/nachrichten\\\/#\\\/schema\\\/person\\\/87c9c9067f1211da429a744dc5a5aa41\"},\"headline\":\"Vergessen Sie Taupe, Jane Fondas Wandfarbe beweist, dass coole T\u00f6ne ein raffiniertes Comeback f\u00fcr 2026 machen\",\"datePublished\":\"2025-10-05T17:40:23+00:00\",\"dateModified\":\"2025-10-05T17:40:24+00:00\",\"mainEntityOfPage\":{\"@id\":\"https:\\\/\\\/www.strassenweb.de\\\/nachrichten\\\/vergessen-sie-taupe-jane-fondas-wandfarbe-beweist-dass-coole-toene-ein-raffiniertes-comeback-fuer-2026-machen\\\/\"},\"wordCount\":681,\"publisher\":{\"@id\":\"https:\\\/\\\/www.strassenweb.de\\\/nachrichten\\\/#organization\"},\"image\":{\"@id\":\"https:\\\/\\\/www.strassenweb.de\\\/nachrichten\\\/vergessen-sie-taupe-jane-fondas-wandfarbe-beweist-dass-coole-toene-ein-raffiniertes-comeback-fuer-2026-machen\\\/#primaryimage\"},\"thumbnailUrl\":\"https:\\\/\\\/www.strassenweb.de\\\/nachrichten\\\/wp-content\\\/uploads\\\/2025\\\/10\\\/Vergessen-Sie-Taupe-Jane-Fondas-Wandfarbe-beweist-dass-coole-Toene.jpg\",\"keywords\":[\"beweist\",\"Comeback\",\"coole\",\"dass\",\"ein\",\"Fondas\",\"f\u00fcr\",\"Jane\",\"machen\",\"raffiniertes\",\"Sie\",\"Taupe\",\"T\u00f6ne\",\"Vergessen\",\"Wandfarbe\"],\"articleSection\":[\"Haus &amp; Garten\"],\"inLanguage\":\"de\"},{\"@type\":\"WebPage\",\"@id\":\"https:\\\/\\\/www.strassenweb.de\\\/nachrichten\\\/vergessen-sie-taupe-jane-fondas-wandfarbe-beweist-dass-coole-toene-ein-raffiniertes-comeback-fuer-2026-machen\\\/\",\"url\":\"https:\\\/\\\/www.strassenweb.de\\\/nachrichten\\\/vergessen-sie-taupe-jane-fondas-wandfarbe-beweist-dass-coole-toene-ein-raffiniertes-comeback-fuer-2026-machen\\\/\",\"name\":\"Vergessen Sie Taupe, Jane Fondas Wandfarbe beweist, dass coole T\u00f6ne ein raffiniertes Comeback f\u00fcr 2026 machen - Nachrichten - Stra\u00dfenweb\",\"isPartOf\":{\"@id\":\"https:\\\/\\\/www.strassenweb.de\\\/nachrichten\\\/#website\"},\"primaryImageOfPage\":{\"@id\":\"https:\\\/\\\/www.strassenweb.de\\\/nachrichten\\\/vergessen-sie-taupe-jane-fondas-wandfarbe-beweist-dass-coole-toene-ein-raffiniertes-comeback-fuer-2026-machen\\\/#primaryimage\"},\"image\":{\"@id\":\"https:\\\/\\\/www.strassenweb.de\\\/nachrichten\\\/vergessen-sie-taupe-jane-fondas-wandfarbe-beweist-dass-coole-toene-ein-raffiniertes-comeback-fuer-2026-machen\\\/#primaryimage\"},\"thumbnailUrl\":\"https:\\\/\\\/www.strassenweb.de\\\/nachrichten\\\/wp-content\\\/uploads\\\/2025\\\/10\\\/Vergessen-Sie-Taupe-Jane-Fondas-Wandfarbe-beweist-dass-coole-Toene.jpg\",\"datePublished\":\"2025-10-05T17:40:23+00:00\",\"dateModified\":\"2025-10-05T17:40:24+00:00\",\"breadcrumb\":{\"@id\":\"https:\\\/\\\/www.strassenweb.de\\\/nachrichten\\\/vergessen-sie-taupe-jane-fondas-wandfarbe-beweist-dass-coole-toene-ein-raffiniertes-comeback-fuer-2026-machen\\\/#breadcrumb\"},\"inLanguage\":\"de\",\"potentialAction\":[{\"@type\":\"ReadAction\",\"target\":[\"https:\\\/\\\/www.strassenweb.de\\\/nachrichten\\\/vergessen-sie-taupe-jane-fondas-wandfarbe-beweist-dass-coole-toene-ein-raffiniertes-comeback-fuer-2026-machen\\\/\"]}]},{\"@type\":\"ImageObject\",\"inLanguage\":\"de\",\"@id\":\"https:\\\/\\\/www.strassenweb.de\\\/nachrichten\\\/vergessen-sie-taupe-jane-fondas-wandfarbe-beweist-dass-coole-toene-ein-raffiniertes-comeback-fuer-2026-machen\\\/#primaryimage\",\"url\":\"https:\\\/\\\/www.strassenweb.de\\\/nachrichten\\\/wp-content\\\/uploads\\\/2025\\\/10\\\/Vergessen-Sie-Taupe-Jane-Fondas-Wandfarbe-beweist-dass-coole-Toene.jpg\",\"contentUrl\":\"https:\\\/\\\/www.strassenweb.de\\\/nachrichten\\\/wp-content\\\/uploads\\\/2025\\\/10\\\/Vergessen-Sie-Taupe-Jane-Fondas-Wandfarbe-beweist-dass-coole-Toene.jpg\",\"width\":1600,\"height\":900,\"caption\":\"Jane Fonda\"},{\"@type\":\"BreadcrumbList\",\"@id\":\"https:\\\/\\\/www.strassenweb.de\\\/nachrichten\\\/vergessen-sie-taupe-jane-fondas-wandfarbe-beweist-dass-coole-toene-ein-raffiniertes-comeback-fuer-2026-machen\\\/#breadcrumb\",\"itemListElement\":[{\"@type\":\"ListItem\",\"position\":1,\"name\":\"Home\",\"item\":\"https:\\\/\\\/www.strassenweb.de\\\/nachrichten\\\/\"},{\"@type\":\"ListItem\",\"position\":2,\"name\":\"Vergessen Sie Taupe, Jane Fondas Wandfarbe beweist, dass coole T\u00f6ne ein raffiniertes Comeback f\u00fcr 2026 machen\"}]},{\"@type\":\"WebSite\",\"@id\":\"https:\\\/\\\/www.strassenweb.de\\\/nachrichten\\\/#website\",\"url\":\"https:\\\/\\\/www.strassenweb.de\\\/nachrichten\\\/\",\"name\":\"Stra\u00dfenweb\",\"description\":\"Stra\u00dfenverzeichnis f\u00fcr Deutschland\",\"publisher\":{\"@id\":\"https:\\\/\\\/www.strassenweb.de\\\/nachrichten\\\/#organization\"},\"potentialAction\":[{\"@type\":\"SearchAction\",\"target\":{\"@type\":\"EntryPoint\",\"urlTemplate\":\"https:\\\/\\\/www.strassenweb.de\\\/nachrichten\\\/?s={search_term_string}\"},\"query-input\":{\"@type\":\"PropertyValueSpecification\",\"valueRequired\":true,\"valueName\":\"search_term_string\"}}],\"inLanguage\":\"de\"},{\"@type\":\"Organization\",\"@id\":\"https:\\\/\\\/www.strassenweb.de\\\/nachrichten\\\/#organization\",\"name\":\"Stra\u00dfenweb\",\"url\":\"https:\\\/\\\/www.strassenweb.de\\\/nachrichten\\\/\",\"logo\":{\"@type\":\"ImageObject\",\"inLanguage\":\"de\",\"@id\":\"https:\\\/\\\/www.strassenweb.de\\\/nachrichten\\\/#\\\/schema\\\/logo\\\/image\\\/\",\"url\":\"https:\\\/\\\/www.strassenweb.de\\\/nachrichten\\\/wp-content\\\/uploads\\\/2024\\\/09\\\/cropped-favicon.png\",\"contentUrl\":\"https:\\\/\\\/www.strassenweb.de\\\/nachrichten\\\/wp-content\\\/uploads\\\/2024\\\/09\\\/cropped-favicon.png\",\"width\":512,\"height\":512,\"caption\":\"Stra\u00dfenweb\"},\"image\":{\"@id\":\"https:\\\/\\\/www.strassenweb.de\\\/nachrichten\\\/#\\\/schema\\\/logo\\\/image\\\/\"},\"sameAs\":[\"https:\\\/\\\/www.facebook.com\\\/strassenweb\\\/\"]},{\"@type\":\"Person\",\"@id\":\"https:\\\/\\\/www.strassenweb.de\\\/nachrichten\\\/#\\\/schema\\\/person\\\/87c9c9067f1211da429a744dc5a5aa41\",\"name\":\"Robert Hoffmann\",\"image\":{\"@type\":\"ImageObject\",\"inLanguage\":\"de\",\"@id\":\"https:\\\/\\\/www.strassenweb.de\\\/nachrichten\\\/wp-content\\\/uploads\\\/2024\\\/09\\\/strassenweb-150x150.jpg\",\"url\":\"https:\\\/\\\/www.strassenweb.de\\\/nachrichten\\\/wp-content\\\/uploads\\\/2024\\\/09\\\/strassenweb-150x150.jpg\",\"contentUrl\":\"https:\\\/\\\/www.strassenweb.de\\\/nachrichten\\\/wp-content\\\/uploads\\\/2024\\\/09\\\/strassenweb-150x150.jpg\",\"caption\":\"Robert Hoffmann\"},\"description\":\"Ich hei\u00dfe Robert Hoffmann und ich bin ein leidenschaftlicher Verfechter von \u00d6kologie und Biodiversit\u00e4t. Seit meiner Kindheit in den W\u00e4ldern Bayerns f\u00fchle ich mich mit der Natur verbunden und bin entschlossen, sie zu sch\u00fctzen. Heute widme ich mein Leben der Sensibilisierung anderer f\u00fcr die Bedeutung des Umweltschutzes f\u00fcr zuk\u00fcnftige Generationen.\",\"sameAs\":[\"https:\\\/\\\/www.strassenweb.de\\\/\"]}]}<\/script>\n<!-- \/ Yoast SEO plugin. -->","yoast_head_json":{"title":"Vergessen Sie Taupe, Jane Fondas Wandfarbe beweist, dass coole T\u00f6ne ein raffiniertes Comeback f\u00fcr 2026 machen - Nachrichten - Stra\u00dfenweb","robots":{"index":"index","follow":"follow","max-snippet":"max-snippet:-1","max-image-preview":"max-image-preview:large","max-video-preview":"max-video-preview:-1"},"canonical":"https:\/\/www.strassenweb.de\/nachrichten\/vergessen-sie-taupe-jane-fondas-wandfarbe-beweist-dass-coole-toene-ein-raffiniertes-comeback-fuer-2026-machen\/","og_locale":"de_DE","og_type":"article","og_title":"Vergessen Sie Taupe, Jane Fondas Wandfarbe beweist, dass coole T\u00f6ne ein raffiniertes Comeback f\u00fcr 2026 machen - Nachrichten - Stra\u00dfenweb","og_description":"W\u00e4hrend die Designwelt in den letzten Jahren warme Neutrale angenommen hat &#8211; denken Sie an weiche Cremes, Beige und Taupes &#8211; als zeitlose Kulisse f\u00fcr","og_url":"https:\/\/www.strassenweb.de\/nachrichten\/vergessen-sie-taupe-jane-fondas-wandfarbe-beweist-dass-coole-toene-ein-raffiniertes-comeback-fuer-2026-machen\/","og_site_name":"Stra\u00dfenweb","article_publisher":"https:\/\/www.facebook.com\/strassenweb\/","article_published_time":"2025-10-05T17:40:23+00:00","article_modified_time":"2025-10-05T17:40:24+00:00","og_image":[{"width":1600,"height":900,"url":"https:\/\/www.strassenweb.de\/nachrichten\/wp-content\/uploads\/2025\/10\/Vergessen-Sie-Taupe-Jane-Fondas-Wandfarbe-beweist-dass-coole-Toene.jpg","type":"image\/jpeg"}],"author":"Robert Hoffmann","twitter_card":"summary_large_image","twitter_misc":{"Verfasst von":"Robert Hoffmann","Gesch\u00e4tzte Lesezeit":"3\u00a0Minuten"},"schema":{"@context":"https:\/\/schema.org","@graph":[{"@type":"Article","@id":"https:\/\/www.strassenweb.de\/nachrichten\/vergessen-sie-taupe-jane-fondas-wandfarbe-beweist-dass-coole-toene-ein-raffiniertes-comeback-fuer-2026-machen\/#article","isPartOf":{"@id":"https:\/\/www.strassenweb.de\/nachrichten\/vergessen-sie-taupe-jane-fondas-wandfarbe-beweist-dass-coole-toene-ein-raffiniertes-comeback-fuer-2026-machen\/"},"author":{"name":"Robert Hoffmann","@id":"https:\/\/www.strassenweb.de\/nachrichten\/#\/schema\/person\/87c9c9067f1211da429a744dc5a5aa41"},"headline":"Vergessen Sie Taupe, Jane Fondas Wandfarbe beweist, dass coole T\u00f6ne ein raffiniertes Comeback f\u00fcr 2026 machen","datePublished":"2025-10-05T17:40:23+00:00","dateModified":"2025-10-05T17:40:24+00:00","mainEntityOfPage":{"@id":"https:\/\/www.strassenweb.de\/nachrichten\/vergessen-sie-taupe-jane-fondas-wandfarbe-beweist-dass-coole-toene-ein-raffiniertes-comeback-fuer-2026-machen\/"},"wordCount":681,"publisher":{"@id":"https:\/\/www.strassenweb.de\/nachrichten\/#organization"},"image":{"@id":"https:\/\/www.strassenweb.de\/nachrichten\/vergessen-sie-taupe-jane-fondas-wandfarbe-beweist-dass-coole-toene-ein-raffiniertes-comeback-fuer-2026-machen\/#primaryimage"},"thumbnailUrl":"https:\/\/www.strassenweb.de\/nachrichten\/wp-content\/uploads\/2025\/10\/Vergessen-Sie-Taupe-Jane-Fondas-Wandfarbe-beweist-dass-coole-Toene.jpg","keywords":["beweist","Comeback","coole","dass","ein","Fondas","f\u00fcr","Jane","machen","raffiniertes","Sie","Taupe","T\u00f6ne","Vergessen","Wandfarbe"],"articleSection":["Haus &amp; Garten"],"inLanguage":"de"},{"@type":"WebPage","@id":"https:\/\/www.strassenweb.de\/nachrichten\/vergessen-sie-taupe-jane-fondas-wandfarbe-beweist-dass-coole-toene-ein-raffiniertes-comeback-fuer-2026-machen\/","url":"https:\/\/www.strassenweb.de\/nachrichten\/vergessen-sie-taupe-jane-fondas-wandfarbe-beweist-dass-coole-toene-ein-raffiniertes-comeback-fuer-2026-machen\/","name":"Vergessen Sie Taupe, Jane Fondas Wandfarbe beweist, dass coole T\u00f6ne ein raffiniertes Comeback f\u00fcr 2026 machen - Nachrichten - Stra\u00dfenweb","isPartOf":{"@id":"https:\/\/www.strassenweb.de\/nachrichten\/#website"},"primaryImageOfPage":{"@id":"https:\/\/www.strassenweb.de\/nachrichten\/vergessen-sie-taupe-jane-fondas-wandfarbe-beweist-dass-coole-toene-ein-raffiniertes-comeback-fuer-2026-machen\/#primaryimage"},"image":{"@id":"https:\/\/www.strassenweb.de\/nachrichten\/vergessen-sie-taupe-jane-fondas-wandfarbe-beweist-dass-coole-toene-ein-raffiniertes-comeback-fuer-2026-machen\/#primaryimage"},"thumbnailUrl":"https:\/\/www.strassenweb.de\/nachrichten\/wp-content\/uploads\/2025\/10\/Vergessen-Sie-Taupe-Jane-Fondas-Wandfarbe-beweist-dass-coole-Toene.jpg","datePublished":"2025-10-05T17:40:23+00:00","dateModified":"2025-10-05T17:40:24+00:00","breadcrumb":{"@id":"https:\/\/www.strassenweb.de\/nachrichten\/vergessen-sie-taupe-jane-fondas-wandfarbe-beweist-dass-coole-toene-ein-raffiniertes-comeback-fuer-2026-machen\/#breadcrumb"},"inLanguage":"de","potentialAction":[{"@type":"ReadAction","target":["https:\/\/www.strassenweb.de\/nachrichten\/vergessen-sie-taupe-jane-fondas-wandfarbe-beweist-dass-coole-toene-ein-raffiniertes-comeback-fuer-2026-machen\/"]}]},{"@type":"ImageObject","inLanguage":"de","@id":"https:\/\/www.strassenweb.de\/nachrichten\/vergessen-sie-taupe-jane-fondas-wandfarbe-beweist-dass-coole-toene-ein-raffiniertes-comeback-fuer-2026-machen\/#primaryimage","url":"https:\/\/www.strassenweb.de\/nachrichten\/wp-content\/uploads\/2025\/10\/Vergessen-Sie-Taupe-Jane-Fondas-Wandfarbe-beweist-dass-coole-Toene.jpg","contentUrl":"https:\/\/www.strassenweb.de\/nachrichten\/wp-content\/uploads\/2025\/10\/Vergessen-Sie-Taupe-Jane-Fondas-Wandfarbe-beweist-dass-coole-Toene.jpg","width":1600,"height":900,"caption":"Jane Fonda"},{"@type":"BreadcrumbList","@id":"https:\/\/www.strassenweb.de\/nachrichten\/vergessen-sie-taupe-jane-fondas-wandfarbe-beweist-dass-coole-toene-ein-raffiniertes-comeback-fuer-2026-machen\/#breadcrumb","itemListElement":[{"@type":"ListItem","position":1,"name":"Home","item":"https:\/\/www.strassenweb.de\/nachrichten\/"},{"@type":"ListItem","position":2,"name":"Vergessen Sie Taupe, Jane Fondas Wandfarbe beweist, dass coole T\u00f6ne ein raffiniertes Comeback f\u00fcr 2026 machen"}]},{"@type":"WebSite","@id":"https:\/\/www.strassenweb.de\/nachrichten\/#website","url":"https:\/\/www.strassenweb.de\/nachrichten\/","name":"Stra\u00dfenweb","description":"Stra\u00dfenverzeichnis f\u00fcr Deutschland","publisher":{"@id":"https:\/\/www.strassenweb.de\/nachrichten\/#organization"},"potentialAction":[{"@type":"SearchAction","target":{"@type":"EntryPoint","urlTemplate":"https:\/\/www.strassenweb.de\/nachrichten\/?s={search_term_string}"},"query-input":{"@type":"PropertyValueSpecification","valueRequired":true,"valueName":"search_term_string"}}],"inLanguage":"de"},{"@type":"Organization","@id":"https:\/\/www.strassenweb.de\/nachrichten\/#organization","name":"Stra\u00dfenweb","url":"https:\/\/www.strassenweb.de\/nachrichten\/","logo":{"@type":"ImageObject","inLanguage":"de","@id":"https:\/\/www.strassenweb.de\/nachrichten\/#\/schema\/logo\/image\/","url":"https:\/\/www.strassenweb.de\/nachrichten\/wp-content\/uploads\/2024\/09\/cropped-favicon.png","contentUrl":"https:\/\/www.strassenweb.de\/nachrichten\/wp-content\/uploads\/2024\/09\/cropped-favicon.png","width":512,"height":512,"caption":"Stra\u00dfenweb"},"image":{"@id":"https:\/\/www.strassenweb.de\/nachrichten\/#\/schema\/logo\/image\/"},"sameAs":["https:\/\/www.facebook.com\/strassenweb\/"]},{"@type":"Person","@id":"https:\/\/www.strassenweb.de\/nachrichten\/#\/schema\/person\/87c9c9067f1211da429a744dc5a5aa41","name":"Robert Hoffmann","image":{"@type":"ImageObject","inLanguage":"de","@id":"https:\/\/www.strassenweb.de\/nachrichten\/wp-content\/uploads\/2024\/09\/strassenweb-150x150.jpg","url":"https:\/\/www.strassenweb.de\/nachrichten\/wp-content\/uploads\/2024\/09\/strassenweb-150x150.jpg","contentUrl":"https:\/\/www.strassenweb.de\/nachrichten\/wp-content\/uploads\/2024\/09\/strassenweb-150x150.jpg","caption":"Robert Hoffmann"},"description":"Ich hei\u00dfe Robert Hoffmann und ich bin ein leidenschaftlicher Verfechter von \u00d6kologie und Biodiversit\u00e4t. Seit meiner Kindheit in den W\u00e4ldern Bayerns f\u00fchle ich mich mit der Natur verbunden und bin entschlossen, sie zu sch\u00fctzen. Heute widme ich mein Leben der Sensibilisierung anderer f\u00fcr die Bedeutung des Umweltschutzes f\u00fcr zuk\u00fcnftige Generationen.","sameAs":["https:\/\/www.strassenweb.de\/"]}]}},"_links":{"self":[{"href":"https:\/\/www.strassenweb.de\/nachrichten\/wp-json\/wp\/v2\/posts\/8232","targetHints":{"allow":["GET"]}}],"collection":[{"href":"https:\/\/www.strassenweb.de\/nachrichten\/wp-json\/wp\/v2\/posts"}],"about":[{"href":"https:\/\/www.strassenweb.de\/nachrichten\/wp-json\/wp\/v2\/types\/post"}],"author":[{"embeddable":true,"href":"https:\/\/www.strassenweb.de\/nachrichten\/wp-json\/wp\/v2\/users\/1"}],"replies":[{"embeddable":true,"href":"https:\/\/www.strassenweb.de\/nachrichten\/wp-json\/wp\/v2\/comments?post=8232"}],"version-history":[{"count":0,"href":"https:\/\/www.strassenweb.de\/nachrichten\/wp-json\/wp\/v2\/posts\/8232\/revisions"}],"wp:featuredmedia":[{"embeddable":true,"href":"https:\/\/www.strassenweb.de\/nachrichten\/wp-json\/wp\/v2\/media\/8233"}],"wp:attachment":[{"href":"https:\/\/www.strassenweb.de\/nachrichten\/wp-json\/wp\/v2\/media?parent=8232"}],"wp:term":[{"taxonomy":"category","embeddable":true,"href":"https:\/\/www.strassenweb.de\/nachrichten\/wp-json\/wp\/v2\/categories?post=8232"},{"taxonomy":"post_tag","embeddable":true,"href":"https:\/\/www.strassenweb.de\/nachrichten\/wp-json\/wp\/v2\/tags?post=8232"}],"curies":[{"name":"wp","href":"https:\/\/api.w.org\/{rel}","templated":true}]}}