{"id":822,"date":"2024-10-11T10:55:38","date_gmt":"2024-10-11T08:55:38","guid":{"rendered":"https:\/\/www.strassenweb.de\/nachrichten\/es-kamen-140-000-euro-zusammenalfonso-arus-reagiert-auf-den-deutschen-der-seine-nachbarn-anprangert-die-schlecht-parken-unanstaendig\/"},"modified":"2024-10-11T10:55:39","modified_gmt":"2024-10-11T08:55:39","slug":"es-kamen-140-000-euro-zusammenalfonso-arus-reagiert-auf-den-deutschen-der-seine-nachbarn-anprangert-die-schlecht-parken-unanstaendig","status":"publish","type":"post","link":"https:\/\/www.strassenweb.de\/nachrichten\/es-kamen-140-000-euro-zusammenalfonso-arus-reagiert-auf-den-deutschen-der-seine-nachbarn-anprangert-die-schlecht-parken-unanstaendig\/","title":{"rendered":"&quot;Es kamen 140.000 Euro zusammen&quot;Alfonso Ar\u00fas reagiert auf den Deutschen, der seine Nachbarn anprangert, die schlecht parken: &quot;Unanst\u00e4ndig&quot;"},"content":{"rendered":"<footer class=\"article-main__signed\"><\/footer>\n<p><b>\u201eDas ist spektakul\u00e4r\u201c<\/b>, <b>Alfonso Ar\u00fas k\u00fcndigt an<\/b>um das Hauptvideo dieser Nachricht vorzustellen. Ein deutscher YouTuber geht viral f\u00fcr seine Freizeitaktivit\u00e4ten. Er <b>Mann f\u00e4hrt Fahrrad<\/b><b>anprangern<\/b> Zu <b>die Polizei<\/b> zum <b>schlecht geparkte Autos <\/b>Ihrer Stadt.<\/p>\n<p>\u201eIn einem Jahr <b>hat 4.000 Beschwerden eingereicht und 140.000 Euro gesammelt<\/b>\u201esagt Hans Ar\u00fas, der erkl\u00e4rt, dass seine Vorgehensweise darin besteht, live zu \u00fcbertragen. Der junge Mann erntet normalerweise viel Kritik, aber er hat es geschafft, die Fahrer dazu zu bringen, Ausschau zu halten, ob ein gelb gekleideter Mann in ihrem Auto ankommt Bereich.<\/p>\n<div><\/div>\n<p>Angie C\u00e1rdenas erinnert ihre Kollegen daran, dass diese Idee in Spanien umgesetzt werden sollte. &#8222;<b>Das kommt mir unanst\u00e4ndig vor.<\/b>\u201eLassen Sie es einen Mitarbeiter des Rathauses f\u00fcr Sie erledigen, aber lassen Sie es einen Mann aus Langeweile f\u00fcr Sie erledigen &#8230;\u201c, sagt Alfonso Ar\u00fas.<\/p>\n<p><!-- --><\/p>\n","protected":false},"excerpt":{"rendered":"<p>\u201eDas ist spektakul\u00e4r\u201c, Alfonso Ar\u00fas k\u00fcndigt anum das Hauptvideo dieser Nachricht vorzustellen. Ein deutscher YouTuber geht viral f\u00fcr seine Freizeitaktivit\u00e4ten. Er Mann f\u00e4hrt Fahrradanprangern Zu<\/p>\n","protected":false},"author":1,"featured_media":823,"comment_status":"closed","ping_status":"","sticky":false,"template":"","format":"standard","meta":{"footnotes":""},"categories":[4],"tags":[1633,1631,46,78,81,6,9,1629,1628,1632,1635,242,1636,77,1634,186,1630],"class_list":["post-822","post","type-post","status-publish","format-standard","has-post-thumbnail","hentry","category-aktuelle-nachrichten","tag-anprangert","tag-arus","tag-auf","tag-den","tag-der","tag-deutschen","tag-die","tag-euro","tag-kamen","tag-nachbarn","tag-parken","tag-quotes","tag-quotunanstaendigquot","tag-reagiert","tag-schlecht","tag-seine","tag-zusammenquotalfonso","generate-columns","tablet-grid-50","mobile-grid-100","grid-parent","grid-50"],"yoast_head":"<!-- This site is optimized with the Yoast SEO plugin v27.3 - https:\/\/yoast.com\/product\/yoast-seo-wordpress\/ -->\n<title>&quot;Es kamen 140.000 Euro zusammen&quot;Alfonso Ar\u00fas reagiert auf den Deutschen, der seine Nachbarn anprangert, die schlecht parken: &quot;Unanst\u00e4ndig&quot; - Nachrichten - Stra\u00dfenweb<\/title>\n<meta name=\"robots\" content=\"index, follow, max-snippet:-1, max-image-preview:large, max-video-preview:-1\" \/>\n<link rel=\"canonical\" href=\"https:\/\/www.strassenweb.de\/nachrichten\/es-kamen-140-000-euro-zusammenalfonso-arus-reagiert-auf-den-deutschen-der-seine-nachbarn-anprangert-die-schlecht-parken-unanstaendig\/\" \/>\n<meta property=\"og:locale\" content=\"de_DE\" \/>\n<meta property=\"og:type\" content=\"article\" \/>\n<meta property=\"og:title\" content=\"&quot;Es kamen 140.000 Euro zusammen&quot;Alfonso Ar\u00fas reagiert auf den Deutschen, der seine Nachbarn anprangert, die schlecht parken: &quot;Unanst\u00e4ndig&quot; - Nachrichten - Stra\u00dfenweb\" \/>\n<meta property=\"og:description\" content=\"\u201eDas ist spektakul\u00e4r\u201c, Alfonso Ar\u00fas k\u00fcndigt anum das Hauptvideo dieser Nachricht vorzustellen. Ein deutscher YouTuber geht viral f\u00fcr seine Freizeitaktivit\u00e4ten. Er Mann f\u00e4hrt Fahrradanprangern Zu\" \/>\n<meta property=\"og:url\" content=\"https:\/\/www.strassenweb.de\/nachrichten\/es-kamen-140-000-euro-zusammenalfonso-arus-reagiert-auf-den-deutschen-der-seine-nachbarn-anprangert-die-schlecht-parken-unanstaendig\/\" \/>\n<meta property=\"og:site_name\" content=\"Stra\u00dfenweb\" \/>\n<meta property=\"article:publisher\" content=\"https:\/\/www.facebook.com\/strassenweb\/\" \/>\n<meta property=\"article:published_time\" content=\"2024-10-11T08:55:38+00:00\" \/>\n<meta property=\"article:modified_time\" content=\"2024-10-11T08:55:39+00:00\" \/>\n<meta property=\"og:image\" content=\"https:\/\/www.strassenweb.de\/nachrichten\/wp-content\/uploads\/2024\/10\/quotEs-kamen-140000-Euro-zusammenquotAlfonso-Arus-reagiert-auf-den-Deutschen.jpg\" \/>\n\t<meta property=\"og:image:width\" content=\"1280\" \/>\n\t<meta property=\"og:image:height\" content=\"720\" \/>\n\t<meta property=\"og:image:type\" content=\"image\/jpeg\" \/>\n<meta name=\"author\" content=\"Robert Hoffmann\" \/>\n<meta name=\"twitter:card\" content=\"summary_large_image\" \/>\n<meta name=\"twitter:label1\" content=\"Verfasst von\" \/>\n\t<meta name=\"twitter:data1\" content=\"Robert Hoffmann\" \/>\n\t<meta name=\"twitter:label2\" content=\"Gesch\u00e4tzte Lesezeit\" \/>\n\t<meta name=\"twitter:data2\" content=\"1\u00a0Minute\" \/>\n<script type=\"application\/ld+json\" class=\"yoast-schema-graph\">{\"@context\":\"https:\\\/\\\/schema.org\",\"@graph\":[{\"@type\":\"Article\",\"@id\":\"https:\\\/\\\/www.strassenweb.de\\\/nachrichten\\\/es-kamen-140-000-euro-zusammenalfonso-arus-reagiert-auf-den-deutschen-der-seine-nachbarn-anprangert-die-schlecht-parken-unanstaendig\\\/#article\",\"isPartOf\":{\"@id\":\"https:\\\/\\\/www.strassenweb.de\\\/nachrichten\\\/es-kamen-140-000-euro-zusammenalfonso-arus-reagiert-auf-den-deutschen-der-seine-nachbarn-anprangert-die-schlecht-parken-unanstaendig\\\/\"},\"author\":{\"name\":\"Robert Hoffmann\",\"@id\":\"https:\\\/\\\/www.strassenweb.de\\\/nachrichten\\\/#\\\/schema\\\/person\\\/87c9c9067f1211da429a744dc5a5aa41\"},\"headline\":\"&quot;Es kamen 140.000 Euro zusammen&quot;Alfonso Ar\u00fas reagiert auf den Deutschen, der seine Nachbarn anprangert, die schlecht parken: &quot;Unanst\u00e4ndig&quot;\",\"datePublished\":\"2024-10-11T08:55:38+00:00\",\"dateModified\":\"2024-10-11T08:55:39+00:00\",\"mainEntityOfPage\":{\"@id\":\"https:\\\/\\\/www.strassenweb.de\\\/nachrichten\\\/es-kamen-140-000-euro-zusammenalfonso-arus-reagiert-auf-den-deutschen-der-seine-nachbarn-anprangert-die-schlecht-parken-unanstaendig\\\/\"},\"wordCount\":166,\"publisher\":{\"@id\":\"https:\\\/\\\/www.strassenweb.de\\\/nachrichten\\\/#organization\"},\"image\":{\"@id\":\"https:\\\/\\\/www.strassenweb.de\\\/nachrichten\\\/es-kamen-140-000-euro-zusammenalfonso-arus-reagiert-auf-den-deutschen-der-seine-nachbarn-anprangert-die-schlecht-parken-unanstaendig\\\/#primaryimage\"},\"thumbnailUrl\":\"https:\\\/\\\/www.strassenweb.de\\\/nachrichten\\\/wp-content\\\/uploads\\\/2024\\\/10\\\/quotEs-kamen-140000-Euro-zusammenquotAlfonso-Arus-reagiert-auf-den-Deutschen.jpg\",\"keywords\":[\"anprangert\",\"Ar\u00fas\",\"auf\",\"den\",\"der\",\"deutschen\",\"die\",\"Euro\",\"kamen\",\"Nachbarn\",\"parken\",\"quotEs\",\"quotUnanst\u00e4ndigquot\",\"reagiert\",\"schlecht\",\"seine\",\"zusammenquotAlfonso\"],\"articleSection\":[\"Aktuelle Nachrichten\"],\"inLanguage\":\"de\"},{\"@type\":\"WebPage\",\"@id\":\"https:\\\/\\\/www.strassenweb.de\\\/nachrichten\\\/es-kamen-140-000-euro-zusammenalfonso-arus-reagiert-auf-den-deutschen-der-seine-nachbarn-anprangert-die-schlecht-parken-unanstaendig\\\/\",\"url\":\"https:\\\/\\\/www.strassenweb.de\\\/nachrichten\\\/es-kamen-140-000-euro-zusammenalfonso-arus-reagiert-auf-den-deutschen-der-seine-nachbarn-anprangert-die-schlecht-parken-unanstaendig\\\/\",\"name\":\"&quot;Es kamen 140.000 Euro zusammen&quot;Alfonso Ar\u00fas reagiert auf den Deutschen, der seine Nachbarn anprangert, die schlecht parken: &quot;Unanst\u00e4ndig&quot; - Nachrichten - Stra\u00dfenweb\",\"isPartOf\":{\"@id\":\"https:\\\/\\\/www.strassenweb.de\\\/nachrichten\\\/#website\"},\"primaryImageOfPage\":{\"@id\":\"https:\\\/\\\/www.strassenweb.de\\\/nachrichten\\\/es-kamen-140-000-euro-zusammenalfonso-arus-reagiert-auf-den-deutschen-der-seine-nachbarn-anprangert-die-schlecht-parken-unanstaendig\\\/#primaryimage\"},\"image\":{\"@id\":\"https:\\\/\\\/www.strassenweb.de\\\/nachrichten\\\/es-kamen-140-000-euro-zusammenalfonso-arus-reagiert-auf-den-deutschen-der-seine-nachbarn-anprangert-die-schlecht-parken-unanstaendig\\\/#primaryimage\"},\"thumbnailUrl\":\"https:\\\/\\\/www.strassenweb.de\\\/nachrichten\\\/wp-content\\\/uploads\\\/2024\\\/10\\\/quotEs-kamen-140000-Euro-zusammenquotAlfonso-Arus-reagiert-auf-den-Deutschen.jpg\",\"datePublished\":\"2024-10-11T08:55:38+00:00\",\"dateModified\":\"2024-10-11T08:55:39+00:00\",\"breadcrumb\":{\"@id\":\"https:\\\/\\\/www.strassenweb.de\\\/nachrichten\\\/es-kamen-140-000-euro-zusammenalfonso-arus-reagiert-auf-den-deutschen-der-seine-nachbarn-anprangert-die-schlecht-parken-unanstaendig\\\/#breadcrumb\"},\"inLanguage\":\"de\",\"potentialAction\":[{\"@type\":\"ReadAction\",\"target\":[\"https:\\\/\\\/www.strassenweb.de\\\/nachrichten\\\/es-kamen-140-000-euro-zusammenalfonso-arus-reagiert-auf-den-deutschen-der-seine-nachbarn-anprangert-die-schlecht-parken-unanstaendig\\\/\"]}]},{\"@type\":\"ImageObject\",\"inLanguage\":\"de\",\"@id\":\"https:\\\/\\\/www.strassenweb.de\\\/nachrichten\\\/es-kamen-140-000-euro-zusammenalfonso-arus-reagiert-auf-den-deutschen-der-seine-nachbarn-anprangert-die-schlecht-parken-unanstaendig\\\/#primaryimage\",\"url\":\"https:\\\/\\\/www.strassenweb.de\\\/nachrichten\\\/wp-content\\\/uploads\\\/2024\\\/10\\\/quotEs-kamen-140000-Euro-zusammenquotAlfonso-Arus-reagiert-auf-den-Deutschen.jpg\",\"contentUrl\":\"https:\\\/\\\/www.strassenweb.de\\\/nachrichten\\\/wp-content\\\/uploads\\\/2024\\\/10\\\/quotEs-kamen-140000-Euro-zusammenquotAlfonso-Arus-reagiert-auf-den-Deutschen.jpg\",\"width\":1280,\"height\":720,\"caption\":\"&quot;Es kamen 140.000 Euro zusammen&quot;Alfonso Ar\u00fas reagiert auf den Deutschen, der seine Nachbarn anprangert, die schlecht parken: &quot;Unanst\u00e4ndig&quot;\"},{\"@type\":\"BreadcrumbList\",\"@id\":\"https:\\\/\\\/www.strassenweb.de\\\/nachrichten\\\/es-kamen-140-000-euro-zusammenalfonso-arus-reagiert-auf-den-deutschen-der-seine-nachbarn-anprangert-die-schlecht-parken-unanstaendig\\\/#breadcrumb\",\"itemListElement\":[{\"@type\":\"ListItem\",\"position\":1,\"name\":\"Home\",\"item\":\"https:\\\/\\\/www.strassenweb.de\\\/nachrichten\\\/\"},{\"@type\":\"ListItem\",\"position\":2,\"name\":\"&quot;Es kamen 140.000 Euro zusammen&quot;Alfonso Ar\u00fas reagiert auf den Deutschen, der seine Nachbarn anprangert, die schlecht parken: &quot;Unanst\u00e4ndig&quot;\"}]},{\"@type\":\"WebSite\",\"@id\":\"https:\\\/\\\/www.strassenweb.de\\\/nachrichten\\\/#website\",\"url\":\"https:\\\/\\\/www.strassenweb.de\\\/nachrichten\\\/\",\"name\":\"Stra\u00dfenweb\",\"description\":\"Stra\u00dfenverzeichnis f\u00fcr Deutschland\",\"publisher\":{\"@id\":\"https:\\\/\\\/www.strassenweb.de\\\/nachrichten\\\/#organization\"},\"potentialAction\":[{\"@type\":\"SearchAction\",\"target\":{\"@type\":\"EntryPoint\",\"urlTemplate\":\"https:\\\/\\\/www.strassenweb.de\\\/nachrichten\\\/?s={search_term_string}\"},\"query-input\":{\"@type\":\"PropertyValueSpecification\",\"valueRequired\":true,\"valueName\":\"search_term_string\"}}],\"inLanguage\":\"de\"},{\"@type\":\"Organization\",\"@id\":\"https:\\\/\\\/www.strassenweb.de\\\/nachrichten\\\/#organization\",\"name\":\"Stra\u00dfenweb\",\"url\":\"https:\\\/\\\/www.strassenweb.de\\\/nachrichten\\\/\",\"logo\":{\"@type\":\"ImageObject\",\"inLanguage\":\"de\",\"@id\":\"https:\\\/\\\/www.strassenweb.de\\\/nachrichten\\\/#\\\/schema\\\/logo\\\/image\\\/\",\"url\":\"https:\\\/\\\/www.strassenweb.de\\\/nachrichten\\\/wp-content\\\/uploads\\\/2024\\\/09\\\/cropped-favicon.png\",\"contentUrl\":\"https:\\\/\\\/www.strassenweb.de\\\/nachrichten\\\/wp-content\\\/uploads\\\/2024\\\/09\\\/cropped-favicon.png\",\"width\":512,\"height\":512,\"caption\":\"Stra\u00dfenweb\"},\"image\":{\"@id\":\"https:\\\/\\\/www.strassenweb.de\\\/nachrichten\\\/#\\\/schema\\\/logo\\\/image\\\/\"},\"sameAs\":[\"https:\\\/\\\/www.facebook.com\\\/strassenweb\\\/\"]},{\"@type\":\"Person\",\"@id\":\"https:\\\/\\\/www.strassenweb.de\\\/nachrichten\\\/#\\\/schema\\\/person\\\/87c9c9067f1211da429a744dc5a5aa41\",\"name\":\"Robert Hoffmann\",\"image\":{\"@type\":\"ImageObject\",\"inLanguage\":\"de\",\"@id\":\"https:\\\/\\\/www.strassenweb.de\\\/nachrichten\\\/wp-content\\\/uploads\\\/2024\\\/09\\\/strassenweb-150x150.jpg\",\"url\":\"https:\\\/\\\/www.strassenweb.de\\\/nachrichten\\\/wp-content\\\/uploads\\\/2024\\\/09\\\/strassenweb-150x150.jpg\",\"contentUrl\":\"https:\\\/\\\/www.strassenweb.de\\\/nachrichten\\\/wp-content\\\/uploads\\\/2024\\\/09\\\/strassenweb-150x150.jpg\",\"caption\":\"Robert Hoffmann\"},\"description\":\"Ich hei\u00dfe Robert Hoffmann und ich bin ein leidenschaftlicher Verfechter von \u00d6kologie und Biodiversit\u00e4t. Seit meiner Kindheit in den W\u00e4ldern Bayerns f\u00fchle ich mich mit der Natur verbunden und bin entschlossen, sie zu sch\u00fctzen. Heute widme ich mein Leben der Sensibilisierung anderer f\u00fcr die Bedeutung des Umweltschutzes f\u00fcr zuk\u00fcnftige Generationen.\",\"sameAs\":[\"https:\\\/\\\/www.strassenweb.de\\\/\"]}]}<\/script>\n<!-- \/ Yoast SEO plugin. -->","yoast_head_json":{"title":"&quot;Es kamen 140.000 Euro zusammen&quot;Alfonso Ar\u00fas reagiert auf den Deutschen, der seine Nachbarn anprangert, die schlecht parken: &quot;Unanst\u00e4ndig&quot; - Nachrichten - Stra\u00dfenweb","robots":{"index":"index","follow":"follow","max-snippet":"max-snippet:-1","max-image-preview":"max-image-preview:large","max-video-preview":"max-video-preview:-1"},"canonical":"https:\/\/www.strassenweb.de\/nachrichten\/es-kamen-140-000-euro-zusammenalfonso-arus-reagiert-auf-den-deutschen-der-seine-nachbarn-anprangert-die-schlecht-parken-unanstaendig\/","og_locale":"de_DE","og_type":"article","og_title":"&quot;Es kamen 140.000 Euro zusammen&quot;Alfonso Ar\u00fas reagiert auf den Deutschen, der seine Nachbarn anprangert, die schlecht parken: &quot;Unanst\u00e4ndig&quot; - Nachrichten - Stra\u00dfenweb","og_description":"\u201eDas ist spektakul\u00e4r\u201c, Alfonso Ar\u00fas k\u00fcndigt anum das Hauptvideo dieser Nachricht vorzustellen. Ein deutscher YouTuber geht viral f\u00fcr seine Freizeitaktivit\u00e4ten. Er Mann f\u00e4hrt Fahrradanprangern Zu","og_url":"https:\/\/www.strassenweb.de\/nachrichten\/es-kamen-140-000-euro-zusammenalfonso-arus-reagiert-auf-den-deutschen-der-seine-nachbarn-anprangert-die-schlecht-parken-unanstaendig\/","og_site_name":"Stra\u00dfenweb","article_publisher":"https:\/\/www.facebook.com\/strassenweb\/","article_published_time":"2024-10-11T08:55:38+00:00","article_modified_time":"2024-10-11T08:55:39+00:00","og_image":[{"width":1280,"height":720,"url":"https:\/\/www.strassenweb.de\/nachrichten\/wp-content\/uploads\/2024\/10\/quotEs-kamen-140000-Euro-zusammenquotAlfonso-Arus-reagiert-auf-den-Deutschen.jpg","type":"image\/jpeg"}],"author":"Robert Hoffmann","twitter_card":"summary_large_image","twitter_misc":{"Verfasst von":"Robert Hoffmann","Gesch\u00e4tzte Lesezeit":"1\u00a0Minute"},"schema":{"@context":"https:\/\/schema.org","@graph":[{"@type":"Article","@id":"https:\/\/www.strassenweb.de\/nachrichten\/es-kamen-140-000-euro-zusammenalfonso-arus-reagiert-auf-den-deutschen-der-seine-nachbarn-anprangert-die-schlecht-parken-unanstaendig\/#article","isPartOf":{"@id":"https:\/\/www.strassenweb.de\/nachrichten\/es-kamen-140-000-euro-zusammenalfonso-arus-reagiert-auf-den-deutschen-der-seine-nachbarn-anprangert-die-schlecht-parken-unanstaendig\/"},"author":{"name":"Robert Hoffmann","@id":"https:\/\/www.strassenweb.de\/nachrichten\/#\/schema\/person\/87c9c9067f1211da429a744dc5a5aa41"},"headline":"&quot;Es kamen 140.000 Euro zusammen&quot;Alfonso Ar\u00fas reagiert auf den Deutschen, der seine Nachbarn anprangert, die schlecht parken: &quot;Unanst\u00e4ndig&quot;","datePublished":"2024-10-11T08:55:38+00:00","dateModified":"2024-10-11T08:55:39+00:00","mainEntityOfPage":{"@id":"https:\/\/www.strassenweb.de\/nachrichten\/es-kamen-140-000-euro-zusammenalfonso-arus-reagiert-auf-den-deutschen-der-seine-nachbarn-anprangert-die-schlecht-parken-unanstaendig\/"},"wordCount":166,"publisher":{"@id":"https:\/\/www.strassenweb.de\/nachrichten\/#organization"},"image":{"@id":"https:\/\/www.strassenweb.de\/nachrichten\/es-kamen-140-000-euro-zusammenalfonso-arus-reagiert-auf-den-deutschen-der-seine-nachbarn-anprangert-die-schlecht-parken-unanstaendig\/#primaryimage"},"thumbnailUrl":"https:\/\/www.strassenweb.de\/nachrichten\/wp-content\/uploads\/2024\/10\/quotEs-kamen-140000-Euro-zusammenquotAlfonso-Arus-reagiert-auf-den-Deutschen.jpg","keywords":["anprangert","Ar\u00fas","auf","den","der","deutschen","die","Euro","kamen","Nachbarn","parken","quotEs","quotUnanst\u00e4ndigquot","reagiert","schlecht","seine","zusammenquotAlfonso"],"articleSection":["Aktuelle Nachrichten"],"inLanguage":"de"},{"@type":"WebPage","@id":"https:\/\/www.strassenweb.de\/nachrichten\/es-kamen-140-000-euro-zusammenalfonso-arus-reagiert-auf-den-deutschen-der-seine-nachbarn-anprangert-die-schlecht-parken-unanstaendig\/","url":"https:\/\/www.strassenweb.de\/nachrichten\/es-kamen-140-000-euro-zusammenalfonso-arus-reagiert-auf-den-deutschen-der-seine-nachbarn-anprangert-die-schlecht-parken-unanstaendig\/","name":"&quot;Es kamen 140.000 Euro zusammen&quot;Alfonso Ar\u00fas reagiert auf den Deutschen, der seine Nachbarn anprangert, die schlecht parken: &quot;Unanst\u00e4ndig&quot; - Nachrichten - Stra\u00dfenweb","isPartOf":{"@id":"https:\/\/www.strassenweb.de\/nachrichten\/#website"},"primaryImageOfPage":{"@id":"https:\/\/www.strassenweb.de\/nachrichten\/es-kamen-140-000-euro-zusammenalfonso-arus-reagiert-auf-den-deutschen-der-seine-nachbarn-anprangert-die-schlecht-parken-unanstaendig\/#primaryimage"},"image":{"@id":"https:\/\/www.strassenweb.de\/nachrichten\/es-kamen-140-000-euro-zusammenalfonso-arus-reagiert-auf-den-deutschen-der-seine-nachbarn-anprangert-die-schlecht-parken-unanstaendig\/#primaryimage"},"thumbnailUrl":"https:\/\/www.strassenweb.de\/nachrichten\/wp-content\/uploads\/2024\/10\/quotEs-kamen-140000-Euro-zusammenquotAlfonso-Arus-reagiert-auf-den-Deutschen.jpg","datePublished":"2024-10-11T08:55:38+00:00","dateModified":"2024-10-11T08:55:39+00:00","breadcrumb":{"@id":"https:\/\/www.strassenweb.de\/nachrichten\/es-kamen-140-000-euro-zusammenalfonso-arus-reagiert-auf-den-deutschen-der-seine-nachbarn-anprangert-die-schlecht-parken-unanstaendig\/#breadcrumb"},"inLanguage":"de","potentialAction":[{"@type":"ReadAction","target":["https:\/\/www.strassenweb.de\/nachrichten\/es-kamen-140-000-euro-zusammenalfonso-arus-reagiert-auf-den-deutschen-der-seine-nachbarn-anprangert-die-schlecht-parken-unanstaendig\/"]}]},{"@type":"ImageObject","inLanguage":"de","@id":"https:\/\/www.strassenweb.de\/nachrichten\/es-kamen-140-000-euro-zusammenalfonso-arus-reagiert-auf-den-deutschen-der-seine-nachbarn-anprangert-die-schlecht-parken-unanstaendig\/#primaryimage","url":"https:\/\/www.strassenweb.de\/nachrichten\/wp-content\/uploads\/2024\/10\/quotEs-kamen-140000-Euro-zusammenquotAlfonso-Arus-reagiert-auf-den-Deutschen.jpg","contentUrl":"https:\/\/www.strassenweb.de\/nachrichten\/wp-content\/uploads\/2024\/10\/quotEs-kamen-140000-Euro-zusammenquotAlfonso-Arus-reagiert-auf-den-Deutschen.jpg","width":1280,"height":720,"caption":"&quot;Es kamen 140.000 Euro zusammen&quot;Alfonso Ar\u00fas reagiert auf den Deutschen, der seine Nachbarn anprangert, die schlecht parken: &quot;Unanst\u00e4ndig&quot;"},{"@type":"BreadcrumbList","@id":"https:\/\/www.strassenweb.de\/nachrichten\/es-kamen-140-000-euro-zusammenalfonso-arus-reagiert-auf-den-deutschen-der-seine-nachbarn-anprangert-die-schlecht-parken-unanstaendig\/#breadcrumb","itemListElement":[{"@type":"ListItem","position":1,"name":"Home","item":"https:\/\/www.strassenweb.de\/nachrichten\/"},{"@type":"ListItem","position":2,"name":"&quot;Es kamen 140.000 Euro zusammen&quot;Alfonso Ar\u00fas reagiert auf den Deutschen, der seine Nachbarn anprangert, die schlecht parken: &quot;Unanst\u00e4ndig&quot;"}]},{"@type":"WebSite","@id":"https:\/\/www.strassenweb.de\/nachrichten\/#website","url":"https:\/\/www.strassenweb.de\/nachrichten\/","name":"Stra\u00dfenweb","description":"Stra\u00dfenverzeichnis f\u00fcr Deutschland","publisher":{"@id":"https:\/\/www.strassenweb.de\/nachrichten\/#organization"},"potentialAction":[{"@type":"SearchAction","target":{"@type":"EntryPoint","urlTemplate":"https:\/\/www.strassenweb.de\/nachrichten\/?s={search_term_string}"},"query-input":{"@type":"PropertyValueSpecification","valueRequired":true,"valueName":"search_term_string"}}],"inLanguage":"de"},{"@type":"Organization","@id":"https:\/\/www.strassenweb.de\/nachrichten\/#organization","name":"Stra\u00dfenweb","url":"https:\/\/www.strassenweb.de\/nachrichten\/","logo":{"@type":"ImageObject","inLanguage":"de","@id":"https:\/\/www.strassenweb.de\/nachrichten\/#\/schema\/logo\/image\/","url":"https:\/\/www.strassenweb.de\/nachrichten\/wp-content\/uploads\/2024\/09\/cropped-favicon.png","contentUrl":"https:\/\/www.strassenweb.de\/nachrichten\/wp-content\/uploads\/2024\/09\/cropped-favicon.png","width":512,"height":512,"caption":"Stra\u00dfenweb"},"image":{"@id":"https:\/\/www.strassenweb.de\/nachrichten\/#\/schema\/logo\/image\/"},"sameAs":["https:\/\/www.facebook.com\/strassenweb\/"]},{"@type":"Person","@id":"https:\/\/www.strassenweb.de\/nachrichten\/#\/schema\/person\/87c9c9067f1211da429a744dc5a5aa41","name":"Robert Hoffmann","image":{"@type":"ImageObject","inLanguage":"de","@id":"https:\/\/www.strassenweb.de\/nachrichten\/wp-content\/uploads\/2024\/09\/strassenweb-150x150.jpg","url":"https:\/\/www.strassenweb.de\/nachrichten\/wp-content\/uploads\/2024\/09\/strassenweb-150x150.jpg","contentUrl":"https:\/\/www.strassenweb.de\/nachrichten\/wp-content\/uploads\/2024\/09\/strassenweb-150x150.jpg","caption":"Robert Hoffmann"},"description":"Ich hei\u00dfe Robert Hoffmann und ich bin ein leidenschaftlicher Verfechter von \u00d6kologie und Biodiversit\u00e4t. Seit meiner Kindheit in den W\u00e4ldern Bayerns f\u00fchle ich mich mit der Natur verbunden und bin entschlossen, sie zu sch\u00fctzen. Heute widme ich mein Leben der Sensibilisierung anderer f\u00fcr die Bedeutung des Umweltschutzes f\u00fcr zuk\u00fcnftige Generationen.","sameAs":["https:\/\/www.strassenweb.de\/"]}]}},"_links":{"self":[{"href":"https:\/\/www.strassenweb.de\/nachrichten\/wp-json\/wp\/v2\/posts\/822","targetHints":{"allow":["GET"]}}],"collection":[{"href":"https:\/\/www.strassenweb.de\/nachrichten\/wp-json\/wp\/v2\/posts"}],"about":[{"href":"https:\/\/www.strassenweb.de\/nachrichten\/wp-json\/wp\/v2\/types\/post"}],"author":[{"embeddable":true,"href":"https:\/\/www.strassenweb.de\/nachrichten\/wp-json\/wp\/v2\/users\/1"}],"replies":[{"embeddable":true,"href":"https:\/\/www.strassenweb.de\/nachrichten\/wp-json\/wp\/v2\/comments?post=822"}],"version-history":[{"count":0,"href":"https:\/\/www.strassenweb.de\/nachrichten\/wp-json\/wp\/v2\/posts\/822\/revisions"}],"wp:featuredmedia":[{"embeddable":true,"href":"https:\/\/www.strassenweb.de\/nachrichten\/wp-json\/wp\/v2\/media\/823"}],"wp:attachment":[{"href":"https:\/\/www.strassenweb.de\/nachrichten\/wp-json\/wp\/v2\/media?parent=822"}],"wp:term":[{"taxonomy":"category","embeddable":true,"href":"https:\/\/www.strassenweb.de\/nachrichten\/wp-json\/wp\/v2\/categories?post=822"},{"taxonomy":"post_tag","embeddable":true,"href":"https:\/\/www.strassenweb.de\/nachrichten\/wp-json\/wp\/v2\/tags?post=822"}],"curies":[{"name":"wp","href":"https:\/\/api.w.org\/{rel}","templated":true}]}}