{"id":8206,"date":"2025-10-04T16:39:14","date_gmt":"2025-10-04T14:39:14","guid":{"rendered":"https:\/\/www.strassenweb.de\/nachrichten\/dieses-erschwingliche-headboard-verwandelt-die-baenke-in-staende-und-milde-betten-in-etwas-weshalb-ich-nicht-auf-den-prime-day-warte-um-dieses-hoch-bewertete-stueck-zu-kaufen\/"},"modified":"2025-10-04T16:39:15","modified_gmt":"2025-10-04T14:39:15","slug":"dieses-erschwingliche-headboard-verwandelt-die-baenke-in-staende-und-milde-betten-in-etwas-weshalb-ich-nicht-auf-den-prime-day-warte-um-dieses-hoch-bewertete-stueck-zu-kaufen","status":"publish","type":"post","link":"https:\/\/www.strassenweb.de\/nachrichten\/dieses-erschwingliche-headboard-verwandelt-die-baenke-in-staende-und-milde-betten-in-etwas-weshalb-ich-nicht-auf-den-prime-day-warte-um-dieses-hoch-bewertete-stueck-zu-kaufen\/","title":{"rendered":"Dieses erschwingliche Headboard verwandelt die B\u00e4nke in St\u00e4nde und milde Betten in etwas, weshalb ich nicht auf den Prime Day warte, um dieses hoch bewertete St\u00fcck zu kaufen"},"content":{"rendered":"<p><\/p>\n<div id=\"article-body\" class=\"article__body \">\n<p id=\"a355f31e-a708-4aa9-9fcf-e159fbcbfa91\">Hat jemand anderes bemerkt, dass Headboards sowohl ungew\u00f6hnlich teuer als auch unn\u00f6tig kompliziert sind? Es ist wahr, dass die Guten den Boden erreichen und eine erhebliche Oberfl\u00e4che bedecken-aber brauchen wir wirklich all die zus\u00e4tzlichen Polster, Installationshardware oder \u00fcberblasende raumhohe Framing? Was ist, wenn Sie etwas Minimales m\u00f6chten oder nur m\u00f6chten, dass sich Ihr Leben weniger kompliziert f\u00fchlt?<\/p>\n<div id=\"ad-unit-1\" class=\"ad-unit\"><\/div>\n<p>Ich bin auf einen Amazon -Fund gestolpert, der das Beste aus beiden Welten bietet: ein h\u00e4ngendes Kopfteil. Es gibt Ihnen nur den bequemen Teil, an dem Sie sich zur\u00fccklehnen m\u00fcssen, sowie das Rahmen der Bettbreite, das ein Schlafzimmer sofort gem\u00fctlicher und ber\u00fccksichtigen l\u00e4sst. Und es sind 109,99 US -Dollar.<\/p>\n<aside data-block-type=\"embed\" data-render-type=\"fte\" data-skip=\"dealsy\" data-widget-type=\"seasonal\" class=\"hawk-root\"><\/aside>\n<p id=\"a355f31e-a708-4aa9-9fcf-e159fbcbfa91-2\">Als Einkaufsredakteur bin ich mir diesen ersten Tag (oder gro\u00dfe Sache sehr bewusst <em>Tage,<\/em> Wenn wir technisch sind) steigt vom 7. bis 8. Oktober an. Aber zu diesem Preis-und mit Hunderten von 5-Sterne-Bewertungen, die bereits summen, konnte diese geniale Kopfbrettidee fr\u00fcher ausverkauft sein, und ich gehe kein Risiko ein.<\/p>\n<div class=\"van_vid_carousel\">\n<div class=\"van_vid_carousel__padding\">\n<div class=\"van_vid_carousel__container\"><\/div>\n<\/div>\n<\/div>\n<div class=\"product-container horizontal-product-container\">\n<div class=\"product-block-row\"><\/div>\n<\/div>\n<p id=\"44d2a2c5-1258-4a58-aee8-c01c7f791d38\">Dieser clevere, platzsparende Kopfteiltrend befindet sich direkt an der Wand und erzeugt einen stromlinienf\u00f6rmigen, minimalistischen Look. Der Begriff &#8222;montiert&#8220; ist jedoch ein wenig irref\u00fchrend &#8211; er klingt komplizierter als es ist. Im Gegensatz zu den meisten Headboards erfordert diese keine zus\u00e4tzlichen Ausstattung oder Anh\u00e4nge. Die Installation ist gn\u00e4digerweise einfach.<\/p>\n<div id=\"ad-unit-2\" class=\"ad-unit\"><\/div>\n<p>Ein Rezensent schw\u00e4rmt: \u201eAusgezeichnet f\u00fcr den Preis. Die Installation war sehr einfach. Ich habe keine \u00dcbung benutzt &#8230; es funktioniert gro\u00dfartig. &#8218; &#8222;Absolut sch\u00f6n&#8220;, schw\u00e4rmt ein anderer.<\/p>\n<figure class=\"van-image-figure inline-layout \" data-bordeaux-image-check id=\"483617da-f2ba-4061-9aef-82a60d06dd50\">\n<div class=\"image-full-width-wrapper\">\n<div class=\"image-widthsetter\" style=\"max-width:2500px;\"><\/div>\n<\/div>\n<\/figure>\n<p id=\"4d8f2ed1-bb5e-4a5f-a44e-15303a4b73fd\">Und es ist nicht nur f\u00fcr Betten. Montieren Sie eine oberhalb der K\u00fcchensitze, um eine Fr\u00fchst\u00fccksende im Cushy Caf\u00e9-Stil zu erhalten, oder schweben Sie eine \u00fcber eine Eingangsbank, um diesen Boxenstopp in eine echte Pause zu verwandeln-irgendwo, um Stiefel zu schn\u00fcren, E-Mails zu scrollen oder mit einem Buch zu verweilen. Sogar ein paar Schurkenhocker k\u00f6nnen ihren Platz finden und eine Sitzecke in den Fokus ziehen.<\/p>\n<p>Grunds\u00e4tzlich, \u00fcberall, wo Sie sich verlangen, kann man sich nach Softheit sehnen &#8211; was jetzt, wo es f\u00e4llt, \u00fcberall ist &#8211; polierter, absichtlicher und viel komfortabler. Und bei all den m\u00f6glichen Platzierungen reicht die Chancen, dass ein Kopfteil nicht ausreicht. Voraus, die anderen Stile, die ich betrachte.<\/p>\n<div id=\"slice-container-newsletterForm-articleInbodyContent-VvL4mrrKJrDGnHFjrufFVe\" class=\"slice-container newsletter-inbodyContent-slice newsletterForm-articleInbodyContent-VvL4mrrKJrDGnHFjrufFVe slice-container-newsletterForm\"><\/div>\n<div class=\"product-container hero-product-container product-block-no-wrap\">\n<div class=\"product-block-row\"><\/div>\n<div class=\"product-block-row\"><\/div>\n<div class=\"product-block-row\"><\/div>\n<\/div>\n<hr id=\"ce122d9b-41ac-4c0a-9ce9-5d19f535ab03\">\n<p id=\"ddeda6de-938f-491e-b867-6fb7de8ae8c9\">Du<em> k\u00f6nnte<\/em> \u00dcberspringen Sie auch das Kopfteilgesch\u00e4ft ganz. F\u00fcr die am niedrigsten leichte, am besten aussehende L\u00f6sung dort drau\u00dfen definiert Wowmax &#8218;Kopfteilkissen (ein Kult-100-Dollar-Fund) neu, was ein Kissen tun kann.<\/p>\n<\/div>\n","protected":false},"excerpt":{"rendered":"<p>Hat jemand anderes bemerkt, dass Headboards sowohl ungew\u00f6hnlich teuer als auch unn\u00f6tig kompliziert sind? Es ist wahr, dass die Guten den Boden erreichen und eine<\/p>\n","protected":false},"author":1,"featured_media":8207,"comment_status":"closed","ping_status":"","sticky":false,"template":"","format":"standard","meta":{"footnotes":""},"categories":[118],"tags":[46,10549,6572,9838,1273,78,9,531,2508,1855,10548,6308,129,964,10551,61,1475,10550,4183,37,662,10533,10552],"class_list":["post-8206","post","type-post","status-publish","format-standard","has-post-thumbnail","hentry","category-haus-garten","tag-auf","tag-baenke","tag-betten","tag-bewertete","tag-day","tag-den","tag-die","tag-dieses","tag-erschwingliche","tag-etwas","tag-headboard","tag-hoch","tag-ich","tag-kaufen","tag-milde","tag-nicht","tag-prime","tag-staende","tag-stueck","tag-und","tag-verwandelt","tag-warte","tag-weshalb","generate-columns","tablet-grid-50","mobile-grid-100","grid-parent","grid-50"],"yoast_head":"<!-- This site is optimized with the Yoast SEO plugin v27.3 - https:\/\/yoast.com\/product\/yoast-seo-wordpress\/ -->\n<title>Dieses erschwingliche Headboard verwandelt die B\u00e4nke in St\u00e4nde und milde Betten in etwas, weshalb ich nicht auf den Prime Day warte, um dieses hoch bewertete St\u00fcck zu kaufen - Nachrichten - Stra\u00dfenweb<\/title>\n<meta name=\"robots\" content=\"index, follow, max-snippet:-1, max-image-preview:large, max-video-preview:-1\" \/>\n<link rel=\"canonical\" href=\"https:\/\/www.strassenweb.de\/nachrichten\/dieses-erschwingliche-headboard-verwandelt-die-baenke-in-staende-und-milde-betten-in-etwas-weshalb-ich-nicht-auf-den-prime-day-warte-um-dieses-hoch-bewertete-stueck-zu-kaufen\/\" \/>\n<meta property=\"og:locale\" content=\"de_DE\" \/>\n<meta property=\"og:type\" content=\"article\" \/>\n<meta property=\"og:title\" content=\"Dieses erschwingliche Headboard verwandelt die B\u00e4nke in St\u00e4nde und milde Betten in etwas, weshalb ich nicht auf den Prime Day warte, um dieses hoch bewertete St\u00fcck zu kaufen - Nachrichten - Stra\u00dfenweb\" \/>\n<meta property=\"og:description\" content=\"Hat jemand anderes bemerkt, dass Headboards sowohl ungew\u00f6hnlich teuer als auch unn\u00f6tig kompliziert sind? Es ist wahr, dass die Guten den Boden erreichen und eine\" \/>\n<meta property=\"og:url\" content=\"https:\/\/www.strassenweb.de\/nachrichten\/dieses-erschwingliche-headboard-verwandelt-die-baenke-in-staende-und-milde-betten-in-etwas-weshalb-ich-nicht-auf-den-prime-day-warte-um-dieses-hoch-bewertete-stueck-zu-kaufen\/\" \/>\n<meta property=\"og:site_name\" content=\"Stra\u00dfenweb\" \/>\n<meta property=\"article:publisher\" content=\"https:\/\/www.facebook.com\/strassenweb\/\" \/>\n<meta property=\"article:published_time\" content=\"2025-10-04T14:39:14+00:00\" \/>\n<meta property=\"article:modified_time\" content=\"2025-10-04T14:39:15+00:00\" \/>\n<meta property=\"og:image\" content=\"https:\/\/www.strassenweb.de\/nachrichten\/wp-content\/uploads\/2025\/10\/Dieses-erschwingliche-Headboard-verwandelt-die-Baenke-in-Staende-und-milde.jpg\" \/>\n\t<meta property=\"og:image:width\" content=\"2560\" \/>\n\t<meta property=\"og:image:height\" content=\"1440\" \/>\n\t<meta property=\"og:image:type\" content=\"image\/jpeg\" \/>\n<meta name=\"author\" content=\"Robert Hoffmann\" \/>\n<meta name=\"twitter:card\" content=\"summary_large_image\" \/>\n<meta name=\"twitter:label1\" content=\"Verfasst von\" \/>\n\t<meta name=\"twitter:data1\" content=\"Robert Hoffmann\" \/>\n\t<meta name=\"twitter:label2\" content=\"Gesch\u00e4tzte Lesezeit\" \/>\n\t<meta name=\"twitter:data2\" content=\"2\u00a0Minuten\" \/>\n<script type=\"application\/ld+json\" class=\"yoast-schema-graph\">{\"@context\":\"https:\\\/\\\/schema.org\",\"@graph\":[{\"@type\":\"Article\",\"@id\":\"https:\\\/\\\/www.strassenweb.de\\\/nachrichten\\\/dieses-erschwingliche-headboard-verwandelt-die-baenke-in-staende-und-milde-betten-in-etwas-weshalb-ich-nicht-auf-den-prime-day-warte-um-dieses-hoch-bewertete-stueck-zu-kaufen\\\/#article\",\"isPartOf\":{\"@id\":\"https:\\\/\\\/www.strassenweb.de\\\/nachrichten\\\/dieses-erschwingliche-headboard-verwandelt-die-baenke-in-staende-und-milde-betten-in-etwas-weshalb-ich-nicht-auf-den-prime-day-warte-um-dieses-hoch-bewertete-stueck-zu-kaufen\\\/\"},\"author\":{\"name\":\"Robert Hoffmann\",\"@id\":\"https:\\\/\\\/www.strassenweb.de\\\/nachrichten\\\/#\\\/schema\\\/person\\\/87c9c9067f1211da429a744dc5a5aa41\"},\"headline\":\"Dieses erschwingliche Headboard verwandelt die B\u00e4nke in St\u00e4nde und milde Betten in etwas, weshalb ich nicht auf den Prime Day warte, um dieses hoch bewertete St\u00fcck zu kaufen\",\"datePublished\":\"2025-10-04T14:39:14+00:00\",\"dateModified\":\"2025-10-04T14:39:15+00:00\",\"mainEntityOfPage\":{\"@id\":\"https:\\\/\\\/www.strassenweb.de\\\/nachrichten\\\/dieses-erschwingliche-headboard-verwandelt-die-baenke-in-staende-und-milde-betten-in-etwas-weshalb-ich-nicht-auf-den-prime-day-warte-um-dieses-hoch-bewertete-stueck-zu-kaufen\\\/\"},\"wordCount\":440,\"publisher\":{\"@id\":\"https:\\\/\\\/www.strassenweb.de\\\/nachrichten\\\/#organization\"},\"image\":{\"@id\":\"https:\\\/\\\/www.strassenweb.de\\\/nachrichten\\\/dieses-erschwingliche-headboard-verwandelt-die-baenke-in-staende-und-milde-betten-in-etwas-weshalb-ich-nicht-auf-den-prime-day-warte-um-dieses-hoch-bewertete-stueck-zu-kaufen\\\/#primaryimage\"},\"thumbnailUrl\":\"https:\\\/\\\/www.strassenweb.de\\\/nachrichten\\\/wp-content\\\/uploads\\\/2025\\\/10\\\/Dieses-erschwingliche-Headboard-verwandelt-die-Baenke-in-Staende-und-milde.jpg\",\"keywords\":[\"auf\",\"B\u00e4nke\",\"Betten\",\"bewertete\",\"Day\",\"den\",\"die\",\"dieses\",\"erschwingliche\",\"etwas\",\"Headboard\",\"hoch\",\"ich\",\"kaufen\",\"milde\",\"nicht\",\"Prime\",\"St\u00e4nde\",\"St\u00fcck\",\"und\",\"verwandelt\",\"warte\",\"weshalb\"],\"articleSection\":[\"Haus &amp; Garten\"],\"inLanguage\":\"de\"},{\"@type\":\"WebPage\",\"@id\":\"https:\\\/\\\/www.strassenweb.de\\\/nachrichten\\\/dieses-erschwingliche-headboard-verwandelt-die-baenke-in-staende-und-milde-betten-in-etwas-weshalb-ich-nicht-auf-den-prime-day-warte-um-dieses-hoch-bewertete-stueck-zu-kaufen\\\/\",\"url\":\"https:\\\/\\\/www.strassenweb.de\\\/nachrichten\\\/dieses-erschwingliche-headboard-verwandelt-die-baenke-in-staende-und-milde-betten-in-etwas-weshalb-ich-nicht-auf-den-prime-day-warte-um-dieses-hoch-bewertete-stueck-zu-kaufen\\\/\",\"name\":\"Dieses erschwingliche Headboard verwandelt die B\u00e4nke in St\u00e4nde und milde Betten in etwas, weshalb ich nicht auf den Prime Day warte, um dieses hoch bewertete St\u00fcck zu kaufen - Nachrichten - Stra\u00dfenweb\",\"isPartOf\":{\"@id\":\"https:\\\/\\\/www.strassenweb.de\\\/nachrichten\\\/#website\"},\"primaryImageOfPage\":{\"@id\":\"https:\\\/\\\/www.strassenweb.de\\\/nachrichten\\\/dieses-erschwingliche-headboard-verwandelt-die-baenke-in-staende-und-milde-betten-in-etwas-weshalb-ich-nicht-auf-den-prime-day-warte-um-dieses-hoch-bewertete-stueck-zu-kaufen\\\/#primaryimage\"},\"image\":{\"@id\":\"https:\\\/\\\/www.strassenweb.de\\\/nachrichten\\\/dieses-erschwingliche-headboard-verwandelt-die-baenke-in-staende-und-milde-betten-in-etwas-weshalb-ich-nicht-auf-den-prime-day-warte-um-dieses-hoch-bewertete-stueck-zu-kaufen\\\/#primaryimage\"},\"thumbnailUrl\":\"https:\\\/\\\/www.strassenweb.de\\\/nachrichten\\\/wp-content\\\/uploads\\\/2025\\\/10\\\/Dieses-erschwingliche-Headboard-verwandelt-die-Baenke-in-Staende-und-milde.jpg\",\"datePublished\":\"2025-10-04T14:39:14+00:00\",\"dateModified\":\"2025-10-04T14:39:15+00:00\",\"breadcrumb\":{\"@id\":\"https:\\\/\\\/www.strassenweb.de\\\/nachrichten\\\/dieses-erschwingliche-headboard-verwandelt-die-baenke-in-staende-und-milde-betten-in-etwas-weshalb-ich-nicht-auf-den-prime-day-warte-um-dieses-hoch-bewertete-stueck-zu-kaufen\\\/#breadcrumb\"},\"inLanguage\":\"de\",\"potentialAction\":[{\"@type\":\"ReadAction\",\"target\":[\"https:\\\/\\\/www.strassenweb.de\\\/nachrichten\\\/dieses-erschwingliche-headboard-verwandelt-die-baenke-in-staende-und-milde-betten-in-etwas-weshalb-ich-nicht-auf-den-prime-day-warte-um-dieses-hoch-bewertete-stueck-zu-kaufen\\\/\"]}]},{\"@type\":\"ImageObject\",\"inLanguage\":\"de\",\"@id\":\"https:\\\/\\\/www.strassenweb.de\\\/nachrichten\\\/dieses-erschwingliche-headboard-verwandelt-die-baenke-in-staende-und-milde-betten-in-etwas-weshalb-ich-nicht-auf-den-prime-day-warte-um-dieses-hoch-bewertete-stueck-zu-kaufen\\\/#primaryimage\",\"url\":\"https:\\\/\\\/www.strassenweb.de\\\/nachrichten\\\/wp-content\\\/uploads\\\/2025\\\/10\\\/Dieses-erschwingliche-Headboard-verwandelt-die-Baenke-in-Staende-und-milde.jpg\",\"contentUrl\":\"https:\\\/\\\/www.strassenweb.de\\\/nachrichten\\\/wp-content\\\/uploads\\\/2025\\\/10\\\/Dieses-erschwingliche-Headboard-verwandelt-die-Baenke-in-Staende-und-milde.jpg\",\"width\":2560,\"height\":1440,\"caption\":\"Dieses erschwingliche Headboard verwandelt die B\u00e4nke in St\u00e4nde und milde Betten in etwas, weshalb ich nicht auf den Prime Day warte, um dieses hoch bewertete St\u00fcck zu kaufen\"},{\"@type\":\"BreadcrumbList\",\"@id\":\"https:\\\/\\\/www.strassenweb.de\\\/nachrichten\\\/dieses-erschwingliche-headboard-verwandelt-die-baenke-in-staende-und-milde-betten-in-etwas-weshalb-ich-nicht-auf-den-prime-day-warte-um-dieses-hoch-bewertete-stueck-zu-kaufen\\\/#breadcrumb\",\"itemListElement\":[{\"@type\":\"ListItem\",\"position\":1,\"name\":\"Home\",\"item\":\"https:\\\/\\\/www.strassenweb.de\\\/nachrichten\\\/\"},{\"@type\":\"ListItem\",\"position\":2,\"name\":\"Dieses erschwingliche Headboard verwandelt die B\u00e4nke in St\u00e4nde und milde Betten in etwas, weshalb ich nicht auf den Prime Day warte, um dieses hoch bewertete St\u00fcck zu kaufen\"}]},{\"@type\":\"WebSite\",\"@id\":\"https:\\\/\\\/www.strassenweb.de\\\/nachrichten\\\/#website\",\"url\":\"https:\\\/\\\/www.strassenweb.de\\\/nachrichten\\\/\",\"name\":\"Stra\u00dfenweb\",\"description\":\"Stra\u00dfenverzeichnis f\u00fcr Deutschland\",\"publisher\":{\"@id\":\"https:\\\/\\\/www.strassenweb.de\\\/nachrichten\\\/#organization\"},\"potentialAction\":[{\"@type\":\"SearchAction\",\"target\":{\"@type\":\"EntryPoint\",\"urlTemplate\":\"https:\\\/\\\/www.strassenweb.de\\\/nachrichten\\\/?s={search_term_string}\"},\"query-input\":{\"@type\":\"PropertyValueSpecification\",\"valueRequired\":true,\"valueName\":\"search_term_string\"}}],\"inLanguage\":\"de\"},{\"@type\":\"Organization\",\"@id\":\"https:\\\/\\\/www.strassenweb.de\\\/nachrichten\\\/#organization\",\"name\":\"Stra\u00dfenweb\",\"url\":\"https:\\\/\\\/www.strassenweb.de\\\/nachrichten\\\/\",\"logo\":{\"@type\":\"ImageObject\",\"inLanguage\":\"de\",\"@id\":\"https:\\\/\\\/www.strassenweb.de\\\/nachrichten\\\/#\\\/schema\\\/logo\\\/image\\\/\",\"url\":\"https:\\\/\\\/www.strassenweb.de\\\/nachrichten\\\/wp-content\\\/uploads\\\/2024\\\/09\\\/cropped-favicon.png\",\"contentUrl\":\"https:\\\/\\\/www.strassenweb.de\\\/nachrichten\\\/wp-content\\\/uploads\\\/2024\\\/09\\\/cropped-favicon.png\",\"width\":512,\"height\":512,\"caption\":\"Stra\u00dfenweb\"},\"image\":{\"@id\":\"https:\\\/\\\/www.strassenweb.de\\\/nachrichten\\\/#\\\/schema\\\/logo\\\/image\\\/\"},\"sameAs\":[\"https:\\\/\\\/www.facebook.com\\\/strassenweb\\\/\"]},{\"@type\":\"Person\",\"@id\":\"https:\\\/\\\/www.strassenweb.de\\\/nachrichten\\\/#\\\/schema\\\/person\\\/87c9c9067f1211da429a744dc5a5aa41\",\"name\":\"Robert Hoffmann\",\"image\":{\"@type\":\"ImageObject\",\"inLanguage\":\"de\",\"@id\":\"https:\\\/\\\/www.strassenweb.de\\\/nachrichten\\\/wp-content\\\/uploads\\\/2024\\\/09\\\/strassenweb-150x150.jpg\",\"url\":\"https:\\\/\\\/www.strassenweb.de\\\/nachrichten\\\/wp-content\\\/uploads\\\/2024\\\/09\\\/strassenweb-150x150.jpg\",\"contentUrl\":\"https:\\\/\\\/www.strassenweb.de\\\/nachrichten\\\/wp-content\\\/uploads\\\/2024\\\/09\\\/strassenweb-150x150.jpg\",\"caption\":\"Robert Hoffmann\"},\"description\":\"Ich hei\u00dfe Robert Hoffmann und ich bin ein leidenschaftlicher Verfechter von \u00d6kologie und Biodiversit\u00e4t. Seit meiner Kindheit in den W\u00e4ldern Bayerns f\u00fchle ich mich mit der Natur verbunden und bin entschlossen, sie zu sch\u00fctzen. Heute widme ich mein Leben der Sensibilisierung anderer f\u00fcr die Bedeutung des Umweltschutzes f\u00fcr zuk\u00fcnftige Generationen.\",\"sameAs\":[\"https:\\\/\\\/www.strassenweb.de\\\/\"]}]}<\/script>\n<!-- \/ Yoast SEO plugin. -->","yoast_head_json":{"title":"Dieses erschwingliche Headboard verwandelt die B\u00e4nke in St\u00e4nde und milde Betten in etwas, weshalb ich nicht auf den Prime Day warte, um dieses hoch bewertete St\u00fcck zu kaufen - Nachrichten - Stra\u00dfenweb","robots":{"index":"index","follow":"follow","max-snippet":"max-snippet:-1","max-image-preview":"max-image-preview:large","max-video-preview":"max-video-preview:-1"},"canonical":"https:\/\/www.strassenweb.de\/nachrichten\/dieses-erschwingliche-headboard-verwandelt-die-baenke-in-staende-und-milde-betten-in-etwas-weshalb-ich-nicht-auf-den-prime-day-warte-um-dieses-hoch-bewertete-stueck-zu-kaufen\/","og_locale":"de_DE","og_type":"article","og_title":"Dieses erschwingliche Headboard verwandelt die B\u00e4nke in St\u00e4nde und milde Betten in etwas, weshalb ich nicht auf den Prime Day warte, um dieses hoch bewertete St\u00fcck zu kaufen - Nachrichten - Stra\u00dfenweb","og_description":"Hat jemand anderes bemerkt, dass Headboards sowohl ungew\u00f6hnlich teuer als auch unn\u00f6tig kompliziert sind? Es ist wahr, dass die Guten den Boden erreichen und eine","og_url":"https:\/\/www.strassenweb.de\/nachrichten\/dieses-erschwingliche-headboard-verwandelt-die-baenke-in-staende-und-milde-betten-in-etwas-weshalb-ich-nicht-auf-den-prime-day-warte-um-dieses-hoch-bewertete-stueck-zu-kaufen\/","og_site_name":"Stra\u00dfenweb","article_publisher":"https:\/\/www.facebook.com\/strassenweb\/","article_published_time":"2025-10-04T14:39:14+00:00","article_modified_time":"2025-10-04T14:39:15+00:00","og_image":[{"width":2560,"height":1440,"url":"https:\/\/www.strassenweb.de\/nachrichten\/wp-content\/uploads\/2025\/10\/Dieses-erschwingliche-Headboard-verwandelt-die-Baenke-in-Staende-und-milde.jpg","type":"image\/jpeg"}],"author":"Robert Hoffmann","twitter_card":"summary_large_image","twitter_misc":{"Verfasst von":"Robert Hoffmann","Gesch\u00e4tzte Lesezeit":"2\u00a0Minuten"},"schema":{"@context":"https:\/\/schema.org","@graph":[{"@type":"Article","@id":"https:\/\/www.strassenweb.de\/nachrichten\/dieses-erschwingliche-headboard-verwandelt-die-baenke-in-staende-und-milde-betten-in-etwas-weshalb-ich-nicht-auf-den-prime-day-warte-um-dieses-hoch-bewertete-stueck-zu-kaufen\/#article","isPartOf":{"@id":"https:\/\/www.strassenweb.de\/nachrichten\/dieses-erschwingliche-headboard-verwandelt-die-baenke-in-staende-und-milde-betten-in-etwas-weshalb-ich-nicht-auf-den-prime-day-warte-um-dieses-hoch-bewertete-stueck-zu-kaufen\/"},"author":{"name":"Robert Hoffmann","@id":"https:\/\/www.strassenweb.de\/nachrichten\/#\/schema\/person\/87c9c9067f1211da429a744dc5a5aa41"},"headline":"Dieses erschwingliche Headboard verwandelt die B\u00e4nke in St\u00e4nde und milde Betten in etwas, weshalb ich nicht auf den Prime Day warte, um dieses hoch bewertete St\u00fcck zu kaufen","datePublished":"2025-10-04T14:39:14+00:00","dateModified":"2025-10-04T14:39:15+00:00","mainEntityOfPage":{"@id":"https:\/\/www.strassenweb.de\/nachrichten\/dieses-erschwingliche-headboard-verwandelt-die-baenke-in-staende-und-milde-betten-in-etwas-weshalb-ich-nicht-auf-den-prime-day-warte-um-dieses-hoch-bewertete-stueck-zu-kaufen\/"},"wordCount":440,"publisher":{"@id":"https:\/\/www.strassenweb.de\/nachrichten\/#organization"},"image":{"@id":"https:\/\/www.strassenweb.de\/nachrichten\/dieses-erschwingliche-headboard-verwandelt-die-baenke-in-staende-und-milde-betten-in-etwas-weshalb-ich-nicht-auf-den-prime-day-warte-um-dieses-hoch-bewertete-stueck-zu-kaufen\/#primaryimage"},"thumbnailUrl":"https:\/\/www.strassenweb.de\/nachrichten\/wp-content\/uploads\/2025\/10\/Dieses-erschwingliche-Headboard-verwandelt-die-Baenke-in-Staende-und-milde.jpg","keywords":["auf","B\u00e4nke","Betten","bewertete","Day","den","die","dieses","erschwingliche","etwas","Headboard","hoch","ich","kaufen","milde","nicht","Prime","St\u00e4nde","St\u00fcck","und","verwandelt","warte","weshalb"],"articleSection":["Haus &amp; Garten"],"inLanguage":"de"},{"@type":"WebPage","@id":"https:\/\/www.strassenweb.de\/nachrichten\/dieses-erschwingliche-headboard-verwandelt-die-baenke-in-staende-und-milde-betten-in-etwas-weshalb-ich-nicht-auf-den-prime-day-warte-um-dieses-hoch-bewertete-stueck-zu-kaufen\/","url":"https:\/\/www.strassenweb.de\/nachrichten\/dieses-erschwingliche-headboard-verwandelt-die-baenke-in-staende-und-milde-betten-in-etwas-weshalb-ich-nicht-auf-den-prime-day-warte-um-dieses-hoch-bewertete-stueck-zu-kaufen\/","name":"Dieses erschwingliche Headboard verwandelt die B\u00e4nke in St\u00e4nde und milde Betten in etwas, weshalb ich nicht auf den Prime Day warte, um dieses hoch bewertete St\u00fcck zu kaufen - Nachrichten - Stra\u00dfenweb","isPartOf":{"@id":"https:\/\/www.strassenweb.de\/nachrichten\/#website"},"primaryImageOfPage":{"@id":"https:\/\/www.strassenweb.de\/nachrichten\/dieses-erschwingliche-headboard-verwandelt-die-baenke-in-staende-und-milde-betten-in-etwas-weshalb-ich-nicht-auf-den-prime-day-warte-um-dieses-hoch-bewertete-stueck-zu-kaufen\/#primaryimage"},"image":{"@id":"https:\/\/www.strassenweb.de\/nachrichten\/dieses-erschwingliche-headboard-verwandelt-die-baenke-in-staende-und-milde-betten-in-etwas-weshalb-ich-nicht-auf-den-prime-day-warte-um-dieses-hoch-bewertete-stueck-zu-kaufen\/#primaryimage"},"thumbnailUrl":"https:\/\/www.strassenweb.de\/nachrichten\/wp-content\/uploads\/2025\/10\/Dieses-erschwingliche-Headboard-verwandelt-die-Baenke-in-Staende-und-milde.jpg","datePublished":"2025-10-04T14:39:14+00:00","dateModified":"2025-10-04T14:39:15+00:00","breadcrumb":{"@id":"https:\/\/www.strassenweb.de\/nachrichten\/dieses-erschwingliche-headboard-verwandelt-die-baenke-in-staende-und-milde-betten-in-etwas-weshalb-ich-nicht-auf-den-prime-day-warte-um-dieses-hoch-bewertete-stueck-zu-kaufen\/#breadcrumb"},"inLanguage":"de","potentialAction":[{"@type":"ReadAction","target":["https:\/\/www.strassenweb.de\/nachrichten\/dieses-erschwingliche-headboard-verwandelt-die-baenke-in-staende-und-milde-betten-in-etwas-weshalb-ich-nicht-auf-den-prime-day-warte-um-dieses-hoch-bewertete-stueck-zu-kaufen\/"]}]},{"@type":"ImageObject","inLanguage":"de","@id":"https:\/\/www.strassenweb.de\/nachrichten\/dieses-erschwingliche-headboard-verwandelt-die-baenke-in-staende-und-milde-betten-in-etwas-weshalb-ich-nicht-auf-den-prime-day-warte-um-dieses-hoch-bewertete-stueck-zu-kaufen\/#primaryimage","url":"https:\/\/www.strassenweb.de\/nachrichten\/wp-content\/uploads\/2025\/10\/Dieses-erschwingliche-Headboard-verwandelt-die-Baenke-in-Staende-und-milde.jpg","contentUrl":"https:\/\/www.strassenweb.de\/nachrichten\/wp-content\/uploads\/2025\/10\/Dieses-erschwingliche-Headboard-verwandelt-die-Baenke-in-Staende-und-milde.jpg","width":2560,"height":1440,"caption":"Dieses erschwingliche Headboard verwandelt die B\u00e4nke in St\u00e4nde und milde Betten in etwas, weshalb ich nicht auf den Prime Day warte, um dieses hoch bewertete St\u00fcck zu kaufen"},{"@type":"BreadcrumbList","@id":"https:\/\/www.strassenweb.de\/nachrichten\/dieses-erschwingliche-headboard-verwandelt-die-baenke-in-staende-und-milde-betten-in-etwas-weshalb-ich-nicht-auf-den-prime-day-warte-um-dieses-hoch-bewertete-stueck-zu-kaufen\/#breadcrumb","itemListElement":[{"@type":"ListItem","position":1,"name":"Home","item":"https:\/\/www.strassenweb.de\/nachrichten\/"},{"@type":"ListItem","position":2,"name":"Dieses erschwingliche Headboard verwandelt die B\u00e4nke in St\u00e4nde und milde Betten in etwas, weshalb ich nicht auf den Prime Day warte, um dieses hoch bewertete St\u00fcck zu kaufen"}]},{"@type":"WebSite","@id":"https:\/\/www.strassenweb.de\/nachrichten\/#website","url":"https:\/\/www.strassenweb.de\/nachrichten\/","name":"Stra\u00dfenweb","description":"Stra\u00dfenverzeichnis f\u00fcr Deutschland","publisher":{"@id":"https:\/\/www.strassenweb.de\/nachrichten\/#organization"},"potentialAction":[{"@type":"SearchAction","target":{"@type":"EntryPoint","urlTemplate":"https:\/\/www.strassenweb.de\/nachrichten\/?s={search_term_string}"},"query-input":{"@type":"PropertyValueSpecification","valueRequired":true,"valueName":"search_term_string"}}],"inLanguage":"de"},{"@type":"Organization","@id":"https:\/\/www.strassenweb.de\/nachrichten\/#organization","name":"Stra\u00dfenweb","url":"https:\/\/www.strassenweb.de\/nachrichten\/","logo":{"@type":"ImageObject","inLanguage":"de","@id":"https:\/\/www.strassenweb.de\/nachrichten\/#\/schema\/logo\/image\/","url":"https:\/\/www.strassenweb.de\/nachrichten\/wp-content\/uploads\/2024\/09\/cropped-favicon.png","contentUrl":"https:\/\/www.strassenweb.de\/nachrichten\/wp-content\/uploads\/2024\/09\/cropped-favicon.png","width":512,"height":512,"caption":"Stra\u00dfenweb"},"image":{"@id":"https:\/\/www.strassenweb.de\/nachrichten\/#\/schema\/logo\/image\/"},"sameAs":["https:\/\/www.facebook.com\/strassenweb\/"]},{"@type":"Person","@id":"https:\/\/www.strassenweb.de\/nachrichten\/#\/schema\/person\/87c9c9067f1211da429a744dc5a5aa41","name":"Robert Hoffmann","image":{"@type":"ImageObject","inLanguage":"de","@id":"https:\/\/www.strassenweb.de\/nachrichten\/wp-content\/uploads\/2024\/09\/strassenweb-150x150.jpg","url":"https:\/\/www.strassenweb.de\/nachrichten\/wp-content\/uploads\/2024\/09\/strassenweb-150x150.jpg","contentUrl":"https:\/\/www.strassenweb.de\/nachrichten\/wp-content\/uploads\/2024\/09\/strassenweb-150x150.jpg","caption":"Robert Hoffmann"},"description":"Ich hei\u00dfe Robert Hoffmann und ich bin ein leidenschaftlicher Verfechter von \u00d6kologie und Biodiversit\u00e4t. Seit meiner Kindheit in den W\u00e4ldern Bayerns f\u00fchle ich mich mit der Natur verbunden und bin entschlossen, sie zu sch\u00fctzen. Heute widme ich mein Leben der Sensibilisierung anderer f\u00fcr die Bedeutung des Umweltschutzes f\u00fcr zuk\u00fcnftige Generationen.","sameAs":["https:\/\/www.strassenweb.de\/"]}]}},"_links":{"self":[{"href":"https:\/\/www.strassenweb.de\/nachrichten\/wp-json\/wp\/v2\/posts\/8206","targetHints":{"allow":["GET"]}}],"collection":[{"href":"https:\/\/www.strassenweb.de\/nachrichten\/wp-json\/wp\/v2\/posts"}],"about":[{"href":"https:\/\/www.strassenweb.de\/nachrichten\/wp-json\/wp\/v2\/types\/post"}],"author":[{"embeddable":true,"href":"https:\/\/www.strassenweb.de\/nachrichten\/wp-json\/wp\/v2\/users\/1"}],"replies":[{"embeddable":true,"href":"https:\/\/www.strassenweb.de\/nachrichten\/wp-json\/wp\/v2\/comments?post=8206"}],"version-history":[{"count":0,"href":"https:\/\/www.strassenweb.de\/nachrichten\/wp-json\/wp\/v2\/posts\/8206\/revisions"}],"wp:featuredmedia":[{"embeddable":true,"href":"https:\/\/www.strassenweb.de\/nachrichten\/wp-json\/wp\/v2\/media\/8207"}],"wp:attachment":[{"href":"https:\/\/www.strassenweb.de\/nachrichten\/wp-json\/wp\/v2\/media?parent=8206"}],"wp:term":[{"taxonomy":"category","embeddable":true,"href":"https:\/\/www.strassenweb.de\/nachrichten\/wp-json\/wp\/v2\/categories?post=8206"},{"taxonomy":"post_tag","embeddable":true,"href":"https:\/\/www.strassenweb.de\/nachrichten\/wp-json\/wp\/v2\/tags?post=8206"}],"curies":[{"name":"wp","href":"https:\/\/api.w.org\/{rel}","templated":true}]}}