{"id":819,"date":"2024-10-11T08:23:12","date_gmt":"2024-10-11T06:23:12","guid":{"rendered":"https:\/\/www.strassenweb.de\/nachrichten\/gemeinschaft-prueft-aufkauf-eines-wiederverwilderungsgrundstuecks-in-der-naehe-von-loch-ness\/"},"modified":"2024-10-11T08:23:12","modified_gmt":"2024-10-11T06:23:12","slug":"gemeinschaft-prueft-aufkauf-eines-wiederverwilderungsgrundstuecks-in-der-naehe-von-loch-ness","status":"publish","type":"post","link":"https:\/\/www.strassenweb.de\/nachrichten\/gemeinschaft-prueft-aufkauf-eines-wiederverwilderungsgrundstuecks-in-der-naehe-von-loch-ness\/","title":{"rendered":"Gemeinschaft pr\u00fcft Aufkauf eines Wiederverwilderungsgrundst\u00fccks in der N\u00e4he von Loch Ness"},"content":{"rendered":"<p>Eine \u00f6rtliche Gemeinde in den Highlands hat zugestimmt, mit Unterst\u00fctzung der Wohlt\u00e4tigkeitsorganisation Trees for Life den Kauf eines Teils oder des gesamten 513 Hektar gro\u00dfen Bunloit-Anwesens am Loch Ness zu pr\u00fcfen, um eine von der Gemeinde betriebene Wiederverwilderung auf dem Land am weltber\u00fchmten Loch zu gew\u00e4hrleisten.<\/p>\n<p>Nach einer \u00f6ffentlichen Konsultationsveranstaltung am 25. September in der Glenurquhart Public Hall in Drumnadrochit wird die Glen Urquhart Rural Community Association (GURCA) alle Optionen f\u00fcr den Kauf des gesamten Anwesens oder eines Teils davon pr\u00fcfen.<\/p>\n<p>Der derzeitige Eigent\u00fcmer, Highlands Rewilding Ltd, gab k\u00fcrzlich bekannt, dass das Land im Oktober auf den Markt kommen wird. Das Unternehmen \u2013 dessen erkl\u00e4rtes Ziel die \u201eWiederherstellung der Natur und der Wohlstand der Gemeinschaft durch gro\u00df angelegte Wiederverwilderung\u201c ist \u2013 hat bis Januar 2025 Zeit, ein Darlehen in H\u00f6he von 11 Millionen Pfund bei der UK Infrastructure Bank und Top Online Partners zur\u00fcckzuzahlen, das zur Sicherung von Land f\u00fcr die Wiederherstellung der Natur aufgenommen wurde.<\/p>\n<p>Bunloit liegt in Glen Urquhart am Westufer des Loch Ness und umfasst ein Mosaik von Lebensr\u00e4umen, von einheimischen W\u00e4ldern bis hin zu Torfmooren.<\/p>\n<p>Susan Griffin, Vorsitzende von GURCA, sagte: \u201eWir haben beschlossen, diese seltene Gelegenheit f\u00fcr einen Community-Buyout zu pr\u00fcfen, da Jeremy Leggett, Gr\u00fcnder und CEO von Highlands Rewilding, gesagt hat, dass die lokale Community bei jedem Kauf Vorkaufsrecht haben wird.\u201c<\/p>\n<p>GURCA und Trees for Life sagen, dass jeder gemeinschaftliche Kauf von Bunloit ganz oder teilweise dem Schutz und der Wiederherstellung von Lebensr\u00e4umen dienen w\u00fcrde, um die Natur- und Klimanotf\u00e4lle zu bew\u00e4ltigen und gleichzeitig lokale Vorteile wie naturbasierte Arbeitspl\u00e4tze, bessere Gesundheit und Wiederbesiedlung zu schaffen.<\/p>\n<p>\u201eWir werden die Gemeinde voll und ganz unterst\u00fctzen, wenn sie den Kauf von Land in Bunloit pr\u00fcft. Dies k\u00f6nnte ein spannendes Modell der vor Ort durchgef\u00fchrten Wiederverwilderung sein, um die Artenvielfalt wiederherzustellen und das Leben zu bereichern\u201c, sagte Steve Micklewright, Gesch\u00e4ftsf\u00fchrer von Trees for Life.<\/p>\n<p>Einzelheiten zum Grundst\u00fccksverkauf in Bunloit \u2013 und auf den anderen Anwesen von Highland Rewilding in Tayvallich in Argyll und Beldorney in Banffshire \u2013 werden am 1. Oktober ver\u00f6ffentlicht.<\/p>\n<p>In einer Erkl\u00e4rung auf seiner Website sagt Highlands Rewilding: \u201eWir werden lokalen Gemeinden, die die von uns angebotenen Grundst\u00fccke kaufen m\u00f6chten, den Vorzug geben, solange wir in der Lage sind, unseren Verpflichtungen gegen\u00fcber unseren 809 Aktion\u00e4ren nachzukommen.\u201c Wir haben drei vorrangige Kategorien von Grundst\u00fccksverk\u00e4ufen, und unsere lokalen Gemeinschaften stehen in allen an erster Stelle.\u201c<\/p>\n<p>Die Erkl\u00e4rung macht auch deutlich, dass Highlands Rewilding w\u00e4hlen kann, an wen es das Land verkauft, und dies muss nicht unbedingt an den Meistbietenden erfolgen. Das Unternehmen sagt: \u201eWir versuchen, Land ohne Gewinn zu verkaufen, damit es im Wesentlichen f\u00fcr immer f\u00fcr eine gemeinschaftsorientierte Naturwiederherstellung gesperrt werden kann.\u201c<\/p>\n<p>GURCA ist die Entwicklungsstiftung von Glen Urquhart, die sich daf\u00fcr einsetzt, eine lebendige Zukunft f\u00fcr die Region zu sichern und die Lebensqualit\u00e4t, Arbeit und Freizeit der Menschen vor Ort durch von der Gemeinde geleitete Initiativen zu verbessern. Siehe gurca.co.uk.<\/p>\n<p>Die Wohlt\u00e4tigkeitsorganisation \u201eTrees for Life\u201c setzt sich f\u00fcr die Schaffung naturreicher Landschaften in den Highlands ein, die Menschen einbeziehen und unterst\u00fctzen. Gemeinsam mit Gemeinden stellt es das Natur- und Kulturerbe Schottlands wieder her und unterst\u00fctzt gleichzeitig die Lebensgrundlagen vor Ort. Siehe treeforlife.org.uk.<\/p>\n<p>: Loch Ness vom Bunloit-Anwesen (Quelle: Trees for Life)<\/p>\n","protected":false},"excerpt":{"rendered":"<p>Eine \u00f6rtliche Gemeinde in den Highlands hat zugestimmt, mit Unterst\u00fctzung der Wohlt\u00e4tigkeitsorganisation Trees for Life den Kauf eines Teils oder des gesamten 513 Hektar gro\u00dfen<\/p>\n","protected":false},"author":1,"featured_media":820,"comment_status":"closed","ping_status":"","sticky":false,"template":"","format":"standard","meta":{"footnotes":""},"categories":[101],"tags":[1624,81,827,1622,1626,343,1627,1623,21,1625],"class_list":["post-819","post","type-post","status-publish","format-standard","has-post-thumbnail","hentry","category-oekologie","tag-aufkauf","tag-der","tag-eines","tag-gemeinschaft","tag-loch","tag-naehe","tag-ness","tag-prueft","tag-von","tag-wiederverwilderungsgrundstuecks","generate-columns","tablet-grid-50","mobile-grid-100","grid-parent","grid-50"],"yoast_head":"<!-- This site is optimized with the Yoast SEO plugin v27.3 - https:\/\/yoast.com\/product\/yoast-seo-wordpress\/ -->\n<title>Gemeinschaft pr\u00fcft Aufkauf eines Wiederverwilderungsgrundst\u00fccks in der N\u00e4he von Loch Ness - Nachrichten - Stra\u00dfenweb<\/title>\n<meta name=\"robots\" content=\"index, follow, max-snippet:-1, max-image-preview:large, max-video-preview:-1\" \/>\n<link rel=\"canonical\" href=\"https:\/\/www.strassenweb.de\/nachrichten\/gemeinschaft-prueft-aufkauf-eines-wiederverwilderungsgrundstuecks-in-der-naehe-von-loch-ness\/\" \/>\n<meta property=\"og:locale\" content=\"de_DE\" \/>\n<meta property=\"og:type\" content=\"article\" \/>\n<meta property=\"og:title\" content=\"Gemeinschaft pr\u00fcft Aufkauf eines Wiederverwilderungsgrundst\u00fccks in der N\u00e4he von Loch Ness - Nachrichten - Stra\u00dfenweb\" \/>\n<meta property=\"og:description\" content=\"Eine \u00f6rtliche Gemeinde in den Highlands hat zugestimmt, mit Unterst\u00fctzung der Wohlt\u00e4tigkeitsorganisation Trees for Life den Kauf eines Teils oder des gesamten 513 Hektar gro\u00dfen\" \/>\n<meta property=\"og:url\" content=\"https:\/\/www.strassenweb.de\/nachrichten\/gemeinschaft-prueft-aufkauf-eines-wiederverwilderungsgrundstuecks-in-der-naehe-von-loch-ness\/\" \/>\n<meta property=\"og:site_name\" content=\"Stra\u00dfenweb\" \/>\n<meta property=\"article:publisher\" content=\"https:\/\/www.facebook.com\/strassenweb\/\" \/>\n<meta property=\"article:published_time\" content=\"2024-10-11T06:23:12+00:00\" \/>\n<meta property=\"og:image\" content=\"https:\/\/www.strassenweb.de\/nachrichten\/wp-content\/uploads\/2024\/10\/Gemeinschaft-prueft-Aufkauf-eines-Wiederverwilderungsgrundstuecks-in-der-Naehe-von-Loch.jpg\" \/>\n\t<meta property=\"og:image:width\" content=\"900\" \/>\n\t<meta property=\"og:image:height\" content=\"600\" \/>\n\t<meta property=\"og:image:type\" content=\"image\/jpeg\" \/>\n<meta name=\"author\" content=\"Robert Hoffmann\" \/>\n<meta name=\"twitter:card\" content=\"summary_large_image\" \/>\n<meta name=\"twitter:label1\" content=\"Verfasst von\" \/>\n\t<meta name=\"twitter:data1\" content=\"Robert Hoffmann\" \/>\n\t<meta name=\"twitter:label2\" content=\"Gesch\u00e4tzte Lesezeit\" \/>\n\t<meta name=\"twitter:data2\" content=\"3\u00a0Minuten\" \/>\n<script type=\"application\/ld+json\" class=\"yoast-schema-graph\">{\"@context\":\"https:\\\/\\\/schema.org\",\"@graph\":[{\"@type\":\"Article\",\"@id\":\"https:\\\/\\\/www.strassenweb.de\\\/nachrichten\\\/gemeinschaft-prueft-aufkauf-eines-wiederverwilderungsgrundstuecks-in-der-naehe-von-loch-ness\\\/#article\",\"isPartOf\":{\"@id\":\"https:\\\/\\\/www.strassenweb.de\\\/nachrichten\\\/gemeinschaft-prueft-aufkauf-eines-wiederverwilderungsgrundstuecks-in-der-naehe-von-loch-ness\\\/\"},\"author\":{\"name\":\"Robert Hoffmann\",\"@id\":\"https:\\\/\\\/www.strassenweb.de\\\/nachrichten\\\/#\\\/schema\\\/person\\\/87c9c9067f1211da429a744dc5a5aa41\"},\"headline\":\"Gemeinschaft pr\u00fcft Aufkauf eines Wiederverwilderungsgrundst\u00fccks in der N\u00e4he von Loch Ness\",\"datePublished\":\"2024-10-11T06:23:12+00:00\",\"mainEntityOfPage\":{\"@id\":\"https:\\\/\\\/www.strassenweb.de\\\/nachrichten\\\/gemeinschaft-prueft-aufkauf-eines-wiederverwilderungsgrundstuecks-in-der-naehe-von-loch-ness\\\/\"},\"wordCount\":583,\"publisher\":{\"@id\":\"https:\\\/\\\/www.strassenweb.de\\\/nachrichten\\\/#organization\"},\"image\":{\"@id\":\"https:\\\/\\\/www.strassenweb.de\\\/nachrichten\\\/gemeinschaft-prueft-aufkauf-eines-wiederverwilderungsgrundstuecks-in-der-naehe-von-loch-ness\\\/#primaryimage\"},\"thumbnailUrl\":\"https:\\\/\\\/www.strassenweb.de\\\/nachrichten\\\/wp-content\\\/uploads\\\/2024\\\/10\\\/Gemeinschaft-prueft-Aufkauf-eines-Wiederverwilderungsgrundstuecks-in-der-Naehe-von-Loch.jpg\",\"keywords\":[\"Aufkauf\",\"der\",\"eines\",\"Gemeinschaft\",\"Loch\",\"N\u00e4he\",\"Ness\",\"pr\u00fcft\",\"von\",\"Wiederverwilderungsgrundst\u00fccks\"],\"articleSection\":[\"\u00d6kologie\"],\"inLanguage\":\"de\"},{\"@type\":\"WebPage\",\"@id\":\"https:\\\/\\\/www.strassenweb.de\\\/nachrichten\\\/gemeinschaft-prueft-aufkauf-eines-wiederverwilderungsgrundstuecks-in-der-naehe-von-loch-ness\\\/\",\"url\":\"https:\\\/\\\/www.strassenweb.de\\\/nachrichten\\\/gemeinschaft-prueft-aufkauf-eines-wiederverwilderungsgrundstuecks-in-der-naehe-von-loch-ness\\\/\",\"name\":\"Gemeinschaft pr\u00fcft Aufkauf eines Wiederverwilderungsgrundst\u00fccks in der N\u00e4he von Loch Ness - Nachrichten - Stra\u00dfenweb\",\"isPartOf\":{\"@id\":\"https:\\\/\\\/www.strassenweb.de\\\/nachrichten\\\/#website\"},\"primaryImageOfPage\":{\"@id\":\"https:\\\/\\\/www.strassenweb.de\\\/nachrichten\\\/gemeinschaft-prueft-aufkauf-eines-wiederverwilderungsgrundstuecks-in-der-naehe-von-loch-ness\\\/#primaryimage\"},\"image\":{\"@id\":\"https:\\\/\\\/www.strassenweb.de\\\/nachrichten\\\/gemeinschaft-prueft-aufkauf-eines-wiederverwilderungsgrundstuecks-in-der-naehe-von-loch-ness\\\/#primaryimage\"},\"thumbnailUrl\":\"https:\\\/\\\/www.strassenweb.de\\\/nachrichten\\\/wp-content\\\/uploads\\\/2024\\\/10\\\/Gemeinschaft-prueft-Aufkauf-eines-Wiederverwilderungsgrundstuecks-in-der-Naehe-von-Loch.jpg\",\"datePublished\":\"2024-10-11T06:23:12+00:00\",\"breadcrumb\":{\"@id\":\"https:\\\/\\\/www.strassenweb.de\\\/nachrichten\\\/gemeinschaft-prueft-aufkauf-eines-wiederverwilderungsgrundstuecks-in-der-naehe-von-loch-ness\\\/#breadcrumb\"},\"inLanguage\":\"de\",\"potentialAction\":[{\"@type\":\"ReadAction\",\"target\":[\"https:\\\/\\\/www.strassenweb.de\\\/nachrichten\\\/gemeinschaft-prueft-aufkauf-eines-wiederverwilderungsgrundstuecks-in-der-naehe-von-loch-ness\\\/\"]}]},{\"@type\":\"ImageObject\",\"inLanguage\":\"de\",\"@id\":\"https:\\\/\\\/www.strassenweb.de\\\/nachrichten\\\/gemeinschaft-prueft-aufkauf-eines-wiederverwilderungsgrundstuecks-in-der-naehe-von-loch-ness\\\/#primaryimage\",\"url\":\"https:\\\/\\\/www.strassenweb.de\\\/nachrichten\\\/wp-content\\\/uploads\\\/2024\\\/10\\\/Gemeinschaft-prueft-Aufkauf-eines-Wiederverwilderungsgrundstuecks-in-der-Naehe-von-Loch.jpg\",\"contentUrl\":\"https:\\\/\\\/www.strassenweb.de\\\/nachrichten\\\/wp-content\\\/uploads\\\/2024\\\/10\\\/Gemeinschaft-prueft-Aufkauf-eines-Wiederverwilderungsgrundstuecks-in-der-Naehe-von-Loch.jpg\",\"width\":900,\"height\":600,\"caption\":\"Community to explore buyout of rewilding estate near Loch Ness\"},{\"@type\":\"BreadcrumbList\",\"@id\":\"https:\\\/\\\/www.strassenweb.de\\\/nachrichten\\\/gemeinschaft-prueft-aufkauf-eines-wiederverwilderungsgrundstuecks-in-der-naehe-von-loch-ness\\\/#breadcrumb\",\"itemListElement\":[{\"@type\":\"ListItem\",\"position\":1,\"name\":\"Home\",\"item\":\"https:\\\/\\\/www.strassenweb.de\\\/nachrichten\\\/\"},{\"@type\":\"ListItem\",\"position\":2,\"name\":\"Gemeinschaft pr\u00fcft Aufkauf eines Wiederverwilderungsgrundst\u00fccks in der N\u00e4he von Loch Ness\"}]},{\"@type\":\"WebSite\",\"@id\":\"https:\\\/\\\/www.strassenweb.de\\\/nachrichten\\\/#website\",\"url\":\"https:\\\/\\\/www.strassenweb.de\\\/nachrichten\\\/\",\"name\":\"Stra\u00dfenweb\",\"description\":\"Stra\u00dfenverzeichnis f\u00fcr Deutschland\",\"publisher\":{\"@id\":\"https:\\\/\\\/www.strassenweb.de\\\/nachrichten\\\/#organization\"},\"potentialAction\":[{\"@type\":\"SearchAction\",\"target\":{\"@type\":\"EntryPoint\",\"urlTemplate\":\"https:\\\/\\\/www.strassenweb.de\\\/nachrichten\\\/?s={search_term_string}\"},\"query-input\":{\"@type\":\"PropertyValueSpecification\",\"valueRequired\":true,\"valueName\":\"search_term_string\"}}],\"inLanguage\":\"de\"},{\"@type\":\"Organization\",\"@id\":\"https:\\\/\\\/www.strassenweb.de\\\/nachrichten\\\/#organization\",\"name\":\"Stra\u00dfenweb\",\"url\":\"https:\\\/\\\/www.strassenweb.de\\\/nachrichten\\\/\",\"logo\":{\"@type\":\"ImageObject\",\"inLanguage\":\"de\",\"@id\":\"https:\\\/\\\/www.strassenweb.de\\\/nachrichten\\\/#\\\/schema\\\/logo\\\/image\\\/\",\"url\":\"https:\\\/\\\/www.strassenweb.de\\\/nachrichten\\\/wp-content\\\/uploads\\\/2024\\\/09\\\/cropped-favicon.png\",\"contentUrl\":\"https:\\\/\\\/www.strassenweb.de\\\/nachrichten\\\/wp-content\\\/uploads\\\/2024\\\/09\\\/cropped-favicon.png\",\"width\":512,\"height\":512,\"caption\":\"Stra\u00dfenweb\"},\"image\":{\"@id\":\"https:\\\/\\\/www.strassenweb.de\\\/nachrichten\\\/#\\\/schema\\\/logo\\\/image\\\/\"},\"sameAs\":[\"https:\\\/\\\/www.facebook.com\\\/strassenweb\\\/\"]},{\"@type\":\"Person\",\"@id\":\"https:\\\/\\\/www.strassenweb.de\\\/nachrichten\\\/#\\\/schema\\\/person\\\/87c9c9067f1211da429a744dc5a5aa41\",\"name\":\"Robert Hoffmann\",\"image\":{\"@type\":\"ImageObject\",\"inLanguage\":\"de\",\"@id\":\"https:\\\/\\\/www.strassenweb.de\\\/nachrichten\\\/wp-content\\\/uploads\\\/2024\\\/09\\\/strassenweb-150x150.jpg\",\"url\":\"https:\\\/\\\/www.strassenweb.de\\\/nachrichten\\\/wp-content\\\/uploads\\\/2024\\\/09\\\/strassenweb-150x150.jpg\",\"contentUrl\":\"https:\\\/\\\/www.strassenweb.de\\\/nachrichten\\\/wp-content\\\/uploads\\\/2024\\\/09\\\/strassenweb-150x150.jpg\",\"caption\":\"Robert Hoffmann\"},\"description\":\"Ich hei\u00dfe Robert Hoffmann und ich bin ein leidenschaftlicher Verfechter von \u00d6kologie und Biodiversit\u00e4t. Seit meiner Kindheit in den W\u00e4ldern Bayerns f\u00fchle ich mich mit der Natur verbunden und bin entschlossen, sie zu sch\u00fctzen. Heute widme ich mein Leben der Sensibilisierung anderer f\u00fcr die Bedeutung des Umweltschutzes f\u00fcr zuk\u00fcnftige Generationen.\",\"sameAs\":[\"https:\\\/\\\/www.strassenweb.de\\\/\"]}]}<\/script>\n<!-- \/ Yoast SEO plugin. -->","yoast_head_json":{"title":"Gemeinschaft pr\u00fcft Aufkauf eines Wiederverwilderungsgrundst\u00fccks in der N\u00e4he von Loch Ness - Nachrichten - Stra\u00dfenweb","robots":{"index":"index","follow":"follow","max-snippet":"max-snippet:-1","max-image-preview":"max-image-preview:large","max-video-preview":"max-video-preview:-1"},"canonical":"https:\/\/www.strassenweb.de\/nachrichten\/gemeinschaft-prueft-aufkauf-eines-wiederverwilderungsgrundstuecks-in-der-naehe-von-loch-ness\/","og_locale":"de_DE","og_type":"article","og_title":"Gemeinschaft pr\u00fcft Aufkauf eines Wiederverwilderungsgrundst\u00fccks in der N\u00e4he von Loch Ness - Nachrichten - Stra\u00dfenweb","og_description":"Eine \u00f6rtliche Gemeinde in den Highlands hat zugestimmt, mit Unterst\u00fctzung der Wohlt\u00e4tigkeitsorganisation Trees for Life den Kauf eines Teils oder des gesamten 513 Hektar gro\u00dfen","og_url":"https:\/\/www.strassenweb.de\/nachrichten\/gemeinschaft-prueft-aufkauf-eines-wiederverwilderungsgrundstuecks-in-der-naehe-von-loch-ness\/","og_site_name":"Stra\u00dfenweb","article_publisher":"https:\/\/www.facebook.com\/strassenweb\/","article_published_time":"2024-10-11T06:23:12+00:00","og_image":[{"width":900,"height":600,"url":"https:\/\/www.strassenweb.de\/nachrichten\/wp-content\/uploads\/2024\/10\/Gemeinschaft-prueft-Aufkauf-eines-Wiederverwilderungsgrundstuecks-in-der-Naehe-von-Loch.jpg","type":"image\/jpeg"}],"author":"Robert Hoffmann","twitter_card":"summary_large_image","twitter_misc":{"Verfasst von":"Robert Hoffmann","Gesch\u00e4tzte Lesezeit":"3\u00a0Minuten"},"schema":{"@context":"https:\/\/schema.org","@graph":[{"@type":"Article","@id":"https:\/\/www.strassenweb.de\/nachrichten\/gemeinschaft-prueft-aufkauf-eines-wiederverwilderungsgrundstuecks-in-der-naehe-von-loch-ness\/#article","isPartOf":{"@id":"https:\/\/www.strassenweb.de\/nachrichten\/gemeinschaft-prueft-aufkauf-eines-wiederverwilderungsgrundstuecks-in-der-naehe-von-loch-ness\/"},"author":{"name":"Robert Hoffmann","@id":"https:\/\/www.strassenweb.de\/nachrichten\/#\/schema\/person\/87c9c9067f1211da429a744dc5a5aa41"},"headline":"Gemeinschaft pr\u00fcft Aufkauf eines Wiederverwilderungsgrundst\u00fccks in der N\u00e4he von Loch Ness","datePublished":"2024-10-11T06:23:12+00:00","mainEntityOfPage":{"@id":"https:\/\/www.strassenweb.de\/nachrichten\/gemeinschaft-prueft-aufkauf-eines-wiederverwilderungsgrundstuecks-in-der-naehe-von-loch-ness\/"},"wordCount":583,"publisher":{"@id":"https:\/\/www.strassenweb.de\/nachrichten\/#organization"},"image":{"@id":"https:\/\/www.strassenweb.de\/nachrichten\/gemeinschaft-prueft-aufkauf-eines-wiederverwilderungsgrundstuecks-in-der-naehe-von-loch-ness\/#primaryimage"},"thumbnailUrl":"https:\/\/www.strassenweb.de\/nachrichten\/wp-content\/uploads\/2024\/10\/Gemeinschaft-prueft-Aufkauf-eines-Wiederverwilderungsgrundstuecks-in-der-Naehe-von-Loch.jpg","keywords":["Aufkauf","der","eines","Gemeinschaft","Loch","N\u00e4he","Ness","pr\u00fcft","von","Wiederverwilderungsgrundst\u00fccks"],"articleSection":["\u00d6kologie"],"inLanguage":"de"},{"@type":"WebPage","@id":"https:\/\/www.strassenweb.de\/nachrichten\/gemeinschaft-prueft-aufkauf-eines-wiederverwilderungsgrundstuecks-in-der-naehe-von-loch-ness\/","url":"https:\/\/www.strassenweb.de\/nachrichten\/gemeinschaft-prueft-aufkauf-eines-wiederverwilderungsgrundstuecks-in-der-naehe-von-loch-ness\/","name":"Gemeinschaft pr\u00fcft Aufkauf eines Wiederverwilderungsgrundst\u00fccks in der N\u00e4he von Loch Ness - Nachrichten - Stra\u00dfenweb","isPartOf":{"@id":"https:\/\/www.strassenweb.de\/nachrichten\/#website"},"primaryImageOfPage":{"@id":"https:\/\/www.strassenweb.de\/nachrichten\/gemeinschaft-prueft-aufkauf-eines-wiederverwilderungsgrundstuecks-in-der-naehe-von-loch-ness\/#primaryimage"},"image":{"@id":"https:\/\/www.strassenweb.de\/nachrichten\/gemeinschaft-prueft-aufkauf-eines-wiederverwilderungsgrundstuecks-in-der-naehe-von-loch-ness\/#primaryimage"},"thumbnailUrl":"https:\/\/www.strassenweb.de\/nachrichten\/wp-content\/uploads\/2024\/10\/Gemeinschaft-prueft-Aufkauf-eines-Wiederverwilderungsgrundstuecks-in-der-Naehe-von-Loch.jpg","datePublished":"2024-10-11T06:23:12+00:00","breadcrumb":{"@id":"https:\/\/www.strassenweb.de\/nachrichten\/gemeinschaft-prueft-aufkauf-eines-wiederverwilderungsgrundstuecks-in-der-naehe-von-loch-ness\/#breadcrumb"},"inLanguage":"de","potentialAction":[{"@type":"ReadAction","target":["https:\/\/www.strassenweb.de\/nachrichten\/gemeinschaft-prueft-aufkauf-eines-wiederverwilderungsgrundstuecks-in-der-naehe-von-loch-ness\/"]}]},{"@type":"ImageObject","inLanguage":"de","@id":"https:\/\/www.strassenweb.de\/nachrichten\/gemeinschaft-prueft-aufkauf-eines-wiederverwilderungsgrundstuecks-in-der-naehe-von-loch-ness\/#primaryimage","url":"https:\/\/www.strassenweb.de\/nachrichten\/wp-content\/uploads\/2024\/10\/Gemeinschaft-prueft-Aufkauf-eines-Wiederverwilderungsgrundstuecks-in-der-Naehe-von-Loch.jpg","contentUrl":"https:\/\/www.strassenweb.de\/nachrichten\/wp-content\/uploads\/2024\/10\/Gemeinschaft-prueft-Aufkauf-eines-Wiederverwilderungsgrundstuecks-in-der-Naehe-von-Loch.jpg","width":900,"height":600,"caption":"Community to explore buyout of rewilding estate near Loch Ness"},{"@type":"BreadcrumbList","@id":"https:\/\/www.strassenweb.de\/nachrichten\/gemeinschaft-prueft-aufkauf-eines-wiederverwilderungsgrundstuecks-in-der-naehe-von-loch-ness\/#breadcrumb","itemListElement":[{"@type":"ListItem","position":1,"name":"Home","item":"https:\/\/www.strassenweb.de\/nachrichten\/"},{"@type":"ListItem","position":2,"name":"Gemeinschaft pr\u00fcft Aufkauf eines Wiederverwilderungsgrundst\u00fccks in der N\u00e4he von Loch Ness"}]},{"@type":"WebSite","@id":"https:\/\/www.strassenweb.de\/nachrichten\/#website","url":"https:\/\/www.strassenweb.de\/nachrichten\/","name":"Stra\u00dfenweb","description":"Stra\u00dfenverzeichnis f\u00fcr Deutschland","publisher":{"@id":"https:\/\/www.strassenweb.de\/nachrichten\/#organization"},"potentialAction":[{"@type":"SearchAction","target":{"@type":"EntryPoint","urlTemplate":"https:\/\/www.strassenweb.de\/nachrichten\/?s={search_term_string}"},"query-input":{"@type":"PropertyValueSpecification","valueRequired":true,"valueName":"search_term_string"}}],"inLanguage":"de"},{"@type":"Organization","@id":"https:\/\/www.strassenweb.de\/nachrichten\/#organization","name":"Stra\u00dfenweb","url":"https:\/\/www.strassenweb.de\/nachrichten\/","logo":{"@type":"ImageObject","inLanguage":"de","@id":"https:\/\/www.strassenweb.de\/nachrichten\/#\/schema\/logo\/image\/","url":"https:\/\/www.strassenweb.de\/nachrichten\/wp-content\/uploads\/2024\/09\/cropped-favicon.png","contentUrl":"https:\/\/www.strassenweb.de\/nachrichten\/wp-content\/uploads\/2024\/09\/cropped-favicon.png","width":512,"height":512,"caption":"Stra\u00dfenweb"},"image":{"@id":"https:\/\/www.strassenweb.de\/nachrichten\/#\/schema\/logo\/image\/"},"sameAs":["https:\/\/www.facebook.com\/strassenweb\/"]},{"@type":"Person","@id":"https:\/\/www.strassenweb.de\/nachrichten\/#\/schema\/person\/87c9c9067f1211da429a744dc5a5aa41","name":"Robert Hoffmann","image":{"@type":"ImageObject","inLanguage":"de","@id":"https:\/\/www.strassenweb.de\/nachrichten\/wp-content\/uploads\/2024\/09\/strassenweb-150x150.jpg","url":"https:\/\/www.strassenweb.de\/nachrichten\/wp-content\/uploads\/2024\/09\/strassenweb-150x150.jpg","contentUrl":"https:\/\/www.strassenweb.de\/nachrichten\/wp-content\/uploads\/2024\/09\/strassenweb-150x150.jpg","caption":"Robert Hoffmann"},"description":"Ich hei\u00dfe Robert Hoffmann und ich bin ein leidenschaftlicher Verfechter von \u00d6kologie und Biodiversit\u00e4t. Seit meiner Kindheit in den W\u00e4ldern Bayerns f\u00fchle ich mich mit der Natur verbunden und bin entschlossen, sie zu sch\u00fctzen. Heute widme ich mein Leben der Sensibilisierung anderer f\u00fcr die Bedeutung des Umweltschutzes f\u00fcr zuk\u00fcnftige Generationen.","sameAs":["https:\/\/www.strassenweb.de\/"]}]}},"_links":{"self":[{"href":"https:\/\/www.strassenweb.de\/nachrichten\/wp-json\/wp\/v2\/posts\/819","targetHints":{"allow":["GET"]}}],"collection":[{"href":"https:\/\/www.strassenweb.de\/nachrichten\/wp-json\/wp\/v2\/posts"}],"about":[{"href":"https:\/\/www.strassenweb.de\/nachrichten\/wp-json\/wp\/v2\/types\/post"}],"author":[{"embeddable":true,"href":"https:\/\/www.strassenweb.de\/nachrichten\/wp-json\/wp\/v2\/users\/1"}],"replies":[{"embeddable":true,"href":"https:\/\/www.strassenweb.de\/nachrichten\/wp-json\/wp\/v2\/comments?post=819"}],"version-history":[{"count":0,"href":"https:\/\/www.strassenweb.de\/nachrichten\/wp-json\/wp\/v2\/posts\/819\/revisions"}],"wp:featuredmedia":[{"embeddable":true,"href":"https:\/\/www.strassenweb.de\/nachrichten\/wp-json\/wp\/v2\/media\/820"}],"wp:attachment":[{"href":"https:\/\/www.strassenweb.de\/nachrichten\/wp-json\/wp\/v2\/media?parent=819"}],"wp:term":[{"taxonomy":"category","embeddable":true,"href":"https:\/\/www.strassenweb.de\/nachrichten\/wp-json\/wp\/v2\/categories?post=819"},{"taxonomy":"post_tag","embeddable":true,"href":"https:\/\/www.strassenweb.de\/nachrichten\/wp-json\/wp\/v2\/tags?post=819"}],"curies":[{"name":"wp","href":"https:\/\/api.w.org\/{rel}","templated":true}]}}