{"id":8170,"date":"2025-10-03T04:58:25","date_gmt":"2025-10-03T02:58:25","guid":{"rendered":"https:\/\/www.strassenweb.de\/nachrichten\/wenn-ich-mein-badezimmer-umgestalten-wuerde-wuerde-ich-diesen-vintage-raum-von-heidi-caillier-neu-erstellen-es-ist-das-perfekte-anti-trend-design-fuer-2026\/"},"modified":"2025-10-03T04:58:26","modified_gmt":"2025-10-03T02:58:26","slug":"wenn-ich-mein-badezimmer-umgestalten-wuerde-wuerde-ich-diesen-vintage-raum-von-heidi-caillier-neu-erstellen-es-ist-das-perfekte-anti-trend-design-fuer-2026","status":"publish","type":"post","link":"https:\/\/www.strassenweb.de\/nachrichten\/wenn-ich-mein-badezimmer-umgestalten-wuerde-wuerde-ich-diesen-vintage-raum-von-heidi-caillier-neu-erstellen-es-ist-das-perfekte-anti-trend-design-fuer-2026\/","title":{"rendered":"Wenn ich mein Badezimmer umgestalten w\u00fcrde, w\u00fcrde ich diesen Vintage-Raum von Heidi Caillier neu erstellen-es ist das perfekte Anti-Trend-Design f\u00fcr 2026"},"content":{"rendered":"<p><\/p>\n<div id=\"article-body\" class=\"article__body \">\n<p id=\"c8273521-0197-407a-95c6-094aaae4eaef\">Es ist nicht oft, dass ich ein Badezimmer sehe, das mich auf meinen Spuren h\u00e4lt, aber der Innenarchitektin Heidi Caillier hat gerade ein Projekt geteilt, das mich total beeindruckt hat. Der Raum ist das Gegenteil von fl\u00fcchtigen Trends-das Vintage-Badezimmer umfasst zeitlose Design, einzigartige Details und einzigartige Funde. Es ist mit unerwarteten Farben, auff\u00e4lligen Kontrast und einer W\u00e4rme gef\u00fcllt, die Sie zum Verweilen einl\u00e4dt.<\/p>\n<div id=\"ad-unit-1\" class=\"ad-unit\"><\/div>\n<p>Und es gibt so viele Details zu entdecken. Hier finden Sie alles, was Sie \u00fcber das Design wissen m\u00fcssen, und wie Sie es in Ihrem eigenen Raum nachbilden k\u00f6nnen.<\/p>\n<div class=\"instagram-embed\" id=\"DPLzQ-3kcaw\">\n<blockquote class=\"instagram-media\" data-instgrm-captioned data-instgrm-version=\"6\" style=\"width:99.375%; width:-webkit-calc(100% - 2px); width:calc(100% - 2px);\">\n<p>Ein Beitrag, der von Heidi Caillier Design (@heidicaillierdesign) geteilt wird<\/p>\n<p>Ein Foto von on <\/p>\n<\/blockquote>\n<\/div>\n<aside data-block-type=\"embed\" data-render-type=\"fte\" data-skip=\"dealsy\" data-widget-type=\"seasonal\" class=\"hawk-root\"><\/aside>\n<p id=\"b23b74a3-c0f7-4b57-aea5-0fcc9d56a472-0\">Wenn Sie sich dieses auff\u00e4llige Badezimmer -Design umsehen, gibt es keine einzige Funktion, die neu aussieht &#8211; und das schafft eine so erfolgreiche, alte \u00c4sthetik. Es k\u00f6nnte sich um ein kleines Badezimmer handeln, aber es hat maximale Auswirkungen.<\/p>\n<div class=\"van_vid_carousel\">\n<div class=\"van_vid_carousel__padding\">\n<div class=\"van_vid_carousel__container\"><\/div>\n<\/div>\n<\/div>\n<p>Und es ist alles zu den sorgf\u00e4ltig kuratierten Designfunktionen zu verdanken, die sich nahtlos zusammenf\u00fcgen. Trotzdem ist mit Anh\u00e4ngern so gut und der sch\u00f6ne blaue Farbton, der auf die W\u00e4nde angewendet wurde, nicht gesunken.<\/p>\n<div id=\"ad-unit-2\" class=\"ad-unit\"><\/div>\n<p>Es ist das erste, was Ihre Aufmerksamkeit auf sich zieht, und das strukturierte, blaue Finish gibt wirklich den Ton f\u00fcr den gesamten Raum an, der sich mit der gl\u00e4nzenden wei\u00dfen Decke gegen\u00fcberstellt. &#8222;Diese Farbpalette ist alles&#8220;, schreibt ein Nachfolger, w\u00e4hrend ein anderer feststellt, &#8222;Der Kontrast der Farbe hier ist so gut gemacht.&#8220;<\/p>\n<p>Die Farbe mag auff\u00e4llig sein, aber es sind die Vorrichtungen und M\u00f6bel, die das Vintage -Look zum Leben erwecken. Das in verzierte Details geschm\u00fcckte Gusseisen-Klauenfu\u00dfbad ist ein auff\u00e4lliges St\u00fcck, das dem Schema jahrhundertealte Tradition verleiht.<\/p>\n<p>Das Badezimmer-Waschtisch f\u00fchlt sich auch wie etwas an, das Sie in einem Pariser Antiquit\u00e4tengesch\u00e4ft finden w\u00fcrden-Heidi hat sich daf\u00fcr entschieden, eine mit Marmor gekr\u00f6nte Holzst\u00e4nder im h\u00f6lzernen, und dennoch v\u00f6llig klassischen Look, die im \u00dcberfluss einen Charakter verleiht.<\/p>\n<div id=\"slice-container-newsletterForm-articleInbodyContent-E3eAfSrxkDikBhN6zJLXaL\" class=\"slice-container newsletter-inbodyContent-slice newsletterForm-articleInbodyContent-E3eAfSrxkDikBhN6zJLXaL slice-container-newsletterForm\"><\/div>\n<p>Sie hat es sogar geschafft, neue Eitelkeitsspiegel und Beleuchtung zu finden, die gealtert und alt aussehen, mit Schilfglas, Messingbeanspruchungen und dekorativen Details auf dem Spiegel. Es ist wirklich eine Lektion, alt und neu zu mischen, um den charmantesten Raum zu schaffen.<\/p>\n<p>Um diesen antiken Look beizubehalten, hat sie eine fast versteckte Dusche geschaffen &#8211; eine geniale Bewegung, die es ihr erm\u00f6glicht hat, unerwartete Designelemente hinzuzuf\u00fcgen. Sie hat eine extra-Narrow-Glas-T\u00fcr in die Duschhals hinzugef\u00fcgt, die einen Einblick in den marmorgetr\u00e4nkten Raum bietet.<\/p>\n<p>Aber was hier wirklich f\u00e4llt, ist der Badezimmerteppich. Das unerwartete Rot ist ein willkommener Kontrast zu den stimmungsvollen Blues und reichhaltigen Holzt\u00f6nen im Raum. Es bringt Muster, Interesse und eine weitere Schicht Vintage -Stil ins Badezimmer. Es ist eine einfache M\u00f6glichkeit, ein ansonsten funktionales Element des Raumes zu erh\u00f6hen.<\/p>\n<h2 id=\"shop-the-look-3\">Kaufen Sie den Look ein<\/h2>\n<p id=\"7fe0552a-03bb-4cea-9fd8-cf8b33d0e356\">Es gibt so viele sch\u00f6ne Elemente in diesem Badezimmer. Selbst wenn Sie keinen Umbau planen, k\u00f6nnen Sie den Look immer noch auf kleine Weise nachbilden (ich habe meinem Wagen sofort ein \u00e4hnliches Wandlicht und einen \u00e4hnlichen Teppich hinzugef\u00fcgt). Hier sind einige Artikel, die das Vintage -Flair anbieten, das dieses Schema ausstrahlt.<\/p>\n<div class=\"product-container hero-product-container product-block-no-wrap\">\n<div class=\"product-block-row\"><\/div>\n<div class=\"product-block-row\"><\/div>\n<div class=\"product-block-row\"><\/div>\n<div class=\"product-block-row\"><\/div>\n<div class=\"product-block-row\"><\/div>\n<div class=\"product-block-row\"><\/div>\n<\/div>\n<hr id=\"e360ec59-880b-4c92-8787-e91916a42805\">\n<p id=\"bd185438-2a78-44a3-846e-ec0bf3f500fd\">Spa-\u00e4hnliche Badezimmer sind vielleicht der Trend, ein Comeback zu feiern, aber f\u00fcr mich ist dieser Raum im Vintage-Stil der Inbegriff zeitloser, charaktervoller Designs. Es ist eine Lektion bei der Gestaltung eines Badezimmers, das den Test der Zeit besteht &#8211; vertrauen Sie mir, dieses Badezimmer wird sich in den kommenden Jahrzehnten immer noch genauso inspirierend f\u00fchlen.<\/p>\n<\/div>\n<p><script async src=\"\/\/www.instagram.com\/embed.js\"><\/script><\/p>\n","protected":false},"excerpt":{"rendered":"<p>Es ist nicht oft, dass ich ein Badezimmer sehe, das mich auf meinen Spuren h\u00e4lt, aber der Innenarchitektin Heidi Caillier hat gerade ein Projekt geteilt,<\/p>\n","protected":false},"author":1,"featured_media":8171,"comment_status":"closed","ping_status":"","sticky":false,"template":"","format":"standard","meta":{"footnotes":""},"categories":[118],"tags":[10520,2411,10518,112,208,10519,55,10517,129,15,778,191,2188,4491,10516,21,1076,1529],"class_list":["post-8170","post","type-post","status-publish","format-standard","has-post-thumbnail","hentry","category-haus-garten","tag-antitrenddesign","tag-badezimmer","tag-caillier","tag-das","tag-diesen","tag-erstellenes","tag-fuer","tag-heidi","tag-ich","tag-ist","tag-mein","tag-neu","tag-perfekte","tag-umgestalten","tag-vintageraum","tag-von","tag-wenn","tag-wuerde","generate-columns","tablet-grid-50","mobile-grid-100","grid-parent","grid-50"],"yoast_head":"<!-- This site is optimized with the Yoast SEO plugin v27.3 - https:\/\/yoast.com\/product\/yoast-seo-wordpress\/ -->\n<title>Wenn ich mein Badezimmer umgestalten w\u00fcrde, w\u00fcrde ich diesen Vintage-Raum von Heidi Caillier neu erstellen-es ist das perfekte Anti-Trend-Design f\u00fcr 2026 - Nachrichten - Stra\u00dfenweb<\/title>\n<meta name=\"robots\" content=\"index, follow, max-snippet:-1, max-image-preview:large, max-video-preview:-1\" \/>\n<link rel=\"canonical\" href=\"https:\/\/www.strassenweb.de\/nachrichten\/wenn-ich-mein-badezimmer-umgestalten-wuerde-wuerde-ich-diesen-vintage-raum-von-heidi-caillier-neu-erstellen-es-ist-das-perfekte-anti-trend-design-fuer-2026\/\" \/>\n<meta property=\"og:locale\" content=\"de_DE\" \/>\n<meta property=\"og:type\" content=\"article\" \/>\n<meta property=\"og:title\" content=\"Wenn ich mein Badezimmer umgestalten w\u00fcrde, w\u00fcrde ich diesen Vintage-Raum von Heidi Caillier neu erstellen-es ist das perfekte Anti-Trend-Design f\u00fcr 2026 - Nachrichten - Stra\u00dfenweb\" \/>\n<meta property=\"og:description\" content=\"Es ist nicht oft, dass ich ein Badezimmer sehe, das mich auf meinen Spuren h\u00e4lt, aber der Innenarchitektin Heidi Caillier hat gerade ein Projekt geteilt,\" \/>\n<meta property=\"og:url\" content=\"https:\/\/www.strassenweb.de\/nachrichten\/wenn-ich-mein-badezimmer-umgestalten-wuerde-wuerde-ich-diesen-vintage-raum-von-heidi-caillier-neu-erstellen-es-ist-das-perfekte-anti-trend-design-fuer-2026\/\" \/>\n<meta property=\"og:site_name\" content=\"Stra\u00dfenweb\" \/>\n<meta property=\"article:publisher\" content=\"https:\/\/www.facebook.com\/strassenweb\/\" \/>\n<meta property=\"article:published_time\" content=\"2025-10-03T02:58:25+00:00\" \/>\n<meta property=\"article:modified_time\" content=\"2025-10-03T02:58:26+00:00\" \/>\n<meta property=\"og:image\" content=\"https:\/\/www.strassenweb.de\/nachrichten\/wp-content\/uploads\/2025\/10\/Wenn-ich-mein-Badezimmer-umgestalten-wuerde-wuerde-ich-diesen-Vintage-Raum.jpg\" \/>\n\t<meta property=\"og:image:width\" content=\"1600\" \/>\n\t<meta property=\"og:image:height\" content=\"900\" \/>\n\t<meta property=\"og:image:type\" content=\"image\/jpeg\" \/>\n<meta name=\"author\" content=\"Robert Hoffmann\" \/>\n<meta name=\"twitter:card\" content=\"summary_large_image\" \/>\n<meta name=\"twitter:label1\" content=\"Verfasst von\" \/>\n\t<meta name=\"twitter:data1\" content=\"Robert Hoffmann\" \/>\n\t<meta name=\"twitter:label2\" content=\"Gesch\u00e4tzte Lesezeit\" \/>\n\t<meta name=\"twitter:data2\" content=\"3\u00a0Minuten\" \/>\n<script type=\"application\/ld+json\" class=\"yoast-schema-graph\">{\"@context\":\"https:\\\/\\\/schema.org\",\"@graph\":[{\"@type\":\"Article\",\"@id\":\"https:\\\/\\\/www.strassenweb.de\\\/nachrichten\\\/wenn-ich-mein-badezimmer-umgestalten-wuerde-wuerde-ich-diesen-vintage-raum-von-heidi-caillier-neu-erstellen-es-ist-das-perfekte-anti-trend-design-fuer-2026\\\/#article\",\"isPartOf\":{\"@id\":\"https:\\\/\\\/www.strassenweb.de\\\/nachrichten\\\/wenn-ich-mein-badezimmer-umgestalten-wuerde-wuerde-ich-diesen-vintage-raum-von-heidi-caillier-neu-erstellen-es-ist-das-perfekte-anti-trend-design-fuer-2026\\\/\"},\"author\":{\"name\":\"Robert Hoffmann\",\"@id\":\"https:\\\/\\\/www.strassenweb.de\\\/nachrichten\\\/#\\\/schema\\\/person\\\/87c9c9067f1211da429a744dc5a5aa41\"},\"headline\":\"Wenn ich mein Badezimmer umgestalten w\u00fcrde, w\u00fcrde ich diesen Vintage-Raum von Heidi Caillier neu erstellen-es ist das perfekte Anti-Trend-Design f\u00fcr 2026\",\"datePublished\":\"2025-10-03T02:58:25+00:00\",\"dateModified\":\"2025-10-03T02:58:26+00:00\",\"mainEntityOfPage\":{\"@id\":\"https:\\\/\\\/www.strassenweb.de\\\/nachrichten\\\/wenn-ich-mein-badezimmer-umgestalten-wuerde-wuerde-ich-diesen-vintage-raum-von-heidi-caillier-neu-erstellen-es-ist-das-perfekte-anti-trend-design-fuer-2026\\\/\"},\"wordCount\":617,\"publisher\":{\"@id\":\"https:\\\/\\\/www.strassenweb.de\\\/nachrichten\\\/#organization\"},\"image\":{\"@id\":\"https:\\\/\\\/www.strassenweb.de\\\/nachrichten\\\/wenn-ich-mein-badezimmer-umgestalten-wuerde-wuerde-ich-diesen-vintage-raum-von-heidi-caillier-neu-erstellen-es-ist-das-perfekte-anti-trend-design-fuer-2026\\\/#primaryimage\"},\"thumbnailUrl\":\"https:\\\/\\\/www.strassenweb.de\\\/nachrichten\\\/wp-content\\\/uploads\\\/2025\\\/10\\\/Wenn-ich-mein-Badezimmer-umgestalten-wuerde-wuerde-ich-diesen-Vintage-Raum.jpg\",\"keywords\":[\"AntiTrendDesign\",\"Badezimmer\",\"Caillier\",\"das\",\"diesen\",\"erstellenes\",\"f\u00fcr\",\"Heidi\",\"ich\",\"ist\",\"mein\",\"neu\",\"perfekte\",\"umgestalten\",\"VintageRaum\",\"von\",\"wenn\",\"w\u00fcrde\"],\"articleSection\":[\"Haus &amp; Garten\"],\"inLanguage\":\"de\"},{\"@type\":\"WebPage\",\"@id\":\"https:\\\/\\\/www.strassenweb.de\\\/nachrichten\\\/wenn-ich-mein-badezimmer-umgestalten-wuerde-wuerde-ich-diesen-vintage-raum-von-heidi-caillier-neu-erstellen-es-ist-das-perfekte-anti-trend-design-fuer-2026\\\/\",\"url\":\"https:\\\/\\\/www.strassenweb.de\\\/nachrichten\\\/wenn-ich-mein-badezimmer-umgestalten-wuerde-wuerde-ich-diesen-vintage-raum-von-heidi-caillier-neu-erstellen-es-ist-das-perfekte-anti-trend-design-fuer-2026\\\/\",\"name\":\"Wenn ich mein Badezimmer umgestalten w\u00fcrde, w\u00fcrde ich diesen Vintage-Raum von Heidi Caillier neu erstellen-es ist das perfekte Anti-Trend-Design f\u00fcr 2026 - Nachrichten - Stra\u00dfenweb\",\"isPartOf\":{\"@id\":\"https:\\\/\\\/www.strassenweb.de\\\/nachrichten\\\/#website\"},\"primaryImageOfPage\":{\"@id\":\"https:\\\/\\\/www.strassenweb.de\\\/nachrichten\\\/wenn-ich-mein-badezimmer-umgestalten-wuerde-wuerde-ich-diesen-vintage-raum-von-heidi-caillier-neu-erstellen-es-ist-das-perfekte-anti-trend-design-fuer-2026\\\/#primaryimage\"},\"image\":{\"@id\":\"https:\\\/\\\/www.strassenweb.de\\\/nachrichten\\\/wenn-ich-mein-badezimmer-umgestalten-wuerde-wuerde-ich-diesen-vintage-raum-von-heidi-caillier-neu-erstellen-es-ist-das-perfekte-anti-trend-design-fuer-2026\\\/#primaryimage\"},\"thumbnailUrl\":\"https:\\\/\\\/www.strassenweb.de\\\/nachrichten\\\/wp-content\\\/uploads\\\/2025\\\/10\\\/Wenn-ich-mein-Badezimmer-umgestalten-wuerde-wuerde-ich-diesen-Vintage-Raum.jpg\",\"datePublished\":\"2025-10-03T02:58:25+00:00\",\"dateModified\":\"2025-10-03T02:58:26+00:00\",\"breadcrumb\":{\"@id\":\"https:\\\/\\\/www.strassenweb.de\\\/nachrichten\\\/wenn-ich-mein-badezimmer-umgestalten-wuerde-wuerde-ich-diesen-vintage-raum-von-heidi-caillier-neu-erstellen-es-ist-das-perfekte-anti-trend-design-fuer-2026\\\/#breadcrumb\"},\"inLanguage\":\"de\",\"potentialAction\":[{\"@type\":\"ReadAction\",\"target\":[\"https:\\\/\\\/www.strassenweb.de\\\/nachrichten\\\/wenn-ich-mein-badezimmer-umgestalten-wuerde-wuerde-ich-diesen-vintage-raum-von-heidi-caillier-neu-erstellen-es-ist-das-perfekte-anti-trend-design-fuer-2026\\\/\"]}]},{\"@type\":\"ImageObject\",\"inLanguage\":\"de\",\"@id\":\"https:\\\/\\\/www.strassenweb.de\\\/nachrichten\\\/wenn-ich-mein-badezimmer-umgestalten-wuerde-wuerde-ich-diesen-vintage-raum-von-heidi-caillier-neu-erstellen-es-ist-das-perfekte-anti-trend-design-fuer-2026\\\/#primaryimage\",\"url\":\"https:\\\/\\\/www.strassenweb.de\\\/nachrichten\\\/wp-content\\\/uploads\\\/2025\\\/10\\\/Wenn-ich-mein-Badezimmer-umgestalten-wuerde-wuerde-ich-diesen-Vintage-Raum.jpg\",\"contentUrl\":\"https:\\\/\\\/www.strassenweb.de\\\/nachrichten\\\/wp-content\\\/uploads\\\/2025\\\/10\\\/Wenn-ich-mein-Badezimmer-umgestalten-wuerde-wuerde-ich-diesen-Vintage-Raum.jpg\",\"width\":1600,\"height\":900,\"caption\":\"Heidi Caillier\"},{\"@type\":\"BreadcrumbList\",\"@id\":\"https:\\\/\\\/www.strassenweb.de\\\/nachrichten\\\/wenn-ich-mein-badezimmer-umgestalten-wuerde-wuerde-ich-diesen-vintage-raum-von-heidi-caillier-neu-erstellen-es-ist-das-perfekte-anti-trend-design-fuer-2026\\\/#breadcrumb\",\"itemListElement\":[{\"@type\":\"ListItem\",\"position\":1,\"name\":\"Home\",\"item\":\"https:\\\/\\\/www.strassenweb.de\\\/nachrichten\\\/\"},{\"@type\":\"ListItem\",\"position\":2,\"name\":\"Wenn ich mein Badezimmer umgestalten w\u00fcrde, w\u00fcrde ich diesen Vintage-Raum von Heidi Caillier neu erstellen-es ist das perfekte Anti-Trend-Design f\u00fcr 2026\"}]},{\"@type\":\"WebSite\",\"@id\":\"https:\\\/\\\/www.strassenweb.de\\\/nachrichten\\\/#website\",\"url\":\"https:\\\/\\\/www.strassenweb.de\\\/nachrichten\\\/\",\"name\":\"Stra\u00dfenweb\",\"description\":\"Stra\u00dfenverzeichnis f\u00fcr Deutschland\",\"publisher\":{\"@id\":\"https:\\\/\\\/www.strassenweb.de\\\/nachrichten\\\/#organization\"},\"potentialAction\":[{\"@type\":\"SearchAction\",\"target\":{\"@type\":\"EntryPoint\",\"urlTemplate\":\"https:\\\/\\\/www.strassenweb.de\\\/nachrichten\\\/?s={search_term_string}\"},\"query-input\":{\"@type\":\"PropertyValueSpecification\",\"valueRequired\":true,\"valueName\":\"search_term_string\"}}],\"inLanguage\":\"de\"},{\"@type\":\"Organization\",\"@id\":\"https:\\\/\\\/www.strassenweb.de\\\/nachrichten\\\/#organization\",\"name\":\"Stra\u00dfenweb\",\"url\":\"https:\\\/\\\/www.strassenweb.de\\\/nachrichten\\\/\",\"logo\":{\"@type\":\"ImageObject\",\"inLanguage\":\"de\",\"@id\":\"https:\\\/\\\/www.strassenweb.de\\\/nachrichten\\\/#\\\/schema\\\/logo\\\/image\\\/\",\"url\":\"https:\\\/\\\/www.strassenweb.de\\\/nachrichten\\\/wp-content\\\/uploads\\\/2024\\\/09\\\/cropped-favicon.png\",\"contentUrl\":\"https:\\\/\\\/www.strassenweb.de\\\/nachrichten\\\/wp-content\\\/uploads\\\/2024\\\/09\\\/cropped-favicon.png\",\"width\":512,\"height\":512,\"caption\":\"Stra\u00dfenweb\"},\"image\":{\"@id\":\"https:\\\/\\\/www.strassenweb.de\\\/nachrichten\\\/#\\\/schema\\\/logo\\\/image\\\/\"},\"sameAs\":[\"https:\\\/\\\/www.facebook.com\\\/strassenweb\\\/\"]},{\"@type\":\"Person\",\"@id\":\"https:\\\/\\\/www.strassenweb.de\\\/nachrichten\\\/#\\\/schema\\\/person\\\/87c9c9067f1211da429a744dc5a5aa41\",\"name\":\"Robert Hoffmann\",\"image\":{\"@type\":\"ImageObject\",\"inLanguage\":\"de\",\"@id\":\"https:\\\/\\\/www.strassenweb.de\\\/nachrichten\\\/wp-content\\\/uploads\\\/2024\\\/09\\\/strassenweb-150x150.jpg\",\"url\":\"https:\\\/\\\/www.strassenweb.de\\\/nachrichten\\\/wp-content\\\/uploads\\\/2024\\\/09\\\/strassenweb-150x150.jpg\",\"contentUrl\":\"https:\\\/\\\/www.strassenweb.de\\\/nachrichten\\\/wp-content\\\/uploads\\\/2024\\\/09\\\/strassenweb-150x150.jpg\",\"caption\":\"Robert Hoffmann\"},\"description\":\"Ich hei\u00dfe Robert Hoffmann und ich bin ein leidenschaftlicher Verfechter von \u00d6kologie und Biodiversit\u00e4t. Seit meiner Kindheit in den W\u00e4ldern Bayerns f\u00fchle ich mich mit der Natur verbunden und bin entschlossen, sie zu sch\u00fctzen. Heute widme ich mein Leben der Sensibilisierung anderer f\u00fcr die Bedeutung des Umweltschutzes f\u00fcr zuk\u00fcnftige Generationen.\",\"sameAs\":[\"https:\\\/\\\/www.strassenweb.de\\\/\"]}]}<\/script>\n<!-- \/ Yoast SEO plugin. -->","yoast_head_json":{"title":"Wenn ich mein Badezimmer umgestalten w\u00fcrde, w\u00fcrde ich diesen Vintage-Raum von Heidi Caillier neu erstellen-es ist das perfekte Anti-Trend-Design f\u00fcr 2026 - Nachrichten - Stra\u00dfenweb","robots":{"index":"index","follow":"follow","max-snippet":"max-snippet:-1","max-image-preview":"max-image-preview:large","max-video-preview":"max-video-preview:-1"},"canonical":"https:\/\/www.strassenweb.de\/nachrichten\/wenn-ich-mein-badezimmer-umgestalten-wuerde-wuerde-ich-diesen-vintage-raum-von-heidi-caillier-neu-erstellen-es-ist-das-perfekte-anti-trend-design-fuer-2026\/","og_locale":"de_DE","og_type":"article","og_title":"Wenn ich mein Badezimmer umgestalten w\u00fcrde, w\u00fcrde ich diesen Vintage-Raum von Heidi Caillier neu erstellen-es ist das perfekte Anti-Trend-Design f\u00fcr 2026 - Nachrichten - Stra\u00dfenweb","og_description":"Es ist nicht oft, dass ich ein Badezimmer sehe, das mich auf meinen Spuren h\u00e4lt, aber der Innenarchitektin Heidi Caillier hat gerade ein Projekt geteilt,","og_url":"https:\/\/www.strassenweb.de\/nachrichten\/wenn-ich-mein-badezimmer-umgestalten-wuerde-wuerde-ich-diesen-vintage-raum-von-heidi-caillier-neu-erstellen-es-ist-das-perfekte-anti-trend-design-fuer-2026\/","og_site_name":"Stra\u00dfenweb","article_publisher":"https:\/\/www.facebook.com\/strassenweb\/","article_published_time":"2025-10-03T02:58:25+00:00","article_modified_time":"2025-10-03T02:58:26+00:00","og_image":[{"width":1600,"height":900,"url":"https:\/\/www.strassenweb.de\/nachrichten\/wp-content\/uploads\/2025\/10\/Wenn-ich-mein-Badezimmer-umgestalten-wuerde-wuerde-ich-diesen-Vintage-Raum.jpg","type":"image\/jpeg"}],"author":"Robert Hoffmann","twitter_card":"summary_large_image","twitter_misc":{"Verfasst von":"Robert Hoffmann","Gesch\u00e4tzte Lesezeit":"3\u00a0Minuten"},"schema":{"@context":"https:\/\/schema.org","@graph":[{"@type":"Article","@id":"https:\/\/www.strassenweb.de\/nachrichten\/wenn-ich-mein-badezimmer-umgestalten-wuerde-wuerde-ich-diesen-vintage-raum-von-heidi-caillier-neu-erstellen-es-ist-das-perfekte-anti-trend-design-fuer-2026\/#article","isPartOf":{"@id":"https:\/\/www.strassenweb.de\/nachrichten\/wenn-ich-mein-badezimmer-umgestalten-wuerde-wuerde-ich-diesen-vintage-raum-von-heidi-caillier-neu-erstellen-es-ist-das-perfekte-anti-trend-design-fuer-2026\/"},"author":{"name":"Robert Hoffmann","@id":"https:\/\/www.strassenweb.de\/nachrichten\/#\/schema\/person\/87c9c9067f1211da429a744dc5a5aa41"},"headline":"Wenn ich mein Badezimmer umgestalten w\u00fcrde, w\u00fcrde ich diesen Vintage-Raum von Heidi Caillier neu erstellen-es ist das perfekte Anti-Trend-Design f\u00fcr 2026","datePublished":"2025-10-03T02:58:25+00:00","dateModified":"2025-10-03T02:58:26+00:00","mainEntityOfPage":{"@id":"https:\/\/www.strassenweb.de\/nachrichten\/wenn-ich-mein-badezimmer-umgestalten-wuerde-wuerde-ich-diesen-vintage-raum-von-heidi-caillier-neu-erstellen-es-ist-das-perfekte-anti-trend-design-fuer-2026\/"},"wordCount":617,"publisher":{"@id":"https:\/\/www.strassenweb.de\/nachrichten\/#organization"},"image":{"@id":"https:\/\/www.strassenweb.de\/nachrichten\/wenn-ich-mein-badezimmer-umgestalten-wuerde-wuerde-ich-diesen-vintage-raum-von-heidi-caillier-neu-erstellen-es-ist-das-perfekte-anti-trend-design-fuer-2026\/#primaryimage"},"thumbnailUrl":"https:\/\/www.strassenweb.de\/nachrichten\/wp-content\/uploads\/2025\/10\/Wenn-ich-mein-Badezimmer-umgestalten-wuerde-wuerde-ich-diesen-Vintage-Raum.jpg","keywords":["AntiTrendDesign","Badezimmer","Caillier","das","diesen","erstellenes","f\u00fcr","Heidi","ich","ist","mein","neu","perfekte","umgestalten","VintageRaum","von","wenn","w\u00fcrde"],"articleSection":["Haus &amp; Garten"],"inLanguage":"de"},{"@type":"WebPage","@id":"https:\/\/www.strassenweb.de\/nachrichten\/wenn-ich-mein-badezimmer-umgestalten-wuerde-wuerde-ich-diesen-vintage-raum-von-heidi-caillier-neu-erstellen-es-ist-das-perfekte-anti-trend-design-fuer-2026\/","url":"https:\/\/www.strassenweb.de\/nachrichten\/wenn-ich-mein-badezimmer-umgestalten-wuerde-wuerde-ich-diesen-vintage-raum-von-heidi-caillier-neu-erstellen-es-ist-das-perfekte-anti-trend-design-fuer-2026\/","name":"Wenn ich mein Badezimmer umgestalten w\u00fcrde, w\u00fcrde ich diesen Vintage-Raum von Heidi Caillier neu erstellen-es ist das perfekte Anti-Trend-Design f\u00fcr 2026 - Nachrichten - Stra\u00dfenweb","isPartOf":{"@id":"https:\/\/www.strassenweb.de\/nachrichten\/#website"},"primaryImageOfPage":{"@id":"https:\/\/www.strassenweb.de\/nachrichten\/wenn-ich-mein-badezimmer-umgestalten-wuerde-wuerde-ich-diesen-vintage-raum-von-heidi-caillier-neu-erstellen-es-ist-das-perfekte-anti-trend-design-fuer-2026\/#primaryimage"},"image":{"@id":"https:\/\/www.strassenweb.de\/nachrichten\/wenn-ich-mein-badezimmer-umgestalten-wuerde-wuerde-ich-diesen-vintage-raum-von-heidi-caillier-neu-erstellen-es-ist-das-perfekte-anti-trend-design-fuer-2026\/#primaryimage"},"thumbnailUrl":"https:\/\/www.strassenweb.de\/nachrichten\/wp-content\/uploads\/2025\/10\/Wenn-ich-mein-Badezimmer-umgestalten-wuerde-wuerde-ich-diesen-Vintage-Raum.jpg","datePublished":"2025-10-03T02:58:25+00:00","dateModified":"2025-10-03T02:58:26+00:00","breadcrumb":{"@id":"https:\/\/www.strassenweb.de\/nachrichten\/wenn-ich-mein-badezimmer-umgestalten-wuerde-wuerde-ich-diesen-vintage-raum-von-heidi-caillier-neu-erstellen-es-ist-das-perfekte-anti-trend-design-fuer-2026\/#breadcrumb"},"inLanguage":"de","potentialAction":[{"@type":"ReadAction","target":["https:\/\/www.strassenweb.de\/nachrichten\/wenn-ich-mein-badezimmer-umgestalten-wuerde-wuerde-ich-diesen-vintage-raum-von-heidi-caillier-neu-erstellen-es-ist-das-perfekte-anti-trend-design-fuer-2026\/"]}]},{"@type":"ImageObject","inLanguage":"de","@id":"https:\/\/www.strassenweb.de\/nachrichten\/wenn-ich-mein-badezimmer-umgestalten-wuerde-wuerde-ich-diesen-vintage-raum-von-heidi-caillier-neu-erstellen-es-ist-das-perfekte-anti-trend-design-fuer-2026\/#primaryimage","url":"https:\/\/www.strassenweb.de\/nachrichten\/wp-content\/uploads\/2025\/10\/Wenn-ich-mein-Badezimmer-umgestalten-wuerde-wuerde-ich-diesen-Vintage-Raum.jpg","contentUrl":"https:\/\/www.strassenweb.de\/nachrichten\/wp-content\/uploads\/2025\/10\/Wenn-ich-mein-Badezimmer-umgestalten-wuerde-wuerde-ich-diesen-Vintage-Raum.jpg","width":1600,"height":900,"caption":"Heidi Caillier"},{"@type":"BreadcrumbList","@id":"https:\/\/www.strassenweb.de\/nachrichten\/wenn-ich-mein-badezimmer-umgestalten-wuerde-wuerde-ich-diesen-vintage-raum-von-heidi-caillier-neu-erstellen-es-ist-das-perfekte-anti-trend-design-fuer-2026\/#breadcrumb","itemListElement":[{"@type":"ListItem","position":1,"name":"Home","item":"https:\/\/www.strassenweb.de\/nachrichten\/"},{"@type":"ListItem","position":2,"name":"Wenn ich mein Badezimmer umgestalten w\u00fcrde, w\u00fcrde ich diesen Vintage-Raum von Heidi Caillier neu erstellen-es ist das perfekte Anti-Trend-Design f\u00fcr 2026"}]},{"@type":"WebSite","@id":"https:\/\/www.strassenweb.de\/nachrichten\/#website","url":"https:\/\/www.strassenweb.de\/nachrichten\/","name":"Stra\u00dfenweb","description":"Stra\u00dfenverzeichnis f\u00fcr Deutschland","publisher":{"@id":"https:\/\/www.strassenweb.de\/nachrichten\/#organization"},"potentialAction":[{"@type":"SearchAction","target":{"@type":"EntryPoint","urlTemplate":"https:\/\/www.strassenweb.de\/nachrichten\/?s={search_term_string}"},"query-input":{"@type":"PropertyValueSpecification","valueRequired":true,"valueName":"search_term_string"}}],"inLanguage":"de"},{"@type":"Organization","@id":"https:\/\/www.strassenweb.de\/nachrichten\/#organization","name":"Stra\u00dfenweb","url":"https:\/\/www.strassenweb.de\/nachrichten\/","logo":{"@type":"ImageObject","inLanguage":"de","@id":"https:\/\/www.strassenweb.de\/nachrichten\/#\/schema\/logo\/image\/","url":"https:\/\/www.strassenweb.de\/nachrichten\/wp-content\/uploads\/2024\/09\/cropped-favicon.png","contentUrl":"https:\/\/www.strassenweb.de\/nachrichten\/wp-content\/uploads\/2024\/09\/cropped-favicon.png","width":512,"height":512,"caption":"Stra\u00dfenweb"},"image":{"@id":"https:\/\/www.strassenweb.de\/nachrichten\/#\/schema\/logo\/image\/"},"sameAs":["https:\/\/www.facebook.com\/strassenweb\/"]},{"@type":"Person","@id":"https:\/\/www.strassenweb.de\/nachrichten\/#\/schema\/person\/87c9c9067f1211da429a744dc5a5aa41","name":"Robert Hoffmann","image":{"@type":"ImageObject","inLanguage":"de","@id":"https:\/\/www.strassenweb.de\/nachrichten\/wp-content\/uploads\/2024\/09\/strassenweb-150x150.jpg","url":"https:\/\/www.strassenweb.de\/nachrichten\/wp-content\/uploads\/2024\/09\/strassenweb-150x150.jpg","contentUrl":"https:\/\/www.strassenweb.de\/nachrichten\/wp-content\/uploads\/2024\/09\/strassenweb-150x150.jpg","caption":"Robert Hoffmann"},"description":"Ich hei\u00dfe Robert Hoffmann und ich bin ein leidenschaftlicher Verfechter von \u00d6kologie und Biodiversit\u00e4t. Seit meiner Kindheit in den W\u00e4ldern Bayerns f\u00fchle ich mich mit der Natur verbunden und bin entschlossen, sie zu sch\u00fctzen. Heute widme ich mein Leben der Sensibilisierung anderer f\u00fcr die Bedeutung des Umweltschutzes f\u00fcr zuk\u00fcnftige Generationen.","sameAs":["https:\/\/www.strassenweb.de\/"]}]}},"_links":{"self":[{"href":"https:\/\/www.strassenweb.de\/nachrichten\/wp-json\/wp\/v2\/posts\/8170","targetHints":{"allow":["GET"]}}],"collection":[{"href":"https:\/\/www.strassenweb.de\/nachrichten\/wp-json\/wp\/v2\/posts"}],"about":[{"href":"https:\/\/www.strassenweb.de\/nachrichten\/wp-json\/wp\/v2\/types\/post"}],"author":[{"embeddable":true,"href":"https:\/\/www.strassenweb.de\/nachrichten\/wp-json\/wp\/v2\/users\/1"}],"replies":[{"embeddable":true,"href":"https:\/\/www.strassenweb.de\/nachrichten\/wp-json\/wp\/v2\/comments?post=8170"}],"version-history":[{"count":0,"href":"https:\/\/www.strassenweb.de\/nachrichten\/wp-json\/wp\/v2\/posts\/8170\/revisions"}],"wp:featuredmedia":[{"embeddable":true,"href":"https:\/\/www.strassenweb.de\/nachrichten\/wp-json\/wp\/v2\/media\/8171"}],"wp:attachment":[{"href":"https:\/\/www.strassenweb.de\/nachrichten\/wp-json\/wp\/v2\/media?parent=8170"}],"wp:term":[{"taxonomy":"category","embeddable":true,"href":"https:\/\/www.strassenweb.de\/nachrichten\/wp-json\/wp\/v2\/categories?post=8170"},{"taxonomy":"post_tag","embeddable":true,"href":"https:\/\/www.strassenweb.de\/nachrichten\/wp-json\/wp\/v2\/tags?post=8170"}],"curies":[{"name":"wp","href":"https:\/\/api.w.org\/{rel}","templated":true}]}}