{"id":817,"date":"2024-10-11T06:48:52","date_gmt":"2024-10-11T04:48:52","guid":{"rendered":"https:\/\/www.strassenweb.de\/nachrichten\/ich-habe-die-ich-wusste-nicht-entruempelungsmethode-ausprobiert-und-die-unordentlichsten-bereiche-meines-zuhauses-in-wenigen-minuten-aufgeraeumt-das-ist-so-einfach\/"},"modified":"2024-10-11T06:48:52","modified_gmt":"2024-10-11T04:48:52","slug":"ich-habe-die-ich-wusste-nicht-entruempelungsmethode-ausprobiert-und-die-unordentlichsten-bereiche-meines-zuhauses-in-wenigen-minuten-aufgeraeumt-das-ist-so-einfach","status":"publish","type":"post","link":"https:\/\/www.strassenweb.de\/nachrichten\/ich-habe-die-ich-wusste-nicht-entruempelungsmethode-ausprobiert-und-die-unordentlichsten-bereiche-meines-zuhauses-in-wenigen-minuten-aufgeraeumt-das-ist-so-einfach\/","title":{"rendered":"Ich habe die \u201eIch wusste nicht\u201c-Entr\u00fcmpelungsmethode ausprobiert und die unordentlichsten Bereiche meines Zuhauses in wenigen Minuten aufger\u00e4umt \u2013 das ist so einfach"},"content":{"rendered":"<div id=\"article-body\" class=\"article__body \">\n<p>Alle paar Monate ist der Schrank unter meiner Treppe vollgestopft, Schubladen lassen sich nicht richtig schlie\u00dfen und in meinem Schrank herrscht ein hei\u00dfes Durcheinander. Trotz der Notwendigkeit empfand ich das Aufr\u00e4umen als \u00fcberw\u00e4ltigend und habe die Schuld, es aufzuschieben.<\/p>\n<div id=\"ad-unit-1\" class=\"ad-unit\"><\/div>\n<p>Deshalb war ich zuversichtlich, es auszuprobieren, als mir einer unserer professionellen Organisatoren von der \u201eWusste nicht\u201c-Methode zum Aufr\u00e4umen erz\u00e4hlte, bei der man alles wegwirft, was man nicht wusste oder vergessen hatte, es auszuprobieren \u2013 und das tat es auch Ich werde dich nicht entt\u00e4uschen.<\/p>\n<aside class=\"hawk-nest\" data-render-type=\"fte\" data-skip=\"dealsy\" data-widget-type=\"seasonal\">\n<div class=\"hawk-master-widget-hawk-base-wrapper\"><\/div>\n<\/aside>\n<p>Ich habe diese Methode zwei Wochen lang bei mir zu Hause ausprobiert und sie war so effektiv, dass ich niemals anders aufr\u00e4umen werde. Es ist der beste Entr\u00fcmpelungstipp, den ich je hatte, und er hat meinen Umgang mit Unordnung in meinem Zuhause grundlegend ver\u00e4ndert.<\/p>\n<div id=\"desktop-in-article\" class=\"in-article ad-unit\">\n<div id=\"desktop-taboola-mid-article\"><\/div>\n<\/div>\n<div id=\"mobile-in-article\" class=\"in-article ad-unit\">\n<div id=\"mobile-taboola-mid-article\"><\/div>\n<\/div>\n<h2 id=\"testing-the-didn-t-know-decluttering-method-at-home-3\">Testen Sie die \u201eWusste nicht\u201c-Entr\u00fcmpelungsmethode zu Hause<\/h2>\n<p>Die \u201eWidn\u2019t Know\u201c-Entr\u00fcmpelungsmethode h\u00e4lt genau das, was sie verspricht. W\u00e4hlen Sie einen Bereich aus, beginnen Sie mit dem Aufr\u00e4umen. Wenn Sie nicht wussten, dass Sie einen Gegenstand haben, oder vergessen haben, dass Sie ihn haben, entsorgen Sie ihn durch Spenden, Verkauf oder Recycling.<\/p>\n<div class=\"van_vid_carousel\">\n<div class=\"van_vid_carousel__padding\">\n<div class=\"van_vid_carousel__container\"><\/div>\n<\/div>\n<\/div>\n<p>Ich habe beschlossen, f\u00fcnf Bereiche in meinem Zuhause in Angriff zu nehmen, die stark frequentiert sind, was bedeutet, dass ich sie t\u00e4glich oder oft genug nutze, um mein Leben zu beeintr\u00e4chtigen, wenn es unorganisiert ist.<\/p>\n<div id=\"ad-unit-2\" class=\"ad-unit\"><\/div>\n<p>Hier habe ich die Methode \u201eWusste nicht\u201c getestet und wie sie funktioniert hat.<\/p>\n<h3 class=\"article-body__section\" id=\"section-1-my-nail-polish-drawer\"><span>1. Meine Nagellackschublade<\/span><\/h3>\n<div id=\"slice-container-imageGallery-yTU8j9QDxAS5cpruZUK7mP-6\" class=\"slice-container imageGallery-wrapper imageGallery-yTU8j9QDxAS5cpruZUK7mP-6 slice-container-imageGallery\">\n<div data-hydrate=\"true\" class=\"inline-gallery first-slide-only\">\n<div class=\"inline-gallery__count\">Bild <!-- -->1<!-- --> von <!-- -->2<\/div>\n<div class=\"inline-gallery__arrows show\">\n<div class=\"arrows__arrows-inner\">\n<div data-testid=\"arrow-click-left\" class=\"arrows__left disable\" data-analytics-id=\"gallery-see-more\"><svg xmlns=\"http:\/\/www.w3.org\/2000\/svg\" viewbox=\"0 0 32 32\" width=\"32\" height=\"32\"><path d=\"M4.2 0l25.6 16.011L4.2 32V0z\"><\/path><\/svg><\/div>\n<div data-testid=\"arrow-click-right\" class=\"arrows__right \" data-analytics-id=\"gallery-see-more\"><svg xmlns=\"http:\/\/www.w3.org\/2000\/svg\" viewbox=\"0 0 32 32\" width=\"32\" height=\"32\"><path d=\"M4.2 0l25.6 16.011L4.2 32V0z\"><\/path><\/svg><\/div>\n<\/div>\n<\/div>\n<div style=\"overflow-x:hidden\" class=\"inline-gallery__items\">\n<div style=\"-webkit-flex-direction:row;flex-direction:row;-webkit-transition:all 0s ease 0s;transition:all 0s ease 0s;-webkit-transform:translate(0%, 0);transform:translate(0%, 0);direction:ltr;display:flex;will-change:transform\" class=\"react-swipeable-view-container\">\n<div style=\"width:100%;-webkit-flex-shrink:0;flex-shrink:0;overflow:auto\" aria-hidden=\"false\" data-swipeable=\"true\">\n<div class=\"items__item\">\n<div class=\"item__image-cont\">\n<div class=\"image-cont__image\">\n<figure class=\"image-wrapped__wrapper\" data-bordeaux-image-check=\"false\">\n<div class=\"image-wrapped__widthsetter\" style=\"max-width:2000px\">\n<div class=\"image-wrapped__aspect-padding\" style=\"padding-bottom:120%\">\n<div style=\"display:contents\"><picture data-hydrate=\"true\"><source class=\"image-wrapped__image image__image\" type=\"image\/webp\"   data-normal=\"https:\/\/vanilla.futurecdn.net\/cyclingnews\/media\/img\/missing-image.svg\" data-original-mos=\"https:\/\/www.strassenweb.de\/nachrichten\/wp-content\/uploads\/2024\/10\/9jomqBvUmDL3rmrhiuJu5Z.jpg\" data-pin-media=\"https:\/\/www.strassenweb.de\/nachrichten\/wp-content\/uploads\/2024\/10\/9jomqBvUmDL3rmrhiuJu5Z.jpg\" data-pin-nopin=\"true\" data-slice-image=\"true\"><\/source><source class=\"image-wrapped__image image__image\" type=\"image\/jpeg\"   data-normal=\"https:\/\/vanilla.futurecdn.net\/cyclingnews\/media\/img\/missing-image.svg\" data-original-mos=\"https:\/\/www.strassenweb.de\/nachrichten\/wp-content\/uploads\/2024\/10\/9jomqBvUmDL3rmrhiuJu5Z.jpg\" data-pin-media=\"https:\/\/www.strassenweb.de\/nachrichten\/wp-content\/uploads\/2024\/10\/9jomqBvUmDL3rmrhiuJu5Z.jpg\" data-pin-nopin=\"true\" data-slice-image=\"true\"><\/source><\/picture><\/div>\n<\/div>\n<\/div>\n<\/figure>\n<\/div>\n<p><button class=\"image-cont__expand\" data-testid=\"expandButton\" data-analytics-id=\"gallery-expand-image\"><svg xmlns=\"http:\/\/www.w3.org\/2000\/svg\" width=\"32\" height=\"32\" viewbox=\"0 0 32 32\"><path d=\"M31.557 12.067L31.773 0 19.791.213l.05 3.216 6.225-.115-7.347 7.39 2.422 2.434 7.34-7.382-.108 6.213 3.184.098zM.215 19.903L0 31.97l11.984-.213-.05-3.217-6.225.113 7.348-7.388-2.42-2.436-7.34 7.383L3.402 20l-3.187-.098zM20.004 31.704L32 32.001l-.293-12.059-3.195.03.154 6.263-7.396-7.44-2.407 2.42 7.389 7.43-6.174-.148-.074 3.207zM12.213.33L.22.034l.293 12.059 3.195-.032-.152-6.26 7.394 7.438 2.404-2.418L5.967 3.39l6.174.15.072-3.209z\"><\/path><\/svg><\/button><\/div>\n<h4 class=\"item__title\">Nach<\/h4>\n<div class=\"item__description\"><\/div>\n<\/div>\n<\/div>\n<div style=\"width:100%;-webkit-flex-shrink:0;flex-shrink:0;overflow:auto\" aria-hidden=\"true\" data-swipeable=\"true\">\n<div class=\"items__item\">\n<div class=\"item__image-cont\">\n<div class=\"image-cont__image\">\n<figure class=\"image-wrapped__wrapper\" data-bordeaux-image-check=\"false\">\n<div class=\"image-wrapped__widthsetter\" style=\"max-width:2000px\">\n<div class=\"image-wrapped__aspect-padding\" style=\"padding-bottom:120%\">\n<div style=\"display:contents\"><picture data-hydrate=\"true\"><source class=\"image-wrapped__image image__image\" type=\"image\/webp\"   data-normal=\"https:\/\/vanilla.futurecdn.net\/cyclingnews\/media\/img\/missing-image.svg\" data-original-mos=\"https:\/\/www.strassenweb.de\/nachrichten\/wp-content\/uploads\/2024\/10\/m6vv5tCAr5kVd9VoiZrL7Z.jpg\" data-pin-media=\"https:\/\/www.strassenweb.de\/nachrichten\/wp-content\/uploads\/2024\/10\/m6vv5tCAr5kVd9VoiZrL7Z.jpg\" data-pin-nopin=\"true\" data-slice-image=\"true\"><\/source><source class=\"image-wrapped__image image__image\" type=\"image\/jpeg\"   data-normal=\"https:\/\/vanilla.futurecdn.net\/cyclingnews\/media\/img\/missing-image.svg\" data-original-mos=\"https:\/\/www.strassenweb.de\/nachrichten\/wp-content\/uploads\/2024\/10\/m6vv5tCAr5kVd9VoiZrL7Z.jpg\" data-pin-media=\"https:\/\/www.strassenweb.de\/nachrichten\/wp-content\/uploads\/2024\/10\/m6vv5tCAr5kVd9VoiZrL7Z.jpg\" data-pin-nopin=\"true\" data-slice-image=\"true\"><\/source><img decoding=\"async\" alt=\"Nagelschublade davor. Eine von meiner Hand aufgezogene Schublade zeigt ein Durcheinander aus Wattepads, Nagellack, Nagelfeilen und einer blauen Flasche Aceton\"  class=\"image-wrapped__image image__image\" loading=\"lazy\" data-normal=\"https:\/\/vanilla.futurecdn.net\/cyclingnews\/media\/img\/missing-image.svg\" src=\"https:\/\/www.strassenweb.de\/nachrichten\/wp-content\/uploads\/2024\/10\/m6vv5tCAr5kVd9VoiZrL7Z.jpg\" data-pin-media=\"https:\/\/www.strassenweb.de\/nachrichten\/wp-content\/uploads\/2024\/10\/m6vv5tCAr5kVd9VoiZrL7Z.jpg\" data-pin-nopin=\"true\" data-slice-image=\"true\"><\/picture><\/div>\n<\/div>\n<\/div>\n<\/figure>\n<\/div>\n<p><button class=\"image-cont__expand\" data-testid=\"expandButton\" data-analytics-id=\"gallery-expand-image\"><svg xmlns=\"http:\/\/www.w3.org\/2000\/svg\" width=\"32\" height=\"32\" viewbox=\"0 0 32 32\"><path d=\"M31.557 12.067L31.773 0 19.791.213l.05 3.216 6.225-.115-7.347 7.39 2.422 2.434 7.34-7.382-.108 6.213 3.184.098zM.215 19.903L0 31.97l11.984-.213-.05-3.217-6.225.113 7.348-7.388-2.42-2.436-7.34 7.383L3.402 20l-3.187-.098zM20.004 31.704L32 32.001l-.293-12.059-3.195.03.154 6.263-7.396-7.44-2.407 2.42 7.389 7.43-6.174-.148-.074 3.207zM12.213.33L.22.034l.293 12.059 3.195-.032-.152-6.26 7.394 7.438 2.404-2.418L5.967 3.39l6.174.15.072-3.209z\"><\/path><\/svg><\/button><\/div>\n<h4 class=\"item__title\">Vor<\/h4>\n<div class=\"item__description\"><\/div>\n<\/div>\n<\/div>\n<\/div>\n<\/div>\n<\/div>\n<\/div>\n<p>Ich trage jeden Tag Nagellack und werde ihn auch f\u00fcr den Rest meines Lebens tragen. Es ist eine Obsession, die in der High School begann, und es ist der H\u00fcgel, auf dem ich bereit bin, alt zu werden und zu sterben. Und nachdem ich Gele, Acrylfarben, Aufkleber und professionelle Mani- und Pedik\u00fcre ausprobiert habe, wurde mir klar, dass nichts so lange h\u00e4lt wie mein eigener Poliervorgang bequem zu Hause.<\/p>\n<p>Im Laufe der Jahre ist meine Sammlung immer gr\u00f6\u00dfer und kleiner geworden, und normalerweise schiebe ich das Aufr\u00e4umen so lange auf, bis ich jeden Samstagmorgen schreien m\u00f6chte, wenn ich mich hinsetze, um meine N\u00e4gel f\u00fcr die kommende Woche zu machen.<\/p>\n<p>Und dann bin ich \u00fcberw\u00e4ltigt, wenn ich alles ausmisten muss, und \u00fcberlege, was ich loswerden soll, falls mir die Farbe gef\u00e4llt oder ich sie in der n\u00e4chsten Saison bereue, obwohl ich ein absoluter Gewohnheitstier bin und mich normalerweise an Rosa- und Rott\u00f6ne halte oder blau.<\/p>\n<p>Dies war also der Bereich, den ich zuerst mit der Aufr\u00e4ummethode \u201eKann nicht gewusst\u201c angegangen bin. Ich habe gemessen, wie lange es gedauert hat, bis ich die Kiste durchgesehen hatte, und es waren insgesamt drei Minuten und 35 Sekunden.<\/p>\n<p>Ich konnte nicht glauben, wie einfach es war, Dinge loszuwerden, wenn das Aufr\u00e4umen auf einen einfachen Parameter reduziert wurde: Wenn ich nicht wusste, dass ich es hatte, habe ich es losgeworden! Jetzt ist meine Sammlung gestrafft und bietet viel Platz f\u00fcr neue Erg\u00e4nzungen, wenn ich das n\u00e4chste Mal in die neuen Nagellackfarben eintauche, die ich liebe.<\/p>\n<p><strong>Urteil f\u00fcr Schubladen: 10\/10 f\u00fcr die Leichtigkeit und die Optimierung dieses Platzes.<\/strong><\/p>\n<p><em>Alle Preise waren zum Zeitpunkt des Schreibens korrekt.<\/em><\/p>\n<h3 class=\"article-body__section\" id=\"section-2-my-closet\"><span>2. Mein Kleiderschrank<\/span><\/h3>\n<div id=\"slice-container-imageGallery-yTU8j9QDxAS5cpruZUK7mP-10\" class=\"slice-container imageGallery-wrapper imageGallery-yTU8j9QDxAS5cpruZUK7mP-10 slice-container-imageGallery\">\n<div data-hydrate=\"true\" class=\"inline-gallery first-slide-only\">\n<div class=\"inline-gallery__count\">Bild <!-- -->1<!-- --> von <!-- -->2<\/div>\n<div class=\"inline-gallery__arrows show\">\n<div class=\"arrows__arrows-inner\">\n<div data-testid=\"arrow-click-left\" class=\"arrows__left disable\" data-analytics-id=\"gallery-see-more\"><svg xmlns=\"http:\/\/www.w3.org\/2000\/svg\" viewbox=\"0 0 32 32\" width=\"32\" height=\"32\"><path d=\"M4.2 0l25.6 16.011L4.2 32V0z\"><\/path><\/svg><\/div>\n<div data-testid=\"arrow-click-right\" class=\"arrows__right \" data-analytics-id=\"gallery-see-more\"><svg xmlns=\"http:\/\/www.w3.org\/2000\/svg\" viewbox=\"0 0 32 32\" width=\"32\" height=\"32\"><path d=\"M4.2 0l25.6 16.011L4.2 32V0z\"><\/path><\/svg><\/div>\n<\/div>\n<\/div>\n<div style=\"overflow-x:hidden\" class=\"inline-gallery__items\">\n<div style=\"-webkit-flex-direction:row;flex-direction:row;-webkit-transition:all 0s ease 0s;transition:all 0s ease 0s;-webkit-transform:translate(0%, 0);transform:translate(0%, 0);direction:ltr;display:flex;will-change:transform\" class=\"react-swipeable-view-container\">\n<div style=\"width:100%;-webkit-flex-shrink:0;flex-shrink:0;overflow:auto\" aria-hidden=\"false\" data-swipeable=\"true\">\n<div class=\"items__item\">\n<div class=\"item__image-cont\">\n<div class=\"image-cont__image\">\n<figure class=\"image-wrapped__wrapper\" data-bordeaux-image-check=\"false\">\n<div class=\"image-wrapped__widthsetter\" style=\"max-width:2000px\">\n<div class=\"image-wrapped__aspect-padding\" style=\"padding-bottom:120%\">\n<div style=\"display:contents\"><picture data-hydrate=\"true\"><source class=\"image-wrapped__image image__image\" type=\"image\/webp\"   data-normal=\"https:\/\/vanilla.futurecdn.net\/cyclingnews\/media\/img\/missing-image.svg\" data-original-mos=\"https:\/\/www.strassenweb.de\/nachrichten\/wp-content\/uploads\/2024\/10\/fVAzAYxeQAH58TAQKiFv8G.jpg\" data-pin-media=\"https:\/\/www.strassenweb.de\/nachrichten\/wp-content\/uploads\/2024\/10\/fVAzAYxeQAH58TAQKiFv8G.jpg\" data-pin-nopin=\"true\" data-slice-image=\"true\"><\/source><source class=\"image-wrapped__image image__image\" type=\"image\/jpeg\"   data-normal=\"https:\/\/vanilla.futurecdn.net\/cyclingnews\/media\/img\/missing-image.svg\" data-original-mos=\"https:\/\/www.strassenweb.de\/nachrichten\/wp-content\/uploads\/2024\/10\/fVAzAYxeQAH58TAQKiFv8G.jpg\" data-pin-media=\"https:\/\/www.strassenweb.de\/nachrichten\/wp-content\/uploads\/2024\/10\/fVAzAYxeQAH58TAQKiFv8G.jpg\" data-pin-nopin=\"true\" data-slice-image=\"true\"><\/source><img decoding=\"async\" alt=\"Schrank danach. Mein offener Kleiderschrank mit einer halben Leiste frei\"  class=\"image-wrapped__image image__image\" loading=\"lazy\" data-normal=\"https:\/\/vanilla.futurecdn.net\/cyclingnews\/media\/img\/missing-image.svg\" src=\"https:\/\/www.strassenweb.de\/nachrichten\/wp-content\/uploads\/2024\/10\/fVAzAYxeQAH58TAQKiFv8G.jpg\" data-pin-media=\"https:\/\/www.strassenweb.de\/nachrichten\/wp-content\/uploads\/2024\/10\/fVAzAYxeQAH58TAQKiFv8G.jpg\" data-pin-nopin=\"true\" data-slice-image=\"true\"><\/picture><\/div>\n<\/div>\n<\/div>\n<\/figure>\n<\/div>\n<p><button class=\"image-cont__expand\" data-testid=\"expandButton\" data-analytics-id=\"gallery-expand-image\"><svg xmlns=\"http:\/\/www.w3.org\/2000\/svg\" width=\"32\" height=\"32\" viewbox=\"0 0 32 32\"><path d=\"M31.557 12.067L31.773 0 19.791.213l.05 3.216 6.225-.115-7.347 7.39 2.422 2.434 7.34-7.382-.108 6.213 3.184.098zM.215 19.903L0 31.97l11.984-.213-.05-3.217-6.225.113 7.348-7.388-2.42-2.436-7.34 7.383L3.402 20l-3.187-.098zM20.004 31.704L32 32.001l-.293-12.059-3.195.03.154 6.263-7.396-7.44-2.407 2.42 7.389 7.43-6.174-.148-.074 3.207zM12.213.33L.22.034l.293 12.059 3.195-.032-.152-6.26 7.394 7.438 2.404-2.418L5.967 3.39l6.174.15.072-3.209z\"><\/path><\/svg><\/button><\/div>\n<h4 class=\"item__title\">Nach <\/h4>\n<div class=\"item__description\"><\/div>\n<\/div>\n<\/div>\n<div style=\"width:100%;-webkit-flex-shrink:0;flex-shrink:0;overflow:auto\" aria-hidden=\"true\" data-swipeable=\"true\">\n<div class=\"items__item\">\n<div class=\"item__image-cont\">\n<div class=\"image-cont__image\">\n<figure class=\"image-wrapped__wrapper\" data-bordeaux-image-check=\"false\">\n<div class=\"image-wrapped__widthsetter\" style=\"max-width:2000px\">\n<div class=\"image-wrapped__aspect-padding\" style=\"padding-bottom:120%\">\n<div style=\"display:contents\"><picture data-hydrate=\"true\"><source class=\"image-wrapped__image image__image\" type=\"image\/webp\"   data-normal=\"https:\/\/vanilla.futurecdn.net\/cyclingnews\/media\/img\/missing-image.svg\" data-original-mos=\"https:\/\/www.strassenweb.de\/nachrichten\/wp-content\/uploads\/2024\/10\/2nmDgxxkdsNzeweYwx4CBG.jpg\" data-pin-media=\"https:\/\/www.strassenweb.de\/nachrichten\/wp-content\/uploads\/2024\/10\/2nmDgxxkdsNzeweYwx4CBG.jpg\" data-pin-nopin=\"true\" data-slice-image=\"true\"><\/source><source class=\"image-wrapped__image image__image\" type=\"image\/jpeg\"   data-normal=\"https:\/\/vanilla.futurecdn.net\/cyclingnews\/media\/img\/missing-image.svg\" data-original-mos=\"https:\/\/www.strassenweb.de\/nachrichten\/wp-content\/uploads\/2024\/10\/2nmDgxxkdsNzeweYwx4CBG.jpg\" data-pin-media=\"https:\/\/www.strassenweb.de\/nachrichten\/wp-content\/uploads\/2024\/10\/2nmDgxxkdsNzeweYwx4CBG.jpg\" data-pin-nopin=\"true\" data-slice-image=\"true\"><\/source><img decoding=\"async\" alt=\"Schrank vorher. Offener Schrank, der vollgestopft mit Kleidungsst\u00fccken und langen Gegenst\u00e4nden aussieht, die \u00fcber der Vorderseite der eingebauten Schubladen h\u00e4ngen\"  class=\"image-wrapped__image image__image\" loading=\"lazy\" data-normal=\"https:\/\/vanilla.futurecdn.net\/cyclingnews\/media\/img\/missing-image.svg\" src=\"https:\/\/www.strassenweb.de\/nachrichten\/wp-content\/uploads\/2024\/10\/2nmDgxxkdsNzeweYwx4CBG.jpg\" data-pin-media=\"https:\/\/www.strassenweb.de\/nachrichten\/wp-content\/uploads\/2024\/10\/2nmDgxxkdsNzeweYwx4CBG.jpg\" data-pin-nopin=\"true\" data-slice-image=\"true\"><\/picture><\/div>\n<\/div>\n<\/div>\n<\/figure>\n<\/div>\n<p><button class=\"image-cont__expand\" data-testid=\"expandButton\" data-analytics-id=\"gallery-expand-image\"><svg xmlns=\"http:\/\/www.w3.org\/2000\/svg\" width=\"32\" height=\"32\" viewbox=\"0 0 32 32\"><path d=\"M31.557 12.067L31.773 0 19.791.213l.05 3.216 6.225-.115-7.347 7.39 2.422 2.434 7.34-7.382-.108 6.213 3.184.098zM.215 19.903L0 31.97l11.984-.213-.05-3.217-6.225.113 7.348-7.388-2.42-2.436-7.34 7.383L3.402 20l-3.187-.098zM20.004 31.704L32 32.001l-.293-12.059-3.195.03.154 6.263-7.396-7.44-2.407 2.42 7.389 7.43-6.174-.148-.074 3.207zM12.213.33L.22.034l.293 12.059 3.195-.032-.152-6.26 7.394 7.438 2.404-2.418L5.967 3.39l6.174.15.072-3.209z\"><\/path><\/svg><\/button><\/div>\n<h4 class=\"item__title\">Vor<\/h4>\n<div class=\"item__description\"><\/div>\n<\/div>\n<\/div>\n<\/div>\n<\/div>\n<\/div>\n<\/div>\n<p>Generell achte ich gut auf meine Kleidung und Habseligkeiten, damit sie jahrelang halten. Ich habe saisonale Kollektionen von Kleidungsst\u00fccken, die ich abwechselnd in meinem ma\u00dfgeschneiderten Kleiderschrank lagere, was ein guter Tipp zum Aufr\u00e4umen des Kleiderschranks ist. Aber ich habe meinen Kleiderschrank absichtlich so gestalten lassen, dass er nur 20 Zoll Platz zum Aufh\u00e4ngen f\u00fcr unser kleines Hauptschlafzimmer bietet.<\/p>\n<p>Ich wollte nicht \u00fcberm\u00e4\u00dfig mit meinen Besitzt\u00fcmern umgehen und wusste, dass ich, wenn ich meinen Platz zum Aufh\u00e4ngen kompakt hielt, mich regelm\u00e4\u00dfig entr\u00fcmpeln, meine Kleidung spenden oder verkaufen w\u00fcrde und au\u00dferdem meinen Wunsch, zu viele neue Kleidung zu kaufen, z\u00fcgeln w\u00fcrde.<\/p>\n<p>Aber als ich letztes Jahr hart daran gearbeitet habe, 30 Pfund abzunehmen, l\u00f6ste das eine Flut fr\u00f6hlicher Eink\u00e4ufe aus.<\/p>\n<p>Das Ordnen der Kleidung war ein Muss, also habe ich eines Sonntagmorgens in den sauren Apfel gebissen und die Methode des Aufr\u00e4umens in diesem Raum ausprobiert. Ich brauchte nur 10 Minuten und habe 17 Kleiderb\u00fcgel von meiner Kleiderstange entfernt, die ich entweder auf Vinted verkaufen oder f\u00fcr wohlt\u00e4tige Zwecke spenden werde.<\/p>\n<p>Es gab brandneue Kleidungsst\u00fccke mit Etiketten, die ich vor 12 Monaten gekauft und jemals getragen hatte und die v\u00f6llig vergessen waren, sowie ein schwarzes Kleid, von dem ich wirklich nicht wusste, dass ich es hatte. Au\u00dferdem habe ich 10 Sommerartikel f\u00fcr die saisonale Lagerung und 6 Artikel, die nur f\u00fcr den M\u00fcll geeignet waren, getrennt.<\/p>\n<p>Normalerweise trage ich gro\u00dfe Schuldgef\u00fchle wegen des Geldes, das ich f\u00fcr Kleidung ausgegeben habe, sodass mir das schon fr\u00fcher beim Aufr\u00e4umen im Weg gestanden hat \u2013 was professionelle Organisatoren sagen, ist ein Aufr\u00e4umfehler. Dieses Mal lie\u00df ich es los und r\u00e4umte ganz einfach meinen kleinen Schrank auf, ohne mir Gedanken dar\u00fcber zu machen, ob ich ihn eines Tages wieder dort finden w\u00fcrde, oder mich wegen der Kosten meines Kaufs zu \u00e4rgern.<\/p>\n<p><strong>Urteil: 10\/10 f\u00fcr Leichtigkeit, Wirkung und Geschwindigkeit. <\/strong><\/p>\n<h3 class=\"article-body__section\" id=\"section-3-our-junk-drawer\"><span>3. Unsere \u201eM\u00fcll\u201c-Schublade<\/span><\/h3>\n<figure class=\"van-image-figure inline-layout \" data-bordeaux-image-check>\n<div class=\"image-full-width-wrapper\">\n<div class=\"image-widthsetter\" style=\"max-width:2000px;\"><\/div>\n<\/div><figcaption class=\"inline-layout \">\n<div class=\"caption-text\">\n<p>Eine aufger\u00e4umte deVOL-K\u00fcchenschublade mit verstecktem Auszugsbereich<\/p>\n<\/div>\n<\/figcaption><\/figure>\n<p>Jedes Haus hat eine, wenn nicht sogar mehrere der ber\u00fcchtigten \u201eM\u00fcll\u201c-Schubladen. Vollgestopft mit falschen Kabeln, Batterien, Heimwerkerartikeln und in meinem Fall alten Staubsaugeraufs\u00e4tzen f\u00fcr Ger\u00e4te, die ich vor vier Umz\u00fcgen und drei Staubsaugern besa\u00df. Es war \u00e4u\u00dferst befriedigend, die Dinge wegzuwerfen, und die Arbeit war in nur wenigen Minuten erledigt.<\/p>\n<p>Zu meinem Gl\u00fcck liebt mein Mann es, \u201eKram\u201c loszuwerden, also hat er ihn in die n\u00e4chsten beiden Schubladen unseres Sideboards geklebt, und am Ende hatten wir voller Freude einen M\u00fcllsack voller Kram.<\/p>\n<p><strong>Urteil: 8\/10. Dies hat etwas l\u00e4nger gedauert und wir konnten auch nicht sofort Kabel wegwerfen, die wir nicht kannten, da wir sicherstellen mussten, dass wir sie nicht wirklich brauchten! Es funktionierte immer noch reibungslos, es brauchte nur mehr Zeit.<\/strong><\/p>\n<h3 class=\"article-body__section\" id=\"section-4-my-nightstand\"><span>4. Mein Nachttisch<\/span><\/h3>\n<div id=\"slice-container-imageGallery-yTU8j9QDxAS5cpruZUK7mP-18\" class=\"slice-container imageGallery-wrapper imageGallery-yTU8j9QDxAS5cpruZUK7mP-18 slice-container-imageGallery\">\n<div data-hydrate=\"true\" class=\"inline-gallery first-slide-only\">\n<div class=\"inline-gallery__count\">Bild <!-- -->1<!-- --> von <!-- -->2<\/div>\n<div class=\"inline-gallery__arrows show\">\n<div class=\"arrows__arrows-inner\">\n<div data-testid=\"arrow-click-left\" class=\"arrows__left disable\" data-analytics-id=\"gallery-see-more\"><svg xmlns=\"http:\/\/www.w3.org\/2000\/svg\" viewbox=\"0 0 32 32\" width=\"32\" height=\"32\"><path d=\"M4.2 0l25.6 16.011L4.2 32V0z\"><\/path><\/svg><\/div>\n<div data-testid=\"arrow-click-right\" class=\"arrows__right \" data-analytics-id=\"gallery-see-more\"><svg xmlns=\"http:\/\/www.w3.org\/2000\/svg\" viewbox=\"0 0 32 32\" width=\"32\" height=\"32\"><path d=\"M4.2 0l25.6 16.011L4.2 32V0z\"><\/path><\/svg><\/div>\n<\/div>\n<\/div>\n<div style=\"overflow-x:hidden\" class=\"inline-gallery__items\">\n<div style=\"-webkit-flex-direction:row;flex-direction:row;-webkit-transition:all 0s ease 0s;transition:all 0s ease 0s;-webkit-transform:translate(0%, 0);transform:translate(0%, 0);direction:ltr;display:flex;will-change:transform\" class=\"react-swipeable-view-container\">\n<div style=\"width:100%;-webkit-flex-shrink:0;flex-shrink:0;overflow:auto\" aria-hidden=\"false\" data-swipeable=\"true\">\n<div class=\"items__item\">\n<div class=\"item__image-cont\">\n<div class=\"image-cont__image\">\n<figure class=\"image-wrapped__wrapper\" data-bordeaux-image-check=\"false\">\n<div class=\"image-wrapped__widthsetter\" style=\"max-width:2000px\">\n<div class=\"image-wrapped__aspect-padding\" style=\"padding-bottom:120%\">\n<div style=\"display:contents\"><picture data-hydrate=\"true\"><source class=\"image-wrapped__image image__image\" type=\"image\/webp\"   data-normal=\"https:\/\/vanilla.futurecdn.net\/cyclingnews\/media\/img\/missing-image.svg\" data-original-mos=\"https:\/\/www.strassenweb.de\/nachrichten\/wp-content\/uploads\/2024\/10\/p2HtCNXSLgTSTjvqhzSb5h.jpg\" data-pin-media=\"https:\/\/www.strassenweb.de\/nachrichten\/wp-content\/uploads\/2024\/10\/p2HtCNXSLgTSTjvqhzSb5h.jpg\" data-pin-nopin=\"true\" data-slice-image=\"true\"><\/source><source class=\"image-wrapped__image image__image\" type=\"image\/jpeg\"   data-normal=\"https:\/\/vanilla.futurecdn.net\/cyclingnews\/media\/img\/missing-image.svg\" data-original-mos=\"https:\/\/www.strassenweb.de\/nachrichten\/wp-content\/uploads\/2024\/10\/p2HtCNXSLgTSTjvqhzSb5h.jpg\" data-pin-media=\"https:\/\/www.strassenweb.de\/nachrichten\/wp-content\/uploads\/2024\/10\/p2HtCNXSLgTSTjvqhzSb5h.jpg\" data-pin-nopin=\"true\" data-slice-image=\"true\"><\/source><img decoding=\"async\" alt=\"Nachttischschublade danach, sehr ordentlich, mit einem Stapel B\u00fccher auf einer Seite und ein paar Plastikbeh\u00e4ltern mit einer ordentlichen Auswahl an Gegenst\u00e4nden, darunter Schlafmaske und Medikamente\"  class=\"image-wrapped__image image__image\" loading=\"lazy\" data-normal=\"https:\/\/vanilla.futurecdn.net\/cyclingnews\/media\/img\/missing-image.svg\" src=\"https:\/\/www.strassenweb.de\/nachrichten\/wp-content\/uploads\/2024\/10\/p2HtCNXSLgTSTjvqhzSb5h.jpg\" data-pin-media=\"https:\/\/www.strassenweb.de\/nachrichten\/wp-content\/uploads\/2024\/10\/p2HtCNXSLgTSTjvqhzSb5h.jpg\" data-pin-nopin=\"true\" data-slice-image=\"true\"><\/picture><\/div>\n<\/div>\n<\/div>\n<\/figure>\n<\/div>\n<p><button class=\"image-cont__expand\" data-testid=\"expandButton\" data-analytics-id=\"gallery-expand-image\"><svg xmlns=\"http:\/\/www.w3.org\/2000\/svg\" width=\"32\" height=\"32\" viewbox=\"0 0 32 32\"><path d=\"M31.557 12.067L31.773 0 19.791.213l.05 3.216 6.225-.115-7.347 7.39 2.422 2.434 7.34-7.382-.108 6.213 3.184.098zM.215 19.903L0 31.97l11.984-.213-.05-3.217-6.225.113 7.348-7.388-2.42-2.436-7.34 7.383L3.402 20l-3.187-.098zM20.004 31.704L32 32.001l-.293-12.059-3.195.03.154 6.263-7.396-7.44-2.407 2.42 7.389 7.43-6.174-.148-.074 3.207zM12.213.33L.22.034l.293 12.059 3.195-.032-.152-6.26 7.394 7.438 2.404-2.418L5.967 3.39l6.174.15.072-3.209z\"><\/path><\/svg><\/button><\/div>\n<h4 class=\"item__title\">Nach<\/h4>\n<div class=\"item__description\"><\/div>\n<\/div>\n<\/div>\n<div style=\"width:100%;-webkit-flex-shrink:0;flex-shrink:0;overflow:auto\" aria-hidden=\"true\" data-swipeable=\"true\">\n<div class=\"items__item\">\n<div class=\"item__image-cont\">\n<div class=\"image-cont__image\">\n<figure class=\"image-wrapped__wrapper\" data-bordeaux-image-check=\"false\">\n<div class=\"image-wrapped__widthsetter\" style=\"max-width:2000px\">\n<div class=\"image-wrapped__aspect-padding\" style=\"padding-bottom:120%\">\n<div style=\"display:contents\"><picture data-hydrate=\"true\"><source class=\"image-wrapped__image image__image\" type=\"image\/webp\"   data-normal=\"https:\/\/vanilla.futurecdn.net\/cyclingnews\/media\/img\/missing-image.svg\" data-original-mos=\"https:\/\/www.strassenweb.de\/nachrichten\/wp-content\/uploads\/2024\/10\/sBQGyJHXD8budzntQ9wV6h.jpg\" data-pin-media=\"https:\/\/www.strassenweb.de\/nachrichten\/wp-content\/uploads\/2024\/10\/sBQGyJHXD8budzntQ9wV6h.jpg\" data-pin-nopin=\"true\" data-slice-image=\"true\"><\/source><source class=\"image-wrapped__image image__image\" type=\"image\/jpeg\"   data-normal=\"https:\/\/vanilla.futurecdn.net\/cyclingnews\/media\/img\/missing-image.svg\" data-original-mos=\"https:\/\/www.strassenweb.de\/nachrichten\/wp-content\/uploads\/2024\/10\/sBQGyJHXD8budzntQ9wV6h.jpg\" data-pin-media=\"https:\/\/www.strassenweb.de\/nachrichten\/wp-content\/uploads\/2024\/10\/sBQGyJHXD8budzntQ9wV6h.jpg\" data-pin-nopin=\"true\" data-slice-image=\"true\"><\/source><img decoding=\"async\" alt=\"Die Nachttischschublade war offen und unordentlich mit Kabeln, Telefonen und Kleinigkeiten\"  class=\"image-wrapped__image image__image\" loading=\"lazy\" data-normal=\"https:\/\/vanilla.futurecdn.net\/cyclingnews\/media\/img\/missing-image.svg\" src=\"https:\/\/www.strassenweb.de\/nachrichten\/wp-content\/uploads\/2024\/10\/sBQGyJHXD8budzntQ9wV6h.jpg\" data-pin-media=\"https:\/\/www.strassenweb.de\/nachrichten\/wp-content\/uploads\/2024\/10\/sBQGyJHXD8budzntQ9wV6h.jpg\" data-pin-nopin=\"true\" data-slice-image=\"true\"><\/picture><\/div>\n<\/div>\n<\/div>\n<\/figure>\n<\/div>\n<p><button class=\"image-cont__expand\" data-testid=\"expandButton\" data-analytics-id=\"gallery-expand-image\"><svg xmlns=\"http:\/\/www.w3.org\/2000\/svg\" width=\"32\" height=\"32\" viewbox=\"0 0 32 32\"><path d=\"M31.557 12.067L31.773 0 19.791.213l.05 3.216 6.225-.115-7.347 7.39 2.422 2.434 7.34-7.382-.108 6.213 3.184.098zM.215 19.903L0 31.97l11.984-.213-.05-3.217-6.225.113 7.348-7.388-2.42-2.436-7.34 7.383L3.402 20l-3.187-.098zM20.004 31.704L32 32.001l-.293-12.059-3.195.03.154 6.263-7.396-7.44-2.407 2.42 7.389 7.43-6.174-.148-.074 3.207zM12.213.33L.22.034l.293 12.059 3.195-.032-.152-6.26 7.394 7.438 2.404-2.418L5.967 3.39l6.174.15.072-3.209z\"><\/path><\/svg><\/button><\/div>\n<h4 class=\"item__title\">Vor<\/h4>\n<div class=\"item__description\"><\/div>\n<\/div>\n<\/div>\n<\/div>\n<\/div>\n<\/div>\n<\/div>\n<p>Als ich meinen Nachttisch auf einen modernen, marineblauen, matten Petite-Nachttisch heruntergestuft habe, geschah das mit der guten Absicht, weniger \u201eSachen\u201c darin aufzubewahren. Aber hier war ich wieder und war bis zum Anschlag vollgestopft mit irgendwelchen Dingen wie Kabeln, Schmucktabletts, Fernbedienungen und Medikamenten.<\/p>\n<p>Ich stellte einen Timer und machte mich an die Arbeit. Ich brauchte nur zwei Minuten und 23 Sekunden, um meinen Nachttisch aufzur\u00e4umen, wie oben gezeigt. Ein weiterer Gewinner f\u00fcr die Aufr\u00e4ummethode Wusste nicht!<\/p>\n<p>Ich habe alte Plastikbeh\u00e4lter aus meiner K\u00fcche wiederverwendet, die ich zuvor in diese Schublade gestellt hatte, um f\u00fcr Ordnung zu sorgen. Ich war auch angenehm \u00fcberrascht, als ich nach dem Aufr\u00e4umen sah, dass ich Platz f\u00fcr die vier B\u00fccher in meinem Lesestapel hatte, sodass sie keinen wertvollen Platz auf meinem Nachttisch beanspruchen mussten.<\/p>\n<p><strong>Urteil: 10\/10<\/strong><\/p>\n<hr>\n<p>Die Schlussfolgerung f\u00fcr mich ist, dass der Trend zum Aufr\u00e4umen insgesamt 10\/10 betr\u00e4gt, insbesondere f\u00fcr diejenigen, die wie ich ein schlechtes Gewissen wegen des Geldes haben, das sie f\u00fcr Dinge ausgegeben haben, und bef\u00fcrchten, dass es eine Verschwendung ist, Dinge loszuwerden \u2013 sogar wenn es nicht verwendet wird.<\/p>\n<p>Ich finde es toll, wie schnell und m\u00fchelos die Methode zum Aufr\u00e4umen von Unwissenheit ist, sowohl k\u00f6rperlich als auch emotional, mit der einfachen Regel, Dinge loszulassen, von denen Sie nicht wussten oder vergessen haben, dass Sie einen echten Spielver\u00e4nderer haben.<\/p>\n<p>Ich glaube ehrlich gesagt nicht, dass ich jemals wieder eine andere Entr\u00fcmpelungsmethode brauchen werde, und m\u00f6chte Sie dringend bitten, es auszuprobieren. Sehen Sie sich als N\u00e4chstes an, wie die 90\/90-Entr\u00fcmpelungsregel die Denkweise unseres Autors ver\u00e4ndert hat.<\/p>\n<\/div>\n","protected":false},"excerpt":{"rendered":"<p>Alle paar Monate ist der Schrank unter meiner Treppe vollgestopft, Schubladen lassen sich nicht richtig schlie\u00dfen und in meinem Schrank herrscht ein hei\u00dfes Durcheinander. Trotz<\/p>\n","protected":false},"author":1,"featured_media":439,"comment_status":"closed","ping_status":"","sticky":false,"template":"","format":"standard","meta":{"footnotes":""},"categories":[118],"tags":[1621,829,1618,112,9,355,823,129,15,1619,887,1616,37,1617,886,1615,1620],"class_list":["post-817","post","type-post","status-publish","format-standard","has-post-thumbnail","hentry","category-haus-garten","tag-aufgeraeumt","tag-ausprobiert","tag-bereiche","tag-das","tag-die","tag-einfach","tag-habe","tag-ich","tag-ist","tag-meines","tag-minuten","tag-nichtentruempelungsmethode","tag-und","tag-unordentlichsten","tag-wenigen","tag-wusste","tag-zuhauses","generate-columns","tablet-grid-50","mobile-grid-100","grid-parent","grid-50"],"yoast_head":"<!-- This site is optimized with the Yoast SEO plugin v27.3 - https:\/\/yoast.com\/product\/yoast-seo-wordpress\/ -->\n<title>Ich habe die \u201eIch wusste nicht\u201c-Entr\u00fcmpelungsmethode ausprobiert und die unordentlichsten Bereiche meines Zuhauses in wenigen Minuten aufger\u00e4umt \u2013 das ist so einfach - Nachrichten - Stra\u00dfenweb<\/title>\n<meta name=\"robots\" content=\"index, follow, max-snippet:-1, max-image-preview:large, max-video-preview:-1\" \/>\n<link rel=\"canonical\" href=\"https:\/\/www.strassenweb.de\/nachrichten\/ich-habe-die-ich-wusste-nicht-entruempelungsmethode-ausprobiert-und-die-unordentlichsten-bereiche-meines-zuhauses-in-wenigen-minuten-aufgeraeumt-das-ist-so-einfach\/\" \/>\n<meta property=\"og:locale\" content=\"de_DE\" \/>\n<meta property=\"og:type\" content=\"article\" \/>\n<meta property=\"og:title\" content=\"Ich habe die \u201eIch wusste nicht\u201c-Entr\u00fcmpelungsmethode ausprobiert und die unordentlichsten Bereiche meines Zuhauses in wenigen Minuten aufger\u00e4umt \u2013 das ist so einfach - Nachrichten - Stra\u00dfenweb\" \/>\n<meta property=\"og:description\" content=\"Alle paar Monate ist der Schrank unter meiner Treppe vollgestopft, Schubladen lassen sich nicht richtig schlie\u00dfen und in meinem Schrank herrscht ein hei\u00dfes Durcheinander. Trotz\" \/>\n<meta property=\"og:url\" content=\"https:\/\/www.strassenweb.de\/nachrichten\/ich-habe-die-ich-wusste-nicht-entruempelungsmethode-ausprobiert-und-die-unordentlichsten-bereiche-meines-zuhauses-in-wenigen-minuten-aufgeraeumt-das-ist-so-einfach\/\" \/>\n<meta property=\"og:site_name\" content=\"Stra\u00dfenweb\" \/>\n<meta property=\"article:publisher\" content=\"https:\/\/www.facebook.com\/strassenweb\/\" \/>\n<meta property=\"article:published_time\" content=\"2024-10-11T04:48:52+00:00\" \/>\n<meta property=\"og:image\" content=\"https:\/\/www.strassenweb.de\/nachrichten\/wp-content\/uploads\/2024\/09\/3-todsichere-Moeglichkeiten-Kleidung-ohne-herkoemmlichen-Dampfgarer-zu-daempfen-\u2013.jpg\" \/>\n\t<meta property=\"og:image:width\" content=\"1200\" \/>\n\t<meta property=\"og:image:height\" content=\"675\" \/>\n\t<meta property=\"og:image:type\" content=\"image\/jpeg\" \/>\n<meta name=\"author\" content=\"Robert Hoffmann\" \/>\n<meta name=\"twitter:card\" content=\"summary_large_image\" \/>\n<meta name=\"twitter:label1\" content=\"Verfasst von\" \/>\n\t<meta name=\"twitter:data1\" content=\"Robert Hoffmann\" \/>\n\t<meta name=\"twitter:label2\" content=\"Gesch\u00e4tzte Lesezeit\" \/>\n\t<meta name=\"twitter:data2\" content=\"6\u00a0Minuten\" \/>\n<script type=\"application\/ld+json\" class=\"yoast-schema-graph\">{\"@context\":\"https:\\\/\\\/schema.org\",\"@graph\":[{\"@type\":\"Article\",\"@id\":\"https:\\\/\\\/www.strassenweb.de\\\/nachrichten\\\/ich-habe-die-ich-wusste-nicht-entruempelungsmethode-ausprobiert-und-die-unordentlichsten-bereiche-meines-zuhauses-in-wenigen-minuten-aufgeraeumt-das-ist-so-einfach\\\/#article\",\"isPartOf\":{\"@id\":\"https:\\\/\\\/www.strassenweb.de\\\/nachrichten\\\/ich-habe-die-ich-wusste-nicht-entruempelungsmethode-ausprobiert-und-die-unordentlichsten-bereiche-meines-zuhauses-in-wenigen-minuten-aufgeraeumt-das-ist-so-einfach\\\/\"},\"author\":{\"name\":\"Robert Hoffmann\",\"@id\":\"https:\\\/\\\/www.strassenweb.de\\\/nachrichten\\\/#\\\/schema\\\/person\\\/87c9c9067f1211da429a744dc5a5aa41\"},\"headline\":\"Ich habe die \u201eIch wusste nicht\u201c-Entr\u00fcmpelungsmethode ausprobiert und die unordentlichsten Bereiche meines Zuhauses in wenigen Minuten aufger\u00e4umt \u2013 das ist so einfach\",\"datePublished\":\"2024-10-11T04:48:52+00:00\",\"mainEntityOfPage\":{\"@id\":\"https:\\\/\\\/www.strassenweb.de\\\/nachrichten\\\/ich-habe-die-ich-wusste-nicht-entruempelungsmethode-ausprobiert-und-die-unordentlichsten-bereiche-meines-zuhauses-in-wenigen-minuten-aufgeraeumt-das-ist-so-einfach\\\/\"},\"wordCount\":1323,\"publisher\":{\"@id\":\"https:\\\/\\\/www.strassenweb.de\\\/nachrichten\\\/#organization\"},\"image\":{\"@id\":\"https:\\\/\\\/www.strassenweb.de\\\/nachrichten\\\/ich-habe-die-ich-wusste-nicht-entruempelungsmethode-ausprobiert-und-die-unordentlichsten-bereiche-meines-zuhauses-in-wenigen-minuten-aufgeraeumt-das-ist-so-einfach\\\/#primaryimage\"},\"thumbnailUrl\":\"https:\\\/\\\/www.strassenweb.de\\\/nachrichten\\\/wp-content\\\/uploads\\\/2024\\\/09\\\/3-todsichere-Moeglichkeiten-Kleidung-ohne-herkoemmlichen-Dampfgarer-zu-daempfen-\u2013.jpg\",\"keywords\":[\"aufger\u00e4umt\",\"ausprobiert\",\"Bereiche\",\"das\",\"die\",\"einfach\",\"habe\",\"ich\",\"ist\",\"meines\",\"Minuten\",\"nichtEntr\u00fcmpelungsmethode\",\"und\",\"unordentlichsten\",\"wenigen\",\"wusste\",\"Zuhauses\"],\"articleSection\":[\"Haus &amp; Garten\"],\"inLanguage\":\"de\"},{\"@type\":\"WebPage\",\"@id\":\"https:\\\/\\\/www.strassenweb.de\\\/nachrichten\\\/ich-habe-die-ich-wusste-nicht-entruempelungsmethode-ausprobiert-und-die-unordentlichsten-bereiche-meines-zuhauses-in-wenigen-minuten-aufgeraeumt-das-ist-so-einfach\\\/\",\"url\":\"https:\\\/\\\/www.strassenweb.de\\\/nachrichten\\\/ich-habe-die-ich-wusste-nicht-entruempelungsmethode-ausprobiert-und-die-unordentlichsten-bereiche-meines-zuhauses-in-wenigen-minuten-aufgeraeumt-das-ist-so-einfach\\\/\",\"name\":\"Ich habe die \u201eIch wusste nicht\u201c-Entr\u00fcmpelungsmethode ausprobiert und die unordentlichsten Bereiche meines Zuhauses in wenigen Minuten aufger\u00e4umt \u2013 das ist so einfach - Nachrichten - Stra\u00dfenweb\",\"isPartOf\":{\"@id\":\"https:\\\/\\\/www.strassenweb.de\\\/nachrichten\\\/#website\"},\"primaryImageOfPage\":{\"@id\":\"https:\\\/\\\/www.strassenweb.de\\\/nachrichten\\\/ich-habe-die-ich-wusste-nicht-entruempelungsmethode-ausprobiert-und-die-unordentlichsten-bereiche-meines-zuhauses-in-wenigen-minuten-aufgeraeumt-das-ist-so-einfach\\\/#primaryimage\"},\"image\":{\"@id\":\"https:\\\/\\\/www.strassenweb.de\\\/nachrichten\\\/ich-habe-die-ich-wusste-nicht-entruempelungsmethode-ausprobiert-und-die-unordentlichsten-bereiche-meines-zuhauses-in-wenigen-minuten-aufgeraeumt-das-ist-so-einfach\\\/#primaryimage\"},\"thumbnailUrl\":\"https:\\\/\\\/www.strassenweb.de\\\/nachrichten\\\/wp-content\\\/uploads\\\/2024\\\/09\\\/3-todsichere-Moeglichkeiten-Kleidung-ohne-herkoemmlichen-Dampfgarer-zu-daempfen-\u2013.jpg\",\"datePublished\":\"2024-10-11T04:48:52+00:00\",\"breadcrumb\":{\"@id\":\"https:\\\/\\\/www.strassenweb.de\\\/nachrichten\\\/ich-habe-die-ich-wusste-nicht-entruempelungsmethode-ausprobiert-und-die-unordentlichsten-bereiche-meines-zuhauses-in-wenigen-minuten-aufgeraeumt-das-ist-so-einfach\\\/#breadcrumb\"},\"inLanguage\":\"de\",\"potentialAction\":[{\"@type\":\"ReadAction\",\"target\":[\"https:\\\/\\\/www.strassenweb.de\\\/nachrichten\\\/ich-habe-die-ich-wusste-nicht-entruempelungsmethode-ausprobiert-und-die-unordentlichsten-bereiche-meines-zuhauses-in-wenigen-minuten-aufgeraeumt-das-ist-so-einfach\\\/\"]}]},{\"@type\":\"ImageObject\",\"inLanguage\":\"de\",\"@id\":\"https:\\\/\\\/www.strassenweb.de\\\/nachrichten\\\/ich-habe-die-ich-wusste-nicht-entruempelungsmethode-ausprobiert-und-die-unordentlichsten-bereiche-meines-zuhauses-in-wenigen-minuten-aufgeraeumt-das-ist-so-einfach\\\/#primaryimage\",\"url\":\"https:\\\/\\\/www.strassenweb.de\\\/nachrichten\\\/wp-content\\\/uploads\\\/2024\\\/09\\\/3-todsichere-Moeglichkeiten-Kleidung-ohne-herkoemmlichen-Dampfgarer-zu-daempfen-\u2013.jpg\",\"contentUrl\":\"https:\\\/\\\/www.strassenweb.de\\\/nachrichten\\\/wp-content\\\/uploads\\\/2024\\\/09\\\/3-todsichere-Moeglichkeiten-Kleidung-ohne-herkoemmlichen-Dampfgarer-zu-daempfen-\u2013.jpg\",\"width\":1200,\"height\":675,\"caption\":\"3 todsichere M\u00f6glichkeiten, Kleidung ohne herk\u00f6mmlichen Dampfgarer zu d\u00e4mpfen \u2013 und das in nur wenigen Minuten\"},{\"@type\":\"BreadcrumbList\",\"@id\":\"https:\\\/\\\/www.strassenweb.de\\\/nachrichten\\\/ich-habe-die-ich-wusste-nicht-entruempelungsmethode-ausprobiert-und-die-unordentlichsten-bereiche-meines-zuhauses-in-wenigen-minuten-aufgeraeumt-das-ist-so-einfach\\\/#breadcrumb\",\"itemListElement\":[{\"@type\":\"ListItem\",\"position\":1,\"name\":\"Home\",\"item\":\"https:\\\/\\\/www.strassenweb.de\\\/nachrichten\\\/\"},{\"@type\":\"ListItem\",\"position\":2,\"name\":\"Ich habe die \u201eIch wusste nicht\u201c-Entr\u00fcmpelungsmethode ausprobiert und die unordentlichsten Bereiche meines Zuhauses in wenigen Minuten aufger\u00e4umt \u2013 das ist so einfach\"}]},{\"@type\":\"WebSite\",\"@id\":\"https:\\\/\\\/www.strassenweb.de\\\/nachrichten\\\/#website\",\"url\":\"https:\\\/\\\/www.strassenweb.de\\\/nachrichten\\\/\",\"name\":\"Stra\u00dfenweb\",\"description\":\"Stra\u00dfenverzeichnis f\u00fcr Deutschland\",\"publisher\":{\"@id\":\"https:\\\/\\\/www.strassenweb.de\\\/nachrichten\\\/#organization\"},\"potentialAction\":[{\"@type\":\"SearchAction\",\"target\":{\"@type\":\"EntryPoint\",\"urlTemplate\":\"https:\\\/\\\/www.strassenweb.de\\\/nachrichten\\\/?s={search_term_string}\"},\"query-input\":{\"@type\":\"PropertyValueSpecification\",\"valueRequired\":true,\"valueName\":\"search_term_string\"}}],\"inLanguage\":\"de\"},{\"@type\":\"Organization\",\"@id\":\"https:\\\/\\\/www.strassenweb.de\\\/nachrichten\\\/#organization\",\"name\":\"Stra\u00dfenweb\",\"url\":\"https:\\\/\\\/www.strassenweb.de\\\/nachrichten\\\/\",\"logo\":{\"@type\":\"ImageObject\",\"inLanguage\":\"de\",\"@id\":\"https:\\\/\\\/www.strassenweb.de\\\/nachrichten\\\/#\\\/schema\\\/logo\\\/image\\\/\",\"url\":\"https:\\\/\\\/www.strassenweb.de\\\/nachrichten\\\/wp-content\\\/uploads\\\/2024\\\/09\\\/cropped-favicon.png\",\"contentUrl\":\"https:\\\/\\\/www.strassenweb.de\\\/nachrichten\\\/wp-content\\\/uploads\\\/2024\\\/09\\\/cropped-favicon.png\",\"width\":512,\"height\":512,\"caption\":\"Stra\u00dfenweb\"},\"image\":{\"@id\":\"https:\\\/\\\/www.strassenweb.de\\\/nachrichten\\\/#\\\/schema\\\/logo\\\/image\\\/\"},\"sameAs\":[\"https:\\\/\\\/www.facebook.com\\\/strassenweb\\\/\"]},{\"@type\":\"Person\",\"@id\":\"https:\\\/\\\/www.strassenweb.de\\\/nachrichten\\\/#\\\/schema\\\/person\\\/87c9c9067f1211da429a744dc5a5aa41\",\"name\":\"Robert Hoffmann\",\"image\":{\"@type\":\"ImageObject\",\"inLanguage\":\"de\",\"@id\":\"https:\\\/\\\/www.strassenweb.de\\\/nachrichten\\\/wp-content\\\/uploads\\\/2024\\\/09\\\/strassenweb-150x150.jpg\",\"url\":\"https:\\\/\\\/www.strassenweb.de\\\/nachrichten\\\/wp-content\\\/uploads\\\/2024\\\/09\\\/strassenweb-150x150.jpg\",\"contentUrl\":\"https:\\\/\\\/www.strassenweb.de\\\/nachrichten\\\/wp-content\\\/uploads\\\/2024\\\/09\\\/strassenweb-150x150.jpg\",\"caption\":\"Robert Hoffmann\"},\"description\":\"Ich hei\u00dfe Robert Hoffmann und ich bin ein leidenschaftlicher Verfechter von \u00d6kologie und Biodiversit\u00e4t. Seit meiner Kindheit in den W\u00e4ldern Bayerns f\u00fchle ich mich mit der Natur verbunden und bin entschlossen, sie zu sch\u00fctzen. Heute widme ich mein Leben der Sensibilisierung anderer f\u00fcr die Bedeutung des Umweltschutzes f\u00fcr zuk\u00fcnftige Generationen.\",\"sameAs\":[\"https:\\\/\\\/www.strassenweb.de\\\/\"]}]}<\/script>\n<!-- \/ Yoast SEO plugin. -->","yoast_head_json":{"title":"Ich habe die \u201eIch wusste nicht\u201c-Entr\u00fcmpelungsmethode ausprobiert und die unordentlichsten Bereiche meines Zuhauses in wenigen Minuten aufger\u00e4umt \u2013 das ist so einfach - Nachrichten - Stra\u00dfenweb","robots":{"index":"index","follow":"follow","max-snippet":"max-snippet:-1","max-image-preview":"max-image-preview:large","max-video-preview":"max-video-preview:-1"},"canonical":"https:\/\/www.strassenweb.de\/nachrichten\/ich-habe-die-ich-wusste-nicht-entruempelungsmethode-ausprobiert-und-die-unordentlichsten-bereiche-meines-zuhauses-in-wenigen-minuten-aufgeraeumt-das-ist-so-einfach\/","og_locale":"de_DE","og_type":"article","og_title":"Ich habe die \u201eIch wusste nicht\u201c-Entr\u00fcmpelungsmethode ausprobiert und die unordentlichsten Bereiche meines Zuhauses in wenigen Minuten aufger\u00e4umt \u2013 das ist so einfach - Nachrichten - Stra\u00dfenweb","og_description":"Alle paar Monate ist der Schrank unter meiner Treppe vollgestopft, Schubladen lassen sich nicht richtig schlie\u00dfen und in meinem Schrank herrscht ein hei\u00dfes Durcheinander. Trotz","og_url":"https:\/\/www.strassenweb.de\/nachrichten\/ich-habe-die-ich-wusste-nicht-entruempelungsmethode-ausprobiert-und-die-unordentlichsten-bereiche-meines-zuhauses-in-wenigen-minuten-aufgeraeumt-das-ist-so-einfach\/","og_site_name":"Stra\u00dfenweb","article_publisher":"https:\/\/www.facebook.com\/strassenweb\/","article_published_time":"2024-10-11T04:48:52+00:00","og_image":[{"width":1200,"height":675,"url":"https:\/\/www.strassenweb.de\/nachrichten\/wp-content\/uploads\/2024\/09\/3-todsichere-Moeglichkeiten-Kleidung-ohne-herkoemmlichen-Dampfgarer-zu-daempfen-\u2013.jpg","type":"image\/jpeg"}],"author":"Robert Hoffmann","twitter_card":"summary_large_image","twitter_misc":{"Verfasst von":"Robert Hoffmann","Gesch\u00e4tzte Lesezeit":"6\u00a0Minuten"},"schema":{"@context":"https:\/\/schema.org","@graph":[{"@type":"Article","@id":"https:\/\/www.strassenweb.de\/nachrichten\/ich-habe-die-ich-wusste-nicht-entruempelungsmethode-ausprobiert-und-die-unordentlichsten-bereiche-meines-zuhauses-in-wenigen-minuten-aufgeraeumt-das-ist-so-einfach\/#article","isPartOf":{"@id":"https:\/\/www.strassenweb.de\/nachrichten\/ich-habe-die-ich-wusste-nicht-entruempelungsmethode-ausprobiert-und-die-unordentlichsten-bereiche-meines-zuhauses-in-wenigen-minuten-aufgeraeumt-das-ist-so-einfach\/"},"author":{"name":"Robert Hoffmann","@id":"https:\/\/www.strassenweb.de\/nachrichten\/#\/schema\/person\/87c9c9067f1211da429a744dc5a5aa41"},"headline":"Ich habe die \u201eIch wusste nicht\u201c-Entr\u00fcmpelungsmethode ausprobiert und die unordentlichsten Bereiche meines Zuhauses in wenigen Minuten aufger\u00e4umt \u2013 das ist so einfach","datePublished":"2024-10-11T04:48:52+00:00","mainEntityOfPage":{"@id":"https:\/\/www.strassenweb.de\/nachrichten\/ich-habe-die-ich-wusste-nicht-entruempelungsmethode-ausprobiert-und-die-unordentlichsten-bereiche-meines-zuhauses-in-wenigen-minuten-aufgeraeumt-das-ist-so-einfach\/"},"wordCount":1323,"publisher":{"@id":"https:\/\/www.strassenweb.de\/nachrichten\/#organization"},"image":{"@id":"https:\/\/www.strassenweb.de\/nachrichten\/ich-habe-die-ich-wusste-nicht-entruempelungsmethode-ausprobiert-und-die-unordentlichsten-bereiche-meines-zuhauses-in-wenigen-minuten-aufgeraeumt-das-ist-so-einfach\/#primaryimage"},"thumbnailUrl":"https:\/\/www.strassenweb.de\/nachrichten\/wp-content\/uploads\/2024\/09\/3-todsichere-Moeglichkeiten-Kleidung-ohne-herkoemmlichen-Dampfgarer-zu-daempfen-\u2013.jpg","keywords":["aufger\u00e4umt","ausprobiert","Bereiche","das","die","einfach","habe","ich","ist","meines","Minuten","nichtEntr\u00fcmpelungsmethode","und","unordentlichsten","wenigen","wusste","Zuhauses"],"articleSection":["Haus &amp; Garten"],"inLanguage":"de"},{"@type":"WebPage","@id":"https:\/\/www.strassenweb.de\/nachrichten\/ich-habe-die-ich-wusste-nicht-entruempelungsmethode-ausprobiert-und-die-unordentlichsten-bereiche-meines-zuhauses-in-wenigen-minuten-aufgeraeumt-das-ist-so-einfach\/","url":"https:\/\/www.strassenweb.de\/nachrichten\/ich-habe-die-ich-wusste-nicht-entruempelungsmethode-ausprobiert-und-die-unordentlichsten-bereiche-meines-zuhauses-in-wenigen-minuten-aufgeraeumt-das-ist-so-einfach\/","name":"Ich habe die \u201eIch wusste nicht\u201c-Entr\u00fcmpelungsmethode ausprobiert und die unordentlichsten Bereiche meines Zuhauses in wenigen Minuten aufger\u00e4umt \u2013 das ist so einfach - Nachrichten - Stra\u00dfenweb","isPartOf":{"@id":"https:\/\/www.strassenweb.de\/nachrichten\/#website"},"primaryImageOfPage":{"@id":"https:\/\/www.strassenweb.de\/nachrichten\/ich-habe-die-ich-wusste-nicht-entruempelungsmethode-ausprobiert-und-die-unordentlichsten-bereiche-meines-zuhauses-in-wenigen-minuten-aufgeraeumt-das-ist-so-einfach\/#primaryimage"},"image":{"@id":"https:\/\/www.strassenweb.de\/nachrichten\/ich-habe-die-ich-wusste-nicht-entruempelungsmethode-ausprobiert-und-die-unordentlichsten-bereiche-meines-zuhauses-in-wenigen-minuten-aufgeraeumt-das-ist-so-einfach\/#primaryimage"},"thumbnailUrl":"https:\/\/www.strassenweb.de\/nachrichten\/wp-content\/uploads\/2024\/09\/3-todsichere-Moeglichkeiten-Kleidung-ohne-herkoemmlichen-Dampfgarer-zu-daempfen-\u2013.jpg","datePublished":"2024-10-11T04:48:52+00:00","breadcrumb":{"@id":"https:\/\/www.strassenweb.de\/nachrichten\/ich-habe-die-ich-wusste-nicht-entruempelungsmethode-ausprobiert-und-die-unordentlichsten-bereiche-meines-zuhauses-in-wenigen-minuten-aufgeraeumt-das-ist-so-einfach\/#breadcrumb"},"inLanguage":"de","potentialAction":[{"@type":"ReadAction","target":["https:\/\/www.strassenweb.de\/nachrichten\/ich-habe-die-ich-wusste-nicht-entruempelungsmethode-ausprobiert-und-die-unordentlichsten-bereiche-meines-zuhauses-in-wenigen-minuten-aufgeraeumt-das-ist-so-einfach\/"]}]},{"@type":"ImageObject","inLanguage":"de","@id":"https:\/\/www.strassenweb.de\/nachrichten\/ich-habe-die-ich-wusste-nicht-entruempelungsmethode-ausprobiert-und-die-unordentlichsten-bereiche-meines-zuhauses-in-wenigen-minuten-aufgeraeumt-das-ist-so-einfach\/#primaryimage","url":"https:\/\/www.strassenweb.de\/nachrichten\/wp-content\/uploads\/2024\/09\/3-todsichere-Moeglichkeiten-Kleidung-ohne-herkoemmlichen-Dampfgarer-zu-daempfen-\u2013.jpg","contentUrl":"https:\/\/www.strassenweb.de\/nachrichten\/wp-content\/uploads\/2024\/09\/3-todsichere-Moeglichkeiten-Kleidung-ohne-herkoemmlichen-Dampfgarer-zu-daempfen-\u2013.jpg","width":1200,"height":675,"caption":"3 todsichere M\u00f6glichkeiten, Kleidung ohne herk\u00f6mmlichen Dampfgarer zu d\u00e4mpfen \u2013 und das in nur wenigen Minuten"},{"@type":"BreadcrumbList","@id":"https:\/\/www.strassenweb.de\/nachrichten\/ich-habe-die-ich-wusste-nicht-entruempelungsmethode-ausprobiert-und-die-unordentlichsten-bereiche-meines-zuhauses-in-wenigen-minuten-aufgeraeumt-das-ist-so-einfach\/#breadcrumb","itemListElement":[{"@type":"ListItem","position":1,"name":"Home","item":"https:\/\/www.strassenweb.de\/nachrichten\/"},{"@type":"ListItem","position":2,"name":"Ich habe die \u201eIch wusste nicht\u201c-Entr\u00fcmpelungsmethode ausprobiert und die unordentlichsten Bereiche meines Zuhauses in wenigen Minuten aufger\u00e4umt \u2013 das ist so einfach"}]},{"@type":"WebSite","@id":"https:\/\/www.strassenweb.de\/nachrichten\/#website","url":"https:\/\/www.strassenweb.de\/nachrichten\/","name":"Stra\u00dfenweb","description":"Stra\u00dfenverzeichnis f\u00fcr Deutschland","publisher":{"@id":"https:\/\/www.strassenweb.de\/nachrichten\/#organization"},"potentialAction":[{"@type":"SearchAction","target":{"@type":"EntryPoint","urlTemplate":"https:\/\/www.strassenweb.de\/nachrichten\/?s={search_term_string}"},"query-input":{"@type":"PropertyValueSpecification","valueRequired":true,"valueName":"search_term_string"}}],"inLanguage":"de"},{"@type":"Organization","@id":"https:\/\/www.strassenweb.de\/nachrichten\/#organization","name":"Stra\u00dfenweb","url":"https:\/\/www.strassenweb.de\/nachrichten\/","logo":{"@type":"ImageObject","inLanguage":"de","@id":"https:\/\/www.strassenweb.de\/nachrichten\/#\/schema\/logo\/image\/","url":"https:\/\/www.strassenweb.de\/nachrichten\/wp-content\/uploads\/2024\/09\/cropped-favicon.png","contentUrl":"https:\/\/www.strassenweb.de\/nachrichten\/wp-content\/uploads\/2024\/09\/cropped-favicon.png","width":512,"height":512,"caption":"Stra\u00dfenweb"},"image":{"@id":"https:\/\/www.strassenweb.de\/nachrichten\/#\/schema\/logo\/image\/"},"sameAs":["https:\/\/www.facebook.com\/strassenweb\/"]},{"@type":"Person","@id":"https:\/\/www.strassenweb.de\/nachrichten\/#\/schema\/person\/87c9c9067f1211da429a744dc5a5aa41","name":"Robert Hoffmann","image":{"@type":"ImageObject","inLanguage":"de","@id":"https:\/\/www.strassenweb.de\/nachrichten\/wp-content\/uploads\/2024\/09\/strassenweb-150x150.jpg","url":"https:\/\/www.strassenweb.de\/nachrichten\/wp-content\/uploads\/2024\/09\/strassenweb-150x150.jpg","contentUrl":"https:\/\/www.strassenweb.de\/nachrichten\/wp-content\/uploads\/2024\/09\/strassenweb-150x150.jpg","caption":"Robert Hoffmann"},"description":"Ich hei\u00dfe Robert Hoffmann und ich bin ein leidenschaftlicher Verfechter von \u00d6kologie und Biodiversit\u00e4t. Seit meiner Kindheit in den W\u00e4ldern Bayerns f\u00fchle ich mich mit der Natur verbunden und bin entschlossen, sie zu sch\u00fctzen. Heute widme ich mein Leben der Sensibilisierung anderer f\u00fcr die Bedeutung des Umweltschutzes f\u00fcr zuk\u00fcnftige Generationen.","sameAs":["https:\/\/www.strassenweb.de\/"]}]}},"_links":{"self":[{"href":"https:\/\/www.strassenweb.de\/nachrichten\/wp-json\/wp\/v2\/posts\/817","targetHints":{"allow":["GET"]}}],"collection":[{"href":"https:\/\/www.strassenweb.de\/nachrichten\/wp-json\/wp\/v2\/posts"}],"about":[{"href":"https:\/\/www.strassenweb.de\/nachrichten\/wp-json\/wp\/v2\/types\/post"}],"author":[{"embeddable":true,"href":"https:\/\/www.strassenweb.de\/nachrichten\/wp-json\/wp\/v2\/users\/1"}],"replies":[{"embeddable":true,"href":"https:\/\/www.strassenweb.de\/nachrichten\/wp-json\/wp\/v2\/comments?post=817"}],"version-history":[{"count":0,"href":"https:\/\/www.strassenweb.de\/nachrichten\/wp-json\/wp\/v2\/posts\/817\/revisions"}],"wp:featuredmedia":[{"embeddable":true,"href":"https:\/\/www.strassenweb.de\/nachrichten\/wp-json\/wp\/v2\/media\/439"}],"wp:attachment":[{"href":"https:\/\/www.strassenweb.de\/nachrichten\/wp-json\/wp\/v2\/media?parent=817"}],"wp:term":[{"taxonomy":"category","embeddable":true,"href":"https:\/\/www.strassenweb.de\/nachrichten\/wp-json\/wp\/v2\/categories?post=817"},{"taxonomy":"post_tag","embeddable":true,"href":"https:\/\/www.strassenweb.de\/nachrichten\/wp-json\/wp\/v2\/tags?post=817"}],"curies":[{"name":"wp","href":"https:\/\/api.w.org\/{rel}","templated":true}]}}