{"id":8149,"date":"2025-10-02T07:39:54","date_gmt":"2025-10-02T05:39:54","guid":{"rendered":"https:\/\/www.strassenweb.de\/nachrichten\/meg-ryans-unerwartete-kuecheninsel-liest-eher-ein-dauerhafter-esstisch-mit-einem-waschbecken-es-ist-das-perfekte-mehrzweckdesign\/"},"modified":"2025-10-02T07:39:55","modified_gmt":"2025-10-02T05:39:55","slug":"meg-ryans-unerwartete-kuecheninsel-liest-eher-ein-dauerhafter-esstisch-mit-einem-waschbecken-es-ist-das-perfekte-mehrzweckdesign","status":"publish","type":"post","link":"https:\/\/www.strassenweb.de\/nachrichten\/meg-ryans-unerwartete-kuecheninsel-liest-eher-ein-dauerhafter-esstisch-mit-einem-waschbecken-es-ist-das-perfekte-mehrzweckdesign\/","title":{"rendered":"Meg Ryans unerwartete K\u00fccheninsel liest eher ein dauerhafter Esstisch (mit einem Waschbecken)-es ist das perfekte Mehrzweckdesign"},"content":{"rendered":"<p><\/p>\n<div id=\"article-body\" class=\"article__body \">\n<p id=\"5ef67fab-bf37-4d94-90ad-9f56905b40a4\">Was ich in den K\u00fcchen 2025 bemerke, ist, dass K\u00fcchentische langsam den Zweck (und die Beliebtheit) der K\u00fccheninseln ersetzen. Es ist weitaus wahrscheinlicher, dass Sie eine wundersch\u00f6ne K\u00fcche mit einem riesigen Tisch im Zentrum sehen, der bereit ist, vorbereitet, zu hosten und sich zu sammeln, als einen soliden Block einer Insel.<\/p>\n<div id=\"ad-unit-1\" class=\"ad-unit\"><\/div>\n<p>Aber was Sie verlieren, indem Sie auf einen K\u00fcchentisch f\u00fcr eine K\u00fccheninsel aufwenden, ist der Lagerung und die M\u00f6glichkeit, alle Ger\u00e4te hinzuzuf\u00fcgen. Als ich Meg Ryans K\u00fcche mit einem Insel-\/Tischdesign ausspionierte, das alles tut, musste ich mehr \u00fcber diesen Mehrzweckraum erfahren.<\/p>\n<div class=\"instagram-embed\" id=\"CRjlQ8RFUUN\">\n<blockquote class=\"instagram-media\" data-instgrm-captioned data-instgrm-version=\"6\" style=\"width:99.375%; width:-webkit-calc(100% - 2px); width:calc(100% - 2px);\">\n<p>Ein Beitrag, der von Becker Studios (@beckerStudios) geteilt wird<\/p>\n<p>Ein Foto von on <\/p>\n<\/blockquote>\n<\/div>\n<aside data-block-type=\"embed\" data-render-type=\"fte\" data-skip=\"dealsy\" data-widget-type=\"seasonal\" class=\"hawk-root\"><\/aside>\n<p id=\"53124a83-d09e-4a07-a37a-1ce612ceec1c-0\">Was ich an dem Design am meisten liebe, ist, dass es das informelle, entspannte Gef\u00fchl eines K\u00fcchentischs hat (weshalb ich denke, dass so viele Menschen gerade Tische \u00fcber Inseln ausw\u00e4hlen), aber alle praktischen Sachen einer eingebauten Insel. Es gibt sogar ein Waschbecken!<\/p>\n<div class=\"van_vid_carousel\">\n<div class=\"van_vid_carousel__padding\">\n<div class=\"van_vid_carousel__container\"><\/div>\n<\/div>\n<\/div>\n<p>Das Design ist auch einzigartig in seiner Form. Von oben sieht es aus wie ein einfaches Rechteck, das ein tisch\u00e4hnlicheres Gef\u00fchl verleiht, aber darunter verleiht ein st\u00fcrzender Sockel ein k\u00fcnstlerisches, skulpturales Aussehen, das dauerhafter ist-wie eine Insel.<\/p>\n<div id=\"ad-unit-2\" class=\"ad-unit\"><\/div>\n<p>Das Waschbecken, das an einem Ende sitzt, tr\u00e4gt nur zur Best\u00e4ndigkeit bei und erzeugt das perfekte K\u00fcchenlayout mit dem Kochfeld, das sich handlich direkt dahinter befindet. Ryan hat K\u00fcchenst\u00fchle auf zwei Seiten der Insel positioniert und Gespr\u00e4che im Raum ermutigt, wie Sie es von einem K\u00fcchentisch erwarten w\u00fcrden. Beachten Sie, dass die Wahl der St\u00fchle ein dunkles Holz ist. Das Holz ist k\u00fchl, so dass es keinen Zusammensto\u00df mit dem k\u00fchleren K\u00fcchenfarbenschema erzeugt, aber dort gibt es immer noch eine W\u00e4rme, die mit dem Holzdekor auf der Insel die monochrome Palette nur leicht weicher macht.<\/p>\n<p>Die Insel schafft nicht nur diesen sozialen Hub im Raum und einen praktischen Ort zum Kochen, sondern baut auch das Farbschema der K\u00fcche auf. Es kontrastiert und erg\u00e4nzt sowohl die dunkleren Schr\u00e4nke, die sie umgeben, und erzeugt eine Lichtschicht direkt in der Mitte des Raumes. Die empfindliche Form der Inselbasis hilft, der Schwere dieser Farben entgegenzuwirken. Es erm\u00f6glicht das Licht von den Fenstern und dem wei\u00dfen Marmor durch, durch die K\u00fcche zu scheinen, aufzuhellen und zu erheben.<\/p>\n<h2 id=\"shop-the-look-3\">Kaufen Sie den Look ein<\/h2>\n<p id=\"8cc45d01-df1c-4730-a1af-c6671c5afb43\">Unabh\u00e4ngig von Ihrem Zuhause k\u00f6nnen Sie die elegante, erh\u00f6hte \u00c4sthetik von Meg Ryans Raum mit diesen Produkten wiederholen &#8211; inspiriert von denen, die wir auf ihrer Insel und ihren Arbeitsplatten gesehen haben.<\/p>\n<div id=\"slice-container-newsletterForm-articleInbodyContent-WABVNX8nMEVyiRBESmbTod\" class=\"slice-container newsletter-inbodyContent-slice newsletterForm-articleInbodyContent-WABVNX8nMEVyiRBESmbTod slice-container-newsletterForm\"><\/div>\n<div class=\"product-container hero-product-container product-block-no-wrap\">\n<div class=\"product-block-row\"><\/div>\n<div class=\"product-block-row\"><\/div>\n<div class=\"product-block-row\"><\/div>\n<\/div>\n<hr id=\"4172e6d4-be22-4d18-8f5b-1f5e63d4e1db\">\n<p id=\"257fce02-745f-4d70-b6af-6a389b2eab49\">Dieses K\u00fcchendesign ist wirklich ein Gleichgewicht zwischen Form und Funktion. Die K\u00fccheninsel sieht wundersch\u00f6n aus; Seine Basis ist fast kunstartig, kann aber auch hart arbeiten. Es bietet viel Oberfl\u00e4chenraum zum Vorbereiten und eine Sp\u00fcle, die in der perfekten Position ist. Die Tatsache, dass es eher wie ein Tisch aussieht als wie eine dauerhafte Insel zweifellos; Es f\u00fcgt nicht zu viel visuelle Masse hinzu und kann beil\u00e4ufig als Platz zum Platzieren mit einem Getr\u00e4nk, Kochen und Hosting oder zur Versammlung und einem entspannten Familienessen funktionieren.<\/p>\n<div class=\"block\" id=\"articleTag\" data-component-name=\"PostArticleLinks\">\n<div class=\"border-b border-b-black border-solid py-2.5 text-black font-bold uppercase\">Themen<\/div>\n<nav class=\"py-2.5 flex gap-2.5 flex-wrap\" data-analytics-id=\"article-tag\">\n<p>Meg Ryan<\/p>\n<\/nav>\n<\/div>\n<\/div>\n<p><script async src=\"\/\/www.instagram.com\/embed.js\"><\/script><\/p>\n","protected":false},"excerpt":{"rendered":"<p>Was ich in den K\u00fcchen 2025 bemerke, ist, dass K\u00fcchentische langsam den Zweck (und die Beliebtheit) der K\u00fccheninseln ersetzen. Es ist weitaus wahrscheinlicher, dass Sie<\/p>\n","protected":false},"author":1,"featured_media":8150,"comment_status":"closed","ping_status":"","sticky":false,"template":"","format":"standard","meta":{"footnotes":""},"categories":[118],"tags":[112,10502,933,43,22,9631,15,3392,10501,6229,10504,146,2188,6230,532,10503],"class_list":["post-8149","post","type-post","status-publish","format-standard","has-post-thumbnail","hentry","category-haus-garten","tag-das","tag-dauerhafter","tag-eher","tag-ein","tag-einem","tag-esstisch","tag-ist","tag-kuecheninsel","tag-liest","tag-meg","tag-mehrzweckdesign","tag-mit","tag-perfekte","tag-ryans","tag-unerwartete","tag-waschbeckenes","generate-columns","tablet-grid-50","mobile-grid-100","grid-parent","grid-50"],"yoast_head":"<!-- This site is optimized with the Yoast SEO plugin v27.3 - https:\/\/yoast.com\/product\/yoast-seo-wordpress\/ -->\n<title>Meg Ryans unerwartete K\u00fccheninsel liest eher ein dauerhafter Esstisch (mit einem Waschbecken)-es ist das perfekte Mehrzweckdesign - Nachrichten - Stra\u00dfenweb<\/title>\n<meta name=\"robots\" content=\"index, follow, max-snippet:-1, max-image-preview:large, max-video-preview:-1\" \/>\n<link rel=\"canonical\" href=\"https:\/\/www.strassenweb.de\/nachrichten\/meg-ryans-unerwartete-kuecheninsel-liest-eher-ein-dauerhafter-esstisch-mit-einem-waschbecken-es-ist-das-perfekte-mehrzweckdesign\/\" \/>\n<meta property=\"og:locale\" content=\"de_DE\" \/>\n<meta property=\"og:type\" content=\"article\" \/>\n<meta property=\"og:title\" content=\"Meg Ryans unerwartete K\u00fccheninsel liest eher ein dauerhafter Esstisch (mit einem Waschbecken)-es ist das perfekte Mehrzweckdesign - Nachrichten - Stra\u00dfenweb\" \/>\n<meta property=\"og:description\" content=\"Was ich in den K\u00fcchen 2025 bemerke, ist, dass K\u00fcchentische langsam den Zweck (und die Beliebtheit) der K\u00fccheninseln ersetzen. Es ist weitaus wahrscheinlicher, dass Sie\" \/>\n<meta property=\"og:url\" content=\"https:\/\/www.strassenweb.de\/nachrichten\/meg-ryans-unerwartete-kuecheninsel-liest-eher-ein-dauerhafter-esstisch-mit-einem-waschbecken-es-ist-das-perfekte-mehrzweckdesign\/\" \/>\n<meta property=\"og:site_name\" content=\"Stra\u00dfenweb\" \/>\n<meta property=\"article:publisher\" content=\"https:\/\/www.facebook.com\/strassenweb\/\" \/>\n<meta property=\"article:published_time\" content=\"2025-10-02T05:39:54+00:00\" \/>\n<meta property=\"article:modified_time\" content=\"2025-10-02T05:39:55+00:00\" \/>\n<meta property=\"og:image\" content=\"https:\/\/www.strassenweb.de\/nachrichten\/wp-content\/uploads\/2025\/10\/Meg-Ryans-unerwartete-Kuecheninsel-liest-eher-ein-dauerhafter-Esstisch-mit.jpg\" \/>\n\t<meta property=\"og:image:width\" content=\"1600\" \/>\n\t<meta property=\"og:image:height\" content=\"900\" \/>\n\t<meta property=\"og:image:type\" content=\"image\/jpeg\" \/>\n<meta name=\"author\" content=\"Robert Hoffmann\" \/>\n<meta name=\"twitter:card\" content=\"summary_large_image\" \/>\n<meta name=\"twitter:label1\" content=\"Verfasst von\" \/>\n\t<meta name=\"twitter:data1\" content=\"Robert Hoffmann\" \/>\n\t<meta name=\"twitter:label2\" content=\"Gesch\u00e4tzte Lesezeit\" \/>\n\t<meta name=\"twitter:data2\" content=\"3\u00a0Minuten\" \/>\n<script type=\"application\/ld+json\" class=\"yoast-schema-graph\">{\"@context\":\"https:\\\/\\\/schema.org\",\"@graph\":[{\"@type\":\"Article\",\"@id\":\"https:\\\/\\\/www.strassenweb.de\\\/nachrichten\\\/meg-ryans-unerwartete-kuecheninsel-liest-eher-ein-dauerhafter-esstisch-mit-einem-waschbecken-es-ist-das-perfekte-mehrzweckdesign\\\/#article\",\"isPartOf\":{\"@id\":\"https:\\\/\\\/www.strassenweb.de\\\/nachrichten\\\/meg-ryans-unerwartete-kuecheninsel-liest-eher-ein-dauerhafter-esstisch-mit-einem-waschbecken-es-ist-das-perfekte-mehrzweckdesign\\\/\"},\"author\":{\"name\":\"Robert Hoffmann\",\"@id\":\"https:\\\/\\\/www.strassenweb.de\\\/nachrichten\\\/#\\\/schema\\\/person\\\/87c9c9067f1211da429a744dc5a5aa41\"},\"headline\":\"Meg Ryans unerwartete K\u00fccheninsel liest eher ein dauerhafter Esstisch (mit einem Waschbecken)-es ist das perfekte Mehrzweckdesign\",\"datePublished\":\"2025-10-02T05:39:54+00:00\",\"dateModified\":\"2025-10-02T05:39:55+00:00\",\"mainEntityOfPage\":{\"@id\":\"https:\\\/\\\/www.strassenweb.de\\\/nachrichten\\\/meg-ryans-unerwartete-kuecheninsel-liest-eher-ein-dauerhafter-esstisch-mit-einem-waschbecken-es-ist-das-perfekte-mehrzweckdesign\\\/\"},\"wordCount\":547,\"publisher\":{\"@id\":\"https:\\\/\\\/www.strassenweb.de\\\/nachrichten\\\/#organization\"},\"image\":{\"@id\":\"https:\\\/\\\/www.strassenweb.de\\\/nachrichten\\\/meg-ryans-unerwartete-kuecheninsel-liest-eher-ein-dauerhafter-esstisch-mit-einem-waschbecken-es-ist-das-perfekte-mehrzweckdesign\\\/#primaryimage\"},\"thumbnailUrl\":\"https:\\\/\\\/www.strassenweb.de\\\/nachrichten\\\/wp-content\\\/uploads\\\/2025\\\/10\\\/Meg-Ryans-unerwartete-Kuecheninsel-liest-eher-ein-dauerhafter-Esstisch-mit.jpg\",\"keywords\":[\"das\",\"dauerhafter\",\"eher\",\"ein\",\"einem\",\"Esstisch\",\"ist\",\"K\u00fccheninsel\",\"liest\",\"Meg\",\"Mehrzweckdesign\",\"mit\",\"perfekte\",\"Ryans\",\"unerwartete\",\"Waschbeckenes\"],\"articleSection\":[\"Haus &amp; Garten\"],\"inLanguage\":\"de\"},{\"@type\":\"WebPage\",\"@id\":\"https:\\\/\\\/www.strassenweb.de\\\/nachrichten\\\/meg-ryans-unerwartete-kuecheninsel-liest-eher-ein-dauerhafter-esstisch-mit-einem-waschbecken-es-ist-das-perfekte-mehrzweckdesign\\\/\",\"url\":\"https:\\\/\\\/www.strassenweb.de\\\/nachrichten\\\/meg-ryans-unerwartete-kuecheninsel-liest-eher-ein-dauerhafter-esstisch-mit-einem-waschbecken-es-ist-das-perfekte-mehrzweckdesign\\\/\",\"name\":\"Meg Ryans unerwartete K\u00fccheninsel liest eher ein dauerhafter Esstisch (mit einem Waschbecken)-es ist das perfekte Mehrzweckdesign - Nachrichten - Stra\u00dfenweb\",\"isPartOf\":{\"@id\":\"https:\\\/\\\/www.strassenweb.de\\\/nachrichten\\\/#website\"},\"primaryImageOfPage\":{\"@id\":\"https:\\\/\\\/www.strassenweb.de\\\/nachrichten\\\/meg-ryans-unerwartete-kuecheninsel-liest-eher-ein-dauerhafter-esstisch-mit-einem-waschbecken-es-ist-das-perfekte-mehrzweckdesign\\\/#primaryimage\"},\"image\":{\"@id\":\"https:\\\/\\\/www.strassenweb.de\\\/nachrichten\\\/meg-ryans-unerwartete-kuecheninsel-liest-eher-ein-dauerhafter-esstisch-mit-einem-waschbecken-es-ist-das-perfekte-mehrzweckdesign\\\/#primaryimage\"},\"thumbnailUrl\":\"https:\\\/\\\/www.strassenweb.de\\\/nachrichten\\\/wp-content\\\/uploads\\\/2025\\\/10\\\/Meg-Ryans-unerwartete-Kuecheninsel-liest-eher-ein-dauerhafter-Esstisch-mit.jpg\",\"datePublished\":\"2025-10-02T05:39:54+00:00\",\"dateModified\":\"2025-10-02T05:39:55+00:00\",\"breadcrumb\":{\"@id\":\"https:\\\/\\\/www.strassenweb.de\\\/nachrichten\\\/meg-ryans-unerwartete-kuecheninsel-liest-eher-ein-dauerhafter-esstisch-mit-einem-waschbecken-es-ist-das-perfekte-mehrzweckdesign\\\/#breadcrumb\"},\"inLanguage\":\"de\",\"potentialAction\":[{\"@type\":\"ReadAction\",\"target\":[\"https:\\\/\\\/www.strassenweb.de\\\/nachrichten\\\/meg-ryans-unerwartete-kuecheninsel-liest-eher-ein-dauerhafter-esstisch-mit-einem-waschbecken-es-ist-das-perfekte-mehrzweckdesign\\\/\"]}]},{\"@type\":\"ImageObject\",\"inLanguage\":\"de\",\"@id\":\"https:\\\/\\\/www.strassenweb.de\\\/nachrichten\\\/meg-ryans-unerwartete-kuecheninsel-liest-eher-ein-dauerhafter-esstisch-mit-einem-waschbecken-es-ist-das-perfekte-mehrzweckdesign\\\/#primaryimage\",\"url\":\"https:\\\/\\\/www.strassenweb.de\\\/nachrichten\\\/wp-content\\\/uploads\\\/2025\\\/10\\\/Meg-Ryans-unerwartete-Kuecheninsel-liest-eher-ein-dauerhafter-Esstisch-mit.jpg\",\"contentUrl\":\"https:\\\/\\\/www.strassenweb.de\\\/nachrichten\\\/wp-content\\\/uploads\\\/2025\\\/10\\\/Meg-Ryans-unerwartete-Kuecheninsel-liest-eher-ein-dauerhafter-Esstisch-mit.jpg\",\"width\":1600,\"height\":900,\"caption\":\"Meg Ryan\"},{\"@type\":\"BreadcrumbList\",\"@id\":\"https:\\\/\\\/www.strassenweb.de\\\/nachrichten\\\/meg-ryans-unerwartete-kuecheninsel-liest-eher-ein-dauerhafter-esstisch-mit-einem-waschbecken-es-ist-das-perfekte-mehrzweckdesign\\\/#breadcrumb\",\"itemListElement\":[{\"@type\":\"ListItem\",\"position\":1,\"name\":\"Home\",\"item\":\"https:\\\/\\\/www.strassenweb.de\\\/nachrichten\\\/\"},{\"@type\":\"ListItem\",\"position\":2,\"name\":\"Meg Ryans unerwartete K\u00fccheninsel liest eher ein dauerhafter Esstisch (mit einem Waschbecken)-es ist das perfekte Mehrzweckdesign\"}]},{\"@type\":\"WebSite\",\"@id\":\"https:\\\/\\\/www.strassenweb.de\\\/nachrichten\\\/#website\",\"url\":\"https:\\\/\\\/www.strassenweb.de\\\/nachrichten\\\/\",\"name\":\"Stra\u00dfenweb\",\"description\":\"Stra\u00dfenverzeichnis f\u00fcr Deutschland\",\"publisher\":{\"@id\":\"https:\\\/\\\/www.strassenweb.de\\\/nachrichten\\\/#organization\"},\"potentialAction\":[{\"@type\":\"SearchAction\",\"target\":{\"@type\":\"EntryPoint\",\"urlTemplate\":\"https:\\\/\\\/www.strassenweb.de\\\/nachrichten\\\/?s={search_term_string}\"},\"query-input\":{\"@type\":\"PropertyValueSpecification\",\"valueRequired\":true,\"valueName\":\"search_term_string\"}}],\"inLanguage\":\"de\"},{\"@type\":\"Organization\",\"@id\":\"https:\\\/\\\/www.strassenweb.de\\\/nachrichten\\\/#organization\",\"name\":\"Stra\u00dfenweb\",\"url\":\"https:\\\/\\\/www.strassenweb.de\\\/nachrichten\\\/\",\"logo\":{\"@type\":\"ImageObject\",\"inLanguage\":\"de\",\"@id\":\"https:\\\/\\\/www.strassenweb.de\\\/nachrichten\\\/#\\\/schema\\\/logo\\\/image\\\/\",\"url\":\"https:\\\/\\\/www.strassenweb.de\\\/nachrichten\\\/wp-content\\\/uploads\\\/2024\\\/09\\\/cropped-favicon.png\",\"contentUrl\":\"https:\\\/\\\/www.strassenweb.de\\\/nachrichten\\\/wp-content\\\/uploads\\\/2024\\\/09\\\/cropped-favicon.png\",\"width\":512,\"height\":512,\"caption\":\"Stra\u00dfenweb\"},\"image\":{\"@id\":\"https:\\\/\\\/www.strassenweb.de\\\/nachrichten\\\/#\\\/schema\\\/logo\\\/image\\\/\"},\"sameAs\":[\"https:\\\/\\\/www.facebook.com\\\/strassenweb\\\/\"]},{\"@type\":\"Person\",\"@id\":\"https:\\\/\\\/www.strassenweb.de\\\/nachrichten\\\/#\\\/schema\\\/person\\\/87c9c9067f1211da429a744dc5a5aa41\",\"name\":\"Robert Hoffmann\",\"image\":{\"@type\":\"ImageObject\",\"inLanguage\":\"de\",\"@id\":\"https:\\\/\\\/www.strassenweb.de\\\/nachrichten\\\/wp-content\\\/uploads\\\/2024\\\/09\\\/strassenweb-150x150.jpg\",\"url\":\"https:\\\/\\\/www.strassenweb.de\\\/nachrichten\\\/wp-content\\\/uploads\\\/2024\\\/09\\\/strassenweb-150x150.jpg\",\"contentUrl\":\"https:\\\/\\\/www.strassenweb.de\\\/nachrichten\\\/wp-content\\\/uploads\\\/2024\\\/09\\\/strassenweb-150x150.jpg\",\"caption\":\"Robert Hoffmann\"},\"description\":\"Ich hei\u00dfe Robert Hoffmann und ich bin ein leidenschaftlicher Verfechter von \u00d6kologie und Biodiversit\u00e4t. Seit meiner Kindheit in den W\u00e4ldern Bayerns f\u00fchle ich mich mit der Natur verbunden und bin entschlossen, sie zu sch\u00fctzen. Heute widme ich mein Leben der Sensibilisierung anderer f\u00fcr die Bedeutung des Umweltschutzes f\u00fcr zuk\u00fcnftige Generationen.\",\"sameAs\":[\"https:\\\/\\\/www.strassenweb.de\\\/\"]}]}<\/script>\n<!-- \/ Yoast SEO plugin. -->","yoast_head_json":{"title":"Meg Ryans unerwartete K\u00fccheninsel liest eher ein dauerhafter Esstisch (mit einem Waschbecken)-es ist das perfekte Mehrzweckdesign - Nachrichten - Stra\u00dfenweb","robots":{"index":"index","follow":"follow","max-snippet":"max-snippet:-1","max-image-preview":"max-image-preview:large","max-video-preview":"max-video-preview:-1"},"canonical":"https:\/\/www.strassenweb.de\/nachrichten\/meg-ryans-unerwartete-kuecheninsel-liest-eher-ein-dauerhafter-esstisch-mit-einem-waschbecken-es-ist-das-perfekte-mehrzweckdesign\/","og_locale":"de_DE","og_type":"article","og_title":"Meg Ryans unerwartete K\u00fccheninsel liest eher ein dauerhafter Esstisch (mit einem Waschbecken)-es ist das perfekte Mehrzweckdesign - Nachrichten - Stra\u00dfenweb","og_description":"Was ich in den K\u00fcchen 2025 bemerke, ist, dass K\u00fcchentische langsam den Zweck (und die Beliebtheit) der K\u00fccheninseln ersetzen. Es ist weitaus wahrscheinlicher, dass Sie","og_url":"https:\/\/www.strassenweb.de\/nachrichten\/meg-ryans-unerwartete-kuecheninsel-liest-eher-ein-dauerhafter-esstisch-mit-einem-waschbecken-es-ist-das-perfekte-mehrzweckdesign\/","og_site_name":"Stra\u00dfenweb","article_publisher":"https:\/\/www.facebook.com\/strassenweb\/","article_published_time":"2025-10-02T05:39:54+00:00","article_modified_time":"2025-10-02T05:39:55+00:00","og_image":[{"width":1600,"height":900,"url":"https:\/\/www.strassenweb.de\/nachrichten\/wp-content\/uploads\/2025\/10\/Meg-Ryans-unerwartete-Kuecheninsel-liest-eher-ein-dauerhafter-Esstisch-mit.jpg","type":"image\/jpeg"}],"author":"Robert Hoffmann","twitter_card":"summary_large_image","twitter_misc":{"Verfasst von":"Robert Hoffmann","Gesch\u00e4tzte Lesezeit":"3\u00a0Minuten"},"schema":{"@context":"https:\/\/schema.org","@graph":[{"@type":"Article","@id":"https:\/\/www.strassenweb.de\/nachrichten\/meg-ryans-unerwartete-kuecheninsel-liest-eher-ein-dauerhafter-esstisch-mit-einem-waschbecken-es-ist-das-perfekte-mehrzweckdesign\/#article","isPartOf":{"@id":"https:\/\/www.strassenweb.de\/nachrichten\/meg-ryans-unerwartete-kuecheninsel-liest-eher-ein-dauerhafter-esstisch-mit-einem-waschbecken-es-ist-das-perfekte-mehrzweckdesign\/"},"author":{"name":"Robert Hoffmann","@id":"https:\/\/www.strassenweb.de\/nachrichten\/#\/schema\/person\/87c9c9067f1211da429a744dc5a5aa41"},"headline":"Meg Ryans unerwartete K\u00fccheninsel liest eher ein dauerhafter Esstisch (mit einem Waschbecken)-es ist das perfekte Mehrzweckdesign","datePublished":"2025-10-02T05:39:54+00:00","dateModified":"2025-10-02T05:39:55+00:00","mainEntityOfPage":{"@id":"https:\/\/www.strassenweb.de\/nachrichten\/meg-ryans-unerwartete-kuecheninsel-liest-eher-ein-dauerhafter-esstisch-mit-einem-waschbecken-es-ist-das-perfekte-mehrzweckdesign\/"},"wordCount":547,"publisher":{"@id":"https:\/\/www.strassenweb.de\/nachrichten\/#organization"},"image":{"@id":"https:\/\/www.strassenweb.de\/nachrichten\/meg-ryans-unerwartete-kuecheninsel-liest-eher-ein-dauerhafter-esstisch-mit-einem-waschbecken-es-ist-das-perfekte-mehrzweckdesign\/#primaryimage"},"thumbnailUrl":"https:\/\/www.strassenweb.de\/nachrichten\/wp-content\/uploads\/2025\/10\/Meg-Ryans-unerwartete-Kuecheninsel-liest-eher-ein-dauerhafter-Esstisch-mit.jpg","keywords":["das","dauerhafter","eher","ein","einem","Esstisch","ist","K\u00fccheninsel","liest","Meg","Mehrzweckdesign","mit","perfekte","Ryans","unerwartete","Waschbeckenes"],"articleSection":["Haus &amp; Garten"],"inLanguage":"de"},{"@type":"WebPage","@id":"https:\/\/www.strassenweb.de\/nachrichten\/meg-ryans-unerwartete-kuecheninsel-liest-eher-ein-dauerhafter-esstisch-mit-einem-waschbecken-es-ist-das-perfekte-mehrzweckdesign\/","url":"https:\/\/www.strassenweb.de\/nachrichten\/meg-ryans-unerwartete-kuecheninsel-liest-eher-ein-dauerhafter-esstisch-mit-einem-waschbecken-es-ist-das-perfekte-mehrzweckdesign\/","name":"Meg Ryans unerwartete K\u00fccheninsel liest eher ein dauerhafter Esstisch (mit einem Waschbecken)-es ist das perfekte Mehrzweckdesign - Nachrichten - Stra\u00dfenweb","isPartOf":{"@id":"https:\/\/www.strassenweb.de\/nachrichten\/#website"},"primaryImageOfPage":{"@id":"https:\/\/www.strassenweb.de\/nachrichten\/meg-ryans-unerwartete-kuecheninsel-liest-eher-ein-dauerhafter-esstisch-mit-einem-waschbecken-es-ist-das-perfekte-mehrzweckdesign\/#primaryimage"},"image":{"@id":"https:\/\/www.strassenweb.de\/nachrichten\/meg-ryans-unerwartete-kuecheninsel-liest-eher-ein-dauerhafter-esstisch-mit-einem-waschbecken-es-ist-das-perfekte-mehrzweckdesign\/#primaryimage"},"thumbnailUrl":"https:\/\/www.strassenweb.de\/nachrichten\/wp-content\/uploads\/2025\/10\/Meg-Ryans-unerwartete-Kuecheninsel-liest-eher-ein-dauerhafter-Esstisch-mit.jpg","datePublished":"2025-10-02T05:39:54+00:00","dateModified":"2025-10-02T05:39:55+00:00","breadcrumb":{"@id":"https:\/\/www.strassenweb.de\/nachrichten\/meg-ryans-unerwartete-kuecheninsel-liest-eher-ein-dauerhafter-esstisch-mit-einem-waschbecken-es-ist-das-perfekte-mehrzweckdesign\/#breadcrumb"},"inLanguage":"de","potentialAction":[{"@type":"ReadAction","target":["https:\/\/www.strassenweb.de\/nachrichten\/meg-ryans-unerwartete-kuecheninsel-liest-eher-ein-dauerhafter-esstisch-mit-einem-waschbecken-es-ist-das-perfekte-mehrzweckdesign\/"]}]},{"@type":"ImageObject","inLanguage":"de","@id":"https:\/\/www.strassenweb.de\/nachrichten\/meg-ryans-unerwartete-kuecheninsel-liest-eher-ein-dauerhafter-esstisch-mit-einem-waschbecken-es-ist-das-perfekte-mehrzweckdesign\/#primaryimage","url":"https:\/\/www.strassenweb.de\/nachrichten\/wp-content\/uploads\/2025\/10\/Meg-Ryans-unerwartete-Kuecheninsel-liest-eher-ein-dauerhafter-Esstisch-mit.jpg","contentUrl":"https:\/\/www.strassenweb.de\/nachrichten\/wp-content\/uploads\/2025\/10\/Meg-Ryans-unerwartete-Kuecheninsel-liest-eher-ein-dauerhafter-Esstisch-mit.jpg","width":1600,"height":900,"caption":"Meg Ryan"},{"@type":"BreadcrumbList","@id":"https:\/\/www.strassenweb.de\/nachrichten\/meg-ryans-unerwartete-kuecheninsel-liest-eher-ein-dauerhafter-esstisch-mit-einem-waschbecken-es-ist-das-perfekte-mehrzweckdesign\/#breadcrumb","itemListElement":[{"@type":"ListItem","position":1,"name":"Home","item":"https:\/\/www.strassenweb.de\/nachrichten\/"},{"@type":"ListItem","position":2,"name":"Meg Ryans unerwartete K\u00fccheninsel liest eher ein dauerhafter Esstisch (mit einem Waschbecken)-es ist das perfekte Mehrzweckdesign"}]},{"@type":"WebSite","@id":"https:\/\/www.strassenweb.de\/nachrichten\/#website","url":"https:\/\/www.strassenweb.de\/nachrichten\/","name":"Stra\u00dfenweb","description":"Stra\u00dfenverzeichnis f\u00fcr Deutschland","publisher":{"@id":"https:\/\/www.strassenweb.de\/nachrichten\/#organization"},"potentialAction":[{"@type":"SearchAction","target":{"@type":"EntryPoint","urlTemplate":"https:\/\/www.strassenweb.de\/nachrichten\/?s={search_term_string}"},"query-input":{"@type":"PropertyValueSpecification","valueRequired":true,"valueName":"search_term_string"}}],"inLanguage":"de"},{"@type":"Organization","@id":"https:\/\/www.strassenweb.de\/nachrichten\/#organization","name":"Stra\u00dfenweb","url":"https:\/\/www.strassenweb.de\/nachrichten\/","logo":{"@type":"ImageObject","inLanguage":"de","@id":"https:\/\/www.strassenweb.de\/nachrichten\/#\/schema\/logo\/image\/","url":"https:\/\/www.strassenweb.de\/nachrichten\/wp-content\/uploads\/2024\/09\/cropped-favicon.png","contentUrl":"https:\/\/www.strassenweb.de\/nachrichten\/wp-content\/uploads\/2024\/09\/cropped-favicon.png","width":512,"height":512,"caption":"Stra\u00dfenweb"},"image":{"@id":"https:\/\/www.strassenweb.de\/nachrichten\/#\/schema\/logo\/image\/"},"sameAs":["https:\/\/www.facebook.com\/strassenweb\/"]},{"@type":"Person","@id":"https:\/\/www.strassenweb.de\/nachrichten\/#\/schema\/person\/87c9c9067f1211da429a744dc5a5aa41","name":"Robert Hoffmann","image":{"@type":"ImageObject","inLanguage":"de","@id":"https:\/\/www.strassenweb.de\/nachrichten\/wp-content\/uploads\/2024\/09\/strassenweb-150x150.jpg","url":"https:\/\/www.strassenweb.de\/nachrichten\/wp-content\/uploads\/2024\/09\/strassenweb-150x150.jpg","contentUrl":"https:\/\/www.strassenweb.de\/nachrichten\/wp-content\/uploads\/2024\/09\/strassenweb-150x150.jpg","caption":"Robert Hoffmann"},"description":"Ich hei\u00dfe Robert Hoffmann und ich bin ein leidenschaftlicher Verfechter von \u00d6kologie und Biodiversit\u00e4t. Seit meiner Kindheit in den W\u00e4ldern Bayerns f\u00fchle ich mich mit der Natur verbunden und bin entschlossen, sie zu sch\u00fctzen. Heute widme ich mein Leben der Sensibilisierung anderer f\u00fcr die Bedeutung des Umweltschutzes f\u00fcr zuk\u00fcnftige Generationen.","sameAs":["https:\/\/www.strassenweb.de\/"]}]}},"_links":{"self":[{"href":"https:\/\/www.strassenweb.de\/nachrichten\/wp-json\/wp\/v2\/posts\/8149","targetHints":{"allow":["GET"]}}],"collection":[{"href":"https:\/\/www.strassenweb.de\/nachrichten\/wp-json\/wp\/v2\/posts"}],"about":[{"href":"https:\/\/www.strassenweb.de\/nachrichten\/wp-json\/wp\/v2\/types\/post"}],"author":[{"embeddable":true,"href":"https:\/\/www.strassenweb.de\/nachrichten\/wp-json\/wp\/v2\/users\/1"}],"replies":[{"embeddable":true,"href":"https:\/\/www.strassenweb.de\/nachrichten\/wp-json\/wp\/v2\/comments?post=8149"}],"version-history":[{"count":0,"href":"https:\/\/www.strassenweb.de\/nachrichten\/wp-json\/wp\/v2\/posts\/8149\/revisions"}],"wp:featuredmedia":[{"embeddable":true,"href":"https:\/\/www.strassenweb.de\/nachrichten\/wp-json\/wp\/v2\/media\/8150"}],"wp:attachment":[{"href":"https:\/\/www.strassenweb.de\/nachrichten\/wp-json\/wp\/v2\/media?parent=8149"}],"wp:term":[{"taxonomy":"category","embeddable":true,"href":"https:\/\/www.strassenweb.de\/nachrichten\/wp-json\/wp\/v2\/categories?post=8149"},{"taxonomy":"post_tag","embeddable":true,"href":"https:\/\/www.strassenweb.de\/nachrichten\/wp-json\/wp\/v2\/tags?post=8149"}],"curies":[{"name":"wp","href":"https:\/\/api.w.org\/{rel}","templated":true}]}}