{"id":8146,"date":"2025-10-02T04:40:42","date_gmt":"2025-10-02T02:40:42","guid":{"rendered":"https:\/\/www.strassenweb.de\/nachrichten\/7-veraltete-kuechentrends-moechten-im-jahr-2025-abreisen-und-was-sie-stattdessen-fuer-2026-tun-sollten\/"},"modified":"2025-10-02T04:40:43","modified_gmt":"2025-10-02T02:40:43","slug":"7-veraltete-kuechentrends-moechten-im-jahr-2025-abreisen-und-was-sie-stattdessen-fuer-2026-tun-sollten","status":"publish","type":"post","link":"https:\/\/www.strassenweb.de\/nachrichten\/7-veraltete-kuechentrends-moechten-im-jahr-2025-abreisen-und-was-sie-stattdessen-fuer-2026-tun-sollten\/","title":{"rendered":"7 Veraltete K\u00fcchentrends m\u00f6chten im Jahr 2025 abreisen &#8211; und was Sie stattdessen f\u00fcr 2026 tun sollten"},"content":{"rendered":"<p><\/p>\n<div id=\"article-body\" class=\"article__body \">\n<p id=\"c6ba2db1-89d2-44d8-89dd-d1d8cc301b0e\">Dieses Jahr war einer der besten f\u00fcr Trends, insbesondere in der K\u00fcche. Viele der gr\u00f6\u00dften Stile und aufstrebenden Designs f\u00fchlten sich zeitloser als &#8222;im Trend&#8220;. Die meisten hatten einen dauerhaften Anziehungskraft, dass Trends der vergangenen Jahre oft fehlten. Aber das wichtige Wort hier ist am meisten.<\/p>\n<div id=\"ad-unit-1\" class=\"ad-unit\"><\/div>\n<p>W\u00e4hrend es einige K\u00fcchentrends gab, die wir alle liebten und weiterhin sch\u00e4tzen (erh\u00f6hte Backsplashes, stimmungsigere Schrankfarben, rotes Marmor), gibt es einige, von denen Innenarchitekten glauben, dass sie im Jahr 2025 fest bleiben sollten. Dies sind die sieben datierten K\u00fcchentrends, die Designer in unserer H\u00e4user nicht in unsere H\u00e4user gehen, und ihre Vorschl\u00e4ge, die zeitloser, zeitloser, um sich zu entziehen.<\/p>\n<h2 id=\"7-kitchen-trends-designers-want-to-leave-in-2025-3\">7 K\u00fcchentrends Designer wollen im Jahr 2025 abreisen<\/h2>\n<aside data-block-type=\"embed\" data-render-type=\"fte\" data-skip=\"dealsy\" data-widget-type=\"seasonal\" class=\"hawk-root\"><\/aside>\n<p id=\"e41dc195-6698-46be-973d-6f278b157966-0\">Nicht jeder Trend kann ein Gewinner sein, insbesondere bei den Experten, die sie alle gesehen und ausprobiert haben. Wenn wir anfangen, auf die gr\u00f6\u00dften K\u00fcchentrends f\u00fcr 2026 und dar\u00fcber hinaus zu schauen, sagen Designer, dass dies diejenigen sind, die den Schnitt einfach nicht machen.<\/p>\n<div class=\"van_vid_carousel\">\n<div class=\"van_vid_carousel__padding\">\n<div class=\"van_vid_carousel__container\"><\/div>\n<\/div>\n<\/div>\n<h3 class=\"article-body__section\" id=\"section-1-oversized-pendant-lights\"><span>1. \u00dcbergro\u00dfe Anh\u00e4ngerlichter<\/span><\/h3>\n<figure class=\"van-image-figure inline-layout \" data-bordeaux-image-check id=\"661bebeb-b073-4ed8-a881-b91bbbb67935\">\n<div class=\"image-full-width-wrapper\">\n<div class=\"image-widthsetter\" style=\"max-width:2000px;\"><\/div>\n<\/div><figcaption class=\"inline-layout \">\n<div class=\"caption-text\">\n<p>Layered Lighting in dieser K\u00fcche schafft ein gem\u00fctliches, lebhaftes Gef\u00fchl-insbesondere mit den charmanten Lampent\u00f6nen.<\/p>\n<\/div>\n<\/figcaption><\/figure>\n<p id=\"4ff80c3f-5d99-4d21-ac68-a587a5fd9df9\">Die K\u00fcchenbeleuchtung in den letzten Jahren hat einen bestimmten Stil bevorzugt: Anh\u00e4nger. \u00dcber Ihrer Insel oder \u00fcber einem Waschbecken boten sie eine neue M\u00f6glichkeit, etwas funktionaleres \u00c4sthetik zu machen. Aber der \u00fcbergro\u00dfe Ansatz hat sich f\u00fcr einige Designer \u00fcbertrieben und veraltet gef\u00fchlt.<\/p>\n<div id=\"ad-unit-2\" class=\"ad-unit\"><\/div>\n<p>Als ich Corinne Ekle, Gr\u00fcnderin und Hauptdesignerin bei C2 Design, fragte, welchen K\u00fcchentrend sie im Jahr 2025 verlassen m\u00f6chte, sagte sie: \u201e\u00dcbergro\u00dfe Anh\u00e4nger, die den Raum dominieren. Der Fokus verlagert sich auf kleinere, absichtlichere Spieler, die die Architektur und Handwerkskunst hervorheben, anstatt die Show zu stehlen. &#8218;<\/p>\n<p>Schichtbeleuchtung ist eine viel bessere M\u00f6glichkeit, eine einladende, charakteristische K\u00fcche zu schaffen, die immer noch viel Aufgabenbeleuchtung bietet. Kleinere, angesehene Anh\u00e4ngerlichter f\u00fchlen sich zeitloser an und kombinieren sich wundersch\u00f6n mit Wandleuchten und sogar ein paar Thekenlampen.<\/p>\n<div class=\"product-container hero-product-container product-block-no-wrap\">\n<div class=\"product-block-row\"><\/div>\n<div class=\"product-block-row\"><\/div>\n<div class=\"product-block-row\"><\/div>\n<\/div>\n<h3 class=\"article-body__section\" id=\"section-2-removing-all-the-upper-cabinets\"><span>2. Entfernen Sie alle oberen Schr\u00e4nke<\/span><\/h3>\n<figure class=\"van-image-figure inline-layout \" data-bordeaux-image-check id=\"7d1a9477-c0f4-446e-b88a-52dcd5471f2a\">\n<div class=\"image-full-width-wrapper\">\n<div class=\"image-widthsetter\" style=\"max-width:2000px;\"><\/div>\n<\/div><figcaption class=\"inline-layout \">\n<div class=\"caption-text\">\n<p>Durch den Austausch einiger der oberen Schrankt\u00fcren gegen Glas hat sich diese K\u00fcche gr\u00f6\u00dfer und weniger eingebaut, ohne dass der Speicher entfernen muss.<\/p>\n<\/div>\n<\/figcaption><\/figure>\n<p id=\"f4321b10-dba5-456c-a3e2-be0e8754d6df\">Der Wunsch nach einer weniger utilitarischen K\u00fcche hat uns alle getroffen. Die Leute wollen, dass es sich gelebt hat, gem\u00fctlich und fast so, als w\u00e4re es \u00fcberhaupt keine K\u00fcche. Aber f\u00fcr einige Designer ist es vielleicht einen Schritt zu weit gegangen, und wir beginnen einige wirklich funktionale Elemente zu verlieren.<\/p>\n<div id=\"slice-container-newsletterForm-articleInbodyContent-Ji55DSLsSdvymf8g5LMddY\" class=\"slice-container newsletter-inbodyContent-slice newsletterForm-articleInbodyContent-Ji55DSLsSdvymf8g5LMddY slice-container-newsletterForm\"><\/div>\n<p>&#8218;Der Trend, die oberen Schr\u00e4nke zu beseitigen, f\u00fchlt sich veraltet an. W\u00e4hrend minimalistische K\u00fcchen auf Fotos luftig aussehen k\u00f6nnen, sind sie unpraktisch. Der Verlust vertikaler Lagerung f\u00fchrt h\u00e4ufig zu \u00fcberf\u00fcllten Z\u00e4hgern oder \u00fcberf\u00fcllten Vorratskammern \u201c, sagt Kelsey Matyas von Kelsey Deirdre Designs.<\/p>\n<p>\u201eBetrachten Sie einen ausgewogenen Ansatz: F\u00fchren Sie die oberen Schr\u00e4nke bei Bedarf wieder ein oder w\u00e4hlen Sie Glasfront- oder flachere Schr\u00e4nke, die die Offenheit beibehalten, w\u00e4hrend die Funktion hinzugef\u00fcgt wird. Ich hoffe, K\u00fcchen zu sehen, die Sch\u00f6nheit und Praktikabilit\u00e4t mit nachdenklicher Lagerung, Garagen f\u00fcr versteckte Ger\u00e4te und Details wie Gipshaube, Steinbacksplashes und Topff\u00fcllern kombinieren, die Charakter hinzuf\u00fcgen, ohne die Funktionen zu beeintr\u00e4chtigen \u201c, f\u00fcgt sie hinzu.<\/p>\n<h3 class=\"article-body__section\" id=\"section-3-all-white-kitchens\"><span>3. All-wei\u00dfe K\u00fcchen<\/span><\/h3>\n<figure class=\"van-image-figure inline-layout \" data-bordeaux-image-check id=\"f291de0c-cd57-4454-ac6b-8320ac4bd0e9\">\n<div class=\"image-full-width-wrapper\">\n<div class=\"image-widthsetter\" style=\"max-width:2400px;\"><\/div>\n<\/div><figcaption class=\"inline-layout \">\n<div class=\"caption-text\">\n<p>Die reichen Holzt\u00f6ne der Insel- und Deckenbalken verleihen dieser wei\u00dfen K\u00fcche so viel W\u00e4rme und Charakter.<\/p>\n<\/div>\n<\/figcaption><\/figure>\n<p id=\"741ef557-b440-46b9-8dd7-b6d1119a9e3d\">K\u00fcchenfarbe trendt zu w\u00e4rmeren Farben, sei es ein weicher, einladender neutraler oder ein reicher, stimmungsvoller Farbton. Es ist also wahrscheinlich keine \u00dcberraschung, dass viele Designer sagen, die rein wei\u00dfe K\u00fcche f\u00fchlt sich in der Vergangenheit noch \u00fcbrig.<\/p>\n<p>&#8218;Ein minimalistischer Grundnahrungsmittel Ich bin bereit, im Jahr 2025 zur\u00fcckzulassen, ist die rein wei\u00dfe K\u00fcche. Versteh mich nicht falsch, ich liebe immer noch wei\u00dfe Schr\u00e4nke, aber ich bin bereit, mehr geschichtete Textur und Kontrast in das Bild zu sehen \u201c, sagt Sarah Brady, Gr\u00fcnderin und Kreativdirektorin von Salt Design Company.<\/p>\n<p>\u201eObwohl wir auf seine eigene Weise zeitlos sind, bevorzugen wir K\u00fcchen, die im Gegensatz, W\u00e4rme und Textur schichten und mehr Pers\u00f6nlichkeit und Tiefe in einen so beliebten Raum mit hohem Verkehr bringen. Geben Sie der Insel oder den unteren Schr\u00e4nken einen Kontrast zu einem tieferen Farbton. Denken Sie an Marine, Olive oder Taupe. Erweichen Sie dann den Look, indem Sie Textur \u00fcberschichten: Tauschen Sie in Rattan -Anh\u00e4nger ein und stylen Sie ein paar Schneidebretter oder Holzakzente als absichtliche Anzeigen. &#8218;<\/p>\n<figure class=\"van-image-figure inline-layout \" data-bordeaux-image-check id=\"0d66b016-6370-422b-b26b-3b21da35570e\">\n<div class=\"image-full-width-wrapper\">\n<div class=\"image-widthsetter\" style=\"max-width:2400px;\"><\/div>\n<\/div><figcaption class=\"inline-layout \">\n<div class=\"caption-text\">\n<p>Die einfache Zugabe von Barhosen mit Holzrahmen f\u00fcgt Textur und Kontrast zu den wei\u00dfen Oberfl\u00e4chen hinzu.<\/p>\n<\/div>\n<\/figcaption><\/figure>\n<p id=\"c4953cff-e2b9-4c01-b1c9-30400c7ad751\">Jetzt sagt niemand, dass eine wei\u00dfe K\u00fcche veraltet ist &#8211; es ist ein klassischer Neutral, der immer ihren Platz hat. Aber wenn Ihre K\u00fcche nur Wei\u00df enth\u00e4lt, wird sie sich flach und steril anf\u00fchlen. Es gibt viele kleinere M\u00f6glichkeiten, Ihren Platz in 2026 zu bringen, ohne alles zu neu ausbacken oder zu zerrei\u00dfen.<\/p>\n<p>&#8222;Ein vollst\u00e4ndiger Umbau ist nicht erforderlich, um Ihre K\u00fcche in 2026 zu bringen. Beginnen Sie mit der W\u00e4rme: Einf\u00fchrung von Holzakzenten durch Schneidebretter oder offenes Regal oder Hinzuf\u00fcgen von Hardware mit gemischtem Metall f\u00fcr subtile Kontrast&#8220;, schl\u00e4gt Corinne vor.<\/p>\n<p>&#8218;Selbst kleine Upgrades wie neue Barhocker, Anh\u00e4ngert\u00f6ne oder gem\u00fctliche Textilien k\u00f6nnen die Stimmung dramatisch verschieben. Verwenden Sie Ihre K\u00fcche als Galerie f\u00fcr Ihre Pers\u00f6nlichkeit, indem Sie offene Regale mit lebendigen Keramik, Vintage -Glaswaren oder Kochb\u00fcchern stylen, die Sie lieben &#8211; diese kleinen Momente lassen sich ein Raum lebendig anf\u00fchlen. &#8218;<\/p>\n<div class=\"product-container hero-product-container product-block-no-wrap\">\n<div class=\"product-block-row\"><\/div>\n<div class=\"product-block-row\"><\/div>\n<div class=\"product-block-row\"><\/div>\n<\/div>\n<h3 class=\"article-body__section\" id=\"section-4-the-rustic-farmhouse-aesthetic\"><span>4. Die rustikale Bauernhaus\u00e4sthetik<\/span><\/h3>\n<figure class=\"van-image-figure inline-layout \" data-bordeaux-image-check id=\"4c906ae5-d7a1-4af4-a6d8-86f2a8674538\">\n<div class=\"image-full-width-wrapper\">\n<div class=\"image-widthsetter\" style=\"max-width:2400px;\"><\/div>\n<\/div><figcaption class=\"inline-layout \">\n<div class=\"caption-text\">\n<p>Diese K\u00fcche wurde mit dem strukturierten Finish auf den blauen Schrankt\u00fcren zum Leben erweckt. Es ist eine schickere M\u00f6glichkeit, Interesse zu verleihen.<\/p>\n<\/div>\n<\/figcaption><\/figure>\n<p id=\"b1a4bfa6-d0c9-42ff-92df-e2f51b2557e6\">Wenn Sie an 2024 zur\u00fcckdenken, \u00fcberschritt jede \u00c4sthetik, die den Bauernhause -Stil umfasste, die Trends. Es war rustikal und charakteristisch, etwas, das sich alle sehnte, als sich die K\u00fcche zu mehr in den Lebensr\u00e4umen gelebten R\u00e4umen wandte. Es ist jedoch ein Blick, der in einigen F\u00e4llen etwas zu weit gegangen ist und sich weniger zeitlos gef\u00fchlt hat.<\/p>\n<p>&#8222;Rustikale und Bauernhausk\u00fcchen, die lange auf dem Markt \u00fcbers\u00e4ttigt sind, fallen in Ungnade&#8220;, sagt Hillary Cohen von HCO Interiors, der feststellt, dass die Menschen jetzt nach weniger offensichtlichen Ans\u00e4tzen suchen, um ihren K\u00fcchen Textur und Interesse zu erweitern.<\/p>\n<p>&#8222;Anstelle von offen bedr\u00fcckten W\u00e4ldern und Shiplap sehen wir, wie diese \u00e4sthetische \u00e4sthetische durch subtilere, strukturelle Ans\u00e4tze neu interpretiert wird-Gipsw\u00e4nde, Limowash-Oberfl\u00e4chen und handwerkliche Details, die Tiefe und Charakter bringen, ohne sich zu stark in Nostalgie zu lehnen.&#8220;<\/p>\n<h3 class=\"article-body__section\" id=\"section-5-high-contrast-black-and-white-spaces\"><span>5. hohe kontrastische Schwarz-Wei\u00df-R\u00e4ume<\/span><\/h3>\n<figure class=\"van-image-figure inline-layout \" data-bordeaux-image-check id=\"6b018b26-5022-48f9-add5-4848e3201be5\">\n<div class=\"image-full-width-wrapper\">\n<div class=\"image-widthsetter\" style=\"max-width:2400px;\"><\/div>\n<\/div><figcaption class=\"inline-layout \">\n<div class=\"caption-text\">\n<p>Diese K\u00fcche beweist, dass Sie ohne starke Farben Kontrast schaffen k\u00f6nnen. Hier wurden Holz, wei\u00df und ein weicher grauer Farbton verwendet, um dem Raum einen mehr geschichteten Look zu verleihen.<\/p>\n<\/div>\n<\/figcaption><\/figure>\n<p id=\"53ba5922-2031-4093-b5ff-6af134fc421e\">Eine Sache, die wir mit Sicherheit sagen k\u00f6nnen, ist, dass die Farbpaletten der K\u00fcche sehr aus der Mode sind und eine schnelle M\u00f6glichkeit sind, Ihre K\u00fcche in den 2010er Jahren festzuhalten. Es gibt jedoch eine Farbpaarung, die Designer zur\u00fccklassen m\u00f6chten.<\/p>\n<p>&#8218;Mit hohem kontrastisches Schwarzwei\u00dfinnenraum und \u00fcberm\u00e4\u00dfig starker Minimalismus sind auf dem Weg nach drau\u00dfen. Das Pendel schwingt zur\u00fcck zu R\u00e4umen, die sich weicher, geschichtter und bequemer anf\u00fchlen \u201c, sagt Diana Wagenbach von Studio W Interiors.<\/p>\n<p>\u00c4hnlich wie wir uns wei\u00dfen K\u00fcchen n\u00e4hern, sind Schichten, Textur und weicherer Kontrast viel zeitloser und geschmackvoller. Und f\u00fcr Diana ist das Einbringen von organischen Formen und nat\u00fcrlichen Materialien der Schl\u00fcssel.<\/p>\n<p>\u201eDenken Sie \u00fcber geschichtete Neutrale, reiche Holzt\u00f6ne und Naturstein mit organischer Bewegung. M\u00f6bel- und Geh\u00e4useg\u00fcter lehnen skulptural und taktil, mit Kurven, weichen Kanten und handwerklichen Details \u201c, f\u00fcgt sie hinzu.<\/p>\n<h3 class=\"article-body__section\" id=\"section-6-fluted-cabinetry\"><span>6. geriffelte Schr\u00e4nke<\/span><\/h3>\n<figure class=\"van-image-figure inline-layout \" data-bordeaux-image-check id=\"aa17febc-63a1-4345-ab42-2094cdeae75c\">\n<div class=\"image-full-width-wrapper\">\n<div class=\"image-widthsetter\" style=\"max-width:2400px;\"><\/div>\n<\/div><figcaption class=\"inline-layout \">\n<div class=\"caption-text\">\n<p>Das geriffelte Waschbecken in dieser K\u00fcche bringt eine spielerische Textur ohne die mit geriffelten Schr\u00e4nken ausgestatteten Reinigungsschwierigkeiten ein.<\/p>\n<\/div>\n<\/figcaption><\/figure>\n<p id=\"54af2d3a-5458-455e-8843-fd3ed768a4dc\">Es war ein abenteuerliches Jahr in Bezug auf die Suche nach neuen und aufregenden M\u00f6glichkeiten, um K\u00fcchen Textur hinzuzuf\u00fcgen. Wir haben metallische Bedeckungen, Zellige -Fliesen und sogar geriffelte K\u00fcchenschr\u00e4nke im Mittelpunkt stehen, aber letzteres ist einer, von dem Designer nicht vollst\u00e4ndig genommen werden.<\/p>\n<p>\u201eIch liebe geriffelte Details, aber nicht in K\u00fcchen. Es ist fast unm\u00f6glich, sauber zu bleiben. Die geriffelten Schr\u00e4nke sind jetzt trendy, aber bald wird es jeder K\u00fcche bis in die 2020er Jahre verabredet \u201c, sagt Jennifer Press of Press Interiors.<\/p>\n<p>Stattdessen k\u00f6nnen Sie durch Beleuchtung, M\u00f6bel, ein K\u00fcchensp\u00fcle oder sogar Ihre K\u00fcchengeschirr wie eine Obstschale oder eine Marmorschale durch Beleuchtung, M\u00f6bel, ein Sp\u00fclbecken oder sogar Ihre K\u00fcchengeschirr einbringen. Sie sind kleinere Ticketartikel, die viel einfacher zu reinigen sind, aber sie erh\u00f6hen Ihren Raum mit Textur und Interesse immer noch.<\/p>\n<div class=\"product-container hero-product-container product-block-no-wrap\">\n<div class=\"product-block-row\"><\/div>\n<div class=\"product-block-row\"><\/div>\n<div class=\"product-block-row\"><\/div>\n<\/div>\n<h3 class=\"article-body__section\" id=\"section-7-uniform-finishes\"><span>7. Uniform<\/span><\/h3>\n<figure class=\"van-image-figure inline-layout \" data-bordeaux-image-check id=\"41d0ec8b-943e-4728-ab9e-cb042546b2b6\">\n<div class=\"image-full-width-wrapper\">\n<div class=\"image-widthsetter\" style=\"max-width:2000px;\"><\/div>\n<\/div><figcaption class=\"inline-layout \">\n<div class=\"caption-text\">\n<p>In dieser K\u00fcche spielen drei verschiedene Metalle: Das gealterte Messing auf dem Schrank, das Chromdekor im Regal und das dunklere Finish auf der Leuchte.<\/p>\n<\/div>\n<\/figcaption><\/figure>\n<p id=\"be47b2b7-d4cf-479c-9e3d-7e39f23f875a\">Zusammenhalt ist in Ihrem K\u00fcchendesign sehr wichtig, aber das bedeutet nicht, dass alles mithalten muss. Vom Mischen von Metallen und Oberfl\u00e4chen bis zum Spielen mit Skala ist die Gleichm\u00e4\u00dfigkeit aus, wenn wir in 2026 gehen.<\/p>\n<p>&#8218;Einheitliche Oberfl\u00e4chen in der K\u00fcche f\u00fchlen sich vorhersehbar an. Umarmen Sie den Kontrast und lassen Sie die Kabinettshardware und die Sanit\u00e4ranpassungen unterscheiden, die Tiefe erzeugen. Das Mischen von Metallen bringt Reichtum und Raffinesse in das Gesamtdesign \u201c, sagt Coco Greenblum von Studio Coco Greenblum.<\/p>\n<p>\u201eWenn Ihre K\u00fcche passende Oberfl\u00e4chen hat, ist eine vollst\u00e4ndige Renovierung nicht erforderlich. Kleine Swaps wie das Wechseln von Schrankhardware oder Leuchten in ein kontrastierendes Metall k\u00f6nnen einen gro\u00dfen Einfluss haben. Das Schichten von Variationen f\u00fcgt allm\u00e4hlich Charakter hinzu, ohne den Raum zu \u00fcberw\u00e4ltigen.<\/p>\n<hr id=\"64f3aa6c-7120-49d2-9026-01faace47691\">\n<p id=\"2f821bda-952d-478e-a367-990609159509\">W\u00e4hrend die j\u00fcngsten K\u00fcchentrends zeitlos ansprechen, gibt es immer einige, die fl\u00fcchtig sind. Und wenn Sie mit Blick auf Langlebigkeit entwerfen, sollten Sie in den n\u00e4chsten 10 Jahren Elemente einf\u00fchren, von denen Designer der Ansicht sind, dass sie im K\u00fcchendesign gro\u00df sind, und sich von allen Trends fernhalten, die die \u00c4sthetik vor der Funktion priorisieren.<\/p>\n<\/div>\n","protected":false},"excerpt":{"rendered":"<p>Dieses Jahr war einer der besten f\u00fcr Trends, insbesondere in der K\u00fcche. Viele der gr\u00f6\u00dften Stile und aufstrebenden Designs f\u00fchlten sich zeitloser als &#8222;im Trend&#8220;.<\/p>\n","protected":false},"author":1,"featured_media":8147,"comment_status":"closed","ping_status":"","sticky":false,"template":"","format":"standard","meta":{"footnotes":""},"categories":[118],"tags":[10500,55,384,280,647,165,560,646,553,37,2656],"class_list":["post-8146","post","type-post","status-publish","format-standard","has-post-thumbnail","hentry","category-haus-garten","tag-abreisen","tag-fuer","tag-jahr","tag-kuechentrends","tag-moechten","tag-sie","tag-sollten","tag-stattdessen","tag-tun","tag-und","tag-veraltete","generate-columns","tablet-grid-50","mobile-grid-100","grid-parent","grid-50"],"yoast_head":"<!-- This site is optimized with the Yoast SEO plugin v27.3 - https:\/\/yoast.com\/product\/yoast-seo-wordpress\/ -->\n<title>7 Veraltete K\u00fcchentrends m\u00f6chten im Jahr 2025 abreisen - und was Sie stattdessen f\u00fcr 2026 tun sollten - Nachrichten - Stra\u00dfenweb<\/title>\n<meta name=\"robots\" content=\"index, follow, max-snippet:-1, max-image-preview:large, max-video-preview:-1\" \/>\n<link rel=\"canonical\" href=\"https:\/\/www.strassenweb.de\/nachrichten\/7-veraltete-kuechentrends-moechten-im-jahr-2025-abreisen-und-was-sie-stattdessen-fuer-2026-tun-sollten\/\" \/>\n<meta property=\"og:locale\" content=\"de_DE\" \/>\n<meta property=\"og:type\" content=\"article\" \/>\n<meta property=\"og:title\" content=\"7 Veraltete K\u00fcchentrends m\u00f6chten im Jahr 2025 abreisen - und was Sie stattdessen f\u00fcr 2026 tun sollten - Nachrichten - Stra\u00dfenweb\" \/>\n<meta property=\"og:description\" content=\"Dieses Jahr war einer der besten f\u00fcr Trends, insbesondere in der K\u00fcche. Viele der gr\u00f6\u00dften Stile und aufstrebenden Designs f\u00fchlten sich zeitloser als &#8222;im Trend&#8220;.\" \/>\n<meta property=\"og:url\" content=\"https:\/\/www.strassenweb.de\/nachrichten\/7-veraltete-kuechentrends-moechten-im-jahr-2025-abreisen-und-was-sie-stattdessen-fuer-2026-tun-sollten\/\" \/>\n<meta property=\"og:site_name\" content=\"Stra\u00dfenweb\" \/>\n<meta property=\"article:publisher\" content=\"https:\/\/www.facebook.com\/strassenweb\/\" \/>\n<meta property=\"article:published_time\" content=\"2025-10-02T02:40:42+00:00\" \/>\n<meta property=\"article:modified_time\" content=\"2025-10-02T02:40:43+00:00\" \/>\n<meta property=\"og:image\" content=\"https:\/\/www.strassenweb.de\/nachrichten\/wp-content\/uploads\/2025\/10\/7-Veraltete-Kuechentrends-moechten-im-Jahr-2025-abreisen-und.jpg\" \/>\n\t<meta property=\"og:image:width\" content=\"1600\" \/>\n\t<meta property=\"og:image:height\" content=\"900\" \/>\n\t<meta property=\"og:image:type\" content=\"image\/jpeg\" \/>\n<meta name=\"author\" content=\"Robert Hoffmann\" \/>\n<meta name=\"twitter:card\" content=\"summary_large_image\" \/>\n<meta name=\"twitter:label1\" content=\"Verfasst von\" \/>\n\t<meta name=\"twitter:data1\" content=\"Robert Hoffmann\" \/>\n\t<meta name=\"twitter:label2\" content=\"Gesch\u00e4tzte Lesezeit\" \/>\n\t<meta name=\"twitter:data2\" content=\"8\u00a0Minuten\" \/>\n<script type=\"application\/ld+json\" class=\"yoast-schema-graph\">{\"@context\":\"https:\\\/\\\/schema.org\",\"@graph\":[{\"@type\":\"Article\",\"@id\":\"https:\\\/\\\/www.strassenweb.de\\\/nachrichten\\\/7-veraltete-kuechentrends-moechten-im-jahr-2025-abreisen-und-was-sie-stattdessen-fuer-2026-tun-sollten\\\/#article\",\"isPartOf\":{\"@id\":\"https:\\\/\\\/www.strassenweb.de\\\/nachrichten\\\/7-veraltete-kuechentrends-moechten-im-jahr-2025-abreisen-und-was-sie-stattdessen-fuer-2026-tun-sollten\\\/\"},\"author\":{\"name\":\"Robert Hoffmann\",\"@id\":\"https:\\\/\\\/www.strassenweb.de\\\/nachrichten\\\/#\\\/schema\\\/person\\\/87c9c9067f1211da429a744dc5a5aa41\"},\"headline\":\"7 Veraltete K\u00fcchentrends m\u00f6chten im Jahr 2025 abreisen &#8211; und was Sie stattdessen f\u00fcr 2026 tun sollten\",\"datePublished\":\"2025-10-02T02:40:42+00:00\",\"dateModified\":\"2025-10-02T02:40:43+00:00\",\"mainEntityOfPage\":{\"@id\":\"https:\\\/\\\/www.strassenweb.de\\\/nachrichten\\\/7-veraltete-kuechentrends-moechten-im-jahr-2025-abreisen-und-was-sie-stattdessen-fuer-2026-tun-sollten\\\/\"},\"wordCount\":1715,\"publisher\":{\"@id\":\"https:\\\/\\\/www.strassenweb.de\\\/nachrichten\\\/#organization\"},\"image\":{\"@id\":\"https:\\\/\\\/www.strassenweb.de\\\/nachrichten\\\/7-veraltete-kuechentrends-moechten-im-jahr-2025-abreisen-und-was-sie-stattdessen-fuer-2026-tun-sollten\\\/#primaryimage\"},\"thumbnailUrl\":\"https:\\\/\\\/www.strassenweb.de\\\/nachrichten\\\/wp-content\\\/uploads\\\/2025\\\/10\\\/7-Veraltete-Kuechentrends-moechten-im-Jahr-2025-abreisen-und.jpg\",\"keywords\":[\"abreisen\",\"f\u00fcr\",\"Jahr\",\"K\u00fcchentrends\",\"M\u00f6chten\",\"Sie\",\"sollten\",\"stattdessen\",\"tun\",\"und\",\"veraltete\"],\"articleSection\":[\"Haus &amp; Garten\"],\"inLanguage\":\"de\"},{\"@type\":\"WebPage\",\"@id\":\"https:\\\/\\\/www.strassenweb.de\\\/nachrichten\\\/7-veraltete-kuechentrends-moechten-im-jahr-2025-abreisen-und-was-sie-stattdessen-fuer-2026-tun-sollten\\\/\",\"url\":\"https:\\\/\\\/www.strassenweb.de\\\/nachrichten\\\/7-veraltete-kuechentrends-moechten-im-jahr-2025-abreisen-und-was-sie-stattdessen-fuer-2026-tun-sollten\\\/\",\"name\":\"7 Veraltete K\u00fcchentrends m\u00f6chten im Jahr 2025 abreisen - und was Sie stattdessen f\u00fcr 2026 tun sollten - Nachrichten - Stra\u00dfenweb\",\"isPartOf\":{\"@id\":\"https:\\\/\\\/www.strassenweb.de\\\/nachrichten\\\/#website\"},\"primaryImageOfPage\":{\"@id\":\"https:\\\/\\\/www.strassenweb.de\\\/nachrichten\\\/7-veraltete-kuechentrends-moechten-im-jahr-2025-abreisen-und-was-sie-stattdessen-fuer-2026-tun-sollten\\\/#primaryimage\"},\"image\":{\"@id\":\"https:\\\/\\\/www.strassenweb.de\\\/nachrichten\\\/7-veraltete-kuechentrends-moechten-im-jahr-2025-abreisen-und-was-sie-stattdessen-fuer-2026-tun-sollten\\\/#primaryimage\"},\"thumbnailUrl\":\"https:\\\/\\\/www.strassenweb.de\\\/nachrichten\\\/wp-content\\\/uploads\\\/2025\\\/10\\\/7-Veraltete-Kuechentrends-moechten-im-Jahr-2025-abreisen-und.jpg\",\"datePublished\":\"2025-10-02T02:40:42+00:00\",\"dateModified\":\"2025-10-02T02:40:43+00:00\",\"breadcrumb\":{\"@id\":\"https:\\\/\\\/www.strassenweb.de\\\/nachrichten\\\/7-veraltete-kuechentrends-moechten-im-jahr-2025-abreisen-und-was-sie-stattdessen-fuer-2026-tun-sollten\\\/#breadcrumb\"},\"inLanguage\":\"de\",\"potentialAction\":[{\"@type\":\"ReadAction\",\"target\":[\"https:\\\/\\\/www.strassenweb.de\\\/nachrichten\\\/7-veraltete-kuechentrends-moechten-im-jahr-2025-abreisen-und-was-sie-stattdessen-fuer-2026-tun-sollten\\\/\"]}]},{\"@type\":\"ImageObject\",\"inLanguage\":\"de\",\"@id\":\"https:\\\/\\\/www.strassenweb.de\\\/nachrichten\\\/7-veraltete-kuechentrends-moechten-im-jahr-2025-abreisen-und-was-sie-stattdessen-fuer-2026-tun-sollten\\\/#primaryimage\",\"url\":\"https:\\\/\\\/www.strassenweb.de\\\/nachrichten\\\/wp-content\\\/uploads\\\/2025\\\/10\\\/7-Veraltete-Kuechentrends-moechten-im-Jahr-2025-abreisen-und.jpg\",\"contentUrl\":\"https:\\\/\\\/www.strassenweb.de\\\/nachrichten\\\/wp-content\\\/uploads\\\/2025\\\/10\\\/7-Veraltete-Kuechentrends-moechten-im-Jahr-2025-abreisen-und.jpg\",\"width\":1600,\"height\":900,\"caption\":\"kitchen with butter yellow cabinets\"},{\"@type\":\"BreadcrumbList\",\"@id\":\"https:\\\/\\\/www.strassenweb.de\\\/nachrichten\\\/7-veraltete-kuechentrends-moechten-im-jahr-2025-abreisen-und-was-sie-stattdessen-fuer-2026-tun-sollten\\\/#breadcrumb\",\"itemListElement\":[{\"@type\":\"ListItem\",\"position\":1,\"name\":\"Home\",\"item\":\"https:\\\/\\\/www.strassenweb.de\\\/nachrichten\\\/\"},{\"@type\":\"ListItem\",\"position\":2,\"name\":\"7 Veraltete K\u00fcchentrends m\u00f6chten im Jahr 2025 abreisen &#8211; und was Sie stattdessen f\u00fcr 2026 tun sollten\"}]},{\"@type\":\"WebSite\",\"@id\":\"https:\\\/\\\/www.strassenweb.de\\\/nachrichten\\\/#website\",\"url\":\"https:\\\/\\\/www.strassenweb.de\\\/nachrichten\\\/\",\"name\":\"Stra\u00dfenweb\",\"description\":\"Stra\u00dfenverzeichnis f\u00fcr Deutschland\",\"publisher\":{\"@id\":\"https:\\\/\\\/www.strassenweb.de\\\/nachrichten\\\/#organization\"},\"potentialAction\":[{\"@type\":\"SearchAction\",\"target\":{\"@type\":\"EntryPoint\",\"urlTemplate\":\"https:\\\/\\\/www.strassenweb.de\\\/nachrichten\\\/?s={search_term_string}\"},\"query-input\":{\"@type\":\"PropertyValueSpecification\",\"valueRequired\":true,\"valueName\":\"search_term_string\"}}],\"inLanguage\":\"de\"},{\"@type\":\"Organization\",\"@id\":\"https:\\\/\\\/www.strassenweb.de\\\/nachrichten\\\/#organization\",\"name\":\"Stra\u00dfenweb\",\"url\":\"https:\\\/\\\/www.strassenweb.de\\\/nachrichten\\\/\",\"logo\":{\"@type\":\"ImageObject\",\"inLanguage\":\"de\",\"@id\":\"https:\\\/\\\/www.strassenweb.de\\\/nachrichten\\\/#\\\/schema\\\/logo\\\/image\\\/\",\"url\":\"https:\\\/\\\/www.strassenweb.de\\\/nachrichten\\\/wp-content\\\/uploads\\\/2024\\\/09\\\/cropped-favicon.png\",\"contentUrl\":\"https:\\\/\\\/www.strassenweb.de\\\/nachrichten\\\/wp-content\\\/uploads\\\/2024\\\/09\\\/cropped-favicon.png\",\"width\":512,\"height\":512,\"caption\":\"Stra\u00dfenweb\"},\"image\":{\"@id\":\"https:\\\/\\\/www.strassenweb.de\\\/nachrichten\\\/#\\\/schema\\\/logo\\\/image\\\/\"},\"sameAs\":[\"https:\\\/\\\/www.facebook.com\\\/strassenweb\\\/\"]},{\"@type\":\"Person\",\"@id\":\"https:\\\/\\\/www.strassenweb.de\\\/nachrichten\\\/#\\\/schema\\\/person\\\/87c9c9067f1211da429a744dc5a5aa41\",\"name\":\"Robert Hoffmann\",\"image\":{\"@type\":\"ImageObject\",\"inLanguage\":\"de\",\"@id\":\"https:\\\/\\\/www.strassenweb.de\\\/nachrichten\\\/wp-content\\\/uploads\\\/2024\\\/09\\\/strassenweb-150x150.jpg\",\"url\":\"https:\\\/\\\/www.strassenweb.de\\\/nachrichten\\\/wp-content\\\/uploads\\\/2024\\\/09\\\/strassenweb-150x150.jpg\",\"contentUrl\":\"https:\\\/\\\/www.strassenweb.de\\\/nachrichten\\\/wp-content\\\/uploads\\\/2024\\\/09\\\/strassenweb-150x150.jpg\",\"caption\":\"Robert Hoffmann\"},\"description\":\"Ich hei\u00dfe Robert Hoffmann und ich bin ein leidenschaftlicher Verfechter von \u00d6kologie und Biodiversit\u00e4t. Seit meiner Kindheit in den W\u00e4ldern Bayerns f\u00fchle ich mich mit der Natur verbunden und bin entschlossen, sie zu sch\u00fctzen. Heute widme ich mein Leben der Sensibilisierung anderer f\u00fcr die Bedeutung des Umweltschutzes f\u00fcr zuk\u00fcnftige Generationen.\",\"sameAs\":[\"https:\\\/\\\/www.strassenweb.de\\\/\"]}]}<\/script>\n<!-- \/ Yoast SEO plugin. -->","yoast_head_json":{"title":"7 Veraltete K\u00fcchentrends m\u00f6chten im Jahr 2025 abreisen - und was Sie stattdessen f\u00fcr 2026 tun sollten - Nachrichten - Stra\u00dfenweb","robots":{"index":"index","follow":"follow","max-snippet":"max-snippet:-1","max-image-preview":"max-image-preview:large","max-video-preview":"max-video-preview:-1"},"canonical":"https:\/\/www.strassenweb.de\/nachrichten\/7-veraltete-kuechentrends-moechten-im-jahr-2025-abreisen-und-was-sie-stattdessen-fuer-2026-tun-sollten\/","og_locale":"de_DE","og_type":"article","og_title":"7 Veraltete K\u00fcchentrends m\u00f6chten im Jahr 2025 abreisen - und was Sie stattdessen f\u00fcr 2026 tun sollten - Nachrichten - Stra\u00dfenweb","og_description":"Dieses Jahr war einer der besten f\u00fcr Trends, insbesondere in der K\u00fcche. Viele der gr\u00f6\u00dften Stile und aufstrebenden Designs f\u00fchlten sich zeitloser als &#8222;im Trend&#8220;.","og_url":"https:\/\/www.strassenweb.de\/nachrichten\/7-veraltete-kuechentrends-moechten-im-jahr-2025-abreisen-und-was-sie-stattdessen-fuer-2026-tun-sollten\/","og_site_name":"Stra\u00dfenweb","article_publisher":"https:\/\/www.facebook.com\/strassenweb\/","article_published_time":"2025-10-02T02:40:42+00:00","article_modified_time":"2025-10-02T02:40:43+00:00","og_image":[{"width":1600,"height":900,"url":"https:\/\/www.strassenweb.de\/nachrichten\/wp-content\/uploads\/2025\/10\/7-Veraltete-Kuechentrends-moechten-im-Jahr-2025-abreisen-und.jpg","type":"image\/jpeg"}],"author":"Robert Hoffmann","twitter_card":"summary_large_image","twitter_misc":{"Verfasst von":"Robert Hoffmann","Gesch\u00e4tzte Lesezeit":"8\u00a0Minuten"},"schema":{"@context":"https:\/\/schema.org","@graph":[{"@type":"Article","@id":"https:\/\/www.strassenweb.de\/nachrichten\/7-veraltete-kuechentrends-moechten-im-jahr-2025-abreisen-und-was-sie-stattdessen-fuer-2026-tun-sollten\/#article","isPartOf":{"@id":"https:\/\/www.strassenweb.de\/nachrichten\/7-veraltete-kuechentrends-moechten-im-jahr-2025-abreisen-und-was-sie-stattdessen-fuer-2026-tun-sollten\/"},"author":{"name":"Robert Hoffmann","@id":"https:\/\/www.strassenweb.de\/nachrichten\/#\/schema\/person\/87c9c9067f1211da429a744dc5a5aa41"},"headline":"7 Veraltete K\u00fcchentrends m\u00f6chten im Jahr 2025 abreisen &#8211; und was Sie stattdessen f\u00fcr 2026 tun sollten","datePublished":"2025-10-02T02:40:42+00:00","dateModified":"2025-10-02T02:40:43+00:00","mainEntityOfPage":{"@id":"https:\/\/www.strassenweb.de\/nachrichten\/7-veraltete-kuechentrends-moechten-im-jahr-2025-abreisen-und-was-sie-stattdessen-fuer-2026-tun-sollten\/"},"wordCount":1715,"publisher":{"@id":"https:\/\/www.strassenweb.de\/nachrichten\/#organization"},"image":{"@id":"https:\/\/www.strassenweb.de\/nachrichten\/7-veraltete-kuechentrends-moechten-im-jahr-2025-abreisen-und-was-sie-stattdessen-fuer-2026-tun-sollten\/#primaryimage"},"thumbnailUrl":"https:\/\/www.strassenweb.de\/nachrichten\/wp-content\/uploads\/2025\/10\/7-Veraltete-Kuechentrends-moechten-im-Jahr-2025-abreisen-und.jpg","keywords":["abreisen","f\u00fcr","Jahr","K\u00fcchentrends","M\u00f6chten","Sie","sollten","stattdessen","tun","und","veraltete"],"articleSection":["Haus &amp; Garten"],"inLanguage":"de"},{"@type":"WebPage","@id":"https:\/\/www.strassenweb.de\/nachrichten\/7-veraltete-kuechentrends-moechten-im-jahr-2025-abreisen-und-was-sie-stattdessen-fuer-2026-tun-sollten\/","url":"https:\/\/www.strassenweb.de\/nachrichten\/7-veraltete-kuechentrends-moechten-im-jahr-2025-abreisen-und-was-sie-stattdessen-fuer-2026-tun-sollten\/","name":"7 Veraltete K\u00fcchentrends m\u00f6chten im Jahr 2025 abreisen - und was Sie stattdessen f\u00fcr 2026 tun sollten - Nachrichten - Stra\u00dfenweb","isPartOf":{"@id":"https:\/\/www.strassenweb.de\/nachrichten\/#website"},"primaryImageOfPage":{"@id":"https:\/\/www.strassenweb.de\/nachrichten\/7-veraltete-kuechentrends-moechten-im-jahr-2025-abreisen-und-was-sie-stattdessen-fuer-2026-tun-sollten\/#primaryimage"},"image":{"@id":"https:\/\/www.strassenweb.de\/nachrichten\/7-veraltete-kuechentrends-moechten-im-jahr-2025-abreisen-und-was-sie-stattdessen-fuer-2026-tun-sollten\/#primaryimage"},"thumbnailUrl":"https:\/\/www.strassenweb.de\/nachrichten\/wp-content\/uploads\/2025\/10\/7-Veraltete-Kuechentrends-moechten-im-Jahr-2025-abreisen-und.jpg","datePublished":"2025-10-02T02:40:42+00:00","dateModified":"2025-10-02T02:40:43+00:00","breadcrumb":{"@id":"https:\/\/www.strassenweb.de\/nachrichten\/7-veraltete-kuechentrends-moechten-im-jahr-2025-abreisen-und-was-sie-stattdessen-fuer-2026-tun-sollten\/#breadcrumb"},"inLanguage":"de","potentialAction":[{"@type":"ReadAction","target":["https:\/\/www.strassenweb.de\/nachrichten\/7-veraltete-kuechentrends-moechten-im-jahr-2025-abreisen-und-was-sie-stattdessen-fuer-2026-tun-sollten\/"]}]},{"@type":"ImageObject","inLanguage":"de","@id":"https:\/\/www.strassenweb.de\/nachrichten\/7-veraltete-kuechentrends-moechten-im-jahr-2025-abreisen-und-was-sie-stattdessen-fuer-2026-tun-sollten\/#primaryimage","url":"https:\/\/www.strassenweb.de\/nachrichten\/wp-content\/uploads\/2025\/10\/7-Veraltete-Kuechentrends-moechten-im-Jahr-2025-abreisen-und.jpg","contentUrl":"https:\/\/www.strassenweb.de\/nachrichten\/wp-content\/uploads\/2025\/10\/7-Veraltete-Kuechentrends-moechten-im-Jahr-2025-abreisen-und.jpg","width":1600,"height":900,"caption":"kitchen with butter yellow cabinets"},{"@type":"BreadcrumbList","@id":"https:\/\/www.strassenweb.de\/nachrichten\/7-veraltete-kuechentrends-moechten-im-jahr-2025-abreisen-und-was-sie-stattdessen-fuer-2026-tun-sollten\/#breadcrumb","itemListElement":[{"@type":"ListItem","position":1,"name":"Home","item":"https:\/\/www.strassenweb.de\/nachrichten\/"},{"@type":"ListItem","position":2,"name":"7 Veraltete K\u00fcchentrends m\u00f6chten im Jahr 2025 abreisen &#8211; und was Sie stattdessen f\u00fcr 2026 tun sollten"}]},{"@type":"WebSite","@id":"https:\/\/www.strassenweb.de\/nachrichten\/#website","url":"https:\/\/www.strassenweb.de\/nachrichten\/","name":"Stra\u00dfenweb","description":"Stra\u00dfenverzeichnis f\u00fcr Deutschland","publisher":{"@id":"https:\/\/www.strassenweb.de\/nachrichten\/#organization"},"potentialAction":[{"@type":"SearchAction","target":{"@type":"EntryPoint","urlTemplate":"https:\/\/www.strassenweb.de\/nachrichten\/?s={search_term_string}"},"query-input":{"@type":"PropertyValueSpecification","valueRequired":true,"valueName":"search_term_string"}}],"inLanguage":"de"},{"@type":"Organization","@id":"https:\/\/www.strassenweb.de\/nachrichten\/#organization","name":"Stra\u00dfenweb","url":"https:\/\/www.strassenweb.de\/nachrichten\/","logo":{"@type":"ImageObject","inLanguage":"de","@id":"https:\/\/www.strassenweb.de\/nachrichten\/#\/schema\/logo\/image\/","url":"https:\/\/www.strassenweb.de\/nachrichten\/wp-content\/uploads\/2024\/09\/cropped-favicon.png","contentUrl":"https:\/\/www.strassenweb.de\/nachrichten\/wp-content\/uploads\/2024\/09\/cropped-favicon.png","width":512,"height":512,"caption":"Stra\u00dfenweb"},"image":{"@id":"https:\/\/www.strassenweb.de\/nachrichten\/#\/schema\/logo\/image\/"},"sameAs":["https:\/\/www.facebook.com\/strassenweb\/"]},{"@type":"Person","@id":"https:\/\/www.strassenweb.de\/nachrichten\/#\/schema\/person\/87c9c9067f1211da429a744dc5a5aa41","name":"Robert Hoffmann","image":{"@type":"ImageObject","inLanguage":"de","@id":"https:\/\/www.strassenweb.de\/nachrichten\/wp-content\/uploads\/2024\/09\/strassenweb-150x150.jpg","url":"https:\/\/www.strassenweb.de\/nachrichten\/wp-content\/uploads\/2024\/09\/strassenweb-150x150.jpg","contentUrl":"https:\/\/www.strassenweb.de\/nachrichten\/wp-content\/uploads\/2024\/09\/strassenweb-150x150.jpg","caption":"Robert Hoffmann"},"description":"Ich hei\u00dfe Robert Hoffmann und ich bin ein leidenschaftlicher Verfechter von \u00d6kologie und Biodiversit\u00e4t. Seit meiner Kindheit in den W\u00e4ldern Bayerns f\u00fchle ich mich mit der Natur verbunden und bin entschlossen, sie zu sch\u00fctzen. Heute widme ich mein Leben der Sensibilisierung anderer f\u00fcr die Bedeutung des Umweltschutzes f\u00fcr zuk\u00fcnftige Generationen.","sameAs":["https:\/\/www.strassenweb.de\/"]}]}},"_links":{"self":[{"href":"https:\/\/www.strassenweb.de\/nachrichten\/wp-json\/wp\/v2\/posts\/8146","targetHints":{"allow":["GET"]}}],"collection":[{"href":"https:\/\/www.strassenweb.de\/nachrichten\/wp-json\/wp\/v2\/posts"}],"about":[{"href":"https:\/\/www.strassenweb.de\/nachrichten\/wp-json\/wp\/v2\/types\/post"}],"author":[{"embeddable":true,"href":"https:\/\/www.strassenweb.de\/nachrichten\/wp-json\/wp\/v2\/users\/1"}],"replies":[{"embeddable":true,"href":"https:\/\/www.strassenweb.de\/nachrichten\/wp-json\/wp\/v2\/comments?post=8146"}],"version-history":[{"count":0,"href":"https:\/\/www.strassenweb.de\/nachrichten\/wp-json\/wp\/v2\/posts\/8146\/revisions"}],"wp:featuredmedia":[{"embeddable":true,"href":"https:\/\/www.strassenweb.de\/nachrichten\/wp-json\/wp\/v2\/media\/8147"}],"wp:attachment":[{"href":"https:\/\/www.strassenweb.de\/nachrichten\/wp-json\/wp\/v2\/media?parent=8146"}],"wp:term":[{"taxonomy":"category","embeddable":true,"href":"https:\/\/www.strassenweb.de\/nachrichten\/wp-json\/wp\/v2\/categories?post=8146"},{"taxonomy":"post_tag","embeddable":true,"href":"https:\/\/www.strassenweb.de\/nachrichten\/wp-json\/wp\/v2\/tags?post=8146"}],"curies":[{"name":"wp","href":"https:\/\/api.w.org\/{rel}","templated":true}]}}