{"id":8143,"date":"2025-10-02T01:39:29","date_gmt":"2025-10-01T23:39:29","guid":{"rendered":"https:\/\/www.strassenweb.de\/nachrichten\/ich-nehme-den-saisonalen-wandel-an-indem-ich-einen-gemuetlichen-buchclubabend-veranstaltet-so-setze-man-stilvoll-die-szene-fuer-eine-nacht-voller-gespraeche-und-verbindung-in-komfort\/"},"modified":"2025-10-02T01:39:30","modified_gmt":"2025-10-01T23:39:30","slug":"ich-nehme-den-saisonalen-wandel-an-indem-ich-einen-gemuetlichen-buchclubabend-veranstaltet-so-setze-man-stilvoll-die-szene-fuer-eine-nacht-voller-gespraeche-und-verbindung-in-komfort","status":"publish","type":"post","link":"https:\/\/www.strassenweb.de\/nachrichten\/ich-nehme-den-saisonalen-wandel-an-indem-ich-einen-gemuetlichen-buchclubabend-veranstaltet-so-setze-man-stilvoll-die-szene-fuer-eine-nacht-voller-gespraeche-und-verbindung-in-komfort\/","title":{"rendered":"Ich nehme den saisonalen Wandel an, indem ich einen gem\u00fctlichen Buchclubabend veranstaltet. So setze man stilvoll die Szene f\u00fcr eine Nacht voller Gespr\u00e4che und Verbindung, in Komfort"},"content":{"rendered":"<p><\/p>\n<div id=\"article-body\" class=\"article__body \">\n<p id=\"e6ca95e3-050d-46dc-903c-daf53206e2f7\">Meine Freunde und ich haben k\u00fcrzlich einen Buchclub gegr\u00fcndet. Jeden Monat versammeln wir uns in einer unserer Wohnungen, um das Buch zu essen, zu trinken und zu diskutieren, das wir alle gerade gelesen haben. Es ist ein aufregendes Ritual f\u00fcr uns als Gruppe &#8211; es macht uns nicht nur mehr daran, die hei\u00dfesten Romane des Jahres zu lesen, sondern es ist auch eine Entschuldigung, die Gruppe zusammenzubringen. Und n\u00e4chste Woche bin ich an der Reihe, um Gastgeber zu sein.<\/p>\n<div id=\"ad-unit-1\" class=\"ad-unit\"><\/div>\n<p>Obwohl ich viele Dinnerpartys und Abendverk\u00e4ufe bei mir veranstaltete, habe ich noch nie ein Buchclub-Treffen veranstaltet. Und als ich angefangen habe, mich vorzubereiten, wurde mir klar, dass f\u00fcr ein Buchclub -Meeting es nicht nur darum geht, den Hosting -Kleiderschrank zu \u00f6ffnen, die Snacks zu bekommen und Sitzpl\u00e4tze zu organisieren &#8211; es geht darum, die Szene f\u00fcr eine Nacht an bereichernden Diskussionen und eine lebhafte Debatte festzulegen. Und das richtige Dekor und die nachdenklichen Details k\u00f6nnen Sie dorthin bringen.<\/p>\n<aside data-block-type=\"embed\" data-render-type=\"fte\" data-skip=\"dealsy\" data-widget-type=\"seasonal\" class=\"hawk-root\"><\/aside>\n<p id=\"153cfaa0-cfec-48f6-9afd-6fec140ba820-0\" class=\"paywall\" aria-hidden=\"true\">Ich habe mich an Alex Bass, Gr\u00fcnder und CEO von Art Advisory &#038; Interior Design Studio Salon 21, gewandt, um Ratschl\u00e4ge zur Moderator von Book Club zu Hause zu teilen. Als Experte f\u00fcr alle Dinge, die im Zusammenhang mit dem Hosting im Zusammenhang mit dem Hosting sind, wei\u00df er ein oder zwei Dinge dar\u00fcber, Ihren Platz f\u00fcr einen Abend mit anregenden Gespr\u00e4chen in einer komfortablen und einladenden Atmosph\u00e4re einzurichten. Sie hat sogar Erfahrung aus erster Hand mit der Moderator von Buchclubs f\u00fcr Salon 21.<\/p>\n<div class=\"van_vid_carousel\">\n<div class=\"van_vid_carousel__padding\">\n<div class=\"van_vid_carousel__container\"><\/div>\n<\/div>\n<\/div>\n<p class=\"paywall\" aria-hidden=\"true\">Hier finden Sie Alex &#8218;Tipps, um Komfort zu sichern, Ambiente zu schaffen, Erfrischungen zusammenzustellen und sich zu Hause auf einen aufschlussreichen Buchclubabend vorzubereiten.<\/p>\n<div id=\"ad-unit-2\" class=\"ad-unit\"><\/div>\n<h2 id=\"1-add-comfortable-but-structured-seating-3\">1. F\u00fcgen Sie bequeme, aber strukturierte Sitzpl\u00e4tze hinzu<\/h2>\n<figure class=\"van-image-figure inline-layout \" data-bordeaux-image-check id=\"1a05b1ad-fb9b-4df7-94e5-a644b1d3df6a\">\n<div class=\"image-full-width-wrapper\">\n<div class=\"image-widthsetter\" style=\"max-width:2000px;\"><\/div>\n<\/div>\n<\/figure>\n<p id=\"c248c4cc-efd0-4005-878f-d2ba64054293\">Bei der Ausrichtung einer Art von Treffen zu Hause ist der Komfort Ihrer G\u00e4ste einer der wichtigsten Faktoren, die zu ber\u00fccksichtigen sind. Dies gilt auch f\u00fcr das Hosting des Buchclubs. Anstatt sich die G\u00e4ste irgendwo mischen zu lassen, als w\u00e4re es eine normale Party, f\u00f6rdert Alex eine strukturierte Sitzanordnung. Auf diese Weise haben jeder einen Platz am Tisch und die gleiche Chance, seine Gedanken und Meinungen bequem zu teilen.<\/p>\n<p>&#8222;Wir arrangieren die Sitzgelegenheiten in einem kreisf\u00f6rmigen Format, um den offenen Dialog zu f\u00f6rdern und ein Gef\u00fchl der Inklusion zu f\u00f6rdern&#8220;, erkl\u00e4rt Alex \u00fcber ihre Erfahrungen mit dem Hosting Book Club. \u201eW\u00e4hrend die gem\u00fctliche Faule seinen Charme hat, bevorzuge ich die Struktur und Nostalgie, um sich um einen Tisch zu versammeln. Es erinnert an das Gef\u00fchl der Diskussionen im College-Seminar, fokussiert, nachdenklich und ein bisschen erh\u00f6ht. &#8218;<\/p>\n<p>Abh\u00e4ngig vom Layout Ihres Hauses oder Ihrer Wohnung und falls der Platz zul\u00e4sst, sollten Sie Sitzgelegenheiten in einem kreisf\u00f6rmigen Format in Betracht ziehen, wie Alex vorschl\u00e4gt. Unabh\u00e4ngig davon, wie Sie die Sitzgelegenheiten organisieren, ist es immer wichtig, dass sich jeder Gast f\u00fchlt <em>physisch <\/em>Bequeme und gem\u00fctliche Dekorationsideen k\u00f6nnen dabei helfen. Verbessern Sie Ihren Raum mit ausreichend Wurfkissen, Schaufen und Decken, damit sich die G\u00e4ste die ganze Nacht wohl f\u00fchlen.<\/p>\n<div id=\"slice-container-newsletterForm-articleInbodyContent-UdytsPmjm45dEKQeLXHPrG\" class=\"slice-container newsletter-inbodyContent-slice newsletterForm-articleInbodyContent-UdytsPmjm45dEKQeLXHPrG slice-container-newsletterForm\"><\/div>\n<h2 id=\"2-create-ambience-with-layered-lighting-3\">2. Erstellen Sie Ambiente mit geschichteter Beleuchtung<\/h2>\n<figure class=\"van-image-figure inline-layout \" data-bordeaux-image-check id=\"b993d464-8620-4914-a59f-a802565c3a6f\">\n<div class=\"image-full-width-wrapper\">\n<div class=\"image-widthsetter\" style=\"max-width:2000px;\"><\/div>\n<\/div>\n<\/figure>\n<p id=\"1c400702-c14d-494f-bc54-87e3462b6ab0\">Ich denke, wir k\u00f6nnen uns alle einig sein, dass es am besten ist, das gro\u00dfe Licht ausgeschaltet zu halten, wenn sie bei Ihnen zu Hause veranstaltet werden. Obwohl es sich um eine starke Lichtquelle handelt, kann seine Leistung hart und schmeichelhaft sein und f\u00fcr eine komfortable Umgebung des Buchclubs sicherlich nicht f\u00f6rderlich. Betrachten Sie anstatt das gro\u00dfe Oberlicht zu verwenden, und betrachten Sie gedimmte und geschichtete Beleuchtung, um ein warmes und einladendes Ambiente in Ihrem Zuhause zu erzeugen.<\/p>\n<p>&#8222;Ich neige dazu, mich in den meisten Umgebungen zu verdoppeltem Licht zu interessieren&#8220;, erkl\u00e4rt Alex. &#8218;Es mildert sofort die Atmosph\u00e4re und schafft ein Gef\u00fchl der Intimit\u00e4t. Ein paar gut platzierte Kerzen oder niedrige, warme Umgebungslichter k\u00f6nnen einen gro\u00dfen Beitrag dazu leisten, den Ton f\u00fcr aussagekr\u00e4ftige Gespr\u00e4che zu geben. &#8218;<\/p>\n<p>M\u00f6glicherweise m\u00f6chten Sie auch einige kleine, aber strategisch platzierte Leselichter in Betracht ziehen, um Ihren G\u00e4sten Passagen in ihrem Buch zu finden, um zu diskutieren, und dass sie nach Bedarf einschalten k\u00f6nnen.<\/p>\n<h2 id=\"3-set-up-a-designated-drinks-and-snacks-table-3\">3. Richten Sie einen ausgewiesenen Getr\u00e4nke und Snacktisch ein<\/h2>\n<figure class=\"van-image-figure inline-layout \" data-bordeaux-image-check id=\"3998fc40-2c27-42e7-b7b3-2ac97dc802e9\">\n<div class=\"image-full-width-wrapper\">\n<div class=\"image-widthsetter\" style=\"max-width:2000px;\"><\/div>\n<\/div>\n<\/figure>\n<p id=\"bad8d14b-c978-4c98-8c34-8aceb229bc21\">Einer meiner Lieblingsteile der Gastgeber von Leuten an meinem Platz ist es, alle m\u00f6glichen Snacks und Getr\u00e4nke zuzubereiten, die sie genie\u00dfen k\u00f6nnen. Selbst wenn es einen Buchclubabend veranstaltet, ist es wichtig, Erfrischungen f\u00fcr Ihre G\u00e4ste bereitzustellen. Laut Alex sind &#8222;Lichtbisse und Wein immer willkommen.&#8220;<\/p>\n<p>Aber wenn sie einen Buchclub veranstalten, sind die Snacks und Getr\u00e4nke nicht die Hauptattraktion &#8211; das Gespr\u00e4ch und die Diskussion sind. &#8222;Ich empfehle, einen ausgewiesenen Snacktisch leicht zur Seite zu richten, damit er nicht vom Hauptgespr\u00e4ch abgelenkt&#8220;, r\u00e4t Alex. &#8222;Dies erm\u00f6glicht es den G\u00e4sten, sich nach Belieben zu helfen, ohne den Fluss zu unterbrechen.&#8220;<\/p>\n<p>Obwohl nicht der H\u00f6hepunkt der Nacht, sind Essen und Getr\u00e4nke immer noch wichtige Details, um den Buchclub bei Ihnen zu Hause zu veranstalten. Erw\u00e4gen Sie, Ihre K\u00fcchentheke mit Tellern vorzubereiten (ich liebe diese Brandon Maxwell Texas Toile -Vorspeisenplatten aus Pottery -Scheunen), Tassen und Schalen (dieses Set von Daphne -Glasschalen aus CB2 sind ideal), damit sich Ihre G\u00e4ste vor Beginn mit einem Snack und einem Getr\u00e4nk einrichten k\u00f6nnen.<\/p>\n<h2 id=\"4-set-an-agenda-to-help-the-evening-flow-3\">4. Setzen Sie eine Agenda, um den Abendfluss zu erleichtern<\/h2>\n<figure class=\"van-image-figure inline-layout \" data-bordeaux-image-check id=\"38636528-5032-49cd-b7a7-0035f3eb713d\">\n<div class=\"image-full-width-wrapper\">\n<div class=\"image-widthsetter\" style=\"max-width:2000px;\"><\/div>\n<\/div>\n<\/figure>\n<p id=\"2a72fa91-3029-4999-b14b-9a0496bd7f8f\">Nat\u00fcrlich ist das Hauptereignis eines Buchclubabends das zum Nachdenken anregende Gespr\u00e4ch. Wenn Sie Druck haben, als &#8222;F\u00fchrer&#8220; des Gespr\u00e4chs als Buchclub -Moderator oder sogar f\u00fcr den Hosting Book Club im Allgemeinen zu sein, bietet Alex einige hilfreiche Tipps.<\/p>\n<p>&#8218;Es ist hilfreich, eine lose Agenda oder eine Reihe von Gespr\u00e4chsthemen zu haben. W\u00e4hrend Sie m\u00f6chten, dass sich das Gespr\u00e4ch organisch anf\u00fchlt, sorgt ein bisschen Struktur, dass jeder die Chance hat, einen Beitrag zu leisten \u201c, erkl\u00e4rt Alex. \u201eIch m\u00f6chte auch ein informelles Mischen erlauben, bevor wir uns hinsetzen und beginnen. Es ist eine sch\u00f6ne M\u00f6glichkeit, sich in den Abend zu lindern und sich allen bequem zu machen. &#8218;<\/p>\n<p>Bevor Ihre G\u00e4ste ankommen, sollten Sie einige Diskussionspunkte in einem Notizbuch aufschreiben &#8211; ich liebe Papiers Spiral -Notebook &#8211; Sie k\u00f6nnen dies den ganzen Abend \u00fcber darauf verweisen, wenn jemals eine Pause im Gespr\u00e4ch ist. Nachdem die G\u00e4ste angekommen sind und Sie Zeit zum Mischen zugelassen haben, werden Sie mit einer Liste von Ideen und Themen vorbereitet sein, die Sie die ganze Nacht \u00fcber besprechen k\u00f6nnen.<\/p>\n<h2 id=\"cozy-book-club-hosting-essentials-3\">Gem\u00fctlicher Buchclub -Hosting -wichtiger <\/h2>\n<div class=\"product-container hero-product-container product-block-no-wrap\">\n<div class=\"product-block-row\"><\/div>\n<div class=\"product-block-row\"><\/div>\n<div class=\"product-block-row\"><\/div>\n<div class=\"product-block-row\"><\/div>\n<div class=\"product-block-row\"><\/div>\n<div class=\"product-block-row\"><\/div>\n<div class=\"product-block-row\"><\/div>\n<div class=\"product-block-row\"><\/div>\n<div class=\"product-block-row\"><\/div>\n<\/div>\n<hr id=\"9f9c5970-468a-4027-a6cb-4d3b1f511e45\">\n<p id=\"fb507063-16b7-4a2a-bd9c-327c0add1994\">Dieser Rat von Expert -Moderator Alex Bass hilft Ihnen mit Sicherheit, ein erfolgreiches Buchclub -Treffen zu Hause zu veranstalten &#8211; in Komfort und mit Zuversicht.<\/p>\n<p>Wenn wir uns der Herbst- und Winter -Hosting -Saison n\u00e4hern, lesen Sie alle unsere Tipps zur Feiertags -Hosting nach Innenarchitekten. Von der Schichtung Ihrer Tischlandschaft bis hin zum richtigen Duft Ihres Hauses sind diese Ideen Ihr Schl\u00fcssel zu stilvollen und stressfreien Versammlungen.<\/p>\n<\/div>\n","protected":false},"excerpt":{"rendered":"<p>Meine Freunde und ich haben k\u00fcrzlich einen Buchclub gegr\u00fcndet. Jeden Monat versammeln wir uns in einer unserer Wohnungen, um das Buch zu essen, zu trinken<\/p>\n","protected":false},"author":1,"featured_media":8144,"comment_status":"closed","ping_status":"","sticky":false,"template":"","format":"standard","meta":{"footnotes":""},"categories":[118],"tags":[10497,78,9,74,166,55,1743,10499,129,2665,1414,134,3585,4647,379,10498,1912,7825,37,3047,764,792,3494],"class_list":["post-8143","post","type-post","status-publish","format-standard","has-post-thumbnail","hentry","category-haus-garten","tag-buchclubabend","tag-den","tag-die","tag-eine","tag-einen","tag-fuer","tag-gemuetlichen","tag-gespraeche","tag-ich","tag-indem","tag-komfort","tag-man","tag-nacht","tag-nehme","tag-saisonalen","tag-setze","tag-stilvoll","tag-szene","tag-und","tag-veranstaltet","tag-verbindung","tag-voller","tag-wandel","generate-columns","tablet-grid-50","mobile-grid-100","grid-parent","grid-50"],"yoast_head":"<!-- This site is optimized with the Yoast SEO plugin v27.3 - https:\/\/yoast.com\/product\/yoast-seo-wordpress\/ -->\n<title>Ich nehme den saisonalen Wandel an, indem ich einen gem\u00fctlichen Buchclubabend veranstaltet. So setze man stilvoll die Szene f\u00fcr eine Nacht voller Gespr\u00e4che und Verbindung, in Komfort - Nachrichten - Stra\u00dfenweb<\/title>\n<meta name=\"robots\" content=\"index, follow, max-snippet:-1, max-image-preview:large, max-video-preview:-1\" \/>\n<link rel=\"canonical\" href=\"https:\/\/www.strassenweb.de\/nachrichten\/ich-nehme-den-saisonalen-wandel-an-indem-ich-einen-gemuetlichen-buchclubabend-veranstaltet-so-setze-man-stilvoll-die-szene-fuer-eine-nacht-voller-gespraeche-und-verbindung-in-komfort\/\" \/>\n<meta property=\"og:locale\" content=\"de_DE\" \/>\n<meta property=\"og:type\" content=\"article\" \/>\n<meta property=\"og:title\" content=\"Ich nehme den saisonalen Wandel an, indem ich einen gem\u00fctlichen Buchclubabend veranstaltet. So setze man stilvoll die Szene f\u00fcr eine Nacht voller Gespr\u00e4che und Verbindung, in Komfort - Nachrichten - Stra\u00dfenweb\" \/>\n<meta property=\"og:description\" content=\"Meine Freunde und ich haben k\u00fcrzlich einen Buchclub gegr\u00fcndet. Jeden Monat versammeln wir uns in einer unserer Wohnungen, um das Buch zu essen, zu trinken\" \/>\n<meta property=\"og:url\" content=\"https:\/\/www.strassenweb.de\/nachrichten\/ich-nehme-den-saisonalen-wandel-an-indem-ich-einen-gemuetlichen-buchclubabend-veranstaltet-so-setze-man-stilvoll-die-szene-fuer-eine-nacht-voller-gespraeche-und-verbindung-in-komfort\/\" \/>\n<meta property=\"og:site_name\" content=\"Stra\u00dfenweb\" \/>\n<meta property=\"article:publisher\" content=\"https:\/\/www.facebook.com\/strassenweb\/\" \/>\n<meta property=\"article:published_time\" content=\"2025-10-01T23:39:29+00:00\" \/>\n<meta property=\"article:modified_time\" content=\"2025-10-01T23:39:30+00:00\" \/>\n<meta property=\"og:image\" content=\"https:\/\/www.strassenweb.de\/nachrichten\/wp-content\/uploads\/2025\/10\/Ich-nehme-den-saisonalen-Wandel-an-indem-ich-einen-gemuetlichen.jpg\" \/>\n\t<meta property=\"og:image:width\" content=\"1600\" \/>\n\t<meta property=\"og:image:height\" content=\"900\" \/>\n\t<meta property=\"og:image:type\" content=\"image\/jpeg\" \/>\n<meta name=\"author\" content=\"Robert Hoffmann\" \/>\n<meta name=\"twitter:card\" content=\"summary_large_image\" \/>\n<meta name=\"twitter:label1\" content=\"Verfasst von\" \/>\n\t<meta name=\"twitter:data1\" content=\"Robert Hoffmann\" \/>\n\t<meta name=\"twitter:label2\" content=\"Gesch\u00e4tzte Lesezeit\" \/>\n\t<meta name=\"twitter:data2\" content=\"6\u00a0Minuten\" \/>\n<script type=\"application\/ld+json\" class=\"yoast-schema-graph\">{\"@context\":\"https:\\\/\\\/schema.org\",\"@graph\":[{\"@type\":\"Article\",\"@id\":\"https:\\\/\\\/www.strassenweb.de\\\/nachrichten\\\/ich-nehme-den-saisonalen-wandel-an-indem-ich-einen-gemuetlichen-buchclubabend-veranstaltet-so-setze-man-stilvoll-die-szene-fuer-eine-nacht-voller-gespraeche-und-verbindung-in-komfort\\\/#article\",\"isPartOf\":{\"@id\":\"https:\\\/\\\/www.strassenweb.de\\\/nachrichten\\\/ich-nehme-den-saisonalen-wandel-an-indem-ich-einen-gemuetlichen-buchclubabend-veranstaltet-so-setze-man-stilvoll-die-szene-fuer-eine-nacht-voller-gespraeche-und-verbindung-in-komfort\\\/\"},\"author\":{\"name\":\"Robert Hoffmann\",\"@id\":\"https:\\\/\\\/www.strassenweb.de\\\/nachrichten\\\/#\\\/schema\\\/person\\\/87c9c9067f1211da429a744dc5a5aa41\"},\"headline\":\"Ich nehme den saisonalen Wandel an, indem ich einen gem\u00fctlichen Buchclubabend veranstaltet. So setze man stilvoll die Szene f\u00fcr eine Nacht voller Gespr\u00e4che und Verbindung, in Komfort\",\"datePublished\":\"2025-10-01T23:39:29+00:00\",\"dateModified\":\"2025-10-01T23:39:30+00:00\",\"mainEntityOfPage\":{\"@id\":\"https:\\\/\\\/www.strassenweb.de\\\/nachrichten\\\/ich-nehme-den-saisonalen-wandel-an-indem-ich-einen-gemuetlichen-buchclubabend-veranstaltet-so-setze-man-stilvoll-die-szene-fuer-eine-nacht-voller-gespraeche-und-verbindung-in-komfort\\\/\"},\"wordCount\":1195,\"publisher\":{\"@id\":\"https:\\\/\\\/www.strassenweb.de\\\/nachrichten\\\/#organization\"},\"image\":{\"@id\":\"https:\\\/\\\/www.strassenweb.de\\\/nachrichten\\\/ich-nehme-den-saisonalen-wandel-an-indem-ich-einen-gemuetlichen-buchclubabend-veranstaltet-so-setze-man-stilvoll-die-szene-fuer-eine-nacht-voller-gespraeche-und-verbindung-in-komfort\\\/#primaryimage\"},\"thumbnailUrl\":\"https:\\\/\\\/www.strassenweb.de\\\/nachrichten\\\/wp-content\\\/uploads\\\/2025\\\/10\\\/Ich-nehme-den-saisonalen-Wandel-an-indem-ich-einen-gemuetlichen.jpg\",\"keywords\":[\"Buchclubabend\",\"den\",\"die\",\"eine\",\"einen\",\"f\u00fcr\",\"gem\u00fctlichen\",\"Gespr\u00e4che\",\"ich\",\"indem\",\"Komfort\",\"man\",\"Nacht\",\"nehme\",\"saisonalen\",\"setze\",\"stilvoll\",\"Szene\",\"und\",\"veranstaltet\",\"Verbindung\",\"voller\",\"Wandel\"],\"articleSection\":[\"Haus &amp; Garten\"],\"inLanguage\":\"de\"},{\"@type\":\"WebPage\",\"@id\":\"https:\\\/\\\/www.strassenweb.de\\\/nachrichten\\\/ich-nehme-den-saisonalen-wandel-an-indem-ich-einen-gemuetlichen-buchclubabend-veranstaltet-so-setze-man-stilvoll-die-szene-fuer-eine-nacht-voller-gespraeche-und-verbindung-in-komfort\\\/\",\"url\":\"https:\\\/\\\/www.strassenweb.de\\\/nachrichten\\\/ich-nehme-den-saisonalen-wandel-an-indem-ich-einen-gemuetlichen-buchclubabend-veranstaltet-so-setze-man-stilvoll-die-szene-fuer-eine-nacht-voller-gespraeche-und-verbindung-in-komfort\\\/\",\"name\":\"Ich nehme den saisonalen Wandel an, indem ich einen gem\u00fctlichen Buchclubabend veranstaltet. So setze man stilvoll die Szene f\u00fcr eine Nacht voller Gespr\u00e4che und Verbindung, in Komfort - Nachrichten - Stra\u00dfenweb\",\"isPartOf\":{\"@id\":\"https:\\\/\\\/www.strassenweb.de\\\/nachrichten\\\/#website\"},\"primaryImageOfPage\":{\"@id\":\"https:\\\/\\\/www.strassenweb.de\\\/nachrichten\\\/ich-nehme-den-saisonalen-wandel-an-indem-ich-einen-gemuetlichen-buchclubabend-veranstaltet-so-setze-man-stilvoll-die-szene-fuer-eine-nacht-voller-gespraeche-und-verbindung-in-komfort\\\/#primaryimage\"},\"image\":{\"@id\":\"https:\\\/\\\/www.strassenweb.de\\\/nachrichten\\\/ich-nehme-den-saisonalen-wandel-an-indem-ich-einen-gemuetlichen-buchclubabend-veranstaltet-so-setze-man-stilvoll-die-szene-fuer-eine-nacht-voller-gespraeche-und-verbindung-in-komfort\\\/#primaryimage\"},\"thumbnailUrl\":\"https:\\\/\\\/www.strassenweb.de\\\/nachrichten\\\/wp-content\\\/uploads\\\/2025\\\/10\\\/Ich-nehme-den-saisonalen-Wandel-an-indem-ich-einen-gemuetlichen.jpg\",\"datePublished\":\"2025-10-01T23:39:29+00:00\",\"dateModified\":\"2025-10-01T23:39:30+00:00\",\"breadcrumb\":{\"@id\":\"https:\\\/\\\/www.strassenweb.de\\\/nachrichten\\\/ich-nehme-den-saisonalen-wandel-an-indem-ich-einen-gemuetlichen-buchclubabend-veranstaltet-so-setze-man-stilvoll-die-szene-fuer-eine-nacht-voller-gespraeche-und-verbindung-in-komfort\\\/#breadcrumb\"},\"inLanguage\":\"de\",\"potentialAction\":[{\"@type\":\"ReadAction\",\"target\":[\"https:\\\/\\\/www.strassenweb.de\\\/nachrichten\\\/ich-nehme-den-saisonalen-wandel-an-indem-ich-einen-gemuetlichen-buchclubabend-veranstaltet-so-setze-man-stilvoll-die-szene-fuer-eine-nacht-voller-gespraeche-und-verbindung-in-komfort\\\/\"]}]},{\"@type\":\"ImageObject\",\"inLanguage\":\"de\",\"@id\":\"https:\\\/\\\/www.strassenweb.de\\\/nachrichten\\\/ich-nehme-den-saisonalen-wandel-an-indem-ich-einen-gemuetlichen-buchclubabend-veranstaltet-so-setze-man-stilvoll-die-szene-fuer-eine-nacht-voller-gespraeche-und-verbindung-in-komfort\\\/#primaryimage\",\"url\":\"https:\\\/\\\/www.strassenweb.de\\\/nachrichten\\\/wp-content\\\/uploads\\\/2025\\\/10\\\/Ich-nehme-den-saisonalen-Wandel-an-indem-ich-einen-gemuetlichen.jpg\",\"contentUrl\":\"https:\\\/\\\/www.strassenweb.de\\\/nachrichten\\\/wp-content\\\/uploads\\\/2025\\\/10\\\/Ich-nehme-den-saisonalen-Wandel-an-indem-ich-einen-gemuetlichen.jpg\",\"width\":1600,\"height\":900,\"caption\":\"Cozy sitting room with fire lit, dark walls and orange velvet sofa\"},{\"@type\":\"BreadcrumbList\",\"@id\":\"https:\\\/\\\/www.strassenweb.de\\\/nachrichten\\\/ich-nehme-den-saisonalen-wandel-an-indem-ich-einen-gemuetlichen-buchclubabend-veranstaltet-so-setze-man-stilvoll-die-szene-fuer-eine-nacht-voller-gespraeche-und-verbindung-in-komfort\\\/#breadcrumb\",\"itemListElement\":[{\"@type\":\"ListItem\",\"position\":1,\"name\":\"Home\",\"item\":\"https:\\\/\\\/www.strassenweb.de\\\/nachrichten\\\/\"},{\"@type\":\"ListItem\",\"position\":2,\"name\":\"Ich nehme den saisonalen Wandel an, indem ich einen gem\u00fctlichen Buchclubabend veranstaltet. So setze man stilvoll die Szene f\u00fcr eine Nacht voller Gespr\u00e4che und Verbindung, in Komfort\"}]},{\"@type\":\"WebSite\",\"@id\":\"https:\\\/\\\/www.strassenweb.de\\\/nachrichten\\\/#website\",\"url\":\"https:\\\/\\\/www.strassenweb.de\\\/nachrichten\\\/\",\"name\":\"Stra\u00dfenweb\",\"description\":\"Stra\u00dfenverzeichnis f\u00fcr Deutschland\",\"publisher\":{\"@id\":\"https:\\\/\\\/www.strassenweb.de\\\/nachrichten\\\/#organization\"},\"potentialAction\":[{\"@type\":\"SearchAction\",\"target\":{\"@type\":\"EntryPoint\",\"urlTemplate\":\"https:\\\/\\\/www.strassenweb.de\\\/nachrichten\\\/?s={search_term_string}\"},\"query-input\":{\"@type\":\"PropertyValueSpecification\",\"valueRequired\":true,\"valueName\":\"search_term_string\"}}],\"inLanguage\":\"de\"},{\"@type\":\"Organization\",\"@id\":\"https:\\\/\\\/www.strassenweb.de\\\/nachrichten\\\/#organization\",\"name\":\"Stra\u00dfenweb\",\"url\":\"https:\\\/\\\/www.strassenweb.de\\\/nachrichten\\\/\",\"logo\":{\"@type\":\"ImageObject\",\"inLanguage\":\"de\",\"@id\":\"https:\\\/\\\/www.strassenweb.de\\\/nachrichten\\\/#\\\/schema\\\/logo\\\/image\\\/\",\"url\":\"https:\\\/\\\/www.strassenweb.de\\\/nachrichten\\\/wp-content\\\/uploads\\\/2024\\\/09\\\/cropped-favicon.png\",\"contentUrl\":\"https:\\\/\\\/www.strassenweb.de\\\/nachrichten\\\/wp-content\\\/uploads\\\/2024\\\/09\\\/cropped-favicon.png\",\"width\":512,\"height\":512,\"caption\":\"Stra\u00dfenweb\"},\"image\":{\"@id\":\"https:\\\/\\\/www.strassenweb.de\\\/nachrichten\\\/#\\\/schema\\\/logo\\\/image\\\/\"},\"sameAs\":[\"https:\\\/\\\/www.facebook.com\\\/strassenweb\\\/\"]},{\"@type\":\"Person\",\"@id\":\"https:\\\/\\\/www.strassenweb.de\\\/nachrichten\\\/#\\\/schema\\\/person\\\/87c9c9067f1211da429a744dc5a5aa41\",\"name\":\"Robert Hoffmann\",\"image\":{\"@type\":\"ImageObject\",\"inLanguage\":\"de\",\"@id\":\"https:\\\/\\\/www.strassenweb.de\\\/nachrichten\\\/wp-content\\\/uploads\\\/2024\\\/09\\\/strassenweb-150x150.jpg\",\"url\":\"https:\\\/\\\/www.strassenweb.de\\\/nachrichten\\\/wp-content\\\/uploads\\\/2024\\\/09\\\/strassenweb-150x150.jpg\",\"contentUrl\":\"https:\\\/\\\/www.strassenweb.de\\\/nachrichten\\\/wp-content\\\/uploads\\\/2024\\\/09\\\/strassenweb-150x150.jpg\",\"caption\":\"Robert Hoffmann\"},\"description\":\"Ich hei\u00dfe Robert Hoffmann und ich bin ein leidenschaftlicher Verfechter von \u00d6kologie und Biodiversit\u00e4t. Seit meiner Kindheit in den W\u00e4ldern Bayerns f\u00fchle ich mich mit der Natur verbunden und bin entschlossen, sie zu sch\u00fctzen. Heute widme ich mein Leben der Sensibilisierung anderer f\u00fcr die Bedeutung des Umweltschutzes f\u00fcr zuk\u00fcnftige Generationen.\",\"sameAs\":[\"https:\\\/\\\/www.strassenweb.de\\\/\"]}]}<\/script>\n<!-- \/ Yoast SEO plugin. -->","yoast_head_json":{"title":"Ich nehme den saisonalen Wandel an, indem ich einen gem\u00fctlichen Buchclubabend veranstaltet. So setze man stilvoll die Szene f\u00fcr eine Nacht voller Gespr\u00e4che und Verbindung, in Komfort - Nachrichten - Stra\u00dfenweb","robots":{"index":"index","follow":"follow","max-snippet":"max-snippet:-1","max-image-preview":"max-image-preview:large","max-video-preview":"max-video-preview:-1"},"canonical":"https:\/\/www.strassenweb.de\/nachrichten\/ich-nehme-den-saisonalen-wandel-an-indem-ich-einen-gemuetlichen-buchclubabend-veranstaltet-so-setze-man-stilvoll-die-szene-fuer-eine-nacht-voller-gespraeche-und-verbindung-in-komfort\/","og_locale":"de_DE","og_type":"article","og_title":"Ich nehme den saisonalen Wandel an, indem ich einen gem\u00fctlichen Buchclubabend veranstaltet. So setze man stilvoll die Szene f\u00fcr eine Nacht voller Gespr\u00e4che und Verbindung, in Komfort - Nachrichten - Stra\u00dfenweb","og_description":"Meine Freunde und ich haben k\u00fcrzlich einen Buchclub gegr\u00fcndet. Jeden Monat versammeln wir uns in einer unserer Wohnungen, um das Buch zu essen, zu trinken","og_url":"https:\/\/www.strassenweb.de\/nachrichten\/ich-nehme-den-saisonalen-wandel-an-indem-ich-einen-gemuetlichen-buchclubabend-veranstaltet-so-setze-man-stilvoll-die-szene-fuer-eine-nacht-voller-gespraeche-und-verbindung-in-komfort\/","og_site_name":"Stra\u00dfenweb","article_publisher":"https:\/\/www.facebook.com\/strassenweb\/","article_published_time":"2025-10-01T23:39:29+00:00","article_modified_time":"2025-10-01T23:39:30+00:00","og_image":[{"width":1600,"height":900,"url":"https:\/\/www.strassenweb.de\/nachrichten\/wp-content\/uploads\/2025\/10\/Ich-nehme-den-saisonalen-Wandel-an-indem-ich-einen-gemuetlichen.jpg","type":"image\/jpeg"}],"author":"Robert Hoffmann","twitter_card":"summary_large_image","twitter_misc":{"Verfasst von":"Robert Hoffmann","Gesch\u00e4tzte Lesezeit":"6\u00a0Minuten"},"schema":{"@context":"https:\/\/schema.org","@graph":[{"@type":"Article","@id":"https:\/\/www.strassenweb.de\/nachrichten\/ich-nehme-den-saisonalen-wandel-an-indem-ich-einen-gemuetlichen-buchclubabend-veranstaltet-so-setze-man-stilvoll-die-szene-fuer-eine-nacht-voller-gespraeche-und-verbindung-in-komfort\/#article","isPartOf":{"@id":"https:\/\/www.strassenweb.de\/nachrichten\/ich-nehme-den-saisonalen-wandel-an-indem-ich-einen-gemuetlichen-buchclubabend-veranstaltet-so-setze-man-stilvoll-die-szene-fuer-eine-nacht-voller-gespraeche-und-verbindung-in-komfort\/"},"author":{"name":"Robert Hoffmann","@id":"https:\/\/www.strassenweb.de\/nachrichten\/#\/schema\/person\/87c9c9067f1211da429a744dc5a5aa41"},"headline":"Ich nehme den saisonalen Wandel an, indem ich einen gem\u00fctlichen Buchclubabend veranstaltet. So setze man stilvoll die Szene f\u00fcr eine Nacht voller Gespr\u00e4che und Verbindung, in Komfort","datePublished":"2025-10-01T23:39:29+00:00","dateModified":"2025-10-01T23:39:30+00:00","mainEntityOfPage":{"@id":"https:\/\/www.strassenweb.de\/nachrichten\/ich-nehme-den-saisonalen-wandel-an-indem-ich-einen-gemuetlichen-buchclubabend-veranstaltet-so-setze-man-stilvoll-die-szene-fuer-eine-nacht-voller-gespraeche-und-verbindung-in-komfort\/"},"wordCount":1195,"publisher":{"@id":"https:\/\/www.strassenweb.de\/nachrichten\/#organization"},"image":{"@id":"https:\/\/www.strassenweb.de\/nachrichten\/ich-nehme-den-saisonalen-wandel-an-indem-ich-einen-gemuetlichen-buchclubabend-veranstaltet-so-setze-man-stilvoll-die-szene-fuer-eine-nacht-voller-gespraeche-und-verbindung-in-komfort\/#primaryimage"},"thumbnailUrl":"https:\/\/www.strassenweb.de\/nachrichten\/wp-content\/uploads\/2025\/10\/Ich-nehme-den-saisonalen-Wandel-an-indem-ich-einen-gemuetlichen.jpg","keywords":["Buchclubabend","den","die","eine","einen","f\u00fcr","gem\u00fctlichen","Gespr\u00e4che","ich","indem","Komfort","man","Nacht","nehme","saisonalen","setze","stilvoll","Szene","und","veranstaltet","Verbindung","voller","Wandel"],"articleSection":["Haus &amp; Garten"],"inLanguage":"de"},{"@type":"WebPage","@id":"https:\/\/www.strassenweb.de\/nachrichten\/ich-nehme-den-saisonalen-wandel-an-indem-ich-einen-gemuetlichen-buchclubabend-veranstaltet-so-setze-man-stilvoll-die-szene-fuer-eine-nacht-voller-gespraeche-und-verbindung-in-komfort\/","url":"https:\/\/www.strassenweb.de\/nachrichten\/ich-nehme-den-saisonalen-wandel-an-indem-ich-einen-gemuetlichen-buchclubabend-veranstaltet-so-setze-man-stilvoll-die-szene-fuer-eine-nacht-voller-gespraeche-und-verbindung-in-komfort\/","name":"Ich nehme den saisonalen Wandel an, indem ich einen gem\u00fctlichen Buchclubabend veranstaltet. So setze man stilvoll die Szene f\u00fcr eine Nacht voller Gespr\u00e4che und Verbindung, in Komfort - Nachrichten - Stra\u00dfenweb","isPartOf":{"@id":"https:\/\/www.strassenweb.de\/nachrichten\/#website"},"primaryImageOfPage":{"@id":"https:\/\/www.strassenweb.de\/nachrichten\/ich-nehme-den-saisonalen-wandel-an-indem-ich-einen-gemuetlichen-buchclubabend-veranstaltet-so-setze-man-stilvoll-die-szene-fuer-eine-nacht-voller-gespraeche-und-verbindung-in-komfort\/#primaryimage"},"image":{"@id":"https:\/\/www.strassenweb.de\/nachrichten\/ich-nehme-den-saisonalen-wandel-an-indem-ich-einen-gemuetlichen-buchclubabend-veranstaltet-so-setze-man-stilvoll-die-szene-fuer-eine-nacht-voller-gespraeche-und-verbindung-in-komfort\/#primaryimage"},"thumbnailUrl":"https:\/\/www.strassenweb.de\/nachrichten\/wp-content\/uploads\/2025\/10\/Ich-nehme-den-saisonalen-Wandel-an-indem-ich-einen-gemuetlichen.jpg","datePublished":"2025-10-01T23:39:29+00:00","dateModified":"2025-10-01T23:39:30+00:00","breadcrumb":{"@id":"https:\/\/www.strassenweb.de\/nachrichten\/ich-nehme-den-saisonalen-wandel-an-indem-ich-einen-gemuetlichen-buchclubabend-veranstaltet-so-setze-man-stilvoll-die-szene-fuer-eine-nacht-voller-gespraeche-und-verbindung-in-komfort\/#breadcrumb"},"inLanguage":"de","potentialAction":[{"@type":"ReadAction","target":["https:\/\/www.strassenweb.de\/nachrichten\/ich-nehme-den-saisonalen-wandel-an-indem-ich-einen-gemuetlichen-buchclubabend-veranstaltet-so-setze-man-stilvoll-die-szene-fuer-eine-nacht-voller-gespraeche-und-verbindung-in-komfort\/"]}]},{"@type":"ImageObject","inLanguage":"de","@id":"https:\/\/www.strassenweb.de\/nachrichten\/ich-nehme-den-saisonalen-wandel-an-indem-ich-einen-gemuetlichen-buchclubabend-veranstaltet-so-setze-man-stilvoll-die-szene-fuer-eine-nacht-voller-gespraeche-und-verbindung-in-komfort\/#primaryimage","url":"https:\/\/www.strassenweb.de\/nachrichten\/wp-content\/uploads\/2025\/10\/Ich-nehme-den-saisonalen-Wandel-an-indem-ich-einen-gemuetlichen.jpg","contentUrl":"https:\/\/www.strassenweb.de\/nachrichten\/wp-content\/uploads\/2025\/10\/Ich-nehme-den-saisonalen-Wandel-an-indem-ich-einen-gemuetlichen.jpg","width":1600,"height":900,"caption":"Cozy sitting room with fire lit, dark walls and orange velvet sofa"},{"@type":"BreadcrumbList","@id":"https:\/\/www.strassenweb.de\/nachrichten\/ich-nehme-den-saisonalen-wandel-an-indem-ich-einen-gemuetlichen-buchclubabend-veranstaltet-so-setze-man-stilvoll-die-szene-fuer-eine-nacht-voller-gespraeche-und-verbindung-in-komfort\/#breadcrumb","itemListElement":[{"@type":"ListItem","position":1,"name":"Home","item":"https:\/\/www.strassenweb.de\/nachrichten\/"},{"@type":"ListItem","position":2,"name":"Ich nehme den saisonalen Wandel an, indem ich einen gem\u00fctlichen Buchclubabend veranstaltet. So setze man stilvoll die Szene f\u00fcr eine Nacht voller Gespr\u00e4che und Verbindung, in Komfort"}]},{"@type":"WebSite","@id":"https:\/\/www.strassenweb.de\/nachrichten\/#website","url":"https:\/\/www.strassenweb.de\/nachrichten\/","name":"Stra\u00dfenweb","description":"Stra\u00dfenverzeichnis f\u00fcr Deutschland","publisher":{"@id":"https:\/\/www.strassenweb.de\/nachrichten\/#organization"},"potentialAction":[{"@type":"SearchAction","target":{"@type":"EntryPoint","urlTemplate":"https:\/\/www.strassenweb.de\/nachrichten\/?s={search_term_string}"},"query-input":{"@type":"PropertyValueSpecification","valueRequired":true,"valueName":"search_term_string"}}],"inLanguage":"de"},{"@type":"Organization","@id":"https:\/\/www.strassenweb.de\/nachrichten\/#organization","name":"Stra\u00dfenweb","url":"https:\/\/www.strassenweb.de\/nachrichten\/","logo":{"@type":"ImageObject","inLanguage":"de","@id":"https:\/\/www.strassenweb.de\/nachrichten\/#\/schema\/logo\/image\/","url":"https:\/\/www.strassenweb.de\/nachrichten\/wp-content\/uploads\/2024\/09\/cropped-favicon.png","contentUrl":"https:\/\/www.strassenweb.de\/nachrichten\/wp-content\/uploads\/2024\/09\/cropped-favicon.png","width":512,"height":512,"caption":"Stra\u00dfenweb"},"image":{"@id":"https:\/\/www.strassenweb.de\/nachrichten\/#\/schema\/logo\/image\/"},"sameAs":["https:\/\/www.facebook.com\/strassenweb\/"]},{"@type":"Person","@id":"https:\/\/www.strassenweb.de\/nachrichten\/#\/schema\/person\/87c9c9067f1211da429a744dc5a5aa41","name":"Robert Hoffmann","image":{"@type":"ImageObject","inLanguage":"de","@id":"https:\/\/www.strassenweb.de\/nachrichten\/wp-content\/uploads\/2024\/09\/strassenweb-150x150.jpg","url":"https:\/\/www.strassenweb.de\/nachrichten\/wp-content\/uploads\/2024\/09\/strassenweb-150x150.jpg","contentUrl":"https:\/\/www.strassenweb.de\/nachrichten\/wp-content\/uploads\/2024\/09\/strassenweb-150x150.jpg","caption":"Robert Hoffmann"},"description":"Ich hei\u00dfe Robert Hoffmann und ich bin ein leidenschaftlicher Verfechter von \u00d6kologie und Biodiversit\u00e4t. Seit meiner Kindheit in den W\u00e4ldern Bayerns f\u00fchle ich mich mit der Natur verbunden und bin entschlossen, sie zu sch\u00fctzen. Heute widme ich mein Leben der Sensibilisierung anderer f\u00fcr die Bedeutung des Umweltschutzes f\u00fcr zuk\u00fcnftige Generationen.","sameAs":["https:\/\/www.strassenweb.de\/"]}]}},"_links":{"self":[{"href":"https:\/\/www.strassenweb.de\/nachrichten\/wp-json\/wp\/v2\/posts\/8143","targetHints":{"allow":["GET"]}}],"collection":[{"href":"https:\/\/www.strassenweb.de\/nachrichten\/wp-json\/wp\/v2\/posts"}],"about":[{"href":"https:\/\/www.strassenweb.de\/nachrichten\/wp-json\/wp\/v2\/types\/post"}],"author":[{"embeddable":true,"href":"https:\/\/www.strassenweb.de\/nachrichten\/wp-json\/wp\/v2\/users\/1"}],"replies":[{"embeddable":true,"href":"https:\/\/www.strassenweb.de\/nachrichten\/wp-json\/wp\/v2\/comments?post=8143"}],"version-history":[{"count":0,"href":"https:\/\/www.strassenweb.de\/nachrichten\/wp-json\/wp\/v2\/posts\/8143\/revisions"}],"wp:featuredmedia":[{"embeddable":true,"href":"https:\/\/www.strassenweb.de\/nachrichten\/wp-json\/wp\/v2\/media\/8144"}],"wp:attachment":[{"href":"https:\/\/www.strassenweb.de\/nachrichten\/wp-json\/wp\/v2\/media?parent=8143"}],"wp:term":[{"taxonomy":"category","embeddable":true,"href":"https:\/\/www.strassenweb.de\/nachrichten\/wp-json\/wp\/v2\/categories?post=8143"},{"taxonomy":"post_tag","embeddable":true,"href":"https:\/\/www.strassenweb.de\/nachrichten\/wp-json\/wp\/v2\/tags?post=8143"}],"curies":[{"name":"wp","href":"https:\/\/api.w.org\/{rel}","templated":true}]}}