{"id":8134,"date":"2025-10-01T19:39:22","date_gmt":"2025-10-01T17:39:22","guid":{"rendered":"https:\/\/www.strassenweb.de\/nachrichten\/martha-stewart-hat-gerade-ihren-27-jaehrigen-kuehlschrank-durch-ein-brandneues-model-ersetzt-es-ist-eine-luxurioese-vision-von-anstrich-und-haltbarkeit\/"},"modified":"2025-10-01T19:39:23","modified_gmt":"2025-10-01T17:39:23","slug":"martha-stewart-hat-gerade-ihren-27-jaehrigen-kuehlschrank-durch-ein-brandneues-model-ersetzt-es-ist-eine-luxurioese-vision-von-anstrich-und-haltbarkeit","status":"publish","type":"post","link":"https:\/\/www.strassenweb.de\/nachrichten\/martha-stewart-hat-gerade-ihren-27-jaehrigen-kuehlschrank-durch-ein-brandneues-model-ersetzt-es-ist-eine-luxurioese-vision-von-anstrich-und-haltbarkeit\/","title":{"rendered":"Martha Stewart hat gerade ihren 27-j\u00e4hrigen K\u00fchlschrank durch ein brandneues Model ersetzt-es ist eine luxuri\u00f6se Vision von Anstrich und Haltbarkeit"},"content":{"rendered":"<p><\/p>\n<div id=\"article-body\" class=\"article__body \">\n<p id=\"4130d08d-7ef6-4992-a2c3-942e8aea3aa5\">Wenn es um Empfehlungen von K\u00fcchenger\u00e4ten geht, gibt es vielleicht niemanden, dem wir mehr vertrauen als Martha Stewart. Ihre makellosen Vorbereitungsk\u00fcchen sind immer mit den neuesten und gr\u00f6\u00dften Accessoires und Nutzern ausgestattet. Es ist also keine \u00dcberraschung, dass ihr neuer K\u00fchlschrank erstklassig ist.<\/p>\n<div id=\"ad-unit-1\" class=\"ad-unit\"><\/div>\n<p>In einem k\u00fcrzlich in Instagram Post enth\u00fcllten Martha enth\u00fcllte Martha das genaue Modell, das sie in ihrem Raum installiert hat, und es ist ein Kraftpaket der angesehenen Appliance -Marke Viking. Sie macht es, dass es eine der besten K\u00fchlschrankmarken ist.<\/p>\n<aside data-block-type=\"embed\" data-render-type=\"fte\" data-skip=\"dealsy\" data-widget-type=\"seasonal\" class=\"hawk-root\"><\/aside>\n<p id=\"4130d08d-7ef6-4992-a2c3-942e8aea3aa5-2\" class=\"paywall\" aria-hidden=\"true\">&#8222;Dies ist der neue 36-Zoll-Gefrierschrank von @vikingRange, der jetzt in der Vorbereitungsk\u00fcche meines G\u00e4stehaus-Studios installiert ist&#8220;, erkl\u00e4rt Martha in der Beschriftung des Beitrags, der ihren gl\u00e4nzenden neuen K\u00fchlschrank zeigt. &#8218;Es ersetzte einen, den ich seit 27 Jahren hatte. Da meine Vorbereitungsk\u00fcche f\u00fcr mehrere Veranstaltungen und Triebe verwendet wird, manchmal bei mehreren K\u00f6chen und Assistenten, die gleichzeitig im Raum arbeiten, ist es wichtig, dass alle Ger\u00e4te immer in ausgezeichnetem Zustand sind. &#8218;<\/p>\n<div class=\"van_vid_carousel\">\n<div class=\"van_vid_carousel__padding\">\n<div class=\"van_vid_carousel__container\"><\/div>\n<\/div>\n<\/div>\n<div class=\"instagram-embed\" id=\"DPOuLcOjZ2f\">\n<blockquote class=\"instagram-media\" data-instgrm-captioned data-instgrm-version=\"6\" style=\"width:99.375%; width:-webkit-calc(100% - 2px); width:calc(100% - 2px);\">\n<p>Ein Beitrag von Martha Stewart (@marthasteWart48)<\/p>\n<p>Ein Foto von on <\/p>\n<\/blockquote>\n<\/div>\n<p id=\"503feefd-d9eb-4e07-8dd6-4684e4766222\">Eines der Verkaufspunkte dieses K\u00fchlschranks ist sein Edelstahlmaterial; Es sieht nicht nur modern und elegant in seinem Design aus, sondern, wie Martha erkl\u00e4rt, auch unglaublich langlebig (daher ihr 27-j\u00e4hriger Aufenthalt mit ihrem vorherigen K\u00fchlschrank).<\/p>\n<div id=\"ad-unit-2\" class=\"ad-unit\"><\/div>\n<h3 class=\"article-body__section\" id=\"section-shop-the-stainless-steel-kitchen-edit\"><span>Kaufen Sie die Edelstahlk\u00fcchenbearbeitung ein<\/span><\/h3>\n<div class=\"product-container hero-product-container product-block-no-wrap\">\n<div class=\"product-block-row\"><\/div>\n<div class=\"product-block-row\"><\/div>\n<div class=\"product-block-row\"><\/div>\n<\/div>\n<p id=\"4bee8c6b-cf2e-4278-9ebc-e05a0037ba77\">&#8222;Das \u00c4u\u00dfere ist Edelstahl, der sehr best\u00e4ndig gegen Rost, Korrosion und F\u00e4rbung ist-eine lang anhaltende Option f\u00fcr k\u00fchne K\u00fcchenger\u00e4te&#8220;, schreibt Martha in ihrem Blog-Beitrag. &#8222;Ich wei\u00df, dass ich aus diesem Wikinger -K\u00fchlschrank viele Jahre lang genutzt werde.&#8220;<\/p>\n<p>Der Posten ist auch eine gute Erinnerung daran, dass der K\u00fchlschrank -Austausch neben dem Lebensstil und dem Grad der Verwendung ber\u00fccksichtigt werden sollte.<\/p>\n<p>&#8222;Wie ein K\u00fchlschrank verwendet wird, wirkt sich direkt auf seine Lebensdauer aus&#8220;, erkl\u00e4rt sie. \u201eF\u00fcr vielbesch\u00e4ftigte Familien kann ein Ger\u00e4t, das st\u00e4ndig mit Gegenst\u00e4nden \u00fcberlastet ist, nicht so effektiv abk\u00fchlt. Eine, die ebenfalls unter starkem Verkehr steht und h\u00e4ufig ge\u00f6ffnet und geschlossen wird, kann Temperaturschwankungen auftreten, was sich auf die Langlebigkeit auswirkt. &#8218;<\/p>\n<div id=\"slice-container-newsletterForm-articleInbodyContent-h3xqin85GG8j9ya62MnwFG\" class=\"slice-container newsletter-inbodyContent-slice newsletterForm-articleInbodyContent-h3xqin85GG8j9ya62MnwFG slice-container-newsletterForm\"><\/div>\n<p>Es scheint, dass der Wikinger eine ausgezeichnete Wahl ist, mit reichlich K\u00fchlschrankspeicherraum und Temperaturkontrolltechnologien.<\/p>\n<p>&#8222;Das Design des unteren Gefrierers erm\u00f6glicht einen einfachen Zugriff auf alle Artikel&#8220;, schreibt Martha. &#8222;Die verstellbaren Feuchtigkeitszone \u2122 -Zuschubladen haben Feuchtigkeitskontrollen f\u00fcr die Erhaltung von Nahrungsmitteln und eine weiche Merkmal, um Sch\u00e4den zu vermeiden.&#8220;<\/p>\n<hr id=\"bf562248-e455-4701-8f7c-bb0e74a0f9d7\">\n<p id=\"b964822e-2244-4266-a7d8-77e95edfa32c\">In Martha vertrauen wir. Das Einbeziehen von Edelstahlger\u00e4ten, insbesondere ein K\u00fchlschrank, ist eine leistungsstarke M\u00f6glichkeit, um sicherzustellen, dass Ihr K\u00fcchendesign in den kommenden Jahren dauert.<\/p>\n<div class=\"min-h-(270px) mb-4 viafoura-twig-component\" id=\"viafoura-engagement-starter-wrapper\" data-component-name=\"Elk:Embed:EngagementStarter\">\n<div class=\"viafoura\">\n<div>\n<vf-conversation-starter target=\"viafoura-comments\" title=\"What do you think of Martha's new fridge?\" description=\"Are you insterested in using more stainless steel appliances in your kitchen?\" minimum-comment-count=\"5\"><br \/>\n<\/vf-conversation-starter>\n<\/div>\n<\/div>\n<\/div>\n<div class=\"block\" id=\"articleTag\" data-component-name=\"PostArticleLinks\">\n<div class=\"border-b border-b-black border-solid py-2.5 text-black font-bold uppercase\">Themen<\/div>\n<nav class=\"py-2.5 flex gap-2.5 flex-wrap\" data-analytics-id=\"article-tag\">\n<p>Martha Stewart<\/p>\n<\/nav>\n<\/div>\n<\/div>\n<p><script async src=\"\/\/www.instagram.com\/embed.js\"><\/script><\/p>\n","protected":false},"excerpt":{"rendered":"<p>Wenn es um Empfehlungen von K\u00fcchenger\u00e4ten geht, gibt es vielleicht niemanden, dem wir mehr vertrauen als Martha Stewart. Ihre makellosen Vorbereitungsk\u00fcchen sind immer mit den<\/p>\n","protected":false},"author":1,"featured_media":8135,"comment_status":"closed","ping_status":"","sticky":false,"template":"","format":"standard","meta":{"footnotes":""},"categories":[118],"tags":[10487,4542,10488,629,43,74,10490,495,8198,189,325,15,2258,1655,2894,10489,3131,37,3671,21],"class_list":["post-8134","post","type-post","status-publish","format-standard","has-post-thumbnail","hentry","category-haus-garten","tag-27jaehrigen","tag-anstrich","tag-brandneues","tag-durch","tag-ein","tag-eine","tag-ersetztes","tag-gerade","tag-haltbarkeit","tag-hat","tag-ihren","tag-ist","tag-kuehlschrank","tag-luxurioese","tag-martha","tag-model","tag-stewart","tag-und","tag-vision","tag-von","generate-columns","tablet-grid-50","mobile-grid-100","grid-parent","grid-50"],"yoast_head":"<!-- This site is optimized with the Yoast SEO plugin v27.3 - https:\/\/yoast.com\/product\/yoast-seo-wordpress\/ -->\n<title>Martha Stewart hat gerade ihren 27-j\u00e4hrigen K\u00fchlschrank durch ein brandneues Model ersetzt-es ist eine luxuri\u00f6se Vision von Anstrich und Haltbarkeit - Nachrichten - Stra\u00dfenweb<\/title>\n<meta name=\"robots\" content=\"index, follow, max-snippet:-1, max-image-preview:large, max-video-preview:-1\" \/>\n<link rel=\"canonical\" href=\"https:\/\/www.strassenweb.de\/nachrichten\/martha-stewart-hat-gerade-ihren-27-jaehrigen-kuehlschrank-durch-ein-brandneues-model-ersetzt-es-ist-eine-luxurioese-vision-von-anstrich-und-haltbarkeit\/\" \/>\n<meta property=\"og:locale\" content=\"de_DE\" \/>\n<meta property=\"og:type\" content=\"article\" \/>\n<meta property=\"og:title\" content=\"Martha Stewart hat gerade ihren 27-j\u00e4hrigen K\u00fchlschrank durch ein brandneues Model ersetzt-es ist eine luxuri\u00f6se Vision von Anstrich und Haltbarkeit - Nachrichten - Stra\u00dfenweb\" \/>\n<meta property=\"og:description\" content=\"Wenn es um Empfehlungen von K\u00fcchenger\u00e4ten geht, gibt es vielleicht niemanden, dem wir mehr vertrauen als Martha Stewart. Ihre makellosen Vorbereitungsk\u00fcchen sind immer mit den\" \/>\n<meta property=\"og:url\" content=\"https:\/\/www.strassenweb.de\/nachrichten\/martha-stewart-hat-gerade-ihren-27-jaehrigen-kuehlschrank-durch-ein-brandneues-model-ersetzt-es-ist-eine-luxurioese-vision-von-anstrich-und-haltbarkeit\/\" \/>\n<meta property=\"og:site_name\" content=\"Stra\u00dfenweb\" \/>\n<meta property=\"article:publisher\" content=\"https:\/\/www.facebook.com\/strassenweb\/\" \/>\n<meta property=\"article:published_time\" content=\"2025-10-01T17:39:22+00:00\" \/>\n<meta property=\"article:modified_time\" content=\"2025-10-01T17:39:23+00:00\" \/>\n<meta property=\"og:image\" content=\"https:\/\/www.strassenweb.de\/nachrichten\/wp-content\/uploads\/2025\/10\/Martha-Stewart-hat-gerade-ihren-27-jaehrigen-Kuehlschrank-durch-ein-brandneues.jpg\" \/>\n\t<meta property=\"og:image:width\" content=\"1600\" \/>\n\t<meta property=\"og:image:height\" content=\"900\" \/>\n\t<meta property=\"og:image:type\" content=\"image\/jpeg\" \/>\n<meta name=\"author\" content=\"Robert Hoffmann\" \/>\n<meta name=\"twitter:card\" content=\"summary_large_image\" \/>\n<meta name=\"twitter:label1\" content=\"Verfasst von\" \/>\n\t<meta name=\"twitter:data1\" content=\"Robert Hoffmann\" \/>\n\t<meta name=\"twitter:label2\" content=\"Gesch\u00e4tzte Lesezeit\" \/>\n\t<meta name=\"twitter:data2\" content=\"2\u00a0Minuten\" \/>\n<script type=\"application\/ld+json\" class=\"yoast-schema-graph\">{\"@context\":\"https:\\\/\\\/schema.org\",\"@graph\":[{\"@type\":\"Article\",\"@id\":\"https:\\\/\\\/www.strassenweb.de\\\/nachrichten\\\/martha-stewart-hat-gerade-ihren-27-jaehrigen-kuehlschrank-durch-ein-brandneues-model-ersetzt-es-ist-eine-luxurioese-vision-von-anstrich-und-haltbarkeit\\\/#article\",\"isPartOf\":{\"@id\":\"https:\\\/\\\/www.strassenweb.de\\\/nachrichten\\\/martha-stewart-hat-gerade-ihren-27-jaehrigen-kuehlschrank-durch-ein-brandneues-model-ersetzt-es-ist-eine-luxurioese-vision-von-anstrich-und-haltbarkeit\\\/\"},\"author\":{\"name\":\"Robert Hoffmann\",\"@id\":\"https:\\\/\\\/www.strassenweb.de\\\/nachrichten\\\/#\\\/schema\\\/person\\\/87c9c9067f1211da429a744dc5a5aa41\"},\"headline\":\"Martha Stewart hat gerade ihren 27-j\u00e4hrigen K\u00fchlschrank durch ein brandneues Model ersetzt-es ist eine luxuri\u00f6se Vision von Anstrich und Haltbarkeit\",\"datePublished\":\"2025-10-01T17:39:22+00:00\",\"dateModified\":\"2025-10-01T17:39:23+00:00\",\"mainEntityOfPage\":{\"@id\":\"https:\\\/\\\/www.strassenweb.de\\\/nachrichten\\\/martha-stewart-hat-gerade-ihren-27-jaehrigen-kuehlschrank-durch-ein-brandneues-model-ersetzt-es-ist-eine-luxurioese-vision-von-anstrich-und-haltbarkeit\\\/\"},\"wordCount\":462,\"publisher\":{\"@id\":\"https:\\\/\\\/www.strassenweb.de\\\/nachrichten\\\/#organization\"},\"image\":{\"@id\":\"https:\\\/\\\/www.strassenweb.de\\\/nachrichten\\\/martha-stewart-hat-gerade-ihren-27-jaehrigen-kuehlschrank-durch-ein-brandneues-model-ersetzt-es-ist-eine-luxurioese-vision-von-anstrich-und-haltbarkeit\\\/#primaryimage\"},\"thumbnailUrl\":\"https:\\\/\\\/www.strassenweb.de\\\/nachrichten\\\/wp-content\\\/uploads\\\/2025\\\/10\\\/Martha-Stewart-hat-gerade-ihren-27-jaehrigen-Kuehlschrank-durch-ein-brandneues.jpg\",\"keywords\":[\"27j\u00e4hrigen\",\"Anstrich\",\"brandneues\",\"durch\",\"ein\",\"eine\",\"ersetztes\",\"gerade\",\"Haltbarkeit\",\"hat\",\"ihren\",\"ist\",\"K\u00fchlschrank\",\"luxuri\u00f6se\",\"Martha\",\"Model\",\"Stewart\",\"und\",\"Vision\",\"von\"],\"articleSection\":[\"Haus &amp; Garten\"],\"inLanguage\":\"de\"},{\"@type\":\"WebPage\",\"@id\":\"https:\\\/\\\/www.strassenweb.de\\\/nachrichten\\\/martha-stewart-hat-gerade-ihren-27-jaehrigen-kuehlschrank-durch-ein-brandneues-model-ersetzt-es-ist-eine-luxurioese-vision-von-anstrich-und-haltbarkeit\\\/\",\"url\":\"https:\\\/\\\/www.strassenweb.de\\\/nachrichten\\\/martha-stewart-hat-gerade-ihren-27-jaehrigen-kuehlschrank-durch-ein-brandneues-model-ersetzt-es-ist-eine-luxurioese-vision-von-anstrich-und-haltbarkeit\\\/\",\"name\":\"Martha Stewart hat gerade ihren 27-j\u00e4hrigen K\u00fchlschrank durch ein brandneues Model ersetzt-es ist eine luxuri\u00f6se Vision von Anstrich und Haltbarkeit - Nachrichten - Stra\u00dfenweb\",\"isPartOf\":{\"@id\":\"https:\\\/\\\/www.strassenweb.de\\\/nachrichten\\\/#website\"},\"primaryImageOfPage\":{\"@id\":\"https:\\\/\\\/www.strassenweb.de\\\/nachrichten\\\/martha-stewart-hat-gerade-ihren-27-jaehrigen-kuehlschrank-durch-ein-brandneues-model-ersetzt-es-ist-eine-luxurioese-vision-von-anstrich-und-haltbarkeit\\\/#primaryimage\"},\"image\":{\"@id\":\"https:\\\/\\\/www.strassenweb.de\\\/nachrichten\\\/martha-stewart-hat-gerade-ihren-27-jaehrigen-kuehlschrank-durch-ein-brandneues-model-ersetzt-es-ist-eine-luxurioese-vision-von-anstrich-und-haltbarkeit\\\/#primaryimage\"},\"thumbnailUrl\":\"https:\\\/\\\/www.strassenweb.de\\\/nachrichten\\\/wp-content\\\/uploads\\\/2025\\\/10\\\/Martha-Stewart-hat-gerade-ihren-27-jaehrigen-Kuehlschrank-durch-ein-brandneues.jpg\",\"datePublished\":\"2025-10-01T17:39:22+00:00\",\"dateModified\":\"2025-10-01T17:39:23+00:00\",\"breadcrumb\":{\"@id\":\"https:\\\/\\\/www.strassenweb.de\\\/nachrichten\\\/martha-stewart-hat-gerade-ihren-27-jaehrigen-kuehlschrank-durch-ein-brandneues-model-ersetzt-es-ist-eine-luxurioese-vision-von-anstrich-und-haltbarkeit\\\/#breadcrumb\"},\"inLanguage\":\"de\",\"potentialAction\":[{\"@type\":\"ReadAction\",\"target\":[\"https:\\\/\\\/www.strassenweb.de\\\/nachrichten\\\/martha-stewart-hat-gerade-ihren-27-jaehrigen-kuehlschrank-durch-ein-brandneues-model-ersetzt-es-ist-eine-luxurioese-vision-von-anstrich-und-haltbarkeit\\\/\"]}]},{\"@type\":\"ImageObject\",\"inLanguage\":\"de\",\"@id\":\"https:\\\/\\\/www.strassenweb.de\\\/nachrichten\\\/martha-stewart-hat-gerade-ihren-27-jaehrigen-kuehlschrank-durch-ein-brandneues-model-ersetzt-es-ist-eine-luxurioese-vision-von-anstrich-und-haltbarkeit\\\/#primaryimage\",\"url\":\"https:\\\/\\\/www.strassenweb.de\\\/nachrichten\\\/wp-content\\\/uploads\\\/2025\\\/10\\\/Martha-Stewart-hat-gerade-ihren-27-jaehrigen-Kuehlschrank-durch-ein-brandneues.jpg\",\"contentUrl\":\"https:\\\/\\\/www.strassenweb.de\\\/nachrichten\\\/wp-content\\\/uploads\\\/2025\\\/10\\\/Martha-Stewart-hat-gerade-ihren-27-jaehrigen-Kuehlschrank-durch-ein-brandneues.jpg\",\"width\":1600,\"height\":900,\"caption\":\"Martha Stewart\"},{\"@type\":\"BreadcrumbList\",\"@id\":\"https:\\\/\\\/www.strassenweb.de\\\/nachrichten\\\/martha-stewart-hat-gerade-ihren-27-jaehrigen-kuehlschrank-durch-ein-brandneues-model-ersetzt-es-ist-eine-luxurioese-vision-von-anstrich-und-haltbarkeit\\\/#breadcrumb\",\"itemListElement\":[{\"@type\":\"ListItem\",\"position\":1,\"name\":\"Home\",\"item\":\"https:\\\/\\\/www.strassenweb.de\\\/nachrichten\\\/\"},{\"@type\":\"ListItem\",\"position\":2,\"name\":\"Martha Stewart hat gerade ihren 27-j\u00e4hrigen K\u00fchlschrank durch ein brandneues Model ersetzt-es ist eine luxuri\u00f6se Vision von Anstrich und Haltbarkeit\"}]},{\"@type\":\"WebSite\",\"@id\":\"https:\\\/\\\/www.strassenweb.de\\\/nachrichten\\\/#website\",\"url\":\"https:\\\/\\\/www.strassenweb.de\\\/nachrichten\\\/\",\"name\":\"Stra\u00dfenweb\",\"description\":\"Stra\u00dfenverzeichnis f\u00fcr Deutschland\",\"publisher\":{\"@id\":\"https:\\\/\\\/www.strassenweb.de\\\/nachrichten\\\/#organization\"},\"potentialAction\":[{\"@type\":\"SearchAction\",\"target\":{\"@type\":\"EntryPoint\",\"urlTemplate\":\"https:\\\/\\\/www.strassenweb.de\\\/nachrichten\\\/?s={search_term_string}\"},\"query-input\":{\"@type\":\"PropertyValueSpecification\",\"valueRequired\":true,\"valueName\":\"search_term_string\"}}],\"inLanguage\":\"de\"},{\"@type\":\"Organization\",\"@id\":\"https:\\\/\\\/www.strassenweb.de\\\/nachrichten\\\/#organization\",\"name\":\"Stra\u00dfenweb\",\"url\":\"https:\\\/\\\/www.strassenweb.de\\\/nachrichten\\\/\",\"logo\":{\"@type\":\"ImageObject\",\"inLanguage\":\"de\",\"@id\":\"https:\\\/\\\/www.strassenweb.de\\\/nachrichten\\\/#\\\/schema\\\/logo\\\/image\\\/\",\"url\":\"https:\\\/\\\/www.strassenweb.de\\\/nachrichten\\\/wp-content\\\/uploads\\\/2024\\\/09\\\/cropped-favicon.png\",\"contentUrl\":\"https:\\\/\\\/www.strassenweb.de\\\/nachrichten\\\/wp-content\\\/uploads\\\/2024\\\/09\\\/cropped-favicon.png\",\"width\":512,\"height\":512,\"caption\":\"Stra\u00dfenweb\"},\"image\":{\"@id\":\"https:\\\/\\\/www.strassenweb.de\\\/nachrichten\\\/#\\\/schema\\\/logo\\\/image\\\/\"},\"sameAs\":[\"https:\\\/\\\/www.facebook.com\\\/strassenweb\\\/\"]},{\"@type\":\"Person\",\"@id\":\"https:\\\/\\\/www.strassenweb.de\\\/nachrichten\\\/#\\\/schema\\\/person\\\/87c9c9067f1211da429a744dc5a5aa41\",\"name\":\"Robert Hoffmann\",\"image\":{\"@type\":\"ImageObject\",\"inLanguage\":\"de\",\"@id\":\"https:\\\/\\\/www.strassenweb.de\\\/nachrichten\\\/wp-content\\\/uploads\\\/2024\\\/09\\\/strassenweb-150x150.jpg\",\"url\":\"https:\\\/\\\/www.strassenweb.de\\\/nachrichten\\\/wp-content\\\/uploads\\\/2024\\\/09\\\/strassenweb-150x150.jpg\",\"contentUrl\":\"https:\\\/\\\/www.strassenweb.de\\\/nachrichten\\\/wp-content\\\/uploads\\\/2024\\\/09\\\/strassenweb-150x150.jpg\",\"caption\":\"Robert Hoffmann\"},\"description\":\"Ich hei\u00dfe Robert Hoffmann und ich bin ein leidenschaftlicher Verfechter von \u00d6kologie und Biodiversit\u00e4t. Seit meiner Kindheit in den W\u00e4ldern Bayerns f\u00fchle ich mich mit der Natur verbunden und bin entschlossen, sie zu sch\u00fctzen. Heute widme ich mein Leben der Sensibilisierung anderer f\u00fcr die Bedeutung des Umweltschutzes f\u00fcr zuk\u00fcnftige Generationen.\",\"sameAs\":[\"https:\\\/\\\/www.strassenweb.de\\\/\"]}]}<\/script>\n<!-- \/ Yoast SEO plugin. -->","yoast_head_json":{"title":"Martha Stewart hat gerade ihren 27-j\u00e4hrigen K\u00fchlschrank durch ein brandneues Model ersetzt-es ist eine luxuri\u00f6se Vision von Anstrich und Haltbarkeit - Nachrichten - Stra\u00dfenweb","robots":{"index":"index","follow":"follow","max-snippet":"max-snippet:-1","max-image-preview":"max-image-preview:large","max-video-preview":"max-video-preview:-1"},"canonical":"https:\/\/www.strassenweb.de\/nachrichten\/martha-stewart-hat-gerade-ihren-27-jaehrigen-kuehlschrank-durch-ein-brandneues-model-ersetzt-es-ist-eine-luxurioese-vision-von-anstrich-und-haltbarkeit\/","og_locale":"de_DE","og_type":"article","og_title":"Martha Stewart hat gerade ihren 27-j\u00e4hrigen K\u00fchlschrank durch ein brandneues Model ersetzt-es ist eine luxuri\u00f6se Vision von Anstrich und Haltbarkeit - Nachrichten - Stra\u00dfenweb","og_description":"Wenn es um Empfehlungen von K\u00fcchenger\u00e4ten geht, gibt es vielleicht niemanden, dem wir mehr vertrauen als Martha Stewart. Ihre makellosen Vorbereitungsk\u00fcchen sind immer mit den","og_url":"https:\/\/www.strassenweb.de\/nachrichten\/martha-stewart-hat-gerade-ihren-27-jaehrigen-kuehlschrank-durch-ein-brandneues-model-ersetzt-es-ist-eine-luxurioese-vision-von-anstrich-und-haltbarkeit\/","og_site_name":"Stra\u00dfenweb","article_publisher":"https:\/\/www.facebook.com\/strassenweb\/","article_published_time":"2025-10-01T17:39:22+00:00","article_modified_time":"2025-10-01T17:39:23+00:00","og_image":[{"width":1600,"height":900,"url":"https:\/\/www.strassenweb.de\/nachrichten\/wp-content\/uploads\/2025\/10\/Martha-Stewart-hat-gerade-ihren-27-jaehrigen-Kuehlschrank-durch-ein-brandneues.jpg","type":"image\/jpeg"}],"author":"Robert Hoffmann","twitter_card":"summary_large_image","twitter_misc":{"Verfasst von":"Robert Hoffmann","Gesch\u00e4tzte Lesezeit":"2\u00a0Minuten"},"schema":{"@context":"https:\/\/schema.org","@graph":[{"@type":"Article","@id":"https:\/\/www.strassenweb.de\/nachrichten\/martha-stewart-hat-gerade-ihren-27-jaehrigen-kuehlschrank-durch-ein-brandneues-model-ersetzt-es-ist-eine-luxurioese-vision-von-anstrich-und-haltbarkeit\/#article","isPartOf":{"@id":"https:\/\/www.strassenweb.de\/nachrichten\/martha-stewart-hat-gerade-ihren-27-jaehrigen-kuehlschrank-durch-ein-brandneues-model-ersetzt-es-ist-eine-luxurioese-vision-von-anstrich-und-haltbarkeit\/"},"author":{"name":"Robert Hoffmann","@id":"https:\/\/www.strassenweb.de\/nachrichten\/#\/schema\/person\/87c9c9067f1211da429a744dc5a5aa41"},"headline":"Martha Stewart hat gerade ihren 27-j\u00e4hrigen K\u00fchlschrank durch ein brandneues Model ersetzt-es ist eine luxuri\u00f6se Vision von Anstrich und Haltbarkeit","datePublished":"2025-10-01T17:39:22+00:00","dateModified":"2025-10-01T17:39:23+00:00","mainEntityOfPage":{"@id":"https:\/\/www.strassenweb.de\/nachrichten\/martha-stewart-hat-gerade-ihren-27-jaehrigen-kuehlschrank-durch-ein-brandneues-model-ersetzt-es-ist-eine-luxurioese-vision-von-anstrich-und-haltbarkeit\/"},"wordCount":462,"publisher":{"@id":"https:\/\/www.strassenweb.de\/nachrichten\/#organization"},"image":{"@id":"https:\/\/www.strassenweb.de\/nachrichten\/martha-stewart-hat-gerade-ihren-27-jaehrigen-kuehlschrank-durch-ein-brandneues-model-ersetzt-es-ist-eine-luxurioese-vision-von-anstrich-und-haltbarkeit\/#primaryimage"},"thumbnailUrl":"https:\/\/www.strassenweb.de\/nachrichten\/wp-content\/uploads\/2025\/10\/Martha-Stewart-hat-gerade-ihren-27-jaehrigen-Kuehlschrank-durch-ein-brandneues.jpg","keywords":["27j\u00e4hrigen","Anstrich","brandneues","durch","ein","eine","ersetztes","gerade","Haltbarkeit","hat","ihren","ist","K\u00fchlschrank","luxuri\u00f6se","Martha","Model","Stewart","und","Vision","von"],"articleSection":["Haus &amp; Garten"],"inLanguage":"de"},{"@type":"WebPage","@id":"https:\/\/www.strassenweb.de\/nachrichten\/martha-stewart-hat-gerade-ihren-27-jaehrigen-kuehlschrank-durch-ein-brandneues-model-ersetzt-es-ist-eine-luxurioese-vision-von-anstrich-und-haltbarkeit\/","url":"https:\/\/www.strassenweb.de\/nachrichten\/martha-stewart-hat-gerade-ihren-27-jaehrigen-kuehlschrank-durch-ein-brandneues-model-ersetzt-es-ist-eine-luxurioese-vision-von-anstrich-und-haltbarkeit\/","name":"Martha Stewart hat gerade ihren 27-j\u00e4hrigen K\u00fchlschrank durch ein brandneues Model ersetzt-es ist eine luxuri\u00f6se Vision von Anstrich und Haltbarkeit - Nachrichten - Stra\u00dfenweb","isPartOf":{"@id":"https:\/\/www.strassenweb.de\/nachrichten\/#website"},"primaryImageOfPage":{"@id":"https:\/\/www.strassenweb.de\/nachrichten\/martha-stewart-hat-gerade-ihren-27-jaehrigen-kuehlschrank-durch-ein-brandneues-model-ersetzt-es-ist-eine-luxurioese-vision-von-anstrich-und-haltbarkeit\/#primaryimage"},"image":{"@id":"https:\/\/www.strassenweb.de\/nachrichten\/martha-stewart-hat-gerade-ihren-27-jaehrigen-kuehlschrank-durch-ein-brandneues-model-ersetzt-es-ist-eine-luxurioese-vision-von-anstrich-und-haltbarkeit\/#primaryimage"},"thumbnailUrl":"https:\/\/www.strassenweb.de\/nachrichten\/wp-content\/uploads\/2025\/10\/Martha-Stewart-hat-gerade-ihren-27-jaehrigen-Kuehlschrank-durch-ein-brandneues.jpg","datePublished":"2025-10-01T17:39:22+00:00","dateModified":"2025-10-01T17:39:23+00:00","breadcrumb":{"@id":"https:\/\/www.strassenweb.de\/nachrichten\/martha-stewart-hat-gerade-ihren-27-jaehrigen-kuehlschrank-durch-ein-brandneues-model-ersetzt-es-ist-eine-luxurioese-vision-von-anstrich-und-haltbarkeit\/#breadcrumb"},"inLanguage":"de","potentialAction":[{"@type":"ReadAction","target":["https:\/\/www.strassenweb.de\/nachrichten\/martha-stewart-hat-gerade-ihren-27-jaehrigen-kuehlschrank-durch-ein-brandneues-model-ersetzt-es-ist-eine-luxurioese-vision-von-anstrich-und-haltbarkeit\/"]}]},{"@type":"ImageObject","inLanguage":"de","@id":"https:\/\/www.strassenweb.de\/nachrichten\/martha-stewart-hat-gerade-ihren-27-jaehrigen-kuehlschrank-durch-ein-brandneues-model-ersetzt-es-ist-eine-luxurioese-vision-von-anstrich-und-haltbarkeit\/#primaryimage","url":"https:\/\/www.strassenweb.de\/nachrichten\/wp-content\/uploads\/2025\/10\/Martha-Stewart-hat-gerade-ihren-27-jaehrigen-Kuehlschrank-durch-ein-brandneues.jpg","contentUrl":"https:\/\/www.strassenweb.de\/nachrichten\/wp-content\/uploads\/2025\/10\/Martha-Stewart-hat-gerade-ihren-27-jaehrigen-Kuehlschrank-durch-ein-brandneues.jpg","width":1600,"height":900,"caption":"Martha Stewart"},{"@type":"BreadcrumbList","@id":"https:\/\/www.strassenweb.de\/nachrichten\/martha-stewart-hat-gerade-ihren-27-jaehrigen-kuehlschrank-durch-ein-brandneues-model-ersetzt-es-ist-eine-luxurioese-vision-von-anstrich-und-haltbarkeit\/#breadcrumb","itemListElement":[{"@type":"ListItem","position":1,"name":"Home","item":"https:\/\/www.strassenweb.de\/nachrichten\/"},{"@type":"ListItem","position":2,"name":"Martha Stewart hat gerade ihren 27-j\u00e4hrigen K\u00fchlschrank durch ein brandneues Model ersetzt-es ist eine luxuri\u00f6se Vision von Anstrich und Haltbarkeit"}]},{"@type":"WebSite","@id":"https:\/\/www.strassenweb.de\/nachrichten\/#website","url":"https:\/\/www.strassenweb.de\/nachrichten\/","name":"Stra\u00dfenweb","description":"Stra\u00dfenverzeichnis f\u00fcr Deutschland","publisher":{"@id":"https:\/\/www.strassenweb.de\/nachrichten\/#organization"},"potentialAction":[{"@type":"SearchAction","target":{"@type":"EntryPoint","urlTemplate":"https:\/\/www.strassenweb.de\/nachrichten\/?s={search_term_string}"},"query-input":{"@type":"PropertyValueSpecification","valueRequired":true,"valueName":"search_term_string"}}],"inLanguage":"de"},{"@type":"Organization","@id":"https:\/\/www.strassenweb.de\/nachrichten\/#organization","name":"Stra\u00dfenweb","url":"https:\/\/www.strassenweb.de\/nachrichten\/","logo":{"@type":"ImageObject","inLanguage":"de","@id":"https:\/\/www.strassenweb.de\/nachrichten\/#\/schema\/logo\/image\/","url":"https:\/\/www.strassenweb.de\/nachrichten\/wp-content\/uploads\/2024\/09\/cropped-favicon.png","contentUrl":"https:\/\/www.strassenweb.de\/nachrichten\/wp-content\/uploads\/2024\/09\/cropped-favicon.png","width":512,"height":512,"caption":"Stra\u00dfenweb"},"image":{"@id":"https:\/\/www.strassenweb.de\/nachrichten\/#\/schema\/logo\/image\/"},"sameAs":["https:\/\/www.facebook.com\/strassenweb\/"]},{"@type":"Person","@id":"https:\/\/www.strassenweb.de\/nachrichten\/#\/schema\/person\/87c9c9067f1211da429a744dc5a5aa41","name":"Robert Hoffmann","image":{"@type":"ImageObject","inLanguage":"de","@id":"https:\/\/www.strassenweb.de\/nachrichten\/wp-content\/uploads\/2024\/09\/strassenweb-150x150.jpg","url":"https:\/\/www.strassenweb.de\/nachrichten\/wp-content\/uploads\/2024\/09\/strassenweb-150x150.jpg","contentUrl":"https:\/\/www.strassenweb.de\/nachrichten\/wp-content\/uploads\/2024\/09\/strassenweb-150x150.jpg","caption":"Robert Hoffmann"},"description":"Ich hei\u00dfe Robert Hoffmann und ich bin ein leidenschaftlicher Verfechter von \u00d6kologie und Biodiversit\u00e4t. Seit meiner Kindheit in den W\u00e4ldern Bayerns f\u00fchle ich mich mit der Natur verbunden und bin entschlossen, sie zu sch\u00fctzen. Heute widme ich mein Leben der Sensibilisierung anderer f\u00fcr die Bedeutung des Umweltschutzes f\u00fcr zuk\u00fcnftige Generationen.","sameAs":["https:\/\/www.strassenweb.de\/"]}]}},"_links":{"self":[{"href":"https:\/\/www.strassenweb.de\/nachrichten\/wp-json\/wp\/v2\/posts\/8134","targetHints":{"allow":["GET"]}}],"collection":[{"href":"https:\/\/www.strassenweb.de\/nachrichten\/wp-json\/wp\/v2\/posts"}],"about":[{"href":"https:\/\/www.strassenweb.de\/nachrichten\/wp-json\/wp\/v2\/types\/post"}],"author":[{"embeddable":true,"href":"https:\/\/www.strassenweb.de\/nachrichten\/wp-json\/wp\/v2\/users\/1"}],"replies":[{"embeddable":true,"href":"https:\/\/www.strassenweb.de\/nachrichten\/wp-json\/wp\/v2\/comments?post=8134"}],"version-history":[{"count":0,"href":"https:\/\/www.strassenweb.de\/nachrichten\/wp-json\/wp\/v2\/posts\/8134\/revisions"}],"wp:featuredmedia":[{"embeddable":true,"href":"https:\/\/www.strassenweb.de\/nachrichten\/wp-json\/wp\/v2\/media\/8135"}],"wp:attachment":[{"href":"https:\/\/www.strassenweb.de\/nachrichten\/wp-json\/wp\/v2\/media?parent=8134"}],"wp:term":[{"taxonomy":"category","embeddable":true,"href":"https:\/\/www.strassenweb.de\/nachrichten\/wp-json\/wp\/v2\/categories?post=8134"},{"taxonomy":"post_tag","embeddable":true,"href":"https:\/\/www.strassenweb.de\/nachrichten\/wp-json\/wp\/v2\/tags?post=8134"}],"curies":[{"name":"wp","href":"https:\/\/api.w.org\/{rel}","templated":true}]}}