{"id":8116,"date":"2025-10-01T07:40:06","date_gmt":"2025-10-01T05:40:06","guid":{"rendered":"https:\/\/www.strassenweb.de\/nachrichten\/martha-stewarts-20-jaehrige-kueche-sieht-aus-wie-es-wurde-gestern-gemacht-und-das-alles-dank-ihrer-zeitlosen-kabinettsfarbe-wahl\/"},"modified":"2025-10-01T07:40:07","modified_gmt":"2025-10-01T05:40:07","slug":"martha-stewarts-20-jaehrige-kueche-sieht-aus-wie-es-wurde-gestern-gemacht-und-das-alles-dank-ihrer-zeitlosen-kabinettsfarbe-wahl","status":"publish","type":"post","link":"https:\/\/www.strassenweb.de\/nachrichten\/martha-stewarts-20-jaehrige-kueche-sieht-aus-wie-es-wurde-gestern-gemacht-und-das-alles-dank-ihrer-zeitlosen-kabinettsfarbe-wahl\/","title":{"rendered":"Martha Stewarts 20-j\u00e4hrige K\u00fcche sieht aus wie &#8222;Es wurde gestern gemacht&#8220;-und das alles dank ihrer zeitlosen Kabinettsfarbe Wahl"},"content":{"rendered":"<p><\/p>\n<div id=\"article-body\" class=\"article__body \">\n<p id=\"6f032c01-d946-4f90-a8ed-9c56959bc45f\">In der sich st\u00e4ndig ver\u00e4ndernden Welt des K\u00fcchendesigns kann die Auswahl einer Schrankfarbe sich wie ein Spiel mit hohem Einsatz anf\u00fchlen. W\u00e4hrend Trends kommen und gehen, sind sich Experten einig, dass der Schl\u00fcssel zu einer dauerhaften K\u00fcche eine Farbe ist, die in zeitlosen Designprinzipien und nicht in fl\u00fcchtigen Modeerscheinungen verwurzelt ist.<\/p>\n<div id=\"ad-unit-1\" class=\"ad-unit\"><\/div>\n<aside data-block-type=\"embed\" data-render-type=\"fte\" data-skip=\"dealsy\" data-widget-type=\"seasonal\" class=\"hawk-root\"><\/aside>\n<p id=\"6f032c01-d946-4f90-a8ed-9c56959bc45f-2\" class=\"paywall\" aria-hidden=\"true\">&#8222;Ich habe meine K\u00fcche vor 20 Jahren entworfen&#8220;, sagte Martha. \u00bbIch habe eine alte Farm gekauft und die K\u00fcche neu genannt, und sie sieht brandneu aus. Es sieht so aus, als w\u00e4re es gestern gemacht worden. So sch\u00f6n und gut gemacht ist es. &#8218;<\/p>\n<div class=\"van_vid_carousel\">\n<div class=\"van_vid_carousel__padding\">\n<div class=\"van_vid_carousel__container\"><\/div>\n<\/div>\n<\/div>\n<div class=\"instagram-embed\" id=\"Cj5MoH9uniM\">\n<blockquote class=\"instagram-media\" data-instgrm-captioned data-instgrm-version=\"6\" style=\"width:99.375%; width:-webkit-calc(100% - 2px); width:calc(100% - 2px);\">\n<p>Ein Beitrag von Martha Stewart (@marthasteWart48)<\/p>\n<p>Ein Foto von on <\/p>\n<\/blockquote>\n<\/div>\n<p id=\"34f5f1e5-4dc2-49df-8b1d-2b98ac28182d\">Diese einfache, aber brillante Wahl ist ein Beweis daf\u00fcr, dass die Einbeziehung intelligenter K\u00fcchenfarbe Ideen der beste Weg ist, um Ihren Raum zukunftssicher zu machen.<\/p>\n<div id=\"ad-unit-2\" class=\"ad-unit\"><\/div>\n<p>Sie fuhr fort: &#8218;Die K\u00fcchenschr\u00e4nke werden aus grauen Rahmen hergestellt, ein wundersch\u00f6nes Bedford Grey, wie ich es nenne. Alle Geb\u00e4ude sind in der gleichen Farbe grau gestrichen, und die Paneele in den Schr\u00e4nken, Flachkabinen, die im amerikanischen Shaker-Stil eine Art Tigerahorn sind. Und sie sehen im grauen Kabinett h\u00fcbsch aus. &#8218; Die entspannende Sch\u00f6nheit der Schr\u00e4nke schafft die perfekte Umgebung zum Kochen, Geselligkeit, Entspannung oder in Marthas Fall und genie\u00dft ein Glas ihres Favoriten <u>Reiner Blatt -Eistee<\/u>.<\/p>\n<figure class=\"van-image-figure inline-layout \" data-bordeaux-image-check id=\"2fb945bd-3421-4c92-a6d9-38520e29d94d\">\n<div class=\"image-full-width-wrapper\">\n<div class=\"image-widthsetter\" style=\"max-width:2000px;\"><\/div>\n<\/div>\n<\/figure>\n<p id=\"a7bfa78d-1bd1-4c4c-b1b3-b216efc623a8\">\u00dcber die Farbe hinaus empfiehlt Martha auch die Auswahl der No-Fuss-K\u00fcchenschrank-Hardware, um einen wirklich dauerhaften Look zu erzielen. Sie sagt: \u201eIch mag kleine Kn\u00f6pfe, die effizient sind und herausziehen, damit Sie nichts auf den Schr\u00e4nken fangen. Meine Schubladen haben kleine Kn\u00f6pfe an ihnen. &#8218; Diese Pr\u00e4ferenz f\u00fcr minimale Hardware ist v\u00f6llig widerstandsf\u00e4hig gegen fl\u00fcchtige Trends und ein Kennzeichen ihres klassischen Stils.<\/p>\n<p>Ihr Engagement f\u00fcr die Einfachheit erstreckt sich auf das Kabinettsdesign selbst. W\u00e4hrend viele K\u00fcchenideen dekorative Formteile oder erh\u00f6hte Paneele enthalten, ist Martha ein Fan von glatten, b\u00fcndigen Schr\u00e4nken. \u00bbIn meiner K\u00fcche ist alles b\u00fcndig\u00ab, sagte sie. In diesem schlanken, sauberen Ansatz geht es nicht nur um \u00c4sthetik. Es geht um Praktikabilit\u00e4t. \u00bbWenn Sie einen Schalter von einer Theke haben\u00ab, erkl\u00e4rt sie, \u00bbwird es nicht in die Schubladen gehen und in alle schicken Formteile und Sachen stecken. Es ist elegant, aber einfach. &#8218;<\/p>\n<div id=\"slice-container-newsletterForm-articleInbodyContent-HwGrK72Lmn4vuVD9PznacB\" class=\"slice-container newsletter-inbodyContent-slice newsletterForm-articleInbodyContent-HwGrK72Lmn4vuVD9PznacB slice-container-newsletterForm\"><\/div>\n<p>Diese intelligente Designphilosophie ist eine starke Erinnerung daran, dass die best\u00e4ndigsten K\u00fcchentrends diejenigen sind, die Form und Funktion perfekt vermischen.<\/p>\n<hr id=\"b92aad61-6f4c-4430-abbe-4f4738b2b825\">\n<h2 id=\"shop-martha-s-kitchen-look-3\">Kaufen Sie Marthas K\u00fcchen -Look ein<\/h2>\n<div class=\"product-container hero-product-container product-block-no-wrap\">\n<div class=\"product-block-row\"><\/div>\n<div class=\"product-block-row\"><\/div>\n<div class=\"product-block-row\"><\/div>\n<\/div>\n<p id=\"84375504-7cf0-4033-8929-f5cd794a5e23\">Elegant, aber Einfaches scheint der Name des Spiels in Martha Stewarts zeitloser Kabinettsspielbuch zu sein. Graues und nat\u00fcrliches Holz, kleine Hardware und Flush -Oberfl\u00e4chen vereinen sich f\u00fcr einen Look, der niemals aus der Mode kommt.<\/p>\n<p>F\u00fcr mehr Inspiration, unsere Liste von <u>zeitlose K\u00fcchendesign -Ideen<\/u> ist ein gro\u00dfartiger Ort zum Start.<\/p>\n<div class=\"block\" id=\"articleTag\" data-component-name=\"PostArticleLinks\">\n<div class=\"border-b border-b-black border-solid py-2.5 text-black font-bold uppercase\">Themen<\/div>\n<nav class=\"py-2.5 flex gap-2.5 flex-wrap\" data-analytics-id=\"article-tag\">\n<p>Martha Stewart Cabinetry Farbschemata<\/p>\n<\/nav>\n<\/div>\n<\/div>\n<p><script async src=\"\/\/www.instagram.com\/embed.js\"><\/script><\/p>\n","protected":false},"excerpt":{"rendered":"<p>In der sich st\u00e4ndig ver\u00e4ndernden Welt des K\u00fcchendesigns kann die Auswahl einer Schrankfarbe sich wie ein Spiel mit hohem Einsatz anf\u00fchlen. W\u00e4hrend Trends kommen und<\/p>\n","protected":false},"author":1,"featured_media":8117,"comment_status":"closed","ping_status":"","sticky":false,"template":"","format":"standard","meta":{"footnotes":""},"categories":[118],"tags":[10466,157,287,365,112,10468,10467,11,10469,468,2894,8998,2895,202,26,1529,2232],"class_list":["post-8116","post","type-post","status-publish","format-standard","has-post-thumbnail","hentry","category-haus-garten","tag-20jaehrige","tag-alles","tag-aus","tag-dank","tag-das","tag-gemachtund","tag-gestern","tag-ihrer","tag-kabinettsfarbe","tag-kueche","tag-martha","tag-sieht","tag-stewarts","tag-wahl","tag-wie","tag-wuerde","tag-zeitlosen","generate-columns","tablet-grid-50","mobile-grid-100","grid-parent","grid-50"],"yoast_head":"<!-- This site is optimized with the Yoast SEO plugin v27.3 - https:\/\/yoast.com\/product\/yoast-seo-wordpress\/ -->\n<title>Martha Stewarts 20-j\u00e4hrige K\u00fcche sieht aus wie &quot;Es wurde gestern gemacht&quot;-und das alles dank ihrer zeitlosen Kabinettsfarbe Wahl - Nachrichten - Stra\u00dfenweb<\/title>\n<meta name=\"robots\" content=\"index, follow, max-snippet:-1, max-image-preview:large, max-video-preview:-1\" \/>\n<link rel=\"canonical\" href=\"https:\/\/www.strassenweb.de\/nachrichten\/martha-stewarts-20-jaehrige-kueche-sieht-aus-wie-es-wurde-gestern-gemacht-und-das-alles-dank-ihrer-zeitlosen-kabinettsfarbe-wahl\/\" \/>\n<meta property=\"og:locale\" content=\"de_DE\" \/>\n<meta property=\"og:type\" content=\"article\" \/>\n<meta property=\"og:title\" content=\"Martha Stewarts 20-j\u00e4hrige K\u00fcche sieht aus wie &quot;Es wurde gestern gemacht&quot;-und das alles dank ihrer zeitlosen Kabinettsfarbe Wahl - Nachrichten - Stra\u00dfenweb\" \/>\n<meta property=\"og:description\" content=\"In der sich st\u00e4ndig ver\u00e4ndernden Welt des K\u00fcchendesigns kann die Auswahl einer Schrankfarbe sich wie ein Spiel mit hohem Einsatz anf\u00fchlen. W\u00e4hrend Trends kommen und\" \/>\n<meta property=\"og:url\" content=\"https:\/\/www.strassenweb.de\/nachrichten\/martha-stewarts-20-jaehrige-kueche-sieht-aus-wie-es-wurde-gestern-gemacht-und-das-alles-dank-ihrer-zeitlosen-kabinettsfarbe-wahl\/\" \/>\n<meta property=\"og:site_name\" content=\"Stra\u00dfenweb\" \/>\n<meta property=\"article:publisher\" content=\"https:\/\/www.facebook.com\/strassenweb\/\" \/>\n<meta property=\"article:published_time\" content=\"2025-10-01T05:40:06+00:00\" \/>\n<meta property=\"article:modified_time\" content=\"2025-10-01T05:40:07+00:00\" \/>\n<meta property=\"og:image\" content=\"https:\/\/www.strassenweb.de\/nachrichten\/wp-content\/uploads\/2025\/10\/Martha-Stewarts-20-jaehrige-Kueche-sieht-aus-wie-Es-wurde-gestern.jpg\" \/>\n\t<meta property=\"og:image:width\" content=\"1600\" \/>\n\t<meta property=\"og:image:height\" content=\"900\" \/>\n\t<meta property=\"og:image:type\" content=\"image\/jpeg\" \/>\n<meta name=\"author\" content=\"Robert Hoffmann\" \/>\n<meta name=\"twitter:card\" content=\"summary_large_image\" \/>\n<meta name=\"twitter:label1\" content=\"Verfasst von\" \/>\n\t<meta name=\"twitter:data1\" content=\"Robert Hoffmann\" \/>\n\t<meta name=\"twitter:label2\" content=\"Gesch\u00e4tzte Lesezeit\" \/>\n\t<meta name=\"twitter:data2\" content=\"2\u00a0Minuten\" \/>\n<script type=\"application\/ld+json\" class=\"yoast-schema-graph\">{\"@context\":\"https:\\\/\\\/schema.org\",\"@graph\":[{\"@type\":\"Article\",\"@id\":\"https:\\\/\\\/www.strassenweb.de\\\/nachrichten\\\/martha-stewarts-20-jaehrige-kueche-sieht-aus-wie-es-wurde-gestern-gemacht-und-das-alles-dank-ihrer-zeitlosen-kabinettsfarbe-wahl\\\/#article\",\"isPartOf\":{\"@id\":\"https:\\\/\\\/www.strassenweb.de\\\/nachrichten\\\/martha-stewarts-20-jaehrige-kueche-sieht-aus-wie-es-wurde-gestern-gemacht-und-das-alles-dank-ihrer-zeitlosen-kabinettsfarbe-wahl\\\/\"},\"author\":{\"name\":\"Robert Hoffmann\",\"@id\":\"https:\\\/\\\/www.strassenweb.de\\\/nachrichten\\\/#\\\/schema\\\/person\\\/87c9c9067f1211da429a744dc5a5aa41\"},\"headline\":\"Martha Stewarts 20-j\u00e4hrige K\u00fcche sieht aus wie &#8222;Es wurde gestern gemacht&#8220;-und das alles dank ihrer zeitlosen Kabinettsfarbe Wahl\",\"datePublished\":\"2025-10-01T05:40:06+00:00\",\"dateModified\":\"2025-10-01T05:40:07+00:00\",\"mainEntityOfPage\":{\"@id\":\"https:\\\/\\\/www.strassenweb.de\\\/nachrichten\\\/martha-stewarts-20-jaehrige-kueche-sieht-aus-wie-es-wurde-gestern-gemacht-und-das-alles-dank-ihrer-zeitlosen-kabinettsfarbe-wahl\\\/\"},\"wordCount\":498,\"publisher\":{\"@id\":\"https:\\\/\\\/www.strassenweb.de\\\/nachrichten\\\/#organization\"},\"image\":{\"@id\":\"https:\\\/\\\/www.strassenweb.de\\\/nachrichten\\\/martha-stewarts-20-jaehrige-kueche-sieht-aus-wie-es-wurde-gestern-gemacht-und-das-alles-dank-ihrer-zeitlosen-kabinettsfarbe-wahl\\\/#primaryimage\"},\"thumbnailUrl\":\"https:\\\/\\\/www.strassenweb.de\\\/nachrichten\\\/wp-content\\\/uploads\\\/2025\\\/10\\\/Martha-Stewarts-20-jaehrige-Kueche-sieht-aus-wie-Es-wurde-gestern.jpg\",\"keywords\":[\"20j\u00e4hrige\",\"alles\",\"aus\",\"dank\",\"das\",\"gemachtund\",\"gestern\",\"ihrer\",\"Kabinettsfarbe\",\"K\u00fcche\",\"Martha\",\"sieht\",\"Stewarts\",\"Wahl\",\"Wie\",\"w\u00fcrde\",\"zeitlosen\"],\"articleSection\":[\"Haus &amp; Garten\"],\"inLanguage\":\"de\"},{\"@type\":\"WebPage\",\"@id\":\"https:\\\/\\\/www.strassenweb.de\\\/nachrichten\\\/martha-stewarts-20-jaehrige-kueche-sieht-aus-wie-es-wurde-gestern-gemacht-und-das-alles-dank-ihrer-zeitlosen-kabinettsfarbe-wahl\\\/\",\"url\":\"https:\\\/\\\/www.strassenweb.de\\\/nachrichten\\\/martha-stewarts-20-jaehrige-kueche-sieht-aus-wie-es-wurde-gestern-gemacht-und-das-alles-dank-ihrer-zeitlosen-kabinettsfarbe-wahl\\\/\",\"name\":\"Martha Stewarts 20-j\u00e4hrige K\u00fcche sieht aus wie \\\"Es wurde gestern gemacht\\\"-und das alles dank ihrer zeitlosen Kabinettsfarbe Wahl - Nachrichten - Stra\u00dfenweb\",\"isPartOf\":{\"@id\":\"https:\\\/\\\/www.strassenweb.de\\\/nachrichten\\\/#website\"},\"primaryImageOfPage\":{\"@id\":\"https:\\\/\\\/www.strassenweb.de\\\/nachrichten\\\/martha-stewarts-20-jaehrige-kueche-sieht-aus-wie-es-wurde-gestern-gemacht-und-das-alles-dank-ihrer-zeitlosen-kabinettsfarbe-wahl\\\/#primaryimage\"},\"image\":{\"@id\":\"https:\\\/\\\/www.strassenweb.de\\\/nachrichten\\\/martha-stewarts-20-jaehrige-kueche-sieht-aus-wie-es-wurde-gestern-gemacht-und-das-alles-dank-ihrer-zeitlosen-kabinettsfarbe-wahl\\\/#primaryimage\"},\"thumbnailUrl\":\"https:\\\/\\\/www.strassenweb.de\\\/nachrichten\\\/wp-content\\\/uploads\\\/2025\\\/10\\\/Martha-Stewarts-20-jaehrige-Kueche-sieht-aus-wie-Es-wurde-gestern.jpg\",\"datePublished\":\"2025-10-01T05:40:06+00:00\",\"dateModified\":\"2025-10-01T05:40:07+00:00\",\"breadcrumb\":{\"@id\":\"https:\\\/\\\/www.strassenweb.de\\\/nachrichten\\\/martha-stewarts-20-jaehrige-kueche-sieht-aus-wie-es-wurde-gestern-gemacht-und-das-alles-dank-ihrer-zeitlosen-kabinettsfarbe-wahl\\\/#breadcrumb\"},\"inLanguage\":\"de\",\"potentialAction\":[{\"@type\":\"ReadAction\",\"target\":[\"https:\\\/\\\/www.strassenweb.de\\\/nachrichten\\\/martha-stewarts-20-jaehrige-kueche-sieht-aus-wie-es-wurde-gestern-gemacht-und-das-alles-dank-ihrer-zeitlosen-kabinettsfarbe-wahl\\\/\"]}]},{\"@type\":\"ImageObject\",\"inLanguage\":\"de\",\"@id\":\"https:\\\/\\\/www.strassenweb.de\\\/nachrichten\\\/martha-stewarts-20-jaehrige-kueche-sieht-aus-wie-es-wurde-gestern-gemacht-und-das-alles-dank-ihrer-zeitlosen-kabinettsfarbe-wahl\\\/#primaryimage\",\"url\":\"https:\\\/\\\/www.strassenweb.de\\\/nachrichten\\\/wp-content\\\/uploads\\\/2025\\\/10\\\/Martha-Stewarts-20-jaehrige-Kueche-sieht-aus-wie-Es-wurde-gestern.jpg\",\"contentUrl\":\"https:\\\/\\\/www.strassenweb.de\\\/nachrichten\\\/wp-content\\\/uploads\\\/2025\\\/10\\\/Martha-Stewarts-20-jaehrige-Kueche-sieht-aus-wie-Es-wurde-gestern.jpg\",\"width\":1600,\"height\":900,\"caption\":\"Martha Stewart\"},{\"@type\":\"BreadcrumbList\",\"@id\":\"https:\\\/\\\/www.strassenweb.de\\\/nachrichten\\\/martha-stewarts-20-jaehrige-kueche-sieht-aus-wie-es-wurde-gestern-gemacht-und-das-alles-dank-ihrer-zeitlosen-kabinettsfarbe-wahl\\\/#breadcrumb\",\"itemListElement\":[{\"@type\":\"ListItem\",\"position\":1,\"name\":\"Home\",\"item\":\"https:\\\/\\\/www.strassenweb.de\\\/nachrichten\\\/\"},{\"@type\":\"ListItem\",\"position\":2,\"name\":\"Martha Stewarts 20-j\u00e4hrige K\u00fcche sieht aus wie &#8222;Es wurde gestern gemacht&#8220;-und das alles dank ihrer zeitlosen Kabinettsfarbe Wahl\"}]},{\"@type\":\"WebSite\",\"@id\":\"https:\\\/\\\/www.strassenweb.de\\\/nachrichten\\\/#website\",\"url\":\"https:\\\/\\\/www.strassenweb.de\\\/nachrichten\\\/\",\"name\":\"Stra\u00dfenweb\",\"description\":\"Stra\u00dfenverzeichnis f\u00fcr Deutschland\",\"publisher\":{\"@id\":\"https:\\\/\\\/www.strassenweb.de\\\/nachrichten\\\/#organization\"},\"potentialAction\":[{\"@type\":\"SearchAction\",\"target\":{\"@type\":\"EntryPoint\",\"urlTemplate\":\"https:\\\/\\\/www.strassenweb.de\\\/nachrichten\\\/?s={search_term_string}\"},\"query-input\":{\"@type\":\"PropertyValueSpecification\",\"valueRequired\":true,\"valueName\":\"search_term_string\"}}],\"inLanguage\":\"de\"},{\"@type\":\"Organization\",\"@id\":\"https:\\\/\\\/www.strassenweb.de\\\/nachrichten\\\/#organization\",\"name\":\"Stra\u00dfenweb\",\"url\":\"https:\\\/\\\/www.strassenweb.de\\\/nachrichten\\\/\",\"logo\":{\"@type\":\"ImageObject\",\"inLanguage\":\"de\",\"@id\":\"https:\\\/\\\/www.strassenweb.de\\\/nachrichten\\\/#\\\/schema\\\/logo\\\/image\\\/\",\"url\":\"https:\\\/\\\/www.strassenweb.de\\\/nachrichten\\\/wp-content\\\/uploads\\\/2024\\\/09\\\/cropped-favicon.png\",\"contentUrl\":\"https:\\\/\\\/www.strassenweb.de\\\/nachrichten\\\/wp-content\\\/uploads\\\/2024\\\/09\\\/cropped-favicon.png\",\"width\":512,\"height\":512,\"caption\":\"Stra\u00dfenweb\"},\"image\":{\"@id\":\"https:\\\/\\\/www.strassenweb.de\\\/nachrichten\\\/#\\\/schema\\\/logo\\\/image\\\/\"},\"sameAs\":[\"https:\\\/\\\/www.facebook.com\\\/strassenweb\\\/\"]},{\"@type\":\"Person\",\"@id\":\"https:\\\/\\\/www.strassenweb.de\\\/nachrichten\\\/#\\\/schema\\\/person\\\/87c9c9067f1211da429a744dc5a5aa41\",\"name\":\"Robert Hoffmann\",\"image\":{\"@type\":\"ImageObject\",\"inLanguage\":\"de\",\"@id\":\"https:\\\/\\\/www.strassenweb.de\\\/nachrichten\\\/wp-content\\\/uploads\\\/2024\\\/09\\\/strassenweb-150x150.jpg\",\"url\":\"https:\\\/\\\/www.strassenweb.de\\\/nachrichten\\\/wp-content\\\/uploads\\\/2024\\\/09\\\/strassenweb-150x150.jpg\",\"contentUrl\":\"https:\\\/\\\/www.strassenweb.de\\\/nachrichten\\\/wp-content\\\/uploads\\\/2024\\\/09\\\/strassenweb-150x150.jpg\",\"caption\":\"Robert Hoffmann\"},\"description\":\"Ich hei\u00dfe Robert Hoffmann und ich bin ein leidenschaftlicher Verfechter von \u00d6kologie und Biodiversit\u00e4t. Seit meiner Kindheit in den W\u00e4ldern Bayerns f\u00fchle ich mich mit der Natur verbunden und bin entschlossen, sie zu sch\u00fctzen. Heute widme ich mein Leben der Sensibilisierung anderer f\u00fcr die Bedeutung des Umweltschutzes f\u00fcr zuk\u00fcnftige Generationen.\",\"sameAs\":[\"https:\\\/\\\/www.strassenweb.de\\\/\"]}]}<\/script>\n<!-- \/ Yoast SEO plugin. -->","yoast_head_json":{"title":"Martha Stewarts 20-j\u00e4hrige K\u00fcche sieht aus wie \"Es wurde gestern gemacht\"-und das alles dank ihrer zeitlosen Kabinettsfarbe Wahl - Nachrichten - Stra\u00dfenweb","robots":{"index":"index","follow":"follow","max-snippet":"max-snippet:-1","max-image-preview":"max-image-preview:large","max-video-preview":"max-video-preview:-1"},"canonical":"https:\/\/www.strassenweb.de\/nachrichten\/martha-stewarts-20-jaehrige-kueche-sieht-aus-wie-es-wurde-gestern-gemacht-und-das-alles-dank-ihrer-zeitlosen-kabinettsfarbe-wahl\/","og_locale":"de_DE","og_type":"article","og_title":"Martha Stewarts 20-j\u00e4hrige K\u00fcche sieht aus wie \"Es wurde gestern gemacht\"-und das alles dank ihrer zeitlosen Kabinettsfarbe Wahl - Nachrichten - Stra\u00dfenweb","og_description":"In der sich st\u00e4ndig ver\u00e4ndernden Welt des K\u00fcchendesigns kann die Auswahl einer Schrankfarbe sich wie ein Spiel mit hohem Einsatz anf\u00fchlen. W\u00e4hrend Trends kommen und","og_url":"https:\/\/www.strassenweb.de\/nachrichten\/martha-stewarts-20-jaehrige-kueche-sieht-aus-wie-es-wurde-gestern-gemacht-und-das-alles-dank-ihrer-zeitlosen-kabinettsfarbe-wahl\/","og_site_name":"Stra\u00dfenweb","article_publisher":"https:\/\/www.facebook.com\/strassenweb\/","article_published_time":"2025-10-01T05:40:06+00:00","article_modified_time":"2025-10-01T05:40:07+00:00","og_image":[{"width":1600,"height":900,"url":"https:\/\/www.strassenweb.de\/nachrichten\/wp-content\/uploads\/2025\/10\/Martha-Stewarts-20-jaehrige-Kueche-sieht-aus-wie-Es-wurde-gestern.jpg","type":"image\/jpeg"}],"author":"Robert Hoffmann","twitter_card":"summary_large_image","twitter_misc":{"Verfasst von":"Robert Hoffmann","Gesch\u00e4tzte Lesezeit":"2\u00a0Minuten"},"schema":{"@context":"https:\/\/schema.org","@graph":[{"@type":"Article","@id":"https:\/\/www.strassenweb.de\/nachrichten\/martha-stewarts-20-jaehrige-kueche-sieht-aus-wie-es-wurde-gestern-gemacht-und-das-alles-dank-ihrer-zeitlosen-kabinettsfarbe-wahl\/#article","isPartOf":{"@id":"https:\/\/www.strassenweb.de\/nachrichten\/martha-stewarts-20-jaehrige-kueche-sieht-aus-wie-es-wurde-gestern-gemacht-und-das-alles-dank-ihrer-zeitlosen-kabinettsfarbe-wahl\/"},"author":{"name":"Robert Hoffmann","@id":"https:\/\/www.strassenweb.de\/nachrichten\/#\/schema\/person\/87c9c9067f1211da429a744dc5a5aa41"},"headline":"Martha Stewarts 20-j\u00e4hrige K\u00fcche sieht aus wie &#8222;Es wurde gestern gemacht&#8220;-und das alles dank ihrer zeitlosen Kabinettsfarbe Wahl","datePublished":"2025-10-01T05:40:06+00:00","dateModified":"2025-10-01T05:40:07+00:00","mainEntityOfPage":{"@id":"https:\/\/www.strassenweb.de\/nachrichten\/martha-stewarts-20-jaehrige-kueche-sieht-aus-wie-es-wurde-gestern-gemacht-und-das-alles-dank-ihrer-zeitlosen-kabinettsfarbe-wahl\/"},"wordCount":498,"publisher":{"@id":"https:\/\/www.strassenweb.de\/nachrichten\/#organization"},"image":{"@id":"https:\/\/www.strassenweb.de\/nachrichten\/martha-stewarts-20-jaehrige-kueche-sieht-aus-wie-es-wurde-gestern-gemacht-und-das-alles-dank-ihrer-zeitlosen-kabinettsfarbe-wahl\/#primaryimage"},"thumbnailUrl":"https:\/\/www.strassenweb.de\/nachrichten\/wp-content\/uploads\/2025\/10\/Martha-Stewarts-20-jaehrige-Kueche-sieht-aus-wie-Es-wurde-gestern.jpg","keywords":["20j\u00e4hrige","alles","aus","dank","das","gemachtund","gestern","ihrer","Kabinettsfarbe","K\u00fcche","Martha","sieht","Stewarts","Wahl","Wie","w\u00fcrde","zeitlosen"],"articleSection":["Haus &amp; Garten"],"inLanguage":"de"},{"@type":"WebPage","@id":"https:\/\/www.strassenweb.de\/nachrichten\/martha-stewarts-20-jaehrige-kueche-sieht-aus-wie-es-wurde-gestern-gemacht-und-das-alles-dank-ihrer-zeitlosen-kabinettsfarbe-wahl\/","url":"https:\/\/www.strassenweb.de\/nachrichten\/martha-stewarts-20-jaehrige-kueche-sieht-aus-wie-es-wurde-gestern-gemacht-und-das-alles-dank-ihrer-zeitlosen-kabinettsfarbe-wahl\/","name":"Martha Stewarts 20-j\u00e4hrige K\u00fcche sieht aus wie \"Es wurde gestern gemacht\"-und das alles dank ihrer zeitlosen Kabinettsfarbe Wahl - Nachrichten - Stra\u00dfenweb","isPartOf":{"@id":"https:\/\/www.strassenweb.de\/nachrichten\/#website"},"primaryImageOfPage":{"@id":"https:\/\/www.strassenweb.de\/nachrichten\/martha-stewarts-20-jaehrige-kueche-sieht-aus-wie-es-wurde-gestern-gemacht-und-das-alles-dank-ihrer-zeitlosen-kabinettsfarbe-wahl\/#primaryimage"},"image":{"@id":"https:\/\/www.strassenweb.de\/nachrichten\/martha-stewarts-20-jaehrige-kueche-sieht-aus-wie-es-wurde-gestern-gemacht-und-das-alles-dank-ihrer-zeitlosen-kabinettsfarbe-wahl\/#primaryimage"},"thumbnailUrl":"https:\/\/www.strassenweb.de\/nachrichten\/wp-content\/uploads\/2025\/10\/Martha-Stewarts-20-jaehrige-Kueche-sieht-aus-wie-Es-wurde-gestern.jpg","datePublished":"2025-10-01T05:40:06+00:00","dateModified":"2025-10-01T05:40:07+00:00","breadcrumb":{"@id":"https:\/\/www.strassenweb.de\/nachrichten\/martha-stewarts-20-jaehrige-kueche-sieht-aus-wie-es-wurde-gestern-gemacht-und-das-alles-dank-ihrer-zeitlosen-kabinettsfarbe-wahl\/#breadcrumb"},"inLanguage":"de","potentialAction":[{"@type":"ReadAction","target":["https:\/\/www.strassenweb.de\/nachrichten\/martha-stewarts-20-jaehrige-kueche-sieht-aus-wie-es-wurde-gestern-gemacht-und-das-alles-dank-ihrer-zeitlosen-kabinettsfarbe-wahl\/"]}]},{"@type":"ImageObject","inLanguage":"de","@id":"https:\/\/www.strassenweb.de\/nachrichten\/martha-stewarts-20-jaehrige-kueche-sieht-aus-wie-es-wurde-gestern-gemacht-und-das-alles-dank-ihrer-zeitlosen-kabinettsfarbe-wahl\/#primaryimage","url":"https:\/\/www.strassenweb.de\/nachrichten\/wp-content\/uploads\/2025\/10\/Martha-Stewarts-20-jaehrige-Kueche-sieht-aus-wie-Es-wurde-gestern.jpg","contentUrl":"https:\/\/www.strassenweb.de\/nachrichten\/wp-content\/uploads\/2025\/10\/Martha-Stewarts-20-jaehrige-Kueche-sieht-aus-wie-Es-wurde-gestern.jpg","width":1600,"height":900,"caption":"Martha Stewart"},{"@type":"BreadcrumbList","@id":"https:\/\/www.strassenweb.de\/nachrichten\/martha-stewarts-20-jaehrige-kueche-sieht-aus-wie-es-wurde-gestern-gemacht-und-das-alles-dank-ihrer-zeitlosen-kabinettsfarbe-wahl\/#breadcrumb","itemListElement":[{"@type":"ListItem","position":1,"name":"Home","item":"https:\/\/www.strassenweb.de\/nachrichten\/"},{"@type":"ListItem","position":2,"name":"Martha Stewarts 20-j\u00e4hrige K\u00fcche sieht aus wie &#8222;Es wurde gestern gemacht&#8220;-und das alles dank ihrer zeitlosen Kabinettsfarbe Wahl"}]},{"@type":"WebSite","@id":"https:\/\/www.strassenweb.de\/nachrichten\/#website","url":"https:\/\/www.strassenweb.de\/nachrichten\/","name":"Stra\u00dfenweb","description":"Stra\u00dfenverzeichnis f\u00fcr Deutschland","publisher":{"@id":"https:\/\/www.strassenweb.de\/nachrichten\/#organization"},"potentialAction":[{"@type":"SearchAction","target":{"@type":"EntryPoint","urlTemplate":"https:\/\/www.strassenweb.de\/nachrichten\/?s={search_term_string}"},"query-input":{"@type":"PropertyValueSpecification","valueRequired":true,"valueName":"search_term_string"}}],"inLanguage":"de"},{"@type":"Organization","@id":"https:\/\/www.strassenweb.de\/nachrichten\/#organization","name":"Stra\u00dfenweb","url":"https:\/\/www.strassenweb.de\/nachrichten\/","logo":{"@type":"ImageObject","inLanguage":"de","@id":"https:\/\/www.strassenweb.de\/nachrichten\/#\/schema\/logo\/image\/","url":"https:\/\/www.strassenweb.de\/nachrichten\/wp-content\/uploads\/2024\/09\/cropped-favicon.png","contentUrl":"https:\/\/www.strassenweb.de\/nachrichten\/wp-content\/uploads\/2024\/09\/cropped-favicon.png","width":512,"height":512,"caption":"Stra\u00dfenweb"},"image":{"@id":"https:\/\/www.strassenweb.de\/nachrichten\/#\/schema\/logo\/image\/"},"sameAs":["https:\/\/www.facebook.com\/strassenweb\/"]},{"@type":"Person","@id":"https:\/\/www.strassenweb.de\/nachrichten\/#\/schema\/person\/87c9c9067f1211da429a744dc5a5aa41","name":"Robert Hoffmann","image":{"@type":"ImageObject","inLanguage":"de","@id":"https:\/\/www.strassenweb.de\/nachrichten\/wp-content\/uploads\/2024\/09\/strassenweb-150x150.jpg","url":"https:\/\/www.strassenweb.de\/nachrichten\/wp-content\/uploads\/2024\/09\/strassenweb-150x150.jpg","contentUrl":"https:\/\/www.strassenweb.de\/nachrichten\/wp-content\/uploads\/2024\/09\/strassenweb-150x150.jpg","caption":"Robert Hoffmann"},"description":"Ich hei\u00dfe Robert Hoffmann und ich bin ein leidenschaftlicher Verfechter von \u00d6kologie und Biodiversit\u00e4t. Seit meiner Kindheit in den W\u00e4ldern Bayerns f\u00fchle ich mich mit der Natur verbunden und bin entschlossen, sie zu sch\u00fctzen. Heute widme ich mein Leben der Sensibilisierung anderer f\u00fcr die Bedeutung des Umweltschutzes f\u00fcr zuk\u00fcnftige Generationen.","sameAs":["https:\/\/www.strassenweb.de\/"]}]}},"_links":{"self":[{"href":"https:\/\/www.strassenweb.de\/nachrichten\/wp-json\/wp\/v2\/posts\/8116","targetHints":{"allow":["GET"]}}],"collection":[{"href":"https:\/\/www.strassenweb.de\/nachrichten\/wp-json\/wp\/v2\/posts"}],"about":[{"href":"https:\/\/www.strassenweb.de\/nachrichten\/wp-json\/wp\/v2\/types\/post"}],"author":[{"embeddable":true,"href":"https:\/\/www.strassenweb.de\/nachrichten\/wp-json\/wp\/v2\/users\/1"}],"replies":[{"embeddable":true,"href":"https:\/\/www.strassenweb.de\/nachrichten\/wp-json\/wp\/v2\/comments?post=8116"}],"version-history":[{"count":0,"href":"https:\/\/www.strassenweb.de\/nachrichten\/wp-json\/wp\/v2\/posts\/8116\/revisions"}],"wp:featuredmedia":[{"embeddable":true,"href":"https:\/\/www.strassenweb.de\/nachrichten\/wp-json\/wp\/v2\/media\/8117"}],"wp:attachment":[{"href":"https:\/\/www.strassenweb.de\/nachrichten\/wp-json\/wp\/v2\/media?parent=8116"}],"wp:term":[{"taxonomy":"category","embeddable":true,"href":"https:\/\/www.strassenweb.de\/nachrichten\/wp-json\/wp\/v2\/categories?post=8116"},{"taxonomy":"post_tag","embeddable":true,"href":"https:\/\/www.strassenweb.de\/nachrichten\/wp-json\/wp\/v2\/tags?post=8116"}],"curies":[{"name":"wp","href":"https:\/\/api.w.org\/{rel}","templated":true}]}}