{"id":8112,"date":"2025-10-01T01:39:57","date_gmt":"2025-09-30T23:39:57","guid":{"rendered":"https:\/\/www.strassenweb.de\/nachrichten\/glueck-beginnt-auf-dem-oertlichen-bauernmarkt-kochbuchautor-samantha-seneviratne-ueber-die-freude-am-backen-aus-dem-herbstparmalt\/"},"modified":"2025-10-01T01:39:58","modified_gmt":"2025-09-30T23:39:58","slug":"glueck-beginnt-auf-dem-oertlichen-bauernmarkt-kochbuchautor-samantha-seneviratne-ueber-die-freude-am-backen-aus-dem-herbstparmalt","status":"publish","type":"post","link":"https:\/\/www.strassenweb.de\/nachrichten\/glueck-beginnt-auf-dem-oertlichen-bauernmarkt-kochbuchautor-samantha-seneviratne-ueber-die-freude-am-backen-aus-dem-herbstparmalt\/","title":{"rendered":"&#8222;Gl\u00fcck beginnt auf dem \u00f6rtlichen Bauernmarkt&#8220; &#8211; Kochbuchautor Samantha Seneviratne, \u00fcber die Freude am Backen aus dem Herbstparmalt"},"content":{"rendered":"<p><\/p>\n<div id=\"article-body\" class=\"article__body \">\n<p id=\"1de4bf6f-9111-40b5-863a-9fb8b5dd9472\">Sie k\u00f6nnen Samantha Seneviratne aus ihrer Fernseher -Kochshow anerkennen <em>Alltag kochen<\/em> Haben Sie auf Max ein oder mehrere ihrer Kochb\u00fccher in Ihrem Regal, oder vielleicht sind Sie einer ihrer fast 100.000 Instagram -Follower. Ein ehemaliger Food -Redakteur und Stylist f\u00fcr Zeitschriften wie Martha Stewart&#8217;s <em>Alltags Essen,<\/em> Sam ist eine begeisterte B\u00e4ckerin und Autorin von drei Kochb\u00fcchern, die ihren wunderbar entspannten und beruhigenden Ansatz f\u00fcr Lebensmittel festhalten. Hier teilt sie ihr Geheimnis, um die besten saisonalen Produkte f\u00fcr das Backen des Herbsts auf dem Markt f\u00fcr Bauern zu suchen, zusammen mit einigen ihrer Lieblingsrezepte aus ihrem Buch <em>Bake Smart<\/em>(Ernte), damit Sie es zu Hause versuchen k\u00f6nnen.<\/p>\n<h2 id=\"in-search-of-perfect-produce-3\">Auf der Suche nach perfekten Produkten <\/h2>\n<aside data-block-type=\"embed\" data-render-type=\"fte\" data-skip=\"dealsy\" data-widget-type=\"seasonal\" class=\"hawk-root\"><\/aside>\n<p id=\"a8cef37e-4c33-486a-b6df-93473310b353-0\">An einem fr\u00fchen Herbstmorgen in Brooklyn geht die Kochbuchautorin und Baker Samantha Seneviratne mit ihrem Welpen Frances und einem Armvollen wiederverwendbare Markttaschen &#8211; nicht f\u00fcr einen gew\u00f6hnlichen Lebensmittellauf, sondern f\u00fcr eine Mission. Sie ist auf der Suche nach einem fl\u00fcchtigen Schatz: die prallen, dunklen Concord-Trauben, die sie in ein hausgemachtes Gelee \u00fcberreden wird, das dazu bestimmt ist, sich auf den noch warw\u00e4rmen Scones und Muffins auszubreiten, die regelm\u00e4\u00dfig aus ihrem Ofen hervorgehen.<\/p>\n<p id=\"9728e601-f5bd-4abc-ab08-8e022f06d7b0\">Die Suche beginnt auf dem gesch\u00e4ftigen Grand Army Plaza Greenmarket, wo sie Tische voller Tomaten, K\u00fcrbis und sogar Quinne scannt &#8230; aber keine Concord -Trauben. Im Park Slope Food Coop kommt sie kurz nach der Behauptung des letzten Haufens an. Unbeeindruckt stirbt sie die U-Bahn und geht in die Innenstadt zum Union Square Greenmarket, wo sie sie schlie\u00dflich entdeckt-Cluster aus juwelenfarbenen Concord-Trauben, reif und wartet. F\u00fcr Seneviratne ist es der perfekte Weg, um einen Morgen zu verbringen: eine Suche nach den gefragtesten Produkten der Saison und eine Vision, wie sie es zu Hause in ihrer Brooklyn-K\u00fcche zu Hause verwenden wird.<\/p>\n<figure class=\"van-image-figure full-width-layout \" data-bordeaux-image-check id=\"80fe136e-18da-4244-8990-509d7c32f124\">\n<div class=\"image-full-width-wrapper\">\n<div class=\"image-widthsetter\"><\/div>\n<\/div>\n<\/figure>\n<h2 id=\"it-s-more-fun-to-shop-at-the-farmers-market-3\">&#8222;Es macht mehr Spa\u00df, auf dem Bauernmarkt einzukaufen&#8220;<\/h2>\n<p id=\"b189ea08-925d-4855-916f-95c2b39b41d7\">Ab dem Bauernmarkt ist ihre bevorzugte Art, Rezepte zu entwickeln, was sie f\u00fcr die tut <em>New York Times<\/em> und Food Network sowie f\u00fcr ihre eigenen Kochb\u00fccher und Instagram Baking -Serie, <em>Freunde mit Snacks<\/em>. Das Versprechen ihres neuesten Buches, <em>Bake Smart: S\u00fc\u00dfigkeiten und Geheimnisse von meinem Ofen zu deinem<\/em> (Ernte) ist, dass das Backen nicht schwer sein muss. &#8222;Hausgemachte Desserts sollen die Menschen gl\u00fccklich machen&#8220;, schreibt sie in ihrer Einf\u00fchrung. Und f\u00fcr Seneviratne beginnt das Gl\u00fcck auf dem lokalen Bauernmarkt. &#8218;Es ist nur mehr <em>Spa\u00df<\/em> auf dem Bauernmarkt einkaufen, sich \u00fcber die Farben und Ger\u00fcche freuen \u201c, sagt sie.<\/p>\n<h2 id=\"aroma-never-lets-you-down-3\">&#8222;Aroma l\u00e4sst dich nie im Stich&#8220;<\/h2>\n<p id=\"8faf8454-4ab8-42b6-839c-a249110c4649\">Seneviratne, die auch als Lebensmittelstylistin arbeitet, gibt zu, dass sie zuerst oft mit den Augen einkauft. &#8222;Ich mache mich f\u00fcr die h\u00fcbschen Dinge&#8220;, sagt sie. Das k\u00f6nnte einen Karton der Himbeeren der sp\u00e4ten Saison oder einen Haufen samtiger Birnen bedeuten. Aber in ihrer ersten Einkaufsregelung geht es weniger um den Anblick und vielmehr um den Duft. &#8222;Ich suche nach wirklich guten Aromen, besonders wenn ich f\u00fcr mein Backen nach Steinfr\u00fcchten kaufe&#8220;, sagt Seneviratne. \u00bbWenn Sie mit Ber\u00fchrung gehen, kann eine Frucht weich sein und reif erscheinen, aber dann mehlig oder aromatisch. Aroma l\u00e4sst dich nie im Stich; Es ist die Nummer eins. &#8218;<\/p>\n<figure class=\"van-image-figure full-width-layout \" data-bordeaux-image-check id=\"b08fa607-eaae-4303-ac14-46406145489e\">\n<div class=\"image-full-width-wrapper\">\n<div class=\"image-widthsetter\"><\/div>\n<\/div>\n<\/figure>\n<h2 id=\"embracing-the-community-of-market-days-3\">Umarmen der Community der Markttage<\/h2>\n<p id=\"bcd660e6-3f04-4418-9bf2-2dbd14e13351\">F\u00fcr sie geht es bei den Markttagen genauso um Gemeinschaft wie um Zutaten. &#8222;Seien Sie nicht sch\u00fcchtern &#8211; stellen Sie den Landwirten Fragen, sprechen Sie mit anderen Menschen, sehen Sie, was sie backen&#8220;, sagt sie. Sie bemerkt gerne, was andere K\u00e4ufer in ihre K\u00f6rbe st\u00fcrzen. Wenn jemand Armfull einer bestimmten Pflaume oder Apfel nach Hause tr\u00e4gt, wird sie ein Gespr\u00e4ch aufnehmen, das neugierig darauf ist, was er damit vorhat. Ein Rezept kann so einfach mit dem Vorschlag eines Nachbarn beginnen wie mit ihren eigenen Instinkten. Und dann ist da noch das einfache Vergn\u00fcgen des Spaziergangs: den Walkabout vor dem Verhalten, den Stopp f\u00fcr eine Probe, die M\u00f6glichkeit, sich etwas Unerwartete in die Augen zu lassen. &#8222;Machen Sie immer eine Scho\u00df, bevor Sie sich verpflichten!&#8220; Sie r\u00e4t.<\/p>\n<figure class=\"van-image-figure full-width-layout \" data-bordeaux-image-check id=\"ef119492-5ca8-4f75-93d7-26a24ed92ae1\">\n<div class=\"image-full-width-wrapper\">\n<div class=\"image-widthsetter\"><\/div>\n<\/div>\n<\/figure>\n<h2 id=\"the-welcome-return-of-fall-comforts-3\">Die willkommene R\u00fcckkehr von Herbstkomfort<\/h2>\n<p id=\"6ca7d237-34e4-4607-8b29-97d50992e4d6\">Seneviratne liebt die Zwischenzeiten am meisten, wenn die Septemberm\u00e4rkte immer noch vor Fr\u00fcchten platzen, aber die k\u00fchlere Luft l\u00e4dt den Ofen schlie\u00dflich wieder in die Rotation ein. \u201eWenn sich das Wetter dreht und es sich unter 60 Grad eintaucht, ist es endlich <em>Spa\u00df<\/em> um Ihren Ofen wieder einschalten. &#8218; Diese ersten k\u00fchlen Morgen signalisieren die R\u00fcckkehr von Kopfsteinpflaster und Kuchen, von Marmelade, die auf dem Herd sprudeln, die Befriedigung von Schleifen oder S\u00fc\u00dfkartoffeln in ein Rezept und das Wissen, dass die K\u00fcche die ganze Saison \u00fcber das gem\u00fctlichste Raum im Haus ist.<\/p>\n<h2 id=\"samantha-seneviratne-s-favorite-fall-bakes-3\">Samantha Seneviratnes Lieblings -Herbst -Bakes<\/h2>\n<p id=\"62cadce7-33c6-4bcd-992d-628928ec321f\">Diese Rezepte stammen aus Sams Buch, <em>Backen intelligent, <\/em>Und markieren Sie die besten Produkte der Saison, von \u00c4pfeln und Birnen bis hin zu Karotten und S\u00fc\u00dfkartoffeln, indem Sie sie mit anderen nat\u00fcrlich s\u00fc\u00dfen Zutaten wie Waben und beruhigenden hausgemachten Teigs und Batters kombinieren.<\/p>\n<h2 id=\"apple-galette-with-buckwheat-and-honeycomb-3\">Apfelgalette mit Buchweizen und Waben<\/h2>\n<figure class=\"van-image-figure inline-layout \" data-bordeaux-image-check id=\"22b6fbbd-a982-49d6-b2ee-3a642d6c79ca\">\n<div class=\"image-full-width-wrapper\">\n<div class=\"image-widthsetter\" style=\"max-width:2000px;\"><\/div>\n<\/div>\n<\/figure>\n<p id=\"ae95929a-689b-40e7-aca4-49bd6bfcea04\">Dieses Rezept von Apple Galette ist nat\u00fcrlich glutenfrei und erfordert Buchweizenmehl (die Sie sich selbst machen k\u00f6nnen), Apfelst\u00e4nder (oder einheimische) \u00c4pfel und ganze St\u00fccke klebriger Waben f\u00fcr eine k\u00f6stliche S\u00fc\u00dfe.<\/p>\n<h2 id=\"caramel-pear-cobbler-3\">Karamellbirchenschuster<\/h2>\n<p id=\"735b13c8-f3e6-4a01-ba74-1603a5a8fbc8\">Dieser nostalgische Karamellbirtzuschbler kombiniert saisonale Birnen mit seidigem, s\u00fc\u00dfen Karamell f\u00fcr eine Erw\u00e4rmungsernte. Es ist perfekt gepaart mit einer gek\u00fchlten Cr\u00e8me -Anglaise, um den klebrigen, k\u00f6stlichen Saft zu durchschneiden.<\/p>\n<figure class=\"van-image-figure inline-layout \" data-bordeaux-image-check id=\"bfc9095e-ca30-4365-b04e-b80cf32493d6\">\n<div class=\"image-full-width-wrapper\">\n<div class=\"image-widthsetter\" style=\"max-width:2000px;\"><\/div>\n<\/div>\n<\/figure>\n<h2 id=\"sweet-potato-crumb-muffins-3\">S\u00fc\u00dfkartoffelkrume -Muffins<\/h2>\n<p id=\"17dcc851-761b-4c86-a3fe-a043ee28d0bb\">Die br\u00f6ckeligen, s\u00fc\u00dfen und gesunden S\u00fc\u00dfkartoffelkrume-Muffins verbinden warme, saisonale Gew\u00fcrze und N\u00fcsse mit dieser unerwarteten Zutaten, die sie f\u00fcr das Fr\u00fchst\u00fcck unterwegs oder nach dem School-Snack perfekt macht.<\/p>\n<figure class=\"van-image-figure inline-layout \" data-bordeaux-image-check id=\"41d075c6-31b9-41ec-95cf-6bd82b522bcf\">\n<div class=\"image-full-width-wrapper\">\n<div class=\"image-widthsetter\" style=\"max-width:2000px;\"><\/div>\n<\/div>\n<\/figure>\n<h2 id=\"carrot-cake-buns-3\">Karottenkuchenbr\u00f6tchen<\/h2>\n<p id=\"58122c43-b854-4a08-aace-74bc276cca23\">Wir haben alle von Karottenkuchen und Zimtbr\u00f6tchen geh\u00f6rt, aber was ist mit Karottenbr\u00f6tchen? Dieses Rezept f\u00fcr Karottenbr\u00f6tchen ist eine klebrige Leckerei zum Fr\u00fchst\u00fcck und Teezeit und kombiniert zwei unserer Lieblings -Backs in einem.<\/p>\n<figure class=\"van-image-figure inline-layout \" data-bordeaux-image-check id=\"38d2cc0a-079e-47ff-89a1-436d8246e7fc\">\n<div class=\"image-full-width-wrapper\">\n<div class=\"image-widthsetter\" style=\"max-width:2000px;\"><\/div>\n<\/div>\n<\/figure>\n<hr id=\"fcbfcb37-a7c0-40c4-a3f6-a48a2562ea99\">\n<p id=\"88dc9168-b471-402e-8b7d-ba36567a7a2a\">F\u00fchlen Sie sich inspiriert von Samanthas Feinschmeckergeschichte? Schauen Sie sich unsere neue Kolumne mit dem Kochbuchautor Lucinda Scala Quinn an, der \u00fcber eine Familiengeschichte italienisch-amerikanischer Rezepte nachdenkt.<\/p>\n<\/div>\n<p><script async src=\"\/\/www.instagram.com\/embed.js\"><\/script><\/p>\n","protected":false},"excerpt":{"rendered":"<p>Sie k\u00f6nnen Samantha Seneviratne aus ihrer Fernseher -Kochshow anerkennen Alltag kochen Haben Sie auf Max ein oder mehrere ihrer Kochb\u00fccher in Ihrem Regal, oder vielleicht<\/p>\n","protected":false},"author":1,"featured_media":8113,"comment_status":"closed","ping_status":"","sticky":false,"template":"","format":"standard","meta":{"footnotes":""},"categories":[118],"tags":[46,287,7603,10454,3916,91,9,9302,4702,10458,10455,10453,10456,10457,260],"class_list":["post-8112","post","type-post","status-publish","format-standard","has-post-thumbnail","hentry","category-haus-garten","tag-auf","tag-aus","tag-backen","tag-bauernmarkt","tag-beginnt","tag-dem","tag-die","tag-freude","tag-glueck","tag-herbstparmalt","tag-kochbuchautor","tag-oertlichen","tag-samantha","tag-seneviratne","tag-ueber","generate-columns","tablet-grid-50","mobile-grid-100","grid-parent","grid-50"],"yoast_head":"<!-- This site is optimized with the Yoast SEO plugin v27.3 - https:\/\/yoast.com\/product\/yoast-seo-wordpress\/ -->\n<title>&quot;Gl\u00fcck beginnt auf dem \u00f6rtlichen Bauernmarkt&quot; - Kochbuchautor Samantha Seneviratne, \u00fcber die Freude am Backen aus dem Herbstparmalt - Nachrichten - Stra\u00dfenweb<\/title>\n<meta name=\"robots\" content=\"index, follow, max-snippet:-1, max-image-preview:large, max-video-preview:-1\" \/>\n<link rel=\"canonical\" href=\"https:\/\/www.strassenweb.de\/nachrichten\/glueck-beginnt-auf-dem-oertlichen-bauernmarkt-kochbuchautor-samantha-seneviratne-ueber-die-freude-am-backen-aus-dem-herbstparmalt\/\" \/>\n<meta property=\"og:locale\" content=\"de_DE\" \/>\n<meta property=\"og:type\" content=\"article\" \/>\n<meta property=\"og:title\" content=\"&quot;Gl\u00fcck beginnt auf dem \u00f6rtlichen Bauernmarkt&quot; - Kochbuchautor Samantha Seneviratne, \u00fcber die Freude am Backen aus dem Herbstparmalt - Nachrichten - Stra\u00dfenweb\" \/>\n<meta property=\"og:description\" content=\"Sie k\u00f6nnen Samantha Seneviratne aus ihrer Fernseher -Kochshow anerkennen Alltag kochen Haben Sie auf Max ein oder mehrere ihrer Kochb\u00fccher in Ihrem Regal, oder vielleicht\" \/>\n<meta property=\"og:url\" content=\"https:\/\/www.strassenweb.de\/nachrichten\/glueck-beginnt-auf-dem-oertlichen-bauernmarkt-kochbuchautor-samantha-seneviratne-ueber-die-freude-am-backen-aus-dem-herbstparmalt\/\" \/>\n<meta property=\"og:site_name\" content=\"Stra\u00dfenweb\" \/>\n<meta property=\"article:publisher\" content=\"https:\/\/www.facebook.com\/strassenweb\/\" \/>\n<meta property=\"article:published_time\" content=\"2025-09-30T23:39:57+00:00\" \/>\n<meta property=\"article:modified_time\" content=\"2025-09-30T23:39:58+00:00\" \/>\n<meta property=\"og:image\" content=\"https:\/\/www.strassenweb.de\/nachrichten\/wp-content\/uploads\/2025\/10\/Glueck-beginnt-auf-dem-oertlichen-Bauernmarkt-Kochbuchautor-Samantha-Seneviratne.jpg\" \/>\n\t<meta property=\"og:image:width\" content=\"2560\" \/>\n\t<meta property=\"og:image:height\" content=\"1440\" \/>\n\t<meta property=\"og:image:type\" content=\"image\/jpeg\" \/>\n<meta name=\"author\" content=\"Robert Hoffmann\" \/>\n<meta name=\"twitter:card\" content=\"summary_large_image\" \/>\n<meta name=\"twitter:label1\" content=\"Verfasst von\" \/>\n\t<meta name=\"twitter:data1\" content=\"Robert Hoffmann\" \/>\n\t<meta name=\"twitter:label2\" content=\"Gesch\u00e4tzte Lesezeit\" \/>\n\t<meta name=\"twitter:data2\" content=\"5\u00a0Minuten\" \/>\n<script type=\"application\/ld+json\" class=\"yoast-schema-graph\">{\"@context\":\"https:\\\/\\\/schema.org\",\"@graph\":[{\"@type\":\"Article\",\"@id\":\"https:\\\/\\\/www.strassenweb.de\\\/nachrichten\\\/glueck-beginnt-auf-dem-oertlichen-bauernmarkt-kochbuchautor-samantha-seneviratne-ueber-die-freude-am-backen-aus-dem-herbstparmalt\\\/#article\",\"isPartOf\":{\"@id\":\"https:\\\/\\\/www.strassenweb.de\\\/nachrichten\\\/glueck-beginnt-auf-dem-oertlichen-bauernmarkt-kochbuchautor-samantha-seneviratne-ueber-die-freude-am-backen-aus-dem-herbstparmalt\\\/\"},\"author\":{\"name\":\"Robert Hoffmann\",\"@id\":\"https:\\\/\\\/www.strassenweb.de\\\/nachrichten\\\/#\\\/schema\\\/person\\\/87c9c9067f1211da429a744dc5a5aa41\"},\"headline\":\"&#8222;Gl\u00fcck beginnt auf dem \u00f6rtlichen Bauernmarkt&#8220; &#8211; Kochbuchautor Samantha Seneviratne, \u00fcber die Freude am Backen aus dem Herbstparmalt\",\"datePublished\":\"2025-09-30T23:39:57+00:00\",\"dateModified\":\"2025-09-30T23:39:58+00:00\",\"mainEntityOfPage\":{\"@id\":\"https:\\\/\\\/www.strassenweb.de\\\/nachrichten\\\/glueck-beginnt-auf-dem-oertlichen-bauernmarkt-kochbuchautor-samantha-seneviratne-ueber-die-freude-am-backen-aus-dem-herbstparmalt\\\/\"},\"wordCount\":1040,\"publisher\":{\"@id\":\"https:\\\/\\\/www.strassenweb.de\\\/nachrichten\\\/#organization\"},\"image\":{\"@id\":\"https:\\\/\\\/www.strassenweb.de\\\/nachrichten\\\/glueck-beginnt-auf-dem-oertlichen-bauernmarkt-kochbuchautor-samantha-seneviratne-ueber-die-freude-am-backen-aus-dem-herbstparmalt\\\/#primaryimage\"},\"thumbnailUrl\":\"https:\\\/\\\/www.strassenweb.de\\\/nachrichten\\\/wp-content\\\/uploads\\\/2025\\\/10\\\/Glueck-beginnt-auf-dem-oertlichen-Bauernmarkt-Kochbuchautor-Samantha-Seneviratne.jpg\",\"keywords\":[\"auf\",\"aus\",\"backen\",\"Bauernmarkt\",\"beginnt\",\"dem\",\"die\",\"Freude\",\"Gl\u00fcck\",\"Herbstparmalt\",\"Kochbuchautor\",\"\u00f6rtlichen\",\"Samantha\",\"Seneviratne\",\"\u00fcber\"],\"articleSection\":[\"Haus &amp; Garten\"],\"inLanguage\":\"de\"},{\"@type\":\"WebPage\",\"@id\":\"https:\\\/\\\/www.strassenweb.de\\\/nachrichten\\\/glueck-beginnt-auf-dem-oertlichen-bauernmarkt-kochbuchautor-samantha-seneviratne-ueber-die-freude-am-backen-aus-dem-herbstparmalt\\\/\",\"url\":\"https:\\\/\\\/www.strassenweb.de\\\/nachrichten\\\/glueck-beginnt-auf-dem-oertlichen-bauernmarkt-kochbuchautor-samantha-seneviratne-ueber-die-freude-am-backen-aus-dem-herbstparmalt\\\/\",\"name\":\"\\\"Gl\u00fcck beginnt auf dem \u00f6rtlichen Bauernmarkt\\\" - Kochbuchautor Samantha Seneviratne, \u00fcber die Freude am Backen aus dem Herbstparmalt - Nachrichten - Stra\u00dfenweb\",\"isPartOf\":{\"@id\":\"https:\\\/\\\/www.strassenweb.de\\\/nachrichten\\\/#website\"},\"primaryImageOfPage\":{\"@id\":\"https:\\\/\\\/www.strassenweb.de\\\/nachrichten\\\/glueck-beginnt-auf-dem-oertlichen-bauernmarkt-kochbuchautor-samantha-seneviratne-ueber-die-freude-am-backen-aus-dem-herbstparmalt\\\/#primaryimage\"},\"image\":{\"@id\":\"https:\\\/\\\/www.strassenweb.de\\\/nachrichten\\\/glueck-beginnt-auf-dem-oertlichen-bauernmarkt-kochbuchautor-samantha-seneviratne-ueber-die-freude-am-backen-aus-dem-herbstparmalt\\\/#primaryimage\"},\"thumbnailUrl\":\"https:\\\/\\\/www.strassenweb.de\\\/nachrichten\\\/wp-content\\\/uploads\\\/2025\\\/10\\\/Glueck-beginnt-auf-dem-oertlichen-Bauernmarkt-Kochbuchautor-Samantha-Seneviratne.jpg\",\"datePublished\":\"2025-09-30T23:39:57+00:00\",\"dateModified\":\"2025-09-30T23:39:58+00:00\",\"breadcrumb\":{\"@id\":\"https:\\\/\\\/www.strassenweb.de\\\/nachrichten\\\/glueck-beginnt-auf-dem-oertlichen-bauernmarkt-kochbuchautor-samantha-seneviratne-ueber-die-freude-am-backen-aus-dem-herbstparmalt\\\/#breadcrumb\"},\"inLanguage\":\"de\",\"potentialAction\":[{\"@type\":\"ReadAction\",\"target\":[\"https:\\\/\\\/www.strassenweb.de\\\/nachrichten\\\/glueck-beginnt-auf-dem-oertlichen-bauernmarkt-kochbuchautor-samantha-seneviratne-ueber-die-freude-am-backen-aus-dem-herbstparmalt\\\/\"]}]},{\"@type\":\"ImageObject\",\"inLanguage\":\"de\",\"@id\":\"https:\\\/\\\/www.strassenweb.de\\\/nachrichten\\\/glueck-beginnt-auf-dem-oertlichen-bauernmarkt-kochbuchautor-samantha-seneviratne-ueber-die-freude-am-backen-aus-dem-herbstparmalt\\\/#primaryimage\",\"url\":\"https:\\\/\\\/www.strassenweb.de\\\/nachrichten\\\/wp-content\\\/uploads\\\/2025\\\/10\\\/Glueck-beginnt-auf-dem-oertlichen-Bauernmarkt-Kochbuchautor-Samantha-Seneviratne.jpg\",\"contentUrl\":\"https:\\\/\\\/www.strassenweb.de\\\/nachrichten\\\/wp-content\\\/uploads\\\/2025\\\/10\\\/Glueck-beginnt-auf-dem-oertlichen-Bauernmarkt-Kochbuchautor-Samantha-Seneviratne.jpg\",\"width\":2560,\"height\":1440,\"caption\":\"Composite image of three shots showing farmstand fruit and vegetables on the left, Sam Seneviratne in the middle and an overhead shot of a skillet pan bake shot from overhead on the right\"},{\"@type\":\"BreadcrumbList\",\"@id\":\"https:\\\/\\\/www.strassenweb.de\\\/nachrichten\\\/glueck-beginnt-auf-dem-oertlichen-bauernmarkt-kochbuchautor-samantha-seneviratne-ueber-die-freude-am-backen-aus-dem-herbstparmalt\\\/#breadcrumb\",\"itemListElement\":[{\"@type\":\"ListItem\",\"position\":1,\"name\":\"Home\",\"item\":\"https:\\\/\\\/www.strassenweb.de\\\/nachrichten\\\/\"},{\"@type\":\"ListItem\",\"position\":2,\"name\":\"&#8222;Gl\u00fcck beginnt auf dem \u00f6rtlichen Bauernmarkt&#8220; &#8211; Kochbuchautor Samantha Seneviratne, \u00fcber die Freude am Backen aus dem Herbstparmalt\"}]},{\"@type\":\"WebSite\",\"@id\":\"https:\\\/\\\/www.strassenweb.de\\\/nachrichten\\\/#website\",\"url\":\"https:\\\/\\\/www.strassenweb.de\\\/nachrichten\\\/\",\"name\":\"Stra\u00dfenweb\",\"description\":\"Stra\u00dfenverzeichnis f\u00fcr Deutschland\",\"publisher\":{\"@id\":\"https:\\\/\\\/www.strassenweb.de\\\/nachrichten\\\/#organization\"},\"potentialAction\":[{\"@type\":\"SearchAction\",\"target\":{\"@type\":\"EntryPoint\",\"urlTemplate\":\"https:\\\/\\\/www.strassenweb.de\\\/nachrichten\\\/?s={search_term_string}\"},\"query-input\":{\"@type\":\"PropertyValueSpecification\",\"valueRequired\":true,\"valueName\":\"search_term_string\"}}],\"inLanguage\":\"de\"},{\"@type\":\"Organization\",\"@id\":\"https:\\\/\\\/www.strassenweb.de\\\/nachrichten\\\/#organization\",\"name\":\"Stra\u00dfenweb\",\"url\":\"https:\\\/\\\/www.strassenweb.de\\\/nachrichten\\\/\",\"logo\":{\"@type\":\"ImageObject\",\"inLanguage\":\"de\",\"@id\":\"https:\\\/\\\/www.strassenweb.de\\\/nachrichten\\\/#\\\/schema\\\/logo\\\/image\\\/\",\"url\":\"https:\\\/\\\/www.strassenweb.de\\\/nachrichten\\\/wp-content\\\/uploads\\\/2024\\\/09\\\/cropped-favicon.png\",\"contentUrl\":\"https:\\\/\\\/www.strassenweb.de\\\/nachrichten\\\/wp-content\\\/uploads\\\/2024\\\/09\\\/cropped-favicon.png\",\"width\":512,\"height\":512,\"caption\":\"Stra\u00dfenweb\"},\"image\":{\"@id\":\"https:\\\/\\\/www.strassenweb.de\\\/nachrichten\\\/#\\\/schema\\\/logo\\\/image\\\/\"},\"sameAs\":[\"https:\\\/\\\/www.facebook.com\\\/strassenweb\\\/\"]},{\"@type\":\"Person\",\"@id\":\"https:\\\/\\\/www.strassenweb.de\\\/nachrichten\\\/#\\\/schema\\\/person\\\/87c9c9067f1211da429a744dc5a5aa41\",\"name\":\"Robert Hoffmann\",\"image\":{\"@type\":\"ImageObject\",\"inLanguage\":\"de\",\"@id\":\"https:\\\/\\\/www.strassenweb.de\\\/nachrichten\\\/wp-content\\\/uploads\\\/2024\\\/09\\\/strassenweb-150x150.jpg\",\"url\":\"https:\\\/\\\/www.strassenweb.de\\\/nachrichten\\\/wp-content\\\/uploads\\\/2024\\\/09\\\/strassenweb-150x150.jpg\",\"contentUrl\":\"https:\\\/\\\/www.strassenweb.de\\\/nachrichten\\\/wp-content\\\/uploads\\\/2024\\\/09\\\/strassenweb-150x150.jpg\",\"caption\":\"Robert Hoffmann\"},\"description\":\"Ich hei\u00dfe Robert Hoffmann und ich bin ein leidenschaftlicher Verfechter von \u00d6kologie und Biodiversit\u00e4t. Seit meiner Kindheit in den W\u00e4ldern Bayerns f\u00fchle ich mich mit der Natur verbunden und bin entschlossen, sie zu sch\u00fctzen. Heute widme ich mein Leben der Sensibilisierung anderer f\u00fcr die Bedeutung des Umweltschutzes f\u00fcr zuk\u00fcnftige Generationen.\",\"sameAs\":[\"https:\\\/\\\/www.strassenweb.de\\\/\"]}]}<\/script>\n<!-- \/ Yoast SEO plugin. -->","yoast_head_json":{"title":"\"Gl\u00fcck beginnt auf dem \u00f6rtlichen Bauernmarkt\" - Kochbuchautor Samantha Seneviratne, \u00fcber die Freude am Backen aus dem Herbstparmalt - Nachrichten - Stra\u00dfenweb","robots":{"index":"index","follow":"follow","max-snippet":"max-snippet:-1","max-image-preview":"max-image-preview:large","max-video-preview":"max-video-preview:-1"},"canonical":"https:\/\/www.strassenweb.de\/nachrichten\/glueck-beginnt-auf-dem-oertlichen-bauernmarkt-kochbuchautor-samantha-seneviratne-ueber-die-freude-am-backen-aus-dem-herbstparmalt\/","og_locale":"de_DE","og_type":"article","og_title":"\"Gl\u00fcck beginnt auf dem \u00f6rtlichen Bauernmarkt\" - Kochbuchautor Samantha Seneviratne, \u00fcber die Freude am Backen aus dem Herbstparmalt - Nachrichten - Stra\u00dfenweb","og_description":"Sie k\u00f6nnen Samantha Seneviratne aus ihrer Fernseher -Kochshow anerkennen Alltag kochen Haben Sie auf Max ein oder mehrere ihrer Kochb\u00fccher in Ihrem Regal, oder vielleicht","og_url":"https:\/\/www.strassenweb.de\/nachrichten\/glueck-beginnt-auf-dem-oertlichen-bauernmarkt-kochbuchautor-samantha-seneviratne-ueber-die-freude-am-backen-aus-dem-herbstparmalt\/","og_site_name":"Stra\u00dfenweb","article_publisher":"https:\/\/www.facebook.com\/strassenweb\/","article_published_time":"2025-09-30T23:39:57+00:00","article_modified_time":"2025-09-30T23:39:58+00:00","og_image":[{"width":2560,"height":1440,"url":"https:\/\/www.strassenweb.de\/nachrichten\/wp-content\/uploads\/2025\/10\/Glueck-beginnt-auf-dem-oertlichen-Bauernmarkt-Kochbuchautor-Samantha-Seneviratne.jpg","type":"image\/jpeg"}],"author":"Robert Hoffmann","twitter_card":"summary_large_image","twitter_misc":{"Verfasst von":"Robert Hoffmann","Gesch\u00e4tzte Lesezeit":"5\u00a0Minuten"},"schema":{"@context":"https:\/\/schema.org","@graph":[{"@type":"Article","@id":"https:\/\/www.strassenweb.de\/nachrichten\/glueck-beginnt-auf-dem-oertlichen-bauernmarkt-kochbuchautor-samantha-seneviratne-ueber-die-freude-am-backen-aus-dem-herbstparmalt\/#article","isPartOf":{"@id":"https:\/\/www.strassenweb.de\/nachrichten\/glueck-beginnt-auf-dem-oertlichen-bauernmarkt-kochbuchautor-samantha-seneviratne-ueber-die-freude-am-backen-aus-dem-herbstparmalt\/"},"author":{"name":"Robert Hoffmann","@id":"https:\/\/www.strassenweb.de\/nachrichten\/#\/schema\/person\/87c9c9067f1211da429a744dc5a5aa41"},"headline":"&#8222;Gl\u00fcck beginnt auf dem \u00f6rtlichen Bauernmarkt&#8220; &#8211; Kochbuchautor Samantha Seneviratne, \u00fcber die Freude am Backen aus dem Herbstparmalt","datePublished":"2025-09-30T23:39:57+00:00","dateModified":"2025-09-30T23:39:58+00:00","mainEntityOfPage":{"@id":"https:\/\/www.strassenweb.de\/nachrichten\/glueck-beginnt-auf-dem-oertlichen-bauernmarkt-kochbuchautor-samantha-seneviratne-ueber-die-freude-am-backen-aus-dem-herbstparmalt\/"},"wordCount":1040,"publisher":{"@id":"https:\/\/www.strassenweb.de\/nachrichten\/#organization"},"image":{"@id":"https:\/\/www.strassenweb.de\/nachrichten\/glueck-beginnt-auf-dem-oertlichen-bauernmarkt-kochbuchautor-samantha-seneviratne-ueber-die-freude-am-backen-aus-dem-herbstparmalt\/#primaryimage"},"thumbnailUrl":"https:\/\/www.strassenweb.de\/nachrichten\/wp-content\/uploads\/2025\/10\/Glueck-beginnt-auf-dem-oertlichen-Bauernmarkt-Kochbuchautor-Samantha-Seneviratne.jpg","keywords":["auf","aus","backen","Bauernmarkt","beginnt","dem","die","Freude","Gl\u00fcck","Herbstparmalt","Kochbuchautor","\u00f6rtlichen","Samantha","Seneviratne","\u00fcber"],"articleSection":["Haus &amp; Garten"],"inLanguage":"de"},{"@type":"WebPage","@id":"https:\/\/www.strassenweb.de\/nachrichten\/glueck-beginnt-auf-dem-oertlichen-bauernmarkt-kochbuchautor-samantha-seneviratne-ueber-die-freude-am-backen-aus-dem-herbstparmalt\/","url":"https:\/\/www.strassenweb.de\/nachrichten\/glueck-beginnt-auf-dem-oertlichen-bauernmarkt-kochbuchautor-samantha-seneviratne-ueber-die-freude-am-backen-aus-dem-herbstparmalt\/","name":"\"Gl\u00fcck beginnt auf dem \u00f6rtlichen Bauernmarkt\" - Kochbuchautor Samantha Seneviratne, \u00fcber die Freude am Backen aus dem Herbstparmalt - Nachrichten - Stra\u00dfenweb","isPartOf":{"@id":"https:\/\/www.strassenweb.de\/nachrichten\/#website"},"primaryImageOfPage":{"@id":"https:\/\/www.strassenweb.de\/nachrichten\/glueck-beginnt-auf-dem-oertlichen-bauernmarkt-kochbuchautor-samantha-seneviratne-ueber-die-freude-am-backen-aus-dem-herbstparmalt\/#primaryimage"},"image":{"@id":"https:\/\/www.strassenweb.de\/nachrichten\/glueck-beginnt-auf-dem-oertlichen-bauernmarkt-kochbuchautor-samantha-seneviratne-ueber-die-freude-am-backen-aus-dem-herbstparmalt\/#primaryimage"},"thumbnailUrl":"https:\/\/www.strassenweb.de\/nachrichten\/wp-content\/uploads\/2025\/10\/Glueck-beginnt-auf-dem-oertlichen-Bauernmarkt-Kochbuchautor-Samantha-Seneviratne.jpg","datePublished":"2025-09-30T23:39:57+00:00","dateModified":"2025-09-30T23:39:58+00:00","breadcrumb":{"@id":"https:\/\/www.strassenweb.de\/nachrichten\/glueck-beginnt-auf-dem-oertlichen-bauernmarkt-kochbuchautor-samantha-seneviratne-ueber-die-freude-am-backen-aus-dem-herbstparmalt\/#breadcrumb"},"inLanguage":"de","potentialAction":[{"@type":"ReadAction","target":["https:\/\/www.strassenweb.de\/nachrichten\/glueck-beginnt-auf-dem-oertlichen-bauernmarkt-kochbuchautor-samantha-seneviratne-ueber-die-freude-am-backen-aus-dem-herbstparmalt\/"]}]},{"@type":"ImageObject","inLanguage":"de","@id":"https:\/\/www.strassenweb.de\/nachrichten\/glueck-beginnt-auf-dem-oertlichen-bauernmarkt-kochbuchautor-samantha-seneviratne-ueber-die-freude-am-backen-aus-dem-herbstparmalt\/#primaryimage","url":"https:\/\/www.strassenweb.de\/nachrichten\/wp-content\/uploads\/2025\/10\/Glueck-beginnt-auf-dem-oertlichen-Bauernmarkt-Kochbuchautor-Samantha-Seneviratne.jpg","contentUrl":"https:\/\/www.strassenweb.de\/nachrichten\/wp-content\/uploads\/2025\/10\/Glueck-beginnt-auf-dem-oertlichen-Bauernmarkt-Kochbuchautor-Samantha-Seneviratne.jpg","width":2560,"height":1440,"caption":"Composite image of three shots showing farmstand fruit and vegetables on the left, Sam Seneviratne in the middle and an overhead shot of a skillet pan bake shot from overhead on the right"},{"@type":"BreadcrumbList","@id":"https:\/\/www.strassenweb.de\/nachrichten\/glueck-beginnt-auf-dem-oertlichen-bauernmarkt-kochbuchautor-samantha-seneviratne-ueber-die-freude-am-backen-aus-dem-herbstparmalt\/#breadcrumb","itemListElement":[{"@type":"ListItem","position":1,"name":"Home","item":"https:\/\/www.strassenweb.de\/nachrichten\/"},{"@type":"ListItem","position":2,"name":"&#8222;Gl\u00fcck beginnt auf dem \u00f6rtlichen Bauernmarkt&#8220; &#8211; Kochbuchautor Samantha Seneviratne, \u00fcber die Freude am Backen aus dem Herbstparmalt"}]},{"@type":"WebSite","@id":"https:\/\/www.strassenweb.de\/nachrichten\/#website","url":"https:\/\/www.strassenweb.de\/nachrichten\/","name":"Stra\u00dfenweb","description":"Stra\u00dfenverzeichnis f\u00fcr Deutschland","publisher":{"@id":"https:\/\/www.strassenweb.de\/nachrichten\/#organization"},"potentialAction":[{"@type":"SearchAction","target":{"@type":"EntryPoint","urlTemplate":"https:\/\/www.strassenweb.de\/nachrichten\/?s={search_term_string}"},"query-input":{"@type":"PropertyValueSpecification","valueRequired":true,"valueName":"search_term_string"}}],"inLanguage":"de"},{"@type":"Organization","@id":"https:\/\/www.strassenweb.de\/nachrichten\/#organization","name":"Stra\u00dfenweb","url":"https:\/\/www.strassenweb.de\/nachrichten\/","logo":{"@type":"ImageObject","inLanguage":"de","@id":"https:\/\/www.strassenweb.de\/nachrichten\/#\/schema\/logo\/image\/","url":"https:\/\/www.strassenweb.de\/nachrichten\/wp-content\/uploads\/2024\/09\/cropped-favicon.png","contentUrl":"https:\/\/www.strassenweb.de\/nachrichten\/wp-content\/uploads\/2024\/09\/cropped-favicon.png","width":512,"height":512,"caption":"Stra\u00dfenweb"},"image":{"@id":"https:\/\/www.strassenweb.de\/nachrichten\/#\/schema\/logo\/image\/"},"sameAs":["https:\/\/www.facebook.com\/strassenweb\/"]},{"@type":"Person","@id":"https:\/\/www.strassenweb.de\/nachrichten\/#\/schema\/person\/87c9c9067f1211da429a744dc5a5aa41","name":"Robert Hoffmann","image":{"@type":"ImageObject","inLanguage":"de","@id":"https:\/\/www.strassenweb.de\/nachrichten\/wp-content\/uploads\/2024\/09\/strassenweb-150x150.jpg","url":"https:\/\/www.strassenweb.de\/nachrichten\/wp-content\/uploads\/2024\/09\/strassenweb-150x150.jpg","contentUrl":"https:\/\/www.strassenweb.de\/nachrichten\/wp-content\/uploads\/2024\/09\/strassenweb-150x150.jpg","caption":"Robert Hoffmann"},"description":"Ich hei\u00dfe Robert Hoffmann und ich bin ein leidenschaftlicher Verfechter von \u00d6kologie und Biodiversit\u00e4t. Seit meiner Kindheit in den W\u00e4ldern Bayerns f\u00fchle ich mich mit der Natur verbunden und bin entschlossen, sie zu sch\u00fctzen. Heute widme ich mein Leben der Sensibilisierung anderer f\u00fcr die Bedeutung des Umweltschutzes f\u00fcr zuk\u00fcnftige Generationen.","sameAs":["https:\/\/www.strassenweb.de\/"]}]}},"_links":{"self":[{"href":"https:\/\/www.strassenweb.de\/nachrichten\/wp-json\/wp\/v2\/posts\/8112","targetHints":{"allow":["GET"]}}],"collection":[{"href":"https:\/\/www.strassenweb.de\/nachrichten\/wp-json\/wp\/v2\/posts"}],"about":[{"href":"https:\/\/www.strassenweb.de\/nachrichten\/wp-json\/wp\/v2\/types\/post"}],"author":[{"embeddable":true,"href":"https:\/\/www.strassenweb.de\/nachrichten\/wp-json\/wp\/v2\/users\/1"}],"replies":[{"embeddable":true,"href":"https:\/\/www.strassenweb.de\/nachrichten\/wp-json\/wp\/v2\/comments?post=8112"}],"version-history":[{"count":0,"href":"https:\/\/www.strassenweb.de\/nachrichten\/wp-json\/wp\/v2\/posts\/8112\/revisions"}],"wp:featuredmedia":[{"embeddable":true,"href":"https:\/\/www.strassenweb.de\/nachrichten\/wp-json\/wp\/v2\/media\/8113"}],"wp:attachment":[{"href":"https:\/\/www.strassenweb.de\/nachrichten\/wp-json\/wp\/v2\/media?parent=8112"}],"wp:term":[{"taxonomy":"category","embeddable":true,"href":"https:\/\/www.strassenweb.de\/nachrichten\/wp-json\/wp\/v2\/categories?post=8112"},{"taxonomy":"post_tag","embeddable":true,"href":"https:\/\/www.strassenweb.de\/nachrichten\/wp-json\/wp\/v2\/tags?post=8112"}],"curies":[{"name":"wp","href":"https:\/\/api.w.org\/{rel}","templated":true}]}}