{"id":8109,"date":"2025-09-30T22:40:07","date_gmt":"2025-09-30T20:40:07","guid":{"rendered":"https:\/\/www.strassenweb.de\/nachrichten\/ich-war-schon-immer-gegen-weihnachten-mit-anti-early\/"},"modified":"2025-09-30T22:40:08","modified_gmt":"2025-09-30T20:40:08","slug":"ich-war-schon-immer-gegen-weihnachten-mit-anti-early","status":"publish","type":"post","link":"https:\/\/www.strassenweb.de\/nachrichten\/ich-war-schon-immer-gegen-weihnachten-mit-anti-early\/","title":{"rendered":"Ich war schon immer gegen Weihnachten mit Anti-Early"},"content":{"rendered":"<p><\/p>\n<div id=\"article-body\" class=\"article__body \">\n<p id=\"99ca117e-a56c-4382-a870-17b23398cc33\">Versteh mich nicht falsch, ich bin eine gro\u00dfe Weihnachtsperson. Im Dezember, ich bin praktisch Frau Claus. Aber zu dieser Jahreszeit bin ich immer noch fest in meiner Herbst -\u00c4ra und weigere mich, zu fr\u00fch f\u00fcr die Feiertage einzukaufen.<\/p>\n<div id=\"ad-unit-1\" class=\"ad-unit\"><\/div>\n<p>Aber dann lie\u00dfen Lulu und Georgia ihre neue Feriensammlung fallen und \u00e4nderten meine Meinung v\u00f6llig. Und ich bin nicht leicht zu schwanken. Balancieren nostalgischer Weihnachtsdekorationsideen mit moderneren festlichen Trends (denken Sie an B\u00f6gen und Burgund). Dies sind die Art von St\u00fccken, die ich so traurig w\u00e4re, im Dezember zu verpassen.<\/p>\n<p>Bei so vielen dieser St\u00fccke, die schnell verkaufen k\u00f6nnen, gebe ich zu: Ich bin offiziell an Bord, mein Weihnachtsfest Anfang dieses Jahres zu kuratieren. Ich denke, diese Kollektion ist die Antwort eines stilvollen Hausbesitzers auf fahrfreie Urlaubsdekoration.<\/p>\n<div class=\"van_vid_carousel\">\n<div class=\"van_vid_carousel__padding\">\n<div class=\"van_vid_carousel__container\"><\/div>\n<\/div>\n<\/div>\n<figure class=\"van-image-figure inline-layout \" data-bordeaux-image-check id=\"546af264-860c-44c8-8e39-57d6fe8f3a3c\">\n<div class=\"image-full-width-wrapper\">\n<div class=\"image-widthsetter\" style=\"max-width:2400px;\"><\/div>\n<\/div>\n<\/figure>\n<p id=\"d2a9f755-a8f1-4291-b45c-369b6baf8a95\">Die stilvolle Designmarke ist frisch von der begehrten Sarah Sherman Samuel Herbstkollektion f\u00fcr Lulu und Georgia und hat uns mit einem Tropfen saisonaler Dekor gesegnet, das in meinem Posteingang nicht aufregender h\u00e4tte sein k\u00f6nnen.<\/p>\n<div id=\"ad-unit-2\" class=\"ad-unit\"><\/div>\n<aside data-block-type=\"embed\" data-render-type=\"fte\" data-skip=\"dealsy\" data-widget-type=\"seasonal\" class=\"hawk-root\"><\/aside>\n<p id=\"d2a9f755-a8f1-4291-b45c-369b6baf8a95-1\">Die Kollektion wurde entwickelt, um die B\u00fchne f\u00fcr jede Feier zu setzen, und ist mit allem gef\u00fcllt, was Sie von einer festlichen Kollektion erwarten w\u00fcrden: Velvet, Plaid und viel Weihnachtsmanteldekor. Aber es nimmt auch eine frische Iteration von 2025 sowohl des Bogen -Weihnachtstrends als auch des Burgundy Christmas Trend an.<\/p>\n<p>Um dem Baum einen Hauch von Laune zu verleihen, sind die Adea-Bug-Ornamente ein neues Muss, w\u00e4hrend die Burgund-Samt Danita Bogengirlande sofort die einfachsten Urlaubsvignetten erh\u00f6hen wird-und f\u00fchlt sich viel luxuriore als DIY an.<\/p>\n<p>Apropos Burgunder, der reichhaltige Farbton l\u00e4uft w\u00e4hrend der gesamten Kollektion und ist in unerwarteten Farbkombinationen mit einer Herbst -Sicht auf Buttergelb und ein erdiges Olivengr\u00fcn in der Mischung kombiniert. Au\u00dferdem k\u00f6nnen Sie die Retro-Blumen und Vintage-Baum-Ornamente nicht verpassen.<\/p>\n<div id=\"slice-container-newsletterForm-articleInbodyContent-vnxc9pDLDExbjDYNhVXgKf\" class=\"slice-container newsletter-inbodyContent-slice newsletterForm-articleInbodyContent-vnxc9pDLDExbjDYNhVXgKf slice-container-newsletterForm\"><\/div>\n<figure class=\"van-image-figure inline-layout \" data-bordeaux-image-check id=\"cef1bc7d-7433-4b5e-9256-f76bbddfc21a\">\n<div class=\"image-full-width-wrapper\">\n<div class=\"image-widthsetter\" style=\"max-width:2000px;\"><\/div>\n<\/div>\n<\/figure>\n<p id=\"ba0a3d52-2fc6-4bd6-ba42-11eed4d2d21e\">Nat\u00fcrlich h\u00f6rt der Spa\u00df nicht am Weihnachtsbaum auf.<\/p>\n<p>F\u00fcr den Weihnachtstisch verleiht die Musetta Plaid -Tischw\u00e4sche einen Hauch von Tradition, w\u00e4hrend die schicke romarische Tischw\u00e4sche subtil auf die Saison mit zierlichen Burgunderblumen neigt, die f\u00fcr alle Ihre Bem\u00fchungen im Herbst -Hosting verwendet werden k\u00f6nnen.<\/p>\n<p>Und bei Ihrem Eingang oder Ihrer Glaubw\u00fcrdigkeit sind eine Aussagegirlande und einige aufmerksamkeitsstarke dekorative Objekte alles, was Sie brauchen, um es festlich zu sein, ohne vollst\u00e4ndig neu zu gestalten. Ich liebe die Idee, die s\u00fc\u00dfen Elodie -Mantelh\u00e4user zu kombinieren, die aus warmem Messing bestehen und funkelt, mit den Revel -Papier -Mantelb\u00e4umen eine stilvolle Szene erzeugen.<\/p>\n<p>Das Beste daran? Die kleineren Details sind so schick wie die Big-Ticket-Artikel. Von Blumenbaumr\u00f6cken bis hin zu \u00fcberbrochenen Fu\u00dfmatten und Messing -Strumpfhaltern ist jeder Gegenstand sorgf\u00e4ltig so konzipiert, dass Weihnachten in diesem Jahr etwas Besonderes zu machen.<\/p>\n<h2 id=\"lulu-and-georgia-s-stylish-christmas-3\">Lulu und Georgiens stilvolles Weihnachtsfest<\/h2>\n<p id=\"51b2a14f-0bd9-489c-9169-90c20b4cc5b8\">Jedes St\u00fcck wurde nachdenklich so konzipiert, dass sie mischen, passen und schichten. Egal, ob Sie einen Mantel dekorieren, den Baum abschneiden oder einfach einen festlichen Akzent in Ihrem Eingang hinzuf\u00fcgen, Sie werden etwas finden, das sich zeitlos und super schick anf\u00fchlt.<\/p>\n<p>Hier sind meine Top -Tipps aus der Kollektion, um jetzt einzukaufen.<\/p>\n<div class=\"product-container hero-product-container product-block-no-wrap\">\n<div class=\"product-block-row\"><\/div>\n<div class=\"product-block-row\"><\/div>\n<div class=\"product-block-row\"><\/div>\n<div class=\"product-block-row\"><\/div>\n<div class=\"product-block-row\"><\/div>\n<div class=\"product-block-row\"><\/div>\n<div class=\"product-block-row\"><\/div>\n<div class=\"product-block-row\"><\/div>\n<div class=\"product-block-row\"><\/div>\n<\/div>\n<hr id=\"abfc3207-1b8c-4326-b6e3-14ee888a02d5\">\n<p id=\"249a3f6a-6d3f-4518-ac31-6d7a8b17d0b0\">Die Mischung aus Burgund, Samt, verspielten B\u00f6gen und retro-inspirierten Ornamenten in dieser Kollektion f\u00fchlt sich sowohl nostalgisch als auch erh\u00f6ht an-eine Kombination, die schwer zu widerstehen ist. Dies sind die Arten von St\u00fccken, die nicht nur die diesj\u00e4hrigen Feierlichkeiten im Trend f\u00fchlen, sondern Jahr f\u00fcr Jahr herauskommen. Warten Sie einfach nicht zu lange, denn Sammlungen, die so gut sind, bleiben nie dabei.<\/p>\n<\/div>\n","protected":false},"excerpt":{"rendered":"<p>Versteh mich nicht falsch, ich bin eine gro\u00dfe Weihnachtsperson. Im Dezember, ich bin praktisch Frau Claus. Aber zu dieser Jahreszeit bin ich immer noch fest<\/p>\n","protected":false},"author":1,"featured_media":8110,"comment_status":"closed","ping_status":"","sticky":false,"template":"","format":"standard","meta":{"footnotes":""},"categories":[118],"tags":[10452,294,129,175,146,523,1495,2105],"class_list":["post-8109","post","type-post","status-publish","format-standard","has-post-thumbnail","hentry","category-haus-garten","tag-antiearly","tag-gegen","tag-ich","tag-immer","tag-mit","tag-schon","tag-war","tag-weihnachten","generate-columns","tablet-grid-50","mobile-grid-100","grid-parent","grid-50"],"yoast_head":"<!-- This site is optimized with the Yoast SEO plugin v27.3 - https:\/\/yoast.com\/product\/yoast-seo-wordpress\/ -->\n<title>Ich war schon immer gegen Weihnachten mit Anti-Early - Nachrichten - Stra\u00dfenweb<\/title>\n<meta name=\"robots\" content=\"index, follow, max-snippet:-1, max-image-preview:large, max-video-preview:-1\" \/>\n<link rel=\"canonical\" href=\"https:\/\/www.strassenweb.de\/nachrichten\/ich-war-schon-immer-gegen-weihnachten-mit-anti-early\/\" \/>\n<meta property=\"og:locale\" content=\"de_DE\" \/>\n<meta property=\"og:type\" content=\"article\" \/>\n<meta property=\"og:title\" content=\"Ich war schon immer gegen Weihnachten mit Anti-Early - Nachrichten - Stra\u00dfenweb\" \/>\n<meta property=\"og:description\" content=\"Versteh mich nicht falsch, ich bin eine gro\u00dfe Weihnachtsperson. Im Dezember, ich bin praktisch Frau Claus. Aber zu dieser Jahreszeit bin ich immer noch fest\" \/>\n<meta property=\"og:url\" content=\"https:\/\/www.strassenweb.de\/nachrichten\/ich-war-schon-immer-gegen-weihnachten-mit-anti-early\/\" \/>\n<meta property=\"og:site_name\" content=\"Stra\u00dfenweb\" \/>\n<meta property=\"article:publisher\" content=\"https:\/\/www.facebook.com\/strassenweb\/\" \/>\n<meta property=\"article:published_time\" content=\"2025-09-30T20:40:07+00:00\" \/>\n<meta property=\"article:modified_time\" content=\"2025-09-30T20:40:08+00:00\" \/>\n<meta property=\"og:image\" content=\"https:\/\/www.strassenweb.de\/nachrichten\/wp-content\/uploads\/2025\/09\/Ich-war-schon-immer-gegen-Weihnachten-mit-Anti-Early.jpg\" \/>\n\t<meta property=\"og:image:width\" content=\"1600\" \/>\n\t<meta property=\"og:image:height\" content=\"900\" \/>\n\t<meta property=\"og:image:type\" content=\"image\/jpeg\" \/>\n<meta name=\"author\" content=\"Robert Hoffmann\" \/>\n<meta name=\"twitter:card\" content=\"summary_large_image\" \/>\n<meta name=\"twitter:label1\" content=\"Verfasst von\" \/>\n\t<meta name=\"twitter:data1\" content=\"Robert Hoffmann\" \/>\n\t<meta name=\"twitter:label2\" content=\"Gesch\u00e4tzte Lesezeit\" \/>\n\t<meta name=\"twitter:data2\" content=\"3\u00a0Minuten\" \/>\n<script type=\"application\/ld+json\" class=\"yoast-schema-graph\">{\"@context\":\"https:\\\/\\\/schema.org\",\"@graph\":[{\"@type\":\"Article\",\"@id\":\"https:\\\/\\\/www.strassenweb.de\\\/nachrichten\\\/ich-war-schon-immer-gegen-weihnachten-mit-anti-early\\\/#article\",\"isPartOf\":{\"@id\":\"https:\\\/\\\/www.strassenweb.de\\\/nachrichten\\\/ich-war-schon-immer-gegen-weihnachten-mit-anti-early\\\/\"},\"author\":{\"name\":\"Robert Hoffmann\",\"@id\":\"https:\\\/\\\/www.strassenweb.de\\\/nachrichten\\\/#\\\/schema\\\/person\\\/87c9c9067f1211da429a744dc5a5aa41\"},\"headline\":\"Ich war schon immer gegen Weihnachten mit Anti-Early\",\"datePublished\":\"2025-09-30T20:40:07+00:00\",\"dateModified\":\"2025-09-30T20:40:08+00:00\",\"mainEntityOfPage\":{\"@id\":\"https:\\\/\\\/www.strassenweb.de\\\/nachrichten\\\/ich-war-schon-immer-gegen-weihnachten-mit-anti-early\\\/\"},\"wordCount\":595,\"publisher\":{\"@id\":\"https:\\\/\\\/www.strassenweb.de\\\/nachrichten\\\/#organization\"},\"image\":{\"@id\":\"https:\\\/\\\/www.strassenweb.de\\\/nachrichten\\\/ich-war-schon-immer-gegen-weihnachten-mit-anti-early\\\/#primaryimage\"},\"thumbnailUrl\":\"https:\\\/\\\/www.strassenweb.de\\\/nachrichten\\\/wp-content\\\/uploads\\\/2025\\\/09\\\/Ich-war-schon-immer-gegen-Weihnachten-mit-Anti-Early.jpg\",\"keywords\":[\"AntiEarly\",\"gegen\",\"ich\",\"immer\",\"mit\",\"schon\",\"war\",\"Weihnachten\"],\"articleSection\":[\"Haus &amp; Garten\"],\"inLanguage\":\"de\"},{\"@type\":\"WebPage\",\"@id\":\"https:\\\/\\\/www.strassenweb.de\\\/nachrichten\\\/ich-war-schon-immer-gegen-weihnachten-mit-anti-early\\\/\",\"url\":\"https:\\\/\\\/www.strassenweb.de\\\/nachrichten\\\/ich-war-schon-immer-gegen-weihnachten-mit-anti-early\\\/\",\"name\":\"Ich war schon immer gegen Weihnachten mit Anti-Early - Nachrichten - Stra\u00dfenweb\",\"isPartOf\":{\"@id\":\"https:\\\/\\\/www.strassenweb.de\\\/nachrichten\\\/#website\"},\"primaryImageOfPage\":{\"@id\":\"https:\\\/\\\/www.strassenweb.de\\\/nachrichten\\\/ich-war-schon-immer-gegen-weihnachten-mit-anti-early\\\/#primaryimage\"},\"image\":{\"@id\":\"https:\\\/\\\/www.strassenweb.de\\\/nachrichten\\\/ich-war-schon-immer-gegen-weihnachten-mit-anti-early\\\/#primaryimage\"},\"thumbnailUrl\":\"https:\\\/\\\/www.strassenweb.de\\\/nachrichten\\\/wp-content\\\/uploads\\\/2025\\\/09\\\/Ich-war-schon-immer-gegen-Weihnachten-mit-Anti-Early.jpg\",\"datePublished\":\"2025-09-30T20:40:07+00:00\",\"dateModified\":\"2025-09-30T20:40:08+00:00\",\"breadcrumb\":{\"@id\":\"https:\\\/\\\/www.strassenweb.de\\\/nachrichten\\\/ich-war-schon-immer-gegen-weihnachten-mit-anti-early\\\/#breadcrumb\"},\"inLanguage\":\"de\",\"potentialAction\":[{\"@type\":\"ReadAction\",\"target\":[\"https:\\\/\\\/www.strassenweb.de\\\/nachrichten\\\/ich-war-schon-immer-gegen-weihnachten-mit-anti-early\\\/\"]}]},{\"@type\":\"ImageObject\",\"inLanguage\":\"de\",\"@id\":\"https:\\\/\\\/www.strassenweb.de\\\/nachrichten\\\/ich-war-schon-immer-gegen-weihnachten-mit-anti-early\\\/#primaryimage\",\"url\":\"https:\\\/\\\/www.strassenweb.de\\\/nachrichten\\\/wp-content\\\/uploads\\\/2025\\\/09\\\/Ich-war-schon-immer-gegen-Weihnachten-mit-Anti-Early.jpg\",\"contentUrl\":\"https:\\\/\\\/www.strassenweb.de\\\/nachrichten\\\/wp-content\\\/uploads\\\/2025\\\/09\\\/Ich-war-schon-immer-gegen-Weihnachten-mit-Anti-Early.jpg\",\"width\":1600,\"height\":900,\"caption\":\"lulu and georgia christmas 2025 campaign imagery of a moody, warm living room with lit marble fireplace decorated with a garland, velvet stockings, a velvet couch, coffee table, green armchairs and a christmas tree\"},{\"@type\":\"BreadcrumbList\",\"@id\":\"https:\\\/\\\/www.strassenweb.de\\\/nachrichten\\\/ich-war-schon-immer-gegen-weihnachten-mit-anti-early\\\/#breadcrumb\",\"itemListElement\":[{\"@type\":\"ListItem\",\"position\":1,\"name\":\"Home\",\"item\":\"https:\\\/\\\/www.strassenweb.de\\\/nachrichten\\\/\"},{\"@type\":\"ListItem\",\"position\":2,\"name\":\"Ich war schon immer gegen Weihnachten mit Anti-Early\"}]},{\"@type\":\"WebSite\",\"@id\":\"https:\\\/\\\/www.strassenweb.de\\\/nachrichten\\\/#website\",\"url\":\"https:\\\/\\\/www.strassenweb.de\\\/nachrichten\\\/\",\"name\":\"Stra\u00dfenweb\",\"description\":\"Stra\u00dfenverzeichnis f\u00fcr Deutschland\",\"publisher\":{\"@id\":\"https:\\\/\\\/www.strassenweb.de\\\/nachrichten\\\/#organization\"},\"potentialAction\":[{\"@type\":\"SearchAction\",\"target\":{\"@type\":\"EntryPoint\",\"urlTemplate\":\"https:\\\/\\\/www.strassenweb.de\\\/nachrichten\\\/?s={search_term_string}\"},\"query-input\":{\"@type\":\"PropertyValueSpecification\",\"valueRequired\":true,\"valueName\":\"search_term_string\"}}],\"inLanguage\":\"de\"},{\"@type\":\"Organization\",\"@id\":\"https:\\\/\\\/www.strassenweb.de\\\/nachrichten\\\/#organization\",\"name\":\"Stra\u00dfenweb\",\"url\":\"https:\\\/\\\/www.strassenweb.de\\\/nachrichten\\\/\",\"logo\":{\"@type\":\"ImageObject\",\"inLanguage\":\"de\",\"@id\":\"https:\\\/\\\/www.strassenweb.de\\\/nachrichten\\\/#\\\/schema\\\/logo\\\/image\\\/\",\"url\":\"https:\\\/\\\/www.strassenweb.de\\\/nachrichten\\\/wp-content\\\/uploads\\\/2024\\\/09\\\/cropped-favicon.png\",\"contentUrl\":\"https:\\\/\\\/www.strassenweb.de\\\/nachrichten\\\/wp-content\\\/uploads\\\/2024\\\/09\\\/cropped-favicon.png\",\"width\":512,\"height\":512,\"caption\":\"Stra\u00dfenweb\"},\"image\":{\"@id\":\"https:\\\/\\\/www.strassenweb.de\\\/nachrichten\\\/#\\\/schema\\\/logo\\\/image\\\/\"},\"sameAs\":[\"https:\\\/\\\/www.facebook.com\\\/strassenweb\\\/\"]},{\"@type\":\"Person\",\"@id\":\"https:\\\/\\\/www.strassenweb.de\\\/nachrichten\\\/#\\\/schema\\\/person\\\/87c9c9067f1211da429a744dc5a5aa41\",\"name\":\"Robert Hoffmann\",\"image\":{\"@type\":\"ImageObject\",\"inLanguage\":\"de\",\"@id\":\"https:\\\/\\\/www.strassenweb.de\\\/nachrichten\\\/wp-content\\\/uploads\\\/2024\\\/09\\\/strassenweb-150x150.jpg\",\"url\":\"https:\\\/\\\/www.strassenweb.de\\\/nachrichten\\\/wp-content\\\/uploads\\\/2024\\\/09\\\/strassenweb-150x150.jpg\",\"contentUrl\":\"https:\\\/\\\/www.strassenweb.de\\\/nachrichten\\\/wp-content\\\/uploads\\\/2024\\\/09\\\/strassenweb-150x150.jpg\",\"caption\":\"Robert Hoffmann\"},\"description\":\"Ich hei\u00dfe Robert Hoffmann und ich bin ein leidenschaftlicher Verfechter von \u00d6kologie und Biodiversit\u00e4t. Seit meiner Kindheit in den W\u00e4ldern Bayerns f\u00fchle ich mich mit der Natur verbunden und bin entschlossen, sie zu sch\u00fctzen. Heute widme ich mein Leben der Sensibilisierung anderer f\u00fcr die Bedeutung des Umweltschutzes f\u00fcr zuk\u00fcnftige Generationen.\",\"sameAs\":[\"https:\\\/\\\/www.strassenweb.de\\\/\"]}]}<\/script>\n<!-- \/ Yoast SEO plugin. -->","yoast_head_json":{"title":"Ich war schon immer gegen Weihnachten mit Anti-Early - Nachrichten - Stra\u00dfenweb","robots":{"index":"index","follow":"follow","max-snippet":"max-snippet:-1","max-image-preview":"max-image-preview:large","max-video-preview":"max-video-preview:-1"},"canonical":"https:\/\/www.strassenweb.de\/nachrichten\/ich-war-schon-immer-gegen-weihnachten-mit-anti-early\/","og_locale":"de_DE","og_type":"article","og_title":"Ich war schon immer gegen Weihnachten mit Anti-Early - Nachrichten - Stra\u00dfenweb","og_description":"Versteh mich nicht falsch, ich bin eine gro\u00dfe Weihnachtsperson. Im Dezember, ich bin praktisch Frau Claus. Aber zu dieser Jahreszeit bin ich immer noch fest","og_url":"https:\/\/www.strassenweb.de\/nachrichten\/ich-war-schon-immer-gegen-weihnachten-mit-anti-early\/","og_site_name":"Stra\u00dfenweb","article_publisher":"https:\/\/www.facebook.com\/strassenweb\/","article_published_time":"2025-09-30T20:40:07+00:00","article_modified_time":"2025-09-30T20:40:08+00:00","og_image":[{"width":1600,"height":900,"url":"https:\/\/www.strassenweb.de\/nachrichten\/wp-content\/uploads\/2025\/09\/Ich-war-schon-immer-gegen-Weihnachten-mit-Anti-Early.jpg","type":"image\/jpeg"}],"author":"Robert Hoffmann","twitter_card":"summary_large_image","twitter_misc":{"Verfasst von":"Robert Hoffmann","Gesch\u00e4tzte Lesezeit":"3\u00a0Minuten"},"schema":{"@context":"https:\/\/schema.org","@graph":[{"@type":"Article","@id":"https:\/\/www.strassenweb.de\/nachrichten\/ich-war-schon-immer-gegen-weihnachten-mit-anti-early\/#article","isPartOf":{"@id":"https:\/\/www.strassenweb.de\/nachrichten\/ich-war-schon-immer-gegen-weihnachten-mit-anti-early\/"},"author":{"name":"Robert Hoffmann","@id":"https:\/\/www.strassenweb.de\/nachrichten\/#\/schema\/person\/87c9c9067f1211da429a744dc5a5aa41"},"headline":"Ich war schon immer gegen Weihnachten mit Anti-Early","datePublished":"2025-09-30T20:40:07+00:00","dateModified":"2025-09-30T20:40:08+00:00","mainEntityOfPage":{"@id":"https:\/\/www.strassenweb.de\/nachrichten\/ich-war-schon-immer-gegen-weihnachten-mit-anti-early\/"},"wordCount":595,"publisher":{"@id":"https:\/\/www.strassenweb.de\/nachrichten\/#organization"},"image":{"@id":"https:\/\/www.strassenweb.de\/nachrichten\/ich-war-schon-immer-gegen-weihnachten-mit-anti-early\/#primaryimage"},"thumbnailUrl":"https:\/\/www.strassenweb.de\/nachrichten\/wp-content\/uploads\/2025\/09\/Ich-war-schon-immer-gegen-Weihnachten-mit-Anti-Early.jpg","keywords":["AntiEarly","gegen","ich","immer","mit","schon","war","Weihnachten"],"articleSection":["Haus &amp; Garten"],"inLanguage":"de"},{"@type":"WebPage","@id":"https:\/\/www.strassenweb.de\/nachrichten\/ich-war-schon-immer-gegen-weihnachten-mit-anti-early\/","url":"https:\/\/www.strassenweb.de\/nachrichten\/ich-war-schon-immer-gegen-weihnachten-mit-anti-early\/","name":"Ich war schon immer gegen Weihnachten mit Anti-Early - Nachrichten - Stra\u00dfenweb","isPartOf":{"@id":"https:\/\/www.strassenweb.de\/nachrichten\/#website"},"primaryImageOfPage":{"@id":"https:\/\/www.strassenweb.de\/nachrichten\/ich-war-schon-immer-gegen-weihnachten-mit-anti-early\/#primaryimage"},"image":{"@id":"https:\/\/www.strassenweb.de\/nachrichten\/ich-war-schon-immer-gegen-weihnachten-mit-anti-early\/#primaryimage"},"thumbnailUrl":"https:\/\/www.strassenweb.de\/nachrichten\/wp-content\/uploads\/2025\/09\/Ich-war-schon-immer-gegen-Weihnachten-mit-Anti-Early.jpg","datePublished":"2025-09-30T20:40:07+00:00","dateModified":"2025-09-30T20:40:08+00:00","breadcrumb":{"@id":"https:\/\/www.strassenweb.de\/nachrichten\/ich-war-schon-immer-gegen-weihnachten-mit-anti-early\/#breadcrumb"},"inLanguage":"de","potentialAction":[{"@type":"ReadAction","target":["https:\/\/www.strassenweb.de\/nachrichten\/ich-war-schon-immer-gegen-weihnachten-mit-anti-early\/"]}]},{"@type":"ImageObject","inLanguage":"de","@id":"https:\/\/www.strassenweb.de\/nachrichten\/ich-war-schon-immer-gegen-weihnachten-mit-anti-early\/#primaryimage","url":"https:\/\/www.strassenweb.de\/nachrichten\/wp-content\/uploads\/2025\/09\/Ich-war-schon-immer-gegen-Weihnachten-mit-Anti-Early.jpg","contentUrl":"https:\/\/www.strassenweb.de\/nachrichten\/wp-content\/uploads\/2025\/09\/Ich-war-schon-immer-gegen-Weihnachten-mit-Anti-Early.jpg","width":1600,"height":900,"caption":"lulu and georgia christmas 2025 campaign imagery of a moody, warm living room with lit marble fireplace decorated with a garland, velvet stockings, a velvet couch, coffee table, green armchairs and a christmas tree"},{"@type":"BreadcrumbList","@id":"https:\/\/www.strassenweb.de\/nachrichten\/ich-war-schon-immer-gegen-weihnachten-mit-anti-early\/#breadcrumb","itemListElement":[{"@type":"ListItem","position":1,"name":"Home","item":"https:\/\/www.strassenweb.de\/nachrichten\/"},{"@type":"ListItem","position":2,"name":"Ich war schon immer gegen Weihnachten mit Anti-Early"}]},{"@type":"WebSite","@id":"https:\/\/www.strassenweb.de\/nachrichten\/#website","url":"https:\/\/www.strassenweb.de\/nachrichten\/","name":"Stra\u00dfenweb","description":"Stra\u00dfenverzeichnis f\u00fcr Deutschland","publisher":{"@id":"https:\/\/www.strassenweb.de\/nachrichten\/#organization"},"potentialAction":[{"@type":"SearchAction","target":{"@type":"EntryPoint","urlTemplate":"https:\/\/www.strassenweb.de\/nachrichten\/?s={search_term_string}"},"query-input":{"@type":"PropertyValueSpecification","valueRequired":true,"valueName":"search_term_string"}}],"inLanguage":"de"},{"@type":"Organization","@id":"https:\/\/www.strassenweb.de\/nachrichten\/#organization","name":"Stra\u00dfenweb","url":"https:\/\/www.strassenweb.de\/nachrichten\/","logo":{"@type":"ImageObject","inLanguage":"de","@id":"https:\/\/www.strassenweb.de\/nachrichten\/#\/schema\/logo\/image\/","url":"https:\/\/www.strassenweb.de\/nachrichten\/wp-content\/uploads\/2024\/09\/cropped-favicon.png","contentUrl":"https:\/\/www.strassenweb.de\/nachrichten\/wp-content\/uploads\/2024\/09\/cropped-favicon.png","width":512,"height":512,"caption":"Stra\u00dfenweb"},"image":{"@id":"https:\/\/www.strassenweb.de\/nachrichten\/#\/schema\/logo\/image\/"},"sameAs":["https:\/\/www.facebook.com\/strassenweb\/"]},{"@type":"Person","@id":"https:\/\/www.strassenweb.de\/nachrichten\/#\/schema\/person\/87c9c9067f1211da429a744dc5a5aa41","name":"Robert Hoffmann","image":{"@type":"ImageObject","inLanguage":"de","@id":"https:\/\/www.strassenweb.de\/nachrichten\/wp-content\/uploads\/2024\/09\/strassenweb-150x150.jpg","url":"https:\/\/www.strassenweb.de\/nachrichten\/wp-content\/uploads\/2024\/09\/strassenweb-150x150.jpg","contentUrl":"https:\/\/www.strassenweb.de\/nachrichten\/wp-content\/uploads\/2024\/09\/strassenweb-150x150.jpg","caption":"Robert Hoffmann"},"description":"Ich hei\u00dfe Robert Hoffmann und ich bin ein leidenschaftlicher Verfechter von \u00d6kologie und Biodiversit\u00e4t. Seit meiner Kindheit in den W\u00e4ldern Bayerns f\u00fchle ich mich mit der Natur verbunden und bin entschlossen, sie zu sch\u00fctzen. Heute widme ich mein Leben der Sensibilisierung anderer f\u00fcr die Bedeutung des Umweltschutzes f\u00fcr zuk\u00fcnftige Generationen.","sameAs":["https:\/\/www.strassenweb.de\/"]}]}},"_links":{"self":[{"href":"https:\/\/www.strassenweb.de\/nachrichten\/wp-json\/wp\/v2\/posts\/8109","targetHints":{"allow":["GET"]}}],"collection":[{"href":"https:\/\/www.strassenweb.de\/nachrichten\/wp-json\/wp\/v2\/posts"}],"about":[{"href":"https:\/\/www.strassenweb.de\/nachrichten\/wp-json\/wp\/v2\/types\/post"}],"author":[{"embeddable":true,"href":"https:\/\/www.strassenweb.de\/nachrichten\/wp-json\/wp\/v2\/users\/1"}],"replies":[{"embeddable":true,"href":"https:\/\/www.strassenweb.de\/nachrichten\/wp-json\/wp\/v2\/comments?post=8109"}],"version-history":[{"count":0,"href":"https:\/\/www.strassenweb.de\/nachrichten\/wp-json\/wp\/v2\/posts\/8109\/revisions"}],"wp:featuredmedia":[{"embeddable":true,"href":"https:\/\/www.strassenweb.de\/nachrichten\/wp-json\/wp\/v2\/media\/8110"}],"wp:attachment":[{"href":"https:\/\/www.strassenweb.de\/nachrichten\/wp-json\/wp\/v2\/media?parent=8109"}],"wp:term":[{"taxonomy":"category","embeddable":true,"href":"https:\/\/www.strassenweb.de\/nachrichten\/wp-json\/wp\/v2\/categories?post=8109"},{"taxonomy":"post_tag","embeddable":true,"href":"https:\/\/www.strassenweb.de\/nachrichten\/wp-json\/wp\/v2\/tags?post=8109"}],"curies":[{"name":"wp","href":"https:\/\/api.w.org\/{rel}","templated":true}]}}