{"id":8103,"date":"2025-09-30T16:41:40","date_gmt":"2025-09-30T14:41:40","guid":{"rendered":"https:\/\/www.strassenweb.de\/nachrichten\/die-kueche-von-kevin-hart-verfuegt\/"},"modified":"2025-09-30T16:41:41","modified_gmt":"2025-09-30T14:41:41","slug":"die-kueche-von-kevin-hart-verfuegt","status":"publish","type":"post","link":"https:\/\/www.strassenweb.de\/nachrichten\/die-kueche-von-kevin-hart-verfuegt\/","title":{"rendered":"Die K\u00fcche von Kevin Hart verf\u00fcgt"},"content":{"rendered":"<p><\/p>\n<div id=\"article-body\" class=\"article__body \">\n<p id=\"6a7c135b-a185-4ff6-b7f3-c5a4c0d5d72a\">Sie haben wahrscheinlich bemerkt, dass Rot \u00fcberall ist<em> <\/em>in letzter Zeit. Es ist fast eineinhalb Jahre her, seit die &#8222;unerwartete rote Theorie&#8220; unsere Social -Media -Feeds \u00fcbernommen hat, doch die Machtfarbe dominiert weiterhin Innenr\u00e4ume auf neue und aufregende Weise.<\/p>\n<div id=\"ad-unit-1\" class=\"ad-unit\"><\/div>\n<p>Unsere neueste Fixierung? Burgund Marmor K\u00fcchenarbeitsplatten, die ein wundersch\u00f6ner Schwerpunkt in Kevin Harts ansonsten neutraler K\u00fcche sind.<\/p>\n<aside data-block-type=\"embed\" data-render-type=\"fte\" data-skip=\"dealsy\" data-widget-type=\"seasonal\" class=\"hawk-root\"><\/aside>\n<p id=\"6a7c135b-a185-4ff6-b7f3-c5a4c0d5d72a-2\" class=\"paywall\" aria-hidden=\"true\">Der Schauspieler und der Komiker teilten einen Clip seines Raums zu seiner Instagram-Seite, und wir konnten nicht anders, als die tiefe, Herbst- und Winterf\u00e4rbung zu bewundern, und die marblerischen F\u00e4rbung. Es ist richtig im Trend f\u00fcr die Saison und Design -Experten sind sich einig, dass es ein Look ist, mit dem man experimentieren kann.<\/p>\n<div class=\"van_vid_carousel\">\n<div class=\"van_vid_carousel__padding\">\n<div class=\"van_vid_carousel__container\"><\/div>\n<\/div>\n<\/div>\n<div class=\"instagram-embed\" id=\"DK5WvBUvh4x\">\n<blockquote class=\"instagram-media\" data-instgrm-captioned data-instgrm-version=\"6\" style=\"width:99.375%; width:-webkit-calc(100% - 2px); width:calc(100% - 2px);\">\n<p>Ein Beitrag, der von Kevin Hart (@Kevinhart4Real) geteilt wurde<\/p>\n<p>Ein Foto von on <\/p>\n<\/blockquote>\n<\/div>\n<h3 class=\"article-body__section\" id=\"section-shop-the-burgundy-kitchen-edit\"><span>Kaufen Sie die Burgunder Kitchen Edit ein<\/span><\/h3>\n<div class=\"product-container hero-product-container product-block-no-wrap\">\n<div class=\"product-block-row\"><\/div>\n<div class=\"product-block-row\"><\/div>\n<div class=\"product-block-row\"><\/div>\n<\/div>\n<p id=\"ae9cb5da-9879-417d-9184-e4f00c450e26\">Die Kombination aus tiefen, dunklen Burgunder mit helleren Farbt\u00f6nen ist dank seiner Balance und Raffinesse ein Gewinner -Duo.<\/p>\n<div id=\"ad-unit-2\" class=\"ad-unit\"><\/div>\n<p>&#8222;Burgundys reichhaltige, intensive Farbton passt wunderbar zu warmen Neutralen wie Beige, Cream und Taupe&#8220;, Cassandra Leiz, Creative Director bei Interiors Brand Ruggable. &#8222;Das Kombination der K\u00fchnheit von Burgunder mit dem Komfort dieser anderen Grundlagen bietet eine ansprechbare Tiefe und ein Interesse an jedem Raum im Haus.&#8220;<\/p>\n<p>Sie f\u00e4hrt fort, in gr\u00f6\u00dferen, offenen Gebieten kann Burgund als Mittelpunkt fungieren und gleichzeitig verschiedene Abschnitte definieren. Beispielsweise kann ein gro\u00dfer Burgunderteppich in einem offenen Wohnzimmer getrennte Bereiche definieren und schaffen, wodurch eine gem\u00fctliche Zone erzeugt wird, ohne dass physische Partitionen erforderlich sind. &#8218;<\/p>\n<p>Wir k\u00f6nnen sehen, dass Kevin sich f\u00fcr diese Strategie entschieden hat, wobei der Z\u00e4hlerraum als enthaltener Bereich verwendet wurde, um den Burgunder -Marmor zu pr\u00e4sentieren. Wenn Sie jedoch mit einer kleineren K\u00fcche arbeiten, r\u00e4t Cassandra einen etwas anderen Ansatz.<\/p>\n<div id=\"slice-container-newsletterForm-articleInbodyContent-DjY2KZA5YqC9BEW3AAjjD7\" class=\"slice-container newsletter-inbodyContent-slice newsletterForm-articleInbodyContent-DjY2KZA5YqC9BEW3AAjjD7 slice-container-newsletterForm\"><\/div>\n<p>&#8222;In kompakteren R\u00e4umen ist Burgund eine gro\u00dfartige Akzentfarbe, da sein tiefer, reichhaltiger Ton W\u00e4rme- und Juwelen-Tone-Luxus verleiht, ohne den Raum zu \u00fcberw\u00e4ltigen und in kleineren Bereichen einen raffinierten Schwerpunkt zu schaffen&#8220;, erkl\u00e4rt sie. &#8222;Denken Sie an kleine Teppiche, Kissen oder Kunstwerke, um die Farbe in einen Raum zu injizieren.&#8220;<\/p>\n<hr id=\"1e2963ca-9741-447e-b7d4-f06e5200f53b\">\n<p id=\"f07dcb95-f973-492c-9f75-ad52074a9dab\">Als Design Trends Champion Bolder, reichere und einladendere Farbt\u00f6ne wird Burgandy nur noch immer beliebter werden. Kevin Harts K\u00fcche ist nur der Anfang.<\/p>\n<hr id=\"06245634-0301-4f4f-80d7-8b0b34db5b4d\">\n<div class=\"min-h-(270px) mb-4 viafoura-twig-component\" id=\"viafoura-engagement-starter-wrapper\" data-component-name=\"Elk:Embed:EngagementStarter\">\n<div class=\"viafoura\">\n<div>\n<vf-conversation-starter target=\"viafoura-comments\" title=\"Would you decorate with burgundy in your kitchen?\" description=\"How would you style around it?\" minimum-comment-count=\"5\"><br \/>\n<\/vf-conversation-starter>\n<\/div>\n<\/div>\n<\/div>\n<\/div>\n<p><script async src=\"\/\/www.instagram.com\/embed.js\"><\/script><\/p>\n","protected":false},"excerpt":{"rendered":"<p>Sie haben wahrscheinlich bemerkt, dass Rot \u00fcberall ist in letzter Zeit. Es ist fast eineinhalb Jahre her, seit die &#8222;unerwartete rote Theorie&#8220; unsere Social -Media<\/p>\n","protected":false},"author":1,"featured_media":8104,"comment_status":"closed","ping_status":"","sticky":false,"template":"","format":"standard","meta":{"footnotes":""},"categories":[118],"tags":[9,6253,3054,468,7383,21],"class_list":["post-8103","post","type-post","status-publish","format-standard","has-post-thumbnail","hentry","category-haus-garten","tag-die","tag-hart","tag-kevin","tag-kueche","tag-verfuegt","tag-von","generate-columns","tablet-grid-50","mobile-grid-100","grid-parent","grid-50"],"yoast_head":"<!-- This site is optimized with the Yoast SEO plugin v27.3 - https:\/\/yoast.com\/product\/yoast-seo-wordpress\/ -->\n<title>Die K\u00fcche von Kevin Hart verf\u00fcgt - Nachrichten - Stra\u00dfenweb<\/title>\n<meta name=\"robots\" content=\"index, follow, max-snippet:-1, max-image-preview:large, max-video-preview:-1\" \/>\n<link rel=\"canonical\" href=\"https:\/\/www.strassenweb.de\/nachrichten\/die-kueche-von-kevin-hart-verfuegt\/\" \/>\n<meta property=\"og:locale\" content=\"de_DE\" \/>\n<meta property=\"og:type\" content=\"article\" \/>\n<meta property=\"og:title\" content=\"Die K\u00fcche von Kevin Hart verf\u00fcgt - Nachrichten - Stra\u00dfenweb\" \/>\n<meta property=\"og:description\" content=\"Sie haben wahrscheinlich bemerkt, dass Rot \u00fcberall ist in letzter Zeit. Es ist fast eineinhalb Jahre her, seit die &#8222;unerwartete rote Theorie&#8220; unsere Social -Media\" \/>\n<meta property=\"og:url\" content=\"https:\/\/www.strassenweb.de\/nachrichten\/die-kueche-von-kevin-hart-verfuegt\/\" \/>\n<meta property=\"og:site_name\" content=\"Stra\u00dfenweb\" \/>\n<meta property=\"article:publisher\" content=\"https:\/\/www.facebook.com\/strassenweb\/\" \/>\n<meta property=\"article:published_time\" content=\"2025-09-30T14:41:40+00:00\" \/>\n<meta property=\"article:modified_time\" content=\"2025-09-30T14:41:41+00:00\" \/>\n<meta property=\"og:image\" content=\"https:\/\/www.strassenweb.de\/nachrichten\/wp-content\/uploads\/2025\/09\/Die-Kueche-von-Kevin-Hart-verfuegt.jpg\" \/>\n\t<meta property=\"og:image:width\" content=\"1600\" \/>\n\t<meta property=\"og:image:height\" content=\"900\" \/>\n\t<meta property=\"og:image:type\" content=\"image\/jpeg\" \/>\n<meta name=\"author\" content=\"Robert Hoffmann\" \/>\n<meta name=\"twitter:card\" content=\"summary_large_image\" \/>\n<meta name=\"twitter:label1\" content=\"Verfasst von\" \/>\n\t<meta name=\"twitter:data1\" content=\"Robert Hoffmann\" \/>\n\t<meta name=\"twitter:label2\" content=\"Gesch\u00e4tzte Lesezeit\" \/>\n\t<meta name=\"twitter:data2\" content=\"2\u00a0Minuten\" \/>\n<script type=\"application\/ld+json\" class=\"yoast-schema-graph\">{\"@context\":\"https:\\\/\\\/schema.org\",\"@graph\":[{\"@type\":\"Article\",\"@id\":\"https:\\\/\\\/www.strassenweb.de\\\/nachrichten\\\/die-kueche-von-kevin-hart-verfuegt\\\/#article\",\"isPartOf\":{\"@id\":\"https:\\\/\\\/www.strassenweb.de\\\/nachrichten\\\/die-kueche-von-kevin-hart-verfuegt\\\/\"},\"author\":{\"name\":\"Robert Hoffmann\",\"@id\":\"https:\\\/\\\/www.strassenweb.de\\\/nachrichten\\\/#\\\/schema\\\/person\\\/87c9c9067f1211da429a744dc5a5aa41\"},\"headline\":\"Die K\u00fcche von Kevin Hart verf\u00fcgt\",\"datePublished\":\"2025-09-30T14:41:40+00:00\",\"dateModified\":\"2025-09-30T14:41:41+00:00\",\"mainEntityOfPage\":{\"@id\":\"https:\\\/\\\/www.strassenweb.de\\\/nachrichten\\\/die-kueche-von-kevin-hart-verfuegt\\\/\"},\"wordCount\":383,\"publisher\":{\"@id\":\"https:\\\/\\\/www.strassenweb.de\\\/nachrichten\\\/#organization\"},\"image\":{\"@id\":\"https:\\\/\\\/www.strassenweb.de\\\/nachrichten\\\/die-kueche-von-kevin-hart-verfuegt\\\/#primaryimage\"},\"thumbnailUrl\":\"https:\\\/\\\/www.strassenweb.de\\\/nachrichten\\\/wp-content\\\/uploads\\\/2025\\\/09\\\/Die-Kueche-von-Kevin-Hart-verfuegt.jpg\",\"keywords\":[\"die\",\"hart\",\"Kevin\",\"K\u00fcche\",\"verf\u00fcgt\",\"von\"],\"articleSection\":[\"Haus &amp; Garten\"],\"inLanguage\":\"de\"},{\"@type\":\"WebPage\",\"@id\":\"https:\\\/\\\/www.strassenweb.de\\\/nachrichten\\\/die-kueche-von-kevin-hart-verfuegt\\\/\",\"url\":\"https:\\\/\\\/www.strassenweb.de\\\/nachrichten\\\/die-kueche-von-kevin-hart-verfuegt\\\/\",\"name\":\"Die K\u00fcche von Kevin Hart verf\u00fcgt - Nachrichten - Stra\u00dfenweb\",\"isPartOf\":{\"@id\":\"https:\\\/\\\/www.strassenweb.de\\\/nachrichten\\\/#website\"},\"primaryImageOfPage\":{\"@id\":\"https:\\\/\\\/www.strassenweb.de\\\/nachrichten\\\/die-kueche-von-kevin-hart-verfuegt\\\/#primaryimage\"},\"image\":{\"@id\":\"https:\\\/\\\/www.strassenweb.de\\\/nachrichten\\\/die-kueche-von-kevin-hart-verfuegt\\\/#primaryimage\"},\"thumbnailUrl\":\"https:\\\/\\\/www.strassenweb.de\\\/nachrichten\\\/wp-content\\\/uploads\\\/2025\\\/09\\\/Die-Kueche-von-Kevin-Hart-verfuegt.jpg\",\"datePublished\":\"2025-09-30T14:41:40+00:00\",\"dateModified\":\"2025-09-30T14:41:41+00:00\",\"breadcrumb\":{\"@id\":\"https:\\\/\\\/www.strassenweb.de\\\/nachrichten\\\/die-kueche-von-kevin-hart-verfuegt\\\/#breadcrumb\"},\"inLanguage\":\"de\",\"potentialAction\":[{\"@type\":\"ReadAction\",\"target\":[\"https:\\\/\\\/www.strassenweb.de\\\/nachrichten\\\/die-kueche-von-kevin-hart-verfuegt\\\/\"]}]},{\"@type\":\"ImageObject\",\"inLanguage\":\"de\",\"@id\":\"https:\\\/\\\/www.strassenweb.de\\\/nachrichten\\\/die-kueche-von-kevin-hart-verfuegt\\\/#primaryimage\",\"url\":\"https:\\\/\\\/www.strassenweb.de\\\/nachrichten\\\/wp-content\\\/uploads\\\/2025\\\/09\\\/Die-Kueche-von-Kevin-Hart-verfuegt.jpg\",\"contentUrl\":\"https:\\\/\\\/www.strassenweb.de\\\/nachrichten\\\/wp-content\\\/uploads\\\/2025\\\/09\\\/Die-Kueche-von-Kevin-Hart-verfuegt.jpg\",\"width\":1600,\"height\":900,\"caption\":\"kevin hart on a light blue background\"},{\"@type\":\"BreadcrumbList\",\"@id\":\"https:\\\/\\\/www.strassenweb.de\\\/nachrichten\\\/die-kueche-von-kevin-hart-verfuegt\\\/#breadcrumb\",\"itemListElement\":[{\"@type\":\"ListItem\",\"position\":1,\"name\":\"Home\",\"item\":\"https:\\\/\\\/www.strassenweb.de\\\/nachrichten\\\/\"},{\"@type\":\"ListItem\",\"position\":2,\"name\":\"Die K\u00fcche von Kevin Hart verf\u00fcgt\"}]},{\"@type\":\"WebSite\",\"@id\":\"https:\\\/\\\/www.strassenweb.de\\\/nachrichten\\\/#website\",\"url\":\"https:\\\/\\\/www.strassenweb.de\\\/nachrichten\\\/\",\"name\":\"Stra\u00dfenweb\",\"description\":\"Stra\u00dfenverzeichnis f\u00fcr Deutschland\",\"publisher\":{\"@id\":\"https:\\\/\\\/www.strassenweb.de\\\/nachrichten\\\/#organization\"},\"potentialAction\":[{\"@type\":\"SearchAction\",\"target\":{\"@type\":\"EntryPoint\",\"urlTemplate\":\"https:\\\/\\\/www.strassenweb.de\\\/nachrichten\\\/?s={search_term_string}\"},\"query-input\":{\"@type\":\"PropertyValueSpecification\",\"valueRequired\":true,\"valueName\":\"search_term_string\"}}],\"inLanguage\":\"de\"},{\"@type\":\"Organization\",\"@id\":\"https:\\\/\\\/www.strassenweb.de\\\/nachrichten\\\/#organization\",\"name\":\"Stra\u00dfenweb\",\"url\":\"https:\\\/\\\/www.strassenweb.de\\\/nachrichten\\\/\",\"logo\":{\"@type\":\"ImageObject\",\"inLanguage\":\"de\",\"@id\":\"https:\\\/\\\/www.strassenweb.de\\\/nachrichten\\\/#\\\/schema\\\/logo\\\/image\\\/\",\"url\":\"https:\\\/\\\/www.strassenweb.de\\\/nachrichten\\\/wp-content\\\/uploads\\\/2024\\\/09\\\/cropped-favicon.png\",\"contentUrl\":\"https:\\\/\\\/www.strassenweb.de\\\/nachrichten\\\/wp-content\\\/uploads\\\/2024\\\/09\\\/cropped-favicon.png\",\"width\":512,\"height\":512,\"caption\":\"Stra\u00dfenweb\"},\"image\":{\"@id\":\"https:\\\/\\\/www.strassenweb.de\\\/nachrichten\\\/#\\\/schema\\\/logo\\\/image\\\/\"},\"sameAs\":[\"https:\\\/\\\/www.facebook.com\\\/strassenweb\\\/\"]},{\"@type\":\"Person\",\"@id\":\"https:\\\/\\\/www.strassenweb.de\\\/nachrichten\\\/#\\\/schema\\\/person\\\/87c9c9067f1211da429a744dc5a5aa41\",\"name\":\"Robert Hoffmann\",\"image\":{\"@type\":\"ImageObject\",\"inLanguage\":\"de\",\"@id\":\"https:\\\/\\\/www.strassenweb.de\\\/nachrichten\\\/wp-content\\\/uploads\\\/2024\\\/09\\\/strassenweb-150x150.jpg\",\"url\":\"https:\\\/\\\/www.strassenweb.de\\\/nachrichten\\\/wp-content\\\/uploads\\\/2024\\\/09\\\/strassenweb-150x150.jpg\",\"contentUrl\":\"https:\\\/\\\/www.strassenweb.de\\\/nachrichten\\\/wp-content\\\/uploads\\\/2024\\\/09\\\/strassenweb-150x150.jpg\",\"caption\":\"Robert Hoffmann\"},\"description\":\"Ich hei\u00dfe Robert Hoffmann und ich bin ein leidenschaftlicher Verfechter von \u00d6kologie und Biodiversit\u00e4t. Seit meiner Kindheit in den W\u00e4ldern Bayerns f\u00fchle ich mich mit der Natur verbunden und bin entschlossen, sie zu sch\u00fctzen. Heute widme ich mein Leben der Sensibilisierung anderer f\u00fcr die Bedeutung des Umweltschutzes f\u00fcr zuk\u00fcnftige Generationen.\",\"sameAs\":[\"https:\\\/\\\/www.strassenweb.de\\\/\"]}]}<\/script>\n<!-- \/ Yoast SEO plugin. -->","yoast_head_json":{"title":"Die K\u00fcche von Kevin Hart verf\u00fcgt - Nachrichten - Stra\u00dfenweb","robots":{"index":"index","follow":"follow","max-snippet":"max-snippet:-1","max-image-preview":"max-image-preview:large","max-video-preview":"max-video-preview:-1"},"canonical":"https:\/\/www.strassenweb.de\/nachrichten\/die-kueche-von-kevin-hart-verfuegt\/","og_locale":"de_DE","og_type":"article","og_title":"Die K\u00fcche von Kevin Hart verf\u00fcgt - Nachrichten - Stra\u00dfenweb","og_description":"Sie haben wahrscheinlich bemerkt, dass Rot \u00fcberall ist in letzter Zeit. Es ist fast eineinhalb Jahre her, seit die &#8222;unerwartete rote Theorie&#8220; unsere Social -Media","og_url":"https:\/\/www.strassenweb.de\/nachrichten\/die-kueche-von-kevin-hart-verfuegt\/","og_site_name":"Stra\u00dfenweb","article_publisher":"https:\/\/www.facebook.com\/strassenweb\/","article_published_time":"2025-09-30T14:41:40+00:00","article_modified_time":"2025-09-30T14:41:41+00:00","og_image":[{"width":1600,"height":900,"url":"https:\/\/www.strassenweb.de\/nachrichten\/wp-content\/uploads\/2025\/09\/Die-Kueche-von-Kevin-Hart-verfuegt.jpg","type":"image\/jpeg"}],"author":"Robert Hoffmann","twitter_card":"summary_large_image","twitter_misc":{"Verfasst von":"Robert Hoffmann","Gesch\u00e4tzte Lesezeit":"2\u00a0Minuten"},"schema":{"@context":"https:\/\/schema.org","@graph":[{"@type":"Article","@id":"https:\/\/www.strassenweb.de\/nachrichten\/die-kueche-von-kevin-hart-verfuegt\/#article","isPartOf":{"@id":"https:\/\/www.strassenweb.de\/nachrichten\/die-kueche-von-kevin-hart-verfuegt\/"},"author":{"name":"Robert Hoffmann","@id":"https:\/\/www.strassenweb.de\/nachrichten\/#\/schema\/person\/87c9c9067f1211da429a744dc5a5aa41"},"headline":"Die K\u00fcche von Kevin Hart verf\u00fcgt","datePublished":"2025-09-30T14:41:40+00:00","dateModified":"2025-09-30T14:41:41+00:00","mainEntityOfPage":{"@id":"https:\/\/www.strassenweb.de\/nachrichten\/die-kueche-von-kevin-hart-verfuegt\/"},"wordCount":383,"publisher":{"@id":"https:\/\/www.strassenweb.de\/nachrichten\/#organization"},"image":{"@id":"https:\/\/www.strassenweb.de\/nachrichten\/die-kueche-von-kevin-hart-verfuegt\/#primaryimage"},"thumbnailUrl":"https:\/\/www.strassenweb.de\/nachrichten\/wp-content\/uploads\/2025\/09\/Die-Kueche-von-Kevin-Hart-verfuegt.jpg","keywords":["die","hart","Kevin","K\u00fcche","verf\u00fcgt","von"],"articleSection":["Haus &amp; Garten"],"inLanguage":"de"},{"@type":"WebPage","@id":"https:\/\/www.strassenweb.de\/nachrichten\/die-kueche-von-kevin-hart-verfuegt\/","url":"https:\/\/www.strassenweb.de\/nachrichten\/die-kueche-von-kevin-hart-verfuegt\/","name":"Die K\u00fcche von Kevin Hart verf\u00fcgt - Nachrichten - Stra\u00dfenweb","isPartOf":{"@id":"https:\/\/www.strassenweb.de\/nachrichten\/#website"},"primaryImageOfPage":{"@id":"https:\/\/www.strassenweb.de\/nachrichten\/die-kueche-von-kevin-hart-verfuegt\/#primaryimage"},"image":{"@id":"https:\/\/www.strassenweb.de\/nachrichten\/die-kueche-von-kevin-hart-verfuegt\/#primaryimage"},"thumbnailUrl":"https:\/\/www.strassenweb.de\/nachrichten\/wp-content\/uploads\/2025\/09\/Die-Kueche-von-Kevin-Hart-verfuegt.jpg","datePublished":"2025-09-30T14:41:40+00:00","dateModified":"2025-09-30T14:41:41+00:00","breadcrumb":{"@id":"https:\/\/www.strassenweb.de\/nachrichten\/die-kueche-von-kevin-hart-verfuegt\/#breadcrumb"},"inLanguage":"de","potentialAction":[{"@type":"ReadAction","target":["https:\/\/www.strassenweb.de\/nachrichten\/die-kueche-von-kevin-hart-verfuegt\/"]}]},{"@type":"ImageObject","inLanguage":"de","@id":"https:\/\/www.strassenweb.de\/nachrichten\/die-kueche-von-kevin-hart-verfuegt\/#primaryimage","url":"https:\/\/www.strassenweb.de\/nachrichten\/wp-content\/uploads\/2025\/09\/Die-Kueche-von-Kevin-Hart-verfuegt.jpg","contentUrl":"https:\/\/www.strassenweb.de\/nachrichten\/wp-content\/uploads\/2025\/09\/Die-Kueche-von-Kevin-Hart-verfuegt.jpg","width":1600,"height":900,"caption":"kevin hart on a light blue background"},{"@type":"BreadcrumbList","@id":"https:\/\/www.strassenweb.de\/nachrichten\/die-kueche-von-kevin-hart-verfuegt\/#breadcrumb","itemListElement":[{"@type":"ListItem","position":1,"name":"Home","item":"https:\/\/www.strassenweb.de\/nachrichten\/"},{"@type":"ListItem","position":2,"name":"Die K\u00fcche von Kevin Hart verf\u00fcgt"}]},{"@type":"WebSite","@id":"https:\/\/www.strassenweb.de\/nachrichten\/#website","url":"https:\/\/www.strassenweb.de\/nachrichten\/","name":"Stra\u00dfenweb","description":"Stra\u00dfenverzeichnis f\u00fcr Deutschland","publisher":{"@id":"https:\/\/www.strassenweb.de\/nachrichten\/#organization"},"potentialAction":[{"@type":"SearchAction","target":{"@type":"EntryPoint","urlTemplate":"https:\/\/www.strassenweb.de\/nachrichten\/?s={search_term_string}"},"query-input":{"@type":"PropertyValueSpecification","valueRequired":true,"valueName":"search_term_string"}}],"inLanguage":"de"},{"@type":"Organization","@id":"https:\/\/www.strassenweb.de\/nachrichten\/#organization","name":"Stra\u00dfenweb","url":"https:\/\/www.strassenweb.de\/nachrichten\/","logo":{"@type":"ImageObject","inLanguage":"de","@id":"https:\/\/www.strassenweb.de\/nachrichten\/#\/schema\/logo\/image\/","url":"https:\/\/www.strassenweb.de\/nachrichten\/wp-content\/uploads\/2024\/09\/cropped-favicon.png","contentUrl":"https:\/\/www.strassenweb.de\/nachrichten\/wp-content\/uploads\/2024\/09\/cropped-favicon.png","width":512,"height":512,"caption":"Stra\u00dfenweb"},"image":{"@id":"https:\/\/www.strassenweb.de\/nachrichten\/#\/schema\/logo\/image\/"},"sameAs":["https:\/\/www.facebook.com\/strassenweb\/"]},{"@type":"Person","@id":"https:\/\/www.strassenweb.de\/nachrichten\/#\/schema\/person\/87c9c9067f1211da429a744dc5a5aa41","name":"Robert Hoffmann","image":{"@type":"ImageObject","inLanguage":"de","@id":"https:\/\/www.strassenweb.de\/nachrichten\/wp-content\/uploads\/2024\/09\/strassenweb-150x150.jpg","url":"https:\/\/www.strassenweb.de\/nachrichten\/wp-content\/uploads\/2024\/09\/strassenweb-150x150.jpg","contentUrl":"https:\/\/www.strassenweb.de\/nachrichten\/wp-content\/uploads\/2024\/09\/strassenweb-150x150.jpg","caption":"Robert Hoffmann"},"description":"Ich hei\u00dfe Robert Hoffmann und ich bin ein leidenschaftlicher Verfechter von \u00d6kologie und Biodiversit\u00e4t. Seit meiner Kindheit in den W\u00e4ldern Bayerns f\u00fchle ich mich mit der Natur verbunden und bin entschlossen, sie zu sch\u00fctzen. Heute widme ich mein Leben der Sensibilisierung anderer f\u00fcr die Bedeutung des Umweltschutzes f\u00fcr zuk\u00fcnftige Generationen.","sameAs":["https:\/\/www.strassenweb.de\/"]}]}},"_links":{"self":[{"href":"https:\/\/www.strassenweb.de\/nachrichten\/wp-json\/wp\/v2\/posts\/8103","targetHints":{"allow":["GET"]}}],"collection":[{"href":"https:\/\/www.strassenweb.de\/nachrichten\/wp-json\/wp\/v2\/posts"}],"about":[{"href":"https:\/\/www.strassenweb.de\/nachrichten\/wp-json\/wp\/v2\/types\/post"}],"author":[{"embeddable":true,"href":"https:\/\/www.strassenweb.de\/nachrichten\/wp-json\/wp\/v2\/users\/1"}],"replies":[{"embeddable":true,"href":"https:\/\/www.strassenweb.de\/nachrichten\/wp-json\/wp\/v2\/comments?post=8103"}],"version-history":[{"count":0,"href":"https:\/\/www.strassenweb.de\/nachrichten\/wp-json\/wp\/v2\/posts\/8103\/revisions"}],"wp:featuredmedia":[{"embeddable":true,"href":"https:\/\/www.strassenweb.de\/nachrichten\/wp-json\/wp\/v2\/media\/8104"}],"wp:attachment":[{"href":"https:\/\/www.strassenweb.de\/nachrichten\/wp-json\/wp\/v2\/media?parent=8103"}],"wp:term":[{"taxonomy":"category","embeddable":true,"href":"https:\/\/www.strassenweb.de\/nachrichten\/wp-json\/wp\/v2\/categories?post=8103"},{"taxonomy":"post_tag","embeddable":true,"href":"https:\/\/www.strassenweb.de\/nachrichten\/wp-json\/wp\/v2\/tags?post=8103"}],"curies":[{"name":"wp","href":"https:\/\/api.w.org\/{rel}","templated":true}]}}