{"id":8100,"date":"2025-09-30T13:41:02","date_gmt":"2025-09-30T11:41:02","guid":{"rendered":"https:\/\/www.strassenweb.de\/nachrichten\/rattan-ist-das-material-des-moment\/"},"modified":"2025-09-30T13:41:03","modified_gmt":"2025-09-30T11:41:03","slug":"rattan-ist-das-material-des-moment","status":"publish","type":"post","link":"https:\/\/www.strassenweb.de\/nachrichten\/rattan-ist-das-material-des-moment\/","title":{"rendered":"Rattan ist das Material des Moment"},"content":{"rendered":"<p><\/p>\n<div id=\"article-body\" class=\"article__body \">\n<p id=\"1a111f8a-dd08-47ea-a457-eb8ce6299a4a\">Rattan, einst nach seiner Allgegenwart im K\u00fcsteninnenraum und nur f\u00fcr die Ozean-Wohnung vorbehalten, ist jetzt das Material des Augenblicks und erobert die Innenraumwelt im Sturm-und niemand macht Rattan Decor und M\u00f6bel so gut wie die geliebte britische Marke Neptun.<\/p>\n<div id=\"ad-unit-1\" class=\"ad-unit\"><\/div>\n<p>Wenn dies Ihr erster Ausflug in das Rattan -Dekor ist und Sie nach geschmackvollen Dekorationsideen von Rattan suchen, liegt der Schl\u00fcssel in der Priorisierung der Qualit\u00e4t gegen\u00fcber Quantit\u00e4t. Es ist klar, dass ich mich nicht \u00fcber Rattans verf\u00fchrerische strukturelle Anziehungskraft rhapsodieren muss, aber es ist erw\u00e4hnenswert, dass ein Raum mit nur einem Detail von Rattan eine ganz neue strukturelle Dimension aufnimmt und das Erscheinungsbild eines Raums massiv verbessern kann.<\/p>\n<p>W\u00e4hrend ein Raumschokoladen von Rattan ziemlich wunderbar klingt, insbesondere f\u00fcr die Maximalisten unter uns, ist es wirklich nur ein kleines St\u00fcck, das die Dimension eines Raums nicht mehr flach und schlaff bis sich taktil und geschichtet ver\u00e4ndert. Neptun hat dies verstanden, und alle ihre Rattan-St\u00fccke f\u00fchlen sich langlebig, au\u00dfergew\u00f6hnlich gut gemacht und zeitlos.<\/p>\n<div class=\"van_vid_carousel\">\n<div class=\"van_vid_carousel__padding\">\n<div class=\"van_vid_carousel__container\"><\/div>\n<\/div>\n<\/div>\n<figure class=\"van-image-figure inline-layout \" data-bordeaux-image-check id=\"ce120518-4260-4020-82bb-55d422cf8dcb\">\n<div class=\"image-full-width-wrapper\">\n<div class=\"image-widthsetter\" style=\"max-width:2000px;\"><\/div>\n<\/div>\n<\/figure>\n<h2 id=\"shop-our-top-rattan-picks-from-neptune-3\">Kaufen Sie unsere Top -Rattan -Picks von Neptune ein<\/h2>\n<div class=\"product-container hero-product-container product-block-no-wrap\">\n<div class=\"product-block-row\"><\/div>\n<div class=\"product-block-row\"><\/div>\n<div class=\"product-block-row\"><\/div>\n<div class=\"product-block-row\"><\/div>\n<div class=\"product-block-row\"><\/div>\n<div class=\"product-block-row\"><\/div>\n<div class=\"product-block-row\"><\/div>\n<div class=\"product-block-row\"><\/div>\n<div class=\"product-block-row\"><\/div>\n<\/div>\n<hr id=\"22927694-d639-469b-bd2d-36fd1c05e8df\">\n<aside data-block-type=\"embed\" data-render-type=\"fte\" data-skip=\"dealsy\" data-widget-type=\"seasonal\" class=\"hawk-root\"><\/aside>\n<p id=\"8026a620-d7b3-438a-99d1-cdbdeca81486-0\">Viele von uns betrachten Rattan als eines dieser Materialien, das sich h\u00e4ufig im subtilen \u00dcbergang zwischen \u00c4u\u00dferen und Innenr\u00e4umen befindet, oft in G\u00e4rten, Konservatorien, Gartenzimmern, Sommerh\u00e4usern und jetzt h\u00e4ufiger auch drinnen. Und w\u00e4hrend Neptune einige der hervorragendsten Allwetter-Gartenm\u00f6bel f\u00fcr den n\u00e4chsten Sommer f\u00fcr Ihre Wunschliste f\u00fcr den n\u00e4chsten Sommer hat, sollten ich mich f\u00fcr ihre gem\u00fctlichen, herbstlichen, honigfarbenen Innenausstattungen entscheiden, wo ich mich daf\u00fcr entscheiden w\u00fcrde, in dieses vielseitige und angenehm taktile Material zu investieren.<\/p>\n<div id=\"ad-unit-2\" class=\"ad-unit\"><\/div>\n<div id=\"slice-container-newsletterForm-articleInbodyContent-MJ2RADBzLNH2292p2jtQeb\" class=\"slice-container newsletter-inbodyContent-slice newsletterForm-articleInbodyContent-MJ2RADBzLNH2292p2jtQeb slice-container-newsletterForm\"><\/div>\n<\/div>\n","protected":false},"excerpt":{"rendered":"<p>Rattan, einst nach seiner Allgegenwart im K\u00fcsteninnenraum und nur f\u00fcr die Ozean-Wohnung vorbehalten, ist jetzt das Material des Augenblicks und erobert die Innenraumwelt im Sturm-und<\/p>\n","protected":false},"author":1,"featured_media":8101,"comment_status":"closed","ping_status":"","sticky":false,"template":"","format":"standard","meta":{"footnotes":""},"categories":[118],"tags":[112,281,15,1890,10448,8649],"class_list":["post-8100","post","type-post","status-publish","format-standard","has-post-thumbnail","hentry","category-haus-garten","tag-das","tag-des","tag-ist","tag-material","tag-moment","tag-rattan","generate-columns","tablet-grid-50","mobile-grid-100","grid-parent","grid-50"],"yoast_head":"<!-- This site is optimized with the Yoast SEO plugin v27.3 - https:\/\/yoast.com\/product\/yoast-seo-wordpress\/ -->\n<title>Rattan ist das Material des Moment - Nachrichten - Stra\u00dfenweb<\/title>\n<meta name=\"robots\" content=\"index, follow, max-snippet:-1, max-image-preview:large, max-video-preview:-1\" \/>\n<link rel=\"canonical\" href=\"https:\/\/www.strassenweb.de\/nachrichten\/rattan-ist-das-material-des-moment\/\" \/>\n<meta property=\"og:locale\" content=\"de_DE\" \/>\n<meta property=\"og:type\" content=\"article\" \/>\n<meta property=\"og:title\" content=\"Rattan ist das Material des Moment - Nachrichten - Stra\u00dfenweb\" \/>\n<meta property=\"og:description\" content=\"Rattan, einst nach seiner Allgegenwart im K\u00fcsteninnenraum und nur f\u00fcr die Ozean-Wohnung vorbehalten, ist jetzt das Material des Augenblicks und erobert die Innenraumwelt im Sturm-und\" \/>\n<meta property=\"og:url\" content=\"https:\/\/www.strassenweb.de\/nachrichten\/rattan-ist-das-material-des-moment\/\" \/>\n<meta property=\"og:site_name\" content=\"Stra\u00dfenweb\" \/>\n<meta property=\"article:publisher\" content=\"https:\/\/www.facebook.com\/strassenweb\/\" \/>\n<meta property=\"article:published_time\" content=\"2025-09-30T11:41:02+00:00\" \/>\n<meta property=\"article:modified_time\" content=\"2025-09-30T11:41:03+00:00\" \/>\n<meta property=\"og:image\" content=\"https:\/\/www.strassenweb.de\/nachrichten\/wp-content\/uploads\/2025\/09\/Rattan-ist-das-Material-des-Moment.jpg\" \/>\n\t<meta property=\"og:image:width\" content=\"1920\" \/>\n\t<meta property=\"og:image:height\" content=\"1080\" \/>\n\t<meta property=\"og:image:type\" content=\"image\/jpeg\" \/>\n<meta name=\"author\" content=\"Robert Hoffmann\" \/>\n<meta name=\"twitter:card\" content=\"summary_large_image\" \/>\n<meta name=\"twitter:label1\" content=\"Verfasst von\" \/>\n\t<meta name=\"twitter:data1\" content=\"Robert Hoffmann\" \/>\n\t<meta name=\"twitter:label2\" content=\"Gesch\u00e4tzte Lesezeit\" \/>\n\t<meta name=\"twitter:data2\" content=\"1\u00a0Minute\" \/>\n<script type=\"application\/ld+json\" class=\"yoast-schema-graph\">{\"@context\":\"https:\\\/\\\/schema.org\",\"@graph\":[{\"@type\":\"Article\",\"@id\":\"https:\\\/\\\/www.strassenweb.de\\\/nachrichten\\\/rattan-ist-das-material-des-moment\\\/#article\",\"isPartOf\":{\"@id\":\"https:\\\/\\\/www.strassenweb.de\\\/nachrichten\\\/rattan-ist-das-material-des-moment\\\/\"},\"author\":{\"name\":\"Robert Hoffmann\",\"@id\":\"https:\\\/\\\/www.strassenweb.de\\\/nachrichten\\\/#\\\/schema\\\/person\\\/87c9c9067f1211da429a744dc5a5aa41\"},\"headline\":\"Rattan ist das Material des Moment\",\"datePublished\":\"2025-09-30T11:41:02+00:00\",\"dateModified\":\"2025-09-30T11:41:03+00:00\",\"mainEntityOfPage\":{\"@id\":\"https:\\\/\\\/www.strassenweb.de\\\/nachrichten\\\/rattan-ist-das-material-des-moment\\\/\"},\"wordCount\":285,\"publisher\":{\"@id\":\"https:\\\/\\\/www.strassenweb.de\\\/nachrichten\\\/#organization\"},\"image\":{\"@id\":\"https:\\\/\\\/www.strassenweb.de\\\/nachrichten\\\/rattan-ist-das-material-des-moment\\\/#primaryimage\"},\"thumbnailUrl\":\"https:\\\/\\\/www.strassenweb.de\\\/nachrichten\\\/wp-content\\\/uploads\\\/2025\\\/09\\\/Rattan-ist-das-Material-des-Moment.jpg\",\"keywords\":[\"das\",\"des\",\"ist\",\"Material\",\"Moment\",\"Rattan\"],\"articleSection\":[\"Haus &amp; Garten\"],\"inLanguage\":\"de\"},{\"@type\":\"WebPage\",\"@id\":\"https:\\\/\\\/www.strassenweb.de\\\/nachrichten\\\/rattan-ist-das-material-des-moment\\\/\",\"url\":\"https:\\\/\\\/www.strassenweb.de\\\/nachrichten\\\/rattan-ist-das-material-des-moment\\\/\",\"name\":\"Rattan ist das Material des Moment - Nachrichten - Stra\u00dfenweb\",\"isPartOf\":{\"@id\":\"https:\\\/\\\/www.strassenweb.de\\\/nachrichten\\\/#website\"},\"primaryImageOfPage\":{\"@id\":\"https:\\\/\\\/www.strassenweb.de\\\/nachrichten\\\/rattan-ist-das-material-des-moment\\\/#primaryimage\"},\"image\":{\"@id\":\"https:\\\/\\\/www.strassenweb.de\\\/nachrichten\\\/rattan-ist-das-material-des-moment\\\/#primaryimage\"},\"thumbnailUrl\":\"https:\\\/\\\/www.strassenweb.de\\\/nachrichten\\\/wp-content\\\/uploads\\\/2025\\\/09\\\/Rattan-ist-das-Material-des-Moment.jpg\",\"datePublished\":\"2025-09-30T11:41:02+00:00\",\"dateModified\":\"2025-09-30T11:41:03+00:00\",\"breadcrumb\":{\"@id\":\"https:\\\/\\\/www.strassenweb.de\\\/nachrichten\\\/rattan-ist-das-material-des-moment\\\/#breadcrumb\"},\"inLanguage\":\"de\",\"potentialAction\":[{\"@type\":\"ReadAction\",\"target\":[\"https:\\\/\\\/www.strassenweb.de\\\/nachrichten\\\/rattan-ist-das-material-des-moment\\\/\"]}]},{\"@type\":\"ImageObject\",\"inLanguage\":\"de\",\"@id\":\"https:\\\/\\\/www.strassenweb.de\\\/nachrichten\\\/rattan-ist-das-material-des-moment\\\/#primaryimage\",\"url\":\"https:\\\/\\\/www.strassenweb.de\\\/nachrichten\\\/wp-content\\\/uploads\\\/2025\\\/09\\\/Rattan-ist-das-Material-des-Moment.jpg\",\"contentUrl\":\"https:\\\/\\\/www.strassenweb.de\\\/nachrichten\\\/wp-content\\\/uploads\\\/2025\\\/09\\\/Rattan-ist-das-Material-des-Moment.jpg\",\"width\":1920,\"height\":1080,\"caption\":\"Neutral kitchen with rattan lighting\"},{\"@type\":\"BreadcrumbList\",\"@id\":\"https:\\\/\\\/www.strassenweb.de\\\/nachrichten\\\/rattan-ist-das-material-des-moment\\\/#breadcrumb\",\"itemListElement\":[{\"@type\":\"ListItem\",\"position\":1,\"name\":\"Home\",\"item\":\"https:\\\/\\\/www.strassenweb.de\\\/nachrichten\\\/\"},{\"@type\":\"ListItem\",\"position\":2,\"name\":\"Rattan ist das Material des Moment\"}]},{\"@type\":\"WebSite\",\"@id\":\"https:\\\/\\\/www.strassenweb.de\\\/nachrichten\\\/#website\",\"url\":\"https:\\\/\\\/www.strassenweb.de\\\/nachrichten\\\/\",\"name\":\"Stra\u00dfenweb\",\"description\":\"Stra\u00dfenverzeichnis f\u00fcr Deutschland\",\"publisher\":{\"@id\":\"https:\\\/\\\/www.strassenweb.de\\\/nachrichten\\\/#organization\"},\"potentialAction\":[{\"@type\":\"SearchAction\",\"target\":{\"@type\":\"EntryPoint\",\"urlTemplate\":\"https:\\\/\\\/www.strassenweb.de\\\/nachrichten\\\/?s={search_term_string}\"},\"query-input\":{\"@type\":\"PropertyValueSpecification\",\"valueRequired\":true,\"valueName\":\"search_term_string\"}}],\"inLanguage\":\"de\"},{\"@type\":\"Organization\",\"@id\":\"https:\\\/\\\/www.strassenweb.de\\\/nachrichten\\\/#organization\",\"name\":\"Stra\u00dfenweb\",\"url\":\"https:\\\/\\\/www.strassenweb.de\\\/nachrichten\\\/\",\"logo\":{\"@type\":\"ImageObject\",\"inLanguage\":\"de\",\"@id\":\"https:\\\/\\\/www.strassenweb.de\\\/nachrichten\\\/#\\\/schema\\\/logo\\\/image\\\/\",\"url\":\"https:\\\/\\\/www.strassenweb.de\\\/nachrichten\\\/wp-content\\\/uploads\\\/2024\\\/09\\\/cropped-favicon.png\",\"contentUrl\":\"https:\\\/\\\/www.strassenweb.de\\\/nachrichten\\\/wp-content\\\/uploads\\\/2024\\\/09\\\/cropped-favicon.png\",\"width\":512,\"height\":512,\"caption\":\"Stra\u00dfenweb\"},\"image\":{\"@id\":\"https:\\\/\\\/www.strassenweb.de\\\/nachrichten\\\/#\\\/schema\\\/logo\\\/image\\\/\"},\"sameAs\":[\"https:\\\/\\\/www.facebook.com\\\/strassenweb\\\/\"]},{\"@type\":\"Person\",\"@id\":\"https:\\\/\\\/www.strassenweb.de\\\/nachrichten\\\/#\\\/schema\\\/person\\\/87c9c9067f1211da429a744dc5a5aa41\",\"name\":\"Robert Hoffmann\",\"image\":{\"@type\":\"ImageObject\",\"inLanguage\":\"de\",\"@id\":\"https:\\\/\\\/www.strassenweb.de\\\/nachrichten\\\/wp-content\\\/uploads\\\/2024\\\/09\\\/strassenweb-150x150.jpg\",\"url\":\"https:\\\/\\\/www.strassenweb.de\\\/nachrichten\\\/wp-content\\\/uploads\\\/2024\\\/09\\\/strassenweb-150x150.jpg\",\"contentUrl\":\"https:\\\/\\\/www.strassenweb.de\\\/nachrichten\\\/wp-content\\\/uploads\\\/2024\\\/09\\\/strassenweb-150x150.jpg\",\"caption\":\"Robert Hoffmann\"},\"description\":\"Ich hei\u00dfe Robert Hoffmann und ich bin ein leidenschaftlicher Verfechter von \u00d6kologie und Biodiversit\u00e4t. Seit meiner Kindheit in den W\u00e4ldern Bayerns f\u00fchle ich mich mit der Natur verbunden und bin entschlossen, sie zu sch\u00fctzen. Heute widme ich mein Leben der Sensibilisierung anderer f\u00fcr die Bedeutung des Umweltschutzes f\u00fcr zuk\u00fcnftige Generationen.\",\"sameAs\":[\"https:\\\/\\\/www.strassenweb.de\\\/\"]}]}<\/script>\n<!-- \/ Yoast SEO plugin. -->","yoast_head_json":{"title":"Rattan ist das Material des Moment - Nachrichten - Stra\u00dfenweb","robots":{"index":"index","follow":"follow","max-snippet":"max-snippet:-1","max-image-preview":"max-image-preview:large","max-video-preview":"max-video-preview:-1"},"canonical":"https:\/\/www.strassenweb.de\/nachrichten\/rattan-ist-das-material-des-moment\/","og_locale":"de_DE","og_type":"article","og_title":"Rattan ist das Material des Moment - Nachrichten - Stra\u00dfenweb","og_description":"Rattan, einst nach seiner Allgegenwart im K\u00fcsteninnenraum und nur f\u00fcr die Ozean-Wohnung vorbehalten, ist jetzt das Material des Augenblicks und erobert die Innenraumwelt im Sturm-und","og_url":"https:\/\/www.strassenweb.de\/nachrichten\/rattan-ist-das-material-des-moment\/","og_site_name":"Stra\u00dfenweb","article_publisher":"https:\/\/www.facebook.com\/strassenweb\/","article_published_time":"2025-09-30T11:41:02+00:00","article_modified_time":"2025-09-30T11:41:03+00:00","og_image":[{"width":1920,"height":1080,"url":"https:\/\/www.strassenweb.de\/nachrichten\/wp-content\/uploads\/2025\/09\/Rattan-ist-das-Material-des-Moment.jpg","type":"image\/jpeg"}],"author":"Robert Hoffmann","twitter_card":"summary_large_image","twitter_misc":{"Verfasst von":"Robert Hoffmann","Gesch\u00e4tzte Lesezeit":"1\u00a0Minute"},"schema":{"@context":"https:\/\/schema.org","@graph":[{"@type":"Article","@id":"https:\/\/www.strassenweb.de\/nachrichten\/rattan-ist-das-material-des-moment\/#article","isPartOf":{"@id":"https:\/\/www.strassenweb.de\/nachrichten\/rattan-ist-das-material-des-moment\/"},"author":{"name":"Robert Hoffmann","@id":"https:\/\/www.strassenweb.de\/nachrichten\/#\/schema\/person\/87c9c9067f1211da429a744dc5a5aa41"},"headline":"Rattan ist das Material des Moment","datePublished":"2025-09-30T11:41:02+00:00","dateModified":"2025-09-30T11:41:03+00:00","mainEntityOfPage":{"@id":"https:\/\/www.strassenweb.de\/nachrichten\/rattan-ist-das-material-des-moment\/"},"wordCount":285,"publisher":{"@id":"https:\/\/www.strassenweb.de\/nachrichten\/#organization"},"image":{"@id":"https:\/\/www.strassenweb.de\/nachrichten\/rattan-ist-das-material-des-moment\/#primaryimage"},"thumbnailUrl":"https:\/\/www.strassenweb.de\/nachrichten\/wp-content\/uploads\/2025\/09\/Rattan-ist-das-Material-des-Moment.jpg","keywords":["das","des","ist","Material","Moment","Rattan"],"articleSection":["Haus &amp; Garten"],"inLanguage":"de"},{"@type":"WebPage","@id":"https:\/\/www.strassenweb.de\/nachrichten\/rattan-ist-das-material-des-moment\/","url":"https:\/\/www.strassenweb.de\/nachrichten\/rattan-ist-das-material-des-moment\/","name":"Rattan ist das Material des Moment - Nachrichten - Stra\u00dfenweb","isPartOf":{"@id":"https:\/\/www.strassenweb.de\/nachrichten\/#website"},"primaryImageOfPage":{"@id":"https:\/\/www.strassenweb.de\/nachrichten\/rattan-ist-das-material-des-moment\/#primaryimage"},"image":{"@id":"https:\/\/www.strassenweb.de\/nachrichten\/rattan-ist-das-material-des-moment\/#primaryimage"},"thumbnailUrl":"https:\/\/www.strassenweb.de\/nachrichten\/wp-content\/uploads\/2025\/09\/Rattan-ist-das-Material-des-Moment.jpg","datePublished":"2025-09-30T11:41:02+00:00","dateModified":"2025-09-30T11:41:03+00:00","breadcrumb":{"@id":"https:\/\/www.strassenweb.de\/nachrichten\/rattan-ist-das-material-des-moment\/#breadcrumb"},"inLanguage":"de","potentialAction":[{"@type":"ReadAction","target":["https:\/\/www.strassenweb.de\/nachrichten\/rattan-ist-das-material-des-moment\/"]}]},{"@type":"ImageObject","inLanguage":"de","@id":"https:\/\/www.strassenweb.de\/nachrichten\/rattan-ist-das-material-des-moment\/#primaryimage","url":"https:\/\/www.strassenweb.de\/nachrichten\/wp-content\/uploads\/2025\/09\/Rattan-ist-das-Material-des-Moment.jpg","contentUrl":"https:\/\/www.strassenweb.de\/nachrichten\/wp-content\/uploads\/2025\/09\/Rattan-ist-das-Material-des-Moment.jpg","width":1920,"height":1080,"caption":"Neutral kitchen with rattan lighting"},{"@type":"BreadcrumbList","@id":"https:\/\/www.strassenweb.de\/nachrichten\/rattan-ist-das-material-des-moment\/#breadcrumb","itemListElement":[{"@type":"ListItem","position":1,"name":"Home","item":"https:\/\/www.strassenweb.de\/nachrichten\/"},{"@type":"ListItem","position":2,"name":"Rattan ist das Material des Moment"}]},{"@type":"WebSite","@id":"https:\/\/www.strassenweb.de\/nachrichten\/#website","url":"https:\/\/www.strassenweb.de\/nachrichten\/","name":"Stra\u00dfenweb","description":"Stra\u00dfenverzeichnis f\u00fcr Deutschland","publisher":{"@id":"https:\/\/www.strassenweb.de\/nachrichten\/#organization"},"potentialAction":[{"@type":"SearchAction","target":{"@type":"EntryPoint","urlTemplate":"https:\/\/www.strassenweb.de\/nachrichten\/?s={search_term_string}"},"query-input":{"@type":"PropertyValueSpecification","valueRequired":true,"valueName":"search_term_string"}}],"inLanguage":"de"},{"@type":"Organization","@id":"https:\/\/www.strassenweb.de\/nachrichten\/#organization","name":"Stra\u00dfenweb","url":"https:\/\/www.strassenweb.de\/nachrichten\/","logo":{"@type":"ImageObject","inLanguage":"de","@id":"https:\/\/www.strassenweb.de\/nachrichten\/#\/schema\/logo\/image\/","url":"https:\/\/www.strassenweb.de\/nachrichten\/wp-content\/uploads\/2024\/09\/cropped-favicon.png","contentUrl":"https:\/\/www.strassenweb.de\/nachrichten\/wp-content\/uploads\/2024\/09\/cropped-favicon.png","width":512,"height":512,"caption":"Stra\u00dfenweb"},"image":{"@id":"https:\/\/www.strassenweb.de\/nachrichten\/#\/schema\/logo\/image\/"},"sameAs":["https:\/\/www.facebook.com\/strassenweb\/"]},{"@type":"Person","@id":"https:\/\/www.strassenweb.de\/nachrichten\/#\/schema\/person\/87c9c9067f1211da429a744dc5a5aa41","name":"Robert Hoffmann","image":{"@type":"ImageObject","inLanguage":"de","@id":"https:\/\/www.strassenweb.de\/nachrichten\/wp-content\/uploads\/2024\/09\/strassenweb-150x150.jpg","url":"https:\/\/www.strassenweb.de\/nachrichten\/wp-content\/uploads\/2024\/09\/strassenweb-150x150.jpg","contentUrl":"https:\/\/www.strassenweb.de\/nachrichten\/wp-content\/uploads\/2024\/09\/strassenweb-150x150.jpg","caption":"Robert Hoffmann"},"description":"Ich hei\u00dfe Robert Hoffmann und ich bin ein leidenschaftlicher Verfechter von \u00d6kologie und Biodiversit\u00e4t. Seit meiner Kindheit in den W\u00e4ldern Bayerns f\u00fchle ich mich mit der Natur verbunden und bin entschlossen, sie zu sch\u00fctzen. Heute widme ich mein Leben der Sensibilisierung anderer f\u00fcr die Bedeutung des Umweltschutzes f\u00fcr zuk\u00fcnftige Generationen.","sameAs":["https:\/\/www.strassenweb.de\/"]}]}},"_links":{"self":[{"href":"https:\/\/www.strassenweb.de\/nachrichten\/wp-json\/wp\/v2\/posts\/8100","targetHints":{"allow":["GET"]}}],"collection":[{"href":"https:\/\/www.strassenweb.de\/nachrichten\/wp-json\/wp\/v2\/posts"}],"about":[{"href":"https:\/\/www.strassenweb.de\/nachrichten\/wp-json\/wp\/v2\/types\/post"}],"author":[{"embeddable":true,"href":"https:\/\/www.strassenweb.de\/nachrichten\/wp-json\/wp\/v2\/users\/1"}],"replies":[{"embeddable":true,"href":"https:\/\/www.strassenweb.de\/nachrichten\/wp-json\/wp\/v2\/comments?post=8100"}],"version-history":[{"count":0,"href":"https:\/\/www.strassenweb.de\/nachrichten\/wp-json\/wp\/v2\/posts\/8100\/revisions"}],"wp:featuredmedia":[{"embeddable":true,"href":"https:\/\/www.strassenweb.de\/nachrichten\/wp-json\/wp\/v2\/media\/8101"}],"wp:attachment":[{"href":"https:\/\/www.strassenweb.de\/nachrichten\/wp-json\/wp\/v2\/media?parent=8100"}],"wp:term":[{"taxonomy":"category","embeddable":true,"href":"https:\/\/www.strassenweb.de\/nachrichten\/wp-json\/wp\/v2\/categories?post=8100"},{"taxonomy":"post_tag","embeddable":true,"href":"https:\/\/www.strassenweb.de\/nachrichten\/wp-json\/wp\/v2\/tags?post=8100"}],"curies":[{"name":"wp","href":"https:\/\/api.w.org\/{rel}","templated":true}]}}