{"id":8091,"date":"2025-09-30T04:39:30","date_gmt":"2025-09-30T02:39:30","guid":{"rendered":"https:\/\/www.strassenweb.de\/nachrichten\/karamellbirchenschuster\/"},"modified":"2025-09-30T04:39:31","modified_gmt":"2025-09-30T02:39:31","slug":"karamellbirchenschuster","status":"publish","type":"post","link":"https:\/\/www.strassenweb.de\/nachrichten\/karamellbirchenschuster\/","title":{"rendered":"Karamellbirchenschuster"},"content":{"rendered":"<p><\/p>\n<div id=\"article-body\" class=\"article__body \">\n<p id=\"c13f4beb-540f-4c42-987c-b5b0164aa2f8\">Dieses Rezept aus meinem Buch, <em>Bake Smart<\/em>wurde von dem s\u00fcdlichen K\u00fcchenchef inspiriert, Virginia Willis &#8218;genialer Rezept f\u00fcr Blackberry Cobbler. Ihre war der erste, in dem ich schmeckte, wo ein magerer Kuchenteig \u00fcber Obst gebacken wurde, um ein mehrschichtiges, saftgetr\u00e4nktes, puddingartiges Dessert mit einem sch\u00f6nen knusprigen Oberteil und einem ged\u00fcnsteten Boden zu kreieren.<\/p>\n<div id=\"ad-unit-1\" class=\"ad-unit\"><\/div>\n<p>In der Vergangenheit hatte ich immer meine Kopfsteinpflaster mit Keksen zum Backen im Herbst geplant, was lecker ist, aber das h\u00e4lt die beiden Einheiten etwas separat. Diese Version ist wie Virginia&#8217;s, verwendet aber karamellisierte Birnen und eine Butterkuchenschicht, um den perfekten Eintopf-Herbst-Genuss zu erzeugen.<\/p>\n<h2 id=\"ingredients-serves-8-3\">Zutaten (dient 8) <\/h2>\n<ul id=\"1929c081-6950-4b51-9df2-ec4d2ebe040d\">\n<li><strong>Birnen <\/strong><\/li>\n<li>3 Essl\u00f6ffel (\u215c Stick; 42 Gramm) Butter<\/li>\n<li>3 mittlere Birc-Birnen, die in jeweils 8 Keile geschnitten und geschnitten wurden<\/li>\n<li>3 Essl\u00f6ffel (38 Gramm) dunkler oder hellbrauner Zucker<\/li>\n<li>Kochsalz Prise<\/li>\n<li>1\u00bd Teel\u00f6ffel reiner Vanilleextrakt<\/li>\n<li><strong>TEIG <\/strong><\/li>\n<li>8 Essl\u00f6ffel (1 Stick; 113 Gramm) Butter, geschmolzen<\/li>\n<li>1 Tasse (200 Gramm) granulierter Zucker<\/li>\n<li>236 Gramm Buttermilch bei Raumtemperatur<\/li>\n<li>1\u00bd Teel\u00f6ffel reiner Vanilleextrakt<\/li>\n<li>1 Tasse (136 Gramm) Allzweckmehl<\/li>\n<li>1 Teel\u00f6ffel Backpulver<\/li>\n<li>\u00bd Teel\u00f6ffel Backpulver Soda<\/li>\n<li>\u00bd Teel\u00f6ffel koscheres Salz<\/li>\n<li>Cr\u00e8me Anglaise f\u00fcr das Servieren<\/li>\n<\/ul>\n<h2 id=\"method-3\">Verfahren<\/h2>\n<figure class=\"van-image-figure inline-layout \" data-bordeaux-image-check id=\"b5b1c24b-6e1f-46e7-b21d-b34cd95f9912\">\n<div class=\"image-full-width-wrapper\">\n<div class=\"image-widthsetter\" style=\"max-width:2000px;\"><\/div>\n<\/div>\n<\/figure>\n<ul id=\"70de964d-1f97-4cac-a69f-0e7f382b4a3c\">\n<li>Den Ofen auf 350 \u00b0 F vorheizen.<\/li>\n<li><strong>Bereiten Sie die Birnen vor<\/strong><\/li>\n<li>Schmelzen Sie die Butter in einer 10-Zoll-ofenfesten Pfanne bei mittlerer Hitze (wenn die Hitze zu hoch ist, kann sich das Karamell trennen. F\u00fcrchten Sie sich nicht! Sobald die Birnen kochen, werden sie etwas Saft loslassen und das ganze Durcheinander gl\u00e4ttet). F\u00fcgen Sie die Birnen hinzu und verteilen Sie sie in eine gleichm\u00e4\u00dfige Schicht. F\u00fcgen Sie den braunen Zucker und das Salz hinzu und kochen Sie, bis die Birnen an Stellen leicht gebrannt sind, aber nicht zu weich und das Karamell etwa 4 Minuten leicht eingedickt ist.<\/li>\n<li>\u00dcbertragen Sie die Birnen auf einen Teller und wischen Sie die Pfanne aus (keine Notwendigkeit, sie zu waschen).<\/li>\n<li><strong>Bereiten Sie den Teig vor<\/strong><\/li>\n<li>In einer gro\u00dfen Sch\u00fcssel Butter, Zucker, Buttermilch und Vanille zusammenr\u00fchren. F\u00fcgen Sie Mehl, Backpulver, Backpulver und Salz hinzu und r\u00fchren Sie es, um zu kombinieren.<\/li>\n<li>F\u00fcgen Sie den Teig der Pfanne hinzu und verteilen Sie ihn in eine gleichm\u00e4\u00dfige Schicht. Top mit den Birnen und angesammelten S\u00e4ften. Manchmal versinken die Birnen in den Teig. Manchmal nicht. In jedem Fall wird der Schuster gro\u00dfartig sein.<\/li>\n<li>Backen Sie, bis der Kuchen eingestellt ist, ca. 45 Minuten. Sie sollten in der Lage sein, den Kuchen in der Mitte sanft zu ber\u00fchren und das Gef\u00fchl zu haben, dass er fest ist. Servieren Sie gro\u00dfe, warme Kuschelschuhe mit Cr\u00e8me Anglaise-es wirbelt mit der Birnenlauge mit Karamellgeschmack, um cremige Schichten aus hei\u00df und kalt, s\u00e4uerlich und s\u00fc\u00df zu kreieren.<\/li>\n<\/ul>\n<hr id=\"770aa6a2-9f2c-4310-987c-5777363bba18\">\n<aside data-block-type=\"embed\" data-render-type=\"fte\" data-skip=\"dealsy\" data-widget-type=\"seasonal\" class=\"hawk-base\"><\/aside>\n<p id=\"26d7b1ab-5ff0-4110-8bb3-bc718c58e00d-0\">Lesen Sie \u00fcber Sam Seneviratnes Leidenschaft f\u00fcr die Beschaffung saisonaler Obst und Gem\u00fcse auf dem \u00f6rtlichen Bauernhof und in ihren Lieblingsbacken in unserem Interview mit ihr auf dem Backen des Bauernh\u00f6fens in ihre Lieblingsbacken.<\/p>\n<div class=\"van_vid_carousel\">\n<div class=\"van_vid_carousel__padding\">\n<div class=\"van_vid_carousel__container\"><\/div>\n<\/div>\n<\/div>\n<div id=\"slice-container-newsletterForm-articleInbodyContent-L6TfQBqKf9PxNUVvGJdwcc\" class=\"slice-container newsletter-inbodyContent-slice newsletterForm-articleInbodyContent-L6TfQBqKf9PxNUVvGJdwcc slice-container-newsletterForm\"><\/div>\n<div id=\"ad-unit-2\" class=\"ad-unit\"><\/div>\n<\/div>\n","protected":false},"excerpt":{"rendered":"<p>Dieses Rezept aus meinem Buch, Bake Smartwurde von dem s\u00fcdlichen K\u00fcchenchef inspiriert, Virginia Willis &#8218;genialer Rezept f\u00fcr Blackberry Cobbler. Ihre war der erste, in dem<\/p>\n","protected":false},"author":1,"featured_media":8092,"comment_status":"closed","ping_status":"","sticky":false,"template":"","format":"standard","meta":{"footnotes":""},"categories":[118],"tags":[10445],"class_list":["post-8091","post","type-post","status-publish","format-standard","has-post-thumbnail","hentry","category-haus-garten","tag-karamellbirchenschuster","generate-columns","tablet-grid-50","mobile-grid-100","grid-parent","grid-50"],"yoast_head":"<!-- This site is optimized with the Yoast SEO plugin v27.3 - https:\/\/yoast.com\/product\/yoast-seo-wordpress\/ -->\n<title>Karamellbirchenschuster - Nachrichten - Stra\u00dfenweb<\/title>\n<meta name=\"robots\" content=\"index, follow, max-snippet:-1, max-image-preview:large, max-video-preview:-1\" \/>\n<link rel=\"canonical\" href=\"https:\/\/www.strassenweb.de\/nachrichten\/karamellbirchenschuster\/\" \/>\n<meta property=\"og:locale\" content=\"de_DE\" \/>\n<meta property=\"og:type\" content=\"article\" \/>\n<meta property=\"og:title\" content=\"Karamellbirchenschuster - Nachrichten - Stra\u00dfenweb\" \/>\n<meta property=\"og:description\" content=\"Dieses Rezept aus meinem Buch, Bake Smartwurde von dem s\u00fcdlichen K\u00fcchenchef inspiriert, Virginia Willis &#8218;genialer Rezept f\u00fcr Blackberry Cobbler. Ihre war der erste, in dem\" \/>\n<meta property=\"og:url\" content=\"https:\/\/www.strassenweb.de\/nachrichten\/karamellbirchenschuster\/\" \/>\n<meta property=\"og:site_name\" content=\"Stra\u00dfenweb\" \/>\n<meta property=\"article:publisher\" content=\"https:\/\/www.facebook.com\/strassenweb\/\" \/>\n<meta property=\"article:published_time\" content=\"2025-09-30T02:39:30+00:00\" \/>\n<meta property=\"article:modified_time\" content=\"2025-09-30T02:39:31+00:00\" \/>\n<meta property=\"og:image\" content=\"https:\/\/www.strassenweb.de\/nachrichten\/wp-content\/uploads\/2025\/09\/Karamellbirchenschuster.jpg\" \/>\n\t<meta property=\"og:image:width\" content=\"1600\" \/>\n\t<meta property=\"og:image:height\" content=\"900\" \/>\n\t<meta property=\"og:image:type\" content=\"image\/jpeg\" \/>\n<meta name=\"author\" content=\"Robert Hoffmann\" \/>\n<meta name=\"twitter:card\" content=\"summary_large_image\" \/>\n<meta name=\"twitter:label1\" content=\"Verfasst von\" \/>\n\t<meta name=\"twitter:data1\" content=\"Robert Hoffmann\" \/>\n\t<meta name=\"twitter:label2\" content=\"Gesch\u00e4tzte Lesezeit\" \/>\n\t<meta name=\"twitter:data2\" content=\"2\u00a0Minuten\" \/>\n<script type=\"application\/ld+json\" class=\"yoast-schema-graph\">{\"@context\":\"https:\\\/\\\/schema.org\",\"@graph\":[{\"@type\":\"Article\",\"@id\":\"https:\\\/\\\/www.strassenweb.de\\\/nachrichten\\\/karamellbirchenschuster\\\/#article\",\"isPartOf\":{\"@id\":\"https:\\\/\\\/www.strassenweb.de\\\/nachrichten\\\/karamellbirchenschuster\\\/\"},\"author\":{\"name\":\"Robert Hoffmann\",\"@id\":\"https:\\\/\\\/www.strassenweb.de\\\/nachrichten\\\/#\\\/schema\\\/person\\\/87c9c9067f1211da429a744dc5a5aa41\"},\"headline\":\"Karamellbirchenschuster\",\"datePublished\":\"2025-09-30T02:39:30+00:00\",\"dateModified\":\"2025-09-30T02:39:31+00:00\",\"mainEntityOfPage\":{\"@id\":\"https:\\\/\\\/www.strassenweb.de\\\/nachrichten\\\/karamellbirchenschuster\\\/\"},\"wordCount\":473,\"publisher\":{\"@id\":\"https:\\\/\\\/www.strassenweb.de\\\/nachrichten\\\/#organization\"},\"image\":{\"@id\":\"https:\\\/\\\/www.strassenweb.de\\\/nachrichten\\\/karamellbirchenschuster\\\/#primaryimage\"},\"thumbnailUrl\":\"https:\\\/\\\/www.strassenweb.de\\\/nachrichten\\\/wp-content\\\/uploads\\\/2025\\\/09\\\/Karamellbirchenschuster.jpg\",\"keywords\":[\"Karamellbirchenschuster\"],\"articleSection\":[\"Haus &amp; Garten\"],\"inLanguage\":\"de\"},{\"@type\":\"WebPage\",\"@id\":\"https:\\\/\\\/www.strassenweb.de\\\/nachrichten\\\/karamellbirchenschuster\\\/\",\"url\":\"https:\\\/\\\/www.strassenweb.de\\\/nachrichten\\\/karamellbirchenschuster\\\/\",\"name\":\"Karamellbirchenschuster - Nachrichten - Stra\u00dfenweb\",\"isPartOf\":{\"@id\":\"https:\\\/\\\/www.strassenweb.de\\\/nachrichten\\\/#website\"},\"primaryImageOfPage\":{\"@id\":\"https:\\\/\\\/www.strassenweb.de\\\/nachrichten\\\/karamellbirchenschuster\\\/#primaryimage\"},\"image\":{\"@id\":\"https:\\\/\\\/www.strassenweb.de\\\/nachrichten\\\/karamellbirchenschuster\\\/#primaryimage\"},\"thumbnailUrl\":\"https:\\\/\\\/www.strassenweb.de\\\/nachrichten\\\/wp-content\\\/uploads\\\/2025\\\/09\\\/Karamellbirchenschuster.jpg\",\"datePublished\":\"2025-09-30T02:39:30+00:00\",\"dateModified\":\"2025-09-30T02:39:31+00:00\",\"breadcrumb\":{\"@id\":\"https:\\\/\\\/www.strassenweb.de\\\/nachrichten\\\/karamellbirchenschuster\\\/#breadcrumb\"},\"inLanguage\":\"de\",\"potentialAction\":[{\"@type\":\"ReadAction\",\"target\":[\"https:\\\/\\\/www.strassenweb.de\\\/nachrichten\\\/karamellbirchenschuster\\\/\"]}]},{\"@type\":\"ImageObject\",\"inLanguage\":\"de\",\"@id\":\"https:\\\/\\\/www.strassenweb.de\\\/nachrichten\\\/karamellbirchenschuster\\\/#primaryimage\",\"url\":\"https:\\\/\\\/www.strassenweb.de\\\/nachrichten\\\/wp-content\\\/uploads\\\/2025\\\/09\\\/Karamellbirchenschuster.jpg\",\"contentUrl\":\"https:\\\/\\\/www.strassenweb.de\\\/nachrichten\\\/wp-content\\\/uploads\\\/2025\\\/09\\\/Karamellbirchenschuster.jpg\",\"width\":1600,\"height\":900,\"caption\":\"Pear and Caramel Cobbler in a bowl with creme anglais and a spoon\"},{\"@type\":\"BreadcrumbList\",\"@id\":\"https:\\\/\\\/www.strassenweb.de\\\/nachrichten\\\/karamellbirchenschuster\\\/#breadcrumb\",\"itemListElement\":[{\"@type\":\"ListItem\",\"position\":1,\"name\":\"Home\",\"item\":\"https:\\\/\\\/www.strassenweb.de\\\/nachrichten\\\/\"},{\"@type\":\"ListItem\",\"position\":2,\"name\":\"Karamellbirchenschuster\"}]},{\"@type\":\"WebSite\",\"@id\":\"https:\\\/\\\/www.strassenweb.de\\\/nachrichten\\\/#website\",\"url\":\"https:\\\/\\\/www.strassenweb.de\\\/nachrichten\\\/\",\"name\":\"Stra\u00dfenweb\",\"description\":\"Stra\u00dfenverzeichnis f\u00fcr Deutschland\",\"publisher\":{\"@id\":\"https:\\\/\\\/www.strassenweb.de\\\/nachrichten\\\/#organization\"},\"potentialAction\":[{\"@type\":\"SearchAction\",\"target\":{\"@type\":\"EntryPoint\",\"urlTemplate\":\"https:\\\/\\\/www.strassenweb.de\\\/nachrichten\\\/?s={search_term_string}\"},\"query-input\":{\"@type\":\"PropertyValueSpecification\",\"valueRequired\":true,\"valueName\":\"search_term_string\"}}],\"inLanguage\":\"de\"},{\"@type\":\"Organization\",\"@id\":\"https:\\\/\\\/www.strassenweb.de\\\/nachrichten\\\/#organization\",\"name\":\"Stra\u00dfenweb\",\"url\":\"https:\\\/\\\/www.strassenweb.de\\\/nachrichten\\\/\",\"logo\":{\"@type\":\"ImageObject\",\"inLanguage\":\"de\",\"@id\":\"https:\\\/\\\/www.strassenweb.de\\\/nachrichten\\\/#\\\/schema\\\/logo\\\/image\\\/\",\"url\":\"https:\\\/\\\/www.strassenweb.de\\\/nachrichten\\\/wp-content\\\/uploads\\\/2024\\\/09\\\/cropped-favicon.png\",\"contentUrl\":\"https:\\\/\\\/www.strassenweb.de\\\/nachrichten\\\/wp-content\\\/uploads\\\/2024\\\/09\\\/cropped-favicon.png\",\"width\":512,\"height\":512,\"caption\":\"Stra\u00dfenweb\"},\"image\":{\"@id\":\"https:\\\/\\\/www.strassenweb.de\\\/nachrichten\\\/#\\\/schema\\\/logo\\\/image\\\/\"},\"sameAs\":[\"https:\\\/\\\/www.facebook.com\\\/strassenweb\\\/\"]},{\"@type\":\"Person\",\"@id\":\"https:\\\/\\\/www.strassenweb.de\\\/nachrichten\\\/#\\\/schema\\\/person\\\/87c9c9067f1211da429a744dc5a5aa41\",\"name\":\"Robert Hoffmann\",\"image\":{\"@type\":\"ImageObject\",\"inLanguage\":\"de\",\"@id\":\"https:\\\/\\\/www.strassenweb.de\\\/nachrichten\\\/wp-content\\\/uploads\\\/2024\\\/09\\\/strassenweb-150x150.jpg\",\"url\":\"https:\\\/\\\/www.strassenweb.de\\\/nachrichten\\\/wp-content\\\/uploads\\\/2024\\\/09\\\/strassenweb-150x150.jpg\",\"contentUrl\":\"https:\\\/\\\/www.strassenweb.de\\\/nachrichten\\\/wp-content\\\/uploads\\\/2024\\\/09\\\/strassenweb-150x150.jpg\",\"caption\":\"Robert Hoffmann\"},\"description\":\"Ich hei\u00dfe Robert Hoffmann und ich bin ein leidenschaftlicher Verfechter von \u00d6kologie und Biodiversit\u00e4t. Seit meiner Kindheit in den W\u00e4ldern Bayerns f\u00fchle ich mich mit der Natur verbunden und bin entschlossen, sie zu sch\u00fctzen. Heute widme ich mein Leben der Sensibilisierung anderer f\u00fcr die Bedeutung des Umweltschutzes f\u00fcr zuk\u00fcnftige Generationen.\",\"sameAs\":[\"https:\\\/\\\/www.strassenweb.de\\\/\"]}]}<\/script>\n<!-- \/ Yoast SEO plugin. -->","yoast_head_json":{"title":"Karamellbirchenschuster - Nachrichten - Stra\u00dfenweb","robots":{"index":"index","follow":"follow","max-snippet":"max-snippet:-1","max-image-preview":"max-image-preview:large","max-video-preview":"max-video-preview:-1"},"canonical":"https:\/\/www.strassenweb.de\/nachrichten\/karamellbirchenschuster\/","og_locale":"de_DE","og_type":"article","og_title":"Karamellbirchenschuster - Nachrichten - Stra\u00dfenweb","og_description":"Dieses Rezept aus meinem Buch, Bake Smartwurde von dem s\u00fcdlichen K\u00fcchenchef inspiriert, Virginia Willis &#8218;genialer Rezept f\u00fcr Blackberry Cobbler. Ihre war der erste, in dem","og_url":"https:\/\/www.strassenweb.de\/nachrichten\/karamellbirchenschuster\/","og_site_name":"Stra\u00dfenweb","article_publisher":"https:\/\/www.facebook.com\/strassenweb\/","article_published_time":"2025-09-30T02:39:30+00:00","article_modified_time":"2025-09-30T02:39:31+00:00","og_image":[{"width":1600,"height":900,"url":"https:\/\/www.strassenweb.de\/nachrichten\/wp-content\/uploads\/2025\/09\/Karamellbirchenschuster.jpg","type":"image\/jpeg"}],"author":"Robert Hoffmann","twitter_card":"summary_large_image","twitter_misc":{"Verfasst von":"Robert Hoffmann","Gesch\u00e4tzte Lesezeit":"2\u00a0Minuten"},"schema":{"@context":"https:\/\/schema.org","@graph":[{"@type":"Article","@id":"https:\/\/www.strassenweb.de\/nachrichten\/karamellbirchenschuster\/#article","isPartOf":{"@id":"https:\/\/www.strassenweb.de\/nachrichten\/karamellbirchenschuster\/"},"author":{"name":"Robert Hoffmann","@id":"https:\/\/www.strassenweb.de\/nachrichten\/#\/schema\/person\/87c9c9067f1211da429a744dc5a5aa41"},"headline":"Karamellbirchenschuster","datePublished":"2025-09-30T02:39:30+00:00","dateModified":"2025-09-30T02:39:31+00:00","mainEntityOfPage":{"@id":"https:\/\/www.strassenweb.de\/nachrichten\/karamellbirchenschuster\/"},"wordCount":473,"publisher":{"@id":"https:\/\/www.strassenweb.de\/nachrichten\/#organization"},"image":{"@id":"https:\/\/www.strassenweb.de\/nachrichten\/karamellbirchenschuster\/#primaryimage"},"thumbnailUrl":"https:\/\/www.strassenweb.de\/nachrichten\/wp-content\/uploads\/2025\/09\/Karamellbirchenschuster.jpg","keywords":["Karamellbirchenschuster"],"articleSection":["Haus &amp; Garten"],"inLanguage":"de"},{"@type":"WebPage","@id":"https:\/\/www.strassenweb.de\/nachrichten\/karamellbirchenschuster\/","url":"https:\/\/www.strassenweb.de\/nachrichten\/karamellbirchenschuster\/","name":"Karamellbirchenschuster - Nachrichten - Stra\u00dfenweb","isPartOf":{"@id":"https:\/\/www.strassenweb.de\/nachrichten\/#website"},"primaryImageOfPage":{"@id":"https:\/\/www.strassenweb.de\/nachrichten\/karamellbirchenschuster\/#primaryimage"},"image":{"@id":"https:\/\/www.strassenweb.de\/nachrichten\/karamellbirchenschuster\/#primaryimage"},"thumbnailUrl":"https:\/\/www.strassenweb.de\/nachrichten\/wp-content\/uploads\/2025\/09\/Karamellbirchenschuster.jpg","datePublished":"2025-09-30T02:39:30+00:00","dateModified":"2025-09-30T02:39:31+00:00","breadcrumb":{"@id":"https:\/\/www.strassenweb.de\/nachrichten\/karamellbirchenschuster\/#breadcrumb"},"inLanguage":"de","potentialAction":[{"@type":"ReadAction","target":["https:\/\/www.strassenweb.de\/nachrichten\/karamellbirchenschuster\/"]}]},{"@type":"ImageObject","inLanguage":"de","@id":"https:\/\/www.strassenweb.de\/nachrichten\/karamellbirchenschuster\/#primaryimage","url":"https:\/\/www.strassenweb.de\/nachrichten\/wp-content\/uploads\/2025\/09\/Karamellbirchenschuster.jpg","contentUrl":"https:\/\/www.strassenweb.de\/nachrichten\/wp-content\/uploads\/2025\/09\/Karamellbirchenschuster.jpg","width":1600,"height":900,"caption":"Pear and Caramel Cobbler in a bowl with creme anglais and a spoon"},{"@type":"BreadcrumbList","@id":"https:\/\/www.strassenweb.de\/nachrichten\/karamellbirchenschuster\/#breadcrumb","itemListElement":[{"@type":"ListItem","position":1,"name":"Home","item":"https:\/\/www.strassenweb.de\/nachrichten\/"},{"@type":"ListItem","position":2,"name":"Karamellbirchenschuster"}]},{"@type":"WebSite","@id":"https:\/\/www.strassenweb.de\/nachrichten\/#website","url":"https:\/\/www.strassenweb.de\/nachrichten\/","name":"Stra\u00dfenweb","description":"Stra\u00dfenverzeichnis f\u00fcr Deutschland","publisher":{"@id":"https:\/\/www.strassenweb.de\/nachrichten\/#organization"},"potentialAction":[{"@type":"SearchAction","target":{"@type":"EntryPoint","urlTemplate":"https:\/\/www.strassenweb.de\/nachrichten\/?s={search_term_string}"},"query-input":{"@type":"PropertyValueSpecification","valueRequired":true,"valueName":"search_term_string"}}],"inLanguage":"de"},{"@type":"Organization","@id":"https:\/\/www.strassenweb.de\/nachrichten\/#organization","name":"Stra\u00dfenweb","url":"https:\/\/www.strassenweb.de\/nachrichten\/","logo":{"@type":"ImageObject","inLanguage":"de","@id":"https:\/\/www.strassenweb.de\/nachrichten\/#\/schema\/logo\/image\/","url":"https:\/\/www.strassenweb.de\/nachrichten\/wp-content\/uploads\/2024\/09\/cropped-favicon.png","contentUrl":"https:\/\/www.strassenweb.de\/nachrichten\/wp-content\/uploads\/2024\/09\/cropped-favicon.png","width":512,"height":512,"caption":"Stra\u00dfenweb"},"image":{"@id":"https:\/\/www.strassenweb.de\/nachrichten\/#\/schema\/logo\/image\/"},"sameAs":["https:\/\/www.facebook.com\/strassenweb\/"]},{"@type":"Person","@id":"https:\/\/www.strassenweb.de\/nachrichten\/#\/schema\/person\/87c9c9067f1211da429a744dc5a5aa41","name":"Robert Hoffmann","image":{"@type":"ImageObject","inLanguage":"de","@id":"https:\/\/www.strassenweb.de\/nachrichten\/wp-content\/uploads\/2024\/09\/strassenweb-150x150.jpg","url":"https:\/\/www.strassenweb.de\/nachrichten\/wp-content\/uploads\/2024\/09\/strassenweb-150x150.jpg","contentUrl":"https:\/\/www.strassenweb.de\/nachrichten\/wp-content\/uploads\/2024\/09\/strassenweb-150x150.jpg","caption":"Robert Hoffmann"},"description":"Ich hei\u00dfe Robert Hoffmann und ich bin ein leidenschaftlicher Verfechter von \u00d6kologie und Biodiversit\u00e4t. Seit meiner Kindheit in den W\u00e4ldern Bayerns f\u00fchle ich mich mit der Natur verbunden und bin entschlossen, sie zu sch\u00fctzen. Heute widme ich mein Leben der Sensibilisierung anderer f\u00fcr die Bedeutung des Umweltschutzes f\u00fcr zuk\u00fcnftige Generationen.","sameAs":["https:\/\/www.strassenweb.de\/"]}]}},"_links":{"self":[{"href":"https:\/\/www.strassenweb.de\/nachrichten\/wp-json\/wp\/v2\/posts\/8091","targetHints":{"allow":["GET"]}}],"collection":[{"href":"https:\/\/www.strassenweb.de\/nachrichten\/wp-json\/wp\/v2\/posts"}],"about":[{"href":"https:\/\/www.strassenweb.de\/nachrichten\/wp-json\/wp\/v2\/types\/post"}],"author":[{"embeddable":true,"href":"https:\/\/www.strassenweb.de\/nachrichten\/wp-json\/wp\/v2\/users\/1"}],"replies":[{"embeddable":true,"href":"https:\/\/www.strassenweb.de\/nachrichten\/wp-json\/wp\/v2\/comments?post=8091"}],"version-history":[{"count":0,"href":"https:\/\/www.strassenweb.de\/nachrichten\/wp-json\/wp\/v2\/posts\/8091\/revisions"}],"wp:featuredmedia":[{"embeddable":true,"href":"https:\/\/www.strassenweb.de\/nachrichten\/wp-json\/wp\/v2\/media\/8092"}],"wp:attachment":[{"href":"https:\/\/www.strassenweb.de\/nachrichten\/wp-json\/wp\/v2\/media?parent=8091"}],"wp:term":[{"taxonomy":"category","embeddable":true,"href":"https:\/\/www.strassenweb.de\/nachrichten\/wp-json\/wp\/v2\/categories?post=8091"},{"taxonomy":"post_tag","embeddable":true,"href":"https:\/\/www.strassenweb.de\/nachrichten\/wp-json\/wp\/v2\/tags?post=8091"}],"curies":[{"name":"wp","href":"https:\/\/api.w.org\/{rel}","templated":true}]}}