{"id":8070,"date":"2025-09-29T07:41:52","date_gmt":"2025-09-29T05:41:52","guid":{"rendered":"https:\/\/www.strassenweb.de\/nachrichten\/die-vertikale-lagerung-in-anne-hathaways-wohnzimmer-ist-reines-genie-es-ist-eines-der-kluegsten-designs-die-ich-je-gesehen-habe\/"},"modified":"2025-09-29T07:41:54","modified_gmt":"2025-09-29T05:41:54","slug":"die-vertikale-lagerung-in-anne-hathaways-wohnzimmer-ist-reines-genie-es-ist-eines-der-kluegsten-designs-die-ich-je-gesehen-habe","status":"publish","type":"post","link":"https:\/\/www.strassenweb.de\/nachrichten\/die-vertikale-lagerung-in-anne-hathaways-wohnzimmer-ist-reines-genie-es-ist-eines-der-kluegsten-designs-die-ich-je-gesehen-habe\/","title":{"rendered":"Die vertikale Lagerung in Anne Hathaways Wohnzimmer ist reines Genie &#8211; es ist eines der kl\u00fcgsten Designs, die ich je gesehen habe"},"content":{"rendered":"<p><\/p>\n<div id=\"article-body\" class=\"article__body \">\n<p id=\"02e713e1-af04-4fcc-8033-2a5899d1d1eb\">Mein gesamtes Job besteht darin, Promi -H\u00e4user zu betrachten, und es ist immer aufregend, ein Design -Feature oder -Stil zu erkennen, das sich v\u00f6llig neu und innovativ anf\u00fchlt &#8211; und das Regal in Anne Hathaways Wohnzimmer hat es geschafft, genau das zu tun.<\/p>\n<div id=\"ad-unit-1\" class=\"ad-unit\"><\/div>\n<p>Der Raum f\u00fcr die Innenausstattungstrends f\u00fcr dieses Jahr und dar\u00fcber hinaus wurde der Raum von der anerkannten Designerin Pamela Shamshiri in Los Angeles entworfen. Anstatt sperrige M\u00f6bel hinzuzuf\u00fcgen, unterstreicht das Wohnzimmerdesign die einzigartigen architektonischen Elemente des Hauses elegant und nutzt das hochfliegende A-Frame-Dach des Raumes, wobei wundersch\u00f6ne Regale direkt in die freiliegenden Holzbalken gebaut werden. Diese strategische Verwendung von vertikalem Wohnzimmerlager zeigt nicht nur eine kuratierte Auswahl an antiken B\u00fcchern und Kunst, sondern zeichnet auch das Auge nach oben, wodurch sich der Raum gr\u00f6\u00dfer und expansiver anf\u00fchlt.<\/p>\n<aside data-block-type=\"embed\" data-render-type=\"fte\" data-skip=\"dealsy\" data-widget-type=\"seasonal\" class=\"hawk-base\"><\/aside>\n<p id=\"02e713e1-af04-4fcc-8033-2a5899d1d1eb-2\">Dieser brillante Ansatz f\u00fcr das Design verwandelt den gesamten Raum in eine Galerie und beweist, dass intelligenter Speicher sowohl eine praktische L\u00f6sung als auch ein atemberaubender Schwerpunkt sein kann. In einer Zeit, in der der Maximieren von Platz entscheidend ist, ist diese Art von Design-gef\u00fchrtem Denken ein echter Game-Changer.<\/p>\n<div class=\"van_vid_carousel\">\n<div class=\"van_vid_carousel__padding\">\n<div class=\"van_vid_carousel__container\"><\/div>\n<\/div>\n<\/div>\n<div class=\"instagram-embed\" id=\"B2HhwdtnPNW\">\n<blockquote class=\"instagram-media\" data-instgrm-captioned data-instgrm-version=\"6\" style=\"width:99.375%; width:-webkit-calc(100% - 2px); width:calc(100% - 2px);\">\n<p>Ein Beitrag, der von Stephen Johnson (@stephenkentjohnson) geteilt wird<\/p>\n<p>Ein Foto von on <\/p>\n<\/blockquote>\n<\/div>\n<p id=\"3a3d25b1-d9b1-4b6e-967a-07aed58c4760\">Eines der Dinge, die ich in diesem Design am \u00fcberzeugendsten finde, ist die Art und Weise, wie sich der gesamte Raum wie ein zusammenh\u00e4ngendes, nachdenkliches Kunstwerk anf\u00fchlt. Die farbenfrohen St\u00fccke, die in den hohen Regalen angeordnet sind, spiegeln die Juwelent\u00f6ne der Sofas und Teppiche unten wider und erzeugen einen sch\u00f6nen Dialog zwischen dem Umfang des Raums und seinem Kern. Es ist ein Design, das sich weigert, die W\u00e4nde und B\u00f6den einfach ein Hintergrund zu lassen &#8211; stattdessen werden sie ein aktiver Teil der Geschichte.<\/p>\n<div id=\"ad-unit-2\" class=\"ad-unit\"><\/div>\n<p>Dieses Regal verwandelt auch den Raum wundersch\u00f6n in eine pers\u00f6nliche Galerie. Es ist eine geniale M\u00f6glichkeit f\u00fcr Anne Hathaway, ihre Lieblingsvasen, B\u00fccher und Kunst zu zeigen und diese gesch\u00e4tzten Gegenst\u00e4nde zu einem Teil der Struktur ihres Zuhauses zu machen. W\u00e4hrend ihr Wohnzimmerm\u00f6bel f\u00fcr sich selbst atemberaubend ist, ist es diese pers\u00f6nliche Note, die in den Stoff des Raumes eingebunden ist und das Design wirklich erh\u00f6ht und es zu meinem Lieblingsmerkmal von allen macht.<\/p>\n<h2 id=\"shop-our-shelving-edit-3\">Kaufen Sie unsere Regale ein. Bearbeiten Sie<\/h2>\n<p id=\"7a6ab0c1-a894-410e-a94e-ccbe422b40e1\">W\u00e4hrend der Aufbau von ma\u00dfgefertigten Regalen zu einer Gew\u00f6lbedecke m\u00f6glicherweise nicht f\u00fcr alle eine Option ist, k\u00f6nnen wir alle aus Anne Hathaways Ansatz zum Styling lernen. Der Schl\u00fcssel ist, eine Auswahl pers\u00f6nlicher Effekte zu kuratieren, die eine Geschichte erz\u00e4hlen.<\/p>\n<p>Sie k\u00f6nnen leicht einen \u00e4hnlichen Look mit freistehenden vertikalen Regaleinheiten erzielen, die jedem Raum W\u00e4rme und eine erhebliche Menge an Lagerung verleihen. Entdecken Sie einige unserer Lieblingsst\u00fccke unten.<\/p>\n<div id=\"slice-container-newsletterForm-articleInbodyContent-JTj4iUJjbbD69MMG4sxGuG\" class=\"slice-container newsletter-inbodyContent-slice newsletterForm-articleInbodyContent-JTj4iUJjbbD69MMG4sxGuG slice-container-newsletterForm\"><\/div>\n<div class=\"product-container hero-product-container product-block-no-wrap\">\n<div class=\"product-block-row\"><\/div>\n<div class=\"product-block-row\"><\/div>\n<div class=\"product-block-row\"><\/div>\n<\/div>\n<hr id=\"df627c42-0280-4d32-91bf-5a4f1f2a0eed\">\n<p id=\"b6328070-a056-46fe-a158-a6cbe3ed2b50\">Um Anne Hathaways elegantes B\u00fccherregal -Verm\u00f6gen -Technik zu emulieren, ist Ihr gr\u00f6\u00dftes Werkzeug Zur\u00fcckhaltung. W\u00e4hrend es verlockend ist, jedes einzelne Buch und jedes Souvenir anzuzeigen, ist das effektivste Styling immer stark kuratiert. Dieser Ansatz stellt nicht nur sicher, dass Ihre besten St\u00fccke hervorstechen, sondern erm\u00f6glicht es auch, dass negativer Raum ein entscheidender Bestandteil des Designs wird.<\/p>\n<p>Durch die sorgf\u00e4ltige Auswahl, was zu finden ist und was sie speichern sollen, verwandeln sich Ihre W\u00e4nde in ein nachdenklich arrangiertes Kunstwerk. Ihr Wohnzimmer ist das perfekte Beispiel daf\u00fcr, wie Intentionalit\u00e4t und cleverer Speicher einen Raum schaffen k\u00f6nnen, der sowohl stilvoll als auch v\u00f6llig einzigartig ist.<\/p>\n<div class=\"block\" id=\"articleTag\" data-component-name=\"PostArticleLinks\">\n<div class=\"border-b border-b-black border-solid py-2.5 text-black font-bold uppercase\">Themen<\/div>\n<nav class=\"py-2.5 flex gap-2.5 flex-wrap\" data-analytics-id=\"article-tag\">\n<p>Anne Hathaway<\/p>\n<\/nav>\n<\/div>\n<\/div>\n<p><script async src=\"\/\/www.instagram.com\/embed.js\"><\/script><\/p>\n","protected":false},"excerpt":{"rendered":"<p>Mein gesamtes Job besteht darin, Promi -H\u00e4user zu betrachten, und es ist immer aufregend, ein Design -Feature oder -Stil zu erkennen, das sich v\u00f6llig neu<\/p>\n","protected":false},"author":1,"featured_media":8071,"comment_status":"closed","ping_status":"","sticky":false,"template":"","format":"standard","meta":{"footnotes":""},"categories":[118],"tags":[1459,81,3498,9,827,9474,1905,823,3169,129,15,7908,909,10082,658,1229],"class_list":["post-8070","post","type-post","status-publish","format-standard","has-post-thumbnail","hentry","category-haus-garten","tag-anne","tag-der","tag-designs","tag-die","tag-eines","tag-genie","tag-gesehen","tag-habe","tag-hathaways","tag-ich","tag-ist","tag-kluegsten","tag-lagerung","tag-reines","tag-vertikale","tag-wohnzimmer","generate-columns","tablet-grid-50","mobile-grid-100","grid-parent","grid-50"],"yoast_head":"<!-- This site is optimized with the Yoast SEO plugin v27.3 - https:\/\/yoast.com\/product\/yoast-seo-wordpress\/ -->\n<title>Die vertikale Lagerung in Anne Hathaways Wohnzimmer ist reines Genie - es ist eines der kl\u00fcgsten Designs, die ich je gesehen habe - Nachrichten - Stra\u00dfenweb<\/title>\n<meta name=\"robots\" content=\"index, follow, max-snippet:-1, max-image-preview:large, max-video-preview:-1\" \/>\n<link rel=\"canonical\" href=\"https:\/\/www.strassenweb.de\/nachrichten\/die-vertikale-lagerung-in-anne-hathaways-wohnzimmer-ist-reines-genie-es-ist-eines-der-kluegsten-designs-die-ich-je-gesehen-habe\/\" \/>\n<meta property=\"og:locale\" content=\"de_DE\" \/>\n<meta property=\"og:type\" content=\"article\" \/>\n<meta property=\"og:title\" content=\"Die vertikale Lagerung in Anne Hathaways Wohnzimmer ist reines Genie - es ist eines der kl\u00fcgsten Designs, die ich je gesehen habe - Nachrichten - Stra\u00dfenweb\" \/>\n<meta property=\"og:description\" content=\"Mein gesamtes Job besteht darin, Promi -H\u00e4user zu betrachten, und es ist immer aufregend, ein Design -Feature oder -Stil zu erkennen, das sich v\u00f6llig neu\" \/>\n<meta property=\"og:url\" content=\"https:\/\/www.strassenweb.de\/nachrichten\/die-vertikale-lagerung-in-anne-hathaways-wohnzimmer-ist-reines-genie-es-ist-eines-der-kluegsten-designs-die-ich-je-gesehen-habe\/\" \/>\n<meta property=\"og:site_name\" content=\"Stra\u00dfenweb\" \/>\n<meta property=\"article:publisher\" content=\"https:\/\/www.facebook.com\/strassenweb\/\" \/>\n<meta property=\"article:published_time\" content=\"2025-09-29T05:41:52+00:00\" \/>\n<meta property=\"article:modified_time\" content=\"2025-09-29T05:41:54+00:00\" \/>\n<meta property=\"og:image\" content=\"https:\/\/www.strassenweb.de\/nachrichten\/wp-content\/uploads\/2025\/09\/Die-vertikale-Lagerung-in-Anne-Hathaways-Wohnzimmer-ist-reines-Genie-scaled.jpg\" \/>\n\t<meta property=\"og:image:width\" content=\"2560\" \/>\n\t<meta property=\"og:image:height\" content=\"1440\" \/>\n\t<meta property=\"og:image:type\" content=\"image\/jpeg\" \/>\n<meta name=\"author\" content=\"Robert Hoffmann\" \/>\n<meta name=\"twitter:card\" content=\"summary_large_image\" \/>\n<meta name=\"twitter:label1\" content=\"Verfasst von\" \/>\n\t<meta name=\"twitter:data1\" content=\"Robert Hoffmann\" \/>\n\t<meta name=\"twitter:label2\" content=\"Gesch\u00e4tzte Lesezeit\" \/>\n\t<meta name=\"twitter:data2\" content=\"3\u00a0Minuten\" \/>\n<script type=\"application\/ld+json\" class=\"yoast-schema-graph\">{\"@context\":\"https:\\\/\\\/schema.org\",\"@graph\":[{\"@type\":\"Article\",\"@id\":\"https:\\\/\\\/www.strassenweb.de\\\/nachrichten\\\/die-vertikale-lagerung-in-anne-hathaways-wohnzimmer-ist-reines-genie-es-ist-eines-der-kluegsten-designs-die-ich-je-gesehen-habe\\\/#article\",\"isPartOf\":{\"@id\":\"https:\\\/\\\/www.strassenweb.de\\\/nachrichten\\\/die-vertikale-lagerung-in-anne-hathaways-wohnzimmer-ist-reines-genie-es-ist-eines-der-kluegsten-designs-die-ich-je-gesehen-habe\\\/\"},\"author\":{\"name\":\"Robert Hoffmann\",\"@id\":\"https:\\\/\\\/www.strassenweb.de\\\/nachrichten\\\/#\\\/schema\\\/person\\\/87c9c9067f1211da429a744dc5a5aa41\"},\"headline\":\"Die vertikale Lagerung in Anne Hathaways Wohnzimmer ist reines Genie &#8211; es ist eines der kl\u00fcgsten Designs, die ich je gesehen habe\",\"datePublished\":\"2025-09-29T05:41:52+00:00\",\"dateModified\":\"2025-09-29T05:41:54+00:00\",\"mainEntityOfPage\":{\"@id\":\"https:\\\/\\\/www.strassenweb.de\\\/nachrichten\\\/die-vertikale-lagerung-in-anne-hathaways-wohnzimmer-ist-reines-genie-es-ist-eines-der-kluegsten-designs-die-ich-je-gesehen-habe\\\/\"},\"wordCount\":610,\"publisher\":{\"@id\":\"https:\\\/\\\/www.strassenweb.de\\\/nachrichten\\\/#organization\"},\"image\":{\"@id\":\"https:\\\/\\\/www.strassenweb.de\\\/nachrichten\\\/die-vertikale-lagerung-in-anne-hathaways-wohnzimmer-ist-reines-genie-es-ist-eines-der-kluegsten-designs-die-ich-je-gesehen-habe\\\/#primaryimage\"},\"thumbnailUrl\":\"https:\\\/\\\/www.strassenweb.de\\\/nachrichten\\\/wp-content\\\/uploads\\\/2025\\\/09\\\/Die-vertikale-Lagerung-in-Anne-Hathaways-Wohnzimmer-ist-reines-Genie-scaled.jpg\",\"keywords\":[\"Anne\",\"der\",\"Designs\",\"die\",\"eines\",\"Genie\",\"gesehen\",\"habe\",\"Hathaways\",\"ich\",\"ist\",\"kl\u00fcgsten\",\"Lagerung\",\"reines\",\"vertikale\",\"Wohnzimmer\"],\"articleSection\":[\"Haus &amp; Garten\"],\"inLanguage\":\"de\"},{\"@type\":\"WebPage\",\"@id\":\"https:\\\/\\\/www.strassenweb.de\\\/nachrichten\\\/die-vertikale-lagerung-in-anne-hathaways-wohnzimmer-ist-reines-genie-es-ist-eines-der-kluegsten-designs-die-ich-je-gesehen-habe\\\/\",\"url\":\"https:\\\/\\\/www.strassenweb.de\\\/nachrichten\\\/die-vertikale-lagerung-in-anne-hathaways-wohnzimmer-ist-reines-genie-es-ist-eines-der-kluegsten-designs-die-ich-je-gesehen-habe\\\/\",\"name\":\"Die vertikale Lagerung in Anne Hathaways Wohnzimmer ist reines Genie - es ist eines der kl\u00fcgsten Designs, die ich je gesehen habe - Nachrichten - Stra\u00dfenweb\",\"isPartOf\":{\"@id\":\"https:\\\/\\\/www.strassenweb.de\\\/nachrichten\\\/#website\"},\"primaryImageOfPage\":{\"@id\":\"https:\\\/\\\/www.strassenweb.de\\\/nachrichten\\\/die-vertikale-lagerung-in-anne-hathaways-wohnzimmer-ist-reines-genie-es-ist-eines-der-kluegsten-designs-die-ich-je-gesehen-habe\\\/#primaryimage\"},\"image\":{\"@id\":\"https:\\\/\\\/www.strassenweb.de\\\/nachrichten\\\/die-vertikale-lagerung-in-anne-hathaways-wohnzimmer-ist-reines-genie-es-ist-eines-der-kluegsten-designs-die-ich-je-gesehen-habe\\\/#primaryimage\"},\"thumbnailUrl\":\"https:\\\/\\\/www.strassenweb.de\\\/nachrichten\\\/wp-content\\\/uploads\\\/2025\\\/09\\\/Die-vertikale-Lagerung-in-Anne-Hathaways-Wohnzimmer-ist-reines-Genie-scaled.jpg\",\"datePublished\":\"2025-09-29T05:41:52+00:00\",\"dateModified\":\"2025-09-29T05:41:54+00:00\",\"breadcrumb\":{\"@id\":\"https:\\\/\\\/www.strassenweb.de\\\/nachrichten\\\/die-vertikale-lagerung-in-anne-hathaways-wohnzimmer-ist-reines-genie-es-ist-eines-der-kluegsten-designs-die-ich-je-gesehen-habe\\\/#breadcrumb\"},\"inLanguage\":\"de\",\"potentialAction\":[{\"@type\":\"ReadAction\",\"target\":[\"https:\\\/\\\/www.strassenweb.de\\\/nachrichten\\\/die-vertikale-lagerung-in-anne-hathaways-wohnzimmer-ist-reines-genie-es-ist-eines-der-kluegsten-designs-die-ich-je-gesehen-habe\\\/\"]}]},{\"@type\":\"ImageObject\",\"inLanguage\":\"de\",\"@id\":\"https:\\\/\\\/www.strassenweb.de\\\/nachrichten\\\/die-vertikale-lagerung-in-anne-hathaways-wohnzimmer-ist-reines-genie-es-ist-eines-der-kluegsten-designs-die-ich-je-gesehen-habe\\\/#primaryimage\",\"url\":\"https:\\\/\\\/www.strassenweb.de\\\/nachrichten\\\/wp-content\\\/uploads\\\/2025\\\/09\\\/Die-vertikale-Lagerung-in-Anne-Hathaways-Wohnzimmer-ist-reines-Genie-scaled.jpg\",\"contentUrl\":\"https:\\\/\\\/www.strassenweb.de\\\/nachrichten\\\/wp-content\\\/uploads\\\/2025\\\/09\\\/Die-vertikale-Lagerung-in-Anne-Hathaways-Wohnzimmer-ist-reines-Genie-scaled.jpg\",\"width\":2560,\"height\":1440,\"caption\":\"Anne Hathaway\"},{\"@type\":\"BreadcrumbList\",\"@id\":\"https:\\\/\\\/www.strassenweb.de\\\/nachrichten\\\/die-vertikale-lagerung-in-anne-hathaways-wohnzimmer-ist-reines-genie-es-ist-eines-der-kluegsten-designs-die-ich-je-gesehen-habe\\\/#breadcrumb\",\"itemListElement\":[{\"@type\":\"ListItem\",\"position\":1,\"name\":\"Home\",\"item\":\"https:\\\/\\\/www.strassenweb.de\\\/nachrichten\\\/\"},{\"@type\":\"ListItem\",\"position\":2,\"name\":\"Die vertikale Lagerung in Anne Hathaways Wohnzimmer ist reines Genie &#8211; es ist eines der kl\u00fcgsten Designs, die ich je gesehen habe\"}]},{\"@type\":\"WebSite\",\"@id\":\"https:\\\/\\\/www.strassenweb.de\\\/nachrichten\\\/#website\",\"url\":\"https:\\\/\\\/www.strassenweb.de\\\/nachrichten\\\/\",\"name\":\"Stra\u00dfenweb\",\"description\":\"Stra\u00dfenverzeichnis f\u00fcr Deutschland\",\"publisher\":{\"@id\":\"https:\\\/\\\/www.strassenweb.de\\\/nachrichten\\\/#organization\"},\"potentialAction\":[{\"@type\":\"SearchAction\",\"target\":{\"@type\":\"EntryPoint\",\"urlTemplate\":\"https:\\\/\\\/www.strassenweb.de\\\/nachrichten\\\/?s={search_term_string}\"},\"query-input\":{\"@type\":\"PropertyValueSpecification\",\"valueRequired\":true,\"valueName\":\"search_term_string\"}}],\"inLanguage\":\"de\"},{\"@type\":\"Organization\",\"@id\":\"https:\\\/\\\/www.strassenweb.de\\\/nachrichten\\\/#organization\",\"name\":\"Stra\u00dfenweb\",\"url\":\"https:\\\/\\\/www.strassenweb.de\\\/nachrichten\\\/\",\"logo\":{\"@type\":\"ImageObject\",\"inLanguage\":\"de\",\"@id\":\"https:\\\/\\\/www.strassenweb.de\\\/nachrichten\\\/#\\\/schema\\\/logo\\\/image\\\/\",\"url\":\"https:\\\/\\\/www.strassenweb.de\\\/nachrichten\\\/wp-content\\\/uploads\\\/2024\\\/09\\\/cropped-favicon.png\",\"contentUrl\":\"https:\\\/\\\/www.strassenweb.de\\\/nachrichten\\\/wp-content\\\/uploads\\\/2024\\\/09\\\/cropped-favicon.png\",\"width\":512,\"height\":512,\"caption\":\"Stra\u00dfenweb\"},\"image\":{\"@id\":\"https:\\\/\\\/www.strassenweb.de\\\/nachrichten\\\/#\\\/schema\\\/logo\\\/image\\\/\"},\"sameAs\":[\"https:\\\/\\\/www.facebook.com\\\/strassenweb\\\/\"]},{\"@type\":\"Person\",\"@id\":\"https:\\\/\\\/www.strassenweb.de\\\/nachrichten\\\/#\\\/schema\\\/person\\\/87c9c9067f1211da429a744dc5a5aa41\",\"name\":\"Robert Hoffmann\",\"image\":{\"@type\":\"ImageObject\",\"inLanguage\":\"de\",\"@id\":\"https:\\\/\\\/www.strassenweb.de\\\/nachrichten\\\/wp-content\\\/uploads\\\/2024\\\/09\\\/strassenweb-150x150.jpg\",\"url\":\"https:\\\/\\\/www.strassenweb.de\\\/nachrichten\\\/wp-content\\\/uploads\\\/2024\\\/09\\\/strassenweb-150x150.jpg\",\"contentUrl\":\"https:\\\/\\\/www.strassenweb.de\\\/nachrichten\\\/wp-content\\\/uploads\\\/2024\\\/09\\\/strassenweb-150x150.jpg\",\"caption\":\"Robert Hoffmann\"},\"description\":\"Ich hei\u00dfe Robert Hoffmann und ich bin ein leidenschaftlicher Verfechter von \u00d6kologie und Biodiversit\u00e4t. Seit meiner Kindheit in den W\u00e4ldern Bayerns f\u00fchle ich mich mit der Natur verbunden und bin entschlossen, sie zu sch\u00fctzen. Heute widme ich mein Leben der Sensibilisierung anderer f\u00fcr die Bedeutung des Umweltschutzes f\u00fcr zuk\u00fcnftige Generationen.\",\"sameAs\":[\"https:\\\/\\\/www.strassenweb.de\\\/\"]}]}<\/script>\n<!-- \/ Yoast SEO plugin. -->","yoast_head_json":{"title":"Die vertikale Lagerung in Anne Hathaways Wohnzimmer ist reines Genie - es ist eines der kl\u00fcgsten Designs, die ich je gesehen habe - Nachrichten - Stra\u00dfenweb","robots":{"index":"index","follow":"follow","max-snippet":"max-snippet:-1","max-image-preview":"max-image-preview:large","max-video-preview":"max-video-preview:-1"},"canonical":"https:\/\/www.strassenweb.de\/nachrichten\/die-vertikale-lagerung-in-anne-hathaways-wohnzimmer-ist-reines-genie-es-ist-eines-der-kluegsten-designs-die-ich-je-gesehen-habe\/","og_locale":"de_DE","og_type":"article","og_title":"Die vertikale Lagerung in Anne Hathaways Wohnzimmer ist reines Genie - es ist eines der kl\u00fcgsten Designs, die ich je gesehen habe - Nachrichten - Stra\u00dfenweb","og_description":"Mein gesamtes Job besteht darin, Promi -H\u00e4user zu betrachten, und es ist immer aufregend, ein Design -Feature oder -Stil zu erkennen, das sich v\u00f6llig neu","og_url":"https:\/\/www.strassenweb.de\/nachrichten\/die-vertikale-lagerung-in-anne-hathaways-wohnzimmer-ist-reines-genie-es-ist-eines-der-kluegsten-designs-die-ich-je-gesehen-habe\/","og_site_name":"Stra\u00dfenweb","article_publisher":"https:\/\/www.facebook.com\/strassenweb\/","article_published_time":"2025-09-29T05:41:52+00:00","article_modified_time":"2025-09-29T05:41:54+00:00","og_image":[{"width":2560,"height":1440,"url":"https:\/\/www.strassenweb.de\/nachrichten\/wp-content\/uploads\/2025\/09\/Die-vertikale-Lagerung-in-Anne-Hathaways-Wohnzimmer-ist-reines-Genie-scaled.jpg","type":"image\/jpeg"}],"author":"Robert Hoffmann","twitter_card":"summary_large_image","twitter_misc":{"Verfasst von":"Robert Hoffmann","Gesch\u00e4tzte Lesezeit":"3\u00a0Minuten"},"schema":{"@context":"https:\/\/schema.org","@graph":[{"@type":"Article","@id":"https:\/\/www.strassenweb.de\/nachrichten\/die-vertikale-lagerung-in-anne-hathaways-wohnzimmer-ist-reines-genie-es-ist-eines-der-kluegsten-designs-die-ich-je-gesehen-habe\/#article","isPartOf":{"@id":"https:\/\/www.strassenweb.de\/nachrichten\/die-vertikale-lagerung-in-anne-hathaways-wohnzimmer-ist-reines-genie-es-ist-eines-der-kluegsten-designs-die-ich-je-gesehen-habe\/"},"author":{"name":"Robert Hoffmann","@id":"https:\/\/www.strassenweb.de\/nachrichten\/#\/schema\/person\/87c9c9067f1211da429a744dc5a5aa41"},"headline":"Die vertikale Lagerung in Anne Hathaways Wohnzimmer ist reines Genie &#8211; es ist eines der kl\u00fcgsten Designs, die ich je gesehen habe","datePublished":"2025-09-29T05:41:52+00:00","dateModified":"2025-09-29T05:41:54+00:00","mainEntityOfPage":{"@id":"https:\/\/www.strassenweb.de\/nachrichten\/die-vertikale-lagerung-in-anne-hathaways-wohnzimmer-ist-reines-genie-es-ist-eines-der-kluegsten-designs-die-ich-je-gesehen-habe\/"},"wordCount":610,"publisher":{"@id":"https:\/\/www.strassenweb.de\/nachrichten\/#organization"},"image":{"@id":"https:\/\/www.strassenweb.de\/nachrichten\/die-vertikale-lagerung-in-anne-hathaways-wohnzimmer-ist-reines-genie-es-ist-eines-der-kluegsten-designs-die-ich-je-gesehen-habe\/#primaryimage"},"thumbnailUrl":"https:\/\/www.strassenweb.de\/nachrichten\/wp-content\/uploads\/2025\/09\/Die-vertikale-Lagerung-in-Anne-Hathaways-Wohnzimmer-ist-reines-Genie-scaled.jpg","keywords":["Anne","der","Designs","die","eines","Genie","gesehen","habe","Hathaways","ich","ist","kl\u00fcgsten","Lagerung","reines","vertikale","Wohnzimmer"],"articleSection":["Haus &amp; Garten"],"inLanguage":"de"},{"@type":"WebPage","@id":"https:\/\/www.strassenweb.de\/nachrichten\/die-vertikale-lagerung-in-anne-hathaways-wohnzimmer-ist-reines-genie-es-ist-eines-der-kluegsten-designs-die-ich-je-gesehen-habe\/","url":"https:\/\/www.strassenweb.de\/nachrichten\/die-vertikale-lagerung-in-anne-hathaways-wohnzimmer-ist-reines-genie-es-ist-eines-der-kluegsten-designs-die-ich-je-gesehen-habe\/","name":"Die vertikale Lagerung in Anne Hathaways Wohnzimmer ist reines Genie - es ist eines der kl\u00fcgsten Designs, die ich je gesehen habe - Nachrichten - Stra\u00dfenweb","isPartOf":{"@id":"https:\/\/www.strassenweb.de\/nachrichten\/#website"},"primaryImageOfPage":{"@id":"https:\/\/www.strassenweb.de\/nachrichten\/die-vertikale-lagerung-in-anne-hathaways-wohnzimmer-ist-reines-genie-es-ist-eines-der-kluegsten-designs-die-ich-je-gesehen-habe\/#primaryimage"},"image":{"@id":"https:\/\/www.strassenweb.de\/nachrichten\/die-vertikale-lagerung-in-anne-hathaways-wohnzimmer-ist-reines-genie-es-ist-eines-der-kluegsten-designs-die-ich-je-gesehen-habe\/#primaryimage"},"thumbnailUrl":"https:\/\/www.strassenweb.de\/nachrichten\/wp-content\/uploads\/2025\/09\/Die-vertikale-Lagerung-in-Anne-Hathaways-Wohnzimmer-ist-reines-Genie-scaled.jpg","datePublished":"2025-09-29T05:41:52+00:00","dateModified":"2025-09-29T05:41:54+00:00","breadcrumb":{"@id":"https:\/\/www.strassenweb.de\/nachrichten\/die-vertikale-lagerung-in-anne-hathaways-wohnzimmer-ist-reines-genie-es-ist-eines-der-kluegsten-designs-die-ich-je-gesehen-habe\/#breadcrumb"},"inLanguage":"de","potentialAction":[{"@type":"ReadAction","target":["https:\/\/www.strassenweb.de\/nachrichten\/die-vertikale-lagerung-in-anne-hathaways-wohnzimmer-ist-reines-genie-es-ist-eines-der-kluegsten-designs-die-ich-je-gesehen-habe\/"]}]},{"@type":"ImageObject","inLanguage":"de","@id":"https:\/\/www.strassenweb.de\/nachrichten\/die-vertikale-lagerung-in-anne-hathaways-wohnzimmer-ist-reines-genie-es-ist-eines-der-kluegsten-designs-die-ich-je-gesehen-habe\/#primaryimage","url":"https:\/\/www.strassenweb.de\/nachrichten\/wp-content\/uploads\/2025\/09\/Die-vertikale-Lagerung-in-Anne-Hathaways-Wohnzimmer-ist-reines-Genie-scaled.jpg","contentUrl":"https:\/\/www.strassenweb.de\/nachrichten\/wp-content\/uploads\/2025\/09\/Die-vertikale-Lagerung-in-Anne-Hathaways-Wohnzimmer-ist-reines-Genie-scaled.jpg","width":2560,"height":1440,"caption":"Anne Hathaway"},{"@type":"BreadcrumbList","@id":"https:\/\/www.strassenweb.de\/nachrichten\/die-vertikale-lagerung-in-anne-hathaways-wohnzimmer-ist-reines-genie-es-ist-eines-der-kluegsten-designs-die-ich-je-gesehen-habe\/#breadcrumb","itemListElement":[{"@type":"ListItem","position":1,"name":"Home","item":"https:\/\/www.strassenweb.de\/nachrichten\/"},{"@type":"ListItem","position":2,"name":"Die vertikale Lagerung in Anne Hathaways Wohnzimmer ist reines Genie &#8211; es ist eines der kl\u00fcgsten Designs, die ich je gesehen habe"}]},{"@type":"WebSite","@id":"https:\/\/www.strassenweb.de\/nachrichten\/#website","url":"https:\/\/www.strassenweb.de\/nachrichten\/","name":"Stra\u00dfenweb","description":"Stra\u00dfenverzeichnis f\u00fcr Deutschland","publisher":{"@id":"https:\/\/www.strassenweb.de\/nachrichten\/#organization"},"potentialAction":[{"@type":"SearchAction","target":{"@type":"EntryPoint","urlTemplate":"https:\/\/www.strassenweb.de\/nachrichten\/?s={search_term_string}"},"query-input":{"@type":"PropertyValueSpecification","valueRequired":true,"valueName":"search_term_string"}}],"inLanguage":"de"},{"@type":"Organization","@id":"https:\/\/www.strassenweb.de\/nachrichten\/#organization","name":"Stra\u00dfenweb","url":"https:\/\/www.strassenweb.de\/nachrichten\/","logo":{"@type":"ImageObject","inLanguage":"de","@id":"https:\/\/www.strassenweb.de\/nachrichten\/#\/schema\/logo\/image\/","url":"https:\/\/www.strassenweb.de\/nachrichten\/wp-content\/uploads\/2024\/09\/cropped-favicon.png","contentUrl":"https:\/\/www.strassenweb.de\/nachrichten\/wp-content\/uploads\/2024\/09\/cropped-favicon.png","width":512,"height":512,"caption":"Stra\u00dfenweb"},"image":{"@id":"https:\/\/www.strassenweb.de\/nachrichten\/#\/schema\/logo\/image\/"},"sameAs":["https:\/\/www.facebook.com\/strassenweb\/"]},{"@type":"Person","@id":"https:\/\/www.strassenweb.de\/nachrichten\/#\/schema\/person\/87c9c9067f1211da429a744dc5a5aa41","name":"Robert Hoffmann","image":{"@type":"ImageObject","inLanguage":"de","@id":"https:\/\/www.strassenweb.de\/nachrichten\/wp-content\/uploads\/2024\/09\/strassenweb-150x150.jpg","url":"https:\/\/www.strassenweb.de\/nachrichten\/wp-content\/uploads\/2024\/09\/strassenweb-150x150.jpg","contentUrl":"https:\/\/www.strassenweb.de\/nachrichten\/wp-content\/uploads\/2024\/09\/strassenweb-150x150.jpg","caption":"Robert Hoffmann"},"description":"Ich hei\u00dfe Robert Hoffmann und ich bin ein leidenschaftlicher Verfechter von \u00d6kologie und Biodiversit\u00e4t. Seit meiner Kindheit in den W\u00e4ldern Bayerns f\u00fchle ich mich mit der Natur verbunden und bin entschlossen, sie zu sch\u00fctzen. Heute widme ich mein Leben der Sensibilisierung anderer f\u00fcr die Bedeutung des Umweltschutzes f\u00fcr zuk\u00fcnftige Generationen.","sameAs":["https:\/\/www.strassenweb.de\/"]}]}},"_links":{"self":[{"href":"https:\/\/www.strassenweb.de\/nachrichten\/wp-json\/wp\/v2\/posts\/8070","targetHints":{"allow":["GET"]}}],"collection":[{"href":"https:\/\/www.strassenweb.de\/nachrichten\/wp-json\/wp\/v2\/posts"}],"about":[{"href":"https:\/\/www.strassenweb.de\/nachrichten\/wp-json\/wp\/v2\/types\/post"}],"author":[{"embeddable":true,"href":"https:\/\/www.strassenweb.de\/nachrichten\/wp-json\/wp\/v2\/users\/1"}],"replies":[{"embeddable":true,"href":"https:\/\/www.strassenweb.de\/nachrichten\/wp-json\/wp\/v2\/comments?post=8070"}],"version-history":[{"count":0,"href":"https:\/\/www.strassenweb.de\/nachrichten\/wp-json\/wp\/v2\/posts\/8070\/revisions"}],"wp:featuredmedia":[{"embeddable":true,"href":"https:\/\/www.strassenweb.de\/nachrichten\/wp-json\/wp\/v2\/media\/8071"}],"wp:attachment":[{"href":"https:\/\/www.strassenweb.de\/nachrichten\/wp-json\/wp\/v2\/media?parent=8070"}],"wp:term":[{"taxonomy":"category","embeddable":true,"href":"https:\/\/www.strassenweb.de\/nachrichten\/wp-json\/wp\/v2\/categories?post=8070"},{"taxonomy":"post_tag","embeddable":true,"href":"https:\/\/www.strassenweb.de\/nachrichten\/wp-json\/wp\/v2\/tags?post=8070"}],"curies":[{"name":"wp","href":"https:\/\/api.w.org\/{rel}","templated":true}]}}