{"id":8062,"date":"2025-09-28T22:39:43","date_gmt":"2025-09-28T20:39:43","guid":{"rendered":"https:\/\/www.strassenweb.de\/nachrichten\/essentielle-herbstpflege-fuer-rhododendren-und-azaleen-experten-tipps-zur-vorbereitung-ihrer-straeucher-fuer-die-kaelteren-monate\/"},"modified":"2025-09-28T22:39:45","modified_gmt":"2025-09-28T20:39:45","slug":"essentielle-herbstpflege-fuer-rhododendren-und-azaleen-experten-tipps-zur-vorbereitung-ihrer-straeucher-fuer-die-kaelteren-monate","status":"publish","type":"post","link":"https:\/\/www.strassenweb.de\/nachrichten\/essentielle-herbstpflege-fuer-rhododendren-und-azaleen-experten-tipps-zur-vorbereitung-ihrer-straeucher-fuer-die-kaelteren-monate\/","title":{"rendered":"Essentielle Herbstpflege f\u00fcr Rhododendren und Azaleen &#8211; Experten -Tipps zur Vorbereitung Ihrer Str\u00e4ucher f\u00fcr die k\u00e4lteren Monate"},"content":{"rendered":"<p><\/p>\n<div id=\"article-body\" class=\"article__body \">\n<p id=\"e17e448c-e7a1-4d9a-9945-ef992f978bc1\">Wenn die lebendigen Farben des Herbstes anfangen, die Landschaft zu malen, ist es der perfekte Zeitpunkt, um Ihren Rhododendren und Azaleen die Aufmerksamkeit zu geben, die sie im n\u00e4chsten Fr\u00fchling ben\u00f6tigen.<\/p>\n<div id=\"ad-unit-1\" class=\"ad-unit\"><\/div>\n<p>W\u00e4hrend diese winterharten Str\u00e4ucher m\u00f6glicherweise wartungsarm erscheinen, k\u00f6nnen einige einfache, zeitnahe Aktionen in diesem Herbst den Unterschied ausmachen und sicherstellen, dass eine spektakul\u00e4re Show von Bl\u00fcten w\u00e4rmer ist. Vom Rhododendron der einheimischen Pazifik bis zu den verschiedenen in G\u00e4rten auf der ganzen Welt angebauten Sorten, ist es entscheidend, die spezifischen Bed\u00fcrfnisse dieser Pflanzen zu verstehen und zu untersuchen, wie Rhododendren beim Wechsel der Ver\u00e4nderungen der Jahreszeiten anbauen k\u00f6nnen.<\/p>\n<p>Als professioneller G\u00e4rtner habe ich in vielen G\u00e4rten, in denen ich gearbeitet habe, Rhododendren und Azaleen angebaut. W\u00e4hrend diese beliebten Str\u00e4ucher leicht zu pflegen sind, sch\u00fctzen einige einfache Schritte wie Mulching, leichter Schnitt und ordnungsgem\u00e4\u00dfes Bew\u00e4sserung Ihre wertvollen Str\u00e4ucher vor den harten Frosts vor uns und stellen sie f\u00fcr ihre bisher beste Bl\u00fctensaison vor.<\/p>\n<div class=\"van_vid_carousel\">\n<div class=\"van_vid_carousel__padding\">\n<div class=\"van_vid_carousel__container\"><\/div>\n<\/div>\n<\/div>\n<figure class=\"van-image-figure inline-layout \" data-bordeaux-image-check id=\"5480048a-c390-4fc8-a2ae-539e734a726b\">\n<div class=\"image-full-width-wrapper\">\n<div class=\"image-widthsetter\" style=\"max-width:2400px;\"><\/div>\n<\/div>\n<\/figure>\n<h3 class=\"article-body__section\" id=\"section-1-mulch-rhododendron-and-azalea-shrubs\"><span>1. Mulch Rhododendron und Azalea -Str\u00e4ucher<\/span><\/h3>\n<figure class=\"van-image-figure inline-layout \" data-bordeaux-image-check id=\"715305da-aba0-49da-b49b-837654ce4d86\">\n<div class=\"image-full-width-wrapper\">\n<div class=\"image-widthsetter\" style=\"max-width:2400px;\"><\/div>\n<\/div>\n<\/figure>\n<p id=\"5a2f2fa1-45e3-4f2b-8754-99c3fce2194e\">Wenn die Temperaturen fallen und wir in Richtung Winter gehen, ist eine Mulchschicht die beste Verteidigung f\u00fcr Ihre Rhododendren. Dies ist besonders wichtig, wenn Sie in k\u00e4lteren Regionen leben, wie <strong>US Hardiness Zones<\/strong><strong>  4 oder 5<\/strong>. Das Mulchen sch\u00fctzt nicht nur Ihre Pflanzen vor hartem Winterwetter, sondern hilft auch bei der Unterdr\u00fcckung von Unkr\u00e4utern und spart Ihnen Zeit und M\u00fche in den feuchten Herbstmonaten.<\/p>\n<div id=\"ad-unit-2\" class=\"ad-unit\"><\/div>\n<aside data-block-type=\"embed\" data-render-type=\"fte\" data-skip=\"dealsy\" data-widget-type=\"seasonal\" class=\"hawk-base\"><\/aside>\n<p id=\"5a2f2fa1-45e3-4f2b-8754-99c3fce2194e-1\">Um Ihren Pflanzen den besten Schutz zu bieten, wenden Sie im Oktober oder November vor dem ersten harten Frost eine zwei Zoll gro\u00dfe Schicht Bio-Mulch wie Kiefernrinde an der Basis Ihrer Rhododendren auf. Stellen Sie sicher, dass Sie ein paar Zentimeter Platz zwischen dem Mulch und dem Kofferraum lassen, um F\u00e4ulnis zu verhindern. Dieser einfache Schritt wird ihre flachen Wurzeln isolieren und den ganzen Winter \u00fcber ein gesundes \u00d6kosystem in Ihrem Garten unterst\u00fctzen.<\/p>\n<div class=\"product-container horizontal-product-container\">\n<div class=\"product-block-row\"><\/div>\n<\/div>\n<h3 class=\"article-body__section\" id=\"section-2-lightly-prune-your-rhododendrons-and-azaleas\"><span>2. Beschneiden Sie Ihre Rhododendren und Azaleen leicht<\/span><\/h3>\n<figure class=\"van-image-figure inline-layout \" data-bordeaux-image-check id=\"90749355-3832-43c3-a73e-11f4ba07b5c8\">\n<div class=\"image-full-width-wrapper\">\n<div class=\"image-widthsetter\" style=\"max-width:2400px;\"><\/div>\n<\/div>\n<\/figure>\n<p id=\"1c89dbee-0a6c-41d9-a794-9cdce4074fc5\">Leicht <u>Rhododendren beschneiden<\/u> Und Azaleen im Herbst sorgen daf\u00fcr, dass sie gesund und in gutem Zustand bleiben. Konzentrieren Sie sich darauf, tote oder erkrankte Zweige zu entfernen &#8211; sie sind leicht zu erkennen, indem sie an Bl\u00e4ttern und geschw\u00e4rztem Erscheinungsbild mangeln. Verwenden Sie f\u00fcr dickere Zweige einen scharfen <u>Beschneidungss\u00e4ge, bei Walmart erh\u00e4ltlich<\/u> Und schneiden Sie zu einem gesunden Stamm oder schie\u00dfen Sie.<\/p>\n<p>Jetzt ist auch eine gro\u00dfartige Zeit f\u00fcr eine letzte Runde mit Deadheading, was bedeutet, dass verbleibende gebrauchte Bl\u00fcten oder Samenschoten abgeholt werden. Einfach <u>Deadhead Azalea und Rhododendron Str\u00e4ucher<\/u> Indem Sie alle verblassten Bl\u00fcten oder Samenschoten bis zum Stamm abschneiden, verwenden Sie so saubere und scharfe Werkzeuge wie diese <u>Felco Pruners, erh\u00e4ltlich bei Amazon<\/u>.<\/p>\n<div id=\"slice-container-newsletterForm-articleInbodyContent-yinSC8eX68Y7m4uXejSBQm\" class=\"slice-container newsletter-inbodyContent-slice newsletterForm-articleInbodyContent-yinSC8eX68Y7m4uXejSBQm slice-container-newsletterForm\"><\/div>\n<p>Diese einfache Aktion verhindert, dass Ihre Pflanze Energie bei der Samenproduktion verschwendet und diese Energie zur St\u00e4rkung ihrer Wurzeln und des Laubs f\u00fcr den Winter umleitet. Im n\u00e4chsten Fr\u00fchjahr stellen Sie Ihre Rhododendren f\u00fcr eine atemberaubende Blumenausstellung vor und vermeiden sp\u00e4ter einen Hof voller unerw\u00fcnschter S\u00e4mlinge.<\/p>\n<h3 class=\"article-body__section\" id=\"section-3-water-rhododendron-and-azalea-shrubs-deeply\"><span>3. Wasser Rhododendron und Azalea -Str\u00e4ucher tief<\/span><\/h3>\n<figure class=\"van-image-figure inline-layout \" data-bordeaux-image-check id=\"d060cfec-e7be-4cd6-8755-a07c54f46358\">\n<div class=\"image-full-width-wrapper\">\n<div class=\"image-widthsetter\" style=\"max-width:2400px;\"><\/div>\n<\/div>\n<\/figure>\n<p id=\"e3833984-f9ba-4cd0-91d9-bb2afdafbd36\">Auch wenn die Tage k\u00fcrzer werden, ist es entscheidend, Ihren Rhododendren im Herbst gen\u00fcgend Wasser zu geben. Der Herbst kann eine unglaublich ver\u00e4nderliche Saison sein, wobei warmes und trockenes Wetter eine wichtige Aufgabe zu einer wichtigen Aufgabe sein kann <u>Herbstgarten -Checkliste<\/u>. Als Waldpflanzen gedeihen Rhododendronen und Azaleen im feuchten Boden, und ein gutes Getr\u00e4nk hilft ihnen jetzt, die trockenen, kalten Monate vorhanden zu ertragen.<\/p>\n<p>&#8222;Rhododendren und Azaleen sind typischerweise Waldpflanzen&#8220;, sagt <u>Kathy Jentz<\/u>Azalea -Experte und Herausgeber des Azalers, was bedeutet, dass sie in feuchten B\u00f6den gedeihen. Aus diesem Grund sorgt die erg\u00e4nzende Bew\u00e4sserung durch den Sp\u00e4tsommer bis zum fr\u00fchen Herbst daf\u00fcr, dass Ihre Pflanzen das haben, was sie f\u00fcr die dunklen, kalten Monate im Voraus ben\u00f6tigen.<\/p>\n<p>&#8218;Es ist am besten, dem zu folgen <u>tiefe Bew\u00e4sserung<\/u> Ansatz &#8222;Kathy r\u00e4t&#8220;, mit seltenen, aber gr\u00fcndlichen Wasser-, die kleinere Mengen weit vorzuziehen sind. &#8222;<\/p>\n<p>Die Wassermenge variiert je nach Boden und Wetter, aber ich w\u00fcrde immer mindestens zwei oder mehr Dosen vorschlagen, die Wurzeln weit unter der Erde zu erreichen. Der Kauf einer qualitativ hochwertigen Bew\u00e4sserungsdose ist eine langfristige Investition, die ich nicht genug empfehlen kann, wie diese <u>Verzinkte Stahlw\u00e4sserung, erh\u00e4ltlich bei Amazon<\/u>.<\/p>\n<h3 class=\"article-body__section\" id=\"section-faqs\"><span>FAQs<\/span><\/h3>\n<h2 id=\"what-is-eating-the-lower-leaves-of-my-azalea-3\">Was frisst die unteren Bl\u00e4tter meiner Azalea? <\/h2>\n<p id=\"11613d78-5804-4571-9be3-0d4834e4ddf8\">Wenn Blattsch\u00e4den auf die unteren Bl\u00e4tter Ihres Rhododendron- oder Azalea -Pflanzen beschr\u00e4nkt sind, ist dies h\u00e4ufig das Ergebnis von hungrigen Hirschen, die durch Ihren Garten f\u00e4hrt. Wenn Sie einen gro\u00dfen Strauch haben, ist dies normalerweise kein Problem, da sie nicht in der Lage sind, den oberen Baldachin zu erreichen. F\u00fcr kleinere Str\u00e4ucher ist es jedoch eine gute Idee, diese Sch\u00e4dlinge abzuschrecken, indem sie so etwas wie diese organischen Pfefferminzableitungsb\u00e4lle von Amazon verwenden.<\/p>\n<hr id=\"58abf827-344a-46ce-8658-0346400ded76\">\n<p id=\"2eb78788-f60e-4351-a906-1c1889ef0c04\">Ein letztes Wort der Warnung und eine der wichtigsten Regeln f\u00fcr den Herbst -Rhododendron -Versorgung besteht darin, diese Bl\u00fcten zu dieser Jahreszeit niemals zu d\u00fcngen. Es scheint zwar eine gute Idee, Ihren Pflanzen vor dem Winter einen Schub zu geben, aber es ist ein h\u00e4ufiger befruchtender Fehler, der tats\u00e4chlich sch\u00e4dlich sein kann.<\/p>\n<p>Kathy Jentz erkl\u00e4rt: &#8222;Das F\u00fcttern im Herbst kann Ihr Werk dazu ermutigen, neues Wachstum zu erzielen, das dann im Winter get\u00f6tet wird.&#8220; Dieses neue Wachstum ist \u00e4u\u00dferst anf\u00e4llig f\u00fcr Frost- und Kalttemperaturen, die die Anlage besch\u00e4digen k\u00f6nnen. Es ist am besten, Ihren D\u00fcnger f\u00fcr den Fr\u00fchling zu retten, wenn Ihre Rhododendren aktiv wachsen und die N\u00e4hrstoffe sicher verwenden k\u00f6nnen.<\/p>\n<\/div>\n","protected":false},"excerpt":{"rendered":"<p>Wenn die lebendigen Farben des Herbstes anfangen, die Landschaft zu malen, ist es der perfekte Zeitpunkt, um Ihren Rhododendren und Azaleen die Aufmerksamkeit zu geben,<\/p>\n","protected":false},"author":1,"featured_media":8063,"comment_status":"closed","ping_status":"","sticky":false,"template":"","format":"standard","meta":{"footnotes":""},"categories":[118],"tags":[1007,9,6530,667,55,10432,11,1009,1010,1006,1008,1701,37,752,99],"class_list":["post-8062","post","type-post","status-publish","format-standard","has-post-thumbnail","hentry","category-haus-garten","tag-azaleen","tag-die","tag-essentielle","tag-experten","tag-fuer","tag-herbstpflege","tag-ihrer","tag-kaelteren","tag-monate","tag-rhododendren","tag-straeucher","tag-tipps","tag-und","tag-vorbereitung","tag-zur","generate-columns","tablet-grid-50","mobile-grid-100","grid-parent","grid-50"],"yoast_head":"<!-- This site is optimized with the Yoast SEO plugin v27.3 - https:\/\/yoast.com\/product\/yoast-seo-wordpress\/ -->\n<title>Essentielle Herbstpflege f\u00fcr Rhododendren und Azaleen - Experten -Tipps zur Vorbereitung Ihrer Str\u00e4ucher f\u00fcr die k\u00e4lteren Monate - Nachrichten - Stra\u00dfenweb<\/title>\n<meta name=\"robots\" content=\"index, follow, max-snippet:-1, max-image-preview:large, max-video-preview:-1\" \/>\n<link rel=\"canonical\" href=\"https:\/\/www.strassenweb.de\/nachrichten\/essentielle-herbstpflege-fuer-rhododendren-und-azaleen-experten-tipps-zur-vorbereitung-ihrer-straeucher-fuer-die-kaelteren-monate\/\" \/>\n<meta property=\"og:locale\" content=\"de_DE\" \/>\n<meta property=\"og:type\" content=\"article\" \/>\n<meta property=\"og:title\" content=\"Essentielle Herbstpflege f\u00fcr Rhododendren und Azaleen - Experten -Tipps zur Vorbereitung Ihrer Str\u00e4ucher f\u00fcr die k\u00e4lteren Monate - Nachrichten - Stra\u00dfenweb\" \/>\n<meta property=\"og:description\" content=\"Wenn die lebendigen Farben des Herbstes anfangen, die Landschaft zu malen, ist es der perfekte Zeitpunkt, um Ihren Rhododendren und Azaleen die Aufmerksamkeit zu geben,\" \/>\n<meta property=\"og:url\" content=\"https:\/\/www.strassenweb.de\/nachrichten\/essentielle-herbstpflege-fuer-rhododendren-und-azaleen-experten-tipps-zur-vorbereitung-ihrer-straeucher-fuer-die-kaelteren-monate\/\" \/>\n<meta property=\"og:site_name\" content=\"Stra\u00dfenweb\" \/>\n<meta property=\"article:publisher\" content=\"https:\/\/www.facebook.com\/strassenweb\/\" \/>\n<meta property=\"article:published_time\" content=\"2025-09-28T20:39:43+00:00\" \/>\n<meta property=\"article:modified_time\" content=\"2025-09-28T20:39:45+00:00\" \/>\n<meta property=\"og:image\" content=\"https:\/\/www.strassenweb.de\/nachrichten\/wp-content\/uploads\/2025\/09\/Essentielle-Herbstpflege-fuer-Rhododendren-und-Azaleen-Experten-Tipps-zur.jpg\" \/>\n\t<meta property=\"og:image:width\" content=\"1600\" \/>\n\t<meta property=\"og:image:height\" content=\"900\" \/>\n\t<meta property=\"og:image:type\" content=\"image\/jpeg\" \/>\n<meta name=\"author\" content=\"Robert Hoffmann\" \/>\n<meta name=\"twitter:card\" content=\"summary_large_image\" \/>\n<meta name=\"twitter:label1\" content=\"Verfasst von\" \/>\n\t<meta name=\"twitter:data1\" content=\"Robert Hoffmann\" \/>\n\t<meta name=\"twitter:label2\" content=\"Gesch\u00e4tzte Lesezeit\" \/>\n\t<meta name=\"twitter:data2\" content=\"5\u00a0Minuten\" \/>\n<script type=\"application\/ld+json\" class=\"yoast-schema-graph\">{\"@context\":\"https:\\\/\\\/schema.org\",\"@graph\":[{\"@type\":\"Article\",\"@id\":\"https:\\\/\\\/www.strassenweb.de\\\/nachrichten\\\/essentielle-herbstpflege-fuer-rhododendren-und-azaleen-experten-tipps-zur-vorbereitung-ihrer-straeucher-fuer-die-kaelteren-monate\\\/#article\",\"isPartOf\":{\"@id\":\"https:\\\/\\\/www.strassenweb.de\\\/nachrichten\\\/essentielle-herbstpflege-fuer-rhododendren-und-azaleen-experten-tipps-zur-vorbereitung-ihrer-straeucher-fuer-die-kaelteren-monate\\\/\"},\"author\":{\"name\":\"Robert Hoffmann\",\"@id\":\"https:\\\/\\\/www.strassenweb.de\\\/nachrichten\\\/#\\\/schema\\\/person\\\/87c9c9067f1211da429a744dc5a5aa41\"},\"headline\":\"Essentielle Herbstpflege f\u00fcr Rhododendren und Azaleen &#8211; Experten -Tipps zur Vorbereitung Ihrer Str\u00e4ucher f\u00fcr die k\u00e4lteren Monate\",\"datePublished\":\"2025-09-28T20:39:43+00:00\",\"dateModified\":\"2025-09-28T20:39:45+00:00\",\"mainEntityOfPage\":{\"@id\":\"https:\\\/\\\/www.strassenweb.de\\\/nachrichten\\\/essentielle-herbstpflege-fuer-rhododendren-und-azaleen-experten-tipps-zur-vorbereitung-ihrer-straeucher-fuer-die-kaelteren-monate\\\/\"},\"wordCount\":972,\"publisher\":{\"@id\":\"https:\\\/\\\/www.strassenweb.de\\\/nachrichten\\\/#organization\"},\"image\":{\"@id\":\"https:\\\/\\\/www.strassenweb.de\\\/nachrichten\\\/essentielle-herbstpflege-fuer-rhododendren-und-azaleen-experten-tipps-zur-vorbereitung-ihrer-straeucher-fuer-die-kaelteren-monate\\\/#primaryimage\"},\"thumbnailUrl\":\"https:\\\/\\\/www.strassenweb.de\\\/nachrichten\\\/wp-content\\\/uploads\\\/2025\\\/09\\\/Essentielle-Herbstpflege-fuer-Rhododendren-und-Azaleen-Experten-Tipps-zur.jpg\",\"keywords\":[\"Azaleen\",\"die\",\"Essentielle\",\"Experten\",\"f\u00fcr\",\"Herbstpflege\",\"ihrer\",\"k\u00e4lteren\",\"Monate\",\"Rhododendren\",\"Str\u00e4ucher\",\"Tipps\",\"und\",\"Vorbereitung\",\"zur\"],\"articleSection\":[\"Haus &amp; Garten\"],\"inLanguage\":\"de\"},{\"@type\":\"WebPage\",\"@id\":\"https:\\\/\\\/www.strassenweb.de\\\/nachrichten\\\/essentielle-herbstpflege-fuer-rhododendren-und-azaleen-experten-tipps-zur-vorbereitung-ihrer-straeucher-fuer-die-kaelteren-monate\\\/\",\"url\":\"https:\\\/\\\/www.strassenweb.de\\\/nachrichten\\\/essentielle-herbstpflege-fuer-rhododendren-und-azaleen-experten-tipps-zur-vorbereitung-ihrer-straeucher-fuer-die-kaelteren-monate\\\/\",\"name\":\"Essentielle Herbstpflege f\u00fcr Rhododendren und Azaleen - Experten -Tipps zur Vorbereitung Ihrer Str\u00e4ucher f\u00fcr die k\u00e4lteren Monate - Nachrichten - Stra\u00dfenweb\",\"isPartOf\":{\"@id\":\"https:\\\/\\\/www.strassenweb.de\\\/nachrichten\\\/#website\"},\"primaryImageOfPage\":{\"@id\":\"https:\\\/\\\/www.strassenweb.de\\\/nachrichten\\\/essentielle-herbstpflege-fuer-rhododendren-und-azaleen-experten-tipps-zur-vorbereitung-ihrer-straeucher-fuer-die-kaelteren-monate\\\/#primaryimage\"},\"image\":{\"@id\":\"https:\\\/\\\/www.strassenweb.de\\\/nachrichten\\\/essentielle-herbstpflege-fuer-rhododendren-und-azaleen-experten-tipps-zur-vorbereitung-ihrer-straeucher-fuer-die-kaelteren-monate\\\/#primaryimage\"},\"thumbnailUrl\":\"https:\\\/\\\/www.strassenweb.de\\\/nachrichten\\\/wp-content\\\/uploads\\\/2025\\\/09\\\/Essentielle-Herbstpflege-fuer-Rhododendren-und-Azaleen-Experten-Tipps-zur.jpg\",\"datePublished\":\"2025-09-28T20:39:43+00:00\",\"dateModified\":\"2025-09-28T20:39:45+00:00\",\"breadcrumb\":{\"@id\":\"https:\\\/\\\/www.strassenweb.de\\\/nachrichten\\\/essentielle-herbstpflege-fuer-rhododendren-und-azaleen-experten-tipps-zur-vorbereitung-ihrer-straeucher-fuer-die-kaelteren-monate\\\/#breadcrumb\"},\"inLanguage\":\"de\",\"potentialAction\":[{\"@type\":\"ReadAction\",\"target\":[\"https:\\\/\\\/www.strassenweb.de\\\/nachrichten\\\/essentielle-herbstpflege-fuer-rhododendren-und-azaleen-experten-tipps-zur-vorbereitung-ihrer-straeucher-fuer-die-kaelteren-monate\\\/\"]}]},{\"@type\":\"ImageObject\",\"inLanguage\":\"de\",\"@id\":\"https:\\\/\\\/www.strassenweb.de\\\/nachrichten\\\/essentielle-herbstpflege-fuer-rhododendren-und-azaleen-experten-tipps-zur-vorbereitung-ihrer-straeucher-fuer-die-kaelteren-monate\\\/#primaryimage\",\"url\":\"https:\\\/\\\/www.strassenweb.de\\\/nachrichten\\\/wp-content\\\/uploads\\\/2025\\\/09\\\/Essentielle-Herbstpflege-fuer-Rhododendren-und-Azaleen-Experten-Tipps-zur.jpg\",\"contentUrl\":\"https:\\\/\\\/www.strassenweb.de\\\/nachrichten\\\/wp-content\\\/uploads\\\/2025\\\/09\\\/Essentielle-Herbstpflege-fuer-Rhododendren-und-Azaleen-Experten-Tipps-zur.jpg\",\"width\":1600,\"height\":900,\"caption\":\"Orange rhododendron blooms in a sunny spring garden border\"},{\"@type\":\"BreadcrumbList\",\"@id\":\"https:\\\/\\\/www.strassenweb.de\\\/nachrichten\\\/essentielle-herbstpflege-fuer-rhododendren-und-azaleen-experten-tipps-zur-vorbereitung-ihrer-straeucher-fuer-die-kaelteren-monate\\\/#breadcrumb\",\"itemListElement\":[{\"@type\":\"ListItem\",\"position\":1,\"name\":\"Home\",\"item\":\"https:\\\/\\\/www.strassenweb.de\\\/nachrichten\\\/\"},{\"@type\":\"ListItem\",\"position\":2,\"name\":\"Essentielle Herbstpflege f\u00fcr Rhododendren und Azaleen &#8211; Experten -Tipps zur Vorbereitung Ihrer Str\u00e4ucher f\u00fcr die k\u00e4lteren Monate\"}]},{\"@type\":\"WebSite\",\"@id\":\"https:\\\/\\\/www.strassenweb.de\\\/nachrichten\\\/#website\",\"url\":\"https:\\\/\\\/www.strassenweb.de\\\/nachrichten\\\/\",\"name\":\"Stra\u00dfenweb\",\"description\":\"Stra\u00dfenverzeichnis f\u00fcr Deutschland\",\"publisher\":{\"@id\":\"https:\\\/\\\/www.strassenweb.de\\\/nachrichten\\\/#organization\"},\"potentialAction\":[{\"@type\":\"SearchAction\",\"target\":{\"@type\":\"EntryPoint\",\"urlTemplate\":\"https:\\\/\\\/www.strassenweb.de\\\/nachrichten\\\/?s={search_term_string}\"},\"query-input\":{\"@type\":\"PropertyValueSpecification\",\"valueRequired\":true,\"valueName\":\"search_term_string\"}}],\"inLanguage\":\"de\"},{\"@type\":\"Organization\",\"@id\":\"https:\\\/\\\/www.strassenweb.de\\\/nachrichten\\\/#organization\",\"name\":\"Stra\u00dfenweb\",\"url\":\"https:\\\/\\\/www.strassenweb.de\\\/nachrichten\\\/\",\"logo\":{\"@type\":\"ImageObject\",\"inLanguage\":\"de\",\"@id\":\"https:\\\/\\\/www.strassenweb.de\\\/nachrichten\\\/#\\\/schema\\\/logo\\\/image\\\/\",\"url\":\"https:\\\/\\\/www.strassenweb.de\\\/nachrichten\\\/wp-content\\\/uploads\\\/2024\\\/09\\\/cropped-favicon.png\",\"contentUrl\":\"https:\\\/\\\/www.strassenweb.de\\\/nachrichten\\\/wp-content\\\/uploads\\\/2024\\\/09\\\/cropped-favicon.png\",\"width\":512,\"height\":512,\"caption\":\"Stra\u00dfenweb\"},\"image\":{\"@id\":\"https:\\\/\\\/www.strassenweb.de\\\/nachrichten\\\/#\\\/schema\\\/logo\\\/image\\\/\"},\"sameAs\":[\"https:\\\/\\\/www.facebook.com\\\/strassenweb\\\/\"]},{\"@type\":\"Person\",\"@id\":\"https:\\\/\\\/www.strassenweb.de\\\/nachrichten\\\/#\\\/schema\\\/person\\\/87c9c9067f1211da429a744dc5a5aa41\",\"name\":\"Robert Hoffmann\",\"image\":{\"@type\":\"ImageObject\",\"inLanguage\":\"de\",\"@id\":\"https:\\\/\\\/www.strassenweb.de\\\/nachrichten\\\/wp-content\\\/uploads\\\/2024\\\/09\\\/strassenweb-150x150.jpg\",\"url\":\"https:\\\/\\\/www.strassenweb.de\\\/nachrichten\\\/wp-content\\\/uploads\\\/2024\\\/09\\\/strassenweb-150x150.jpg\",\"contentUrl\":\"https:\\\/\\\/www.strassenweb.de\\\/nachrichten\\\/wp-content\\\/uploads\\\/2024\\\/09\\\/strassenweb-150x150.jpg\",\"caption\":\"Robert Hoffmann\"},\"description\":\"Ich hei\u00dfe Robert Hoffmann und ich bin ein leidenschaftlicher Verfechter von \u00d6kologie und Biodiversit\u00e4t. Seit meiner Kindheit in den W\u00e4ldern Bayerns f\u00fchle ich mich mit der Natur verbunden und bin entschlossen, sie zu sch\u00fctzen. Heute widme ich mein Leben der Sensibilisierung anderer f\u00fcr die Bedeutung des Umweltschutzes f\u00fcr zuk\u00fcnftige Generationen.\",\"sameAs\":[\"https:\\\/\\\/www.strassenweb.de\\\/\"]}]}<\/script>\n<!-- \/ Yoast SEO plugin. -->","yoast_head_json":{"title":"Essentielle Herbstpflege f\u00fcr Rhododendren und Azaleen - Experten -Tipps zur Vorbereitung Ihrer Str\u00e4ucher f\u00fcr die k\u00e4lteren Monate - Nachrichten - Stra\u00dfenweb","robots":{"index":"index","follow":"follow","max-snippet":"max-snippet:-1","max-image-preview":"max-image-preview:large","max-video-preview":"max-video-preview:-1"},"canonical":"https:\/\/www.strassenweb.de\/nachrichten\/essentielle-herbstpflege-fuer-rhododendren-und-azaleen-experten-tipps-zur-vorbereitung-ihrer-straeucher-fuer-die-kaelteren-monate\/","og_locale":"de_DE","og_type":"article","og_title":"Essentielle Herbstpflege f\u00fcr Rhododendren und Azaleen - Experten -Tipps zur Vorbereitung Ihrer Str\u00e4ucher f\u00fcr die k\u00e4lteren Monate - Nachrichten - Stra\u00dfenweb","og_description":"Wenn die lebendigen Farben des Herbstes anfangen, die Landschaft zu malen, ist es der perfekte Zeitpunkt, um Ihren Rhododendren und Azaleen die Aufmerksamkeit zu geben,","og_url":"https:\/\/www.strassenweb.de\/nachrichten\/essentielle-herbstpflege-fuer-rhododendren-und-azaleen-experten-tipps-zur-vorbereitung-ihrer-straeucher-fuer-die-kaelteren-monate\/","og_site_name":"Stra\u00dfenweb","article_publisher":"https:\/\/www.facebook.com\/strassenweb\/","article_published_time":"2025-09-28T20:39:43+00:00","article_modified_time":"2025-09-28T20:39:45+00:00","og_image":[{"width":1600,"height":900,"url":"https:\/\/www.strassenweb.de\/nachrichten\/wp-content\/uploads\/2025\/09\/Essentielle-Herbstpflege-fuer-Rhododendren-und-Azaleen-Experten-Tipps-zur.jpg","type":"image\/jpeg"}],"author":"Robert Hoffmann","twitter_card":"summary_large_image","twitter_misc":{"Verfasst von":"Robert Hoffmann","Gesch\u00e4tzte Lesezeit":"5\u00a0Minuten"},"schema":{"@context":"https:\/\/schema.org","@graph":[{"@type":"Article","@id":"https:\/\/www.strassenweb.de\/nachrichten\/essentielle-herbstpflege-fuer-rhododendren-und-azaleen-experten-tipps-zur-vorbereitung-ihrer-straeucher-fuer-die-kaelteren-monate\/#article","isPartOf":{"@id":"https:\/\/www.strassenweb.de\/nachrichten\/essentielle-herbstpflege-fuer-rhododendren-und-azaleen-experten-tipps-zur-vorbereitung-ihrer-straeucher-fuer-die-kaelteren-monate\/"},"author":{"name":"Robert Hoffmann","@id":"https:\/\/www.strassenweb.de\/nachrichten\/#\/schema\/person\/87c9c9067f1211da429a744dc5a5aa41"},"headline":"Essentielle Herbstpflege f\u00fcr Rhododendren und Azaleen &#8211; Experten -Tipps zur Vorbereitung Ihrer Str\u00e4ucher f\u00fcr die k\u00e4lteren Monate","datePublished":"2025-09-28T20:39:43+00:00","dateModified":"2025-09-28T20:39:45+00:00","mainEntityOfPage":{"@id":"https:\/\/www.strassenweb.de\/nachrichten\/essentielle-herbstpflege-fuer-rhododendren-und-azaleen-experten-tipps-zur-vorbereitung-ihrer-straeucher-fuer-die-kaelteren-monate\/"},"wordCount":972,"publisher":{"@id":"https:\/\/www.strassenweb.de\/nachrichten\/#organization"},"image":{"@id":"https:\/\/www.strassenweb.de\/nachrichten\/essentielle-herbstpflege-fuer-rhododendren-und-azaleen-experten-tipps-zur-vorbereitung-ihrer-straeucher-fuer-die-kaelteren-monate\/#primaryimage"},"thumbnailUrl":"https:\/\/www.strassenweb.de\/nachrichten\/wp-content\/uploads\/2025\/09\/Essentielle-Herbstpflege-fuer-Rhododendren-und-Azaleen-Experten-Tipps-zur.jpg","keywords":["Azaleen","die","Essentielle","Experten","f\u00fcr","Herbstpflege","ihrer","k\u00e4lteren","Monate","Rhododendren","Str\u00e4ucher","Tipps","und","Vorbereitung","zur"],"articleSection":["Haus &amp; Garten"],"inLanguage":"de"},{"@type":"WebPage","@id":"https:\/\/www.strassenweb.de\/nachrichten\/essentielle-herbstpflege-fuer-rhododendren-und-azaleen-experten-tipps-zur-vorbereitung-ihrer-straeucher-fuer-die-kaelteren-monate\/","url":"https:\/\/www.strassenweb.de\/nachrichten\/essentielle-herbstpflege-fuer-rhododendren-und-azaleen-experten-tipps-zur-vorbereitung-ihrer-straeucher-fuer-die-kaelteren-monate\/","name":"Essentielle Herbstpflege f\u00fcr Rhododendren und Azaleen - Experten -Tipps zur Vorbereitung Ihrer Str\u00e4ucher f\u00fcr die k\u00e4lteren Monate - Nachrichten - Stra\u00dfenweb","isPartOf":{"@id":"https:\/\/www.strassenweb.de\/nachrichten\/#website"},"primaryImageOfPage":{"@id":"https:\/\/www.strassenweb.de\/nachrichten\/essentielle-herbstpflege-fuer-rhododendren-und-azaleen-experten-tipps-zur-vorbereitung-ihrer-straeucher-fuer-die-kaelteren-monate\/#primaryimage"},"image":{"@id":"https:\/\/www.strassenweb.de\/nachrichten\/essentielle-herbstpflege-fuer-rhododendren-und-azaleen-experten-tipps-zur-vorbereitung-ihrer-straeucher-fuer-die-kaelteren-monate\/#primaryimage"},"thumbnailUrl":"https:\/\/www.strassenweb.de\/nachrichten\/wp-content\/uploads\/2025\/09\/Essentielle-Herbstpflege-fuer-Rhododendren-und-Azaleen-Experten-Tipps-zur.jpg","datePublished":"2025-09-28T20:39:43+00:00","dateModified":"2025-09-28T20:39:45+00:00","breadcrumb":{"@id":"https:\/\/www.strassenweb.de\/nachrichten\/essentielle-herbstpflege-fuer-rhododendren-und-azaleen-experten-tipps-zur-vorbereitung-ihrer-straeucher-fuer-die-kaelteren-monate\/#breadcrumb"},"inLanguage":"de","potentialAction":[{"@type":"ReadAction","target":["https:\/\/www.strassenweb.de\/nachrichten\/essentielle-herbstpflege-fuer-rhododendren-und-azaleen-experten-tipps-zur-vorbereitung-ihrer-straeucher-fuer-die-kaelteren-monate\/"]}]},{"@type":"ImageObject","inLanguage":"de","@id":"https:\/\/www.strassenweb.de\/nachrichten\/essentielle-herbstpflege-fuer-rhododendren-und-azaleen-experten-tipps-zur-vorbereitung-ihrer-straeucher-fuer-die-kaelteren-monate\/#primaryimage","url":"https:\/\/www.strassenweb.de\/nachrichten\/wp-content\/uploads\/2025\/09\/Essentielle-Herbstpflege-fuer-Rhododendren-und-Azaleen-Experten-Tipps-zur.jpg","contentUrl":"https:\/\/www.strassenweb.de\/nachrichten\/wp-content\/uploads\/2025\/09\/Essentielle-Herbstpflege-fuer-Rhododendren-und-Azaleen-Experten-Tipps-zur.jpg","width":1600,"height":900,"caption":"Orange rhododendron blooms in a sunny spring garden border"},{"@type":"BreadcrumbList","@id":"https:\/\/www.strassenweb.de\/nachrichten\/essentielle-herbstpflege-fuer-rhododendren-und-azaleen-experten-tipps-zur-vorbereitung-ihrer-straeucher-fuer-die-kaelteren-monate\/#breadcrumb","itemListElement":[{"@type":"ListItem","position":1,"name":"Home","item":"https:\/\/www.strassenweb.de\/nachrichten\/"},{"@type":"ListItem","position":2,"name":"Essentielle Herbstpflege f\u00fcr Rhododendren und Azaleen &#8211; Experten -Tipps zur Vorbereitung Ihrer Str\u00e4ucher f\u00fcr die k\u00e4lteren Monate"}]},{"@type":"WebSite","@id":"https:\/\/www.strassenweb.de\/nachrichten\/#website","url":"https:\/\/www.strassenweb.de\/nachrichten\/","name":"Stra\u00dfenweb","description":"Stra\u00dfenverzeichnis f\u00fcr Deutschland","publisher":{"@id":"https:\/\/www.strassenweb.de\/nachrichten\/#organization"},"potentialAction":[{"@type":"SearchAction","target":{"@type":"EntryPoint","urlTemplate":"https:\/\/www.strassenweb.de\/nachrichten\/?s={search_term_string}"},"query-input":{"@type":"PropertyValueSpecification","valueRequired":true,"valueName":"search_term_string"}}],"inLanguage":"de"},{"@type":"Organization","@id":"https:\/\/www.strassenweb.de\/nachrichten\/#organization","name":"Stra\u00dfenweb","url":"https:\/\/www.strassenweb.de\/nachrichten\/","logo":{"@type":"ImageObject","inLanguage":"de","@id":"https:\/\/www.strassenweb.de\/nachrichten\/#\/schema\/logo\/image\/","url":"https:\/\/www.strassenweb.de\/nachrichten\/wp-content\/uploads\/2024\/09\/cropped-favicon.png","contentUrl":"https:\/\/www.strassenweb.de\/nachrichten\/wp-content\/uploads\/2024\/09\/cropped-favicon.png","width":512,"height":512,"caption":"Stra\u00dfenweb"},"image":{"@id":"https:\/\/www.strassenweb.de\/nachrichten\/#\/schema\/logo\/image\/"},"sameAs":["https:\/\/www.facebook.com\/strassenweb\/"]},{"@type":"Person","@id":"https:\/\/www.strassenweb.de\/nachrichten\/#\/schema\/person\/87c9c9067f1211da429a744dc5a5aa41","name":"Robert Hoffmann","image":{"@type":"ImageObject","inLanguage":"de","@id":"https:\/\/www.strassenweb.de\/nachrichten\/wp-content\/uploads\/2024\/09\/strassenweb-150x150.jpg","url":"https:\/\/www.strassenweb.de\/nachrichten\/wp-content\/uploads\/2024\/09\/strassenweb-150x150.jpg","contentUrl":"https:\/\/www.strassenweb.de\/nachrichten\/wp-content\/uploads\/2024\/09\/strassenweb-150x150.jpg","caption":"Robert Hoffmann"},"description":"Ich hei\u00dfe Robert Hoffmann und ich bin ein leidenschaftlicher Verfechter von \u00d6kologie und Biodiversit\u00e4t. Seit meiner Kindheit in den W\u00e4ldern Bayerns f\u00fchle ich mich mit der Natur verbunden und bin entschlossen, sie zu sch\u00fctzen. Heute widme ich mein Leben der Sensibilisierung anderer f\u00fcr die Bedeutung des Umweltschutzes f\u00fcr zuk\u00fcnftige Generationen.","sameAs":["https:\/\/www.strassenweb.de\/"]}]}},"_links":{"self":[{"href":"https:\/\/www.strassenweb.de\/nachrichten\/wp-json\/wp\/v2\/posts\/8062","targetHints":{"allow":["GET"]}}],"collection":[{"href":"https:\/\/www.strassenweb.de\/nachrichten\/wp-json\/wp\/v2\/posts"}],"about":[{"href":"https:\/\/www.strassenweb.de\/nachrichten\/wp-json\/wp\/v2\/types\/post"}],"author":[{"embeddable":true,"href":"https:\/\/www.strassenweb.de\/nachrichten\/wp-json\/wp\/v2\/users\/1"}],"replies":[{"embeddable":true,"href":"https:\/\/www.strassenweb.de\/nachrichten\/wp-json\/wp\/v2\/comments?post=8062"}],"version-history":[{"count":0,"href":"https:\/\/www.strassenweb.de\/nachrichten\/wp-json\/wp\/v2\/posts\/8062\/revisions"}],"wp:featuredmedia":[{"embeddable":true,"href":"https:\/\/www.strassenweb.de\/nachrichten\/wp-json\/wp\/v2\/media\/8063"}],"wp:attachment":[{"href":"https:\/\/www.strassenweb.de\/nachrichten\/wp-json\/wp\/v2\/media?parent=8062"}],"wp:term":[{"taxonomy":"category","embeddable":true,"href":"https:\/\/www.strassenweb.de\/nachrichten\/wp-json\/wp\/v2\/categories?post=8062"},{"taxonomy":"post_tag","embeddable":true,"href":"https:\/\/www.strassenweb.de\/nachrichten\/wp-json\/wp\/v2\/tags?post=8062"}],"curies":[{"name":"wp","href":"https:\/\/api.w.org\/{rel}","templated":true}]}}