{"id":8059,"date":"2025-09-28T19:44:16","date_gmt":"2025-09-28T17:44:16","guid":{"rendered":"https:\/\/www.strassenweb.de\/nachrichten\/immobilienagenten-sagen\/"},"modified":"2025-09-28T19:44:17","modified_gmt":"2025-09-28T17:44:17","slug":"immobilienagenten-sagen","status":"publish","type":"post","link":"https:\/\/www.strassenweb.de\/nachrichten\/immobilienagenten-sagen\/","title":{"rendered":"Immobilienagenten sagen"},"content":{"rendered":"<p><\/p>\n<div id=\"article-body\" class=\"article__body \">\n<p id=\"99e80b27-6033-4dc4-86a0-05b9e51ff32d\">Die visuelle Kraft des Kunstwerks in einem Speisesaal ist nicht \u00fcberraschend, aber dieses Merkmal hat mehr als sein \u00e4sthetischer Wert.<\/p>\n<div id=\"ad-unit-1\" class=\"ad-unit\"><\/div>\n<p>Um die Lektion klarer als je zuvor zu machen, haben wir uns an Charli XCX &#8218;Tudor-Stil-Essraum gewandt, der mit zwei Statement-Kunstwerken geschm\u00fcckt ist, die im Raum Aufmerksamkeit auf sich ziehen. Es mag einfach erscheinen, aber Makler sagen, dass ihre Auswirkungen unvergleichlich sind, und es lohnt sich, ihrem Beispiel zu folgen, ob Sie verkaufen oder nicht.<\/p>\n<aside data-block-type=\"embed\" data-render-type=\"fte\" data-skip=\"dealsy\" data-widget-type=\"seasonal\" class=\"hawk-base\"><\/aside>\n<p id=\"99e80b27-6033-4dc4-86a0-05b9e51ff32d-2\">Wenn Sie auf der Suche nach einem Speisesaal -Wand -Ideen suchen, die bei allen, die Ihren Raum durchlaufen (einschlie\u00dflich Abendesseng\u00e4sten), in Anspruch nehmen, ist Charlis Raum m\u00fchelos und doch m\u00e4chtig. Ihr Kunstwerk f\u00fchlt sich kuratiert an, ist aber nicht \u00fcberw\u00e4ltigend. Ihre gew\u00e4hlten St\u00fccke enth\u00fcllen etwas \u00fcber sie, ohne zu vorw\u00e4rts zu sein, und es ist ein Look, der laut Immobilienmakler f\u00fcr immer beeindrucken wird.<\/p>\n<div class=\"van_vid_carousel\">\n<div class=\"van_vid_carousel__padding\">\n<div class=\"van_vid_carousel__container\"><\/div>\n<\/div>\n<\/div>\n<div class=\"instagram-embed\" id=\"CM22L03MDJW\">\n<blockquote class=\"instagram-media\" data-instgrm-captioned data-instgrm-version=\"6\" style=\"width:99.375%; width:-webkit-calc(100% - 2px); width:calc(100% - 2px);\">\n<p>Ein Beitrag, der von Tim Hirschmann (@timhirschmann) geteilt wird<\/p>\n<p>Ein Foto von on <\/p>\n<\/blockquote>\n<\/div>\n<h2 id=\"shop-the-look-3\">Kaufen Sie den Look ein<\/h2>\n<div class=\"product-container hero-product-container product-block-no-wrap\">\n<div class=\"product-block-row\"><\/div>\n<div class=\"product-block-row\"><\/div>\n<div class=\"product-block-row\"><\/div>\n<\/div>\n<p id=\"60ec4c6c-535f-4960-a17e-64971027508b\">\u00bbWenn ich einen K\u00e4ufer durch ein Haus gehe, haben die R\u00e4ume, die in Erinnerung bleiben, immer etwas zu sagen, was \u00fcber Quadratmeter und Malen -Auswahlm\u00f6glichkeiten hinausgeht. Der Esszimmer ist der einfachste Ort, um dies zu erreichen, und Kunst ist das Werkzeug, das den gr\u00f6\u00dften Teil des Redens f\u00fchrt. Ich habe dies vor Jahren auf die harte Tour gelernt, als ich eine Liste in Westlake inszeniert habe, kommentiert ich Eric Bramlett, ein Makler und Eigent\u00fcmer von Bramlett Real Estate.<\/p>\n<div id=\"ad-unit-2\" class=\"ad-unit\"><\/div>\n<p>&#8218;Das Haus hatte gl\u00e4nzende B\u00f6den und eine brandneue K\u00fcche, doch alle driften ohne Pause durch das Esszimmer. Wir haben uns ein gro\u00dfes abstraktes St\u00fcck aus einer lokalen Galerie ausgeliehen, es \u00fcber dem Buffet zentriert, und die n\u00e4chste Ausstellung dauerte zwanzig Minuten l\u00e4nger, weil die Leute unter diesem Farbtupfer angehalten, gezeigt und vorstellten. Die Besitzer dachten, wir h\u00e4tten Tische ausgetauscht &#8211; wir haben dem Raum nur einen Schwerpunkt gegeben. &#8218;<\/p>\n<p>Bei der Dekoration mit Kunst in einem Speisesaal ist Eric jedoch von entscheidender Bedeutung f\u00fcr den Erfolg von entscheidender Bedeutung.<\/p>\n<p>&#8218;Eine einzelne Leinwand sollte sich gro\u00dfz\u00fcgig und nicht sch\u00fcchtern an der Wand anf\u00fchlen, die sie bewohnt. Ich sage den Kunden, sie sollen sich die Tabelle als Anker vorstellen: Wenn die Kunst breiter als die H\u00e4lfte der Tabelle ist, sind die Proportionen normalerweise richtig \u201c, sagt er.<\/p>\n<div id=\"slice-container-newsletterForm-articleInbodyContent-xyxjzWtSs8u4dM5qhcveyF\" class=\"slice-container newsletter-inbodyContent-slice newsletterForm-articleInbodyContent-xyxjzWtSs8u4dM5qhcveyF slice-container-newsletterForm\"><\/div>\n<p>&#8222;Wenn die Decken hoch oder die W\u00e4nde lang sind, breche ich den Raum mit einem Trio komplement\u00e4rer St\u00fccke und h\u00e4nge sie nahe genug auf, dass die L\u00fccken als absichtlich und nicht zuf\u00e4llig gelesen werden.&#8220;<\/p>\n<p>Zuletzt m\u00fcssen Sie die Farbe und das Thema ber\u00fccksichtigen, genau wie Charli demonstriert.<\/p>\n<p>\u201eIch mag Kunst, die einen Akzent im Raum aufnimmt, vielleicht das tiefe Gr\u00fcn der Porzellanschrank -Hardware oder ein Fl\u00fcstern von Terrakotta aus dem Bodenfliesen. Dieses Echo l\u00e4sst den Raum beabsichtigt anf\u00fchlen \u201c, sagt Eric.<\/p>\n<p>&#8218;Themen funktionieren \u00e4hnlich; Ein modernes Zuhause mit scharfen Linien profitiert von etwas Abstraktem oder Geometrischem, w\u00e4hrend ein Handwerker -Bungalow fast um weichere Landschaften oder stilles Leben bittet. &#8218;<\/p>\n<div class=\"min-h-(270px) mb-4 viafoura-twig-component\" id=\"viafoura-engagement-starter-wrapper\" data-component-name=\"Elk:Embed:EngagementStarter\">\n<div class=\"viafoura\">\n<div>\n<vf-conversation-starter target=\"viafoura-comments\" title=\"Do you have art in your dining room?\" minimum-comment-count=\"1\"><br \/>\n<\/vf-conversation-starter>\n<\/div>\n<\/div>\n<\/div>\n<hr id=\"449307d8-8157-42f9-aaec-bf0514a39e2c\">\n<\/div>\n<p><script async src=\"\/\/www.instagram.com\/embed.js\"><\/script><\/p>\n","protected":false},"excerpt":{"rendered":"<p>Die visuelle Kraft des Kunstwerks in einem Speisesaal ist nicht \u00fcberraschend, aber dieses Merkmal hat mehr als sein \u00e4sthetischer Wert. Um die Lektion klarer als<\/p>\n","protected":false},"author":1,"featured_media":8060,"comment_status":"closed","ping_status":"","sticky":false,"template":"","format":"standard","meta":{"footnotes":""},"categories":[118],"tags":[10431,284],"class_list":["post-8059","post","type-post","status-publish","format-standard","has-post-thumbnail","hentry","category-haus-garten","tag-immobilienagenten","tag-sagen","generate-columns","tablet-grid-50","mobile-grid-100","grid-parent","grid-50"],"yoast_head":"<!-- This site is optimized with the Yoast SEO plugin v27.3 - https:\/\/yoast.com\/product\/yoast-seo-wordpress\/ -->\n<title>Immobilienagenten sagen - Nachrichten - Stra\u00dfenweb<\/title>\n<meta name=\"robots\" content=\"index, follow, max-snippet:-1, max-image-preview:large, max-video-preview:-1\" \/>\n<link rel=\"canonical\" href=\"https:\/\/www.strassenweb.de\/nachrichten\/immobilienagenten-sagen\/\" \/>\n<meta property=\"og:locale\" content=\"de_DE\" \/>\n<meta property=\"og:type\" content=\"article\" \/>\n<meta property=\"og:title\" content=\"Immobilienagenten sagen - Nachrichten - Stra\u00dfenweb\" \/>\n<meta property=\"og:description\" content=\"Die visuelle Kraft des Kunstwerks in einem Speisesaal ist nicht \u00fcberraschend, aber dieses Merkmal hat mehr als sein \u00e4sthetischer Wert. Um die Lektion klarer als\" \/>\n<meta property=\"og:url\" content=\"https:\/\/www.strassenweb.de\/nachrichten\/immobilienagenten-sagen\/\" \/>\n<meta property=\"og:site_name\" content=\"Stra\u00dfenweb\" \/>\n<meta property=\"article:publisher\" content=\"https:\/\/www.facebook.com\/strassenweb\/\" \/>\n<meta property=\"article:published_time\" content=\"2025-09-28T17:44:16+00:00\" \/>\n<meta property=\"article:modified_time\" content=\"2025-09-28T17:44:17+00:00\" \/>\n<meta property=\"og:image\" content=\"https:\/\/www.strassenweb.de\/nachrichten\/wp-content\/uploads\/2025\/09\/Immobilienagenten-sagen.jpg\" \/>\n\t<meta property=\"og:image:width\" content=\"1600\" \/>\n\t<meta property=\"og:image:height\" content=\"900\" \/>\n\t<meta property=\"og:image:type\" content=\"image\/jpeg\" \/>\n<meta name=\"author\" content=\"Robert Hoffmann\" \/>\n<meta name=\"twitter:card\" content=\"summary_large_image\" \/>\n<meta name=\"twitter:label1\" content=\"Verfasst von\" \/>\n\t<meta name=\"twitter:data1\" content=\"Robert Hoffmann\" \/>\n\t<meta name=\"twitter:label2\" content=\"Gesch\u00e4tzte Lesezeit\" \/>\n\t<meta name=\"twitter:data2\" content=\"3\u00a0Minuten\" \/>\n<script type=\"application\/ld+json\" class=\"yoast-schema-graph\">{\"@context\":\"https:\\\/\\\/schema.org\",\"@graph\":[{\"@type\":\"Article\",\"@id\":\"https:\\\/\\\/www.strassenweb.de\\\/nachrichten\\\/immobilienagenten-sagen\\\/#article\",\"isPartOf\":{\"@id\":\"https:\\\/\\\/www.strassenweb.de\\\/nachrichten\\\/immobilienagenten-sagen\\\/\"},\"author\":{\"name\":\"Robert Hoffmann\",\"@id\":\"https:\\\/\\\/www.strassenweb.de\\\/nachrichten\\\/#\\\/schema\\\/person\\\/87c9c9067f1211da429a744dc5a5aa41\"},\"headline\":\"Immobilienagenten sagen\",\"datePublished\":\"2025-09-28T17:44:16+00:00\",\"dateModified\":\"2025-09-28T17:44:17+00:00\",\"mainEntityOfPage\":{\"@id\":\"https:\\\/\\\/www.strassenweb.de\\\/nachrichten\\\/immobilienagenten-sagen\\\/\"},\"wordCount\":522,\"publisher\":{\"@id\":\"https:\\\/\\\/www.strassenweb.de\\\/nachrichten\\\/#organization\"},\"image\":{\"@id\":\"https:\\\/\\\/www.strassenweb.de\\\/nachrichten\\\/immobilienagenten-sagen\\\/#primaryimage\"},\"thumbnailUrl\":\"https:\\\/\\\/www.strassenweb.de\\\/nachrichten\\\/wp-content\\\/uploads\\\/2025\\\/09\\\/Immobilienagenten-sagen.jpg\",\"keywords\":[\"Immobilienagenten\",\"sagen\"],\"articleSection\":[\"Haus &amp; Garten\"],\"inLanguage\":\"de\"},{\"@type\":\"WebPage\",\"@id\":\"https:\\\/\\\/www.strassenweb.de\\\/nachrichten\\\/immobilienagenten-sagen\\\/\",\"url\":\"https:\\\/\\\/www.strassenweb.de\\\/nachrichten\\\/immobilienagenten-sagen\\\/\",\"name\":\"Immobilienagenten sagen - Nachrichten - Stra\u00dfenweb\",\"isPartOf\":{\"@id\":\"https:\\\/\\\/www.strassenweb.de\\\/nachrichten\\\/#website\"},\"primaryImageOfPage\":{\"@id\":\"https:\\\/\\\/www.strassenweb.de\\\/nachrichten\\\/immobilienagenten-sagen\\\/#primaryimage\"},\"image\":{\"@id\":\"https:\\\/\\\/www.strassenweb.de\\\/nachrichten\\\/immobilienagenten-sagen\\\/#primaryimage\"},\"thumbnailUrl\":\"https:\\\/\\\/www.strassenweb.de\\\/nachrichten\\\/wp-content\\\/uploads\\\/2025\\\/09\\\/Immobilienagenten-sagen.jpg\",\"datePublished\":\"2025-09-28T17:44:16+00:00\",\"dateModified\":\"2025-09-28T17:44:17+00:00\",\"breadcrumb\":{\"@id\":\"https:\\\/\\\/www.strassenweb.de\\\/nachrichten\\\/immobilienagenten-sagen\\\/#breadcrumb\"},\"inLanguage\":\"de\",\"potentialAction\":[{\"@type\":\"ReadAction\",\"target\":[\"https:\\\/\\\/www.strassenweb.de\\\/nachrichten\\\/immobilienagenten-sagen\\\/\"]}]},{\"@type\":\"ImageObject\",\"inLanguage\":\"de\",\"@id\":\"https:\\\/\\\/www.strassenweb.de\\\/nachrichten\\\/immobilienagenten-sagen\\\/#primaryimage\",\"url\":\"https:\\\/\\\/www.strassenweb.de\\\/nachrichten\\\/wp-content\\\/uploads\\\/2025\\\/09\\\/Immobilienagenten-sagen.jpg\",\"contentUrl\":\"https:\\\/\\\/www.strassenweb.de\\\/nachrichten\\\/wp-content\\\/uploads\\\/2025\\\/09\\\/Immobilienagenten-sagen.jpg\",\"width\":1600,\"height\":900,\"caption\":\"Charli XCX\"},{\"@type\":\"BreadcrumbList\",\"@id\":\"https:\\\/\\\/www.strassenweb.de\\\/nachrichten\\\/immobilienagenten-sagen\\\/#breadcrumb\",\"itemListElement\":[{\"@type\":\"ListItem\",\"position\":1,\"name\":\"Home\",\"item\":\"https:\\\/\\\/www.strassenweb.de\\\/nachrichten\\\/\"},{\"@type\":\"ListItem\",\"position\":2,\"name\":\"Immobilienagenten sagen\"}]},{\"@type\":\"WebSite\",\"@id\":\"https:\\\/\\\/www.strassenweb.de\\\/nachrichten\\\/#website\",\"url\":\"https:\\\/\\\/www.strassenweb.de\\\/nachrichten\\\/\",\"name\":\"Stra\u00dfenweb\",\"description\":\"Stra\u00dfenverzeichnis f\u00fcr Deutschland\",\"publisher\":{\"@id\":\"https:\\\/\\\/www.strassenweb.de\\\/nachrichten\\\/#organization\"},\"potentialAction\":[{\"@type\":\"SearchAction\",\"target\":{\"@type\":\"EntryPoint\",\"urlTemplate\":\"https:\\\/\\\/www.strassenweb.de\\\/nachrichten\\\/?s={search_term_string}\"},\"query-input\":{\"@type\":\"PropertyValueSpecification\",\"valueRequired\":true,\"valueName\":\"search_term_string\"}}],\"inLanguage\":\"de\"},{\"@type\":\"Organization\",\"@id\":\"https:\\\/\\\/www.strassenweb.de\\\/nachrichten\\\/#organization\",\"name\":\"Stra\u00dfenweb\",\"url\":\"https:\\\/\\\/www.strassenweb.de\\\/nachrichten\\\/\",\"logo\":{\"@type\":\"ImageObject\",\"inLanguage\":\"de\",\"@id\":\"https:\\\/\\\/www.strassenweb.de\\\/nachrichten\\\/#\\\/schema\\\/logo\\\/image\\\/\",\"url\":\"https:\\\/\\\/www.strassenweb.de\\\/nachrichten\\\/wp-content\\\/uploads\\\/2024\\\/09\\\/cropped-favicon.png\",\"contentUrl\":\"https:\\\/\\\/www.strassenweb.de\\\/nachrichten\\\/wp-content\\\/uploads\\\/2024\\\/09\\\/cropped-favicon.png\",\"width\":512,\"height\":512,\"caption\":\"Stra\u00dfenweb\"},\"image\":{\"@id\":\"https:\\\/\\\/www.strassenweb.de\\\/nachrichten\\\/#\\\/schema\\\/logo\\\/image\\\/\"},\"sameAs\":[\"https:\\\/\\\/www.facebook.com\\\/strassenweb\\\/\"]},{\"@type\":\"Person\",\"@id\":\"https:\\\/\\\/www.strassenweb.de\\\/nachrichten\\\/#\\\/schema\\\/person\\\/87c9c9067f1211da429a744dc5a5aa41\",\"name\":\"Robert Hoffmann\",\"image\":{\"@type\":\"ImageObject\",\"inLanguage\":\"de\",\"@id\":\"https:\\\/\\\/www.strassenweb.de\\\/nachrichten\\\/wp-content\\\/uploads\\\/2024\\\/09\\\/strassenweb-150x150.jpg\",\"url\":\"https:\\\/\\\/www.strassenweb.de\\\/nachrichten\\\/wp-content\\\/uploads\\\/2024\\\/09\\\/strassenweb-150x150.jpg\",\"contentUrl\":\"https:\\\/\\\/www.strassenweb.de\\\/nachrichten\\\/wp-content\\\/uploads\\\/2024\\\/09\\\/strassenweb-150x150.jpg\",\"caption\":\"Robert Hoffmann\"},\"description\":\"Ich hei\u00dfe Robert Hoffmann und ich bin ein leidenschaftlicher Verfechter von \u00d6kologie und Biodiversit\u00e4t. Seit meiner Kindheit in den W\u00e4ldern Bayerns f\u00fchle ich mich mit der Natur verbunden und bin entschlossen, sie zu sch\u00fctzen. Heute widme ich mein Leben der Sensibilisierung anderer f\u00fcr die Bedeutung des Umweltschutzes f\u00fcr zuk\u00fcnftige Generationen.\",\"sameAs\":[\"https:\\\/\\\/www.strassenweb.de\\\/\"]}]}<\/script>\n<!-- \/ Yoast SEO plugin. -->","yoast_head_json":{"title":"Immobilienagenten sagen - Nachrichten - Stra\u00dfenweb","robots":{"index":"index","follow":"follow","max-snippet":"max-snippet:-1","max-image-preview":"max-image-preview:large","max-video-preview":"max-video-preview:-1"},"canonical":"https:\/\/www.strassenweb.de\/nachrichten\/immobilienagenten-sagen\/","og_locale":"de_DE","og_type":"article","og_title":"Immobilienagenten sagen - Nachrichten - Stra\u00dfenweb","og_description":"Die visuelle Kraft des Kunstwerks in einem Speisesaal ist nicht \u00fcberraschend, aber dieses Merkmal hat mehr als sein \u00e4sthetischer Wert. Um die Lektion klarer als","og_url":"https:\/\/www.strassenweb.de\/nachrichten\/immobilienagenten-sagen\/","og_site_name":"Stra\u00dfenweb","article_publisher":"https:\/\/www.facebook.com\/strassenweb\/","article_published_time":"2025-09-28T17:44:16+00:00","article_modified_time":"2025-09-28T17:44:17+00:00","og_image":[{"width":1600,"height":900,"url":"https:\/\/www.strassenweb.de\/nachrichten\/wp-content\/uploads\/2025\/09\/Immobilienagenten-sagen.jpg","type":"image\/jpeg"}],"author":"Robert Hoffmann","twitter_card":"summary_large_image","twitter_misc":{"Verfasst von":"Robert Hoffmann","Gesch\u00e4tzte Lesezeit":"3\u00a0Minuten"},"schema":{"@context":"https:\/\/schema.org","@graph":[{"@type":"Article","@id":"https:\/\/www.strassenweb.de\/nachrichten\/immobilienagenten-sagen\/#article","isPartOf":{"@id":"https:\/\/www.strassenweb.de\/nachrichten\/immobilienagenten-sagen\/"},"author":{"name":"Robert Hoffmann","@id":"https:\/\/www.strassenweb.de\/nachrichten\/#\/schema\/person\/87c9c9067f1211da429a744dc5a5aa41"},"headline":"Immobilienagenten sagen","datePublished":"2025-09-28T17:44:16+00:00","dateModified":"2025-09-28T17:44:17+00:00","mainEntityOfPage":{"@id":"https:\/\/www.strassenweb.de\/nachrichten\/immobilienagenten-sagen\/"},"wordCount":522,"publisher":{"@id":"https:\/\/www.strassenweb.de\/nachrichten\/#organization"},"image":{"@id":"https:\/\/www.strassenweb.de\/nachrichten\/immobilienagenten-sagen\/#primaryimage"},"thumbnailUrl":"https:\/\/www.strassenweb.de\/nachrichten\/wp-content\/uploads\/2025\/09\/Immobilienagenten-sagen.jpg","keywords":["Immobilienagenten","sagen"],"articleSection":["Haus &amp; Garten"],"inLanguage":"de"},{"@type":"WebPage","@id":"https:\/\/www.strassenweb.de\/nachrichten\/immobilienagenten-sagen\/","url":"https:\/\/www.strassenweb.de\/nachrichten\/immobilienagenten-sagen\/","name":"Immobilienagenten sagen - Nachrichten - Stra\u00dfenweb","isPartOf":{"@id":"https:\/\/www.strassenweb.de\/nachrichten\/#website"},"primaryImageOfPage":{"@id":"https:\/\/www.strassenweb.de\/nachrichten\/immobilienagenten-sagen\/#primaryimage"},"image":{"@id":"https:\/\/www.strassenweb.de\/nachrichten\/immobilienagenten-sagen\/#primaryimage"},"thumbnailUrl":"https:\/\/www.strassenweb.de\/nachrichten\/wp-content\/uploads\/2025\/09\/Immobilienagenten-sagen.jpg","datePublished":"2025-09-28T17:44:16+00:00","dateModified":"2025-09-28T17:44:17+00:00","breadcrumb":{"@id":"https:\/\/www.strassenweb.de\/nachrichten\/immobilienagenten-sagen\/#breadcrumb"},"inLanguage":"de","potentialAction":[{"@type":"ReadAction","target":["https:\/\/www.strassenweb.de\/nachrichten\/immobilienagenten-sagen\/"]}]},{"@type":"ImageObject","inLanguage":"de","@id":"https:\/\/www.strassenweb.de\/nachrichten\/immobilienagenten-sagen\/#primaryimage","url":"https:\/\/www.strassenweb.de\/nachrichten\/wp-content\/uploads\/2025\/09\/Immobilienagenten-sagen.jpg","contentUrl":"https:\/\/www.strassenweb.de\/nachrichten\/wp-content\/uploads\/2025\/09\/Immobilienagenten-sagen.jpg","width":1600,"height":900,"caption":"Charli XCX"},{"@type":"BreadcrumbList","@id":"https:\/\/www.strassenweb.de\/nachrichten\/immobilienagenten-sagen\/#breadcrumb","itemListElement":[{"@type":"ListItem","position":1,"name":"Home","item":"https:\/\/www.strassenweb.de\/nachrichten\/"},{"@type":"ListItem","position":2,"name":"Immobilienagenten sagen"}]},{"@type":"WebSite","@id":"https:\/\/www.strassenweb.de\/nachrichten\/#website","url":"https:\/\/www.strassenweb.de\/nachrichten\/","name":"Stra\u00dfenweb","description":"Stra\u00dfenverzeichnis f\u00fcr Deutschland","publisher":{"@id":"https:\/\/www.strassenweb.de\/nachrichten\/#organization"},"potentialAction":[{"@type":"SearchAction","target":{"@type":"EntryPoint","urlTemplate":"https:\/\/www.strassenweb.de\/nachrichten\/?s={search_term_string}"},"query-input":{"@type":"PropertyValueSpecification","valueRequired":true,"valueName":"search_term_string"}}],"inLanguage":"de"},{"@type":"Organization","@id":"https:\/\/www.strassenweb.de\/nachrichten\/#organization","name":"Stra\u00dfenweb","url":"https:\/\/www.strassenweb.de\/nachrichten\/","logo":{"@type":"ImageObject","inLanguage":"de","@id":"https:\/\/www.strassenweb.de\/nachrichten\/#\/schema\/logo\/image\/","url":"https:\/\/www.strassenweb.de\/nachrichten\/wp-content\/uploads\/2024\/09\/cropped-favicon.png","contentUrl":"https:\/\/www.strassenweb.de\/nachrichten\/wp-content\/uploads\/2024\/09\/cropped-favicon.png","width":512,"height":512,"caption":"Stra\u00dfenweb"},"image":{"@id":"https:\/\/www.strassenweb.de\/nachrichten\/#\/schema\/logo\/image\/"},"sameAs":["https:\/\/www.facebook.com\/strassenweb\/"]},{"@type":"Person","@id":"https:\/\/www.strassenweb.de\/nachrichten\/#\/schema\/person\/87c9c9067f1211da429a744dc5a5aa41","name":"Robert Hoffmann","image":{"@type":"ImageObject","inLanguage":"de","@id":"https:\/\/www.strassenweb.de\/nachrichten\/wp-content\/uploads\/2024\/09\/strassenweb-150x150.jpg","url":"https:\/\/www.strassenweb.de\/nachrichten\/wp-content\/uploads\/2024\/09\/strassenweb-150x150.jpg","contentUrl":"https:\/\/www.strassenweb.de\/nachrichten\/wp-content\/uploads\/2024\/09\/strassenweb-150x150.jpg","caption":"Robert Hoffmann"},"description":"Ich hei\u00dfe Robert Hoffmann und ich bin ein leidenschaftlicher Verfechter von \u00d6kologie und Biodiversit\u00e4t. Seit meiner Kindheit in den W\u00e4ldern Bayerns f\u00fchle ich mich mit der Natur verbunden und bin entschlossen, sie zu sch\u00fctzen. Heute widme ich mein Leben der Sensibilisierung anderer f\u00fcr die Bedeutung des Umweltschutzes f\u00fcr zuk\u00fcnftige Generationen.","sameAs":["https:\/\/www.strassenweb.de\/"]}]}},"_links":{"self":[{"href":"https:\/\/www.strassenweb.de\/nachrichten\/wp-json\/wp\/v2\/posts\/8059","targetHints":{"allow":["GET"]}}],"collection":[{"href":"https:\/\/www.strassenweb.de\/nachrichten\/wp-json\/wp\/v2\/posts"}],"about":[{"href":"https:\/\/www.strassenweb.de\/nachrichten\/wp-json\/wp\/v2\/types\/post"}],"author":[{"embeddable":true,"href":"https:\/\/www.strassenweb.de\/nachrichten\/wp-json\/wp\/v2\/users\/1"}],"replies":[{"embeddable":true,"href":"https:\/\/www.strassenweb.de\/nachrichten\/wp-json\/wp\/v2\/comments?post=8059"}],"version-history":[{"count":0,"href":"https:\/\/www.strassenweb.de\/nachrichten\/wp-json\/wp\/v2\/posts\/8059\/revisions"}],"wp:featuredmedia":[{"embeddable":true,"href":"https:\/\/www.strassenweb.de\/nachrichten\/wp-json\/wp\/v2\/media\/8060"}],"wp:attachment":[{"href":"https:\/\/www.strassenweb.de\/nachrichten\/wp-json\/wp\/v2\/media?parent=8059"}],"wp:term":[{"taxonomy":"category","embeddable":true,"href":"https:\/\/www.strassenweb.de\/nachrichten\/wp-json\/wp\/v2\/categories?post=8059"},{"taxonomy":"post_tag","embeddable":true,"href":"https:\/\/www.strassenweb.de\/nachrichten\/wp-json\/wp\/v2\/tags?post=8059"}],"curies":[{"name":"wp","href":"https:\/\/api.w.org\/{rel}","templated":true}]}}