{"id":8038,"date":"2025-09-27T19:39:50","date_gmt":"2025-09-27T17:39:50","guid":{"rendered":"https:\/\/www.strassenweb.de\/nachrichten\/ich-freue-mich-sehr-zu-sagen-dass-boegen-fuer-die-ferien-von-2025-zurueck-sind-und-shea-mcges-neue-weihnachtskollektion-ist-voller-skurriler-romantischer-trend\/"},"modified":"2025-09-27T19:39:53","modified_gmt":"2025-09-27T17:39:53","slug":"ich-freue-mich-sehr-zu-sagen-dass-boegen-fuer-die-ferien-von-2025-zurueck-sind-und-shea-mcges-neue-weihnachtskollektion-ist-voller-skurriler-romantischer-trend","status":"publish","type":"post","link":"https:\/\/www.strassenweb.de\/nachrichten\/ich-freue-mich-sehr-zu-sagen-dass-boegen-fuer-die-ferien-von-2025-zurueck-sind-und-shea-mcges-neue-weihnachtskollektion-ist-voller-skurriler-romantischer-trend\/","title":{"rendered":"Ich freue mich sehr zu sagen, dass B\u00f6gen f\u00fcr die Ferien von 2025 zur\u00fcck sind &#8211; und Shea McGes neue Weihnachtskollektion ist voller skurriler, romantischer Trend"},"content":{"rendered":"<p><\/p>\n<div id=\"article-body\" class=\"article__body \">\n<p id=\"25f8743c-77b0-40a6-a179-5885fab26904\">Es war einmal, dass wir die Hallen mit Holly geschm\u00fcckt haben. Im Jahr 2025 wurde die Auswahl der Wahl gegen etwas S\u00fc\u00dferes ausgetauscht: B\u00f6gen. Laut Shea McGee, dessen neueste McGee &#038; Co. Holiday alles im Band miteinander verbindet, ist das Florish nicht nur zur\u00fcck &#8211; es ist offiziell unvermeidlich.<\/p>\n<div id=\"ad-unit-1\" class=\"ad-unit\"><\/div>\n<p>Sie erinnern sich wahrscheinlich an die B\u00f6gen aus der Coquette-\u00c4ra, die zuckerhaltig rosa waren und oft mit Dingen verbunden waren, die sie nicht mit einer Strickjacke oder einer Flasche Di\u00e4t-Cola gesch\u00e4ftlich schm\u00fccken. Das ist das nicht. Sheas B\u00f6gen kommen als stattliche Lagerhalter, schimmernde Messingbaumtopper und in das Hereinbe inspirierte Wurfkissen-Weihnachtsdekorationsideen, die sich unendlich polierter anf\u00fchlen.<\/p>\n<p>Und keine Ecke ist aus Grenzen. Vor Monaten, an einem hei\u00dfen Sommertag, als ich ihre Weihnachts -Vorschau 2025 besuchte, gebundene Shea -B\u00e4nder an St\u00fchle, Girlanden und sogar Leuchten. Also wusste ich, dass B\u00f6gen eine gro\u00dfe Sache sein w\u00fcrden. Trotzdem landet dieses Dekor mit mehr Pr\u00e4senz als ich erwartet hatte, und deb\u00fctieren <em>en masse <\/em>&#8211; Shring auf Mantel, kr\u00f6nende B\u00e4ume, sogar das Sofa hinauf.<\/p>\n<div class=\"van_vid_carousel\">\n<div class=\"van_vid_carousel__padding\">\n<div class=\"van_vid_carousel__container\"><\/div>\n<\/div>\n<\/div>\n<figure class=\"van-image-figure inline-layout \" data-bordeaux-image-check id=\"8bd54422-f421-402b-b3e8-871da65d63aa\">\n<div class=\"image-full-width-wrapper\">\n<div class=\"image-widthsetter\" style=\"max-width:3000px;\"><\/div>\n<\/div><figcaption class=\"inline-layout \">\n<div class=\"caption-text\">\n<p>Die Kollektion enth\u00e4lt auch eine wundersch\u00f6ne Auswahl an B\u00e4ndern, die nicht nur zum Dekorieren von Geschenken sind, sondern auch in Girlanden verwandelt werden k\u00f6nnen, die an St\u00fchle gebunden oder \u00fcber M\u00f6bel gebunden sind, wie hier zu sehen ist<\/p>\n<\/div>\n<\/figcaption><\/figure>\n<p id=\"fbe5704b-8bd9-43c8-bb18-402a8f5512a8\">Das stellt die Frage: Wo sind <em>Du <\/em>Bogen Sie in dieser Ferienzeit? Denn die Angelegenheit ist nicht, ob die B\u00f6gen im Trend sind, sondern dass Sie sie setzen werden. Vor uns sechs Ideen, um diesen skurrilen, romantischen Weihnachtsdekor -Trend zu Ihrem eigenen zu machen.<\/p>\n<div id=\"ad-unit-2\" class=\"ad-unit\"><\/div>\n<div class=\"product-container hero-product-container product-block-no-wrap\">\n<div class=\"product-block-row\"><\/div>\n<div class=\"product-block-row\"><\/div>\n<div class=\"product-block-row\"><\/div>\n<div class=\"product-block-row\"><\/div>\n<div class=\"product-block-row\"><\/div>\n<div class=\"product-block-row\"><\/div>\n<\/div>\n<hr id=\"1e0a4071-ece2-4806-9a05-536d11908acb\">\n<aside data-block-type=\"embed\" data-render-type=\"fte\" data-skip=\"dealsy\" data-widget-type=\"seasonal\" class=\"hawk-base\"><\/aside>\n<p id=\"001521bf-9ec8-4dd3-b976-1d56fb7d5fb4-0\">Wenn Sie in dieser Rede von Weihnachten in Panik geraten, dass Sie nicht einmal Halloween sortiert haben, mach dir keine Sorgen &#8211; es ist noch Zeit. Die Halloween 2025 -Kollektion von Shea McGee ist genauso schick und im Moment ist es 30% Rabatt.<\/p>\n<div id=\"slice-container-newsletterForm-articleInbodyContent-dbf5e6dR45VxaBiL3Zuaq7\" class=\"slice-container newsletter-inbodyContent-slice newsletterForm-articleInbodyContent-dbf5e6dR45VxaBiL3Zuaq7 slice-container-newsletterForm\"><\/div>\n<\/div>\n","protected":false},"excerpt":{"rendered":"<p>Es war einmal, dass wir die Hallen mit Holly geschm\u00fcckt haben. Im Jahr 2025 wurde die Auswahl der Wahl gegen etwas S\u00fc\u00dferes ausgetauscht: B\u00f6gen. Laut<\/p>\n","protected":false},"author":1,"featured_media":8039,"comment_status":"closed","ping_status":"","sticky":false,"template":"","format":"standard","meta":{"footnotes":""},"categories":[118],"tags":[10406,51,9,7975,10405,55,129,15,9738,1122,108,8698,284,3385,153,58,10407,504,37,792,21,2509,309],"class_list":["post-8038","post","type-post","status-publish","format-standard","has-post-thumbnail","hentry","category-haus-garten","tag-boegen","tag-dass","tag-die","tag-ferien","tag-freue","tag-fuer","tag-ich","tag-ist","tag-mcges","tag-mich","tag-neue","tag-romantischer","tag-sagen","tag-sehr","tag-shea","tag-sind","tag-skurriler","tag-trend","tag-und","tag-voller","tag-von","tag-weihnachtskollektion","tag-zurueck","generate-columns","tablet-grid-50","mobile-grid-100","grid-parent","grid-50"],"yoast_head":"<!-- This site is optimized with the Yoast SEO plugin v27.3 - https:\/\/yoast.com\/product\/yoast-seo-wordpress\/ -->\n<title>Ich freue mich sehr zu sagen, dass B\u00f6gen f\u00fcr die Ferien von 2025 zur\u00fcck sind - und Shea McGes neue Weihnachtskollektion ist voller skurriler, romantischer Trend - Nachrichten - Stra\u00dfenweb<\/title>\n<meta name=\"robots\" content=\"index, follow, max-snippet:-1, max-image-preview:large, max-video-preview:-1\" \/>\n<link rel=\"canonical\" href=\"https:\/\/www.strassenweb.de\/nachrichten\/ich-freue-mich-sehr-zu-sagen-dass-boegen-fuer-die-ferien-von-2025-zurueck-sind-und-shea-mcges-neue-weihnachtskollektion-ist-voller-skurriler-romantischer-trend\/\" \/>\n<meta property=\"og:locale\" content=\"de_DE\" \/>\n<meta property=\"og:type\" content=\"article\" \/>\n<meta property=\"og:title\" content=\"Ich freue mich sehr zu sagen, dass B\u00f6gen f\u00fcr die Ferien von 2025 zur\u00fcck sind - und Shea McGes neue Weihnachtskollektion ist voller skurriler, romantischer Trend - Nachrichten - Stra\u00dfenweb\" \/>\n<meta property=\"og:description\" content=\"Es war einmal, dass wir die Hallen mit Holly geschm\u00fcckt haben. Im Jahr 2025 wurde die Auswahl der Wahl gegen etwas S\u00fc\u00dferes ausgetauscht: B\u00f6gen. Laut\" \/>\n<meta property=\"og:url\" content=\"https:\/\/www.strassenweb.de\/nachrichten\/ich-freue-mich-sehr-zu-sagen-dass-boegen-fuer-die-ferien-von-2025-zurueck-sind-und-shea-mcges-neue-weihnachtskollektion-ist-voller-skurriler-romantischer-trend\/\" \/>\n<meta property=\"og:site_name\" content=\"Stra\u00dfenweb\" \/>\n<meta property=\"article:publisher\" content=\"https:\/\/www.facebook.com\/strassenweb\/\" \/>\n<meta property=\"article:published_time\" content=\"2025-09-27T17:39:50+00:00\" \/>\n<meta property=\"article:modified_time\" content=\"2025-09-27T17:39:53+00:00\" \/>\n<meta property=\"og:image\" content=\"https:\/\/www.strassenweb.de\/nachrichten\/wp-content\/uploads\/2025\/09\/Ich-freue-mich-sehr-zu-sagen-dass-Boegen-fuer-die-scaled.jpg\" \/>\n\t<meta property=\"og:image:width\" content=\"2560\" \/>\n\t<meta property=\"og:image:height\" content=\"1440\" \/>\n\t<meta property=\"og:image:type\" content=\"image\/jpeg\" \/>\n<meta name=\"author\" content=\"Robert Hoffmann\" \/>\n<meta name=\"twitter:card\" content=\"summary_large_image\" \/>\n<meta name=\"twitter:label1\" content=\"Verfasst von\" \/>\n\t<meta name=\"twitter:data1\" content=\"Robert Hoffmann\" \/>\n\t<meta name=\"twitter:label2\" content=\"Gesch\u00e4tzte Lesezeit\" \/>\n\t<meta name=\"twitter:data2\" content=\"2\u00a0Minuten\" \/>\n<script type=\"application\/ld+json\" class=\"yoast-schema-graph\">{\"@context\":\"https:\\\/\\\/schema.org\",\"@graph\":[{\"@type\":\"Article\",\"@id\":\"https:\\\/\\\/www.strassenweb.de\\\/nachrichten\\\/ich-freue-mich-sehr-zu-sagen-dass-boegen-fuer-die-ferien-von-2025-zurueck-sind-und-shea-mcges-neue-weihnachtskollektion-ist-voller-skurriler-romantischer-trend\\\/#article\",\"isPartOf\":{\"@id\":\"https:\\\/\\\/www.strassenweb.de\\\/nachrichten\\\/ich-freue-mich-sehr-zu-sagen-dass-boegen-fuer-die-ferien-von-2025-zurueck-sind-und-shea-mcges-neue-weihnachtskollektion-ist-voller-skurriler-romantischer-trend\\\/\"},\"author\":{\"name\":\"Robert Hoffmann\",\"@id\":\"https:\\\/\\\/www.strassenweb.de\\\/nachrichten\\\/#\\\/schema\\\/person\\\/87c9c9067f1211da429a744dc5a5aa41\"},\"headline\":\"Ich freue mich sehr zu sagen, dass B\u00f6gen f\u00fcr die Ferien von 2025 zur\u00fcck sind &#8211; und Shea McGes neue Weihnachtskollektion ist voller skurriler, romantischer Trend\",\"datePublished\":\"2025-09-27T17:39:50+00:00\",\"dateModified\":\"2025-09-27T17:39:53+00:00\",\"mainEntityOfPage\":{\"@id\":\"https:\\\/\\\/www.strassenweb.de\\\/nachrichten\\\/ich-freue-mich-sehr-zu-sagen-dass-boegen-fuer-die-ferien-von-2025-zurueck-sind-und-shea-mcges-neue-weihnachtskollektion-ist-voller-skurriler-romantischer-trend\\\/\"},\"wordCount\":343,\"publisher\":{\"@id\":\"https:\\\/\\\/www.strassenweb.de\\\/nachrichten\\\/#organization\"},\"image\":{\"@id\":\"https:\\\/\\\/www.strassenweb.de\\\/nachrichten\\\/ich-freue-mich-sehr-zu-sagen-dass-boegen-fuer-die-ferien-von-2025-zurueck-sind-und-shea-mcges-neue-weihnachtskollektion-ist-voller-skurriler-romantischer-trend\\\/#primaryimage\"},\"thumbnailUrl\":\"https:\\\/\\\/www.strassenweb.de\\\/nachrichten\\\/wp-content\\\/uploads\\\/2025\\\/09\\\/Ich-freue-mich-sehr-zu-sagen-dass-Boegen-fuer-die-scaled.jpg\",\"keywords\":[\"B\u00f6gen\",\"dass\",\"die\",\"Ferien\",\"freue\",\"f\u00fcr\",\"ich\",\"ist\",\"McGes\",\"mich\",\"Neue\",\"romantischer\",\"sagen\",\"sehr\",\"Shea\",\"sind\",\"skurriler\",\"Trend\",\"und\",\"voller\",\"von\",\"Weihnachtskollektion\",\"zur\u00fcck\"],\"articleSection\":[\"Haus &amp; Garten\"],\"inLanguage\":\"de\"},{\"@type\":\"WebPage\",\"@id\":\"https:\\\/\\\/www.strassenweb.de\\\/nachrichten\\\/ich-freue-mich-sehr-zu-sagen-dass-boegen-fuer-die-ferien-von-2025-zurueck-sind-und-shea-mcges-neue-weihnachtskollektion-ist-voller-skurriler-romantischer-trend\\\/\",\"url\":\"https:\\\/\\\/www.strassenweb.de\\\/nachrichten\\\/ich-freue-mich-sehr-zu-sagen-dass-boegen-fuer-die-ferien-von-2025-zurueck-sind-und-shea-mcges-neue-weihnachtskollektion-ist-voller-skurriler-romantischer-trend\\\/\",\"name\":\"Ich freue mich sehr zu sagen, dass B\u00f6gen f\u00fcr die Ferien von 2025 zur\u00fcck sind - und Shea McGes neue Weihnachtskollektion ist voller skurriler, romantischer Trend - Nachrichten - Stra\u00dfenweb\",\"isPartOf\":{\"@id\":\"https:\\\/\\\/www.strassenweb.de\\\/nachrichten\\\/#website\"},\"primaryImageOfPage\":{\"@id\":\"https:\\\/\\\/www.strassenweb.de\\\/nachrichten\\\/ich-freue-mich-sehr-zu-sagen-dass-boegen-fuer-die-ferien-von-2025-zurueck-sind-und-shea-mcges-neue-weihnachtskollektion-ist-voller-skurriler-romantischer-trend\\\/#primaryimage\"},\"image\":{\"@id\":\"https:\\\/\\\/www.strassenweb.de\\\/nachrichten\\\/ich-freue-mich-sehr-zu-sagen-dass-boegen-fuer-die-ferien-von-2025-zurueck-sind-und-shea-mcges-neue-weihnachtskollektion-ist-voller-skurriler-romantischer-trend\\\/#primaryimage\"},\"thumbnailUrl\":\"https:\\\/\\\/www.strassenweb.de\\\/nachrichten\\\/wp-content\\\/uploads\\\/2025\\\/09\\\/Ich-freue-mich-sehr-zu-sagen-dass-Boegen-fuer-die-scaled.jpg\",\"datePublished\":\"2025-09-27T17:39:50+00:00\",\"dateModified\":\"2025-09-27T17:39:53+00:00\",\"breadcrumb\":{\"@id\":\"https:\\\/\\\/www.strassenweb.de\\\/nachrichten\\\/ich-freue-mich-sehr-zu-sagen-dass-boegen-fuer-die-ferien-von-2025-zurueck-sind-und-shea-mcges-neue-weihnachtskollektion-ist-voller-skurriler-romantischer-trend\\\/#breadcrumb\"},\"inLanguage\":\"de\",\"potentialAction\":[{\"@type\":\"ReadAction\",\"target\":[\"https:\\\/\\\/www.strassenweb.de\\\/nachrichten\\\/ich-freue-mich-sehr-zu-sagen-dass-boegen-fuer-die-ferien-von-2025-zurueck-sind-und-shea-mcges-neue-weihnachtskollektion-ist-voller-skurriler-romantischer-trend\\\/\"]}]},{\"@type\":\"ImageObject\",\"inLanguage\":\"de\",\"@id\":\"https:\\\/\\\/www.strassenweb.de\\\/nachrichten\\\/ich-freue-mich-sehr-zu-sagen-dass-boegen-fuer-die-ferien-von-2025-zurueck-sind-und-shea-mcges-neue-weihnachtskollektion-ist-voller-skurriler-romantischer-trend\\\/#primaryimage\",\"url\":\"https:\\\/\\\/www.strassenweb.de\\\/nachrichten\\\/wp-content\\\/uploads\\\/2025\\\/09\\\/Ich-freue-mich-sehr-zu-sagen-dass-Boegen-fuer-die-scaled.jpg\",\"contentUrl\":\"https:\\\/\\\/www.strassenweb.de\\\/nachrichten\\\/wp-content\\\/uploads\\\/2025\\\/09\\\/Ich-freue-mich-sehr-zu-sagen-dass-Boegen-fuer-die-scaled.jpg\",\"width\":2560,\"height\":1440,\"caption\":\"Christmas tree adorned with bows featured in a festive living room with accent chairs and gift-wrapped presents\"},{\"@type\":\"BreadcrumbList\",\"@id\":\"https:\\\/\\\/www.strassenweb.de\\\/nachrichten\\\/ich-freue-mich-sehr-zu-sagen-dass-boegen-fuer-die-ferien-von-2025-zurueck-sind-und-shea-mcges-neue-weihnachtskollektion-ist-voller-skurriler-romantischer-trend\\\/#breadcrumb\",\"itemListElement\":[{\"@type\":\"ListItem\",\"position\":1,\"name\":\"Home\",\"item\":\"https:\\\/\\\/www.strassenweb.de\\\/nachrichten\\\/\"},{\"@type\":\"ListItem\",\"position\":2,\"name\":\"Ich freue mich sehr zu sagen, dass B\u00f6gen f\u00fcr die Ferien von 2025 zur\u00fcck sind &#8211; und Shea McGes neue Weihnachtskollektion ist voller skurriler, romantischer Trend\"}]},{\"@type\":\"WebSite\",\"@id\":\"https:\\\/\\\/www.strassenweb.de\\\/nachrichten\\\/#website\",\"url\":\"https:\\\/\\\/www.strassenweb.de\\\/nachrichten\\\/\",\"name\":\"Stra\u00dfenweb\",\"description\":\"Stra\u00dfenverzeichnis f\u00fcr Deutschland\",\"publisher\":{\"@id\":\"https:\\\/\\\/www.strassenweb.de\\\/nachrichten\\\/#organization\"},\"potentialAction\":[{\"@type\":\"SearchAction\",\"target\":{\"@type\":\"EntryPoint\",\"urlTemplate\":\"https:\\\/\\\/www.strassenweb.de\\\/nachrichten\\\/?s={search_term_string}\"},\"query-input\":{\"@type\":\"PropertyValueSpecification\",\"valueRequired\":true,\"valueName\":\"search_term_string\"}}],\"inLanguage\":\"de\"},{\"@type\":\"Organization\",\"@id\":\"https:\\\/\\\/www.strassenweb.de\\\/nachrichten\\\/#organization\",\"name\":\"Stra\u00dfenweb\",\"url\":\"https:\\\/\\\/www.strassenweb.de\\\/nachrichten\\\/\",\"logo\":{\"@type\":\"ImageObject\",\"inLanguage\":\"de\",\"@id\":\"https:\\\/\\\/www.strassenweb.de\\\/nachrichten\\\/#\\\/schema\\\/logo\\\/image\\\/\",\"url\":\"https:\\\/\\\/www.strassenweb.de\\\/nachrichten\\\/wp-content\\\/uploads\\\/2024\\\/09\\\/cropped-favicon.png\",\"contentUrl\":\"https:\\\/\\\/www.strassenweb.de\\\/nachrichten\\\/wp-content\\\/uploads\\\/2024\\\/09\\\/cropped-favicon.png\",\"width\":512,\"height\":512,\"caption\":\"Stra\u00dfenweb\"},\"image\":{\"@id\":\"https:\\\/\\\/www.strassenweb.de\\\/nachrichten\\\/#\\\/schema\\\/logo\\\/image\\\/\"},\"sameAs\":[\"https:\\\/\\\/www.facebook.com\\\/strassenweb\\\/\"]},{\"@type\":\"Person\",\"@id\":\"https:\\\/\\\/www.strassenweb.de\\\/nachrichten\\\/#\\\/schema\\\/person\\\/87c9c9067f1211da429a744dc5a5aa41\",\"name\":\"Robert Hoffmann\",\"image\":{\"@type\":\"ImageObject\",\"inLanguage\":\"de\",\"@id\":\"https:\\\/\\\/www.strassenweb.de\\\/nachrichten\\\/wp-content\\\/uploads\\\/2024\\\/09\\\/strassenweb-150x150.jpg\",\"url\":\"https:\\\/\\\/www.strassenweb.de\\\/nachrichten\\\/wp-content\\\/uploads\\\/2024\\\/09\\\/strassenweb-150x150.jpg\",\"contentUrl\":\"https:\\\/\\\/www.strassenweb.de\\\/nachrichten\\\/wp-content\\\/uploads\\\/2024\\\/09\\\/strassenweb-150x150.jpg\",\"caption\":\"Robert Hoffmann\"},\"description\":\"Ich hei\u00dfe Robert Hoffmann und ich bin ein leidenschaftlicher Verfechter von \u00d6kologie und Biodiversit\u00e4t. Seit meiner Kindheit in den W\u00e4ldern Bayerns f\u00fchle ich mich mit der Natur verbunden und bin entschlossen, sie zu sch\u00fctzen. Heute widme ich mein Leben der Sensibilisierung anderer f\u00fcr die Bedeutung des Umweltschutzes f\u00fcr zuk\u00fcnftige Generationen.\",\"sameAs\":[\"https:\\\/\\\/www.strassenweb.de\\\/\"]}]}<\/script>\n<!-- \/ Yoast SEO plugin. -->","yoast_head_json":{"title":"Ich freue mich sehr zu sagen, dass B\u00f6gen f\u00fcr die Ferien von 2025 zur\u00fcck sind - und Shea McGes neue Weihnachtskollektion ist voller skurriler, romantischer Trend - Nachrichten - Stra\u00dfenweb","robots":{"index":"index","follow":"follow","max-snippet":"max-snippet:-1","max-image-preview":"max-image-preview:large","max-video-preview":"max-video-preview:-1"},"canonical":"https:\/\/www.strassenweb.de\/nachrichten\/ich-freue-mich-sehr-zu-sagen-dass-boegen-fuer-die-ferien-von-2025-zurueck-sind-und-shea-mcges-neue-weihnachtskollektion-ist-voller-skurriler-romantischer-trend\/","og_locale":"de_DE","og_type":"article","og_title":"Ich freue mich sehr zu sagen, dass B\u00f6gen f\u00fcr die Ferien von 2025 zur\u00fcck sind - und Shea McGes neue Weihnachtskollektion ist voller skurriler, romantischer Trend - Nachrichten - Stra\u00dfenweb","og_description":"Es war einmal, dass wir die Hallen mit Holly geschm\u00fcckt haben. Im Jahr 2025 wurde die Auswahl der Wahl gegen etwas S\u00fc\u00dferes ausgetauscht: B\u00f6gen. Laut","og_url":"https:\/\/www.strassenweb.de\/nachrichten\/ich-freue-mich-sehr-zu-sagen-dass-boegen-fuer-die-ferien-von-2025-zurueck-sind-und-shea-mcges-neue-weihnachtskollektion-ist-voller-skurriler-romantischer-trend\/","og_site_name":"Stra\u00dfenweb","article_publisher":"https:\/\/www.facebook.com\/strassenweb\/","article_published_time":"2025-09-27T17:39:50+00:00","article_modified_time":"2025-09-27T17:39:53+00:00","og_image":[{"width":2560,"height":1440,"url":"https:\/\/www.strassenweb.de\/nachrichten\/wp-content\/uploads\/2025\/09\/Ich-freue-mich-sehr-zu-sagen-dass-Boegen-fuer-die-scaled.jpg","type":"image\/jpeg"}],"author":"Robert Hoffmann","twitter_card":"summary_large_image","twitter_misc":{"Verfasst von":"Robert Hoffmann","Gesch\u00e4tzte Lesezeit":"2\u00a0Minuten"},"schema":{"@context":"https:\/\/schema.org","@graph":[{"@type":"Article","@id":"https:\/\/www.strassenweb.de\/nachrichten\/ich-freue-mich-sehr-zu-sagen-dass-boegen-fuer-die-ferien-von-2025-zurueck-sind-und-shea-mcges-neue-weihnachtskollektion-ist-voller-skurriler-romantischer-trend\/#article","isPartOf":{"@id":"https:\/\/www.strassenweb.de\/nachrichten\/ich-freue-mich-sehr-zu-sagen-dass-boegen-fuer-die-ferien-von-2025-zurueck-sind-und-shea-mcges-neue-weihnachtskollektion-ist-voller-skurriler-romantischer-trend\/"},"author":{"name":"Robert Hoffmann","@id":"https:\/\/www.strassenweb.de\/nachrichten\/#\/schema\/person\/87c9c9067f1211da429a744dc5a5aa41"},"headline":"Ich freue mich sehr zu sagen, dass B\u00f6gen f\u00fcr die Ferien von 2025 zur\u00fcck sind &#8211; und Shea McGes neue Weihnachtskollektion ist voller skurriler, romantischer Trend","datePublished":"2025-09-27T17:39:50+00:00","dateModified":"2025-09-27T17:39:53+00:00","mainEntityOfPage":{"@id":"https:\/\/www.strassenweb.de\/nachrichten\/ich-freue-mich-sehr-zu-sagen-dass-boegen-fuer-die-ferien-von-2025-zurueck-sind-und-shea-mcges-neue-weihnachtskollektion-ist-voller-skurriler-romantischer-trend\/"},"wordCount":343,"publisher":{"@id":"https:\/\/www.strassenweb.de\/nachrichten\/#organization"},"image":{"@id":"https:\/\/www.strassenweb.de\/nachrichten\/ich-freue-mich-sehr-zu-sagen-dass-boegen-fuer-die-ferien-von-2025-zurueck-sind-und-shea-mcges-neue-weihnachtskollektion-ist-voller-skurriler-romantischer-trend\/#primaryimage"},"thumbnailUrl":"https:\/\/www.strassenweb.de\/nachrichten\/wp-content\/uploads\/2025\/09\/Ich-freue-mich-sehr-zu-sagen-dass-Boegen-fuer-die-scaled.jpg","keywords":["B\u00f6gen","dass","die","Ferien","freue","f\u00fcr","ich","ist","McGes","mich","Neue","romantischer","sagen","sehr","Shea","sind","skurriler","Trend","und","voller","von","Weihnachtskollektion","zur\u00fcck"],"articleSection":["Haus &amp; Garten"],"inLanguage":"de"},{"@type":"WebPage","@id":"https:\/\/www.strassenweb.de\/nachrichten\/ich-freue-mich-sehr-zu-sagen-dass-boegen-fuer-die-ferien-von-2025-zurueck-sind-und-shea-mcges-neue-weihnachtskollektion-ist-voller-skurriler-romantischer-trend\/","url":"https:\/\/www.strassenweb.de\/nachrichten\/ich-freue-mich-sehr-zu-sagen-dass-boegen-fuer-die-ferien-von-2025-zurueck-sind-und-shea-mcges-neue-weihnachtskollektion-ist-voller-skurriler-romantischer-trend\/","name":"Ich freue mich sehr zu sagen, dass B\u00f6gen f\u00fcr die Ferien von 2025 zur\u00fcck sind - und Shea McGes neue Weihnachtskollektion ist voller skurriler, romantischer Trend - Nachrichten - Stra\u00dfenweb","isPartOf":{"@id":"https:\/\/www.strassenweb.de\/nachrichten\/#website"},"primaryImageOfPage":{"@id":"https:\/\/www.strassenweb.de\/nachrichten\/ich-freue-mich-sehr-zu-sagen-dass-boegen-fuer-die-ferien-von-2025-zurueck-sind-und-shea-mcges-neue-weihnachtskollektion-ist-voller-skurriler-romantischer-trend\/#primaryimage"},"image":{"@id":"https:\/\/www.strassenweb.de\/nachrichten\/ich-freue-mich-sehr-zu-sagen-dass-boegen-fuer-die-ferien-von-2025-zurueck-sind-und-shea-mcges-neue-weihnachtskollektion-ist-voller-skurriler-romantischer-trend\/#primaryimage"},"thumbnailUrl":"https:\/\/www.strassenweb.de\/nachrichten\/wp-content\/uploads\/2025\/09\/Ich-freue-mich-sehr-zu-sagen-dass-Boegen-fuer-die-scaled.jpg","datePublished":"2025-09-27T17:39:50+00:00","dateModified":"2025-09-27T17:39:53+00:00","breadcrumb":{"@id":"https:\/\/www.strassenweb.de\/nachrichten\/ich-freue-mich-sehr-zu-sagen-dass-boegen-fuer-die-ferien-von-2025-zurueck-sind-und-shea-mcges-neue-weihnachtskollektion-ist-voller-skurriler-romantischer-trend\/#breadcrumb"},"inLanguage":"de","potentialAction":[{"@type":"ReadAction","target":["https:\/\/www.strassenweb.de\/nachrichten\/ich-freue-mich-sehr-zu-sagen-dass-boegen-fuer-die-ferien-von-2025-zurueck-sind-und-shea-mcges-neue-weihnachtskollektion-ist-voller-skurriler-romantischer-trend\/"]}]},{"@type":"ImageObject","inLanguage":"de","@id":"https:\/\/www.strassenweb.de\/nachrichten\/ich-freue-mich-sehr-zu-sagen-dass-boegen-fuer-die-ferien-von-2025-zurueck-sind-und-shea-mcges-neue-weihnachtskollektion-ist-voller-skurriler-romantischer-trend\/#primaryimage","url":"https:\/\/www.strassenweb.de\/nachrichten\/wp-content\/uploads\/2025\/09\/Ich-freue-mich-sehr-zu-sagen-dass-Boegen-fuer-die-scaled.jpg","contentUrl":"https:\/\/www.strassenweb.de\/nachrichten\/wp-content\/uploads\/2025\/09\/Ich-freue-mich-sehr-zu-sagen-dass-Boegen-fuer-die-scaled.jpg","width":2560,"height":1440,"caption":"Christmas tree adorned with bows featured in a festive living room with accent chairs and gift-wrapped presents"},{"@type":"BreadcrumbList","@id":"https:\/\/www.strassenweb.de\/nachrichten\/ich-freue-mich-sehr-zu-sagen-dass-boegen-fuer-die-ferien-von-2025-zurueck-sind-und-shea-mcges-neue-weihnachtskollektion-ist-voller-skurriler-romantischer-trend\/#breadcrumb","itemListElement":[{"@type":"ListItem","position":1,"name":"Home","item":"https:\/\/www.strassenweb.de\/nachrichten\/"},{"@type":"ListItem","position":2,"name":"Ich freue mich sehr zu sagen, dass B\u00f6gen f\u00fcr die Ferien von 2025 zur\u00fcck sind &#8211; und Shea McGes neue Weihnachtskollektion ist voller skurriler, romantischer Trend"}]},{"@type":"WebSite","@id":"https:\/\/www.strassenweb.de\/nachrichten\/#website","url":"https:\/\/www.strassenweb.de\/nachrichten\/","name":"Stra\u00dfenweb","description":"Stra\u00dfenverzeichnis f\u00fcr Deutschland","publisher":{"@id":"https:\/\/www.strassenweb.de\/nachrichten\/#organization"},"potentialAction":[{"@type":"SearchAction","target":{"@type":"EntryPoint","urlTemplate":"https:\/\/www.strassenweb.de\/nachrichten\/?s={search_term_string}"},"query-input":{"@type":"PropertyValueSpecification","valueRequired":true,"valueName":"search_term_string"}}],"inLanguage":"de"},{"@type":"Organization","@id":"https:\/\/www.strassenweb.de\/nachrichten\/#organization","name":"Stra\u00dfenweb","url":"https:\/\/www.strassenweb.de\/nachrichten\/","logo":{"@type":"ImageObject","inLanguage":"de","@id":"https:\/\/www.strassenweb.de\/nachrichten\/#\/schema\/logo\/image\/","url":"https:\/\/www.strassenweb.de\/nachrichten\/wp-content\/uploads\/2024\/09\/cropped-favicon.png","contentUrl":"https:\/\/www.strassenweb.de\/nachrichten\/wp-content\/uploads\/2024\/09\/cropped-favicon.png","width":512,"height":512,"caption":"Stra\u00dfenweb"},"image":{"@id":"https:\/\/www.strassenweb.de\/nachrichten\/#\/schema\/logo\/image\/"},"sameAs":["https:\/\/www.facebook.com\/strassenweb\/"]},{"@type":"Person","@id":"https:\/\/www.strassenweb.de\/nachrichten\/#\/schema\/person\/87c9c9067f1211da429a744dc5a5aa41","name":"Robert Hoffmann","image":{"@type":"ImageObject","inLanguage":"de","@id":"https:\/\/www.strassenweb.de\/nachrichten\/wp-content\/uploads\/2024\/09\/strassenweb-150x150.jpg","url":"https:\/\/www.strassenweb.de\/nachrichten\/wp-content\/uploads\/2024\/09\/strassenweb-150x150.jpg","contentUrl":"https:\/\/www.strassenweb.de\/nachrichten\/wp-content\/uploads\/2024\/09\/strassenweb-150x150.jpg","caption":"Robert Hoffmann"},"description":"Ich hei\u00dfe Robert Hoffmann und ich bin ein leidenschaftlicher Verfechter von \u00d6kologie und Biodiversit\u00e4t. Seit meiner Kindheit in den W\u00e4ldern Bayerns f\u00fchle ich mich mit der Natur verbunden und bin entschlossen, sie zu sch\u00fctzen. Heute widme ich mein Leben der Sensibilisierung anderer f\u00fcr die Bedeutung des Umweltschutzes f\u00fcr zuk\u00fcnftige Generationen.","sameAs":["https:\/\/www.strassenweb.de\/"]}]}},"_links":{"self":[{"href":"https:\/\/www.strassenweb.de\/nachrichten\/wp-json\/wp\/v2\/posts\/8038","targetHints":{"allow":["GET"]}}],"collection":[{"href":"https:\/\/www.strassenweb.de\/nachrichten\/wp-json\/wp\/v2\/posts"}],"about":[{"href":"https:\/\/www.strassenweb.de\/nachrichten\/wp-json\/wp\/v2\/types\/post"}],"author":[{"embeddable":true,"href":"https:\/\/www.strassenweb.de\/nachrichten\/wp-json\/wp\/v2\/users\/1"}],"replies":[{"embeddable":true,"href":"https:\/\/www.strassenweb.de\/nachrichten\/wp-json\/wp\/v2\/comments?post=8038"}],"version-history":[{"count":0,"href":"https:\/\/www.strassenweb.de\/nachrichten\/wp-json\/wp\/v2\/posts\/8038\/revisions"}],"wp:featuredmedia":[{"embeddable":true,"href":"https:\/\/www.strassenweb.de\/nachrichten\/wp-json\/wp\/v2\/media\/8039"}],"wp:attachment":[{"href":"https:\/\/www.strassenweb.de\/nachrichten\/wp-json\/wp\/v2\/media?parent=8038"}],"wp:term":[{"taxonomy":"category","embeddable":true,"href":"https:\/\/www.strassenweb.de\/nachrichten\/wp-json\/wp\/v2\/categories?post=8038"},{"taxonomy":"post_tag","embeddable":true,"href":"https:\/\/www.strassenweb.de\/nachrichten\/wp-json\/wp\/v2\/tags?post=8038"}],"curies":[{"name":"wp","href":"https:\/\/api.w.org\/{rel}","templated":true}]}}