{"id":8023,"date":"2025-09-27T04:39:16","date_gmt":"2025-09-27T02:39:16","guid":{"rendered":"https:\/\/www.strassenweb.de\/nachrichten\/design-experten-schwaermen-von-brooklyn-beckhams-cleverer-kuechenspeicherloesung-und-es-ist-tatsaechlich-brillant\/"},"modified":"2025-09-27T04:39:17","modified_gmt":"2025-09-27T02:39:17","slug":"design-experten-schwaermen-von-brooklyn-beckhams-cleverer-kuechenspeicherloesung-und-es-ist-tatsaechlich-brillant","status":"publish","type":"post","link":"https:\/\/www.strassenweb.de\/nachrichten\/design-experten-schwaermen-von-brooklyn-beckhams-cleverer-kuechenspeicherloesung-und-es-ist-tatsaechlich-brillant\/","title":{"rendered":"Design -Experten schw\u00e4rmen von Brooklyn Beckhams cleverer K\u00fcchenspeicherl\u00f6sung und es ist tats\u00e4chlich brillant"},"content":{"rendered":"<p><\/p>\n<div id=\"article-body\" class=\"article__body \">\n<p id=\"ed65dd1d-6582-4951-900b-cbf09b303a08\">Als David Beckham ein Foto von der K\u00fcche seines Sohnes Brooklyn teilte, war es nicht das Kochen, das uns auffiel, sondern eine Designauswahl, die eine gro\u00dfe Trendverschiebung signalisiert.<\/p>\n<div id=\"ad-unit-1\" class=\"ad-unit\"><\/div>\n<p>Anstatt den K\u00fcchenraum mit herk\u00f6mmlichen oberen Schr\u00e4nken zu f\u00fcllen, entschied sich der aufstrebende Koch f\u00fcr ein einfaches, aber stilvolles Topfregal. Diese Wahl ist ein Beweis f\u00fcr eine wachsende Bewegung von sperrigen Schr\u00e4nken und zu offeneren, funktionsf\u00e4higeren und personalisierten K\u00fcchenideen.<\/p>\n<aside data-block-type=\"embed\" data-render-type=\"fte\" data-skip=\"dealsy\" data-widget-type=\"seasonal\" class=\"hawk-base\"><\/aside>\n<p id=\"ed65dd1d-6582-4951-900b-cbf09b303a08-2\">In einem kleineren Raum kann ein Mangel an oberen K\u00fcchenschr\u00e4nken die Illusion von mehr Platz schaffen, wodurch sich der Raum luftreicher und moderner anf\u00fchlt. Der Trend f\u00fcr den Pothalter ist eine perfekte L\u00f6sung, mit der Sie Ihre Lieblings -T\u00f6pfe und Pfannen wunderbar ausstellen und allt\u00e4gliche K\u00fcchenwerkzeuge in ein Kunstwerk verwandeln k\u00f6nnen.<\/p>\n<div class=\"van_vid_carousel\">\n<div class=\"van_vid_carousel__padding\">\n<div class=\"van_vid_carousel__container\"><\/div>\n<\/div>\n<\/div>\n<div class=\"instagram-embed\" id=\"DATbJzDIg_f\">\n<blockquote class=\"instagram-media\" data-instgrm-captioned data-instgrm-version=\"6\" style=\"width:99.375%; width:-webkit-calc(100% - 2px); width:calc(100% - 2px);\">\n<p>Ein Beitrag, der von David Beckham (@Davidbeckham) geteilt wird<\/p>\n<p>Ein Foto von on <\/p>\n<\/blockquote>\n<\/div>\n<p id=\"f944604c-2935-45a2-b29b-0f79476af128\">Nicht jeder K\u00fcchenartikel muss versteckt sein. Die Umarmung von dekorativen Ideen f\u00fcr die Lagerung von K\u00fcchen kann das Erscheinungsbild Ihres Raums dramatisch ver\u00e4ndern. Topfregal, Kleiderb\u00fcgel und Haken gibt es schon seit einiger Zeit, aber erst in den letzten Jahren haben sie ein gro\u00dfes Comeback im K\u00fcchendesign erzielt.<\/p>\n<div id=\"ad-unit-2\" class=\"ad-unit\"><\/div>\n<p>&#8222;Ein guter Koch organisiert den Inhalt starr und sorgt daf\u00fcr, dass alles leicht zu sehen ist, damit Zutaten und Ausr\u00fcstung schnell gesammelt werden k\u00f6nnen&#8220;, sagt Chefkoch und Autor Peter Sidwell, Markenbotschafter f\u00fcr Symphoniek\u00fcchen. In einem wahren <u>K\u00fcche des K\u00fcchenchefs<\/u>Offene Regale, Wandmesserbl\u00f6cke und Topfregale sind in Bezug auf Geschwindigkeit und Zug\u00e4nglichkeit \u00e4hnlich effizient. Sie sind ein Muss f\u00fcr jeden, der Zeit damit verbringt, zu Hause zu kochen.<\/p>\n<p>W\u00e4hrend sie einst ausschlie\u00dflich die Dom\u00e4ne der K\u00f6che waren, die als rein praktische Alternative zu Ideen f\u00fcr K\u00fcchenschrank verwendet wurden, erf\u00fcllen die heutigen Topfregal einen doppelten Zweck. Sie sind eine wunderbare M\u00f6glichkeit, nicht nur sch\u00f6ne T\u00f6pfe und Pfannen, sondern auch dekorative Objekte wie Kupfergeschirr, charmante Bettw\u00e4sche und frische Kr\u00e4uter zu zeigen, die einen Farbton und einen Duft verleihen.<\/p>\n<div id=\"slice-container-newsletterForm-articleInbodyContent-gccZYYV2MtMJR78s4GYMWL\" class=\"slice-container newsletter-inbodyContent-slice newsletterForm-articleInbodyContent-gccZYYV2MtMJR78s4GYMWL slice-container-newsletterForm\"><\/div>\n<p>In diesem Trend geht es darum, Ihre Lieblingswerkzeuge und -objekte auszustellen und die K\u00fcche zu einem pers\u00f6nlicheren und einladenderen Raum zu machen. Es zeigt, dass Sie mit Ihren K\u00fcchenw\u00e4nden mehr tun k\u00f6nnen, als nur Schr\u00e4nke hinzuzuf\u00fcgen. Anstelle einer nackten Wand oder eines geschlossenen Designs k\u00f6nnen Sie eine sch\u00f6ne Funktion erstellen, die sowohl funktional als auch \u00e4sthetisch ansprechend ist.<\/p>\n<h2 id=\"shop-the-look-3\">Kaufen Sie den Look ein<\/h2>\n<div class=\"product-container hero-product-container product-block-no-wrap\">\n<div class=\"product-block-row\"><\/div>\n<div class=\"product-block-row\"><\/div>\n<div class=\"product-block-row\"><\/div>\n<\/div>\n<hr id=\"b7c984a8-f015-4a97-a5e4-2bf066f88cb7\">\n<p id=\"4cdc4c88-5030-4a99-a1af-171f6ea11fd9\">Dieses clevere Zubeh\u00f6r ist mehr als nur eine Speicherl\u00f6sung-es ist eine M\u00f6glichkeit, strukturiertes Interesse und den in den K\u00fcchenchef inspirierten Stil in Ihr Zuhause zu vermitteln. Kein Wunder, dass Designer und kulinarische Enthusiasten diese elegante Alternative zur traditionellen K\u00fcchenspeicherung umfassen.<\/p>\n<p>F\u00fcr weitere Inspiration untersuchen wir weitere M\u00f6glichkeiten, \u00fcber K\u00fcchenschr\u00e4nken in unserer speziellen Funktion zu dekorieren.<\/p>\n<div class=\"block\" id=\"articleTag\" data-component-name=\"PostArticleLinks\">\n<div class=\"border-b border-b-black border-solid py-2.5 text-black font-bold uppercase\">Themen<\/div>\n<nav class=\"py-2.5 flex gap-2.5 flex-wrap\" data-analytics-id=\"article-tag\">\n<p>Schr\u00e4nke<\/p>\n<\/nav>\n<\/div>\n<\/div>\n<p><script async src=\"\/\/www.instagram.com\/embed.js\"><\/script><\/p>\n","protected":false},"excerpt":{"rendered":"<p>Als David Beckham ein Foto von der K\u00fcche seines Sohnes Brooklyn teilte, war es nicht das Kochen, das uns auffiel, sondern eine Designauswahl, die eine<\/p>\n","protected":false},"author":1,"featured_media":8024,"comment_status":"closed","ping_status":"","sticky":false,"template":"","format":"standard","meta":{"footnotes":""},"categories":[118],"tags":[2824,830,10392,9013,679,667,15,10393,10312,1113,37,21],"class_list":["post-8023","post","type-post","status-publish","format-standard","has-post-thumbnail","hentry","category-haus-garten","tag-beckhams","tag-brillant","tag-brooklyn","tag-cleverer","tag-design","tag-experten","tag-ist","tag-kuechenspeicherloesung","tag-schwaermen","tag-tatsaechlich","tag-und","tag-von","generate-columns","tablet-grid-50","mobile-grid-100","grid-parent","grid-50"],"yoast_head":"<!-- This site is optimized with the Yoast SEO plugin v27.3 - https:\/\/yoast.com\/product\/yoast-seo-wordpress\/ -->\n<title>Design -Experten schw\u00e4rmen von Brooklyn Beckhams cleverer K\u00fcchenspeicherl\u00f6sung und es ist tats\u00e4chlich brillant - Nachrichten - Stra\u00dfenweb<\/title>\n<meta name=\"robots\" content=\"index, follow, max-snippet:-1, max-image-preview:large, max-video-preview:-1\" \/>\n<link rel=\"canonical\" href=\"https:\/\/www.strassenweb.de\/nachrichten\/design-experten-schwaermen-von-brooklyn-beckhams-cleverer-kuechenspeicherloesung-und-es-ist-tatsaechlich-brillant\/\" \/>\n<meta property=\"og:locale\" content=\"de_DE\" \/>\n<meta property=\"og:type\" content=\"article\" \/>\n<meta property=\"og:title\" content=\"Design -Experten schw\u00e4rmen von Brooklyn Beckhams cleverer K\u00fcchenspeicherl\u00f6sung und es ist tats\u00e4chlich brillant - Nachrichten - Stra\u00dfenweb\" \/>\n<meta property=\"og:description\" content=\"Als David Beckham ein Foto von der K\u00fcche seines Sohnes Brooklyn teilte, war es nicht das Kochen, das uns auffiel, sondern eine Designauswahl, die eine\" \/>\n<meta property=\"og:url\" content=\"https:\/\/www.strassenweb.de\/nachrichten\/design-experten-schwaermen-von-brooklyn-beckhams-cleverer-kuechenspeicherloesung-und-es-ist-tatsaechlich-brillant\/\" \/>\n<meta property=\"og:site_name\" content=\"Stra\u00dfenweb\" \/>\n<meta property=\"article:publisher\" content=\"https:\/\/www.facebook.com\/strassenweb\/\" \/>\n<meta property=\"article:published_time\" content=\"2025-09-27T02:39:16+00:00\" \/>\n<meta property=\"article:modified_time\" content=\"2025-09-27T02:39:17+00:00\" \/>\n<meta property=\"og:image\" content=\"https:\/\/www.strassenweb.de\/nachrichten\/wp-content\/uploads\/2025\/09\/Design-Experten-schwaermen-von-Brooklyn-Beckhams-cleverer-Kuechenspeicherloesung-und-es.jpg\" \/>\n\t<meta property=\"og:image:width\" content=\"1600\" \/>\n\t<meta property=\"og:image:height\" content=\"900\" \/>\n\t<meta property=\"og:image:type\" content=\"image\/jpeg\" \/>\n<meta name=\"author\" content=\"Robert Hoffmann\" \/>\n<meta name=\"twitter:card\" content=\"summary_large_image\" \/>\n<meta name=\"twitter:label1\" content=\"Verfasst von\" \/>\n\t<meta name=\"twitter:data1\" content=\"Robert Hoffmann\" \/>\n\t<meta name=\"twitter:label2\" content=\"Gesch\u00e4tzte Lesezeit\" \/>\n\t<meta name=\"twitter:data2\" content=\"2\u00a0Minuten\" \/>\n<script type=\"application\/ld+json\" class=\"yoast-schema-graph\">{\"@context\":\"https:\\\/\\\/schema.org\",\"@graph\":[{\"@type\":\"Article\",\"@id\":\"https:\\\/\\\/www.strassenweb.de\\\/nachrichten\\\/design-experten-schwaermen-von-brooklyn-beckhams-cleverer-kuechenspeicherloesung-und-es-ist-tatsaechlich-brillant\\\/#article\",\"isPartOf\":{\"@id\":\"https:\\\/\\\/www.strassenweb.de\\\/nachrichten\\\/design-experten-schwaermen-von-brooklyn-beckhams-cleverer-kuechenspeicherloesung-und-es-ist-tatsaechlich-brillant\\\/\"},\"author\":{\"name\":\"Robert Hoffmann\",\"@id\":\"https:\\\/\\\/www.strassenweb.de\\\/nachrichten\\\/#\\\/schema\\\/person\\\/87c9c9067f1211da429a744dc5a5aa41\"},\"headline\":\"Design -Experten schw\u00e4rmen von Brooklyn Beckhams cleverer K\u00fcchenspeicherl\u00f6sung und es ist tats\u00e4chlich brillant\",\"datePublished\":\"2025-09-27T02:39:16+00:00\",\"dateModified\":\"2025-09-27T02:39:17+00:00\",\"mainEntityOfPage\":{\"@id\":\"https:\\\/\\\/www.strassenweb.de\\\/nachrichten\\\/design-experten-schwaermen-von-brooklyn-beckhams-cleverer-kuechenspeicherloesung-und-es-ist-tatsaechlich-brillant\\\/\"},\"wordCount\":507,\"publisher\":{\"@id\":\"https:\\\/\\\/www.strassenweb.de\\\/nachrichten\\\/#organization\"},\"image\":{\"@id\":\"https:\\\/\\\/www.strassenweb.de\\\/nachrichten\\\/design-experten-schwaermen-von-brooklyn-beckhams-cleverer-kuechenspeicherloesung-und-es-ist-tatsaechlich-brillant\\\/#primaryimage\"},\"thumbnailUrl\":\"https:\\\/\\\/www.strassenweb.de\\\/nachrichten\\\/wp-content\\\/uploads\\\/2025\\\/09\\\/Design-Experten-schwaermen-von-Brooklyn-Beckhams-cleverer-Kuechenspeicherloesung-und-es.jpg\",\"keywords\":[\"Beckhams\",\"brillant\",\"Brooklyn\",\"cleverer\",\"Design\",\"Experten\",\"ist\",\"K\u00fcchenspeicherl\u00f6sung\",\"schw\u00e4rmen\",\"tats\u00e4chlich\",\"und\",\"von\"],\"articleSection\":[\"Haus &amp; Garten\"],\"inLanguage\":\"de\"},{\"@type\":\"WebPage\",\"@id\":\"https:\\\/\\\/www.strassenweb.de\\\/nachrichten\\\/design-experten-schwaermen-von-brooklyn-beckhams-cleverer-kuechenspeicherloesung-und-es-ist-tatsaechlich-brillant\\\/\",\"url\":\"https:\\\/\\\/www.strassenweb.de\\\/nachrichten\\\/design-experten-schwaermen-von-brooklyn-beckhams-cleverer-kuechenspeicherloesung-und-es-ist-tatsaechlich-brillant\\\/\",\"name\":\"Design -Experten schw\u00e4rmen von Brooklyn Beckhams cleverer K\u00fcchenspeicherl\u00f6sung und es ist tats\u00e4chlich brillant - Nachrichten - Stra\u00dfenweb\",\"isPartOf\":{\"@id\":\"https:\\\/\\\/www.strassenweb.de\\\/nachrichten\\\/#website\"},\"primaryImageOfPage\":{\"@id\":\"https:\\\/\\\/www.strassenweb.de\\\/nachrichten\\\/design-experten-schwaermen-von-brooklyn-beckhams-cleverer-kuechenspeicherloesung-und-es-ist-tatsaechlich-brillant\\\/#primaryimage\"},\"image\":{\"@id\":\"https:\\\/\\\/www.strassenweb.de\\\/nachrichten\\\/design-experten-schwaermen-von-brooklyn-beckhams-cleverer-kuechenspeicherloesung-und-es-ist-tatsaechlich-brillant\\\/#primaryimage\"},\"thumbnailUrl\":\"https:\\\/\\\/www.strassenweb.de\\\/nachrichten\\\/wp-content\\\/uploads\\\/2025\\\/09\\\/Design-Experten-schwaermen-von-Brooklyn-Beckhams-cleverer-Kuechenspeicherloesung-und-es.jpg\",\"datePublished\":\"2025-09-27T02:39:16+00:00\",\"dateModified\":\"2025-09-27T02:39:17+00:00\",\"breadcrumb\":{\"@id\":\"https:\\\/\\\/www.strassenweb.de\\\/nachrichten\\\/design-experten-schwaermen-von-brooklyn-beckhams-cleverer-kuechenspeicherloesung-und-es-ist-tatsaechlich-brillant\\\/#breadcrumb\"},\"inLanguage\":\"de\",\"potentialAction\":[{\"@type\":\"ReadAction\",\"target\":[\"https:\\\/\\\/www.strassenweb.de\\\/nachrichten\\\/design-experten-schwaermen-von-brooklyn-beckhams-cleverer-kuechenspeicherloesung-und-es-ist-tatsaechlich-brillant\\\/\"]}]},{\"@type\":\"ImageObject\",\"inLanguage\":\"de\",\"@id\":\"https:\\\/\\\/www.strassenweb.de\\\/nachrichten\\\/design-experten-schwaermen-von-brooklyn-beckhams-cleverer-kuechenspeicherloesung-und-es-ist-tatsaechlich-brillant\\\/#primaryimage\",\"url\":\"https:\\\/\\\/www.strassenweb.de\\\/nachrichten\\\/wp-content\\\/uploads\\\/2025\\\/09\\\/Design-Experten-schwaermen-von-Brooklyn-Beckhams-cleverer-Kuechenspeicherloesung-und-es.jpg\",\"contentUrl\":\"https:\\\/\\\/www.strassenweb.de\\\/nachrichten\\\/wp-content\\\/uploads\\\/2025\\\/09\\\/Design-Experten-schwaermen-von-Brooklyn-Beckhams-cleverer-Kuechenspeicherloesung-und-es.jpg\",\"width\":1600,\"height\":900,\"caption\":\"Brooklyn Beckham on a black background\"},{\"@type\":\"BreadcrumbList\",\"@id\":\"https:\\\/\\\/www.strassenweb.de\\\/nachrichten\\\/design-experten-schwaermen-von-brooklyn-beckhams-cleverer-kuechenspeicherloesung-und-es-ist-tatsaechlich-brillant\\\/#breadcrumb\",\"itemListElement\":[{\"@type\":\"ListItem\",\"position\":1,\"name\":\"Home\",\"item\":\"https:\\\/\\\/www.strassenweb.de\\\/nachrichten\\\/\"},{\"@type\":\"ListItem\",\"position\":2,\"name\":\"Design -Experten schw\u00e4rmen von Brooklyn Beckhams cleverer K\u00fcchenspeicherl\u00f6sung und es ist tats\u00e4chlich brillant\"}]},{\"@type\":\"WebSite\",\"@id\":\"https:\\\/\\\/www.strassenweb.de\\\/nachrichten\\\/#website\",\"url\":\"https:\\\/\\\/www.strassenweb.de\\\/nachrichten\\\/\",\"name\":\"Stra\u00dfenweb\",\"description\":\"Stra\u00dfenverzeichnis f\u00fcr Deutschland\",\"publisher\":{\"@id\":\"https:\\\/\\\/www.strassenweb.de\\\/nachrichten\\\/#organization\"},\"potentialAction\":[{\"@type\":\"SearchAction\",\"target\":{\"@type\":\"EntryPoint\",\"urlTemplate\":\"https:\\\/\\\/www.strassenweb.de\\\/nachrichten\\\/?s={search_term_string}\"},\"query-input\":{\"@type\":\"PropertyValueSpecification\",\"valueRequired\":true,\"valueName\":\"search_term_string\"}}],\"inLanguage\":\"de\"},{\"@type\":\"Organization\",\"@id\":\"https:\\\/\\\/www.strassenweb.de\\\/nachrichten\\\/#organization\",\"name\":\"Stra\u00dfenweb\",\"url\":\"https:\\\/\\\/www.strassenweb.de\\\/nachrichten\\\/\",\"logo\":{\"@type\":\"ImageObject\",\"inLanguage\":\"de\",\"@id\":\"https:\\\/\\\/www.strassenweb.de\\\/nachrichten\\\/#\\\/schema\\\/logo\\\/image\\\/\",\"url\":\"https:\\\/\\\/www.strassenweb.de\\\/nachrichten\\\/wp-content\\\/uploads\\\/2024\\\/09\\\/cropped-favicon.png\",\"contentUrl\":\"https:\\\/\\\/www.strassenweb.de\\\/nachrichten\\\/wp-content\\\/uploads\\\/2024\\\/09\\\/cropped-favicon.png\",\"width\":512,\"height\":512,\"caption\":\"Stra\u00dfenweb\"},\"image\":{\"@id\":\"https:\\\/\\\/www.strassenweb.de\\\/nachrichten\\\/#\\\/schema\\\/logo\\\/image\\\/\"},\"sameAs\":[\"https:\\\/\\\/www.facebook.com\\\/strassenweb\\\/\"]},{\"@type\":\"Person\",\"@id\":\"https:\\\/\\\/www.strassenweb.de\\\/nachrichten\\\/#\\\/schema\\\/person\\\/87c9c9067f1211da429a744dc5a5aa41\",\"name\":\"Robert Hoffmann\",\"image\":{\"@type\":\"ImageObject\",\"inLanguage\":\"de\",\"@id\":\"https:\\\/\\\/www.strassenweb.de\\\/nachrichten\\\/wp-content\\\/uploads\\\/2024\\\/09\\\/strassenweb-150x150.jpg\",\"url\":\"https:\\\/\\\/www.strassenweb.de\\\/nachrichten\\\/wp-content\\\/uploads\\\/2024\\\/09\\\/strassenweb-150x150.jpg\",\"contentUrl\":\"https:\\\/\\\/www.strassenweb.de\\\/nachrichten\\\/wp-content\\\/uploads\\\/2024\\\/09\\\/strassenweb-150x150.jpg\",\"caption\":\"Robert Hoffmann\"},\"description\":\"Ich hei\u00dfe Robert Hoffmann und ich bin ein leidenschaftlicher Verfechter von \u00d6kologie und Biodiversit\u00e4t. Seit meiner Kindheit in den W\u00e4ldern Bayerns f\u00fchle ich mich mit der Natur verbunden und bin entschlossen, sie zu sch\u00fctzen. Heute widme ich mein Leben der Sensibilisierung anderer f\u00fcr die Bedeutung des Umweltschutzes f\u00fcr zuk\u00fcnftige Generationen.\",\"sameAs\":[\"https:\\\/\\\/www.strassenweb.de\\\/\"]}]}<\/script>\n<!-- \/ Yoast SEO plugin. -->","yoast_head_json":{"title":"Design -Experten schw\u00e4rmen von Brooklyn Beckhams cleverer K\u00fcchenspeicherl\u00f6sung und es ist tats\u00e4chlich brillant - Nachrichten - Stra\u00dfenweb","robots":{"index":"index","follow":"follow","max-snippet":"max-snippet:-1","max-image-preview":"max-image-preview:large","max-video-preview":"max-video-preview:-1"},"canonical":"https:\/\/www.strassenweb.de\/nachrichten\/design-experten-schwaermen-von-brooklyn-beckhams-cleverer-kuechenspeicherloesung-und-es-ist-tatsaechlich-brillant\/","og_locale":"de_DE","og_type":"article","og_title":"Design -Experten schw\u00e4rmen von Brooklyn Beckhams cleverer K\u00fcchenspeicherl\u00f6sung und es ist tats\u00e4chlich brillant - Nachrichten - Stra\u00dfenweb","og_description":"Als David Beckham ein Foto von der K\u00fcche seines Sohnes Brooklyn teilte, war es nicht das Kochen, das uns auffiel, sondern eine Designauswahl, die eine","og_url":"https:\/\/www.strassenweb.de\/nachrichten\/design-experten-schwaermen-von-brooklyn-beckhams-cleverer-kuechenspeicherloesung-und-es-ist-tatsaechlich-brillant\/","og_site_name":"Stra\u00dfenweb","article_publisher":"https:\/\/www.facebook.com\/strassenweb\/","article_published_time":"2025-09-27T02:39:16+00:00","article_modified_time":"2025-09-27T02:39:17+00:00","og_image":[{"width":1600,"height":900,"url":"https:\/\/www.strassenweb.de\/nachrichten\/wp-content\/uploads\/2025\/09\/Design-Experten-schwaermen-von-Brooklyn-Beckhams-cleverer-Kuechenspeicherloesung-und-es.jpg","type":"image\/jpeg"}],"author":"Robert Hoffmann","twitter_card":"summary_large_image","twitter_misc":{"Verfasst von":"Robert Hoffmann","Gesch\u00e4tzte Lesezeit":"2\u00a0Minuten"},"schema":{"@context":"https:\/\/schema.org","@graph":[{"@type":"Article","@id":"https:\/\/www.strassenweb.de\/nachrichten\/design-experten-schwaermen-von-brooklyn-beckhams-cleverer-kuechenspeicherloesung-und-es-ist-tatsaechlich-brillant\/#article","isPartOf":{"@id":"https:\/\/www.strassenweb.de\/nachrichten\/design-experten-schwaermen-von-brooklyn-beckhams-cleverer-kuechenspeicherloesung-und-es-ist-tatsaechlich-brillant\/"},"author":{"name":"Robert Hoffmann","@id":"https:\/\/www.strassenweb.de\/nachrichten\/#\/schema\/person\/87c9c9067f1211da429a744dc5a5aa41"},"headline":"Design -Experten schw\u00e4rmen von Brooklyn Beckhams cleverer K\u00fcchenspeicherl\u00f6sung und es ist tats\u00e4chlich brillant","datePublished":"2025-09-27T02:39:16+00:00","dateModified":"2025-09-27T02:39:17+00:00","mainEntityOfPage":{"@id":"https:\/\/www.strassenweb.de\/nachrichten\/design-experten-schwaermen-von-brooklyn-beckhams-cleverer-kuechenspeicherloesung-und-es-ist-tatsaechlich-brillant\/"},"wordCount":507,"publisher":{"@id":"https:\/\/www.strassenweb.de\/nachrichten\/#organization"},"image":{"@id":"https:\/\/www.strassenweb.de\/nachrichten\/design-experten-schwaermen-von-brooklyn-beckhams-cleverer-kuechenspeicherloesung-und-es-ist-tatsaechlich-brillant\/#primaryimage"},"thumbnailUrl":"https:\/\/www.strassenweb.de\/nachrichten\/wp-content\/uploads\/2025\/09\/Design-Experten-schwaermen-von-Brooklyn-Beckhams-cleverer-Kuechenspeicherloesung-und-es.jpg","keywords":["Beckhams","brillant","Brooklyn","cleverer","Design","Experten","ist","K\u00fcchenspeicherl\u00f6sung","schw\u00e4rmen","tats\u00e4chlich","und","von"],"articleSection":["Haus &amp; Garten"],"inLanguage":"de"},{"@type":"WebPage","@id":"https:\/\/www.strassenweb.de\/nachrichten\/design-experten-schwaermen-von-brooklyn-beckhams-cleverer-kuechenspeicherloesung-und-es-ist-tatsaechlich-brillant\/","url":"https:\/\/www.strassenweb.de\/nachrichten\/design-experten-schwaermen-von-brooklyn-beckhams-cleverer-kuechenspeicherloesung-und-es-ist-tatsaechlich-brillant\/","name":"Design -Experten schw\u00e4rmen von Brooklyn Beckhams cleverer K\u00fcchenspeicherl\u00f6sung und es ist tats\u00e4chlich brillant - Nachrichten - Stra\u00dfenweb","isPartOf":{"@id":"https:\/\/www.strassenweb.de\/nachrichten\/#website"},"primaryImageOfPage":{"@id":"https:\/\/www.strassenweb.de\/nachrichten\/design-experten-schwaermen-von-brooklyn-beckhams-cleverer-kuechenspeicherloesung-und-es-ist-tatsaechlich-brillant\/#primaryimage"},"image":{"@id":"https:\/\/www.strassenweb.de\/nachrichten\/design-experten-schwaermen-von-brooklyn-beckhams-cleverer-kuechenspeicherloesung-und-es-ist-tatsaechlich-brillant\/#primaryimage"},"thumbnailUrl":"https:\/\/www.strassenweb.de\/nachrichten\/wp-content\/uploads\/2025\/09\/Design-Experten-schwaermen-von-Brooklyn-Beckhams-cleverer-Kuechenspeicherloesung-und-es.jpg","datePublished":"2025-09-27T02:39:16+00:00","dateModified":"2025-09-27T02:39:17+00:00","breadcrumb":{"@id":"https:\/\/www.strassenweb.de\/nachrichten\/design-experten-schwaermen-von-brooklyn-beckhams-cleverer-kuechenspeicherloesung-und-es-ist-tatsaechlich-brillant\/#breadcrumb"},"inLanguage":"de","potentialAction":[{"@type":"ReadAction","target":["https:\/\/www.strassenweb.de\/nachrichten\/design-experten-schwaermen-von-brooklyn-beckhams-cleverer-kuechenspeicherloesung-und-es-ist-tatsaechlich-brillant\/"]}]},{"@type":"ImageObject","inLanguage":"de","@id":"https:\/\/www.strassenweb.de\/nachrichten\/design-experten-schwaermen-von-brooklyn-beckhams-cleverer-kuechenspeicherloesung-und-es-ist-tatsaechlich-brillant\/#primaryimage","url":"https:\/\/www.strassenweb.de\/nachrichten\/wp-content\/uploads\/2025\/09\/Design-Experten-schwaermen-von-Brooklyn-Beckhams-cleverer-Kuechenspeicherloesung-und-es.jpg","contentUrl":"https:\/\/www.strassenweb.de\/nachrichten\/wp-content\/uploads\/2025\/09\/Design-Experten-schwaermen-von-Brooklyn-Beckhams-cleverer-Kuechenspeicherloesung-und-es.jpg","width":1600,"height":900,"caption":"Brooklyn Beckham on a black background"},{"@type":"BreadcrumbList","@id":"https:\/\/www.strassenweb.de\/nachrichten\/design-experten-schwaermen-von-brooklyn-beckhams-cleverer-kuechenspeicherloesung-und-es-ist-tatsaechlich-brillant\/#breadcrumb","itemListElement":[{"@type":"ListItem","position":1,"name":"Home","item":"https:\/\/www.strassenweb.de\/nachrichten\/"},{"@type":"ListItem","position":2,"name":"Design -Experten schw\u00e4rmen von Brooklyn Beckhams cleverer K\u00fcchenspeicherl\u00f6sung und es ist tats\u00e4chlich brillant"}]},{"@type":"WebSite","@id":"https:\/\/www.strassenweb.de\/nachrichten\/#website","url":"https:\/\/www.strassenweb.de\/nachrichten\/","name":"Stra\u00dfenweb","description":"Stra\u00dfenverzeichnis f\u00fcr Deutschland","publisher":{"@id":"https:\/\/www.strassenweb.de\/nachrichten\/#organization"},"potentialAction":[{"@type":"SearchAction","target":{"@type":"EntryPoint","urlTemplate":"https:\/\/www.strassenweb.de\/nachrichten\/?s={search_term_string}"},"query-input":{"@type":"PropertyValueSpecification","valueRequired":true,"valueName":"search_term_string"}}],"inLanguage":"de"},{"@type":"Organization","@id":"https:\/\/www.strassenweb.de\/nachrichten\/#organization","name":"Stra\u00dfenweb","url":"https:\/\/www.strassenweb.de\/nachrichten\/","logo":{"@type":"ImageObject","inLanguage":"de","@id":"https:\/\/www.strassenweb.de\/nachrichten\/#\/schema\/logo\/image\/","url":"https:\/\/www.strassenweb.de\/nachrichten\/wp-content\/uploads\/2024\/09\/cropped-favicon.png","contentUrl":"https:\/\/www.strassenweb.de\/nachrichten\/wp-content\/uploads\/2024\/09\/cropped-favicon.png","width":512,"height":512,"caption":"Stra\u00dfenweb"},"image":{"@id":"https:\/\/www.strassenweb.de\/nachrichten\/#\/schema\/logo\/image\/"},"sameAs":["https:\/\/www.facebook.com\/strassenweb\/"]},{"@type":"Person","@id":"https:\/\/www.strassenweb.de\/nachrichten\/#\/schema\/person\/87c9c9067f1211da429a744dc5a5aa41","name":"Robert Hoffmann","image":{"@type":"ImageObject","inLanguage":"de","@id":"https:\/\/www.strassenweb.de\/nachrichten\/wp-content\/uploads\/2024\/09\/strassenweb-150x150.jpg","url":"https:\/\/www.strassenweb.de\/nachrichten\/wp-content\/uploads\/2024\/09\/strassenweb-150x150.jpg","contentUrl":"https:\/\/www.strassenweb.de\/nachrichten\/wp-content\/uploads\/2024\/09\/strassenweb-150x150.jpg","caption":"Robert Hoffmann"},"description":"Ich hei\u00dfe Robert Hoffmann und ich bin ein leidenschaftlicher Verfechter von \u00d6kologie und Biodiversit\u00e4t. Seit meiner Kindheit in den W\u00e4ldern Bayerns f\u00fchle ich mich mit der Natur verbunden und bin entschlossen, sie zu sch\u00fctzen. Heute widme ich mein Leben der Sensibilisierung anderer f\u00fcr die Bedeutung des Umweltschutzes f\u00fcr zuk\u00fcnftige Generationen.","sameAs":["https:\/\/www.strassenweb.de\/"]}]}},"_links":{"self":[{"href":"https:\/\/www.strassenweb.de\/nachrichten\/wp-json\/wp\/v2\/posts\/8023","targetHints":{"allow":["GET"]}}],"collection":[{"href":"https:\/\/www.strassenweb.de\/nachrichten\/wp-json\/wp\/v2\/posts"}],"about":[{"href":"https:\/\/www.strassenweb.de\/nachrichten\/wp-json\/wp\/v2\/types\/post"}],"author":[{"embeddable":true,"href":"https:\/\/www.strassenweb.de\/nachrichten\/wp-json\/wp\/v2\/users\/1"}],"replies":[{"embeddable":true,"href":"https:\/\/www.strassenweb.de\/nachrichten\/wp-json\/wp\/v2\/comments?post=8023"}],"version-history":[{"count":0,"href":"https:\/\/www.strassenweb.de\/nachrichten\/wp-json\/wp\/v2\/posts\/8023\/revisions"}],"wp:featuredmedia":[{"embeddable":true,"href":"https:\/\/www.strassenweb.de\/nachrichten\/wp-json\/wp\/v2\/media\/8024"}],"wp:attachment":[{"href":"https:\/\/www.strassenweb.de\/nachrichten\/wp-json\/wp\/v2\/media?parent=8023"}],"wp:term":[{"taxonomy":"category","embeddable":true,"href":"https:\/\/www.strassenweb.de\/nachrichten\/wp-json\/wp\/v2\/categories?post=8023"},{"taxonomy":"post_tag","embeddable":true,"href":"https:\/\/www.strassenweb.de\/nachrichten\/wp-json\/wp\/v2\/tags?post=8023"}],"curies":[{"name":"wp","href":"https:\/\/api.w.org\/{rel}","templated":true}]}}