{"id":802,"date":"2024-10-10T18:46:51","date_gmt":"2024-10-10T16:46:51","guid":{"rendered":"https:\/\/www.strassenweb.de\/nachrichten\/nostalgische-weihnachtsdekoration-ist-dieses-jahr-ein-grosser-trend-und-ich-bekomme-alle-meine-kitschigen-stuecke-bei-qvc\/"},"modified":"2024-10-10T18:46:52","modified_gmt":"2024-10-10T16:46:52","slug":"nostalgische-weihnachtsdekoration-ist-dieses-jahr-ein-grosser-trend-und-ich-bekomme-alle-meine-kitschigen-stuecke-bei-qvc","status":"publish","type":"post","link":"https:\/\/www.strassenweb.de\/nachrichten\/nostalgische-weihnachtsdekoration-ist-dieses-jahr-ein-grosser-trend-und-ich-bekomme-alle-meine-kitschigen-stuecke-bei-qvc\/","title":{"rendered":"Nostalgische Weihnachtsdekoration ist dieses Jahr ein gro\u00dfer Trend \u2013 und ich bekomme alle meine kitschigen St\u00fccke bei QVC"},"content":{"rendered":"<p><\/p>\n<div id=\"article-body\" class=\"article__body \">\n<p>Ich hatte schon immer ein Faible f\u00fcr Vintage-Weihnachtsdekorationen. Ich erinnere mich so lebhaft an die Ornamente, die ich als Kind hatte, dass mich, wenn ich etwas \u00c4hnliches sehe, sofort eine sch\u00f6ne Nostalgie erf\u00fcllt. Kitschiges, niedliches Dekor wird jedoch seit Jahren gemieden, und der Trend geht zu neutraleren Farbschemata und minimalistischen Ornamenten.<\/p>\n<div id=\"ad-unit-1\" class=\"ad-unit\"><\/div>\n<p>Ein massiver, aufkommender Weihnachtsdekorationstrend f\u00fcr 2024 ist jedoch Nostalgie \u2013 all das Lametta, all die bunten Lichter und liebenswerten Motive von Cartoon-Rentieren und rotwangigen Weihnachtsm\u00e4nnern. Und ich habe an einem eher unerwarteten Ort \u2013 QVC \u2013 eine F\u00fclle von Teilen gefunden, die perfekt zu diesem Trend passen.<\/p>\n<h3 class=\"article-body__section\" id=\"section-9-vintage-style-christmas-decorations-to-pick-up-at-qvc\"><span>9 Weihnachtsdekorationen im Vintage-Stil zum Abholen bei QVC<\/span><\/h3>\n<div class=\"product-container hero-product-container product-block-no-wrap\"><\/div>\n<aside class=\"hawk-nest\" data-render-type=\"fte\" data-skip=\"dealsy\" data-widget-type=\"seasonal\">\n<div class=\"hawk-master-widget-hawk-base-wrapper\"><\/div>\n<\/aside>\n<div id=\"slice-container-newsletterForm-articleInbodyContent-WE69EX5R9hxTExydWHur28\" class=\"slice-container newsletter-inbodyContent-slice newsletterForm-articleInbodyContent-WE69EX5R9hxTExydWHur28 slice-container-newsletterForm\"><\/div>\n<div id=\"desktop-in-article\" class=\"in-article ad-unit\">\n<div id=\"desktop-taboola-mid-article\"><\/div>\n<\/div>\n<div id=\"mobile-in-article\" class=\"in-article ad-unit\">\n<div id=\"mobile-taboola-mid-article\"><\/div>\n<\/div>\n<div id=\"ad-unit-2\" class=\"ad-unit\"><\/div>\n<\/div>\n","protected":false},"excerpt":{"rendered":"<p>Ich hatte schon immer ein Faible f\u00fcr Vintage-Weihnachtsdekorationen. Ich erinnere mich so lebhaft an die Ornamente, die ich als Kind hatte, dass mich, wenn ich<\/p>\n","protected":false},"author":1,"featured_media":803,"comment_status":"closed","ping_status":"","sticky":false,"template":"","format":"standard","meta":{"footnotes":""},"categories":[118],"tags":[176,152,1594,531,43,1593,129,15,384,1595,1054,1591,1075,1596,504,37,1592],"class_list":["post-802","post","type-post","status-publish","format-standard","has-post-thumbnail","hentry","category-haus-garten","tag-alle","tag-bei","tag-bekomme","tag-dieses","tag-ein","tag-grosser","tag-ich","tag-ist","tag-jahr","tag-kitschigen","tag-meine","tag-nostalgische","tag-qvc","tag-stuecke","tag-trend","tag-und","tag-weihnachtsdekoration","generate-columns","tablet-grid-50","mobile-grid-100","grid-parent","grid-50"],"yoast_head":"<!-- This site is optimized with the Yoast SEO plugin v27.3 - https:\/\/yoast.com\/product\/yoast-seo-wordpress\/ -->\n<title>Nostalgische Weihnachtsdekoration ist dieses Jahr ein gro\u00dfer Trend \u2013 und ich bekomme alle meine kitschigen St\u00fccke bei QVC - Nachrichten - Stra\u00dfenweb<\/title>\n<meta name=\"robots\" content=\"index, follow, max-snippet:-1, max-image-preview:large, max-video-preview:-1\" \/>\n<link rel=\"canonical\" href=\"https:\/\/www.strassenweb.de\/nachrichten\/nostalgische-weihnachtsdekoration-ist-dieses-jahr-ein-grosser-trend-und-ich-bekomme-alle-meine-kitschigen-stuecke-bei-qvc\/\" \/>\n<meta property=\"og:locale\" content=\"de_DE\" \/>\n<meta property=\"og:type\" content=\"article\" \/>\n<meta property=\"og:title\" content=\"Nostalgische Weihnachtsdekoration ist dieses Jahr ein gro\u00dfer Trend \u2013 und ich bekomme alle meine kitschigen St\u00fccke bei QVC - Nachrichten - Stra\u00dfenweb\" \/>\n<meta property=\"og:description\" content=\"Ich hatte schon immer ein Faible f\u00fcr Vintage-Weihnachtsdekorationen. Ich erinnere mich so lebhaft an die Ornamente, die ich als Kind hatte, dass mich, wenn ich\" \/>\n<meta property=\"og:url\" content=\"https:\/\/www.strassenweb.de\/nachrichten\/nostalgische-weihnachtsdekoration-ist-dieses-jahr-ein-grosser-trend-und-ich-bekomme-alle-meine-kitschigen-stuecke-bei-qvc\/\" \/>\n<meta property=\"og:site_name\" content=\"Stra\u00dfenweb\" \/>\n<meta property=\"article:publisher\" content=\"https:\/\/www.facebook.com\/strassenweb\/\" \/>\n<meta property=\"article:published_time\" content=\"2024-10-10T16:46:51+00:00\" \/>\n<meta property=\"article:modified_time\" content=\"2024-10-10T16:46:52+00:00\" \/>\n<meta property=\"og:image\" content=\"https:\/\/www.strassenweb.de\/nachrichten\/wp-content\/uploads\/2024\/10\/Nostalgische-Weihnachtsdekoration-ist-dieses-Jahr-ein-grosser-Trend-\u2013-und.jpg\" \/>\n\t<meta property=\"og:image:width\" content=\"1200\" \/>\n\t<meta property=\"og:image:height\" content=\"675\" \/>\n\t<meta property=\"og:image:type\" content=\"image\/jpeg\" \/>\n<meta name=\"author\" content=\"Robert Hoffmann\" \/>\n<meta name=\"twitter:card\" content=\"summary_large_image\" \/>\n<meta name=\"twitter:label1\" content=\"Verfasst von\" \/>\n\t<meta name=\"twitter:data1\" content=\"Robert Hoffmann\" \/>\n\t<meta name=\"twitter:label2\" content=\"Gesch\u00e4tzte Lesezeit\" \/>\n\t<meta name=\"twitter:data2\" content=\"1\u00a0Minute\" \/>\n<script type=\"application\/ld+json\" class=\"yoast-schema-graph\">{\"@context\":\"https:\\\/\\\/schema.org\",\"@graph\":[{\"@type\":\"Article\",\"@id\":\"https:\\\/\\\/www.strassenweb.de\\\/nachrichten\\\/nostalgische-weihnachtsdekoration-ist-dieses-jahr-ein-grosser-trend-und-ich-bekomme-alle-meine-kitschigen-stuecke-bei-qvc\\\/#article\",\"isPartOf\":{\"@id\":\"https:\\\/\\\/www.strassenweb.de\\\/nachrichten\\\/nostalgische-weihnachtsdekoration-ist-dieses-jahr-ein-grosser-trend-und-ich-bekomme-alle-meine-kitschigen-stuecke-bei-qvc\\\/\"},\"author\":{\"name\":\"Robert Hoffmann\",\"@id\":\"https:\\\/\\\/www.strassenweb.de\\\/nachrichten\\\/#\\\/schema\\\/person\\\/87c9c9067f1211da429a744dc5a5aa41\"},\"headline\":\"Nostalgische Weihnachtsdekoration ist dieses Jahr ein gro\u00dfer Trend \u2013 und ich bekomme alle meine kitschigen St\u00fccke bei QVC\",\"datePublished\":\"2024-10-10T16:46:51+00:00\",\"dateModified\":\"2024-10-10T16:46:52+00:00\",\"mainEntityOfPage\":{\"@id\":\"https:\\\/\\\/www.strassenweb.de\\\/nachrichten\\\/nostalgische-weihnachtsdekoration-ist-dieses-jahr-ein-grosser-trend-und-ich-bekomme-alle-meine-kitschigen-stuecke-bei-qvc\\\/\"},\"wordCount\":126,\"publisher\":{\"@id\":\"https:\\\/\\\/www.strassenweb.de\\\/nachrichten\\\/#organization\"},\"image\":{\"@id\":\"https:\\\/\\\/www.strassenweb.de\\\/nachrichten\\\/nostalgische-weihnachtsdekoration-ist-dieses-jahr-ein-grosser-trend-und-ich-bekomme-alle-meine-kitschigen-stuecke-bei-qvc\\\/#primaryimage\"},\"thumbnailUrl\":\"https:\\\/\\\/www.strassenweb.de\\\/nachrichten\\\/wp-content\\\/uploads\\\/2024\\\/10\\\/Nostalgische-Weihnachtsdekoration-ist-dieses-Jahr-ein-grosser-Trend-\u2013-und.jpg\",\"keywords\":[\"alle\",\"Bei\",\"bekomme\",\"dieses\",\"ein\",\"gro\u00dfer\",\"ich\",\"ist\",\"Jahr\",\"kitschigen\",\"meine\",\"Nostalgische\",\"QVC\",\"St\u00fccke\",\"Trend\",\"und\",\"Weihnachtsdekoration\"],\"articleSection\":[\"Haus &amp; Garten\"],\"inLanguage\":\"de\"},{\"@type\":\"WebPage\",\"@id\":\"https:\\\/\\\/www.strassenweb.de\\\/nachrichten\\\/nostalgische-weihnachtsdekoration-ist-dieses-jahr-ein-grosser-trend-und-ich-bekomme-alle-meine-kitschigen-stuecke-bei-qvc\\\/\",\"url\":\"https:\\\/\\\/www.strassenweb.de\\\/nachrichten\\\/nostalgische-weihnachtsdekoration-ist-dieses-jahr-ein-grosser-trend-und-ich-bekomme-alle-meine-kitschigen-stuecke-bei-qvc\\\/\",\"name\":\"Nostalgische Weihnachtsdekoration ist dieses Jahr ein gro\u00dfer Trend \u2013 und ich bekomme alle meine kitschigen St\u00fccke bei QVC - Nachrichten - Stra\u00dfenweb\",\"isPartOf\":{\"@id\":\"https:\\\/\\\/www.strassenweb.de\\\/nachrichten\\\/#website\"},\"primaryImageOfPage\":{\"@id\":\"https:\\\/\\\/www.strassenweb.de\\\/nachrichten\\\/nostalgische-weihnachtsdekoration-ist-dieses-jahr-ein-grosser-trend-und-ich-bekomme-alle-meine-kitschigen-stuecke-bei-qvc\\\/#primaryimage\"},\"image\":{\"@id\":\"https:\\\/\\\/www.strassenweb.de\\\/nachrichten\\\/nostalgische-weihnachtsdekoration-ist-dieses-jahr-ein-grosser-trend-und-ich-bekomme-alle-meine-kitschigen-stuecke-bei-qvc\\\/#primaryimage\"},\"thumbnailUrl\":\"https:\\\/\\\/www.strassenweb.de\\\/nachrichten\\\/wp-content\\\/uploads\\\/2024\\\/10\\\/Nostalgische-Weihnachtsdekoration-ist-dieses-Jahr-ein-grosser-Trend-\u2013-und.jpg\",\"datePublished\":\"2024-10-10T16:46:51+00:00\",\"dateModified\":\"2024-10-10T16:46:52+00:00\",\"breadcrumb\":{\"@id\":\"https:\\\/\\\/www.strassenweb.de\\\/nachrichten\\\/nostalgische-weihnachtsdekoration-ist-dieses-jahr-ein-grosser-trend-und-ich-bekomme-alle-meine-kitschigen-stuecke-bei-qvc\\\/#breadcrumb\"},\"inLanguage\":\"de\",\"potentialAction\":[{\"@type\":\"ReadAction\",\"target\":[\"https:\\\/\\\/www.strassenweb.de\\\/nachrichten\\\/nostalgische-weihnachtsdekoration-ist-dieses-jahr-ein-grosser-trend-und-ich-bekomme-alle-meine-kitschigen-stuecke-bei-qvc\\\/\"]}]},{\"@type\":\"ImageObject\",\"inLanguage\":\"de\",\"@id\":\"https:\\\/\\\/www.strassenweb.de\\\/nachrichten\\\/nostalgische-weihnachtsdekoration-ist-dieses-jahr-ein-grosser-trend-und-ich-bekomme-alle-meine-kitschigen-stuecke-bei-qvc\\\/#primaryimage\",\"url\":\"https:\\\/\\\/www.strassenweb.de\\\/nachrichten\\\/wp-content\\\/uploads\\\/2024\\\/10\\\/Nostalgische-Weihnachtsdekoration-ist-dieses-Jahr-ein-grosser-Trend-\u2013-und.jpg\",\"contentUrl\":\"https:\\\/\\\/www.strassenweb.de\\\/nachrichten\\\/wp-content\\\/uploads\\\/2024\\\/10\\\/Nostalgische-Weihnachtsdekoration-ist-dieses-Jahr-ein-grosser-Trend-\u2013-und.jpg\",\"width\":1200,\"height\":675,\"caption\":\"Nostalgische Weihnachtsdekoration ist dieses Jahr ein gro\u00dfer Trend \u2013 und ich bekomme alle meine kitschigen St\u00fccke bei QVC\"},{\"@type\":\"BreadcrumbList\",\"@id\":\"https:\\\/\\\/www.strassenweb.de\\\/nachrichten\\\/nostalgische-weihnachtsdekoration-ist-dieses-jahr-ein-grosser-trend-und-ich-bekomme-alle-meine-kitschigen-stuecke-bei-qvc\\\/#breadcrumb\",\"itemListElement\":[{\"@type\":\"ListItem\",\"position\":1,\"name\":\"Home\",\"item\":\"https:\\\/\\\/www.strassenweb.de\\\/nachrichten\\\/\"},{\"@type\":\"ListItem\",\"position\":2,\"name\":\"Nostalgische Weihnachtsdekoration ist dieses Jahr ein gro\u00dfer Trend \u2013 und ich bekomme alle meine kitschigen St\u00fccke bei QVC\"}]},{\"@type\":\"WebSite\",\"@id\":\"https:\\\/\\\/www.strassenweb.de\\\/nachrichten\\\/#website\",\"url\":\"https:\\\/\\\/www.strassenweb.de\\\/nachrichten\\\/\",\"name\":\"Stra\u00dfenweb\",\"description\":\"Stra\u00dfenverzeichnis f\u00fcr Deutschland\",\"publisher\":{\"@id\":\"https:\\\/\\\/www.strassenweb.de\\\/nachrichten\\\/#organization\"},\"potentialAction\":[{\"@type\":\"SearchAction\",\"target\":{\"@type\":\"EntryPoint\",\"urlTemplate\":\"https:\\\/\\\/www.strassenweb.de\\\/nachrichten\\\/?s={search_term_string}\"},\"query-input\":{\"@type\":\"PropertyValueSpecification\",\"valueRequired\":true,\"valueName\":\"search_term_string\"}}],\"inLanguage\":\"de\"},{\"@type\":\"Organization\",\"@id\":\"https:\\\/\\\/www.strassenweb.de\\\/nachrichten\\\/#organization\",\"name\":\"Stra\u00dfenweb\",\"url\":\"https:\\\/\\\/www.strassenweb.de\\\/nachrichten\\\/\",\"logo\":{\"@type\":\"ImageObject\",\"inLanguage\":\"de\",\"@id\":\"https:\\\/\\\/www.strassenweb.de\\\/nachrichten\\\/#\\\/schema\\\/logo\\\/image\\\/\",\"url\":\"https:\\\/\\\/www.strassenweb.de\\\/nachrichten\\\/wp-content\\\/uploads\\\/2024\\\/09\\\/cropped-favicon.png\",\"contentUrl\":\"https:\\\/\\\/www.strassenweb.de\\\/nachrichten\\\/wp-content\\\/uploads\\\/2024\\\/09\\\/cropped-favicon.png\",\"width\":512,\"height\":512,\"caption\":\"Stra\u00dfenweb\"},\"image\":{\"@id\":\"https:\\\/\\\/www.strassenweb.de\\\/nachrichten\\\/#\\\/schema\\\/logo\\\/image\\\/\"},\"sameAs\":[\"https:\\\/\\\/www.facebook.com\\\/strassenweb\\\/\"]},{\"@type\":\"Person\",\"@id\":\"https:\\\/\\\/www.strassenweb.de\\\/nachrichten\\\/#\\\/schema\\\/person\\\/87c9c9067f1211da429a744dc5a5aa41\",\"name\":\"Robert Hoffmann\",\"image\":{\"@type\":\"ImageObject\",\"inLanguage\":\"de\",\"@id\":\"https:\\\/\\\/www.strassenweb.de\\\/nachrichten\\\/wp-content\\\/uploads\\\/2024\\\/09\\\/strassenweb-150x150.jpg\",\"url\":\"https:\\\/\\\/www.strassenweb.de\\\/nachrichten\\\/wp-content\\\/uploads\\\/2024\\\/09\\\/strassenweb-150x150.jpg\",\"contentUrl\":\"https:\\\/\\\/www.strassenweb.de\\\/nachrichten\\\/wp-content\\\/uploads\\\/2024\\\/09\\\/strassenweb-150x150.jpg\",\"caption\":\"Robert Hoffmann\"},\"description\":\"Ich hei\u00dfe Robert Hoffmann und ich bin ein leidenschaftlicher Verfechter von \u00d6kologie und Biodiversit\u00e4t. Seit meiner Kindheit in den W\u00e4ldern Bayerns f\u00fchle ich mich mit der Natur verbunden und bin entschlossen, sie zu sch\u00fctzen. Heute widme ich mein Leben der Sensibilisierung anderer f\u00fcr die Bedeutung des Umweltschutzes f\u00fcr zuk\u00fcnftige Generationen.\",\"sameAs\":[\"https:\\\/\\\/www.strassenweb.de\\\/\"]}]}<\/script>\n<!-- \/ Yoast SEO plugin. -->","yoast_head_json":{"title":"Nostalgische Weihnachtsdekoration ist dieses Jahr ein gro\u00dfer Trend \u2013 und ich bekomme alle meine kitschigen St\u00fccke bei QVC - Nachrichten - Stra\u00dfenweb","robots":{"index":"index","follow":"follow","max-snippet":"max-snippet:-1","max-image-preview":"max-image-preview:large","max-video-preview":"max-video-preview:-1"},"canonical":"https:\/\/www.strassenweb.de\/nachrichten\/nostalgische-weihnachtsdekoration-ist-dieses-jahr-ein-grosser-trend-und-ich-bekomme-alle-meine-kitschigen-stuecke-bei-qvc\/","og_locale":"de_DE","og_type":"article","og_title":"Nostalgische Weihnachtsdekoration ist dieses Jahr ein gro\u00dfer Trend \u2013 und ich bekomme alle meine kitschigen St\u00fccke bei QVC - Nachrichten - Stra\u00dfenweb","og_description":"Ich hatte schon immer ein Faible f\u00fcr Vintage-Weihnachtsdekorationen. Ich erinnere mich so lebhaft an die Ornamente, die ich als Kind hatte, dass mich, wenn ich","og_url":"https:\/\/www.strassenweb.de\/nachrichten\/nostalgische-weihnachtsdekoration-ist-dieses-jahr-ein-grosser-trend-und-ich-bekomme-alle-meine-kitschigen-stuecke-bei-qvc\/","og_site_name":"Stra\u00dfenweb","article_publisher":"https:\/\/www.facebook.com\/strassenweb\/","article_published_time":"2024-10-10T16:46:51+00:00","article_modified_time":"2024-10-10T16:46:52+00:00","og_image":[{"width":1200,"height":675,"url":"https:\/\/www.strassenweb.de\/nachrichten\/wp-content\/uploads\/2024\/10\/Nostalgische-Weihnachtsdekoration-ist-dieses-Jahr-ein-grosser-Trend-\u2013-und.jpg","type":"image\/jpeg"}],"author":"Robert Hoffmann","twitter_card":"summary_large_image","twitter_misc":{"Verfasst von":"Robert Hoffmann","Gesch\u00e4tzte Lesezeit":"1\u00a0Minute"},"schema":{"@context":"https:\/\/schema.org","@graph":[{"@type":"Article","@id":"https:\/\/www.strassenweb.de\/nachrichten\/nostalgische-weihnachtsdekoration-ist-dieses-jahr-ein-grosser-trend-und-ich-bekomme-alle-meine-kitschigen-stuecke-bei-qvc\/#article","isPartOf":{"@id":"https:\/\/www.strassenweb.de\/nachrichten\/nostalgische-weihnachtsdekoration-ist-dieses-jahr-ein-grosser-trend-und-ich-bekomme-alle-meine-kitschigen-stuecke-bei-qvc\/"},"author":{"name":"Robert Hoffmann","@id":"https:\/\/www.strassenweb.de\/nachrichten\/#\/schema\/person\/87c9c9067f1211da429a744dc5a5aa41"},"headline":"Nostalgische Weihnachtsdekoration ist dieses Jahr ein gro\u00dfer Trend \u2013 und ich bekomme alle meine kitschigen St\u00fccke bei QVC","datePublished":"2024-10-10T16:46:51+00:00","dateModified":"2024-10-10T16:46:52+00:00","mainEntityOfPage":{"@id":"https:\/\/www.strassenweb.de\/nachrichten\/nostalgische-weihnachtsdekoration-ist-dieses-jahr-ein-grosser-trend-und-ich-bekomme-alle-meine-kitschigen-stuecke-bei-qvc\/"},"wordCount":126,"publisher":{"@id":"https:\/\/www.strassenweb.de\/nachrichten\/#organization"},"image":{"@id":"https:\/\/www.strassenweb.de\/nachrichten\/nostalgische-weihnachtsdekoration-ist-dieses-jahr-ein-grosser-trend-und-ich-bekomme-alle-meine-kitschigen-stuecke-bei-qvc\/#primaryimage"},"thumbnailUrl":"https:\/\/www.strassenweb.de\/nachrichten\/wp-content\/uploads\/2024\/10\/Nostalgische-Weihnachtsdekoration-ist-dieses-Jahr-ein-grosser-Trend-\u2013-und.jpg","keywords":["alle","Bei","bekomme","dieses","ein","gro\u00dfer","ich","ist","Jahr","kitschigen","meine","Nostalgische","QVC","St\u00fccke","Trend","und","Weihnachtsdekoration"],"articleSection":["Haus &amp; Garten"],"inLanguage":"de"},{"@type":"WebPage","@id":"https:\/\/www.strassenweb.de\/nachrichten\/nostalgische-weihnachtsdekoration-ist-dieses-jahr-ein-grosser-trend-und-ich-bekomme-alle-meine-kitschigen-stuecke-bei-qvc\/","url":"https:\/\/www.strassenweb.de\/nachrichten\/nostalgische-weihnachtsdekoration-ist-dieses-jahr-ein-grosser-trend-und-ich-bekomme-alle-meine-kitschigen-stuecke-bei-qvc\/","name":"Nostalgische Weihnachtsdekoration ist dieses Jahr ein gro\u00dfer Trend \u2013 und ich bekomme alle meine kitschigen St\u00fccke bei QVC - Nachrichten - Stra\u00dfenweb","isPartOf":{"@id":"https:\/\/www.strassenweb.de\/nachrichten\/#website"},"primaryImageOfPage":{"@id":"https:\/\/www.strassenweb.de\/nachrichten\/nostalgische-weihnachtsdekoration-ist-dieses-jahr-ein-grosser-trend-und-ich-bekomme-alle-meine-kitschigen-stuecke-bei-qvc\/#primaryimage"},"image":{"@id":"https:\/\/www.strassenweb.de\/nachrichten\/nostalgische-weihnachtsdekoration-ist-dieses-jahr-ein-grosser-trend-und-ich-bekomme-alle-meine-kitschigen-stuecke-bei-qvc\/#primaryimage"},"thumbnailUrl":"https:\/\/www.strassenweb.de\/nachrichten\/wp-content\/uploads\/2024\/10\/Nostalgische-Weihnachtsdekoration-ist-dieses-Jahr-ein-grosser-Trend-\u2013-und.jpg","datePublished":"2024-10-10T16:46:51+00:00","dateModified":"2024-10-10T16:46:52+00:00","breadcrumb":{"@id":"https:\/\/www.strassenweb.de\/nachrichten\/nostalgische-weihnachtsdekoration-ist-dieses-jahr-ein-grosser-trend-und-ich-bekomme-alle-meine-kitschigen-stuecke-bei-qvc\/#breadcrumb"},"inLanguage":"de","potentialAction":[{"@type":"ReadAction","target":["https:\/\/www.strassenweb.de\/nachrichten\/nostalgische-weihnachtsdekoration-ist-dieses-jahr-ein-grosser-trend-und-ich-bekomme-alle-meine-kitschigen-stuecke-bei-qvc\/"]}]},{"@type":"ImageObject","inLanguage":"de","@id":"https:\/\/www.strassenweb.de\/nachrichten\/nostalgische-weihnachtsdekoration-ist-dieses-jahr-ein-grosser-trend-und-ich-bekomme-alle-meine-kitschigen-stuecke-bei-qvc\/#primaryimage","url":"https:\/\/www.strassenweb.de\/nachrichten\/wp-content\/uploads\/2024\/10\/Nostalgische-Weihnachtsdekoration-ist-dieses-Jahr-ein-grosser-Trend-\u2013-und.jpg","contentUrl":"https:\/\/www.strassenweb.de\/nachrichten\/wp-content\/uploads\/2024\/10\/Nostalgische-Weihnachtsdekoration-ist-dieses-Jahr-ein-grosser-Trend-\u2013-und.jpg","width":1200,"height":675,"caption":"Nostalgische Weihnachtsdekoration ist dieses Jahr ein gro\u00dfer Trend \u2013 und ich bekomme alle meine kitschigen St\u00fccke bei QVC"},{"@type":"BreadcrumbList","@id":"https:\/\/www.strassenweb.de\/nachrichten\/nostalgische-weihnachtsdekoration-ist-dieses-jahr-ein-grosser-trend-und-ich-bekomme-alle-meine-kitschigen-stuecke-bei-qvc\/#breadcrumb","itemListElement":[{"@type":"ListItem","position":1,"name":"Home","item":"https:\/\/www.strassenweb.de\/nachrichten\/"},{"@type":"ListItem","position":2,"name":"Nostalgische Weihnachtsdekoration ist dieses Jahr ein gro\u00dfer Trend \u2013 und ich bekomme alle meine kitschigen St\u00fccke bei QVC"}]},{"@type":"WebSite","@id":"https:\/\/www.strassenweb.de\/nachrichten\/#website","url":"https:\/\/www.strassenweb.de\/nachrichten\/","name":"Stra\u00dfenweb","description":"Stra\u00dfenverzeichnis f\u00fcr Deutschland","publisher":{"@id":"https:\/\/www.strassenweb.de\/nachrichten\/#organization"},"potentialAction":[{"@type":"SearchAction","target":{"@type":"EntryPoint","urlTemplate":"https:\/\/www.strassenweb.de\/nachrichten\/?s={search_term_string}"},"query-input":{"@type":"PropertyValueSpecification","valueRequired":true,"valueName":"search_term_string"}}],"inLanguage":"de"},{"@type":"Organization","@id":"https:\/\/www.strassenweb.de\/nachrichten\/#organization","name":"Stra\u00dfenweb","url":"https:\/\/www.strassenweb.de\/nachrichten\/","logo":{"@type":"ImageObject","inLanguage":"de","@id":"https:\/\/www.strassenweb.de\/nachrichten\/#\/schema\/logo\/image\/","url":"https:\/\/www.strassenweb.de\/nachrichten\/wp-content\/uploads\/2024\/09\/cropped-favicon.png","contentUrl":"https:\/\/www.strassenweb.de\/nachrichten\/wp-content\/uploads\/2024\/09\/cropped-favicon.png","width":512,"height":512,"caption":"Stra\u00dfenweb"},"image":{"@id":"https:\/\/www.strassenweb.de\/nachrichten\/#\/schema\/logo\/image\/"},"sameAs":["https:\/\/www.facebook.com\/strassenweb\/"]},{"@type":"Person","@id":"https:\/\/www.strassenweb.de\/nachrichten\/#\/schema\/person\/87c9c9067f1211da429a744dc5a5aa41","name":"Robert Hoffmann","image":{"@type":"ImageObject","inLanguage":"de","@id":"https:\/\/www.strassenweb.de\/nachrichten\/wp-content\/uploads\/2024\/09\/strassenweb-150x150.jpg","url":"https:\/\/www.strassenweb.de\/nachrichten\/wp-content\/uploads\/2024\/09\/strassenweb-150x150.jpg","contentUrl":"https:\/\/www.strassenweb.de\/nachrichten\/wp-content\/uploads\/2024\/09\/strassenweb-150x150.jpg","caption":"Robert Hoffmann"},"description":"Ich hei\u00dfe Robert Hoffmann und ich bin ein leidenschaftlicher Verfechter von \u00d6kologie und Biodiversit\u00e4t. Seit meiner Kindheit in den W\u00e4ldern Bayerns f\u00fchle ich mich mit der Natur verbunden und bin entschlossen, sie zu sch\u00fctzen. Heute widme ich mein Leben der Sensibilisierung anderer f\u00fcr die Bedeutung des Umweltschutzes f\u00fcr zuk\u00fcnftige Generationen.","sameAs":["https:\/\/www.strassenweb.de\/"]}]}},"_links":{"self":[{"href":"https:\/\/www.strassenweb.de\/nachrichten\/wp-json\/wp\/v2\/posts\/802","targetHints":{"allow":["GET"]}}],"collection":[{"href":"https:\/\/www.strassenweb.de\/nachrichten\/wp-json\/wp\/v2\/posts"}],"about":[{"href":"https:\/\/www.strassenweb.de\/nachrichten\/wp-json\/wp\/v2\/types\/post"}],"author":[{"embeddable":true,"href":"https:\/\/www.strassenweb.de\/nachrichten\/wp-json\/wp\/v2\/users\/1"}],"replies":[{"embeddable":true,"href":"https:\/\/www.strassenweb.de\/nachrichten\/wp-json\/wp\/v2\/comments?post=802"}],"version-history":[{"count":0,"href":"https:\/\/www.strassenweb.de\/nachrichten\/wp-json\/wp\/v2\/posts\/802\/revisions"}],"wp:featuredmedia":[{"embeddable":true,"href":"https:\/\/www.strassenweb.de\/nachrichten\/wp-json\/wp\/v2\/media\/803"}],"wp:attachment":[{"href":"https:\/\/www.strassenweb.de\/nachrichten\/wp-json\/wp\/v2\/media?parent=802"}],"wp:term":[{"taxonomy":"category","embeddable":true,"href":"https:\/\/www.strassenweb.de\/nachrichten\/wp-json\/wp\/v2\/categories?post=802"},{"taxonomy":"post_tag","embeddable":true,"href":"https:\/\/www.strassenweb.de\/nachrichten\/wp-json\/wp\/v2\/tags?post=802"}],"curies":[{"name":"wp","href":"https:\/\/api.w.org\/{rel}","templated":true}]}}