{"id":8005,"date":"2025-09-26T14:39:26","date_gmt":"2025-09-26T12:39:26","guid":{"rendered":"https:\/\/www.strassenweb.de\/nachrichten\/alan-cumming-fordert-die-schottischen-politiker-auf-sich-zur-wiederaufnahme-zu-verpflichten\/"},"modified":"2025-09-26T14:39:27","modified_gmt":"2025-09-26T12:39:27","slug":"alan-cumming-fordert-die-schottischen-politiker-auf-sich-zur-wiederaufnahme-zu-verpflichten","status":"publish","type":"post","link":"https:\/\/www.strassenweb.de\/nachrichten\/alan-cumming-fordert-die-schottischen-politiker-auf-sich-zur-wiederaufnahme-zu-verpflichten\/","title":{"rendered":"Alan Cumming fordert die schottischen Politiker auf, sich zur Wiederaufnahme zu verpflichten"},"content":{"rendered":"<p><strong><em>Die Verr\u00e4ter, X-Men und Avengers Star k\u00fcndigen seine Unterst\u00fctzung f\u00fcr seine 750.000 Follower auf Instagram f\u00fcr die Rewilding-Nation-Kampagne an<\/em><\/strong><\/p>\n<p>Die Verr\u00e4ter, X-Men und Avengers-Star Alan Cumming haben eine Kampagne unterst\u00fctzt, in der die schottische Regierung aufgefordert wurde, Schottland f\u00fcr die weltweit erste Umwildnation zu erkl\u00e4ren und sich dazu zu verpflichten, 30% des Landes und der Meere des Landes neu zu erziehen.<\/p>\n<p>Der gefeierte schottische Theater- und Filmschauspieler, der gerade seine Rolle als Mutant X-Man Nightcrawler im n\u00e4chsten Jahr in Avengers: Doomsday Movie, der neuesten Ausgabe des Blockbuster Marvel-Franchise, gedreht hat, hat einen Aufruf zur Action f\u00fcr seine 750.000 Instagram-Follower gepostet.<\/p>\n<p>Als Alan dar\u00fcber sprach, warum er die Kampagne unterst\u00fctzt, sagte er: \u201eSchottland k\u00f6nnte mehr W\u00e4lder, ges\u00fcndere Meere und \u00fcppige Wildtiere haben. Neuwilding ist, wie wir dies schaffen &#8211; das Gleichgewicht, die Hoffnung und die fantastische Gelegenheit dazu bringen, Arbeitspl\u00e4tze zu schaffen, neue F\u00e4higkeiten zu unterrichten und Menschen zusammenzubringen, um die Zukunft von Scotland zu achten.\u201c<\/p>\n<p>Die Kommentare kommen, da sich am 1. Oktober mehr als 100 Menschen aus ganz Schottland vor dem schottischen Parlament versammeln, um auf die Hindernisse aufmerksam zu machen, die die Wiederaufnahme zur\u00fcckhalten.<\/p>\n<p>30% der Schottland wieder aufzunehmen, k\u00f6nnen durch Wiederherstellung von Lebensr\u00e4umen wie Torfland, einheimische W\u00e4lder, Feuchtgebiete, Fl\u00fcsse und Meere erreicht werden, w\u00e4hrend sie produktives Ackerland unterhalten und zugute kommen, sagt die schottische Rewilding -Allianz.<\/p>\n<p>Umfragen zeigen, dass 80% der Schotten der Meinung sind, dass die schottische Regierung Richtlinien haben sollte, um die Wiederaufnahme zu unterst\u00fctzen.<\/p>\n<p>Steve Micklewright, Co-Convenor des schottischen Rewilding Alliance und Chief Executive von Charity Trees For Life, sagte: \u201eWir sind begeistert, dass Alan seine Stimme zu den wachsenden Fordern nach Schottland hinzugef\u00fcgt hat, um sich selbst als Wiederaufnahme von Nation zu erkennen.<\/p>\n<p>Schottland ist ein Rang eines der weltweit meist vom Naturversorgungsl\u00e4nder. Untersuchungen zeigen, dass intensive Landwirtschaft und Klimaabbau die gr\u00f6\u00dften Auswirkungen auf Lebensr\u00e4ume und Wildtiere haben, mit anderen Bedrohungen, einschlie\u00dflich nicht einheimischer Forstwirtschaft, Verschmutzung und eingef\u00fchrten Arten.<\/p>\n<p>Die schottische Rewilding -Allianz sagt, dass es zu einer erneuten Nation von Schottland erkl\u00e4rt wird, dass die Minister die nat\u00fcrliche Umwelt durch Gesetzgebung und Finanzierung wiederherstellen, um die Rewilding und die St\u00e4rkung lokaler Gemeinschaften zu erm\u00f6glichen.<\/p>\n<p>Der Rewilding Nation -Weg der Allianz umfasst Vorschl\u00e4ge, um die Natur zu dem Hauptzweck gesch\u00fctzter Landschaften und Meerescapes zu machen, wilde Zonen um Fl\u00fcsse und K\u00fcsten zu schaffen, die einheimische Walddecke zu verdoppeln, Torflanden zu restaurieren und Bagger- und Bottoms zu beschr\u00e4nken, die \u00fcber marinische Schutzgebiete hinweg schleppen.<\/p>\n<p>Die Vorschl\u00e4ge setzen sich f\u00fcr die entscheidende Rolle von Menschen und Gemeinden ein und beinhalten Ma\u00dfnahmen f\u00fcr die Zusammenarbeit mit Wildtieren, Unterst\u00fctzung f\u00fcr Landmanager und Landwirte sowie Investitionen in naturbasierte Volkswirtschaften, Arbeitspl\u00e4tze und F\u00e4higkeiten. Die Erholungsziele w\u00fcrden die Wiederherstellung der Lebensr\u00e4ume sicherstellen und die Artenh\u00e4ufigkeit und Vielfalt erh\u00f6hen. <\/p>\n<p>Die Rewilding Nation Charta auf www.rewild.scot\/charter, die die schottische Regierung aufforderte, Schottland als Rewilding Nation zu erkl\u00e4ren, wurde von Tausenden von Menschen unterzeichnet. Die Kampagne wurde von hochkar\u00e4tigen Namen wie Hollywood-Star Leonardo DiCaprio, Actor Brian Cox, S\u00e4nger Nathan Evans und Activist Laura Young, Less Laura) unterzeichnet.<\/p>\n<p>Einzelheiten zur Veranstaltung au\u00dferhalb des schottischen Parlaments am 1. Oktober finden Sie unter: https:\/\/bit.ly\/greenmeansgo2025 <\/p>\n<p><em>Fotokredit: Abernethy Forest, Cairngorms National Park, Schottland \u00a9 James Shooter; ScotlandbigPicture.com<\/em><\/p>\n","protected":false},"excerpt":{"rendered":"<p>Die Verr\u00e4ter, X-Men und Avengers Star k\u00fcndigen seine Unterst\u00fctzung f\u00fcr seine 750.000 Follower auf Instagram f\u00fcr die Rewilding-Nation-Kampagne an Die Verr\u00e4ter, X-Men und Avengers-Star Alan<\/p>\n","protected":false},"author":1,"featured_media":8006,"comment_status":"closed","ping_status":"","sticky":false,"template":"","format":"standard","meta":{"footnotes":""},"categories":[101],"tags":[10009,46,10372,9,1072,10373,332,142,10375,10374,99],"class_list":["post-8005","post","type-post","status-publish","format-standard","has-post-thumbnail","hentry","category-oekologie","tag-alan","tag-auf","tag-cumming","tag-die","tag-fordert","tag-politiker","tag-schottischen","tag-sich","tag-verpflichten","tag-wiederaufnahme","tag-zur","generate-columns","tablet-grid-50","mobile-grid-100","grid-parent","grid-50"],"yoast_head":"<!-- This site is optimized with the Yoast SEO plugin v27.3 - https:\/\/yoast.com\/product\/yoast-seo-wordpress\/ -->\n<title>Alan Cumming fordert die schottischen Politiker auf, sich zur Wiederaufnahme zu verpflichten - Nachrichten - Stra\u00dfenweb<\/title>\n<meta name=\"robots\" content=\"index, follow, max-snippet:-1, max-image-preview:large, max-video-preview:-1\" \/>\n<link rel=\"canonical\" href=\"https:\/\/www.strassenweb.de\/nachrichten\/alan-cumming-fordert-die-schottischen-politiker-auf-sich-zur-wiederaufnahme-zu-verpflichten\/\" \/>\n<meta property=\"og:locale\" content=\"de_DE\" \/>\n<meta property=\"og:type\" content=\"article\" \/>\n<meta property=\"og:title\" content=\"Alan Cumming fordert die schottischen Politiker auf, sich zur Wiederaufnahme zu verpflichten - Nachrichten - Stra\u00dfenweb\" \/>\n<meta property=\"og:description\" content=\"Die Verr\u00e4ter, X-Men und Avengers Star k\u00fcndigen seine Unterst\u00fctzung f\u00fcr seine 750.000 Follower auf Instagram f\u00fcr die Rewilding-Nation-Kampagne an Die Verr\u00e4ter, X-Men und Avengers-Star Alan\" \/>\n<meta property=\"og:url\" content=\"https:\/\/www.strassenweb.de\/nachrichten\/alan-cumming-fordert-die-schottischen-politiker-auf-sich-zur-wiederaufnahme-zu-verpflichten\/\" \/>\n<meta property=\"og:site_name\" content=\"Stra\u00dfenweb\" \/>\n<meta property=\"article:publisher\" content=\"https:\/\/www.facebook.com\/strassenweb\/\" \/>\n<meta property=\"article:published_time\" content=\"2025-09-26T12:39:26+00:00\" \/>\n<meta property=\"article:modified_time\" content=\"2025-09-26T12:39:27+00:00\" \/>\n<meta property=\"og:image\" content=\"https:\/\/www.strassenweb.de\/nachrichten\/wp-content\/uploads\/2025\/09\/Alan-Cumming-fordert-die-schottischen-Politiker-auf-sich-zur-Wiederaufnahme.jpg\" \/>\n\t<meta property=\"og:image:width\" content=\"900\" \/>\n\t<meta property=\"og:image:height\" content=\"600\" \/>\n\t<meta property=\"og:image:type\" content=\"image\/jpeg\" \/>\n<meta name=\"author\" content=\"Robert Hoffmann\" \/>\n<meta name=\"twitter:card\" content=\"summary_large_image\" \/>\n<meta name=\"twitter:label1\" content=\"Verfasst von\" \/>\n\t<meta name=\"twitter:data1\" content=\"Robert Hoffmann\" \/>\n\t<meta name=\"twitter:label2\" content=\"Gesch\u00e4tzte Lesezeit\" \/>\n\t<meta name=\"twitter:data2\" content=\"3\u00a0Minuten\" \/>\n<script type=\"application\/ld+json\" class=\"yoast-schema-graph\">{\"@context\":\"https:\\\/\\\/schema.org\",\"@graph\":[{\"@type\":\"Article\",\"@id\":\"https:\\\/\\\/www.strassenweb.de\\\/nachrichten\\\/alan-cumming-fordert-die-schottischen-politiker-auf-sich-zur-wiederaufnahme-zu-verpflichten\\\/#article\",\"isPartOf\":{\"@id\":\"https:\\\/\\\/www.strassenweb.de\\\/nachrichten\\\/alan-cumming-fordert-die-schottischen-politiker-auf-sich-zur-wiederaufnahme-zu-verpflichten\\\/\"},\"author\":{\"name\":\"Robert Hoffmann\",\"@id\":\"https:\\\/\\\/www.strassenweb.de\\\/nachrichten\\\/#\\\/schema\\\/person\\\/87c9c9067f1211da429a744dc5a5aa41\"},\"headline\":\"Alan Cumming fordert die schottischen Politiker auf, sich zur Wiederaufnahme zu verpflichten\",\"datePublished\":\"2025-09-26T12:39:26+00:00\",\"dateModified\":\"2025-09-26T12:39:27+00:00\",\"mainEntityOfPage\":{\"@id\":\"https:\\\/\\\/www.strassenweb.de\\\/nachrichten\\\/alan-cumming-fordert-die-schottischen-politiker-auf-sich-zur-wiederaufnahme-zu-verpflichten\\\/\"},\"wordCount\":585,\"publisher\":{\"@id\":\"https:\\\/\\\/www.strassenweb.de\\\/nachrichten\\\/#organization\"},\"image\":{\"@id\":\"https:\\\/\\\/www.strassenweb.de\\\/nachrichten\\\/alan-cumming-fordert-die-schottischen-politiker-auf-sich-zur-wiederaufnahme-zu-verpflichten\\\/#primaryimage\"},\"thumbnailUrl\":\"https:\\\/\\\/www.strassenweb.de\\\/nachrichten\\\/wp-content\\\/uploads\\\/2025\\\/09\\\/Alan-Cumming-fordert-die-schottischen-Politiker-auf-sich-zur-Wiederaufnahme.jpg\",\"keywords\":[\"Alan\",\"auf\",\"Cumming\",\"die\",\"fordert\",\"Politiker\",\"schottischen\",\"sich\",\"verpflichten\",\"Wiederaufnahme\",\"zur\"],\"articleSection\":[\"\u00d6kologie\"],\"inLanguage\":\"de\"},{\"@type\":\"WebPage\",\"@id\":\"https:\\\/\\\/www.strassenweb.de\\\/nachrichten\\\/alan-cumming-fordert-die-schottischen-politiker-auf-sich-zur-wiederaufnahme-zu-verpflichten\\\/\",\"url\":\"https:\\\/\\\/www.strassenweb.de\\\/nachrichten\\\/alan-cumming-fordert-die-schottischen-politiker-auf-sich-zur-wiederaufnahme-zu-verpflichten\\\/\",\"name\":\"Alan Cumming fordert die schottischen Politiker auf, sich zur Wiederaufnahme zu verpflichten - Nachrichten - Stra\u00dfenweb\",\"isPartOf\":{\"@id\":\"https:\\\/\\\/www.strassenweb.de\\\/nachrichten\\\/#website\"},\"primaryImageOfPage\":{\"@id\":\"https:\\\/\\\/www.strassenweb.de\\\/nachrichten\\\/alan-cumming-fordert-die-schottischen-politiker-auf-sich-zur-wiederaufnahme-zu-verpflichten\\\/#primaryimage\"},\"image\":{\"@id\":\"https:\\\/\\\/www.strassenweb.de\\\/nachrichten\\\/alan-cumming-fordert-die-schottischen-politiker-auf-sich-zur-wiederaufnahme-zu-verpflichten\\\/#primaryimage\"},\"thumbnailUrl\":\"https:\\\/\\\/www.strassenweb.de\\\/nachrichten\\\/wp-content\\\/uploads\\\/2025\\\/09\\\/Alan-Cumming-fordert-die-schottischen-Politiker-auf-sich-zur-Wiederaufnahme.jpg\",\"datePublished\":\"2025-09-26T12:39:26+00:00\",\"dateModified\":\"2025-09-26T12:39:27+00:00\",\"breadcrumb\":{\"@id\":\"https:\\\/\\\/www.strassenweb.de\\\/nachrichten\\\/alan-cumming-fordert-die-schottischen-politiker-auf-sich-zur-wiederaufnahme-zu-verpflichten\\\/#breadcrumb\"},\"inLanguage\":\"de\",\"potentialAction\":[{\"@type\":\"ReadAction\",\"target\":[\"https:\\\/\\\/www.strassenweb.de\\\/nachrichten\\\/alan-cumming-fordert-die-schottischen-politiker-auf-sich-zur-wiederaufnahme-zu-verpflichten\\\/\"]}]},{\"@type\":\"ImageObject\",\"inLanguage\":\"de\",\"@id\":\"https:\\\/\\\/www.strassenweb.de\\\/nachrichten\\\/alan-cumming-fordert-die-schottischen-politiker-auf-sich-zur-wiederaufnahme-zu-verpflichten\\\/#primaryimage\",\"url\":\"https:\\\/\\\/www.strassenweb.de\\\/nachrichten\\\/wp-content\\\/uploads\\\/2025\\\/09\\\/Alan-Cumming-fordert-die-schottischen-Politiker-auf-sich-zur-Wiederaufnahme.jpg\",\"contentUrl\":\"https:\\\/\\\/www.strassenweb.de\\\/nachrichten\\\/wp-content\\\/uploads\\\/2025\\\/09\\\/Alan-Cumming-fordert-die-schottischen-Politiker-auf-sich-zur-Wiederaufnahme.jpg\",\"width\":900,\"height\":600,\"caption\":\"Alan Cumming calls on Scottish politicians to commit to rewilding\"},{\"@type\":\"BreadcrumbList\",\"@id\":\"https:\\\/\\\/www.strassenweb.de\\\/nachrichten\\\/alan-cumming-fordert-die-schottischen-politiker-auf-sich-zur-wiederaufnahme-zu-verpflichten\\\/#breadcrumb\",\"itemListElement\":[{\"@type\":\"ListItem\",\"position\":1,\"name\":\"Home\",\"item\":\"https:\\\/\\\/www.strassenweb.de\\\/nachrichten\\\/\"},{\"@type\":\"ListItem\",\"position\":2,\"name\":\"Alan Cumming fordert die schottischen Politiker auf, sich zur Wiederaufnahme zu verpflichten\"}]},{\"@type\":\"WebSite\",\"@id\":\"https:\\\/\\\/www.strassenweb.de\\\/nachrichten\\\/#website\",\"url\":\"https:\\\/\\\/www.strassenweb.de\\\/nachrichten\\\/\",\"name\":\"Stra\u00dfenweb\",\"description\":\"Stra\u00dfenverzeichnis f\u00fcr Deutschland\",\"publisher\":{\"@id\":\"https:\\\/\\\/www.strassenweb.de\\\/nachrichten\\\/#organization\"},\"potentialAction\":[{\"@type\":\"SearchAction\",\"target\":{\"@type\":\"EntryPoint\",\"urlTemplate\":\"https:\\\/\\\/www.strassenweb.de\\\/nachrichten\\\/?s={search_term_string}\"},\"query-input\":{\"@type\":\"PropertyValueSpecification\",\"valueRequired\":true,\"valueName\":\"search_term_string\"}}],\"inLanguage\":\"de\"},{\"@type\":\"Organization\",\"@id\":\"https:\\\/\\\/www.strassenweb.de\\\/nachrichten\\\/#organization\",\"name\":\"Stra\u00dfenweb\",\"url\":\"https:\\\/\\\/www.strassenweb.de\\\/nachrichten\\\/\",\"logo\":{\"@type\":\"ImageObject\",\"inLanguage\":\"de\",\"@id\":\"https:\\\/\\\/www.strassenweb.de\\\/nachrichten\\\/#\\\/schema\\\/logo\\\/image\\\/\",\"url\":\"https:\\\/\\\/www.strassenweb.de\\\/nachrichten\\\/wp-content\\\/uploads\\\/2024\\\/09\\\/cropped-favicon.png\",\"contentUrl\":\"https:\\\/\\\/www.strassenweb.de\\\/nachrichten\\\/wp-content\\\/uploads\\\/2024\\\/09\\\/cropped-favicon.png\",\"width\":512,\"height\":512,\"caption\":\"Stra\u00dfenweb\"},\"image\":{\"@id\":\"https:\\\/\\\/www.strassenweb.de\\\/nachrichten\\\/#\\\/schema\\\/logo\\\/image\\\/\"},\"sameAs\":[\"https:\\\/\\\/www.facebook.com\\\/strassenweb\\\/\"]},{\"@type\":\"Person\",\"@id\":\"https:\\\/\\\/www.strassenweb.de\\\/nachrichten\\\/#\\\/schema\\\/person\\\/87c9c9067f1211da429a744dc5a5aa41\",\"name\":\"Robert Hoffmann\",\"image\":{\"@type\":\"ImageObject\",\"inLanguage\":\"de\",\"@id\":\"https:\\\/\\\/www.strassenweb.de\\\/nachrichten\\\/wp-content\\\/uploads\\\/2024\\\/09\\\/strassenweb-150x150.jpg\",\"url\":\"https:\\\/\\\/www.strassenweb.de\\\/nachrichten\\\/wp-content\\\/uploads\\\/2024\\\/09\\\/strassenweb-150x150.jpg\",\"contentUrl\":\"https:\\\/\\\/www.strassenweb.de\\\/nachrichten\\\/wp-content\\\/uploads\\\/2024\\\/09\\\/strassenweb-150x150.jpg\",\"caption\":\"Robert Hoffmann\"},\"description\":\"Ich hei\u00dfe Robert Hoffmann und ich bin ein leidenschaftlicher Verfechter von \u00d6kologie und Biodiversit\u00e4t. Seit meiner Kindheit in den W\u00e4ldern Bayerns f\u00fchle ich mich mit der Natur verbunden und bin entschlossen, sie zu sch\u00fctzen. Heute widme ich mein Leben der Sensibilisierung anderer f\u00fcr die Bedeutung des Umweltschutzes f\u00fcr zuk\u00fcnftige Generationen.\",\"sameAs\":[\"https:\\\/\\\/www.strassenweb.de\\\/\"]}]}<\/script>\n<!-- \/ Yoast SEO plugin. -->","yoast_head_json":{"title":"Alan Cumming fordert die schottischen Politiker auf, sich zur Wiederaufnahme zu verpflichten - Nachrichten - Stra\u00dfenweb","robots":{"index":"index","follow":"follow","max-snippet":"max-snippet:-1","max-image-preview":"max-image-preview:large","max-video-preview":"max-video-preview:-1"},"canonical":"https:\/\/www.strassenweb.de\/nachrichten\/alan-cumming-fordert-die-schottischen-politiker-auf-sich-zur-wiederaufnahme-zu-verpflichten\/","og_locale":"de_DE","og_type":"article","og_title":"Alan Cumming fordert die schottischen Politiker auf, sich zur Wiederaufnahme zu verpflichten - Nachrichten - Stra\u00dfenweb","og_description":"Die Verr\u00e4ter, X-Men und Avengers Star k\u00fcndigen seine Unterst\u00fctzung f\u00fcr seine 750.000 Follower auf Instagram f\u00fcr die Rewilding-Nation-Kampagne an Die Verr\u00e4ter, X-Men und Avengers-Star Alan","og_url":"https:\/\/www.strassenweb.de\/nachrichten\/alan-cumming-fordert-die-schottischen-politiker-auf-sich-zur-wiederaufnahme-zu-verpflichten\/","og_site_name":"Stra\u00dfenweb","article_publisher":"https:\/\/www.facebook.com\/strassenweb\/","article_published_time":"2025-09-26T12:39:26+00:00","article_modified_time":"2025-09-26T12:39:27+00:00","og_image":[{"width":900,"height":600,"url":"https:\/\/www.strassenweb.de\/nachrichten\/wp-content\/uploads\/2025\/09\/Alan-Cumming-fordert-die-schottischen-Politiker-auf-sich-zur-Wiederaufnahme.jpg","type":"image\/jpeg"}],"author":"Robert Hoffmann","twitter_card":"summary_large_image","twitter_misc":{"Verfasst von":"Robert Hoffmann","Gesch\u00e4tzte Lesezeit":"3\u00a0Minuten"},"schema":{"@context":"https:\/\/schema.org","@graph":[{"@type":"Article","@id":"https:\/\/www.strassenweb.de\/nachrichten\/alan-cumming-fordert-die-schottischen-politiker-auf-sich-zur-wiederaufnahme-zu-verpflichten\/#article","isPartOf":{"@id":"https:\/\/www.strassenweb.de\/nachrichten\/alan-cumming-fordert-die-schottischen-politiker-auf-sich-zur-wiederaufnahme-zu-verpflichten\/"},"author":{"name":"Robert Hoffmann","@id":"https:\/\/www.strassenweb.de\/nachrichten\/#\/schema\/person\/87c9c9067f1211da429a744dc5a5aa41"},"headline":"Alan Cumming fordert die schottischen Politiker auf, sich zur Wiederaufnahme zu verpflichten","datePublished":"2025-09-26T12:39:26+00:00","dateModified":"2025-09-26T12:39:27+00:00","mainEntityOfPage":{"@id":"https:\/\/www.strassenweb.de\/nachrichten\/alan-cumming-fordert-die-schottischen-politiker-auf-sich-zur-wiederaufnahme-zu-verpflichten\/"},"wordCount":585,"publisher":{"@id":"https:\/\/www.strassenweb.de\/nachrichten\/#organization"},"image":{"@id":"https:\/\/www.strassenweb.de\/nachrichten\/alan-cumming-fordert-die-schottischen-politiker-auf-sich-zur-wiederaufnahme-zu-verpflichten\/#primaryimage"},"thumbnailUrl":"https:\/\/www.strassenweb.de\/nachrichten\/wp-content\/uploads\/2025\/09\/Alan-Cumming-fordert-die-schottischen-Politiker-auf-sich-zur-Wiederaufnahme.jpg","keywords":["Alan","auf","Cumming","die","fordert","Politiker","schottischen","sich","verpflichten","Wiederaufnahme","zur"],"articleSection":["\u00d6kologie"],"inLanguage":"de"},{"@type":"WebPage","@id":"https:\/\/www.strassenweb.de\/nachrichten\/alan-cumming-fordert-die-schottischen-politiker-auf-sich-zur-wiederaufnahme-zu-verpflichten\/","url":"https:\/\/www.strassenweb.de\/nachrichten\/alan-cumming-fordert-die-schottischen-politiker-auf-sich-zur-wiederaufnahme-zu-verpflichten\/","name":"Alan Cumming fordert die schottischen Politiker auf, sich zur Wiederaufnahme zu verpflichten - Nachrichten - Stra\u00dfenweb","isPartOf":{"@id":"https:\/\/www.strassenweb.de\/nachrichten\/#website"},"primaryImageOfPage":{"@id":"https:\/\/www.strassenweb.de\/nachrichten\/alan-cumming-fordert-die-schottischen-politiker-auf-sich-zur-wiederaufnahme-zu-verpflichten\/#primaryimage"},"image":{"@id":"https:\/\/www.strassenweb.de\/nachrichten\/alan-cumming-fordert-die-schottischen-politiker-auf-sich-zur-wiederaufnahme-zu-verpflichten\/#primaryimage"},"thumbnailUrl":"https:\/\/www.strassenweb.de\/nachrichten\/wp-content\/uploads\/2025\/09\/Alan-Cumming-fordert-die-schottischen-Politiker-auf-sich-zur-Wiederaufnahme.jpg","datePublished":"2025-09-26T12:39:26+00:00","dateModified":"2025-09-26T12:39:27+00:00","breadcrumb":{"@id":"https:\/\/www.strassenweb.de\/nachrichten\/alan-cumming-fordert-die-schottischen-politiker-auf-sich-zur-wiederaufnahme-zu-verpflichten\/#breadcrumb"},"inLanguage":"de","potentialAction":[{"@type":"ReadAction","target":["https:\/\/www.strassenweb.de\/nachrichten\/alan-cumming-fordert-die-schottischen-politiker-auf-sich-zur-wiederaufnahme-zu-verpflichten\/"]}]},{"@type":"ImageObject","inLanguage":"de","@id":"https:\/\/www.strassenweb.de\/nachrichten\/alan-cumming-fordert-die-schottischen-politiker-auf-sich-zur-wiederaufnahme-zu-verpflichten\/#primaryimage","url":"https:\/\/www.strassenweb.de\/nachrichten\/wp-content\/uploads\/2025\/09\/Alan-Cumming-fordert-die-schottischen-Politiker-auf-sich-zur-Wiederaufnahme.jpg","contentUrl":"https:\/\/www.strassenweb.de\/nachrichten\/wp-content\/uploads\/2025\/09\/Alan-Cumming-fordert-die-schottischen-Politiker-auf-sich-zur-Wiederaufnahme.jpg","width":900,"height":600,"caption":"Alan Cumming calls on Scottish politicians to commit to rewilding"},{"@type":"BreadcrumbList","@id":"https:\/\/www.strassenweb.de\/nachrichten\/alan-cumming-fordert-die-schottischen-politiker-auf-sich-zur-wiederaufnahme-zu-verpflichten\/#breadcrumb","itemListElement":[{"@type":"ListItem","position":1,"name":"Home","item":"https:\/\/www.strassenweb.de\/nachrichten\/"},{"@type":"ListItem","position":2,"name":"Alan Cumming fordert die schottischen Politiker auf, sich zur Wiederaufnahme zu verpflichten"}]},{"@type":"WebSite","@id":"https:\/\/www.strassenweb.de\/nachrichten\/#website","url":"https:\/\/www.strassenweb.de\/nachrichten\/","name":"Stra\u00dfenweb","description":"Stra\u00dfenverzeichnis f\u00fcr Deutschland","publisher":{"@id":"https:\/\/www.strassenweb.de\/nachrichten\/#organization"},"potentialAction":[{"@type":"SearchAction","target":{"@type":"EntryPoint","urlTemplate":"https:\/\/www.strassenweb.de\/nachrichten\/?s={search_term_string}"},"query-input":{"@type":"PropertyValueSpecification","valueRequired":true,"valueName":"search_term_string"}}],"inLanguage":"de"},{"@type":"Organization","@id":"https:\/\/www.strassenweb.de\/nachrichten\/#organization","name":"Stra\u00dfenweb","url":"https:\/\/www.strassenweb.de\/nachrichten\/","logo":{"@type":"ImageObject","inLanguage":"de","@id":"https:\/\/www.strassenweb.de\/nachrichten\/#\/schema\/logo\/image\/","url":"https:\/\/www.strassenweb.de\/nachrichten\/wp-content\/uploads\/2024\/09\/cropped-favicon.png","contentUrl":"https:\/\/www.strassenweb.de\/nachrichten\/wp-content\/uploads\/2024\/09\/cropped-favicon.png","width":512,"height":512,"caption":"Stra\u00dfenweb"},"image":{"@id":"https:\/\/www.strassenweb.de\/nachrichten\/#\/schema\/logo\/image\/"},"sameAs":["https:\/\/www.facebook.com\/strassenweb\/"]},{"@type":"Person","@id":"https:\/\/www.strassenweb.de\/nachrichten\/#\/schema\/person\/87c9c9067f1211da429a744dc5a5aa41","name":"Robert Hoffmann","image":{"@type":"ImageObject","inLanguage":"de","@id":"https:\/\/www.strassenweb.de\/nachrichten\/wp-content\/uploads\/2024\/09\/strassenweb-150x150.jpg","url":"https:\/\/www.strassenweb.de\/nachrichten\/wp-content\/uploads\/2024\/09\/strassenweb-150x150.jpg","contentUrl":"https:\/\/www.strassenweb.de\/nachrichten\/wp-content\/uploads\/2024\/09\/strassenweb-150x150.jpg","caption":"Robert Hoffmann"},"description":"Ich hei\u00dfe Robert Hoffmann und ich bin ein leidenschaftlicher Verfechter von \u00d6kologie und Biodiversit\u00e4t. Seit meiner Kindheit in den W\u00e4ldern Bayerns f\u00fchle ich mich mit der Natur verbunden und bin entschlossen, sie zu sch\u00fctzen. Heute widme ich mein Leben der Sensibilisierung anderer f\u00fcr die Bedeutung des Umweltschutzes f\u00fcr zuk\u00fcnftige Generationen.","sameAs":["https:\/\/www.strassenweb.de\/"]}]}},"_links":{"self":[{"href":"https:\/\/www.strassenweb.de\/nachrichten\/wp-json\/wp\/v2\/posts\/8005","targetHints":{"allow":["GET"]}}],"collection":[{"href":"https:\/\/www.strassenweb.de\/nachrichten\/wp-json\/wp\/v2\/posts"}],"about":[{"href":"https:\/\/www.strassenweb.de\/nachrichten\/wp-json\/wp\/v2\/types\/post"}],"author":[{"embeddable":true,"href":"https:\/\/www.strassenweb.de\/nachrichten\/wp-json\/wp\/v2\/users\/1"}],"replies":[{"embeddable":true,"href":"https:\/\/www.strassenweb.de\/nachrichten\/wp-json\/wp\/v2\/comments?post=8005"}],"version-history":[{"count":0,"href":"https:\/\/www.strassenweb.de\/nachrichten\/wp-json\/wp\/v2\/posts\/8005\/revisions"}],"wp:featuredmedia":[{"embeddable":true,"href":"https:\/\/www.strassenweb.de\/nachrichten\/wp-json\/wp\/v2\/media\/8006"}],"wp:attachment":[{"href":"https:\/\/www.strassenweb.de\/nachrichten\/wp-json\/wp\/v2\/media?parent=8005"}],"wp:term":[{"taxonomy":"category","embeddable":true,"href":"https:\/\/www.strassenweb.de\/nachrichten\/wp-json\/wp\/v2\/categories?post=8005"},{"taxonomy":"post_tag","embeddable":true,"href":"https:\/\/www.strassenweb.de\/nachrichten\/wp-json\/wp\/v2\/tags?post=8005"}],"curies":[{"name":"wp","href":"https:\/\/api.w.org\/{rel}","templated":true}]}}